{"id":99926,"date":"2018-07-07T23:07:42","date_gmt":"2018-07-07T23:07:42","guid":{"rendered":"http:\/\/candas365.es\/noticias\/?p=99926"},"modified":"2018-07-07T23:07:42","modified_gmt":"2018-07-07T23:07:42","slug":"bailarines-y-boxeadores-comparten-escenario-en-el-festival-de-hannover","status":"publish","type":"post","link":"https:\/\/candas365.es\/noticias\/bailarines-y-boxeadores-comparten-escenario-en-el-festival-de-hannover\/","title":{"rendered":"Bailarines y boxeadores comparten escenario en el festival de Hannover"},"content":{"rendered":"<p><img fetchpriority=\"high\" decoding=\"async\" class=\"alignleft size-medium wp-image-98260\" src=\"https:\/\/candas365.es\/noticias\/wp-content\/uploads\/2018\/06\/ballet-335493_960_720-360x241.jpg\" alt=\"\" width=\"360\" height=\"241\" srcset=\"https:\/\/candas365.es\/noticias\/wp-content\/uploads\/2018\/06\/ballet-335493_960_720-360x241.jpg 360w, https:\/\/candas365.es\/noticias\/wp-content\/uploads\/2018\/06\/ballet-335493_960_720-768x514.jpg 768w, https:\/\/candas365.es\/noticias\/wp-content\/uploads\/2018\/06\/ballet-335493_960_720-655x438.jpg 655w, https:\/\/candas365.es\/noticias\/wp-content\/uploads\/2018\/06\/ballet-335493_960_720-696x465.jpg 696w, https:\/\/candas365.es\/noticias\/wp-content\/uploads\/2018\/06\/ballet-335493_960_720-628x420.jpg 628w, https:\/\/candas365.es\/noticias\/wp-content\/uploads\/2018\/06\/ballet-335493_960_720.jpg 960w\" sizes=\"(max-width: 360px) 100vw, 360px\" \/>Hannover, 7 jul (dpa) &#8211; Hip-hop y bailarines que suben al ring con boxeadores forman parte del programa de la pr\u00f3xima edici\u00f3n del festival \u00abTanzteather Internacional\u00bb de Hannover, inform\u00f3 una portavoz del evento en la capital del estado federado alem\u00e1n de Baja Sajonia.<\/p>\n<p>\u00abQueremos mostrar las \u00faltimas tendencias de la danza contempor\u00e1nea y sus numerosos y diversos lenguajes de movimiento\u00bb, se\u00f1al\u00f3.<\/p>\n<p>Seg\u00fan la fuente, una de estas tendencias se manifiesta en varios core\u00f3grafos que ya incorporan elementos de hip-hop en sus presentaciones, entre ellos el neoyorquino Kyle Abraham, que estar\u00e1 presente por segunda vez en el festival de Hannover.<\/p>\n<p>Numerosos core\u00f3grafos buscan adem\u00e1s nuevos recursos estil\u00edsticos, coment\u00f3 la portavoz del evento. En este sentido, el festival contar\u00e1 con la participaci\u00f3n de los core\u00f3grafos Koen Augustijnen y Rosalba Torres Guerrero. Su compa\u00f1\u00eda act\u00faa junto a boxeadores profesionales sobre el ring, donde los bailarines y deportistas se dan a la b\u00fasqueda de similitudes y diferencias.<\/p>\n<p>Por su parte, las bailarinas japonesas Minako Seki y Yumiko Yoshioka combinan en su danza las tradiciones asi\u00e1ticas y europeas. El programa incluye asimismo la presentaci\u00f3n de la compa\u00f1\u00eda Shechter II, del core\u00f3grafo israel\u00ed Hofesh Shechter.<\/p>\n<p>El festival internacional de danza de Hannover se extiende desde el 30 de agosto hasta el 8 de septiembre.<\/p>\n","protected":false},"excerpt":{"rendered":"<p>Hannover, 7 jul (dpa) &#8211; Hip-hop y bailarines que suben al ring con boxeadores forman parte del programa de la pr\u00f3xima edici\u00f3n del festival \u00abTanzteather Internacional\u00bb de Hannover, inform\u00f3 una portavoz del evento en la capital del estado federado alem\u00e1n de Baja Sajonia. \u00abQueremos mostrar las \u00faltimas tendencias de la danza contempor\u00e1nea y sus numerosos<\/p>\n","protected":false},"author":1,"featured_media":98260,"comment_status":"closed","ping_status":"closed","sticky":false,"template":"","format":"standard","meta":{"footnotes":""},"categories":[142],"tags":[],"class_list":{"0":"post-99926","1":"post","2":"type-post","3":"status-publish","4":"format-standard","5":"has-post-thumbnail","7":"category-revista"},"aioseo_notices":[],"aioseo_head":"\n\t\t<!-- All in One SEO Pro 4.9.6.2 - aioseo.com -->\n\t<meta name=\"description\" content=\"Hannover, 7 jul (dpa) - Hip-hop y bailarines que suben al ring con boxeadores forman parte del programa de la pr\u00f3xima edici\u00f3n del festival &quot;Tanzteather Internacional&quot; de Hannover, inform\u00f3 una portavoz del evento en la capital del estado federado alem\u00e1n de Baja Sajonia. &quot;Queremos mostrar las \u00faltimas tendencias de la danza contempor\u00e1nea y sus numerosos\" \/>\n\t<meta name=\"robots\" content=\"max-image-preview:large\" \/>\n\t<meta name=\"author\" content=\"Cand\u00e1s 365\"\/>\n\t<meta name=\"google-site-verification\" content=\"UA-32230408-1\" \/>\n\t<meta name=\"msvalidate.01\" content=\"354F3CDFB2DA171B47FBE9ABF1F88D5\" \/>\n\t<meta name=\"keywords\" content=\"revista\" \/>\n\t<link rel=\"canonical\" href=\"https:\/\/candas365.es\/noticias\/bailarines-y-boxeadores-comparten-escenario-en-el-festival-de-hannover\/\" \/>\n\t<meta name=\"generator\" content=\"All in One SEO Pro (AIOSEO) 4.9.6.2\" \/>\n\t\t<meta property=\"og:locale\" content=\"es_ES\" \/>\n\t\t<meta property=\"og:site_name\" content=\"Cand\u00e1s 365\" \/>\n\t\t<meta property=\"og:type\" content=\"article\" \/>\n\t\t<meta property=\"og:title\" content=\"Bailarines y boxeadores comparten escenario en el festival de Hannover | Cand\u00e1s 365\" \/>\n\t\t<meta property=\"og:description\" content=\"Hannover, 7 jul (dpa) - Hip-hop y bailarines que suben al ring con boxeadores forman parte del programa de la pr\u00f3xima edici\u00f3n del festival &quot;Tanzteather Internacional&quot; de Hannover, inform\u00f3 una portavoz del evento en la capital del estado federado alem\u00e1n de Baja Sajonia. &quot;Queremos mostrar las \u00faltimas tendencias de la danza contempor\u00e1nea y sus numerosos\" \/>\n\t\t<meta property=\"og:url\" content=\"https:\/\/candas365.es\/noticias\/bailarines-y-boxeadores-comparten-escenario-en-el-festival-de-hannover\/\" \/>\n\t\t<meta property=\"og:image\" content=\"https:\/\/candas365.es\/noticias\/wp-content\/uploads\/2018\/06\/ballet-335493_960_720.jpg\" \/>\n\t\t<meta property=\"og:image:secure_url\" content=\"https:\/\/candas365.es\/noticias\/wp-content\/uploads\/2018\/06\/ballet-335493_960_720.jpg\" \/>\n\t\t<meta property=\"og:image:width\" content=\"960\" \/>\n\t\t<meta property=\"og:image:height\" content=\"642\" \/>\n\t\t<meta property=\"article:published_time\" content=\"2018-07-07T23:07:42+00:00\" \/>\n\t\t<meta property=\"article:modified_time\" content=\"2018-07-07T23:07:42+00:00\" \/>\n\t\t<meta property=\"article:publisher\" content=\"https:\/\/www.facebook.com\/Nachofdezber\" \/>\n\t\t<meta property=\"article:author\" content=\"https:\/\/www.facebook.com\/carrenoactualidad\" \/>\n\t\t<meta name=\"twitter:card\" content=\"summary_large_image\" \/>\n\t\t<meta name=\"twitter:site\" content=\"@NabercoDigital\" \/>\n\t\t<meta name=\"twitter:title\" content=\"Bailarines y boxeadores comparten escenario en el festival de Hannover | Cand\u00e1s 365\" \/>\n\t\t<meta name=\"twitter:description\" content=\"Hannover, 7 jul (dpa) - Hip-hop y bailarines que suben al ring con boxeadores forman parte del programa de la pr\u00f3xima edici\u00f3n del festival &quot;Tanzteather Internacional&quot; de Hannover, inform\u00f3 una portavoz del evento en la capital del estado federado alem\u00e1n de Baja Sajonia. &quot;Queremos mostrar las \u00faltimas tendencias de la danza contempor\u00e1nea y sus numerosos\" \/>\n\t\t<meta name=\"twitter:creator\" content=\"@nbasturias\" \/>\n\t\t<meta name=\"twitter:image\" content=\"https:\/\/candas365.es\/noticias\/wp-content\/uploads\/2018\/06\/ballet-335493_960_720.jpg\" \/>\n\t\t<meta name=\"twitter:label1\" content=\"Escrito por\" \/>\n\t\t<meta name=\"twitter:data1\" content=\"Cand\u00e1s 365\" \/>\n\t\t<meta name=\"twitter:label2\" content=\"Tiempo de lectura estimado\" \/>\n\t\t<meta name=\"twitter:data2\" content=\"1 minuto\" \/>\n\t\t<script type=\"application\/ld+json\" class=\"aioseo-schema\">\n\t\t\t{\"@context\":\"https:\\\/\\\/schema.org\",\"@graph\":[{\"@type\":\"BreadcrumbList\",\"@id\":\"https:\\\/\\\/candas365.es\\\/noticias\\\/bailarines-y-boxeadores-comparten-escenario-en-el-festival-de-hannover\\\/#breadcrumblist\",\"itemListElement\":[{\"@type\":\"ListItem\",\"@id\":\"https:\\\/\\\/candas365.es\\\/noticias#listItem\",\"position\":1,\"name\":\"Home\",\"item\":\"https:\\\/\\\/candas365.es\\\/noticias\",\"nextItem\":{\"@type\":\"ListItem\",\"@id\":\"https:\\\/\\\/candas365.es\\\/noticias\\\/category\\\/revista\\\/#listItem\",\"name\":\"Revista\"}},{\"@type\":\"ListItem\",\"@id\":\"https:\\\/\\\/candas365.es\\\/noticias\\\/category\\\/revista\\\/#listItem\",\"position\":2,\"name\":\"Revista\",\"item\":\"https:\\\/\\\/candas365.es\\\/noticias\\\/category\\\/revista\\\/\",\"nextItem\":{\"@type\":\"ListItem\",\"@id\":\"https:\\\/\\\/candas365.es\\\/noticias\\\/bailarines-y-boxeadores-comparten-escenario-en-el-festival-de-hannover\\\/#listItem\",\"name\":\"Bailarines y boxeadores comparten escenario en el festival de Hannover\"},\"previousItem\":{\"@type\":\"ListItem\",\"@id\":\"https:\\\/\\\/candas365.es\\\/noticias#listItem\",\"name\":\"Home\"}},{\"@type\":\"ListItem\",\"@id\":\"https:\\\/\\\/candas365.es\\\/noticias\\\/bailarines-y-boxeadores-comparten-escenario-en-el-festival-de-hannover\\\/#listItem\",\"position\":3,\"name\":\"Bailarines y boxeadores comparten escenario en el festival de Hannover\",\"previousItem\":{\"@type\":\"ListItem\",\"@id\":\"https:\\\/\\\/candas365.es\\\/noticias\\\/category\\\/revista\\\/#listItem\",\"name\":\"Revista\"}}]},{\"@type\":\"NewsArticle\",\"@id\":\"https:\\\/\\\/candas365.es\\\/noticias\\\/bailarines-y-boxeadores-comparten-escenario-en-el-festival-de-hannover\\\/#newsarticle\",\"name\":\"Bailarines y boxeadores comparten escenario en el festival de Hannover | Cand\\u00e1s 365\",\"headline\":\"Bailarines y boxeadores comparten escenario en el festival de Hannover\",\"author\":{\"@id\":\"https:\\\/\\\/candas365.es\\\/noticias\\\/author\\\/admin\\\/#author\"},\"publisher\":{\"@id\":\"https:\\\/\\\/candas365.es\\\/noticias\\\/#organization\"},\"image\":{\"@type\":\"ImageObject\",\"url\":\"https:\\\/\\\/candas365.es\\\/noticias\\\/wp-content\\\/uploads\\\/2018\\\/06\\\/ballet-335493_960_720.jpg\",\"width\":960,\"height\":642},\"datePublished\":\"2018-07-07T23:07:42+02:00\",\"dateModified\":\"2018-07-07T23:07:42+02:00\",\"inLanguage\":\"es-ES\",\"mainEntityOfPage\":{\"@id\":\"https:\\\/\\\/candas365.es\\\/noticias\\\/bailarines-y-boxeadores-comparten-escenario-en-el-festival-de-hannover\\\/#webpage\"},\"isPartOf\":{\"@id\":\"https:\\\/\\\/candas365.es\\\/noticias\\\/bailarines-y-boxeadores-comparten-escenario-en-el-festival-de-hannover\\\/#webpage\"},\"articleSection\":\"Revista\",\"dateline\":\"Publicado el julio 7, 2018.\"},{\"@type\":\"Organization\",\"@id\":\"https:\\\/\\\/candas365.es\\\/noticias\\\/#organization\",\"name\":\"Cand\\u00e1s 365\",\"description\":\"Cand\\u00e1s 365 es un diario digital independiente, fundado en 2012, con base en Asturias. Informamos con rigor sobre actualidad, sociedad, cultura y ocio, con una mirada local y global.\",\"url\":\"https:\\\/\\\/candas365.es\\\/noticias\\\/\",\"email\":\"info@candas365.es\",\"telephone\":\"+34652131393\",\"foundingDate\":\"2012-06-10\",\"logo\":{\"@type\":\"ImageObject\",\"url\":\"https:\\\/\\\/candas365.es\\\/noticias\\\/wp-content\\\/uploads\\\/2024\\\/09\\\/Candas-365-Redes.jpg\",\"@id\":\"https:\\\/\\\/candas365.es\\\/noticias\\\/bailarines-y-boxeadores-comparten-escenario-en-el-festival-de-hannover\\\/#organizationLogo\",\"width\":1152,\"height\":864,\"caption\":\"Cand\\u00e1s 365 Redes\"},\"image\":{\"@id\":\"https:\\\/\\\/candas365.es\\\/noticias\\\/bailarines-y-boxeadores-comparten-escenario-en-el-festival-de-hannover\\\/#organizationLogo\"},\"sameAs\":[\"https:\\\/\\\/www.facebook.com\\\/Nachofdezber\",\"https:\\\/\\\/x.com\\\/NabercoDigital\",\"https:\\\/\\\/www.instagram.com\\\/nachofdezber\\\/\",\"https:\\\/\\\/www.youtube.com\\\/channel\\\/UCZP-2wLEB9Rv6erhFmqVnvg\"],\"address\":{\"@id\":\"https:\\\/\\\/candas365.es\\\/noticias\\\/#postaladdress\",\"@type\":\"PostalAddress\",\"streetAddress\":\"san antonio 4, san antonio 4\",\"postalCode\":\"33430\",\"addressLocality\":\"Cand\\u00e1s\",\"addressRegion\":\"Asturias\",\"addressCountry\":\"ES\"}},{\"@type\":\"Person\",\"@id\":\"https:\\\/\\\/candas365.es\\\/noticias\\\/author\\\/admin\\\/#author\",\"url\":\"https:\\\/\\\/candas365.es\\\/noticias\\\/author\\\/admin\\\/\",\"name\":\"Cand\\u00e1s 365\",\"image\":{\"@type\":\"ImageObject\",\"@id\":\"https:\\\/\\\/candas365.es\\\/noticias\\\/bailarines-y-boxeadores-comparten-escenario-en-el-festival-de-hannover\\\/#authorImage\",\"url\":\"https:\\\/\\\/secure.gravatar.com\\\/avatar\\\/496a8e03d0c493ede1718b7934145dbdf8d89be1036b0eec9544e1094c9de390?s=96&d=mm&r=g\",\"width\":96,\"height\":96,\"caption\":\"Cand\\u00e1s 365\"},\"sameAs\":[\"https:\\\/\\\/www.facebook.com\\\/carrenoactualidad\",\"https:\\\/\\\/twitter.com\\\/nbasturias\",\"https:\\\/\\\/www.instagram.com\\\/nachofdezber\\\/\",\"https:\\\/\\\/www.youtube.com\\\/channel\\\/UCZP-2wLEB9Rv6erhFmqVnvg\"]},{\"@type\":\"WebPage\",\"@id\":\"https:\\\/\\\/candas365.es\\\/noticias\\\/bailarines-y-boxeadores-comparten-escenario-en-el-festival-de-hannover\\\/#webpage\",\"url\":\"https:\\\/\\\/candas365.es\\\/noticias\\\/bailarines-y-boxeadores-comparten-escenario-en-el-festival-de-hannover\\\/\",\"name\":\"Bailarines y boxeadores comparten escenario en el festival de Hannover | Cand\\u00e1s 365\",\"description\":\"Hannover, 7 jul (dpa) - Hip-hop y bailarines que suben al ring con boxeadores forman parte del programa de la pr\\u00f3xima edici\\u00f3n del festival \\\"Tanzteather Internacional\\\" de Hannover, inform\\u00f3 una portavoz del evento en la capital del estado federado alem\\u00e1n de Baja Sajonia. \\\"Queremos mostrar las \\u00faltimas tendencias de la danza contempor\\u00e1nea y sus numerosos\",\"inLanguage\":\"es-ES\",\"isPartOf\":{\"@id\":\"https:\\\/\\\/candas365.es\\\/noticias\\\/#website\"},\"breadcrumb\":{\"@id\":\"https:\\\/\\\/candas365.es\\\/noticias\\\/bailarines-y-boxeadores-comparten-escenario-en-el-festival-de-hannover\\\/#breadcrumblist\"},\"author\":{\"@id\":\"https:\\\/\\\/candas365.es\\\/noticias\\\/author\\\/admin\\\/#author\"},\"creator\":{\"@id\":\"https:\\\/\\\/candas365.es\\\/noticias\\\/author\\\/admin\\\/#author\"},\"image\":{\"@type\":\"ImageObject\",\"url\":\"https:\\\/\\\/candas365.es\\\/noticias\\\/wp-content\\\/uploads\\\/2018\\\/06\\\/ballet-335493_960_720.jpg\",\"@id\":\"https:\\\/\\\/candas365.es\\\/noticias\\\/bailarines-y-boxeadores-comparten-escenario-en-el-festival-de-hannover\\\/#mainImage\",\"width\":960,\"height\":642},\"primaryImageOfPage\":{\"@id\":\"https:\\\/\\\/candas365.es\\\/noticias\\\/bailarines-y-boxeadores-comparten-escenario-en-el-festival-de-hannover\\\/#mainImage\"},\"datePublished\":\"2018-07-07T23:07:42+02:00\",\"dateModified\":\"2018-07-07T23:07:42+02:00\"},{\"@type\":\"WebSite\",\"@id\":\"https:\\\/\\\/candas365.es\\\/noticias\\\/#website\",\"url\":\"https:\\\/\\\/candas365.es\\\/noticias\\\/\",\"name\":\"Cand\\u00e1s 365\",\"alternateName\":\"Cand\\u00e1s 365 Noticias\",\"description\":\"Actualidad desde Carre\\u00f1o para el mundo\",\"inLanguage\":\"es-ES\",\"publisher\":{\"@id\":\"https:\\\/\\\/candas365.es\\\/noticias\\\/#organization\"}}]}\n\t\t<\/script>\n\t\t<!-- All in One SEO Pro -->\r\n\t\t<title>Bailarines y boxeadores comparten escenario en el festival de Hannover | Cand\u00e1s 365<\/title>\n\n","aioseo_head_json":{"title":"Bailarines y boxeadores comparten escenario en el festival de Hannover | Cand\u00e1s 365","description":"Hannover, 7 jul (dpa) - Hip-hop y bailarines que suben al ring con boxeadores forman parte del programa de la pr\u00f3xima edici\u00f3n del festival \"Tanzteather Internacional\" de Hannover, inform\u00f3 una portavoz del evento en la capital del estado federado alem\u00e1n de Baja Sajonia. \"Queremos mostrar las \u00faltimas tendencias de la danza contempor\u00e1nea y sus numerosos","canonical_url":"https:\/\/candas365.es\/noticias\/bailarines-y-boxeadores-comparten-escenario-en-el-festival-de-hannover\/","robots":"max-image-preview:large","keywords":"revista","webmasterTools":{"google-site-verification":"UA-32230408-1","msvalidate.01":"354F3CDFB2DA171B47FBE9ABF1F88D5","miscellaneous":""},"schema":{"@context":"https:\/\/schema.org","@graph":[{"@type":"BreadcrumbList","@id":"https:\/\/candas365.es\/noticias\/bailarines-y-boxeadores-comparten-escenario-en-el-festival-de-hannover\/#breadcrumblist","itemListElement":[{"@type":"ListItem","@id":"https:\/\/candas365.es\/noticias#listItem","position":1,"name":"Home","item":"https:\/\/candas365.es\/noticias","nextItem":{"@type":"ListItem","@id":"https:\/\/candas365.es\/noticias\/category\/revista\/#listItem","name":"Revista"}},{"@type":"ListItem","@id":"https:\/\/candas365.es\/noticias\/category\/revista\/#listItem","position":2,"name":"Revista","item":"https:\/\/candas365.es\/noticias\/category\/revista\/","nextItem":{"@type":"ListItem","@id":"https:\/\/candas365.es\/noticias\/bailarines-y-boxeadores-comparten-escenario-en-el-festival-de-hannover\/#listItem","name":"Bailarines y boxeadores comparten escenario en el festival de Hannover"},"previousItem":{"@type":"ListItem","@id":"https:\/\/candas365.es\/noticias#listItem","name":"Home"}},{"@type":"ListItem","@id":"https:\/\/candas365.es\/noticias\/bailarines-y-boxeadores-comparten-escenario-en-el-festival-de-hannover\/#listItem","position":3,"name":"Bailarines y boxeadores comparten escenario en el festival de Hannover","previousItem":{"@type":"ListItem","@id":"https:\/\/candas365.es\/noticias\/category\/revista\/#listItem","name":"Revista"}}]},{"@type":"NewsArticle","@id":"https:\/\/candas365.es\/noticias\/bailarines-y-boxeadores-comparten-escenario-en-el-festival-de-hannover\/#newsarticle","name":"Bailarines y boxeadores comparten escenario en el festival de Hannover | Cand\u00e1s 365","headline":"Bailarines y boxeadores comparten escenario en el festival de Hannover","author":{"@id":"https:\/\/candas365.es\/noticias\/author\/admin\/#author"},"publisher":{"@id":"https:\/\/candas365.es\/noticias\/#organization"},"image":{"@type":"ImageObject","url":"https:\/\/candas365.es\/noticias\/wp-content\/uploads\/2018\/06\/ballet-335493_960_720.jpg","width":960,"height":642},"datePublished":"2018-07-07T23:07:42+02:00","dateModified":"2018-07-07T23:07:42+02:00","inLanguage":"es-ES","mainEntityOfPage":{"@id":"https:\/\/candas365.es\/noticias\/bailarines-y-boxeadores-comparten-escenario-en-el-festival-de-hannover\/#webpage"},"isPartOf":{"@id":"https:\/\/candas365.es\/noticias\/bailarines-y-boxeadores-comparten-escenario-en-el-festival-de-hannover\/#webpage"},"articleSection":"Revista","dateline":"Publicado el julio 7, 2018."},{"@type":"Organization","@id":"https:\/\/candas365.es\/noticias\/#organization","name":"Cand\u00e1s 365","description":"Cand\u00e1s 365 es un diario digital independiente, fundado en 2012, con base en Asturias. Informamos con rigor sobre actualidad, sociedad, cultura y ocio, con una mirada local y global.","url":"https:\/\/candas365.es\/noticias\/","email":"info@candas365.es","telephone":"+34652131393","foundingDate":"2012-06-10","logo":{"@type":"ImageObject","url":"https:\/\/candas365.es\/noticias\/wp-content\/uploads\/2024\/09\/Candas-365-Redes.jpg","@id":"https:\/\/candas365.es\/noticias\/bailarines-y-boxeadores-comparten-escenario-en-el-festival-de-hannover\/#organizationLogo","width":1152,"height":864,"caption":"Cand\u00e1s 365 Redes"},"image":{"@id":"https:\/\/candas365.es\/noticias\/bailarines-y-boxeadores-comparten-escenario-en-el-festival-de-hannover\/#organizationLogo"},"sameAs":["https:\/\/www.facebook.com\/Nachofdezber","https:\/\/x.com\/NabercoDigital","https:\/\/www.instagram.com\/nachofdezber\/","https:\/\/www.youtube.com\/channel\/UCZP-2wLEB9Rv6erhFmqVnvg"],"address":{"@id":"https:\/\/candas365.es\/noticias\/#postaladdress","@type":"PostalAddress","streetAddress":"san antonio 4, san antonio 4","postalCode":"33430","addressLocality":"Cand\u00e1s","addressRegion":"Asturias","addressCountry":"ES"}},{"@type":"Person","@id":"https:\/\/candas365.es\/noticias\/author\/admin\/#author","url":"https:\/\/candas365.es\/noticias\/author\/admin\/","name":"Cand\u00e1s 365","image":{"@type":"ImageObject","@id":"https:\/\/candas365.es\/noticias\/bailarines-y-boxeadores-comparten-escenario-en-el-festival-de-hannover\/#authorImage","url":"https:\/\/secure.gravatar.com\/avatar\/496a8e03d0c493ede1718b7934145dbdf8d89be1036b0eec9544e1094c9de390?s=96&d=mm&r=g","width":96,"height":96,"caption":"Cand\u00e1s 365"},"sameAs":["https:\/\/www.facebook.com\/carrenoactualidad","https:\/\/twitter.com\/nbasturias","https:\/\/www.instagram.com\/nachofdezber\/","https:\/\/www.youtube.com\/channel\/UCZP-2wLEB9Rv6erhFmqVnvg"]},{"@type":"WebPage","@id":"https:\/\/candas365.es\/noticias\/bailarines-y-boxeadores-comparten-escenario-en-el-festival-de-hannover\/#webpage","url":"https:\/\/candas365.es\/noticias\/bailarines-y-boxeadores-comparten-escenario-en-el-festival-de-hannover\/","name":"Bailarines y boxeadores comparten escenario en el festival de Hannover | Cand\u00e1s 365","description":"Hannover, 7 jul (dpa) - Hip-hop y bailarines que suben al ring con boxeadores forman parte del programa de la pr\u00f3xima edici\u00f3n del festival \"Tanzteather Internacional\" de Hannover, inform\u00f3 una portavoz del evento en la capital del estado federado alem\u00e1n de Baja Sajonia. \"Queremos mostrar las \u00faltimas tendencias de la danza contempor\u00e1nea y sus numerosos","inLanguage":"es-ES","isPartOf":{"@id":"https:\/\/candas365.es\/noticias\/#website"},"breadcrumb":{"@id":"https:\/\/candas365.es\/noticias\/bailarines-y-boxeadores-comparten-escenario-en-el-festival-de-hannover\/#breadcrumblist"},"author":{"@id":"https:\/\/candas365.es\/noticias\/author\/admin\/#author"},"creator":{"@id":"https:\/\/candas365.es\/noticias\/author\/admin\/#author"},"image":{"@type":"ImageObject","url":"https:\/\/candas365.es\/noticias\/wp-content\/uploads\/2018\/06\/ballet-335493_960_720.jpg","@id":"https:\/\/candas365.es\/noticias\/bailarines-y-boxeadores-comparten-escenario-en-el-festival-de-hannover\/#mainImage","width":960,"height":642},"primaryImageOfPage":{"@id":"https:\/\/candas365.es\/noticias\/bailarines-y-boxeadores-comparten-escenario-en-el-festival-de-hannover\/#mainImage"},"datePublished":"2018-07-07T23:07:42+02:00","dateModified":"2018-07-07T23:07:42+02:00"},{"@type":"WebSite","@id":"https:\/\/candas365.es\/noticias\/#website","url":"https:\/\/candas365.es\/noticias\/","name":"Cand\u00e1s 365","alternateName":"Cand\u00e1s 365 Noticias","description":"Actualidad desde Carre\u00f1o para el mundo","inLanguage":"es-ES","publisher":{"@id":"https:\/\/candas365.es\/noticias\/#organization"}}]},"og:locale":"es_ES","og:site_name":"Cand\u00e1s 365","og:type":"article","og:title":"Bailarines y boxeadores comparten escenario en el festival de Hannover | Cand\u00e1s 365","og:description":"Hannover, 7 jul (dpa) - Hip-hop y bailarines que suben al ring con boxeadores forman parte del programa de la pr\u00f3xima edici\u00f3n del festival &quot;Tanzteather Internacional&quot; de Hannover, inform\u00f3 una portavoz del evento en la capital del estado federado alem\u00e1n de Baja Sajonia. &quot;Queremos mostrar las \u00faltimas tendencias de la danza contempor\u00e1nea y sus numerosos","og:url":"https:\/\/candas365.es\/noticias\/bailarines-y-boxeadores-comparten-escenario-en-el-festival-de-hannover\/","og:image":"https:\/\/candas365.es\/noticias\/wp-content\/uploads\/2018\/06\/ballet-335493_960_720.jpg","og:image:secure_url":"https:\/\/candas365.es\/noticias\/wp-content\/uploads\/2018\/06\/ballet-335493_960_720.jpg","og:image:width":960,"og:image:height":642,"article:published_time":"2018-07-07T23:07:42+00:00","article:modified_time":"2018-07-07T23:07:42+00:00","article:publisher":"https:\/\/www.facebook.com\/Nachofdezber","article:author":"https:\/\/www.facebook.com\/carrenoactualidad","twitter:card":"summary_large_image","twitter:site":"@NabercoDigital","twitter:title":"Bailarines y boxeadores comparten escenario en el festival de Hannover | Cand\u00e1s 365","twitter:description":"Hannover, 7 jul (dpa) - Hip-hop y bailarines que suben al ring con boxeadores forman parte del programa de la pr\u00f3xima edici\u00f3n del festival &quot;Tanzteather Internacional&quot; de Hannover, inform\u00f3 una portavoz del evento en la capital del estado federado alem\u00e1n de Baja Sajonia. &quot;Queremos mostrar las \u00faltimas tendencias de la danza contempor\u00e1nea y sus numerosos","twitter:creator":"@nbasturias","twitter:image":"https:\/\/candas365.es\/noticias\/wp-content\/uploads\/2018\/06\/ballet-335493_960_720.jpg","twitter:label1":"Escrito por","twitter:data1":"Cand\u00e1s 365","twitter:label2":"Tiempo de lectura estimado","twitter:data2":"1 minuto"},"aioseo_meta_data":{"post_id":"99926","title":null,"description":null,"keywords":null,"keyphrases":null,"primary_term":null,"canonical_url":null,"og_title":null,"og_description":null,"og_object_type":"default","og_image_type":"default","og_image_url":null,"og_image_width":null,"og_image_height":null,"og_image_custom_url":null,"og_image_custom_fields":null,"og_video":null,"og_custom_url":null,"og_article_section":null,"og_article_tags":null,"twitter_use_og":false,"twitter_card":"default","twitter_image_type":"default","twitter_image_url":null,"twitter_image_custom_url":null,"twitter_image_custom_fields":null,"twitter_title":null,"twitter_description":null,"schema":{"blockGraphs":[],"customGraphs":[],"default":{"data":{"Article":[],"Course":[],"Dataset":[],"FAQPage":[],"Movie":[],"Person":[],"Product":[],"ProductReview":[],"Car":[],"Recipe":[],"Service":[],"SoftwareApplication":[],"WebPage":[]},"graphName":"","isEnabled":true},"graphs":[],"defaultGraph":"","defaultPostTypeGraph":""},"schema_type":null,"schema_type_options":null,"pillar_content":false,"robots_default":true,"robots_noindex":false,"robots_noarchive":false,"robots_nosnippet":false,"robots_nofollow":false,"robots_noimageindex":false,"robots_noodp":false,"robots_notranslate":false,"robots_max_snippet":null,"robots_max_videopreview":null,"robots_max_imagepreview":"large","priority":null,"frequency":null,"location":null,"local_seo":null,"seo_analyzer_scan_date":"2025-08-27 07:28:18","breadcrumb_settings":null,"limit_modified_date":false,"reviewed_by":null,"open_ai":null,"ai":null,"created":"2020-12-21 11:49:03","updated":"2025-08-27 07:28:18"},"aioseo_breadcrumb":"<div class=\"aioseo-breadcrumbs\"><span class=\"aioseo-breadcrumb\">\n\t<a href=\"https:\/\/candas365.es\/noticias\" title=\"Home\">Home<\/a>\n<\/span><span class=\"aioseo-breadcrumb-separator\">&ndash;<\/span><span class=\"aioseo-breadcrumb\">\n\t<a href=\"https:\/\/candas365.es\/noticias\/category\/revista\/\" title=\"Revista\">Revista<\/a>\n<\/span><span class=\"aioseo-breadcrumb-separator\">&ndash;<\/span><span class=\"aioseo-breadcrumb\">\n\tBailarines y boxeadores comparten escenario en el festival de Hannover\n<\/span><\/div>","aioseo_breadcrumb_json":[{"label":"Home","link":"https:\/\/candas365.es\/noticias"},{"label":"Revista","link":"https:\/\/candas365.es\/noticias\/category\/revista\/"},{"label":"Bailarines y boxeadores comparten escenario en el festival de Hannover","link":"https:\/\/candas365.es\/noticias\/bailarines-y-boxeadores-comparten-escenario-en-el-festival-de-hannover\/"}],"_links":{"self":[{"href":"https:\/\/candas365.es\/noticias\/wp-json\/wp\/v2\/posts\/99926","targetHints":{"allow":["GET"]}}],"collection":[{"href":"https:\/\/candas365.es\/noticias\/wp-json\/wp\/v2\/posts"}],"about":[{"href":"https:\/\/candas365.es\/noticias\/wp-json\/wp\/v2\/types\/post"}],"author":[{"embeddable":true,"href":"https:\/\/candas365.es\/noticias\/wp-json\/wp\/v2\/users\/1"}],"replies":[{"embeddable":true,"href":"https:\/\/candas365.es\/noticias\/wp-json\/wp\/v2\/comments?post=99926"}],"version-history":[{"count":0,"href":"https:\/\/candas365.es\/noticias\/wp-json\/wp\/v2\/posts\/99926\/revisions"}],"wp:featuredmedia":[{"embeddable":true,"href":"https:\/\/candas365.es\/noticias\/wp-json\/wp\/v2\/media\/98260"}],"wp:attachment":[{"href":"https:\/\/candas365.es\/noticias\/wp-json\/wp\/v2\/media?parent=99926"}],"wp:term":[{"taxonomy":"category","embeddable":true,"href":"https:\/\/candas365.es\/noticias\/wp-json\/wp\/v2\/categories?post=99926"},{"taxonomy":"post_tag","embeddable":true,"href":"https:\/\/candas365.es\/noticias\/wp-json\/wp\/v2\/tags?post=99926"}],"curies":[{"name":"wp","href":"https:\/\/api.w.org\/{rel}","templated":true}]}}