{"id":99893,"date":"2018-07-07T22:20:14","date_gmt":"2018-07-07T22:20:14","guid":{"rendered":"http:\/\/candas365.es\/noticias\/?p=99893"},"modified":"2018-07-07T22:20:14","modified_gmt":"2018-07-07T22:20:14","slug":"los-bikinis-ideales-para-este-verano","status":"publish","type":"post","link":"https:\/\/candas365.es\/noticias\/los-bikinis-ideales-para-este-verano\/","title":{"rendered":"Los bikinis ideales para este verano"},"content":{"rendered":"<p><img fetchpriority=\"high\" decoding=\"async\" class=\"alignleft size-medium wp-image-99894\" src=\"https:\/\/candas365.es\/noticias\/wp-content\/uploads\/2018\/07\/Bikinis-verano-2018-360x233.jpg\" alt=\"\" width=\"360\" height=\"233\" srcset=\"https:\/\/candas365.es\/noticias\/wp-content\/uploads\/2018\/07\/Bikinis-verano-2018-360x233.jpg 360w, https:\/\/candas365.es\/noticias\/wp-content\/uploads\/2018\/07\/Bikinis-verano-2018-655x423.jpg 655w, https:\/\/candas365.es\/noticias\/wp-content\/uploads\/2018\/07\/Bikinis-verano-2018-696x450.jpg 696w, https:\/\/candas365.es\/noticias\/wp-content\/uploads\/2018\/07\/Bikinis-verano-2018-650x420.jpg 650w, https:\/\/candas365.es\/noticias\/wp-content\/uploads\/2018\/07\/Bikinis-verano-2018.jpg 709w\" sizes=\"(max-width: 360px) 100vw, 360px\" \/>Las mujeres que aman la playa, esperan disfrutar al m\u00e1ximo de las aguas, pero tambi\u00e9n de desfilar el <strong><a href=\"https:\/\/www.hunkemoller.es\/es_es\/moda-bano\/bikini.html\" target=\"_blank\" rel=\"noopener\"><span style=\"color: #ff6600;\">Bikini<\/span><\/a><\/strong> ideal. Estas prendas de verter en la playa, adem\u00e1s de ser muy c\u00f3modas nunca pasan de moda. De hecho, cada vez hay ba\u00f1adores con formas m\u00e1s modernas. Por eso, las f\u00e9minas son cuidadosas al elegir cu\u00e1l es la mejor opci\u00f3n en traje de ba\u00f1o para vestir en verano.<\/p>\n<p><strong>\u00bfQu\u00e9 bikinis utilizar en esta temporada?<\/strong><\/p>\n<p>Los trajes de ba\u00f1o de dise\u00f1ador est\u00e1n muy de moda, y en esta temporada se prev\u00e9 ser\u00e1n los m\u00e1s usados. Las alternativas frescas y ex\u00f3ticas son las opciones m\u00e1s elegidas por las mujeres hoy d\u00eda. Elegir el <strong><a href=\"https:\/\/www.hunkemoller.es\/es_es\/moda-bano\/banadores.html\" target=\"_blank\" rel=\"noopener\"><span style=\"color: #ff6600;\">ba\u00f1ador<\/span><\/a><\/strong> ideal no es cuesti\u00f3n sencilla.<\/p>\n<p>Por un lago, adem\u00e1s de ser funcional para ba\u00f1arse, el traje de ba\u00f1o deber proveer glamur a quien lo lleva. Adem\u00e1s, debe estar en onda con lo \u00faltimo en moda. Las prendas de vestir veraniegas se han vuelto muy populares, e incluso, las mujeres tallas plus pueden conseguir uno para ellas. No hay entonces excusas para no utilizar un <strong><a href=\"https:\/\/www.hunkemoller.es\/es_es\/moda-bano\/bikini-de-tallas-grandes.html\" target=\"_blank\" rel=\"noopener\"><span style=\"color: #ff6600;\">Bikini tallas grandes<\/span><\/a><\/strong>, en esta \u00e9poca vacacional.<\/p>\n<p><strong>\u00bfQu\u00e9 se puede conseguir en el mercado?<\/strong><\/p>\n<p>En el mercado mundial de la moda son muchas las ofertas que se pueden encontrar. Sin embargo, el mejor traje de ba\u00f1o es el que le provea mejor apariencia a la mujer, seg\u00fan su tipo de cuerpo. Una opci\u00f3n podr\u00eda ser, consultar con un asesor de modas y estilo, quien ofrecer\u00e1 consejos sobre cu\u00e1l es la prenda ideal.<\/p>\n<p>Durante este a\u00f1o, las figuras geom\u00e9tricas en los trajes de ba\u00f1os ser\u00e1n la \u00faltima tendencia. Se podr\u00e1n conseguir formas en tri\u00e1ngulos, c\u00edrculos, rect\u00e1ngulos, cuadrados y rombos. Los estampados abstractos tambi\u00e9n estar\u00e1n de moda para esta temporada de verano 2018. Cualquiera que sea la elecci\u00f3n, hay que tomar en cuenta el tipo corporal de la mujer.<\/p>\n<p>Otra moda que ha regresado a la palestra, es el uso de bikinis con flecos y volados. Aunque es una propuesta bastante osada, se han llegado a convertir en una sensaci\u00f3n entre las mujeres hoy d\u00eda. Por ejemplo, con estas prendas de ba\u00f1o, las mujeres valoran el movimiento que les permiten. Adem\u00e1s, les dan un toque muy original a su aspecto.<\/p>\n<p>Adicional a la elecci\u00f3n del traje de ba\u00f1o, con qu\u00e9 combinarlo tambi\u00e9n puede ser una cuesti\u00f3n importante a decidir. Para verse bien, es imprescindible elegir los mejores accesorios, y que queden bien con el estilo. Para esto, se puede hacer uso de pulseras, zarcillos, cadenas estilo vintage, entre otros. Todos estos, les dar\u00e1n al estilo un toque hermoso\u00a0 y bohemio, ideal para lucir en las noches de verano.<\/p>\n<p><strong>\u00bfQu\u00e9 colores utilizar en esta temporada?<\/strong><\/p>\n<p>Los colores perfectos para vestir en esta temporada de verano son los nude. Estos son colores que se asemejan al color de la piel de la persona. Ofrecen un toque de distinci\u00f3n y elegancia a las mujeres que los portan. Adem\u00e1s, dan comodidad y confianza, aspectos muy necesarios cuando se viste un traje de ba\u00f1o.<\/p>\n<p>Ahora bien, si se es una mujer m\u00e1s atrevida, se pueden encontrar en colores m\u00e1s fuertes. Por ejemplo, est\u00e1n los rosados, verdes, amarillos, entre otros m\u00e1s. Estos colores har\u00e1n que la feminidad aumente, y se refuerce su deseo de resaltar ante los dem\u00e1s.<\/p>\n<p><strong>Resaltar los atributos m\u00e1s agraciados<\/strong><\/p>\n<p>Toda mujer espera poder resaltar sus atributos m\u00e1s perfectos. De hecho, al usar un traje de ba\u00f1o, se espera atraer la atenci\u00f3n del p\u00fablico masculino sobre estos. Por eso, los push up no han dejado de estar a la moda. Estos permiten que la parte superior de la mujer\u00a0 se vea m\u00e1s firme y m\u00e1s voluminosa.<\/p>\n<p>Por eso, en esta temporada de vacaciones, es imprescindible que las mujeres tengan en su armario un <strong><a href=\"https:\/\/www.hunkemoller.es\/es_es\/moda-bano\/bikinis-push-up-relleno.html\" target=\"_blank\" rel=\"noopener\"><span style=\"color: #ff6600;\">Bikini Push up<\/span><\/a><\/strong>. Para exhibir sus atributos en las mejores playas. Estas prendas ayudar\u00e1n a que la mujer se muestre con mayor confianza, aumentando as\u00ed su autoestima.<\/p>\n<p>Los trajes de ba\u00f1o dise\u00f1ados para este a\u00f1o est\u00e1n pensados para hacer lucir al m\u00e1ximo las curvas femeninas. Todos notar\u00e1n la hermosa figura de la mujer, y el buen gusto de elecci\u00f3n en prendas de vestir. Si quieres desfilar el traje de ba\u00f1o ideal, sigue los consejos que le\u00edste en este post. Ser\u00e1s la envidia de todas las mujeres, si escoges tus ba\u00f1adores con las caracter\u00edsticas de \u00faltima tendencia.<\/p>\n<p>&nbsp;<\/p>\n","protected":false},"excerpt":{"rendered":"<p>Las mujeres que aman la playa, esperan disfrutar al m\u00e1ximo de las aguas, pero tambi\u00e9n de desfilar el Bikini ideal. Estas prendas de verter en la playa, adem\u00e1s de ser muy c\u00f3modas nunca pasan de moda. De hecho, cada vez hay ba\u00f1adores con formas m\u00e1s modernas. Por eso, las f\u00e9minas son cuidadosas al elegir cu\u00e1l<\/p>\n","protected":false},"author":1,"featured_media":99894,"comment_status":"closed","ping_status":"closed","sticky":false,"template":"","format":"standard","meta":{"footnotes":""},"categories":[142],"tags":[],"class_list":{"0":"post-99893","1":"post","2":"type-post","3":"status-publish","4":"format-standard","5":"has-post-thumbnail","7":"category-revista"},"aioseo_notices":[],"aioseo_head":"\n\t\t<!-- All in One SEO Pro 4.9.6.2 - aioseo.com -->\n\t<meta name=\"description\" content=\"Las mujeres que aman la playa, esperan disfrutar al m\u00e1ximo de las aguas, pero tambi\u00e9n de desfilar el Bikini ideal. Estas prendas de verter en la playa, adem\u00e1s de ser muy c\u00f3modas nunca pasan de moda. De hecho, cada vez hay ba\u00f1adores con formas m\u00e1s modernas. Por eso, las f\u00e9minas son cuidadosas al elegir cu\u00e1l\" \/>\n\t<meta name=\"robots\" content=\"max-image-preview:large\" \/>\n\t<meta name=\"author\" content=\"Cand\u00e1s 365\"\/>\n\t<meta name=\"google-site-verification\" content=\"UA-32230408-1\" \/>\n\t<meta name=\"msvalidate.01\" content=\"354F3CDFB2DA171B47FBE9ABF1F88D5\" \/>\n\t<meta name=\"keywords\" content=\"revista\" \/>\n\t<link rel=\"canonical\" href=\"https:\/\/candas365.es\/noticias\/los-bikinis-ideales-para-este-verano\/\" \/>\n\t<meta name=\"generator\" content=\"All in One SEO Pro (AIOSEO) 4.9.6.2\" \/>\n\t\t<meta property=\"og:locale\" content=\"es_ES\" \/>\n\t\t<meta property=\"og:site_name\" content=\"Cand\u00e1s 365\" \/>\n\t\t<meta property=\"og:type\" content=\"article\" \/>\n\t\t<meta property=\"og:title\" content=\"Los bikinis ideales para este verano | Cand\u00e1s 365\" \/>\n\t\t<meta property=\"og:description\" content=\"Las mujeres que aman la playa, esperan disfrutar al m\u00e1ximo de las aguas, pero tambi\u00e9n de desfilar el Bikini ideal. Estas prendas de verter en la playa, adem\u00e1s de ser muy c\u00f3modas nunca pasan de moda. De hecho, cada vez hay ba\u00f1adores con formas m\u00e1s modernas. Por eso, las f\u00e9minas son cuidadosas al elegir cu\u00e1l\" \/>\n\t\t<meta property=\"og:url\" content=\"https:\/\/candas365.es\/noticias\/los-bikinis-ideales-para-este-verano\/\" \/>\n\t\t<meta property=\"og:image\" content=\"https:\/\/candas365.es\/noticias\/wp-content\/uploads\/2018\/07\/Bikinis-verano-2018.jpg\" \/>\n\t\t<meta property=\"og:image:secure_url\" content=\"https:\/\/candas365.es\/noticias\/wp-content\/uploads\/2018\/07\/Bikinis-verano-2018.jpg\" \/>\n\t\t<meta property=\"og:image:width\" content=\"709\" \/>\n\t\t<meta property=\"og:image:height\" content=\"458\" \/>\n\t\t<meta property=\"article:published_time\" content=\"2018-07-07T22:20:14+00:00\" \/>\n\t\t<meta property=\"article:modified_time\" content=\"2018-07-07T22:20:14+00:00\" \/>\n\t\t<meta property=\"article:publisher\" content=\"https:\/\/www.facebook.com\/Nachofdezber\" \/>\n\t\t<meta property=\"article:author\" content=\"https:\/\/www.facebook.com\/carrenoactualidad\" \/>\n\t\t<meta name=\"twitter:card\" content=\"summary_large_image\" \/>\n\t\t<meta name=\"twitter:site\" content=\"@NabercoDigital\" \/>\n\t\t<meta name=\"twitter:title\" content=\"Los bikinis ideales para este verano | Cand\u00e1s 365\" \/>\n\t\t<meta name=\"twitter:description\" content=\"Las mujeres que aman la playa, esperan disfrutar al m\u00e1ximo de las aguas, pero tambi\u00e9n de desfilar el Bikini ideal. Estas prendas de verter en la playa, adem\u00e1s de ser muy c\u00f3modas nunca pasan de moda. De hecho, cada vez hay ba\u00f1adores con formas m\u00e1s modernas. Por eso, las f\u00e9minas son cuidadosas al elegir cu\u00e1l\" \/>\n\t\t<meta name=\"twitter:creator\" content=\"@nbasturias\" \/>\n\t\t<meta name=\"twitter:image\" content=\"https:\/\/candas365.es\/noticias\/wp-content\/uploads\/2018\/07\/Bikinis-verano-2018.jpg\" \/>\n\t\t<meta name=\"twitter:label1\" content=\"Escrito por\" \/>\n\t\t<meta name=\"twitter:data1\" content=\"Cand\u00e1s 365\" \/>\n\t\t<meta name=\"twitter:label2\" content=\"Tiempo de lectura estimado\" \/>\n\t\t<meta name=\"twitter:data2\" content=\"4 minutos\" \/>\n\t\t<script type=\"application\/ld+json\" class=\"aioseo-schema\">\n\t\t\t{\"@context\":\"https:\\\/\\\/schema.org\",\"@graph\":[{\"@type\":\"BreadcrumbList\",\"@id\":\"https:\\\/\\\/candas365.es\\\/noticias\\\/los-bikinis-ideales-para-este-verano\\\/#breadcrumblist\",\"itemListElement\":[{\"@type\":\"ListItem\",\"@id\":\"https:\\\/\\\/candas365.es\\\/noticias#listItem\",\"position\":1,\"name\":\"Home\",\"item\":\"https:\\\/\\\/candas365.es\\\/noticias\",\"nextItem\":{\"@type\":\"ListItem\",\"@id\":\"https:\\\/\\\/candas365.es\\\/noticias\\\/category\\\/revista\\\/#listItem\",\"name\":\"Revista\"}},{\"@type\":\"ListItem\",\"@id\":\"https:\\\/\\\/candas365.es\\\/noticias\\\/category\\\/revista\\\/#listItem\",\"position\":2,\"name\":\"Revista\",\"item\":\"https:\\\/\\\/candas365.es\\\/noticias\\\/category\\\/revista\\\/\",\"nextItem\":{\"@type\":\"ListItem\",\"@id\":\"https:\\\/\\\/candas365.es\\\/noticias\\\/los-bikinis-ideales-para-este-verano\\\/#listItem\",\"name\":\"Los bikinis ideales para este verano\"},\"previousItem\":{\"@type\":\"ListItem\",\"@id\":\"https:\\\/\\\/candas365.es\\\/noticias#listItem\",\"name\":\"Home\"}},{\"@type\":\"ListItem\",\"@id\":\"https:\\\/\\\/candas365.es\\\/noticias\\\/los-bikinis-ideales-para-este-verano\\\/#listItem\",\"position\":3,\"name\":\"Los bikinis ideales para este verano\",\"previousItem\":{\"@type\":\"ListItem\",\"@id\":\"https:\\\/\\\/candas365.es\\\/noticias\\\/category\\\/revista\\\/#listItem\",\"name\":\"Revista\"}}]},{\"@type\":\"NewsArticle\",\"@id\":\"https:\\\/\\\/candas365.es\\\/noticias\\\/los-bikinis-ideales-para-este-verano\\\/#newsarticle\",\"name\":\"Los bikinis ideales para este verano | Cand\\u00e1s 365\",\"headline\":\"Los bikinis ideales para este verano\",\"author\":{\"@id\":\"https:\\\/\\\/candas365.es\\\/noticias\\\/author\\\/admin\\\/#author\"},\"publisher\":{\"@id\":\"https:\\\/\\\/candas365.es\\\/noticias\\\/#organization\"},\"image\":{\"@type\":\"ImageObject\",\"url\":\"https:\\\/\\\/candas365.es\\\/noticias\\\/wp-content\\\/uploads\\\/2018\\\/07\\\/Bikinis-verano-2018.jpg\",\"width\":709,\"height\":458},\"datePublished\":\"2018-07-07T22:20:14+02:00\",\"dateModified\":\"2018-07-07T22:20:14+02:00\",\"inLanguage\":\"es-ES\",\"mainEntityOfPage\":{\"@id\":\"https:\\\/\\\/candas365.es\\\/noticias\\\/los-bikinis-ideales-para-este-verano\\\/#webpage\"},\"isPartOf\":{\"@id\":\"https:\\\/\\\/candas365.es\\\/noticias\\\/los-bikinis-ideales-para-este-verano\\\/#webpage\"},\"articleSection\":\"Revista\",\"dateline\":\"Publicado el julio 7, 2018.\"},{\"@type\":\"Organization\",\"@id\":\"https:\\\/\\\/candas365.es\\\/noticias\\\/#organization\",\"name\":\"Cand\\u00e1s 365\",\"description\":\"Cand\\u00e1s 365 es un diario digital independiente, fundado en 2012, con base en Asturias. Informamos con rigor sobre actualidad, sociedad, cultura y ocio, con una mirada local y global.\",\"url\":\"https:\\\/\\\/candas365.es\\\/noticias\\\/\",\"email\":\"info@candas365.es\",\"telephone\":\"+34652131393\",\"foundingDate\":\"2012-06-10\",\"logo\":{\"@type\":\"ImageObject\",\"url\":\"https:\\\/\\\/candas365.es\\\/noticias\\\/wp-content\\\/uploads\\\/2024\\\/09\\\/Candas-365-Redes.jpg\",\"@id\":\"https:\\\/\\\/candas365.es\\\/noticias\\\/los-bikinis-ideales-para-este-verano\\\/#organizationLogo\",\"width\":1152,\"height\":864,\"caption\":\"Cand\\u00e1s 365 Redes\"},\"image\":{\"@id\":\"https:\\\/\\\/candas365.es\\\/noticias\\\/los-bikinis-ideales-para-este-verano\\\/#organizationLogo\"},\"sameAs\":[\"https:\\\/\\\/www.facebook.com\\\/Nachofdezber\",\"https:\\\/\\\/x.com\\\/NabercoDigital\",\"https:\\\/\\\/www.instagram.com\\\/nachofdezber\\\/\",\"https:\\\/\\\/www.youtube.com\\\/channel\\\/UCZP-2wLEB9Rv6erhFmqVnvg\"],\"address\":{\"@id\":\"https:\\\/\\\/candas365.es\\\/noticias\\\/#postaladdress\",\"@type\":\"PostalAddress\",\"streetAddress\":\"san antonio 4, san antonio 4\",\"postalCode\":\"33430\",\"addressLocality\":\"Cand\\u00e1s\",\"addressRegion\":\"Asturias\",\"addressCountry\":\"ES\"}},{\"@type\":\"Person\",\"@id\":\"https:\\\/\\\/candas365.es\\\/noticias\\\/author\\\/admin\\\/#author\",\"url\":\"https:\\\/\\\/candas365.es\\\/noticias\\\/author\\\/admin\\\/\",\"name\":\"Cand\\u00e1s 365\",\"image\":{\"@type\":\"ImageObject\",\"@id\":\"https:\\\/\\\/candas365.es\\\/noticias\\\/los-bikinis-ideales-para-este-verano\\\/#authorImage\",\"url\":\"https:\\\/\\\/secure.gravatar.com\\\/avatar\\\/496a8e03d0c493ede1718b7934145dbdf8d89be1036b0eec9544e1094c9de390?s=96&d=mm&r=g\",\"width\":96,\"height\":96,\"caption\":\"Cand\\u00e1s 365\"},\"sameAs\":[\"https:\\\/\\\/www.facebook.com\\\/carrenoactualidad\",\"https:\\\/\\\/twitter.com\\\/nbasturias\",\"https:\\\/\\\/www.instagram.com\\\/nachofdezber\\\/\",\"https:\\\/\\\/www.youtube.com\\\/channel\\\/UCZP-2wLEB9Rv6erhFmqVnvg\"]},{\"@type\":\"WebPage\",\"@id\":\"https:\\\/\\\/candas365.es\\\/noticias\\\/los-bikinis-ideales-para-este-verano\\\/#webpage\",\"url\":\"https:\\\/\\\/candas365.es\\\/noticias\\\/los-bikinis-ideales-para-este-verano\\\/\",\"name\":\"Los bikinis ideales para este verano | Cand\\u00e1s 365\",\"description\":\"Las mujeres que aman la playa, esperan disfrutar al m\\u00e1ximo de las aguas, pero tambi\\u00e9n de desfilar el Bikini ideal. Estas prendas de verter en la playa, adem\\u00e1s de ser muy c\\u00f3modas nunca pasan de moda. De hecho, cada vez hay ba\\u00f1adores con formas m\\u00e1s modernas. Por eso, las f\\u00e9minas son cuidadosas al elegir cu\\u00e1l\",\"inLanguage\":\"es-ES\",\"isPartOf\":{\"@id\":\"https:\\\/\\\/candas365.es\\\/noticias\\\/#website\"},\"breadcrumb\":{\"@id\":\"https:\\\/\\\/candas365.es\\\/noticias\\\/los-bikinis-ideales-para-este-verano\\\/#breadcrumblist\"},\"author\":{\"@id\":\"https:\\\/\\\/candas365.es\\\/noticias\\\/author\\\/admin\\\/#author\"},\"creator\":{\"@id\":\"https:\\\/\\\/candas365.es\\\/noticias\\\/author\\\/admin\\\/#author\"},\"image\":{\"@type\":\"ImageObject\",\"url\":\"https:\\\/\\\/candas365.es\\\/noticias\\\/wp-content\\\/uploads\\\/2018\\\/07\\\/Bikinis-verano-2018.jpg\",\"@id\":\"https:\\\/\\\/candas365.es\\\/noticias\\\/los-bikinis-ideales-para-este-verano\\\/#mainImage\",\"width\":709,\"height\":458},\"primaryImageOfPage\":{\"@id\":\"https:\\\/\\\/candas365.es\\\/noticias\\\/los-bikinis-ideales-para-este-verano\\\/#mainImage\"},\"datePublished\":\"2018-07-07T22:20:14+02:00\",\"dateModified\":\"2018-07-07T22:20:14+02:00\"},{\"@type\":\"WebSite\",\"@id\":\"https:\\\/\\\/candas365.es\\\/noticias\\\/#website\",\"url\":\"https:\\\/\\\/candas365.es\\\/noticias\\\/\",\"name\":\"Cand\\u00e1s 365\",\"alternateName\":\"Cand\\u00e1s 365 Noticias\",\"description\":\"Actualidad desde Carre\\u00f1o para el mundo\",\"inLanguage\":\"es-ES\",\"publisher\":{\"@id\":\"https:\\\/\\\/candas365.es\\\/noticias\\\/#organization\"}}]}\n\t\t<\/script>\n\t\t<!-- All in One SEO Pro -->\r\n\t\t<title>Los bikinis ideales para este verano | Cand\u00e1s 365<\/title>\n\n","aioseo_head_json":{"title":"Los bikinis ideales para este verano | Cand\u00e1s 365","description":"Las mujeres que aman la playa, esperan disfrutar al m\u00e1ximo de las aguas, pero tambi\u00e9n de desfilar el Bikini ideal. Estas prendas de verter en la playa, adem\u00e1s de ser muy c\u00f3modas nunca pasan de moda. De hecho, cada vez hay ba\u00f1adores con formas m\u00e1s modernas. Por eso, las f\u00e9minas son cuidadosas al elegir cu\u00e1l","canonical_url":"https:\/\/candas365.es\/noticias\/los-bikinis-ideales-para-este-verano\/","robots":"max-image-preview:large","keywords":"revista","webmasterTools":{"google-site-verification":"UA-32230408-1","msvalidate.01":"354F3CDFB2DA171B47FBE9ABF1F88D5","miscellaneous":""},"schema":{"@context":"https:\/\/schema.org","@graph":[{"@type":"BreadcrumbList","@id":"https:\/\/candas365.es\/noticias\/los-bikinis-ideales-para-este-verano\/#breadcrumblist","itemListElement":[{"@type":"ListItem","@id":"https:\/\/candas365.es\/noticias#listItem","position":1,"name":"Home","item":"https:\/\/candas365.es\/noticias","nextItem":{"@type":"ListItem","@id":"https:\/\/candas365.es\/noticias\/category\/revista\/#listItem","name":"Revista"}},{"@type":"ListItem","@id":"https:\/\/candas365.es\/noticias\/category\/revista\/#listItem","position":2,"name":"Revista","item":"https:\/\/candas365.es\/noticias\/category\/revista\/","nextItem":{"@type":"ListItem","@id":"https:\/\/candas365.es\/noticias\/los-bikinis-ideales-para-este-verano\/#listItem","name":"Los bikinis ideales para este verano"},"previousItem":{"@type":"ListItem","@id":"https:\/\/candas365.es\/noticias#listItem","name":"Home"}},{"@type":"ListItem","@id":"https:\/\/candas365.es\/noticias\/los-bikinis-ideales-para-este-verano\/#listItem","position":3,"name":"Los bikinis ideales para este verano","previousItem":{"@type":"ListItem","@id":"https:\/\/candas365.es\/noticias\/category\/revista\/#listItem","name":"Revista"}}]},{"@type":"NewsArticle","@id":"https:\/\/candas365.es\/noticias\/los-bikinis-ideales-para-este-verano\/#newsarticle","name":"Los bikinis ideales para este verano | Cand\u00e1s 365","headline":"Los bikinis ideales para este verano","author":{"@id":"https:\/\/candas365.es\/noticias\/author\/admin\/#author"},"publisher":{"@id":"https:\/\/candas365.es\/noticias\/#organization"},"image":{"@type":"ImageObject","url":"https:\/\/candas365.es\/noticias\/wp-content\/uploads\/2018\/07\/Bikinis-verano-2018.jpg","width":709,"height":458},"datePublished":"2018-07-07T22:20:14+02:00","dateModified":"2018-07-07T22:20:14+02:00","inLanguage":"es-ES","mainEntityOfPage":{"@id":"https:\/\/candas365.es\/noticias\/los-bikinis-ideales-para-este-verano\/#webpage"},"isPartOf":{"@id":"https:\/\/candas365.es\/noticias\/los-bikinis-ideales-para-este-verano\/#webpage"},"articleSection":"Revista","dateline":"Publicado el julio 7, 2018."},{"@type":"Organization","@id":"https:\/\/candas365.es\/noticias\/#organization","name":"Cand\u00e1s 365","description":"Cand\u00e1s 365 es un diario digital independiente, fundado en 2012, con base en Asturias. Informamos con rigor sobre actualidad, sociedad, cultura y ocio, con una mirada local y global.","url":"https:\/\/candas365.es\/noticias\/","email":"info@candas365.es","telephone":"+34652131393","foundingDate":"2012-06-10","logo":{"@type":"ImageObject","url":"https:\/\/candas365.es\/noticias\/wp-content\/uploads\/2024\/09\/Candas-365-Redes.jpg","@id":"https:\/\/candas365.es\/noticias\/los-bikinis-ideales-para-este-verano\/#organizationLogo","width":1152,"height":864,"caption":"Cand\u00e1s 365 Redes"},"image":{"@id":"https:\/\/candas365.es\/noticias\/los-bikinis-ideales-para-este-verano\/#organizationLogo"},"sameAs":["https:\/\/www.facebook.com\/Nachofdezber","https:\/\/x.com\/NabercoDigital","https:\/\/www.instagram.com\/nachofdezber\/","https:\/\/www.youtube.com\/channel\/UCZP-2wLEB9Rv6erhFmqVnvg"],"address":{"@id":"https:\/\/candas365.es\/noticias\/#postaladdress","@type":"PostalAddress","streetAddress":"san antonio 4, san antonio 4","postalCode":"33430","addressLocality":"Cand\u00e1s","addressRegion":"Asturias","addressCountry":"ES"}},{"@type":"Person","@id":"https:\/\/candas365.es\/noticias\/author\/admin\/#author","url":"https:\/\/candas365.es\/noticias\/author\/admin\/","name":"Cand\u00e1s 365","image":{"@type":"ImageObject","@id":"https:\/\/candas365.es\/noticias\/los-bikinis-ideales-para-este-verano\/#authorImage","url":"https:\/\/secure.gravatar.com\/avatar\/496a8e03d0c493ede1718b7934145dbdf8d89be1036b0eec9544e1094c9de390?s=96&d=mm&r=g","width":96,"height":96,"caption":"Cand\u00e1s 365"},"sameAs":["https:\/\/www.facebook.com\/carrenoactualidad","https:\/\/twitter.com\/nbasturias","https:\/\/www.instagram.com\/nachofdezber\/","https:\/\/www.youtube.com\/channel\/UCZP-2wLEB9Rv6erhFmqVnvg"]},{"@type":"WebPage","@id":"https:\/\/candas365.es\/noticias\/los-bikinis-ideales-para-este-verano\/#webpage","url":"https:\/\/candas365.es\/noticias\/los-bikinis-ideales-para-este-verano\/","name":"Los bikinis ideales para este verano | Cand\u00e1s 365","description":"Las mujeres que aman la playa, esperan disfrutar al m\u00e1ximo de las aguas, pero tambi\u00e9n de desfilar el Bikini ideal. Estas prendas de verter en la playa, adem\u00e1s de ser muy c\u00f3modas nunca pasan de moda. De hecho, cada vez hay ba\u00f1adores con formas m\u00e1s modernas. Por eso, las f\u00e9minas son cuidadosas al elegir cu\u00e1l","inLanguage":"es-ES","isPartOf":{"@id":"https:\/\/candas365.es\/noticias\/#website"},"breadcrumb":{"@id":"https:\/\/candas365.es\/noticias\/los-bikinis-ideales-para-este-verano\/#breadcrumblist"},"author":{"@id":"https:\/\/candas365.es\/noticias\/author\/admin\/#author"},"creator":{"@id":"https:\/\/candas365.es\/noticias\/author\/admin\/#author"},"image":{"@type":"ImageObject","url":"https:\/\/candas365.es\/noticias\/wp-content\/uploads\/2018\/07\/Bikinis-verano-2018.jpg","@id":"https:\/\/candas365.es\/noticias\/los-bikinis-ideales-para-este-verano\/#mainImage","width":709,"height":458},"primaryImageOfPage":{"@id":"https:\/\/candas365.es\/noticias\/los-bikinis-ideales-para-este-verano\/#mainImage"},"datePublished":"2018-07-07T22:20:14+02:00","dateModified":"2018-07-07T22:20:14+02:00"},{"@type":"WebSite","@id":"https:\/\/candas365.es\/noticias\/#website","url":"https:\/\/candas365.es\/noticias\/","name":"Cand\u00e1s 365","alternateName":"Cand\u00e1s 365 Noticias","description":"Actualidad desde Carre\u00f1o para el mundo","inLanguage":"es-ES","publisher":{"@id":"https:\/\/candas365.es\/noticias\/#organization"}}]},"og:locale":"es_ES","og:site_name":"Cand\u00e1s 365","og:type":"article","og:title":"Los bikinis ideales para este verano | Cand\u00e1s 365","og:description":"Las mujeres que aman la playa, esperan disfrutar al m\u00e1ximo de las aguas, pero tambi\u00e9n de desfilar el Bikini ideal. Estas prendas de verter en la playa, adem\u00e1s de ser muy c\u00f3modas nunca pasan de moda. De hecho, cada vez hay ba\u00f1adores con formas m\u00e1s modernas. Por eso, las f\u00e9minas son cuidadosas al elegir cu\u00e1l","og:url":"https:\/\/candas365.es\/noticias\/los-bikinis-ideales-para-este-verano\/","og:image":"https:\/\/candas365.es\/noticias\/wp-content\/uploads\/2018\/07\/Bikinis-verano-2018.jpg","og:image:secure_url":"https:\/\/candas365.es\/noticias\/wp-content\/uploads\/2018\/07\/Bikinis-verano-2018.jpg","og:image:width":709,"og:image:height":458,"article:published_time":"2018-07-07T22:20:14+00:00","article:modified_time":"2018-07-07T22:20:14+00:00","article:publisher":"https:\/\/www.facebook.com\/Nachofdezber","article:author":"https:\/\/www.facebook.com\/carrenoactualidad","twitter:card":"summary_large_image","twitter:site":"@NabercoDigital","twitter:title":"Los bikinis ideales para este verano | Cand\u00e1s 365","twitter:description":"Las mujeres que aman la playa, esperan disfrutar al m\u00e1ximo de las aguas, pero tambi\u00e9n de desfilar el Bikini ideal. Estas prendas de verter en la playa, adem\u00e1s de ser muy c\u00f3modas nunca pasan de moda. De hecho, cada vez hay ba\u00f1adores con formas m\u00e1s modernas. Por eso, las f\u00e9minas son cuidadosas al elegir cu\u00e1l","twitter:creator":"@nbasturias","twitter:image":"https:\/\/candas365.es\/noticias\/wp-content\/uploads\/2018\/07\/Bikinis-verano-2018.jpg","twitter:label1":"Escrito por","twitter:data1":"Cand\u00e1s 365","twitter:label2":"Tiempo de lectura estimado","twitter:data2":"4 minutos"},"aioseo_meta_data":{"post_id":"99893","title":null,"description":null,"keywords":null,"keyphrases":null,"primary_term":null,"canonical_url":null,"og_title":null,"og_description":null,"og_object_type":"default","og_image_type":"default","og_image_url":null,"og_image_width":null,"og_image_height":null,"og_image_custom_url":null,"og_image_custom_fields":null,"og_video":null,"og_custom_url":null,"og_article_section":null,"og_article_tags":null,"twitter_use_og":false,"twitter_card":"default","twitter_image_type":"default","twitter_image_url":null,"twitter_image_custom_url":null,"twitter_image_custom_fields":null,"twitter_title":null,"twitter_description":null,"schema":{"blockGraphs":[],"customGraphs":[],"default":{"data":{"Article":[],"Course":[],"Dataset":[],"FAQPage":[],"Movie":[],"Person":[],"Product":[],"ProductReview":[],"Car":[],"Recipe":[],"Service":[],"SoftwareApplication":[],"WebPage":[]},"graphName":"","isEnabled":true},"graphs":[]},"schema_type":null,"schema_type_options":null,"pillar_content":false,"robots_default":true,"robots_noindex":false,"robots_noarchive":false,"robots_nosnippet":false,"robots_nofollow":false,"robots_noimageindex":false,"robots_noodp":false,"robots_notranslate":false,"robots_max_snippet":null,"robots_max_videopreview":null,"robots_max_imagepreview":"large","priority":null,"frequency":null,"location":null,"local_seo":null,"seo_analyzer_scan_date":"2025-08-27 07:22:14","breadcrumb_settings":null,"limit_modified_date":false,"reviewed_by":null,"open_ai":null,"ai":null,"created":"2020-12-21 11:49:13","updated":"2025-08-27 07:22:14"},"aioseo_breadcrumb":"<div class=\"aioseo-breadcrumbs\"><span class=\"aioseo-breadcrumb\">\n\t<a href=\"https:\/\/candas365.es\/noticias\" title=\"Home\">Home<\/a>\n<\/span><span class=\"aioseo-breadcrumb-separator\">&ndash;<\/span><span class=\"aioseo-breadcrumb\">\n\t<a href=\"https:\/\/candas365.es\/noticias\/category\/revista\/\" title=\"Revista\">Revista<\/a>\n<\/span><span class=\"aioseo-breadcrumb-separator\">&ndash;<\/span><span class=\"aioseo-breadcrumb\">\n\tLos bikinis ideales para este verano\n<\/span><\/div>","aioseo_breadcrumb_json":[{"label":"Home","link":"https:\/\/candas365.es\/noticias"},{"label":"Revista","link":"https:\/\/candas365.es\/noticias\/category\/revista\/"},{"label":"Los bikinis ideales para este verano","link":"https:\/\/candas365.es\/noticias\/los-bikinis-ideales-para-este-verano\/"}],"_links":{"self":[{"href":"https:\/\/candas365.es\/noticias\/wp-json\/wp\/v2\/posts\/99893","targetHints":{"allow":["GET"]}}],"collection":[{"href":"https:\/\/candas365.es\/noticias\/wp-json\/wp\/v2\/posts"}],"about":[{"href":"https:\/\/candas365.es\/noticias\/wp-json\/wp\/v2\/types\/post"}],"author":[{"embeddable":true,"href":"https:\/\/candas365.es\/noticias\/wp-json\/wp\/v2\/users\/1"}],"replies":[{"embeddable":true,"href":"https:\/\/candas365.es\/noticias\/wp-json\/wp\/v2\/comments?post=99893"}],"version-history":[{"count":0,"href":"https:\/\/candas365.es\/noticias\/wp-json\/wp\/v2\/posts\/99893\/revisions"}],"wp:featuredmedia":[{"embeddable":true,"href":"https:\/\/candas365.es\/noticias\/wp-json\/wp\/v2\/media\/99894"}],"wp:attachment":[{"href":"https:\/\/candas365.es\/noticias\/wp-json\/wp\/v2\/media?parent=99893"}],"wp:term":[{"taxonomy":"category","embeddable":true,"href":"https:\/\/candas365.es\/noticias\/wp-json\/wp\/v2\/categories?post=99893"},{"taxonomy":"post_tag","embeddable":true,"href":"https:\/\/candas365.es\/noticias\/wp-json\/wp\/v2\/tags?post=99893"}],"curies":[{"name":"wp","href":"https:\/\/api.w.org\/{rel}","templated":true}]}}