{"id":99749,"date":"2018-07-05T18:45:59","date_gmt":"2018-07-05T18:45:59","guid":{"rendered":"http:\/\/candas365.es\/noticias\/?p=99749"},"modified":"2018-07-05T18:45:59","modified_gmt":"2018-07-05T18:45:59","slug":"24-edicion-del-memorial-luis-angel-fernandez-blanco-en-carreno","status":"publish","type":"post","link":"https:\/\/candas365.es\/noticias\/24-edicion-del-memorial-luis-angel-fernandez-blanco-en-carreno\/","title":{"rendered":"24 Edici\u00f3n del Memorial \u201cLuis \u00c1ngel Fern\u00e1ndez Blanco\u201d, en Carre\u00f1o"},"content":{"rendered":"<p><img fetchpriority=\"high\" decoding=\"async\" class=\"alignleft size-medium wp-image-99750\" src=\"https:\/\/candas365.es\/noticias\/wp-content\/uploads\/2018\/07\/cazador-participante-360x270.jpg\" alt=\"\" width=\"360\" height=\"270\" srcset=\"https:\/\/candas365.es\/noticias\/wp-content\/uploads\/2018\/07\/cazador-participante-360x270.jpg 360w, https:\/\/candas365.es\/noticias\/wp-content\/uploads\/2018\/07\/cazador-participante-768x576.jpg 768w, https:\/\/candas365.es\/noticias\/wp-content\/uploads\/2018\/07\/cazador-participante-640x480.jpg 640w, https:\/\/candas365.es\/noticias\/wp-content\/uploads\/2018\/07\/cazador-participante-80x60.jpg 80w, https:\/\/candas365.es\/noticias\/wp-content\/uploads\/2018\/07\/cazador-participante-265x198.jpg 265w, https:\/\/candas365.es\/noticias\/wp-content\/uploads\/2018\/07\/cazador-participante-696x522.jpg 696w, https:\/\/candas365.es\/noticias\/wp-content\/uploads\/2018\/07\/cazador-participante-1068x801.jpg 1068w, https:\/\/candas365.es\/noticias\/wp-content\/uploads\/2018\/07\/cazador-participante-560x420.jpg 560w, https:\/\/candas365.es\/noticias\/wp-content\/uploads\/2018\/07\/cazador-participante.jpg 1280w\" sizes=\"(max-width: 360px) 100vw, 360px\" \/>La <strong>Sociedad de Cazadores de Carre\u00f1o \u00abSan Huberto\u00bb<\/strong> que gestiona el coto Carre\u00f1o que abarca terrenos de Carre\u00f1o y parcialmente Gij\u00f3n, celebrar\u00e1 el pr\u00f3ximo, domingo, 8 de Julio de 9 a 14 h. en el Monte Areo la <strong>24 edici\u00f3n del memorial dedicado al joven cazador<\/strong> de Amb\u00e1s,\u00a0<strong>Luis \u00c1ngel Fern\u00e1ndez Blanco.<\/strong><\/p>\n<p>17 Cazadores de Castilla Le\u00f3n, Galicia, y Asturias se dar\u00e1n cita en el Monte Areo. La direcci\u00f3n de la prueba correr\u00e1 a cargo de Marcos Rodr\u00edguez. La prueba sobre perdiz ser\u00e1 juzgada por Jos\u00e9 Ram\u00f3n Brujas. Juez auton\u00f3mico. Categor\u00edas hay 1\u00ba, 2\u00ba , 3\u00ba y Mejor perro del Concurso.<\/p>\n<p>\u00abDesde hace m\u00e1s de 10.000 a\u00f1os tenemos noticias de actividad cineg\u00e9tica humana en el Concejo de Carre\u00f1o gracias a los restos de La Cueva Oscura de Perlora y de los tumulares, un poco m\u00e1s modernos (solo 5.000 a\u00f1os) enclavados en el Monte Areo, que, con una altitud de 260 metros sobre el nivel del mar, es nuestra mayor cumbre\u00bb, informan desde el Ayuntamiento<\/p>\n<p>\u00abSiguiendo esta milenaria y at\u00e1vica tradici\u00f3n cineg\u00e9tica se constituy\u00f3, all\u00e1 por el a\u00f1o 1982, concretamente el 28 de octubre, la Sociedad de Cazadores de Carre\u00f1o, que con sus 580 socios fundadores, recibi\u00f3 la concesi\u00f3n del Coto Privado de Carre\u00f1o de conformidad con las disposiciones de la Ley 1\/1970, de 4 de abril, de Caza del Principado de Asturias, el cual era comprensivo de los 66,70Km2 que tiene de extensi\u00f3n el Municipio\u00bb, a\u00f1aden<\/p>\n<p>Esta Sociedad de Cazadores de Carre\u00f1o a lo largo de sus 31 a\u00f1os de historia y bajo el mandato de 3 Presidentes (D. Fernando Garc\u00eda Fern\u00e1ndez, D. Jos\u00e9 Manuel Mu\u00f1iz Men\u00e9ndez y el actual D. Evaristo Mart\u00ednez Cuervo) ha venido, no sin afrontar distintas y diversas dificultades, ordenando y fomentando la caza menor y mayor del Coto puesto bajo su responsabilidad, siendo de destacar la aclimataci\u00f3n y promoci\u00f3n del fais\u00e1n como especie cineg\u00e9tica en el Concejo y la protecci\u00f3n y tutela desarrollada en relaci\u00f3n a la poblaci\u00f3n de corzos.<\/p>\n<p>En el acto de entrega de premios participar\u00e1n el edil de deportes, Gabriel Rodr\u00edguez, y el de seguridad ciudadana, On\u00e9simo Velasco y la madre del cazador al que se dedica el memorial Charo Blanco.<\/p>\n<p>Tambi\u00e9n est\u00e1 prevista la asistencia del guarda forestal de la zona, Adri\u00e1n Garc\u00eda, y familiares del homenajeado.<\/p>\n<p>En el transcurso del mismo el Presidente de la entidad agasajar\u00e1 con detalles a todas las mujeres de los cazadores participantes, as\u00ed como para algunos colaboradores emblem\u00e1ticos del torneo, a los sembradores que ponen la caza, y familiares del homenajeado Luis \u00c1ngel Fern\u00e1ndez Blanco.<\/p>\n","protected":false},"excerpt":{"rendered":"<p>La Sociedad de Cazadores de Carre\u00f1o \u00abSan Huberto\u00bb que gestiona el coto Carre\u00f1o que abarca terrenos de Carre\u00f1o y parcialmente Gij\u00f3n, celebrar\u00e1 el pr\u00f3ximo, domingo, 8 de Julio de 9 a 14 h. en el Monte Areo la 24 edici\u00f3n del memorial dedicado al joven cazador de Amb\u00e1s,\u00a0Luis \u00c1ngel Fern\u00e1ndez Blanco. 17 Cazadores de Castilla<\/p>\n","protected":false},"author":1,"featured_media":99750,"comment_status":"closed","ping_status":"closed","sticky":false,"template":"","format":"standard","meta":{"footnotes":""},"categories":[2],"tags":[],"class_list":{"0":"post-99749","1":"post","2":"type-post","3":"status-publish","4":"format-standard","5":"has-post-thumbnail","7":"category-noticias-carreno"},"aioseo_notices":[],"aioseo_head":"\n\t\t<!-- All in One SEO Pro 4.9.6.2 - aioseo.com -->\n\t<meta name=\"description\" content=\"La Sociedad de Cazadores de Carre\u00f1o &quot;San Huberto&quot; que gestiona el coto Carre\u00f1o que abarca terrenos de Carre\u00f1o y parcialmente Gij\u00f3n, celebrar\u00e1 el pr\u00f3ximo, domingo, 8 de Julio de 9 a 14 h. en el Monte Areo la 24 edici\u00f3n del memorial dedicado al joven cazador de Amb\u00e1s, Luis \u00c1ngel Fern\u00e1ndez Blanco. 17 Cazadores de Castilla\" \/>\n\t<meta name=\"robots\" content=\"max-image-preview:large\" \/>\n\t<meta name=\"author\" content=\"Cand\u00e1s 365\"\/>\n\t<meta name=\"google-site-verification\" content=\"UA-32230408-1\" \/>\n\t<meta name=\"msvalidate.01\" content=\"354F3CDFB2DA171B47FBE9ABF1F88D5\" \/>\n\t<meta name=\"keywords\" content=\"noticias carre\u00f1o\" \/>\n\t<link rel=\"canonical\" href=\"https:\/\/candas365.es\/noticias\/24-edicion-del-memorial-luis-angel-fernandez-blanco-en-carreno\/\" \/>\n\t<meta name=\"generator\" content=\"All in One SEO Pro (AIOSEO) 4.9.6.2\" \/>\n\t\t<meta property=\"og:locale\" content=\"es_ES\" \/>\n\t\t<meta property=\"og:site_name\" content=\"Cand\u00e1s 365\" \/>\n\t\t<meta property=\"og:type\" content=\"article\" \/>\n\t\t<meta property=\"og:title\" content=\"24 Edici\u00f3n del Memorial \u201cLuis \u00c1ngel Fern\u00e1ndez Blanco\u201d, en Carre\u00f1o | Cand\u00e1s 365\" \/>\n\t\t<meta property=\"og:description\" content=\"La Sociedad de Cazadores de Carre\u00f1o &quot;San Huberto&quot; que gestiona el coto Carre\u00f1o que abarca terrenos de Carre\u00f1o y parcialmente Gij\u00f3n, celebrar\u00e1 el pr\u00f3ximo, domingo, 8 de Julio de 9 a 14 h. en el Monte Areo la 24 edici\u00f3n del memorial dedicado al joven cazador de Amb\u00e1s, Luis \u00c1ngel Fern\u00e1ndez Blanco. 17 Cazadores de Castilla\" \/>\n\t\t<meta property=\"og:url\" content=\"https:\/\/candas365.es\/noticias\/24-edicion-del-memorial-luis-angel-fernandez-blanco-en-carreno\/\" \/>\n\t\t<meta property=\"og:image\" content=\"https:\/\/candas365.es\/noticias\/wp-content\/uploads\/2018\/07\/cazador-participante.jpg\" \/>\n\t\t<meta property=\"og:image:secure_url\" content=\"https:\/\/candas365.es\/noticias\/wp-content\/uploads\/2018\/07\/cazador-participante.jpg\" \/>\n\t\t<meta property=\"og:image:width\" content=\"1280\" \/>\n\t\t<meta property=\"og:image:height\" content=\"960\" \/>\n\t\t<meta property=\"article:published_time\" content=\"2018-07-05T18:45:59+00:00\" \/>\n\t\t<meta property=\"article:modified_time\" content=\"2018-07-05T18:45:59+00:00\" \/>\n\t\t<meta property=\"article:publisher\" content=\"https:\/\/www.facebook.com\/Nachofdezber\" \/>\n\t\t<meta property=\"article:author\" content=\"https:\/\/www.facebook.com\/carrenoactualidad\" \/>\n\t\t<meta name=\"twitter:card\" content=\"summary_large_image\" \/>\n\t\t<meta name=\"twitter:site\" content=\"@NabercoDigital\" \/>\n\t\t<meta name=\"twitter:title\" content=\"24 Edici\u00f3n del Memorial \u201cLuis \u00c1ngel Fern\u00e1ndez Blanco\u201d, en Carre\u00f1o | Cand\u00e1s 365\" \/>\n\t\t<meta name=\"twitter:description\" content=\"La Sociedad de Cazadores de Carre\u00f1o &quot;San Huberto&quot; que gestiona el coto Carre\u00f1o que abarca terrenos de Carre\u00f1o y parcialmente Gij\u00f3n, celebrar\u00e1 el pr\u00f3ximo, domingo, 8 de Julio de 9 a 14 h. en el Monte Areo la 24 edici\u00f3n del memorial dedicado al joven cazador de Amb\u00e1s, Luis \u00c1ngel Fern\u00e1ndez Blanco. 17 Cazadores de Castilla\" \/>\n\t\t<meta name=\"twitter:creator\" content=\"@nbasturias\" \/>\n\t\t<meta name=\"twitter:image\" content=\"https:\/\/candas365.es\/noticias\/wp-content\/uploads\/2018\/07\/cazador-participante.jpg\" \/>\n\t\t<meta name=\"twitter:label1\" content=\"Escrito por\" \/>\n\t\t<meta name=\"twitter:data1\" content=\"Cand\u00e1s 365\" \/>\n\t\t<meta name=\"twitter:label2\" content=\"Tiempo de lectura estimado\" \/>\n\t\t<meta name=\"twitter:data2\" content=\"2 minutos\" \/>\n\t\t<script type=\"application\/ld+json\" class=\"aioseo-schema\">\n\t\t\t{\"@context\":\"https:\\\/\\\/schema.org\",\"@graph\":[{\"@type\":\"BreadcrumbList\",\"@id\":\"https:\\\/\\\/candas365.es\\\/noticias\\\/24-edicion-del-memorial-luis-angel-fernandez-blanco-en-carreno\\\/#breadcrumblist\",\"itemListElement\":[{\"@type\":\"ListItem\",\"@id\":\"https:\\\/\\\/candas365.es\\\/noticias#listItem\",\"position\":1,\"name\":\"Home\",\"item\":\"https:\\\/\\\/candas365.es\\\/noticias\",\"nextItem\":{\"@type\":\"ListItem\",\"@id\":\"https:\\\/\\\/candas365.es\\\/noticias\\\/category\\\/noticias-carreno\\\/#listItem\",\"name\":\"Noticias Carre\\u00f1o\"}},{\"@type\":\"ListItem\",\"@id\":\"https:\\\/\\\/candas365.es\\\/noticias\\\/category\\\/noticias-carreno\\\/#listItem\",\"position\":2,\"name\":\"Noticias Carre\\u00f1o\",\"item\":\"https:\\\/\\\/candas365.es\\\/noticias\\\/category\\\/noticias-carreno\\\/\",\"nextItem\":{\"@type\":\"ListItem\",\"@id\":\"https:\\\/\\\/candas365.es\\\/noticias\\\/24-edicion-del-memorial-luis-angel-fernandez-blanco-en-carreno\\\/#listItem\",\"name\":\"24 Edici\\u00f3n del Memorial \\u201cLuis \\u00c1ngel Fern\\u00e1ndez Blanco\\u201d, en Carre\\u00f1o\"},\"previousItem\":{\"@type\":\"ListItem\",\"@id\":\"https:\\\/\\\/candas365.es\\\/noticias#listItem\",\"name\":\"Home\"}},{\"@type\":\"ListItem\",\"@id\":\"https:\\\/\\\/candas365.es\\\/noticias\\\/24-edicion-del-memorial-luis-angel-fernandez-blanco-en-carreno\\\/#listItem\",\"position\":3,\"name\":\"24 Edici\\u00f3n del Memorial \\u201cLuis \\u00c1ngel Fern\\u00e1ndez Blanco\\u201d, en Carre\\u00f1o\",\"previousItem\":{\"@type\":\"ListItem\",\"@id\":\"https:\\\/\\\/candas365.es\\\/noticias\\\/category\\\/noticias-carreno\\\/#listItem\",\"name\":\"Noticias Carre\\u00f1o\"}}]},{\"@type\":\"NewsArticle\",\"@id\":\"https:\\\/\\\/candas365.es\\\/noticias\\\/24-edicion-del-memorial-luis-angel-fernandez-blanco-en-carreno\\\/#newsarticle\",\"name\":\"24 Edici\\u00f3n del Memorial \\u201cLuis \\u00c1ngel Fern\\u00e1ndez Blanco\\u201d, en Carre\\u00f1o | Cand\\u00e1s 365\",\"headline\":\"24 Edici\\u00f3n del Memorial \\u201cLuis \\u00c1ngel Fern\\u00e1ndez Blanco\\u201d, en Carre\\u00f1o\",\"author\":{\"@id\":\"https:\\\/\\\/candas365.es\\\/noticias\\\/author\\\/admin\\\/#author\"},\"publisher\":{\"@id\":\"https:\\\/\\\/candas365.es\\\/noticias\\\/#organization\"},\"image\":{\"@type\":\"ImageObject\",\"url\":\"https:\\\/\\\/candas365.es\\\/noticias\\\/wp-content\\\/uploads\\\/2018\\\/07\\\/cazador-participante.jpg\",\"width\":1280,\"height\":960},\"datePublished\":\"2018-07-05T18:45:59+02:00\",\"dateModified\":\"2018-07-05T18:45:59+02:00\",\"inLanguage\":\"es-ES\",\"mainEntityOfPage\":{\"@id\":\"https:\\\/\\\/candas365.es\\\/noticias\\\/24-edicion-del-memorial-luis-angel-fernandez-blanco-en-carreno\\\/#webpage\"},\"isPartOf\":{\"@id\":\"https:\\\/\\\/candas365.es\\\/noticias\\\/24-edicion-del-memorial-luis-angel-fernandez-blanco-en-carreno\\\/#webpage\"},\"articleSection\":\"Noticias Carre\\u00f1o\",\"dateline\":\"Publicado el julio 5, 2018.\"},{\"@type\":\"Organization\",\"@id\":\"https:\\\/\\\/candas365.es\\\/noticias\\\/#organization\",\"name\":\"Cand\\u00e1s 365\",\"description\":\"Cand\\u00e1s 365 es un diario digital independiente, fundado en 2012, con base en Asturias. Informamos con rigor sobre actualidad, sociedad, cultura y ocio, con una mirada local y global.\",\"url\":\"https:\\\/\\\/candas365.es\\\/noticias\\\/\",\"email\":\"info@candas365.es\",\"telephone\":\"+34652131393\",\"foundingDate\":\"2012-06-10\",\"logo\":{\"@type\":\"ImageObject\",\"url\":\"https:\\\/\\\/candas365.es\\\/noticias\\\/wp-content\\\/uploads\\\/2024\\\/09\\\/Candas-365-Redes.jpg\",\"@id\":\"https:\\\/\\\/candas365.es\\\/noticias\\\/24-edicion-del-memorial-luis-angel-fernandez-blanco-en-carreno\\\/#organizationLogo\",\"width\":1152,\"height\":864,\"caption\":\"Cand\\u00e1s 365 Redes\"},\"image\":{\"@id\":\"https:\\\/\\\/candas365.es\\\/noticias\\\/24-edicion-del-memorial-luis-angel-fernandez-blanco-en-carreno\\\/#organizationLogo\"},\"sameAs\":[\"https:\\\/\\\/www.facebook.com\\\/Nachofdezber\",\"https:\\\/\\\/x.com\\\/NabercoDigital\",\"https:\\\/\\\/www.instagram.com\\\/nachofdezber\\\/\",\"https:\\\/\\\/www.youtube.com\\\/channel\\\/UCZP-2wLEB9Rv6erhFmqVnvg\"],\"address\":{\"@id\":\"https:\\\/\\\/candas365.es\\\/noticias\\\/#postaladdress\",\"@type\":\"PostalAddress\",\"streetAddress\":\"san antonio 4, san antonio 4\",\"postalCode\":\"33430\",\"addressLocality\":\"Cand\\u00e1s\",\"addressRegion\":\"Asturias\",\"addressCountry\":\"ES\"}},{\"@type\":\"Person\",\"@id\":\"https:\\\/\\\/candas365.es\\\/noticias\\\/author\\\/admin\\\/#author\",\"url\":\"https:\\\/\\\/candas365.es\\\/noticias\\\/author\\\/admin\\\/\",\"name\":\"Cand\\u00e1s 365\",\"image\":{\"@type\":\"ImageObject\",\"@id\":\"https:\\\/\\\/candas365.es\\\/noticias\\\/24-edicion-del-memorial-luis-angel-fernandez-blanco-en-carreno\\\/#authorImage\",\"url\":\"https:\\\/\\\/secure.gravatar.com\\\/avatar\\\/496a8e03d0c493ede1718b7934145dbdf8d89be1036b0eec9544e1094c9de390?s=96&d=mm&r=g\",\"width\":96,\"height\":96,\"caption\":\"Cand\\u00e1s 365\"},\"sameAs\":[\"https:\\\/\\\/www.facebook.com\\\/carrenoactualidad\",\"https:\\\/\\\/twitter.com\\\/nbasturias\",\"https:\\\/\\\/www.instagram.com\\\/nachofdezber\\\/\",\"https:\\\/\\\/www.youtube.com\\\/channel\\\/UCZP-2wLEB9Rv6erhFmqVnvg\"]},{\"@type\":\"WebPage\",\"@id\":\"https:\\\/\\\/candas365.es\\\/noticias\\\/24-edicion-del-memorial-luis-angel-fernandez-blanco-en-carreno\\\/#webpage\",\"url\":\"https:\\\/\\\/candas365.es\\\/noticias\\\/24-edicion-del-memorial-luis-angel-fernandez-blanco-en-carreno\\\/\",\"name\":\"24 Edici\\u00f3n del Memorial \\u201cLuis \\u00c1ngel Fern\\u00e1ndez Blanco\\u201d, en Carre\\u00f1o | Cand\\u00e1s 365\",\"description\":\"La Sociedad de Cazadores de Carre\\u00f1o \\\"San Huberto\\\" que gestiona el coto Carre\\u00f1o que abarca terrenos de Carre\\u00f1o y parcialmente Gij\\u00f3n, celebrar\\u00e1 el pr\\u00f3ximo, domingo, 8 de Julio de 9 a 14 h. en el Monte Areo la 24 edici\\u00f3n del memorial dedicado al joven cazador de Amb\\u00e1s, Luis \\u00c1ngel Fern\\u00e1ndez Blanco. 17 Cazadores de Castilla\",\"inLanguage\":\"es-ES\",\"isPartOf\":{\"@id\":\"https:\\\/\\\/candas365.es\\\/noticias\\\/#website\"},\"breadcrumb\":{\"@id\":\"https:\\\/\\\/candas365.es\\\/noticias\\\/24-edicion-del-memorial-luis-angel-fernandez-blanco-en-carreno\\\/#breadcrumblist\"},\"author\":{\"@id\":\"https:\\\/\\\/candas365.es\\\/noticias\\\/author\\\/admin\\\/#author\"},\"creator\":{\"@id\":\"https:\\\/\\\/candas365.es\\\/noticias\\\/author\\\/admin\\\/#author\"},\"image\":{\"@type\":\"ImageObject\",\"url\":\"https:\\\/\\\/candas365.es\\\/noticias\\\/wp-content\\\/uploads\\\/2018\\\/07\\\/cazador-participante.jpg\",\"@id\":\"https:\\\/\\\/candas365.es\\\/noticias\\\/24-edicion-del-memorial-luis-angel-fernandez-blanco-en-carreno\\\/#mainImage\",\"width\":1280,\"height\":960},\"primaryImageOfPage\":{\"@id\":\"https:\\\/\\\/candas365.es\\\/noticias\\\/24-edicion-del-memorial-luis-angel-fernandez-blanco-en-carreno\\\/#mainImage\"},\"datePublished\":\"2018-07-05T18:45:59+02:00\",\"dateModified\":\"2018-07-05T18:45:59+02:00\"},{\"@type\":\"WebSite\",\"@id\":\"https:\\\/\\\/candas365.es\\\/noticias\\\/#website\",\"url\":\"https:\\\/\\\/candas365.es\\\/noticias\\\/\",\"name\":\"Cand\\u00e1s 365\",\"alternateName\":\"Cand\\u00e1s 365 Noticias\",\"description\":\"Actualidad desde Carre\\u00f1o para el mundo\",\"inLanguage\":\"es-ES\",\"publisher\":{\"@id\":\"https:\\\/\\\/candas365.es\\\/noticias\\\/#organization\"}}]}\n\t\t<\/script>\n\t\t<!-- All in One SEO Pro -->\r\n\t\t<title>24 Edici\u00f3n del Memorial \u201cLuis \u00c1ngel Fern\u00e1ndez Blanco\u201d, en Carre\u00f1o | Cand\u00e1s 365<\/title>\n\n","aioseo_head_json":{"title":"24 Edici\u00f3n del Memorial \u201cLuis \u00c1ngel Fern\u00e1ndez Blanco\u201d, en Carre\u00f1o | Cand\u00e1s 365","description":"La Sociedad de Cazadores de Carre\u00f1o \"San Huberto\" que gestiona el coto Carre\u00f1o que abarca terrenos de Carre\u00f1o y parcialmente Gij\u00f3n, celebrar\u00e1 el pr\u00f3ximo, domingo, 8 de Julio de 9 a 14 h. en el Monte Areo la 24 edici\u00f3n del memorial dedicado al joven cazador de Amb\u00e1s, Luis \u00c1ngel Fern\u00e1ndez Blanco. 17 Cazadores de Castilla","canonical_url":"https:\/\/candas365.es\/noticias\/24-edicion-del-memorial-luis-angel-fernandez-blanco-en-carreno\/","robots":"max-image-preview:large","keywords":"noticias carre\u00f1o","webmasterTools":{"google-site-verification":"UA-32230408-1","msvalidate.01":"354F3CDFB2DA171B47FBE9ABF1F88D5","miscellaneous":""},"schema":{"@context":"https:\/\/schema.org","@graph":[{"@type":"BreadcrumbList","@id":"https:\/\/candas365.es\/noticias\/24-edicion-del-memorial-luis-angel-fernandez-blanco-en-carreno\/#breadcrumblist","itemListElement":[{"@type":"ListItem","@id":"https:\/\/candas365.es\/noticias#listItem","position":1,"name":"Home","item":"https:\/\/candas365.es\/noticias","nextItem":{"@type":"ListItem","@id":"https:\/\/candas365.es\/noticias\/category\/noticias-carreno\/#listItem","name":"Noticias Carre\u00f1o"}},{"@type":"ListItem","@id":"https:\/\/candas365.es\/noticias\/category\/noticias-carreno\/#listItem","position":2,"name":"Noticias Carre\u00f1o","item":"https:\/\/candas365.es\/noticias\/category\/noticias-carreno\/","nextItem":{"@type":"ListItem","@id":"https:\/\/candas365.es\/noticias\/24-edicion-del-memorial-luis-angel-fernandez-blanco-en-carreno\/#listItem","name":"24 Edici\u00f3n del Memorial \u201cLuis \u00c1ngel Fern\u00e1ndez Blanco\u201d, en Carre\u00f1o"},"previousItem":{"@type":"ListItem","@id":"https:\/\/candas365.es\/noticias#listItem","name":"Home"}},{"@type":"ListItem","@id":"https:\/\/candas365.es\/noticias\/24-edicion-del-memorial-luis-angel-fernandez-blanco-en-carreno\/#listItem","position":3,"name":"24 Edici\u00f3n del Memorial \u201cLuis \u00c1ngel Fern\u00e1ndez Blanco\u201d, en Carre\u00f1o","previousItem":{"@type":"ListItem","@id":"https:\/\/candas365.es\/noticias\/category\/noticias-carreno\/#listItem","name":"Noticias Carre\u00f1o"}}]},{"@type":"NewsArticle","@id":"https:\/\/candas365.es\/noticias\/24-edicion-del-memorial-luis-angel-fernandez-blanco-en-carreno\/#newsarticle","name":"24 Edici\u00f3n del Memorial \u201cLuis \u00c1ngel Fern\u00e1ndez Blanco\u201d, en Carre\u00f1o | Cand\u00e1s 365","headline":"24 Edici\u00f3n del Memorial \u201cLuis \u00c1ngel Fern\u00e1ndez Blanco\u201d, en Carre\u00f1o","author":{"@id":"https:\/\/candas365.es\/noticias\/author\/admin\/#author"},"publisher":{"@id":"https:\/\/candas365.es\/noticias\/#organization"},"image":{"@type":"ImageObject","url":"https:\/\/candas365.es\/noticias\/wp-content\/uploads\/2018\/07\/cazador-participante.jpg","width":1280,"height":960},"datePublished":"2018-07-05T18:45:59+02:00","dateModified":"2018-07-05T18:45:59+02:00","inLanguage":"es-ES","mainEntityOfPage":{"@id":"https:\/\/candas365.es\/noticias\/24-edicion-del-memorial-luis-angel-fernandez-blanco-en-carreno\/#webpage"},"isPartOf":{"@id":"https:\/\/candas365.es\/noticias\/24-edicion-del-memorial-luis-angel-fernandez-blanco-en-carreno\/#webpage"},"articleSection":"Noticias Carre\u00f1o","dateline":"Publicado el julio 5, 2018."},{"@type":"Organization","@id":"https:\/\/candas365.es\/noticias\/#organization","name":"Cand\u00e1s 365","description":"Cand\u00e1s 365 es un diario digital independiente, fundado en 2012, con base en Asturias. Informamos con rigor sobre actualidad, sociedad, cultura y ocio, con una mirada local y global.","url":"https:\/\/candas365.es\/noticias\/","email":"info@candas365.es","telephone":"+34652131393","foundingDate":"2012-06-10","logo":{"@type":"ImageObject","url":"https:\/\/candas365.es\/noticias\/wp-content\/uploads\/2024\/09\/Candas-365-Redes.jpg","@id":"https:\/\/candas365.es\/noticias\/24-edicion-del-memorial-luis-angel-fernandez-blanco-en-carreno\/#organizationLogo","width":1152,"height":864,"caption":"Cand\u00e1s 365 Redes"},"image":{"@id":"https:\/\/candas365.es\/noticias\/24-edicion-del-memorial-luis-angel-fernandez-blanco-en-carreno\/#organizationLogo"},"sameAs":["https:\/\/www.facebook.com\/Nachofdezber","https:\/\/x.com\/NabercoDigital","https:\/\/www.instagram.com\/nachofdezber\/","https:\/\/www.youtube.com\/channel\/UCZP-2wLEB9Rv6erhFmqVnvg"],"address":{"@id":"https:\/\/candas365.es\/noticias\/#postaladdress","@type":"PostalAddress","streetAddress":"san antonio 4, san antonio 4","postalCode":"33430","addressLocality":"Cand\u00e1s","addressRegion":"Asturias","addressCountry":"ES"}},{"@type":"Person","@id":"https:\/\/candas365.es\/noticias\/author\/admin\/#author","url":"https:\/\/candas365.es\/noticias\/author\/admin\/","name":"Cand\u00e1s 365","image":{"@type":"ImageObject","@id":"https:\/\/candas365.es\/noticias\/24-edicion-del-memorial-luis-angel-fernandez-blanco-en-carreno\/#authorImage","url":"https:\/\/secure.gravatar.com\/avatar\/496a8e03d0c493ede1718b7934145dbdf8d89be1036b0eec9544e1094c9de390?s=96&d=mm&r=g","width":96,"height":96,"caption":"Cand\u00e1s 365"},"sameAs":["https:\/\/www.facebook.com\/carrenoactualidad","https:\/\/twitter.com\/nbasturias","https:\/\/www.instagram.com\/nachofdezber\/","https:\/\/www.youtube.com\/channel\/UCZP-2wLEB9Rv6erhFmqVnvg"]},{"@type":"WebPage","@id":"https:\/\/candas365.es\/noticias\/24-edicion-del-memorial-luis-angel-fernandez-blanco-en-carreno\/#webpage","url":"https:\/\/candas365.es\/noticias\/24-edicion-del-memorial-luis-angel-fernandez-blanco-en-carreno\/","name":"24 Edici\u00f3n del Memorial \u201cLuis \u00c1ngel Fern\u00e1ndez Blanco\u201d, en Carre\u00f1o | Cand\u00e1s 365","description":"La Sociedad de Cazadores de Carre\u00f1o \"San Huberto\" que gestiona el coto Carre\u00f1o que abarca terrenos de Carre\u00f1o y parcialmente Gij\u00f3n, celebrar\u00e1 el pr\u00f3ximo, domingo, 8 de Julio de 9 a 14 h. en el Monte Areo la 24 edici\u00f3n del memorial dedicado al joven cazador de Amb\u00e1s, Luis \u00c1ngel Fern\u00e1ndez Blanco. 17 Cazadores de Castilla","inLanguage":"es-ES","isPartOf":{"@id":"https:\/\/candas365.es\/noticias\/#website"},"breadcrumb":{"@id":"https:\/\/candas365.es\/noticias\/24-edicion-del-memorial-luis-angel-fernandez-blanco-en-carreno\/#breadcrumblist"},"author":{"@id":"https:\/\/candas365.es\/noticias\/author\/admin\/#author"},"creator":{"@id":"https:\/\/candas365.es\/noticias\/author\/admin\/#author"},"image":{"@type":"ImageObject","url":"https:\/\/candas365.es\/noticias\/wp-content\/uploads\/2018\/07\/cazador-participante.jpg","@id":"https:\/\/candas365.es\/noticias\/24-edicion-del-memorial-luis-angel-fernandez-blanco-en-carreno\/#mainImage","width":1280,"height":960},"primaryImageOfPage":{"@id":"https:\/\/candas365.es\/noticias\/24-edicion-del-memorial-luis-angel-fernandez-blanco-en-carreno\/#mainImage"},"datePublished":"2018-07-05T18:45:59+02:00","dateModified":"2018-07-05T18:45:59+02:00"},{"@type":"WebSite","@id":"https:\/\/candas365.es\/noticias\/#website","url":"https:\/\/candas365.es\/noticias\/","name":"Cand\u00e1s 365","alternateName":"Cand\u00e1s 365 Noticias","description":"Actualidad desde Carre\u00f1o para el mundo","inLanguage":"es-ES","publisher":{"@id":"https:\/\/candas365.es\/noticias\/#organization"}}]},"og:locale":"es_ES","og:site_name":"Cand\u00e1s 365","og:type":"article","og:title":"24 Edici\u00f3n del Memorial \u201cLuis \u00c1ngel Fern\u00e1ndez Blanco\u201d, en Carre\u00f1o | Cand\u00e1s 365","og:description":"La Sociedad de Cazadores de Carre\u00f1o &quot;San Huberto&quot; que gestiona el coto Carre\u00f1o que abarca terrenos de Carre\u00f1o y parcialmente Gij\u00f3n, celebrar\u00e1 el pr\u00f3ximo, domingo, 8 de Julio de 9 a 14 h. en el Monte Areo la 24 edici\u00f3n del memorial dedicado al joven cazador de Amb\u00e1s, Luis \u00c1ngel Fern\u00e1ndez Blanco. 17 Cazadores de Castilla","og:url":"https:\/\/candas365.es\/noticias\/24-edicion-del-memorial-luis-angel-fernandez-blanco-en-carreno\/","og:image":"https:\/\/candas365.es\/noticias\/wp-content\/uploads\/2018\/07\/cazador-participante.jpg","og:image:secure_url":"https:\/\/candas365.es\/noticias\/wp-content\/uploads\/2018\/07\/cazador-participante.jpg","og:image:width":1280,"og:image:height":960,"article:published_time":"2018-07-05T18:45:59+00:00","article:modified_time":"2018-07-05T18:45:59+00:00","article:publisher":"https:\/\/www.facebook.com\/Nachofdezber","article:author":"https:\/\/www.facebook.com\/carrenoactualidad","twitter:card":"summary_large_image","twitter:site":"@NabercoDigital","twitter:title":"24 Edici\u00f3n del Memorial \u201cLuis \u00c1ngel Fern\u00e1ndez Blanco\u201d, en Carre\u00f1o | Cand\u00e1s 365","twitter:description":"La Sociedad de Cazadores de Carre\u00f1o &quot;San Huberto&quot; que gestiona el coto Carre\u00f1o que abarca terrenos de Carre\u00f1o y parcialmente Gij\u00f3n, celebrar\u00e1 el pr\u00f3ximo, domingo, 8 de Julio de 9 a 14 h. en el Monte Areo la 24 edici\u00f3n del memorial dedicado al joven cazador de Amb\u00e1s, Luis \u00c1ngel Fern\u00e1ndez Blanco. 17 Cazadores de Castilla","twitter:creator":"@nbasturias","twitter:image":"https:\/\/candas365.es\/noticias\/wp-content\/uploads\/2018\/07\/cazador-participante.jpg","twitter:label1":"Escrito por","twitter:data1":"Cand\u00e1s 365","twitter:label2":"Tiempo de lectura estimado","twitter:data2":"2 minutos"},"aioseo_meta_data":{"post_id":"99749","title":null,"description":null,"keywords":null,"keyphrases":null,"primary_term":null,"canonical_url":null,"og_title":null,"og_description":null,"og_object_type":"default","og_image_type":"default","og_image_url":null,"og_image_width":null,"og_image_height":null,"og_image_custom_url":null,"og_image_custom_fields":null,"og_video":null,"og_custom_url":null,"og_article_section":null,"og_article_tags":null,"twitter_use_og":false,"twitter_card":"default","twitter_image_type":"default","twitter_image_url":null,"twitter_image_custom_url":null,"twitter_image_custom_fields":null,"twitter_title":null,"twitter_description":null,"schema":{"blockGraphs":[],"customGraphs":[],"default":{"data":{"Article":[],"Course":[],"Dataset":[],"FAQPage":[],"Movie":[],"Person":[],"Product":[],"ProductReview":[],"Car":[],"Recipe":[],"Service":[],"SoftwareApplication":[],"WebPage":[]},"graphName":"","isEnabled":true},"graphs":[],"defaultGraph":"","defaultPostTypeGraph":""},"schema_type":null,"schema_type_options":null,"pillar_content":false,"robots_default":true,"robots_noindex":false,"robots_noarchive":false,"robots_nosnippet":false,"robots_nofollow":false,"robots_noimageindex":false,"robots_noodp":false,"robots_notranslate":false,"robots_max_snippet":null,"robots_max_videopreview":null,"robots_max_imagepreview":"large","priority":null,"frequency":null,"location":null,"local_seo":null,"seo_analyzer_scan_date":"2025-08-27 06:57:11","breadcrumb_settings":null,"limit_modified_date":false,"reviewed_by":null,"open_ai":null,"ai":null,"created":"2020-12-21 11:49:13","updated":"2025-08-27 06:57:11"},"aioseo_breadcrumb":"<div class=\"aioseo-breadcrumbs\"><span class=\"aioseo-breadcrumb\">\n\t<a href=\"https:\/\/candas365.es\/noticias\" title=\"Home\">Home<\/a>\n<\/span><span class=\"aioseo-breadcrumb-separator\">&ndash;<\/span><span class=\"aioseo-breadcrumb\">\n\t<a href=\"https:\/\/candas365.es\/noticias\/category\/noticias-carreno\/\" title=\"Noticias Carre\u00f1o\">Noticias Carre\u00f1o<\/a>\n<\/span><span class=\"aioseo-breadcrumb-separator\">&ndash;<\/span><span class=\"aioseo-breadcrumb\">\n\t24 Edici\u00f3n del Memorial \u201cLuis \u00c1ngel Fern\u00e1ndez Blanco\u201d, en Carre\u00f1o\n<\/span><\/div>","aioseo_breadcrumb_json":[{"label":"Home","link":"https:\/\/candas365.es\/noticias"},{"label":"Noticias Carre\u00f1o","link":"https:\/\/candas365.es\/noticias\/category\/noticias-carreno\/"},{"label":"24 Edici\u00f3n del Memorial \u201cLuis \u00c1ngel Fern\u00e1ndez Blanco\u201d, en Carre\u00f1o","link":"https:\/\/candas365.es\/noticias\/24-edicion-del-memorial-luis-angel-fernandez-blanco-en-carreno\/"}],"_links":{"self":[{"href":"https:\/\/candas365.es\/noticias\/wp-json\/wp\/v2\/posts\/99749","targetHints":{"allow":["GET"]}}],"collection":[{"href":"https:\/\/candas365.es\/noticias\/wp-json\/wp\/v2\/posts"}],"about":[{"href":"https:\/\/candas365.es\/noticias\/wp-json\/wp\/v2\/types\/post"}],"author":[{"embeddable":true,"href":"https:\/\/candas365.es\/noticias\/wp-json\/wp\/v2\/users\/1"}],"replies":[{"embeddable":true,"href":"https:\/\/candas365.es\/noticias\/wp-json\/wp\/v2\/comments?post=99749"}],"version-history":[{"count":0,"href":"https:\/\/candas365.es\/noticias\/wp-json\/wp\/v2\/posts\/99749\/revisions"}],"wp:featuredmedia":[{"embeddable":true,"href":"https:\/\/candas365.es\/noticias\/wp-json\/wp\/v2\/media\/99750"}],"wp:attachment":[{"href":"https:\/\/candas365.es\/noticias\/wp-json\/wp\/v2\/media?parent=99749"}],"wp:term":[{"taxonomy":"category","embeddable":true,"href":"https:\/\/candas365.es\/noticias\/wp-json\/wp\/v2\/categories?post=99749"},{"taxonomy":"post_tag","embeddable":true,"href":"https:\/\/candas365.es\/noticias\/wp-json\/wp\/v2\/tags?post=99749"}],"curies":[{"name":"wp","href":"https:\/\/api.w.org\/{rel}","templated":true}]}}