{"id":99572,"date":"2018-07-03T14:59:40","date_gmt":"2018-07-03T14:59:40","guid":{"rendered":"http:\/\/candas365.es\/noticias\/?p=99572"},"modified":"2018-07-03T14:59:40","modified_gmt":"2018-07-03T14:59:40","slug":"bajan-las-cuotas-de-la-escuela-infantil-la-marinera","status":"publish","type":"post","link":"https:\/\/candas365.es\/noticias\/bajan-las-cuotas-de-la-escuela-infantil-la-marinera\/","title":{"rendered":"Bajan las cuotas de la Escuela Infantil \u201cLa Marinera\u201d"},"content":{"rendered":"<p><img fetchpriority=\"high\" decoding=\"async\" class=\"alignleft size-medium wp-image-6453\" src=\"https:\/\/candas365.es\/noticias\/wp-content\/uploads\/2015\/01\/ayuntamiento-360x270.jpg\" alt=\"\" width=\"360\" height=\"270\" srcset=\"https:\/\/candas365.es\/noticias\/wp-content\/uploads\/2015\/01\/ayuntamiento-360x270.jpg 360w, https:\/\/candas365.es\/noticias\/wp-content\/uploads\/2015\/01\/ayuntamiento-640x480.jpg 640w, https:\/\/candas365.es\/noticias\/wp-content\/uploads\/2015\/01\/ayuntamiento-768x576.jpg 768w, https:\/\/candas365.es\/noticias\/wp-content\/uploads\/2015\/01\/ayuntamiento-150x113.jpg 150w, https:\/\/candas365.es\/noticias\/wp-content\/uploads\/2015\/01\/ayuntamiento-450x338.jpg 450w, https:\/\/candas365.es\/noticias\/wp-content\/uploads\/2015\/01\/ayuntamiento-80x60.jpg 80w, https:\/\/candas365.es\/noticias\/wp-content\/uploads\/2015\/01\/ayuntamiento-265x198.jpg 265w, https:\/\/candas365.es\/noticias\/wp-content\/uploads\/2015\/01\/ayuntamiento-696x522.jpg 696w, https:\/\/candas365.es\/noticias\/wp-content\/uploads\/2015\/01\/ayuntamiento-560x420.jpg 560w, https:\/\/candas365.es\/noticias\/wp-content\/uploads\/2015\/01\/ayuntamiento-90x67.jpg 90w, https:\/\/candas365.es\/noticias\/wp-content\/uploads\/2015\/01\/ayuntamiento.jpg 800w\" sizes=\"(max-width: 360px) 100vw, 360px\" \/>El pasado jueves 28 de junio en Sesi\u00f3n Plenario, el Ayuntamiento de Carre\u00f1o ha aprobado la modificaci\u00f3n inicial de la Ordenanza Fiscal Municipal que regula los precios p\u00fablicos que regir\u00e1n en la Escuela Infantil Municipal \u201cLa Marinera\u201d para el curso 2018-2019. <strong>Estas cuotas pasar\u00e1n a ser la mitad en comparaci\u00f3n con el curso que finaliza este mes<\/strong>.<\/p>\n<p>\u201cCon la modificaci\u00f3n de esta ordenanza fiscal, que entrar\u00e1 en vigor el pr\u00f3ximo curso, las familias usuarias de este servicio ver\u00e1n beneficiadas de esta bajada en las cuotas y la modificaci\u00f3n en el sistema de bonificaciones. Desde los dos gobiernos socialistas, el Gobierno del Principado de Asturias como el de Carre\u00f1o, se ha hecho un esfuerzo por ambas administraciones para la financiaci\u00f3n de la actuaciones en la Escuela Municipal de Educaci\u00f3n Infantil del Concejo, con el fin de que todas las familias del Concejo puedan acceder a este servicio en aras de conciliar la vida familiar, personal y laboral\u201dse\u00f1al\u00f3 Cecilia Tasc\u00f3n-Concejala de Educaci\u00f3n.<\/p>\n<p>La aprobaci\u00f3n de esta Ordenanza Municipal lleva parejo que una jornada completa, es decir, el ni\u00f1o o la ni\u00f1a permanece en el centro 8 horas, pasar\u00e1 abonar una cuota mensual de 161,76 \u20ac mientras que en el curso pasado era de 323,52 \u20ac al mes. Esta reducci\u00f3n supone una bajada del 50%. Mientras que en el caso de la media jornada, 4 horas de permanencia en el centro educativo, la cuota mensual pasar\u00e1 a ser de 80,88 \u20ac frente a los 161,76 \u20ac del curso 2017-2018.<\/p>\n<p>Adem\u00e1s existe un sistema de bonificaciones y precios p\u00fablicos que se aplicar\u00e1 en funci\u00f3n de la renta familiar. De esta forma aquellas familias, por ejemplo, cuya renta no supere 2 veces el Salario M\u00ednimo Interprofesional (SMI)tendr\u00e1n una bonificaci\u00f3n del 100%, no teniendo que abonar ninguna cuota. Y en el supuesto de que varios hijos o hijas de la unidad familiar asistan al centro, tambi\u00e9n se aplicar\u00e1 un descuento adicional del 20% en la cuota correspondiente.<\/p>\n<p>\u201cCon esta serie de medidas los gobiernos socialistas, local y auton\u00f3mico, hemos sumado esfuerzo para acercarnos a nuestra meta de una educaci\u00f3n universal p\u00fablica y gratuita para todos y todas, ofreciendo a la ciudadan\u00eda unos servicios p\u00fablicos de calidad. Sin olvidarnos de la premisa que invertir en educaci\u00f3n es invertir en nuestro futuro, en las personas del hoy y del ma\u00f1ana. La educaci\u00f3n es uno de los pilares fundamentales sobre el que se asienta nuestra sociedad y una sociedad sin un buen sistema educativo se queda estancada en el pasado, no avanza\u201d coment\u00f3 Tasc\u00f3n.<\/p>\n<p>Tras la aprobaci\u00f3n inicial de la Ordenanza por el Pleno del Ayuntamiento de Carre\u00f1o y su publicaci\u00f3n en el BOPA (Bolet\u00edn Oficial del Principado de Asturias), se abrir\u00e1 un plazo de un mes de alegaciones para que la ciudadan\u00eda pueda presentar las alegaciones que crea oportuno. Tras la finalizaci\u00f3n de este mes, si no existe alegaci\u00f3n alguna, la Ordenanza se aprobar\u00e1 autom\u00e1ticamente y podr\u00e1 ser aplicada.<\/p>\n","protected":false},"excerpt":{"rendered":"<p>El pasado jueves 28 de junio en Sesi\u00f3n Plenario, el Ayuntamiento de Carre\u00f1o ha aprobado la modificaci\u00f3n inicial de la Ordenanza Fiscal Municipal que regula los precios p\u00fablicos que regir\u00e1n en la Escuela Infantil Municipal \u201cLa Marinera\u201d para el curso 2018-2019. Estas cuotas pasar\u00e1n a ser la mitad en comparaci\u00f3n con el curso que finaliza<\/p>\n","protected":false},"author":1,"featured_media":6453,"comment_status":"closed","ping_status":"closed","sticky":false,"template":"","format":"standard","meta":{"footnotes":""},"categories":[2],"tags":[],"class_list":{"0":"post-99572","1":"post","2":"type-post","3":"status-publish","4":"format-standard","5":"has-post-thumbnail","7":"category-noticias-carreno"},"aioseo_notices":[],"aioseo_head":"\n\t\t<!-- All in One SEO Pro 4.9.6.2 - aioseo.com -->\n\t<meta name=\"description\" content=\"El pasado jueves 28 de junio en Sesi\u00f3n Plenario, el Ayuntamiento de Carre\u00f1o ha aprobado la modificaci\u00f3n inicial de la Ordenanza Fiscal Municipal que regula los precios p\u00fablicos que regir\u00e1n en la Escuela Infantil Municipal \u201cLa Marinera\u201d para el curso 2018-2019. Estas cuotas pasar\u00e1n a ser la mitad en comparaci\u00f3n con el curso que finaliza\" \/>\n\t<meta name=\"robots\" content=\"max-image-preview:large\" \/>\n\t<meta name=\"author\" content=\"Cand\u00e1s 365\"\/>\n\t<meta name=\"google-site-verification\" content=\"UA-32230408-1\" \/>\n\t<meta name=\"msvalidate.01\" content=\"354F3CDFB2DA171B47FBE9ABF1F88D5\" \/>\n\t<meta name=\"keywords\" content=\"noticias carre\u00f1o\" \/>\n\t<link rel=\"canonical\" href=\"https:\/\/candas365.es\/noticias\/bajan-las-cuotas-de-la-escuela-infantil-la-marinera\/\" \/>\n\t<meta name=\"generator\" content=\"All in One SEO Pro (AIOSEO) 4.9.6.2\" \/>\n\t\t<meta property=\"og:locale\" content=\"es_ES\" \/>\n\t\t<meta property=\"og:site_name\" content=\"Cand\u00e1s 365\" \/>\n\t\t<meta property=\"og:type\" content=\"article\" \/>\n\t\t<meta property=\"og:title\" content=\"Bajan las cuotas de la Escuela Infantil \u201cLa Marinera\u201d | Cand\u00e1s 365\" \/>\n\t\t<meta property=\"og:description\" content=\"El pasado jueves 28 de junio en Sesi\u00f3n Plenario, el Ayuntamiento de Carre\u00f1o ha aprobado la modificaci\u00f3n inicial de la Ordenanza Fiscal Municipal que regula los precios p\u00fablicos que regir\u00e1n en la Escuela Infantil Municipal \u201cLa Marinera\u201d para el curso 2018-2019. Estas cuotas pasar\u00e1n a ser la mitad en comparaci\u00f3n con el curso que finaliza\" \/>\n\t\t<meta property=\"og:url\" content=\"https:\/\/candas365.es\/noticias\/bajan-las-cuotas-de-la-escuela-infantil-la-marinera\/\" \/>\n\t\t<meta property=\"og:image\" content=\"https:\/\/candas365.es\/noticias\/wp-content\/uploads\/2015\/01\/ayuntamiento.jpg\" \/>\n\t\t<meta property=\"og:image:secure_url\" content=\"https:\/\/candas365.es\/noticias\/wp-content\/uploads\/2015\/01\/ayuntamiento.jpg\" \/>\n\t\t<meta property=\"og:image:width\" content=\"800\" \/>\n\t\t<meta property=\"og:image:height\" content=\"600\" \/>\n\t\t<meta property=\"article:published_time\" content=\"2018-07-03T14:59:40+00:00\" \/>\n\t\t<meta property=\"article:modified_time\" content=\"2018-07-03T14:59:40+00:00\" \/>\n\t\t<meta property=\"article:publisher\" content=\"https:\/\/www.facebook.com\/Nachofdezber\" \/>\n\t\t<meta property=\"article:author\" content=\"https:\/\/www.facebook.com\/carrenoactualidad\" \/>\n\t\t<meta name=\"twitter:card\" content=\"summary_large_image\" \/>\n\t\t<meta name=\"twitter:site\" content=\"@NabercoDigital\" \/>\n\t\t<meta name=\"twitter:title\" content=\"Bajan las cuotas de la Escuela Infantil \u201cLa Marinera\u201d | Cand\u00e1s 365\" \/>\n\t\t<meta name=\"twitter:description\" content=\"El pasado jueves 28 de junio en Sesi\u00f3n Plenario, el Ayuntamiento de Carre\u00f1o ha aprobado la modificaci\u00f3n inicial de la Ordenanza Fiscal Municipal que regula los precios p\u00fablicos que regir\u00e1n en la Escuela Infantil Municipal \u201cLa Marinera\u201d para el curso 2018-2019. Estas cuotas pasar\u00e1n a ser la mitad en comparaci\u00f3n con el curso que finaliza\" \/>\n\t\t<meta name=\"twitter:creator\" content=\"@nbasturias\" \/>\n\t\t<meta name=\"twitter:image\" content=\"https:\/\/candas365.es\/noticias\/wp-content\/uploads\/2015\/01\/ayuntamiento.jpg\" \/>\n\t\t<meta name=\"twitter:label1\" content=\"Escrito por\" \/>\n\t\t<meta name=\"twitter:data1\" content=\"Cand\u00e1s 365\" \/>\n\t\t<meta name=\"twitter:label2\" content=\"Tiempo de lectura estimado\" \/>\n\t\t<meta name=\"twitter:data2\" content=\"3 minutos\" \/>\n\t\t<script type=\"application\/ld+json\" class=\"aioseo-schema\">\n\t\t\t{\"@context\":\"https:\\\/\\\/schema.org\",\"@graph\":[{\"@type\":\"BreadcrumbList\",\"@id\":\"https:\\\/\\\/candas365.es\\\/noticias\\\/bajan-las-cuotas-de-la-escuela-infantil-la-marinera\\\/#breadcrumblist\",\"itemListElement\":[{\"@type\":\"ListItem\",\"@id\":\"https:\\\/\\\/candas365.es\\\/noticias#listItem\",\"position\":1,\"name\":\"Home\",\"item\":\"https:\\\/\\\/candas365.es\\\/noticias\",\"nextItem\":{\"@type\":\"ListItem\",\"@id\":\"https:\\\/\\\/candas365.es\\\/noticias\\\/category\\\/noticias-carreno\\\/#listItem\",\"name\":\"Noticias Carre\\u00f1o\"}},{\"@type\":\"ListItem\",\"@id\":\"https:\\\/\\\/candas365.es\\\/noticias\\\/category\\\/noticias-carreno\\\/#listItem\",\"position\":2,\"name\":\"Noticias Carre\\u00f1o\",\"item\":\"https:\\\/\\\/candas365.es\\\/noticias\\\/category\\\/noticias-carreno\\\/\",\"nextItem\":{\"@type\":\"ListItem\",\"@id\":\"https:\\\/\\\/candas365.es\\\/noticias\\\/bajan-las-cuotas-de-la-escuela-infantil-la-marinera\\\/#listItem\",\"name\":\"Bajan las cuotas de la Escuela Infantil \\u201cLa Marinera\\u201d\"},\"previousItem\":{\"@type\":\"ListItem\",\"@id\":\"https:\\\/\\\/candas365.es\\\/noticias#listItem\",\"name\":\"Home\"}},{\"@type\":\"ListItem\",\"@id\":\"https:\\\/\\\/candas365.es\\\/noticias\\\/bajan-las-cuotas-de-la-escuela-infantil-la-marinera\\\/#listItem\",\"position\":3,\"name\":\"Bajan las cuotas de la Escuela Infantil \\u201cLa Marinera\\u201d\",\"previousItem\":{\"@type\":\"ListItem\",\"@id\":\"https:\\\/\\\/candas365.es\\\/noticias\\\/category\\\/noticias-carreno\\\/#listItem\",\"name\":\"Noticias Carre\\u00f1o\"}}]},{\"@type\":\"NewsArticle\",\"@id\":\"https:\\\/\\\/candas365.es\\\/noticias\\\/bajan-las-cuotas-de-la-escuela-infantil-la-marinera\\\/#newsarticle\",\"name\":\"Bajan las cuotas de la Escuela Infantil \\u201cLa Marinera\\u201d | Cand\\u00e1s 365\",\"headline\":\"Bajan las cuotas de la Escuela Infantil \\u201cLa Marinera\\u201d\",\"author\":{\"@id\":\"https:\\\/\\\/candas365.es\\\/noticias\\\/author\\\/admin\\\/#author\"},\"publisher\":{\"@id\":\"https:\\\/\\\/candas365.es\\\/noticias\\\/#organization\"},\"image\":{\"@type\":\"ImageObject\",\"url\":\"https:\\\/\\\/candas365.es\\\/noticias\\\/wp-content\\\/uploads\\\/2015\\\/01\\\/ayuntamiento.jpg\",\"width\":800,\"height\":600,\"caption\":\"Carre\\u00f1o\"},\"datePublished\":\"2018-07-03T14:59:40+02:00\",\"dateModified\":\"2018-07-03T14:59:40+02:00\",\"inLanguage\":\"es-ES\",\"mainEntityOfPage\":{\"@id\":\"https:\\\/\\\/candas365.es\\\/noticias\\\/bajan-las-cuotas-de-la-escuela-infantil-la-marinera\\\/#webpage\"},\"isPartOf\":{\"@id\":\"https:\\\/\\\/candas365.es\\\/noticias\\\/bajan-las-cuotas-de-la-escuela-infantil-la-marinera\\\/#webpage\"},\"articleSection\":\"Noticias Carre\\u00f1o\",\"dateline\":\"Publicado el julio 3, 2018.\"},{\"@type\":\"Organization\",\"@id\":\"https:\\\/\\\/candas365.es\\\/noticias\\\/#organization\",\"name\":\"Cand\\u00e1s 365\",\"description\":\"Cand\\u00e1s 365 es un diario digital independiente, fundado en 2012, con base en Asturias. Informamos con rigor sobre actualidad, sociedad, cultura y ocio, con una mirada local y global.\",\"url\":\"https:\\\/\\\/candas365.es\\\/noticias\\\/\",\"email\":\"info@candas365.es\",\"telephone\":\"+34652131393\",\"foundingDate\":\"2012-06-10\",\"logo\":{\"@type\":\"ImageObject\",\"url\":\"https:\\\/\\\/candas365.es\\\/noticias\\\/wp-content\\\/uploads\\\/2024\\\/09\\\/Candas-365-Redes.jpg\",\"@id\":\"https:\\\/\\\/candas365.es\\\/noticias\\\/bajan-las-cuotas-de-la-escuela-infantil-la-marinera\\\/#organizationLogo\",\"width\":1152,\"height\":864,\"caption\":\"Cand\\u00e1s 365 Redes\"},\"image\":{\"@id\":\"https:\\\/\\\/candas365.es\\\/noticias\\\/bajan-las-cuotas-de-la-escuela-infantil-la-marinera\\\/#organizationLogo\"},\"sameAs\":[\"https:\\\/\\\/www.facebook.com\\\/Nachofdezber\",\"https:\\\/\\\/x.com\\\/NabercoDigital\",\"https:\\\/\\\/www.instagram.com\\\/nachofdezber\\\/\",\"https:\\\/\\\/www.youtube.com\\\/channel\\\/UCZP-2wLEB9Rv6erhFmqVnvg\"],\"address\":{\"@id\":\"https:\\\/\\\/candas365.es\\\/noticias\\\/#postaladdress\",\"@type\":\"PostalAddress\",\"streetAddress\":\"san antonio 4, san antonio 4\",\"postalCode\":\"33430\",\"addressLocality\":\"Cand\\u00e1s\",\"addressRegion\":\"Asturias\",\"addressCountry\":\"ES\"}},{\"@type\":\"Person\",\"@id\":\"https:\\\/\\\/candas365.es\\\/noticias\\\/author\\\/admin\\\/#author\",\"url\":\"https:\\\/\\\/candas365.es\\\/noticias\\\/author\\\/admin\\\/\",\"name\":\"Cand\\u00e1s 365\",\"image\":{\"@type\":\"ImageObject\",\"@id\":\"https:\\\/\\\/candas365.es\\\/noticias\\\/bajan-las-cuotas-de-la-escuela-infantil-la-marinera\\\/#authorImage\",\"url\":\"https:\\\/\\\/secure.gravatar.com\\\/avatar\\\/496a8e03d0c493ede1718b7934145dbdf8d89be1036b0eec9544e1094c9de390?s=96&d=mm&r=g\",\"width\":96,\"height\":96,\"caption\":\"Cand\\u00e1s 365\"},\"sameAs\":[\"https:\\\/\\\/www.facebook.com\\\/carrenoactualidad\",\"https:\\\/\\\/twitter.com\\\/nbasturias\",\"https:\\\/\\\/www.instagram.com\\\/nachofdezber\\\/\",\"https:\\\/\\\/www.youtube.com\\\/channel\\\/UCZP-2wLEB9Rv6erhFmqVnvg\"]},{\"@type\":\"WebPage\",\"@id\":\"https:\\\/\\\/candas365.es\\\/noticias\\\/bajan-las-cuotas-de-la-escuela-infantil-la-marinera\\\/#webpage\",\"url\":\"https:\\\/\\\/candas365.es\\\/noticias\\\/bajan-las-cuotas-de-la-escuela-infantil-la-marinera\\\/\",\"name\":\"Bajan las cuotas de la Escuela Infantil \\u201cLa Marinera\\u201d | Cand\\u00e1s 365\",\"description\":\"El pasado jueves 28 de junio en Sesi\\u00f3n Plenario, el Ayuntamiento de Carre\\u00f1o ha aprobado la modificaci\\u00f3n inicial de la Ordenanza Fiscal Municipal que regula los precios p\\u00fablicos que regir\\u00e1n en la Escuela Infantil Municipal \\u201cLa Marinera\\u201d para el curso 2018-2019. Estas cuotas pasar\\u00e1n a ser la mitad en comparaci\\u00f3n con el curso que finaliza\",\"inLanguage\":\"es-ES\",\"isPartOf\":{\"@id\":\"https:\\\/\\\/candas365.es\\\/noticias\\\/#website\"},\"breadcrumb\":{\"@id\":\"https:\\\/\\\/candas365.es\\\/noticias\\\/bajan-las-cuotas-de-la-escuela-infantil-la-marinera\\\/#breadcrumblist\"},\"author\":{\"@id\":\"https:\\\/\\\/candas365.es\\\/noticias\\\/author\\\/admin\\\/#author\"},\"creator\":{\"@id\":\"https:\\\/\\\/candas365.es\\\/noticias\\\/author\\\/admin\\\/#author\"},\"image\":{\"@type\":\"ImageObject\",\"url\":\"https:\\\/\\\/candas365.es\\\/noticias\\\/wp-content\\\/uploads\\\/2015\\\/01\\\/ayuntamiento.jpg\",\"@id\":\"https:\\\/\\\/candas365.es\\\/noticias\\\/bajan-las-cuotas-de-la-escuela-infantil-la-marinera\\\/#mainImage\",\"width\":800,\"height\":600,\"caption\":\"Carre\\u00f1o\"},\"primaryImageOfPage\":{\"@id\":\"https:\\\/\\\/candas365.es\\\/noticias\\\/bajan-las-cuotas-de-la-escuela-infantil-la-marinera\\\/#mainImage\"},\"datePublished\":\"2018-07-03T14:59:40+02:00\",\"dateModified\":\"2018-07-03T14:59:40+02:00\"},{\"@type\":\"WebSite\",\"@id\":\"https:\\\/\\\/candas365.es\\\/noticias\\\/#website\",\"url\":\"https:\\\/\\\/candas365.es\\\/noticias\\\/\",\"name\":\"Cand\\u00e1s 365\",\"alternateName\":\"Cand\\u00e1s 365 Noticias\",\"description\":\"Actualidad desde Carre\\u00f1o para el mundo\",\"inLanguage\":\"es-ES\",\"publisher\":{\"@id\":\"https:\\\/\\\/candas365.es\\\/noticias\\\/#organization\"}}]}\n\t\t<\/script>\n\t\t<!-- All in One SEO Pro -->\r\n\t\t<title>Bajan las cuotas de la Escuela Infantil \u201cLa Marinera\u201d | Cand\u00e1s 365<\/title>\n\n","aioseo_head_json":{"title":"Bajan las cuotas de la Escuela Infantil \u201cLa Marinera\u201d | Cand\u00e1s 365","description":"El pasado jueves 28 de junio en Sesi\u00f3n Plenario, el Ayuntamiento de Carre\u00f1o ha aprobado la modificaci\u00f3n inicial de la Ordenanza Fiscal Municipal que regula los precios p\u00fablicos que regir\u00e1n en la Escuela Infantil Municipal \u201cLa Marinera\u201d para el curso 2018-2019. Estas cuotas pasar\u00e1n a ser la mitad en comparaci\u00f3n con el curso que finaliza","canonical_url":"https:\/\/candas365.es\/noticias\/bajan-las-cuotas-de-la-escuela-infantil-la-marinera\/","robots":"max-image-preview:large","keywords":"noticias carre\u00f1o","webmasterTools":{"google-site-verification":"UA-32230408-1","msvalidate.01":"354F3CDFB2DA171B47FBE9ABF1F88D5","miscellaneous":""},"schema":{"@context":"https:\/\/schema.org","@graph":[{"@type":"BreadcrumbList","@id":"https:\/\/candas365.es\/noticias\/bajan-las-cuotas-de-la-escuela-infantil-la-marinera\/#breadcrumblist","itemListElement":[{"@type":"ListItem","@id":"https:\/\/candas365.es\/noticias#listItem","position":1,"name":"Home","item":"https:\/\/candas365.es\/noticias","nextItem":{"@type":"ListItem","@id":"https:\/\/candas365.es\/noticias\/category\/noticias-carreno\/#listItem","name":"Noticias Carre\u00f1o"}},{"@type":"ListItem","@id":"https:\/\/candas365.es\/noticias\/category\/noticias-carreno\/#listItem","position":2,"name":"Noticias Carre\u00f1o","item":"https:\/\/candas365.es\/noticias\/category\/noticias-carreno\/","nextItem":{"@type":"ListItem","@id":"https:\/\/candas365.es\/noticias\/bajan-las-cuotas-de-la-escuela-infantil-la-marinera\/#listItem","name":"Bajan las cuotas de la Escuela Infantil \u201cLa Marinera\u201d"},"previousItem":{"@type":"ListItem","@id":"https:\/\/candas365.es\/noticias#listItem","name":"Home"}},{"@type":"ListItem","@id":"https:\/\/candas365.es\/noticias\/bajan-las-cuotas-de-la-escuela-infantil-la-marinera\/#listItem","position":3,"name":"Bajan las cuotas de la Escuela Infantil \u201cLa Marinera\u201d","previousItem":{"@type":"ListItem","@id":"https:\/\/candas365.es\/noticias\/category\/noticias-carreno\/#listItem","name":"Noticias Carre\u00f1o"}}]},{"@type":"NewsArticle","@id":"https:\/\/candas365.es\/noticias\/bajan-las-cuotas-de-la-escuela-infantil-la-marinera\/#newsarticle","name":"Bajan las cuotas de la Escuela Infantil \u201cLa Marinera\u201d | Cand\u00e1s 365","headline":"Bajan las cuotas de la Escuela Infantil \u201cLa Marinera\u201d","author":{"@id":"https:\/\/candas365.es\/noticias\/author\/admin\/#author"},"publisher":{"@id":"https:\/\/candas365.es\/noticias\/#organization"},"image":{"@type":"ImageObject","url":"https:\/\/candas365.es\/noticias\/wp-content\/uploads\/2015\/01\/ayuntamiento.jpg","width":800,"height":600,"caption":"Carre\u00f1o"},"datePublished":"2018-07-03T14:59:40+02:00","dateModified":"2018-07-03T14:59:40+02:00","inLanguage":"es-ES","mainEntityOfPage":{"@id":"https:\/\/candas365.es\/noticias\/bajan-las-cuotas-de-la-escuela-infantil-la-marinera\/#webpage"},"isPartOf":{"@id":"https:\/\/candas365.es\/noticias\/bajan-las-cuotas-de-la-escuela-infantil-la-marinera\/#webpage"},"articleSection":"Noticias Carre\u00f1o","dateline":"Publicado el julio 3, 2018."},{"@type":"Organization","@id":"https:\/\/candas365.es\/noticias\/#organization","name":"Cand\u00e1s 365","description":"Cand\u00e1s 365 es un diario digital independiente, fundado en 2012, con base en Asturias. Informamos con rigor sobre actualidad, sociedad, cultura y ocio, con una mirada local y global.","url":"https:\/\/candas365.es\/noticias\/","email":"info@candas365.es","telephone":"+34652131393","foundingDate":"2012-06-10","logo":{"@type":"ImageObject","url":"https:\/\/candas365.es\/noticias\/wp-content\/uploads\/2024\/09\/Candas-365-Redes.jpg","@id":"https:\/\/candas365.es\/noticias\/bajan-las-cuotas-de-la-escuela-infantil-la-marinera\/#organizationLogo","width":1152,"height":864,"caption":"Cand\u00e1s 365 Redes"},"image":{"@id":"https:\/\/candas365.es\/noticias\/bajan-las-cuotas-de-la-escuela-infantil-la-marinera\/#organizationLogo"},"sameAs":["https:\/\/www.facebook.com\/Nachofdezber","https:\/\/x.com\/NabercoDigital","https:\/\/www.instagram.com\/nachofdezber\/","https:\/\/www.youtube.com\/channel\/UCZP-2wLEB9Rv6erhFmqVnvg"],"address":{"@id":"https:\/\/candas365.es\/noticias\/#postaladdress","@type":"PostalAddress","streetAddress":"san antonio 4, san antonio 4","postalCode":"33430","addressLocality":"Cand\u00e1s","addressRegion":"Asturias","addressCountry":"ES"}},{"@type":"Person","@id":"https:\/\/candas365.es\/noticias\/author\/admin\/#author","url":"https:\/\/candas365.es\/noticias\/author\/admin\/","name":"Cand\u00e1s 365","image":{"@type":"ImageObject","@id":"https:\/\/candas365.es\/noticias\/bajan-las-cuotas-de-la-escuela-infantil-la-marinera\/#authorImage","url":"https:\/\/secure.gravatar.com\/avatar\/496a8e03d0c493ede1718b7934145dbdf8d89be1036b0eec9544e1094c9de390?s=96&d=mm&r=g","width":96,"height":96,"caption":"Cand\u00e1s 365"},"sameAs":["https:\/\/www.facebook.com\/carrenoactualidad","https:\/\/twitter.com\/nbasturias","https:\/\/www.instagram.com\/nachofdezber\/","https:\/\/www.youtube.com\/channel\/UCZP-2wLEB9Rv6erhFmqVnvg"]},{"@type":"WebPage","@id":"https:\/\/candas365.es\/noticias\/bajan-las-cuotas-de-la-escuela-infantil-la-marinera\/#webpage","url":"https:\/\/candas365.es\/noticias\/bajan-las-cuotas-de-la-escuela-infantil-la-marinera\/","name":"Bajan las cuotas de la Escuela Infantil \u201cLa Marinera\u201d | Cand\u00e1s 365","description":"El pasado jueves 28 de junio en Sesi\u00f3n Plenario, el Ayuntamiento de Carre\u00f1o ha aprobado la modificaci\u00f3n inicial de la Ordenanza Fiscal Municipal que regula los precios p\u00fablicos que regir\u00e1n en la Escuela Infantil Municipal \u201cLa Marinera\u201d para el curso 2018-2019. Estas cuotas pasar\u00e1n a ser la mitad en comparaci\u00f3n con el curso que finaliza","inLanguage":"es-ES","isPartOf":{"@id":"https:\/\/candas365.es\/noticias\/#website"},"breadcrumb":{"@id":"https:\/\/candas365.es\/noticias\/bajan-las-cuotas-de-la-escuela-infantil-la-marinera\/#breadcrumblist"},"author":{"@id":"https:\/\/candas365.es\/noticias\/author\/admin\/#author"},"creator":{"@id":"https:\/\/candas365.es\/noticias\/author\/admin\/#author"},"image":{"@type":"ImageObject","url":"https:\/\/candas365.es\/noticias\/wp-content\/uploads\/2015\/01\/ayuntamiento.jpg","@id":"https:\/\/candas365.es\/noticias\/bajan-las-cuotas-de-la-escuela-infantil-la-marinera\/#mainImage","width":800,"height":600,"caption":"Carre\u00f1o"},"primaryImageOfPage":{"@id":"https:\/\/candas365.es\/noticias\/bajan-las-cuotas-de-la-escuela-infantil-la-marinera\/#mainImage"},"datePublished":"2018-07-03T14:59:40+02:00","dateModified":"2018-07-03T14:59:40+02:00"},{"@type":"WebSite","@id":"https:\/\/candas365.es\/noticias\/#website","url":"https:\/\/candas365.es\/noticias\/","name":"Cand\u00e1s 365","alternateName":"Cand\u00e1s 365 Noticias","description":"Actualidad desde Carre\u00f1o para el mundo","inLanguage":"es-ES","publisher":{"@id":"https:\/\/candas365.es\/noticias\/#organization"}}]},"og:locale":"es_ES","og:site_name":"Cand\u00e1s 365","og:type":"article","og:title":"Bajan las cuotas de la Escuela Infantil \u201cLa Marinera\u201d | Cand\u00e1s 365","og:description":"El pasado jueves 28 de junio en Sesi\u00f3n Plenario, el Ayuntamiento de Carre\u00f1o ha aprobado la modificaci\u00f3n inicial de la Ordenanza Fiscal Municipal que regula los precios p\u00fablicos que regir\u00e1n en la Escuela Infantil Municipal \u201cLa Marinera\u201d para el curso 2018-2019. Estas cuotas pasar\u00e1n a ser la mitad en comparaci\u00f3n con el curso que finaliza","og:url":"https:\/\/candas365.es\/noticias\/bajan-las-cuotas-de-la-escuela-infantil-la-marinera\/","og:image":"https:\/\/candas365.es\/noticias\/wp-content\/uploads\/2015\/01\/ayuntamiento.jpg","og:image:secure_url":"https:\/\/candas365.es\/noticias\/wp-content\/uploads\/2015\/01\/ayuntamiento.jpg","og:image:width":800,"og:image:height":600,"article:published_time":"2018-07-03T14:59:40+00:00","article:modified_time":"2018-07-03T14:59:40+00:00","article:publisher":"https:\/\/www.facebook.com\/Nachofdezber","article:author":"https:\/\/www.facebook.com\/carrenoactualidad","twitter:card":"summary_large_image","twitter:site":"@NabercoDigital","twitter:title":"Bajan las cuotas de la Escuela Infantil \u201cLa Marinera\u201d | Cand\u00e1s 365","twitter:description":"El pasado jueves 28 de junio en Sesi\u00f3n Plenario, el Ayuntamiento de Carre\u00f1o ha aprobado la modificaci\u00f3n inicial de la Ordenanza Fiscal Municipal que regula los precios p\u00fablicos que regir\u00e1n en la Escuela Infantil Municipal \u201cLa Marinera\u201d para el curso 2018-2019. Estas cuotas pasar\u00e1n a ser la mitad en comparaci\u00f3n con el curso que finaliza","twitter:creator":"@nbasturias","twitter:image":"https:\/\/candas365.es\/noticias\/wp-content\/uploads\/2015\/01\/ayuntamiento.jpg","twitter:label1":"Escrito por","twitter:data1":"Cand\u00e1s 365","twitter:label2":"Tiempo de lectura estimado","twitter:data2":"3 minutos"},"aioseo_meta_data":{"post_id":"99572","title":null,"description":null,"keywords":null,"keyphrases":null,"primary_term":null,"canonical_url":null,"og_title":null,"og_description":null,"og_object_type":"default","og_image_type":"default","og_image_url":null,"og_image_width":null,"og_image_height":null,"og_image_custom_url":null,"og_image_custom_fields":null,"og_video":null,"og_custom_url":null,"og_article_section":null,"og_article_tags":null,"twitter_use_og":false,"twitter_card":"default","twitter_image_type":"default","twitter_image_url":null,"twitter_image_custom_url":null,"twitter_image_custom_fields":null,"twitter_title":null,"twitter_description":null,"schema":{"blockGraphs":[],"customGraphs":[],"default":{"data":{"Article":[],"Course":[],"Dataset":[],"FAQPage":[],"Movie":[],"Person":[],"Product":[],"ProductReview":[],"Car":[],"Recipe":[],"Service":[],"SoftwareApplication":[],"WebPage":[]},"graphName":"","isEnabled":true},"graphs":[],"defaultGraph":"","defaultPostTypeGraph":""},"schema_type":null,"schema_type_options":null,"pillar_content":false,"robots_default":true,"robots_noindex":false,"robots_noarchive":false,"robots_nosnippet":false,"robots_nofollow":false,"robots_noimageindex":false,"robots_noodp":false,"robots_notranslate":false,"robots_max_snippet":null,"robots_max_videopreview":null,"robots_max_imagepreview":"large","priority":null,"frequency":null,"location":null,"local_seo":null,"seo_analyzer_scan_date":"2025-08-27 06:29:23","breadcrumb_settings":null,"limit_modified_date":false,"reviewed_by":null,"open_ai":null,"ai":null,"created":"2020-12-21 11:49:19","updated":"2025-08-27 06:29:23"},"aioseo_breadcrumb":"<div class=\"aioseo-breadcrumbs\"><span class=\"aioseo-breadcrumb\">\n\t<a href=\"https:\/\/candas365.es\/noticias\" title=\"Home\">Home<\/a>\n<\/span><span class=\"aioseo-breadcrumb-separator\">&ndash;<\/span><span class=\"aioseo-breadcrumb\">\n\t<a href=\"https:\/\/candas365.es\/noticias\/category\/noticias-carreno\/\" title=\"Noticias Carre\u00f1o\">Noticias Carre\u00f1o<\/a>\n<\/span><span class=\"aioseo-breadcrumb-separator\">&ndash;<\/span><span class=\"aioseo-breadcrumb\">\n\tBajan las cuotas de la Escuela Infantil \u201cLa Marinera\u201d\n<\/span><\/div>","aioseo_breadcrumb_json":[{"label":"Home","link":"https:\/\/candas365.es\/noticias"},{"label":"Noticias Carre\u00f1o","link":"https:\/\/candas365.es\/noticias\/category\/noticias-carreno\/"},{"label":"Bajan las cuotas de la Escuela Infantil \u201cLa Marinera\u201d","link":"https:\/\/candas365.es\/noticias\/bajan-las-cuotas-de-la-escuela-infantil-la-marinera\/"}],"_links":{"self":[{"href":"https:\/\/candas365.es\/noticias\/wp-json\/wp\/v2\/posts\/99572","targetHints":{"allow":["GET"]}}],"collection":[{"href":"https:\/\/candas365.es\/noticias\/wp-json\/wp\/v2\/posts"}],"about":[{"href":"https:\/\/candas365.es\/noticias\/wp-json\/wp\/v2\/types\/post"}],"author":[{"embeddable":true,"href":"https:\/\/candas365.es\/noticias\/wp-json\/wp\/v2\/users\/1"}],"replies":[{"embeddable":true,"href":"https:\/\/candas365.es\/noticias\/wp-json\/wp\/v2\/comments?post=99572"}],"version-history":[{"count":0,"href":"https:\/\/candas365.es\/noticias\/wp-json\/wp\/v2\/posts\/99572\/revisions"}],"wp:featuredmedia":[{"embeddable":true,"href":"https:\/\/candas365.es\/noticias\/wp-json\/wp\/v2\/media\/6453"}],"wp:attachment":[{"href":"https:\/\/candas365.es\/noticias\/wp-json\/wp\/v2\/media?parent=99572"}],"wp:term":[{"taxonomy":"category","embeddable":true,"href":"https:\/\/candas365.es\/noticias\/wp-json\/wp\/v2\/categories?post=99572"},{"taxonomy":"post_tag","embeddable":true,"href":"https:\/\/candas365.es\/noticias\/wp-json\/wp\/v2\/tags?post=99572"}],"curies":[{"name":"wp","href":"https:\/\/api.w.org\/{rel}","templated":true}]}}