{"id":99553,"date":"2018-07-03T07:49:14","date_gmt":"2018-07-03T07:49:14","guid":{"rendered":"http:\/\/candas365.es\/noticias\/?p=99553"},"modified":"2018-07-03T07:49:14","modified_gmt":"2018-07-03T07:49:14","slug":"verano-2018-en-el-niemeyer-holi-party-y-las-musicas","status":"publish","type":"post","link":"https:\/\/candas365.es\/noticias\/verano-2018-en-el-niemeyer-holi-party-y-las-musicas\/","title":{"rendered":"Verano 2018 en el Niemeyer: Holi Party y Las M\u00fasicas"},"content":{"rendered":"<p><img fetchpriority=\"high\" decoding=\"async\" class=\"alignleft size-medium wp-image-99554\" src=\"https:\/\/candas365.es\/noticias\/wp-content\/uploads\/2018\/07\/LosLobos-360x202.jpg\" alt=\"\" width=\"360\" height=\"202\" srcset=\"https:\/\/candas365.es\/noticias\/wp-content\/uploads\/2018\/07\/LosLobos-360x202.jpg 360w, https:\/\/candas365.es\/noticias\/wp-content\/uploads\/2018\/07\/LosLobos.jpg 570w\" sizes=\"(max-width: 360px) 100vw, 360px\" \/>El verano equivale a m\u00fasica y diversi\u00f3n y en Avil\u00e9s ambos elementos tienen su lugar de encuentro en el Centro Niemeyer con la segunda edici\u00f3n de Las M\u00fasicas, el viernes 24 de agosto, y la quinta de Holi Party, el s\u00e1bado 25.<\/p>\n<p><strong>El FESTIVAL LAS M\u00daSICAS<\/strong> celebra su segunda edici\u00f3n con una propuesta de m\u00fasica de calidad y con una puesta en escena de car\u00e1cter abierto y familiar. As\u00ed, Las M\u00fasica celebrar\u00e1 la diversidad cultural a trav\u00e9s de tres formaciones musicales: Los lobos, m\u00edticos art\u00edfices de La Bamba; La M.O.D.A, con su estilo ecl\u00e9ctico, y Juanito Makand\u00e9, con su cautivadora m\u00fasica.<\/p>\n<p>Los Lobos, autores del m\u00edtico \u201ccrossover\u201d mundial de 1987 \u201cLa Bamba\u201d, con el que alcanzaron el n\u00famero 1 en las listas de singles de EEUU y Reino Unido, se lanzan de cabeza a su quinta d\u00e9cada de trayectoria juntos con una invitaci\u00f3n a todos los p\u00fablicos para unirse a ellos para celebrar el inagotable \u00e9xito de una formaci\u00f3n que comenz\u00f3 como una humilde banda garaje en el este de Los \u00c1ngeles.<\/p>\n<p>Su m\u00fasica tiene espacio para el rock temperamental y atmosf\u00e9rico, los gui\u00f1os crudos y estridentes a las ra\u00edces garage, el blues rockero lento y ardiente, influencias de la m\u00fasica espa\u00f1ola y mexicana&#8230;, que aportan una gran riqueza a su m\u00fasica. Como el propio Louie P\u00e9rez, principal art\u00edfice de Los Lobos, afirma: \u00absomos una banda mexicoamericana, y ninguna palabra describe a Estados Unidos mejor que \u201cinmigrante\u201d. La mayor\u00eda de nosotros somos hijos de inmigrantes, as\u00ed que quiz\u00e1s sea natural que las canciones que escribimos celebren a Estados Unidos de esta manera\u201d.<\/p>\n<p>La M.O.D.A (acr\u00f3nimo de La Maravillosa Orquesta del Alcohol) es un grupo de m\u00fasica surgido en Burgos hace siete a\u00f1os. Formado por siete componentes, este colectivo combina instrumentos poco habituales como acorde\u00f3n, saxof\u00f3n, banjo, mandolina o clarinete con influencias del folk, country, punk y rock and roll, dando lugar a una propuesta \u00fanica cuyo punto fuerte reside en el directo.<\/p>\n<p>Durante su breve pero intensa trayectoria, La M.O.D.A. ha ido gan\u00e1ndose una base s\u00f3lida de seguidores gracias a una \u00e9tica de trabajo que podr\u00eda resumirse en tres palabras: pasi\u00f3n, honestidad y carretera. A sus espaldas, un pu\u00f1ado de ep s, tres discos de estudio y uno en directo, adem\u00e1s de considerables giras, actuaciones en los principales festivales del pa\u00eds y presentaciones en Dubl\u00edn, Londres, M\u00e9xico, Francia o Italia. En este pasado mes de junio han estado de gira por los Estados Unidos.<\/p>\n<p>Tras un a\u00f1o fuera de los escenarios, el septeto reapareci\u00f3 con un nuevo LP titulado \u201cSalvavida (de las balas perdidas)\u201d, trabajo autoeditado en el que la banda dibuja nuevos horizontes musicales sin perder la identidad que, seg\u00fan cr\u00edtica y p\u00fablico, les ha llevado a hacerse un hueco en el panorama de la m\u00fasica nacional de los nuevos tiempos.<\/p>\n<p>Juanito Makand\u00e9. El estreno el pasado viernes 3 de noviembre de \u00abEntre mi casa y la luna\u00bb, canci\u00f3n y videoclip grabados en los m\u00edticos estudios Abbey Road de Londres, daba inicio a esta nueva etapa en solitario de Juanito Makand\u00e9.<\/p>\n<p>Este ha sido el a\u00f1o tambi\u00e9n en el que Juanito Makand\u00e9 ha publicado su primera experiencia como escritor, publicando el poemario \u201cEl aire que suspira entre las flores\u201d, ilustrado por la artista Linn\u00e9a Johansson y todo un \u00e9xito de cr\u00edtica y ventas. Tras este tiempo tan intenso Makand\u00e9 ha decidido retomar su exitosa carrera musical en solitario -recordemos que fue capaz de vender la friolera de m\u00e1s de 12.000 entradas en la despedida de su gira \u201cMuerte a los p\u00e1jaros negros\u201d en Sevilla, tras toda una temporada enlazando un \u201csold out\u201d tras otro por toda la geograf\u00eda espa\u00f1ola- y emprender una nueva y fruct\u00edfera etapa.<\/p>\n<p>HOLI PARTY alcanza ya su quinta edici\u00f3n consecutiva en la Plaza del Centro Niemeyer, creando un momento \u00fanico y simb\u00f3lico de amistad y color para todos los asturianos. Esta nueva edici\u00f3n se desarrollar\u00e1 desde las 17:00 horas del s\u00e1bado 25 de agosto hasta las 2:00 de la madrugada del d\u00eda siguiente y ser\u00e1n seis los artistas encargados de poner m\u00fasica a la fiesta de la amistad: Papaya, Amatria, D\u2019Valentina, Sputnik, Bitches Deejays y Hugo Le-Loup.<\/p>\n<p>Papaya. En muy poco tiempo Papaya pas\u00f3 de ser una brillante promesa, con un single de vinilo de debut y su inesperada actuaci\u00f3n en el Festival de Benicassim (FIB), a uno de los grupos emergentes del a\u00f1o, tras la reciente publicaci\u00f3n de \u201cNo me quiero enamorar\u201d, su primer \u00e1lbum. Una fulgurante aparici\u00f3n refrendada con una larga lista de conciertos y un disco de debut reconocido entre los mejores de 2015 por la cr\u00edtica especializada, que les han puesto en boca de todo el mundo, para ser acreedores al t\u00edtulo de grupo revelaci\u00f3n del 2016 y una deslumbrante realidad en 2017. Un a\u00f1o en el que no pararon de presentar su primer \u00e1lbum por toda Espa\u00f1a y en el que obtuvieron el reconocimiento con premios del prestigio de El Ojo Cr\u00edtico de M\u00fasica Moderna 2016 o el de grupo revelaci\u00f3n nacional en los XI Premios Pop-Eye. En la actualidad tras cerrar 2017 con \u201c\u00a1Ay, mujer!\u201d inician 2018 publicando \u201cCoraz\u00f3n abierto\u201d, su segundo \u00e1lbum y la confirmaci\u00f3n del proyecto liderado por Yanara Espinoza.<\/p>\n<p>Amatria. \u201cAlgarab\u00eda\u201d, el nuevo \u00e1lbum de Amatria, habla de Joni, su protagonista, como nunca antes hab\u00eda hablado \u00e9l de s\u00ed mismo a trav\u00e9s de las canciones. El m\u00fasico ha crecido hasta definirse en un objetivo que no siempre fue f\u00e1cil de hacer creer: provocar el baile, el disfrute, contar historias con sentimiento, pegadas al personaje, dejarse tomar por los ritmos latinos y divertir. \u00abAlgarab\u00eda\u00bb recoge las voces de un p\u00fablico que ha empezado a aceptar la fiesta melanc\u00f3lica de Amatria.<\/p>\n<p>Los errores y la capacidad para autoparodiarse se convierten en el retrato cada vez m\u00e1s definido de su autor. Y ahora, incorporando una gran variedad de patrones como la cumbia o la salsa, Amatria acaba de ampliar el repertorio de un festival que se convierte en una f\u00f3rmula para cantarle a los sinsabores de la vida.<\/p>\n<p>D\u2019Valentina. Deva Joseph, nacida en Santander en el a\u00f1o 2000, y m\u00e1s conocida como D\u2019Valentina es una cantante con ra\u00edces compartidas entre Espa\u00f1a, Inglaterra y Antigua, en Las Antillas. Su estilo musical incluye numerosas influencias, del soul a ritmos muy actuales, como el dancehall o el trap, para dirigirse finalmente a un rythm and blues electr\u00f3nico con elementos pop. Ha auto producido cuatro videoclips, y este mismo marzo ha publicado el quinto, mientras prepara su lanzamiento internacional.<\/p>\n<p>Sputnik. A finales de la d\u00e9cada de los 90, en plena fiebre por la m\u00fasica indie rock en Asturias, Suptnik, junto a un par de amigos, compra un equipo y empieza a hacer sus primeros pinitos con los vinilos. A\u00f1os m\u00e1s tarde, con la escena musical en decadencia y el continuo cierre de locales y salas emblem\u00e1ticas del Principado, Sputnik decide dar un paso adelante con Yuri (Noval Sputnik) e inaugurar el SPUTNIK un local de referencia. Juntos colaboran en la organizaci\u00f3n de Microfestival (LABoral Centro de Arte y Creaci\u00f3n Industrial), que, con tres ediciones, se ha consolidado en el calendario asturiano de m\u00fasica emergente.<\/p>\n<p>En los \u00faltimos a\u00f1os, con varias residencias mensuales compaginadas con la cabina del SPUTNIK, se hace un hueco en las cabinas de los locales m\u00e1s representativos de la escena asturiana. Sus sesiones ecl\u00e9cticas a base de hits del momento y atemporales no dejan a nadie indiferente. Actualmente comparte su residencia entre El Patio de la Favorita, donde sus sesiones indie rock van dirigidas al disfrute del p\u00fablico por encima de todo, y La Fabrika donde mezcla techno con gui\u00f1os al minimal.<\/p>\n<p>Bitches Deejays. La formaci\u00f3n repite en la Holi Party, si bien no son unos DJ s al uso. Es m\u00e1s, ellos mismos reconocen que de pinchar no es que sepan mucho. Pero quiz\u00e1s tienen otras cosas mejores: diversi\u00f3n, empat\u00eda y selecciones musicales clave en sus sesiones es por lo que se les podr\u00eda caracterizar.<\/p>\n<p>Quienes los han visto en directo han podido disfrutar de c\u00f3mo estos tres chicos de Madrid y Valencia viven sus sesiones como si de aut\u00e9nticos conciertos se tratasen. Apuestan, como ellos dicen, por una mezcla de estilos \u201csin estilo\u201d donde se puede escuchar pop, indie, rock, tanto nacional como internacional e incluso se atreven con algo electroindie.<\/p>\n<p>Su descaro festivo les ha llevado a salas y festivales por todo el pa\u00eds, como Low Festival, Santander Music, Latidos 2017, Sansan Festival 2017, Interestelar Sevilla 2017, Stereo Alicante, El S\u00f3tano de Madrid, Sala Almassera y Nylon club entre otros.<\/p>\n<p>Hugo Le-Loup. En 2010, tras un breve paso por ciudades como Londres o Madrid, Hugo aterriza en Barcelona, asentando as\u00ed definitivamente su residencia y arrancando un a\u00f1o m\u00e1s tarde su andadura como DJ en la ciudad condal. Locales como el archiconocido Dep\u00f3sito Legal, (cuna de un ilustre elenco de DJ s de m\u00fasica independiente) fueron sus primeros pasos, llegando de manera evolutiva a clubes de Madrid, Valencia, Barcelona, Sitges e Ibiza. Desde entonces ha tenido el placer y el orgullo de pasear su pasi\u00f3n por la m\u00fasica en clubes, festivales y eventos de toda clase a lo largo y ancho de Espa\u00f1a, donde ha podido colaborar con artistas de gran talla nacional e internacional. Hugo Le-Loup es ya un cl\u00e1sico de la Holi Party en el Centro Niemeyer.<\/p>\n<p>Las entradas para ambos festivales se podr\u00e1n adquirir desde hoy, martes 3 de julio a partir de las 12:00 del mediodod\u00eda, en las recepciones del Centro Niemeyer (Avil\u00e9s), Laboral Ciudad de la Cultura (Gij\u00f3n) y CITPA (Oviedo), en el tel\u00e9fono 902 106 601 y en Liberbank \u2013 entradas (www.liberbank.es). El coste de la entrada para Las M\u00fasicas es de 10 \u20ac y para Holi Party 5 \u20ac.<\/p>\n","protected":false},"excerpt":{"rendered":"<p>El verano equivale a m\u00fasica y diversi\u00f3n y en Avil\u00e9s ambos elementos tienen su lugar de encuentro en el Centro Niemeyer con la segunda edici\u00f3n de Las M\u00fasicas, el viernes 24 de agosto, y la quinta de Holi Party, el s\u00e1bado 25. El FESTIVAL LAS M\u00daSICAS celebra su segunda edici\u00f3n con una propuesta de m\u00fasica<\/p>\n","protected":false},"author":1,"featured_media":99554,"comment_status":"closed","ping_status":"closed","sticky":false,"template":"","format":"standard","meta":{"footnotes":""},"categories":[1],"tags":[],"class_list":{"0":"post-99553","1":"post","2":"type-post","3":"status-publish","4":"format-standard","5":"has-post-thumbnail","7":"category-agenda"},"aioseo_notices":[],"aioseo_head":"\n\t\t<!-- All in One SEO Pro 4.9.6.2 - aioseo.com -->\n\t<meta name=\"description\" content=\"El verano equivale a m\u00fasica y diversi\u00f3n y en Avil\u00e9s ambos elementos tienen su lugar de encuentro en el Centro Niemeyer con la segunda edici\u00f3n de Las M\u00fasicas, el viernes 24 de agosto, y la quinta de Holi Party, el s\u00e1bado 25. El FESTIVAL LAS M\u00daSICAS celebra su segunda edici\u00f3n con una propuesta de m\u00fasica\" \/>\n\t<meta name=\"robots\" content=\"max-image-preview:large\" \/>\n\t<meta name=\"author\" content=\"Cand\u00e1s 365\"\/>\n\t<meta name=\"google-site-verification\" content=\"UA-32230408-1\" \/>\n\t<meta name=\"msvalidate.01\" content=\"354F3CDFB2DA171B47FBE9ABF1F88D5\" \/>\n\t<meta name=\"keywords\" content=\"agenda\" \/>\n\t<link rel=\"canonical\" href=\"https:\/\/candas365.es\/noticias\/verano-2018-en-el-niemeyer-holi-party-y-las-musicas\/\" \/>\n\t<meta name=\"generator\" content=\"All in One SEO Pro (AIOSEO) 4.9.6.2\" \/>\n\t\t<meta property=\"og:locale\" content=\"es_ES\" \/>\n\t\t<meta property=\"og:site_name\" content=\"Cand\u00e1s 365\" \/>\n\t\t<meta property=\"og:type\" content=\"article\" \/>\n\t\t<meta property=\"og:title\" content=\"Verano 2018 en el Niemeyer: Holi Party y Las M\u00fasicas | Cand\u00e1s 365\" \/>\n\t\t<meta property=\"og:description\" content=\"El verano equivale a m\u00fasica y diversi\u00f3n y en Avil\u00e9s ambos elementos tienen su lugar de encuentro en el Centro Niemeyer con la segunda edici\u00f3n de Las M\u00fasicas, el viernes 24 de agosto, y la quinta de Holi Party, el s\u00e1bado 25. El FESTIVAL LAS M\u00daSICAS celebra su segunda edici\u00f3n con una propuesta de m\u00fasica\" \/>\n\t\t<meta property=\"og:url\" content=\"https:\/\/candas365.es\/noticias\/verano-2018-en-el-niemeyer-holi-party-y-las-musicas\/\" \/>\n\t\t<meta property=\"og:image\" content=\"https:\/\/candas365.es\/noticias\/wp-content\/uploads\/2018\/07\/LosLobos.jpg\" \/>\n\t\t<meta property=\"og:image:secure_url\" content=\"https:\/\/candas365.es\/noticias\/wp-content\/uploads\/2018\/07\/LosLobos.jpg\" \/>\n\t\t<meta property=\"og:image:width\" content=\"570\" \/>\n\t\t<meta property=\"og:image:height\" content=\"320\" \/>\n\t\t<meta property=\"article:published_time\" content=\"2018-07-03T07:49:14+00:00\" \/>\n\t\t<meta property=\"article:modified_time\" content=\"2018-07-03T07:49:14+00:00\" \/>\n\t\t<meta property=\"article:publisher\" content=\"https:\/\/www.facebook.com\/Nachofdezber\" \/>\n\t\t<meta property=\"article:author\" content=\"https:\/\/www.facebook.com\/carrenoactualidad\" \/>\n\t\t<meta name=\"twitter:card\" content=\"summary_large_image\" \/>\n\t\t<meta name=\"twitter:site\" content=\"@NabercoDigital\" \/>\n\t\t<meta name=\"twitter:title\" content=\"Verano 2018 en el Niemeyer: Holi Party y Las M\u00fasicas | Cand\u00e1s 365\" \/>\n\t\t<meta name=\"twitter:description\" content=\"El verano equivale a m\u00fasica y diversi\u00f3n y en Avil\u00e9s ambos elementos tienen su lugar de encuentro en el Centro Niemeyer con la segunda edici\u00f3n de Las M\u00fasicas, el viernes 24 de agosto, y la quinta de Holi Party, el s\u00e1bado 25. El FESTIVAL LAS M\u00daSICAS celebra su segunda edici\u00f3n con una propuesta de m\u00fasica\" \/>\n\t\t<meta name=\"twitter:creator\" content=\"@nbasturias\" \/>\n\t\t<meta name=\"twitter:image\" content=\"https:\/\/candas365.es\/noticias\/wp-content\/uploads\/2018\/07\/LosLobos.jpg\" \/>\n\t\t<meta name=\"twitter:label1\" content=\"Escrito por\" \/>\n\t\t<meta name=\"twitter:data1\" content=\"Cand\u00e1s 365\" \/>\n\t\t<meta name=\"twitter:label2\" content=\"Tiempo de lectura estimado\" \/>\n\t\t<meta name=\"twitter:data2\" content=\"9 minutos\" \/>\n\t\t<script type=\"application\/ld+json\" class=\"aioseo-schema\">\n\t\t\t{\"@context\":\"https:\\\/\\\/schema.org\",\"@graph\":[{\"@type\":\"BreadcrumbList\",\"@id\":\"https:\\\/\\\/candas365.es\\\/noticias\\\/verano-2018-en-el-niemeyer-holi-party-y-las-musicas\\\/#breadcrumblist\",\"itemListElement\":[{\"@type\":\"ListItem\",\"@id\":\"https:\\\/\\\/candas365.es\\\/noticias#listItem\",\"position\":1,\"name\":\"Home\",\"item\":\"https:\\\/\\\/candas365.es\\\/noticias\",\"nextItem\":{\"@type\":\"ListItem\",\"@id\":\"https:\\\/\\\/candas365.es\\\/noticias\\\/category\\\/agenda\\\/#listItem\",\"name\":\"Agenda\"}},{\"@type\":\"ListItem\",\"@id\":\"https:\\\/\\\/candas365.es\\\/noticias\\\/category\\\/agenda\\\/#listItem\",\"position\":2,\"name\":\"Agenda\",\"item\":\"https:\\\/\\\/candas365.es\\\/noticias\\\/category\\\/agenda\\\/\",\"nextItem\":{\"@type\":\"ListItem\",\"@id\":\"https:\\\/\\\/candas365.es\\\/noticias\\\/verano-2018-en-el-niemeyer-holi-party-y-las-musicas\\\/#listItem\",\"name\":\"Verano 2018 en el Niemeyer: Holi Party y Las M\\u00fasicas\"},\"previousItem\":{\"@type\":\"ListItem\",\"@id\":\"https:\\\/\\\/candas365.es\\\/noticias#listItem\",\"name\":\"Home\"}},{\"@type\":\"ListItem\",\"@id\":\"https:\\\/\\\/candas365.es\\\/noticias\\\/verano-2018-en-el-niemeyer-holi-party-y-las-musicas\\\/#listItem\",\"position\":3,\"name\":\"Verano 2018 en el Niemeyer: Holi Party y Las M\\u00fasicas\",\"previousItem\":{\"@type\":\"ListItem\",\"@id\":\"https:\\\/\\\/candas365.es\\\/noticias\\\/category\\\/agenda\\\/#listItem\",\"name\":\"Agenda\"}}]},{\"@type\":\"NewsArticle\",\"@id\":\"https:\\\/\\\/candas365.es\\\/noticias\\\/verano-2018-en-el-niemeyer-holi-party-y-las-musicas\\\/#newsarticle\",\"name\":\"Verano 2018 en el Niemeyer: Holi Party y Las M\\u00fasicas | Cand\\u00e1s 365\",\"headline\":\"Verano 2018 en el Niemeyer: Holi Party y Las M\\u00fasicas\",\"author\":{\"@id\":\"https:\\\/\\\/candas365.es\\\/noticias\\\/author\\\/admin\\\/#author\"},\"publisher\":{\"@id\":\"https:\\\/\\\/candas365.es\\\/noticias\\\/#organization\"},\"image\":{\"@type\":\"ImageObject\",\"url\":\"https:\\\/\\\/candas365.es\\\/noticias\\\/wp-content\\\/uploads\\\/2018\\\/07\\\/LosLobos.jpg\",\"width\":570,\"height\":320},\"datePublished\":\"2018-07-03T07:49:14+02:00\",\"dateModified\":\"2018-07-03T07:49:14+02:00\",\"inLanguage\":\"es-ES\",\"mainEntityOfPage\":{\"@id\":\"https:\\\/\\\/candas365.es\\\/noticias\\\/verano-2018-en-el-niemeyer-holi-party-y-las-musicas\\\/#webpage\"},\"isPartOf\":{\"@id\":\"https:\\\/\\\/candas365.es\\\/noticias\\\/verano-2018-en-el-niemeyer-holi-party-y-las-musicas\\\/#webpage\"},\"articleSection\":\"Agenda\",\"dateline\":\"Publicado el julio 3, 2018.\"},{\"@type\":\"Organization\",\"@id\":\"https:\\\/\\\/candas365.es\\\/noticias\\\/#organization\",\"name\":\"Cand\\u00e1s 365\",\"description\":\"Cand\\u00e1s 365 es un diario digital independiente, fundado en 2012, con base en Asturias. Informamos con rigor sobre actualidad, sociedad, cultura y ocio, con una mirada local y global.\",\"url\":\"https:\\\/\\\/candas365.es\\\/noticias\\\/\",\"email\":\"info@candas365.es\",\"telephone\":\"+34652131393\",\"foundingDate\":\"2012-06-10\",\"logo\":{\"@type\":\"ImageObject\",\"url\":\"https:\\\/\\\/candas365.es\\\/noticias\\\/wp-content\\\/uploads\\\/2024\\\/09\\\/Candas-365-Redes.jpg\",\"@id\":\"https:\\\/\\\/candas365.es\\\/noticias\\\/verano-2018-en-el-niemeyer-holi-party-y-las-musicas\\\/#organizationLogo\",\"width\":1152,\"height\":864,\"caption\":\"Cand\\u00e1s 365 Redes\"},\"image\":{\"@id\":\"https:\\\/\\\/candas365.es\\\/noticias\\\/verano-2018-en-el-niemeyer-holi-party-y-las-musicas\\\/#organizationLogo\"},\"sameAs\":[\"https:\\\/\\\/www.facebook.com\\\/Nachofdezber\",\"https:\\\/\\\/x.com\\\/NabercoDigital\",\"https:\\\/\\\/www.instagram.com\\\/nachofdezber\\\/\",\"https:\\\/\\\/www.youtube.com\\\/channel\\\/UCZP-2wLEB9Rv6erhFmqVnvg\"],\"address\":{\"@id\":\"https:\\\/\\\/candas365.es\\\/noticias\\\/#postaladdress\",\"@type\":\"PostalAddress\",\"streetAddress\":\"san antonio 4, san antonio 4\",\"postalCode\":\"33430\",\"addressLocality\":\"Cand\\u00e1s\",\"addressRegion\":\"Asturias\",\"addressCountry\":\"ES\"}},{\"@type\":\"Person\",\"@id\":\"https:\\\/\\\/candas365.es\\\/noticias\\\/author\\\/admin\\\/#author\",\"url\":\"https:\\\/\\\/candas365.es\\\/noticias\\\/author\\\/admin\\\/\",\"name\":\"Cand\\u00e1s 365\",\"image\":{\"@type\":\"ImageObject\",\"@id\":\"https:\\\/\\\/candas365.es\\\/noticias\\\/verano-2018-en-el-niemeyer-holi-party-y-las-musicas\\\/#authorImage\",\"url\":\"https:\\\/\\\/secure.gravatar.com\\\/avatar\\\/496a8e03d0c493ede1718b7934145dbdf8d89be1036b0eec9544e1094c9de390?s=96&d=mm&r=g\",\"width\":96,\"height\":96,\"caption\":\"Cand\\u00e1s 365\"},\"sameAs\":[\"https:\\\/\\\/www.facebook.com\\\/carrenoactualidad\",\"https:\\\/\\\/twitter.com\\\/nbasturias\",\"https:\\\/\\\/www.instagram.com\\\/nachofdezber\\\/\",\"https:\\\/\\\/www.youtube.com\\\/channel\\\/UCZP-2wLEB9Rv6erhFmqVnvg\"]},{\"@type\":\"WebPage\",\"@id\":\"https:\\\/\\\/candas365.es\\\/noticias\\\/verano-2018-en-el-niemeyer-holi-party-y-las-musicas\\\/#webpage\",\"url\":\"https:\\\/\\\/candas365.es\\\/noticias\\\/verano-2018-en-el-niemeyer-holi-party-y-las-musicas\\\/\",\"name\":\"Verano 2018 en el Niemeyer: Holi Party y Las M\\u00fasicas | Cand\\u00e1s 365\",\"description\":\"El verano equivale a m\\u00fasica y diversi\\u00f3n y en Avil\\u00e9s ambos elementos tienen su lugar de encuentro en el Centro Niemeyer con la segunda edici\\u00f3n de Las M\\u00fasicas, el viernes 24 de agosto, y la quinta de Holi Party, el s\\u00e1bado 25. El FESTIVAL LAS M\\u00daSICAS celebra su segunda edici\\u00f3n con una propuesta de m\\u00fasica\",\"inLanguage\":\"es-ES\",\"isPartOf\":{\"@id\":\"https:\\\/\\\/candas365.es\\\/noticias\\\/#website\"},\"breadcrumb\":{\"@id\":\"https:\\\/\\\/candas365.es\\\/noticias\\\/verano-2018-en-el-niemeyer-holi-party-y-las-musicas\\\/#breadcrumblist\"},\"author\":{\"@id\":\"https:\\\/\\\/candas365.es\\\/noticias\\\/author\\\/admin\\\/#author\"},\"creator\":{\"@id\":\"https:\\\/\\\/candas365.es\\\/noticias\\\/author\\\/admin\\\/#author\"},\"image\":{\"@type\":\"ImageObject\",\"url\":\"https:\\\/\\\/candas365.es\\\/noticias\\\/wp-content\\\/uploads\\\/2018\\\/07\\\/LosLobos.jpg\",\"@id\":\"https:\\\/\\\/candas365.es\\\/noticias\\\/verano-2018-en-el-niemeyer-holi-party-y-las-musicas\\\/#mainImage\",\"width\":570,\"height\":320},\"primaryImageOfPage\":{\"@id\":\"https:\\\/\\\/candas365.es\\\/noticias\\\/verano-2018-en-el-niemeyer-holi-party-y-las-musicas\\\/#mainImage\"},\"datePublished\":\"2018-07-03T07:49:14+02:00\",\"dateModified\":\"2018-07-03T07:49:14+02:00\"},{\"@type\":\"WebSite\",\"@id\":\"https:\\\/\\\/candas365.es\\\/noticias\\\/#website\",\"url\":\"https:\\\/\\\/candas365.es\\\/noticias\\\/\",\"name\":\"Cand\\u00e1s 365\",\"alternateName\":\"Cand\\u00e1s 365 Noticias\",\"description\":\"Actualidad desde Carre\\u00f1o para el mundo\",\"inLanguage\":\"es-ES\",\"publisher\":{\"@id\":\"https:\\\/\\\/candas365.es\\\/noticias\\\/#organization\"}}]}\n\t\t<\/script>\n\t\t<!-- All in One SEO Pro -->\r\n\t\t<title>Verano 2018 en el Niemeyer: Holi Party y Las M\u00fasicas | Cand\u00e1s 365<\/title>\n\n","aioseo_head_json":{"title":"Verano 2018 en el Niemeyer: Holi Party y Las M\u00fasicas | Cand\u00e1s 365","description":"El verano equivale a m\u00fasica y diversi\u00f3n y en Avil\u00e9s ambos elementos tienen su lugar de encuentro en el Centro Niemeyer con la segunda edici\u00f3n de Las M\u00fasicas, el viernes 24 de agosto, y la quinta de Holi Party, el s\u00e1bado 25. El FESTIVAL LAS M\u00daSICAS celebra su segunda edici\u00f3n con una propuesta de m\u00fasica","canonical_url":"https:\/\/candas365.es\/noticias\/verano-2018-en-el-niemeyer-holi-party-y-las-musicas\/","robots":"max-image-preview:large","keywords":"agenda","webmasterTools":{"google-site-verification":"UA-32230408-1","msvalidate.01":"354F3CDFB2DA171B47FBE9ABF1F88D5","miscellaneous":""},"schema":{"@context":"https:\/\/schema.org","@graph":[{"@type":"BreadcrumbList","@id":"https:\/\/candas365.es\/noticias\/verano-2018-en-el-niemeyer-holi-party-y-las-musicas\/#breadcrumblist","itemListElement":[{"@type":"ListItem","@id":"https:\/\/candas365.es\/noticias#listItem","position":1,"name":"Home","item":"https:\/\/candas365.es\/noticias","nextItem":{"@type":"ListItem","@id":"https:\/\/candas365.es\/noticias\/category\/agenda\/#listItem","name":"Agenda"}},{"@type":"ListItem","@id":"https:\/\/candas365.es\/noticias\/category\/agenda\/#listItem","position":2,"name":"Agenda","item":"https:\/\/candas365.es\/noticias\/category\/agenda\/","nextItem":{"@type":"ListItem","@id":"https:\/\/candas365.es\/noticias\/verano-2018-en-el-niemeyer-holi-party-y-las-musicas\/#listItem","name":"Verano 2018 en el Niemeyer: Holi Party y Las M\u00fasicas"},"previousItem":{"@type":"ListItem","@id":"https:\/\/candas365.es\/noticias#listItem","name":"Home"}},{"@type":"ListItem","@id":"https:\/\/candas365.es\/noticias\/verano-2018-en-el-niemeyer-holi-party-y-las-musicas\/#listItem","position":3,"name":"Verano 2018 en el Niemeyer: Holi Party y Las M\u00fasicas","previousItem":{"@type":"ListItem","@id":"https:\/\/candas365.es\/noticias\/category\/agenda\/#listItem","name":"Agenda"}}]},{"@type":"NewsArticle","@id":"https:\/\/candas365.es\/noticias\/verano-2018-en-el-niemeyer-holi-party-y-las-musicas\/#newsarticle","name":"Verano 2018 en el Niemeyer: Holi Party y Las M\u00fasicas | Cand\u00e1s 365","headline":"Verano 2018 en el Niemeyer: Holi Party y Las M\u00fasicas","author":{"@id":"https:\/\/candas365.es\/noticias\/author\/admin\/#author"},"publisher":{"@id":"https:\/\/candas365.es\/noticias\/#organization"},"image":{"@type":"ImageObject","url":"https:\/\/candas365.es\/noticias\/wp-content\/uploads\/2018\/07\/LosLobos.jpg","width":570,"height":320},"datePublished":"2018-07-03T07:49:14+02:00","dateModified":"2018-07-03T07:49:14+02:00","inLanguage":"es-ES","mainEntityOfPage":{"@id":"https:\/\/candas365.es\/noticias\/verano-2018-en-el-niemeyer-holi-party-y-las-musicas\/#webpage"},"isPartOf":{"@id":"https:\/\/candas365.es\/noticias\/verano-2018-en-el-niemeyer-holi-party-y-las-musicas\/#webpage"},"articleSection":"Agenda","dateline":"Publicado el julio 3, 2018."},{"@type":"Organization","@id":"https:\/\/candas365.es\/noticias\/#organization","name":"Cand\u00e1s 365","description":"Cand\u00e1s 365 es un diario digital independiente, fundado en 2012, con base en Asturias. Informamos con rigor sobre actualidad, sociedad, cultura y ocio, con una mirada local y global.","url":"https:\/\/candas365.es\/noticias\/","email":"info@candas365.es","telephone":"+34652131393","foundingDate":"2012-06-10","logo":{"@type":"ImageObject","url":"https:\/\/candas365.es\/noticias\/wp-content\/uploads\/2024\/09\/Candas-365-Redes.jpg","@id":"https:\/\/candas365.es\/noticias\/verano-2018-en-el-niemeyer-holi-party-y-las-musicas\/#organizationLogo","width":1152,"height":864,"caption":"Cand\u00e1s 365 Redes"},"image":{"@id":"https:\/\/candas365.es\/noticias\/verano-2018-en-el-niemeyer-holi-party-y-las-musicas\/#organizationLogo"},"sameAs":["https:\/\/www.facebook.com\/Nachofdezber","https:\/\/x.com\/NabercoDigital","https:\/\/www.instagram.com\/nachofdezber\/","https:\/\/www.youtube.com\/channel\/UCZP-2wLEB9Rv6erhFmqVnvg"],"address":{"@id":"https:\/\/candas365.es\/noticias\/#postaladdress","@type":"PostalAddress","streetAddress":"san antonio 4, san antonio 4","postalCode":"33430","addressLocality":"Cand\u00e1s","addressRegion":"Asturias","addressCountry":"ES"}},{"@type":"Person","@id":"https:\/\/candas365.es\/noticias\/author\/admin\/#author","url":"https:\/\/candas365.es\/noticias\/author\/admin\/","name":"Cand\u00e1s 365","image":{"@type":"ImageObject","@id":"https:\/\/candas365.es\/noticias\/verano-2018-en-el-niemeyer-holi-party-y-las-musicas\/#authorImage","url":"https:\/\/secure.gravatar.com\/avatar\/496a8e03d0c493ede1718b7934145dbdf8d89be1036b0eec9544e1094c9de390?s=96&d=mm&r=g","width":96,"height":96,"caption":"Cand\u00e1s 365"},"sameAs":["https:\/\/www.facebook.com\/carrenoactualidad","https:\/\/twitter.com\/nbasturias","https:\/\/www.instagram.com\/nachofdezber\/","https:\/\/www.youtube.com\/channel\/UCZP-2wLEB9Rv6erhFmqVnvg"]},{"@type":"WebPage","@id":"https:\/\/candas365.es\/noticias\/verano-2018-en-el-niemeyer-holi-party-y-las-musicas\/#webpage","url":"https:\/\/candas365.es\/noticias\/verano-2018-en-el-niemeyer-holi-party-y-las-musicas\/","name":"Verano 2018 en el Niemeyer: Holi Party y Las M\u00fasicas | Cand\u00e1s 365","description":"El verano equivale a m\u00fasica y diversi\u00f3n y en Avil\u00e9s ambos elementos tienen su lugar de encuentro en el Centro Niemeyer con la segunda edici\u00f3n de Las M\u00fasicas, el viernes 24 de agosto, y la quinta de Holi Party, el s\u00e1bado 25. El FESTIVAL LAS M\u00daSICAS celebra su segunda edici\u00f3n con una propuesta de m\u00fasica","inLanguage":"es-ES","isPartOf":{"@id":"https:\/\/candas365.es\/noticias\/#website"},"breadcrumb":{"@id":"https:\/\/candas365.es\/noticias\/verano-2018-en-el-niemeyer-holi-party-y-las-musicas\/#breadcrumblist"},"author":{"@id":"https:\/\/candas365.es\/noticias\/author\/admin\/#author"},"creator":{"@id":"https:\/\/candas365.es\/noticias\/author\/admin\/#author"},"image":{"@type":"ImageObject","url":"https:\/\/candas365.es\/noticias\/wp-content\/uploads\/2018\/07\/LosLobos.jpg","@id":"https:\/\/candas365.es\/noticias\/verano-2018-en-el-niemeyer-holi-party-y-las-musicas\/#mainImage","width":570,"height":320},"primaryImageOfPage":{"@id":"https:\/\/candas365.es\/noticias\/verano-2018-en-el-niemeyer-holi-party-y-las-musicas\/#mainImage"},"datePublished":"2018-07-03T07:49:14+02:00","dateModified":"2018-07-03T07:49:14+02:00"},{"@type":"WebSite","@id":"https:\/\/candas365.es\/noticias\/#website","url":"https:\/\/candas365.es\/noticias\/","name":"Cand\u00e1s 365","alternateName":"Cand\u00e1s 365 Noticias","description":"Actualidad desde Carre\u00f1o para el mundo","inLanguage":"es-ES","publisher":{"@id":"https:\/\/candas365.es\/noticias\/#organization"}}]},"og:locale":"es_ES","og:site_name":"Cand\u00e1s 365","og:type":"article","og:title":"Verano 2018 en el Niemeyer: Holi Party y Las M\u00fasicas | Cand\u00e1s 365","og:description":"El verano equivale a m\u00fasica y diversi\u00f3n y en Avil\u00e9s ambos elementos tienen su lugar de encuentro en el Centro Niemeyer con la segunda edici\u00f3n de Las M\u00fasicas, el viernes 24 de agosto, y la quinta de Holi Party, el s\u00e1bado 25. El FESTIVAL LAS M\u00daSICAS celebra su segunda edici\u00f3n con una propuesta de m\u00fasica","og:url":"https:\/\/candas365.es\/noticias\/verano-2018-en-el-niemeyer-holi-party-y-las-musicas\/","og:image":"https:\/\/candas365.es\/noticias\/wp-content\/uploads\/2018\/07\/LosLobos.jpg","og:image:secure_url":"https:\/\/candas365.es\/noticias\/wp-content\/uploads\/2018\/07\/LosLobos.jpg","og:image:width":570,"og:image:height":320,"article:published_time":"2018-07-03T07:49:14+00:00","article:modified_time":"2018-07-03T07:49:14+00:00","article:publisher":"https:\/\/www.facebook.com\/Nachofdezber","article:author":"https:\/\/www.facebook.com\/carrenoactualidad","twitter:card":"summary_large_image","twitter:site":"@NabercoDigital","twitter:title":"Verano 2018 en el Niemeyer: Holi Party y Las M\u00fasicas | Cand\u00e1s 365","twitter:description":"El verano equivale a m\u00fasica y diversi\u00f3n y en Avil\u00e9s ambos elementos tienen su lugar de encuentro en el Centro Niemeyer con la segunda edici\u00f3n de Las M\u00fasicas, el viernes 24 de agosto, y la quinta de Holi Party, el s\u00e1bado 25. El FESTIVAL LAS M\u00daSICAS celebra su segunda edici\u00f3n con una propuesta de m\u00fasica","twitter:creator":"@nbasturias","twitter:image":"https:\/\/candas365.es\/noticias\/wp-content\/uploads\/2018\/07\/LosLobos.jpg","twitter:label1":"Escrito por","twitter:data1":"Cand\u00e1s 365","twitter:label2":"Tiempo de lectura estimado","twitter:data2":"9 minutos"},"aioseo_meta_data":{"post_id":"99553","title":null,"description":null,"keywords":null,"keyphrases":null,"primary_term":null,"canonical_url":null,"og_title":null,"og_description":null,"og_object_type":"default","og_image_type":"default","og_image_url":null,"og_image_width":null,"og_image_height":null,"og_image_custom_url":null,"og_image_custom_fields":null,"og_video":null,"og_custom_url":null,"og_article_section":null,"og_article_tags":null,"twitter_use_og":false,"twitter_card":"default","twitter_image_type":"default","twitter_image_url":null,"twitter_image_custom_url":null,"twitter_image_custom_fields":null,"twitter_title":null,"twitter_description":null,"schema":{"blockGraphs":[],"customGraphs":[],"default":{"data":{"Article":[],"Course":[],"Dataset":[],"FAQPage":[],"Movie":[],"Person":[],"Product":[],"ProductReview":[],"Car":[],"Recipe":[],"Service":[],"SoftwareApplication":[],"WebPage":[]},"graphName":"","isEnabled":true},"graphs":[]},"schema_type":null,"schema_type_options":null,"pillar_content":false,"robots_default":true,"robots_noindex":false,"robots_noarchive":false,"robots_nosnippet":false,"robots_nofollow":false,"robots_noimageindex":false,"robots_noodp":false,"robots_notranslate":false,"robots_max_snippet":null,"robots_max_videopreview":null,"robots_max_imagepreview":"large","priority":null,"frequency":null,"location":null,"local_seo":null,"seo_analyzer_scan_date":"2025-08-27 06:28:10","breadcrumb_settings":null,"limit_modified_date":false,"reviewed_by":null,"open_ai":null,"ai":null,"created":"2020-12-21 11:49:19","updated":"2025-08-27 06:28:10"},"aioseo_breadcrumb":"<div class=\"aioseo-breadcrumbs\"><span class=\"aioseo-breadcrumb\">\n\t<a href=\"https:\/\/candas365.es\/noticias\" title=\"Home\">Home<\/a>\n<\/span><span class=\"aioseo-breadcrumb-separator\">&ndash;<\/span><span class=\"aioseo-breadcrumb\">\n\t<a href=\"https:\/\/candas365.es\/noticias\/category\/agenda\/\" title=\"Agenda\">Agenda<\/a>\n<\/span><span class=\"aioseo-breadcrumb-separator\">&ndash;<\/span><span class=\"aioseo-breadcrumb\">\n\tVerano 2018 en el Niemeyer: Holi Party y Las M\u00fasicas\n<\/span><\/div>","aioseo_breadcrumb_json":[{"label":"Home","link":"https:\/\/candas365.es\/noticias"},{"label":"Agenda","link":"https:\/\/candas365.es\/noticias\/category\/agenda\/"},{"label":"Verano 2018 en el Niemeyer: Holi Party y Las M\u00fasicas","link":"https:\/\/candas365.es\/noticias\/verano-2018-en-el-niemeyer-holi-party-y-las-musicas\/"}],"_links":{"self":[{"href":"https:\/\/candas365.es\/noticias\/wp-json\/wp\/v2\/posts\/99553","targetHints":{"allow":["GET"]}}],"collection":[{"href":"https:\/\/candas365.es\/noticias\/wp-json\/wp\/v2\/posts"}],"about":[{"href":"https:\/\/candas365.es\/noticias\/wp-json\/wp\/v2\/types\/post"}],"author":[{"embeddable":true,"href":"https:\/\/candas365.es\/noticias\/wp-json\/wp\/v2\/users\/1"}],"replies":[{"embeddable":true,"href":"https:\/\/candas365.es\/noticias\/wp-json\/wp\/v2\/comments?post=99553"}],"version-history":[{"count":0,"href":"https:\/\/candas365.es\/noticias\/wp-json\/wp\/v2\/posts\/99553\/revisions"}],"wp:featuredmedia":[{"embeddable":true,"href":"https:\/\/candas365.es\/noticias\/wp-json\/wp\/v2\/media\/99554"}],"wp:attachment":[{"href":"https:\/\/candas365.es\/noticias\/wp-json\/wp\/v2\/media?parent=99553"}],"wp:term":[{"taxonomy":"category","embeddable":true,"href":"https:\/\/candas365.es\/noticias\/wp-json\/wp\/v2\/categories?post=99553"},{"taxonomy":"post_tag","embeddable":true,"href":"https:\/\/candas365.es\/noticias\/wp-json\/wp\/v2\/tags?post=99553"}],"curies":[{"name":"wp","href":"https:\/\/api.w.org\/{rel}","templated":true}]}}