{"id":99344,"date":"2018-06-30T06:51:48","date_gmt":"2018-06-30T06:51:48","guid":{"rendered":"http:\/\/candas365.es\/noticias\/?p=99344"},"modified":"2018-06-30T06:51:48","modified_gmt":"2018-06-30T06:51:48","slug":"llega-la-semifinal-de-la-sexta-edicion-de-masterchef","status":"publish","type":"post","link":"https:\/\/candas365.es\/noticias\/llega-la-semifinal-de-la-sexta-edicion-de-masterchef\/","title":{"rendered":"Llega la semifinal de la sexta edici\u00f3n de \u00abMasterChef\u00bb"},"content":{"rendered":"<p><img fetchpriority=\"high\" decoding=\"async\" class=\"alignleft size-medium wp-image-99345\" src=\"https:\/\/candas365.es\/noticias\/wp-content\/uploads\/2018\/06\/1530267255134-360x240.jpg\" alt=\"\" width=\"360\" height=\"240\" srcset=\"https:\/\/candas365.es\/noticias\/wp-content\/uploads\/2018\/06\/1530267255134-360x240.jpg 360w, https:\/\/candas365.es\/noticias\/wp-content\/uploads\/2018\/06\/1530267255134-768x512.jpg 768w, https:\/\/candas365.es\/noticias\/wp-content\/uploads\/2018\/06\/1530267255134-655x436.jpg 655w, https:\/\/candas365.es\/noticias\/wp-content\/uploads\/2018\/06\/1530267255134-696x464.jpg 696w, https:\/\/candas365.es\/noticias\/wp-content\/uploads\/2018\/06\/1530267255134-630x420.jpg 630w, https:\/\/candas365.es\/noticias\/wp-content\/uploads\/2018\/06\/1530267255134.jpg 800w\" sizes=\"(max-width: 360px) 100vw, 360px\" \/>Llega la semifinal de la sexta edici\u00f3n de &#8216;MasterChef&#8217;. Cinco aspirantes se enfrentar\u00e1n a su peor pesadilla: la pasteler\u00eda. Y por partida doble. En el primer reto, tendr\u00e1n que reproducir espectaculares postres de cinco grandes reposteros, y recibir\u00e1n la visita de Miri de &#8216;MasterChef 5&#8217;. En exteriores, homenajear\u00e1n a las mujeres de nuestra gastronom\u00eda. Y en la prueba de eliminaci\u00f3n, se enfrentar\u00e1n a una caja misteriosa con un postre de Fr\u00e9d\u00e9ric Bau, el repostero de mayor prestigio internacional.<\/p>\n<p>En la primera prueba, los jueces preparar\u00e1n cinco campanas que esconden unos maravillosos dulces tra\u00eddos por los genios de la reposter\u00eda Valentina Lorieto (tres estrellas Michelin), Ana Luc\u00eda Jarqu\u00edn (tres estrellas Michelin), Xavi Donnay (tres estrellas Michelin), Montse Abell\u00e0 (dos estrellas Michelin) y Javier Aguiar (una estrella Michelin).<\/p>\n<p>Cada aspirante tendr\u00e1 que reproducir uno de los postres de los invitados y contar\u00e1n con su ayuda, pero no cocinar\u00e1n con ellos, solo dar\u00e1n indicaciones. Miri, finalista de &#8216;MasterChef 5&#8217;, les visitar\u00e1 para darles importantes consejos de cara a la final. El mejor de esta prueba conseguir\u00e1 una ventaja en la prueba exterior y un puesto de trabajo durante un a\u00f1o en las cocinas del Complejo Catalonia B\u00e1varo en Rep\u00fablica Dominicana.<\/p>\n<p>En la prueba exterior, el programa har\u00e1 un homenaje a las mujeres de la gastronom\u00eda espa\u00f1ola, en el Club Alma Sensai, el club privado para mujeres m\u00e1s distinguido de Madrid. Todos trabajar\u00e1n en un mismo equipo y la valoraci\u00f3n ser\u00e1 individual.<\/p>\n<p>Los aspirantes elaborar\u00e1n un men\u00fa de cuatro platos compuesto de flor de alcachofa confitada con brandada de bacalao y pan de ajo-perejil; salmonete con rabitos de cerdo y mahonesa de encurtido; pich\u00f3n de bresse con reposado de ensalada l\u00edquida de guisante y foie asado; y una versi\u00f3n de Ferrero Rocher de postre. Cocinar\u00e1n para 15 mujeres que se caracterizan por tener los mejores paladares de Espa\u00f1a, son algunas de las mejores mujeres chefs, metres, sumilleres y cr\u00edticas gastron\u00f3micas de nuestro pa\u00eds.<\/p>\n<p>En la prueba de eliminaci\u00f3n les espera una Caja Misteriosa muy dulce. El maestro chocolatero y repostero de mayor prestigio internacional, Fr\u00e9d\u00e9ric Bau, crear\u00e1 un maravilloso postre sobre un lienzo. Los aspirantes replicar\u00e1n este fant\u00e1stico lienzo y quien no demuestre tener la destreza necesaria se quedar\u00e1 a las puestas de la gran final de &#8216;MasterChef 6&#8217;.<\/p>\n","protected":false},"excerpt":{"rendered":"<p>Llega la semifinal de la sexta edici\u00f3n de &#8216;MasterChef&#8217;. Cinco aspirantes se enfrentar\u00e1n a su peor pesadilla: la pasteler\u00eda. Y por partida doble. En el primer reto, tendr\u00e1n que reproducir espectaculares postres de cinco grandes reposteros, y recibir\u00e1n la visita de Miri de &#8216;MasterChef 5&#8217;. En exteriores, homenajear\u00e1n a las mujeres de nuestra gastronom\u00eda. Y<\/p>\n","protected":false},"author":1,"featured_media":99345,"comment_status":"closed","ping_status":"closed","sticky":false,"template":"","format":"standard","meta":{"footnotes":""},"categories":[1],"tags":[],"class_list":{"0":"post-99344","1":"post","2":"type-post","3":"status-publish","4":"format-standard","5":"has-post-thumbnail","7":"category-agenda"},"aioseo_notices":[],"aioseo_head":"\n\t\t<!-- All in One SEO Pro 4.9.6.2 - aioseo.com -->\n\t<meta name=\"description\" content=\"Llega la semifinal de la sexta edici\u00f3n de &#039;MasterChef&#039;. Cinco aspirantes se enfrentar\u00e1n a su peor pesadilla: la pasteler\u00eda. Y por partida doble. En el primer reto, tendr\u00e1n que reproducir espectaculares postres de cinco grandes reposteros, y recibir\u00e1n la visita de Miri de &#039;MasterChef 5&#039;. En exteriores, homenajear\u00e1n a las mujeres de nuestra gastronom\u00eda. Y\" \/>\n\t<meta name=\"robots\" content=\"max-image-preview:large\" \/>\n\t<meta name=\"author\" content=\"Cand\u00e1s 365\"\/>\n\t<meta name=\"google-site-verification\" content=\"UA-32230408-1\" \/>\n\t<meta name=\"msvalidate.01\" content=\"354F3CDFB2DA171B47FBE9ABF1F88D5\" \/>\n\t<meta name=\"keywords\" content=\"agenda\" \/>\n\t<link rel=\"canonical\" href=\"https:\/\/candas365.es\/noticias\/llega-la-semifinal-de-la-sexta-edicion-de-masterchef\/\" \/>\n\t<meta name=\"generator\" content=\"All in One SEO Pro (AIOSEO) 4.9.6.2\" \/>\n\t\t<meta property=\"og:locale\" content=\"es_ES\" \/>\n\t\t<meta property=\"og:site_name\" content=\"Cand\u00e1s 365\" \/>\n\t\t<meta property=\"og:type\" content=\"article\" \/>\n\t\t<meta property=\"og:title\" content=\"Llega la semifinal de la sexta edici\u00f3n de \u00abMasterChef\u00bb | Cand\u00e1s 365\" \/>\n\t\t<meta property=\"og:description\" content=\"Llega la semifinal de la sexta edici\u00f3n de &#039;MasterChef&#039;. Cinco aspirantes se enfrentar\u00e1n a su peor pesadilla: la pasteler\u00eda. Y por partida doble. En el primer reto, tendr\u00e1n que reproducir espectaculares postres de cinco grandes reposteros, y recibir\u00e1n la visita de Miri de &#039;MasterChef 5&#039;. En exteriores, homenajear\u00e1n a las mujeres de nuestra gastronom\u00eda. Y\" \/>\n\t\t<meta property=\"og:url\" content=\"https:\/\/candas365.es\/noticias\/llega-la-semifinal-de-la-sexta-edicion-de-masterchef\/\" \/>\n\t\t<meta property=\"og:image\" content=\"https:\/\/candas365.es\/noticias\/wp-content\/uploads\/2018\/06\/1530267255134.jpg\" \/>\n\t\t<meta property=\"og:image:secure_url\" content=\"https:\/\/candas365.es\/noticias\/wp-content\/uploads\/2018\/06\/1530267255134.jpg\" \/>\n\t\t<meta property=\"og:image:width\" content=\"800\" \/>\n\t\t<meta property=\"og:image:height\" content=\"533\" \/>\n\t\t<meta property=\"article:published_time\" content=\"2018-06-30T06:51:48+00:00\" \/>\n\t\t<meta property=\"article:modified_time\" content=\"2018-06-30T06:51:48+00:00\" \/>\n\t\t<meta property=\"article:publisher\" content=\"https:\/\/www.facebook.com\/Nachofdezber\" \/>\n\t\t<meta property=\"article:author\" content=\"https:\/\/www.facebook.com\/carrenoactualidad\" \/>\n\t\t<meta name=\"twitter:card\" content=\"summary_large_image\" \/>\n\t\t<meta name=\"twitter:site\" content=\"@NabercoDigital\" \/>\n\t\t<meta name=\"twitter:title\" content=\"Llega la semifinal de la sexta edici\u00f3n de \u00abMasterChef\u00bb | Cand\u00e1s 365\" \/>\n\t\t<meta name=\"twitter:description\" content=\"Llega la semifinal de la sexta edici\u00f3n de &#039;MasterChef&#039;. Cinco aspirantes se enfrentar\u00e1n a su peor pesadilla: la pasteler\u00eda. Y por partida doble. En el primer reto, tendr\u00e1n que reproducir espectaculares postres de cinco grandes reposteros, y recibir\u00e1n la visita de Miri de &#039;MasterChef 5&#039;. En exteriores, homenajear\u00e1n a las mujeres de nuestra gastronom\u00eda. Y\" \/>\n\t\t<meta name=\"twitter:creator\" content=\"@nbasturias\" \/>\n\t\t<meta name=\"twitter:image\" content=\"https:\/\/candas365.es\/noticias\/wp-content\/uploads\/2018\/06\/1530267255134.jpg\" \/>\n\t\t<meta name=\"twitter:label1\" content=\"Escrito por\" \/>\n\t\t<meta name=\"twitter:data1\" content=\"Cand\u00e1s 365\" \/>\n\t\t<meta name=\"twitter:label2\" content=\"Tiempo de lectura estimado\" \/>\n\t\t<meta name=\"twitter:data2\" content=\"2 minutos\" \/>\n\t\t<script type=\"application\/ld+json\" class=\"aioseo-schema\">\n\t\t\t{\"@context\":\"https:\\\/\\\/schema.org\",\"@graph\":[{\"@type\":\"BreadcrumbList\",\"@id\":\"https:\\\/\\\/candas365.es\\\/noticias\\\/llega-la-semifinal-de-la-sexta-edicion-de-masterchef\\\/#breadcrumblist\",\"itemListElement\":[{\"@type\":\"ListItem\",\"@id\":\"https:\\\/\\\/candas365.es\\\/noticias#listItem\",\"position\":1,\"name\":\"Home\",\"item\":\"https:\\\/\\\/candas365.es\\\/noticias\",\"nextItem\":{\"@type\":\"ListItem\",\"@id\":\"https:\\\/\\\/candas365.es\\\/noticias\\\/category\\\/agenda\\\/#listItem\",\"name\":\"Agenda\"}},{\"@type\":\"ListItem\",\"@id\":\"https:\\\/\\\/candas365.es\\\/noticias\\\/category\\\/agenda\\\/#listItem\",\"position\":2,\"name\":\"Agenda\",\"item\":\"https:\\\/\\\/candas365.es\\\/noticias\\\/category\\\/agenda\\\/\",\"nextItem\":{\"@type\":\"ListItem\",\"@id\":\"https:\\\/\\\/candas365.es\\\/noticias\\\/llega-la-semifinal-de-la-sexta-edicion-de-masterchef\\\/#listItem\",\"name\":\"Llega la semifinal de la sexta edici\\u00f3n de \\u00abMasterChef\\u00bb\"},\"previousItem\":{\"@type\":\"ListItem\",\"@id\":\"https:\\\/\\\/candas365.es\\\/noticias#listItem\",\"name\":\"Home\"}},{\"@type\":\"ListItem\",\"@id\":\"https:\\\/\\\/candas365.es\\\/noticias\\\/llega-la-semifinal-de-la-sexta-edicion-de-masterchef\\\/#listItem\",\"position\":3,\"name\":\"Llega la semifinal de la sexta edici\\u00f3n de \\u00abMasterChef\\u00bb\",\"previousItem\":{\"@type\":\"ListItem\",\"@id\":\"https:\\\/\\\/candas365.es\\\/noticias\\\/category\\\/agenda\\\/#listItem\",\"name\":\"Agenda\"}}]},{\"@type\":\"NewsArticle\",\"@id\":\"https:\\\/\\\/candas365.es\\\/noticias\\\/llega-la-semifinal-de-la-sexta-edicion-de-masterchef\\\/#newsarticle\",\"name\":\"Llega la semifinal de la sexta edici\\u00f3n de \\u00abMasterChef\\u00bb | Cand\\u00e1s 365\",\"headline\":\"Llega la semifinal de la sexta edici\\u00f3n de \\u00abMasterChef\\u00bb\",\"author\":{\"@id\":\"https:\\\/\\\/candas365.es\\\/noticias\\\/author\\\/admin\\\/#author\"},\"publisher\":{\"@id\":\"https:\\\/\\\/candas365.es\\\/noticias\\\/#organization\"},\"image\":{\"@type\":\"ImageObject\",\"url\":\"https:\\\/\\\/candas365.es\\\/noticias\\\/wp-content\\\/uploads\\\/2018\\\/06\\\/1530267255134.jpg\",\"width\":800,\"height\":533},\"datePublished\":\"2018-06-30T06:51:48+02:00\",\"dateModified\":\"2018-06-30T06:51:48+02:00\",\"inLanguage\":\"es-ES\",\"mainEntityOfPage\":{\"@id\":\"https:\\\/\\\/candas365.es\\\/noticias\\\/llega-la-semifinal-de-la-sexta-edicion-de-masterchef\\\/#webpage\"},\"isPartOf\":{\"@id\":\"https:\\\/\\\/candas365.es\\\/noticias\\\/llega-la-semifinal-de-la-sexta-edicion-de-masterchef\\\/#webpage\"},\"articleSection\":\"Agenda\",\"dateline\":\"Publicado el junio 30, 2018.\"},{\"@type\":\"Organization\",\"@id\":\"https:\\\/\\\/candas365.es\\\/noticias\\\/#organization\",\"name\":\"Cand\\u00e1s 365\",\"description\":\"Cand\\u00e1s 365 es un diario digital independiente, fundado en 2012, con base en Asturias. Informamos con rigor sobre actualidad, sociedad, cultura y ocio, con una mirada local y global.\",\"url\":\"https:\\\/\\\/candas365.es\\\/noticias\\\/\",\"email\":\"info@candas365.es\",\"telephone\":\"+34652131393\",\"foundingDate\":\"2012-06-10\",\"logo\":{\"@type\":\"ImageObject\",\"url\":\"https:\\\/\\\/candas365.es\\\/noticias\\\/wp-content\\\/uploads\\\/2024\\\/09\\\/Candas-365-Redes.jpg\",\"@id\":\"https:\\\/\\\/candas365.es\\\/noticias\\\/llega-la-semifinal-de-la-sexta-edicion-de-masterchef\\\/#organizationLogo\",\"width\":1152,\"height\":864,\"caption\":\"Cand\\u00e1s 365 Redes\"},\"image\":{\"@id\":\"https:\\\/\\\/candas365.es\\\/noticias\\\/llega-la-semifinal-de-la-sexta-edicion-de-masterchef\\\/#organizationLogo\"},\"sameAs\":[\"https:\\\/\\\/www.facebook.com\\\/Nachofdezber\",\"https:\\\/\\\/x.com\\\/NabercoDigital\",\"https:\\\/\\\/www.instagram.com\\\/nachofdezber\\\/\",\"https:\\\/\\\/www.youtube.com\\\/channel\\\/UCZP-2wLEB9Rv6erhFmqVnvg\"],\"address\":{\"@id\":\"https:\\\/\\\/candas365.es\\\/noticias\\\/#postaladdress\",\"@type\":\"PostalAddress\",\"streetAddress\":\"san antonio 4, san antonio 4\",\"postalCode\":\"33430\",\"addressLocality\":\"Cand\\u00e1s\",\"addressRegion\":\"Asturias\",\"addressCountry\":\"ES\"}},{\"@type\":\"Person\",\"@id\":\"https:\\\/\\\/candas365.es\\\/noticias\\\/author\\\/admin\\\/#author\",\"url\":\"https:\\\/\\\/candas365.es\\\/noticias\\\/author\\\/admin\\\/\",\"name\":\"Cand\\u00e1s 365\",\"image\":{\"@type\":\"ImageObject\",\"@id\":\"https:\\\/\\\/candas365.es\\\/noticias\\\/llega-la-semifinal-de-la-sexta-edicion-de-masterchef\\\/#authorImage\",\"url\":\"https:\\\/\\\/secure.gravatar.com\\\/avatar\\\/496a8e03d0c493ede1718b7934145dbdf8d89be1036b0eec9544e1094c9de390?s=96&d=mm&r=g\",\"width\":96,\"height\":96,\"caption\":\"Cand\\u00e1s 365\"},\"sameAs\":[\"https:\\\/\\\/www.facebook.com\\\/carrenoactualidad\",\"https:\\\/\\\/twitter.com\\\/nbasturias\",\"https:\\\/\\\/www.instagram.com\\\/nachofdezber\\\/\",\"https:\\\/\\\/www.youtube.com\\\/channel\\\/UCZP-2wLEB9Rv6erhFmqVnvg\"]},{\"@type\":\"WebPage\",\"@id\":\"https:\\\/\\\/candas365.es\\\/noticias\\\/llega-la-semifinal-de-la-sexta-edicion-de-masterchef\\\/#webpage\",\"url\":\"https:\\\/\\\/candas365.es\\\/noticias\\\/llega-la-semifinal-de-la-sexta-edicion-de-masterchef\\\/\",\"name\":\"Llega la semifinal de la sexta edici\\u00f3n de \\u00abMasterChef\\u00bb | Cand\\u00e1s 365\",\"description\":\"Llega la semifinal de la sexta edici\\u00f3n de 'MasterChef'. Cinco aspirantes se enfrentar\\u00e1n a su peor pesadilla: la pasteler\\u00eda. Y por partida doble. En el primer reto, tendr\\u00e1n que reproducir espectaculares postres de cinco grandes reposteros, y recibir\\u00e1n la visita de Miri de 'MasterChef 5'. En exteriores, homenajear\\u00e1n a las mujeres de nuestra gastronom\\u00eda. Y\",\"inLanguage\":\"es-ES\",\"isPartOf\":{\"@id\":\"https:\\\/\\\/candas365.es\\\/noticias\\\/#website\"},\"breadcrumb\":{\"@id\":\"https:\\\/\\\/candas365.es\\\/noticias\\\/llega-la-semifinal-de-la-sexta-edicion-de-masterchef\\\/#breadcrumblist\"},\"author\":{\"@id\":\"https:\\\/\\\/candas365.es\\\/noticias\\\/author\\\/admin\\\/#author\"},\"creator\":{\"@id\":\"https:\\\/\\\/candas365.es\\\/noticias\\\/author\\\/admin\\\/#author\"},\"image\":{\"@type\":\"ImageObject\",\"url\":\"https:\\\/\\\/candas365.es\\\/noticias\\\/wp-content\\\/uploads\\\/2018\\\/06\\\/1530267255134.jpg\",\"@id\":\"https:\\\/\\\/candas365.es\\\/noticias\\\/llega-la-semifinal-de-la-sexta-edicion-de-masterchef\\\/#mainImage\",\"width\":800,\"height\":533},\"primaryImageOfPage\":{\"@id\":\"https:\\\/\\\/candas365.es\\\/noticias\\\/llega-la-semifinal-de-la-sexta-edicion-de-masterchef\\\/#mainImage\"},\"datePublished\":\"2018-06-30T06:51:48+02:00\",\"dateModified\":\"2018-06-30T06:51:48+02:00\"},{\"@type\":\"WebSite\",\"@id\":\"https:\\\/\\\/candas365.es\\\/noticias\\\/#website\",\"url\":\"https:\\\/\\\/candas365.es\\\/noticias\\\/\",\"name\":\"Cand\\u00e1s 365\",\"alternateName\":\"Cand\\u00e1s 365 Noticias\",\"description\":\"Actualidad desde Carre\\u00f1o para el mundo\",\"inLanguage\":\"es-ES\",\"publisher\":{\"@id\":\"https:\\\/\\\/candas365.es\\\/noticias\\\/#organization\"}}]}\n\t\t<\/script>\n\t\t<!-- All in One SEO Pro -->\r\n\t\t<title>Llega la semifinal de la sexta edici\u00f3n de \u00abMasterChef\u00bb | Cand\u00e1s 365<\/title>\n\n","aioseo_head_json":{"title":"Llega la semifinal de la sexta edici\u00f3n de \u00abMasterChef\u00bb | Cand\u00e1s 365","description":"Llega la semifinal de la sexta edici\u00f3n de 'MasterChef'. Cinco aspirantes se enfrentar\u00e1n a su peor pesadilla: la pasteler\u00eda. Y por partida doble. En el primer reto, tendr\u00e1n que reproducir espectaculares postres de cinco grandes reposteros, y recibir\u00e1n la visita de Miri de 'MasterChef 5'. En exteriores, homenajear\u00e1n a las mujeres de nuestra gastronom\u00eda. Y","canonical_url":"https:\/\/candas365.es\/noticias\/llega-la-semifinal-de-la-sexta-edicion-de-masterchef\/","robots":"max-image-preview:large","keywords":"agenda","webmasterTools":{"google-site-verification":"UA-32230408-1","msvalidate.01":"354F3CDFB2DA171B47FBE9ABF1F88D5","miscellaneous":""},"schema":{"@context":"https:\/\/schema.org","@graph":[{"@type":"BreadcrumbList","@id":"https:\/\/candas365.es\/noticias\/llega-la-semifinal-de-la-sexta-edicion-de-masterchef\/#breadcrumblist","itemListElement":[{"@type":"ListItem","@id":"https:\/\/candas365.es\/noticias#listItem","position":1,"name":"Home","item":"https:\/\/candas365.es\/noticias","nextItem":{"@type":"ListItem","@id":"https:\/\/candas365.es\/noticias\/category\/agenda\/#listItem","name":"Agenda"}},{"@type":"ListItem","@id":"https:\/\/candas365.es\/noticias\/category\/agenda\/#listItem","position":2,"name":"Agenda","item":"https:\/\/candas365.es\/noticias\/category\/agenda\/","nextItem":{"@type":"ListItem","@id":"https:\/\/candas365.es\/noticias\/llega-la-semifinal-de-la-sexta-edicion-de-masterchef\/#listItem","name":"Llega la semifinal de la sexta edici\u00f3n de \u00abMasterChef\u00bb"},"previousItem":{"@type":"ListItem","@id":"https:\/\/candas365.es\/noticias#listItem","name":"Home"}},{"@type":"ListItem","@id":"https:\/\/candas365.es\/noticias\/llega-la-semifinal-de-la-sexta-edicion-de-masterchef\/#listItem","position":3,"name":"Llega la semifinal de la sexta edici\u00f3n de \u00abMasterChef\u00bb","previousItem":{"@type":"ListItem","@id":"https:\/\/candas365.es\/noticias\/category\/agenda\/#listItem","name":"Agenda"}}]},{"@type":"NewsArticle","@id":"https:\/\/candas365.es\/noticias\/llega-la-semifinal-de-la-sexta-edicion-de-masterchef\/#newsarticle","name":"Llega la semifinal de la sexta edici\u00f3n de \u00abMasterChef\u00bb | Cand\u00e1s 365","headline":"Llega la semifinal de la sexta edici\u00f3n de \u00abMasterChef\u00bb","author":{"@id":"https:\/\/candas365.es\/noticias\/author\/admin\/#author"},"publisher":{"@id":"https:\/\/candas365.es\/noticias\/#organization"},"image":{"@type":"ImageObject","url":"https:\/\/candas365.es\/noticias\/wp-content\/uploads\/2018\/06\/1530267255134.jpg","width":800,"height":533},"datePublished":"2018-06-30T06:51:48+02:00","dateModified":"2018-06-30T06:51:48+02:00","inLanguage":"es-ES","mainEntityOfPage":{"@id":"https:\/\/candas365.es\/noticias\/llega-la-semifinal-de-la-sexta-edicion-de-masterchef\/#webpage"},"isPartOf":{"@id":"https:\/\/candas365.es\/noticias\/llega-la-semifinal-de-la-sexta-edicion-de-masterchef\/#webpage"},"articleSection":"Agenda","dateline":"Publicado el junio 30, 2018."},{"@type":"Organization","@id":"https:\/\/candas365.es\/noticias\/#organization","name":"Cand\u00e1s 365","description":"Cand\u00e1s 365 es un diario digital independiente, fundado en 2012, con base en Asturias. Informamos con rigor sobre actualidad, sociedad, cultura y ocio, con una mirada local y global.","url":"https:\/\/candas365.es\/noticias\/","email":"info@candas365.es","telephone":"+34652131393","foundingDate":"2012-06-10","logo":{"@type":"ImageObject","url":"https:\/\/candas365.es\/noticias\/wp-content\/uploads\/2024\/09\/Candas-365-Redes.jpg","@id":"https:\/\/candas365.es\/noticias\/llega-la-semifinal-de-la-sexta-edicion-de-masterchef\/#organizationLogo","width":1152,"height":864,"caption":"Cand\u00e1s 365 Redes"},"image":{"@id":"https:\/\/candas365.es\/noticias\/llega-la-semifinal-de-la-sexta-edicion-de-masterchef\/#organizationLogo"},"sameAs":["https:\/\/www.facebook.com\/Nachofdezber","https:\/\/x.com\/NabercoDigital","https:\/\/www.instagram.com\/nachofdezber\/","https:\/\/www.youtube.com\/channel\/UCZP-2wLEB9Rv6erhFmqVnvg"],"address":{"@id":"https:\/\/candas365.es\/noticias\/#postaladdress","@type":"PostalAddress","streetAddress":"san antonio 4, san antonio 4","postalCode":"33430","addressLocality":"Cand\u00e1s","addressRegion":"Asturias","addressCountry":"ES"}},{"@type":"Person","@id":"https:\/\/candas365.es\/noticias\/author\/admin\/#author","url":"https:\/\/candas365.es\/noticias\/author\/admin\/","name":"Cand\u00e1s 365","image":{"@type":"ImageObject","@id":"https:\/\/candas365.es\/noticias\/llega-la-semifinal-de-la-sexta-edicion-de-masterchef\/#authorImage","url":"https:\/\/secure.gravatar.com\/avatar\/496a8e03d0c493ede1718b7934145dbdf8d89be1036b0eec9544e1094c9de390?s=96&d=mm&r=g","width":96,"height":96,"caption":"Cand\u00e1s 365"},"sameAs":["https:\/\/www.facebook.com\/carrenoactualidad","https:\/\/twitter.com\/nbasturias","https:\/\/www.instagram.com\/nachofdezber\/","https:\/\/www.youtube.com\/channel\/UCZP-2wLEB9Rv6erhFmqVnvg"]},{"@type":"WebPage","@id":"https:\/\/candas365.es\/noticias\/llega-la-semifinal-de-la-sexta-edicion-de-masterchef\/#webpage","url":"https:\/\/candas365.es\/noticias\/llega-la-semifinal-de-la-sexta-edicion-de-masterchef\/","name":"Llega la semifinal de la sexta edici\u00f3n de \u00abMasterChef\u00bb | Cand\u00e1s 365","description":"Llega la semifinal de la sexta edici\u00f3n de 'MasterChef'. Cinco aspirantes se enfrentar\u00e1n a su peor pesadilla: la pasteler\u00eda. Y por partida doble. En el primer reto, tendr\u00e1n que reproducir espectaculares postres de cinco grandes reposteros, y recibir\u00e1n la visita de Miri de 'MasterChef 5'. En exteriores, homenajear\u00e1n a las mujeres de nuestra gastronom\u00eda. Y","inLanguage":"es-ES","isPartOf":{"@id":"https:\/\/candas365.es\/noticias\/#website"},"breadcrumb":{"@id":"https:\/\/candas365.es\/noticias\/llega-la-semifinal-de-la-sexta-edicion-de-masterchef\/#breadcrumblist"},"author":{"@id":"https:\/\/candas365.es\/noticias\/author\/admin\/#author"},"creator":{"@id":"https:\/\/candas365.es\/noticias\/author\/admin\/#author"},"image":{"@type":"ImageObject","url":"https:\/\/candas365.es\/noticias\/wp-content\/uploads\/2018\/06\/1530267255134.jpg","@id":"https:\/\/candas365.es\/noticias\/llega-la-semifinal-de-la-sexta-edicion-de-masterchef\/#mainImage","width":800,"height":533},"primaryImageOfPage":{"@id":"https:\/\/candas365.es\/noticias\/llega-la-semifinal-de-la-sexta-edicion-de-masterchef\/#mainImage"},"datePublished":"2018-06-30T06:51:48+02:00","dateModified":"2018-06-30T06:51:48+02:00"},{"@type":"WebSite","@id":"https:\/\/candas365.es\/noticias\/#website","url":"https:\/\/candas365.es\/noticias\/","name":"Cand\u00e1s 365","alternateName":"Cand\u00e1s 365 Noticias","description":"Actualidad desde Carre\u00f1o para el mundo","inLanguage":"es-ES","publisher":{"@id":"https:\/\/candas365.es\/noticias\/#organization"}}]},"og:locale":"es_ES","og:site_name":"Cand\u00e1s 365","og:type":"article","og:title":"Llega la semifinal de la sexta edici\u00f3n de \u00abMasterChef\u00bb | Cand\u00e1s 365","og:description":"Llega la semifinal de la sexta edici\u00f3n de 'MasterChef'. Cinco aspirantes se enfrentar\u00e1n a su peor pesadilla: la pasteler\u00eda. Y por partida doble. En el primer reto, tendr\u00e1n que reproducir espectaculares postres de cinco grandes reposteros, y recibir\u00e1n la visita de Miri de 'MasterChef 5'. En exteriores, homenajear\u00e1n a las mujeres de nuestra gastronom\u00eda. Y","og:url":"https:\/\/candas365.es\/noticias\/llega-la-semifinal-de-la-sexta-edicion-de-masterchef\/","og:image":"https:\/\/candas365.es\/noticias\/wp-content\/uploads\/2018\/06\/1530267255134.jpg","og:image:secure_url":"https:\/\/candas365.es\/noticias\/wp-content\/uploads\/2018\/06\/1530267255134.jpg","og:image:width":800,"og:image:height":533,"article:published_time":"2018-06-30T06:51:48+00:00","article:modified_time":"2018-06-30T06:51:48+00:00","article:publisher":"https:\/\/www.facebook.com\/Nachofdezber","article:author":"https:\/\/www.facebook.com\/carrenoactualidad","twitter:card":"summary_large_image","twitter:site":"@NabercoDigital","twitter:title":"Llega la semifinal de la sexta edici\u00f3n de \u00abMasterChef\u00bb | Cand\u00e1s 365","twitter:description":"Llega la semifinal de la sexta edici\u00f3n de 'MasterChef'. Cinco aspirantes se enfrentar\u00e1n a su peor pesadilla: la pasteler\u00eda. Y por partida doble. En el primer reto, tendr\u00e1n que reproducir espectaculares postres de cinco grandes reposteros, y recibir\u00e1n la visita de Miri de 'MasterChef 5'. En exteriores, homenajear\u00e1n a las mujeres de nuestra gastronom\u00eda. Y","twitter:creator":"@nbasturias","twitter:image":"https:\/\/candas365.es\/noticias\/wp-content\/uploads\/2018\/06\/1530267255134.jpg","twitter:label1":"Escrito por","twitter:data1":"Cand\u00e1s 365","twitter:label2":"Tiempo de lectura estimado","twitter:data2":"2 minutos"},"aioseo_meta_data":{"post_id":"99344","title":null,"description":null,"keywords":null,"keyphrases":null,"primary_term":null,"canonical_url":null,"og_title":null,"og_description":null,"og_object_type":"default","og_image_type":"default","og_image_url":null,"og_image_width":null,"og_image_height":null,"og_image_custom_url":null,"og_image_custom_fields":null,"og_video":null,"og_custom_url":null,"og_article_section":null,"og_article_tags":null,"twitter_use_og":false,"twitter_card":"default","twitter_image_type":"default","twitter_image_url":null,"twitter_image_custom_url":null,"twitter_image_custom_fields":null,"twitter_title":null,"twitter_description":null,"schema":{"blockGraphs":[],"customGraphs":[],"default":{"data":{"Article":[],"Course":[],"Dataset":[],"FAQPage":[],"Movie":[],"Person":[],"Product":[],"ProductReview":[],"Car":[],"Recipe":[],"Service":[],"SoftwareApplication":[],"WebPage":[]},"graphName":"","isEnabled":true},"graphs":[],"defaultGraph":"","defaultPostTypeGraph":""},"schema_type":null,"schema_type_options":null,"pillar_content":false,"robots_default":true,"robots_noindex":false,"robots_noarchive":false,"robots_nosnippet":false,"robots_nofollow":false,"robots_noimageindex":false,"robots_noodp":false,"robots_notranslate":false,"robots_max_snippet":null,"robots_max_videopreview":null,"robots_max_imagepreview":"large","priority":null,"frequency":null,"location":null,"local_seo":null,"seo_analyzer_scan_date":"2025-08-27 05:51:12","breadcrumb_settings":null,"limit_modified_date":false,"reviewed_by":null,"open_ai":null,"ai":null,"created":"2020-12-21 11:49:38","updated":"2025-08-27 05:51:12"},"aioseo_breadcrumb":"<div class=\"aioseo-breadcrumbs\"><span class=\"aioseo-breadcrumb\">\n\t<a href=\"https:\/\/candas365.es\/noticias\" title=\"Home\">Home<\/a>\n<\/span><span class=\"aioseo-breadcrumb-separator\">&ndash;<\/span><span class=\"aioseo-breadcrumb\">\n\t<a href=\"https:\/\/candas365.es\/noticias\/category\/agenda\/\" title=\"Agenda\">Agenda<\/a>\n<\/span><span class=\"aioseo-breadcrumb-separator\">&ndash;<\/span><span class=\"aioseo-breadcrumb\">\n\tLlega la semifinal de la sexta edici\u00f3n de \u00abMasterChef\u00bb\n<\/span><\/div>","aioseo_breadcrumb_json":[{"label":"Home","link":"https:\/\/candas365.es\/noticias"},{"label":"Agenda","link":"https:\/\/candas365.es\/noticias\/category\/agenda\/"},{"label":"Llega la semifinal de la sexta edici\u00f3n de \u00abMasterChef\u00bb","link":"https:\/\/candas365.es\/noticias\/llega-la-semifinal-de-la-sexta-edicion-de-masterchef\/"}],"_links":{"self":[{"href":"https:\/\/candas365.es\/noticias\/wp-json\/wp\/v2\/posts\/99344","targetHints":{"allow":["GET"]}}],"collection":[{"href":"https:\/\/candas365.es\/noticias\/wp-json\/wp\/v2\/posts"}],"about":[{"href":"https:\/\/candas365.es\/noticias\/wp-json\/wp\/v2\/types\/post"}],"author":[{"embeddable":true,"href":"https:\/\/candas365.es\/noticias\/wp-json\/wp\/v2\/users\/1"}],"replies":[{"embeddable":true,"href":"https:\/\/candas365.es\/noticias\/wp-json\/wp\/v2\/comments?post=99344"}],"version-history":[{"count":0,"href":"https:\/\/candas365.es\/noticias\/wp-json\/wp\/v2\/posts\/99344\/revisions"}],"wp:featuredmedia":[{"embeddable":true,"href":"https:\/\/candas365.es\/noticias\/wp-json\/wp\/v2\/media\/99345"}],"wp:attachment":[{"href":"https:\/\/candas365.es\/noticias\/wp-json\/wp\/v2\/media?parent=99344"}],"wp:term":[{"taxonomy":"category","embeddable":true,"href":"https:\/\/candas365.es\/noticias\/wp-json\/wp\/v2\/categories?post=99344"},{"taxonomy":"post_tag","embeddable":true,"href":"https:\/\/candas365.es\/noticias\/wp-json\/wp\/v2\/tags?post=99344"}],"curies":[{"name":"wp","href":"https:\/\/api.w.org\/{rel}","templated":true}]}}