{"id":99316,"date":"2018-06-29T20:18:31","date_gmt":"2018-06-29T20:18:31","guid":{"rendered":"http:\/\/candas365.es\/noticias\/?p=99316"},"modified":"2018-06-29T20:18:31","modified_gmt":"2018-06-29T20:18:31","slug":"tito-bustillo-celebra-sus-50-anos","status":"publish","type":"post","link":"https:\/\/candas365.es\/noticias\/tito-bustillo-celebra-sus-50-anos\/","title":{"rendered":"Tito Bustillo celebra sus 50 a\u00f1os"},"content":{"rendered":"<p><img fetchpriority=\"high\" decoding=\"async\" class=\"alignleft size-medium wp-image-9321\" src=\"https:\/\/candas365.es\/noticias\/wp-content\/uploads\/2015\/03\/muja-tito-bustillo-360x239.jpg\" alt=\"\" width=\"360\" height=\"239\" srcset=\"https:\/\/candas365.es\/noticias\/wp-content\/uploads\/2015\/03\/muja-tito-bustillo-360x239.jpg 360w, https:\/\/candas365.es\/noticias\/wp-content\/uploads\/2015\/03\/muja-tito-bustillo-650x431.jpg 650w, https:\/\/candas365.es\/noticias\/wp-content\/uploads\/2015\/03\/muja-tito-bustillo-768x509.jpg 768w, https:\/\/candas365.es\/noticias\/wp-content\/uploads\/2015\/03\/muja-tito-bustillo-150x99.jpg 150w, https:\/\/candas365.es\/noticias\/wp-content\/uploads\/2015\/03\/muja-tito-bustillo-450x298.jpg 450w, https:\/\/candas365.es\/noticias\/wp-content\/uploads\/2015\/03\/muja-tito-bustillo-655x434.jpg 655w, https:\/\/candas365.es\/noticias\/wp-content\/uploads\/2015\/03\/muja-tito-bustillo-696x462.jpg 696w, https:\/\/candas365.es\/noticias\/wp-content\/uploads\/2015\/03\/muja-tito-bustillo-633x420.jpg 633w, https:\/\/candas365.es\/noticias\/wp-content\/uploads\/2015\/03\/muja-tito-bustillo-84x55.jpg 84w, https:\/\/candas365.es\/noticias\/wp-content\/uploads\/2015\/03\/muja-tito-bustillo.jpg 980w\" sizes=\"(max-width: 360px) 100vw, 360px\" \/>El programa de actividades para conmemorar el descubrimiento de Tito Bustillo incluye talleres de mi\u00e9rcoles a domingo en julio y agosto y los fines de semana de septiembre. En ellos el p\u00fablico infantil de 4 a 11 a\u00f1os podr\u00e1 acercarse a la Prehistoria de una forma amena y divertida y el p\u00fablico familiar tendr\u00e1 opci\u00f3n de conocer los hallazgos de la cueva en este medio siglo y de participar en talleres de arqueolog\u00eda o arqueoac\u00fastica.<\/p>\n<p>El p\u00fablico infantil tambi\u00e9n emular\u00e1 a los artistas de la Cueva de Tito Bustillo con el pintor e ilustrador Pedro Fano el 21 de julio o emplear\u00e1 la tecnolog\u00eda de impresi\u00f3n en 3D para jugar con los animales representados en la caverna con Robotix el 11 de agosto. Para los m\u00e1s peque\u00f1os de la casa tambi\u00e9n habr\u00e1 talleres gratuitos en la Plaza de Ribadesella el 22 de julio, en una actividad realizada en colaboraci\u00f3n con el Ayuntamiento de la localidad.<\/p>\n<p>Adem\u00e1s, el 16, 17 y 18 de agosto se celebrar\u00e1n los Conciertos en la Cuevona de Ardines que organiza el Ayuntamiento; el 17 de agosto se presentar\u00e1 el documental \u201cTito Bustillo, 50 a\u00f1os de descubrimientos\u201d de Pablo Casanueva y Dolores \u00c1lvarez; y el 24 de agosto Rodrigo de Balb\u00edn, considerado el principal investigador de la Cueva, recibir\u00e1 un homenaje en el Centro Tito Bustillo.<\/p>\n","protected":false},"excerpt":{"rendered":"<p>El programa de actividades para conmemorar el descubrimiento de Tito Bustillo incluye talleres de mi\u00e9rcoles a domingo en julio y agosto y los fines de semana de septiembre. En ellos el p\u00fablico infantil de 4 a 11 a\u00f1os podr\u00e1 acercarse a la Prehistoria de una forma amena y divertida y el p\u00fablico familiar tendr\u00e1 opci\u00f3n<\/p>\n","protected":false},"author":1,"featured_media":9321,"comment_status":"closed","ping_status":"closed","sticky":false,"template":"","format":"standard","meta":{"footnotes":""},"categories":[1],"tags":[],"class_list":{"0":"post-99316","1":"post","2":"type-post","3":"status-publish","4":"format-standard","5":"has-post-thumbnail","7":"category-agenda"},"aioseo_notices":[],"aioseo_head":"\n\t\t<!-- All in One SEO Pro 4.9.6.2 - aioseo.com -->\n\t<meta name=\"description\" content=\"El programa de actividades para conmemorar el descubrimiento de Tito Bustillo incluye talleres de mi\u00e9rcoles a domingo en julio y agosto y los fines de semana de septiembre. En ellos el p\u00fablico infantil de 4 a 11 a\u00f1os podr\u00e1 acercarse a la Prehistoria de una forma amena y divertida y el p\u00fablico familiar tendr\u00e1 opci\u00f3n\" \/>\n\t<meta name=\"robots\" content=\"max-image-preview:large\" \/>\n\t<meta name=\"author\" content=\"Cand\u00e1s 365\"\/>\n\t<meta name=\"google-site-verification\" content=\"UA-32230408-1\" \/>\n\t<meta name=\"msvalidate.01\" content=\"354F3CDFB2DA171B47FBE9ABF1F88D5\" \/>\n\t<meta name=\"keywords\" content=\"agenda\" \/>\n\t<link rel=\"canonical\" href=\"https:\/\/candas365.es\/noticias\/tito-bustillo-celebra-sus-50-anos\/\" \/>\n\t<meta name=\"generator\" content=\"All in One SEO Pro (AIOSEO) 4.9.6.2\" \/>\n\t\t<meta property=\"og:locale\" content=\"es_ES\" \/>\n\t\t<meta property=\"og:site_name\" content=\"Cand\u00e1s 365\" \/>\n\t\t<meta property=\"og:type\" content=\"article\" \/>\n\t\t<meta property=\"og:title\" content=\"Tito Bustillo celebra sus 50 a\u00f1os | Cand\u00e1s 365\" \/>\n\t\t<meta property=\"og:description\" content=\"El programa de actividades para conmemorar el descubrimiento de Tito Bustillo incluye talleres de mi\u00e9rcoles a domingo en julio y agosto y los fines de semana de septiembre. En ellos el p\u00fablico infantil de 4 a 11 a\u00f1os podr\u00e1 acercarse a la Prehistoria de una forma amena y divertida y el p\u00fablico familiar tendr\u00e1 opci\u00f3n\" \/>\n\t\t<meta property=\"og:url\" content=\"https:\/\/candas365.es\/noticias\/tito-bustillo-celebra-sus-50-anos\/\" \/>\n\t\t<meta property=\"og:image\" content=\"https:\/\/candas365.es\/noticias\/wp-content\/uploads\/2015\/03\/muja-tito-bustillo.jpg\" \/>\n\t\t<meta property=\"og:image:secure_url\" content=\"https:\/\/candas365.es\/noticias\/wp-content\/uploads\/2015\/03\/muja-tito-bustillo.jpg\" \/>\n\t\t<meta property=\"og:image:width\" content=\"980\" \/>\n\t\t<meta property=\"og:image:height\" content=\"650\" \/>\n\t\t<meta property=\"article:published_time\" content=\"2018-06-29T20:18:31+00:00\" \/>\n\t\t<meta property=\"article:modified_time\" content=\"2018-06-29T20:18:31+00:00\" \/>\n\t\t<meta property=\"article:publisher\" content=\"https:\/\/www.facebook.com\/Nachofdezber\" \/>\n\t\t<meta property=\"article:author\" content=\"https:\/\/www.facebook.com\/carrenoactualidad\" \/>\n\t\t<meta name=\"twitter:card\" content=\"summary_large_image\" \/>\n\t\t<meta name=\"twitter:site\" content=\"@NabercoDigital\" \/>\n\t\t<meta name=\"twitter:title\" content=\"Tito Bustillo celebra sus 50 a\u00f1os | Cand\u00e1s 365\" \/>\n\t\t<meta name=\"twitter:description\" content=\"El programa de actividades para conmemorar el descubrimiento de Tito Bustillo incluye talleres de mi\u00e9rcoles a domingo en julio y agosto y los fines de semana de septiembre. En ellos el p\u00fablico infantil de 4 a 11 a\u00f1os podr\u00e1 acercarse a la Prehistoria de una forma amena y divertida y el p\u00fablico familiar tendr\u00e1 opci\u00f3n\" \/>\n\t\t<meta name=\"twitter:creator\" content=\"@nbasturias\" \/>\n\t\t<meta name=\"twitter:image\" content=\"https:\/\/candas365.es\/noticias\/wp-content\/uploads\/2015\/03\/muja-tito-bustillo.jpg\" \/>\n\t\t<meta name=\"twitter:label1\" content=\"Escrito por\" \/>\n\t\t<meta name=\"twitter:data1\" content=\"Cand\u00e1s 365\" \/>\n\t\t<meta name=\"twitter:label2\" content=\"Tiempo de lectura estimado\" \/>\n\t\t<meta name=\"twitter:data2\" content=\"1 minuto\" \/>\n\t\t<script type=\"application\/ld+json\" class=\"aioseo-schema\">\n\t\t\t{\"@context\":\"https:\\\/\\\/schema.org\",\"@graph\":[{\"@type\":\"BreadcrumbList\",\"@id\":\"https:\\\/\\\/candas365.es\\\/noticias\\\/tito-bustillo-celebra-sus-50-anos\\\/#breadcrumblist\",\"itemListElement\":[{\"@type\":\"ListItem\",\"@id\":\"https:\\\/\\\/candas365.es\\\/noticias#listItem\",\"position\":1,\"name\":\"Home\",\"item\":\"https:\\\/\\\/candas365.es\\\/noticias\",\"nextItem\":{\"@type\":\"ListItem\",\"@id\":\"https:\\\/\\\/candas365.es\\\/noticias\\\/category\\\/agenda\\\/#listItem\",\"name\":\"Agenda\"}},{\"@type\":\"ListItem\",\"@id\":\"https:\\\/\\\/candas365.es\\\/noticias\\\/category\\\/agenda\\\/#listItem\",\"position\":2,\"name\":\"Agenda\",\"item\":\"https:\\\/\\\/candas365.es\\\/noticias\\\/category\\\/agenda\\\/\",\"nextItem\":{\"@type\":\"ListItem\",\"@id\":\"https:\\\/\\\/candas365.es\\\/noticias\\\/tito-bustillo-celebra-sus-50-anos\\\/#listItem\",\"name\":\"Tito Bustillo celebra sus 50 a\\u00f1os\"},\"previousItem\":{\"@type\":\"ListItem\",\"@id\":\"https:\\\/\\\/candas365.es\\\/noticias#listItem\",\"name\":\"Home\"}},{\"@type\":\"ListItem\",\"@id\":\"https:\\\/\\\/candas365.es\\\/noticias\\\/tito-bustillo-celebra-sus-50-anos\\\/#listItem\",\"position\":3,\"name\":\"Tito Bustillo celebra sus 50 a\\u00f1os\",\"previousItem\":{\"@type\":\"ListItem\",\"@id\":\"https:\\\/\\\/candas365.es\\\/noticias\\\/category\\\/agenda\\\/#listItem\",\"name\":\"Agenda\"}}]},{\"@type\":\"NewsArticle\",\"@id\":\"https:\\\/\\\/candas365.es\\\/noticias\\\/tito-bustillo-celebra-sus-50-anos\\\/#newsarticle\",\"name\":\"Tito Bustillo celebra sus 50 a\\u00f1os | Cand\\u00e1s 365\",\"headline\":\"Tito Bustillo celebra sus 50 a\\u00f1os\",\"author\":{\"@id\":\"https:\\\/\\\/candas365.es\\\/noticias\\\/author\\\/admin\\\/#author\"},\"publisher\":{\"@id\":\"https:\\\/\\\/candas365.es\\\/noticias\\\/#organization\"},\"image\":{\"@type\":\"ImageObject\",\"url\":\"https:\\\/\\\/candas365.es\\\/noticias\\\/wp-content\\\/uploads\\\/2015\\\/03\\\/muja-tito-bustillo.jpg\",\"width\":980,\"height\":650},\"datePublished\":\"2018-06-29T20:18:31+02:00\",\"dateModified\":\"2018-06-29T20:18:31+02:00\",\"inLanguage\":\"es-ES\",\"mainEntityOfPage\":{\"@id\":\"https:\\\/\\\/candas365.es\\\/noticias\\\/tito-bustillo-celebra-sus-50-anos\\\/#webpage\"},\"isPartOf\":{\"@id\":\"https:\\\/\\\/candas365.es\\\/noticias\\\/tito-bustillo-celebra-sus-50-anos\\\/#webpage\"},\"articleSection\":\"Agenda\",\"dateline\":\"Publicado el junio 29, 2018.\"},{\"@type\":\"Organization\",\"@id\":\"https:\\\/\\\/candas365.es\\\/noticias\\\/#organization\",\"name\":\"Cand\\u00e1s 365\",\"description\":\"Cand\\u00e1s 365 es un diario digital independiente, fundado en 2012, con base en Asturias. Informamos con rigor sobre actualidad, sociedad, cultura y ocio, con una mirada local y global.\",\"url\":\"https:\\\/\\\/candas365.es\\\/noticias\\\/\",\"email\":\"info@candas365.es\",\"telephone\":\"+34652131393\",\"foundingDate\":\"2012-06-10\",\"logo\":{\"@type\":\"ImageObject\",\"url\":\"https:\\\/\\\/candas365.es\\\/noticias\\\/wp-content\\\/uploads\\\/2024\\\/09\\\/Candas-365-Redes.jpg\",\"@id\":\"https:\\\/\\\/candas365.es\\\/noticias\\\/tito-bustillo-celebra-sus-50-anos\\\/#organizationLogo\",\"width\":1152,\"height\":864,\"caption\":\"Cand\\u00e1s 365 Redes\"},\"image\":{\"@id\":\"https:\\\/\\\/candas365.es\\\/noticias\\\/tito-bustillo-celebra-sus-50-anos\\\/#organizationLogo\"},\"sameAs\":[\"https:\\\/\\\/www.facebook.com\\\/Nachofdezber\",\"https:\\\/\\\/x.com\\\/NabercoDigital\",\"https:\\\/\\\/www.instagram.com\\\/nachofdezber\\\/\",\"https:\\\/\\\/www.youtube.com\\\/channel\\\/UCZP-2wLEB9Rv6erhFmqVnvg\"],\"address\":{\"@id\":\"https:\\\/\\\/candas365.es\\\/noticias\\\/#postaladdress\",\"@type\":\"PostalAddress\",\"streetAddress\":\"san antonio 4, san antonio 4\",\"postalCode\":\"33430\",\"addressLocality\":\"Cand\\u00e1s\",\"addressRegion\":\"Asturias\",\"addressCountry\":\"ES\"}},{\"@type\":\"Person\",\"@id\":\"https:\\\/\\\/candas365.es\\\/noticias\\\/author\\\/admin\\\/#author\",\"url\":\"https:\\\/\\\/candas365.es\\\/noticias\\\/author\\\/admin\\\/\",\"name\":\"Cand\\u00e1s 365\",\"image\":{\"@type\":\"ImageObject\",\"@id\":\"https:\\\/\\\/candas365.es\\\/noticias\\\/tito-bustillo-celebra-sus-50-anos\\\/#authorImage\",\"url\":\"https:\\\/\\\/secure.gravatar.com\\\/avatar\\\/496a8e03d0c493ede1718b7934145dbdf8d89be1036b0eec9544e1094c9de390?s=96&d=mm&r=g\",\"width\":96,\"height\":96,\"caption\":\"Cand\\u00e1s 365\"},\"sameAs\":[\"https:\\\/\\\/www.facebook.com\\\/carrenoactualidad\",\"https:\\\/\\\/twitter.com\\\/nbasturias\",\"https:\\\/\\\/www.instagram.com\\\/nachofdezber\\\/\",\"https:\\\/\\\/www.youtube.com\\\/channel\\\/UCZP-2wLEB9Rv6erhFmqVnvg\"]},{\"@type\":\"WebPage\",\"@id\":\"https:\\\/\\\/candas365.es\\\/noticias\\\/tito-bustillo-celebra-sus-50-anos\\\/#webpage\",\"url\":\"https:\\\/\\\/candas365.es\\\/noticias\\\/tito-bustillo-celebra-sus-50-anos\\\/\",\"name\":\"Tito Bustillo celebra sus 50 a\\u00f1os | Cand\\u00e1s 365\",\"description\":\"El programa de actividades para conmemorar el descubrimiento de Tito Bustillo incluye talleres de mi\\u00e9rcoles a domingo en julio y agosto y los fines de semana de septiembre. En ellos el p\\u00fablico infantil de 4 a 11 a\\u00f1os podr\\u00e1 acercarse a la Prehistoria de una forma amena y divertida y el p\\u00fablico familiar tendr\\u00e1 opci\\u00f3n\",\"inLanguage\":\"es-ES\",\"isPartOf\":{\"@id\":\"https:\\\/\\\/candas365.es\\\/noticias\\\/#website\"},\"breadcrumb\":{\"@id\":\"https:\\\/\\\/candas365.es\\\/noticias\\\/tito-bustillo-celebra-sus-50-anos\\\/#breadcrumblist\"},\"author\":{\"@id\":\"https:\\\/\\\/candas365.es\\\/noticias\\\/author\\\/admin\\\/#author\"},\"creator\":{\"@id\":\"https:\\\/\\\/candas365.es\\\/noticias\\\/author\\\/admin\\\/#author\"},\"image\":{\"@type\":\"ImageObject\",\"url\":\"https:\\\/\\\/candas365.es\\\/noticias\\\/wp-content\\\/uploads\\\/2015\\\/03\\\/muja-tito-bustillo.jpg\",\"@id\":\"https:\\\/\\\/candas365.es\\\/noticias\\\/tito-bustillo-celebra-sus-50-anos\\\/#mainImage\",\"width\":980,\"height\":650},\"primaryImageOfPage\":{\"@id\":\"https:\\\/\\\/candas365.es\\\/noticias\\\/tito-bustillo-celebra-sus-50-anos\\\/#mainImage\"},\"datePublished\":\"2018-06-29T20:18:31+02:00\",\"dateModified\":\"2018-06-29T20:18:31+02:00\"},{\"@type\":\"WebSite\",\"@id\":\"https:\\\/\\\/candas365.es\\\/noticias\\\/#website\",\"url\":\"https:\\\/\\\/candas365.es\\\/noticias\\\/\",\"name\":\"Cand\\u00e1s 365\",\"alternateName\":\"Cand\\u00e1s 365 Noticias\",\"description\":\"Actualidad desde Carre\\u00f1o para el mundo\",\"inLanguage\":\"es-ES\",\"publisher\":{\"@id\":\"https:\\\/\\\/candas365.es\\\/noticias\\\/#organization\"}}]}\n\t\t<\/script>\n\t\t<!-- All in One SEO Pro -->\r\n\t\t<title>Tito Bustillo celebra sus 50 a\u00f1os | Cand\u00e1s 365<\/title>\n\n","aioseo_head_json":{"title":"Tito Bustillo celebra sus 50 a\u00f1os | Cand\u00e1s 365","description":"El programa de actividades para conmemorar el descubrimiento de Tito Bustillo incluye talleres de mi\u00e9rcoles a domingo en julio y agosto y los fines de semana de septiembre. En ellos el p\u00fablico infantil de 4 a 11 a\u00f1os podr\u00e1 acercarse a la Prehistoria de una forma amena y divertida y el p\u00fablico familiar tendr\u00e1 opci\u00f3n","canonical_url":"https:\/\/candas365.es\/noticias\/tito-bustillo-celebra-sus-50-anos\/","robots":"max-image-preview:large","keywords":"agenda","webmasterTools":{"google-site-verification":"UA-32230408-1","msvalidate.01":"354F3CDFB2DA171B47FBE9ABF1F88D5","miscellaneous":""},"schema":{"@context":"https:\/\/schema.org","@graph":[{"@type":"BreadcrumbList","@id":"https:\/\/candas365.es\/noticias\/tito-bustillo-celebra-sus-50-anos\/#breadcrumblist","itemListElement":[{"@type":"ListItem","@id":"https:\/\/candas365.es\/noticias#listItem","position":1,"name":"Home","item":"https:\/\/candas365.es\/noticias","nextItem":{"@type":"ListItem","@id":"https:\/\/candas365.es\/noticias\/category\/agenda\/#listItem","name":"Agenda"}},{"@type":"ListItem","@id":"https:\/\/candas365.es\/noticias\/category\/agenda\/#listItem","position":2,"name":"Agenda","item":"https:\/\/candas365.es\/noticias\/category\/agenda\/","nextItem":{"@type":"ListItem","@id":"https:\/\/candas365.es\/noticias\/tito-bustillo-celebra-sus-50-anos\/#listItem","name":"Tito Bustillo celebra sus 50 a\u00f1os"},"previousItem":{"@type":"ListItem","@id":"https:\/\/candas365.es\/noticias#listItem","name":"Home"}},{"@type":"ListItem","@id":"https:\/\/candas365.es\/noticias\/tito-bustillo-celebra-sus-50-anos\/#listItem","position":3,"name":"Tito Bustillo celebra sus 50 a\u00f1os","previousItem":{"@type":"ListItem","@id":"https:\/\/candas365.es\/noticias\/category\/agenda\/#listItem","name":"Agenda"}}]},{"@type":"NewsArticle","@id":"https:\/\/candas365.es\/noticias\/tito-bustillo-celebra-sus-50-anos\/#newsarticle","name":"Tito Bustillo celebra sus 50 a\u00f1os | Cand\u00e1s 365","headline":"Tito Bustillo celebra sus 50 a\u00f1os","author":{"@id":"https:\/\/candas365.es\/noticias\/author\/admin\/#author"},"publisher":{"@id":"https:\/\/candas365.es\/noticias\/#organization"},"image":{"@type":"ImageObject","url":"https:\/\/candas365.es\/noticias\/wp-content\/uploads\/2015\/03\/muja-tito-bustillo.jpg","width":980,"height":650},"datePublished":"2018-06-29T20:18:31+02:00","dateModified":"2018-06-29T20:18:31+02:00","inLanguage":"es-ES","mainEntityOfPage":{"@id":"https:\/\/candas365.es\/noticias\/tito-bustillo-celebra-sus-50-anos\/#webpage"},"isPartOf":{"@id":"https:\/\/candas365.es\/noticias\/tito-bustillo-celebra-sus-50-anos\/#webpage"},"articleSection":"Agenda","dateline":"Publicado el junio 29, 2018."},{"@type":"Organization","@id":"https:\/\/candas365.es\/noticias\/#organization","name":"Cand\u00e1s 365","description":"Cand\u00e1s 365 es un diario digital independiente, fundado en 2012, con base en Asturias. Informamos con rigor sobre actualidad, sociedad, cultura y ocio, con una mirada local y global.","url":"https:\/\/candas365.es\/noticias\/","email":"info@candas365.es","telephone":"+34652131393","foundingDate":"2012-06-10","logo":{"@type":"ImageObject","url":"https:\/\/candas365.es\/noticias\/wp-content\/uploads\/2024\/09\/Candas-365-Redes.jpg","@id":"https:\/\/candas365.es\/noticias\/tito-bustillo-celebra-sus-50-anos\/#organizationLogo","width":1152,"height":864,"caption":"Cand\u00e1s 365 Redes"},"image":{"@id":"https:\/\/candas365.es\/noticias\/tito-bustillo-celebra-sus-50-anos\/#organizationLogo"},"sameAs":["https:\/\/www.facebook.com\/Nachofdezber","https:\/\/x.com\/NabercoDigital","https:\/\/www.instagram.com\/nachofdezber\/","https:\/\/www.youtube.com\/channel\/UCZP-2wLEB9Rv6erhFmqVnvg"],"address":{"@id":"https:\/\/candas365.es\/noticias\/#postaladdress","@type":"PostalAddress","streetAddress":"san antonio 4, san antonio 4","postalCode":"33430","addressLocality":"Cand\u00e1s","addressRegion":"Asturias","addressCountry":"ES"}},{"@type":"Person","@id":"https:\/\/candas365.es\/noticias\/author\/admin\/#author","url":"https:\/\/candas365.es\/noticias\/author\/admin\/","name":"Cand\u00e1s 365","image":{"@type":"ImageObject","@id":"https:\/\/candas365.es\/noticias\/tito-bustillo-celebra-sus-50-anos\/#authorImage","url":"https:\/\/secure.gravatar.com\/avatar\/496a8e03d0c493ede1718b7934145dbdf8d89be1036b0eec9544e1094c9de390?s=96&d=mm&r=g","width":96,"height":96,"caption":"Cand\u00e1s 365"},"sameAs":["https:\/\/www.facebook.com\/carrenoactualidad","https:\/\/twitter.com\/nbasturias","https:\/\/www.instagram.com\/nachofdezber\/","https:\/\/www.youtube.com\/channel\/UCZP-2wLEB9Rv6erhFmqVnvg"]},{"@type":"WebPage","@id":"https:\/\/candas365.es\/noticias\/tito-bustillo-celebra-sus-50-anos\/#webpage","url":"https:\/\/candas365.es\/noticias\/tito-bustillo-celebra-sus-50-anos\/","name":"Tito Bustillo celebra sus 50 a\u00f1os | Cand\u00e1s 365","description":"El programa de actividades para conmemorar el descubrimiento de Tito Bustillo incluye talleres de mi\u00e9rcoles a domingo en julio y agosto y los fines de semana de septiembre. En ellos el p\u00fablico infantil de 4 a 11 a\u00f1os podr\u00e1 acercarse a la Prehistoria de una forma amena y divertida y el p\u00fablico familiar tendr\u00e1 opci\u00f3n","inLanguage":"es-ES","isPartOf":{"@id":"https:\/\/candas365.es\/noticias\/#website"},"breadcrumb":{"@id":"https:\/\/candas365.es\/noticias\/tito-bustillo-celebra-sus-50-anos\/#breadcrumblist"},"author":{"@id":"https:\/\/candas365.es\/noticias\/author\/admin\/#author"},"creator":{"@id":"https:\/\/candas365.es\/noticias\/author\/admin\/#author"},"image":{"@type":"ImageObject","url":"https:\/\/candas365.es\/noticias\/wp-content\/uploads\/2015\/03\/muja-tito-bustillo.jpg","@id":"https:\/\/candas365.es\/noticias\/tito-bustillo-celebra-sus-50-anos\/#mainImage","width":980,"height":650},"primaryImageOfPage":{"@id":"https:\/\/candas365.es\/noticias\/tito-bustillo-celebra-sus-50-anos\/#mainImage"},"datePublished":"2018-06-29T20:18:31+02:00","dateModified":"2018-06-29T20:18:31+02:00"},{"@type":"WebSite","@id":"https:\/\/candas365.es\/noticias\/#website","url":"https:\/\/candas365.es\/noticias\/","name":"Cand\u00e1s 365","alternateName":"Cand\u00e1s 365 Noticias","description":"Actualidad desde Carre\u00f1o para el mundo","inLanguage":"es-ES","publisher":{"@id":"https:\/\/candas365.es\/noticias\/#organization"}}]},"og:locale":"es_ES","og:site_name":"Cand\u00e1s 365","og:type":"article","og:title":"Tito Bustillo celebra sus 50 a\u00f1os | Cand\u00e1s 365","og:description":"El programa de actividades para conmemorar el descubrimiento de Tito Bustillo incluye talleres de mi\u00e9rcoles a domingo en julio y agosto y los fines de semana de septiembre. En ellos el p\u00fablico infantil de 4 a 11 a\u00f1os podr\u00e1 acercarse a la Prehistoria de una forma amena y divertida y el p\u00fablico familiar tendr\u00e1 opci\u00f3n","og:url":"https:\/\/candas365.es\/noticias\/tito-bustillo-celebra-sus-50-anos\/","og:image":"https:\/\/candas365.es\/noticias\/wp-content\/uploads\/2015\/03\/muja-tito-bustillo.jpg","og:image:secure_url":"https:\/\/candas365.es\/noticias\/wp-content\/uploads\/2015\/03\/muja-tito-bustillo.jpg","og:image:width":980,"og:image:height":650,"article:published_time":"2018-06-29T20:18:31+00:00","article:modified_time":"2018-06-29T20:18:31+00:00","article:publisher":"https:\/\/www.facebook.com\/Nachofdezber","article:author":"https:\/\/www.facebook.com\/carrenoactualidad","twitter:card":"summary_large_image","twitter:site":"@NabercoDigital","twitter:title":"Tito Bustillo celebra sus 50 a\u00f1os | Cand\u00e1s 365","twitter:description":"El programa de actividades para conmemorar el descubrimiento de Tito Bustillo incluye talleres de mi\u00e9rcoles a domingo en julio y agosto y los fines de semana de septiembre. En ellos el p\u00fablico infantil de 4 a 11 a\u00f1os podr\u00e1 acercarse a la Prehistoria de una forma amena y divertida y el p\u00fablico familiar tendr\u00e1 opci\u00f3n","twitter:creator":"@nbasturias","twitter:image":"https:\/\/candas365.es\/noticias\/wp-content\/uploads\/2015\/03\/muja-tito-bustillo.jpg","twitter:label1":"Escrito por","twitter:data1":"Cand\u00e1s 365","twitter:label2":"Tiempo de lectura estimado","twitter:data2":"1 minuto"},"aioseo_meta_data":{"post_id":"99316","title":null,"description":null,"keywords":null,"keyphrases":null,"primary_term":null,"canonical_url":null,"og_title":null,"og_description":null,"og_object_type":"default","og_image_type":"default","og_image_url":null,"og_image_width":null,"og_image_height":null,"og_image_custom_url":null,"og_image_custom_fields":null,"og_video":null,"og_custom_url":null,"og_article_section":null,"og_article_tags":null,"twitter_use_og":false,"twitter_card":"default","twitter_image_type":"default","twitter_image_url":null,"twitter_image_custom_url":null,"twitter_image_custom_fields":null,"twitter_title":null,"twitter_description":null,"schema":{"blockGraphs":[],"customGraphs":[],"default":{"data":{"Article":[],"Course":[],"Dataset":[],"FAQPage":[],"Movie":[],"Person":[],"Product":[],"ProductReview":[],"Car":[],"Recipe":[],"Service":[],"SoftwareApplication":[],"WebPage":[]},"graphName":"","isEnabled":true},"graphs":[],"defaultGraph":"","defaultPostTypeGraph":""},"schema_type":null,"schema_type_options":null,"pillar_content":false,"robots_default":true,"robots_noindex":false,"robots_noarchive":false,"robots_nosnippet":false,"robots_nofollow":false,"robots_noimageindex":false,"robots_noodp":false,"robots_notranslate":false,"robots_max_snippet":null,"robots_max_videopreview":null,"robots_max_imagepreview":"large","priority":null,"frequency":null,"location":null,"local_seo":null,"seo_analyzer_scan_date":"2025-08-27 05:47:17","breadcrumb_settings":null,"limit_modified_date":false,"reviewed_by":null,"open_ai":null,"ai":null,"created":"2020-12-21 11:49:38","updated":"2025-08-27 05:47:17"},"aioseo_breadcrumb":"<div class=\"aioseo-breadcrumbs\"><span class=\"aioseo-breadcrumb\">\n\t<a href=\"https:\/\/candas365.es\/noticias\" title=\"Home\">Home<\/a>\n<\/span><span class=\"aioseo-breadcrumb-separator\">&ndash;<\/span><span class=\"aioseo-breadcrumb\">\n\t<a href=\"https:\/\/candas365.es\/noticias\/category\/agenda\/\" title=\"Agenda\">Agenda<\/a>\n<\/span><span class=\"aioseo-breadcrumb-separator\">&ndash;<\/span><span class=\"aioseo-breadcrumb\">\n\tTito Bustillo celebra sus 50 a\u00f1os\n<\/span><\/div>","aioseo_breadcrumb_json":[{"label":"Home","link":"https:\/\/candas365.es\/noticias"},{"label":"Agenda","link":"https:\/\/candas365.es\/noticias\/category\/agenda\/"},{"label":"Tito Bustillo celebra sus 50 a\u00f1os","link":"https:\/\/candas365.es\/noticias\/tito-bustillo-celebra-sus-50-anos\/"}],"_links":{"self":[{"href":"https:\/\/candas365.es\/noticias\/wp-json\/wp\/v2\/posts\/99316","targetHints":{"allow":["GET"]}}],"collection":[{"href":"https:\/\/candas365.es\/noticias\/wp-json\/wp\/v2\/posts"}],"about":[{"href":"https:\/\/candas365.es\/noticias\/wp-json\/wp\/v2\/types\/post"}],"author":[{"embeddable":true,"href":"https:\/\/candas365.es\/noticias\/wp-json\/wp\/v2\/users\/1"}],"replies":[{"embeddable":true,"href":"https:\/\/candas365.es\/noticias\/wp-json\/wp\/v2\/comments?post=99316"}],"version-history":[{"count":0,"href":"https:\/\/candas365.es\/noticias\/wp-json\/wp\/v2\/posts\/99316\/revisions"}],"wp:featuredmedia":[{"embeddable":true,"href":"https:\/\/candas365.es\/noticias\/wp-json\/wp\/v2\/media\/9321"}],"wp:attachment":[{"href":"https:\/\/candas365.es\/noticias\/wp-json\/wp\/v2\/media?parent=99316"}],"wp:term":[{"taxonomy":"category","embeddable":true,"href":"https:\/\/candas365.es\/noticias\/wp-json\/wp\/v2\/categories?post=99316"},{"taxonomy":"post_tag","embeddable":true,"href":"https:\/\/candas365.es\/noticias\/wp-json\/wp\/v2\/tags?post=99316"}],"curies":[{"name":"wp","href":"https:\/\/api.w.org\/{rel}","templated":true}]}}