{"id":99145,"date":"2018-06-27T20:10:40","date_gmt":"2018-06-27T20:10:40","guid":{"rendered":"http:\/\/candas365.es\/noticias\/?p=99145"},"modified":"2018-06-27T20:10:40","modified_gmt":"2018-06-27T20:10:40","slug":"nuevos-contenedores-de-ropa-y-calzado-en-carreno","status":"publish","type":"post","link":"https:\/\/candas365.es\/noticias\/nuevos-contenedores-de-ropa-y-calzado-en-carreno\/","title":{"rendered":"Nuevos contenedores de ropa y calzado en Carre\u00f1o"},"content":{"rendered":"<p><img fetchpriority=\"high\" decoding=\"async\" class=\"alignleft size-medium wp-image-99146\" src=\"https:\/\/candas365.es\/noticias\/wp-content\/uploads\/2018\/06\/33daf796-360x270.jpg\" alt=\"\" width=\"360\" height=\"270\" srcset=\"https:\/\/candas365.es\/noticias\/wp-content\/uploads\/2018\/06\/33daf796-360x270.jpg 360w, https:\/\/candas365.es\/noticias\/wp-content\/uploads\/2018\/06\/33daf796-768x576.jpg 768w, https:\/\/candas365.es\/noticias\/wp-content\/uploads\/2018\/06\/33daf796-640x480.jpg 640w, https:\/\/candas365.es\/noticias\/wp-content\/uploads\/2018\/06\/33daf796-80x60.jpg 80w, https:\/\/candas365.es\/noticias\/wp-content\/uploads\/2018\/06\/33daf796-265x198.jpg 265w, https:\/\/candas365.es\/noticias\/wp-content\/uploads\/2018\/06\/33daf796-696x522.jpg 696w, https:\/\/candas365.es\/noticias\/wp-content\/uploads\/2018\/06\/33daf796-1068x801.jpg 1068w, https:\/\/candas365.es\/noticias\/wp-content\/uploads\/2018\/06\/33daf796-560x420.jpg 560w, https:\/\/candas365.es\/noticias\/wp-content\/uploads\/2018\/06\/33daf796.jpg 1600w\" sizes=\"(max-width: 360px) 100vw, 360px\" \/>En la ma\u00f1ana de hoy se instalaron dos nuevos contenedores de recogida de <strong>ropa, calzado y otros complementos<\/strong> en el concejo. Uno m\u00e1s en Cand\u00e1s y otro en el centro de salud perif\u00e9rico que atiende a la mayor parte de la zona rural del concejo.<\/p>\n<p>Fruto de un convenio de colaboraci\u00f3n entre el Ayuntamiento de Carre\u00f1o y Caritas koopera para implantaci\u00f3n de medidas de promoci\u00f3n de la inclusi\u00f3n activa a trav\u00e9s de actuaciones respetuosas con el medio ambiente, se han colocado estos dos contenedores en el concejo, uno en el entorno del <strong>CEIP Poeta Ant\u00f3n de Marirreguera<\/strong> y el segundo al lado de la bater\u00eda de contenedores existente en el <strong>Centro de Salud del Empalme<\/strong>.<\/p>\n<p>\u201cEstas dos nuevas ubicaciones se completar\u00e1n con un tercer contenedor que situaremos en el entorno de la <strong>calle Severo Ochoa<\/strong>, cuando finalice las obras existentes en la zona\u201d, se\u00f1al\u00f3 <strong>Gabriel Rodr\u00edgue<\/strong>z, concejal de Urbanismo.<\/p>\n<p>M\u00e1s all\u00e1 de la colocaci\u00f3n de dichos contenedores, y como figura en una de las cl\u00e1usulas del convenio, \u201ces voluntad de ambas entidades implicarse en proyectos que tengan como objetivo la generaci\u00f3n de empleo para las personas m\u00e1s vulnerables mediante actividades relacionadas con el cuidado del medio ambiente a desarrollar en el concejo de Carre\u00f1o\u201d, afirm\u00f3 el edil.<\/p>\n<p>\u201cEs importante se\u00f1alar que en total ser\u00e1n 4 los contenedores que C\u00e1ritas tendremos disponibles en el concejo puesto que desde la inauguraci\u00f3n del punto limpio hay uno en dicha ubicaci\u00f3n. Con la implicaci\u00f3n de la ciudadan\u00eda carre\u00f1ense depositando en ellos ropa, calzado y complementos daremos una segunda oportunidad a estas prendas contribuyendo a la empleabilidad de colectivos en riesgo de exclusi\u00f3n. Se conjuga sostenibilidad y acci\u00f3n sociolaboral\u201d &#8211; concluy\u00f3 el concejal<\/p>\n","protected":false},"excerpt":{"rendered":"<p>En la ma\u00f1ana de hoy se instalaron dos nuevos contenedores de recogida de ropa, calzado y otros complementos en el concejo. Uno m\u00e1s en Cand\u00e1s y otro en el centro de salud perif\u00e9rico que atiende a la mayor parte de la zona rural del concejo. Fruto de un convenio de colaboraci\u00f3n entre el Ayuntamiento de<\/p>\n","protected":false},"author":1,"featured_media":99146,"comment_status":"closed","ping_status":"closed","sticky":false,"template":"","format":"standard","meta":{"footnotes":""},"categories":[2],"tags":[],"class_list":{"0":"post-99145","1":"post","2":"type-post","3":"status-publish","4":"format-standard","5":"has-post-thumbnail","7":"category-noticias-carreno"},"aioseo_notices":[],"aioseo_head":"\n\t\t<!-- All in One SEO Pro 4.9.6.2 - aioseo.com -->\n\t<meta name=\"description\" content=\"En la ma\u00f1ana de hoy se instalaron dos nuevos contenedores de recogida de ropa, calzado y otros complementos en el concejo. Uno m\u00e1s en Cand\u00e1s y otro en el centro de salud perif\u00e9rico que atiende a la mayor parte de la zona rural del concejo. Fruto de un convenio de colaboraci\u00f3n entre el Ayuntamiento de\" \/>\n\t<meta name=\"robots\" content=\"max-image-preview:large\" \/>\n\t<meta name=\"author\" content=\"Cand\u00e1s 365\"\/>\n\t<meta name=\"google-site-verification\" content=\"UA-32230408-1\" \/>\n\t<meta name=\"msvalidate.01\" content=\"354F3CDFB2DA171B47FBE9ABF1F88D5\" \/>\n\t<meta name=\"keywords\" content=\"noticias carre\u00f1o\" \/>\n\t<link rel=\"canonical\" href=\"https:\/\/candas365.es\/noticias\/nuevos-contenedores-de-ropa-y-calzado-en-carreno\/\" \/>\n\t<meta name=\"generator\" content=\"All in One SEO Pro (AIOSEO) 4.9.6.2\" \/>\n\t\t<meta property=\"og:locale\" content=\"es_ES\" \/>\n\t\t<meta property=\"og:site_name\" content=\"Cand\u00e1s 365\" \/>\n\t\t<meta property=\"og:type\" content=\"article\" \/>\n\t\t<meta property=\"og:title\" content=\"Nuevos contenedores de ropa y calzado en Carre\u00f1o | Cand\u00e1s 365\" \/>\n\t\t<meta property=\"og:description\" content=\"En la ma\u00f1ana de hoy se instalaron dos nuevos contenedores de recogida de ropa, calzado y otros complementos en el concejo. Uno m\u00e1s en Cand\u00e1s y otro en el centro de salud perif\u00e9rico que atiende a la mayor parte de la zona rural del concejo. Fruto de un convenio de colaboraci\u00f3n entre el Ayuntamiento de\" \/>\n\t\t<meta property=\"og:url\" content=\"https:\/\/candas365.es\/noticias\/nuevos-contenedores-de-ropa-y-calzado-en-carreno\/\" \/>\n\t\t<meta property=\"og:image\" content=\"https:\/\/candas365.es\/noticias\/wp-content\/uploads\/2018\/06\/33daf796.jpg\" \/>\n\t\t<meta property=\"og:image:secure_url\" content=\"https:\/\/candas365.es\/noticias\/wp-content\/uploads\/2018\/06\/33daf796.jpg\" \/>\n\t\t<meta property=\"og:image:width\" content=\"1600\" \/>\n\t\t<meta property=\"og:image:height\" content=\"1200\" \/>\n\t\t<meta property=\"article:published_time\" content=\"2018-06-27T20:10:40+00:00\" \/>\n\t\t<meta property=\"article:modified_time\" content=\"2018-06-27T20:10:40+00:00\" \/>\n\t\t<meta property=\"article:publisher\" content=\"https:\/\/www.facebook.com\/Nachofdezber\" \/>\n\t\t<meta property=\"article:author\" content=\"https:\/\/www.facebook.com\/carrenoactualidad\" \/>\n\t\t<meta name=\"twitter:card\" content=\"summary_large_image\" \/>\n\t\t<meta name=\"twitter:site\" content=\"@NabercoDigital\" \/>\n\t\t<meta name=\"twitter:title\" content=\"Nuevos contenedores de ropa y calzado en Carre\u00f1o | Cand\u00e1s 365\" \/>\n\t\t<meta name=\"twitter:description\" content=\"En la ma\u00f1ana de hoy se instalaron dos nuevos contenedores de recogida de ropa, calzado y otros complementos en el concejo. Uno m\u00e1s en Cand\u00e1s y otro en el centro de salud perif\u00e9rico que atiende a la mayor parte de la zona rural del concejo. Fruto de un convenio de colaboraci\u00f3n entre el Ayuntamiento de\" \/>\n\t\t<meta name=\"twitter:creator\" content=\"@nbasturias\" \/>\n\t\t<meta name=\"twitter:image\" content=\"https:\/\/candas365.es\/noticias\/wp-content\/uploads\/2018\/06\/33daf796.jpg\" \/>\n\t\t<meta name=\"twitter:label1\" content=\"Escrito por\" \/>\n\t\t<meta name=\"twitter:data1\" content=\"Cand\u00e1s 365\" \/>\n\t\t<meta name=\"twitter:label2\" content=\"Tiempo de lectura estimado\" \/>\n\t\t<meta name=\"twitter:data2\" content=\"2 minutos\" \/>\n\t\t<script type=\"application\/ld+json\" class=\"aioseo-schema\">\n\t\t\t{\"@context\":\"https:\\\/\\\/schema.org\",\"@graph\":[{\"@type\":\"BreadcrumbList\",\"@id\":\"https:\\\/\\\/candas365.es\\\/noticias\\\/nuevos-contenedores-de-ropa-y-calzado-en-carreno\\\/#breadcrumblist\",\"itemListElement\":[{\"@type\":\"ListItem\",\"@id\":\"https:\\\/\\\/candas365.es\\\/noticias#listItem\",\"position\":1,\"name\":\"Home\",\"item\":\"https:\\\/\\\/candas365.es\\\/noticias\",\"nextItem\":{\"@type\":\"ListItem\",\"@id\":\"https:\\\/\\\/candas365.es\\\/noticias\\\/category\\\/noticias-carreno\\\/#listItem\",\"name\":\"Noticias Carre\\u00f1o\"}},{\"@type\":\"ListItem\",\"@id\":\"https:\\\/\\\/candas365.es\\\/noticias\\\/category\\\/noticias-carreno\\\/#listItem\",\"position\":2,\"name\":\"Noticias Carre\\u00f1o\",\"item\":\"https:\\\/\\\/candas365.es\\\/noticias\\\/category\\\/noticias-carreno\\\/\",\"nextItem\":{\"@type\":\"ListItem\",\"@id\":\"https:\\\/\\\/candas365.es\\\/noticias\\\/nuevos-contenedores-de-ropa-y-calzado-en-carreno\\\/#listItem\",\"name\":\"Nuevos contenedores de ropa y calzado en Carre\\u00f1o\"},\"previousItem\":{\"@type\":\"ListItem\",\"@id\":\"https:\\\/\\\/candas365.es\\\/noticias#listItem\",\"name\":\"Home\"}},{\"@type\":\"ListItem\",\"@id\":\"https:\\\/\\\/candas365.es\\\/noticias\\\/nuevos-contenedores-de-ropa-y-calzado-en-carreno\\\/#listItem\",\"position\":3,\"name\":\"Nuevos contenedores de ropa y calzado en Carre\\u00f1o\",\"previousItem\":{\"@type\":\"ListItem\",\"@id\":\"https:\\\/\\\/candas365.es\\\/noticias\\\/category\\\/noticias-carreno\\\/#listItem\",\"name\":\"Noticias Carre\\u00f1o\"}}]},{\"@type\":\"NewsArticle\",\"@id\":\"https:\\\/\\\/candas365.es\\\/noticias\\\/nuevos-contenedores-de-ropa-y-calzado-en-carreno\\\/#newsarticle\",\"name\":\"Nuevos contenedores de ropa y calzado en Carre\\u00f1o | Cand\\u00e1s 365\",\"headline\":\"Nuevos contenedores de ropa y calzado en Carre\\u00f1o\",\"author\":{\"@id\":\"https:\\\/\\\/candas365.es\\\/noticias\\\/author\\\/admin\\\/#author\"},\"publisher\":{\"@id\":\"https:\\\/\\\/candas365.es\\\/noticias\\\/#organization\"},\"image\":{\"@type\":\"ImageObject\",\"url\":\"https:\\\/\\\/candas365.es\\\/noticias\\\/wp-content\\\/uploads\\\/2018\\\/06\\\/33daf796.jpg\",\"width\":1600,\"height\":1200},\"datePublished\":\"2018-06-27T20:10:40+02:00\",\"dateModified\":\"2018-06-27T20:10:40+02:00\",\"inLanguage\":\"es-ES\",\"mainEntityOfPage\":{\"@id\":\"https:\\\/\\\/candas365.es\\\/noticias\\\/nuevos-contenedores-de-ropa-y-calzado-en-carreno\\\/#webpage\"},\"isPartOf\":{\"@id\":\"https:\\\/\\\/candas365.es\\\/noticias\\\/nuevos-contenedores-de-ropa-y-calzado-en-carreno\\\/#webpage\"},\"articleSection\":\"Noticias Carre\\u00f1o\",\"dateline\":\"Publicado el junio 27, 2018.\"},{\"@type\":\"Organization\",\"@id\":\"https:\\\/\\\/candas365.es\\\/noticias\\\/#organization\",\"name\":\"Cand\\u00e1s 365\",\"description\":\"Cand\\u00e1s 365 es un diario digital independiente, fundado en 2012, con base en Asturias. Informamos con rigor sobre actualidad, sociedad, cultura y ocio, con una mirada local y global.\",\"url\":\"https:\\\/\\\/candas365.es\\\/noticias\\\/\",\"email\":\"info@candas365.es\",\"telephone\":\"+34652131393\",\"foundingDate\":\"2012-06-10\",\"logo\":{\"@type\":\"ImageObject\",\"url\":\"https:\\\/\\\/candas365.es\\\/noticias\\\/wp-content\\\/uploads\\\/2024\\\/09\\\/Candas-365-Redes.jpg\",\"@id\":\"https:\\\/\\\/candas365.es\\\/noticias\\\/nuevos-contenedores-de-ropa-y-calzado-en-carreno\\\/#organizationLogo\",\"width\":1152,\"height\":864,\"caption\":\"Cand\\u00e1s 365 Redes\"},\"image\":{\"@id\":\"https:\\\/\\\/candas365.es\\\/noticias\\\/nuevos-contenedores-de-ropa-y-calzado-en-carreno\\\/#organizationLogo\"},\"sameAs\":[\"https:\\\/\\\/www.facebook.com\\\/Nachofdezber\",\"https:\\\/\\\/x.com\\\/NabercoDigital\",\"https:\\\/\\\/www.instagram.com\\\/nachofdezber\\\/\",\"https:\\\/\\\/www.youtube.com\\\/channel\\\/UCZP-2wLEB9Rv6erhFmqVnvg\"],\"address\":{\"@id\":\"https:\\\/\\\/candas365.es\\\/noticias\\\/#postaladdress\",\"@type\":\"PostalAddress\",\"streetAddress\":\"san antonio 4, san antonio 4\",\"postalCode\":\"33430\",\"addressLocality\":\"Cand\\u00e1s\",\"addressRegion\":\"Asturias\",\"addressCountry\":\"ES\"}},{\"@type\":\"Person\",\"@id\":\"https:\\\/\\\/candas365.es\\\/noticias\\\/author\\\/admin\\\/#author\",\"url\":\"https:\\\/\\\/candas365.es\\\/noticias\\\/author\\\/admin\\\/\",\"name\":\"Cand\\u00e1s 365\",\"image\":{\"@type\":\"ImageObject\",\"@id\":\"https:\\\/\\\/candas365.es\\\/noticias\\\/nuevos-contenedores-de-ropa-y-calzado-en-carreno\\\/#authorImage\",\"url\":\"https:\\\/\\\/secure.gravatar.com\\\/avatar\\\/496a8e03d0c493ede1718b7934145dbdf8d89be1036b0eec9544e1094c9de390?s=96&d=mm&r=g\",\"width\":96,\"height\":96,\"caption\":\"Cand\\u00e1s 365\"},\"sameAs\":[\"https:\\\/\\\/www.facebook.com\\\/carrenoactualidad\",\"https:\\\/\\\/twitter.com\\\/nbasturias\",\"https:\\\/\\\/www.instagram.com\\\/nachofdezber\\\/\",\"https:\\\/\\\/www.youtube.com\\\/channel\\\/UCZP-2wLEB9Rv6erhFmqVnvg\"]},{\"@type\":\"WebPage\",\"@id\":\"https:\\\/\\\/candas365.es\\\/noticias\\\/nuevos-contenedores-de-ropa-y-calzado-en-carreno\\\/#webpage\",\"url\":\"https:\\\/\\\/candas365.es\\\/noticias\\\/nuevos-contenedores-de-ropa-y-calzado-en-carreno\\\/\",\"name\":\"Nuevos contenedores de ropa y calzado en Carre\\u00f1o | Cand\\u00e1s 365\",\"description\":\"En la ma\\u00f1ana de hoy se instalaron dos nuevos contenedores de recogida de ropa, calzado y otros complementos en el concejo. Uno m\\u00e1s en Cand\\u00e1s y otro en el centro de salud perif\\u00e9rico que atiende a la mayor parte de la zona rural del concejo. Fruto de un convenio de colaboraci\\u00f3n entre el Ayuntamiento de\",\"inLanguage\":\"es-ES\",\"isPartOf\":{\"@id\":\"https:\\\/\\\/candas365.es\\\/noticias\\\/#website\"},\"breadcrumb\":{\"@id\":\"https:\\\/\\\/candas365.es\\\/noticias\\\/nuevos-contenedores-de-ropa-y-calzado-en-carreno\\\/#breadcrumblist\"},\"author\":{\"@id\":\"https:\\\/\\\/candas365.es\\\/noticias\\\/author\\\/admin\\\/#author\"},\"creator\":{\"@id\":\"https:\\\/\\\/candas365.es\\\/noticias\\\/author\\\/admin\\\/#author\"},\"image\":{\"@type\":\"ImageObject\",\"url\":\"https:\\\/\\\/candas365.es\\\/noticias\\\/wp-content\\\/uploads\\\/2018\\\/06\\\/33daf796.jpg\",\"@id\":\"https:\\\/\\\/candas365.es\\\/noticias\\\/nuevos-contenedores-de-ropa-y-calzado-en-carreno\\\/#mainImage\",\"width\":1600,\"height\":1200},\"primaryImageOfPage\":{\"@id\":\"https:\\\/\\\/candas365.es\\\/noticias\\\/nuevos-contenedores-de-ropa-y-calzado-en-carreno\\\/#mainImage\"},\"datePublished\":\"2018-06-27T20:10:40+02:00\",\"dateModified\":\"2018-06-27T20:10:40+02:00\"},{\"@type\":\"WebSite\",\"@id\":\"https:\\\/\\\/candas365.es\\\/noticias\\\/#website\",\"url\":\"https:\\\/\\\/candas365.es\\\/noticias\\\/\",\"name\":\"Cand\\u00e1s 365\",\"alternateName\":\"Cand\\u00e1s 365 Noticias\",\"description\":\"Actualidad desde Carre\\u00f1o para el mundo\",\"inLanguage\":\"es-ES\",\"publisher\":{\"@id\":\"https:\\\/\\\/candas365.es\\\/noticias\\\/#organization\"}}]}\n\t\t<\/script>\n\t\t<!-- All in One SEO Pro -->\r\n\t\t<title>Nuevos contenedores de ropa y calzado en Carre\u00f1o | Cand\u00e1s 365<\/title>\n\n","aioseo_head_json":{"title":"Nuevos contenedores de ropa y calzado en Carre\u00f1o | Cand\u00e1s 365","description":"En la ma\u00f1ana de hoy se instalaron dos nuevos contenedores de recogida de ropa, calzado y otros complementos en el concejo. Uno m\u00e1s en Cand\u00e1s y otro en el centro de salud perif\u00e9rico que atiende a la mayor parte de la zona rural del concejo. Fruto de un convenio de colaboraci\u00f3n entre el Ayuntamiento de","canonical_url":"https:\/\/candas365.es\/noticias\/nuevos-contenedores-de-ropa-y-calzado-en-carreno\/","robots":"max-image-preview:large","keywords":"noticias carre\u00f1o","webmasterTools":{"google-site-verification":"UA-32230408-1","msvalidate.01":"354F3CDFB2DA171B47FBE9ABF1F88D5","miscellaneous":""},"schema":{"@context":"https:\/\/schema.org","@graph":[{"@type":"BreadcrumbList","@id":"https:\/\/candas365.es\/noticias\/nuevos-contenedores-de-ropa-y-calzado-en-carreno\/#breadcrumblist","itemListElement":[{"@type":"ListItem","@id":"https:\/\/candas365.es\/noticias#listItem","position":1,"name":"Home","item":"https:\/\/candas365.es\/noticias","nextItem":{"@type":"ListItem","@id":"https:\/\/candas365.es\/noticias\/category\/noticias-carreno\/#listItem","name":"Noticias Carre\u00f1o"}},{"@type":"ListItem","@id":"https:\/\/candas365.es\/noticias\/category\/noticias-carreno\/#listItem","position":2,"name":"Noticias Carre\u00f1o","item":"https:\/\/candas365.es\/noticias\/category\/noticias-carreno\/","nextItem":{"@type":"ListItem","@id":"https:\/\/candas365.es\/noticias\/nuevos-contenedores-de-ropa-y-calzado-en-carreno\/#listItem","name":"Nuevos contenedores de ropa y calzado en Carre\u00f1o"},"previousItem":{"@type":"ListItem","@id":"https:\/\/candas365.es\/noticias#listItem","name":"Home"}},{"@type":"ListItem","@id":"https:\/\/candas365.es\/noticias\/nuevos-contenedores-de-ropa-y-calzado-en-carreno\/#listItem","position":3,"name":"Nuevos contenedores de ropa y calzado en Carre\u00f1o","previousItem":{"@type":"ListItem","@id":"https:\/\/candas365.es\/noticias\/category\/noticias-carreno\/#listItem","name":"Noticias Carre\u00f1o"}}]},{"@type":"NewsArticle","@id":"https:\/\/candas365.es\/noticias\/nuevos-contenedores-de-ropa-y-calzado-en-carreno\/#newsarticle","name":"Nuevos contenedores de ropa y calzado en Carre\u00f1o | Cand\u00e1s 365","headline":"Nuevos contenedores de ropa y calzado en Carre\u00f1o","author":{"@id":"https:\/\/candas365.es\/noticias\/author\/admin\/#author"},"publisher":{"@id":"https:\/\/candas365.es\/noticias\/#organization"},"image":{"@type":"ImageObject","url":"https:\/\/candas365.es\/noticias\/wp-content\/uploads\/2018\/06\/33daf796.jpg","width":1600,"height":1200},"datePublished":"2018-06-27T20:10:40+02:00","dateModified":"2018-06-27T20:10:40+02:00","inLanguage":"es-ES","mainEntityOfPage":{"@id":"https:\/\/candas365.es\/noticias\/nuevos-contenedores-de-ropa-y-calzado-en-carreno\/#webpage"},"isPartOf":{"@id":"https:\/\/candas365.es\/noticias\/nuevos-contenedores-de-ropa-y-calzado-en-carreno\/#webpage"},"articleSection":"Noticias Carre\u00f1o","dateline":"Publicado el junio 27, 2018."},{"@type":"Organization","@id":"https:\/\/candas365.es\/noticias\/#organization","name":"Cand\u00e1s 365","description":"Cand\u00e1s 365 es un diario digital independiente, fundado en 2012, con base en Asturias. Informamos con rigor sobre actualidad, sociedad, cultura y ocio, con una mirada local y global.","url":"https:\/\/candas365.es\/noticias\/","email":"info@candas365.es","telephone":"+34652131393","foundingDate":"2012-06-10","logo":{"@type":"ImageObject","url":"https:\/\/candas365.es\/noticias\/wp-content\/uploads\/2024\/09\/Candas-365-Redes.jpg","@id":"https:\/\/candas365.es\/noticias\/nuevos-contenedores-de-ropa-y-calzado-en-carreno\/#organizationLogo","width":1152,"height":864,"caption":"Cand\u00e1s 365 Redes"},"image":{"@id":"https:\/\/candas365.es\/noticias\/nuevos-contenedores-de-ropa-y-calzado-en-carreno\/#organizationLogo"},"sameAs":["https:\/\/www.facebook.com\/Nachofdezber","https:\/\/x.com\/NabercoDigital","https:\/\/www.instagram.com\/nachofdezber\/","https:\/\/www.youtube.com\/channel\/UCZP-2wLEB9Rv6erhFmqVnvg"],"address":{"@id":"https:\/\/candas365.es\/noticias\/#postaladdress","@type":"PostalAddress","streetAddress":"san antonio 4, san antonio 4","postalCode":"33430","addressLocality":"Cand\u00e1s","addressRegion":"Asturias","addressCountry":"ES"}},{"@type":"Person","@id":"https:\/\/candas365.es\/noticias\/author\/admin\/#author","url":"https:\/\/candas365.es\/noticias\/author\/admin\/","name":"Cand\u00e1s 365","image":{"@type":"ImageObject","@id":"https:\/\/candas365.es\/noticias\/nuevos-contenedores-de-ropa-y-calzado-en-carreno\/#authorImage","url":"https:\/\/secure.gravatar.com\/avatar\/496a8e03d0c493ede1718b7934145dbdf8d89be1036b0eec9544e1094c9de390?s=96&d=mm&r=g","width":96,"height":96,"caption":"Cand\u00e1s 365"},"sameAs":["https:\/\/www.facebook.com\/carrenoactualidad","https:\/\/twitter.com\/nbasturias","https:\/\/www.instagram.com\/nachofdezber\/","https:\/\/www.youtube.com\/channel\/UCZP-2wLEB9Rv6erhFmqVnvg"]},{"@type":"WebPage","@id":"https:\/\/candas365.es\/noticias\/nuevos-contenedores-de-ropa-y-calzado-en-carreno\/#webpage","url":"https:\/\/candas365.es\/noticias\/nuevos-contenedores-de-ropa-y-calzado-en-carreno\/","name":"Nuevos contenedores de ropa y calzado en Carre\u00f1o | Cand\u00e1s 365","description":"En la ma\u00f1ana de hoy se instalaron dos nuevos contenedores de recogida de ropa, calzado y otros complementos en el concejo. Uno m\u00e1s en Cand\u00e1s y otro en el centro de salud perif\u00e9rico que atiende a la mayor parte de la zona rural del concejo. Fruto de un convenio de colaboraci\u00f3n entre el Ayuntamiento de","inLanguage":"es-ES","isPartOf":{"@id":"https:\/\/candas365.es\/noticias\/#website"},"breadcrumb":{"@id":"https:\/\/candas365.es\/noticias\/nuevos-contenedores-de-ropa-y-calzado-en-carreno\/#breadcrumblist"},"author":{"@id":"https:\/\/candas365.es\/noticias\/author\/admin\/#author"},"creator":{"@id":"https:\/\/candas365.es\/noticias\/author\/admin\/#author"},"image":{"@type":"ImageObject","url":"https:\/\/candas365.es\/noticias\/wp-content\/uploads\/2018\/06\/33daf796.jpg","@id":"https:\/\/candas365.es\/noticias\/nuevos-contenedores-de-ropa-y-calzado-en-carreno\/#mainImage","width":1600,"height":1200},"primaryImageOfPage":{"@id":"https:\/\/candas365.es\/noticias\/nuevos-contenedores-de-ropa-y-calzado-en-carreno\/#mainImage"},"datePublished":"2018-06-27T20:10:40+02:00","dateModified":"2018-06-27T20:10:40+02:00"},{"@type":"WebSite","@id":"https:\/\/candas365.es\/noticias\/#website","url":"https:\/\/candas365.es\/noticias\/","name":"Cand\u00e1s 365","alternateName":"Cand\u00e1s 365 Noticias","description":"Actualidad desde Carre\u00f1o para el mundo","inLanguage":"es-ES","publisher":{"@id":"https:\/\/candas365.es\/noticias\/#organization"}}]},"og:locale":"es_ES","og:site_name":"Cand\u00e1s 365","og:type":"article","og:title":"Nuevos contenedores de ropa y calzado en Carre\u00f1o | Cand\u00e1s 365","og:description":"En la ma\u00f1ana de hoy se instalaron dos nuevos contenedores de recogida de ropa, calzado y otros complementos en el concejo. Uno m\u00e1s en Cand\u00e1s y otro en el centro de salud perif\u00e9rico que atiende a la mayor parte de la zona rural del concejo. Fruto de un convenio de colaboraci\u00f3n entre el Ayuntamiento de","og:url":"https:\/\/candas365.es\/noticias\/nuevos-contenedores-de-ropa-y-calzado-en-carreno\/","og:image":"https:\/\/candas365.es\/noticias\/wp-content\/uploads\/2018\/06\/33daf796.jpg","og:image:secure_url":"https:\/\/candas365.es\/noticias\/wp-content\/uploads\/2018\/06\/33daf796.jpg","og:image:width":1600,"og:image:height":1200,"article:published_time":"2018-06-27T20:10:40+00:00","article:modified_time":"2018-06-27T20:10:40+00:00","article:publisher":"https:\/\/www.facebook.com\/Nachofdezber","article:author":"https:\/\/www.facebook.com\/carrenoactualidad","twitter:card":"summary_large_image","twitter:site":"@NabercoDigital","twitter:title":"Nuevos contenedores de ropa y calzado en Carre\u00f1o | Cand\u00e1s 365","twitter:description":"En la ma\u00f1ana de hoy se instalaron dos nuevos contenedores de recogida de ropa, calzado y otros complementos en el concejo. Uno m\u00e1s en Cand\u00e1s y otro en el centro de salud perif\u00e9rico que atiende a la mayor parte de la zona rural del concejo. Fruto de un convenio de colaboraci\u00f3n entre el Ayuntamiento de","twitter:creator":"@nbasturias","twitter:image":"https:\/\/candas365.es\/noticias\/wp-content\/uploads\/2018\/06\/33daf796.jpg","twitter:label1":"Escrito por","twitter:data1":"Cand\u00e1s 365","twitter:label2":"Tiempo de lectura estimado","twitter:data2":"2 minutos"},"aioseo_meta_data":{"post_id":"99145","title":null,"description":null,"keywords":null,"keyphrases":null,"primary_term":null,"canonical_url":null,"og_title":null,"og_description":null,"og_object_type":"default","og_image_type":"default","og_image_url":null,"og_image_width":null,"og_image_height":null,"og_image_custom_url":null,"og_image_custom_fields":null,"og_video":null,"og_custom_url":null,"og_article_section":null,"og_article_tags":null,"twitter_use_og":false,"twitter_card":"default","twitter_image_type":"default","twitter_image_url":null,"twitter_image_custom_url":null,"twitter_image_custom_fields":null,"twitter_title":null,"twitter_description":null,"schema":{"blockGraphs":[],"customGraphs":[],"default":{"data":{"Article":[],"Course":[],"Dataset":[],"FAQPage":[],"Movie":[],"Person":[],"Product":[],"ProductReview":[],"Car":[],"Recipe":[],"Service":[],"SoftwareApplication":[],"WebPage":[]},"graphName":"","isEnabled":true},"graphs":[],"defaultGraph":"","defaultPostTypeGraph":""},"schema_type":null,"schema_type_options":null,"pillar_content":false,"robots_default":true,"robots_noindex":false,"robots_noarchive":false,"robots_nosnippet":false,"robots_nofollow":false,"robots_noimageindex":false,"robots_noodp":false,"robots_notranslate":false,"robots_max_snippet":null,"robots_max_videopreview":null,"robots_max_imagepreview":"large","priority":null,"frequency":null,"location":null,"local_seo":null,"seo_analyzer_scan_date":"2025-08-27 05:21:10","breadcrumb_settings":null,"limit_modified_date":false,"reviewed_by":null,"open_ai":null,"ai":null,"created":"2020-12-21 11:49:48","updated":"2025-08-27 05:21:10"},"aioseo_breadcrumb":"<div class=\"aioseo-breadcrumbs\"><span class=\"aioseo-breadcrumb\">\n\t<a href=\"https:\/\/candas365.es\/noticias\" title=\"Home\">Home<\/a>\n<\/span><span class=\"aioseo-breadcrumb-separator\">&ndash;<\/span><span class=\"aioseo-breadcrumb\">\n\t<a href=\"https:\/\/candas365.es\/noticias\/category\/noticias-carreno\/\" title=\"Noticias Carre\u00f1o\">Noticias Carre\u00f1o<\/a>\n<\/span><span class=\"aioseo-breadcrumb-separator\">&ndash;<\/span><span class=\"aioseo-breadcrumb\">\n\tNuevos contenedores de ropa y calzado en Carre\u00f1o\n<\/span><\/div>","aioseo_breadcrumb_json":[{"label":"Home","link":"https:\/\/candas365.es\/noticias"},{"label":"Noticias Carre\u00f1o","link":"https:\/\/candas365.es\/noticias\/category\/noticias-carreno\/"},{"label":"Nuevos contenedores de ropa y calzado en Carre\u00f1o","link":"https:\/\/candas365.es\/noticias\/nuevos-contenedores-de-ropa-y-calzado-en-carreno\/"}],"_links":{"self":[{"href":"https:\/\/candas365.es\/noticias\/wp-json\/wp\/v2\/posts\/99145","targetHints":{"allow":["GET"]}}],"collection":[{"href":"https:\/\/candas365.es\/noticias\/wp-json\/wp\/v2\/posts"}],"about":[{"href":"https:\/\/candas365.es\/noticias\/wp-json\/wp\/v2\/types\/post"}],"author":[{"embeddable":true,"href":"https:\/\/candas365.es\/noticias\/wp-json\/wp\/v2\/users\/1"}],"replies":[{"embeddable":true,"href":"https:\/\/candas365.es\/noticias\/wp-json\/wp\/v2\/comments?post=99145"}],"version-history":[{"count":0,"href":"https:\/\/candas365.es\/noticias\/wp-json\/wp\/v2\/posts\/99145\/revisions"}],"wp:featuredmedia":[{"embeddable":true,"href":"https:\/\/candas365.es\/noticias\/wp-json\/wp\/v2\/media\/99146"}],"wp:attachment":[{"href":"https:\/\/candas365.es\/noticias\/wp-json\/wp\/v2\/media?parent=99145"}],"wp:term":[{"taxonomy":"category","embeddable":true,"href":"https:\/\/candas365.es\/noticias\/wp-json\/wp\/v2\/categories?post=99145"},{"taxonomy":"post_tag","embeddable":true,"href":"https:\/\/candas365.es\/noticias\/wp-json\/wp\/v2\/tags?post=99145"}],"curies":[{"name":"wp","href":"https:\/\/api.w.org\/{rel}","templated":true}]}}