{"id":99142,"date":"2018-06-27T20:04:14","date_gmt":"2018-06-27T20:04:14","guid":{"rendered":"http:\/\/candas365.es\/noticias\/?p=99142"},"modified":"2018-06-27T20:04:14","modified_gmt":"2018-06-27T20:04:14","slug":"la-geologia-de-los-parques-nacionales-en-el-muja","status":"publish","type":"post","link":"https:\/\/candas365.es\/noticias\/la-geologia-de-los-parques-nacionales-en-el-muja\/","title":{"rendered":"La Geolog\u00eda de los Parques Nacionales, en el MUJA"},"content":{"rendered":"<p><img fetchpriority=\"high\" decoding=\"async\" class=\"alignleft size-medium wp-image-99143\" src=\"https:\/\/candas365.es\/noticias\/wp-content\/uploads\/2018\/06\/La-Geolog\u00eda-de-los-Parques-Nacionales-360x287.jpg\" alt=\"\" width=\"360\" height=\"287\" srcset=\"https:\/\/candas365.es\/noticias\/wp-content\/uploads\/2018\/06\/La-Geolog\u00eda-de-los-Parques-Nacionales-360x287.jpg 360w, https:\/\/candas365.es\/noticias\/wp-content\/uploads\/2018\/06\/La-Geolog\u00eda-de-los-Parques-Nacionales-768x613.jpg 768w, https:\/\/candas365.es\/noticias\/wp-content\/uploads\/2018\/06\/La-Geolog\u00eda-de-los-Parques-Nacionales-601x480.jpg 601w, https:\/\/candas365.es\/noticias\/wp-content\/uploads\/2018\/06\/La-Geolog\u00eda-de-los-Parques-Nacionales-696x556.jpg 696w, https:\/\/candas365.es\/noticias\/wp-content\/uploads\/2018\/06\/La-Geolog\u00eda-de-los-Parques-Nacionales-1068x853.jpg 1068w, https:\/\/candas365.es\/noticias\/wp-content\/uploads\/2018\/06\/La-Geolog\u00eda-de-los-Parques-Nacionales-526x420.jpg 526w, https:\/\/candas365.es\/noticias\/wp-content\/uploads\/2018\/06\/La-Geolog\u00eda-de-los-Parques-Nacionales.jpg 1280w\" sizes=\"(max-width: 360px) 100vw, 360px\" \/>El Museo del Jur\u00e1sico de Asturias (MUJA) acoge la exposici\u00f3n \u201cLa Geolog\u00eda de los Parques Nacionales\u201d hasta el pr\u00f3ximo 30 de noviembre, una muestra que se celebra en el a\u00f1o del centenario del Parque Nacional de los Picos de Europa.<\/p>\n<p>La Directora General de Patrimonio Cultural del Principado, Otilia Requejo; el Director General de Biodiversidad, Manuel Calvo; el Alcalde de Colunga, Rogelio Pando; el Director del Parque Nacional de los Picos de Europa, Rodrigo Su\u00e1rez, y el comisario de la muestra, Roberto Rodr\u00edguez, han inaugurado esta ma\u00f1ana esta exposici\u00f3n que se engloba en el marco del acuerdo de colaboraci\u00f3n realizado entre el Instituto Geol\u00f3gico Minero de Espa\u00f1a (IGME) con el Organismo Aut\u00f3nomo Parques Nacionales (OAPN), con el fin de divulgar el rico patrimonio geol\u00f3gico de estos espacios naturales protegidos y fomentar el conocimiento de su geodiversidad.<\/p>\n<p>La exposici\u00f3n consta de 16 paneles dobles en los que se muestra la variada geodiversidad de los 15 parques nacionales espa\u00f1oles, adem\u00e1s de las claves de los procesos geol\u00f3gicos que han conformado estos espacios naturales, ayudando a reconocer en el campo estos rasgos derivados de dichos procesos.<\/p>\n<p>Se hace especial \u00e9nfasis en considerar los parques nacionales como laboratorios geol\u00f3gicos en los que es posible visualizar tanto los procesos activos como aquellos que sucedieron en el pasado y han dejado su impronta y su registro en el laboratorio natural que es el Planeta Tierra, un planeta vivo y en cambio constante a lo largo del tiempo.<\/p>\n<p>El apartado dedicado al Parque Nacional de los Picos de Europa se complementa con paneles sobre la flora, la fauna o los proyectos de reintroducci\u00f3n de especies como el que actualmente existe con el quebrantahuesos. \u201cLa Geolog\u00eda de los Parques Nacionales\u201d cuenta asimismo con interactivos, maquetas, tipos de rocas o audiovisuales que permitir\u00e1n al p\u00fablico disfrutar mucho m\u00e1s de la geolog\u00eda.<\/p>\n<p>Esta exposici\u00f3n temporal, con entrada libre, se puede visitar hasta el pr\u00f3ximo 30 de noviembre en el horario de apertura del MUJA: en junio, septiembre, octubre y noviembre, de mi\u00e9rcoles a viernes, de 10:00 a 14:30 y de 15:30 a 18:00 horas; y fines de semana, festivos y del 1 al 9 de septiembre, de 10:30 a 14:30 y de 16:00 a 19:00 horas; en julio y agosto, el Museo abre todos los d\u00edas de 10:30 a 20:00 h.<\/p>\n<p>La muestra se podr\u00e1 ver en las tres comunidades aut\u00f3nomas a las que pertenece el Parque Nacional de los Picos de Europa (Asturias, Cantabria y Castilla y Le\u00f3n), siendo el MUJA la sede seleccionada en el Principado.<\/p>\n","protected":false},"excerpt":{"rendered":"<p>El Museo del Jur\u00e1sico de Asturias (MUJA) acoge la exposici\u00f3n \u201cLa Geolog\u00eda de los Parques Nacionales\u201d hasta el pr\u00f3ximo 30 de noviembre, una muestra que se celebra en el a\u00f1o del centenario del Parque Nacional de los Picos de Europa. La Directora General de Patrimonio Cultural del Principado, Otilia Requejo; el Director General de Biodiversidad,<\/p>\n","protected":false},"author":1,"featured_media":99143,"comment_status":"closed","ping_status":"closed","sticky":false,"template":"","format":"standard","meta":{"footnotes":""},"categories":[1],"tags":[],"class_list":{"0":"post-99142","1":"post","2":"type-post","3":"status-publish","4":"format-standard","5":"has-post-thumbnail","7":"category-agenda"},"aioseo_notices":[],"aioseo_head":"\n\t\t<!-- All in One SEO Pro 4.9.6.2 - aioseo.com -->\n\t<meta name=\"description\" content=\"El Museo del Jur\u00e1sico de Asturias (MUJA) acoge la exposici\u00f3n \u201cLa Geolog\u00eda de los Parques Nacionales\u201d hasta el pr\u00f3ximo 30 de noviembre, una muestra que se celebra en el a\u00f1o del centenario del Parque Nacional de los Picos de Europa. La Directora General de Patrimonio Cultural del Principado, Otilia Requejo; el Director General de Biodiversidad,\" \/>\n\t<meta name=\"robots\" content=\"max-image-preview:large\" \/>\n\t<meta name=\"author\" content=\"Cand\u00e1s 365\"\/>\n\t<meta name=\"google-site-verification\" content=\"UA-32230408-1\" \/>\n\t<meta name=\"msvalidate.01\" content=\"354F3CDFB2DA171B47FBE9ABF1F88D5\" \/>\n\t<meta name=\"keywords\" content=\"agenda\" \/>\n\t<link rel=\"canonical\" href=\"https:\/\/candas365.es\/noticias\/la-geologia-de-los-parques-nacionales-en-el-muja\/\" \/>\n\t<meta name=\"generator\" content=\"All in One SEO Pro (AIOSEO) 4.9.6.2\" \/>\n\t\t<meta property=\"og:locale\" content=\"es_ES\" \/>\n\t\t<meta property=\"og:site_name\" content=\"Cand\u00e1s 365\" \/>\n\t\t<meta property=\"og:type\" content=\"article\" \/>\n\t\t<meta property=\"og:title\" content=\"La Geolog\u00eda de los Parques Nacionales, en el MUJA | Cand\u00e1s 365\" \/>\n\t\t<meta property=\"og:description\" content=\"El Museo del Jur\u00e1sico de Asturias (MUJA) acoge la exposici\u00f3n \u201cLa Geolog\u00eda de los Parques Nacionales\u201d hasta el pr\u00f3ximo 30 de noviembre, una muestra que se celebra en el a\u00f1o del centenario del Parque Nacional de los Picos de Europa. La Directora General de Patrimonio Cultural del Principado, Otilia Requejo; el Director General de Biodiversidad,\" \/>\n\t\t<meta property=\"og:url\" content=\"https:\/\/candas365.es\/noticias\/la-geologia-de-los-parques-nacionales-en-el-muja\/\" \/>\n\t\t<meta property=\"og:image\" content=\"https:\/\/candas365.es\/noticias\/wp-content\/uploads\/2018\/06\/La-Geolog\u00eda-de-los-Parques-Nacionales.jpg\" \/>\n\t\t<meta property=\"og:image:secure_url\" content=\"https:\/\/candas365.es\/noticias\/wp-content\/uploads\/2018\/06\/La-Geolog\u00eda-de-los-Parques-Nacionales.jpg\" \/>\n\t\t<meta property=\"og:image:width\" content=\"1280\" \/>\n\t\t<meta property=\"og:image:height\" content=\"1022\" \/>\n\t\t<meta property=\"article:published_time\" content=\"2018-06-27T20:04:14+00:00\" \/>\n\t\t<meta property=\"article:modified_time\" content=\"2018-06-27T20:04:14+00:00\" \/>\n\t\t<meta property=\"article:publisher\" content=\"https:\/\/www.facebook.com\/Nachofdezber\" \/>\n\t\t<meta property=\"article:author\" content=\"https:\/\/www.facebook.com\/carrenoactualidad\" \/>\n\t\t<meta name=\"twitter:card\" content=\"summary_large_image\" \/>\n\t\t<meta name=\"twitter:site\" content=\"@NabercoDigital\" \/>\n\t\t<meta name=\"twitter:title\" content=\"La Geolog\u00eda de los Parques Nacionales, en el MUJA | Cand\u00e1s 365\" \/>\n\t\t<meta name=\"twitter:description\" content=\"El Museo del Jur\u00e1sico de Asturias (MUJA) acoge la exposici\u00f3n \u201cLa Geolog\u00eda de los Parques Nacionales\u201d hasta el pr\u00f3ximo 30 de noviembre, una muestra que se celebra en el a\u00f1o del centenario del Parque Nacional de los Picos de Europa. La Directora General de Patrimonio Cultural del Principado, Otilia Requejo; el Director General de Biodiversidad,\" \/>\n\t\t<meta name=\"twitter:creator\" content=\"@nbasturias\" \/>\n\t\t<meta name=\"twitter:image\" content=\"https:\/\/candas365.es\/noticias\/wp-content\/uploads\/2018\/06\/La-Geolog\u00eda-de-los-Parques-Nacionales.jpg\" \/>\n\t\t<meta name=\"twitter:label1\" content=\"Escrito por\" \/>\n\t\t<meta name=\"twitter:data1\" content=\"Cand\u00e1s 365\" \/>\n\t\t<meta name=\"twitter:label2\" content=\"Tiempo de lectura estimado\" \/>\n\t\t<meta name=\"twitter:data2\" content=\"2 minutos\" \/>\n\t\t<script type=\"application\/ld+json\" class=\"aioseo-schema\">\n\t\t\t{\"@context\":\"https:\\\/\\\/schema.org\",\"@graph\":[{\"@type\":\"BreadcrumbList\",\"@id\":\"https:\\\/\\\/candas365.es\\\/noticias\\\/la-geologia-de-los-parques-nacionales-en-el-muja\\\/#breadcrumblist\",\"itemListElement\":[{\"@type\":\"ListItem\",\"@id\":\"https:\\\/\\\/candas365.es\\\/noticias#listItem\",\"position\":1,\"name\":\"Home\",\"item\":\"https:\\\/\\\/candas365.es\\\/noticias\",\"nextItem\":{\"@type\":\"ListItem\",\"@id\":\"https:\\\/\\\/candas365.es\\\/noticias\\\/category\\\/agenda\\\/#listItem\",\"name\":\"Agenda\"}},{\"@type\":\"ListItem\",\"@id\":\"https:\\\/\\\/candas365.es\\\/noticias\\\/category\\\/agenda\\\/#listItem\",\"position\":2,\"name\":\"Agenda\",\"item\":\"https:\\\/\\\/candas365.es\\\/noticias\\\/category\\\/agenda\\\/\",\"nextItem\":{\"@type\":\"ListItem\",\"@id\":\"https:\\\/\\\/candas365.es\\\/noticias\\\/la-geologia-de-los-parques-nacionales-en-el-muja\\\/#listItem\",\"name\":\"La Geolog\\u00eda de los Parques Nacionales, en el MUJA\"},\"previousItem\":{\"@type\":\"ListItem\",\"@id\":\"https:\\\/\\\/candas365.es\\\/noticias#listItem\",\"name\":\"Home\"}},{\"@type\":\"ListItem\",\"@id\":\"https:\\\/\\\/candas365.es\\\/noticias\\\/la-geologia-de-los-parques-nacionales-en-el-muja\\\/#listItem\",\"position\":3,\"name\":\"La Geolog\\u00eda de los Parques Nacionales, en el MUJA\",\"previousItem\":{\"@type\":\"ListItem\",\"@id\":\"https:\\\/\\\/candas365.es\\\/noticias\\\/category\\\/agenda\\\/#listItem\",\"name\":\"Agenda\"}}]},{\"@type\":\"NewsArticle\",\"@id\":\"https:\\\/\\\/candas365.es\\\/noticias\\\/la-geologia-de-los-parques-nacionales-en-el-muja\\\/#newsarticle\",\"name\":\"La Geolog\\u00eda de los Parques Nacionales, en el MUJA | Cand\\u00e1s 365\",\"headline\":\"La Geolog\\u00eda de los Parques Nacionales, en el MUJA\",\"author\":{\"@id\":\"https:\\\/\\\/candas365.es\\\/noticias\\\/author\\\/admin\\\/#author\"},\"publisher\":{\"@id\":\"https:\\\/\\\/candas365.es\\\/noticias\\\/#organization\"},\"image\":{\"@type\":\"ImageObject\",\"url\":\"https:\\\/\\\/candas365.es\\\/noticias\\\/wp-content\\\/uploads\\\/2018\\\/06\\\/La-Geolog\\u00eda-de-los-Parques-Nacionales.jpg\",\"width\":1280,\"height\":1022},\"datePublished\":\"2018-06-27T20:04:14+02:00\",\"dateModified\":\"2018-06-27T20:04:14+02:00\",\"inLanguage\":\"es-ES\",\"mainEntityOfPage\":{\"@id\":\"https:\\\/\\\/candas365.es\\\/noticias\\\/la-geologia-de-los-parques-nacionales-en-el-muja\\\/#webpage\"},\"isPartOf\":{\"@id\":\"https:\\\/\\\/candas365.es\\\/noticias\\\/la-geologia-de-los-parques-nacionales-en-el-muja\\\/#webpage\"},\"articleSection\":\"Agenda\",\"dateline\":\"Publicado el junio 27, 2018.\"},{\"@type\":\"Organization\",\"@id\":\"https:\\\/\\\/candas365.es\\\/noticias\\\/#organization\",\"name\":\"Cand\\u00e1s 365\",\"description\":\"Cand\\u00e1s 365 es un diario digital independiente, fundado en 2012, con base en Asturias. Informamos con rigor sobre actualidad, sociedad, cultura y ocio, con una mirada local y global.\",\"url\":\"https:\\\/\\\/candas365.es\\\/noticias\\\/\",\"email\":\"info@candas365.es\",\"telephone\":\"+34652131393\",\"foundingDate\":\"2012-06-10\",\"logo\":{\"@type\":\"ImageObject\",\"url\":\"https:\\\/\\\/candas365.es\\\/noticias\\\/wp-content\\\/uploads\\\/2024\\\/09\\\/Candas-365-Redes.jpg\",\"@id\":\"https:\\\/\\\/candas365.es\\\/noticias\\\/la-geologia-de-los-parques-nacionales-en-el-muja\\\/#organizationLogo\",\"width\":1152,\"height\":864,\"caption\":\"Cand\\u00e1s 365 Redes\"},\"image\":{\"@id\":\"https:\\\/\\\/candas365.es\\\/noticias\\\/la-geologia-de-los-parques-nacionales-en-el-muja\\\/#organizationLogo\"},\"sameAs\":[\"https:\\\/\\\/www.facebook.com\\\/Nachofdezber\",\"https:\\\/\\\/x.com\\\/NabercoDigital\",\"https:\\\/\\\/www.instagram.com\\\/nachofdezber\\\/\",\"https:\\\/\\\/www.youtube.com\\\/channel\\\/UCZP-2wLEB9Rv6erhFmqVnvg\"],\"address\":{\"@id\":\"https:\\\/\\\/candas365.es\\\/noticias\\\/#postaladdress\",\"@type\":\"PostalAddress\",\"streetAddress\":\"san antonio 4, san antonio 4\",\"postalCode\":\"33430\",\"addressLocality\":\"Cand\\u00e1s\",\"addressRegion\":\"Asturias\",\"addressCountry\":\"ES\"}},{\"@type\":\"Person\",\"@id\":\"https:\\\/\\\/candas365.es\\\/noticias\\\/author\\\/admin\\\/#author\",\"url\":\"https:\\\/\\\/candas365.es\\\/noticias\\\/author\\\/admin\\\/\",\"name\":\"Cand\\u00e1s 365\",\"image\":{\"@type\":\"ImageObject\",\"@id\":\"https:\\\/\\\/candas365.es\\\/noticias\\\/la-geologia-de-los-parques-nacionales-en-el-muja\\\/#authorImage\",\"url\":\"https:\\\/\\\/secure.gravatar.com\\\/avatar\\\/496a8e03d0c493ede1718b7934145dbdf8d89be1036b0eec9544e1094c9de390?s=96&d=mm&r=g\",\"width\":96,\"height\":96,\"caption\":\"Cand\\u00e1s 365\"},\"sameAs\":[\"https:\\\/\\\/www.facebook.com\\\/carrenoactualidad\",\"https:\\\/\\\/twitter.com\\\/nbasturias\",\"https:\\\/\\\/www.instagram.com\\\/nachofdezber\\\/\",\"https:\\\/\\\/www.youtube.com\\\/channel\\\/UCZP-2wLEB9Rv6erhFmqVnvg\"]},{\"@type\":\"WebPage\",\"@id\":\"https:\\\/\\\/candas365.es\\\/noticias\\\/la-geologia-de-los-parques-nacionales-en-el-muja\\\/#webpage\",\"url\":\"https:\\\/\\\/candas365.es\\\/noticias\\\/la-geologia-de-los-parques-nacionales-en-el-muja\\\/\",\"name\":\"La Geolog\\u00eda de los Parques Nacionales, en el MUJA | Cand\\u00e1s 365\",\"description\":\"El Museo del Jur\\u00e1sico de Asturias (MUJA) acoge la exposici\\u00f3n \\u201cLa Geolog\\u00eda de los Parques Nacionales\\u201d hasta el pr\\u00f3ximo 30 de noviembre, una muestra que se celebra en el a\\u00f1o del centenario del Parque Nacional de los Picos de Europa. La Directora General de Patrimonio Cultural del Principado, Otilia Requejo; el Director General de Biodiversidad,\",\"inLanguage\":\"es-ES\",\"isPartOf\":{\"@id\":\"https:\\\/\\\/candas365.es\\\/noticias\\\/#website\"},\"breadcrumb\":{\"@id\":\"https:\\\/\\\/candas365.es\\\/noticias\\\/la-geologia-de-los-parques-nacionales-en-el-muja\\\/#breadcrumblist\"},\"author\":{\"@id\":\"https:\\\/\\\/candas365.es\\\/noticias\\\/author\\\/admin\\\/#author\"},\"creator\":{\"@id\":\"https:\\\/\\\/candas365.es\\\/noticias\\\/author\\\/admin\\\/#author\"},\"image\":{\"@type\":\"ImageObject\",\"url\":\"https:\\\/\\\/candas365.es\\\/noticias\\\/wp-content\\\/uploads\\\/2018\\\/06\\\/La-Geolog\\u00eda-de-los-Parques-Nacionales.jpg\",\"@id\":\"https:\\\/\\\/candas365.es\\\/noticias\\\/la-geologia-de-los-parques-nacionales-en-el-muja\\\/#mainImage\",\"width\":1280,\"height\":1022},\"primaryImageOfPage\":{\"@id\":\"https:\\\/\\\/candas365.es\\\/noticias\\\/la-geologia-de-los-parques-nacionales-en-el-muja\\\/#mainImage\"},\"datePublished\":\"2018-06-27T20:04:14+02:00\",\"dateModified\":\"2018-06-27T20:04:14+02:00\"},{\"@type\":\"WebSite\",\"@id\":\"https:\\\/\\\/candas365.es\\\/noticias\\\/#website\",\"url\":\"https:\\\/\\\/candas365.es\\\/noticias\\\/\",\"name\":\"Cand\\u00e1s 365\",\"alternateName\":\"Cand\\u00e1s 365 Noticias\",\"description\":\"Actualidad desde Carre\\u00f1o para el mundo\",\"inLanguage\":\"es-ES\",\"publisher\":{\"@id\":\"https:\\\/\\\/candas365.es\\\/noticias\\\/#organization\"}}]}\n\t\t<\/script>\n\t\t<!-- All in One SEO Pro -->\r\n\t\t<title>La Geolog\u00eda de los Parques Nacionales, en el MUJA | Cand\u00e1s 365<\/title>\n\n","aioseo_head_json":{"title":"La Geolog\u00eda de los Parques Nacionales, en el MUJA | Cand\u00e1s 365","description":"El Museo del Jur\u00e1sico de Asturias (MUJA) acoge la exposici\u00f3n \u201cLa Geolog\u00eda de los Parques Nacionales\u201d hasta el pr\u00f3ximo 30 de noviembre, una muestra que se celebra en el a\u00f1o del centenario del Parque Nacional de los Picos de Europa. La Directora General de Patrimonio Cultural del Principado, Otilia Requejo; el Director General de Biodiversidad,","canonical_url":"https:\/\/candas365.es\/noticias\/la-geologia-de-los-parques-nacionales-en-el-muja\/","robots":"max-image-preview:large","keywords":"agenda","webmasterTools":{"google-site-verification":"UA-32230408-1","msvalidate.01":"354F3CDFB2DA171B47FBE9ABF1F88D5","miscellaneous":""},"schema":{"@context":"https:\/\/schema.org","@graph":[{"@type":"BreadcrumbList","@id":"https:\/\/candas365.es\/noticias\/la-geologia-de-los-parques-nacionales-en-el-muja\/#breadcrumblist","itemListElement":[{"@type":"ListItem","@id":"https:\/\/candas365.es\/noticias#listItem","position":1,"name":"Home","item":"https:\/\/candas365.es\/noticias","nextItem":{"@type":"ListItem","@id":"https:\/\/candas365.es\/noticias\/category\/agenda\/#listItem","name":"Agenda"}},{"@type":"ListItem","@id":"https:\/\/candas365.es\/noticias\/category\/agenda\/#listItem","position":2,"name":"Agenda","item":"https:\/\/candas365.es\/noticias\/category\/agenda\/","nextItem":{"@type":"ListItem","@id":"https:\/\/candas365.es\/noticias\/la-geologia-de-los-parques-nacionales-en-el-muja\/#listItem","name":"La Geolog\u00eda de los Parques Nacionales, en el MUJA"},"previousItem":{"@type":"ListItem","@id":"https:\/\/candas365.es\/noticias#listItem","name":"Home"}},{"@type":"ListItem","@id":"https:\/\/candas365.es\/noticias\/la-geologia-de-los-parques-nacionales-en-el-muja\/#listItem","position":3,"name":"La Geolog\u00eda de los Parques Nacionales, en el MUJA","previousItem":{"@type":"ListItem","@id":"https:\/\/candas365.es\/noticias\/category\/agenda\/#listItem","name":"Agenda"}}]},{"@type":"NewsArticle","@id":"https:\/\/candas365.es\/noticias\/la-geologia-de-los-parques-nacionales-en-el-muja\/#newsarticle","name":"La Geolog\u00eda de los Parques Nacionales, en el MUJA | Cand\u00e1s 365","headline":"La Geolog\u00eda de los Parques Nacionales, en el MUJA","author":{"@id":"https:\/\/candas365.es\/noticias\/author\/admin\/#author"},"publisher":{"@id":"https:\/\/candas365.es\/noticias\/#organization"},"image":{"@type":"ImageObject","url":"https:\/\/candas365.es\/noticias\/wp-content\/uploads\/2018\/06\/La-Geolog\u00eda-de-los-Parques-Nacionales.jpg","width":1280,"height":1022},"datePublished":"2018-06-27T20:04:14+02:00","dateModified":"2018-06-27T20:04:14+02:00","inLanguage":"es-ES","mainEntityOfPage":{"@id":"https:\/\/candas365.es\/noticias\/la-geologia-de-los-parques-nacionales-en-el-muja\/#webpage"},"isPartOf":{"@id":"https:\/\/candas365.es\/noticias\/la-geologia-de-los-parques-nacionales-en-el-muja\/#webpage"},"articleSection":"Agenda","dateline":"Publicado el junio 27, 2018."},{"@type":"Organization","@id":"https:\/\/candas365.es\/noticias\/#organization","name":"Cand\u00e1s 365","description":"Cand\u00e1s 365 es un diario digital independiente, fundado en 2012, con base en Asturias. Informamos con rigor sobre actualidad, sociedad, cultura y ocio, con una mirada local y global.","url":"https:\/\/candas365.es\/noticias\/","email":"info@candas365.es","telephone":"+34652131393","foundingDate":"2012-06-10","logo":{"@type":"ImageObject","url":"https:\/\/candas365.es\/noticias\/wp-content\/uploads\/2024\/09\/Candas-365-Redes.jpg","@id":"https:\/\/candas365.es\/noticias\/la-geologia-de-los-parques-nacionales-en-el-muja\/#organizationLogo","width":1152,"height":864,"caption":"Cand\u00e1s 365 Redes"},"image":{"@id":"https:\/\/candas365.es\/noticias\/la-geologia-de-los-parques-nacionales-en-el-muja\/#organizationLogo"},"sameAs":["https:\/\/www.facebook.com\/Nachofdezber","https:\/\/x.com\/NabercoDigital","https:\/\/www.instagram.com\/nachofdezber\/","https:\/\/www.youtube.com\/channel\/UCZP-2wLEB9Rv6erhFmqVnvg"],"address":{"@id":"https:\/\/candas365.es\/noticias\/#postaladdress","@type":"PostalAddress","streetAddress":"san antonio 4, san antonio 4","postalCode":"33430","addressLocality":"Cand\u00e1s","addressRegion":"Asturias","addressCountry":"ES"}},{"@type":"Person","@id":"https:\/\/candas365.es\/noticias\/author\/admin\/#author","url":"https:\/\/candas365.es\/noticias\/author\/admin\/","name":"Cand\u00e1s 365","image":{"@type":"ImageObject","@id":"https:\/\/candas365.es\/noticias\/la-geologia-de-los-parques-nacionales-en-el-muja\/#authorImage","url":"https:\/\/secure.gravatar.com\/avatar\/496a8e03d0c493ede1718b7934145dbdf8d89be1036b0eec9544e1094c9de390?s=96&d=mm&r=g","width":96,"height":96,"caption":"Cand\u00e1s 365"},"sameAs":["https:\/\/www.facebook.com\/carrenoactualidad","https:\/\/twitter.com\/nbasturias","https:\/\/www.instagram.com\/nachofdezber\/","https:\/\/www.youtube.com\/channel\/UCZP-2wLEB9Rv6erhFmqVnvg"]},{"@type":"WebPage","@id":"https:\/\/candas365.es\/noticias\/la-geologia-de-los-parques-nacionales-en-el-muja\/#webpage","url":"https:\/\/candas365.es\/noticias\/la-geologia-de-los-parques-nacionales-en-el-muja\/","name":"La Geolog\u00eda de los Parques Nacionales, en el MUJA | Cand\u00e1s 365","description":"El Museo del Jur\u00e1sico de Asturias (MUJA) acoge la exposici\u00f3n \u201cLa Geolog\u00eda de los Parques Nacionales\u201d hasta el pr\u00f3ximo 30 de noviembre, una muestra que se celebra en el a\u00f1o del centenario del Parque Nacional de los Picos de Europa. La Directora General de Patrimonio Cultural del Principado, Otilia Requejo; el Director General de Biodiversidad,","inLanguage":"es-ES","isPartOf":{"@id":"https:\/\/candas365.es\/noticias\/#website"},"breadcrumb":{"@id":"https:\/\/candas365.es\/noticias\/la-geologia-de-los-parques-nacionales-en-el-muja\/#breadcrumblist"},"author":{"@id":"https:\/\/candas365.es\/noticias\/author\/admin\/#author"},"creator":{"@id":"https:\/\/candas365.es\/noticias\/author\/admin\/#author"},"image":{"@type":"ImageObject","url":"https:\/\/candas365.es\/noticias\/wp-content\/uploads\/2018\/06\/La-Geolog\u00eda-de-los-Parques-Nacionales.jpg","@id":"https:\/\/candas365.es\/noticias\/la-geologia-de-los-parques-nacionales-en-el-muja\/#mainImage","width":1280,"height":1022},"primaryImageOfPage":{"@id":"https:\/\/candas365.es\/noticias\/la-geologia-de-los-parques-nacionales-en-el-muja\/#mainImage"},"datePublished":"2018-06-27T20:04:14+02:00","dateModified":"2018-06-27T20:04:14+02:00"},{"@type":"WebSite","@id":"https:\/\/candas365.es\/noticias\/#website","url":"https:\/\/candas365.es\/noticias\/","name":"Cand\u00e1s 365","alternateName":"Cand\u00e1s 365 Noticias","description":"Actualidad desde Carre\u00f1o para el mundo","inLanguage":"es-ES","publisher":{"@id":"https:\/\/candas365.es\/noticias\/#organization"}}]},"og:locale":"es_ES","og:site_name":"Cand\u00e1s 365","og:type":"article","og:title":"La Geolog\u00eda de los Parques Nacionales, en el MUJA | Cand\u00e1s 365","og:description":"El Museo del Jur\u00e1sico de Asturias (MUJA) acoge la exposici\u00f3n \u201cLa Geolog\u00eda de los Parques Nacionales\u201d hasta el pr\u00f3ximo 30 de noviembre, una muestra que se celebra en el a\u00f1o del centenario del Parque Nacional de los Picos de Europa. La Directora General de Patrimonio Cultural del Principado, Otilia Requejo; el Director General de Biodiversidad,","og:url":"https:\/\/candas365.es\/noticias\/la-geologia-de-los-parques-nacionales-en-el-muja\/","og:image":"https:\/\/candas365.es\/noticias\/wp-content\/uploads\/2018\/06\/La-Geolog\u00eda-de-los-Parques-Nacionales.jpg","og:image:secure_url":"https:\/\/candas365.es\/noticias\/wp-content\/uploads\/2018\/06\/La-Geolog\u00eda-de-los-Parques-Nacionales.jpg","og:image:width":1280,"og:image:height":1022,"article:published_time":"2018-06-27T20:04:14+00:00","article:modified_time":"2018-06-27T20:04:14+00:00","article:publisher":"https:\/\/www.facebook.com\/Nachofdezber","article:author":"https:\/\/www.facebook.com\/carrenoactualidad","twitter:card":"summary_large_image","twitter:site":"@NabercoDigital","twitter:title":"La Geolog\u00eda de los Parques Nacionales, en el MUJA | Cand\u00e1s 365","twitter:description":"El Museo del Jur\u00e1sico de Asturias (MUJA) acoge la exposici\u00f3n \u201cLa Geolog\u00eda de los Parques Nacionales\u201d hasta el pr\u00f3ximo 30 de noviembre, una muestra que se celebra en el a\u00f1o del centenario del Parque Nacional de los Picos de Europa. La Directora General de Patrimonio Cultural del Principado, Otilia Requejo; el Director General de Biodiversidad,","twitter:creator":"@nbasturias","twitter:image":"https:\/\/candas365.es\/noticias\/wp-content\/uploads\/2018\/06\/La-Geolog\u00eda-de-los-Parques-Nacionales.jpg","twitter:label1":"Escrito por","twitter:data1":"Cand\u00e1s 365","twitter:label2":"Tiempo de lectura estimado","twitter:data2":"2 minutos"},"aioseo_meta_data":{"post_id":"99142","title":null,"description":null,"keywords":null,"keyphrases":null,"primary_term":null,"canonical_url":null,"og_title":null,"og_description":null,"og_object_type":"default","og_image_type":"default","og_image_url":null,"og_image_width":null,"og_image_height":null,"og_image_custom_url":null,"og_image_custom_fields":null,"og_video":null,"og_custom_url":null,"og_article_section":null,"og_article_tags":null,"twitter_use_og":false,"twitter_card":"default","twitter_image_type":"default","twitter_image_url":null,"twitter_image_custom_url":null,"twitter_image_custom_fields":null,"twitter_title":null,"twitter_description":null,"schema":{"blockGraphs":[],"customGraphs":[],"default":{"data":{"Article":[],"Course":[],"Dataset":[],"FAQPage":[],"Movie":[],"Person":[],"Product":[],"ProductReview":[],"Car":[],"Recipe":[],"Service":[],"SoftwareApplication":[],"WebPage":[]},"graphName":"","isEnabled":true},"graphs":[],"defaultGraph":"","defaultPostTypeGraph":""},"schema_type":null,"schema_type_options":null,"pillar_content":false,"robots_default":true,"robots_noindex":false,"robots_noarchive":false,"robots_nosnippet":false,"robots_nofollow":false,"robots_noimageindex":false,"robots_noodp":false,"robots_notranslate":false,"robots_max_snippet":null,"robots_max_videopreview":null,"robots_max_imagepreview":"large","priority":null,"frequency":null,"location":null,"local_seo":null,"seo_analyzer_scan_date":"2025-08-27 05:21:09","breadcrumb_settings":null,"limit_modified_date":false,"reviewed_by":null,"open_ai":null,"ai":null,"created":"2020-12-21 11:49:48","updated":"2025-08-27 05:21:09"},"aioseo_breadcrumb":"<div class=\"aioseo-breadcrumbs\"><span class=\"aioseo-breadcrumb\">\n\t<a href=\"https:\/\/candas365.es\/noticias\" title=\"Home\">Home<\/a>\n<\/span><span class=\"aioseo-breadcrumb-separator\">&ndash;<\/span><span class=\"aioseo-breadcrumb\">\n\t<a href=\"https:\/\/candas365.es\/noticias\/category\/agenda\/\" title=\"Agenda\">Agenda<\/a>\n<\/span><span class=\"aioseo-breadcrumb-separator\">&ndash;<\/span><span class=\"aioseo-breadcrumb\">\n\tLa Geolog\u00eda de los Parques Nacionales, en el MUJA\n<\/span><\/div>","aioseo_breadcrumb_json":[{"label":"Home","link":"https:\/\/candas365.es\/noticias"},{"label":"Agenda","link":"https:\/\/candas365.es\/noticias\/category\/agenda\/"},{"label":"La Geolog\u00eda de los Parques Nacionales, en el MUJA","link":"https:\/\/candas365.es\/noticias\/la-geologia-de-los-parques-nacionales-en-el-muja\/"}],"_links":{"self":[{"href":"https:\/\/candas365.es\/noticias\/wp-json\/wp\/v2\/posts\/99142","targetHints":{"allow":["GET"]}}],"collection":[{"href":"https:\/\/candas365.es\/noticias\/wp-json\/wp\/v2\/posts"}],"about":[{"href":"https:\/\/candas365.es\/noticias\/wp-json\/wp\/v2\/types\/post"}],"author":[{"embeddable":true,"href":"https:\/\/candas365.es\/noticias\/wp-json\/wp\/v2\/users\/1"}],"replies":[{"embeddable":true,"href":"https:\/\/candas365.es\/noticias\/wp-json\/wp\/v2\/comments?post=99142"}],"version-history":[{"count":0,"href":"https:\/\/candas365.es\/noticias\/wp-json\/wp\/v2\/posts\/99142\/revisions"}],"wp:featuredmedia":[{"embeddable":true,"href":"https:\/\/candas365.es\/noticias\/wp-json\/wp\/v2\/media\/99143"}],"wp:attachment":[{"href":"https:\/\/candas365.es\/noticias\/wp-json\/wp\/v2\/media?parent=99142"}],"wp:term":[{"taxonomy":"category","embeddable":true,"href":"https:\/\/candas365.es\/noticias\/wp-json\/wp\/v2\/categories?post=99142"},{"taxonomy":"post_tag","embeddable":true,"href":"https:\/\/candas365.es\/noticias\/wp-json\/wp\/v2\/tags?post=99142"}],"curies":[{"name":"wp","href":"https:\/\/api.w.org\/{rel}","templated":true}]}}