{"id":98937,"date":"2018-06-25T16:01:35","date_gmt":"2018-06-25T16:01:35","guid":{"rendered":"http:\/\/candas365.es\/noticias\/?p=98937"},"modified":"2018-06-25T16:01:35","modified_gmt":"2018-06-25T16:01:35","slug":"pesca-infantil-e-inclusiva-en-candas","status":"publish","type":"post","link":"https:\/\/candas365.es\/noticias\/pesca-infantil-e-inclusiva-en-candas\/","title":{"rendered":"Pesca infantil e inclusiva en Cand\u00e1s"},"content":{"rendered":"<p><img fetchpriority=\"high\" decoding=\"async\" class=\"alignleft size-medium wp-image-98938\" src=\"https:\/\/candas365.es\/noticias\/wp-content\/uploads\/2018\/06\/pesca-inclusiva-candas-360x270.jpg\" alt=\"\" width=\"360\" height=\"270\" srcset=\"https:\/\/candas365.es\/noticias\/wp-content\/uploads\/2018\/06\/pesca-inclusiva-candas-360x270.jpg 360w, https:\/\/candas365.es\/noticias\/wp-content\/uploads\/2018\/06\/pesca-inclusiva-candas-768x576.jpg 768w, https:\/\/candas365.es\/noticias\/wp-content\/uploads\/2018\/06\/pesca-inclusiva-candas-640x480.jpg 640w, https:\/\/candas365.es\/noticias\/wp-content\/uploads\/2018\/06\/pesca-inclusiva-candas-80x60.jpg 80w, https:\/\/candas365.es\/noticias\/wp-content\/uploads\/2018\/06\/pesca-inclusiva-candas-265x198.jpg 265w, https:\/\/candas365.es\/noticias\/wp-content\/uploads\/2018\/06\/pesca-inclusiva-candas-696x522.jpg 696w, https:\/\/candas365.es\/noticias\/wp-content\/uploads\/2018\/06\/pesca-inclusiva-candas-1068x801.jpg 1068w, https:\/\/candas365.es\/noticias\/wp-content\/uploads\/2018\/06\/pesca-inclusiva-candas-560x420.jpg 560w, https:\/\/candas365.es\/noticias\/wp-content\/uploads\/2018\/06\/pesca-inclusiva-candas.jpg 1600w\" sizes=\"(max-width: 360px) 100vw, 360px\" \/>En la jornada de hoy, lunes, 25 de junio, dio comienzo una nueva edici\u00f3n de actividades estivales relacionadas con la mar. Talleres de Pesca destinados a los ni\u00f1os y las ni\u00f1as del concejo, talleres de pesca para las personas adultas usuarias del Centro de Apoyo a la Integraci\u00f3n (CAI) y pr\u00f3ximamente, se iniciar\u00e1n las actividades de vela, los talleres de rob\u00f3tica previstos en el Centro de dinamizaci\u00f3n tecnol\u00f3gica para el mes de Agosto y las colonias tecnol\u00f3gicas programadas para el mes de julio. Todas ellas conforman la oferta municipal este verano en Carre\u00f1o.<\/p>\n<p>Son concretamente 92 personas las que, a partir de hoy lunes y hasta el viernes, participar\u00e1n en esta primera edici\u00f3n de talleres de pesca infantil e inclusiva. Son iniciativas que el Ayuntamiento de Carre\u00f1o, ejecuta a trav\u00e9s de la Concejal\u00eda de Juventud y que se desarrollan con el apoyo t\u00e9cnico de la Oficina de Informaci\u00f3n Juvenil de la Mancomunidad del Cabo Pe\u00f1as. La entidad encargada de impartir dichas clases es el Club Na\u00fatico \u201cCuatro Vientos\u201d de Cand\u00e1s.<\/p>\n<p>Dos son los talleres que estos d\u00edas se celebrar\u00e1n en las instalaciones del muelle local para los ni\u00f1os y ni\u00f1as de 6 a 12 a\u00f1os.<\/p>\n<p>&#8211; Primer taller de 10:00 a 12:00 horas en el que participar\u00e1n 36 menores<\/p>\n<p>&#8211; Segundo taller de 12:00 a 14:00 horas en el que participar\u00e1n 39 menores<\/p>\n<p>Mientras que en el caso de las personas usuarias del CAI, ser\u00e1n 16 las que participen de los talleres, 8 en cada uno de los horarios.<\/p>\n<p>\u201cSi las condiciones climatol\u00f3gicas lo permiten los y las menores saldr\u00e1n todos los d\u00edas a la mar a pescar en las embarcaciones de la asociaci\u00f3n. Tambi\u00e9n existe la alternativa de pescar desde el muelle local en el caso de que los\/as participantes y\/o los padres y las madres o tutores\/as se hayan decido por este modelo\u201d se\u00f1al\u00f3 Paula Cuervo-Concejala de Juventud.<\/p>\n<p>\u201cEn esta primer sesi\u00f3n, en las instalaciones del Club \u201cCuatro Vientos\u201d se hizo la recepci\u00f3n grupal y bienvenida a los y las participantes en la jornada. Seguidamente una breve exposici\u00f3n de las posibles especies que podr\u00edan capturar y la talla m\u00ednima permitida de los peces objeto de captura; del l\u00e9xico marinero; de las medidas y normas de seguridad; nociones b\u00e1sicas de nudos y habilidades marineras; t\u00e9cnicas de pesca, entre otras\u201d coment\u00f3 Cuervo.<\/p>\n<p>\u201cTras la formaci\u00f3n te\u00f3rica y t\u00e9cnica prepararon las ca\u00f1as y carretes. De ah\u00ed a los pantalanes para embarcar. Ya en las embarcaciones se les explic\u00f3 el arte del lanzado, la pesca con flotador y la colocaci\u00f3n de los cebos. Para a continuaci\u00f3n lanzar el anzuelo a la mar. En las siguientes jornadas, seguir\u00e1n profundizando en las artes de pesca\u201d prosigui\u00f3 la Concejala.<\/p>\n<p>En el caso de que las condiciones climatol\u00f3gicas sean adversas y no se pueda salir a la mar los talleres tendr\u00e1n lugar en el Edificio del Na\u00fatico \u201cAmando Prendes\u201d con los siguientes talleres:<\/p>\n<p>&#8211; Presentaci\u00f3n mediante fichas de las especies m\u00e1s t\u00edpicas de nuestra costa, formas de vida y costumbres de las mismas.<\/p>\n<p>&#8211; Explicaci\u00f3n de la subida y bajada de las mareas e influencia de \u00e9stas en los peces.<\/p>\n<p>&#8211; Manejo de los \u00fatiles de pesca, confecci\u00f3n de nudos, montajes de aparejos,\u2026<\/p>\n<p>&#8211; Confecci\u00f3n de se\u00f1uelos.<\/p>\n","protected":false},"excerpt":{"rendered":"<p>En la jornada de hoy, lunes, 25 de junio, dio comienzo una nueva edici\u00f3n de actividades estivales relacionadas con la mar. Talleres de Pesca destinados a los ni\u00f1os y las ni\u00f1as del concejo, talleres de pesca para las personas adultas usuarias del Centro de Apoyo a la Integraci\u00f3n (CAI) y pr\u00f3ximamente, se iniciar\u00e1n las actividades<\/p>\n","protected":false},"author":1,"featured_media":98938,"comment_status":"closed","ping_status":"closed","sticky":false,"template":"","format":"standard","meta":{"footnotes":""},"categories":[2],"tags":[],"class_list":{"0":"post-98937","1":"post","2":"type-post","3":"status-publish","4":"format-standard","5":"has-post-thumbnail","7":"category-noticias-carreno"},"aioseo_notices":[],"aioseo_head":"\n\t\t<!-- All in One SEO Pro 4.9.6.2 - aioseo.com -->\n\t<meta name=\"description\" content=\"En la jornada de hoy, lunes, 25 de junio, dio comienzo una nueva edici\u00f3n de actividades estivales relacionadas con la mar. Talleres de Pesca destinados a los ni\u00f1os y las ni\u00f1as del concejo, talleres de pesca para las personas adultas usuarias del Centro de Apoyo a la Integraci\u00f3n (CAI) y pr\u00f3ximamente, se iniciar\u00e1n las actividades\" \/>\n\t<meta name=\"robots\" content=\"max-image-preview:large\" \/>\n\t<meta name=\"author\" content=\"Cand\u00e1s 365\"\/>\n\t<meta name=\"google-site-verification\" content=\"UA-32230408-1\" \/>\n\t<meta name=\"msvalidate.01\" content=\"354F3CDFB2DA171B47FBE9ABF1F88D5\" \/>\n\t<meta name=\"keywords\" content=\"noticias carre\u00f1o\" \/>\n\t<link rel=\"canonical\" href=\"https:\/\/candas365.es\/noticias\/pesca-infantil-e-inclusiva-en-candas\/\" \/>\n\t<meta name=\"generator\" content=\"All in One SEO Pro (AIOSEO) 4.9.6.2\" \/>\n\t\t<meta property=\"og:locale\" content=\"es_ES\" \/>\n\t\t<meta property=\"og:site_name\" content=\"Cand\u00e1s 365\" \/>\n\t\t<meta property=\"og:type\" content=\"article\" \/>\n\t\t<meta property=\"og:title\" content=\"Pesca infantil e inclusiva en Cand\u00e1s | Cand\u00e1s 365\" \/>\n\t\t<meta property=\"og:description\" content=\"En la jornada de hoy, lunes, 25 de junio, dio comienzo una nueva edici\u00f3n de actividades estivales relacionadas con la mar. Talleres de Pesca destinados a los ni\u00f1os y las ni\u00f1as del concejo, talleres de pesca para las personas adultas usuarias del Centro de Apoyo a la Integraci\u00f3n (CAI) y pr\u00f3ximamente, se iniciar\u00e1n las actividades\" \/>\n\t\t<meta property=\"og:url\" content=\"https:\/\/candas365.es\/noticias\/pesca-infantil-e-inclusiva-en-candas\/\" \/>\n\t\t<meta property=\"og:image\" content=\"https:\/\/candas365.es\/noticias\/wp-content\/uploads\/2018\/06\/pesca-inclusiva-candas.jpg\" \/>\n\t\t<meta property=\"og:image:secure_url\" content=\"https:\/\/candas365.es\/noticias\/wp-content\/uploads\/2018\/06\/pesca-inclusiva-candas.jpg\" \/>\n\t\t<meta property=\"og:image:width\" content=\"1600\" \/>\n\t\t<meta property=\"og:image:height\" content=\"1200\" \/>\n\t\t<meta property=\"article:published_time\" content=\"2018-06-25T16:01:35+00:00\" \/>\n\t\t<meta property=\"article:modified_time\" content=\"2018-06-25T16:01:35+00:00\" \/>\n\t\t<meta property=\"article:publisher\" content=\"https:\/\/www.facebook.com\/Nachofdezber\" \/>\n\t\t<meta property=\"article:author\" content=\"https:\/\/www.facebook.com\/carrenoactualidad\" \/>\n\t\t<meta name=\"twitter:card\" content=\"summary_large_image\" \/>\n\t\t<meta name=\"twitter:site\" content=\"@NabercoDigital\" \/>\n\t\t<meta name=\"twitter:title\" content=\"Pesca infantil e inclusiva en Cand\u00e1s | Cand\u00e1s 365\" \/>\n\t\t<meta name=\"twitter:description\" content=\"En la jornada de hoy, lunes, 25 de junio, dio comienzo una nueva edici\u00f3n de actividades estivales relacionadas con la mar. Talleres de Pesca destinados a los ni\u00f1os y las ni\u00f1as del concejo, talleres de pesca para las personas adultas usuarias del Centro de Apoyo a la Integraci\u00f3n (CAI) y pr\u00f3ximamente, se iniciar\u00e1n las actividades\" \/>\n\t\t<meta name=\"twitter:creator\" content=\"@nbasturias\" \/>\n\t\t<meta name=\"twitter:image\" content=\"https:\/\/candas365.es\/noticias\/wp-content\/uploads\/2018\/06\/pesca-inclusiva-candas.jpg\" \/>\n\t\t<meta name=\"twitter:label1\" content=\"Escrito por\" \/>\n\t\t<meta name=\"twitter:data1\" content=\"Cand\u00e1s 365\" \/>\n\t\t<meta name=\"twitter:label2\" content=\"Tiempo de lectura estimado\" \/>\n\t\t<meta name=\"twitter:data2\" content=\"3 minutos\" \/>\n\t\t<script type=\"application\/ld+json\" class=\"aioseo-schema\">\n\t\t\t{\"@context\":\"https:\\\/\\\/schema.org\",\"@graph\":[{\"@type\":\"BreadcrumbList\",\"@id\":\"https:\\\/\\\/candas365.es\\\/noticias\\\/pesca-infantil-e-inclusiva-en-candas\\\/#breadcrumblist\",\"itemListElement\":[{\"@type\":\"ListItem\",\"@id\":\"https:\\\/\\\/candas365.es\\\/noticias#listItem\",\"position\":1,\"name\":\"Home\",\"item\":\"https:\\\/\\\/candas365.es\\\/noticias\",\"nextItem\":{\"@type\":\"ListItem\",\"@id\":\"https:\\\/\\\/candas365.es\\\/noticias\\\/category\\\/noticias-carreno\\\/#listItem\",\"name\":\"Noticias Carre\\u00f1o\"}},{\"@type\":\"ListItem\",\"@id\":\"https:\\\/\\\/candas365.es\\\/noticias\\\/category\\\/noticias-carreno\\\/#listItem\",\"position\":2,\"name\":\"Noticias Carre\\u00f1o\",\"item\":\"https:\\\/\\\/candas365.es\\\/noticias\\\/category\\\/noticias-carreno\\\/\",\"nextItem\":{\"@type\":\"ListItem\",\"@id\":\"https:\\\/\\\/candas365.es\\\/noticias\\\/pesca-infantil-e-inclusiva-en-candas\\\/#listItem\",\"name\":\"Pesca infantil e inclusiva en Cand\\u00e1s\"},\"previousItem\":{\"@type\":\"ListItem\",\"@id\":\"https:\\\/\\\/candas365.es\\\/noticias#listItem\",\"name\":\"Home\"}},{\"@type\":\"ListItem\",\"@id\":\"https:\\\/\\\/candas365.es\\\/noticias\\\/pesca-infantil-e-inclusiva-en-candas\\\/#listItem\",\"position\":3,\"name\":\"Pesca infantil e inclusiva en Cand\\u00e1s\",\"previousItem\":{\"@type\":\"ListItem\",\"@id\":\"https:\\\/\\\/candas365.es\\\/noticias\\\/category\\\/noticias-carreno\\\/#listItem\",\"name\":\"Noticias Carre\\u00f1o\"}}]},{\"@type\":\"NewsArticle\",\"@id\":\"https:\\\/\\\/candas365.es\\\/noticias\\\/pesca-infantil-e-inclusiva-en-candas\\\/#newsarticle\",\"name\":\"Pesca infantil e inclusiva en Cand\\u00e1s | Cand\\u00e1s 365\",\"headline\":\"Pesca infantil e inclusiva en Cand\\u00e1s\",\"author\":{\"@id\":\"https:\\\/\\\/candas365.es\\\/noticias\\\/author\\\/admin\\\/#author\"},\"publisher\":{\"@id\":\"https:\\\/\\\/candas365.es\\\/noticias\\\/#organization\"},\"image\":{\"@type\":\"ImageObject\",\"url\":\"https:\\\/\\\/candas365.es\\\/noticias\\\/wp-content\\\/uploads\\\/2018\\\/06\\\/pesca-inclusiva-candas.jpg\",\"width\":1600,\"height\":1200},\"datePublished\":\"2018-06-25T16:01:35+02:00\",\"dateModified\":\"2018-06-25T16:01:35+02:00\",\"inLanguage\":\"es-ES\",\"mainEntityOfPage\":{\"@id\":\"https:\\\/\\\/candas365.es\\\/noticias\\\/pesca-infantil-e-inclusiva-en-candas\\\/#webpage\"},\"isPartOf\":{\"@id\":\"https:\\\/\\\/candas365.es\\\/noticias\\\/pesca-infantil-e-inclusiva-en-candas\\\/#webpage\"},\"articleSection\":\"Noticias Carre\\u00f1o\",\"dateline\":\"Publicado el junio 25, 2018.\"},{\"@type\":\"Organization\",\"@id\":\"https:\\\/\\\/candas365.es\\\/noticias\\\/#organization\",\"name\":\"Cand\\u00e1s 365\",\"description\":\"Cand\\u00e1s 365 es un diario digital independiente, fundado en 2012, con base en Asturias. Informamos con rigor sobre actualidad, sociedad, cultura y ocio, con una mirada local y global.\",\"url\":\"https:\\\/\\\/candas365.es\\\/noticias\\\/\",\"email\":\"info@candas365.es\",\"telephone\":\"+34652131393\",\"foundingDate\":\"2012-06-10\",\"logo\":{\"@type\":\"ImageObject\",\"url\":\"https:\\\/\\\/candas365.es\\\/noticias\\\/wp-content\\\/uploads\\\/2024\\\/09\\\/Candas-365-Redes.jpg\",\"@id\":\"https:\\\/\\\/candas365.es\\\/noticias\\\/pesca-infantil-e-inclusiva-en-candas\\\/#organizationLogo\",\"width\":1152,\"height\":864,\"caption\":\"Cand\\u00e1s 365 Redes\"},\"image\":{\"@id\":\"https:\\\/\\\/candas365.es\\\/noticias\\\/pesca-infantil-e-inclusiva-en-candas\\\/#organizationLogo\"},\"sameAs\":[\"https:\\\/\\\/www.facebook.com\\\/Nachofdezber\",\"https:\\\/\\\/x.com\\\/NabercoDigital\",\"https:\\\/\\\/www.instagram.com\\\/nachofdezber\\\/\",\"https:\\\/\\\/www.youtube.com\\\/channel\\\/UCZP-2wLEB9Rv6erhFmqVnvg\"],\"address\":{\"@id\":\"https:\\\/\\\/candas365.es\\\/noticias\\\/#postaladdress\",\"@type\":\"PostalAddress\",\"streetAddress\":\"san antonio 4, san antonio 4\",\"postalCode\":\"33430\",\"addressLocality\":\"Cand\\u00e1s\",\"addressRegion\":\"Asturias\",\"addressCountry\":\"ES\"}},{\"@type\":\"Person\",\"@id\":\"https:\\\/\\\/candas365.es\\\/noticias\\\/author\\\/admin\\\/#author\",\"url\":\"https:\\\/\\\/candas365.es\\\/noticias\\\/author\\\/admin\\\/\",\"name\":\"Cand\\u00e1s 365\",\"image\":{\"@type\":\"ImageObject\",\"@id\":\"https:\\\/\\\/candas365.es\\\/noticias\\\/pesca-infantil-e-inclusiva-en-candas\\\/#authorImage\",\"url\":\"https:\\\/\\\/secure.gravatar.com\\\/avatar\\\/496a8e03d0c493ede1718b7934145dbdf8d89be1036b0eec9544e1094c9de390?s=96&d=mm&r=g\",\"width\":96,\"height\":96,\"caption\":\"Cand\\u00e1s 365\"},\"sameAs\":[\"https:\\\/\\\/www.facebook.com\\\/carrenoactualidad\",\"https:\\\/\\\/twitter.com\\\/nbasturias\",\"https:\\\/\\\/www.instagram.com\\\/nachofdezber\\\/\",\"https:\\\/\\\/www.youtube.com\\\/channel\\\/UCZP-2wLEB9Rv6erhFmqVnvg\"]},{\"@type\":\"WebPage\",\"@id\":\"https:\\\/\\\/candas365.es\\\/noticias\\\/pesca-infantil-e-inclusiva-en-candas\\\/#webpage\",\"url\":\"https:\\\/\\\/candas365.es\\\/noticias\\\/pesca-infantil-e-inclusiva-en-candas\\\/\",\"name\":\"Pesca infantil e inclusiva en Cand\\u00e1s | Cand\\u00e1s 365\",\"description\":\"En la jornada de hoy, lunes, 25 de junio, dio comienzo una nueva edici\\u00f3n de actividades estivales relacionadas con la mar. Talleres de Pesca destinados a los ni\\u00f1os y las ni\\u00f1as del concejo, talleres de pesca para las personas adultas usuarias del Centro de Apoyo a la Integraci\\u00f3n (CAI) y pr\\u00f3ximamente, se iniciar\\u00e1n las actividades\",\"inLanguage\":\"es-ES\",\"isPartOf\":{\"@id\":\"https:\\\/\\\/candas365.es\\\/noticias\\\/#website\"},\"breadcrumb\":{\"@id\":\"https:\\\/\\\/candas365.es\\\/noticias\\\/pesca-infantil-e-inclusiva-en-candas\\\/#breadcrumblist\"},\"author\":{\"@id\":\"https:\\\/\\\/candas365.es\\\/noticias\\\/author\\\/admin\\\/#author\"},\"creator\":{\"@id\":\"https:\\\/\\\/candas365.es\\\/noticias\\\/author\\\/admin\\\/#author\"},\"image\":{\"@type\":\"ImageObject\",\"url\":\"https:\\\/\\\/candas365.es\\\/noticias\\\/wp-content\\\/uploads\\\/2018\\\/06\\\/pesca-inclusiva-candas.jpg\",\"@id\":\"https:\\\/\\\/candas365.es\\\/noticias\\\/pesca-infantil-e-inclusiva-en-candas\\\/#mainImage\",\"width\":1600,\"height\":1200},\"primaryImageOfPage\":{\"@id\":\"https:\\\/\\\/candas365.es\\\/noticias\\\/pesca-infantil-e-inclusiva-en-candas\\\/#mainImage\"},\"datePublished\":\"2018-06-25T16:01:35+02:00\",\"dateModified\":\"2018-06-25T16:01:35+02:00\"},{\"@type\":\"WebSite\",\"@id\":\"https:\\\/\\\/candas365.es\\\/noticias\\\/#website\",\"url\":\"https:\\\/\\\/candas365.es\\\/noticias\\\/\",\"name\":\"Cand\\u00e1s 365\",\"alternateName\":\"Cand\\u00e1s 365 Noticias\",\"description\":\"Actualidad desde Carre\\u00f1o para el mundo\",\"inLanguage\":\"es-ES\",\"publisher\":{\"@id\":\"https:\\\/\\\/candas365.es\\\/noticias\\\/#organization\"}}]}\n\t\t<\/script>\n\t\t<!-- All in One SEO Pro -->\r\n\t\t<title>Pesca infantil e inclusiva en Cand\u00e1s | Cand\u00e1s 365<\/title>\n\n","aioseo_head_json":{"title":"Pesca infantil e inclusiva en Cand\u00e1s | Cand\u00e1s 365","description":"En la jornada de hoy, lunes, 25 de junio, dio comienzo una nueva edici\u00f3n de actividades estivales relacionadas con la mar. Talleres de Pesca destinados a los ni\u00f1os y las ni\u00f1as del concejo, talleres de pesca para las personas adultas usuarias del Centro de Apoyo a la Integraci\u00f3n (CAI) y pr\u00f3ximamente, se iniciar\u00e1n las actividades","canonical_url":"https:\/\/candas365.es\/noticias\/pesca-infantil-e-inclusiva-en-candas\/","robots":"max-image-preview:large","keywords":"noticias carre\u00f1o","webmasterTools":{"google-site-verification":"UA-32230408-1","msvalidate.01":"354F3CDFB2DA171B47FBE9ABF1F88D5","miscellaneous":""},"schema":{"@context":"https:\/\/schema.org","@graph":[{"@type":"BreadcrumbList","@id":"https:\/\/candas365.es\/noticias\/pesca-infantil-e-inclusiva-en-candas\/#breadcrumblist","itemListElement":[{"@type":"ListItem","@id":"https:\/\/candas365.es\/noticias#listItem","position":1,"name":"Home","item":"https:\/\/candas365.es\/noticias","nextItem":{"@type":"ListItem","@id":"https:\/\/candas365.es\/noticias\/category\/noticias-carreno\/#listItem","name":"Noticias Carre\u00f1o"}},{"@type":"ListItem","@id":"https:\/\/candas365.es\/noticias\/category\/noticias-carreno\/#listItem","position":2,"name":"Noticias Carre\u00f1o","item":"https:\/\/candas365.es\/noticias\/category\/noticias-carreno\/","nextItem":{"@type":"ListItem","@id":"https:\/\/candas365.es\/noticias\/pesca-infantil-e-inclusiva-en-candas\/#listItem","name":"Pesca infantil e inclusiva en Cand\u00e1s"},"previousItem":{"@type":"ListItem","@id":"https:\/\/candas365.es\/noticias#listItem","name":"Home"}},{"@type":"ListItem","@id":"https:\/\/candas365.es\/noticias\/pesca-infantil-e-inclusiva-en-candas\/#listItem","position":3,"name":"Pesca infantil e inclusiva en Cand\u00e1s","previousItem":{"@type":"ListItem","@id":"https:\/\/candas365.es\/noticias\/category\/noticias-carreno\/#listItem","name":"Noticias Carre\u00f1o"}}]},{"@type":"NewsArticle","@id":"https:\/\/candas365.es\/noticias\/pesca-infantil-e-inclusiva-en-candas\/#newsarticle","name":"Pesca infantil e inclusiva en Cand\u00e1s | Cand\u00e1s 365","headline":"Pesca infantil e inclusiva en Cand\u00e1s","author":{"@id":"https:\/\/candas365.es\/noticias\/author\/admin\/#author"},"publisher":{"@id":"https:\/\/candas365.es\/noticias\/#organization"},"image":{"@type":"ImageObject","url":"https:\/\/candas365.es\/noticias\/wp-content\/uploads\/2018\/06\/pesca-inclusiva-candas.jpg","width":1600,"height":1200},"datePublished":"2018-06-25T16:01:35+02:00","dateModified":"2018-06-25T16:01:35+02:00","inLanguage":"es-ES","mainEntityOfPage":{"@id":"https:\/\/candas365.es\/noticias\/pesca-infantil-e-inclusiva-en-candas\/#webpage"},"isPartOf":{"@id":"https:\/\/candas365.es\/noticias\/pesca-infantil-e-inclusiva-en-candas\/#webpage"},"articleSection":"Noticias Carre\u00f1o","dateline":"Publicado el junio 25, 2018."},{"@type":"Organization","@id":"https:\/\/candas365.es\/noticias\/#organization","name":"Cand\u00e1s 365","description":"Cand\u00e1s 365 es un diario digital independiente, fundado en 2012, con base en Asturias. Informamos con rigor sobre actualidad, sociedad, cultura y ocio, con una mirada local y global.","url":"https:\/\/candas365.es\/noticias\/","email":"info@candas365.es","telephone":"+34652131393","foundingDate":"2012-06-10","logo":{"@type":"ImageObject","url":"https:\/\/candas365.es\/noticias\/wp-content\/uploads\/2024\/09\/Candas-365-Redes.jpg","@id":"https:\/\/candas365.es\/noticias\/pesca-infantil-e-inclusiva-en-candas\/#organizationLogo","width":1152,"height":864,"caption":"Cand\u00e1s 365 Redes"},"image":{"@id":"https:\/\/candas365.es\/noticias\/pesca-infantil-e-inclusiva-en-candas\/#organizationLogo"},"sameAs":["https:\/\/www.facebook.com\/Nachofdezber","https:\/\/x.com\/NabercoDigital","https:\/\/www.instagram.com\/nachofdezber\/","https:\/\/www.youtube.com\/channel\/UCZP-2wLEB9Rv6erhFmqVnvg"],"address":{"@id":"https:\/\/candas365.es\/noticias\/#postaladdress","@type":"PostalAddress","streetAddress":"san antonio 4, san antonio 4","postalCode":"33430","addressLocality":"Cand\u00e1s","addressRegion":"Asturias","addressCountry":"ES"}},{"@type":"Person","@id":"https:\/\/candas365.es\/noticias\/author\/admin\/#author","url":"https:\/\/candas365.es\/noticias\/author\/admin\/","name":"Cand\u00e1s 365","image":{"@type":"ImageObject","@id":"https:\/\/candas365.es\/noticias\/pesca-infantil-e-inclusiva-en-candas\/#authorImage","url":"https:\/\/secure.gravatar.com\/avatar\/496a8e03d0c493ede1718b7934145dbdf8d89be1036b0eec9544e1094c9de390?s=96&d=mm&r=g","width":96,"height":96,"caption":"Cand\u00e1s 365"},"sameAs":["https:\/\/www.facebook.com\/carrenoactualidad","https:\/\/twitter.com\/nbasturias","https:\/\/www.instagram.com\/nachofdezber\/","https:\/\/www.youtube.com\/channel\/UCZP-2wLEB9Rv6erhFmqVnvg"]},{"@type":"WebPage","@id":"https:\/\/candas365.es\/noticias\/pesca-infantil-e-inclusiva-en-candas\/#webpage","url":"https:\/\/candas365.es\/noticias\/pesca-infantil-e-inclusiva-en-candas\/","name":"Pesca infantil e inclusiva en Cand\u00e1s | Cand\u00e1s 365","description":"En la jornada de hoy, lunes, 25 de junio, dio comienzo una nueva edici\u00f3n de actividades estivales relacionadas con la mar. Talleres de Pesca destinados a los ni\u00f1os y las ni\u00f1as del concejo, talleres de pesca para las personas adultas usuarias del Centro de Apoyo a la Integraci\u00f3n (CAI) y pr\u00f3ximamente, se iniciar\u00e1n las actividades","inLanguage":"es-ES","isPartOf":{"@id":"https:\/\/candas365.es\/noticias\/#website"},"breadcrumb":{"@id":"https:\/\/candas365.es\/noticias\/pesca-infantil-e-inclusiva-en-candas\/#breadcrumblist"},"author":{"@id":"https:\/\/candas365.es\/noticias\/author\/admin\/#author"},"creator":{"@id":"https:\/\/candas365.es\/noticias\/author\/admin\/#author"},"image":{"@type":"ImageObject","url":"https:\/\/candas365.es\/noticias\/wp-content\/uploads\/2018\/06\/pesca-inclusiva-candas.jpg","@id":"https:\/\/candas365.es\/noticias\/pesca-infantil-e-inclusiva-en-candas\/#mainImage","width":1600,"height":1200},"primaryImageOfPage":{"@id":"https:\/\/candas365.es\/noticias\/pesca-infantil-e-inclusiva-en-candas\/#mainImage"},"datePublished":"2018-06-25T16:01:35+02:00","dateModified":"2018-06-25T16:01:35+02:00"},{"@type":"WebSite","@id":"https:\/\/candas365.es\/noticias\/#website","url":"https:\/\/candas365.es\/noticias\/","name":"Cand\u00e1s 365","alternateName":"Cand\u00e1s 365 Noticias","description":"Actualidad desde Carre\u00f1o para el mundo","inLanguage":"es-ES","publisher":{"@id":"https:\/\/candas365.es\/noticias\/#organization"}}]},"og:locale":"es_ES","og:site_name":"Cand\u00e1s 365","og:type":"article","og:title":"Pesca infantil e inclusiva en Cand\u00e1s | Cand\u00e1s 365","og:description":"En la jornada de hoy, lunes, 25 de junio, dio comienzo una nueva edici\u00f3n de actividades estivales relacionadas con la mar. Talleres de Pesca destinados a los ni\u00f1os y las ni\u00f1as del concejo, talleres de pesca para las personas adultas usuarias del Centro de Apoyo a la Integraci\u00f3n (CAI) y pr\u00f3ximamente, se iniciar\u00e1n las actividades","og:url":"https:\/\/candas365.es\/noticias\/pesca-infantil-e-inclusiva-en-candas\/","og:image":"https:\/\/candas365.es\/noticias\/wp-content\/uploads\/2018\/06\/pesca-inclusiva-candas.jpg","og:image:secure_url":"https:\/\/candas365.es\/noticias\/wp-content\/uploads\/2018\/06\/pesca-inclusiva-candas.jpg","og:image:width":1600,"og:image:height":1200,"article:published_time":"2018-06-25T16:01:35+00:00","article:modified_time":"2018-06-25T16:01:35+00:00","article:publisher":"https:\/\/www.facebook.com\/Nachofdezber","article:author":"https:\/\/www.facebook.com\/carrenoactualidad","twitter:card":"summary_large_image","twitter:site":"@NabercoDigital","twitter:title":"Pesca infantil e inclusiva en Cand\u00e1s | Cand\u00e1s 365","twitter:description":"En la jornada de hoy, lunes, 25 de junio, dio comienzo una nueva edici\u00f3n de actividades estivales relacionadas con la mar. Talleres de Pesca destinados a los ni\u00f1os y las ni\u00f1as del concejo, talleres de pesca para las personas adultas usuarias del Centro de Apoyo a la Integraci\u00f3n (CAI) y pr\u00f3ximamente, se iniciar\u00e1n las actividades","twitter:creator":"@nbasturias","twitter:image":"https:\/\/candas365.es\/noticias\/wp-content\/uploads\/2018\/06\/pesca-inclusiva-candas.jpg","twitter:label1":"Escrito por","twitter:data1":"Cand\u00e1s 365","twitter:label2":"Tiempo de lectura estimado","twitter:data2":"3 minutos"},"aioseo_meta_data":{"post_id":"98937","title":null,"description":null,"keywords":null,"keyphrases":null,"primary_term":null,"canonical_url":null,"og_title":null,"og_description":null,"og_object_type":"default","og_image_type":"default","og_image_url":null,"og_image_width":null,"og_image_height":null,"og_image_custom_url":null,"og_image_custom_fields":null,"og_video":null,"og_custom_url":null,"og_article_section":null,"og_article_tags":null,"twitter_use_og":false,"twitter_card":"default","twitter_image_type":"default","twitter_image_url":null,"twitter_image_custom_url":null,"twitter_image_custom_fields":null,"twitter_title":null,"twitter_description":null,"schema":{"blockGraphs":[],"customGraphs":[],"default":{"data":{"Article":[],"Course":[],"Dataset":[],"FAQPage":[],"Movie":[],"Person":[],"Product":[],"ProductReview":[],"Car":[],"Recipe":[],"Service":[],"SoftwareApplication":[],"WebPage":[]},"graphName":"","isEnabled":true},"graphs":[],"defaultGraph":"","defaultPostTypeGraph":""},"schema_type":null,"schema_type_options":null,"pillar_content":false,"robots_default":true,"robots_noindex":false,"robots_noarchive":false,"robots_nosnippet":false,"robots_nofollow":false,"robots_noimageindex":false,"robots_noodp":false,"robots_notranslate":false,"robots_max_snippet":null,"robots_max_videopreview":null,"robots_max_imagepreview":"large","priority":null,"frequency":null,"location":null,"local_seo":null,"seo_analyzer_scan_date":"2025-08-27 04:48:22","breadcrumb_settings":null,"limit_modified_date":false,"reviewed_by":null,"open_ai":null,"ai":null,"created":"2020-12-21 11:49:55","updated":"2025-08-27 04:48:22"},"aioseo_breadcrumb":"<div class=\"aioseo-breadcrumbs\"><span class=\"aioseo-breadcrumb\">\n\t<a href=\"https:\/\/candas365.es\/noticias\" title=\"Home\">Home<\/a>\n<\/span><span class=\"aioseo-breadcrumb-separator\">&ndash;<\/span><span class=\"aioseo-breadcrumb\">\n\t<a href=\"https:\/\/candas365.es\/noticias\/category\/noticias-carreno\/\" title=\"Noticias Carre\u00f1o\">Noticias Carre\u00f1o<\/a>\n<\/span><span class=\"aioseo-breadcrumb-separator\">&ndash;<\/span><span class=\"aioseo-breadcrumb\">\n\tPesca infantil e inclusiva en Cand\u00e1s\n<\/span><\/div>","aioseo_breadcrumb_json":[{"label":"Home","link":"https:\/\/candas365.es\/noticias"},{"label":"Noticias Carre\u00f1o","link":"https:\/\/candas365.es\/noticias\/category\/noticias-carreno\/"},{"label":"Pesca infantil e inclusiva en Cand\u00e1s","link":"https:\/\/candas365.es\/noticias\/pesca-infantil-e-inclusiva-en-candas\/"}],"_links":{"self":[{"href":"https:\/\/candas365.es\/noticias\/wp-json\/wp\/v2\/posts\/98937","targetHints":{"allow":["GET"]}}],"collection":[{"href":"https:\/\/candas365.es\/noticias\/wp-json\/wp\/v2\/posts"}],"about":[{"href":"https:\/\/candas365.es\/noticias\/wp-json\/wp\/v2\/types\/post"}],"author":[{"embeddable":true,"href":"https:\/\/candas365.es\/noticias\/wp-json\/wp\/v2\/users\/1"}],"replies":[{"embeddable":true,"href":"https:\/\/candas365.es\/noticias\/wp-json\/wp\/v2\/comments?post=98937"}],"version-history":[{"count":0,"href":"https:\/\/candas365.es\/noticias\/wp-json\/wp\/v2\/posts\/98937\/revisions"}],"wp:featuredmedia":[{"embeddable":true,"href":"https:\/\/candas365.es\/noticias\/wp-json\/wp\/v2\/media\/98938"}],"wp:attachment":[{"href":"https:\/\/candas365.es\/noticias\/wp-json\/wp\/v2\/media?parent=98937"}],"wp:term":[{"taxonomy":"category","embeddable":true,"href":"https:\/\/candas365.es\/noticias\/wp-json\/wp\/v2\/categories?post=98937"},{"taxonomy":"post_tag","embeddable":true,"href":"https:\/\/candas365.es\/noticias\/wp-json\/wp\/v2\/tags?post=98937"}],"curies":[{"name":"wp","href":"https:\/\/api.w.org\/{rel}","templated":true}]}}