{"id":98878,"date":"2018-06-24T11:02:43","date_gmt":"2018-06-24T11:02:43","guid":{"rendered":"http:\/\/candas365.es\/noticias\/?p=98878"},"modified":"2018-06-24T11:02:43","modified_gmt":"2018-06-24T11:02:43","slug":"el-coro-de-la-bodega-deja-su-huella-en-el-xix-certamen-coral-internacional-la-mina-y-la-mar","status":"publish","type":"post","link":"https:\/\/candas365.es\/noticias\/el-coro-de-la-bodega-deja-su-huella-en-el-xix-certamen-coral-internacional-la-mina-y-la-mar\/","title":{"rendered":"El Coro de la Bodega deja su huella en el XIX Certamen Coral Internacional \u201cLa Mina y la Mar\u201c"},"content":{"rendered":"<p><img fetchpriority=\"high\" decoding=\"async\" class=\"alignleft size-medium wp-image-98879\" src=\"https:\/\/candas365.es\/noticias\/wp-content\/uploads\/2018\/06\/coro-bodega-candas-360x270.jpg\" alt=\"\" width=\"360\" height=\"270\" srcset=\"https:\/\/candas365.es\/noticias\/wp-content\/uploads\/2018\/06\/coro-bodega-candas-360x270.jpg 360w, https:\/\/candas365.es\/noticias\/wp-content\/uploads\/2018\/06\/coro-bodega-candas-768x576.jpg 768w, https:\/\/candas365.es\/noticias\/wp-content\/uploads\/2018\/06\/coro-bodega-candas-640x480.jpg 640w, https:\/\/candas365.es\/noticias\/wp-content\/uploads\/2018\/06\/coro-bodega-candas-80x60.jpg 80w, https:\/\/candas365.es\/noticias\/wp-content\/uploads\/2018\/06\/coro-bodega-candas-265x198.jpg 265w, https:\/\/candas365.es\/noticias\/wp-content\/uploads\/2018\/06\/coro-bodega-candas-696x522.jpg 696w, https:\/\/candas365.es\/noticias\/wp-content\/uploads\/2018\/06\/coro-bodega-candas-1068x801.jpg 1068w, https:\/\/candas365.es\/noticias\/wp-content\/uploads\/2018\/06\/coro-bodega-candas-560x420.jpg 560w, https:\/\/candas365.es\/noticias\/wp-content\/uploads\/2018\/06\/coro-bodega-candas.jpg 1600w\" sizes=\"(max-width: 360px) 100vw, 360px\" \/>El Coro de la Bodega ha participado en el XIX Certamen Coral Internacional \u201cLa Mina y la Mar\u201c celebrado en la Felguera.<\/p>\n<p>El Certamen Coral, uno de los m\u00e1s longevos del panorama coral asturiano, organizado por el conjunto local, la Sociedad Coral La Felguera \u201cMaestro Lozano\u201d, se ha llevado a cabo en dos sesiones. Participando el coro candas\u00edn en la segunda celebrada.<\/p>\n<p>El \u201cCoro de la Bodega\u201d actu\u00f3 junto con los coros \u201cCanta Cantorum\u201d de Vitoria; \u201cOrfe\u00f6 de Barr\u00f3\u201d de Aveiro, Portugal, finalizando el encuentro el coro anfitri\u00f3n.<\/p>\n<p>El \u201cCoro de la Bodega\u201d nace en el a\u00f1o 2013 por iniciativa de Jos\u00e9 Ram\u00f3n Gonz\u00e1lez Mu\u00f1iz como coro representante del Certamen \u201cCanciones de la Bodega\u201d del que fue fundador. Re\u00fane a un grupo de personas vinculadas o atra\u00eddas por la m\u00fasica y su finalidad es disfrutar del placer de cantar a la vez que recuperar, mantener y promocionar las canciones populares y marineras de la cultura marinera. As\u00ed mismo pretende rendir homenaje a las gentes vinculadas a la mar, y sobre todo a las personas trabajadoras de las f\u00e1bricas de pescado y salaz\u00f3n, popularmente conocidas en Cand\u00e1s como \u201cLas Bodegas\u201d.<\/p>\n<p>Otros de sus objetivos, adem\u00e1s de la interpretaci\u00f3n musical, es la de trasladar a las nuevas generaciones aquellas composiciones que tradicionalmente se han cantado en Cand\u00e1s y de las cuales no exist\u00eda, en algunos casos, constancia escrita.<\/p>\n<p>A lo largo de su historia ha conseguido reunir un amplio repertorio de canciones, principalmente, de car\u00e1cter popular y habaneras. Contando tambi\u00e9n con canciones de polifon\u00eda y m\u00fasica sacra. En este certamen internacional, bajo la direcci\u00f3n de Salvador Cuervo Fern\u00e1ndez, interpretaron en el Nuevo Teatro de La Felguera las siguientes obras:<\/p>\n<p>\u2022 \u201cCanciones de la Bodega\u201d de Cantautor Pipos Prendes.<br \/>\n\u2022 \u201cComo la Flor\u201d de E.M. Torner.<br \/>\n\u2022 \u201cJuventud\u201d de Miillet.<br \/>\n\u2022 \u201cEn los surcos del Amor\u201d de Gustavino.<br \/>\n\u2022 \u201cEl Sabor de Una Habanera\u201d de Armando Bernab\u00e9u.<br \/>\n\u2022 \u201cSon tus Ojos\u201d de Ricardo la Fuente.<\/p>\n<p>&nbsp;<\/p>\n","protected":false},"excerpt":{"rendered":"<p>El Coro de la Bodega ha participado en el XIX Certamen Coral Internacional \u201cLa Mina y la Mar\u201c celebrado en la Felguera. El Certamen Coral, uno de los m\u00e1s longevos del panorama coral asturiano, organizado por el conjunto local, la Sociedad Coral La Felguera \u201cMaestro Lozano\u201d, se ha llevado a cabo en dos sesiones. Participando<\/p>\n","protected":false},"author":1,"featured_media":98879,"comment_status":"closed","ping_status":"closed","sticky":false,"template":"","format":"standard","meta":{"footnotes":""},"categories":[2],"tags":[],"class_list":{"0":"post-98878","1":"post","2":"type-post","3":"status-publish","4":"format-standard","5":"has-post-thumbnail","7":"category-noticias-carreno"},"aioseo_notices":[],"aioseo_head":"\n\t\t<!-- All in One SEO Pro 4.9.6.2 - aioseo.com -->\n\t<meta name=\"description\" content=\"El Coro de la Bodega ha participado en el XIX Certamen Coral Internacional \u201cLa Mina y la Mar\u201c celebrado en la Felguera. El Certamen Coral, uno de los m\u00e1s longevos del panorama coral asturiano, organizado por el conjunto local, la Sociedad Coral La Felguera \u201cMaestro Lozano\u201d, se ha llevado a cabo en dos sesiones. Participando\" \/>\n\t<meta name=\"robots\" content=\"max-image-preview:large\" \/>\n\t<meta name=\"author\" content=\"Cand\u00e1s 365\"\/>\n\t<meta name=\"google-site-verification\" content=\"UA-32230408-1\" \/>\n\t<meta name=\"msvalidate.01\" content=\"354F3CDFB2DA171B47FBE9ABF1F88D5\" \/>\n\t<meta name=\"keywords\" content=\"noticias carre\u00f1o\" \/>\n\t<link rel=\"canonical\" href=\"https:\/\/candas365.es\/noticias\/el-coro-de-la-bodega-deja-su-huella-en-el-xix-certamen-coral-internacional-la-mina-y-la-mar\/\" \/>\n\t<meta name=\"generator\" content=\"All in One SEO Pro (AIOSEO) 4.9.6.2\" \/>\n\t\t<meta property=\"og:locale\" content=\"es_ES\" \/>\n\t\t<meta property=\"og:site_name\" content=\"Cand\u00e1s 365\" \/>\n\t\t<meta property=\"og:type\" content=\"article\" \/>\n\t\t<meta property=\"og:title\" content=\"El Coro de la Bodega deja su huella en el XIX Certamen Coral Internacional \u201cLa Mina y la Mar\u201c | Cand\u00e1s 365\" \/>\n\t\t<meta property=\"og:description\" content=\"El Coro de la Bodega ha participado en el XIX Certamen Coral Internacional \u201cLa Mina y la Mar\u201c celebrado en la Felguera. El Certamen Coral, uno de los m\u00e1s longevos del panorama coral asturiano, organizado por el conjunto local, la Sociedad Coral La Felguera \u201cMaestro Lozano\u201d, se ha llevado a cabo en dos sesiones. Participando\" \/>\n\t\t<meta property=\"og:url\" content=\"https:\/\/candas365.es\/noticias\/el-coro-de-la-bodega-deja-su-huella-en-el-xix-certamen-coral-internacional-la-mina-y-la-mar\/\" \/>\n\t\t<meta property=\"og:image\" content=\"https:\/\/candas365.es\/noticias\/wp-content\/uploads\/2018\/06\/coro-bodega-candas.jpg\" \/>\n\t\t<meta property=\"og:image:secure_url\" content=\"https:\/\/candas365.es\/noticias\/wp-content\/uploads\/2018\/06\/coro-bodega-candas.jpg\" \/>\n\t\t<meta property=\"og:image:width\" content=\"1600\" \/>\n\t\t<meta property=\"og:image:height\" content=\"1200\" \/>\n\t\t<meta property=\"article:published_time\" content=\"2018-06-24T11:02:43+00:00\" \/>\n\t\t<meta property=\"article:modified_time\" content=\"2018-06-24T11:02:43+00:00\" \/>\n\t\t<meta property=\"article:publisher\" content=\"https:\/\/www.facebook.com\/Nachofdezber\" \/>\n\t\t<meta property=\"article:author\" content=\"https:\/\/www.facebook.com\/carrenoactualidad\" \/>\n\t\t<meta name=\"twitter:card\" content=\"summary_large_image\" \/>\n\t\t<meta name=\"twitter:site\" content=\"@NabercoDigital\" \/>\n\t\t<meta name=\"twitter:title\" content=\"El Coro de la Bodega deja su huella en el XIX Certamen Coral Internacional \u201cLa Mina y la Mar\u201c | Cand\u00e1s 365\" \/>\n\t\t<meta name=\"twitter:description\" content=\"El Coro de la Bodega ha participado en el XIX Certamen Coral Internacional \u201cLa Mina y la Mar\u201c celebrado en la Felguera. El Certamen Coral, uno de los m\u00e1s longevos del panorama coral asturiano, organizado por el conjunto local, la Sociedad Coral La Felguera \u201cMaestro Lozano\u201d, se ha llevado a cabo en dos sesiones. Participando\" \/>\n\t\t<meta name=\"twitter:creator\" content=\"@nbasturias\" \/>\n\t\t<meta name=\"twitter:image\" content=\"https:\/\/candas365.es\/noticias\/wp-content\/uploads\/2018\/06\/coro-bodega-candas.jpg\" \/>\n\t\t<meta name=\"twitter:label1\" content=\"Escrito por\" \/>\n\t\t<meta name=\"twitter:data1\" content=\"Cand\u00e1s 365\" \/>\n\t\t<meta name=\"twitter:label2\" content=\"Tiempo de lectura estimado\" \/>\n\t\t<meta name=\"twitter:data2\" content=\"2 minutos\" \/>\n\t\t<script type=\"application\/ld+json\" class=\"aioseo-schema\">\n\t\t\t{\"@context\":\"https:\\\/\\\/schema.org\",\"@graph\":[{\"@type\":\"BreadcrumbList\",\"@id\":\"https:\\\/\\\/candas365.es\\\/noticias\\\/el-coro-de-la-bodega-deja-su-huella-en-el-xix-certamen-coral-internacional-la-mina-y-la-mar\\\/#breadcrumblist\",\"itemListElement\":[{\"@type\":\"ListItem\",\"@id\":\"https:\\\/\\\/candas365.es\\\/noticias#listItem\",\"position\":1,\"name\":\"Home\",\"item\":\"https:\\\/\\\/candas365.es\\\/noticias\",\"nextItem\":{\"@type\":\"ListItem\",\"@id\":\"https:\\\/\\\/candas365.es\\\/noticias\\\/category\\\/noticias-carreno\\\/#listItem\",\"name\":\"Noticias Carre\\u00f1o\"}},{\"@type\":\"ListItem\",\"@id\":\"https:\\\/\\\/candas365.es\\\/noticias\\\/category\\\/noticias-carreno\\\/#listItem\",\"position\":2,\"name\":\"Noticias Carre\\u00f1o\",\"item\":\"https:\\\/\\\/candas365.es\\\/noticias\\\/category\\\/noticias-carreno\\\/\",\"nextItem\":{\"@type\":\"ListItem\",\"@id\":\"https:\\\/\\\/candas365.es\\\/noticias\\\/el-coro-de-la-bodega-deja-su-huella-en-el-xix-certamen-coral-internacional-la-mina-y-la-mar\\\/#listItem\",\"name\":\"El Coro de la Bodega deja su huella en el XIX Certamen Coral Internacional \\u201cLa Mina y la Mar\\u201c\"},\"previousItem\":{\"@type\":\"ListItem\",\"@id\":\"https:\\\/\\\/candas365.es\\\/noticias#listItem\",\"name\":\"Home\"}},{\"@type\":\"ListItem\",\"@id\":\"https:\\\/\\\/candas365.es\\\/noticias\\\/el-coro-de-la-bodega-deja-su-huella-en-el-xix-certamen-coral-internacional-la-mina-y-la-mar\\\/#listItem\",\"position\":3,\"name\":\"El Coro de la Bodega deja su huella en el XIX Certamen Coral Internacional \\u201cLa Mina y la Mar\\u201c\",\"previousItem\":{\"@type\":\"ListItem\",\"@id\":\"https:\\\/\\\/candas365.es\\\/noticias\\\/category\\\/noticias-carreno\\\/#listItem\",\"name\":\"Noticias Carre\\u00f1o\"}}]},{\"@type\":\"NewsArticle\",\"@id\":\"https:\\\/\\\/candas365.es\\\/noticias\\\/el-coro-de-la-bodega-deja-su-huella-en-el-xix-certamen-coral-internacional-la-mina-y-la-mar\\\/#newsarticle\",\"name\":\"El Coro de la Bodega deja su huella en el XIX Certamen Coral Internacional \\u201cLa Mina y la Mar\\u201c | Cand\\u00e1s 365\",\"headline\":\"El Coro de la Bodega deja su huella en el XIX Certamen Coral Internacional \\u201cLa Mina y la Mar\\u201c\",\"author\":{\"@id\":\"https:\\\/\\\/candas365.es\\\/noticias\\\/author\\\/admin\\\/#author\"},\"publisher\":{\"@id\":\"https:\\\/\\\/candas365.es\\\/noticias\\\/#organization\"},\"image\":{\"@type\":\"ImageObject\",\"url\":\"https:\\\/\\\/candas365.es\\\/noticias\\\/wp-content\\\/uploads\\\/2018\\\/06\\\/coro-bodega-candas.jpg\",\"width\":1600,\"height\":1200},\"datePublished\":\"2018-06-24T11:02:43+02:00\",\"dateModified\":\"2018-06-24T11:02:43+02:00\",\"inLanguage\":\"es-ES\",\"mainEntityOfPage\":{\"@id\":\"https:\\\/\\\/candas365.es\\\/noticias\\\/el-coro-de-la-bodega-deja-su-huella-en-el-xix-certamen-coral-internacional-la-mina-y-la-mar\\\/#webpage\"},\"isPartOf\":{\"@id\":\"https:\\\/\\\/candas365.es\\\/noticias\\\/el-coro-de-la-bodega-deja-su-huella-en-el-xix-certamen-coral-internacional-la-mina-y-la-mar\\\/#webpage\"},\"articleSection\":\"Noticias Carre\\u00f1o\",\"dateline\":\"Publicado el junio 24, 2018.\"},{\"@type\":\"Organization\",\"@id\":\"https:\\\/\\\/candas365.es\\\/noticias\\\/#organization\",\"name\":\"Cand\\u00e1s 365\",\"description\":\"Cand\\u00e1s 365 es un diario digital independiente, fundado en 2012, con base en Asturias. Informamos con rigor sobre actualidad, sociedad, cultura y ocio, con una mirada local y global.\",\"url\":\"https:\\\/\\\/candas365.es\\\/noticias\\\/\",\"email\":\"info@candas365.es\",\"telephone\":\"+34652131393\",\"foundingDate\":\"2012-06-10\",\"logo\":{\"@type\":\"ImageObject\",\"url\":\"https:\\\/\\\/candas365.es\\\/noticias\\\/wp-content\\\/uploads\\\/2024\\\/09\\\/Candas-365-Redes.jpg\",\"@id\":\"https:\\\/\\\/candas365.es\\\/noticias\\\/el-coro-de-la-bodega-deja-su-huella-en-el-xix-certamen-coral-internacional-la-mina-y-la-mar\\\/#organizationLogo\",\"width\":1152,\"height\":864,\"caption\":\"Cand\\u00e1s 365 Redes\"},\"image\":{\"@id\":\"https:\\\/\\\/candas365.es\\\/noticias\\\/el-coro-de-la-bodega-deja-su-huella-en-el-xix-certamen-coral-internacional-la-mina-y-la-mar\\\/#organizationLogo\"},\"sameAs\":[\"https:\\\/\\\/www.facebook.com\\\/Nachofdezber\",\"https:\\\/\\\/x.com\\\/NabercoDigital\",\"https:\\\/\\\/www.instagram.com\\\/nachofdezber\\\/\",\"https:\\\/\\\/www.youtube.com\\\/channel\\\/UCZP-2wLEB9Rv6erhFmqVnvg\"],\"address\":{\"@id\":\"https:\\\/\\\/candas365.es\\\/noticias\\\/#postaladdress\",\"@type\":\"PostalAddress\",\"streetAddress\":\"san antonio 4, san antonio 4\",\"postalCode\":\"33430\",\"addressLocality\":\"Cand\\u00e1s\",\"addressRegion\":\"Asturias\",\"addressCountry\":\"ES\"}},{\"@type\":\"Person\",\"@id\":\"https:\\\/\\\/candas365.es\\\/noticias\\\/author\\\/admin\\\/#author\",\"url\":\"https:\\\/\\\/candas365.es\\\/noticias\\\/author\\\/admin\\\/\",\"name\":\"Cand\\u00e1s 365\",\"image\":{\"@type\":\"ImageObject\",\"@id\":\"https:\\\/\\\/candas365.es\\\/noticias\\\/el-coro-de-la-bodega-deja-su-huella-en-el-xix-certamen-coral-internacional-la-mina-y-la-mar\\\/#authorImage\",\"url\":\"https:\\\/\\\/secure.gravatar.com\\\/avatar\\\/496a8e03d0c493ede1718b7934145dbdf8d89be1036b0eec9544e1094c9de390?s=96&d=mm&r=g\",\"width\":96,\"height\":96,\"caption\":\"Cand\\u00e1s 365\"},\"sameAs\":[\"https:\\\/\\\/www.facebook.com\\\/carrenoactualidad\",\"https:\\\/\\\/twitter.com\\\/nbasturias\",\"https:\\\/\\\/www.instagram.com\\\/nachofdezber\\\/\",\"https:\\\/\\\/www.youtube.com\\\/channel\\\/UCZP-2wLEB9Rv6erhFmqVnvg\"]},{\"@type\":\"WebPage\",\"@id\":\"https:\\\/\\\/candas365.es\\\/noticias\\\/el-coro-de-la-bodega-deja-su-huella-en-el-xix-certamen-coral-internacional-la-mina-y-la-mar\\\/#webpage\",\"url\":\"https:\\\/\\\/candas365.es\\\/noticias\\\/el-coro-de-la-bodega-deja-su-huella-en-el-xix-certamen-coral-internacional-la-mina-y-la-mar\\\/\",\"name\":\"El Coro de la Bodega deja su huella en el XIX Certamen Coral Internacional \\u201cLa Mina y la Mar\\u201c | Cand\\u00e1s 365\",\"description\":\"El Coro de la Bodega ha participado en el XIX Certamen Coral Internacional \\u201cLa Mina y la Mar\\u201c celebrado en la Felguera. El Certamen Coral, uno de los m\\u00e1s longevos del panorama coral asturiano, organizado por el conjunto local, la Sociedad Coral La Felguera \\u201cMaestro Lozano\\u201d, se ha llevado a cabo en dos sesiones. Participando\",\"inLanguage\":\"es-ES\",\"isPartOf\":{\"@id\":\"https:\\\/\\\/candas365.es\\\/noticias\\\/#website\"},\"breadcrumb\":{\"@id\":\"https:\\\/\\\/candas365.es\\\/noticias\\\/el-coro-de-la-bodega-deja-su-huella-en-el-xix-certamen-coral-internacional-la-mina-y-la-mar\\\/#breadcrumblist\"},\"author\":{\"@id\":\"https:\\\/\\\/candas365.es\\\/noticias\\\/author\\\/admin\\\/#author\"},\"creator\":{\"@id\":\"https:\\\/\\\/candas365.es\\\/noticias\\\/author\\\/admin\\\/#author\"},\"image\":{\"@type\":\"ImageObject\",\"url\":\"https:\\\/\\\/candas365.es\\\/noticias\\\/wp-content\\\/uploads\\\/2018\\\/06\\\/coro-bodega-candas.jpg\",\"@id\":\"https:\\\/\\\/candas365.es\\\/noticias\\\/el-coro-de-la-bodega-deja-su-huella-en-el-xix-certamen-coral-internacional-la-mina-y-la-mar\\\/#mainImage\",\"width\":1600,\"height\":1200},\"primaryImageOfPage\":{\"@id\":\"https:\\\/\\\/candas365.es\\\/noticias\\\/el-coro-de-la-bodega-deja-su-huella-en-el-xix-certamen-coral-internacional-la-mina-y-la-mar\\\/#mainImage\"},\"datePublished\":\"2018-06-24T11:02:43+02:00\",\"dateModified\":\"2018-06-24T11:02:43+02:00\"},{\"@type\":\"WebSite\",\"@id\":\"https:\\\/\\\/candas365.es\\\/noticias\\\/#website\",\"url\":\"https:\\\/\\\/candas365.es\\\/noticias\\\/\",\"name\":\"Cand\\u00e1s 365\",\"alternateName\":\"Cand\\u00e1s 365 Noticias\",\"description\":\"Actualidad desde Carre\\u00f1o para el mundo\",\"inLanguage\":\"es-ES\",\"publisher\":{\"@id\":\"https:\\\/\\\/candas365.es\\\/noticias\\\/#organization\"}}]}\n\t\t<\/script>\n\t\t<!-- All in One SEO Pro -->\r\n\t\t<title>El Coro de la Bodega deja su huella en el XIX Certamen Coral Internacional \u201cLa Mina y la Mar\u201c | Cand\u00e1s 365<\/title>\n\n","aioseo_head_json":{"title":"El Coro de la Bodega deja su huella en el XIX Certamen Coral Internacional \u201cLa Mina y la Mar\u201c | Cand\u00e1s 365","description":"El Coro de la Bodega ha participado en el XIX Certamen Coral Internacional \u201cLa Mina y la Mar\u201c celebrado en la Felguera. El Certamen Coral, uno de los m\u00e1s longevos del panorama coral asturiano, organizado por el conjunto local, la Sociedad Coral La Felguera \u201cMaestro Lozano\u201d, se ha llevado a cabo en dos sesiones. Participando","canonical_url":"https:\/\/candas365.es\/noticias\/el-coro-de-la-bodega-deja-su-huella-en-el-xix-certamen-coral-internacional-la-mina-y-la-mar\/","robots":"max-image-preview:large","keywords":"noticias carre\u00f1o","webmasterTools":{"google-site-verification":"UA-32230408-1","msvalidate.01":"354F3CDFB2DA171B47FBE9ABF1F88D5","miscellaneous":""},"schema":{"@context":"https:\/\/schema.org","@graph":[{"@type":"BreadcrumbList","@id":"https:\/\/candas365.es\/noticias\/el-coro-de-la-bodega-deja-su-huella-en-el-xix-certamen-coral-internacional-la-mina-y-la-mar\/#breadcrumblist","itemListElement":[{"@type":"ListItem","@id":"https:\/\/candas365.es\/noticias#listItem","position":1,"name":"Home","item":"https:\/\/candas365.es\/noticias","nextItem":{"@type":"ListItem","@id":"https:\/\/candas365.es\/noticias\/category\/noticias-carreno\/#listItem","name":"Noticias Carre\u00f1o"}},{"@type":"ListItem","@id":"https:\/\/candas365.es\/noticias\/category\/noticias-carreno\/#listItem","position":2,"name":"Noticias Carre\u00f1o","item":"https:\/\/candas365.es\/noticias\/category\/noticias-carreno\/","nextItem":{"@type":"ListItem","@id":"https:\/\/candas365.es\/noticias\/el-coro-de-la-bodega-deja-su-huella-en-el-xix-certamen-coral-internacional-la-mina-y-la-mar\/#listItem","name":"El Coro de la Bodega deja su huella en el XIX Certamen Coral Internacional \u201cLa Mina y la Mar\u201c"},"previousItem":{"@type":"ListItem","@id":"https:\/\/candas365.es\/noticias#listItem","name":"Home"}},{"@type":"ListItem","@id":"https:\/\/candas365.es\/noticias\/el-coro-de-la-bodega-deja-su-huella-en-el-xix-certamen-coral-internacional-la-mina-y-la-mar\/#listItem","position":3,"name":"El Coro de la Bodega deja su huella en el XIX Certamen Coral Internacional \u201cLa Mina y la Mar\u201c","previousItem":{"@type":"ListItem","@id":"https:\/\/candas365.es\/noticias\/category\/noticias-carreno\/#listItem","name":"Noticias Carre\u00f1o"}}]},{"@type":"NewsArticle","@id":"https:\/\/candas365.es\/noticias\/el-coro-de-la-bodega-deja-su-huella-en-el-xix-certamen-coral-internacional-la-mina-y-la-mar\/#newsarticle","name":"El Coro de la Bodega deja su huella en el XIX Certamen Coral Internacional \u201cLa Mina y la Mar\u201c | Cand\u00e1s 365","headline":"El Coro de la Bodega deja su huella en el XIX Certamen Coral Internacional \u201cLa Mina y la Mar\u201c","author":{"@id":"https:\/\/candas365.es\/noticias\/author\/admin\/#author"},"publisher":{"@id":"https:\/\/candas365.es\/noticias\/#organization"},"image":{"@type":"ImageObject","url":"https:\/\/candas365.es\/noticias\/wp-content\/uploads\/2018\/06\/coro-bodega-candas.jpg","width":1600,"height":1200},"datePublished":"2018-06-24T11:02:43+02:00","dateModified":"2018-06-24T11:02:43+02:00","inLanguage":"es-ES","mainEntityOfPage":{"@id":"https:\/\/candas365.es\/noticias\/el-coro-de-la-bodega-deja-su-huella-en-el-xix-certamen-coral-internacional-la-mina-y-la-mar\/#webpage"},"isPartOf":{"@id":"https:\/\/candas365.es\/noticias\/el-coro-de-la-bodega-deja-su-huella-en-el-xix-certamen-coral-internacional-la-mina-y-la-mar\/#webpage"},"articleSection":"Noticias Carre\u00f1o","dateline":"Publicado el junio 24, 2018."},{"@type":"Organization","@id":"https:\/\/candas365.es\/noticias\/#organization","name":"Cand\u00e1s 365","description":"Cand\u00e1s 365 es un diario digital independiente, fundado en 2012, con base en Asturias. Informamos con rigor sobre actualidad, sociedad, cultura y ocio, con una mirada local y global.","url":"https:\/\/candas365.es\/noticias\/","email":"info@candas365.es","telephone":"+34652131393","foundingDate":"2012-06-10","logo":{"@type":"ImageObject","url":"https:\/\/candas365.es\/noticias\/wp-content\/uploads\/2024\/09\/Candas-365-Redes.jpg","@id":"https:\/\/candas365.es\/noticias\/el-coro-de-la-bodega-deja-su-huella-en-el-xix-certamen-coral-internacional-la-mina-y-la-mar\/#organizationLogo","width":1152,"height":864,"caption":"Cand\u00e1s 365 Redes"},"image":{"@id":"https:\/\/candas365.es\/noticias\/el-coro-de-la-bodega-deja-su-huella-en-el-xix-certamen-coral-internacional-la-mina-y-la-mar\/#organizationLogo"},"sameAs":["https:\/\/www.facebook.com\/Nachofdezber","https:\/\/x.com\/NabercoDigital","https:\/\/www.instagram.com\/nachofdezber\/","https:\/\/www.youtube.com\/channel\/UCZP-2wLEB9Rv6erhFmqVnvg"],"address":{"@id":"https:\/\/candas365.es\/noticias\/#postaladdress","@type":"PostalAddress","streetAddress":"san antonio 4, san antonio 4","postalCode":"33430","addressLocality":"Cand\u00e1s","addressRegion":"Asturias","addressCountry":"ES"}},{"@type":"Person","@id":"https:\/\/candas365.es\/noticias\/author\/admin\/#author","url":"https:\/\/candas365.es\/noticias\/author\/admin\/","name":"Cand\u00e1s 365","image":{"@type":"ImageObject","@id":"https:\/\/candas365.es\/noticias\/el-coro-de-la-bodega-deja-su-huella-en-el-xix-certamen-coral-internacional-la-mina-y-la-mar\/#authorImage","url":"https:\/\/secure.gravatar.com\/avatar\/496a8e03d0c493ede1718b7934145dbdf8d89be1036b0eec9544e1094c9de390?s=96&d=mm&r=g","width":96,"height":96,"caption":"Cand\u00e1s 365"},"sameAs":["https:\/\/www.facebook.com\/carrenoactualidad","https:\/\/twitter.com\/nbasturias","https:\/\/www.instagram.com\/nachofdezber\/","https:\/\/www.youtube.com\/channel\/UCZP-2wLEB9Rv6erhFmqVnvg"]},{"@type":"WebPage","@id":"https:\/\/candas365.es\/noticias\/el-coro-de-la-bodega-deja-su-huella-en-el-xix-certamen-coral-internacional-la-mina-y-la-mar\/#webpage","url":"https:\/\/candas365.es\/noticias\/el-coro-de-la-bodega-deja-su-huella-en-el-xix-certamen-coral-internacional-la-mina-y-la-mar\/","name":"El Coro de la Bodega deja su huella en el XIX Certamen Coral Internacional \u201cLa Mina y la Mar\u201c | Cand\u00e1s 365","description":"El Coro de la Bodega ha participado en el XIX Certamen Coral Internacional \u201cLa Mina y la Mar\u201c celebrado en la Felguera. El Certamen Coral, uno de los m\u00e1s longevos del panorama coral asturiano, organizado por el conjunto local, la Sociedad Coral La Felguera \u201cMaestro Lozano\u201d, se ha llevado a cabo en dos sesiones. Participando","inLanguage":"es-ES","isPartOf":{"@id":"https:\/\/candas365.es\/noticias\/#website"},"breadcrumb":{"@id":"https:\/\/candas365.es\/noticias\/el-coro-de-la-bodega-deja-su-huella-en-el-xix-certamen-coral-internacional-la-mina-y-la-mar\/#breadcrumblist"},"author":{"@id":"https:\/\/candas365.es\/noticias\/author\/admin\/#author"},"creator":{"@id":"https:\/\/candas365.es\/noticias\/author\/admin\/#author"},"image":{"@type":"ImageObject","url":"https:\/\/candas365.es\/noticias\/wp-content\/uploads\/2018\/06\/coro-bodega-candas.jpg","@id":"https:\/\/candas365.es\/noticias\/el-coro-de-la-bodega-deja-su-huella-en-el-xix-certamen-coral-internacional-la-mina-y-la-mar\/#mainImage","width":1600,"height":1200},"primaryImageOfPage":{"@id":"https:\/\/candas365.es\/noticias\/el-coro-de-la-bodega-deja-su-huella-en-el-xix-certamen-coral-internacional-la-mina-y-la-mar\/#mainImage"},"datePublished":"2018-06-24T11:02:43+02:00","dateModified":"2018-06-24T11:02:43+02:00"},{"@type":"WebSite","@id":"https:\/\/candas365.es\/noticias\/#website","url":"https:\/\/candas365.es\/noticias\/","name":"Cand\u00e1s 365","alternateName":"Cand\u00e1s 365 Noticias","description":"Actualidad desde Carre\u00f1o para el mundo","inLanguage":"es-ES","publisher":{"@id":"https:\/\/candas365.es\/noticias\/#organization"}}]},"og:locale":"es_ES","og:site_name":"Cand\u00e1s 365","og:type":"article","og:title":"El Coro de la Bodega deja su huella en el XIX Certamen Coral Internacional \u201cLa Mina y la Mar\u201c | Cand\u00e1s 365","og:description":"El Coro de la Bodega ha participado en el XIX Certamen Coral Internacional \u201cLa Mina y la Mar\u201c celebrado en la Felguera. El Certamen Coral, uno de los m\u00e1s longevos del panorama coral asturiano, organizado por el conjunto local, la Sociedad Coral La Felguera \u201cMaestro Lozano\u201d, se ha llevado a cabo en dos sesiones. Participando","og:url":"https:\/\/candas365.es\/noticias\/el-coro-de-la-bodega-deja-su-huella-en-el-xix-certamen-coral-internacional-la-mina-y-la-mar\/","og:image":"https:\/\/candas365.es\/noticias\/wp-content\/uploads\/2018\/06\/coro-bodega-candas.jpg","og:image:secure_url":"https:\/\/candas365.es\/noticias\/wp-content\/uploads\/2018\/06\/coro-bodega-candas.jpg","og:image:width":1600,"og:image:height":1200,"article:published_time":"2018-06-24T11:02:43+00:00","article:modified_time":"2018-06-24T11:02:43+00:00","article:publisher":"https:\/\/www.facebook.com\/Nachofdezber","article:author":"https:\/\/www.facebook.com\/carrenoactualidad","twitter:card":"summary_large_image","twitter:site":"@NabercoDigital","twitter:title":"El Coro de la Bodega deja su huella en el XIX Certamen Coral Internacional \u201cLa Mina y la Mar\u201c | Cand\u00e1s 365","twitter:description":"El Coro de la Bodega ha participado en el XIX Certamen Coral Internacional \u201cLa Mina y la Mar\u201c celebrado en la Felguera. El Certamen Coral, uno de los m\u00e1s longevos del panorama coral asturiano, organizado por el conjunto local, la Sociedad Coral La Felguera \u201cMaestro Lozano\u201d, se ha llevado a cabo en dos sesiones. Participando","twitter:creator":"@nbasturias","twitter:image":"https:\/\/candas365.es\/noticias\/wp-content\/uploads\/2018\/06\/coro-bodega-candas.jpg","twitter:label1":"Escrito por","twitter:data1":"Cand\u00e1s 365","twitter:label2":"Tiempo de lectura estimado","twitter:data2":"2 minutos"},"aioseo_meta_data":{"post_id":"98878","title":null,"description":null,"keywords":null,"keyphrases":null,"primary_term":null,"canonical_url":null,"og_title":null,"og_description":null,"og_object_type":"default","og_image_type":"default","og_image_url":null,"og_image_width":null,"og_image_height":null,"og_image_custom_url":null,"og_image_custom_fields":null,"og_video":null,"og_custom_url":null,"og_article_section":null,"og_article_tags":null,"twitter_use_og":false,"twitter_card":"default","twitter_image_type":"default","twitter_image_url":null,"twitter_image_custom_url":null,"twitter_image_custom_fields":null,"twitter_title":null,"twitter_description":null,"schema":{"blockGraphs":[],"customGraphs":[],"default":{"data":{"Article":[],"Course":[],"Dataset":[],"FAQPage":[],"Movie":[],"Person":[],"Product":[],"ProductReview":[],"Car":[],"Recipe":[],"Service":[],"SoftwareApplication":[],"WebPage":[]},"graphName":"","isEnabled":true},"graphs":[]},"schema_type":null,"schema_type_options":null,"pillar_content":false,"robots_default":true,"robots_noindex":false,"robots_noarchive":false,"robots_nosnippet":false,"robots_nofollow":false,"robots_noimageindex":false,"robots_noodp":false,"robots_notranslate":false,"robots_max_snippet":null,"robots_max_videopreview":null,"robots_max_imagepreview":"large","priority":null,"frequency":null,"location":null,"local_seo":null,"seo_analyzer_scan_date":"2025-08-27 04:39:58","breadcrumb_settings":null,"limit_modified_date":false,"reviewed_by":null,"open_ai":null,"ai":null,"created":"2020-12-21 11:49:55","updated":"2025-08-27 04:39:58"},"aioseo_breadcrumb":"<div class=\"aioseo-breadcrumbs\"><span class=\"aioseo-breadcrumb\">\n\t<a href=\"https:\/\/candas365.es\/noticias\" title=\"Home\">Home<\/a>\n<\/span><span class=\"aioseo-breadcrumb-separator\">&ndash;<\/span><span class=\"aioseo-breadcrumb\">\n\t<a href=\"https:\/\/candas365.es\/noticias\/category\/noticias-carreno\/\" title=\"Noticias Carre\u00f1o\">Noticias Carre\u00f1o<\/a>\n<\/span><span class=\"aioseo-breadcrumb-separator\">&ndash;<\/span><span class=\"aioseo-breadcrumb\">\n\tEl Coro de la Bodega deja su huella en el XIX Certamen Coral Internacional \u201cLa Mina y la Mar\u201c\n<\/span><\/div>","aioseo_breadcrumb_json":[{"label":"Home","link":"https:\/\/candas365.es\/noticias"},{"label":"Noticias Carre\u00f1o","link":"https:\/\/candas365.es\/noticias\/category\/noticias-carreno\/"},{"label":"El Coro de la Bodega deja su huella en el XIX Certamen Coral Internacional \u201cLa Mina y la Mar\u201c","link":"https:\/\/candas365.es\/noticias\/el-coro-de-la-bodega-deja-su-huella-en-el-xix-certamen-coral-internacional-la-mina-y-la-mar\/"}],"_links":{"self":[{"href":"https:\/\/candas365.es\/noticias\/wp-json\/wp\/v2\/posts\/98878","targetHints":{"allow":["GET"]}}],"collection":[{"href":"https:\/\/candas365.es\/noticias\/wp-json\/wp\/v2\/posts"}],"about":[{"href":"https:\/\/candas365.es\/noticias\/wp-json\/wp\/v2\/types\/post"}],"author":[{"embeddable":true,"href":"https:\/\/candas365.es\/noticias\/wp-json\/wp\/v2\/users\/1"}],"replies":[{"embeddable":true,"href":"https:\/\/candas365.es\/noticias\/wp-json\/wp\/v2\/comments?post=98878"}],"version-history":[{"count":0,"href":"https:\/\/candas365.es\/noticias\/wp-json\/wp\/v2\/posts\/98878\/revisions"}],"wp:featuredmedia":[{"embeddable":true,"href":"https:\/\/candas365.es\/noticias\/wp-json\/wp\/v2\/media\/98879"}],"wp:attachment":[{"href":"https:\/\/candas365.es\/noticias\/wp-json\/wp\/v2\/media?parent=98878"}],"wp:term":[{"taxonomy":"category","embeddable":true,"href":"https:\/\/candas365.es\/noticias\/wp-json\/wp\/v2\/categories?post=98878"},{"taxonomy":"post_tag","embeddable":true,"href":"https:\/\/candas365.es\/noticias\/wp-json\/wp\/v2\/tags?post=98878"}],"curies":[{"name":"wp","href":"https:\/\/api.w.org\/{rel}","templated":true}]}}