{"id":98876,"date":"2018-06-24T10:50:09","date_gmt":"2018-06-24T10:50:09","guid":{"rendered":"http:\/\/candas365.es\/noticias\/?p=98876"},"modified":"2018-06-24T10:50:09","modified_gmt":"2018-06-24T10:50:09","slug":"plan-piloto-de-transporte-rural-en-carreno","status":"publish","type":"post","link":"https:\/\/candas365.es\/noticias\/plan-piloto-de-transporte-rural-en-carreno\/","title":{"rendered":"Plan piloto de transporte rural en Carre\u00f1o"},"content":{"rendered":"<p><img fetchpriority=\"high\" decoding=\"async\" class=\"alignleft size-medium wp-image-6453\" src=\"https:\/\/candas365.es\/noticias\/wp-content\/uploads\/2015\/01\/ayuntamiento-360x270.jpg\" alt=\"\" width=\"360\" height=\"270\" srcset=\"https:\/\/candas365.es\/noticias\/wp-content\/uploads\/2015\/01\/ayuntamiento-360x270.jpg 360w, https:\/\/candas365.es\/noticias\/wp-content\/uploads\/2015\/01\/ayuntamiento-640x480.jpg 640w, https:\/\/candas365.es\/noticias\/wp-content\/uploads\/2015\/01\/ayuntamiento-768x576.jpg 768w, https:\/\/candas365.es\/noticias\/wp-content\/uploads\/2015\/01\/ayuntamiento-150x113.jpg 150w, https:\/\/candas365.es\/noticias\/wp-content\/uploads\/2015\/01\/ayuntamiento-450x338.jpg 450w, https:\/\/candas365.es\/noticias\/wp-content\/uploads\/2015\/01\/ayuntamiento-80x60.jpg 80w, https:\/\/candas365.es\/noticias\/wp-content\/uploads\/2015\/01\/ayuntamiento-265x198.jpg 265w, https:\/\/candas365.es\/noticias\/wp-content\/uploads\/2015\/01\/ayuntamiento-696x522.jpg 696w, https:\/\/candas365.es\/noticias\/wp-content\/uploads\/2015\/01\/ayuntamiento-560x420.jpg 560w, https:\/\/candas365.es\/noticias\/wp-content\/uploads\/2015\/01\/ayuntamiento-90x67.jpg 90w, https:\/\/candas365.es\/noticias\/wp-content\/uploads\/2015\/01\/ayuntamiento.jpg 800w\" sizes=\"(max-width: 360px) 100vw, 360px\" \/>El pr\u00f3ximo s\u00e1bado, 7 de julio, se pondr\u00e1n en marcha <strong>dos nuevas l\u00edneas de Transporte P\u00fablico<\/strong>, como prueba piloto, para conectar las parroquias rurales, un d\u00eda a la semana, con Cand\u00e1s.<\/p>\n<p>Fruto del acuerdo de colaboraci\u00f3n entre el Ayuntamiento de Carre\u00f1o y el Consorcio de Transportes de Asturias, el Concejo de Carre\u00f1o formar\u00e1 parte del servicio \u201cOptib\u00fasRural\u201d. Este nuevo servicio consiste en la puesta en marcha de dos l\u00edneas de autob\u00fas, que recorrer\u00e1n todo el municipio, para acercar la zona rural a la villa de Cand\u00e1s.<\/p>\n<p>\u201cLa puesta en marcha, de esta prueba piloto, responde a una demanda hist\u00f3rica de la vecindad de la zona rural de comunicarse con Cand\u00e1s. Es una necesidad importante para las parroquias rurales poder trasladarse a la villa como cabecera del municipio en la que se asientan los servicios y los comercios locales\u201d se\u00f1al\u00f3 Manuel Noceda, concejal de la Zona Rural.<\/p>\n<p>Dos ser\u00e1n l\u00edneas que recorrer\u00e1n todo el Concejo finalizando ambas en la villa marinera son:<\/p>\n<p>\u2022 L\u00ednea Tam\u00f3n- Cand\u00e1s. Esta l\u00ednea tendr\u00e1 su comienzo en la parada de Bar Casa \u00c1ngel para continuar recorriendo las parroquias de Tam\u00f3n-Amb\u00e1s-El Valle-Guimar\u00e1n-Prevera-Carri\u00f3-Albandi-Perlora y llegada a Cand\u00e1s.<\/p>\n<p>Esta l\u00ednea tendr\u00e1 las siguientes paradas: Bar Casa \u00c1ngel &#8211; La Tabla &#8211; Villar de arriba &#8211; Villar de abajo &#8211; Bar Blanco &#8211; La Tejera &#8211; El Montico &#8211; El Cascayu (Orilla del r\u00edo) &#8211; Amb\u00e1s 24 (Amb\u00e1s Iglesia) \u2013 Nozal\u00edn \u2013 Casa Antona (El Valle) \u2013 Casa Duardo \u2013 El Fondo (Guimar\u00e1n) \u2013 Prevera \u2013 El Riego \u2013 El Empalme \u2013 Poblado de Albandi \u2013 Caicorrida\u2013 Casa Pe\u00f1\u00f3n \u2013 Casa Vi\u00f1a \u2013 Dorm\u00f3n (Perlora-Camping) \u2013 Perlora \u2013Cand\u00e1s.<\/p>\n<p>\u2022 L\u00ednea Priendes- Cand\u00e1s. La l\u00ednea comenzar\u00e1 en Casa Gerardo en la parroquia de Priendes para continuar por las parroquias de Llorgozana-Perlora y llegada a Cand\u00e1s.<\/p>\n<p>Esta l\u00ednea tendr\u00e1 el siguiente recorrido: Restaurante Casa Gerardo \u2013 La Rebollada \u2013 Casa Fal\u00edn (La Rebollada 2) \u2013 Sebades \u2013 Cruce Posada \u2013 La Escuela (Llorgozana) \u2013 Coyanca \u2013 Cruce Campanal \u2013 Ponteo \u2013 Rodiles \u2013 El Prado (Perlora) \u2013 La Nozaleda \u2013 Per\u00e1n y llegada a Cand\u00e1s.<\/p>\n<p>\u201cLa incorporaci\u00f3n de estas nueva l\u00edneas supone adem\u00e1s de ampliar la oferta de transporte p\u00fablico en el municipio, un complemento a la iniciativa puesta en marcha con el transporte del curso escolar 2017-2018. A trav\u00e9s del cual el vecindario de la zona rural pod\u00eda acceder a las plazas libres de este transporte entre semana y acercarse a Cand\u00e1s. Con esta nueva iniciativa, este transporte se amplia a los s\u00e1bados\u201d coment\u00f3 Noceda<\/p>\n<p>La pr\u00f3xima semana se distribuir\u00e1n desde el Ayuntamiento carteles divulgativos de las dos nuevas rutas. Para acceder a los servicios en los trazados fijados las personas que lo deseen indicar\u00e1n con la mano al conductor su intenci\u00f3n de cogerlo.<\/p>\n<p>\u201cLos trazados propuestos como piloto, responden a dos de las rutas que ya se hacen en el transporte escolar, correspondiendo una a una ruta del Colegio Poeta Ant\u00f3n, mientras que la otra al Instituto de Educaci\u00f3n Secundaria. Si durante esta prueba piloto se detectasen necesidades distintas o cambios en los horarios, estos ser\u00e1n evaluados por el Consorcio para ver su posible adaptaci\u00f3n. Ya que son servicios especiales pilotos articulados por el CTA para observar como se desarrolla la operatividad de una l\u00ednea y ver si es capaz de consolidarse. En este caso, si esto fuese as\u00ed, el Ayuntamiento estudiar\u00eda su continuidad\u201d relat\u00f3 el concejal.<\/p>\n<p>Este servicio especial, pionero en interconectar el Concejo, dar\u00e1 comienzo a partir del pr\u00f3ximo s\u00e1bado 7 de julio. Teniendo continuaci\u00f3n los siguientes s\u00e1bados del verano:<\/p>\n<p>\u2022 D\u00edas 7, 14, 21 y 28 de Julio.<br \/>\n\u2022 D\u00edas 4, 11, 18 y 25 de Agosto.<\/p>\n<p>Siendo el horario de inicio de las rutas de ida a las 9:00 horas y los servicios de vuelta a las 14:00 horas de los s\u00e1bados.<\/p>\n<p>El precio del billete ser\u00e1 de 1,50 \u20ac o 0,90 \u20ac a trav\u00e9s de la Tarjeta de Transporte del Consorcio.<\/p>\n<p>\u201cEstas rutas pioneras de transporte p\u00fablico facilitan el acceso los s\u00e1bados de verano a una serie de servicios como puede ser la visita al mercadillo semanal, el cual ofrece una variada oferta de productos; la realizaci\u00f3n de la compra semanal; ir a la playa; disfrutar de la biblioteca, polideportivo; disfrute de los servicios de cuidado personal,\u2026 sin tener que depender del veh\u00edculo privado, evitando los problemas que conlleva su uso\u201d afirm\u00f3 Manuel Noceda<\/p>\n<p>\u201cEn septiembre analizaremos los resultados, ya que la a idea es conformar un plan de transporte rural m\u00e1s ambicioso\u00bb concluy\u00f3 el edil.<\/p>\n","protected":false},"excerpt":{"rendered":"<p>El pr\u00f3ximo s\u00e1bado, 7 de julio, se pondr\u00e1n en marcha dos nuevas l\u00edneas de Transporte P\u00fablico, como prueba piloto, para conectar las parroquias rurales, un d\u00eda a la semana, con Cand\u00e1s. Fruto del acuerdo de colaboraci\u00f3n entre el Ayuntamiento de Carre\u00f1o y el Consorcio de Transportes de Asturias, el Concejo de Carre\u00f1o formar\u00e1 parte del<\/p>\n","protected":false},"author":1,"featured_media":6453,"comment_status":"closed","ping_status":"closed","sticky":false,"template":"","format":"standard","meta":{"footnotes":""},"categories":[2],"tags":[],"class_list":{"0":"post-98876","1":"post","2":"type-post","3":"status-publish","4":"format-standard","5":"has-post-thumbnail","7":"category-noticias-carreno"},"aioseo_notices":[],"aioseo_head":"\n\t\t<!-- All in One SEO Pro 4.9.6.2 - aioseo.com -->\n\t<meta name=\"description\" content=\"El pr\u00f3ximo s\u00e1bado, 7 de julio, se pondr\u00e1n en marcha dos nuevas l\u00edneas de Transporte P\u00fablico, como prueba piloto, para conectar las parroquias rurales, un d\u00eda a la semana, con Cand\u00e1s. Fruto del acuerdo de colaboraci\u00f3n entre el Ayuntamiento de Carre\u00f1o y el Consorcio de Transportes de Asturias, el Concejo de Carre\u00f1o formar\u00e1 parte del\" \/>\n\t<meta name=\"robots\" content=\"max-image-preview:large\" \/>\n\t<meta name=\"author\" content=\"Cand\u00e1s 365\"\/>\n\t<meta name=\"google-site-verification\" content=\"UA-32230408-1\" \/>\n\t<meta name=\"msvalidate.01\" content=\"354F3CDFB2DA171B47FBE9ABF1F88D5\" \/>\n\t<meta name=\"keywords\" content=\"noticias carre\u00f1o\" \/>\n\t<link rel=\"canonical\" href=\"https:\/\/candas365.es\/noticias\/plan-piloto-de-transporte-rural-en-carreno\/\" \/>\n\t<meta name=\"generator\" content=\"All in One SEO Pro (AIOSEO) 4.9.6.2\" \/>\n\t\t<meta property=\"og:locale\" content=\"es_ES\" \/>\n\t\t<meta property=\"og:site_name\" content=\"Cand\u00e1s 365\" \/>\n\t\t<meta property=\"og:type\" content=\"article\" \/>\n\t\t<meta property=\"og:title\" content=\"Plan piloto de transporte rural en Carre\u00f1o | Cand\u00e1s 365\" \/>\n\t\t<meta property=\"og:description\" content=\"El pr\u00f3ximo s\u00e1bado, 7 de julio, se pondr\u00e1n en marcha dos nuevas l\u00edneas de Transporte P\u00fablico, como prueba piloto, para conectar las parroquias rurales, un d\u00eda a la semana, con Cand\u00e1s. Fruto del acuerdo de colaboraci\u00f3n entre el Ayuntamiento de Carre\u00f1o y el Consorcio de Transportes de Asturias, el Concejo de Carre\u00f1o formar\u00e1 parte del\" \/>\n\t\t<meta property=\"og:url\" content=\"https:\/\/candas365.es\/noticias\/plan-piloto-de-transporte-rural-en-carreno\/\" \/>\n\t\t<meta property=\"og:image\" content=\"https:\/\/candas365.es\/noticias\/wp-content\/uploads\/2015\/01\/ayuntamiento.jpg\" \/>\n\t\t<meta property=\"og:image:secure_url\" content=\"https:\/\/candas365.es\/noticias\/wp-content\/uploads\/2015\/01\/ayuntamiento.jpg\" \/>\n\t\t<meta property=\"og:image:width\" content=\"800\" \/>\n\t\t<meta property=\"og:image:height\" content=\"600\" \/>\n\t\t<meta property=\"article:published_time\" content=\"2018-06-24T10:50:09+00:00\" \/>\n\t\t<meta property=\"article:modified_time\" content=\"2018-06-24T10:50:09+00:00\" \/>\n\t\t<meta property=\"article:publisher\" content=\"https:\/\/www.facebook.com\/Nachofdezber\" \/>\n\t\t<meta property=\"article:author\" content=\"https:\/\/www.facebook.com\/carrenoactualidad\" \/>\n\t\t<meta name=\"twitter:card\" content=\"summary_large_image\" \/>\n\t\t<meta name=\"twitter:site\" content=\"@NabercoDigital\" \/>\n\t\t<meta name=\"twitter:title\" content=\"Plan piloto de transporte rural en Carre\u00f1o | Cand\u00e1s 365\" \/>\n\t\t<meta name=\"twitter:description\" content=\"El pr\u00f3ximo s\u00e1bado, 7 de julio, se pondr\u00e1n en marcha dos nuevas l\u00edneas de Transporte P\u00fablico, como prueba piloto, para conectar las parroquias rurales, un d\u00eda a la semana, con Cand\u00e1s. Fruto del acuerdo de colaboraci\u00f3n entre el Ayuntamiento de Carre\u00f1o y el Consorcio de Transportes de Asturias, el Concejo de Carre\u00f1o formar\u00e1 parte del\" \/>\n\t\t<meta name=\"twitter:creator\" content=\"@nbasturias\" \/>\n\t\t<meta name=\"twitter:image\" content=\"https:\/\/candas365.es\/noticias\/wp-content\/uploads\/2015\/01\/ayuntamiento.jpg\" \/>\n\t\t<meta name=\"twitter:label1\" content=\"Escrito por\" \/>\n\t\t<meta name=\"twitter:data1\" content=\"Cand\u00e1s 365\" \/>\n\t\t<meta name=\"twitter:label2\" content=\"Tiempo de lectura estimado\" \/>\n\t\t<meta name=\"twitter:data2\" content=\"4 minutos\" \/>\n\t\t<script type=\"application\/ld+json\" class=\"aioseo-schema\">\n\t\t\t{\"@context\":\"https:\\\/\\\/schema.org\",\"@graph\":[{\"@type\":\"BreadcrumbList\",\"@id\":\"https:\\\/\\\/candas365.es\\\/noticias\\\/plan-piloto-de-transporte-rural-en-carreno\\\/#breadcrumblist\",\"itemListElement\":[{\"@type\":\"ListItem\",\"@id\":\"https:\\\/\\\/candas365.es\\\/noticias#listItem\",\"position\":1,\"name\":\"Home\",\"item\":\"https:\\\/\\\/candas365.es\\\/noticias\",\"nextItem\":{\"@type\":\"ListItem\",\"@id\":\"https:\\\/\\\/candas365.es\\\/noticias\\\/category\\\/noticias-carreno\\\/#listItem\",\"name\":\"Noticias Carre\\u00f1o\"}},{\"@type\":\"ListItem\",\"@id\":\"https:\\\/\\\/candas365.es\\\/noticias\\\/category\\\/noticias-carreno\\\/#listItem\",\"position\":2,\"name\":\"Noticias Carre\\u00f1o\",\"item\":\"https:\\\/\\\/candas365.es\\\/noticias\\\/category\\\/noticias-carreno\\\/\",\"nextItem\":{\"@type\":\"ListItem\",\"@id\":\"https:\\\/\\\/candas365.es\\\/noticias\\\/plan-piloto-de-transporte-rural-en-carreno\\\/#listItem\",\"name\":\"Plan piloto de transporte rural en Carre\\u00f1o\"},\"previousItem\":{\"@type\":\"ListItem\",\"@id\":\"https:\\\/\\\/candas365.es\\\/noticias#listItem\",\"name\":\"Home\"}},{\"@type\":\"ListItem\",\"@id\":\"https:\\\/\\\/candas365.es\\\/noticias\\\/plan-piloto-de-transporte-rural-en-carreno\\\/#listItem\",\"position\":3,\"name\":\"Plan piloto de transporte rural en Carre\\u00f1o\",\"previousItem\":{\"@type\":\"ListItem\",\"@id\":\"https:\\\/\\\/candas365.es\\\/noticias\\\/category\\\/noticias-carreno\\\/#listItem\",\"name\":\"Noticias Carre\\u00f1o\"}}]},{\"@type\":\"NewsArticle\",\"@id\":\"https:\\\/\\\/candas365.es\\\/noticias\\\/plan-piloto-de-transporte-rural-en-carreno\\\/#newsarticle\",\"name\":\"Plan piloto de transporte rural en Carre\\u00f1o | Cand\\u00e1s 365\",\"headline\":\"Plan piloto de transporte rural en Carre\\u00f1o\",\"author\":{\"@id\":\"https:\\\/\\\/candas365.es\\\/noticias\\\/author\\\/admin\\\/#author\"},\"publisher\":{\"@id\":\"https:\\\/\\\/candas365.es\\\/noticias\\\/#organization\"},\"image\":{\"@type\":\"ImageObject\",\"url\":\"https:\\\/\\\/candas365.es\\\/noticias\\\/wp-content\\\/uploads\\\/2015\\\/01\\\/ayuntamiento.jpg\",\"width\":800,\"height\":600,\"caption\":\"Carre\\u00f1o\"},\"datePublished\":\"2018-06-24T10:50:09+02:00\",\"dateModified\":\"2018-06-24T10:50:09+02:00\",\"inLanguage\":\"es-ES\",\"mainEntityOfPage\":{\"@id\":\"https:\\\/\\\/candas365.es\\\/noticias\\\/plan-piloto-de-transporte-rural-en-carreno\\\/#webpage\"},\"isPartOf\":{\"@id\":\"https:\\\/\\\/candas365.es\\\/noticias\\\/plan-piloto-de-transporte-rural-en-carreno\\\/#webpage\"},\"articleSection\":\"Noticias Carre\\u00f1o\",\"dateline\":\"Publicado el junio 24, 2018.\"},{\"@type\":\"Organization\",\"@id\":\"https:\\\/\\\/candas365.es\\\/noticias\\\/#organization\",\"name\":\"Cand\\u00e1s 365\",\"description\":\"Cand\\u00e1s 365 es un diario digital independiente, fundado en 2012, con base en Asturias. Informamos con rigor sobre actualidad, sociedad, cultura y ocio, con una mirada local y global.\",\"url\":\"https:\\\/\\\/candas365.es\\\/noticias\\\/\",\"email\":\"info@candas365.es\",\"telephone\":\"+34652131393\",\"foundingDate\":\"2012-06-10\",\"logo\":{\"@type\":\"ImageObject\",\"url\":\"https:\\\/\\\/candas365.es\\\/noticias\\\/wp-content\\\/uploads\\\/2024\\\/09\\\/Candas-365-Redes.jpg\",\"@id\":\"https:\\\/\\\/candas365.es\\\/noticias\\\/plan-piloto-de-transporte-rural-en-carreno\\\/#organizationLogo\",\"width\":1152,\"height\":864,\"caption\":\"Cand\\u00e1s 365 Redes\"},\"image\":{\"@id\":\"https:\\\/\\\/candas365.es\\\/noticias\\\/plan-piloto-de-transporte-rural-en-carreno\\\/#organizationLogo\"},\"sameAs\":[\"https:\\\/\\\/www.facebook.com\\\/Nachofdezber\",\"https:\\\/\\\/x.com\\\/NabercoDigital\",\"https:\\\/\\\/www.instagram.com\\\/nachofdezber\\\/\",\"https:\\\/\\\/www.youtube.com\\\/channel\\\/UCZP-2wLEB9Rv6erhFmqVnvg\"],\"address\":{\"@id\":\"https:\\\/\\\/candas365.es\\\/noticias\\\/#postaladdress\",\"@type\":\"PostalAddress\",\"streetAddress\":\"san antonio 4, san antonio 4\",\"postalCode\":\"33430\",\"addressLocality\":\"Cand\\u00e1s\",\"addressRegion\":\"Asturias\",\"addressCountry\":\"ES\"}},{\"@type\":\"Person\",\"@id\":\"https:\\\/\\\/candas365.es\\\/noticias\\\/author\\\/admin\\\/#author\",\"url\":\"https:\\\/\\\/candas365.es\\\/noticias\\\/author\\\/admin\\\/\",\"name\":\"Cand\\u00e1s 365\",\"image\":{\"@type\":\"ImageObject\",\"@id\":\"https:\\\/\\\/candas365.es\\\/noticias\\\/plan-piloto-de-transporte-rural-en-carreno\\\/#authorImage\",\"url\":\"https:\\\/\\\/secure.gravatar.com\\\/avatar\\\/496a8e03d0c493ede1718b7934145dbdf8d89be1036b0eec9544e1094c9de390?s=96&d=mm&r=g\",\"width\":96,\"height\":96,\"caption\":\"Cand\\u00e1s 365\"},\"sameAs\":[\"https:\\\/\\\/www.facebook.com\\\/carrenoactualidad\",\"https:\\\/\\\/twitter.com\\\/nbasturias\",\"https:\\\/\\\/www.instagram.com\\\/nachofdezber\\\/\",\"https:\\\/\\\/www.youtube.com\\\/channel\\\/UCZP-2wLEB9Rv6erhFmqVnvg\"]},{\"@type\":\"WebPage\",\"@id\":\"https:\\\/\\\/candas365.es\\\/noticias\\\/plan-piloto-de-transporte-rural-en-carreno\\\/#webpage\",\"url\":\"https:\\\/\\\/candas365.es\\\/noticias\\\/plan-piloto-de-transporte-rural-en-carreno\\\/\",\"name\":\"Plan piloto de transporte rural en Carre\\u00f1o | Cand\\u00e1s 365\",\"description\":\"El pr\\u00f3ximo s\\u00e1bado, 7 de julio, se pondr\\u00e1n en marcha dos nuevas l\\u00edneas de Transporte P\\u00fablico, como prueba piloto, para conectar las parroquias rurales, un d\\u00eda a la semana, con Cand\\u00e1s. Fruto del acuerdo de colaboraci\\u00f3n entre el Ayuntamiento de Carre\\u00f1o y el Consorcio de Transportes de Asturias, el Concejo de Carre\\u00f1o formar\\u00e1 parte del\",\"inLanguage\":\"es-ES\",\"isPartOf\":{\"@id\":\"https:\\\/\\\/candas365.es\\\/noticias\\\/#website\"},\"breadcrumb\":{\"@id\":\"https:\\\/\\\/candas365.es\\\/noticias\\\/plan-piloto-de-transporte-rural-en-carreno\\\/#breadcrumblist\"},\"author\":{\"@id\":\"https:\\\/\\\/candas365.es\\\/noticias\\\/author\\\/admin\\\/#author\"},\"creator\":{\"@id\":\"https:\\\/\\\/candas365.es\\\/noticias\\\/author\\\/admin\\\/#author\"},\"image\":{\"@type\":\"ImageObject\",\"url\":\"https:\\\/\\\/candas365.es\\\/noticias\\\/wp-content\\\/uploads\\\/2015\\\/01\\\/ayuntamiento.jpg\",\"@id\":\"https:\\\/\\\/candas365.es\\\/noticias\\\/plan-piloto-de-transporte-rural-en-carreno\\\/#mainImage\",\"width\":800,\"height\":600,\"caption\":\"Carre\\u00f1o\"},\"primaryImageOfPage\":{\"@id\":\"https:\\\/\\\/candas365.es\\\/noticias\\\/plan-piloto-de-transporte-rural-en-carreno\\\/#mainImage\"},\"datePublished\":\"2018-06-24T10:50:09+02:00\",\"dateModified\":\"2018-06-24T10:50:09+02:00\"},{\"@type\":\"WebSite\",\"@id\":\"https:\\\/\\\/candas365.es\\\/noticias\\\/#website\",\"url\":\"https:\\\/\\\/candas365.es\\\/noticias\\\/\",\"name\":\"Cand\\u00e1s 365\",\"alternateName\":\"Cand\\u00e1s 365 Noticias\",\"description\":\"Actualidad desde Carre\\u00f1o para el mundo\",\"inLanguage\":\"es-ES\",\"publisher\":{\"@id\":\"https:\\\/\\\/candas365.es\\\/noticias\\\/#organization\"}}]}\n\t\t<\/script>\n\t\t<!-- All in One SEO Pro -->\r\n\t\t<title>Plan piloto de transporte rural en Carre\u00f1o | Cand\u00e1s 365<\/title>\n\n","aioseo_head_json":{"title":"Plan piloto de transporte rural en Carre\u00f1o | Cand\u00e1s 365","description":"El pr\u00f3ximo s\u00e1bado, 7 de julio, se pondr\u00e1n en marcha dos nuevas l\u00edneas de Transporte P\u00fablico, como prueba piloto, para conectar las parroquias rurales, un d\u00eda a la semana, con Cand\u00e1s. Fruto del acuerdo de colaboraci\u00f3n entre el Ayuntamiento de Carre\u00f1o y el Consorcio de Transportes de Asturias, el Concejo de Carre\u00f1o formar\u00e1 parte del","canonical_url":"https:\/\/candas365.es\/noticias\/plan-piloto-de-transporte-rural-en-carreno\/","robots":"max-image-preview:large","keywords":"noticias carre\u00f1o","webmasterTools":{"google-site-verification":"UA-32230408-1","msvalidate.01":"354F3CDFB2DA171B47FBE9ABF1F88D5","miscellaneous":""},"schema":{"@context":"https:\/\/schema.org","@graph":[{"@type":"BreadcrumbList","@id":"https:\/\/candas365.es\/noticias\/plan-piloto-de-transporte-rural-en-carreno\/#breadcrumblist","itemListElement":[{"@type":"ListItem","@id":"https:\/\/candas365.es\/noticias#listItem","position":1,"name":"Home","item":"https:\/\/candas365.es\/noticias","nextItem":{"@type":"ListItem","@id":"https:\/\/candas365.es\/noticias\/category\/noticias-carreno\/#listItem","name":"Noticias Carre\u00f1o"}},{"@type":"ListItem","@id":"https:\/\/candas365.es\/noticias\/category\/noticias-carreno\/#listItem","position":2,"name":"Noticias Carre\u00f1o","item":"https:\/\/candas365.es\/noticias\/category\/noticias-carreno\/","nextItem":{"@type":"ListItem","@id":"https:\/\/candas365.es\/noticias\/plan-piloto-de-transporte-rural-en-carreno\/#listItem","name":"Plan piloto de transporte rural en Carre\u00f1o"},"previousItem":{"@type":"ListItem","@id":"https:\/\/candas365.es\/noticias#listItem","name":"Home"}},{"@type":"ListItem","@id":"https:\/\/candas365.es\/noticias\/plan-piloto-de-transporte-rural-en-carreno\/#listItem","position":3,"name":"Plan piloto de transporte rural en Carre\u00f1o","previousItem":{"@type":"ListItem","@id":"https:\/\/candas365.es\/noticias\/category\/noticias-carreno\/#listItem","name":"Noticias Carre\u00f1o"}}]},{"@type":"NewsArticle","@id":"https:\/\/candas365.es\/noticias\/plan-piloto-de-transporte-rural-en-carreno\/#newsarticle","name":"Plan piloto de transporte rural en Carre\u00f1o | Cand\u00e1s 365","headline":"Plan piloto de transporte rural en Carre\u00f1o","author":{"@id":"https:\/\/candas365.es\/noticias\/author\/admin\/#author"},"publisher":{"@id":"https:\/\/candas365.es\/noticias\/#organization"},"image":{"@type":"ImageObject","url":"https:\/\/candas365.es\/noticias\/wp-content\/uploads\/2015\/01\/ayuntamiento.jpg","width":800,"height":600,"caption":"Carre\u00f1o"},"datePublished":"2018-06-24T10:50:09+02:00","dateModified":"2018-06-24T10:50:09+02:00","inLanguage":"es-ES","mainEntityOfPage":{"@id":"https:\/\/candas365.es\/noticias\/plan-piloto-de-transporte-rural-en-carreno\/#webpage"},"isPartOf":{"@id":"https:\/\/candas365.es\/noticias\/plan-piloto-de-transporte-rural-en-carreno\/#webpage"},"articleSection":"Noticias Carre\u00f1o","dateline":"Publicado el junio 24, 2018."},{"@type":"Organization","@id":"https:\/\/candas365.es\/noticias\/#organization","name":"Cand\u00e1s 365","description":"Cand\u00e1s 365 es un diario digital independiente, fundado en 2012, con base en Asturias. Informamos con rigor sobre actualidad, sociedad, cultura y ocio, con una mirada local y global.","url":"https:\/\/candas365.es\/noticias\/","email":"info@candas365.es","telephone":"+34652131393","foundingDate":"2012-06-10","logo":{"@type":"ImageObject","url":"https:\/\/candas365.es\/noticias\/wp-content\/uploads\/2024\/09\/Candas-365-Redes.jpg","@id":"https:\/\/candas365.es\/noticias\/plan-piloto-de-transporte-rural-en-carreno\/#organizationLogo","width":1152,"height":864,"caption":"Cand\u00e1s 365 Redes"},"image":{"@id":"https:\/\/candas365.es\/noticias\/plan-piloto-de-transporte-rural-en-carreno\/#organizationLogo"},"sameAs":["https:\/\/www.facebook.com\/Nachofdezber","https:\/\/x.com\/NabercoDigital","https:\/\/www.instagram.com\/nachofdezber\/","https:\/\/www.youtube.com\/channel\/UCZP-2wLEB9Rv6erhFmqVnvg"],"address":{"@id":"https:\/\/candas365.es\/noticias\/#postaladdress","@type":"PostalAddress","streetAddress":"san antonio 4, san antonio 4","postalCode":"33430","addressLocality":"Cand\u00e1s","addressRegion":"Asturias","addressCountry":"ES"}},{"@type":"Person","@id":"https:\/\/candas365.es\/noticias\/author\/admin\/#author","url":"https:\/\/candas365.es\/noticias\/author\/admin\/","name":"Cand\u00e1s 365","image":{"@type":"ImageObject","@id":"https:\/\/candas365.es\/noticias\/plan-piloto-de-transporte-rural-en-carreno\/#authorImage","url":"https:\/\/secure.gravatar.com\/avatar\/496a8e03d0c493ede1718b7934145dbdf8d89be1036b0eec9544e1094c9de390?s=96&d=mm&r=g","width":96,"height":96,"caption":"Cand\u00e1s 365"},"sameAs":["https:\/\/www.facebook.com\/carrenoactualidad","https:\/\/twitter.com\/nbasturias","https:\/\/www.instagram.com\/nachofdezber\/","https:\/\/www.youtube.com\/channel\/UCZP-2wLEB9Rv6erhFmqVnvg"]},{"@type":"WebPage","@id":"https:\/\/candas365.es\/noticias\/plan-piloto-de-transporte-rural-en-carreno\/#webpage","url":"https:\/\/candas365.es\/noticias\/plan-piloto-de-transporte-rural-en-carreno\/","name":"Plan piloto de transporte rural en Carre\u00f1o | Cand\u00e1s 365","description":"El pr\u00f3ximo s\u00e1bado, 7 de julio, se pondr\u00e1n en marcha dos nuevas l\u00edneas de Transporte P\u00fablico, como prueba piloto, para conectar las parroquias rurales, un d\u00eda a la semana, con Cand\u00e1s. Fruto del acuerdo de colaboraci\u00f3n entre el Ayuntamiento de Carre\u00f1o y el Consorcio de Transportes de Asturias, el Concejo de Carre\u00f1o formar\u00e1 parte del","inLanguage":"es-ES","isPartOf":{"@id":"https:\/\/candas365.es\/noticias\/#website"},"breadcrumb":{"@id":"https:\/\/candas365.es\/noticias\/plan-piloto-de-transporte-rural-en-carreno\/#breadcrumblist"},"author":{"@id":"https:\/\/candas365.es\/noticias\/author\/admin\/#author"},"creator":{"@id":"https:\/\/candas365.es\/noticias\/author\/admin\/#author"},"image":{"@type":"ImageObject","url":"https:\/\/candas365.es\/noticias\/wp-content\/uploads\/2015\/01\/ayuntamiento.jpg","@id":"https:\/\/candas365.es\/noticias\/plan-piloto-de-transporte-rural-en-carreno\/#mainImage","width":800,"height":600,"caption":"Carre\u00f1o"},"primaryImageOfPage":{"@id":"https:\/\/candas365.es\/noticias\/plan-piloto-de-transporte-rural-en-carreno\/#mainImage"},"datePublished":"2018-06-24T10:50:09+02:00","dateModified":"2018-06-24T10:50:09+02:00"},{"@type":"WebSite","@id":"https:\/\/candas365.es\/noticias\/#website","url":"https:\/\/candas365.es\/noticias\/","name":"Cand\u00e1s 365","alternateName":"Cand\u00e1s 365 Noticias","description":"Actualidad desde Carre\u00f1o para el mundo","inLanguage":"es-ES","publisher":{"@id":"https:\/\/candas365.es\/noticias\/#organization"}}]},"og:locale":"es_ES","og:site_name":"Cand\u00e1s 365","og:type":"article","og:title":"Plan piloto de transporte rural en Carre\u00f1o | Cand\u00e1s 365","og:description":"El pr\u00f3ximo s\u00e1bado, 7 de julio, se pondr\u00e1n en marcha dos nuevas l\u00edneas de Transporte P\u00fablico, como prueba piloto, para conectar las parroquias rurales, un d\u00eda a la semana, con Cand\u00e1s. Fruto del acuerdo de colaboraci\u00f3n entre el Ayuntamiento de Carre\u00f1o y el Consorcio de Transportes de Asturias, el Concejo de Carre\u00f1o formar\u00e1 parte del","og:url":"https:\/\/candas365.es\/noticias\/plan-piloto-de-transporte-rural-en-carreno\/","og:image":"https:\/\/candas365.es\/noticias\/wp-content\/uploads\/2015\/01\/ayuntamiento.jpg","og:image:secure_url":"https:\/\/candas365.es\/noticias\/wp-content\/uploads\/2015\/01\/ayuntamiento.jpg","og:image:width":800,"og:image:height":600,"article:published_time":"2018-06-24T10:50:09+00:00","article:modified_time":"2018-06-24T10:50:09+00:00","article:publisher":"https:\/\/www.facebook.com\/Nachofdezber","article:author":"https:\/\/www.facebook.com\/carrenoactualidad","twitter:card":"summary_large_image","twitter:site":"@NabercoDigital","twitter:title":"Plan piloto de transporte rural en Carre\u00f1o | Cand\u00e1s 365","twitter:description":"El pr\u00f3ximo s\u00e1bado, 7 de julio, se pondr\u00e1n en marcha dos nuevas l\u00edneas de Transporte P\u00fablico, como prueba piloto, para conectar las parroquias rurales, un d\u00eda a la semana, con Cand\u00e1s. Fruto del acuerdo de colaboraci\u00f3n entre el Ayuntamiento de Carre\u00f1o y el Consorcio de Transportes de Asturias, el Concejo de Carre\u00f1o formar\u00e1 parte del","twitter:creator":"@nbasturias","twitter:image":"https:\/\/candas365.es\/noticias\/wp-content\/uploads\/2015\/01\/ayuntamiento.jpg","twitter:label1":"Escrito por","twitter:data1":"Cand\u00e1s 365","twitter:label2":"Tiempo de lectura estimado","twitter:data2":"4 minutos"},"aioseo_meta_data":{"post_id":"98876","title":null,"description":null,"keywords":null,"keyphrases":null,"primary_term":null,"canonical_url":null,"og_title":null,"og_description":null,"og_object_type":"default","og_image_type":"default","og_image_url":null,"og_image_width":null,"og_image_height":null,"og_image_custom_url":null,"og_image_custom_fields":null,"og_video":null,"og_custom_url":null,"og_article_section":null,"og_article_tags":null,"twitter_use_og":false,"twitter_card":"default","twitter_image_type":"default","twitter_image_url":null,"twitter_image_custom_url":null,"twitter_image_custom_fields":null,"twitter_title":null,"twitter_description":null,"schema":{"blockGraphs":[],"customGraphs":[],"default":{"data":{"Article":[],"Course":[],"Dataset":[],"FAQPage":[],"Movie":[],"Person":[],"Product":[],"ProductReview":[],"Car":[],"Recipe":[],"Service":[],"SoftwareApplication":[],"WebPage":[]},"graphName":"","isEnabled":true},"graphs":[]},"schema_type":null,"schema_type_options":null,"pillar_content":false,"robots_default":true,"robots_noindex":false,"robots_noarchive":false,"robots_nosnippet":false,"robots_nofollow":false,"robots_noimageindex":false,"robots_noodp":false,"robots_notranslate":false,"robots_max_snippet":null,"robots_max_videopreview":null,"robots_max_imagepreview":"large","priority":null,"frequency":null,"location":null,"local_seo":null,"seo_analyzer_scan_date":"2025-08-27 04:39:57","breadcrumb_settings":null,"limit_modified_date":false,"reviewed_by":null,"open_ai":null,"ai":null,"created":"2020-12-21 11:49:55","updated":"2025-08-27 04:39:57"},"aioseo_breadcrumb":"<div class=\"aioseo-breadcrumbs\"><span class=\"aioseo-breadcrumb\">\n\t<a href=\"https:\/\/candas365.es\/noticias\" title=\"Home\">Home<\/a>\n<\/span><span class=\"aioseo-breadcrumb-separator\">&ndash;<\/span><span class=\"aioseo-breadcrumb\">\n\t<a href=\"https:\/\/candas365.es\/noticias\/category\/noticias-carreno\/\" title=\"Noticias Carre\u00f1o\">Noticias Carre\u00f1o<\/a>\n<\/span><span class=\"aioseo-breadcrumb-separator\">&ndash;<\/span><span class=\"aioseo-breadcrumb\">\n\tPlan piloto de transporte rural en Carre\u00f1o\n<\/span><\/div>","aioseo_breadcrumb_json":[{"label":"Home","link":"https:\/\/candas365.es\/noticias"},{"label":"Noticias Carre\u00f1o","link":"https:\/\/candas365.es\/noticias\/category\/noticias-carreno\/"},{"label":"Plan piloto de transporte rural en Carre\u00f1o","link":"https:\/\/candas365.es\/noticias\/plan-piloto-de-transporte-rural-en-carreno\/"}],"_links":{"self":[{"href":"https:\/\/candas365.es\/noticias\/wp-json\/wp\/v2\/posts\/98876","targetHints":{"allow":["GET"]}}],"collection":[{"href":"https:\/\/candas365.es\/noticias\/wp-json\/wp\/v2\/posts"}],"about":[{"href":"https:\/\/candas365.es\/noticias\/wp-json\/wp\/v2\/types\/post"}],"author":[{"embeddable":true,"href":"https:\/\/candas365.es\/noticias\/wp-json\/wp\/v2\/users\/1"}],"replies":[{"embeddable":true,"href":"https:\/\/candas365.es\/noticias\/wp-json\/wp\/v2\/comments?post=98876"}],"version-history":[{"count":0,"href":"https:\/\/candas365.es\/noticias\/wp-json\/wp\/v2\/posts\/98876\/revisions"}],"wp:featuredmedia":[{"embeddable":true,"href":"https:\/\/candas365.es\/noticias\/wp-json\/wp\/v2\/media\/6453"}],"wp:attachment":[{"href":"https:\/\/candas365.es\/noticias\/wp-json\/wp\/v2\/media?parent=98876"}],"wp:term":[{"taxonomy":"category","embeddable":true,"href":"https:\/\/candas365.es\/noticias\/wp-json\/wp\/v2\/categories?post=98876"},{"taxonomy":"post_tag","embeddable":true,"href":"https:\/\/candas365.es\/noticias\/wp-json\/wp\/v2\/tags?post=98876"}],"curies":[{"name":"wp","href":"https:\/\/api.w.org\/{rel}","templated":true}]}}