{"id":98866,"date":"2018-06-23T23:05:47","date_gmt":"2018-06-23T23:05:47","guid":{"rendered":"http:\/\/candas365.es\/noticias\/?p=98866"},"modified":"2018-06-23T23:05:47","modified_gmt":"2018-06-23T23:05:47","slug":"gp-de-francia-hamilton-logra-la-pole","status":"publish","type":"post","link":"https:\/\/candas365.es\/noticias\/gp-de-francia-hamilton-logra-la-pole\/","title":{"rendered":"GP de Francia: Hamilton logra la \u00abpole\u00bb"},"content":{"rendered":"<p><img fetchpriority=\"high\" decoding=\"async\" class=\"alignleft size-medium wp-image-91805\" src=\"https:\/\/candas365.es\/noticias\/wp-content\/uploads\/2018\/03\/formula-1-630147_1280-360x239.jpg\" alt=\"\" width=\"360\" height=\"239\" srcset=\"https:\/\/candas365.es\/noticias\/wp-content\/uploads\/2018\/03\/formula-1-630147_1280-360x239.jpg 360w, https:\/\/candas365.es\/noticias\/wp-content\/uploads\/2018\/03\/formula-1-630147_1280-696x463.jpg 696w, https:\/\/candas365.es\/noticias\/wp-content\/uploads\/2018\/03\/formula-1-630147_1280-1068x710.jpg 1068w, https:\/\/candas365.es\/noticias\/wp-content\/uploads\/2018\/03\/formula-1-630147_1280-632x420.jpg 632w, https:\/\/candas365.es\/noticias\/wp-content\/uploads\/2018\/03\/formula-1-630147_1280-768x511.jpg 768w, https:\/\/candas365.es\/noticias\/wp-content\/uploads\/2018\/03\/formula-1-630147_1280-655x435.jpg 655w, https:\/\/candas365.es\/noticias\/wp-content\/uploads\/2018\/03\/formula-1-630147_1280.jpg 1280w\" sizes=\"(max-width: 360px) 100vw, 360px\" \/>Le Castellet (Francia), 23 jun (dpa) &#8211; El brit\u00e1nico Lewis Hamilton logr\u00f3 hoy la \u00abpole position\u00bb en el Gran Premio de F\u00f3rmula 1 de Francia, que vuelve al calendario de la m\u00e1xima categor\u00eda del automovilismo despu\u00e9s de diez a\u00f1os de ausencia.<\/p>\n<p>El piloto ingl\u00e9s releg\u00f3 a la segunda plaza de la parrilla a su compa\u00f1ero de equipo en Mercedes, el finland\u00e9s Valtteri Bottas.<\/p>\n<p>El l\u00edder del campeonato, el alem\u00e1n Sebastian Vettel, tuvo que conformarse con el tercer puesto a bordo de su Ferrari.<\/p>\n<p>Hamilton, de 33 a\u00f1os, logr\u00f3 as\u00ed la \u00abpole position\u00bb n\u00famero 75 de su carrera. Con una victoria ma\u00f1ana en la octava cita del calendario, el brit\u00e1nico recuperar\u00eda el liderato del Mundial, en el que ahora est\u00e1 un punto por debajo de Vettel.<\/p>\n<p>\u00abEstar arriba es una gran se\u00f1al de equipo\u00bb, consider\u00f3 el brit\u00e1nico, que busca este a\u00f1o su quinto t\u00edtulo en la m\u00e1xima categor\u00eda. \u00abEl clima estuvo bien, (aunque) fue mejor a principios de la semana\u00bb, expres\u00f3 el vigente campe\u00f3n.<\/p>\n<p>\u00abEs genial volver a Francia. Es un lugar tan bello. Tuve una gran respuesta del p\u00fablico y estoy encantado de estar aqu\u00ed por primera vez\u00bb, dijo.<\/p>\n<p>La F\u00f3rmula 1 vuelve a Francia por primera vez en una d\u00e9cada y al circuito de Paul Ricard despu\u00e9s de 28 a\u00f1os.<\/p>\n<p>Hamilton saldr\u00e1 ma\u00f1ana sabiendo que Vettel apenas le saca una diferencia m\u00ednima y que el alem\u00e1n, adem\u00e1s, podr\u00eda ver amenazado su lugar por el holand\u00e9s Max Verstappen, que saldr\u00e1 cuarto.<\/p>\n<p>Vettel, no obstante, conf\u00eda en el rendimiento de su b\u00f3lido. \u00abDespu\u00e9s del primer intento, pens\u00e9: &#8216;con una vuelta maravillosa tenemos una posibilidad&#8217;, pero estoy feliz con el tercer lugar porque el coche deber\u00eda funcionar bien en carrera\u00bb, advirti\u00f3 el germano.<\/p>\n<p>En tanto, el australiano Daniel Ricciardo saldr\u00e1 quinto con el otro Red Bull, mientras que Kimi Raikkonen partir\u00e1 sexto con el segundo Ferrari.<\/p>\n<p>La falta de informaci\u00f3n hist\u00f3rica de los equipos sobre el trazado produjo que la lluvia hiciera m\u00e1s dif\u00edcil de lo habitual la configuraci\u00f3n de los coches.<\/p>\n<p>La Q1 comenz\u00f3 con una pista seca, pero la segunda ya tuvo reportes de llovizna, aunque el caudal tampoco aument\u00f3 y al final no jug\u00f3 un papel importante para decidir la \u00abpole\u00bb.<\/p>\n<p>Hamilton fue m\u00e1s r\u00e1pido en todas las sesiones y solo Bottas se acerc\u00f3. As\u00ed, Mercedes mostr\u00f3 que su nuevo motor, m\u00e1s potente, empieza a dar sus primeros resultados.<\/p>\n<p><i class=\"lang-es\"><span class=\" readonly\" title=\"\">Por Christian Hollmann (dpa)<\/span><\/i><\/p>\n","protected":false},"excerpt":{"rendered":"<p>Le Castellet (Francia), 23 jun (dpa) &#8211; El brit\u00e1nico Lewis Hamilton logr\u00f3 hoy la \u00abpole position\u00bb en el Gran Premio de F\u00f3rmula 1 de Francia, que vuelve al calendario de la m\u00e1xima categor\u00eda del automovilismo despu\u00e9s de diez a\u00f1os de ausencia. El piloto ingl\u00e9s releg\u00f3 a la segunda plaza de la parrilla a su compa\u00f1ero<\/p>\n","protected":false},"author":1,"featured_media":91805,"comment_status":"closed","ping_status":"closed","sticky":false,"template":"","format":"standard","meta":{"footnotes":""},"categories":[319],"tags":[],"class_list":{"0":"post-98866","1":"post","2":"type-post","3":"status-publish","4":"format-standard","5":"has-post-thumbnail","7":"category-deporte"},"aioseo_notices":[],"aioseo_head":"\n\t\t<!-- All in One SEO Pro 4.9.6.2 - aioseo.com -->\n\t<meta name=\"description\" content=\"Le Castellet (Francia), 23 jun (dpa) - El brit\u00e1nico Lewis Hamilton logr\u00f3 hoy la &quot;pole position&quot; en el Gran Premio de F\u00f3rmula 1 de Francia, que vuelve al calendario de la m\u00e1xima categor\u00eda del automovilismo despu\u00e9s de diez a\u00f1os de ausencia. El piloto ingl\u00e9s releg\u00f3 a la segunda plaza de la parrilla a su compa\u00f1ero\" \/>\n\t<meta name=\"robots\" content=\"max-image-preview:large\" \/>\n\t<meta name=\"author\" content=\"Cand\u00e1s 365\"\/>\n\t<meta name=\"google-site-verification\" content=\"UA-32230408-1\" \/>\n\t<meta name=\"msvalidate.01\" content=\"354F3CDFB2DA171B47FBE9ABF1F88D5\" \/>\n\t<meta name=\"keywords\" content=\"deporte\" \/>\n\t<link rel=\"canonical\" href=\"https:\/\/candas365.es\/noticias\/gp-de-francia-hamilton-logra-la-pole\/\" \/>\n\t<meta name=\"generator\" content=\"All in One SEO Pro (AIOSEO) 4.9.6.2\" \/>\n\t\t<meta property=\"og:locale\" content=\"es_ES\" \/>\n\t\t<meta property=\"og:site_name\" content=\"Cand\u00e1s 365\" \/>\n\t\t<meta property=\"og:type\" content=\"article\" \/>\n\t\t<meta property=\"og:title\" content=\"GP de Francia: Hamilton logra la \u00abpole\u00bb | Cand\u00e1s 365\" \/>\n\t\t<meta property=\"og:description\" content=\"Le Castellet (Francia), 23 jun (dpa) - El brit\u00e1nico Lewis Hamilton logr\u00f3 hoy la &quot;pole position&quot; en el Gran Premio de F\u00f3rmula 1 de Francia, que vuelve al calendario de la m\u00e1xima categor\u00eda del automovilismo despu\u00e9s de diez a\u00f1os de ausencia. El piloto ingl\u00e9s releg\u00f3 a la segunda plaza de la parrilla a su compa\u00f1ero\" \/>\n\t\t<meta property=\"og:url\" content=\"https:\/\/candas365.es\/noticias\/gp-de-francia-hamilton-logra-la-pole\/\" \/>\n\t\t<meta property=\"og:image\" content=\"https:\/\/candas365.es\/noticias\/wp-content\/uploads\/2018\/03\/formula-1-630147_1280.jpg\" \/>\n\t\t<meta property=\"og:image:secure_url\" content=\"https:\/\/candas365.es\/noticias\/wp-content\/uploads\/2018\/03\/formula-1-630147_1280.jpg\" \/>\n\t\t<meta property=\"og:image:width\" content=\"1280\" \/>\n\t\t<meta property=\"og:image:height\" content=\"851\" \/>\n\t\t<meta property=\"article:published_time\" content=\"2018-06-23T23:05:47+00:00\" \/>\n\t\t<meta property=\"article:modified_time\" content=\"2018-06-23T23:05:47+00:00\" \/>\n\t\t<meta property=\"article:publisher\" content=\"https:\/\/www.facebook.com\/Nachofdezber\" \/>\n\t\t<meta property=\"article:author\" content=\"https:\/\/www.facebook.com\/carrenoactualidad\" \/>\n\t\t<meta name=\"twitter:card\" content=\"summary_large_image\" \/>\n\t\t<meta name=\"twitter:site\" content=\"@NabercoDigital\" \/>\n\t\t<meta name=\"twitter:title\" content=\"GP de Francia: Hamilton logra la \u00abpole\u00bb | Cand\u00e1s 365\" \/>\n\t\t<meta name=\"twitter:description\" content=\"Le Castellet (Francia), 23 jun (dpa) - El brit\u00e1nico Lewis Hamilton logr\u00f3 hoy la &quot;pole position&quot; en el Gran Premio de F\u00f3rmula 1 de Francia, que vuelve al calendario de la m\u00e1xima categor\u00eda del automovilismo despu\u00e9s de diez a\u00f1os de ausencia. El piloto ingl\u00e9s releg\u00f3 a la segunda plaza de la parrilla a su compa\u00f1ero\" \/>\n\t\t<meta name=\"twitter:creator\" content=\"@nbasturias\" \/>\n\t\t<meta name=\"twitter:image\" content=\"https:\/\/candas365.es\/noticias\/wp-content\/uploads\/2018\/03\/formula-1-630147_1280.jpg\" \/>\n\t\t<meta name=\"twitter:label1\" content=\"Escrito por\" \/>\n\t\t<meta name=\"twitter:data1\" content=\"Cand\u00e1s 365\" \/>\n\t\t<meta name=\"twitter:label2\" content=\"Tiempo de lectura estimado\" \/>\n\t\t<meta name=\"twitter:data2\" content=\"2 minutos\" \/>\n\t\t<script type=\"application\/ld+json\" class=\"aioseo-schema\">\n\t\t\t{\"@context\":\"https:\\\/\\\/schema.org\",\"@graph\":[{\"@type\":\"BreadcrumbList\",\"@id\":\"https:\\\/\\\/candas365.es\\\/noticias\\\/gp-de-francia-hamilton-logra-la-pole\\\/#breadcrumblist\",\"itemListElement\":[{\"@type\":\"ListItem\",\"@id\":\"https:\\\/\\\/candas365.es\\\/noticias#listItem\",\"position\":1,\"name\":\"Home\",\"item\":\"https:\\\/\\\/candas365.es\\\/noticias\",\"nextItem\":{\"@type\":\"ListItem\",\"@id\":\"https:\\\/\\\/candas365.es\\\/noticias\\\/category\\\/deporte\\\/#listItem\",\"name\":\"Deporte\"}},{\"@type\":\"ListItem\",\"@id\":\"https:\\\/\\\/candas365.es\\\/noticias\\\/category\\\/deporte\\\/#listItem\",\"position\":2,\"name\":\"Deporte\",\"item\":\"https:\\\/\\\/candas365.es\\\/noticias\\\/category\\\/deporte\\\/\",\"nextItem\":{\"@type\":\"ListItem\",\"@id\":\"https:\\\/\\\/candas365.es\\\/noticias\\\/gp-de-francia-hamilton-logra-la-pole\\\/#listItem\",\"name\":\"GP de Francia: Hamilton logra la \\u00abpole\\u00bb\"},\"previousItem\":{\"@type\":\"ListItem\",\"@id\":\"https:\\\/\\\/candas365.es\\\/noticias#listItem\",\"name\":\"Home\"}},{\"@type\":\"ListItem\",\"@id\":\"https:\\\/\\\/candas365.es\\\/noticias\\\/gp-de-francia-hamilton-logra-la-pole\\\/#listItem\",\"position\":3,\"name\":\"GP de Francia: Hamilton logra la \\u00abpole\\u00bb\",\"previousItem\":{\"@type\":\"ListItem\",\"@id\":\"https:\\\/\\\/candas365.es\\\/noticias\\\/category\\\/deporte\\\/#listItem\",\"name\":\"Deporte\"}}]},{\"@type\":\"NewsArticle\",\"@id\":\"https:\\\/\\\/candas365.es\\\/noticias\\\/gp-de-francia-hamilton-logra-la-pole\\\/#newsarticle\",\"name\":\"GP de Francia: Hamilton logra la \\u00abpole\\u00bb | Cand\\u00e1s 365\",\"headline\":\"GP de Francia: Hamilton logra la \\u00abpole\\u00bb\",\"author\":{\"@id\":\"https:\\\/\\\/candas365.es\\\/noticias\\\/author\\\/admin\\\/#author\"},\"publisher\":{\"@id\":\"https:\\\/\\\/candas365.es\\\/noticias\\\/#organization\"},\"image\":{\"@type\":\"ImageObject\",\"url\":\"https:\\\/\\\/candas365.es\\\/noticias\\\/wp-content\\\/uploads\\\/2018\\\/03\\\/formula-1-630147_1280.jpg\",\"width\":1280,\"height\":851},\"datePublished\":\"2018-06-23T23:05:47+02:00\",\"dateModified\":\"2018-06-23T23:05:47+02:00\",\"inLanguage\":\"es-ES\",\"mainEntityOfPage\":{\"@id\":\"https:\\\/\\\/candas365.es\\\/noticias\\\/gp-de-francia-hamilton-logra-la-pole\\\/#webpage\"},\"isPartOf\":{\"@id\":\"https:\\\/\\\/candas365.es\\\/noticias\\\/gp-de-francia-hamilton-logra-la-pole\\\/#webpage\"},\"articleSection\":\"Deporte\",\"dateline\":\"Publicado el junio 23, 2018.\"},{\"@type\":\"Organization\",\"@id\":\"https:\\\/\\\/candas365.es\\\/noticias\\\/#organization\",\"name\":\"Cand\\u00e1s 365\",\"description\":\"Cand\\u00e1s 365 es un diario digital independiente, fundado en 2012, con base en Asturias. Informamos con rigor sobre actualidad, sociedad, cultura y ocio, con una mirada local y global.\",\"url\":\"https:\\\/\\\/candas365.es\\\/noticias\\\/\",\"email\":\"info@candas365.es\",\"telephone\":\"+34652131393\",\"foundingDate\":\"2012-06-10\",\"logo\":{\"@type\":\"ImageObject\",\"url\":\"https:\\\/\\\/candas365.es\\\/noticias\\\/wp-content\\\/uploads\\\/2024\\\/09\\\/Candas-365-Redes.jpg\",\"@id\":\"https:\\\/\\\/candas365.es\\\/noticias\\\/gp-de-francia-hamilton-logra-la-pole\\\/#organizationLogo\",\"width\":1152,\"height\":864,\"caption\":\"Cand\\u00e1s 365 Redes\"},\"image\":{\"@id\":\"https:\\\/\\\/candas365.es\\\/noticias\\\/gp-de-francia-hamilton-logra-la-pole\\\/#organizationLogo\"},\"sameAs\":[\"https:\\\/\\\/www.facebook.com\\\/Nachofdezber\",\"https:\\\/\\\/x.com\\\/NabercoDigital\",\"https:\\\/\\\/www.instagram.com\\\/nachofdezber\\\/\",\"https:\\\/\\\/www.youtube.com\\\/channel\\\/UCZP-2wLEB9Rv6erhFmqVnvg\"],\"address\":{\"@id\":\"https:\\\/\\\/candas365.es\\\/noticias\\\/#postaladdress\",\"@type\":\"PostalAddress\",\"streetAddress\":\"san antonio 4, san antonio 4\",\"postalCode\":\"33430\",\"addressLocality\":\"Cand\\u00e1s\",\"addressRegion\":\"Asturias\",\"addressCountry\":\"ES\"}},{\"@type\":\"Person\",\"@id\":\"https:\\\/\\\/candas365.es\\\/noticias\\\/author\\\/admin\\\/#author\",\"url\":\"https:\\\/\\\/candas365.es\\\/noticias\\\/author\\\/admin\\\/\",\"name\":\"Cand\\u00e1s 365\",\"image\":{\"@type\":\"ImageObject\",\"@id\":\"https:\\\/\\\/candas365.es\\\/noticias\\\/gp-de-francia-hamilton-logra-la-pole\\\/#authorImage\",\"url\":\"https:\\\/\\\/secure.gravatar.com\\\/avatar\\\/496a8e03d0c493ede1718b7934145dbdf8d89be1036b0eec9544e1094c9de390?s=96&d=mm&r=g\",\"width\":96,\"height\":96,\"caption\":\"Cand\\u00e1s 365\"},\"sameAs\":[\"https:\\\/\\\/www.facebook.com\\\/carrenoactualidad\",\"https:\\\/\\\/twitter.com\\\/nbasturias\",\"https:\\\/\\\/www.instagram.com\\\/nachofdezber\\\/\",\"https:\\\/\\\/www.youtube.com\\\/channel\\\/UCZP-2wLEB9Rv6erhFmqVnvg\"]},{\"@type\":\"WebPage\",\"@id\":\"https:\\\/\\\/candas365.es\\\/noticias\\\/gp-de-francia-hamilton-logra-la-pole\\\/#webpage\",\"url\":\"https:\\\/\\\/candas365.es\\\/noticias\\\/gp-de-francia-hamilton-logra-la-pole\\\/\",\"name\":\"GP de Francia: Hamilton logra la \\u00abpole\\u00bb | Cand\\u00e1s 365\",\"description\":\"Le Castellet (Francia), 23 jun (dpa) - El brit\\u00e1nico Lewis Hamilton logr\\u00f3 hoy la \\\"pole position\\\" en el Gran Premio de F\\u00f3rmula 1 de Francia, que vuelve al calendario de la m\\u00e1xima categor\\u00eda del automovilismo despu\\u00e9s de diez a\\u00f1os de ausencia. El piloto ingl\\u00e9s releg\\u00f3 a la segunda plaza de la parrilla a su compa\\u00f1ero\",\"inLanguage\":\"es-ES\",\"isPartOf\":{\"@id\":\"https:\\\/\\\/candas365.es\\\/noticias\\\/#website\"},\"breadcrumb\":{\"@id\":\"https:\\\/\\\/candas365.es\\\/noticias\\\/gp-de-francia-hamilton-logra-la-pole\\\/#breadcrumblist\"},\"author\":{\"@id\":\"https:\\\/\\\/candas365.es\\\/noticias\\\/author\\\/admin\\\/#author\"},\"creator\":{\"@id\":\"https:\\\/\\\/candas365.es\\\/noticias\\\/author\\\/admin\\\/#author\"},\"image\":{\"@type\":\"ImageObject\",\"url\":\"https:\\\/\\\/candas365.es\\\/noticias\\\/wp-content\\\/uploads\\\/2018\\\/03\\\/formula-1-630147_1280.jpg\",\"@id\":\"https:\\\/\\\/candas365.es\\\/noticias\\\/gp-de-francia-hamilton-logra-la-pole\\\/#mainImage\",\"width\":1280,\"height\":851},\"primaryImageOfPage\":{\"@id\":\"https:\\\/\\\/candas365.es\\\/noticias\\\/gp-de-francia-hamilton-logra-la-pole\\\/#mainImage\"},\"datePublished\":\"2018-06-23T23:05:47+02:00\",\"dateModified\":\"2018-06-23T23:05:47+02:00\"},{\"@type\":\"WebSite\",\"@id\":\"https:\\\/\\\/candas365.es\\\/noticias\\\/#website\",\"url\":\"https:\\\/\\\/candas365.es\\\/noticias\\\/\",\"name\":\"Cand\\u00e1s 365\",\"alternateName\":\"Cand\\u00e1s 365 Noticias\",\"description\":\"Actualidad desde Carre\\u00f1o para el mundo\",\"inLanguage\":\"es-ES\",\"publisher\":{\"@id\":\"https:\\\/\\\/candas365.es\\\/noticias\\\/#organization\"}}]}\n\t\t<\/script>\n\t\t<!-- All in One SEO Pro -->\r\n\t\t<title>GP de Francia: Hamilton logra la \u00abpole\u00bb | Cand\u00e1s 365<\/title>\n\n","aioseo_head_json":{"title":"GP de Francia: Hamilton logra la \u00abpole\u00bb | Cand\u00e1s 365","description":"Le Castellet (Francia), 23 jun (dpa) - El brit\u00e1nico Lewis Hamilton logr\u00f3 hoy la \"pole position\" en el Gran Premio de F\u00f3rmula 1 de Francia, que vuelve al calendario de la m\u00e1xima categor\u00eda del automovilismo despu\u00e9s de diez a\u00f1os de ausencia. El piloto ingl\u00e9s releg\u00f3 a la segunda plaza de la parrilla a su compa\u00f1ero","canonical_url":"https:\/\/candas365.es\/noticias\/gp-de-francia-hamilton-logra-la-pole\/","robots":"max-image-preview:large","keywords":"deporte","webmasterTools":{"google-site-verification":"UA-32230408-1","msvalidate.01":"354F3CDFB2DA171B47FBE9ABF1F88D5","miscellaneous":""},"schema":{"@context":"https:\/\/schema.org","@graph":[{"@type":"BreadcrumbList","@id":"https:\/\/candas365.es\/noticias\/gp-de-francia-hamilton-logra-la-pole\/#breadcrumblist","itemListElement":[{"@type":"ListItem","@id":"https:\/\/candas365.es\/noticias#listItem","position":1,"name":"Home","item":"https:\/\/candas365.es\/noticias","nextItem":{"@type":"ListItem","@id":"https:\/\/candas365.es\/noticias\/category\/deporte\/#listItem","name":"Deporte"}},{"@type":"ListItem","@id":"https:\/\/candas365.es\/noticias\/category\/deporte\/#listItem","position":2,"name":"Deporte","item":"https:\/\/candas365.es\/noticias\/category\/deporte\/","nextItem":{"@type":"ListItem","@id":"https:\/\/candas365.es\/noticias\/gp-de-francia-hamilton-logra-la-pole\/#listItem","name":"GP de Francia: Hamilton logra la \u00abpole\u00bb"},"previousItem":{"@type":"ListItem","@id":"https:\/\/candas365.es\/noticias#listItem","name":"Home"}},{"@type":"ListItem","@id":"https:\/\/candas365.es\/noticias\/gp-de-francia-hamilton-logra-la-pole\/#listItem","position":3,"name":"GP de Francia: Hamilton logra la \u00abpole\u00bb","previousItem":{"@type":"ListItem","@id":"https:\/\/candas365.es\/noticias\/category\/deporte\/#listItem","name":"Deporte"}}]},{"@type":"NewsArticle","@id":"https:\/\/candas365.es\/noticias\/gp-de-francia-hamilton-logra-la-pole\/#newsarticle","name":"GP de Francia: Hamilton logra la \u00abpole\u00bb | Cand\u00e1s 365","headline":"GP de Francia: Hamilton logra la \u00abpole\u00bb","author":{"@id":"https:\/\/candas365.es\/noticias\/author\/admin\/#author"},"publisher":{"@id":"https:\/\/candas365.es\/noticias\/#organization"},"image":{"@type":"ImageObject","url":"https:\/\/candas365.es\/noticias\/wp-content\/uploads\/2018\/03\/formula-1-630147_1280.jpg","width":1280,"height":851},"datePublished":"2018-06-23T23:05:47+02:00","dateModified":"2018-06-23T23:05:47+02:00","inLanguage":"es-ES","mainEntityOfPage":{"@id":"https:\/\/candas365.es\/noticias\/gp-de-francia-hamilton-logra-la-pole\/#webpage"},"isPartOf":{"@id":"https:\/\/candas365.es\/noticias\/gp-de-francia-hamilton-logra-la-pole\/#webpage"},"articleSection":"Deporte","dateline":"Publicado el junio 23, 2018."},{"@type":"Organization","@id":"https:\/\/candas365.es\/noticias\/#organization","name":"Cand\u00e1s 365","description":"Cand\u00e1s 365 es un diario digital independiente, fundado en 2012, con base en Asturias. Informamos con rigor sobre actualidad, sociedad, cultura y ocio, con una mirada local y global.","url":"https:\/\/candas365.es\/noticias\/","email":"info@candas365.es","telephone":"+34652131393","foundingDate":"2012-06-10","logo":{"@type":"ImageObject","url":"https:\/\/candas365.es\/noticias\/wp-content\/uploads\/2024\/09\/Candas-365-Redes.jpg","@id":"https:\/\/candas365.es\/noticias\/gp-de-francia-hamilton-logra-la-pole\/#organizationLogo","width":1152,"height":864,"caption":"Cand\u00e1s 365 Redes"},"image":{"@id":"https:\/\/candas365.es\/noticias\/gp-de-francia-hamilton-logra-la-pole\/#organizationLogo"},"sameAs":["https:\/\/www.facebook.com\/Nachofdezber","https:\/\/x.com\/NabercoDigital","https:\/\/www.instagram.com\/nachofdezber\/","https:\/\/www.youtube.com\/channel\/UCZP-2wLEB9Rv6erhFmqVnvg"],"address":{"@id":"https:\/\/candas365.es\/noticias\/#postaladdress","@type":"PostalAddress","streetAddress":"san antonio 4, san antonio 4","postalCode":"33430","addressLocality":"Cand\u00e1s","addressRegion":"Asturias","addressCountry":"ES"}},{"@type":"Person","@id":"https:\/\/candas365.es\/noticias\/author\/admin\/#author","url":"https:\/\/candas365.es\/noticias\/author\/admin\/","name":"Cand\u00e1s 365","image":{"@type":"ImageObject","@id":"https:\/\/candas365.es\/noticias\/gp-de-francia-hamilton-logra-la-pole\/#authorImage","url":"https:\/\/secure.gravatar.com\/avatar\/496a8e03d0c493ede1718b7934145dbdf8d89be1036b0eec9544e1094c9de390?s=96&d=mm&r=g","width":96,"height":96,"caption":"Cand\u00e1s 365"},"sameAs":["https:\/\/www.facebook.com\/carrenoactualidad","https:\/\/twitter.com\/nbasturias","https:\/\/www.instagram.com\/nachofdezber\/","https:\/\/www.youtube.com\/channel\/UCZP-2wLEB9Rv6erhFmqVnvg"]},{"@type":"WebPage","@id":"https:\/\/candas365.es\/noticias\/gp-de-francia-hamilton-logra-la-pole\/#webpage","url":"https:\/\/candas365.es\/noticias\/gp-de-francia-hamilton-logra-la-pole\/","name":"GP de Francia: Hamilton logra la \u00abpole\u00bb | Cand\u00e1s 365","description":"Le Castellet (Francia), 23 jun (dpa) - El brit\u00e1nico Lewis Hamilton logr\u00f3 hoy la \"pole position\" en el Gran Premio de F\u00f3rmula 1 de Francia, que vuelve al calendario de la m\u00e1xima categor\u00eda del automovilismo despu\u00e9s de diez a\u00f1os de ausencia. El piloto ingl\u00e9s releg\u00f3 a la segunda plaza de la parrilla a su compa\u00f1ero","inLanguage":"es-ES","isPartOf":{"@id":"https:\/\/candas365.es\/noticias\/#website"},"breadcrumb":{"@id":"https:\/\/candas365.es\/noticias\/gp-de-francia-hamilton-logra-la-pole\/#breadcrumblist"},"author":{"@id":"https:\/\/candas365.es\/noticias\/author\/admin\/#author"},"creator":{"@id":"https:\/\/candas365.es\/noticias\/author\/admin\/#author"},"image":{"@type":"ImageObject","url":"https:\/\/candas365.es\/noticias\/wp-content\/uploads\/2018\/03\/formula-1-630147_1280.jpg","@id":"https:\/\/candas365.es\/noticias\/gp-de-francia-hamilton-logra-la-pole\/#mainImage","width":1280,"height":851},"primaryImageOfPage":{"@id":"https:\/\/candas365.es\/noticias\/gp-de-francia-hamilton-logra-la-pole\/#mainImage"},"datePublished":"2018-06-23T23:05:47+02:00","dateModified":"2018-06-23T23:05:47+02:00"},{"@type":"WebSite","@id":"https:\/\/candas365.es\/noticias\/#website","url":"https:\/\/candas365.es\/noticias\/","name":"Cand\u00e1s 365","alternateName":"Cand\u00e1s 365 Noticias","description":"Actualidad desde Carre\u00f1o para el mundo","inLanguage":"es-ES","publisher":{"@id":"https:\/\/candas365.es\/noticias\/#organization"}}]},"og:locale":"es_ES","og:site_name":"Cand\u00e1s 365","og:type":"article","og:title":"GP de Francia: Hamilton logra la \u00abpole\u00bb | Cand\u00e1s 365","og:description":"Le Castellet (Francia), 23 jun (dpa) - El brit\u00e1nico Lewis Hamilton logr\u00f3 hoy la &quot;pole position&quot; en el Gran Premio de F\u00f3rmula 1 de Francia, que vuelve al calendario de la m\u00e1xima categor\u00eda del automovilismo despu\u00e9s de diez a\u00f1os de ausencia. El piloto ingl\u00e9s releg\u00f3 a la segunda plaza de la parrilla a su compa\u00f1ero","og:url":"https:\/\/candas365.es\/noticias\/gp-de-francia-hamilton-logra-la-pole\/","og:image":"https:\/\/candas365.es\/noticias\/wp-content\/uploads\/2018\/03\/formula-1-630147_1280.jpg","og:image:secure_url":"https:\/\/candas365.es\/noticias\/wp-content\/uploads\/2018\/03\/formula-1-630147_1280.jpg","og:image:width":1280,"og:image:height":851,"article:published_time":"2018-06-23T23:05:47+00:00","article:modified_time":"2018-06-23T23:05:47+00:00","article:publisher":"https:\/\/www.facebook.com\/Nachofdezber","article:author":"https:\/\/www.facebook.com\/carrenoactualidad","twitter:card":"summary_large_image","twitter:site":"@NabercoDigital","twitter:title":"GP de Francia: Hamilton logra la \u00abpole\u00bb | Cand\u00e1s 365","twitter:description":"Le Castellet (Francia), 23 jun (dpa) - El brit\u00e1nico Lewis Hamilton logr\u00f3 hoy la &quot;pole position&quot; en el Gran Premio de F\u00f3rmula 1 de Francia, que vuelve al calendario de la m\u00e1xima categor\u00eda del automovilismo despu\u00e9s de diez a\u00f1os de ausencia. El piloto ingl\u00e9s releg\u00f3 a la segunda plaza de la parrilla a su compa\u00f1ero","twitter:creator":"@nbasturias","twitter:image":"https:\/\/candas365.es\/noticias\/wp-content\/uploads\/2018\/03\/formula-1-630147_1280.jpg","twitter:label1":"Escrito por","twitter:data1":"Cand\u00e1s 365","twitter:label2":"Tiempo de lectura estimado","twitter:data2":"2 minutos"},"aioseo_meta_data":{"post_id":"98866","title":null,"description":null,"keywords":null,"keyphrases":null,"primary_term":null,"canonical_url":null,"og_title":null,"og_description":null,"og_object_type":"default","og_image_type":"default","og_image_url":null,"og_image_width":null,"og_image_height":null,"og_image_custom_url":null,"og_image_custom_fields":null,"og_video":null,"og_custom_url":null,"og_article_section":null,"og_article_tags":null,"twitter_use_og":false,"twitter_card":"default","twitter_image_type":"default","twitter_image_url":null,"twitter_image_custom_url":null,"twitter_image_custom_fields":null,"twitter_title":null,"twitter_description":null,"schema":{"blockGraphs":[],"customGraphs":[],"default":{"data":{"Article":[],"Course":[],"Dataset":[],"FAQPage":[],"Movie":[],"Person":[],"Product":[],"ProductReview":[],"Car":[],"Recipe":[],"Service":[],"SoftwareApplication":[],"WebPage":[]},"graphName":"","isEnabled":true},"graphs":[]},"schema_type":null,"schema_type_options":null,"pillar_content":false,"robots_default":true,"robots_noindex":false,"robots_noarchive":false,"robots_nosnippet":false,"robots_nofollow":false,"robots_noimageindex":false,"robots_noodp":false,"robots_notranslate":false,"robots_max_snippet":null,"robots_max_videopreview":null,"robots_max_imagepreview":"large","priority":null,"frequency":null,"location":null,"local_seo":null,"seo_analyzer_scan_date":"2025-08-27 04:38:08","breadcrumb_settings":null,"limit_modified_date":false,"reviewed_by":null,"open_ai":null,"ai":null,"created":"2020-12-21 11:49:55","updated":"2025-08-27 04:38:08"},"aioseo_breadcrumb":"<div class=\"aioseo-breadcrumbs\"><span class=\"aioseo-breadcrumb\">\n\t<a href=\"https:\/\/candas365.es\/noticias\" title=\"Home\">Home<\/a>\n<\/span><span class=\"aioseo-breadcrumb-separator\">&ndash;<\/span><span class=\"aioseo-breadcrumb\">\n\t<a href=\"https:\/\/candas365.es\/noticias\/category\/deporte\/\" title=\"Deporte\">Deporte<\/a>\n<\/span><span class=\"aioseo-breadcrumb-separator\">&ndash;<\/span><span class=\"aioseo-breadcrumb\">\n\tGP de Francia: Hamilton logra la \u00abpole\u00bb\n<\/span><\/div>","aioseo_breadcrumb_json":[{"label":"Home","link":"https:\/\/candas365.es\/noticias"},{"label":"Deporte","link":"https:\/\/candas365.es\/noticias\/category\/deporte\/"},{"label":"GP de Francia: Hamilton logra la \u00abpole\u00bb","link":"https:\/\/candas365.es\/noticias\/gp-de-francia-hamilton-logra-la-pole\/"}],"_links":{"self":[{"href":"https:\/\/candas365.es\/noticias\/wp-json\/wp\/v2\/posts\/98866","targetHints":{"allow":["GET"]}}],"collection":[{"href":"https:\/\/candas365.es\/noticias\/wp-json\/wp\/v2\/posts"}],"about":[{"href":"https:\/\/candas365.es\/noticias\/wp-json\/wp\/v2\/types\/post"}],"author":[{"embeddable":true,"href":"https:\/\/candas365.es\/noticias\/wp-json\/wp\/v2\/users\/1"}],"replies":[{"embeddable":true,"href":"https:\/\/candas365.es\/noticias\/wp-json\/wp\/v2\/comments?post=98866"}],"version-history":[{"count":0,"href":"https:\/\/candas365.es\/noticias\/wp-json\/wp\/v2\/posts\/98866\/revisions"}],"wp:featuredmedia":[{"embeddable":true,"href":"https:\/\/candas365.es\/noticias\/wp-json\/wp\/v2\/media\/91805"}],"wp:attachment":[{"href":"https:\/\/candas365.es\/noticias\/wp-json\/wp\/v2\/media?parent=98866"}],"wp:term":[{"taxonomy":"category","embeddable":true,"href":"https:\/\/candas365.es\/noticias\/wp-json\/wp\/v2\/categories?post=98866"},{"taxonomy":"post_tag","embeddable":true,"href":"https:\/\/candas365.es\/noticias\/wp-json\/wp\/v2\/tags?post=98866"}],"curies":[{"name":"wp","href":"https:\/\/api.w.org\/{rel}","templated":true}]}}