{"id":98864,"date":"2018-06-23T22:47:40","date_gmt":"2018-06-23T22:47:40","guid":{"rendered":"http:\/\/candas365.es\/noticias\/?p=98864"},"modified":"2018-06-23T23:23:08","modified_gmt":"2018-06-23T23:23:08","slug":"trump-prolonga-las-sanciones-contra-corea-del-norte","status":"publish","type":"post","link":"https:\/\/candas365.es\/noticias\/trump-prolonga-las-sanciones-contra-corea-del-norte\/","title":{"rendered":"Trump prolonga las sanciones contra Corea del Norte"},"content":{"rendered":"<p><img fetchpriority=\"high\" decoding=\"async\" class=\"alignleft size-medium wp-image-94077\" src=\"https:\/\/candas365.es\/noticias\/wp-content\/uploads\/2018\/04\/administration-1846270_960_720-360x270.jpg\" alt=\"\" width=\"360\" height=\"270\" srcset=\"https:\/\/candas365.es\/noticias\/wp-content\/uploads\/2018\/04\/administration-1846270_960_720-360x270.jpg 360w, https:\/\/candas365.es\/noticias\/wp-content\/uploads\/2018\/04\/administration-1846270_960_720-80x60.jpg 80w, https:\/\/candas365.es\/noticias\/wp-content\/uploads\/2018\/04\/administration-1846270_960_720-265x198.jpg 265w, https:\/\/candas365.es\/noticias\/wp-content\/uploads\/2018\/04\/administration-1846270_960_720-696x522.jpg 696w, https:\/\/candas365.es\/noticias\/wp-content\/uploads\/2018\/04\/administration-1846270_960_720-560x420.jpg 560w, https:\/\/candas365.es\/noticias\/wp-content\/uploads\/2018\/04\/administration-1846270_960_720-768x576.jpg 768w, https:\/\/candas365.es\/noticias\/wp-content\/uploads\/2018\/04\/administration-1846270_960_720-640x480.jpg 640w, https:\/\/candas365.es\/noticias\/wp-content\/uploads\/2018\/04\/administration-1846270_960_720-90x67.jpg 90w, https:\/\/candas365.es\/noticias\/wp-content\/uploads\/2018\/04\/administration-1846270_960_720.jpg 960w\" sizes=\"(max-width: 360px) 100vw, 360px\" \/>Washington, 23 jun (dpa) &#8211; El presidente estadounidense, Donald Trump, prolong\u00f3 por un a\u00f1o las sanciones contra Corea del Norte, pese al acercamiento con el pa\u00eds comunista tras la cumbre con su l\u00edder Kim Jong-un, mientras que el Pent\u00e1gono suspendi\u00f3 indefinidamente los ejercicios militares conjuntos con Corea del Sur.<\/p>\n<p>Trump extendi\u00f3 las sanciones mediante una orden ejecutiva el viernes (hora local) alegando que Corea del Norte sigue suponiendo \u00abuna extraordinariaria amenaza\u00bb, pese a insistir d\u00edas atr\u00e1s que el pa\u00eds comunista hab\u00eda dejado de ser un peligro para Estados Unidos.<\/p>\n<p>Tras su hist\u00f3rico encuentro con Kim en Singapur el 12 de junio en el que Corea del Norte se comprometi\u00f3 a avanzar en la desnuclearizaci\u00f3n de la pen\u00ednsula coreana, Trump dijo que las sanciones que castigan a Pyongyang por sus ensayos nucleares y misil\u00edsticos no ser\u00edan levantadas hasta que no hubiera progresos en ese objetivo. Sin embargo, hab\u00eda tuiteado que Pyongyang ya no supon\u00eda una amenaza nuclear.<\/p>\n<p>Sin embargo, la orden del viernes alega que la \u00abexistencia y el riesgo de proliferaci\u00f3n de material fisible apto para armas y las acciones y pol\u00edticas el Gobierno de Corea del Norte contin\u00faan suponiendo una inusual y extraordinaria amenaza para la seguridad nuclear, la pol\u00edtica exterior y la econom\u00eda de Estados Unidos\u00bb.<\/p>\n<p>Coincidiendo con la prolongaci\u00f3n de las sanciones, el Pent\u00e1gono confirm\u00f3 el viernes la suspensi\u00f3n indefinida de algunos ejercicios militares conjuntos con Corea del Sur, como anunci\u00f3 Trump en la cumbre de Singapur alegando que eran una provocaci\u00f3n y que eran \u00abmuy caros\u00bb. El anuncio se consider\u00f3 una concesi\u00f3n a Pyongyang y su aliado China.<\/p>\n<p>Entre los ejercicios que ser\u00e1n cancelados se encuentra \u00abGuardi\u00e1n de la Libertad\u00bb, programado para agosto, y dos programas de intercambio de entrenamiento mar\u00edtimo coreanos para los pr\u00f3ximos tres meses, anunci\u00f3 la portavoz del Pent\u00e1gono, Dana W. White.<\/p>\n<p>White agreg\u00f3 que el secretario de Defensa, James Mattis, suspendi\u00f3 los ejercicios en coordinaci\u00f3n con Corea del Sur \u00abpara apoyar la implementaci\u00f3n de los resultados de la cumbre de Singapur\u00bb y se\u00f1al\u00f3 que la toma de nuevas decisiones depender\u00e1 de las \u00abnegociaciones productivas de buena fe\u00bb por parte de Pyongyang.<\/p>\n<p>En aquel encuentro Trump especul\u00f3 tambi\u00e9n con una eventual retirada de los 28.500 soldados norteamericanos estacionados en Corea del Sur, algo que a\u00fan no ha materializado.<\/p>\n<p>El a\u00f1o pasado, unos 7.500 soldados estadounidenses y 3.000 surcoreanos participaron en los ejercicios, que el Pent\u00e1gono califica de puramente defensivos.<\/p>\n","protected":false},"excerpt":{"rendered":"<p>Washington, 23 jun (dpa) &#8211; El presidente estadounidense, Donald Trump, prolong\u00f3 por un a\u00f1o las sanciones contra Corea del Norte, pese al acercamiento con el pa\u00eds comunista tras la cumbre con su l\u00edder Kim Jong-un, mientras que el Pent\u00e1gono suspendi\u00f3 indefinidamente los ejercicios militares conjuntos con Corea del Sur. Trump extendi\u00f3 las sanciones mediante una<\/p>\n","protected":false},"author":1,"featured_media":94077,"comment_status":"closed","ping_status":"closed","sticky":false,"template":"","format":"standard","meta":{"footnotes":""},"categories":[343],"tags":[],"class_list":{"0":"post-98864","1":"post","2":"type-post","3":"status-publish","4":"format-standard","5":"has-post-thumbnail","7":"category-actualidad"},"aioseo_notices":[],"aioseo_head":"\n\t\t<!-- All in One SEO Pro 4.9.6.2 - aioseo.com -->\n\t<meta name=\"description\" content=\"Washington, 23 jun (dpa) - El presidente estadounidense, Donald Trump, prolong\u00f3 por un a\u00f1o las sanciones contra Corea del Norte, pese al acercamiento con el pa\u00eds comunista tras la cumbre con su l\u00edder Kim Jong-un, mientras que el Pent\u00e1gono suspendi\u00f3 indefinidamente los ejercicios militares conjuntos con Corea del Sur. Trump extendi\u00f3 las sanciones mediante una\" \/>\n\t<meta name=\"robots\" content=\"max-image-preview:large\" \/>\n\t<meta name=\"author\" content=\"Cand\u00e1s 365\"\/>\n\t<meta name=\"google-site-verification\" content=\"UA-32230408-1\" \/>\n\t<meta name=\"msvalidate.01\" content=\"354F3CDFB2DA171B47FBE9ABF1F88D5\" \/>\n\t<meta name=\"keywords\" content=\"actualidad\" \/>\n\t<link rel=\"canonical\" href=\"https:\/\/candas365.es\/noticias\/trump-prolonga-las-sanciones-contra-corea-del-norte\/\" \/>\n\t<meta name=\"generator\" content=\"All in One SEO Pro (AIOSEO) 4.9.6.2\" \/>\n\t\t<meta property=\"og:locale\" content=\"es_ES\" \/>\n\t\t<meta property=\"og:site_name\" content=\"Cand\u00e1s 365\" \/>\n\t\t<meta property=\"og:type\" content=\"article\" \/>\n\t\t<meta property=\"og:title\" content=\"Trump prolonga las sanciones contra Corea del Norte | Cand\u00e1s 365\" \/>\n\t\t<meta property=\"og:description\" content=\"Washington, 23 jun (dpa) - El presidente estadounidense, Donald Trump, prolong\u00f3 por un a\u00f1o las sanciones contra Corea del Norte, pese al acercamiento con el pa\u00eds comunista tras la cumbre con su l\u00edder Kim Jong-un, mientras que el Pent\u00e1gono suspendi\u00f3 indefinidamente los ejercicios militares conjuntos con Corea del Sur. Trump extendi\u00f3 las sanciones mediante una\" \/>\n\t\t<meta property=\"og:url\" content=\"https:\/\/candas365.es\/noticias\/trump-prolonga-las-sanciones-contra-corea-del-norte\/\" \/>\n\t\t<meta property=\"og:image\" content=\"https:\/\/candas365.es\/noticias\/wp-content\/uploads\/2018\/04\/administration-1846270_960_720.jpg\" \/>\n\t\t<meta property=\"og:image:secure_url\" content=\"https:\/\/candas365.es\/noticias\/wp-content\/uploads\/2018\/04\/administration-1846270_960_720.jpg\" \/>\n\t\t<meta property=\"og:image:width\" content=\"960\" \/>\n\t\t<meta property=\"og:image:height\" content=\"720\" \/>\n\t\t<meta property=\"article:published_time\" content=\"2018-06-23T22:47:40+00:00\" \/>\n\t\t<meta property=\"article:modified_time\" content=\"2018-06-23T23:23:08+00:00\" \/>\n\t\t<meta property=\"article:publisher\" content=\"https:\/\/www.facebook.com\/Nachofdezber\" \/>\n\t\t<meta property=\"article:author\" content=\"https:\/\/www.facebook.com\/carrenoactualidad\" \/>\n\t\t<meta name=\"twitter:card\" content=\"summary_large_image\" \/>\n\t\t<meta name=\"twitter:site\" content=\"@NabercoDigital\" \/>\n\t\t<meta name=\"twitter:title\" content=\"Trump prolonga las sanciones contra Corea del Norte | Cand\u00e1s 365\" \/>\n\t\t<meta name=\"twitter:description\" content=\"Washington, 23 jun (dpa) - El presidente estadounidense, Donald Trump, prolong\u00f3 por un a\u00f1o las sanciones contra Corea del Norte, pese al acercamiento con el pa\u00eds comunista tras la cumbre con su l\u00edder Kim Jong-un, mientras que el Pent\u00e1gono suspendi\u00f3 indefinidamente los ejercicios militares conjuntos con Corea del Sur. Trump extendi\u00f3 las sanciones mediante una\" \/>\n\t\t<meta name=\"twitter:creator\" content=\"@nbasturias\" \/>\n\t\t<meta name=\"twitter:image\" content=\"https:\/\/candas365.es\/noticias\/wp-content\/uploads\/2018\/04\/administration-1846270_960_720.jpg\" \/>\n\t\t<meta name=\"twitter:label1\" content=\"Escrito por\" \/>\n\t\t<meta name=\"twitter:data1\" content=\"Cand\u00e1s 365\" \/>\n\t\t<meta name=\"twitter:label2\" content=\"Tiempo de lectura estimado\" \/>\n\t\t<meta name=\"twitter:data2\" content=\"2 minutos\" \/>\n\t\t<script type=\"application\/ld+json\" class=\"aioseo-schema\">\n\t\t\t{\"@context\":\"https:\\\/\\\/schema.org\",\"@graph\":[{\"@type\":\"BreadcrumbList\",\"@id\":\"https:\\\/\\\/candas365.es\\\/noticias\\\/trump-prolonga-las-sanciones-contra-corea-del-norte\\\/#breadcrumblist\",\"itemListElement\":[{\"@type\":\"ListItem\",\"@id\":\"https:\\\/\\\/candas365.es\\\/noticias#listItem\",\"position\":1,\"name\":\"Home\",\"item\":\"https:\\\/\\\/candas365.es\\\/noticias\",\"nextItem\":{\"@type\":\"ListItem\",\"@id\":\"https:\\\/\\\/candas365.es\\\/noticias\\\/category\\\/actualidad\\\/#listItem\",\"name\":\"Actualidad\"}},{\"@type\":\"ListItem\",\"@id\":\"https:\\\/\\\/candas365.es\\\/noticias\\\/category\\\/actualidad\\\/#listItem\",\"position\":2,\"name\":\"Actualidad\",\"item\":\"https:\\\/\\\/candas365.es\\\/noticias\\\/category\\\/actualidad\\\/\",\"nextItem\":{\"@type\":\"ListItem\",\"@id\":\"https:\\\/\\\/candas365.es\\\/noticias\\\/trump-prolonga-las-sanciones-contra-corea-del-norte\\\/#listItem\",\"name\":\"Trump prolonga las sanciones contra Corea del Norte\"},\"previousItem\":{\"@type\":\"ListItem\",\"@id\":\"https:\\\/\\\/candas365.es\\\/noticias#listItem\",\"name\":\"Home\"}},{\"@type\":\"ListItem\",\"@id\":\"https:\\\/\\\/candas365.es\\\/noticias\\\/trump-prolonga-las-sanciones-contra-corea-del-norte\\\/#listItem\",\"position\":3,\"name\":\"Trump prolonga las sanciones contra Corea del Norte\",\"previousItem\":{\"@type\":\"ListItem\",\"@id\":\"https:\\\/\\\/candas365.es\\\/noticias\\\/category\\\/actualidad\\\/#listItem\",\"name\":\"Actualidad\"}}]},{\"@type\":\"NewsArticle\",\"@id\":\"https:\\\/\\\/candas365.es\\\/noticias\\\/trump-prolonga-las-sanciones-contra-corea-del-norte\\\/#newsarticle\",\"name\":\"Trump prolonga las sanciones contra Corea del Norte | Cand\\u00e1s 365\",\"headline\":\"Trump prolonga las sanciones contra Corea del Norte\",\"author\":{\"@id\":\"https:\\\/\\\/candas365.es\\\/noticias\\\/author\\\/admin\\\/#author\"},\"publisher\":{\"@id\":\"https:\\\/\\\/candas365.es\\\/noticias\\\/#organization\"},\"image\":{\"@type\":\"ImageObject\",\"url\":\"https:\\\/\\\/candas365.es\\\/noticias\\\/wp-content\\\/uploads\\\/2018\\\/04\\\/administration-1846270_960_720.jpg\",\"width\":960,\"height\":720},\"datePublished\":\"2018-06-23T22:47:40+02:00\",\"dateModified\":\"2018-06-23T23:23:08+02:00\",\"inLanguage\":\"es-ES\",\"mainEntityOfPage\":{\"@id\":\"https:\\\/\\\/candas365.es\\\/noticias\\\/trump-prolonga-las-sanciones-contra-corea-del-norte\\\/#webpage\"},\"isPartOf\":{\"@id\":\"https:\\\/\\\/candas365.es\\\/noticias\\\/trump-prolonga-las-sanciones-contra-corea-del-norte\\\/#webpage\"},\"articleSection\":\"Actualidad\",\"dateline\":\"Publicado el junio 23, 2018.\"},{\"@type\":\"Organization\",\"@id\":\"https:\\\/\\\/candas365.es\\\/noticias\\\/#organization\",\"name\":\"Cand\\u00e1s 365\",\"description\":\"Cand\\u00e1s 365 es un diario digital independiente, fundado en 2012, con base en Asturias. Informamos con rigor sobre actualidad, sociedad, cultura y ocio, con una mirada local y global.\",\"url\":\"https:\\\/\\\/candas365.es\\\/noticias\\\/\",\"email\":\"info@candas365.es\",\"telephone\":\"+34652131393\",\"foundingDate\":\"2012-06-10\",\"logo\":{\"@type\":\"ImageObject\",\"url\":\"https:\\\/\\\/candas365.es\\\/noticias\\\/wp-content\\\/uploads\\\/2024\\\/09\\\/Candas-365-Redes.jpg\",\"@id\":\"https:\\\/\\\/candas365.es\\\/noticias\\\/trump-prolonga-las-sanciones-contra-corea-del-norte\\\/#organizationLogo\",\"width\":1152,\"height\":864,\"caption\":\"Cand\\u00e1s 365 Redes\"},\"image\":{\"@id\":\"https:\\\/\\\/candas365.es\\\/noticias\\\/trump-prolonga-las-sanciones-contra-corea-del-norte\\\/#organizationLogo\"},\"sameAs\":[\"https:\\\/\\\/www.facebook.com\\\/Nachofdezber\",\"https:\\\/\\\/x.com\\\/NabercoDigital\",\"https:\\\/\\\/www.instagram.com\\\/nachofdezber\\\/\",\"https:\\\/\\\/www.youtube.com\\\/channel\\\/UCZP-2wLEB9Rv6erhFmqVnvg\"],\"address\":{\"@id\":\"https:\\\/\\\/candas365.es\\\/noticias\\\/#postaladdress\",\"@type\":\"PostalAddress\",\"streetAddress\":\"san antonio 4, san antonio 4\",\"postalCode\":\"33430\",\"addressLocality\":\"Cand\\u00e1s\",\"addressRegion\":\"Asturias\",\"addressCountry\":\"ES\"}},{\"@type\":\"Person\",\"@id\":\"https:\\\/\\\/candas365.es\\\/noticias\\\/author\\\/admin\\\/#author\",\"url\":\"https:\\\/\\\/candas365.es\\\/noticias\\\/author\\\/admin\\\/\",\"name\":\"Cand\\u00e1s 365\",\"image\":{\"@type\":\"ImageObject\",\"@id\":\"https:\\\/\\\/candas365.es\\\/noticias\\\/trump-prolonga-las-sanciones-contra-corea-del-norte\\\/#authorImage\",\"url\":\"https:\\\/\\\/secure.gravatar.com\\\/avatar\\\/496a8e03d0c493ede1718b7934145dbdf8d89be1036b0eec9544e1094c9de390?s=96&d=mm&r=g\",\"width\":96,\"height\":96,\"caption\":\"Cand\\u00e1s 365\"},\"sameAs\":[\"https:\\\/\\\/www.facebook.com\\\/carrenoactualidad\",\"https:\\\/\\\/twitter.com\\\/nbasturias\",\"https:\\\/\\\/www.instagram.com\\\/nachofdezber\\\/\",\"https:\\\/\\\/www.youtube.com\\\/channel\\\/UCZP-2wLEB9Rv6erhFmqVnvg\"]},{\"@type\":\"WebPage\",\"@id\":\"https:\\\/\\\/candas365.es\\\/noticias\\\/trump-prolonga-las-sanciones-contra-corea-del-norte\\\/#webpage\",\"url\":\"https:\\\/\\\/candas365.es\\\/noticias\\\/trump-prolonga-las-sanciones-contra-corea-del-norte\\\/\",\"name\":\"Trump prolonga las sanciones contra Corea del Norte | Cand\\u00e1s 365\",\"description\":\"Washington, 23 jun (dpa) - El presidente estadounidense, Donald Trump, prolong\\u00f3 por un a\\u00f1o las sanciones contra Corea del Norte, pese al acercamiento con el pa\\u00eds comunista tras la cumbre con su l\\u00edder Kim Jong-un, mientras que el Pent\\u00e1gono suspendi\\u00f3 indefinidamente los ejercicios militares conjuntos con Corea del Sur. Trump extendi\\u00f3 las sanciones mediante una\",\"inLanguage\":\"es-ES\",\"isPartOf\":{\"@id\":\"https:\\\/\\\/candas365.es\\\/noticias\\\/#website\"},\"breadcrumb\":{\"@id\":\"https:\\\/\\\/candas365.es\\\/noticias\\\/trump-prolonga-las-sanciones-contra-corea-del-norte\\\/#breadcrumblist\"},\"author\":{\"@id\":\"https:\\\/\\\/candas365.es\\\/noticias\\\/author\\\/admin\\\/#author\"},\"creator\":{\"@id\":\"https:\\\/\\\/candas365.es\\\/noticias\\\/author\\\/admin\\\/#author\"},\"image\":{\"@type\":\"ImageObject\",\"url\":\"https:\\\/\\\/candas365.es\\\/noticias\\\/wp-content\\\/uploads\\\/2018\\\/04\\\/administration-1846270_960_720.jpg\",\"@id\":\"https:\\\/\\\/candas365.es\\\/noticias\\\/trump-prolonga-las-sanciones-contra-corea-del-norte\\\/#mainImage\",\"width\":960,\"height\":720},\"primaryImageOfPage\":{\"@id\":\"https:\\\/\\\/candas365.es\\\/noticias\\\/trump-prolonga-las-sanciones-contra-corea-del-norte\\\/#mainImage\"},\"datePublished\":\"2018-06-23T22:47:40+02:00\",\"dateModified\":\"2018-06-23T23:23:08+02:00\"},{\"@type\":\"WebSite\",\"@id\":\"https:\\\/\\\/candas365.es\\\/noticias\\\/#website\",\"url\":\"https:\\\/\\\/candas365.es\\\/noticias\\\/\",\"name\":\"Cand\\u00e1s 365\",\"alternateName\":\"Cand\\u00e1s 365 Noticias\",\"description\":\"Actualidad desde Carre\\u00f1o para el mundo\",\"inLanguage\":\"es-ES\",\"publisher\":{\"@id\":\"https:\\\/\\\/candas365.es\\\/noticias\\\/#organization\"}}]}\n\t\t<\/script>\n\t\t<!-- All in One SEO Pro -->\r\n\t\t<title>Trump prolonga las sanciones contra Corea del Norte | Cand\u00e1s 365<\/title>\n\n","aioseo_head_json":{"title":"Trump prolonga las sanciones contra Corea del Norte | Cand\u00e1s 365","description":"Washington, 23 jun (dpa) - El presidente estadounidense, Donald Trump, prolong\u00f3 por un a\u00f1o las sanciones contra Corea del Norte, pese al acercamiento con el pa\u00eds comunista tras la cumbre con su l\u00edder Kim Jong-un, mientras que el Pent\u00e1gono suspendi\u00f3 indefinidamente los ejercicios militares conjuntos con Corea del Sur. Trump extendi\u00f3 las sanciones mediante una","canonical_url":"https:\/\/candas365.es\/noticias\/trump-prolonga-las-sanciones-contra-corea-del-norte\/","robots":"max-image-preview:large","keywords":"actualidad","webmasterTools":{"google-site-verification":"UA-32230408-1","msvalidate.01":"354F3CDFB2DA171B47FBE9ABF1F88D5","miscellaneous":""},"schema":{"@context":"https:\/\/schema.org","@graph":[{"@type":"BreadcrumbList","@id":"https:\/\/candas365.es\/noticias\/trump-prolonga-las-sanciones-contra-corea-del-norte\/#breadcrumblist","itemListElement":[{"@type":"ListItem","@id":"https:\/\/candas365.es\/noticias#listItem","position":1,"name":"Home","item":"https:\/\/candas365.es\/noticias","nextItem":{"@type":"ListItem","@id":"https:\/\/candas365.es\/noticias\/category\/actualidad\/#listItem","name":"Actualidad"}},{"@type":"ListItem","@id":"https:\/\/candas365.es\/noticias\/category\/actualidad\/#listItem","position":2,"name":"Actualidad","item":"https:\/\/candas365.es\/noticias\/category\/actualidad\/","nextItem":{"@type":"ListItem","@id":"https:\/\/candas365.es\/noticias\/trump-prolonga-las-sanciones-contra-corea-del-norte\/#listItem","name":"Trump prolonga las sanciones contra Corea del Norte"},"previousItem":{"@type":"ListItem","@id":"https:\/\/candas365.es\/noticias#listItem","name":"Home"}},{"@type":"ListItem","@id":"https:\/\/candas365.es\/noticias\/trump-prolonga-las-sanciones-contra-corea-del-norte\/#listItem","position":3,"name":"Trump prolonga las sanciones contra Corea del Norte","previousItem":{"@type":"ListItem","@id":"https:\/\/candas365.es\/noticias\/category\/actualidad\/#listItem","name":"Actualidad"}}]},{"@type":"NewsArticle","@id":"https:\/\/candas365.es\/noticias\/trump-prolonga-las-sanciones-contra-corea-del-norte\/#newsarticle","name":"Trump prolonga las sanciones contra Corea del Norte | Cand\u00e1s 365","headline":"Trump prolonga las sanciones contra Corea del Norte","author":{"@id":"https:\/\/candas365.es\/noticias\/author\/admin\/#author"},"publisher":{"@id":"https:\/\/candas365.es\/noticias\/#organization"},"image":{"@type":"ImageObject","url":"https:\/\/candas365.es\/noticias\/wp-content\/uploads\/2018\/04\/administration-1846270_960_720.jpg","width":960,"height":720},"datePublished":"2018-06-23T22:47:40+02:00","dateModified":"2018-06-23T23:23:08+02:00","inLanguage":"es-ES","mainEntityOfPage":{"@id":"https:\/\/candas365.es\/noticias\/trump-prolonga-las-sanciones-contra-corea-del-norte\/#webpage"},"isPartOf":{"@id":"https:\/\/candas365.es\/noticias\/trump-prolonga-las-sanciones-contra-corea-del-norte\/#webpage"},"articleSection":"Actualidad","dateline":"Publicado el junio 23, 2018."},{"@type":"Organization","@id":"https:\/\/candas365.es\/noticias\/#organization","name":"Cand\u00e1s 365","description":"Cand\u00e1s 365 es un diario digital independiente, fundado en 2012, con base en Asturias. Informamos con rigor sobre actualidad, sociedad, cultura y ocio, con una mirada local y global.","url":"https:\/\/candas365.es\/noticias\/","email":"info@candas365.es","telephone":"+34652131393","foundingDate":"2012-06-10","logo":{"@type":"ImageObject","url":"https:\/\/candas365.es\/noticias\/wp-content\/uploads\/2024\/09\/Candas-365-Redes.jpg","@id":"https:\/\/candas365.es\/noticias\/trump-prolonga-las-sanciones-contra-corea-del-norte\/#organizationLogo","width":1152,"height":864,"caption":"Cand\u00e1s 365 Redes"},"image":{"@id":"https:\/\/candas365.es\/noticias\/trump-prolonga-las-sanciones-contra-corea-del-norte\/#organizationLogo"},"sameAs":["https:\/\/www.facebook.com\/Nachofdezber","https:\/\/x.com\/NabercoDigital","https:\/\/www.instagram.com\/nachofdezber\/","https:\/\/www.youtube.com\/channel\/UCZP-2wLEB9Rv6erhFmqVnvg"],"address":{"@id":"https:\/\/candas365.es\/noticias\/#postaladdress","@type":"PostalAddress","streetAddress":"san antonio 4, san antonio 4","postalCode":"33430","addressLocality":"Cand\u00e1s","addressRegion":"Asturias","addressCountry":"ES"}},{"@type":"Person","@id":"https:\/\/candas365.es\/noticias\/author\/admin\/#author","url":"https:\/\/candas365.es\/noticias\/author\/admin\/","name":"Cand\u00e1s 365","image":{"@type":"ImageObject","@id":"https:\/\/candas365.es\/noticias\/trump-prolonga-las-sanciones-contra-corea-del-norte\/#authorImage","url":"https:\/\/secure.gravatar.com\/avatar\/496a8e03d0c493ede1718b7934145dbdf8d89be1036b0eec9544e1094c9de390?s=96&d=mm&r=g","width":96,"height":96,"caption":"Cand\u00e1s 365"},"sameAs":["https:\/\/www.facebook.com\/carrenoactualidad","https:\/\/twitter.com\/nbasturias","https:\/\/www.instagram.com\/nachofdezber\/","https:\/\/www.youtube.com\/channel\/UCZP-2wLEB9Rv6erhFmqVnvg"]},{"@type":"WebPage","@id":"https:\/\/candas365.es\/noticias\/trump-prolonga-las-sanciones-contra-corea-del-norte\/#webpage","url":"https:\/\/candas365.es\/noticias\/trump-prolonga-las-sanciones-contra-corea-del-norte\/","name":"Trump prolonga las sanciones contra Corea del Norte | Cand\u00e1s 365","description":"Washington, 23 jun (dpa) - El presidente estadounidense, Donald Trump, prolong\u00f3 por un a\u00f1o las sanciones contra Corea del Norte, pese al acercamiento con el pa\u00eds comunista tras la cumbre con su l\u00edder Kim Jong-un, mientras que el Pent\u00e1gono suspendi\u00f3 indefinidamente los ejercicios militares conjuntos con Corea del Sur. Trump extendi\u00f3 las sanciones mediante una","inLanguage":"es-ES","isPartOf":{"@id":"https:\/\/candas365.es\/noticias\/#website"},"breadcrumb":{"@id":"https:\/\/candas365.es\/noticias\/trump-prolonga-las-sanciones-contra-corea-del-norte\/#breadcrumblist"},"author":{"@id":"https:\/\/candas365.es\/noticias\/author\/admin\/#author"},"creator":{"@id":"https:\/\/candas365.es\/noticias\/author\/admin\/#author"},"image":{"@type":"ImageObject","url":"https:\/\/candas365.es\/noticias\/wp-content\/uploads\/2018\/04\/administration-1846270_960_720.jpg","@id":"https:\/\/candas365.es\/noticias\/trump-prolonga-las-sanciones-contra-corea-del-norte\/#mainImage","width":960,"height":720},"primaryImageOfPage":{"@id":"https:\/\/candas365.es\/noticias\/trump-prolonga-las-sanciones-contra-corea-del-norte\/#mainImage"},"datePublished":"2018-06-23T22:47:40+02:00","dateModified":"2018-06-23T23:23:08+02:00"},{"@type":"WebSite","@id":"https:\/\/candas365.es\/noticias\/#website","url":"https:\/\/candas365.es\/noticias\/","name":"Cand\u00e1s 365","alternateName":"Cand\u00e1s 365 Noticias","description":"Actualidad desde Carre\u00f1o para el mundo","inLanguage":"es-ES","publisher":{"@id":"https:\/\/candas365.es\/noticias\/#organization"}}]},"og:locale":"es_ES","og:site_name":"Cand\u00e1s 365","og:type":"article","og:title":"Trump prolonga las sanciones contra Corea del Norte | Cand\u00e1s 365","og:description":"Washington, 23 jun (dpa) - El presidente estadounidense, Donald Trump, prolong\u00f3 por un a\u00f1o las sanciones contra Corea del Norte, pese al acercamiento con el pa\u00eds comunista tras la cumbre con su l\u00edder Kim Jong-un, mientras que el Pent\u00e1gono suspendi\u00f3 indefinidamente los ejercicios militares conjuntos con Corea del Sur. Trump extendi\u00f3 las sanciones mediante una","og:url":"https:\/\/candas365.es\/noticias\/trump-prolonga-las-sanciones-contra-corea-del-norte\/","og:image":"https:\/\/candas365.es\/noticias\/wp-content\/uploads\/2018\/04\/administration-1846270_960_720.jpg","og:image:secure_url":"https:\/\/candas365.es\/noticias\/wp-content\/uploads\/2018\/04\/administration-1846270_960_720.jpg","og:image:width":960,"og:image:height":720,"article:published_time":"2018-06-23T22:47:40+00:00","article:modified_time":"2018-06-23T23:23:08+00:00","article:publisher":"https:\/\/www.facebook.com\/Nachofdezber","article:author":"https:\/\/www.facebook.com\/carrenoactualidad","twitter:card":"summary_large_image","twitter:site":"@NabercoDigital","twitter:title":"Trump prolonga las sanciones contra Corea del Norte | Cand\u00e1s 365","twitter:description":"Washington, 23 jun (dpa) - El presidente estadounidense, Donald Trump, prolong\u00f3 por un a\u00f1o las sanciones contra Corea del Norte, pese al acercamiento con el pa\u00eds comunista tras la cumbre con su l\u00edder Kim Jong-un, mientras que el Pent\u00e1gono suspendi\u00f3 indefinidamente los ejercicios militares conjuntos con Corea del Sur. Trump extendi\u00f3 las sanciones mediante una","twitter:creator":"@nbasturias","twitter:image":"https:\/\/candas365.es\/noticias\/wp-content\/uploads\/2018\/04\/administration-1846270_960_720.jpg","twitter:label1":"Escrito por","twitter:data1":"Cand\u00e1s 365","twitter:label2":"Tiempo de lectura estimado","twitter:data2":"2 minutos"},"aioseo_meta_data":{"post_id":"98864","title":null,"description":null,"keywords":null,"keyphrases":null,"primary_term":null,"canonical_url":null,"og_title":null,"og_description":null,"og_object_type":"default","og_image_type":"default","og_image_url":null,"og_image_width":null,"og_image_height":null,"og_image_custom_url":null,"og_image_custom_fields":null,"og_video":null,"og_custom_url":null,"og_article_section":null,"og_article_tags":null,"twitter_use_og":false,"twitter_card":"default","twitter_image_type":"default","twitter_image_url":null,"twitter_image_custom_url":null,"twitter_image_custom_fields":null,"twitter_title":null,"twitter_description":null,"schema":{"blockGraphs":[],"customGraphs":[],"default":{"data":{"Article":[],"Course":[],"Dataset":[],"FAQPage":[],"Movie":[],"Person":[],"Product":[],"ProductReview":[],"Car":[],"Recipe":[],"Service":[],"SoftwareApplication":[],"WebPage":[]},"graphName":"","isEnabled":true},"graphs":[]},"schema_type":null,"schema_type_options":null,"pillar_content":false,"robots_default":true,"robots_noindex":false,"robots_noarchive":false,"robots_nosnippet":false,"robots_nofollow":false,"robots_noimageindex":false,"robots_noodp":false,"robots_notranslate":false,"robots_max_snippet":null,"robots_max_videopreview":null,"robots_max_imagepreview":"large","priority":null,"frequency":null,"location":null,"local_seo":null,"seo_analyzer_scan_date":"2025-08-27 04:36:14","breadcrumb_settings":null,"limit_modified_date":false,"reviewed_by":null,"open_ai":null,"ai":null,"created":"2020-12-21 11:49:55","updated":"2025-08-27 04:36:14"},"aioseo_breadcrumb":"<div class=\"aioseo-breadcrumbs\"><span class=\"aioseo-breadcrumb\">\n\t<a href=\"https:\/\/candas365.es\/noticias\" title=\"Home\">Home<\/a>\n<\/span><span class=\"aioseo-breadcrumb-separator\">&ndash;<\/span><span class=\"aioseo-breadcrumb\">\n\t<a href=\"https:\/\/candas365.es\/noticias\/category\/actualidad\/\" title=\"Actualidad\">Actualidad<\/a>\n<\/span><span class=\"aioseo-breadcrumb-separator\">&ndash;<\/span><span class=\"aioseo-breadcrumb\">\n\tTrump prolonga las sanciones contra Corea del Norte\n<\/span><\/div>","aioseo_breadcrumb_json":[{"label":"Home","link":"https:\/\/candas365.es\/noticias"},{"label":"Actualidad","link":"https:\/\/candas365.es\/noticias\/category\/actualidad\/"},{"label":"Trump prolonga las sanciones contra Corea del Norte","link":"https:\/\/candas365.es\/noticias\/trump-prolonga-las-sanciones-contra-corea-del-norte\/"}],"_links":{"self":[{"href":"https:\/\/candas365.es\/noticias\/wp-json\/wp\/v2\/posts\/98864","targetHints":{"allow":["GET"]}}],"collection":[{"href":"https:\/\/candas365.es\/noticias\/wp-json\/wp\/v2\/posts"}],"about":[{"href":"https:\/\/candas365.es\/noticias\/wp-json\/wp\/v2\/types\/post"}],"author":[{"embeddable":true,"href":"https:\/\/candas365.es\/noticias\/wp-json\/wp\/v2\/users\/1"}],"replies":[{"embeddable":true,"href":"https:\/\/candas365.es\/noticias\/wp-json\/wp\/v2\/comments?post=98864"}],"version-history":[{"count":0,"href":"https:\/\/candas365.es\/noticias\/wp-json\/wp\/v2\/posts\/98864\/revisions"}],"wp:featuredmedia":[{"embeddable":true,"href":"https:\/\/candas365.es\/noticias\/wp-json\/wp\/v2\/media\/94077"}],"wp:attachment":[{"href":"https:\/\/candas365.es\/noticias\/wp-json\/wp\/v2\/media?parent=98864"}],"wp:term":[{"taxonomy":"category","embeddable":true,"href":"https:\/\/candas365.es\/noticias\/wp-json\/wp\/v2\/categories?post=98864"},{"taxonomy":"post_tag","embeddable":true,"href":"https:\/\/candas365.es\/noticias\/wp-json\/wp\/v2\/tags?post=98864"}],"curies":[{"name":"wp","href":"https:\/\/api.w.org\/{rel}","templated":true}]}}