{"id":98060,"date":"2018-06-16T02:25:14","date_gmt":"2018-06-16T02:25:14","guid":{"rendered":"http:\/\/candas365.es\/noticias\/?p=98060"},"modified":"2018-06-16T02:25:14","modified_gmt":"2018-06-16T02:25:14","slug":"candas-se-prepara-para-la-xxix-feria-de-la-conserva","status":"publish","type":"post","link":"https:\/\/candas365.es\/noticias\/candas-se-prepara-para-la-xxix-feria-de-la-conserva\/","title":{"rendered":"Cand\u00e1s se prepara para la XXIX Feria de la Conserva"},"content":{"rendered":"<p><img fetchpriority=\"high\" decoding=\"async\" class=\"alignleft size-medium wp-image-94663\" src=\"https:\/\/candas365.es\/noticias\/wp-content\/uploads\/2018\/04\/candas-360x223.jpg\" alt=\"\" width=\"360\" height=\"223\" srcset=\"https:\/\/candas365.es\/noticias\/wp-content\/uploads\/2018\/04\/candas-360x223.jpg 360w, https:\/\/candas365.es\/noticias\/wp-content\/uploads\/2018\/04\/candas-768x475.jpg 768w, https:\/\/candas365.es\/noticias\/wp-content\/uploads\/2018\/04\/candas-655x405.jpg 655w, https:\/\/candas365.es\/noticias\/wp-content\/uploads\/2018\/04\/candas-356x220.jpg 356w, https:\/\/candas365.es\/noticias\/wp-content\/uploads\/2018\/04\/candas-696x431.jpg 696w, https:\/\/candas365.es\/noticias\/wp-content\/uploads\/2018\/04\/candas-679x420.jpg 679w, https:\/\/candas365.es\/noticias\/wp-content\/uploads\/2018\/04\/candas.jpg 892w\" sizes=\"(max-width: 360px) 100vw, 360px\" \/>El Ayuntamiento de Carre\u00f1o abre el plazo de inscripci\u00f3n para optar a un stand en la <strong>XXIX Feria de la Conserva de Cand\u00e1s<\/strong> que se celebrar\u00e1 en el Puerto de Cand\u00e1s del <strong>19 al 22 de julio de 2018<\/strong>.<\/p>\n<p>\u201cLas empresas interesadas en participar podr\u00e1n enviar su solicitud al Ayuntamiento de Carre\u00f1o v\u00eda fax, por correo electr\u00f3nico a la oficina de turismo o por correo postal certificado\u201d \u2013 explic\u00f3 la concejala del \u00e1rea Paula Cuervo.<\/p>\n<p>El plazo de solicitud para las empresas conserveras ser\u00e1 hasta el viernes 29 de junio de 2018 a las 13 horas y las empresas interesadas deber\u00e1n abonar una tasa de 500 euros.<\/p>\n<p>Conjuntamente se abre tambi\u00e9n el plazo de inscripci\u00f3n para la barra que se instalar\u00e1 en el Puerto durante los cuatro d\u00edas de feria. El plazo de solicitud ser\u00e1 hasta el 29 de junio de 2018 y los\/as interesados\/as deber\u00e1n abonar una tasa de 100 euros.<\/p>\n<p>\u201cNuevamente volvemos a sacar a concurso desde el ayuntamiento la instalaci\u00f3n de una barra coincidiendo con la feria, principalmente para que las asociaciones sin \u00e1nimo de lucro del concejo puedan trabajarla y financiar as\u00ed parte de sus actividades en Carre\u00f1o\u201d \u2013 coment\u00f3 la edil.<\/p>\n<p>El Ayuntamiento de Carre\u00f1o proporcionar\u00e1 al adjudicatario\/a toma de electricidad y el suministro de agua potable, as\u00ed como una jaima debidamente defendida de la acci\u00f3n directa de los rayos de sol.<\/p>\n","protected":false},"excerpt":{"rendered":"<p>El Ayuntamiento de Carre\u00f1o abre el plazo de inscripci\u00f3n para optar a un stand en la XXIX Feria de la Conserva de Cand\u00e1s que se celebrar\u00e1 en el Puerto de Cand\u00e1s del 19 al 22 de julio de 2018. \u201cLas empresas interesadas en participar podr\u00e1n enviar su solicitud al Ayuntamiento de Carre\u00f1o v\u00eda fax, por<\/p>\n","protected":false},"author":1,"featured_media":94663,"comment_status":"closed","ping_status":"closed","sticky":false,"template":"","format":"standard","meta":{"footnotes":""},"categories":[2],"tags":[],"class_list":{"0":"post-98060","1":"post","2":"type-post","3":"status-publish","4":"format-standard","5":"has-post-thumbnail","7":"category-noticias-carreno"},"aioseo_notices":[],"aioseo_head":"\n\t\t<!-- All in One SEO Pro 4.9.6.2 - aioseo.com -->\n\t<meta name=\"description\" content=\"El Ayuntamiento de Carre\u00f1o abre el plazo de inscripci\u00f3n para optar a un stand en la XXIX Feria de la Conserva de Cand\u00e1s que se celebrar\u00e1 en el Puerto de Cand\u00e1s del 19 al 22 de julio de 2018. \u201cLas empresas interesadas en participar podr\u00e1n enviar su solicitud al Ayuntamiento de Carre\u00f1o v\u00eda fax, por\" \/>\n\t<meta name=\"robots\" content=\"max-image-preview:large\" \/>\n\t<meta name=\"author\" content=\"Cand\u00e1s 365\"\/>\n\t<meta name=\"google-site-verification\" content=\"UA-32230408-1\" \/>\n\t<meta name=\"msvalidate.01\" content=\"354F3CDFB2DA171B47FBE9ABF1F88D5\" \/>\n\t<meta name=\"keywords\" content=\"noticias carre\u00f1o\" \/>\n\t<link rel=\"canonical\" href=\"https:\/\/candas365.es\/noticias\/candas-se-prepara-para-la-xxix-feria-de-la-conserva\/\" \/>\n\t<meta name=\"generator\" content=\"All in One SEO Pro (AIOSEO) 4.9.6.2\" \/>\n\t\t<meta property=\"og:locale\" content=\"es_ES\" \/>\n\t\t<meta property=\"og:site_name\" content=\"Cand\u00e1s 365\" \/>\n\t\t<meta property=\"og:type\" content=\"article\" \/>\n\t\t<meta property=\"og:title\" content=\"Cand\u00e1s se prepara para la XXIX Feria de la Conserva | Cand\u00e1s 365\" \/>\n\t\t<meta property=\"og:description\" content=\"El Ayuntamiento de Carre\u00f1o abre el plazo de inscripci\u00f3n para optar a un stand en la XXIX Feria de la Conserva de Cand\u00e1s que se celebrar\u00e1 en el Puerto de Cand\u00e1s del 19 al 22 de julio de 2018. \u201cLas empresas interesadas en participar podr\u00e1n enviar su solicitud al Ayuntamiento de Carre\u00f1o v\u00eda fax, por\" \/>\n\t\t<meta property=\"og:url\" content=\"https:\/\/candas365.es\/noticias\/candas-se-prepara-para-la-xxix-feria-de-la-conserva\/\" \/>\n\t\t<meta property=\"og:image\" content=\"https:\/\/candas365.es\/noticias\/wp-content\/uploads\/2018\/04\/candas.jpg\" \/>\n\t\t<meta property=\"og:image:secure_url\" content=\"https:\/\/candas365.es\/noticias\/wp-content\/uploads\/2018\/04\/candas.jpg\" \/>\n\t\t<meta property=\"og:image:width\" content=\"892\" \/>\n\t\t<meta property=\"og:image:height\" content=\"552\" \/>\n\t\t<meta property=\"article:published_time\" content=\"2018-06-16T02:25:14+00:00\" \/>\n\t\t<meta property=\"article:modified_time\" content=\"2018-06-16T02:25:14+00:00\" \/>\n\t\t<meta property=\"article:publisher\" content=\"https:\/\/www.facebook.com\/Nachofdezber\" \/>\n\t\t<meta property=\"article:author\" content=\"https:\/\/www.facebook.com\/carrenoactualidad\" \/>\n\t\t<meta name=\"twitter:card\" content=\"summary_large_image\" \/>\n\t\t<meta name=\"twitter:site\" content=\"@NabercoDigital\" \/>\n\t\t<meta name=\"twitter:title\" content=\"Cand\u00e1s se prepara para la XXIX Feria de la Conserva | Cand\u00e1s 365\" \/>\n\t\t<meta name=\"twitter:description\" content=\"El Ayuntamiento de Carre\u00f1o abre el plazo de inscripci\u00f3n para optar a un stand en la XXIX Feria de la Conserva de Cand\u00e1s que se celebrar\u00e1 en el Puerto de Cand\u00e1s del 19 al 22 de julio de 2018. \u201cLas empresas interesadas en participar podr\u00e1n enviar su solicitud al Ayuntamiento de Carre\u00f1o v\u00eda fax, por\" \/>\n\t\t<meta name=\"twitter:creator\" content=\"@nbasturias\" \/>\n\t\t<meta name=\"twitter:image\" content=\"https:\/\/candas365.es\/noticias\/wp-content\/uploads\/2018\/04\/candas.jpg\" \/>\n\t\t<meta name=\"twitter:label1\" content=\"Escrito por\" \/>\n\t\t<meta name=\"twitter:data1\" content=\"Cand\u00e1s 365\" \/>\n\t\t<meta name=\"twitter:label2\" content=\"Tiempo de lectura estimado\" \/>\n\t\t<meta name=\"twitter:data2\" content=\"1 minuto\" \/>\n\t\t<script type=\"application\/ld+json\" class=\"aioseo-schema\">\n\t\t\t{\"@context\":\"https:\\\/\\\/schema.org\",\"@graph\":[{\"@type\":\"BreadcrumbList\",\"@id\":\"https:\\\/\\\/candas365.es\\\/noticias\\\/candas-se-prepara-para-la-xxix-feria-de-la-conserva\\\/#breadcrumblist\",\"itemListElement\":[{\"@type\":\"ListItem\",\"@id\":\"https:\\\/\\\/candas365.es\\\/noticias#listItem\",\"position\":1,\"name\":\"Home\",\"item\":\"https:\\\/\\\/candas365.es\\\/noticias\",\"nextItem\":{\"@type\":\"ListItem\",\"@id\":\"https:\\\/\\\/candas365.es\\\/noticias\\\/category\\\/noticias-carreno\\\/#listItem\",\"name\":\"Noticias Carre\\u00f1o\"}},{\"@type\":\"ListItem\",\"@id\":\"https:\\\/\\\/candas365.es\\\/noticias\\\/category\\\/noticias-carreno\\\/#listItem\",\"position\":2,\"name\":\"Noticias Carre\\u00f1o\",\"item\":\"https:\\\/\\\/candas365.es\\\/noticias\\\/category\\\/noticias-carreno\\\/\",\"nextItem\":{\"@type\":\"ListItem\",\"@id\":\"https:\\\/\\\/candas365.es\\\/noticias\\\/candas-se-prepara-para-la-xxix-feria-de-la-conserva\\\/#listItem\",\"name\":\"Cand\\u00e1s se prepara para la XXIX Feria de la Conserva\"},\"previousItem\":{\"@type\":\"ListItem\",\"@id\":\"https:\\\/\\\/candas365.es\\\/noticias#listItem\",\"name\":\"Home\"}},{\"@type\":\"ListItem\",\"@id\":\"https:\\\/\\\/candas365.es\\\/noticias\\\/candas-se-prepara-para-la-xxix-feria-de-la-conserva\\\/#listItem\",\"position\":3,\"name\":\"Cand\\u00e1s se prepara para la XXIX Feria de la Conserva\",\"previousItem\":{\"@type\":\"ListItem\",\"@id\":\"https:\\\/\\\/candas365.es\\\/noticias\\\/category\\\/noticias-carreno\\\/#listItem\",\"name\":\"Noticias Carre\\u00f1o\"}}]},{\"@type\":\"NewsArticle\",\"@id\":\"https:\\\/\\\/candas365.es\\\/noticias\\\/candas-se-prepara-para-la-xxix-feria-de-la-conserva\\\/#newsarticle\",\"name\":\"Cand\\u00e1s se prepara para la XXIX Feria de la Conserva | Cand\\u00e1s 365\",\"headline\":\"Cand\\u00e1s se prepara para la XXIX Feria de la Conserva\",\"author\":{\"@id\":\"https:\\\/\\\/candas365.es\\\/noticias\\\/author\\\/admin\\\/#author\"},\"publisher\":{\"@id\":\"https:\\\/\\\/candas365.es\\\/noticias\\\/#organization\"},\"image\":{\"@type\":\"ImageObject\",\"url\":\"https:\\\/\\\/candas365.es\\\/noticias\\\/wp-content\\\/uploads\\\/2018\\\/04\\\/candas.jpg\",\"width\":892,\"height\":552,\"caption\":\"Cand\\u00e1s\"},\"datePublished\":\"2018-06-16T02:25:14+02:00\",\"dateModified\":\"2018-06-16T02:25:14+02:00\",\"inLanguage\":\"es-ES\",\"mainEntityOfPage\":{\"@id\":\"https:\\\/\\\/candas365.es\\\/noticias\\\/candas-se-prepara-para-la-xxix-feria-de-la-conserva\\\/#webpage\"},\"isPartOf\":{\"@id\":\"https:\\\/\\\/candas365.es\\\/noticias\\\/candas-se-prepara-para-la-xxix-feria-de-la-conserva\\\/#webpage\"},\"articleSection\":\"Noticias Carre\\u00f1o\",\"dateline\":\"Publicado el junio 16, 2018.\"},{\"@type\":\"Organization\",\"@id\":\"https:\\\/\\\/candas365.es\\\/noticias\\\/#organization\",\"name\":\"Cand\\u00e1s 365\",\"description\":\"Cand\\u00e1s 365 es un diario digital independiente, fundado en 2012, con base en Asturias. Informamos con rigor sobre actualidad, sociedad, cultura y ocio, con una mirada local y global.\",\"url\":\"https:\\\/\\\/candas365.es\\\/noticias\\\/\",\"email\":\"info@candas365.es\",\"telephone\":\"+34652131393\",\"foundingDate\":\"2012-06-10\",\"logo\":{\"@type\":\"ImageObject\",\"url\":\"https:\\\/\\\/candas365.es\\\/noticias\\\/wp-content\\\/uploads\\\/2024\\\/09\\\/Candas-365-Redes.jpg\",\"@id\":\"https:\\\/\\\/candas365.es\\\/noticias\\\/candas-se-prepara-para-la-xxix-feria-de-la-conserva\\\/#organizationLogo\",\"width\":1152,\"height\":864,\"caption\":\"Cand\\u00e1s 365 Redes\"},\"image\":{\"@id\":\"https:\\\/\\\/candas365.es\\\/noticias\\\/candas-se-prepara-para-la-xxix-feria-de-la-conserva\\\/#organizationLogo\"},\"sameAs\":[\"https:\\\/\\\/www.facebook.com\\\/Nachofdezber\",\"https:\\\/\\\/x.com\\\/NabercoDigital\",\"https:\\\/\\\/www.instagram.com\\\/nachofdezber\\\/\",\"https:\\\/\\\/www.youtube.com\\\/channel\\\/UCZP-2wLEB9Rv6erhFmqVnvg\"],\"address\":{\"@id\":\"https:\\\/\\\/candas365.es\\\/noticias\\\/#postaladdress\",\"@type\":\"PostalAddress\",\"streetAddress\":\"san antonio 4, san antonio 4\",\"postalCode\":\"33430\",\"addressLocality\":\"Cand\\u00e1s\",\"addressRegion\":\"Asturias\",\"addressCountry\":\"ES\"}},{\"@type\":\"Person\",\"@id\":\"https:\\\/\\\/candas365.es\\\/noticias\\\/author\\\/admin\\\/#author\",\"url\":\"https:\\\/\\\/candas365.es\\\/noticias\\\/author\\\/admin\\\/\",\"name\":\"Cand\\u00e1s 365\",\"image\":{\"@type\":\"ImageObject\",\"@id\":\"https:\\\/\\\/candas365.es\\\/noticias\\\/candas-se-prepara-para-la-xxix-feria-de-la-conserva\\\/#authorImage\",\"url\":\"https:\\\/\\\/secure.gravatar.com\\\/avatar\\\/496a8e03d0c493ede1718b7934145dbdf8d89be1036b0eec9544e1094c9de390?s=96&d=mm&r=g\",\"width\":96,\"height\":96,\"caption\":\"Cand\\u00e1s 365\"},\"sameAs\":[\"https:\\\/\\\/www.facebook.com\\\/carrenoactualidad\",\"https:\\\/\\\/twitter.com\\\/nbasturias\",\"https:\\\/\\\/www.instagram.com\\\/nachofdezber\\\/\",\"https:\\\/\\\/www.youtube.com\\\/channel\\\/UCZP-2wLEB9Rv6erhFmqVnvg\"]},{\"@type\":\"WebPage\",\"@id\":\"https:\\\/\\\/candas365.es\\\/noticias\\\/candas-se-prepara-para-la-xxix-feria-de-la-conserva\\\/#webpage\",\"url\":\"https:\\\/\\\/candas365.es\\\/noticias\\\/candas-se-prepara-para-la-xxix-feria-de-la-conserva\\\/\",\"name\":\"Cand\\u00e1s se prepara para la XXIX Feria de la Conserva | Cand\\u00e1s 365\",\"description\":\"El Ayuntamiento de Carre\\u00f1o abre el plazo de inscripci\\u00f3n para optar a un stand en la XXIX Feria de la Conserva de Cand\\u00e1s que se celebrar\\u00e1 en el Puerto de Cand\\u00e1s del 19 al 22 de julio de 2018. \\u201cLas empresas interesadas en participar podr\\u00e1n enviar su solicitud al Ayuntamiento de Carre\\u00f1o v\\u00eda fax, por\",\"inLanguage\":\"es-ES\",\"isPartOf\":{\"@id\":\"https:\\\/\\\/candas365.es\\\/noticias\\\/#website\"},\"breadcrumb\":{\"@id\":\"https:\\\/\\\/candas365.es\\\/noticias\\\/candas-se-prepara-para-la-xxix-feria-de-la-conserva\\\/#breadcrumblist\"},\"author\":{\"@id\":\"https:\\\/\\\/candas365.es\\\/noticias\\\/author\\\/admin\\\/#author\"},\"creator\":{\"@id\":\"https:\\\/\\\/candas365.es\\\/noticias\\\/author\\\/admin\\\/#author\"},\"image\":{\"@type\":\"ImageObject\",\"url\":\"https:\\\/\\\/candas365.es\\\/noticias\\\/wp-content\\\/uploads\\\/2018\\\/04\\\/candas.jpg\",\"@id\":\"https:\\\/\\\/candas365.es\\\/noticias\\\/candas-se-prepara-para-la-xxix-feria-de-la-conserva\\\/#mainImage\",\"width\":892,\"height\":552,\"caption\":\"Cand\\u00e1s\"},\"primaryImageOfPage\":{\"@id\":\"https:\\\/\\\/candas365.es\\\/noticias\\\/candas-se-prepara-para-la-xxix-feria-de-la-conserva\\\/#mainImage\"},\"datePublished\":\"2018-06-16T02:25:14+02:00\",\"dateModified\":\"2018-06-16T02:25:14+02:00\"},{\"@type\":\"WebSite\",\"@id\":\"https:\\\/\\\/candas365.es\\\/noticias\\\/#website\",\"url\":\"https:\\\/\\\/candas365.es\\\/noticias\\\/\",\"name\":\"Cand\\u00e1s 365\",\"alternateName\":\"Cand\\u00e1s 365 Noticias\",\"description\":\"Actualidad desde Carre\\u00f1o para el mundo\",\"inLanguage\":\"es-ES\",\"publisher\":{\"@id\":\"https:\\\/\\\/candas365.es\\\/noticias\\\/#organization\"}}]}\n\t\t<\/script>\n\t\t<!-- All in One SEO Pro -->\r\n\t\t<title>Cand\u00e1s se prepara para la XXIX Feria de la Conserva | Cand\u00e1s 365<\/title>\n\n","aioseo_head_json":{"title":"Cand\u00e1s se prepara para la XXIX Feria de la Conserva | Cand\u00e1s 365","description":"El Ayuntamiento de Carre\u00f1o abre el plazo de inscripci\u00f3n para optar a un stand en la XXIX Feria de la Conserva de Cand\u00e1s que se celebrar\u00e1 en el Puerto de Cand\u00e1s del 19 al 22 de julio de 2018. \u201cLas empresas interesadas en participar podr\u00e1n enviar su solicitud al Ayuntamiento de Carre\u00f1o v\u00eda fax, por","canonical_url":"https:\/\/candas365.es\/noticias\/candas-se-prepara-para-la-xxix-feria-de-la-conserva\/","robots":"max-image-preview:large","keywords":"noticias carre\u00f1o","webmasterTools":{"google-site-verification":"UA-32230408-1","msvalidate.01":"354F3CDFB2DA171B47FBE9ABF1F88D5","miscellaneous":""},"schema":{"@context":"https:\/\/schema.org","@graph":[{"@type":"BreadcrumbList","@id":"https:\/\/candas365.es\/noticias\/candas-se-prepara-para-la-xxix-feria-de-la-conserva\/#breadcrumblist","itemListElement":[{"@type":"ListItem","@id":"https:\/\/candas365.es\/noticias#listItem","position":1,"name":"Home","item":"https:\/\/candas365.es\/noticias","nextItem":{"@type":"ListItem","@id":"https:\/\/candas365.es\/noticias\/category\/noticias-carreno\/#listItem","name":"Noticias Carre\u00f1o"}},{"@type":"ListItem","@id":"https:\/\/candas365.es\/noticias\/category\/noticias-carreno\/#listItem","position":2,"name":"Noticias Carre\u00f1o","item":"https:\/\/candas365.es\/noticias\/category\/noticias-carreno\/","nextItem":{"@type":"ListItem","@id":"https:\/\/candas365.es\/noticias\/candas-se-prepara-para-la-xxix-feria-de-la-conserva\/#listItem","name":"Cand\u00e1s se prepara para la XXIX Feria de la Conserva"},"previousItem":{"@type":"ListItem","@id":"https:\/\/candas365.es\/noticias#listItem","name":"Home"}},{"@type":"ListItem","@id":"https:\/\/candas365.es\/noticias\/candas-se-prepara-para-la-xxix-feria-de-la-conserva\/#listItem","position":3,"name":"Cand\u00e1s se prepara para la XXIX Feria de la Conserva","previousItem":{"@type":"ListItem","@id":"https:\/\/candas365.es\/noticias\/category\/noticias-carreno\/#listItem","name":"Noticias Carre\u00f1o"}}]},{"@type":"NewsArticle","@id":"https:\/\/candas365.es\/noticias\/candas-se-prepara-para-la-xxix-feria-de-la-conserva\/#newsarticle","name":"Cand\u00e1s se prepara para la XXIX Feria de la Conserva | Cand\u00e1s 365","headline":"Cand\u00e1s se prepara para la XXIX Feria de la Conserva","author":{"@id":"https:\/\/candas365.es\/noticias\/author\/admin\/#author"},"publisher":{"@id":"https:\/\/candas365.es\/noticias\/#organization"},"image":{"@type":"ImageObject","url":"https:\/\/candas365.es\/noticias\/wp-content\/uploads\/2018\/04\/candas.jpg","width":892,"height":552,"caption":"Cand\u00e1s"},"datePublished":"2018-06-16T02:25:14+02:00","dateModified":"2018-06-16T02:25:14+02:00","inLanguage":"es-ES","mainEntityOfPage":{"@id":"https:\/\/candas365.es\/noticias\/candas-se-prepara-para-la-xxix-feria-de-la-conserva\/#webpage"},"isPartOf":{"@id":"https:\/\/candas365.es\/noticias\/candas-se-prepara-para-la-xxix-feria-de-la-conserva\/#webpage"},"articleSection":"Noticias Carre\u00f1o","dateline":"Publicado el junio 16, 2018."},{"@type":"Organization","@id":"https:\/\/candas365.es\/noticias\/#organization","name":"Cand\u00e1s 365","description":"Cand\u00e1s 365 es un diario digital independiente, fundado en 2012, con base en Asturias. Informamos con rigor sobre actualidad, sociedad, cultura y ocio, con una mirada local y global.","url":"https:\/\/candas365.es\/noticias\/","email":"info@candas365.es","telephone":"+34652131393","foundingDate":"2012-06-10","logo":{"@type":"ImageObject","url":"https:\/\/candas365.es\/noticias\/wp-content\/uploads\/2024\/09\/Candas-365-Redes.jpg","@id":"https:\/\/candas365.es\/noticias\/candas-se-prepara-para-la-xxix-feria-de-la-conserva\/#organizationLogo","width":1152,"height":864,"caption":"Cand\u00e1s 365 Redes"},"image":{"@id":"https:\/\/candas365.es\/noticias\/candas-se-prepara-para-la-xxix-feria-de-la-conserva\/#organizationLogo"},"sameAs":["https:\/\/www.facebook.com\/Nachofdezber","https:\/\/x.com\/NabercoDigital","https:\/\/www.instagram.com\/nachofdezber\/","https:\/\/www.youtube.com\/channel\/UCZP-2wLEB9Rv6erhFmqVnvg"],"address":{"@id":"https:\/\/candas365.es\/noticias\/#postaladdress","@type":"PostalAddress","streetAddress":"san antonio 4, san antonio 4","postalCode":"33430","addressLocality":"Cand\u00e1s","addressRegion":"Asturias","addressCountry":"ES"}},{"@type":"Person","@id":"https:\/\/candas365.es\/noticias\/author\/admin\/#author","url":"https:\/\/candas365.es\/noticias\/author\/admin\/","name":"Cand\u00e1s 365","image":{"@type":"ImageObject","@id":"https:\/\/candas365.es\/noticias\/candas-se-prepara-para-la-xxix-feria-de-la-conserva\/#authorImage","url":"https:\/\/secure.gravatar.com\/avatar\/496a8e03d0c493ede1718b7934145dbdf8d89be1036b0eec9544e1094c9de390?s=96&d=mm&r=g","width":96,"height":96,"caption":"Cand\u00e1s 365"},"sameAs":["https:\/\/www.facebook.com\/carrenoactualidad","https:\/\/twitter.com\/nbasturias","https:\/\/www.instagram.com\/nachofdezber\/","https:\/\/www.youtube.com\/channel\/UCZP-2wLEB9Rv6erhFmqVnvg"]},{"@type":"WebPage","@id":"https:\/\/candas365.es\/noticias\/candas-se-prepara-para-la-xxix-feria-de-la-conserva\/#webpage","url":"https:\/\/candas365.es\/noticias\/candas-se-prepara-para-la-xxix-feria-de-la-conserva\/","name":"Cand\u00e1s se prepara para la XXIX Feria de la Conserva | Cand\u00e1s 365","description":"El Ayuntamiento de Carre\u00f1o abre el plazo de inscripci\u00f3n para optar a un stand en la XXIX Feria de la Conserva de Cand\u00e1s que se celebrar\u00e1 en el Puerto de Cand\u00e1s del 19 al 22 de julio de 2018. \u201cLas empresas interesadas en participar podr\u00e1n enviar su solicitud al Ayuntamiento de Carre\u00f1o v\u00eda fax, por","inLanguage":"es-ES","isPartOf":{"@id":"https:\/\/candas365.es\/noticias\/#website"},"breadcrumb":{"@id":"https:\/\/candas365.es\/noticias\/candas-se-prepara-para-la-xxix-feria-de-la-conserva\/#breadcrumblist"},"author":{"@id":"https:\/\/candas365.es\/noticias\/author\/admin\/#author"},"creator":{"@id":"https:\/\/candas365.es\/noticias\/author\/admin\/#author"},"image":{"@type":"ImageObject","url":"https:\/\/candas365.es\/noticias\/wp-content\/uploads\/2018\/04\/candas.jpg","@id":"https:\/\/candas365.es\/noticias\/candas-se-prepara-para-la-xxix-feria-de-la-conserva\/#mainImage","width":892,"height":552,"caption":"Cand\u00e1s"},"primaryImageOfPage":{"@id":"https:\/\/candas365.es\/noticias\/candas-se-prepara-para-la-xxix-feria-de-la-conserva\/#mainImage"},"datePublished":"2018-06-16T02:25:14+02:00","dateModified":"2018-06-16T02:25:14+02:00"},{"@type":"WebSite","@id":"https:\/\/candas365.es\/noticias\/#website","url":"https:\/\/candas365.es\/noticias\/","name":"Cand\u00e1s 365","alternateName":"Cand\u00e1s 365 Noticias","description":"Actualidad desde Carre\u00f1o para el mundo","inLanguage":"es-ES","publisher":{"@id":"https:\/\/candas365.es\/noticias\/#organization"}}]},"og:locale":"es_ES","og:site_name":"Cand\u00e1s 365","og:type":"article","og:title":"Cand\u00e1s se prepara para la XXIX Feria de la Conserva | Cand\u00e1s 365","og:description":"El Ayuntamiento de Carre\u00f1o abre el plazo de inscripci\u00f3n para optar a un stand en la XXIX Feria de la Conserva de Cand\u00e1s que se celebrar\u00e1 en el Puerto de Cand\u00e1s del 19 al 22 de julio de 2018. \u201cLas empresas interesadas en participar podr\u00e1n enviar su solicitud al Ayuntamiento de Carre\u00f1o v\u00eda fax, por","og:url":"https:\/\/candas365.es\/noticias\/candas-se-prepara-para-la-xxix-feria-de-la-conserva\/","og:image":"https:\/\/candas365.es\/noticias\/wp-content\/uploads\/2018\/04\/candas.jpg","og:image:secure_url":"https:\/\/candas365.es\/noticias\/wp-content\/uploads\/2018\/04\/candas.jpg","og:image:width":892,"og:image:height":552,"article:published_time":"2018-06-16T02:25:14+00:00","article:modified_time":"2018-06-16T02:25:14+00:00","article:publisher":"https:\/\/www.facebook.com\/Nachofdezber","article:author":"https:\/\/www.facebook.com\/carrenoactualidad","twitter:card":"summary_large_image","twitter:site":"@NabercoDigital","twitter:title":"Cand\u00e1s se prepara para la XXIX Feria de la Conserva | Cand\u00e1s 365","twitter:description":"El Ayuntamiento de Carre\u00f1o abre el plazo de inscripci\u00f3n para optar a un stand en la XXIX Feria de la Conserva de Cand\u00e1s que se celebrar\u00e1 en el Puerto de Cand\u00e1s del 19 al 22 de julio de 2018. \u201cLas empresas interesadas en participar podr\u00e1n enviar su solicitud al Ayuntamiento de Carre\u00f1o v\u00eda fax, por","twitter:creator":"@nbasturias","twitter:image":"https:\/\/candas365.es\/noticias\/wp-content\/uploads\/2018\/04\/candas.jpg","twitter:label1":"Escrito por","twitter:data1":"Cand\u00e1s 365","twitter:label2":"Tiempo de lectura estimado","twitter:data2":"1 minuto"},"aioseo_meta_data":{"post_id":"98060","title":null,"description":null,"keywords":null,"keyphrases":null,"primary_term":null,"canonical_url":null,"og_title":null,"og_description":null,"og_object_type":"default","og_image_type":"default","og_image_url":null,"og_image_width":null,"og_image_height":null,"og_image_custom_url":null,"og_image_custom_fields":null,"og_video":null,"og_custom_url":null,"og_article_section":null,"og_article_tags":null,"twitter_use_og":false,"twitter_card":"default","twitter_image_type":"default","twitter_image_url":null,"twitter_image_custom_url":null,"twitter_image_custom_fields":null,"twitter_title":null,"twitter_description":null,"schema":{"blockGraphs":[],"customGraphs":[],"default":{"data":{"Article":[],"Course":[],"Dataset":[],"FAQPage":[],"Movie":[],"Person":[],"Product":[],"ProductReview":[],"Car":[],"Recipe":[],"Service":[],"SoftwareApplication":[],"WebPage":[]},"graphName":"","isEnabled":true},"graphs":[],"defaultGraph":"","defaultPostTypeGraph":""},"schema_type":null,"schema_type_options":null,"pillar_content":false,"robots_default":true,"robots_noindex":false,"robots_noarchive":false,"robots_nosnippet":false,"robots_nofollow":false,"robots_noimageindex":false,"robots_noodp":false,"robots_notranslate":false,"robots_max_snippet":null,"robots_max_videopreview":null,"robots_max_imagepreview":"large","priority":null,"frequency":null,"location":null,"local_seo":null,"seo_analyzer_scan_date":"2025-08-27 02:28:37","breadcrumb_settings":null,"limit_modified_date":false,"reviewed_by":null,"open_ai":null,"ai":null,"created":"2020-12-21 11:50:28","updated":"2025-08-27 02:28:37"},"aioseo_breadcrumb":"<div class=\"aioseo-breadcrumbs\"><span class=\"aioseo-breadcrumb\">\n\t<a href=\"https:\/\/candas365.es\/noticias\" title=\"Home\">Home<\/a>\n<\/span><span class=\"aioseo-breadcrumb-separator\">&ndash;<\/span><span class=\"aioseo-breadcrumb\">\n\t<a href=\"https:\/\/candas365.es\/noticias\/category\/noticias-carreno\/\" title=\"Noticias Carre\u00f1o\">Noticias Carre\u00f1o<\/a>\n<\/span><span class=\"aioseo-breadcrumb-separator\">&ndash;<\/span><span class=\"aioseo-breadcrumb\">\n\tCand\u00e1s se prepara para la XXIX Feria de la Conserva\n<\/span><\/div>","aioseo_breadcrumb_json":[{"label":"Home","link":"https:\/\/candas365.es\/noticias"},{"label":"Noticias Carre\u00f1o","link":"https:\/\/candas365.es\/noticias\/category\/noticias-carreno\/"},{"label":"Cand\u00e1s se prepara para la XXIX Feria de la Conserva","link":"https:\/\/candas365.es\/noticias\/candas-se-prepara-para-la-xxix-feria-de-la-conserva\/"}],"_links":{"self":[{"href":"https:\/\/candas365.es\/noticias\/wp-json\/wp\/v2\/posts\/98060","targetHints":{"allow":["GET"]}}],"collection":[{"href":"https:\/\/candas365.es\/noticias\/wp-json\/wp\/v2\/posts"}],"about":[{"href":"https:\/\/candas365.es\/noticias\/wp-json\/wp\/v2\/types\/post"}],"author":[{"embeddable":true,"href":"https:\/\/candas365.es\/noticias\/wp-json\/wp\/v2\/users\/1"}],"replies":[{"embeddable":true,"href":"https:\/\/candas365.es\/noticias\/wp-json\/wp\/v2\/comments?post=98060"}],"version-history":[{"count":0,"href":"https:\/\/candas365.es\/noticias\/wp-json\/wp\/v2\/posts\/98060\/revisions"}],"wp:featuredmedia":[{"embeddable":true,"href":"https:\/\/candas365.es\/noticias\/wp-json\/wp\/v2\/media\/94663"}],"wp:attachment":[{"href":"https:\/\/candas365.es\/noticias\/wp-json\/wp\/v2\/media?parent=98060"}],"wp:term":[{"taxonomy":"category","embeddable":true,"href":"https:\/\/candas365.es\/noticias\/wp-json\/wp\/v2\/categories?post=98060"},{"taxonomy":"post_tag","embeddable":true,"href":"https:\/\/candas365.es\/noticias\/wp-json\/wp\/v2\/tags?post=98060"}],"curies":[{"name":"wp","href":"https:\/\/api.w.org\/{rel}","templated":true}]}}