{"id":98054,"date":"2018-06-15T23:53:46","date_gmt":"2018-06-15T23:53:46","guid":{"rendered":"http:\/\/candas365.es\/noticias\/?p=98054"},"modified":"2018-06-15T23:53:46","modified_gmt":"2018-06-15T23:53:46","slug":"verano-en-laboral-ciudad-de-la-cultura","status":"publish","type":"post","link":"https:\/\/candas365.es\/noticias\/verano-en-laboral-ciudad-de-la-cultura\/","title":{"rendered":"Verano en Laboral Ciudad de la Cultura"},"content":{"rendered":"<p><img fetchpriority=\"high\" decoding=\"async\" class=\"alignleft size-medium wp-image-80268\" src=\"https:\/\/candas365.es\/noticias\/wp-content\/uploads\/2017\/09\/Laboral-360x239.jpg\" alt=\"\" width=\"360\" height=\"239\" srcset=\"https:\/\/candas365.es\/noticias\/wp-content\/uploads\/2017\/09\/Laboral-360x239.jpg 360w, https:\/\/candas365.es\/noticias\/wp-content\/uploads\/2017\/09\/Laboral-768x511.jpg 768w, https:\/\/candas365.es\/noticias\/wp-content\/uploads\/2017\/09\/Laboral-655x435.jpg 655w, https:\/\/candas365.es\/noticias\/wp-content\/uploads\/2017\/09\/Laboral-696x463.jpg 696w, https:\/\/candas365.es\/noticias\/wp-content\/uploads\/2017\/09\/Laboral-1068x710.jpg 1068w, https:\/\/candas365.es\/noticias\/wp-content\/uploads\/2017\/09\/Laboral-632x420.jpg 632w, https:\/\/candas365.es\/noticias\/wp-content\/uploads\/2017\/09\/Laboral-84x55.jpg 84w, https:\/\/candas365.es\/noticias\/wp-content\/uploads\/2017\/09\/Laboral.jpg 1280w\" sizes=\"(max-width: 360px) 100vw, 360px\" \/>Victoria Cantus, Texas, Fleet Foxes y el Tsunami Xix\u00f3n ponen m\u00fasica al verano de Laboral Ciudad de la Cultura, que se completa con los Campus de Verano y las cuatro funciones del Circo M\u00e1gico, entre otras actividades y eventos.<\/p>\n<p>El grupo coral Victoria Cantus interpretar\u00e1 por primera vez en Asturias los Responsorios de Tinieblas de Tom\u00e1s Luis de Victoria, el pr\u00f3ximo 23 de junio en la Iglesia de la Laboral. Victoria Cantus, dirigido por Carlos Jos\u00e9 Mart\u00ednez, es un grupo \u00fanico especializado en repertorio sacro patrimonial de los siglos XVI y XVII. Estar\u00e1 acompa\u00f1ado por Francisco Javier L\u00f3pez al \u00f3rgano, en una obra perfectamente adaptada al contexto lit\u00fargico m\u00e1s estricto con una versi\u00f3n que busca hacer m\u00e1s transparente y claro el sentido del texto.<\/p>\n<p>Texas llegar\u00e1 el 1 de julio al Teatro de la Laboral con las entradas agotadas y con las \u00faltimas localidades de visual reducida a la venta. El grupo escoc\u00e9s formado por Sharleen Spiteri (voz y guitarra), Ally McErlaine (guitarra) y Johnny McElhone (bajo) presentar\u00e1 su nuevo trabajo, Jump on Board, y repasar\u00e1 lo mejor de su exitosa carrera musical, con \u00e1lbumes como White on Blonde, con m\u00e1s de 1.800.000 copias vendidas.<\/p>\n<p>Tras una carrera fulgurante en la que no han parado de cosechar \u00e9xitos, Fleet Foxes actuar\u00e1 en la Laboral el 11 de julio. El quinteto, que se describe a s\u00ed mismo como \u201cuna jam de pop arm\u00f3nico barroco\u201d, destaca por sus armon\u00edas vocales y sus letras y trae al Teatro su tercer y esperado \u00e1lbum, Crack-Up.<\/p>\n<p>La ola del Tsunami Xix\u00f3n vuelve a Laboral Ciudad de la Cultura y a Gij\u00f3n el 3 y 4 de agosto. The Prodigy, Bad Religion, The Hives, Millencolin, Lagwagon, The Vintage Caravan, Los Coronas, Dead Bronco, Viva Belgrado y Green Desert Water\u2026 son algunas de las bandas de la segunda edici\u00f3n de este Festival, que ya ha puesto a disposici\u00f3n del p\u00fablico los \u00faltimos abonos disponibles y entradas para cada uno de los d\u00edas del Tsunami.<\/p>\n<p><strong>Campus para el p\u00fablico infantil y un Circo M\u00e1gico para toda la familia<\/strong><\/p>\n<p>Laboral Ciudad de la Cultura y Educo organizan los Campus de Verano para p\u00fablico infantil de 3 a 5 y de 6 a 12 a\u00f1os, que se celebrar\u00e1n del 2 de julio al 31 de agosto. Los m\u00e1s peque\u00f1os de la casa podr\u00e1n divertirse con actividades relacionadas con las artes pl\u00e1sticas y esc\u00e9nicas, la ciencia, la cocina o el reciclaje y la educaci\u00f3n en valores como la igualdad, la prevenci\u00f3n contra el acoso escolar y la integraci\u00f3n a la diversidad.<\/p>\n<p>Cada semana, un experto acudir\u00e1 a la Laboral para desarrollar una actividad especial como realidad virtual, cocina saludable y divertida, modelado profesional o taller de croma. El aprendizaje de vocabulario y nuevas expresiones en ingl\u00e9s o cultura asturiana tambi\u00e9n tendr\u00e1n cabida en el programa del Campus de Verano, que contar\u00e1 con servicio especial de recogida anticipada a partir de las 08:00 h.<\/p>\n<p>El Splashdown Festival, el Festival del Cosmos en Asturias, celebra su tercera edici\u00f3n en Laboral Ciudad de la Cultura del 5 al 8 de julio con un ciclo de conferencias, talleres pr\u00e1cticos, una exposici\u00f3n, un espect\u00e1culo de m\u00fasica en directo, una performance de ciencia aplicaci\u00f3n sobre los futuros viajes a Marte, cine de ciencia ficci\u00f3n y la emisi\u00f3n del programa radiof\u00f3nico Gravedad Cero. Este a\u00f1o habr\u00e1 adem\u00e1s el Splashdown Kids, exploradores espaciales, un evento con talleres sobre el Sistema Solar, modelismo espacial y sat\u00e9lites, dirigidos al p\u00fablico infantil y juvenil.<\/p>\n<p>Del 16 al 20 y del 23 al 27 de julio, Laboral Ciudad de la Cultura acoger\u00e1 el Certamen de Afinaci\u00f3n de Pianos de Espa\u00f1a. En esta edici\u00f3n se convocan dos cursos con el objetivo de ofrecer una formaci\u00f3n experta de calidad en afinaci\u00f3n, reparaci\u00f3n y mantenimiento de un piano para mejorar la t\u00e9cnica y el uso del instrumento, as\u00ed como para saber c\u00f3mo hacer una reparaci\u00f3n, regulaci\u00f3n y afinaci\u00f3n de un piano sin ayuda de aparatos electr\u00f3nicos. El \u00faltimo d\u00eda del curso, un Tribunal evaluar\u00e1 a todos los alumnos, premiando a aquel que consiga una mejor afinaci\u00f3n.<\/p>\n<p>Los creadores del Circo de Hielo traer\u00e1n al Teatro de la Laboral su nuevo show para toda la familia, el Circo M\u00e1gico. M\u00e1s de 30 artistas representar\u00e1n cuatro funciones los d\u00edas 28, 29 y 30 de septiembre llenas de magia, acrobacias y danzas para trasladar a los espectadores al lugar donde un \u00c1rbol M\u00e1gico cuenta como el primer Gran Mago lleg\u00f3 desde las estrellas a nuestro mundo para quedarse. Con una incre\u00edble escenograf\u00eda y puesta en escena y un sorprendente vestuario para la ocasi\u00f3n, m\u00e1s de 150.000 espectadores han visto ya el Circo M\u00e1gico en Madrid.<\/p>\n<p>El p\u00fablico podr\u00e1 disfrutar adem\u00e1s de visitas guiadas a Laboral Ciudad de la Cultura para conocer algunos de los lugares que componen este monumental conjunto o de subidas al Mirador de la Torre para observar unas fant\u00e1sticas vistas del edificio y de la ciudad de Gij\u00f3n.<\/p>\n<p>Para los conciertos y espect\u00e1culos las localidades est\u00e1n disponibles en los puntos de venta habituales: Recepci\u00f3n de la Laboral, en el Centro Niemeyer en Avil\u00e9s, en la Oficina de Informaci\u00f3n Tur\u00edstica de Asturias en Oviedo, en la web entradas.liberbank.es, en el tel\u00e9fono 902 106 601 y en la red de cajeros Liberbank. Como novedad, las entradas para las visitas guiadas y las subidas al Mirador de la Torre se pueden comprar con antelaci\u00f3n en la Recepci\u00f3n de la Laboral y a trav\u00e9s de la web entradas.liberbank.es.<\/p>\n","protected":false},"excerpt":{"rendered":"<p>Victoria Cantus, Texas, Fleet Foxes y el Tsunami Xix\u00f3n ponen m\u00fasica al verano de Laboral Ciudad de la Cultura, que se completa con los Campus de Verano y las cuatro funciones del Circo M\u00e1gico, entre otras actividades y eventos. El grupo coral Victoria Cantus interpretar\u00e1 por primera vez en Asturias los Responsorios de Tinieblas de<\/p>\n","protected":false},"author":1,"featured_media":80268,"comment_status":"closed","ping_status":"closed","sticky":false,"template":"","format":"standard","meta":{"footnotes":""},"categories":[1],"tags":[],"class_list":{"0":"post-98054","1":"post","2":"type-post","3":"status-publish","4":"format-standard","5":"has-post-thumbnail","7":"category-agenda"},"aioseo_notices":[],"aioseo_head":"\n\t\t<!-- All in One SEO Pro 4.9.6.2 - aioseo.com -->\n\t<meta name=\"description\" content=\"Victoria Cantus, Texas, Fleet Foxes y el Tsunami Xix\u00f3n ponen m\u00fasica al verano de Laboral Ciudad de la Cultura, que se completa con los Campus de Verano y las cuatro funciones del Circo M\u00e1gico, entre otras actividades y eventos. El grupo coral Victoria Cantus interpretar\u00e1 por primera vez en Asturias los Responsorios de Tinieblas de\" \/>\n\t<meta name=\"robots\" content=\"max-image-preview:large\" \/>\n\t<meta name=\"author\" content=\"Cand\u00e1s 365\"\/>\n\t<meta name=\"google-site-verification\" content=\"UA-32230408-1\" \/>\n\t<meta name=\"msvalidate.01\" content=\"354F3CDFB2DA171B47FBE9ABF1F88D5\" \/>\n\t<meta name=\"keywords\" content=\"agenda\" \/>\n\t<link rel=\"canonical\" href=\"https:\/\/candas365.es\/noticias\/verano-en-laboral-ciudad-de-la-cultura\/\" \/>\n\t<meta name=\"generator\" content=\"All in One SEO Pro (AIOSEO) 4.9.6.2\" \/>\n\t\t<meta property=\"og:locale\" content=\"es_ES\" \/>\n\t\t<meta property=\"og:site_name\" content=\"Cand\u00e1s 365\" \/>\n\t\t<meta property=\"og:type\" content=\"article\" \/>\n\t\t<meta property=\"og:title\" content=\"Verano en Laboral Ciudad de la Cultura | Cand\u00e1s 365\" \/>\n\t\t<meta property=\"og:description\" content=\"Victoria Cantus, Texas, Fleet Foxes y el Tsunami Xix\u00f3n ponen m\u00fasica al verano de Laboral Ciudad de la Cultura, que se completa con los Campus de Verano y las cuatro funciones del Circo M\u00e1gico, entre otras actividades y eventos. El grupo coral Victoria Cantus interpretar\u00e1 por primera vez en Asturias los Responsorios de Tinieblas de\" \/>\n\t\t<meta property=\"og:url\" content=\"https:\/\/candas365.es\/noticias\/verano-en-laboral-ciudad-de-la-cultura\/\" \/>\n\t\t<meta property=\"og:image\" content=\"https:\/\/candas365.es\/noticias\/wp-content\/uploads\/2017\/09\/Laboral.jpg\" \/>\n\t\t<meta property=\"og:image:secure_url\" content=\"https:\/\/candas365.es\/noticias\/wp-content\/uploads\/2017\/09\/Laboral.jpg\" \/>\n\t\t<meta property=\"og:image:width\" content=\"1280\" \/>\n\t\t<meta property=\"og:image:height\" content=\"851\" \/>\n\t\t<meta property=\"article:published_time\" content=\"2018-06-15T23:53:46+00:00\" \/>\n\t\t<meta property=\"article:modified_time\" content=\"2018-06-15T23:53:46+00:00\" \/>\n\t\t<meta property=\"article:publisher\" content=\"https:\/\/www.facebook.com\/Nachofdezber\" \/>\n\t\t<meta property=\"article:author\" content=\"https:\/\/www.facebook.com\/carrenoactualidad\" \/>\n\t\t<meta name=\"twitter:card\" content=\"summary_large_image\" \/>\n\t\t<meta name=\"twitter:site\" content=\"@NabercoDigital\" \/>\n\t\t<meta name=\"twitter:title\" content=\"Verano en Laboral Ciudad de la Cultura | Cand\u00e1s 365\" \/>\n\t\t<meta name=\"twitter:description\" content=\"Victoria Cantus, Texas, Fleet Foxes y el Tsunami Xix\u00f3n ponen m\u00fasica al verano de Laboral Ciudad de la Cultura, que se completa con los Campus de Verano y las cuatro funciones del Circo M\u00e1gico, entre otras actividades y eventos. El grupo coral Victoria Cantus interpretar\u00e1 por primera vez en Asturias los Responsorios de Tinieblas de\" \/>\n\t\t<meta name=\"twitter:creator\" content=\"@nbasturias\" \/>\n\t\t<meta name=\"twitter:image\" content=\"https:\/\/candas365.es\/noticias\/wp-content\/uploads\/2017\/09\/Laboral.jpg\" \/>\n\t\t<meta name=\"twitter:label1\" content=\"Escrito por\" \/>\n\t\t<meta name=\"twitter:data1\" content=\"Cand\u00e1s 365\" \/>\n\t\t<meta name=\"twitter:label2\" content=\"Tiempo de lectura estimado\" \/>\n\t\t<meta name=\"twitter:data2\" content=\"5 minutos\" \/>\n\t\t<script type=\"application\/ld+json\" class=\"aioseo-schema\">\n\t\t\t{\"@context\":\"https:\\\/\\\/schema.org\",\"@graph\":[{\"@type\":\"BreadcrumbList\",\"@id\":\"https:\\\/\\\/candas365.es\\\/noticias\\\/verano-en-laboral-ciudad-de-la-cultura\\\/#breadcrumblist\",\"itemListElement\":[{\"@type\":\"ListItem\",\"@id\":\"https:\\\/\\\/candas365.es\\\/noticias#listItem\",\"position\":1,\"name\":\"Home\",\"item\":\"https:\\\/\\\/candas365.es\\\/noticias\",\"nextItem\":{\"@type\":\"ListItem\",\"@id\":\"https:\\\/\\\/candas365.es\\\/noticias\\\/category\\\/agenda\\\/#listItem\",\"name\":\"Agenda\"}},{\"@type\":\"ListItem\",\"@id\":\"https:\\\/\\\/candas365.es\\\/noticias\\\/category\\\/agenda\\\/#listItem\",\"position\":2,\"name\":\"Agenda\",\"item\":\"https:\\\/\\\/candas365.es\\\/noticias\\\/category\\\/agenda\\\/\",\"nextItem\":{\"@type\":\"ListItem\",\"@id\":\"https:\\\/\\\/candas365.es\\\/noticias\\\/verano-en-laboral-ciudad-de-la-cultura\\\/#listItem\",\"name\":\"Verano en Laboral Ciudad de la Cultura\"},\"previousItem\":{\"@type\":\"ListItem\",\"@id\":\"https:\\\/\\\/candas365.es\\\/noticias#listItem\",\"name\":\"Home\"}},{\"@type\":\"ListItem\",\"@id\":\"https:\\\/\\\/candas365.es\\\/noticias\\\/verano-en-laboral-ciudad-de-la-cultura\\\/#listItem\",\"position\":3,\"name\":\"Verano en Laboral Ciudad de la Cultura\",\"previousItem\":{\"@type\":\"ListItem\",\"@id\":\"https:\\\/\\\/candas365.es\\\/noticias\\\/category\\\/agenda\\\/#listItem\",\"name\":\"Agenda\"}}]},{\"@type\":\"NewsArticle\",\"@id\":\"https:\\\/\\\/candas365.es\\\/noticias\\\/verano-en-laboral-ciudad-de-la-cultura\\\/#newsarticle\",\"name\":\"Verano en Laboral Ciudad de la Cultura | Cand\\u00e1s 365\",\"headline\":\"Verano en Laboral Ciudad de la Cultura\",\"author\":{\"@id\":\"https:\\\/\\\/candas365.es\\\/noticias\\\/author\\\/admin\\\/#author\"},\"publisher\":{\"@id\":\"https:\\\/\\\/candas365.es\\\/noticias\\\/#organization\"},\"image\":{\"@type\":\"ImageObject\",\"url\":\"https:\\\/\\\/candas365.es\\\/noticias\\\/wp-content\\\/uploads\\\/2017\\\/09\\\/Laboral.jpg\",\"width\":1280,\"height\":851},\"datePublished\":\"2018-06-15T23:53:46+02:00\",\"dateModified\":\"2018-06-15T23:53:46+02:00\",\"inLanguage\":\"es-ES\",\"mainEntityOfPage\":{\"@id\":\"https:\\\/\\\/candas365.es\\\/noticias\\\/verano-en-laboral-ciudad-de-la-cultura\\\/#webpage\"},\"isPartOf\":{\"@id\":\"https:\\\/\\\/candas365.es\\\/noticias\\\/verano-en-laboral-ciudad-de-la-cultura\\\/#webpage\"},\"articleSection\":\"Agenda\",\"dateline\":\"Publicado el junio 15, 2018.\"},{\"@type\":\"Organization\",\"@id\":\"https:\\\/\\\/candas365.es\\\/noticias\\\/#organization\",\"name\":\"Cand\\u00e1s 365\",\"description\":\"Cand\\u00e1s 365 es un diario digital independiente, fundado en 2012, con base en Asturias. Informamos con rigor sobre actualidad, sociedad, cultura y ocio, con una mirada local y global.\",\"url\":\"https:\\\/\\\/candas365.es\\\/noticias\\\/\",\"email\":\"info@candas365.es\",\"telephone\":\"+34652131393\",\"foundingDate\":\"2012-06-10\",\"logo\":{\"@type\":\"ImageObject\",\"url\":\"https:\\\/\\\/candas365.es\\\/noticias\\\/wp-content\\\/uploads\\\/2024\\\/09\\\/Candas-365-Redes.jpg\",\"@id\":\"https:\\\/\\\/candas365.es\\\/noticias\\\/verano-en-laboral-ciudad-de-la-cultura\\\/#organizationLogo\",\"width\":1152,\"height\":864,\"caption\":\"Cand\\u00e1s 365 Redes\"},\"image\":{\"@id\":\"https:\\\/\\\/candas365.es\\\/noticias\\\/verano-en-laboral-ciudad-de-la-cultura\\\/#organizationLogo\"},\"sameAs\":[\"https:\\\/\\\/www.facebook.com\\\/Nachofdezber\",\"https:\\\/\\\/x.com\\\/NabercoDigital\",\"https:\\\/\\\/www.instagram.com\\\/nachofdezber\\\/\",\"https:\\\/\\\/www.youtube.com\\\/channel\\\/UCZP-2wLEB9Rv6erhFmqVnvg\"],\"address\":{\"@id\":\"https:\\\/\\\/candas365.es\\\/noticias\\\/#postaladdress\",\"@type\":\"PostalAddress\",\"streetAddress\":\"san antonio 4, san antonio 4\",\"postalCode\":\"33430\",\"addressLocality\":\"Cand\\u00e1s\",\"addressRegion\":\"Asturias\",\"addressCountry\":\"ES\"}},{\"@type\":\"Person\",\"@id\":\"https:\\\/\\\/candas365.es\\\/noticias\\\/author\\\/admin\\\/#author\",\"url\":\"https:\\\/\\\/candas365.es\\\/noticias\\\/author\\\/admin\\\/\",\"name\":\"Cand\\u00e1s 365\",\"image\":{\"@type\":\"ImageObject\",\"@id\":\"https:\\\/\\\/candas365.es\\\/noticias\\\/verano-en-laboral-ciudad-de-la-cultura\\\/#authorImage\",\"url\":\"https:\\\/\\\/secure.gravatar.com\\\/avatar\\\/496a8e03d0c493ede1718b7934145dbdf8d89be1036b0eec9544e1094c9de390?s=96&d=mm&r=g\",\"width\":96,\"height\":96,\"caption\":\"Cand\\u00e1s 365\"},\"sameAs\":[\"https:\\\/\\\/www.facebook.com\\\/carrenoactualidad\",\"https:\\\/\\\/twitter.com\\\/nbasturias\",\"https:\\\/\\\/www.instagram.com\\\/nachofdezber\\\/\",\"https:\\\/\\\/www.youtube.com\\\/channel\\\/UCZP-2wLEB9Rv6erhFmqVnvg\"]},{\"@type\":\"WebPage\",\"@id\":\"https:\\\/\\\/candas365.es\\\/noticias\\\/verano-en-laboral-ciudad-de-la-cultura\\\/#webpage\",\"url\":\"https:\\\/\\\/candas365.es\\\/noticias\\\/verano-en-laboral-ciudad-de-la-cultura\\\/\",\"name\":\"Verano en Laboral Ciudad de la Cultura | Cand\\u00e1s 365\",\"description\":\"Victoria Cantus, Texas, Fleet Foxes y el Tsunami Xix\\u00f3n ponen m\\u00fasica al verano de Laboral Ciudad de la Cultura, que se completa con los Campus de Verano y las cuatro funciones del Circo M\\u00e1gico, entre otras actividades y eventos. El grupo coral Victoria Cantus interpretar\\u00e1 por primera vez en Asturias los Responsorios de Tinieblas de\",\"inLanguage\":\"es-ES\",\"isPartOf\":{\"@id\":\"https:\\\/\\\/candas365.es\\\/noticias\\\/#website\"},\"breadcrumb\":{\"@id\":\"https:\\\/\\\/candas365.es\\\/noticias\\\/verano-en-laboral-ciudad-de-la-cultura\\\/#breadcrumblist\"},\"author\":{\"@id\":\"https:\\\/\\\/candas365.es\\\/noticias\\\/author\\\/admin\\\/#author\"},\"creator\":{\"@id\":\"https:\\\/\\\/candas365.es\\\/noticias\\\/author\\\/admin\\\/#author\"},\"image\":{\"@type\":\"ImageObject\",\"url\":\"https:\\\/\\\/candas365.es\\\/noticias\\\/wp-content\\\/uploads\\\/2017\\\/09\\\/Laboral.jpg\",\"@id\":\"https:\\\/\\\/candas365.es\\\/noticias\\\/verano-en-laboral-ciudad-de-la-cultura\\\/#mainImage\",\"width\":1280,\"height\":851},\"primaryImageOfPage\":{\"@id\":\"https:\\\/\\\/candas365.es\\\/noticias\\\/verano-en-laboral-ciudad-de-la-cultura\\\/#mainImage\"},\"datePublished\":\"2018-06-15T23:53:46+02:00\",\"dateModified\":\"2018-06-15T23:53:46+02:00\"},{\"@type\":\"WebSite\",\"@id\":\"https:\\\/\\\/candas365.es\\\/noticias\\\/#website\",\"url\":\"https:\\\/\\\/candas365.es\\\/noticias\\\/\",\"name\":\"Cand\\u00e1s 365\",\"alternateName\":\"Cand\\u00e1s 365 Noticias\",\"description\":\"Actualidad desde Carre\\u00f1o para el mundo\",\"inLanguage\":\"es-ES\",\"publisher\":{\"@id\":\"https:\\\/\\\/candas365.es\\\/noticias\\\/#organization\"}}]}\n\t\t<\/script>\n\t\t<!-- All in One SEO Pro -->\r\n\t\t<title>Verano en Laboral Ciudad de la Cultura | Cand\u00e1s 365<\/title>\n\n","aioseo_head_json":{"title":"Verano en Laboral Ciudad de la Cultura | Cand\u00e1s 365","description":"Victoria Cantus, Texas, Fleet Foxes y el Tsunami Xix\u00f3n ponen m\u00fasica al verano de Laboral Ciudad de la Cultura, que se completa con los Campus de Verano y las cuatro funciones del Circo M\u00e1gico, entre otras actividades y eventos. El grupo coral Victoria Cantus interpretar\u00e1 por primera vez en Asturias los Responsorios de Tinieblas de","canonical_url":"https:\/\/candas365.es\/noticias\/verano-en-laboral-ciudad-de-la-cultura\/","robots":"max-image-preview:large","keywords":"agenda","webmasterTools":{"google-site-verification":"UA-32230408-1","msvalidate.01":"354F3CDFB2DA171B47FBE9ABF1F88D5","miscellaneous":""},"schema":{"@context":"https:\/\/schema.org","@graph":[{"@type":"BreadcrumbList","@id":"https:\/\/candas365.es\/noticias\/verano-en-laboral-ciudad-de-la-cultura\/#breadcrumblist","itemListElement":[{"@type":"ListItem","@id":"https:\/\/candas365.es\/noticias#listItem","position":1,"name":"Home","item":"https:\/\/candas365.es\/noticias","nextItem":{"@type":"ListItem","@id":"https:\/\/candas365.es\/noticias\/category\/agenda\/#listItem","name":"Agenda"}},{"@type":"ListItem","@id":"https:\/\/candas365.es\/noticias\/category\/agenda\/#listItem","position":2,"name":"Agenda","item":"https:\/\/candas365.es\/noticias\/category\/agenda\/","nextItem":{"@type":"ListItem","@id":"https:\/\/candas365.es\/noticias\/verano-en-laboral-ciudad-de-la-cultura\/#listItem","name":"Verano en Laboral Ciudad de la Cultura"},"previousItem":{"@type":"ListItem","@id":"https:\/\/candas365.es\/noticias#listItem","name":"Home"}},{"@type":"ListItem","@id":"https:\/\/candas365.es\/noticias\/verano-en-laboral-ciudad-de-la-cultura\/#listItem","position":3,"name":"Verano en Laboral Ciudad de la Cultura","previousItem":{"@type":"ListItem","@id":"https:\/\/candas365.es\/noticias\/category\/agenda\/#listItem","name":"Agenda"}}]},{"@type":"NewsArticle","@id":"https:\/\/candas365.es\/noticias\/verano-en-laboral-ciudad-de-la-cultura\/#newsarticle","name":"Verano en Laboral Ciudad de la Cultura | Cand\u00e1s 365","headline":"Verano en Laboral Ciudad de la Cultura","author":{"@id":"https:\/\/candas365.es\/noticias\/author\/admin\/#author"},"publisher":{"@id":"https:\/\/candas365.es\/noticias\/#organization"},"image":{"@type":"ImageObject","url":"https:\/\/candas365.es\/noticias\/wp-content\/uploads\/2017\/09\/Laboral.jpg","width":1280,"height":851},"datePublished":"2018-06-15T23:53:46+02:00","dateModified":"2018-06-15T23:53:46+02:00","inLanguage":"es-ES","mainEntityOfPage":{"@id":"https:\/\/candas365.es\/noticias\/verano-en-laboral-ciudad-de-la-cultura\/#webpage"},"isPartOf":{"@id":"https:\/\/candas365.es\/noticias\/verano-en-laboral-ciudad-de-la-cultura\/#webpage"},"articleSection":"Agenda","dateline":"Publicado el junio 15, 2018."},{"@type":"Organization","@id":"https:\/\/candas365.es\/noticias\/#organization","name":"Cand\u00e1s 365","description":"Cand\u00e1s 365 es un diario digital independiente, fundado en 2012, con base en Asturias. Informamos con rigor sobre actualidad, sociedad, cultura y ocio, con una mirada local y global.","url":"https:\/\/candas365.es\/noticias\/","email":"info@candas365.es","telephone":"+34652131393","foundingDate":"2012-06-10","logo":{"@type":"ImageObject","url":"https:\/\/candas365.es\/noticias\/wp-content\/uploads\/2024\/09\/Candas-365-Redes.jpg","@id":"https:\/\/candas365.es\/noticias\/verano-en-laboral-ciudad-de-la-cultura\/#organizationLogo","width":1152,"height":864,"caption":"Cand\u00e1s 365 Redes"},"image":{"@id":"https:\/\/candas365.es\/noticias\/verano-en-laboral-ciudad-de-la-cultura\/#organizationLogo"},"sameAs":["https:\/\/www.facebook.com\/Nachofdezber","https:\/\/x.com\/NabercoDigital","https:\/\/www.instagram.com\/nachofdezber\/","https:\/\/www.youtube.com\/channel\/UCZP-2wLEB9Rv6erhFmqVnvg"],"address":{"@id":"https:\/\/candas365.es\/noticias\/#postaladdress","@type":"PostalAddress","streetAddress":"san antonio 4, san antonio 4","postalCode":"33430","addressLocality":"Cand\u00e1s","addressRegion":"Asturias","addressCountry":"ES"}},{"@type":"Person","@id":"https:\/\/candas365.es\/noticias\/author\/admin\/#author","url":"https:\/\/candas365.es\/noticias\/author\/admin\/","name":"Cand\u00e1s 365","image":{"@type":"ImageObject","@id":"https:\/\/candas365.es\/noticias\/verano-en-laboral-ciudad-de-la-cultura\/#authorImage","url":"https:\/\/secure.gravatar.com\/avatar\/496a8e03d0c493ede1718b7934145dbdf8d89be1036b0eec9544e1094c9de390?s=96&d=mm&r=g","width":96,"height":96,"caption":"Cand\u00e1s 365"},"sameAs":["https:\/\/www.facebook.com\/carrenoactualidad","https:\/\/twitter.com\/nbasturias","https:\/\/www.instagram.com\/nachofdezber\/","https:\/\/www.youtube.com\/channel\/UCZP-2wLEB9Rv6erhFmqVnvg"]},{"@type":"WebPage","@id":"https:\/\/candas365.es\/noticias\/verano-en-laboral-ciudad-de-la-cultura\/#webpage","url":"https:\/\/candas365.es\/noticias\/verano-en-laboral-ciudad-de-la-cultura\/","name":"Verano en Laboral Ciudad de la Cultura | Cand\u00e1s 365","description":"Victoria Cantus, Texas, Fleet Foxes y el Tsunami Xix\u00f3n ponen m\u00fasica al verano de Laboral Ciudad de la Cultura, que se completa con los Campus de Verano y las cuatro funciones del Circo M\u00e1gico, entre otras actividades y eventos. El grupo coral Victoria Cantus interpretar\u00e1 por primera vez en Asturias los Responsorios de Tinieblas de","inLanguage":"es-ES","isPartOf":{"@id":"https:\/\/candas365.es\/noticias\/#website"},"breadcrumb":{"@id":"https:\/\/candas365.es\/noticias\/verano-en-laboral-ciudad-de-la-cultura\/#breadcrumblist"},"author":{"@id":"https:\/\/candas365.es\/noticias\/author\/admin\/#author"},"creator":{"@id":"https:\/\/candas365.es\/noticias\/author\/admin\/#author"},"image":{"@type":"ImageObject","url":"https:\/\/candas365.es\/noticias\/wp-content\/uploads\/2017\/09\/Laboral.jpg","@id":"https:\/\/candas365.es\/noticias\/verano-en-laboral-ciudad-de-la-cultura\/#mainImage","width":1280,"height":851},"primaryImageOfPage":{"@id":"https:\/\/candas365.es\/noticias\/verano-en-laboral-ciudad-de-la-cultura\/#mainImage"},"datePublished":"2018-06-15T23:53:46+02:00","dateModified":"2018-06-15T23:53:46+02:00"},{"@type":"WebSite","@id":"https:\/\/candas365.es\/noticias\/#website","url":"https:\/\/candas365.es\/noticias\/","name":"Cand\u00e1s 365","alternateName":"Cand\u00e1s 365 Noticias","description":"Actualidad desde Carre\u00f1o para el mundo","inLanguage":"es-ES","publisher":{"@id":"https:\/\/candas365.es\/noticias\/#organization"}}]},"og:locale":"es_ES","og:site_name":"Cand\u00e1s 365","og:type":"article","og:title":"Verano en Laboral Ciudad de la Cultura | Cand\u00e1s 365","og:description":"Victoria Cantus, Texas, Fleet Foxes y el Tsunami Xix\u00f3n ponen m\u00fasica al verano de Laboral Ciudad de la Cultura, que se completa con los Campus de Verano y las cuatro funciones del Circo M\u00e1gico, entre otras actividades y eventos. El grupo coral Victoria Cantus interpretar\u00e1 por primera vez en Asturias los Responsorios de Tinieblas de","og:url":"https:\/\/candas365.es\/noticias\/verano-en-laboral-ciudad-de-la-cultura\/","og:image":"https:\/\/candas365.es\/noticias\/wp-content\/uploads\/2017\/09\/Laboral.jpg","og:image:secure_url":"https:\/\/candas365.es\/noticias\/wp-content\/uploads\/2017\/09\/Laboral.jpg","og:image:width":1280,"og:image:height":851,"article:published_time":"2018-06-15T23:53:46+00:00","article:modified_time":"2018-06-15T23:53:46+00:00","article:publisher":"https:\/\/www.facebook.com\/Nachofdezber","article:author":"https:\/\/www.facebook.com\/carrenoactualidad","twitter:card":"summary_large_image","twitter:site":"@NabercoDigital","twitter:title":"Verano en Laboral Ciudad de la Cultura | Cand\u00e1s 365","twitter:description":"Victoria Cantus, Texas, Fleet Foxes y el Tsunami Xix\u00f3n ponen m\u00fasica al verano de Laboral Ciudad de la Cultura, que se completa con los Campus de Verano y las cuatro funciones del Circo M\u00e1gico, entre otras actividades y eventos. El grupo coral Victoria Cantus interpretar\u00e1 por primera vez en Asturias los Responsorios de Tinieblas de","twitter:creator":"@nbasturias","twitter:image":"https:\/\/candas365.es\/noticias\/wp-content\/uploads\/2017\/09\/Laboral.jpg","twitter:label1":"Escrito por","twitter:data1":"Cand\u00e1s 365","twitter:label2":"Tiempo de lectura estimado","twitter:data2":"5 minutos"},"aioseo_meta_data":{"post_id":"98054","title":null,"description":null,"keywords":null,"keyphrases":null,"primary_term":null,"canonical_url":null,"og_title":null,"og_description":null,"og_object_type":"default","og_image_type":"default","og_image_url":null,"og_image_width":null,"og_image_height":null,"og_image_custom_url":null,"og_image_custom_fields":null,"og_video":null,"og_custom_url":null,"og_article_section":null,"og_article_tags":null,"twitter_use_og":false,"twitter_card":"default","twitter_image_type":"default","twitter_image_url":null,"twitter_image_custom_url":null,"twitter_image_custom_fields":null,"twitter_title":null,"twitter_description":null,"schema":{"blockGraphs":[],"customGraphs":[],"default":{"data":{"Article":[],"Course":[],"Dataset":[],"FAQPage":[],"Movie":[],"Person":[],"Product":[],"ProductReview":[],"Car":[],"Recipe":[],"Service":[],"SoftwareApplication":[],"WebPage":[]},"graphName":"","isEnabled":true},"graphs":[],"defaultGraph":"","defaultPostTypeGraph":""},"schema_type":null,"schema_type_options":null,"pillar_content":false,"robots_default":true,"robots_noindex":false,"robots_noarchive":false,"robots_nosnippet":false,"robots_nofollow":false,"robots_noimageindex":false,"robots_noodp":false,"robots_notranslate":false,"robots_max_snippet":null,"robots_max_videopreview":null,"robots_max_imagepreview":"large","priority":null,"frequency":null,"location":null,"local_seo":null,"seo_analyzer_scan_date":"2025-08-27 02:28:24","breadcrumb_settings":null,"limit_modified_date":false,"reviewed_by":null,"open_ai":null,"ai":null,"created":"2020-12-21 11:50:28","updated":"2025-08-27 02:28:24"},"aioseo_breadcrumb":"<div class=\"aioseo-breadcrumbs\"><span class=\"aioseo-breadcrumb\">\n\t<a href=\"https:\/\/candas365.es\/noticias\" title=\"Home\">Home<\/a>\n<\/span><span class=\"aioseo-breadcrumb-separator\">&ndash;<\/span><span class=\"aioseo-breadcrumb\">\n\t<a href=\"https:\/\/candas365.es\/noticias\/category\/agenda\/\" title=\"Agenda\">Agenda<\/a>\n<\/span><span class=\"aioseo-breadcrumb-separator\">&ndash;<\/span><span class=\"aioseo-breadcrumb\">\n\tVerano en Laboral Ciudad de la Cultura\n<\/span><\/div>","aioseo_breadcrumb_json":[{"label":"Home","link":"https:\/\/candas365.es\/noticias"},{"label":"Agenda","link":"https:\/\/candas365.es\/noticias\/category\/agenda\/"},{"label":"Verano en Laboral Ciudad de la Cultura","link":"https:\/\/candas365.es\/noticias\/verano-en-laboral-ciudad-de-la-cultura\/"}],"_links":{"self":[{"href":"https:\/\/candas365.es\/noticias\/wp-json\/wp\/v2\/posts\/98054","targetHints":{"allow":["GET"]}}],"collection":[{"href":"https:\/\/candas365.es\/noticias\/wp-json\/wp\/v2\/posts"}],"about":[{"href":"https:\/\/candas365.es\/noticias\/wp-json\/wp\/v2\/types\/post"}],"author":[{"embeddable":true,"href":"https:\/\/candas365.es\/noticias\/wp-json\/wp\/v2\/users\/1"}],"replies":[{"embeddable":true,"href":"https:\/\/candas365.es\/noticias\/wp-json\/wp\/v2\/comments?post=98054"}],"version-history":[{"count":0,"href":"https:\/\/candas365.es\/noticias\/wp-json\/wp\/v2\/posts\/98054\/revisions"}],"wp:featuredmedia":[{"embeddable":true,"href":"https:\/\/candas365.es\/noticias\/wp-json\/wp\/v2\/media\/80268"}],"wp:attachment":[{"href":"https:\/\/candas365.es\/noticias\/wp-json\/wp\/v2\/media?parent=98054"}],"wp:term":[{"taxonomy":"category","embeddable":true,"href":"https:\/\/candas365.es\/noticias\/wp-json\/wp\/v2\/categories?post=98054"},{"taxonomy":"post_tag","embeddable":true,"href":"https:\/\/candas365.es\/noticias\/wp-json\/wp\/v2\/tags?post=98054"}],"curies":[{"name":"wp","href":"https:\/\/api.w.org\/{rel}","templated":true}]}}