{"id":96711,"date":"2018-05-29T12:29:55","date_gmt":"2018-05-29T12:29:55","guid":{"rendered":"http:\/\/candas365.es\/noticias\/?p=96711"},"modified":"2018-05-29T12:29:55","modified_gmt":"2018-05-29T12:29:55","slug":"1-000-programas-de-aqui-la-tierra-en-la-1","status":"publish","type":"post","link":"https:\/\/candas365.es\/noticias\/1-000-programas-de-aqui-la-tierra-en-la-1\/","title":{"rendered":"1.000 programas de \u00abAqu\u00ed la tierra\u00bb en La 1"},"content":{"rendered":"<p><img fetchpriority=\"high\" decoding=\"async\" class=\"alignleft size-medium wp-image-96712\" src=\"https:\/\/candas365.es\/noticias\/wp-content\/uploads\/2018\/05\/tele29050118-360x150.jpg\" alt=\"\" width=\"360\" height=\"150\" srcset=\"https:\/\/candas365.es\/noticias\/wp-content\/uploads\/2018\/05\/tele29050118-360x150.jpg 360w, https:\/\/candas365.es\/noticias\/wp-content\/uploads\/2018\/05\/tele29050118.jpg 594w\" sizes=\"(max-width: 360px) 100vw, 360px\" \/>\u2018Aqu\u00ed la Tierra\u2019, el magac\u00edn divulgativo y de entretenimiento sobre el clima y el planeta, celebra este viernes su programa 1.000 con una emisi\u00f3n especial que repasar\u00e1 los mejores momentos de sus cuatro a\u00f1os en antena. Adem\u00e1s, el programa contar\u00e1 con Luz Casal como invitada de honor y con Juanma Iturriaga como nuevo colaborador del magac\u00edn.<\/p>\n<p>El viernes 1 de junio, \u2018Aqu\u00ed La Tierra\u2019 emitir\u00e1 su programa 1.000, tras cuatro a\u00f1os de informaci\u00f3n sobre el clima, la gastronom\u00eda, las tradiciones, los productos y las an\u00e9cdotas m\u00e1s sorprendentes sobre el planeta. Para celebrarlo, ofrecer\u00e1 un especial con los mejores momentos de sus reporteros y colaboradores, con Luz Casal como invitada de honor, y con el estreno de Juanma L\u00f3pez Iturriaga como nuevo colaborador del programa.<\/p>\n<p>El especial tambi\u00e9n contar\u00e1 con todos sus presentadores en plat\u00f3: Jacob Petrus, que dirige el programa y los presenta de lunes a viernes; Quico Taronj\u00ed, presentador de la emisi\u00f3n de los domingos; e Isabel Moreno, meteor\u00f3loga que acompa\u00f1a a Quico en el programa de fin de semana. Y como corresponde, lo celebrar\u00e1n con una tarta del repostero de cabecera del programa, Oriol Balaguer, para poder soplar las velas.<\/p>\n<p>El magac\u00edn de La 1 sigue vivo y en esta temporada de verano incorporar\u00e1 nuevos colaboradores, nuevas secciones como \u2018\u00bfAqu\u00ed d\u00f3nde se va?\u2019 o \u2018Los trucos de Aqu\u00ed La Tierra\u2019, y una conexi\u00f3n en directo con dron para mostrar las mejores playas y rincones naturales de nuestro pa\u00eds.<\/p>\n<p><strong>Una audiencia consolidada<\/strong><\/p>\n<p>&#8216;Aqu\u00ed la Tierra&#8217;, dirigido por Jacob Petrus y V\u00edctor Otamendi, se ha consolidado en las tardes de La 1 como una de las opciones favoritas del p\u00fablico. El programa comenz\u00f3 a emitirse el 27 de mayo de 2014, y ha pasado de un 5,8% a un 13% de cuota de pantalla. El pasado 5 de febrero, el magac\u00edn logr\u00f3 r\u00e9cord hist\u00f3rico con 2.420.000 seguidores y una aceptaci\u00f3n del 14,7%.<\/p>\n<p>En estos cuatro a\u00f1os el programa ha recibido numerosos reconocimientos: Premio Ondas 2017 al mejor programa de entretenimiento, Antena de Oro 2017, Premio Biocultura 2015 de Periodismo en Televisi\u00f3n, Premio Nacional de Periodismo Ciudad de Guadix 2016, Premio Period\u00edstico Ecovidrio, el Internacional de Comunicaci\u00f3n Tur\u00edstica, Premio Imagen de la Sociedad Geogr\u00e1fica Espa\u00f1ola, Premio Salvamento Mar\u00edtimo 2018 o el Premio Alegr\u00eda de Vivir 2018, entre otros.<\/p>\n","protected":false},"excerpt":{"rendered":"<p>\u2018Aqu\u00ed la Tierra\u2019, el magac\u00edn divulgativo y de entretenimiento sobre el clima y el planeta, celebra este viernes su programa 1.000 con una emisi\u00f3n especial que repasar\u00e1 los mejores momentos de sus cuatro a\u00f1os en antena. Adem\u00e1s, el programa contar\u00e1 con Luz Casal como invitada de honor y con Juanma Iturriaga como nuevo colaborador del<\/p>\n","protected":false},"author":1,"featured_media":96712,"comment_status":"closed","ping_status":"closed","sticky":false,"template":"","format":"standard","meta":{"footnotes":""},"categories":[1],"tags":[],"class_list":{"0":"post-96711","1":"post","2":"type-post","3":"status-publish","4":"format-standard","5":"has-post-thumbnail","7":"category-agenda"},"aioseo_notices":[],"aioseo_head":"\n\t\t<!-- All in One SEO Pro 4.9.6.2 - aioseo.com -->\n\t<meta name=\"description\" content=\"\u2018Aqu\u00ed la Tierra\u2019, el magac\u00edn divulgativo y de entretenimiento sobre el clima y el planeta, celebra este viernes su programa 1.000 con una emisi\u00f3n especial que repasar\u00e1 los mejores momentos de sus cuatro a\u00f1os en antena. Adem\u00e1s, el programa contar\u00e1 con Luz Casal como invitada de honor y con Juanma Iturriaga como nuevo colaborador del\" \/>\n\t<meta name=\"robots\" content=\"max-image-preview:large\" \/>\n\t<meta name=\"author\" content=\"Cand\u00e1s 365\"\/>\n\t<meta name=\"google-site-verification\" content=\"UA-32230408-1\" \/>\n\t<meta name=\"msvalidate.01\" content=\"354F3CDFB2DA171B47FBE9ABF1F88D5\" \/>\n\t<meta name=\"keywords\" content=\"agenda\" \/>\n\t<link rel=\"canonical\" href=\"https:\/\/candas365.es\/noticias\/1-000-programas-de-aqui-la-tierra-en-la-1\/\" \/>\n\t<meta name=\"generator\" content=\"All in One SEO Pro (AIOSEO) 4.9.6.2\" \/>\n\t\t<meta property=\"og:locale\" content=\"es_ES\" \/>\n\t\t<meta property=\"og:site_name\" content=\"Cand\u00e1s 365\" \/>\n\t\t<meta property=\"og:type\" content=\"article\" \/>\n\t\t<meta property=\"og:title\" content=\"1.000 programas de \u00abAqu\u00ed la tierra\u00bb en La 1 | Cand\u00e1s 365\" \/>\n\t\t<meta property=\"og:description\" content=\"\u2018Aqu\u00ed la Tierra\u2019, el magac\u00edn divulgativo y de entretenimiento sobre el clima y el planeta, celebra este viernes su programa 1.000 con una emisi\u00f3n especial que repasar\u00e1 los mejores momentos de sus cuatro a\u00f1os en antena. Adem\u00e1s, el programa contar\u00e1 con Luz Casal como invitada de honor y con Juanma Iturriaga como nuevo colaborador del\" \/>\n\t\t<meta property=\"og:url\" content=\"https:\/\/candas365.es\/noticias\/1-000-programas-de-aqui-la-tierra-en-la-1\/\" \/>\n\t\t<meta property=\"og:image\" content=\"https:\/\/candas365.es\/noticias\/wp-content\/uploads\/2018\/05\/tele29050118.jpg\" \/>\n\t\t<meta property=\"og:image:secure_url\" content=\"https:\/\/candas365.es\/noticias\/wp-content\/uploads\/2018\/05\/tele29050118.jpg\" \/>\n\t\t<meta property=\"og:image:width\" content=\"594\" \/>\n\t\t<meta property=\"og:image:height\" content=\"248\" \/>\n\t\t<meta property=\"article:published_time\" content=\"2018-05-29T12:29:55+00:00\" \/>\n\t\t<meta property=\"article:modified_time\" content=\"2018-05-29T12:29:55+00:00\" \/>\n\t\t<meta property=\"article:publisher\" content=\"https:\/\/www.facebook.com\/Nachofdezber\" \/>\n\t\t<meta property=\"article:author\" content=\"https:\/\/www.facebook.com\/carrenoactualidad\" \/>\n\t\t<meta name=\"twitter:card\" content=\"summary_large_image\" \/>\n\t\t<meta name=\"twitter:site\" content=\"@NabercoDigital\" \/>\n\t\t<meta name=\"twitter:title\" content=\"1.000 programas de \u00abAqu\u00ed la tierra\u00bb en La 1 | Cand\u00e1s 365\" \/>\n\t\t<meta name=\"twitter:description\" content=\"\u2018Aqu\u00ed la Tierra\u2019, el magac\u00edn divulgativo y de entretenimiento sobre el clima y el planeta, celebra este viernes su programa 1.000 con una emisi\u00f3n especial que repasar\u00e1 los mejores momentos de sus cuatro a\u00f1os en antena. Adem\u00e1s, el programa contar\u00e1 con Luz Casal como invitada de honor y con Juanma Iturriaga como nuevo colaborador del\" \/>\n\t\t<meta name=\"twitter:creator\" content=\"@nbasturias\" \/>\n\t\t<meta name=\"twitter:image\" content=\"https:\/\/candas365.es\/noticias\/wp-content\/uploads\/2018\/05\/tele29050118.jpg\" \/>\n\t\t<meta name=\"twitter:label1\" content=\"Escrito por\" \/>\n\t\t<meta name=\"twitter:data1\" content=\"Cand\u00e1s 365\" \/>\n\t\t<meta name=\"twitter:label2\" content=\"Tiempo de lectura estimado\" \/>\n\t\t<meta name=\"twitter:data2\" content=\"2 minutos\" \/>\n\t\t<script type=\"application\/ld+json\" class=\"aioseo-schema\">\n\t\t\t{\"@context\":\"https:\\\/\\\/schema.org\",\"@graph\":[{\"@type\":\"BreadcrumbList\",\"@id\":\"https:\\\/\\\/candas365.es\\\/noticias\\\/1-000-programas-de-aqui-la-tierra-en-la-1\\\/#breadcrumblist\",\"itemListElement\":[{\"@type\":\"ListItem\",\"@id\":\"https:\\\/\\\/candas365.es\\\/noticias#listItem\",\"position\":1,\"name\":\"Home\",\"item\":\"https:\\\/\\\/candas365.es\\\/noticias\",\"nextItem\":{\"@type\":\"ListItem\",\"@id\":\"https:\\\/\\\/candas365.es\\\/noticias\\\/category\\\/agenda\\\/#listItem\",\"name\":\"Agenda\"}},{\"@type\":\"ListItem\",\"@id\":\"https:\\\/\\\/candas365.es\\\/noticias\\\/category\\\/agenda\\\/#listItem\",\"position\":2,\"name\":\"Agenda\",\"item\":\"https:\\\/\\\/candas365.es\\\/noticias\\\/category\\\/agenda\\\/\",\"nextItem\":{\"@type\":\"ListItem\",\"@id\":\"https:\\\/\\\/candas365.es\\\/noticias\\\/1-000-programas-de-aqui-la-tierra-en-la-1\\\/#listItem\",\"name\":\"1.000 programas de \\u00abAqu\\u00ed la tierra\\u00bb en La 1\"},\"previousItem\":{\"@type\":\"ListItem\",\"@id\":\"https:\\\/\\\/candas365.es\\\/noticias#listItem\",\"name\":\"Home\"}},{\"@type\":\"ListItem\",\"@id\":\"https:\\\/\\\/candas365.es\\\/noticias\\\/1-000-programas-de-aqui-la-tierra-en-la-1\\\/#listItem\",\"position\":3,\"name\":\"1.000 programas de \\u00abAqu\\u00ed la tierra\\u00bb en La 1\",\"previousItem\":{\"@type\":\"ListItem\",\"@id\":\"https:\\\/\\\/candas365.es\\\/noticias\\\/category\\\/agenda\\\/#listItem\",\"name\":\"Agenda\"}}]},{\"@type\":\"NewsArticle\",\"@id\":\"https:\\\/\\\/candas365.es\\\/noticias\\\/1-000-programas-de-aqui-la-tierra-en-la-1\\\/#newsarticle\",\"name\":\"1.000 programas de \\u00abAqu\\u00ed la tierra\\u00bb en La 1 | Cand\\u00e1s 365\",\"headline\":\"1.000 programas de \\u00abAqu\\u00ed la tierra\\u00bb en La 1\",\"author\":{\"@id\":\"https:\\\/\\\/candas365.es\\\/noticias\\\/author\\\/admin\\\/#author\"},\"publisher\":{\"@id\":\"https:\\\/\\\/candas365.es\\\/noticias\\\/#organization\"},\"image\":{\"@type\":\"ImageObject\",\"url\":\"https:\\\/\\\/candas365.es\\\/noticias\\\/wp-content\\\/uploads\\\/2018\\\/05\\\/tele29050118.jpg\",\"width\":594,\"height\":248},\"datePublished\":\"2018-05-29T12:29:55+02:00\",\"dateModified\":\"2018-05-29T12:29:55+02:00\",\"inLanguage\":\"es-ES\",\"mainEntityOfPage\":{\"@id\":\"https:\\\/\\\/candas365.es\\\/noticias\\\/1-000-programas-de-aqui-la-tierra-en-la-1\\\/#webpage\"},\"isPartOf\":{\"@id\":\"https:\\\/\\\/candas365.es\\\/noticias\\\/1-000-programas-de-aqui-la-tierra-en-la-1\\\/#webpage\"},\"articleSection\":\"Agenda\",\"dateline\":\"Publicado el mayo 29, 2018.\"},{\"@type\":\"Organization\",\"@id\":\"https:\\\/\\\/candas365.es\\\/noticias\\\/#organization\",\"name\":\"Cand\\u00e1s 365\",\"description\":\"Cand\\u00e1s 365 es un diario digital independiente, fundado en 2012, con base en Asturias. Informamos con rigor sobre actualidad, sociedad, cultura y ocio, con una mirada local y global.\",\"url\":\"https:\\\/\\\/candas365.es\\\/noticias\\\/\",\"email\":\"info@candas365.es\",\"telephone\":\"+34652131393\",\"foundingDate\":\"2012-06-10\",\"logo\":{\"@type\":\"ImageObject\",\"url\":\"https:\\\/\\\/candas365.es\\\/noticias\\\/wp-content\\\/uploads\\\/2024\\\/09\\\/Candas-365-Redes.jpg\",\"@id\":\"https:\\\/\\\/candas365.es\\\/noticias\\\/1-000-programas-de-aqui-la-tierra-en-la-1\\\/#organizationLogo\",\"width\":1152,\"height\":864,\"caption\":\"Cand\\u00e1s 365 Redes\"},\"image\":{\"@id\":\"https:\\\/\\\/candas365.es\\\/noticias\\\/1-000-programas-de-aqui-la-tierra-en-la-1\\\/#organizationLogo\"},\"sameAs\":[\"https:\\\/\\\/www.facebook.com\\\/Nachofdezber\",\"https:\\\/\\\/x.com\\\/NabercoDigital\",\"https:\\\/\\\/www.instagram.com\\\/nachofdezber\\\/\",\"https:\\\/\\\/www.youtube.com\\\/channel\\\/UCZP-2wLEB9Rv6erhFmqVnvg\"],\"address\":{\"@id\":\"https:\\\/\\\/candas365.es\\\/noticias\\\/#postaladdress\",\"@type\":\"PostalAddress\",\"streetAddress\":\"san antonio 4, san antonio 4\",\"postalCode\":\"33430\",\"addressLocality\":\"Cand\\u00e1s\",\"addressRegion\":\"Asturias\",\"addressCountry\":\"ES\"}},{\"@type\":\"Person\",\"@id\":\"https:\\\/\\\/candas365.es\\\/noticias\\\/author\\\/admin\\\/#author\",\"url\":\"https:\\\/\\\/candas365.es\\\/noticias\\\/author\\\/admin\\\/\",\"name\":\"Cand\\u00e1s 365\",\"image\":{\"@type\":\"ImageObject\",\"@id\":\"https:\\\/\\\/candas365.es\\\/noticias\\\/1-000-programas-de-aqui-la-tierra-en-la-1\\\/#authorImage\",\"url\":\"https:\\\/\\\/secure.gravatar.com\\\/avatar\\\/496a8e03d0c493ede1718b7934145dbdf8d89be1036b0eec9544e1094c9de390?s=96&d=mm&r=g\",\"width\":96,\"height\":96,\"caption\":\"Cand\\u00e1s 365\"},\"sameAs\":[\"https:\\\/\\\/www.facebook.com\\\/carrenoactualidad\",\"https:\\\/\\\/twitter.com\\\/nbasturias\",\"https:\\\/\\\/www.instagram.com\\\/nachofdezber\\\/\",\"https:\\\/\\\/www.youtube.com\\\/channel\\\/UCZP-2wLEB9Rv6erhFmqVnvg\"]},{\"@type\":\"WebPage\",\"@id\":\"https:\\\/\\\/candas365.es\\\/noticias\\\/1-000-programas-de-aqui-la-tierra-en-la-1\\\/#webpage\",\"url\":\"https:\\\/\\\/candas365.es\\\/noticias\\\/1-000-programas-de-aqui-la-tierra-en-la-1\\\/\",\"name\":\"1.000 programas de \\u00abAqu\\u00ed la tierra\\u00bb en La 1 | Cand\\u00e1s 365\",\"description\":\"\\u2018Aqu\\u00ed la Tierra\\u2019, el magac\\u00edn divulgativo y de entretenimiento sobre el clima y el planeta, celebra este viernes su programa 1.000 con una emisi\\u00f3n especial que repasar\\u00e1 los mejores momentos de sus cuatro a\\u00f1os en antena. Adem\\u00e1s, el programa contar\\u00e1 con Luz Casal como invitada de honor y con Juanma Iturriaga como nuevo colaborador del\",\"inLanguage\":\"es-ES\",\"isPartOf\":{\"@id\":\"https:\\\/\\\/candas365.es\\\/noticias\\\/#website\"},\"breadcrumb\":{\"@id\":\"https:\\\/\\\/candas365.es\\\/noticias\\\/1-000-programas-de-aqui-la-tierra-en-la-1\\\/#breadcrumblist\"},\"author\":{\"@id\":\"https:\\\/\\\/candas365.es\\\/noticias\\\/author\\\/admin\\\/#author\"},\"creator\":{\"@id\":\"https:\\\/\\\/candas365.es\\\/noticias\\\/author\\\/admin\\\/#author\"},\"image\":{\"@type\":\"ImageObject\",\"url\":\"https:\\\/\\\/candas365.es\\\/noticias\\\/wp-content\\\/uploads\\\/2018\\\/05\\\/tele29050118.jpg\",\"@id\":\"https:\\\/\\\/candas365.es\\\/noticias\\\/1-000-programas-de-aqui-la-tierra-en-la-1\\\/#mainImage\",\"width\":594,\"height\":248},\"primaryImageOfPage\":{\"@id\":\"https:\\\/\\\/candas365.es\\\/noticias\\\/1-000-programas-de-aqui-la-tierra-en-la-1\\\/#mainImage\"},\"datePublished\":\"2018-05-29T12:29:55+02:00\",\"dateModified\":\"2018-05-29T12:29:55+02:00\"},{\"@type\":\"WebSite\",\"@id\":\"https:\\\/\\\/candas365.es\\\/noticias\\\/#website\",\"url\":\"https:\\\/\\\/candas365.es\\\/noticias\\\/\",\"name\":\"Cand\\u00e1s 365\",\"alternateName\":\"Cand\\u00e1s 365 Noticias\",\"description\":\"Actualidad desde Carre\\u00f1o para el mundo\",\"inLanguage\":\"es-ES\",\"publisher\":{\"@id\":\"https:\\\/\\\/candas365.es\\\/noticias\\\/#organization\"}}]}\n\t\t<\/script>\n\t\t<!-- All in One SEO Pro -->\r\n\t\t<title>1.000 programas de \u00abAqu\u00ed la tierra\u00bb en La 1 | Cand\u00e1s 365<\/title>\n\n","aioseo_head_json":{"title":"1.000 programas de \u00abAqu\u00ed la tierra\u00bb en La 1 | Cand\u00e1s 365","description":"\u2018Aqu\u00ed la Tierra\u2019, el magac\u00edn divulgativo y de entretenimiento sobre el clima y el planeta, celebra este viernes su programa 1.000 con una emisi\u00f3n especial que repasar\u00e1 los mejores momentos de sus cuatro a\u00f1os en antena. Adem\u00e1s, el programa contar\u00e1 con Luz Casal como invitada de honor y con Juanma Iturriaga como nuevo colaborador del","canonical_url":"https:\/\/candas365.es\/noticias\/1-000-programas-de-aqui-la-tierra-en-la-1\/","robots":"max-image-preview:large","keywords":"agenda","webmasterTools":{"google-site-verification":"UA-32230408-1","msvalidate.01":"354F3CDFB2DA171B47FBE9ABF1F88D5","miscellaneous":""},"schema":{"@context":"https:\/\/schema.org","@graph":[{"@type":"BreadcrumbList","@id":"https:\/\/candas365.es\/noticias\/1-000-programas-de-aqui-la-tierra-en-la-1\/#breadcrumblist","itemListElement":[{"@type":"ListItem","@id":"https:\/\/candas365.es\/noticias#listItem","position":1,"name":"Home","item":"https:\/\/candas365.es\/noticias","nextItem":{"@type":"ListItem","@id":"https:\/\/candas365.es\/noticias\/category\/agenda\/#listItem","name":"Agenda"}},{"@type":"ListItem","@id":"https:\/\/candas365.es\/noticias\/category\/agenda\/#listItem","position":2,"name":"Agenda","item":"https:\/\/candas365.es\/noticias\/category\/agenda\/","nextItem":{"@type":"ListItem","@id":"https:\/\/candas365.es\/noticias\/1-000-programas-de-aqui-la-tierra-en-la-1\/#listItem","name":"1.000 programas de \u00abAqu\u00ed la tierra\u00bb en La 1"},"previousItem":{"@type":"ListItem","@id":"https:\/\/candas365.es\/noticias#listItem","name":"Home"}},{"@type":"ListItem","@id":"https:\/\/candas365.es\/noticias\/1-000-programas-de-aqui-la-tierra-en-la-1\/#listItem","position":3,"name":"1.000 programas de \u00abAqu\u00ed la tierra\u00bb en La 1","previousItem":{"@type":"ListItem","@id":"https:\/\/candas365.es\/noticias\/category\/agenda\/#listItem","name":"Agenda"}}]},{"@type":"NewsArticle","@id":"https:\/\/candas365.es\/noticias\/1-000-programas-de-aqui-la-tierra-en-la-1\/#newsarticle","name":"1.000 programas de \u00abAqu\u00ed la tierra\u00bb en La 1 | Cand\u00e1s 365","headline":"1.000 programas de \u00abAqu\u00ed la tierra\u00bb en La 1","author":{"@id":"https:\/\/candas365.es\/noticias\/author\/admin\/#author"},"publisher":{"@id":"https:\/\/candas365.es\/noticias\/#organization"},"image":{"@type":"ImageObject","url":"https:\/\/candas365.es\/noticias\/wp-content\/uploads\/2018\/05\/tele29050118.jpg","width":594,"height":248},"datePublished":"2018-05-29T12:29:55+02:00","dateModified":"2018-05-29T12:29:55+02:00","inLanguage":"es-ES","mainEntityOfPage":{"@id":"https:\/\/candas365.es\/noticias\/1-000-programas-de-aqui-la-tierra-en-la-1\/#webpage"},"isPartOf":{"@id":"https:\/\/candas365.es\/noticias\/1-000-programas-de-aqui-la-tierra-en-la-1\/#webpage"},"articleSection":"Agenda","dateline":"Publicado el mayo 29, 2018."},{"@type":"Organization","@id":"https:\/\/candas365.es\/noticias\/#organization","name":"Cand\u00e1s 365","description":"Cand\u00e1s 365 es un diario digital independiente, fundado en 2012, con base en Asturias. Informamos con rigor sobre actualidad, sociedad, cultura y ocio, con una mirada local y global.","url":"https:\/\/candas365.es\/noticias\/","email":"info@candas365.es","telephone":"+34652131393","foundingDate":"2012-06-10","logo":{"@type":"ImageObject","url":"https:\/\/candas365.es\/noticias\/wp-content\/uploads\/2024\/09\/Candas-365-Redes.jpg","@id":"https:\/\/candas365.es\/noticias\/1-000-programas-de-aqui-la-tierra-en-la-1\/#organizationLogo","width":1152,"height":864,"caption":"Cand\u00e1s 365 Redes"},"image":{"@id":"https:\/\/candas365.es\/noticias\/1-000-programas-de-aqui-la-tierra-en-la-1\/#organizationLogo"},"sameAs":["https:\/\/www.facebook.com\/Nachofdezber","https:\/\/x.com\/NabercoDigital","https:\/\/www.instagram.com\/nachofdezber\/","https:\/\/www.youtube.com\/channel\/UCZP-2wLEB9Rv6erhFmqVnvg"],"address":{"@id":"https:\/\/candas365.es\/noticias\/#postaladdress","@type":"PostalAddress","streetAddress":"san antonio 4, san antonio 4","postalCode":"33430","addressLocality":"Cand\u00e1s","addressRegion":"Asturias","addressCountry":"ES"}},{"@type":"Person","@id":"https:\/\/candas365.es\/noticias\/author\/admin\/#author","url":"https:\/\/candas365.es\/noticias\/author\/admin\/","name":"Cand\u00e1s 365","image":{"@type":"ImageObject","@id":"https:\/\/candas365.es\/noticias\/1-000-programas-de-aqui-la-tierra-en-la-1\/#authorImage","url":"https:\/\/secure.gravatar.com\/avatar\/496a8e03d0c493ede1718b7934145dbdf8d89be1036b0eec9544e1094c9de390?s=96&d=mm&r=g","width":96,"height":96,"caption":"Cand\u00e1s 365"},"sameAs":["https:\/\/www.facebook.com\/carrenoactualidad","https:\/\/twitter.com\/nbasturias","https:\/\/www.instagram.com\/nachofdezber\/","https:\/\/www.youtube.com\/channel\/UCZP-2wLEB9Rv6erhFmqVnvg"]},{"@type":"WebPage","@id":"https:\/\/candas365.es\/noticias\/1-000-programas-de-aqui-la-tierra-en-la-1\/#webpage","url":"https:\/\/candas365.es\/noticias\/1-000-programas-de-aqui-la-tierra-en-la-1\/","name":"1.000 programas de \u00abAqu\u00ed la tierra\u00bb en La 1 | Cand\u00e1s 365","description":"\u2018Aqu\u00ed la Tierra\u2019, el magac\u00edn divulgativo y de entretenimiento sobre el clima y el planeta, celebra este viernes su programa 1.000 con una emisi\u00f3n especial que repasar\u00e1 los mejores momentos de sus cuatro a\u00f1os en antena. Adem\u00e1s, el programa contar\u00e1 con Luz Casal como invitada de honor y con Juanma Iturriaga como nuevo colaborador del","inLanguage":"es-ES","isPartOf":{"@id":"https:\/\/candas365.es\/noticias\/#website"},"breadcrumb":{"@id":"https:\/\/candas365.es\/noticias\/1-000-programas-de-aqui-la-tierra-en-la-1\/#breadcrumblist"},"author":{"@id":"https:\/\/candas365.es\/noticias\/author\/admin\/#author"},"creator":{"@id":"https:\/\/candas365.es\/noticias\/author\/admin\/#author"},"image":{"@type":"ImageObject","url":"https:\/\/candas365.es\/noticias\/wp-content\/uploads\/2018\/05\/tele29050118.jpg","@id":"https:\/\/candas365.es\/noticias\/1-000-programas-de-aqui-la-tierra-en-la-1\/#mainImage","width":594,"height":248},"primaryImageOfPage":{"@id":"https:\/\/candas365.es\/noticias\/1-000-programas-de-aqui-la-tierra-en-la-1\/#mainImage"},"datePublished":"2018-05-29T12:29:55+02:00","dateModified":"2018-05-29T12:29:55+02:00"},{"@type":"WebSite","@id":"https:\/\/candas365.es\/noticias\/#website","url":"https:\/\/candas365.es\/noticias\/","name":"Cand\u00e1s 365","alternateName":"Cand\u00e1s 365 Noticias","description":"Actualidad desde Carre\u00f1o para el mundo","inLanguage":"es-ES","publisher":{"@id":"https:\/\/candas365.es\/noticias\/#organization"}}]},"og:locale":"es_ES","og:site_name":"Cand\u00e1s 365","og:type":"article","og:title":"1.000 programas de \u00abAqu\u00ed la tierra\u00bb en La 1 | Cand\u00e1s 365","og:description":"\u2018Aqu\u00ed la Tierra\u2019, el magac\u00edn divulgativo y de entretenimiento sobre el clima y el planeta, celebra este viernes su programa 1.000 con una emisi\u00f3n especial que repasar\u00e1 los mejores momentos de sus cuatro a\u00f1os en antena. Adem\u00e1s, el programa contar\u00e1 con Luz Casal como invitada de honor y con Juanma Iturriaga como nuevo colaborador del","og:url":"https:\/\/candas365.es\/noticias\/1-000-programas-de-aqui-la-tierra-en-la-1\/","og:image":"https:\/\/candas365.es\/noticias\/wp-content\/uploads\/2018\/05\/tele29050118.jpg","og:image:secure_url":"https:\/\/candas365.es\/noticias\/wp-content\/uploads\/2018\/05\/tele29050118.jpg","og:image:width":594,"og:image:height":248,"article:published_time":"2018-05-29T12:29:55+00:00","article:modified_time":"2018-05-29T12:29:55+00:00","article:publisher":"https:\/\/www.facebook.com\/Nachofdezber","article:author":"https:\/\/www.facebook.com\/carrenoactualidad","twitter:card":"summary_large_image","twitter:site":"@NabercoDigital","twitter:title":"1.000 programas de \u00abAqu\u00ed la tierra\u00bb en La 1 | Cand\u00e1s 365","twitter:description":"\u2018Aqu\u00ed la Tierra\u2019, el magac\u00edn divulgativo y de entretenimiento sobre el clima y el planeta, celebra este viernes su programa 1.000 con una emisi\u00f3n especial que repasar\u00e1 los mejores momentos de sus cuatro a\u00f1os en antena. Adem\u00e1s, el programa contar\u00e1 con Luz Casal como invitada de honor y con Juanma Iturriaga como nuevo colaborador del","twitter:creator":"@nbasturias","twitter:image":"https:\/\/candas365.es\/noticias\/wp-content\/uploads\/2018\/05\/tele29050118.jpg","twitter:label1":"Escrito por","twitter:data1":"Cand\u00e1s 365","twitter:label2":"Tiempo de lectura estimado","twitter:data2":"2 minutos"},"aioseo_meta_data":{"post_id":"96711","title":null,"description":null,"keywords":null,"keyphrases":null,"primary_term":null,"canonical_url":null,"og_title":null,"og_description":null,"og_object_type":"default","og_image_type":"default","og_image_url":null,"og_image_width":null,"og_image_height":null,"og_image_custom_url":null,"og_image_custom_fields":null,"og_video":null,"og_custom_url":null,"og_article_section":null,"og_article_tags":null,"twitter_use_og":false,"twitter_card":"default","twitter_image_type":"default","twitter_image_url":null,"twitter_image_custom_url":null,"twitter_image_custom_fields":null,"twitter_title":null,"twitter_description":null,"schema":{"blockGraphs":[],"customGraphs":[],"default":{"data":{"Article":[],"Course":[],"Dataset":[],"FAQPage":[],"Movie":[],"Person":[],"Product":[],"ProductReview":[],"Car":[],"Recipe":[],"Service":[],"SoftwareApplication":[],"WebPage":[]},"graphName":"","isEnabled":true},"graphs":[],"defaultGraph":"","defaultPostTypeGraph":""},"schema_type":null,"schema_type_options":null,"pillar_content":false,"robots_default":true,"robots_noindex":false,"robots_noarchive":false,"robots_nosnippet":false,"robots_nofollow":false,"robots_noimageindex":false,"robots_noodp":false,"robots_notranslate":false,"robots_max_snippet":null,"robots_max_videopreview":null,"robots_max_imagepreview":"large","priority":null,"frequency":null,"location":null,"local_seo":null,"seo_analyzer_scan_date":"2025-08-26 22:44:11","breadcrumb_settings":null,"limit_modified_date":false,"reviewed_by":null,"open_ai":null,"ai":null,"created":"2020-12-21 11:51:25","updated":"2025-08-26 22:44:11"},"aioseo_breadcrumb":"<div class=\"aioseo-breadcrumbs\"><span class=\"aioseo-breadcrumb\">\n\t<a href=\"https:\/\/candas365.es\/noticias\" title=\"Home\">Home<\/a>\n<\/span><span class=\"aioseo-breadcrumb-separator\">&ndash;<\/span><span class=\"aioseo-breadcrumb\">\n\t<a href=\"https:\/\/candas365.es\/noticias\/category\/agenda\/\" title=\"Agenda\">Agenda<\/a>\n<\/span><span class=\"aioseo-breadcrumb-separator\">&ndash;<\/span><span class=\"aioseo-breadcrumb\">\n\t1.000 programas de \u00abAqu\u00ed la tierra\u00bb en La 1\n<\/span><\/div>","aioseo_breadcrumb_json":[{"label":"Home","link":"https:\/\/candas365.es\/noticias"},{"label":"Agenda","link":"https:\/\/candas365.es\/noticias\/category\/agenda\/"},{"label":"1.000 programas de \u00abAqu\u00ed la tierra\u00bb en La 1","link":"https:\/\/candas365.es\/noticias\/1-000-programas-de-aqui-la-tierra-en-la-1\/"}],"_links":{"self":[{"href":"https:\/\/candas365.es\/noticias\/wp-json\/wp\/v2\/posts\/96711","targetHints":{"allow":["GET"]}}],"collection":[{"href":"https:\/\/candas365.es\/noticias\/wp-json\/wp\/v2\/posts"}],"about":[{"href":"https:\/\/candas365.es\/noticias\/wp-json\/wp\/v2\/types\/post"}],"author":[{"embeddable":true,"href":"https:\/\/candas365.es\/noticias\/wp-json\/wp\/v2\/users\/1"}],"replies":[{"embeddable":true,"href":"https:\/\/candas365.es\/noticias\/wp-json\/wp\/v2\/comments?post=96711"}],"version-history":[{"count":0,"href":"https:\/\/candas365.es\/noticias\/wp-json\/wp\/v2\/posts\/96711\/revisions"}],"wp:featuredmedia":[{"embeddable":true,"href":"https:\/\/candas365.es\/noticias\/wp-json\/wp\/v2\/media\/96712"}],"wp:attachment":[{"href":"https:\/\/candas365.es\/noticias\/wp-json\/wp\/v2\/media?parent=96711"}],"wp:term":[{"taxonomy":"category","embeddable":true,"href":"https:\/\/candas365.es\/noticias\/wp-json\/wp\/v2\/categories?post=96711"},{"taxonomy":"post_tag","embeddable":true,"href":"https:\/\/candas365.es\/noticias\/wp-json\/wp\/v2\/tags?post=96711"}],"curies":[{"name":"wp","href":"https:\/\/api.w.org\/{rel}","templated":true}]}}