{"id":96684,"date":"2018-05-29T09:17:27","date_gmt":"2018-05-29T09:17:27","guid":{"rendered":"http:\/\/candas365.es\/noticias\/?p=96684"},"modified":"2018-05-29T20:15:08","modified_gmt":"2018-05-29T20:15:08","slug":"degustacion-de-sidra-casera-de-carreno-en-la-ribera-del-nalon","status":"publish","type":"post","link":"https:\/\/candas365.es\/noticias\/degustacion-de-sidra-casera-de-carreno-en-la-ribera-del-nalon\/","title":{"rendered":"Degustaci\u00f3n de sidra casera de Carre\u00f1o en la ribera del Nal\u00f3n"},"content":{"rendered":"<p>Nueve productores locales realizaron una concurrida degustaci\u00f3n de<strong> sidra casera de Carre\u00f1o<\/strong> en el concejo situado en la ribera del R\u00edo Nal\u00f3n. Ataviados con una camiseta editada recientemente con el logo de la entidad Sidra Casera de Carre\u00f1o escanciaron \u201cculetes con estilo\u201d, los cu\u00e1les degustaron animadamente con el p\u00fablico asistente.<\/p>\n<p><img fetchpriority=\"high\" decoding=\"async\" class=\"aligncenter size-large wp-image-96685\" src=\"https:\/\/candas365.es\/noticias\/wp-content\/uploads\/2018\/05\/Degustaci\u00f3n-en-Ribera-640x480.jpg\" alt=\"\" width=\"640\" height=\"480\" srcset=\"https:\/\/candas365.es\/noticias\/wp-content\/uploads\/2018\/05\/Degustaci\u00f3n-en-Ribera-640x480.jpg 640w, https:\/\/candas365.es\/noticias\/wp-content\/uploads\/2018\/05\/Degustaci\u00f3n-en-Ribera-360x270.jpg 360w, https:\/\/candas365.es\/noticias\/wp-content\/uploads\/2018\/05\/Degustaci\u00f3n-en-Ribera-768x576.jpg 768w, https:\/\/candas365.es\/noticias\/wp-content\/uploads\/2018\/05\/Degustaci\u00f3n-en-Ribera-80x60.jpg 80w, https:\/\/candas365.es\/noticias\/wp-content\/uploads\/2018\/05\/Degustaci\u00f3n-en-Ribera-265x198.jpg 265w, https:\/\/candas365.es\/noticias\/wp-content\/uploads\/2018\/05\/Degustaci\u00f3n-en-Ribera-696x522.jpg 696w, https:\/\/candas365.es\/noticias\/wp-content\/uploads\/2018\/05\/Degustaci\u00f3n-en-Ribera-1068x801.jpg 1068w, https:\/\/candas365.es\/noticias\/wp-content\/uploads\/2018\/05\/Degustaci\u00f3n-en-Ribera-560x420.jpg 560w, https:\/\/candas365.es\/noticias\/wp-content\/uploads\/2018\/05\/Degustaci\u00f3n-en-Ribera.jpg 1280w\" sizes=\"(max-width: 640px) 100vw, 640px\" \/><\/p>\n<p>En el concejo de Carre\u00f1o, all\u00e1 por 1926 exist\u00edan alrededor de 79 llagares, el mayor n\u00facleo de ellos se concentraban en Perlora. Actualmente en el municipio s\u00f3lo hay dos llagares uno en Albandi y otro en El Valle que elaboran sidra de manera comercial, venden las marcas de Pe\u00f1\u00f3n y Guimar\u00e1n, pero en el \u00e1mbito casero la afici\u00f3n se mantiene y va, si cabe ganando m\u00e1s adeptos gracias al impulso de la Asociaci\u00f3n local de Sidra Casera de Carre\u00f1o. Desde Perlora partieron con su sidra 9 productores locales para ofrecer en el Centro de Interpretaci\u00f3n del H\u00f3rreo de Bue\u00f1o una exitosa degustaci\u00f3n de sidra casera de Carre\u00f1o que cont\u00f3 con la presencia del Consejero de Turismo, Isaac Pola, el alcalde de Ribera y la alcaldesa de Carre\u00f1o.<\/p>\n<p>Al t\u00e9rmino de la degustaci\u00f3n los llagareros del concejo realizaron con otras entidades una visita guiada al Centro de Interpretaci\u00f3n. Recorrido guiado que realiz\u00f3 Mar\u00eda Fernanda Fern\u00e1ndez de la Consultor\u00eda y Gesti\u00f3n Cultural Pozu Espinos. H\u00f3rreos, sidra, jazz y deporte son algunos de los nexos de uni\u00f3n entre Carre\u00f1o y Ribera.<\/p>\n<p>F\u00e9lix Jos\u00e9 Mu\u00f1oz de la Vega, presidente de la asociaci\u00f3n, coordin\u00f3 la expedici\u00f3n. F\u00e9lix es un enamorado de la sidra, proviene de una familia llagarera para ser m\u00e1s expl\u00edcitos del primer llagar comercial de Carre\u00f1o, Sidra Cagarreales, que cerr\u00f3 sus puertas en los a\u00f1os 60. Sidra que elaboraba su abuelo V\u00edctor de la Vega con una maquinaria de 1900, y que a\u00fan siguen empleando tanto su nieto como sus biznietas Paloma Garc\u00eda y Rosana Mu\u00f1oz.<\/p>\n<p>El entorno de la antigua escuela de Perlora, en el barrio de La Pedrera, concejo de Carre\u00f1o volver\u00e1 albergar el pr\u00f3ximo mes de Agosto, por tercer a\u00f1o consecutivo, una degustaci\u00f3n de sidra casera. Gracias a esta entidad sin \u00e1nimo de lucro en la pista polideportiva volver\u00e1n participar\u00e1n productores locales, e invitados de Pilo\u00f1a y Ribera de Arriba. Tambi\u00e9n habr\u00e1 exposici\u00f3n de objetos antiguos de llagares del concejo y un d\u00edptico explicativo de la muestra.<\/p>\n<p>\u201cVivir y conocer el mundo de la sidra, una de las manifestaciones m\u00e1s caracter\u00edsticas de la cultura asturiana, es algo que nos llena y que nos gusta compartir con otras personas\u201d \u2013 afirm\u00f3 el presidente de la entidad de sidra casera de Carre\u00f1o.<\/p>\n<p>\u201cAdem\u00e1s de esta degustaci\u00f3n, hemos hecho alg\u00fan curso de formaci\u00f3n en nuestra sede, estamos esperando por alguna visita \u2013 encuentro formativo con alg\u00fan llagar profesional-, y ya tenemos muy avanzado el programa expositivo que acompa\u00f1ar\u00e1 la III edici\u00f3n de la degustaci\u00f3n. Habr\u00e1 alguna pieza con al que pretenderemos sorprender, reconoceremos tambi\u00e9n la trayectoria de un emblem\u00e1tico vecino que divulg\u00f3 mucho la sidra roja\u201d \u2013 concluy\u00f3 F\u00e9lix.<\/p>\n","protected":false},"excerpt":{"rendered":"<p>Nueve productores locales realizaron una concurrida degustaci\u00f3n de sidra casera de Carre\u00f1o en el concejo situado en la ribera del R\u00edo Nal\u00f3n. Ataviados con una camiseta editada recientemente con el logo de la entidad Sidra Casera de Carre\u00f1o escanciaron \u201cculetes con estilo\u201d, los cu\u00e1les degustaron animadamente con el p\u00fablico asistente. En el concejo de Carre\u00f1o,<\/p>\n","protected":false},"author":1,"featured_media":96685,"comment_status":"closed","ping_status":"closed","sticky":false,"template":"","format":"standard","meta":{"footnotes":""},"categories":[2],"tags":[],"class_list":{"0":"post-96684","1":"post","2":"type-post","3":"status-publish","4":"format-standard","5":"has-post-thumbnail","7":"category-noticias-carreno"},"aioseo_notices":[],"aioseo_head":"\n\t\t<!-- All in One SEO Pro 4.9.6.2 - aioseo.com -->\n\t<meta name=\"description\" content=\"Nueve productores locales realizaron una concurrida degustaci\u00f3n de sidra casera de Carre\u00f1o en el concejo situado en la ribera del R\u00edo Nal\u00f3n. Ataviados con una camiseta editada recientemente con el logo de la entidad Sidra Casera de Carre\u00f1o escanciaron \u201cculetes con estilo\u201d, los cu\u00e1les degustaron animadamente con el p\u00fablico asistente. En el concejo de Carre\u00f1o,\" \/>\n\t<meta name=\"robots\" content=\"max-image-preview:large\" \/>\n\t<meta name=\"author\" content=\"Cand\u00e1s 365\"\/>\n\t<meta name=\"google-site-verification\" content=\"UA-32230408-1\" \/>\n\t<meta name=\"msvalidate.01\" content=\"354F3CDFB2DA171B47FBE9ABF1F88D5\" \/>\n\t<meta name=\"keywords\" content=\"noticias carre\u00f1o\" \/>\n\t<link rel=\"canonical\" href=\"https:\/\/candas365.es\/noticias\/degustacion-de-sidra-casera-de-carreno-en-la-ribera-del-nalon\/\" \/>\n\t<meta name=\"generator\" content=\"All in One SEO Pro (AIOSEO) 4.9.6.2\" \/>\n\t\t<meta property=\"og:locale\" content=\"es_ES\" \/>\n\t\t<meta property=\"og:site_name\" content=\"Cand\u00e1s 365\" \/>\n\t\t<meta property=\"og:type\" content=\"article\" \/>\n\t\t<meta property=\"og:title\" content=\"Degustaci\u00f3n de sidra casera de Carre\u00f1o en la ribera del Nal\u00f3n | Cand\u00e1s 365\" \/>\n\t\t<meta property=\"og:description\" content=\"Nueve productores locales realizaron una concurrida degustaci\u00f3n de sidra casera de Carre\u00f1o en el concejo situado en la ribera del R\u00edo Nal\u00f3n. Ataviados con una camiseta editada recientemente con el logo de la entidad Sidra Casera de Carre\u00f1o escanciaron \u201cculetes con estilo\u201d, los cu\u00e1les degustaron animadamente con el p\u00fablico asistente. En el concejo de Carre\u00f1o,\" \/>\n\t\t<meta property=\"og:url\" content=\"https:\/\/candas365.es\/noticias\/degustacion-de-sidra-casera-de-carreno-en-la-ribera-del-nalon\/\" \/>\n\t\t<meta property=\"og:image\" content=\"https:\/\/candas365.es\/noticias\/wp-content\/uploads\/2018\/05\/Degustaci\u00f3n-en-Ribera.jpg\" \/>\n\t\t<meta property=\"og:image:secure_url\" content=\"https:\/\/candas365.es\/noticias\/wp-content\/uploads\/2018\/05\/Degustaci\u00f3n-en-Ribera.jpg\" \/>\n\t\t<meta property=\"og:image:width\" content=\"1280\" \/>\n\t\t<meta property=\"og:image:height\" content=\"960\" \/>\n\t\t<meta property=\"article:published_time\" content=\"2018-05-29T09:17:27+00:00\" \/>\n\t\t<meta property=\"article:modified_time\" content=\"2018-05-29T20:15:08+00:00\" \/>\n\t\t<meta property=\"article:publisher\" content=\"https:\/\/www.facebook.com\/Nachofdezber\" \/>\n\t\t<meta property=\"article:author\" content=\"https:\/\/www.facebook.com\/carrenoactualidad\" \/>\n\t\t<meta name=\"twitter:card\" content=\"summary_large_image\" \/>\n\t\t<meta name=\"twitter:site\" content=\"@NabercoDigital\" \/>\n\t\t<meta name=\"twitter:title\" content=\"Degustaci\u00f3n de sidra casera de Carre\u00f1o en la ribera del Nal\u00f3n | Cand\u00e1s 365\" \/>\n\t\t<meta name=\"twitter:description\" content=\"Nueve productores locales realizaron una concurrida degustaci\u00f3n de sidra casera de Carre\u00f1o en el concejo situado en la ribera del R\u00edo Nal\u00f3n. Ataviados con una camiseta editada recientemente con el logo de la entidad Sidra Casera de Carre\u00f1o escanciaron \u201cculetes con estilo\u201d, los cu\u00e1les degustaron animadamente con el p\u00fablico asistente. En el concejo de Carre\u00f1o,\" \/>\n\t\t<meta name=\"twitter:creator\" content=\"@nbasturias\" \/>\n\t\t<meta name=\"twitter:image\" content=\"https:\/\/candas365.es\/noticias\/wp-content\/uploads\/2018\/05\/Degustaci\u00f3n-en-Ribera.jpg\" \/>\n\t\t<meta name=\"twitter:label1\" content=\"Escrito por\" \/>\n\t\t<meta name=\"twitter:data1\" content=\"Cand\u00e1s 365\" \/>\n\t\t<meta name=\"twitter:label2\" content=\"Tiempo de lectura estimado\" \/>\n\t\t<meta name=\"twitter:data2\" content=\"3 minutos\" \/>\n\t\t<script type=\"application\/ld+json\" class=\"aioseo-schema\">\n\t\t\t{\"@context\":\"https:\\\/\\\/schema.org\",\"@graph\":[{\"@type\":\"BreadcrumbList\",\"@id\":\"https:\\\/\\\/candas365.es\\\/noticias\\\/degustacion-de-sidra-casera-de-carreno-en-la-ribera-del-nalon\\\/#breadcrumblist\",\"itemListElement\":[{\"@type\":\"ListItem\",\"@id\":\"https:\\\/\\\/candas365.es\\\/noticias#listItem\",\"position\":1,\"name\":\"Home\",\"item\":\"https:\\\/\\\/candas365.es\\\/noticias\",\"nextItem\":{\"@type\":\"ListItem\",\"@id\":\"https:\\\/\\\/candas365.es\\\/noticias\\\/category\\\/noticias-carreno\\\/#listItem\",\"name\":\"Noticias Carre\\u00f1o\"}},{\"@type\":\"ListItem\",\"@id\":\"https:\\\/\\\/candas365.es\\\/noticias\\\/category\\\/noticias-carreno\\\/#listItem\",\"position\":2,\"name\":\"Noticias Carre\\u00f1o\",\"item\":\"https:\\\/\\\/candas365.es\\\/noticias\\\/category\\\/noticias-carreno\\\/\",\"nextItem\":{\"@type\":\"ListItem\",\"@id\":\"https:\\\/\\\/candas365.es\\\/noticias\\\/degustacion-de-sidra-casera-de-carreno-en-la-ribera-del-nalon\\\/#listItem\",\"name\":\"Degustaci\\u00f3n de sidra casera de Carre\\u00f1o en la ribera del Nal\\u00f3n\"},\"previousItem\":{\"@type\":\"ListItem\",\"@id\":\"https:\\\/\\\/candas365.es\\\/noticias#listItem\",\"name\":\"Home\"}},{\"@type\":\"ListItem\",\"@id\":\"https:\\\/\\\/candas365.es\\\/noticias\\\/degustacion-de-sidra-casera-de-carreno-en-la-ribera-del-nalon\\\/#listItem\",\"position\":3,\"name\":\"Degustaci\\u00f3n de sidra casera de Carre\\u00f1o en la ribera del Nal\\u00f3n\",\"previousItem\":{\"@type\":\"ListItem\",\"@id\":\"https:\\\/\\\/candas365.es\\\/noticias\\\/category\\\/noticias-carreno\\\/#listItem\",\"name\":\"Noticias Carre\\u00f1o\"}}]},{\"@type\":\"NewsArticle\",\"@id\":\"https:\\\/\\\/candas365.es\\\/noticias\\\/degustacion-de-sidra-casera-de-carreno-en-la-ribera-del-nalon\\\/#newsarticle\",\"name\":\"Degustaci\\u00f3n de sidra casera de Carre\\u00f1o en la ribera del Nal\\u00f3n | Cand\\u00e1s 365\",\"headline\":\"Degustaci\\u00f3n de sidra casera de Carre\\u00f1o en la ribera del Nal\\u00f3n\",\"author\":{\"@id\":\"https:\\\/\\\/candas365.es\\\/noticias\\\/author\\\/admin\\\/#author\"},\"publisher\":{\"@id\":\"https:\\\/\\\/candas365.es\\\/noticias\\\/#organization\"},\"image\":{\"@type\":\"ImageObject\",\"url\":\"https:\\\/\\\/candas365.es\\\/noticias\\\/wp-content\\\/uploads\\\/2018\\\/05\\\/Degustaci\\u00f3n-en-Ribera.jpg\",\"width\":1280,\"height\":960},\"datePublished\":\"2018-05-29T09:17:27+02:00\",\"dateModified\":\"2018-05-29T20:15:08+02:00\",\"inLanguage\":\"es-ES\",\"mainEntityOfPage\":{\"@id\":\"https:\\\/\\\/candas365.es\\\/noticias\\\/degustacion-de-sidra-casera-de-carreno-en-la-ribera-del-nalon\\\/#webpage\"},\"isPartOf\":{\"@id\":\"https:\\\/\\\/candas365.es\\\/noticias\\\/degustacion-de-sidra-casera-de-carreno-en-la-ribera-del-nalon\\\/#webpage\"},\"articleSection\":\"Noticias Carre\\u00f1o\",\"dateline\":\"Publicado el mayo 29, 2018.\"},{\"@type\":\"Organization\",\"@id\":\"https:\\\/\\\/candas365.es\\\/noticias\\\/#organization\",\"name\":\"Cand\\u00e1s 365\",\"description\":\"Cand\\u00e1s 365 es un diario digital independiente, fundado en 2012, con base en Asturias. Informamos con rigor sobre actualidad, sociedad, cultura y ocio, con una mirada local y global.\",\"url\":\"https:\\\/\\\/candas365.es\\\/noticias\\\/\",\"email\":\"info@candas365.es\",\"telephone\":\"+34652131393\",\"foundingDate\":\"2012-06-10\",\"logo\":{\"@type\":\"ImageObject\",\"url\":\"https:\\\/\\\/candas365.es\\\/noticias\\\/wp-content\\\/uploads\\\/2024\\\/09\\\/Candas-365-Redes.jpg\",\"@id\":\"https:\\\/\\\/candas365.es\\\/noticias\\\/degustacion-de-sidra-casera-de-carreno-en-la-ribera-del-nalon\\\/#organizationLogo\",\"width\":1152,\"height\":864,\"caption\":\"Cand\\u00e1s 365 Redes\"},\"image\":{\"@id\":\"https:\\\/\\\/candas365.es\\\/noticias\\\/degustacion-de-sidra-casera-de-carreno-en-la-ribera-del-nalon\\\/#organizationLogo\"},\"sameAs\":[\"https:\\\/\\\/www.facebook.com\\\/Nachofdezber\",\"https:\\\/\\\/x.com\\\/NabercoDigital\",\"https:\\\/\\\/www.instagram.com\\\/nachofdezber\\\/\",\"https:\\\/\\\/www.youtube.com\\\/channel\\\/UCZP-2wLEB9Rv6erhFmqVnvg\"],\"address\":{\"@id\":\"https:\\\/\\\/candas365.es\\\/noticias\\\/#postaladdress\",\"@type\":\"PostalAddress\",\"streetAddress\":\"san antonio 4, san antonio 4\",\"postalCode\":\"33430\",\"addressLocality\":\"Cand\\u00e1s\",\"addressRegion\":\"Asturias\",\"addressCountry\":\"ES\"}},{\"@type\":\"Person\",\"@id\":\"https:\\\/\\\/candas365.es\\\/noticias\\\/author\\\/admin\\\/#author\",\"url\":\"https:\\\/\\\/candas365.es\\\/noticias\\\/author\\\/admin\\\/\",\"name\":\"Cand\\u00e1s 365\",\"image\":{\"@type\":\"ImageObject\",\"@id\":\"https:\\\/\\\/candas365.es\\\/noticias\\\/degustacion-de-sidra-casera-de-carreno-en-la-ribera-del-nalon\\\/#authorImage\",\"url\":\"https:\\\/\\\/secure.gravatar.com\\\/avatar\\\/496a8e03d0c493ede1718b7934145dbdf8d89be1036b0eec9544e1094c9de390?s=96&d=mm&r=g\",\"width\":96,\"height\":96,\"caption\":\"Cand\\u00e1s 365\"},\"sameAs\":[\"https:\\\/\\\/www.facebook.com\\\/carrenoactualidad\",\"https:\\\/\\\/twitter.com\\\/nbasturias\",\"https:\\\/\\\/www.instagram.com\\\/nachofdezber\\\/\",\"https:\\\/\\\/www.youtube.com\\\/channel\\\/UCZP-2wLEB9Rv6erhFmqVnvg\"]},{\"@type\":\"WebPage\",\"@id\":\"https:\\\/\\\/candas365.es\\\/noticias\\\/degustacion-de-sidra-casera-de-carreno-en-la-ribera-del-nalon\\\/#webpage\",\"url\":\"https:\\\/\\\/candas365.es\\\/noticias\\\/degustacion-de-sidra-casera-de-carreno-en-la-ribera-del-nalon\\\/\",\"name\":\"Degustaci\\u00f3n de sidra casera de Carre\\u00f1o en la ribera del Nal\\u00f3n | Cand\\u00e1s 365\",\"description\":\"Nueve productores locales realizaron una concurrida degustaci\\u00f3n de sidra casera de Carre\\u00f1o en el concejo situado en la ribera del R\\u00edo Nal\\u00f3n. Ataviados con una camiseta editada recientemente con el logo de la entidad Sidra Casera de Carre\\u00f1o escanciaron \\u201cculetes con estilo\\u201d, los cu\\u00e1les degustaron animadamente con el p\\u00fablico asistente. En el concejo de Carre\\u00f1o,\",\"inLanguage\":\"es-ES\",\"isPartOf\":{\"@id\":\"https:\\\/\\\/candas365.es\\\/noticias\\\/#website\"},\"breadcrumb\":{\"@id\":\"https:\\\/\\\/candas365.es\\\/noticias\\\/degustacion-de-sidra-casera-de-carreno-en-la-ribera-del-nalon\\\/#breadcrumblist\"},\"author\":{\"@id\":\"https:\\\/\\\/candas365.es\\\/noticias\\\/author\\\/admin\\\/#author\"},\"creator\":{\"@id\":\"https:\\\/\\\/candas365.es\\\/noticias\\\/author\\\/admin\\\/#author\"},\"image\":{\"@type\":\"ImageObject\",\"url\":\"https:\\\/\\\/candas365.es\\\/noticias\\\/wp-content\\\/uploads\\\/2018\\\/05\\\/Degustaci\\u00f3n-en-Ribera.jpg\",\"@id\":\"https:\\\/\\\/candas365.es\\\/noticias\\\/degustacion-de-sidra-casera-de-carreno-en-la-ribera-del-nalon\\\/#mainImage\",\"width\":1280,\"height\":960},\"primaryImageOfPage\":{\"@id\":\"https:\\\/\\\/candas365.es\\\/noticias\\\/degustacion-de-sidra-casera-de-carreno-en-la-ribera-del-nalon\\\/#mainImage\"},\"datePublished\":\"2018-05-29T09:17:27+02:00\",\"dateModified\":\"2018-05-29T20:15:08+02:00\"},{\"@type\":\"WebSite\",\"@id\":\"https:\\\/\\\/candas365.es\\\/noticias\\\/#website\",\"url\":\"https:\\\/\\\/candas365.es\\\/noticias\\\/\",\"name\":\"Cand\\u00e1s 365\",\"alternateName\":\"Cand\\u00e1s 365 Noticias\",\"description\":\"Actualidad desde Carre\\u00f1o para el mundo\",\"inLanguage\":\"es-ES\",\"publisher\":{\"@id\":\"https:\\\/\\\/candas365.es\\\/noticias\\\/#organization\"}}]}\n\t\t<\/script>\n\t\t<!-- All in One SEO Pro -->\r\n\t\t<title>Degustaci\u00f3n de sidra casera de Carre\u00f1o en la ribera del Nal\u00f3n | Cand\u00e1s 365<\/title>\n\n","aioseo_head_json":{"title":"Degustaci\u00f3n de sidra casera de Carre\u00f1o en la ribera del Nal\u00f3n | Cand\u00e1s 365","description":"Nueve productores locales realizaron una concurrida degustaci\u00f3n de sidra casera de Carre\u00f1o en el concejo situado en la ribera del R\u00edo Nal\u00f3n. Ataviados con una camiseta editada recientemente con el logo de la entidad Sidra Casera de Carre\u00f1o escanciaron \u201cculetes con estilo\u201d, los cu\u00e1les degustaron animadamente con el p\u00fablico asistente. En el concejo de Carre\u00f1o,","canonical_url":"https:\/\/candas365.es\/noticias\/degustacion-de-sidra-casera-de-carreno-en-la-ribera-del-nalon\/","robots":"max-image-preview:large","keywords":"noticias carre\u00f1o","webmasterTools":{"google-site-verification":"UA-32230408-1","msvalidate.01":"354F3CDFB2DA171B47FBE9ABF1F88D5","miscellaneous":""},"schema":{"@context":"https:\/\/schema.org","@graph":[{"@type":"BreadcrumbList","@id":"https:\/\/candas365.es\/noticias\/degustacion-de-sidra-casera-de-carreno-en-la-ribera-del-nalon\/#breadcrumblist","itemListElement":[{"@type":"ListItem","@id":"https:\/\/candas365.es\/noticias#listItem","position":1,"name":"Home","item":"https:\/\/candas365.es\/noticias","nextItem":{"@type":"ListItem","@id":"https:\/\/candas365.es\/noticias\/category\/noticias-carreno\/#listItem","name":"Noticias Carre\u00f1o"}},{"@type":"ListItem","@id":"https:\/\/candas365.es\/noticias\/category\/noticias-carreno\/#listItem","position":2,"name":"Noticias Carre\u00f1o","item":"https:\/\/candas365.es\/noticias\/category\/noticias-carreno\/","nextItem":{"@type":"ListItem","@id":"https:\/\/candas365.es\/noticias\/degustacion-de-sidra-casera-de-carreno-en-la-ribera-del-nalon\/#listItem","name":"Degustaci\u00f3n de sidra casera de Carre\u00f1o en la ribera del Nal\u00f3n"},"previousItem":{"@type":"ListItem","@id":"https:\/\/candas365.es\/noticias#listItem","name":"Home"}},{"@type":"ListItem","@id":"https:\/\/candas365.es\/noticias\/degustacion-de-sidra-casera-de-carreno-en-la-ribera-del-nalon\/#listItem","position":3,"name":"Degustaci\u00f3n de sidra casera de Carre\u00f1o en la ribera del Nal\u00f3n","previousItem":{"@type":"ListItem","@id":"https:\/\/candas365.es\/noticias\/category\/noticias-carreno\/#listItem","name":"Noticias Carre\u00f1o"}}]},{"@type":"NewsArticle","@id":"https:\/\/candas365.es\/noticias\/degustacion-de-sidra-casera-de-carreno-en-la-ribera-del-nalon\/#newsarticle","name":"Degustaci\u00f3n de sidra casera de Carre\u00f1o en la ribera del Nal\u00f3n | Cand\u00e1s 365","headline":"Degustaci\u00f3n de sidra casera de Carre\u00f1o en la ribera del Nal\u00f3n","author":{"@id":"https:\/\/candas365.es\/noticias\/author\/admin\/#author"},"publisher":{"@id":"https:\/\/candas365.es\/noticias\/#organization"},"image":{"@type":"ImageObject","url":"https:\/\/candas365.es\/noticias\/wp-content\/uploads\/2018\/05\/Degustaci\u00f3n-en-Ribera.jpg","width":1280,"height":960},"datePublished":"2018-05-29T09:17:27+02:00","dateModified":"2018-05-29T20:15:08+02:00","inLanguage":"es-ES","mainEntityOfPage":{"@id":"https:\/\/candas365.es\/noticias\/degustacion-de-sidra-casera-de-carreno-en-la-ribera-del-nalon\/#webpage"},"isPartOf":{"@id":"https:\/\/candas365.es\/noticias\/degustacion-de-sidra-casera-de-carreno-en-la-ribera-del-nalon\/#webpage"},"articleSection":"Noticias Carre\u00f1o","dateline":"Publicado el mayo 29, 2018."},{"@type":"Organization","@id":"https:\/\/candas365.es\/noticias\/#organization","name":"Cand\u00e1s 365","description":"Cand\u00e1s 365 es un diario digital independiente, fundado en 2012, con base en Asturias. Informamos con rigor sobre actualidad, sociedad, cultura y ocio, con una mirada local y global.","url":"https:\/\/candas365.es\/noticias\/","email":"info@candas365.es","telephone":"+34652131393","foundingDate":"2012-06-10","logo":{"@type":"ImageObject","url":"https:\/\/candas365.es\/noticias\/wp-content\/uploads\/2024\/09\/Candas-365-Redes.jpg","@id":"https:\/\/candas365.es\/noticias\/degustacion-de-sidra-casera-de-carreno-en-la-ribera-del-nalon\/#organizationLogo","width":1152,"height":864,"caption":"Cand\u00e1s 365 Redes"},"image":{"@id":"https:\/\/candas365.es\/noticias\/degustacion-de-sidra-casera-de-carreno-en-la-ribera-del-nalon\/#organizationLogo"},"sameAs":["https:\/\/www.facebook.com\/Nachofdezber","https:\/\/x.com\/NabercoDigital","https:\/\/www.instagram.com\/nachofdezber\/","https:\/\/www.youtube.com\/channel\/UCZP-2wLEB9Rv6erhFmqVnvg"],"address":{"@id":"https:\/\/candas365.es\/noticias\/#postaladdress","@type":"PostalAddress","streetAddress":"san antonio 4, san antonio 4","postalCode":"33430","addressLocality":"Cand\u00e1s","addressRegion":"Asturias","addressCountry":"ES"}},{"@type":"Person","@id":"https:\/\/candas365.es\/noticias\/author\/admin\/#author","url":"https:\/\/candas365.es\/noticias\/author\/admin\/","name":"Cand\u00e1s 365","image":{"@type":"ImageObject","@id":"https:\/\/candas365.es\/noticias\/degustacion-de-sidra-casera-de-carreno-en-la-ribera-del-nalon\/#authorImage","url":"https:\/\/secure.gravatar.com\/avatar\/496a8e03d0c493ede1718b7934145dbdf8d89be1036b0eec9544e1094c9de390?s=96&d=mm&r=g","width":96,"height":96,"caption":"Cand\u00e1s 365"},"sameAs":["https:\/\/www.facebook.com\/carrenoactualidad","https:\/\/twitter.com\/nbasturias","https:\/\/www.instagram.com\/nachofdezber\/","https:\/\/www.youtube.com\/channel\/UCZP-2wLEB9Rv6erhFmqVnvg"]},{"@type":"WebPage","@id":"https:\/\/candas365.es\/noticias\/degustacion-de-sidra-casera-de-carreno-en-la-ribera-del-nalon\/#webpage","url":"https:\/\/candas365.es\/noticias\/degustacion-de-sidra-casera-de-carreno-en-la-ribera-del-nalon\/","name":"Degustaci\u00f3n de sidra casera de Carre\u00f1o en la ribera del Nal\u00f3n | Cand\u00e1s 365","description":"Nueve productores locales realizaron una concurrida degustaci\u00f3n de sidra casera de Carre\u00f1o en el concejo situado en la ribera del R\u00edo Nal\u00f3n. Ataviados con una camiseta editada recientemente con el logo de la entidad Sidra Casera de Carre\u00f1o escanciaron \u201cculetes con estilo\u201d, los cu\u00e1les degustaron animadamente con el p\u00fablico asistente. En el concejo de Carre\u00f1o,","inLanguage":"es-ES","isPartOf":{"@id":"https:\/\/candas365.es\/noticias\/#website"},"breadcrumb":{"@id":"https:\/\/candas365.es\/noticias\/degustacion-de-sidra-casera-de-carreno-en-la-ribera-del-nalon\/#breadcrumblist"},"author":{"@id":"https:\/\/candas365.es\/noticias\/author\/admin\/#author"},"creator":{"@id":"https:\/\/candas365.es\/noticias\/author\/admin\/#author"},"image":{"@type":"ImageObject","url":"https:\/\/candas365.es\/noticias\/wp-content\/uploads\/2018\/05\/Degustaci\u00f3n-en-Ribera.jpg","@id":"https:\/\/candas365.es\/noticias\/degustacion-de-sidra-casera-de-carreno-en-la-ribera-del-nalon\/#mainImage","width":1280,"height":960},"primaryImageOfPage":{"@id":"https:\/\/candas365.es\/noticias\/degustacion-de-sidra-casera-de-carreno-en-la-ribera-del-nalon\/#mainImage"},"datePublished":"2018-05-29T09:17:27+02:00","dateModified":"2018-05-29T20:15:08+02:00"},{"@type":"WebSite","@id":"https:\/\/candas365.es\/noticias\/#website","url":"https:\/\/candas365.es\/noticias\/","name":"Cand\u00e1s 365","alternateName":"Cand\u00e1s 365 Noticias","description":"Actualidad desde Carre\u00f1o para el mundo","inLanguage":"es-ES","publisher":{"@id":"https:\/\/candas365.es\/noticias\/#organization"}}]},"og:locale":"es_ES","og:site_name":"Cand\u00e1s 365","og:type":"article","og:title":"Degustaci\u00f3n de sidra casera de Carre\u00f1o en la ribera del Nal\u00f3n | Cand\u00e1s 365","og:description":"Nueve productores locales realizaron una concurrida degustaci\u00f3n de sidra casera de Carre\u00f1o en el concejo situado en la ribera del R\u00edo Nal\u00f3n. Ataviados con una camiseta editada recientemente con el logo de la entidad Sidra Casera de Carre\u00f1o escanciaron \u201cculetes con estilo\u201d, los cu\u00e1les degustaron animadamente con el p\u00fablico asistente. En el concejo de Carre\u00f1o,","og:url":"https:\/\/candas365.es\/noticias\/degustacion-de-sidra-casera-de-carreno-en-la-ribera-del-nalon\/","og:image":"https:\/\/candas365.es\/noticias\/wp-content\/uploads\/2018\/05\/Degustaci\u00f3n-en-Ribera.jpg","og:image:secure_url":"https:\/\/candas365.es\/noticias\/wp-content\/uploads\/2018\/05\/Degustaci\u00f3n-en-Ribera.jpg","og:image:width":1280,"og:image:height":960,"article:published_time":"2018-05-29T09:17:27+00:00","article:modified_time":"2018-05-29T20:15:08+00:00","article:publisher":"https:\/\/www.facebook.com\/Nachofdezber","article:author":"https:\/\/www.facebook.com\/carrenoactualidad","twitter:card":"summary_large_image","twitter:site":"@NabercoDigital","twitter:title":"Degustaci\u00f3n de sidra casera de Carre\u00f1o en la ribera del Nal\u00f3n | Cand\u00e1s 365","twitter:description":"Nueve productores locales realizaron una concurrida degustaci\u00f3n de sidra casera de Carre\u00f1o en el concejo situado en la ribera del R\u00edo Nal\u00f3n. Ataviados con una camiseta editada recientemente con el logo de la entidad Sidra Casera de Carre\u00f1o escanciaron \u201cculetes con estilo\u201d, los cu\u00e1les degustaron animadamente con el p\u00fablico asistente. En el concejo de Carre\u00f1o,","twitter:creator":"@nbasturias","twitter:image":"https:\/\/candas365.es\/noticias\/wp-content\/uploads\/2018\/05\/Degustaci\u00f3n-en-Ribera.jpg","twitter:label1":"Escrito por","twitter:data1":"Cand\u00e1s 365","twitter:label2":"Tiempo de lectura estimado","twitter:data2":"3 minutos"},"aioseo_meta_data":{"post_id":"96684","title":null,"description":null,"keywords":null,"keyphrases":null,"primary_term":null,"canonical_url":null,"og_title":null,"og_description":null,"og_object_type":"default","og_image_type":"default","og_image_url":null,"og_image_width":null,"og_image_height":null,"og_image_custom_url":null,"og_image_custom_fields":null,"og_video":null,"og_custom_url":null,"og_article_section":null,"og_article_tags":null,"twitter_use_og":false,"twitter_card":"default","twitter_image_type":"default","twitter_image_url":null,"twitter_image_custom_url":null,"twitter_image_custom_fields":null,"twitter_title":null,"twitter_description":null,"schema":{"blockGraphs":[],"customGraphs":[],"default":{"data":{"Article":[],"Course":[],"Dataset":[],"FAQPage":[],"Movie":[],"Person":[],"Product":[],"ProductReview":[],"Car":[],"Recipe":[],"Service":[],"SoftwareApplication":[],"WebPage":[]},"graphName":"","isEnabled":true},"graphs":[],"defaultGraph":"","defaultPostTypeGraph":""},"schema_type":null,"schema_type_options":null,"pillar_content":false,"robots_default":true,"robots_noindex":false,"robots_noarchive":false,"robots_nosnippet":false,"robots_nofollow":false,"robots_noimageindex":false,"robots_noodp":false,"robots_notranslate":false,"robots_max_snippet":null,"robots_max_videopreview":null,"robots_max_imagepreview":"large","priority":null,"frequency":null,"location":null,"local_seo":null,"seo_analyzer_scan_date":"2025-08-26 22:40:40","breadcrumb_settings":null,"limit_modified_date":false,"reviewed_by":null,"open_ai":null,"ai":null,"created":"2020-12-21 11:51:25","updated":"2025-08-26 22:40:40"},"aioseo_breadcrumb":"<div class=\"aioseo-breadcrumbs\"><span class=\"aioseo-breadcrumb\">\n\t<a href=\"https:\/\/candas365.es\/noticias\" title=\"Home\">Home<\/a>\n<\/span><span class=\"aioseo-breadcrumb-separator\">&ndash;<\/span><span class=\"aioseo-breadcrumb\">\n\t<a href=\"https:\/\/candas365.es\/noticias\/category\/noticias-carreno\/\" title=\"Noticias Carre\u00f1o\">Noticias Carre\u00f1o<\/a>\n<\/span><span class=\"aioseo-breadcrumb-separator\">&ndash;<\/span><span class=\"aioseo-breadcrumb\">\n\tDegustaci\u00f3n de sidra casera de Carre\u00f1o en la ribera del Nal\u00f3n\n<\/span><\/div>","aioseo_breadcrumb_json":[{"label":"Home","link":"https:\/\/candas365.es\/noticias"},{"label":"Noticias Carre\u00f1o","link":"https:\/\/candas365.es\/noticias\/category\/noticias-carreno\/"},{"label":"Degustaci\u00f3n de sidra casera de Carre\u00f1o en la ribera del Nal\u00f3n","link":"https:\/\/candas365.es\/noticias\/degustacion-de-sidra-casera-de-carreno-en-la-ribera-del-nalon\/"}],"_links":{"self":[{"href":"https:\/\/candas365.es\/noticias\/wp-json\/wp\/v2\/posts\/96684","targetHints":{"allow":["GET"]}}],"collection":[{"href":"https:\/\/candas365.es\/noticias\/wp-json\/wp\/v2\/posts"}],"about":[{"href":"https:\/\/candas365.es\/noticias\/wp-json\/wp\/v2\/types\/post"}],"author":[{"embeddable":true,"href":"https:\/\/candas365.es\/noticias\/wp-json\/wp\/v2\/users\/1"}],"replies":[{"embeddable":true,"href":"https:\/\/candas365.es\/noticias\/wp-json\/wp\/v2\/comments?post=96684"}],"version-history":[{"count":0,"href":"https:\/\/candas365.es\/noticias\/wp-json\/wp\/v2\/posts\/96684\/revisions"}],"wp:featuredmedia":[{"embeddable":true,"href":"https:\/\/candas365.es\/noticias\/wp-json\/wp\/v2\/media\/96685"}],"wp:attachment":[{"href":"https:\/\/candas365.es\/noticias\/wp-json\/wp\/v2\/media?parent=96684"}],"wp:term":[{"taxonomy":"category","embeddable":true,"href":"https:\/\/candas365.es\/noticias\/wp-json\/wp\/v2\/categories?post=96684"},{"taxonomy":"post_tag","embeddable":true,"href":"https:\/\/candas365.es\/noticias\/wp-json\/wp\/v2\/tags?post=96684"}],"curies":[{"name":"wp","href":"https:\/\/api.w.org\/{rel}","templated":true}]}}