{"id":96661,"date":"2018-05-28T14:36:15","date_gmt":"2018-05-28T14:36:15","guid":{"rendered":"http:\/\/candas365.es\/noticias\/?p=96661"},"modified":"2018-05-28T14:36:15","modified_gmt":"2018-05-28T14:36:15","slug":"la-reforma-migratoria-de-trump-en-documentos-tv","status":"publish","type":"post","link":"https:\/\/candas365.es\/noticias\/la-reforma-migratoria-de-trump-en-documentos-tv\/","title":{"rendered":"La reforma migratoria de Trump, en \u00abDocumentos TV\u00bb"},"content":{"rendered":"<p><img fetchpriority=\"high\" decoding=\"async\" class=\"alignleft size-medium wp-image-96662\" src=\"https:\/\/candas365.es\/noticias\/wp-content\/uploads\/2018\/05\/tele28051801-360x203.jpg\" alt=\"\" width=\"360\" height=\"203\" srcset=\"https:\/\/candas365.es\/noticias\/wp-content\/uploads\/2018\/05\/tele28051801-360x203.jpg 360w, https:\/\/candas365.es\/noticias\/wp-content\/uploads\/2018\/05\/tele28051801-768x432.jpg 768w, https:\/\/candas365.es\/noticias\/wp-content\/uploads\/2018\/05\/tele28051801-655x369.jpg 655w, https:\/\/candas365.es\/noticias\/wp-content\/uploads\/2018\/05\/tele28051801-696x392.jpg 696w, https:\/\/candas365.es\/noticias\/wp-content\/uploads\/2018\/05\/tele28051801-1068x601.jpg 1068w, https:\/\/candas365.es\/noticias\/wp-content\/uploads\/2018\/05\/tele28051801-746x420.jpg 746w, https:\/\/candas365.es\/noticias\/wp-content\/uploads\/2018\/05\/tele28051801.jpg 1400w\" sizes=\"(max-width: 360px) 100vw, 360px\" \/>&#8216;Documentos TV&#8217; estrena &#8216;Indivisible&#8217;, un an\u00e1lisis sobre el movimiento de inmigrantes so\u00f1adores que llegaron con sus padres a Estados Unidos en busca de una vida mejor y ahora se encuentran separados de sus familias, a causa de la pol\u00edtica de deportaci\u00f3n de Donald Trump.<\/p>\n<p>Los dreamers (so\u00f1adores) alzan su voz ante la controvertida reforma migratoria de Trump. El movimiento social exige la concesi\u00f3n de la ciudadan\u00eda, que les permitir\u00eda reunirse con sus familias en su pa\u00eds de origen en lugar de abrazarlas a trav\u00e9s de la valla con M\u00e9xico.<\/p>\n<p>\u201cLlevo dos a\u00f1os sin ver a mi madre\u201d afirma Antonio, un joven mexicano universitario, que como cientos de miles lleg\u00f3 a Estados Unidos con sus padres cuando era ni\u00f1o, en busca de una mejor vida. Sin embargo, las pol\u00edticas de deportaci\u00f3n del gobierno estadounidense lo separaron de su familia. La ley oblig\u00f3 a sus padres a abandonar el pa\u00eds y Antonio, sin ciudadan\u00eda, no puede salir de \u00e9l. Es uno de los tres protagonistas de &#8216;Indivisible&#8217;, el documental que relata la situaci\u00f3n de estos j\u00f3venes y muestra las voces de estas familias, desgarradas por las medidas antiinmigraci\u00f3n actuales de Estados Unidos.<\/p>\n<p>\u201cLlevo diecisiete a\u00f1os en este pa\u00eds y sigo sin tener papeles. A mi familia la deportaron en 2007\u201d, cuenta Renata otra joven nacida en Brasil pero que creci\u00f3 en Massachusetts y se identifica como estadounidense. Junto a Evelyn, la chica colombiana que vivi\u00f3 en directo c\u00f3mo la polic\u00eda esposaba a su madre y la deportaban a Colombia, &#8216;Indivisible&#8217; les acompa\u00f1a a la valla fronteriza con M\u00e9xico, donde a encontrarse con sus madres, obligadas a abandonar EE.UU. por estar indocumentadas. \u201cOjal\u00e1 pudi\u00e9ramos tirar esta valla abajo y estar todos juntos en el mismo sitio. Que yo pudiera ir a Colombia o mi madre venir a Estados Unidos\u201d, dice Evelyn delante del muro.<\/p>\n<p>A pesar de la significativa oposici\u00f3n en aumento hacia la pol\u00edtica de inmigraci\u00f3n de Trump, estos j\u00f3venes han creado un importante movimiento social que est\u00e1 alzando la voz ante la reforma migratoria, y denuncian que detr\u00e1s de la pol\u00edtica hay personas vulnerables y muchas vidas rotas. \u201cNo voy a parar de luchar. Quiero que el proyecto de ley se apruebe\u201d, insiste Renata. \u201cEn eso consiste la reforma, en que las familias vuelvan a estar juntas y no tengan que abrazarse con una valla de por medio\u201d, opina Evelyn, quien lucha por conseguir la ciudadan\u00eda, que le permitir\u00eda reunirse con su familia en su pa\u00eds de origen, sin miedo a no poder regresar.<\/p>\n","protected":false},"excerpt":{"rendered":"<p>&#8216;Documentos TV&#8217; estrena &#8216;Indivisible&#8217;, un an\u00e1lisis sobre el movimiento de inmigrantes so\u00f1adores que llegaron con sus padres a Estados Unidos en busca de una vida mejor y ahora se encuentran separados de sus familias, a causa de la pol\u00edtica de deportaci\u00f3n de Donald Trump. Los dreamers (so\u00f1adores) alzan su voz ante la controvertida reforma migratoria<\/p>\n","protected":false},"author":1,"featured_media":96662,"comment_status":"closed","ping_status":"closed","sticky":false,"template":"","format":"standard","meta":{"footnotes":""},"categories":[1],"tags":[],"class_list":{"0":"post-96661","1":"post","2":"type-post","3":"status-publish","4":"format-standard","5":"has-post-thumbnail","7":"category-agenda"},"aioseo_notices":[],"aioseo_head":"\n\t\t<!-- All in One SEO Pro 4.9.6.2 - aioseo.com -->\n\t<meta name=\"description\" content=\"&#039;Documentos TV&#039; estrena &#039;Indivisible&#039;, un an\u00e1lisis sobre el movimiento de inmigrantes so\u00f1adores que llegaron con sus padres a Estados Unidos en busca de una vida mejor y ahora se encuentran separados de sus familias, a causa de la pol\u00edtica de deportaci\u00f3n de Donald Trump. Los dreamers (so\u00f1adores) alzan su voz ante la controvertida reforma migratoria\" \/>\n\t<meta name=\"robots\" content=\"max-image-preview:large\" \/>\n\t<meta name=\"author\" content=\"Cand\u00e1s 365\"\/>\n\t<meta name=\"google-site-verification\" content=\"UA-32230408-1\" \/>\n\t<meta name=\"msvalidate.01\" content=\"354F3CDFB2DA171B47FBE9ABF1F88D5\" \/>\n\t<meta name=\"keywords\" content=\"agenda\" \/>\n\t<link rel=\"canonical\" href=\"https:\/\/candas365.es\/noticias\/la-reforma-migratoria-de-trump-en-documentos-tv\/\" \/>\n\t<meta name=\"generator\" content=\"All in One SEO Pro (AIOSEO) 4.9.6.2\" \/>\n\t\t<meta property=\"og:locale\" content=\"es_ES\" \/>\n\t\t<meta property=\"og:site_name\" content=\"Cand\u00e1s 365\" \/>\n\t\t<meta property=\"og:type\" content=\"article\" \/>\n\t\t<meta property=\"og:title\" content=\"La reforma migratoria de Trump, en \u00abDocumentos TV\u00bb | Cand\u00e1s 365\" \/>\n\t\t<meta property=\"og:description\" content=\"&#039;Documentos TV&#039; estrena &#039;Indivisible&#039;, un an\u00e1lisis sobre el movimiento de inmigrantes so\u00f1adores que llegaron con sus padres a Estados Unidos en busca de una vida mejor y ahora se encuentran separados de sus familias, a causa de la pol\u00edtica de deportaci\u00f3n de Donald Trump. Los dreamers (so\u00f1adores) alzan su voz ante la controvertida reforma migratoria\" \/>\n\t\t<meta property=\"og:url\" content=\"https:\/\/candas365.es\/noticias\/la-reforma-migratoria-de-trump-en-documentos-tv\/\" \/>\n\t\t<meta property=\"og:image\" content=\"https:\/\/candas365.es\/noticias\/wp-content\/uploads\/2018\/05\/tele28051801.jpg\" \/>\n\t\t<meta property=\"og:image:secure_url\" content=\"https:\/\/candas365.es\/noticias\/wp-content\/uploads\/2018\/05\/tele28051801.jpg\" \/>\n\t\t<meta property=\"og:image:width\" content=\"1400\" \/>\n\t\t<meta property=\"og:image:height\" content=\"788\" \/>\n\t\t<meta property=\"article:published_time\" content=\"2018-05-28T14:36:15+00:00\" \/>\n\t\t<meta property=\"article:modified_time\" content=\"2018-05-28T14:36:15+00:00\" \/>\n\t\t<meta property=\"article:publisher\" content=\"https:\/\/www.facebook.com\/Nachofdezber\" \/>\n\t\t<meta property=\"article:author\" content=\"https:\/\/www.facebook.com\/carrenoactualidad\" \/>\n\t\t<meta name=\"twitter:card\" content=\"summary_large_image\" \/>\n\t\t<meta name=\"twitter:site\" content=\"@NabercoDigital\" \/>\n\t\t<meta name=\"twitter:title\" content=\"La reforma migratoria de Trump, en \u00abDocumentos TV\u00bb | Cand\u00e1s 365\" \/>\n\t\t<meta name=\"twitter:description\" content=\"&#039;Documentos TV&#039; estrena &#039;Indivisible&#039;, un an\u00e1lisis sobre el movimiento de inmigrantes so\u00f1adores que llegaron con sus padres a Estados Unidos en busca de una vida mejor y ahora se encuentran separados de sus familias, a causa de la pol\u00edtica de deportaci\u00f3n de Donald Trump. Los dreamers (so\u00f1adores) alzan su voz ante la controvertida reforma migratoria\" \/>\n\t\t<meta name=\"twitter:creator\" content=\"@nbasturias\" \/>\n\t\t<meta name=\"twitter:image\" content=\"https:\/\/candas365.es\/noticias\/wp-content\/uploads\/2018\/05\/tele28051801.jpg\" \/>\n\t\t<meta name=\"twitter:label1\" content=\"Escrito por\" \/>\n\t\t<meta name=\"twitter:data1\" content=\"Cand\u00e1s 365\" \/>\n\t\t<meta name=\"twitter:label2\" content=\"Tiempo de lectura estimado\" \/>\n\t\t<meta name=\"twitter:data2\" content=\"2 minutos\" \/>\n\t\t<script type=\"application\/ld+json\" class=\"aioseo-schema\">\n\t\t\t{\"@context\":\"https:\\\/\\\/schema.org\",\"@graph\":[{\"@type\":\"BreadcrumbList\",\"@id\":\"https:\\\/\\\/candas365.es\\\/noticias\\\/la-reforma-migratoria-de-trump-en-documentos-tv\\\/#breadcrumblist\",\"itemListElement\":[{\"@type\":\"ListItem\",\"@id\":\"https:\\\/\\\/candas365.es\\\/noticias#listItem\",\"position\":1,\"name\":\"Home\",\"item\":\"https:\\\/\\\/candas365.es\\\/noticias\",\"nextItem\":{\"@type\":\"ListItem\",\"@id\":\"https:\\\/\\\/candas365.es\\\/noticias\\\/category\\\/agenda\\\/#listItem\",\"name\":\"Agenda\"}},{\"@type\":\"ListItem\",\"@id\":\"https:\\\/\\\/candas365.es\\\/noticias\\\/category\\\/agenda\\\/#listItem\",\"position\":2,\"name\":\"Agenda\",\"item\":\"https:\\\/\\\/candas365.es\\\/noticias\\\/category\\\/agenda\\\/\",\"nextItem\":{\"@type\":\"ListItem\",\"@id\":\"https:\\\/\\\/candas365.es\\\/noticias\\\/la-reforma-migratoria-de-trump-en-documentos-tv\\\/#listItem\",\"name\":\"La reforma migratoria de Trump, en \\u00abDocumentos TV\\u00bb\"},\"previousItem\":{\"@type\":\"ListItem\",\"@id\":\"https:\\\/\\\/candas365.es\\\/noticias#listItem\",\"name\":\"Home\"}},{\"@type\":\"ListItem\",\"@id\":\"https:\\\/\\\/candas365.es\\\/noticias\\\/la-reforma-migratoria-de-trump-en-documentos-tv\\\/#listItem\",\"position\":3,\"name\":\"La reforma migratoria de Trump, en \\u00abDocumentos TV\\u00bb\",\"previousItem\":{\"@type\":\"ListItem\",\"@id\":\"https:\\\/\\\/candas365.es\\\/noticias\\\/category\\\/agenda\\\/#listItem\",\"name\":\"Agenda\"}}]},{\"@type\":\"NewsArticle\",\"@id\":\"https:\\\/\\\/candas365.es\\\/noticias\\\/la-reforma-migratoria-de-trump-en-documentos-tv\\\/#newsarticle\",\"name\":\"La reforma migratoria de Trump, en \\u00abDocumentos TV\\u00bb | Cand\\u00e1s 365\",\"headline\":\"La reforma migratoria de Trump, en \\u00abDocumentos TV\\u00bb\",\"author\":{\"@id\":\"https:\\\/\\\/candas365.es\\\/noticias\\\/author\\\/admin\\\/#author\"},\"publisher\":{\"@id\":\"https:\\\/\\\/candas365.es\\\/noticias\\\/#organization\"},\"image\":{\"@type\":\"ImageObject\",\"url\":\"https:\\\/\\\/candas365.es\\\/noticias\\\/wp-content\\\/uploads\\\/2018\\\/05\\\/tele28051801.jpg\",\"width\":1400,\"height\":788},\"datePublished\":\"2018-05-28T14:36:15+02:00\",\"dateModified\":\"2018-05-28T14:36:15+02:00\",\"inLanguage\":\"es-ES\",\"mainEntityOfPage\":{\"@id\":\"https:\\\/\\\/candas365.es\\\/noticias\\\/la-reforma-migratoria-de-trump-en-documentos-tv\\\/#webpage\"},\"isPartOf\":{\"@id\":\"https:\\\/\\\/candas365.es\\\/noticias\\\/la-reforma-migratoria-de-trump-en-documentos-tv\\\/#webpage\"},\"articleSection\":\"Agenda\",\"dateline\":\"Publicado el mayo 28, 2018.\"},{\"@type\":\"Organization\",\"@id\":\"https:\\\/\\\/candas365.es\\\/noticias\\\/#organization\",\"name\":\"Cand\\u00e1s 365\",\"description\":\"Cand\\u00e1s 365 es un diario digital independiente, fundado en 2012, con base en Asturias. Informamos con rigor sobre actualidad, sociedad, cultura y ocio, con una mirada local y global.\",\"url\":\"https:\\\/\\\/candas365.es\\\/noticias\\\/\",\"email\":\"info@candas365.es\",\"telephone\":\"+34652131393\",\"foundingDate\":\"2012-06-10\",\"logo\":{\"@type\":\"ImageObject\",\"url\":\"https:\\\/\\\/candas365.es\\\/noticias\\\/wp-content\\\/uploads\\\/2024\\\/09\\\/Candas-365-Redes.jpg\",\"@id\":\"https:\\\/\\\/candas365.es\\\/noticias\\\/la-reforma-migratoria-de-trump-en-documentos-tv\\\/#organizationLogo\",\"width\":1152,\"height\":864,\"caption\":\"Cand\\u00e1s 365 Redes\"},\"image\":{\"@id\":\"https:\\\/\\\/candas365.es\\\/noticias\\\/la-reforma-migratoria-de-trump-en-documentos-tv\\\/#organizationLogo\"},\"sameAs\":[\"https:\\\/\\\/www.facebook.com\\\/Nachofdezber\",\"https:\\\/\\\/x.com\\\/NabercoDigital\",\"https:\\\/\\\/www.instagram.com\\\/nachofdezber\\\/\",\"https:\\\/\\\/www.youtube.com\\\/channel\\\/UCZP-2wLEB9Rv6erhFmqVnvg\"],\"address\":{\"@id\":\"https:\\\/\\\/candas365.es\\\/noticias\\\/#postaladdress\",\"@type\":\"PostalAddress\",\"streetAddress\":\"san antonio 4, san antonio 4\",\"postalCode\":\"33430\",\"addressLocality\":\"Cand\\u00e1s\",\"addressRegion\":\"Asturias\",\"addressCountry\":\"ES\"}},{\"@type\":\"Person\",\"@id\":\"https:\\\/\\\/candas365.es\\\/noticias\\\/author\\\/admin\\\/#author\",\"url\":\"https:\\\/\\\/candas365.es\\\/noticias\\\/author\\\/admin\\\/\",\"name\":\"Cand\\u00e1s 365\",\"image\":{\"@type\":\"ImageObject\",\"@id\":\"https:\\\/\\\/candas365.es\\\/noticias\\\/la-reforma-migratoria-de-trump-en-documentos-tv\\\/#authorImage\",\"url\":\"https:\\\/\\\/secure.gravatar.com\\\/avatar\\\/496a8e03d0c493ede1718b7934145dbdf8d89be1036b0eec9544e1094c9de390?s=96&d=mm&r=g\",\"width\":96,\"height\":96,\"caption\":\"Cand\\u00e1s 365\"},\"sameAs\":[\"https:\\\/\\\/www.facebook.com\\\/carrenoactualidad\",\"https:\\\/\\\/twitter.com\\\/nbasturias\",\"https:\\\/\\\/www.instagram.com\\\/nachofdezber\\\/\",\"https:\\\/\\\/www.youtube.com\\\/channel\\\/UCZP-2wLEB9Rv6erhFmqVnvg\"]},{\"@type\":\"WebPage\",\"@id\":\"https:\\\/\\\/candas365.es\\\/noticias\\\/la-reforma-migratoria-de-trump-en-documentos-tv\\\/#webpage\",\"url\":\"https:\\\/\\\/candas365.es\\\/noticias\\\/la-reforma-migratoria-de-trump-en-documentos-tv\\\/\",\"name\":\"La reforma migratoria de Trump, en \\u00abDocumentos TV\\u00bb | Cand\\u00e1s 365\",\"description\":\"'Documentos TV' estrena 'Indivisible', un an\\u00e1lisis sobre el movimiento de inmigrantes so\\u00f1adores que llegaron con sus padres a Estados Unidos en busca de una vida mejor y ahora se encuentran separados de sus familias, a causa de la pol\\u00edtica de deportaci\\u00f3n de Donald Trump. Los dreamers (so\\u00f1adores) alzan su voz ante la controvertida reforma migratoria\",\"inLanguage\":\"es-ES\",\"isPartOf\":{\"@id\":\"https:\\\/\\\/candas365.es\\\/noticias\\\/#website\"},\"breadcrumb\":{\"@id\":\"https:\\\/\\\/candas365.es\\\/noticias\\\/la-reforma-migratoria-de-trump-en-documentos-tv\\\/#breadcrumblist\"},\"author\":{\"@id\":\"https:\\\/\\\/candas365.es\\\/noticias\\\/author\\\/admin\\\/#author\"},\"creator\":{\"@id\":\"https:\\\/\\\/candas365.es\\\/noticias\\\/author\\\/admin\\\/#author\"},\"image\":{\"@type\":\"ImageObject\",\"url\":\"https:\\\/\\\/candas365.es\\\/noticias\\\/wp-content\\\/uploads\\\/2018\\\/05\\\/tele28051801.jpg\",\"@id\":\"https:\\\/\\\/candas365.es\\\/noticias\\\/la-reforma-migratoria-de-trump-en-documentos-tv\\\/#mainImage\",\"width\":1400,\"height\":788},\"primaryImageOfPage\":{\"@id\":\"https:\\\/\\\/candas365.es\\\/noticias\\\/la-reforma-migratoria-de-trump-en-documentos-tv\\\/#mainImage\"},\"datePublished\":\"2018-05-28T14:36:15+02:00\",\"dateModified\":\"2018-05-28T14:36:15+02:00\"},{\"@type\":\"WebSite\",\"@id\":\"https:\\\/\\\/candas365.es\\\/noticias\\\/#website\",\"url\":\"https:\\\/\\\/candas365.es\\\/noticias\\\/\",\"name\":\"Cand\\u00e1s 365\",\"alternateName\":\"Cand\\u00e1s 365 Noticias\",\"description\":\"Actualidad desde Carre\\u00f1o para el mundo\",\"inLanguage\":\"es-ES\",\"publisher\":{\"@id\":\"https:\\\/\\\/candas365.es\\\/noticias\\\/#organization\"}}]}\n\t\t<\/script>\n\t\t<!-- All in One SEO Pro -->\r\n\t\t<title>La reforma migratoria de Trump, en \u00abDocumentos TV\u00bb | Cand\u00e1s 365<\/title>\n\n","aioseo_head_json":{"title":"La reforma migratoria de Trump, en \u00abDocumentos TV\u00bb | Cand\u00e1s 365","description":"'Documentos TV' estrena 'Indivisible', un an\u00e1lisis sobre el movimiento de inmigrantes so\u00f1adores que llegaron con sus padres a Estados Unidos en busca de una vida mejor y ahora se encuentran separados de sus familias, a causa de la pol\u00edtica de deportaci\u00f3n de Donald Trump. Los dreamers (so\u00f1adores) alzan su voz ante la controvertida reforma migratoria","canonical_url":"https:\/\/candas365.es\/noticias\/la-reforma-migratoria-de-trump-en-documentos-tv\/","robots":"max-image-preview:large","keywords":"agenda","webmasterTools":{"google-site-verification":"UA-32230408-1","msvalidate.01":"354F3CDFB2DA171B47FBE9ABF1F88D5","miscellaneous":""},"schema":{"@context":"https:\/\/schema.org","@graph":[{"@type":"BreadcrumbList","@id":"https:\/\/candas365.es\/noticias\/la-reforma-migratoria-de-trump-en-documentos-tv\/#breadcrumblist","itemListElement":[{"@type":"ListItem","@id":"https:\/\/candas365.es\/noticias#listItem","position":1,"name":"Home","item":"https:\/\/candas365.es\/noticias","nextItem":{"@type":"ListItem","@id":"https:\/\/candas365.es\/noticias\/category\/agenda\/#listItem","name":"Agenda"}},{"@type":"ListItem","@id":"https:\/\/candas365.es\/noticias\/category\/agenda\/#listItem","position":2,"name":"Agenda","item":"https:\/\/candas365.es\/noticias\/category\/agenda\/","nextItem":{"@type":"ListItem","@id":"https:\/\/candas365.es\/noticias\/la-reforma-migratoria-de-trump-en-documentos-tv\/#listItem","name":"La reforma migratoria de Trump, en \u00abDocumentos TV\u00bb"},"previousItem":{"@type":"ListItem","@id":"https:\/\/candas365.es\/noticias#listItem","name":"Home"}},{"@type":"ListItem","@id":"https:\/\/candas365.es\/noticias\/la-reforma-migratoria-de-trump-en-documentos-tv\/#listItem","position":3,"name":"La reforma migratoria de Trump, en \u00abDocumentos TV\u00bb","previousItem":{"@type":"ListItem","@id":"https:\/\/candas365.es\/noticias\/category\/agenda\/#listItem","name":"Agenda"}}]},{"@type":"NewsArticle","@id":"https:\/\/candas365.es\/noticias\/la-reforma-migratoria-de-trump-en-documentos-tv\/#newsarticle","name":"La reforma migratoria de Trump, en \u00abDocumentos TV\u00bb | Cand\u00e1s 365","headline":"La reforma migratoria de Trump, en \u00abDocumentos TV\u00bb","author":{"@id":"https:\/\/candas365.es\/noticias\/author\/admin\/#author"},"publisher":{"@id":"https:\/\/candas365.es\/noticias\/#organization"},"image":{"@type":"ImageObject","url":"https:\/\/candas365.es\/noticias\/wp-content\/uploads\/2018\/05\/tele28051801.jpg","width":1400,"height":788},"datePublished":"2018-05-28T14:36:15+02:00","dateModified":"2018-05-28T14:36:15+02:00","inLanguage":"es-ES","mainEntityOfPage":{"@id":"https:\/\/candas365.es\/noticias\/la-reforma-migratoria-de-trump-en-documentos-tv\/#webpage"},"isPartOf":{"@id":"https:\/\/candas365.es\/noticias\/la-reforma-migratoria-de-trump-en-documentos-tv\/#webpage"},"articleSection":"Agenda","dateline":"Publicado el mayo 28, 2018."},{"@type":"Organization","@id":"https:\/\/candas365.es\/noticias\/#organization","name":"Cand\u00e1s 365","description":"Cand\u00e1s 365 es un diario digital independiente, fundado en 2012, con base en Asturias. Informamos con rigor sobre actualidad, sociedad, cultura y ocio, con una mirada local y global.","url":"https:\/\/candas365.es\/noticias\/","email":"info@candas365.es","telephone":"+34652131393","foundingDate":"2012-06-10","logo":{"@type":"ImageObject","url":"https:\/\/candas365.es\/noticias\/wp-content\/uploads\/2024\/09\/Candas-365-Redes.jpg","@id":"https:\/\/candas365.es\/noticias\/la-reforma-migratoria-de-trump-en-documentos-tv\/#organizationLogo","width":1152,"height":864,"caption":"Cand\u00e1s 365 Redes"},"image":{"@id":"https:\/\/candas365.es\/noticias\/la-reforma-migratoria-de-trump-en-documentos-tv\/#organizationLogo"},"sameAs":["https:\/\/www.facebook.com\/Nachofdezber","https:\/\/x.com\/NabercoDigital","https:\/\/www.instagram.com\/nachofdezber\/","https:\/\/www.youtube.com\/channel\/UCZP-2wLEB9Rv6erhFmqVnvg"],"address":{"@id":"https:\/\/candas365.es\/noticias\/#postaladdress","@type":"PostalAddress","streetAddress":"san antonio 4, san antonio 4","postalCode":"33430","addressLocality":"Cand\u00e1s","addressRegion":"Asturias","addressCountry":"ES"}},{"@type":"Person","@id":"https:\/\/candas365.es\/noticias\/author\/admin\/#author","url":"https:\/\/candas365.es\/noticias\/author\/admin\/","name":"Cand\u00e1s 365","image":{"@type":"ImageObject","@id":"https:\/\/candas365.es\/noticias\/la-reforma-migratoria-de-trump-en-documentos-tv\/#authorImage","url":"https:\/\/secure.gravatar.com\/avatar\/496a8e03d0c493ede1718b7934145dbdf8d89be1036b0eec9544e1094c9de390?s=96&d=mm&r=g","width":96,"height":96,"caption":"Cand\u00e1s 365"},"sameAs":["https:\/\/www.facebook.com\/carrenoactualidad","https:\/\/twitter.com\/nbasturias","https:\/\/www.instagram.com\/nachofdezber\/","https:\/\/www.youtube.com\/channel\/UCZP-2wLEB9Rv6erhFmqVnvg"]},{"@type":"WebPage","@id":"https:\/\/candas365.es\/noticias\/la-reforma-migratoria-de-trump-en-documentos-tv\/#webpage","url":"https:\/\/candas365.es\/noticias\/la-reforma-migratoria-de-trump-en-documentos-tv\/","name":"La reforma migratoria de Trump, en \u00abDocumentos TV\u00bb | Cand\u00e1s 365","description":"'Documentos TV' estrena 'Indivisible', un an\u00e1lisis sobre el movimiento de inmigrantes so\u00f1adores que llegaron con sus padres a Estados Unidos en busca de una vida mejor y ahora se encuentran separados de sus familias, a causa de la pol\u00edtica de deportaci\u00f3n de Donald Trump. Los dreamers (so\u00f1adores) alzan su voz ante la controvertida reforma migratoria","inLanguage":"es-ES","isPartOf":{"@id":"https:\/\/candas365.es\/noticias\/#website"},"breadcrumb":{"@id":"https:\/\/candas365.es\/noticias\/la-reforma-migratoria-de-trump-en-documentos-tv\/#breadcrumblist"},"author":{"@id":"https:\/\/candas365.es\/noticias\/author\/admin\/#author"},"creator":{"@id":"https:\/\/candas365.es\/noticias\/author\/admin\/#author"},"image":{"@type":"ImageObject","url":"https:\/\/candas365.es\/noticias\/wp-content\/uploads\/2018\/05\/tele28051801.jpg","@id":"https:\/\/candas365.es\/noticias\/la-reforma-migratoria-de-trump-en-documentos-tv\/#mainImage","width":1400,"height":788},"primaryImageOfPage":{"@id":"https:\/\/candas365.es\/noticias\/la-reforma-migratoria-de-trump-en-documentos-tv\/#mainImage"},"datePublished":"2018-05-28T14:36:15+02:00","dateModified":"2018-05-28T14:36:15+02:00"},{"@type":"WebSite","@id":"https:\/\/candas365.es\/noticias\/#website","url":"https:\/\/candas365.es\/noticias\/","name":"Cand\u00e1s 365","alternateName":"Cand\u00e1s 365 Noticias","description":"Actualidad desde Carre\u00f1o para el mundo","inLanguage":"es-ES","publisher":{"@id":"https:\/\/candas365.es\/noticias\/#organization"}}]},"og:locale":"es_ES","og:site_name":"Cand\u00e1s 365","og:type":"article","og:title":"La reforma migratoria de Trump, en \u00abDocumentos TV\u00bb | Cand\u00e1s 365","og:description":"'Documentos TV' estrena 'Indivisible', un an\u00e1lisis sobre el movimiento de inmigrantes so\u00f1adores que llegaron con sus padres a Estados Unidos en busca de una vida mejor y ahora se encuentran separados de sus familias, a causa de la pol\u00edtica de deportaci\u00f3n de Donald Trump. Los dreamers (so\u00f1adores) alzan su voz ante la controvertida reforma migratoria","og:url":"https:\/\/candas365.es\/noticias\/la-reforma-migratoria-de-trump-en-documentos-tv\/","og:image":"https:\/\/candas365.es\/noticias\/wp-content\/uploads\/2018\/05\/tele28051801.jpg","og:image:secure_url":"https:\/\/candas365.es\/noticias\/wp-content\/uploads\/2018\/05\/tele28051801.jpg","og:image:width":1400,"og:image:height":788,"article:published_time":"2018-05-28T14:36:15+00:00","article:modified_time":"2018-05-28T14:36:15+00:00","article:publisher":"https:\/\/www.facebook.com\/Nachofdezber","article:author":"https:\/\/www.facebook.com\/carrenoactualidad","twitter:card":"summary_large_image","twitter:site":"@NabercoDigital","twitter:title":"La reforma migratoria de Trump, en \u00abDocumentos TV\u00bb | Cand\u00e1s 365","twitter:description":"'Documentos TV' estrena 'Indivisible', un an\u00e1lisis sobre el movimiento de inmigrantes so\u00f1adores que llegaron con sus padres a Estados Unidos en busca de una vida mejor y ahora se encuentran separados de sus familias, a causa de la pol\u00edtica de deportaci\u00f3n de Donald Trump. Los dreamers (so\u00f1adores) alzan su voz ante la controvertida reforma migratoria","twitter:creator":"@nbasturias","twitter:image":"https:\/\/candas365.es\/noticias\/wp-content\/uploads\/2018\/05\/tele28051801.jpg","twitter:label1":"Escrito por","twitter:data1":"Cand\u00e1s 365","twitter:label2":"Tiempo de lectura estimado","twitter:data2":"2 minutos"},"aioseo_meta_data":{"post_id":"96661","title":null,"description":null,"keywords":null,"keyphrases":null,"primary_term":null,"canonical_url":null,"og_title":null,"og_description":null,"og_object_type":"default","og_image_type":"default","og_image_url":null,"og_image_width":null,"og_image_height":null,"og_image_custom_url":null,"og_image_custom_fields":null,"og_video":null,"og_custom_url":null,"og_article_section":null,"og_article_tags":null,"twitter_use_og":false,"twitter_card":"default","twitter_image_type":"default","twitter_image_url":null,"twitter_image_custom_url":null,"twitter_image_custom_fields":null,"twitter_title":null,"twitter_description":null,"schema":{"blockGraphs":[],"customGraphs":[],"default":{"data":{"Article":[],"Course":[],"Dataset":[],"FAQPage":[],"Movie":[],"Person":[],"Product":[],"ProductReview":[],"Car":[],"Recipe":[],"Service":[],"SoftwareApplication":[],"WebPage":[]},"graphName":"","isEnabled":true},"graphs":[],"defaultGraph":"","defaultPostTypeGraph":""},"schema_type":null,"schema_type_options":null,"pillar_content":false,"robots_default":true,"robots_noindex":false,"robots_noarchive":false,"robots_nosnippet":false,"robots_nofollow":false,"robots_noimageindex":false,"robots_noodp":false,"robots_notranslate":false,"robots_max_snippet":null,"robots_max_videopreview":null,"robots_max_imagepreview":"large","priority":null,"frequency":null,"location":null,"local_seo":null,"seo_analyzer_scan_date":"2025-08-26 22:37:15","breadcrumb_settings":null,"limit_modified_date":false,"reviewed_by":null,"open_ai":null,"ai":null,"created":"2020-12-21 11:51:25","updated":"2025-08-26 22:37:15"},"aioseo_breadcrumb":"<div class=\"aioseo-breadcrumbs\"><span class=\"aioseo-breadcrumb\">\n\t<a href=\"https:\/\/candas365.es\/noticias\" title=\"Home\">Home<\/a>\n<\/span><span class=\"aioseo-breadcrumb-separator\">&ndash;<\/span><span class=\"aioseo-breadcrumb\">\n\t<a href=\"https:\/\/candas365.es\/noticias\/category\/agenda\/\" title=\"Agenda\">Agenda<\/a>\n<\/span><span class=\"aioseo-breadcrumb-separator\">&ndash;<\/span><span class=\"aioseo-breadcrumb\">\n\tLa reforma migratoria de Trump, en \u00abDocumentos TV\u00bb\n<\/span><\/div>","aioseo_breadcrumb_json":[{"label":"Home","link":"https:\/\/candas365.es\/noticias"},{"label":"Agenda","link":"https:\/\/candas365.es\/noticias\/category\/agenda\/"},{"label":"La reforma migratoria de Trump, en \u00abDocumentos TV\u00bb","link":"https:\/\/candas365.es\/noticias\/la-reforma-migratoria-de-trump-en-documentos-tv\/"}],"_links":{"self":[{"href":"https:\/\/candas365.es\/noticias\/wp-json\/wp\/v2\/posts\/96661","targetHints":{"allow":["GET"]}}],"collection":[{"href":"https:\/\/candas365.es\/noticias\/wp-json\/wp\/v2\/posts"}],"about":[{"href":"https:\/\/candas365.es\/noticias\/wp-json\/wp\/v2\/types\/post"}],"author":[{"embeddable":true,"href":"https:\/\/candas365.es\/noticias\/wp-json\/wp\/v2\/users\/1"}],"replies":[{"embeddable":true,"href":"https:\/\/candas365.es\/noticias\/wp-json\/wp\/v2\/comments?post=96661"}],"version-history":[{"count":0,"href":"https:\/\/candas365.es\/noticias\/wp-json\/wp\/v2\/posts\/96661\/revisions"}],"wp:featuredmedia":[{"embeddable":true,"href":"https:\/\/candas365.es\/noticias\/wp-json\/wp\/v2\/media\/96662"}],"wp:attachment":[{"href":"https:\/\/candas365.es\/noticias\/wp-json\/wp\/v2\/media?parent=96661"}],"wp:term":[{"taxonomy":"category","embeddable":true,"href":"https:\/\/candas365.es\/noticias\/wp-json\/wp\/v2\/categories?post=96661"},{"taxonomy":"post_tag","embeddable":true,"href":"https:\/\/candas365.es\/noticias\/wp-json\/wp\/v2\/tags?post=96661"}],"curies":[{"name":"wp","href":"https:\/\/api.w.org\/{rel}","templated":true}]}}