{"id":96556,"date":"2018-05-27T15:41:10","date_gmt":"2018-05-27T15:41:10","guid":{"rendered":"http:\/\/candas365.es\/noticias\/?p=96556"},"modified":"2018-05-27T15:41:10","modified_gmt":"2018-05-27T15:41:10","slug":"princesas-esclavas-el-lunes-28-de-mayo-en-portada","status":"publish","type":"post","link":"https:\/\/candas365.es\/noticias\/princesas-esclavas-el-lunes-28-de-mayo-en-portada\/","title":{"rendered":"\u201cPrincesas esclavas\u201d, el lunes 28 de mayo \u201cEn Portada\u201d"},"content":{"rendered":"<p><img fetchpriority=\"high\" decoding=\"async\" class=\"alignleft size-medium wp-image-96557\" src=\"https:\/\/candas365.es\/noticias\/wp-content\/uploads\/2018\/05\/tele27050318-360x240.jpg\" alt=\"\" width=\"360\" height=\"240\" srcset=\"https:\/\/candas365.es\/noticias\/wp-content\/uploads\/2018\/05\/tele27050318-360x240.jpg 360w, https:\/\/candas365.es\/noticias\/wp-content\/uploads\/2018\/05\/tele27050318-768x512.jpg 768w, https:\/\/candas365.es\/noticias\/wp-content\/uploads\/2018\/05\/tele27050318-655x436.jpg 655w, https:\/\/candas365.es\/noticias\/wp-content\/uploads\/2018\/05\/tele27050318-696x464.jpg 696w, https:\/\/candas365.es\/noticias\/wp-content\/uploads\/2018\/05\/tele27050318-1068x712.jpg 1068w, https:\/\/candas365.es\/noticias\/wp-content\/uploads\/2018\/05\/tele27050318-630x420.jpg 630w, https:\/\/candas365.es\/noticias\/wp-content\/uploads\/2018\/05\/tele27050318.jpg 1600w\" sizes=\"(max-width: 360px) 100vw, 360px\" \/>\u2018En Portada\u2019 estrena este semana el reportaje \u2018Princesas esclavas\u2019 en el que aborda la trata de mujeres nigerianas para su explotaci\u00f3n sexual en Europa, que se ha disparado en los \u00faltimos a\u00f1os, aumentando el n\u00famero de menores. Algunas de estas v\u00edctimas cuentan al programa c\u00f3mo las han esclavizado y c\u00f3mo funciona la mafia que las fuerza a ejercer la prostituci\u00f3n.<\/p>\n<p>A partir de las revueltas \u00e1rabes de 2011, la ruta por Libia y el Mediterr\u00e1neo se ha hecho m\u00e1s rentable para los traficantes. Un equipo de \u2018En Portada\u2019 ha estado en Italia, el pa\u00eds al que llegan m\u00e1s mujeres nigerianas: si en 2014, recib\u00eda menos de 1.500, en 2016 llegaron 11.000 mujeres, seg\u00fan datos de la Organizaci\u00f3n Internacional de Migraciones (OIM). Y cada vez, m\u00e1s menores.<\/p>\n<p>Las organizaciones que luchan contra este tr\u00e1fico calculan que el 98% de las nigerianas que se prostituyen en Italia son v\u00edctimas de trata. Y estiman que existe una organizaci\u00f3n criminal mafiosa capaz de mover al a\u00f1o m\u00e1s de 380 millones de euros.<\/p>\n<p>Seis v\u00edctimas, han hablado con \u2018En Portada\u2019 para dar a conocer su historia y desvelar algunas claves sobre el funcionamiento de este tr\u00e1fico humano: c\u00f3mo aprovechan su vulnerabilidad para atraparlas en un c\u00edrculo de esclavitud, a trav\u00e9s del enga\u00f1o, un juramento en un ritual de vud\u00fa, una inflada deuda muy dif\u00edcil de saldar, amenazas, extorsi\u00f3n y violencia.<\/p>\n<p>Esta esclavitud del siglo XXI, a veces, se oculta detr\u00e1s de muros; pero muy a menudo est\u00e1 a la vista de todos. \u2018En Portada\u2019 ha visitado algunos de estos \u201cmercados del sexo\u201d en el que las v\u00edctimas son forzadas a trabajar.<\/p>\n<p>Contra la trata, luchan las autoridades italianas y de otros pa\u00edses; pero tambi\u00e9n, organizaciones civiles y algunas de las propias v\u00edctimas. Princess es una de ellas: so\u00f1aba con un futuro mejor en Europa y al llegar a Italia, la forzaron a prostituirse; ahora ayuda a que otras v\u00edctimas salgan de la esclavitud. A ellas les se\u00f1ala la puerta de salida y a la sociedad, un mensaje: \u201cNo somos prostitutas; somos esclavas\u201d.<\/p>\n<p>\u2018Princesas esclavas\u2019 es un reportaje con guion de Yolanda \u00c1lvarez; realizaci\u00f3n de \u00c1ngel Barroso; imagen de Vicente Gil; sonido de Irene Mart\u00edn; montaje de Marga Serrano; y producci\u00f3n de Ana Pastor y Lourdes Calvo.<\/p>\n","protected":false},"excerpt":{"rendered":"<p>\u2018En Portada\u2019 estrena este semana el reportaje \u2018Princesas esclavas\u2019 en el que aborda la trata de mujeres nigerianas para su explotaci\u00f3n sexual en Europa, que se ha disparado en los \u00faltimos a\u00f1os, aumentando el n\u00famero de menores. Algunas de estas v\u00edctimas cuentan al programa c\u00f3mo las han esclavizado y c\u00f3mo funciona la mafia que las<\/p>\n","protected":false},"author":1,"featured_media":96557,"comment_status":"closed","ping_status":"closed","sticky":false,"template":"","format":"standard","meta":{"footnotes":""},"categories":[1],"tags":[],"class_list":{"0":"post-96556","1":"post","2":"type-post","3":"status-publish","4":"format-standard","5":"has-post-thumbnail","7":"category-agenda"},"aioseo_notices":[],"aioseo_head":"\n\t\t<!-- All in One SEO Pro 4.9.6.2 - aioseo.com -->\n\t<meta name=\"description\" content=\"\u2018En Portada\u2019 estrena este semana el reportaje \u2018Princesas esclavas\u2019 en el que aborda la trata de mujeres nigerianas para su explotaci\u00f3n sexual en Europa, que se ha disparado en los \u00faltimos a\u00f1os, aumentando el n\u00famero de menores. Algunas de estas v\u00edctimas cuentan al programa c\u00f3mo las han esclavizado y c\u00f3mo funciona la mafia que las\" \/>\n\t<meta name=\"robots\" content=\"max-image-preview:large\" \/>\n\t<meta name=\"author\" content=\"Cand\u00e1s 365\"\/>\n\t<meta name=\"google-site-verification\" content=\"UA-32230408-1\" \/>\n\t<meta name=\"msvalidate.01\" content=\"354F3CDFB2DA171B47FBE9ABF1F88D5\" \/>\n\t<meta name=\"keywords\" content=\"agenda\" \/>\n\t<link rel=\"canonical\" href=\"https:\/\/candas365.es\/noticias\/princesas-esclavas-el-lunes-28-de-mayo-en-portada\/\" \/>\n\t<meta name=\"generator\" content=\"All in One SEO Pro (AIOSEO) 4.9.6.2\" \/>\n\t\t<meta property=\"og:locale\" content=\"es_ES\" \/>\n\t\t<meta property=\"og:site_name\" content=\"Cand\u00e1s 365\" \/>\n\t\t<meta property=\"og:type\" content=\"article\" \/>\n\t\t<meta property=\"og:title\" content=\"\u201cPrincesas esclavas\u201d, el lunes 28 de mayo \u201cEn Portada\u201d | Cand\u00e1s 365\" \/>\n\t\t<meta property=\"og:description\" content=\"\u2018En Portada\u2019 estrena este semana el reportaje \u2018Princesas esclavas\u2019 en el que aborda la trata de mujeres nigerianas para su explotaci\u00f3n sexual en Europa, que se ha disparado en los \u00faltimos a\u00f1os, aumentando el n\u00famero de menores. Algunas de estas v\u00edctimas cuentan al programa c\u00f3mo las han esclavizado y c\u00f3mo funciona la mafia que las\" \/>\n\t\t<meta property=\"og:url\" content=\"https:\/\/candas365.es\/noticias\/princesas-esclavas-el-lunes-28-de-mayo-en-portada\/\" \/>\n\t\t<meta property=\"og:image\" content=\"https:\/\/candas365.es\/noticias\/wp-content\/uploads\/2018\/05\/tele27050318.jpg\" \/>\n\t\t<meta property=\"og:image:secure_url\" content=\"https:\/\/candas365.es\/noticias\/wp-content\/uploads\/2018\/05\/tele27050318.jpg\" \/>\n\t\t<meta property=\"og:image:width\" content=\"1600\" \/>\n\t\t<meta property=\"og:image:height\" content=\"1066\" \/>\n\t\t<meta property=\"article:published_time\" content=\"2018-05-27T15:41:10+00:00\" \/>\n\t\t<meta property=\"article:modified_time\" content=\"2018-05-27T15:41:10+00:00\" \/>\n\t\t<meta property=\"article:publisher\" content=\"https:\/\/www.facebook.com\/Nachofdezber\" \/>\n\t\t<meta property=\"article:author\" content=\"https:\/\/www.facebook.com\/carrenoactualidad\" \/>\n\t\t<meta name=\"twitter:card\" content=\"summary_large_image\" \/>\n\t\t<meta name=\"twitter:site\" content=\"@NabercoDigital\" \/>\n\t\t<meta name=\"twitter:title\" content=\"\u201cPrincesas esclavas\u201d, el lunes 28 de mayo \u201cEn Portada\u201d | Cand\u00e1s 365\" \/>\n\t\t<meta name=\"twitter:description\" content=\"\u2018En Portada\u2019 estrena este semana el reportaje \u2018Princesas esclavas\u2019 en el que aborda la trata de mujeres nigerianas para su explotaci\u00f3n sexual en Europa, que se ha disparado en los \u00faltimos a\u00f1os, aumentando el n\u00famero de menores. Algunas de estas v\u00edctimas cuentan al programa c\u00f3mo las han esclavizado y c\u00f3mo funciona la mafia que las\" \/>\n\t\t<meta name=\"twitter:creator\" content=\"@nbasturias\" \/>\n\t\t<meta name=\"twitter:image\" content=\"https:\/\/candas365.es\/noticias\/wp-content\/uploads\/2018\/05\/tele27050318.jpg\" \/>\n\t\t<meta name=\"twitter:label1\" content=\"Escrito por\" \/>\n\t\t<meta name=\"twitter:data1\" content=\"Cand\u00e1s 365\" \/>\n\t\t<meta name=\"twitter:label2\" content=\"Tiempo de lectura estimado\" \/>\n\t\t<meta name=\"twitter:data2\" content=\"2 minutos\" \/>\n\t\t<script type=\"application\/ld+json\" class=\"aioseo-schema\">\n\t\t\t{\"@context\":\"https:\\\/\\\/schema.org\",\"@graph\":[{\"@type\":\"BreadcrumbList\",\"@id\":\"https:\\\/\\\/candas365.es\\\/noticias\\\/princesas-esclavas-el-lunes-28-de-mayo-en-portada\\\/#breadcrumblist\",\"itemListElement\":[{\"@type\":\"ListItem\",\"@id\":\"https:\\\/\\\/candas365.es\\\/noticias#listItem\",\"position\":1,\"name\":\"Home\",\"item\":\"https:\\\/\\\/candas365.es\\\/noticias\",\"nextItem\":{\"@type\":\"ListItem\",\"@id\":\"https:\\\/\\\/candas365.es\\\/noticias\\\/category\\\/agenda\\\/#listItem\",\"name\":\"Agenda\"}},{\"@type\":\"ListItem\",\"@id\":\"https:\\\/\\\/candas365.es\\\/noticias\\\/category\\\/agenda\\\/#listItem\",\"position\":2,\"name\":\"Agenda\",\"item\":\"https:\\\/\\\/candas365.es\\\/noticias\\\/category\\\/agenda\\\/\",\"nextItem\":{\"@type\":\"ListItem\",\"@id\":\"https:\\\/\\\/candas365.es\\\/noticias\\\/princesas-esclavas-el-lunes-28-de-mayo-en-portada\\\/#listItem\",\"name\":\"\\u201cPrincesas esclavas\\u201d, el lunes 28 de mayo \\u201cEn Portada\\u201d\"},\"previousItem\":{\"@type\":\"ListItem\",\"@id\":\"https:\\\/\\\/candas365.es\\\/noticias#listItem\",\"name\":\"Home\"}},{\"@type\":\"ListItem\",\"@id\":\"https:\\\/\\\/candas365.es\\\/noticias\\\/princesas-esclavas-el-lunes-28-de-mayo-en-portada\\\/#listItem\",\"position\":3,\"name\":\"\\u201cPrincesas esclavas\\u201d, el lunes 28 de mayo \\u201cEn Portada\\u201d\",\"previousItem\":{\"@type\":\"ListItem\",\"@id\":\"https:\\\/\\\/candas365.es\\\/noticias\\\/category\\\/agenda\\\/#listItem\",\"name\":\"Agenda\"}}]},{\"@type\":\"NewsArticle\",\"@id\":\"https:\\\/\\\/candas365.es\\\/noticias\\\/princesas-esclavas-el-lunes-28-de-mayo-en-portada\\\/#newsarticle\",\"name\":\"\\u201cPrincesas esclavas\\u201d, el lunes 28 de mayo \\u201cEn Portada\\u201d | Cand\\u00e1s 365\",\"headline\":\"\\u201cPrincesas esclavas\\u201d, el lunes 28 de mayo \\u201cEn Portada\\u201d\",\"author\":{\"@id\":\"https:\\\/\\\/candas365.es\\\/noticias\\\/author\\\/admin\\\/#author\"},\"publisher\":{\"@id\":\"https:\\\/\\\/candas365.es\\\/noticias\\\/#organization\"},\"image\":{\"@type\":\"ImageObject\",\"url\":\"https:\\\/\\\/candas365.es\\\/noticias\\\/wp-content\\\/uploads\\\/2018\\\/05\\\/tele27050318.jpg\",\"width\":1600,\"height\":1066},\"datePublished\":\"2018-05-27T15:41:10+02:00\",\"dateModified\":\"2018-05-27T15:41:10+02:00\",\"inLanguage\":\"es-ES\",\"mainEntityOfPage\":{\"@id\":\"https:\\\/\\\/candas365.es\\\/noticias\\\/princesas-esclavas-el-lunes-28-de-mayo-en-portada\\\/#webpage\"},\"isPartOf\":{\"@id\":\"https:\\\/\\\/candas365.es\\\/noticias\\\/princesas-esclavas-el-lunes-28-de-mayo-en-portada\\\/#webpage\"},\"articleSection\":\"Agenda\",\"dateline\":\"Publicado el mayo 27, 2018.\"},{\"@type\":\"Organization\",\"@id\":\"https:\\\/\\\/candas365.es\\\/noticias\\\/#organization\",\"name\":\"Cand\\u00e1s 365\",\"description\":\"Cand\\u00e1s 365 es un diario digital independiente, fundado en 2012, con base en Asturias. Informamos con rigor sobre actualidad, sociedad, cultura y ocio, con una mirada local y global.\",\"url\":\"https:\\\/\\\/candas365.es\\\/noticias\\\/\",\"email\":\"info@candas365.es\",\"telephone\":\"+34652131393\",\"foundingDate\":\"2012-06-10\",\"logo\":{\"@type\":\"ImageObject\",\"url\":\"https:\\\/\\\/candas365.es\\\/noticias\\\/wp-content\\\/uploads\\\/2024\\\/09\\\/Candas-365-Redes.jpg\",\"@id\":\"https:\\\/\\\/candas365.es\\\/noticias\\\/princesas-esclavas-el-lunes-28-de-mayo-en-portada\\\/#organizationLogo\",\"width\":1152,\"height\":864,\"caption\":\"Cand\\u00e1s 365 Redes\"},\"image\":{\"@id\":\"https:\\\/\\\/candas365.es\\\/noticias\\\/princesas-esclavas-el-lunes-28-de-mayo-en-portada\\\/#organizationLogo\"},\"sameAs\":[\"https:\\\/\\\/www.facebook.com\\\/Nachofdezber\",\"https:\\\/\\\/x.com\\\/NabercoDigital\",\"https:\\\/\\\/www.instagram.com\\\/nachofdezber\\\/\",\"https:\\\/\\\/www.youtube.com\\\/channel\\\/UCZP-2wLEB9Rv6erhFmqVnvg\"],\"address\":{\"@id\":\"https:\\\/\\\/candas365.es\\\/noticias\\\/#postaladdress\",\"@type\":\"PostalAddress\",\"streetAddress\":\"san antonio 4, san antonio 4\",\"postalCode\":\"33430\",\"addressLocality\":\"Cand\\u00e1s\",\"addressRegion\":\"Asturias\",\"addressCountry\":\"ES\"}},{\"@type\":\"Person\",\"@id\":\"https:\\\/\\\/candas365.es\\\/noticias\\\/author\\\/admin\\\/#author\",\"url\":\"https:\\\/\\\/candas365.es\\\/noticias\\\/author\\\/admin\\\/\",\"name\":\"Cand\\u00e1s 365\",\"image\":{\"@type\":\"ImageObject\",\"@id\":\"https:\\\/\\\/candas365.es\\\/noticias\\\/princesas-esclavas-el-lunes-28-de-mayo-en-portada\\\/#authorImage\",\"url\":\"https:\\\/\\\/secure.gravatar.com\\\/avatar\\\/496a8e03d0c493ede1718b7934145dbdf8d89be1036b0eec9544e1094c9de390?s=96&d=mm&r=g\",\"width\":96,\"height\":96,\"caption\":\"Cand\\u00e1s 365\"},\"sameAs\":[\"https:\\\/\\\/www.facebook.com\\\/carrenoactualidad\",\"https:\\\/\\\/twitter.com\\\/nbasturias\",\"https:\\\/\\\/www.instagram.com\\\/nachofdezber\\\/\",\"https:\\\/\\\/www.youtube.com\\\/channel\\\/UCZP-2wLEB9Rv6erhFmqVnvg\"]},{\"@type\":\"WebPage\",\"@id\":\"https:\\\/\\\/candas365.es\\\/noticias\\\/princesas-esclavas-el-lunes-28-de-mayo-en-portada\\\/#webpage\",\"url\":\"https:\\\/\\\/candas365.es\\\/noticias\\\/princesas-esclavas-el-lunes-28-de-mayo-en-portada\\\/\",\"name\":\"\\u201cPrincesas esclavas\\u201d, el lunes 28 de mayo \\u201cEn Portada\\u201d | Cand\\u00e1s 365\",\"description\":\"\\u2018En Portada\\u2019 estrena este semana el reportaje \\u2018Princesas esclavas\\u2019 en el que aborda la trata de mujeres nigerianas para su explotaci\\u00f3n sexual en Europa, que se ha disparado en los \\u00faltimos a\\u00f1os, aumentando el n\\u00famero de menores. Algunas de estas v\\u00edctimas cuentan al programa c\\u00f3mo las han esclavizado y c\\u00f3mo funciona la mafia que las\",\"inLanguage\":\"es-ES\",\"isPartOf\":{\"@id\":\"https:\\\/\\\/candas365.es\\\/noticias\\\/#website\"},\"breadcrumb\":{\"@id\":\"https:\\\/\\\/candas365.es\\\/noticias\\\/princesas-esclavas-el-lunes-28-de-mayo-en-portada\\\/#breadcrumblist\"},\"author\":{\"@id\":\"https:\\\/\\\/candas365.es\\\/noticias\\\/author\\\/admin\\\/#author\"},\"creator\":{\"@id\":\"https:\\\/\\\/candas365.es\\\/noticias\\\/author\\\/admin\\\/#author\"},\"image\":{\"@type\":\"ImageObject\",\"url\":\"https:\\\/\\\/candas365.es\\\/noticias\\\/wp-content\\\/uploads\\\/2018\\\/05\\\/tele27050318.jpg\",\"@id\":\"https:\\\/\\\/candas365.es\\\/noticias\\\/princesas-esclavas-el-lunes-28-de-mayo-en-portada\\\/#mainImage\",\"width\":1600,\"height\":1066},\"primaryImageOfPage\":{\"@id\":\"https:\\\/\\\/candas365.es\\\/noticias\\\/princesas-esclavas-el-lunes-28-de-mayo-en-portada\\\/#mainImage\"},\"datePublished\":\"2018-05-27T15:41:10+02:00\",\"dateModified\":\"2018-05-27T15:41:10+02:00\"},{\"@type\":\"WebSite\",\"@id\":\"https:\\\/\\\/candas365.es\\\/noticias\\\/#website\",\"url\":\"https:\\\/\\\/candas365.es\\\/noticias\\\/\",\"name\":\"Cand\\u00e1s 365\",\"alternateName\":\"Cand\\u00e1s 365 Noticias\",\"description\":\"Actualidad desde Carre\\u00f1o para el mundo\",\"inLanguage\":\"es-ES\",\"publisher\":{\"@id\":\"https:\\\/\\\/candas365.es\\\/noticias\\\/#organization\"}}]}\n\t\t<\/script>\n\t\t<!-- All in One SEO Pro -->\r\n\t\t<title>\u201cPrincesas esclavas\u201d, el lunes 28 de mayo \u201cEn Portada\u201d | Cand\u00e1s 365<\/title>\n\n","aioseo_head_json":{"title":"\u201cPrincesas esclavas\u201d, el lunes 28 de mayo \u201cEn Portada\u201d | Cand\u00e1s 365","description":"\u2018En Portada\u2019 estrena este semana el reportaje \u2018Princesas esclavas\u2019 en el que aborda la trata de mujeres nigerianas para su explotaci\u00f3n sexual en Europa, que se ha disparado en los \u00faltimos a\u00f1os, aumentando el n\u00famero de menores. Algunas de estas v\u00edctimas cuentan al programa c\u00f3mo las han esclavizado y c\u00f3mo funciona la mafia que las","canonical_url":"https:\/\/candas365.es\/noticias\/princesas-esclavas-el-lunes-28-de-mayo-en-portada\/","robots":"max-image-preview:large","keywords":"agenda","webmasterTools":{"google-site-verification":"UA-32230408-1","msvalidate.01":"354F3CDFB2DA171B47FBE9ABF1F88D5","miscellaneous":""},"schema":{"@context":"https:\/\/schema.org","@graph":[{"@type":"BreadcrumbList","@id":"https:\/\/candas365.es\/noticias\/princesas-esclavas-el-lunes-28-de-mayo-en-portada\/#breadcrumblist","itemListElement":[{"@type":"ListItem","@id":"https:\/\/candas365.es\/noticias#listItem","position":1,"name":"Home","item":"https:\/\/candas365.es\/noticias","nextItem":{"@type":"ListItem","@id":"https:\/\/candas365.es\/noticias\/category\/agenda\/#listItem","name":"Agenda"}},{"@type":"ListItem","@id":"https:\/\/candas365.es\/noticias\/category\/agenda\/#listItem","position":2,"name":"Agenda","item":"https:\/\/candas365.es\/noticias\/category\/agenda\/","nextItem":{"@type":"ListItem","@id":"https:\/\/candas365.es\/noticias\/princesas-esclavas-el-lunes-28-de-mayo-en-portada\/#listItem","name":"\u201cPrincesas esclavas\u201d, el lunes 28 de mayo \u201cEn Portada\u201d"},"previousItem":{"@type":"ListItem","@id":"https:\/\/candas365.es\/noticias#listItem","name":"Home"}},{"@type":"ListItem","@id":"https:\/\/candas365.es\/noticias\/princesas-esclavas-el-lunes-28-de-mayo-en-portada\/#listItem","position":3,"name":"\u201cPrincesas esclavas\u201d, el lunes 28 de mayo \u201cEn Portada\u201d","previousItem":{"@type":"ListItem","@id":"https:\/\/candas365.es\/noticias\/category\/agenda\/#listItem","name":"Agenda"}}]},{"@type":"NewsArticle","@id":"https:\/\/candas365.es\/noticias\/princesas-esclavas-el-lunes-28-de-mayo-en-portada\/#newsarticle","name":"\u201cPrincesas esclavas\u201d, el lunes 28 de mayo \u201cEn Portada\u201d | Cand\u00e1s 365","headline":"\u201cPrincesas esclavas\u201d, el lunes 28 de mayo \u201cEn Portada\u201d","author":{"@id":"https:\/\/candas365.es\/noticias\/author\/admin\/#author"},"publisher":{"@id":"https:\/\/candas365.es\/noticias\/#organization"},"image":{"@type":"ImageObject","url":"https:\/\/candas365.es\/noticias\/wp-content\/uploads\/2018\/05\/tele27050318.jpg","width":1600,"height":1066},"datePublished":"2018-05-27T15:41:10+02:00","dateModified":"2018-05-27T15:41:10+02:00","inLanguage":"es-ES","mainEntityOfPage":{"@id":"https:\/\/candas365.es\/noticias\/princesas-esclavas-el-lunes-28-de-mayo-en-portada\/#webpage"},"isPartOf":{"@id":"https:\/\/candas365.es\/noticias\/princesas-esclavas-el-lunes-28-de-mayo-en-portada\/#webpage"},"articleSection":"Agenda","dateline":"Publicado el mayo 27, 2018."},{"@type":"Organization","@id":"https:\/\/candas365.es\/noticias\/#organization","name":"Cand\u00e1s 365","description":"Cand\u00e1s 365 es un diario digital independiente, fundado en 2012, con base en Asturias. Informamos con rigor sobre actualidad, sociedad, cultura y ocio, con una mirada local y global.","url":"https:\/\/candas365.es\/noticias\/","email":"info@candas365.es","telephone":"+34652131393","foundingDate":"2012-06-10","logo":{"@type":"ImageObject","url":"https:\/\/candas365.es\/noticias\/wp-content\/uploads\/2024\/09\/Candas-365-Redes.jpg","@id":"https:\/\/candas365.es\/noticias\/princesas-esclavas-el-lunes-28-de-mayo-en-portada\/#organizationLogo","width":1152,"height":864,"caption":"Cand\u00e1s 365 Redes"},"image":{"@id":"https:\/\/candas365.es\/noticias\/princesas-esclavas-el-lunes-28-de-mayo-en-portada\/#organizationLogo"},"sameAs":["https:\/\/www.facebook.com\/Nachofdezber","https:\/\/x.com\/NabercoDigital","https:\/\/www.instagram.com\/nachofdezber\/","https:\/\/www.youtube.com\/channel\/UCZP-2wLEB9Rv6erhFmqVnvg"],"address":{"@id":"https:\/\/candas365.es\/noticias\/#postaladdress","@type":"PostalAddress","streetAddress":"san antonio 4, san antonio 4","postalCode":"33430","addressLocality":"Cand\u00e1s","addressRegion":"Asturias","addressCountry":"ES"}},{"@type":"Person","@id":"https:\/\/candas365.es\/noticias\/author\/admin\/#author","url":"https:\/\/candas365.es\/noticias\/author\/admin\/","name":"Cand\u00e1s 365","image":{"@type":"ImageObject","@id":"https:\/\/candas365.es\/noticias\/princesas-esclavas-el-lunes-28-de-mayo-en-portada\/#authorImage","url":"https:\/\/secure.gravatar.com\/avatar\/496a8e03d0c493ede1718b7934145dbdf8d89be1036b0eec9544e1094c9de390?s=96&d=mm&r=g","width":96,"height":96,"caption":"Cand\u00e1s 365"},"sameAs":["https:\/\/www.facebook.com\/carrenoactualidad","https:\/\/twitter.com\/nbasturias","https:\/\/www.instagram.com\/nachofdezber\/","https:\/\/www.youtube.com\/channel\/UCZP-2wLEB9Rv6erhFmqVnvg"]},{"@type":"WebPage","@id":"https:\/\/candas365.es\/noticias\/princesas-esclavas-el-lunes-28-de-mayo-en-portada\/#webpage","url":"https:\/\/candas365.es\/noticias\/princesas-esclavas-el-lunes-28-de-mayo-en-portada\/","name":"\u201cPrincesas esclavas\u201d, el lunes 28 de mayo \u201cEn Portada\u201d | Cand\u00e1s 365","description":"\u2018En Portada\u2019 estrena este semana el reportaje \u2018Princesas esclavas\u2019 en el que aborda la trata de mujeres nigerianas para su explotaci\u00f3n sexual en Europa, que se ha disparado en los \u00faltimos a\u00f1os, aumentando el n\u00famero de menores. Algunas de estas v\u00edctimas cuentan al programa c\u00f3mo las han esclavizado y c\u00f3mo funciona la mafia que las","inLanguage":"es-ES","isPartOf":{"@id":"https:\/\/candas365.es\/noticias\/#website"},"breadcrumb":{"@id":"https:\/\/candas365.es\/noticias\/princesas-esclavas-el-lunes-28-de-mayo-en-portada\/#breadcrumblist"},"author":{"@id":"https:\/\/candas365.es\/noticias\/author\/admin\/#author"},"creator":{"@id":"https:\/\/candas365.es\/noticias\/author\/admin\/#author"},"image":{"@type":"ImageObject","url":"https:\/\/candas365.es\/noticias\/wp-content\/uploads\/2018\/05\/tele27050318.jpg","@id":"https:\/\/candas365.es\/noticias\/princesas-esclavas-el-lunes-28-de-mayo-en-portada\/#mainImage","width":1600,"height":1066},"primaryImageOfPage":{"@id":"https:\/\/candas365.es\/noticias\/princesas-esclavas-el-lunes-28-de-mayo-en-portada\/#mainImage"},"datePublished":"2018-05-27T15:41:10+02:00","dateModified":"2018-05-27T15:41:10+02:00"},{"@type":"WebSite","@id":"https:\/\/candas365.es\/noticias\/#website","url":"https:\/\/candas365.es\/noticias\/","name":"Cand\u00e1s 365","alternateName":"Cand\u00e1s 365 Noticias","description":"Actualidad desde Carre\u00f1o para el mundo","inLanguage":"es-ES","publisher":{"@id":"https:\/\/candas365.es\/noticias\/#organization"}}]},"og:locale":"es_ES","og:site_name":"Cand\u00e1s 365","og:type":"article","og:title":"\u201cPrincesas esclavas\u201d, el lunes 28 de mayo \u201cEn Portada\u201d | Cand\u00e1s 365","og:description":"\u2018En Portada\u2019 estrena este semana el reportaje \u2018Princesas esclavas\u2019 en el que aborda la trata de mujeres nigerianas para su explotaci\u00f3n sexual en Europa, que se ha disparado en los \u00faltimos a\u00f1os, aumentando el n\u00famero de menores. Algunas de estas v\u00edctimas cuentan al programa c\u00f3mo las han esclavizado y c\u00f3mo funciona la mafia que las","og:url":"https:\/\/candas365.es\/noticias\/princesas-esclavas-el-lunes-28-de-mayo-en-portada\/","og:image":"https:\/\/candas365.es\/noticias\/wp-content\/uploads\/2018\/05\/tele27050318.jpg","og:image:secure_url":"https:\/\/candas365.es\/noticias\/wp-content\/uploads\/2018\/05\/tele27050318.jpg","og:image:width":1600,"og:image:height":1066,"article:published_time":"2018-05-27T15:41:10+00:00","article:modified_time":"2018-05-27T15:41:10+00:00","article:publisher":"https:\/\/www.facebook.com\/Nachofdezber","article:author":"https:\/\/www.facebook.com\/carrenoactualidad","twitter:card":"summary_large_image","twitter:site":"@NabercoDigital","twitter:title":"\u201cPrincesas esclavas\u201d, el lunes 28 de mayo \u201cEn Portada\u201d | Cand\u00e1s 365","twitter:description":"\u2018En Portada\u2019 estrena este semana el reportaje \u2018Princesas esclavas\u2019 en el que aborda la trata de mujeres nigerianas para su explotaci\u00f3n sexual en Europa, que se ha disparado en los \u00faltimos a\u00f1os, aumentando el n\u00famero de menores. Algunas de estas v\u00edctimas cuentan al programa c\u00f3mo las han esclavizado y c\u00f3mo funciona la mafia que las","twitter:creator":"@nbasturias","twitter:image":"https:\/\/candas365.es\/noticias\/wp-content\/uploads\/2018\/05\/tele27050318.jpg","twitter:label1":"Escrito por","twitter:data1":"Cand\u00e1s 365","twitter:label2":"Tiempo de lectura estimado","twitter:data2":"2 minutos"},"aioseo_meta_data":{"post_id":"96556","title":null,"description":null,"keywords":null,"keyphrases":null,"primary_term":null,"canonical_url":null,"og_title":null,"og_description":null,"og_object_type":"default","og_image_type":"default","og_image_url":null,"og_image_width":null,"og_image_height":null,"og_image_custom_url":null,"og_image_custom_fields":null,"og_video":null,"og_custom_url":null,"og_article_section":null,"og_article_tags":null,"twitter_use_og":false,"twitter_card":"default","twitter_image_type":"default","twitter_image_url":null,"twitter_image_custom_url":null,"twitter_image_custom_fields":null,"twitter_title":null,"twitter_description":null,"schema":{"blockGraphs":[],"customGraphs":[],"default":{"data":{"Article":[],"Course":[],"Dataset":[],"FAQPage":[],"Movie":[],"Person":[],"Product":[],"ProductReview":[],"Car":[],"Recipe":[],"Service":[],"SoftwareApplication":[],"WebPage":[]},"graphName":"","isEnabled":true},"graphs":[],"defaultGraph":"","defaultPostTypeGraph":""},"schema_type":null,"schema_type_options":null,"pillar_content":false,"robots_default":true,"robots_noindex":false,"robots_noarchive":false,"robots_nosnippet":false,"robots_nofollow":false,"robots_noimageindex":false,"robots_noodp":false,"robots_notranslate":false,"robots_max_snippet":null,"robots_max_videopreview":null,"robots_max_imagepreview":"large","priority":null,"frequency":null,"location":null,"local_seo":null,"seo_analyzer_scan_date":"2025-08-26 22:20:21","breadcrumb_settings":null,"limit_modified_date":false,"reviewed_by":null,"open_ai":null,"ai":null,"created":"2020-12-21 11:51:35","updated":"2025-08-26 22:20:21"},"aioseo_breadcrumb":"<div class=\"aioseo-breadcrumbs\"><span class=\"aioseo-breadcrumb\">\n\t<a href=\"https:\/\/candas365.es\/noticias\" title=\"Home\">Home<\/a>\n<\/span><span class=\"aioseo-breadcrumb-separator\">&ndash;<\/span><span class=\"aioseo-breadcrumb\">\n\t<a href=\"https:\/\/candas365.es\/noticias\/category\/agenda\/\" title=\"Agenda\">Agenda<\/a>\n<\/span><span class=\"aioseo-breadcrumb-separator\">&ndash;<\/span><span class=\"aioseo-breadcrumb\">\n\t\u201cPrincesas esclavas\u201d, el lunes 28 de mayo \u201cEn Portada\u201d\n<\/span><\/div>","aioseo_breadcrumb_json":[{"label":"Home","link":"https:\/\/candas365.es\/noticias"},{"label":"Agenda","link":"https:\/\/candas365.es\/noticias\/category\/agenda\/"},{"label":"\u201cPrincesas esclavas\u201d, el lunes 28 de mayo \u201cEn Portada\u201d","link":"https:\/\/candas365.es\/noticias\/princesas-esclavas-el-lunes-28-de-mayo-en-portada\/"}],"_links":{"self":[{"href":"https:\/\/candas365.es\/noticias\/wp-json\/wp\/v2\/posts\/96556","targetHints":{"allow":["GET"]}}],"collection":[{"href":"https:\/\/candas365.es\/noticias\/wp-json\/wp\/v2\/posts"}],"about":[{"href":"https:\/\/candas365.es\/noticias\/wp-json\/wp\/v2\/types\/post"}],"author":[{"embeddable":true,"href":"https:\/\/candas365.es\/noticias\/wp-json\/wp\/v2\/users\/1"}],"replies":[{"embeddable":true,"href":"https:\/\/candas365.es\/noticias\/wp-json\/wp\/v2\/comments?post=96556"}],"version-history":[{"count":0,"href":"https:\/\/candas365.es\/noticias\/wp-json\/wp\/v2\/posts\/96556\/revisions"}],"wp:featuredmedia":[{"embeddable":true,"href":"https:\/\/candas365.es\/noticias\/wp-json\/wp\/v2\/media\/96557"}],"wp:attachment":[{"href":"https:\/\/candas365.es\/noticias\/wp-json\/wp\/v2\/media?parent=96556"}],"wp:term":[{"taxonomy":"category","embeddable":true,"href":"https:\/\/candas365.es\/noticias\/wp-json\/wp\/v2\/categories?post=96556"},{"taxonomy":"post_tag","embeddable":true,"href":"https:\/\/candas365.es\/noticias\/wp-json\/wp\/v2\/tags?post=96556"}],"curies":[{"name":"wp","href":"https:\/\/api.w.org\/{rel}","templated":true}]}}