{"id":96553,"date":"2018-05-27T15:39:10","date_gmt":"2018-05-27T15:39:10","guid":{"rendered":"http:\/\/candas365.es\/noticias\/?p=96553"},"modified":"2018-05-27T15:39:10","modified_gmt":"2018-05-27T15:39:10","slug":"imprescindibles-estrena-la-chana-el-lunes-en-la-2","status":"publish","type":"post","link":"https:\/\/candas365.es\/noticias\/imprescindibles-estrena-la-chana-el-lunes-en-la-2\/","title":{"rendered":"\u00abImprescindibles\u00bb estrena La Chana, el lunes en La 2"},"content":{"rendered":"<p><img fetchpriority=\"high\" decoding=\"async\" class=\"alignleft size-medium wp-image-96554\" src=\"https:\/\/candas365.es\/noticias\/wp-content\/uploads\/2018\/05\/1527247336910-360x203.jpg\" alt=\"\" width=\"360\" height=\"203\" srcset=\"https:\/\/candas365.es\/noticias\/wp-content\/uploads\/2018\/05\/1527247336910-360x203.jpg 360w, https:\/\/candas365.es\/noticias\/wp-content\/uploads\/2018\/05\/1527247336910-768x432.jpg 768w, https:\/\/candas365.es\/noticias\/wp-content\/uploads\/2018\/05\/1527247336910-655x368.jpg 655w, https:\/\/candas365.es\/noticias\/wp-content\/uploads\/2018\/05\/1527247336910-696x392.jpg 696w, https:\/\/candas365.es\/noticias\/wp-content\/uploads\/2018\/05\/1527247336910-747x420.jpg 747w, https:\/\/candas365.es\/noticias\/wp-content\/uploads\/2018\/05\/1527247336910.jpg 800w\" sizes=\"(max-width: 360px) 100vw, 360px\" \/>&#8216;Imprescindibles&#8217; estrena &#8216;La Chana&#8217;, de Lucija Stojevic, tambi\u00e9n guionista y productora de este recorrido por la vida de la bailaora flamenca, la historia de su pasi\u00f3n por su baile, un arte que la levanta en los momentos m\u00e1s oscuros. La cinta, coproducida por RTVE y Noon Films, ha recibido este a\u00f1o los Premios Feroz y Gaud\u00ed al mejor documental y otros galardones en cert\u00e1menes internacionales como el IDFA de \u00c1msterdam, el BIDF de Budapest, el Voci del\u00b4Inchiesta de Italia, o el festival de Varsovia.<\/p>\n<p>Lucija Sotjevic cuenta c\u00f3mo conoci\u00f3 a La Chana y gest\u00f3 la idea de este documental, que la retrata en un momento en que la bailaora se enfrenta a su vejez y a la imagen de mujer y bailarina que fue: \u201cA medida que se acerca el fin de su capacidad f\u00edsica para bailar, La Chana tiene que volver a definirse a s\u00ed misma. En su viaje, nos acerca y nos desaf\u00eda a reflexionar sobre temas como el envejecimiento, la p\u00e9rdida inminente de alguna cosa que te define y que te gusta, la aceptaci\u00f3n y la reinvenci\u00f3n. &#8216;La Chana&#8217; es una apasionada historia de amor de una mujer por su arte, un arte que la levanta en los momentos m\u00e1s oscuros\u201d.<\/p>\n<p>En los a\u00f1os 60, 70 y 80 La Chana fue una de las m\u00e1s grandes estrellas del mundo del flamenco. La bailaora gitana autodidacta irrumpi\u00f3 en los escenarios en plena edad dorada del flamenco, deslumbrando el p\u00fablico gracias a su estilo innovador caracterizado por sus novedosas combinaciones r\u00edtmicas, nada tradicionales, y por su velocidad, expresi\u00f3n y fuerza sin precedentes. Sus actuaciones se anunciaban en colosales carteles alrededor de todo Madrid.<\/p>\n<p>Peter Sellers, con el cual actu\u00f3 en la pel\u00edcula The Bobo (1967), la invit\u00f3 a Hollywood. Pero nunca fue. Repentinamente, en la c\u00faspide de su carrera, desapareci\u00f3 de los escenarios. Siguiendo el backstage de la \u00faltima importante actuaci\u00f3n de La Chana, en 2013, se desenmara\u00f1a la historia de una vida turbulenta para revelar el secreto que trunc\u00f3 su prometedora carrera: fue v\u00edctima, durante 18 a\u00f1os, de abusos dom\u00e9sticos por parte de su primer marido.<\/p>\n<p>&#8216;La Chana&#8217; no trata sobre una vida que pudo haber sido, sino de la incre\u00edble fuerza de la bailaora que le permiti\u00f3 superar las complicadas circunstancias de su vida. Es una historia sobre los procesos de creaci\u00f3n y su fuerza, sobre el amor, la amistad y la reinvenci\u00f3n. La Chana nos lleva a la esencia de su pasi\u00f3n, revelando una historia po\u00e9tica e inspiradora, cristalizada en los inevitables conflictos de una vida extrema y contradictoria; entre el artista encima del escenario y la mujer detr\u00e1s del tel\u00f3n.<\/p>\n","protected":false},"excerpt":{"rendered":"<p>&#8216;Imprescindibles&#8217; estrena &#8216;La Chana&#8217;, de Lucija Stojevic, tambi\u00e9n guionista y productora de este recorrido por la vida de la bailaora flamenca, la historia de su pasi\u00f3n por su baile, un arte que la levanta en los momentos m\u00e1s oscuros. La cinta, coproducida por RTVE y Noon Films, ha recibido este a\u00f1o los Premios Feroz y<\/p>\n","protected":false},"author":1,"featured_media":96554,"comment_status":"closed","ping_status":"closed","sticky":false,"template":"","format":"standard","meta":{"footnotes":""},"categories":[1],"tags":[],"class_list":{"0":"post-96553","1":"post","2":"type-post","3":"status-publish","4":"format-standard","5":"has-post-thumbnail","7":"category-agenda"},"aioseo_notices":[],"aioseo_head":"\n\t\t<!-- All in One SEO Pro 4.9.6.2 - aioseo.com -->\n\t<meta name=\"description\" content=\"&#039;Imprescindibles&#039; estrena &#039;La Chana&#039;, de Lucija Stojevic, tambi\u00e9n guionista y productora de este recorrido por la vida de la bailaora flamenca, la historia de su pasi\u00f3n por su baile, un arte que la levanta en los momentos m\u00e1s oscuros. La cinta, coproducida por RTVE y Noon Films, ha recibido este a\u00f1o los Premios Feroz y\" \/>\n\t<meta name=\"robots\" content=\"max-image-preview:large\" \/>\n\t<meta name=\"author\" content=\"Cand\u00e1s 365\"\/>\n\t<meta name=\"google-site-verification\" content=\"UA-32230408-1\" \/>\n\t<meta name=\"msvalidate.01\" content=\"354F3CDFB2DA171B47FBE9ABF1F88D5\" \/>\n\t<meta name=\"keywords\" content=\"agenda\" \/>\n\t<link rel=\"canonical\" href=\"https:\/\/candas365.es\/noticias\/imprescindibles-estrena-la-chana-el-lunes-en-la-2\/\" \/>\n\t<meta name=\"generator\" content=\"All in One SEO Pro (AIOSEO) 4.9.6.2\" \/>\n\t\t<meta property=\"og:locale\" content=\"es_ES\" \/>\n\t\t<meta property=\"og:site_name\" content=\"Cand\u00e1s 365\" \/>\n\t\t<meta property=\"og:type\" content=\"article\" \/>\n\t\t<meta property=\"og:title\" content=\"\u00abImprescindibles\u00bb estrena La Chana, el lunes en La 2 | Cand\u00e1s 365\" \/>\n\t\t<meta property=\"og:description\" content=\"&#039;Imprescindibles&#039; estrena &#039;La Chana&#039;, de Lucija Stojevic, tambi\u00e9n guionista y productora de este recorrido por la vida de la bailaora flamenca, la historia de su pasi\u00f3n por su baile, un arte que la levanta en los momentos m\u00e1s oscuros. La cinta, coproducida por RTVE y Noon Films, ha recibido este a\u00f1o los Premios Feroz y\" \/>\n\t\t<meta property=\"og:url\" content=\"https:\/\/candas365.es\/noticias\/imprescindibles-estrena-la-chana-el-lunes-en-la-2\/\" \/>\n\t\t<meta property=\"og:image\" content=\"https:\/\/candas365.es\/noticias\/wp-content\/uploads\/2018\/05\/1527247336910.jpg\" \/>\n\t\t<meta property=\"og:image:secure_url\" content=\"https:\/\/candas365.es\/noticias\/wp-content\/uploads\/2018\/05\/1527247336910.jpg\" \/>\n\t\t<meta property=\"og:image:width\" content=\"800\" \/>\n\t\t<meta property=\"og:image:height\" content=\"450\" \/>\n\t\t<meta property=\"article:published_time\" content=\"2018-05-27T15:39:10+00:00\" \/>\n\t\t<meta property=\"article:modified_time\" content=\"2018-05-27T15:39:10+00:00\" \/>\n\t\t<meta property=\"article:publisher\" content=\"https:\/\/www.facebook.com\/Nachofdezber\" \/>\n\t\t<meta property=\"article:author\" content=\"https:\/\/www.facebook.com\/carrenoactualidad\" \/>\n\t\t<meta name=\"twitter:card\" content=\"summary_large_image\" \/>\n\t\t<meta name=\"twitter:site\" content=\"@NabercoDigital\" \/>\n\t\t<meta name=\"twitter:title\" content=\"\u00abImprescindibles\u00bb estrena La Chana, el lunes en La 2 | Cand\u00e1s 365\" \/>\n\t\t<meta name=\"twitter:description\" content=\"&#039;Imprescindibles&#039; estrena &#039;La Chana&#039;, de Lucija Stojevic, tambi\u00e9n guionista y productora de este recorrido por la vida de la bailaora flamenca, la historia de su pasi\u00f3n por su baile, un arte que la levanta en los momentos m\u00e1s oscuros. La cinta, coproducida por RTVE y Noon Films, ha recibido este a\u00f1o los Premios Feroz y\" \/>\n\t\t<meta name=\"twitter:creator\" content=\"@nbasturias\" \/>\n\t\t<meta name=\"twitter:image\" content=\"https:\/\/candas365.es\/noticias\/wp-content\/uploads\/2018\/05\/1527247336910.jpg\" \/>\n\t\t<meta name=\"twitter:label1\" content=\"Escrito por\" \/>\n\t\t<meta name=\"twitter:data1\" content=\"Cand\u00e1s 365\" \/>\n\t\t<meta name=\"twitter:label2\" content=\"Tiempo de lectura estimado\" \/>\n\t\t<meta name=\"twitter:data2\" content=\"2 minutos\" \/>\n\t\t<script type=\"application\/ld+json\" class=\"aioseo-schema\">\n\t\t\t{\"@context\":\"https:\\\/\\\/schema.org\",\"@graph\":[{\"@type\":\"BreadcrumbList\",\"@id\":\"https:\\\/\\\/candas365.es\\\/noticias\\\/imprescindibles-estrena-la-chana-el-lunes-en-la-2\\\/#breadcrumblist\",\"itemListElement\":[{\"@type\":\"ListItem\",\"@id\":\"https:\\\/\\\/candas365.es\\\/noticias#listItem\",\"position\":1,\"name\":\"Home\",\"item\":\"https:\\\/\\\/candas365.es\\\/noticias\",\"nextItem\":{\"@type\":\"ListItem\",\"@id\":\"https:\\\/\\\/candas365.es\\\/noticias\\\/category\\\/agenda\\\/#listItem\",\"name\":\"Agenda\"}},{\"@type\":\"ListItem\",\"@id\":\"https:\\\/\\\/candas365.es\\\/noticias\\\/category\\\/agenda\\\/#listItem\",\"position\":2,\"name\":\"Agenda\",\"item\":\"https:\\\/\\\/candas365.es\\\/noticias\\\/category\\\/agenda\\\/\",\"nextItem\":{\"@type\":\"ListItem\",\"@id\":\"https:\\\/\\\/candas365.es\\\/noticias\\\/imprescindibles-estrena-la-chana-el-lunes-en-la-2\\\/#listItem\",\"name\":\"\\u00abImprescindibles\\u00bb estrena La Chana, el lunes en La 2\"},\"previousItem\":{\"@type\":\"ListItem\",\"@id\":\"https:\\\/\\\/candas365.es\\\/noticias#listItem\",\"name\":\"Home\"}},{\"@type\":\"ListItem\",\"@id\":\"https:\\\/\\\/candas365.es\\\/noticias\\\/imprescindibles-estrena-la-chana-el-lunes-en-la-2\\\/#listItem\",\"position\":3,\"name\":\"\\u00abImprescindibles\\u00bb estrena La Chana, el lunes en La 2\",\"previousItem\":{\"@type\":\"ListItem\",\"@id\":\"https:\\\/\\\/candas365.es\\\/noticias\\\/category\\\/agenda\\\/#listItem\",\"name\":\"Agenda\"}}]},{\"@type\":\"NewsArticle\",\"@id\":\"https:\\\/\\\/candas365.es\\\/noticias\\\/imprescindibles-estrena-la-chana-el-lunes-en-la-2\\\/#newsarticle\",\"name\":\"\\u00abImprescindibles\\u00bb estrena La Chana, el lunes en La 2 | Cand\\u00e1s 365\",\"headline\":\"\\u00abImprescindibles\\u00bb estrena La Chana, el lunes en La 2\",\"author\":{\"@id\":\"https:\\\/\\\/candas365.es\\\/noticias\\\/author\\\/admin\\\/#author\"},\"publisher\":{\"@id\":\"https:\\\/\\\/candas365.es\\\/noticias\\\/#organization\"},\"image\":{\"@type\":\"ImageObject\",\"url\":\"https:\\\/\\\/candas365.es\\\/noticias\\\/wp-content\\\/uploads\\\/2018\\\/05\\\/1527247336910.jpg\",\"width\":800,\"height\":450},\"datePublished\":\"2018-05-27T15:39:10+02:00\",\"dateModified\":\"2018-05-27T15:39:10+02:00\",\"inLanguage\":\"es-ES\",\"mainEntityOfPage\":{\"@id\":\"https:\\\/\\\/candas365.es\\\/noticias\\\/imprescindibles-estrena-la-chana-el-lunes-en-la-2\\\/#webpage\"},\"isPartOf\":{\"@id\":\"https:\\\/\\\/candas365.es\\\/noticias\\\/imprescindibles-estrena-la-chana-el-lunes-en-la-2\\\/#webpage\"},\"articleSection\":\"Agenda\",\"dateline\":\"Publicado el mayo 27, 2018.\"},{\"@type\":\"Organization\",\"@id\":\"https:\\\/\\\/candas365.es\\\/noticias\\\/#organization\",\"name\":\"Cand\\u00e1s 365\",\"description\":\"Cand\\u00e1s 365 es un diario digital independiente, fundado en 2012, con base en Asturias. Informamos con rigor sobre actualidad, sociedad, cultura y ocio, con una mirada local y global.\",\"url\":\"https:\\\/\\\/candas365.es\\\/noticias\\\/\",\"email\":\"info@candas365.es\",\"telephone\":\"+34652131393\",\"foundingDate\":\"2012-06-10\",\"logo\":{\"@type\":\"ImageObject\",\"url\":\"https:\\\/\\\/candas365.es\\\/noticias\\\/wp-content\\\/uploads\\\/2024\\\/09\\\/Candas-365-Redes.jpg\",\"@id\":\"https:\\\/\\\/candas365.es\\\/noticias\\\/imprescindibles-estrena-la-chana-el-lunes-en-la-2\\\/#organizationLogo\",\"width\":1152,\"height\":864,\"caption\":\"Cand\\u00e1s 365 Redes\"},\"image\":{\"@id\":\"https:\\\/\\\/candas365.es\\\/noticias\\\/imprescindibles-estrena-la-chana-el-lunes-en-la-2\\\/#organizationLogo\"},\"sameAs\":[\"https:\\\/\\\/www.facebook.com\\\/Nachofdezber\",\"https:\\\/\\\/x.com\\\/NabercoDigital\",\"https:\\\/\\\/www.instagram.com\\\/nachofdezber\\\/\",\"https:\\\/\\\/www.youtube.com\\\/channel\\\/UCZP-2wLEB9Rv6erhFmqVnvg\"],\"address\":{\"@id\":\"https:\\\/\\\/candas365.es\\\/noticias\\\/#postaladdress\",\"@type\":\"PostalAddress\",\"streetAddress\":\"san antonio 4, san antonio 4\",\"postalCode\":\"33430\",\"addressLocality\":\"Cand\\u00e1s\",\"addressRegion\":\"Asturias\",\"addressCountry\":\"ES\"}},{\"@type\":\"Person\",\"@id\":\"https:\\\/\\\/candas365.es\\\/noticias\\\/author\\\/admin\\\/#author\",\"url\":\"https:\\\/\\\/candas365.es\\\/noticias\\\/author\\\/admin\\\/\",\"name\":\"Cand\\u00e1s 365\",\"image\":{\"@type\":\"ImageObject\",\"@id\":\"https:\\\/\\\/candas365.es\\\/noticias\\\/imprescindibles-estrena-la-chana-el-lunes-en-la-2\\\/#authorImage\",\"url\":\"https:\\\/\\\/secure.gravatar.com\\\/avatar\\\/496a8e03d0c493ede1718b7934145dbdf8d89be1036b0eec9544e1094c9de390?s=96&d=mm&r=g\",\"width\":96,\"height\":96,\"caption\":\"Cand\\u00e1s 365\"},\"sameAs\":[\"https:\\\/\\\/www.facebook.com\\\/carrenoactualidad\",\"https:\\\/\\\/twitter.com\\\/nbasturias\",\"https:\\\/\\\/www.instagram.com\\\/nachofdezber\\\/\",\"https:\\\/\\\/www.youtube.com\\\/channel\\\/UCZP-2wLEB9Rv6erhFmqVnvg\"]},{\"@type\":\"WebPage\",\"@id\":\"https:\\\/\\\/candas365.es\\\/noticias\\\/imprescindibles-estrena-la-chana-el-lunes-en-la-2\\\/#webpage\",\"url\":\"https:\\\/\\\/candas365.es\\\/noticias\\\/imprescindibles-estrena-la-chana-el-lunes-en-la-2\\\/\",\"name\":\"\\u00abImprescindibles\\u00bb estrena La Chana, el lunes en La 2 | Cand\\u00e1s 365\",\"description\":\"'Imprescindibles' estrena 'La Chana', de Lucija Stojevic, tambi\\u00e9n guionista y productora de este recorrido por la vida de la bailaora flamenca, la historia de su pasi\\u00f3n por su baile, un arte que la levanta en los momentos m\\u00e1s oscuros. La cinta, coproducida por RTVE y Noon Films, ha recibido este a\\u00f1o los Premios Feroz y\",\"inLanguage\":\"es-ES\",\"isPartOf\":{\"@id\":\"https:\\\/\\\/candas365.es\\\/noticias\\\/#website\"},\"breadcrumb\":{\"@id\":\"https:\\\/\\\/candas365.es\\\/noticias\\\/imprescindibles-estrena-la-chana-el-lunes-en-la-2\\\/#breadcrumblist\"},\"author\":{\"@id\":\"https:\\\/\\\/candas365.es\\\/noticias\\\/author\\\/admin\\\/#author\"},\"creator\":{\"@id\":\"https:\\\/\\\/candas365.es\\\/noticias\\\/author\\\/admin\\\/#author\"},\"image\":{\"@type\":\"ImageObject\",\"url\":\"https:\\\/\\\/candas365.es\\\/noticias\\\/wp-content\\\/uploads\\\/2018\\\/05\\\/1527247336910.jpg\",\"@id\":\"https:\\\/\\\/candas365.es\\\/noticias\\\/imprescindibles-estrena-la-chana-el-lunes-en-la-2\\\/#mainImage\",\"width\":800,\"height\":450},\"primaryImageOfPage\":{\"@id\":\"https:\\\/\\\/candas365.es\\\/noticias\\\/imprescindibles-estrena-la-chana-el-lunes-en-la-2\\\/#mainImage\"},\"datePublished\":\"2018-05-27T15:39:10+02:00\",\"dateModified\":\"2018-05-27T15:39:10+02:00\"},{\"@type\":\"WebSite\",\"@id\":\"https:\\\/\\\/candas365.es\\\/noticias\\\/#website\",\"url\":\"https:\\\/\\\/candas365.es\\\/noticias\\\/\",\"name\":\"Cand\\u00e1s 365\",\"alternateName\":\"Cand\\u00e1s 365 Noticias\",\"description\":\"Actualidad desde Carre\\u00f1o para el mundo\",\"inLanguage\":\"es-ES\",\"publisher\":{\"@id\":\"https:\\\/\\\/candas365.es\\\/noticias\\\/#organization\"}}]}\n\t\t<\/script>\n\t\t<!-- All in One SEO Pro -->\r\n\t\t<title>\u00abImprescindibles\u00bb estrena La Chana, el lunes en La 2 | Cand\u00e1s 365<\/title>\n\n","aioseo_head_json":{"title":"\u00abImprescindibles\u00bb estrena La Chana, el lunes en La 2 | Cand\u00e1s 365","description":"'Imprescindibles' estrena 'La Chana', de Lucija Stojevic, tambi\u00e9n guionista y productora de este recorrido por la vida de la bailaora flamenca, la historia de su pasi\u00f3n por su baile, un arte que la levanta en los momentos m\u00e1s oscuros. La cinta, coproducida por RTVE y Noon Films, ha recibido este a\u00f1o los Premios Feroz y","canonical_url":"https:\/\/candas365.es\/noticias\/imprescindibles-estrena-la-chana-el-lunes-en-la-2\/","robots":"max-image-preview:large","keywords":"agenda","webmasterTools":{"google-site-verification":"UA-32230408-1","msvalidate.01":"354F3CDFB2DA171B47FBE9ABF1F88D5","miscellaneous":""},"schema":{"@context":"https:\/\/schema.org","@graph":[{"@type":"BreadcrumbList","@id":"https:\/\/candas365.es\/noticias\/imprescindibles-estrena-la-chana-el-lunes-en-la-2\/#breadcrumblist","itemListElement":[{"@type":"ListItem","@id":"https:\/\/candas365.es\/noticias#listItem","position":1,"name":"Home","item":"https:\/\/candas365.es\/noticias","nextItem":{"@type":"ListItem","@id":"https:\/\/candas365.es\/noticias\/category\/agenda\/#listItem","name":"Agenda"}},{"@type":"ListItem","@id":"https:\/\/candas365.es\/noticias\/category\/agenda\/#listItem","position":2,"name":"Agenda","item":"https:\/\/candas365.es\/noticias\/category\/agenda\/","nextItem":{"@type":"ListItem","@id":"https:\/\/candas365.es\/noticias\/imprescindibles-estrena-la-chana-el-lunes-en-la-2\/#listItem","name":"\u00abImprescindibles\u00bb estrena La Chana, el lunes en La 2"},"previousItem":{"@type":"ListItem","@id":"https:\/\/candas365.es\/noticias#listItem","name":"Home"}},{"@type":"ListItem","@id":"https:\/\/candas365.es\/noticias\/imprescindibles-estrena-la-chana-el-lunes-en-la-2\/#listItem","position":3,"name":"\u00abImprescindibles\u00bb estrena La Chana, el lunes en La 2","previousItem":{"@type":"ListItem","@id":"https:\/\/candas365.es\/noticias\/category\/agenda\/#listItem","name":"Agenda"}}]},{"@type":"NewsArticle","@id":"https:\/\/candas365.es\/noticias\/imprescindibles-estrena-la-chana-el-lunes-en-la-2\/#newsarticle","name":"\u00abImprescindibles\u00bb estrena La Chana, el lunes en La 2 | Cand\u00e1s 365","headline":"\u00abImprescindibles\u00bb estrena La Chana, el lunes en La 2","author":{"@id":"https:\/\/candas365.es\/noticias\/author\/admin\/#author"},"publisher":{"@id":"https:\/\/candas365.es\/noticias\/#organization"},"image":{"@type":"ImageObject","url":"https:\/\/candas365.es\/noticias\/wp-content\/uploads\/2018\/05\/1527247336910.jpg","width":800,"height":450},"datePublished":"2018-05-27T15:39:10+02:00","dateModified":"2018-05-27T15:39:10+02:00","inLanguage":"es-ES","mainEntityOfPage":{"@id":"https:\/\/candas365.es\/noticias\/imprescindibles-estrena-la-chana-el-lunes-en-la-2\/#webpage"},"isPartOf":{"@id":"https:\/\/candas365.es\/noticias\/imprescindibles-estrena-la-chana-el-lunes-en-la-2\/#webpage"},"articleSection":"Agenda","dateline":"Publicado el mayo 27, 2018."},{"@type":"Organization","@id":"https:\/\/candas365.es\/noticias\/#organization","name":"Cand\u00e1s 365","description":"Cand\u00e1s 365 es un diario digital independiente, fundado en 2012, con base en Asturias. Informamos con rigor sobre actualidad, sociedad, cultura y ocio, con una mirada local y global.","url":"https:\/\/candas365.es\/noticias\/","email":"info@candas365.es","telephone":"+34652131393","foundingDate":"2012-06-10","logo":{"@type":"ImageObject","url":"https:\/\/candas365.es\/noticias\/wp-content\/uploads\/2024\/09\/Candas-365-Redes.jpg","@id":"https:\/\/candas365.es\/noticias\/imprescindibles-estrena-la-chana-el-lunes-en-la-2\/#organizationLogo","width":1152,"height":864,"caption":"Cand\u00e1s 365 Redes"},"image":{"@id":"https:\/\/candas365.es\/noticias\/imprescindibles-estrena-la-chana-el-lunes-en-la-2\/#organizationLogo"},"sameAs":["https:\/\/www.facebook.com\/Nachofdezber","https:\/\/x.com\/NabercoDigital","https:\/\/www.instagram.com\/nachofdezber\/","https:\/\/www.youtube.com\/channel\/UCZP-2wLEB9Rv6erhFmqVnvg"],"address":{"@id":"https:\/\/candas365.es\/noticias\/#postaladdress","@type":"PostalAddress","streetAddress":"san antonio 4, san antonio 4","postalCode":"33430","addressLocality":"Cand\u00e1s","addressRegion":"Asturias","addressCountry":"ES"}},{"@type":"Person","@id":"https:\/\/candas365.es\/noticias\/author\/admin\/#author","url":"https:\/\/candas365.es\/noticias\/author\/admin\/","name":"Cand\u00e1s 365","image":{"@type":"ImageObject","@id":"https:\/\/candas365.es\/noticias\/imprescindibles-estrena-la-chana-el-lunes-en-la-2\/#authorImage","url":"https:\/\/secure.gravatar.com\/avatar\/496a8e03d0c493ede1718b7934145dbdf8d89be1036b0eec9544e1094c9de390?s=96&d=mm&r=g","width":96,"height":96,"caption":"Cand\u00e1s 365"},"sameAs":["https:\/\/www.facebook.com\/carrenoactualidad","https:\/\/twitter.com\/nbasturias","https:\/\/www.instagram.com\/nachofdezber\/","https:\/\/www.youtube.com\/channel\/UCZP-2wLEB9Rv6erhFmqVnvg"]},{"@type":"WebPage","@id":"https:\/\/candas365.es\/noticias\/imprescindibles-estrena-la-chana-el-lunes-en-la-2\/#webpage","url":"https:\/\/candas365.es\/noticias\/imprescindibles-estrena-la-chana-el-lunes-en-la-2\/","name":"\u00abImprescindibles\u00bb estrena La Chana, el lunes en La 2 | Cand\u00e1s 365","description":"'Imprescindibles' estrena 'La Chana', de Lucija Stojevic, tambi\u00e9n guionista y productora de este recorrido por la vida de la bailaora flamenca, la historia de su pasi\u00f3n por su baile, un arte que la levanta en los momentos m\u00e1s oscuros. La cinta, coproducida por RTVE y Noon Films, ha recibido este a\u00f1o los Premios Feroz y","inLanguage":"es-ES","isPartOf":{"@id":"https:\/\/candas365.es\/noticias\/#website"},"breadcrumb":{"@id":"https:\/\/candas365.es\/noticias\/imprescindibles-estrena-la-chana-el-lunes-en-la-2\/#breadcrumblist"},"author":{"@id":"https:\/\/candas365.es\/noticias\/author\/admin\/#author"},"creator":{"@id":"https:\/\/candas365.es\/noticias\/author\/admin\/#author"},"image":{"@type":"ImageObject","url":"https:\/\/candas365.es\/noticias\/wp-content\/uploads\/2018\/05\/1527247336910.jpg","@id":"https:\/\/candas365.es\/noticias\/imprescindibles-estrena-la-chana-el-lunes-en-la-2\/#mainImage","width":800,"height":450},"primaryImageOfPage":{"@id":"https:\/\/candas365.es\/noticias\/imprescindibles-estrena-la-chana-el-lunes-en-la-2\/#mainImage"},"datePublished":"2018-05-27T15:39:10+02:00","dateModified":"2018-05-27T15:39:10+02:00"},{"@type":"WebSite","@id":"https:\/\/candas365.es\/noticias\/#website","url":"https:\/\/candas365.es\/noticias\/","name":"Cand\u00e1s 365","alternateName":"Cand\u00e1s 365 Noticias","description":"Actualidad desde Carre\u00f1o para el mundo","inLanguage":"es-ES","publisher":{"@id":"https:\/\/candas365.es\/noticias\/#organization"}}]},"og:locale":"es_ES","og:site_name":"Cand\u00e1s 365","og:type":"article","og:title":"\u00abImprescindibles\u00bb estrena La Chana, el lunes en La 2 | Cand\u00e1s 365","og:description":"'Imprescindibles' estrena 'La Chana', de Lucija Stojevic, tambi\u00e9n guionista y productora de este recorrido por la vida de la bailaora flamenca, la historia de su pasi\u00f3n por su baile, un arte que la levanta en los momentos m\u00e1s oscuros. La cinta, coproducida por RTVE y Noon Films, ha recibido este a\u00f1o los Premios Feroz y","og:url":"https:\/\/candas365.es\/noticias\/imprescindibles-estrena-la-chana-el-lunes-en-la-2\/","og:image":"https:\/\/candas365.es\/noticias\/wp-content\/uploads\/2018\/05\/1527247336910.jpg","og:image:secure_url":"https:\/\/candas365.es\/noticias\/wp-content\/uploads\/2018\/05\/1527247336910.jpg","og:image:width":800,"og:image:height":450,"article:published_time":"2018-05-27T15:39:10+00:00","article:modified_time":"2018-05-27T15:39:10+00:00","article:publisher":"https:\/\/www.facebook.com\/Nachofdezber","article:author":"https:\/\/www.facebook.com\/carrenoactualidad","twitter:card":"summary_large_image","twitter:site":"@NabercoDigital","twitter:title":"\u00abImprescindibles\u00bb estrena La Chana, el lunes en La 2 | Cand\u00e1s 365","twitter:description":"'Imprescindibles' estrena 'La Chana', de Lucija Stojevic, tambi\u00e9n guionista y productora de este recorrido por la vida de la bailaora flamenca, la historia de su pasi\u00f3n por su baile, un arte que la levanta en los momentos m\u00e1s oscuros. La cinta, coproducida por RTVE y Noon Films, ha recibido este a\u00f1o los Premios Feroz y","twitter:creator":"@nbasturias","twitter:image":"https:\/\/candas365.es\/noticias\/wp-content\/uploads\/2018\/05\/1527247336910.jpg","twitter:label1":"Escrito por","twitter:data1":"Cand\u00e1s 365","twitter:label2":"Tiempo de lectura estimado","twitter:data2":"2 minutos"},"aioseo_meta_data":{"post_id":"96553","title":null,"description":null,"keywords":null,"keyphrases":null,"primary_term":null,"canonical_url":null,"og_title":null,"og_description":null,"og_object_type":"default","og_image_type":"default","og_image_url":null,"og_image_width":null,"og_image_height":null,"og_image_custom_url":null,"og_image_custom_fields":null,"og_video":null,"og_custom_url":null,"og_article_section":null,"og_article_tags":null,"twitter_use_og":false,"twitter_card":"default","twitter_image_type":"default","twitter_image_url":null,"twitter_image_custom_url":null,"twitter_image_custom_fields":null,"twitter_title":null,"twitter_description":null,"schema":{"blockGraphs":[],"customGraphs":[],"default":{"data":{"Article":[],"Course":[],"Dataset":[],"FAQPage":[],"Movie":[],"Person":[],"Product":[],"ProductReview":[],"Car":[],"Recipe":[],"Service":[],"SoftwareApplication":[],"WebPage":[]},"graphName":"","isEnabled":true},"graphs":[]},"schema_type":null,"schema_type_options":null,"pillar_content":false,"robots_default":true,"robots_noindex":false,"robots_noarchive":false,"robots_nosnippet":false,"robots_nofollow":false,"robots_noimageindex":false,"robots_noodp":false,"robots_notranslate":false,"robots_max_snippet":null,"robots_max_videopreview":null,"robots_max_imagepreview":"large","priority":null,"frequency":null,"location":null,"local_seo":null,"seo_analyzer_scan_date":"2025-08-26 22:20:15","breadcrumb_settings":null,"limit_modified_date":false,"reviewed_by":null,"open_ai":null,"ai":null,"created":"2020-12-21 11:51:35","updated":"2025-08-26 22:20:15"},"aioseo_breadcrumb":"<div class=\"aioseo-breadcrumbs\"><span class=\"aioseo-breadcrumb\">\n\t<a href=\"https:\/\/candas365.es\/noticias\" title=\"Home\">Home<\/a>\n<\/span><span class=\"aioseo-breadcrumb-separator\">&ndash;<\/span><span class=\"aioseo-breadcrumb\">\n\t<a href=\"https:\/\/candas365.es\/noticias\/category\/agenda\/\" title=\"Agenda\">Agenda<\/a>\n<\/span><span class=\"aioseo-breadcrumb-separator\">&ndash;<\/span><span class=\"aioseo-breadcrumb\">\n\t\u00abImprescindibles\u00bb estrena La Chana, el lunes en La 2\n<\/span><\/div>","aioseo_breadcrumb_json":[{"label":"Home","link":"https:\/\/candas365.es\/noticias"},{"label":"Agenda","link":"https:\/\/candas365.es\/noticias\/category\/agenda\/"},{"label":"\u00abImprescindibles\u00bb estrena La Chana, el lunes en La 2","link":"https:\/\/candas365.es\/noticias\/imprescindibles-estrena-la-chana-el-lunes-en-la-2\/"}],"_links":{"self":[{"href":"https:\/\/candas365.es\/noticias\/wp-json\/wp\/v2\/posts\/96553","targetHints":{"allow":["GET"]}}],"collection":[{"href":"https:\/\/candas365.es\/noticias\/wp-json\/wp\/v2\/posts"}],"about":[{"href":"https:\/\/candas365.es\/noticias\/wp-json\/wp\/v2\/types\/post"}],"author":[{"embeddable":true,"href":"https:\/\/candas365.es\/noticias\/wp-json\/wp\/v2\/users\/1"}],"replies":[{"embeddable":true,"href":"https:\/\/candas365.es\/noticias\/wp-json\/wp\/v2\/comments?post=96553"}],"version-history":[{"count":0,"href":"https:\/\/candas365.es\/noticias\/wp-json\/wp\/v2\/posts\/96553\/revisions"}],"wp:featuredmedia":[{"embeddable":true,"href":"https:\/\/candas365.es\/noticias\/wp-json\/wp\/v2\/media\/96554"}],"wp:attachment":[{"href":"https:\/\/candas365.es\/noticias\/wp-json\/wp\/v2\/media?parent=96553"}],"wp:term":[{"taxonomy":"category","embeddable":true,"href":"https:\/\/candas365.es\/noticias\/wp-json\/wp\/v2\/categories?post=96553"},{"taxonomy":"post_tag","embeddable":true,"href":"https:\/\/candas365.es\/noticias\/wp-json\/wp\/v2\/tags?post=96553"}],"curies":[{"name":"wp","href":"https:\/\/api.w.org\/{rel}","templated":true}]}}