{"id":96550,"date":"2018-05-27T15:37:22","date_gmt":"2018-05-27T15:37:22","guid":{"rendered":"http:\/\/candas365.es\/noticias\/?p=96550"},"modified":"2018-05-27T15:37:22","modified_gmt":"2018-05-27T15:37:22","slug":"los-otros-azucares-el-lunes-en-comando-actualidad","status":"publish","type":"post","link":"https:\/\/candas365.es\/noticias\/los-otros-azucares-el-lunes-en-comando-actualidad\/","title":{"rendered":"\u201cLos otros az\u00facares\u201d, el lunes en Comando Actualidad"},"content":{"rendered":"<p><img fetchpriority=\"high\" decoding=\"async\" class=\"alignleft size-medium wp-image-96551\" src=\"https:\/\/candas365.es\/noticias\/wp-content\/uploads\/2018\/05\/1527248864697-360x199.jpg\" alt=\"\" width=\"360\" height=\"199\" srcset=\"https:\/\/candas365.es\/noticias\/wp-content\/uploads\/2018\/05\/1527248864697-360x199.jpg 360w, https:\/\/candas365.es\/noticias\/wp-content\/uploads\/2018\/05\/1527248864697-768x424.jpg 768w, https:\/\/candas365.es\/noticias\/wp-content\/uploads\/2018\/05\/1527248864697-655x362.jpg 655w, https:\/\/candas365.es\/noticias\/wp-content\/uploads\/2018\/05\/1527248864697-696x385.jpg 696w, https:\/\/candas365.es\/noticias\/wp-content\/uploads\/2018\/05\/1527248864697-760x420.jpg 760w, https:\/\/candas365.es\/noticias\/wp-content\/uploads\/2018\/05\/1527248864697.jpg 800w\" sizes=\"(max-width: 360px) 100vw, 360px\" \/>Cada vez hay m\u00e1s sustitutos del az\u00facar. Las estanter\u00edas de los supermercados y las despensas se est\u00e1n llenando de panela, fructosa, agave, miel, estevia. Son endulzantes a los que la industria ha colgado la etiqueta de saludables. \u00bfSon tan buenos como nos venden? \u00bfQu\u00e9 son, c\u00f3mo se elaboran? \u00bfTienen menos calor\u00edas que el az\u00facar? \u00bfHay alternativas saludables al az\u00facar? &#8216;Los otros az\u00facares&#8217;, el lunes en &#8216;Comando Actualidad&#8217;.<\/p>\n<p>\u00bfDe d\u00f3nde viene la miel que consumimos? Espa\u00f1a es el mayor productor de miel de Europa, pero al menos uno de cada cuatro kilos de miel que se envasa dentro de nuestras fronteras llega de China. En Minglanilla zumba la abeja de raza ib\u00e9rica que llena bidones y tarros con el n\u00e9ctar que la familia de Manuel lleva gan\u00e1ndose la vida durante generaciones en esta zona de Cuenca. Es apicultor trashumante. Va con sus colmenas all\u00ed donde florece el romero, el espliego, el tomillo&#8230; Conoce bien la pol\u00e9mica que ha puesto en los \u00faltimos a\u00f1os la miel en el punto de mira. Hay productores que denuncian que la gran industria est\u00e1 mezclando miel procedente de China con la nacional.<\/p>\n<p>La pol\u00e9mica estevia. Es 300 veces m\u00e1s endulzante que el az\u00facar y sale de una planta que no se puede consumir en fresco, pero que la ley permite vender como planta ornamental. En Espa\u00f1a se produce la mayor parte de la estevia que se cosecha en Europa. En la provincia de C\u00e1diz comercializa Andr\u00e9s la planta que lleva a\u00f1os envuelta en la pol\u00e9mica. La industria se ha fijado en este edulcorante alternativo que cuando llega al supermercado ha sufrido distintos procesos qu\u00edmicos y que contiene, en la mayor\u00eda de los casos, s\u00f3lo un cinco por ciento de la base de la planta con la que se elabora.<\/p>\n<p>Menos az\u00facar, m\u00e1s sacarina. El programa visitar\u00e1 la \u00fanica f\u00e1brica de sacarina que existe en Europa. Est\u00e1 en la localidad catalana de Montcada i Reixac. El endulzante sint\u00e9tico m\u00e1s antiguo es 450 veces m\u00e1s dulce que el az\u00facar y procede de un derivado del petr\u00f3leo.<\/p>\n<p>\u00bfHay alternativas saludables al az\u00facar? El pasado de Roberto fue obeso. Su presente se mueve entre estanter\u00edas buscando, c\u00e1mara en mano, las decenas de endulzantes que llenan las estanter\u00edas de los supermercados. Es dietista y asesor de nutrici\u00f3n y es tajante: pagamos mucho m\u00e1s por lo mismo.<\/p>\n<p>\u00bfPasteles sin az\u00facar? Torrijas, chocolate, pasteles sin az\u00facar. El milagro es posible gracias al maltitol. El nuevo endulzante que usan los pasteleros que prescinden del az\u00facar y que consumimos en las tabletas de chocolate que reza &#8216;sin az\u00facar a\u00f1adido&#8217;.<\/p>\n<p>Az\u00facar de coco. En casa de Teresa y Juan no entra un gramo de az\u00facar. Han cambiado radicalmente la alimentaci\u00f3n y en los armarios de la cocina s\u00f3lo hay un endulzante: az\u00facar de coco. Sale de la sabia de las flores del cocotero y contiene \u00e1cido la\u00farico, un componente que no tienen otros sustitutos del az\u00facar. Se han convertido en envasadores de este producto que llega de Sri Lanka e Indonesia y que se cotiza a nueve euros el medio kilo. En solo un a\u00f1o el negocio ha crecido entre un diez y un quince por ciento.<\/p>\n","protected":false},"excerpt":{"rendered":"<p>Cada vez hay m\u00e1s sustitutos del az\u00facar. Las estanter\u00edas de los supermercados y las despensas se est\u00e1n llenando de panela, fructosa, agave, miel, estevia. Son endulzantes a los que la industria ha colgado la etiqueta de saludables. \u00bfSon tan buenos como nos venden? \u00bfQu\u00e9 son, c\u00f3mo se elaboran? \u00bfTienen menos calor\u00edas que el az\u00facar? \u00bfHay<\/p>\n","protected":false},"author":1,"featured_media":96551,"comment_status":"closed","ping_status":"closed","sticky":false,"template":"","format":"standard","meta":{"footnotes":""},"categories":[1],"tags":[],"class_list":{"0":"post-96550","1":"post","2":"type-post","3":"status-publish","4":"format-standard","5":"has-post-thumbnail","7":"category-agenda"},"aioseo_notices":[],"aioseo_head":"\n\t\t<!-- All in One SEO Pro 4.9.6.2 - aioseo.com -->\n\t<meta name=\"description\" content=\"Cada vez hay m\u00e1s sustitutos del az\u00facar. Las estanter\u00edas de los supermercados y las despensas se est\u00e1n llenando de panela, fructosa, agave, miel, estevia. Son endulzantes a los que la industria ha colgado la etiqueta de saludables. \u00bfSon tan buenos como nos venden? \u00bfQu\u00e9 son, c\u00f3mo se elaboran? \u00bfTienen menos calor\u00edas que el az\u00facar? \u00bfHay\" \/>\n\t<meta name=\"robots\" content=\"max-image-preview:large\" \/>\n\t<meta name=\"author\" content=\"Cand\u00e1s 365\"\/>\n\t<meta name=\"google-site-verification\" content=\"UA-32230408-1\" \/>\n\t<meta name=\"msvalidate.01\" content=\"354F3CDFB2DA171B47FBE9ABF1F88D5\" \/>\n\t<meta name=\"keywords\" content=\"agenda\" \/>\n\t<link rel=\"canonical\" href=\"https:\/\/candas365.es\/noticias\/los-otros-azucares-el-lunes-en-comando-actualidad\/\" \/>\n\t<meta name=\"generator\" content=\"All in One SEO Pro (AIOSEO) 4.9.6.2\" \/>\n\t\t<meta property=\"og:locale\" content=\"es_ES\" \/>\n\t\t<meta property=\"og:site_name\" content=\"Cand\u00e1s 365\" \/>\n\t\t<meta property=\"og:type\" content=\"article\" \/>\n\t\t<meta property=\"og:title\" content=\"\u201cLos otros az\u00facares\u201d, el lunes en Comando Actualidad | Cand\u00e1s 365\" \/>\n\t\t<meta property=\"og:description\" content=\"Cada vez hay m\u00e1s sustitutos del az\u00facar. Las estanter\u00edas de los supermercados y las despensas se est\u00e1n llenando de panela, fructosa, agave, miel, estevia. Son endulzantes a los que la industria ha colgado la etiqueta de saludables. \u00bfSon tan buenos como nos venden? \u00bfQu\u00e9 son, c\u00f3mo se elaboran? \u00bfTienen menos calor\u00edas que el az\u00facar? \u00bfHay\" \/>\n\t\t<meta property=\"og:url\" content=\"https:\/\/candas365.es\/noticias\/los-otros-azucares-el-lunes-en-comando-actualidad\/\" \/>\n\t\t<meta property=\"og:image\" content=\"https:\/\/candas365.es\/noticias\/wp-content\/uploads\/2018\/05\/1527248864697.jpg\" \/>\n\t\t<meta property=\"og:image:secure_url\" content=\"https:\/\/candas365.es\/noticias\/wp-content\/uploads\/2018\/05\/1527248864697.jpg\" \/>\n\t\t<meta property=\"og:image:width\" content=\"800\" \/>\n\t\t<meta property=\"og:image:height\" content=\"442\" \/>\n\t\t<meta property=\"article:published_time\" content=\"2018-05-27T15:37:22+00:00\" \/>\n\t\t<meta property=\"article:modified_time\" content=\"2018-05-27T15:37:22+00:00\" \/>\n\t\t<meta property=\"article:publisher\" content=\"https:\/\/www.facebook.com\/Nachofdezber\" \/>\n\t\t<meta property=\"article:author\" content=\"https:\/\/www.facebook.com\/carrenoactualidad\" \/>\n\t\t<meta name=\"twitter:card\" content=\"summary_large_image\" \/>\n\t\t<meta name=\"twitter:site\" content=\"@NabercoDigital\" \/>\n\t\t<meta name=\"twitter:title\" content=\"\u201cLos otros az\u00facares\u201d, el lunes en Comando Actualidad | Cand\u00e1s 365\" \/>\n\t\t<meta name=\"twitter:description\" content=\"Cada vez hay m\u00e1s sustitutos del az\u00facar. Las estanter\u00edas de los supermercados y las despensas se est\u00e1n llenando de panela, fructosa, agave, miel, estevia. Son endulzantes a los que la industria ha colgado la etiqueta de saludables. \u00bfSon tan buenos como nos venden? \u00bfQu\u00e9 son, c\u00f3mo se elaboran? \u00bfTienen menos calor\u00edas que el az\u00facar? \u00bfHay\" \/>\n\t\t<meta name=\"twitter:creator\" content=\"@nbasturias\" \/>\n\t\t<meta name=\"twitter:image\" content=\"https:\/\/candas365.es\/noticias\/wp-content\/uploads\/2018\/05\/1527248864697.jpg\" \/>\n\t\t<meta name=\"twitter:label1\" content=\"Escrito por\" \/>\n\t\t<meta name=\"twitter:data1\" content=\"Cand\u00e1s 365\" \/>\n\t\t<meta name=\"twitter:label2\" content=\"Tiempo de lectura estimado\" \/>\n\t\t<meta name=\"twitter:data2\" content=\"3 minutos\" \/>\n\t\t<script type=\"application\/ld+json\" class=\"aioseo-schema\">\n\t\t\t{\"@context\":\"https:\\\/\\\/schema.org\",\"@graph\":[{\"@type\":\"BreadcrumbList\",\"@id\":\"https:\\\/\\\/candas365.es\\\/noticias\\\/los-otros-azucares-el-lunes-en-comando-actualidad\\\/#breadcrumblist\",\"itemListElement\":[{\"@type\":\"ListItem\",\"@id\":\"https:\\\/\\\/candas365.es\\\/noticias#listItem\",\"position\":1,\"name\":\"Home\",\"item\":\"https:\\\/\\\/candas365.es\\\/noticias\",\"nextItem\":{\"@type\":\"ListItem\",\"@id\":\"https:\\\/\\\/candas365.es\\\/noticias\\\/category\\\/agenda\\\/#listItem\",\"name\":\"Agenda\"}},{\"@type\":\"ListItem\",\"@id\":\"https:\\\/\\\/candas365.es\\\/noticias\\\/category\\\/agenda\\\/#listItem\",\"position\":2,\"name\":\"Agenda\",\"item\":\"https:\\\/\\\/candas365.es\\\/noticias\\\/category\\\/agenda\\\/\",\"nextItem\":{\"@type\":\"ListItem\",\"@id\":\"https:\\\/\\\/candas365.es\\\/noticias\\\/los-otros-azucares-el-lunes-en-comando-actualidad\\\/#listItem\",\"name\":\"\\u201cLos otros az\\u00facares\\u201d, el lunes en Comando Actualidad\"},\"previousItem\":{\"@type\":\"ListItem\",\"@id\":\"https:\\\/\\\/candas365.es\\\/noticias#listItem\",\"name\":\"Home\"}},{\"@type\":\"ListItem\",\"@id\":\"https:\\\/\\\/candas365.es\\\/noticias\\\/los-otros-azucares-el-lunes-en-comando-actualidad\\\/#listItem\",\"position\":3,\"name\":\"\\u201cLos otros az\\u00facares\\u201d, el lunes en Comando Actualidad\",\"previousItem\":{\"@type\":\"ListItem\",\"@id\":\"https:\\\/\\\/candas365.es\\\/noticias\\\/category\\\/agenda\\\/#listItem\",\"name\":\"Agenda\"}}]},{\"@type\":\"NewsArticle\",\"@id\":\"https:\\\/\\\/candas365.es\\\/noticias\\\/los-otros-azucares-el-lunes-en-comando-actualidad\\\/#newsarticle\",\"name\":\"\\u201cLos otros az\\u00facares\\u201d, el lunes en Comando Actualidad | Cand\\u00e1s 365\",\"headline\":\"\\u201cLos otros az\\u00facares\\u201d, el lunes en Comando Actualidad\",\"author\":{\"@id\":\"https:\\\/\\\/candas365.es\\\/noticias\\\/author\\\/admin\\\/#author\"},\"publisher\":{\"@id\":\"https:\\\/\\\/candas365.es\\\/noticias\\\/#organization\"},\"image\":{\"@type\":\"ImageObject\",\"url\":\"https:\\\/\\\/candas365.es\\\/noticias\\\/wp-content\\\/uploads\\\/2018\\\/05\\\/1527248864697.jpg\",\"width\":800,\"height\":442},\"datePublished\":\"2018-05-27T15:37:22+02:00\",\"dateModified\":\"2018-05-27T15:37:22+02:00\",\"inLanguage\":\"es-ES\",\"mainEntityOfPage\":{\"@id\":\"https:\\\/\\\/candas365.es\\\/noticias\\\/los-otros-azucares-el-lunes-en-comando-actualidad\\\/#webpage\"},\"isPartOf\":{\"@id\":\"https:\\\/\\\/candas365.es\\\/noticias\\\/los-otros-azucares-el-lunes-en-comando-actualidad\\\/#webpage\"},\"articleSection\":\"Agenda\",\"dateline\":\"Publicado el mayo 27, 2018.\"},{\"@type\":\"Organization\",\"@id\":\"https:\\\/\\\/candas365.es\\\/noticias\\\/#organization\",\"name\":\"Cand\\u00e1s 365\",\"description\":\"Cand\\u00e1s 365 es un diario digital independiente, fundado en 2012, con base en Asturias. Informamos con rigor sobre actualidad, sociedad, cultura y ocio, con una mirada local y global.\",\"url\":\"https:\\\/\\\/candas365.es\\\/noticias\\\/\",\"email\":\"info@candas365.es\",\"telephone\":\"+34652131393\",\"foundingDate\":\"2012-06-10\",\"logo\":{\"@type\":\"ImageObject\",\"url\":\"https:\\\/\\\/candas365.es\\\/noticias\\\/wp-content\\\/uploads\\\/2024\\\/09\\\/Candas-365-Redes.jpg\",\"@id\":\"https:\\\/\\\/candas365.es\\\/noticias\\\/los-otros-azucares-el-lunes-en-comando-actualidad\\\/#organizationLogo\",\"width\":1152,\"height\":864,\"caption\":\"Cand\\u00e1s 365 Redes\"},\"image\":{\"@id\":\"https:\\\/\\\/candas365.es\\\/noticias\\\/los-otros-azucares-el-lunes-en-comando-actualidad\\\/#organizationLogo\"},\"sameAs\":[\"https:\\\/\\\/www.facebook.com\\\/Nachofdezber\",\"https:\\\/\\\/x.com\\\/NabercoDigital\",\"https:\\\/\\\/www.instagram.com\\\/nachofdezber\\\/\",\"https:\\\/\\\/www.youtube.com\\\/channel\\\/UCZP-2wLEB9Rv6erhFmqVnvg\"],\"address\":{\"@id\":\"https:\\\/\\\/candas365.es\\\/noticias\\\/#postaladdress\",\"@type\":\"PostalAddress\",\"streetAddress\":\"san antonio 4, san antonio 4\",\"postalCode\":\"33430\",\"addressLocality\":\"Cand\\u00e1s\",\"addressRegion\":\"Asturias\",\"addressCountry\":\"ES\"}},{\"@type\":\"Person\",\"@id\":\"https:\\\/\\\/candas365.es\\\/noticias\\\/author\\\/admin\\\/#author\",\"url\":\"https:\\\/\\\/candas365.es\\\/noticias\\\/author\\\/admin\\\/\",\"name\":\"Cand\\u00e1s 365\",\"image\":{\"@type\":\"ImageObject\",\"@id\":\"https:\\\/\\\/candas365.es\\\/noticias\\\/los-otros-azucares-el-lunes-en-comando-actualidad\\\/#authorImage\",\"url\":\"https:\\\/\\\/secure.gravatar.com\\\/avatar\\\/496a8e03d0c493ede1718b7934145dbdf8d89be1036b0eec9544e1094c9de390?s=96&d=mm&r=g\",\"width\":96,\"height\":96,\"caption\":\"Cand\\u00e1s 365\"},\"sameAs\":[\"https:\\\/\\\/www.facebook.com\\\/carrenoactualidad\",\"https:\\\/\\\/twitter.com\\\/nbasturias\",\"https:\\\/\\\/www.instagram.com\\\/nachofdezber\\\/\",\"https:\\\/\\\/www.youtube.com\\\/channel\\\/UCZP-2wLEB9Rv6erhFmqVnvg\"]},{\"@type\":\"WebPage\",\"@id\":\"https:\\\/\\\/candas365.es\\\/noticias\\\/los-otros-azucares-el-lunes-en-comando-actualidad\\\/#webpage\",\"url\":\"https:\\\/\\\/candas365.es\\\/noticias\\\/los-otros-azucares-el-lunes-en-comando-actualidad\\\/\",\"name\":\"\\u201cLos otros az\\u00facares\\u201d, el lunes en Comando Actualidad | Cand\\u00e1s 365\",\"description\":\"Cada vez hay m\\u00e1s sustitutos del az\\u00facar. Las estanter\\u00edas de los supermercados y las despensas se est\\u00e1n llenando de panela, fructosa, agave, miel, estevia. Son endulzantes a los que la industria ha colgado la etiqueta de saludables. \\u00bfSon tan buenos como nos venden? \\u00bfQu\\u00e9 son, c\\u00f3mo se elaboran? \\u00bfTienen menos calor\\u00edas que el az\\u00facar? \\u00bfHay\",\"inLanguage\":\"es-ES\",\"isPartOf\":{\"@id\":\"https:\\\/\\\/candas365.es\\\/noticias\\\/#website\"},\"breadcrumb\":{\"@id\":\"https:\\\/\\\/candas365.es\\\/noticias\\\/los-otros-azucares-el-lunes-en-comando-actualidad\\\/#breadcrumblist\"},\"author\":{\"@id\":\"https:\\\/\\\/candas365.es\\\/noticias\\\/author\\\/admin\\\/#author\"},\"creator\":{\"@id\":\"https:\\\/\\\/candas365.es\\\/noticias\\\/author\\\/admin\\\/#author\"},\"image\":{\"@type\":\"ImageObject\",\"url\":\"https:\\\/\\\/candas365.es\\\/noticias\\\/wp-content\\\/uploads\\\/2018\\\/05\\\/1527248864697.jpg\",\"@id\":\"https:\\\/\\\/candas365.es\\\/noticias\\\/los-otros-azucares-el-lunes-en-comando-actualidad\\\/#mainImage\",\"width\":800,\"height\":442},\"primaryImageOfPage\":{\"@id\":\"https:\\\/\\\/candas365.es\\\/noticias\\\/los-otros-azucares-el-lunes-en-comando-actualidad\\\/#mainImage\"},\"datePublished\":\"2018-05-27T15:37:22+02:00\",\"dateModified\":\"2018-05-27T15:37:22+02:00\"},{\"@type\":\"WebSite\",\"@id\":\"https:\\\/\\\/candas365.es\\\/noticias\\\/#website\",\"url\":\"https:\\\/\\\/candas365.es\\\/noticias\\\/\",\"name\":\"Cand\\u00e1s 365\",\"alternateName\":\"Cand\\u00e1s 365 Noticias\",\"description\":\"Actualidad desde Carre\\u00f1o para el mundo\",\"inLanguage\":\"es-ES\",\"publisher\":{\"@id\":\"https:\\\/\\\/candas365.es\\\/noticias\\\/#organization\"}}]}\n\t\t<\/script>\n\t\t<!-- All in One SEO Pro -->\r\n\t\t<title>\u201cLos otros az\u00facares\u201d, el lunes en Comando Actualidad | Cand\u00e1s 365<\/title>\n\n","aioseo_head_json":{"title":"\u201cLos otros az\u00facares\u201d, el lunes en Comando Actualidad | Cand\u00e1s 365","description":"Cada vez hay m\u00e1s sustitutos del az\u00facar. Las estanter\u00edas de los supermercados y las despensas se est\u00e1n llenando de panela, fructosa, agave, miel, estevia. Son endulzantes a los que la industria ha colgado la etiqueta de saludables. \u00bfSon tan buenos como nos venden? \u00bfQu\u00e9 son, c\u00f3mo se elaboran? \u00bfTienen menos calor\u00edas que el az\u00facar? \u00bfHay","canonical_url":"https:\/\/candas365.es\/noticias\/los-otros-azucares-el-lunes-en-comando-actualidad\/","robots":"max-image-preview:large","keywords":"agenda","webmasterTools":{"google-site-verification":"UA-32230408-1","msvalidate.01":"354F3CDFB2DA171B47FBE9ABF1F88D5","miscellaneous":""},"schema":{"@context":"https:\/\/schema.org","@graph":[{"@type":"BreadcrumbList","@id":"https:\/\/candas365.es\/noticias\/los-otros-azucares-el-lunes-en-comando-actualidad\/#breadcrumblist","itemListElement":[{"@type":"ListItem","@id":"https:\/\/candas365.es\/noticias#listItem","position":1,"name":"Home","item":"https:\/\/candas365.es\/noticias","nextItem":{"@type":"ListItem","@id":"https:\/\/candas365.es\/noticias\/category\/agenda\/#listItem","name":"Agenda"}},{"@type":"ListItem","@id":"https:\/\/candas365.es\/noticias\/category\/agenda\/#listItem","position":2,"name":"Agenda","item":"https:\/\/candas365.es\/noticias\/category\/agenda\/","nextItem":{"@type":"ListItem","@id":"https:\/\/candas365.es\/noticias\/los-otros-azucares-el-lunes-en-comando-actualidad\/#listItem","name":"\u201cLos otros az\u00facares\u201d, el lunes en Comando Actualidad"},"previousItem":{"@type":"ListItem","@id":"https:\/\/candas365.es\/noticias#listItem","name":"Home"}},{"@type":"ListItem","@id":"https:\/\/candas365.es\/noticias\/los-otros-azucares-el-lunes-en-comando-actualidad\/#listItem","position":3,"name":"\u201cLos otros az\u00facares\u201d, el lunes en Comando Actualidad","previousItem":{"@type":"ListItem","@id":"https:\/\/candas365.es\/noticias\/category\/agenda\/#listItem","name":"Agenda"}}]},{"@type":"NewsArticle","@id":"https:\/\/candas365.es\/noticias\/los-otros-azucares-el-lunes-en-comando-actualidad\/#newsarticle","name":"\u201cLos otros az\u00facares\u201d, el lunes en Comando Actualidad | Cand\u00e1s 365","headline":"\u201cLos otros az\u00facares\u201d, el lunes en Comando Actualidad","author":{"@id":"https:\/\/candas365.es\/noticias\/author\/admin\/#author"},"publisher":{"@id":"https:\/\/candas365.es\/noticias\/#organization"},"image":{"@type":"ImageObject","url":"https:\/\/candas365.es\/noticias\/wp-content\/uploads\/2018\/05\/1527248864697.jpg","width":800,"height":442},"datePublished":"2018-05-27T15:37:22+02:00","dateModified":"2018-05-27T15:37:22+02:00","inLanguage":"es-ES","mainEntityOfPage":{"@id":"https:\/\/candas365.es\/noticias\/los-otros-azucares-el-lunes-en-comando-actualidad\/#webpage"},"isPartOf":{"@id":"https:\/\/candas365.es\/noticias\/los-otros-azucares-el-lunes-en-comando-actualidad\/#webpage"},"articleSection":"Agenda","dateline":"Publicado el mayo 27, 2018."},{"@type":"Organization","@id":"https:\/\/candas365.es\/noticias\/#organization","name":"Cand\u00e1s 365","description":"Cand\u00e1s 365 es un diario digital independiente, fundado en 2012, con base en Asturias. Informamos con rigor sobre actualidad, sociedad, cultura y ocio, con una mirada local y global.","url":"https:\/\/candas365.es\/noticias\/","email":"info@candas365.es","telephone":"+34652131393","foundingDate":"2012-06-10","logo":{"@type":"ImageObject","url":"https:\/\/candas365.es\/noticias\/wp-content\/uploads\/2024\/09\/Candas-365-Redes.jpg","@id":"https:\/\/candas365.es\/noticias\/los-otros-azucares-el-lunes-en-comando-actualidad\/#organizationLogo","width":1152,"height":864,"caption":"Cand\u00e1s 365 Redes"},"image":{"@id":"https:\/\/candas365.es\/noticias\/los-otros-azucares-el-lunes-en-comando-actualidad\/#organizationLogo"},"sameAs":["https:\/\/www.facebook.com\/Nachofdezber","https:\/\/x.com\/NabercoDigital","https:\/\/www.instagram.com\/nachofdezber\/","https:\/\/www.youtube.com\/channel\/UCZP-2wLEB9Rv6erhFmqVnvg"],"address":{"@id":"https:\/\/candas365.es\/noticias\/#postaladdress","@type":"PostalAddress","streetAddress":"san antonio 4, san antonio 4","postalCode":"33430","addressLocality":"Cand\u00e1s","addressRegion":"Asturias","addressCountry":"ES"}},{"@type":"Person","@id":"https:\/\/candas365.es\/noticias\/author\/admin\/#author","url":"https:\/\/candas365.es\/noticias\/author\/admin\/","name":"Cand\u00e1s 365","image":{"@type":"ImageObject","@id":"https:\/\/candas365.es\/noticias\/los-otros-azucares-el-lunes-en-comando-actualidad\/#authorImage","url":"https:\/\/secure.gravatar.com\/avatar\/496a8e03d0c493ede1718b7934145dbdf8d89be1036b0eec9544e1094c9de390?s=96&d=mm&r=g","width":96,"height":96,"caption":"Cand\u00e1s 365"},"sameAs":["https:\/\/www.facebook.com\/carrenoactualidad","https:\/\/twitter.com\/nbasturias","https:\/\/www.instagram.com\/nachofdezber\/","https:\/\/www.youtube.com\/channel\/UCZP-2wLEB9Rv6erhFmqVnvg"]},{"@type":"WebPage","@id":"https:\/\/candas365.es\/noticias\/los-otros-azucares-el-lunes-en-comando-actualidad\/#webpage","url":"https:\/\/candas365.es\/noticias\/los-otros-azucares-el-lunes-en-comando-actualidad\/","name":"\u201cLos otros az\u00facares\u201d, el lunes en Comando Actualidad | Cand\u00e1s 365","description":"Cada vez hay m\u00e1s sustitutos del az\u00facar. Las estanter\u00edas de los supermercados y las despensas se est\u00e1n llenando de panela, fructosa, agave, miel, estevia. Son endulzantes a los que la industria ha colgado la etiqueta de saludables. \u00bfSon tan buenos como nos venden? \u00bfQu\u00e9 son, c\u00f3mo se elaboran? \u00bfTienen menos calor\u00edas que el az\u00facar? \u00bfHay","inLanguage":"es-ES","isPartOf":{"@id":"https:\/\/candas365.es\/noticias\/#website"},"breadcrumb":{"@id":"https:\/\/candas365.es\/noticias\/los-otros-azucares-el-lunes-en-comando-actualidad\/#breadcrumblist"},"author":{"@id":"https:\/\/candas365.es\/noticias\/author\/admin\/#author"},"creator":{"@id":"https:\/\/candas365.es\/noticias\/author\/admin\/#author"},"image":{"@type":"ImageObject","url":"https:\/\/candas365.es\/noticias\/wp-content\/uploads\/2018\/05\/1527248864697.jpg","@id":"https:\/\/candas365.es\/noticias\/los-otros-azucares-el-lunes-en-comando-actualidad\/#mainImage","width":800,"height":442},"primaryImageOfPage":{"@id":"https:\/\/candas365.es\/noticias\/los-otros-azucares-el-lunes-en-comando-actualidad\/#mainImage"},"datePublished":"2018-05-27T15:37:22+02:00","dateModified":"2018-05-27T15:37:22+02:00"},{"@type":"WebSite","@id":"https:\/\/candas365.es\/noticias\/#website","url":"https:\/\/candas365.es\/noticias\/","name":"Cand\u00e1s 365","alternateName":"Cand\u00e1s 365 Noticias","description":"Actualidad desde Carre\u00f1o para el mundo","inLanguage":"es-ES","publisher":{"@id":"https:\/\/candas365.es\/noticias\/#organization"}}]},"og:locale":"es_ES","og:site_name":"Cand\u00e1s 365","og:type":"article","og:title":"\u201cLos otros az\u00facares\u201d, el lunes en Comando Actualidad | Cand\u00e1s 365","og:description":"Cada vez hay m\u00e1s sustitutos del az\u00facar. Las estanter\u00edas de los supermercados y las despensas se est\u00e1n llenando de panela, fructosa, agave, miel, estevia. Son endulzantes a los que la industria ha colgado la etiqueta de saludables. \u00bfSon tan buenos como nos venden? \u00bfQu\u00e9 son, c\u00f3mo se elaboran? \u00bfTienen menos calor\u00edas que el az\u00facar? \u00bfHay","og:url":"https:\/\/candas365.es\/noticias\/los-otros-azucares-el-lunes-en-comando-actualidad\/","og:image":"https:\/\/candas365.es\/noticias\/wp-content\/uploads\/2018\/05\/1527248864697.jpg","og:image:secure_url":"https:\/\/candas365.es\/noticias\/wp-content\/uploads\/2018\/05\/1527248864697.jpg","og:image:width":800,"og:image:height":442,"article:published_time":"2018-05-27T15:37:22+00:00","article:modified_time":"2018-05-27T15:37:22+00:00","article:publisher":"https:\/\/www.facebook.com\/Nachofdezber","article:author":"https:\/\/www.facebook.com\/carrenoactualidad","twitter:card":"summary_large_image","twitter:site":"@NabercoDigital","twitter:title":"\u201cLos otros az\u00facares\u201d, el lunes en Comando Actualidad | Cand\u00e1s 365","twitter:description":"Cada vez hay m\u00e1s sustitutos del az\u00facar. Las estanter\u00edas de los supermercados y las despensas se est\u00e1n llenando de panela, fructosa, agave, miel, estevia. Son endulzantes a los que la industria ha colgado la etiqueta de saludables. \u00bfSon tan buenos como nos venden? \u00bfQu\u00e9 son, c\u00f3mo se elaboran? \u00bfTienen menos calor\u00edas que el az\u00facar? \u00bfHay","twitter:creator":"@nbasturias","twitter:image":"https:\/\/candas365.es\/noticias\/wp-content\/uploads\/2018\/05\/1527248864697.jpg","twitter:label1":"Escrito por","twitter:data1":"Cand\u00e1s 365","twitter:label2":"Tiempo de lectura estimado","twitter:data2":"3 minutos"},"aioseo_meta_data":{"post_id":"96550","title":null,"description":null,"keywords":null,"keyphrases":null,"primary_term":null,"canonical_url":null,"og_title":null,"og_description":null,"og_object_type":"default","og_image_type":"default","og_image_url":null,"og_image_width":null,"og_image_height":null,"og_image_custom_url":null,"og_image_custom_fields":null,"og_video":null,"og_custom_url":null,"og_article_section":null,"og_article_tags":null,"twitter_use_og":false,"twitter_card":"default","twitter_image_type":"default","twitter_image_url":null,"twitter_image_custom_url":null,"twitter_image_custom_fields":null,"twitter_title":null,"twitter_description":null,"schema":{"blockGraphs":[],"customGraphs":[],"default":{"data":{"Article":[],"Course":[],"Dataset":[],"FAQPage":[],"Movie":[],"Person":[],"Product":[],"ProductReview":[],"Car":[],"Recipe":[],"Service":[],"SoftwareApplication":[],"WebPage":[]},"graphName":"","isEnabled":true},"graphs":[],"defaultGraph":"","defaultPostTypeGraph":""},"schema_type":null,"schema_type_options":null,"pillar_content":false,"robots_default":true,"robots_noindex":false,"robots_noarchive":false,"robots_nosnippet":false,"robots_nofollow":false,"robots_noimageindex":false,"robots_noodp":false,"robots_notranslate":false,"robots_max_snippet":null,"robots_max_videopreview":null,"robots_max_imagepreview":"large","priority":null,"frequency":null,"location":null,"local_seo":null,"seo_analyzer_scan_date":"2025-08-26 22:18:12","breadcrumb_settings":null,"limit_modified_date":false,"reviewed_by":null,"open_ai":null,"ai":null,"created":"2020-12-21 11:51:35","updated":"2025-08-26 22:18:12"},"aioseo_breadcrumb":"<div class=\"aioseo-breadcrumbs\"><span class=\"aioseo-breadcrumb\">\n\t<a href=\"https:\/\/candas365.es\/noticias\" title=\"Home\">Home<\/a>\n<\/span><span class=\"aioseo-breadcrumb-separator\">&ndash;<\/span><span class=\"aioseo-breadcrumb\">\n\t<a href=\"https:\/\/candas365.es\/noticias\/category\/agenda\/\" title=\"Agenda\">Agenda<\/a>\n<\/span><span class=\"aioseo-breadcrumb-separator\">&ndash;<\/span><span class=\"aioseo-breadcrumb\">\n\t\u201cLos otros az\u00facares\u201d, el lunes en Comando Actualidad\n<\/span><\/div>","aioseo_breadcrumb_json":[{"label":"Home","link":"https:\/\/candas365.es\/noticias"},{"label":"Agenda","link":"https:\/\/candas365.es\/noticias\/category\/agenda\/"},{"label":"\u201cLos otros az\u00facares\u201d, el lunes en Comando Actualidad","link":"https:\/\/candas365.es\/noticias\/los-otros-azucares-el-lunes-en-comando-actualidad\/"}],"_links":{"self":[{"href":"https:\/\/candas365.es\/noticias\/wp-json\/wp\/v2\/posts\/96550","targetHints":{"allow":["GET"]}}],"collection":[{"href":"https:\/\/candas365.es\/noticias\/wp-json\/wp\/v2\/posts"}],"about":[{"href":"https:\/\/candas365.es\/noticias\/wp-json\/wp\/v2\/types\/post"}],"author":[{"embeddable":true,"href":"https:\/\/candas365.es\/noticias\/wp-json\/wp\/v2\/users\/1"}],"replies":[{"embeddable":true,"href":"https:\/\/candas365.es\/noticias\/wp-json\/wp\/v2\/comments?post=96550"}],"version-history":[{"count":0,"href":"https:\/\/candas365.es\/noticias\/wp-json\/wp\/v2\/posts\/96550\/revisions"}],"wp:featuredmedia":[{"embeddable":true,"href":"https:\/\/candas365.es\/noticias\/wp-json\/wp\/v2\/media\/96551"}],"wp:attachment":[{"href":"https:\/\/candas365.es\/noticias\/wp-json\/wp\/v2\/media?parent=96550"}],"wp:term":[{"taxonomy":"category","embeddable":true,"href":"https:\/\/candas365.es\/noticias\/wp-json\/wp\/v2\/categories?post=96550"},{"taxonomy":"post_tag","embeddable":true,"href":"https:\/\/candas365.es\/noticias\/wp-json\/wp\/v2\/tags?post=96550"}],"curies":[{"name":"wp","href":"https:\/\/api.w.org\/{rel}","templated":true}]}}