{"id":96136,"date":"2018-05-21T13:23:07","date_gmt":"2018-05-21T13:23:07","guid":{"rendered":"http:\/\/candas365.es\/noticias\/?p=96136"},"modified":"2018-05-21T13:23:07","modified_gmt":"2018-05-21T13:23:07","slug":"andres-goteira-presenta-dhogs-en-laboral-cinemateca","status":"publish","type":"post","link":"https:\/\/candas365.es\/noticias\/andres-goteira-presenta-dhogs-en-laboral-cinemateca\/","title":{"rendered":"Andr\u00e9s Goteira presenta \u201cDhogs\u201d en Laboral Cinemateca"},"content":{"rendered":"<p><img fetchpriority=\"high\" decoding=\"async\" class=\"alignnone size-medium wp-image-96137 alignleft\" src=\"https:\/\/candas365.es\/noticias\/wp-content\/uploads\/2018\/05\/Andr\u00e9s-Goteira-360x240.jpg\" alt=\"\" width=\"360\" height=\"240\" srcset=\"https:\/\/candas365.es\/noticias\/wp-content\/uploads\/2018\/05\/Andr\u00e9s-Goteira-360x240.jpg 360w, https:\/\/candas365.es\/noticias\/wp-content\/uploads\/2018\/05\/Andr\u00e9s-Goteira-768x512.jpg 768w, https:\/\/candas365.es\/noticias\/wp-content\/uploads\/2018\/05\/Andr\u00e9s-Goteira-655x436.jpg 655w, https:\/\/candas365.es\/noticias\/wp-content\/uploads\/2018\/05\/Andr\u00e9s-Goteira-696x464.jpg 696w, https:\/\/candas365.es\/noticias\/wp-content\/uploads\/2018\/05\/Andr\u00e9s-Goteira-1068x712.jpg 1068w, https:\/\/candas365.es\/noticias\/wp-content\/uploads\/2018\/05\/Andr\u00e9s-Goteira-630x420.jpg 630w, https:\/\/candas365.es\/noticias\/wp-content\/uploads\/2018\/05\/Andr\u00e9s-Goteira.jpg 1280w\" sizes=\"(max-width: 360px) 100vw, 360px\" \/>Laboral Cinemateca recibe esta semana la visita del realizador gallego Andr\u00e9s Goteira que acudir\u00e1 el viernes 25 de mayo, a las 20:00 horas, al Paraninfo de la Laboral para presentar su primer largometraje, Dhogs, un inquietante thriller que acaba de alzarse con el Premio de la Cr\u00edtica en el Festival Internacional de Cine Fant\u00e1stico de Bruselas (BIFFF), uno de los m\u00e1s prestigiosos del panorama internacional, y que ha triunfado en Croacia (mejor largo), Londres, Buenos Aires (Bafici), Sitges o Bilbao, entre otros festivales.<\/p>\n<p>Rodado en gallego y con marcadas influencias de Lynch o Tarantino, el filme parte del encuentro entre un hombre de negocios y una mujer en el bar de un hotel, pero este hecho aparentemente causal derivar\u00e1 en una espiral de convulsos acontecimientos, violencia y descontrol. En su estreno mundial en Buenos Aires, se dijo de ella que es una \u201cvirtuosa y arrasadora \u00f3pera prima\u201d, con un \u201cejercicio estil\u00edstico y narrativo plet\u00f3rico de inventiva y audacia\u201d y se anunci\u00f3 en Sitges como \u201cuna joya para descubrir\u201d.<\/p>\n<p>Nacido en Lugo en 1983, Andr\u00e9s Goteira es ingeniero t\u00e9cnico de telecomunicaciones, dise\u00f1ador y cineasta. Despu\u00e9s de varios cortometrajes, Dhogs es su primera pel\u00edcula, con ella ha participado en numerosos festivales alrededor del mundo, entre ellos Bafici y la competici\u00f3n oficial de Sitges. El filme ha ganado 13 premios Mestre Mateo de la Academia Galega do Audiovisual y ha recibido el aplauso de cr\u00edtica y p\u00fablico en festivales como el Split Film Festival o Nocturna Madrid. Goteira trabaja actualmente en un documental y en el guion de su segundo largo, otra pel\u00edcula de g\u00e9nero.<\/p>\n<p>El s\u00e1bado 26, a partir de las 11:30 horas, Laboral Cinemateca celebra la primera Jornada Profesional del Cortometraje que contar\u00e1 como ponentes con Ismael Mart\u00edn &#8211; responsable de Distribuci\u00f3n de la Escuela de Cinematograf\u00eda y del Audiovisual de Madrid (ECAM) y desde 2005 del programa Madrid en Corto y autor de un blog de referencia especializado en la industria del corto- y S\u00e9bastien Duclocher \u2013coordinador del Departamento de Educaci\u00f3n del Festival de Clermont-Ferrand- que tratar\u00e1n sobre el desarrollo y financiaci\u00f3n de los proyectos y sobre las claves del \u00e9xito de una obra cinematogr\u00e1fica, respectivamente.<\/p>\n<p>Estas conferencias se complementan con tres sesiones de proyecciones diferenciadas: la primera, a las 16:30 horas, una selecci\u00f3n de cortos espa\u00f1oles de gran recorrido en festivales nacionales e internacionales como Madre de Rodrigo Sorogoyen, Goya 2018 a Mejor Cortometraje; una segunda sesi\u00f3n tem\u00e1tica en torno a los \u201cCortometrajes y videojuegos\u201d a las 18:00 horas; y, a las 20:00 horas, la tercera centrada en las nuevas narrativas y con t\u00edtulos recientemente premiados en Clermont Ferrand \u201c10 a\u00f1os de LABO\u201d, comisariada y presentada por Duclocher.<\/p>\n<p>Cierra la semana cinematogr\u00e1fica en la Ciudad de la Cultura la proyecci\u00f3n, el domingo 27 a las 19:00 horas, de la recientemente estrenada Custodia compartida, el debut en la direcci\u00f3n del actor Xavier Legrand, que ha arrasado en Francia y que se adentra sin tapujos en el terror de la violencia machista. En palabras de su director, se trata de \u201cun filme emocional, una denuncia clara del patriarcado, de la utilizaci\u00f3n del hijo por parte del padre acosador para llegar a la madre y de lo in\u00fatil que puede ser la Justicia, aunque siga preceptos marcados\u201d.<\/p>\n<p>Las localidades para las proyecciones est\u00e1n ya a la venta, a un precio general de 4\u20ac y reducido de 3\u20ac, en la Recepci\u00f3n de Laboral Ciudad de la Cultura en Gij\u00f3n, en la Recepci\u00f3n del Centro Niemeyer en Avil\u00e9s, en el Centro de Informaci\u00f3n Tur\u00edstica del Principado en Oviedo, en entradas.liberbank.es, en el tel\u00e9fono 902 106 601 y en la red de cajeros Liberbank. El acceso a la Jornada Profesional del Cortometraje es libre hasta completar aforo, siendo imprescindible la retirada de invitaci\u00f3n para acceder a las sesiones de proyecciones de cortometrajes.<\/p>\n","protected":false},"excerpt":{"rendered":"<p>Laboral Cinemateca recibe esta semana la visita del realizador gallego Andr\u00e9s Goteira que acudir\u00e1 el viernes 25 de mayo, a las 20:00 horas, al Paraninfo de la Laboral para presentar su primer largometraje, Dhogs, un inquietante thriller que acaba de alzarse con el Premio de la Cr\u00edtica en el Festival Internacional de Cine Fant\u00e1stico de<\/p>\n","protected":false},"author":1,"featured_media":96137,"comment_status":"closed","ping_status":"closed","sticky":false,"template":"","format":"standard","meta":{"footnotes":""},"categories":[1],"tags":[],"class_list":{"0":"post-96136","1":"post","2":"type-post","3":"status-publish","4":"format-standard","5":"has-post-thumbnail","7":"category-agenda"},"aioseo_notices":[],"aioseo_head":"\n\t\t<!-- All in One SEO Pro 4.9.6.2 - aioseo.com -->\n\t<meta name=\"description\" content=\"Laboral Cinemateca recibe esta semana la visita del realizador gallego Andr\u00e9s Goteira que acudir\u00e1 el viernes 25 de mayo, a las 20:00 horas, al Paraninfo de la Laboral para presentar su primer largometraje, Dhogs, un inquietante thriller que acaba de alzarse con el Premio de la Cr\u00edtica en el Festival Internacional de Cine Fant\u00e1stico de\" \/>\n\t<meta name=\"robots\" content=\"max-image-preview:large\" \/>\n\t<meta name=\"author\" content=\"Cand\u00e1s 365\"\/>\n\t<meta name=\"google-site-verification\" content=\"UA-32230408-1\" \/>\n\t<meta name=\"msvalidate.01\" content=\"354F3CDFB2DA171B47FBE9ABF1F88D5\" \/>\n\t<meta name=\"keywords\" content=\"agenda\" \/>\n\t<link rel=\"canonical\" href=\"https:\/\/candas365.es\/noticias\/andres-goteira-presenta-dhogs-en-laboral-cinemateca\/\" \/>\n\t<meta name=\"generator\" content=\"All in One SEO Pro (AIOSEO) 4.9.6.2\" \/>\n\t\t<meta property=\"og:locale\" content=\"es_ES\" \/>\n\t\t<meta property=\"og:site_name\" content=\"Cand\u00e1s 365\" \/>\n\t\t<meta property=\"og:type\" content=\"article\" \/>\n\t\t<meta property=\"og:title\" content=\"Andr\u00e9s Goteira presenta \u201cDhogs\u201d en Laboral Cinemateca | Cand\u00e1s 365\" \/>\n\t\t<meta property=\"og:description\" content=\"Laboral Cinemateca recibe esta semana la visita del realizador gallego Andr\u00e9s Goteira que acudir\u00e1 el viernes 25 de mayo, a las 20:00 horas, al Paraninfo de la Laboral para presentar su primer largometraje, Dhogs, un inquietante thriller que acaba de alzarse con el Premio de la Cr\u00edtica en el Festival Internacional de Cine Fant\u00e1stico de\" \/>\n\t\t<meta property=\"og:url\" content=\"https:\/\/candas365.es\/noticias\/andres-goteira-presenta-dhogs-en-laboral-cinemateca\/\" \/>\n\t\t<meta property=\"og:image\" content=\"https:\/\/candas365.es\/noticias\/wp-content\/uploads\/2018\/05\/Andr\u00e9s-Goteira.jpg\" \/>\n\t\t<meta property=\"og:image:secure_url\" content=\"https:\/\/candas365.es\/noticias\/wp-content\/uploads\/2018\/05\/Andr\u00e9s-Goteira.jpg\" \/>\n\t\t<meta property=\"og:image:width\" content=\"1280\" \/>\n\t\t<meta property=\"og:image:height\" content=\"853\" \/>\n\t\t<meta property=\"article:published_time\" content=\"2018-05-21T13:23:07+00:00\" \/>\n\t\t<meta property=\"article:modified_time\" content=\"2018-05-21T13:23:07+00:00\" \/>\n\t\t<meta property=\"article:publisher\" content=\"https:\/\/www.facebook.com\/Nachofdezber\" \/>\n\t\t<meta property=\"article:author\" content=\"https:\/\/www.facebook.com\/carrenoactualidad\" \/>\n\t\t<meta name=\"twitter:card\" content=\"summary_large_image\" \/>\n\t\t<meta name=\"twitter:site\" content=\"@NabercoDigital\" \/>\n\t\t<meta name=\"twitter:title\" content=\"Andr\u00e9s Goteira presenta \u201cDhogs\u201d en Laboral Cinemateca | Cand\u00e1s 365\" \/>\n\t\t<meta name=\"twitter:description\" content=\"Laboral Cinemateca recibe esta semana la visita del realizador gallego Andr\u00e9s Goteira que acudir\u00e1 el viernes 25 de mayo, a las 20:00 horas, al Paraninfo de la Laboral para presentar su primer largometraje, Dhogs, un inquietante thriller que acaba de alzarse con el Premio de la Cr\u00edtica en el Festival Internacional de Cine Fant\u00e1stico de\" \/>\n\t\t<meta name=\"twitter:creator\" content=\"@nbasturias\" \/>\n\t\t<meta name=\"twitter:image\" content=\"https:\/\/candas365.es\/noticias\/wp-content\/uploads\/2018\/05\/Andr\u00e9s-Goteira.jpg\" \/>\n\t\t<meta name=\"twitter:label1\" content=\"Escrito por\" \/>\n\t\t<meta name=\"twitter:data1\" content=\"Cand\u00e1s 365\" \/>\n\t\t<meta name=\"twitter:label2\" content=\"Tiempo de lectura estimado\" \/>\n\t\t<meta name=\"twitter:data2\" content=\"3 minutos\" \/>\n\t\t<script type=\"application\/ld+json\" class=\"aioseo-schema\">\n\t\t\t{\"@context\":\"https:\\\/\\\/schema.org\",\"@graph\":[{\"@type\":\"BreadcrumbList\",\"@id\":\"https:\\\/\\\/candas365.es\\\/noticias\\\/andres-goteira-presenta-dhogs-en-laboral-cinemateca\\\/#breadcrumblist\",\"itemListElement\":[{\"@type\":\"ListItem\",\"@id\":\"https:\\\/\\\/candas365.es\\\/noticias#listItem\",\"position\":1,\"name\":\"Home\",\"item\":\"https:\\\/\\\/candas365.es\\\/noticias\",\"nextItem\":{\"@type\":\"ListItem\",\"@id\":\"https:\\\/\\\/candas365.es\\\/noticias\\\/category\\\/agenda\\\/#listItem\",\"name\":\"Agenda\"}},{\"@type\":\"ListItem\",\"@id\":\"https:\\\/\\\/candas365.es\\\/noticias\\\/category\\\/agenda\\\/#listItem\",\"position\":2,\"name\":\"Agenda\",\"item\":\"https:\\\/\\\/candas365.es\\\/noticias\\\/category\\\/agenda\\\/\",\"nextItem\":{\"@type\":\"ListItem\",\"@id\":\"https:\\\/\\\/candas365.es\\\/noticias\\\/andres-goteira-presenta-dhogs-en-laboral-cinemateca\\\/#listItem\",\"name\":\"Andr\\u00e9s Goteira presenta \\u201cDhogs\\u201d en Laboral Cinemateca\"},\"previousItem\":{\"@type\":\"ListItem\",\"@id\":\"https:\\\/\\\/candas365.es\\\/noticias#listItem\",\"name\":\"Home\"}},{\"@type\":\"ListItem\",\"@id\":\"https:\\\/\\\/candas365.es\\\/noticias\\\/andres-goteira-presenta-dhogs-en-laboral-cinemateca\\\/#listItem\",\"position\":3,\"name\":\"Andr\\u00e9s Goteira presenta \\u201cDhogs\\u201d en Laboral Cinemateca\",\"previousItem\":{\"@type\":\"ListItem\",\"@id\":\"https:\\\/\\\/candas365.es\\\/noticias\\\/category\\\/agenda\\\/#listItem\",\"name\":\"Agenda\"}}]},{\"@type\":\"NewsArticle\",\"@id\":\"https:\\\/\\\/candas365.es\\\/noticias\\\/andres-goteira-presenta-dhogs-en-laboral-cinemateca\\\/#newsarticle\",\"name\":\"Andr\\u00e9s Goteira presenta \\u201cDhogs\\u201d en Laboral Cinemateca | Cand\\u00e1s 365\",\"headline\":\"Andr\\u00e9s Goteira presenta \\u201cDhogs\\u201d en Laboral Cinemateca\",\"author\":{\"@id\":\"https:\\\/\\\/candas365.es\\\/noticias\\\/author\\\/admin\\\/#author\"},\"publisher\":{\"@id\":\"https:\\\/\\\/candas365.es\\\/noticias\\\/#organization\"},\"image\":{\"@type\":\"ImageObject\",\"url\":\"https:\\\/\\\/candas365.es\\\/noticias\\\/wp-content\\\/uploads\\\/2018\\\/05\\\/Andr\\u00e9s-Goteira.jpg\",\"width\":1280,\"height\":853},\"datePublished\":\"2018-05-21T13:23:07+02:00\",\"dateModified\":\"2018-05-21T13:23:07+02:00\",\"inLanguage\":\"es-ES\",\"mainEntityOfPage\":{\"@id\":\"https:\\\/\\\/candas365.es\\\/noticias\\\/andres-goteira-presenta-dhogs-en-laboral-cinemateca\\\/#webpage\"},\"isPartOf\":{\"@id\":\"https:\\\/\\\/candas365.es\\\/noticias\\\/andres-goteira-presenta-dhogs-en-laboral-cinemateca\\\/#webpage\"},\"articleSection\":\"Agenda\",\"dateline\":\"Publicado el mayo 21, 2018.\"},{\"@type\":\"Organization\",\"@id\":\"https:\\\/\\\/candas365.es\\\/noticias\\\/#organization\",\"name\":\"Cand\\u00e1s 365\",\"description\":\"Cand\\u00e1s 365 es un diario digital independiente, fundado en 2012, con base en Asturias. Informamos con rigor sobre actualidad, sociedad, cultura y ocio, con una mirada local y global.\",\"url\":\"https:\\\/\\\/candas365.es\\\/noticias\\\/\",\"email\":\"info@candas365.es\",\"telephone\":\"+34652131393\",\"foundingDate\":\"2012-06-10\",\"logo\":{\"@type\":\"ImageObject\",\"url\":\"https:\\\/\\\/candas365.es\\\/noticias\\\/wp-content\\\/uploads\\\/2024\\\/09\\\/Candas-365-Redes.jpg\",\"@id\":\"https:\\\/\\\/candas365.es\\\/noticias\\\/andres-goteira-presenta-dhogs-en-laboral-cinemateca\\\/#organizationLogo\",\"width\":1152,\"height\":864,\"caption\":\"Cand\\u00e1s 365 Redes\"},\"image\":{\"@id\":\"https:\\\/\\\/candas365.es\\\/noticias\\\/andres-goteira-presenta-dhogs-en-laboral-cinemateca\\\/#organizationLogo\"},\"sameAs\":[\"https:\\\/\\\/www.facebook.com\\\/Nachofdezber\",\"https:\\\/\\\/x.com\\\/NabercoDigital\",\"https:\\\/\\\/www.instagram.com\\\/nachofdezber\\\/\",\"https:\\\/\\\/www.youtube.com\\\/channel\\\/UCZP-2wLEB9Rv6erhFmqVnvg\"],\"address\":{\"@id\":\"https:\\\/\\\/candas365.es\\\/noticias\\\/#postaladdress\",\"@type\":\"PostalAddress\",\"streetAddress\":\"san antonio 4, san antonio 4\",\"postalCode\":\"33430\",\"addressLocality\":\"Cand\\u00e1s\",\"addressRegion\":\"Asturias\",\"addressCountry\":\"ES\"}},{\"@type\":\"Person\",\"@id\":\"https:\\\/\\\/candas365.es\\\/noticias\\\/author\\\/admin\\\/#author\",\"url\":\"https:\\\/\\\/candas365.es\\\/noticias\\\/author\\\/admin\\\/\",\"name\":\"Cand\\u00e1s 365\",\"image\":{\"@type\":\"ImageObject\",\"@id\":\"https:\\\/\\\/candas365.es\\\/noticias\\\/andres-goteira-presenta-dhogs-en-laboral-cinemateca\\\/#authorImage\",\"url\":\"https:\\\/\\\/secure.gravatar.com\\\/avatar\\\/496a8e03d0c493ede1718b7934145dbdf8d89be1036b0eec9544e1094c9de390?s=96&d=mm&r=g\",\"width\":96,\"height\":96,\"caption\":\"Cand\\u00e1s 365\"},\"sameAs\":[\"https:\\\/\\\/www.facebook.com\\\/carrenoactualidad\",\"https:\\\/\\\/twitter.com\\\/nbasturias\",\"https:\\\/\\\/www.instagram.com\\\/nachofdezber\\\/\",\"https:\\\/\\\/www.youtube.com\\\/channel\\\/UCZP-2wLEB9Rv6erhFmqVnvg\"]},{\"@type\":\"WebPage\",\"@id\":\"https:\\\/\\\/candas365.es\\\/noticias\\\/andres-goteira-presenta-dhogs-en-laboral-cinemateca\\\/#webpage\",\"url\":\"https:\\\/\\\/candas365.es\\\/noticias\\\/andres-goteira-presenta-dhogs-en-laboral-cinemateca\\\/\",\"name\":\"Andr\\u00e9s Goteira presenta \\u201cDhogs\\u201d en Laboral Cinemateca | Cand\\u00e1s 365\",\"description\":\"Laboral Cinemateca recibe esta semana la visita del realizador gallego Andr\\u00e9s Goteira que acudir\\u00e1 el viernes 25 de mayo, a las 20:00 horas, al Paraninfo de la Laboral para presentar su primer largometraje, Dhogs, un inquietante thriller que acaba de alzarse con el Premio de la Cr\\u00edtica en el Festival Internacional de Cine Fant\\u00e1stico de\",\"inLanguage\":\"es-ES\",\"isPartOf\":{\"@id\":\"https:\\\/\\\/candas365.es\\\/noticias\\\/#website\"},\"breadcrumb\":{\"@id\":\"https:\\\/\\\/candas365.es\\\/noticias\\\/andres-goteira-presenta-dhogs-en-laboral-cinemateca\\\/#breadcrumblist\"},\"author\":{\"@id\":\"https:\\\/\\\/candas365.es\\\/noticias\\\/author\\\/admin\\\/#author\"},\"creator\":{\"@id\":\"https:\\\/\\\/candas365.es\\\/noticias\\\/author\\\/admin\\\/#author\"},\"image\":{\"@type\":\"ImageObject\",\"url\":\"https:\\\/\\\/candas365.es\\\/noticias\\\/wp-content\\\/uploads\\\/2018\\\/05\\\/Andr\\u00e9s-Goteira.jpg\",\"@id\":\"https:\\\/\\\/candas365.es\\\/noticias\\\/andres-goteira-presenta-dhogs-en-laboral-cinemateca\\\/#mainImage\",\"width\":1280,\"height\":853},\"primaryImageOfPage\":{\"@id\":\"https:\\\/\\\/candas365.es\\\/noticias\\\/andres-goteira-presenta-dhogs-en-laboral-cinemateca\\\/#mainImage\"},\"datePublished\":\"2018-05-21T13:23:07+02:00\",\"dateModified\":\"2018-05-21T13:23:07+02:00\"},{\"@type\":\"WebSite\",\"@id\":\"https:\\\/\\\/candas365.es\\\/noticias\\\/#website\",\"url\":\"https:\\\/\\\/candas365.es\\\/noticias\\\/\",\"name\":\"Cand\\u00e1s 365\",\"alternateName\":\"Cand\\u00e1s 365 Noticias\",\"description\":\"Actualidad desde Carre\\u00f1o para el mundo\",\"inLanguage\":\"es-ES\",\"publisher\":{\"@id\":\"https:\\\/\\\/candas365.es\\\/noticias\\\/#organization\"}}]}\n\t\t<\/script>\n\t\t<!-- All in One SEO Pro -->\r\n\t\t<title>Andr\u00e9s Goteira presenta \u201cDhogs\u201d en Laboral Cinemateca | Cand\u00e1s 365<\/title>\n\n","aioseo_head_json":{"title":"Andr\u00e9s Goteira presenta \u201cDhogs\u201d en Laboral Cinemateca | Cand\u00e1s 365","description":"Laboral Cinemateca recibe esta semana la visita del realizador gallego Andr\u00e9s Goteira que acudir\u00e1 el viernes 25 de mayo, a las 20:00 horas, al Paraninfo de la Laboral para presentar su primer largometraje, Dhogs, un inquietante thriller que acaba de alzarse con el Premio de la Cr\u00edtica en el Festival Internacional de Cine Fant\u00e1stico de","canonical_url":"https:\/\/candas365.es\/noticias\/andres-goteira-presenta-dhogs-en-laboral-cinemateca\/","robots":"max-image-preview:large","keywords":"agenda","webmasterTools":{"google-site-verification":"UA-32230408-1","msvalidate.01":"354F3CDFB2DA171B47FBE9ABF1F88D5","miscellaneous":""},"schema":{"@context":"https:\/\/schema.org","@graph":[{"@type":"BreadcrumbList","@id":"https:\/\/candas365.es\/noticias\/andres-goteira-presenta-dhogs-en-laboral-cinemateca\/#breadcrumblist","itemListElement":[{"@type":"ListItem","@id":"https:\/\/candas365.es\/noticias#listItem","position":1,"name":"Home","item":"https:\/\/candas365.es\/noticias","nextItem":{"@type":"ListItem","@id":"https:\/\/candas365.es\/noticias\/category\/agenda\/#listItem","name":"Agenda"}},{"@type":"ListItem","@id":"https:\/\/candas365.es\/noticias\/category\/agenda\/#listItem","position":2,"name":"Agenda","item":"https:\/\/candas365.es\/noticias\/category\/agenda\/","nextItem":{"@type":"ListItem","@id":"https:\/\/candas365.es\/noticias\/andres-goteira-presenta-dhogs-en-laboral-cinemateca\/#listItem","name":"Andr\u00e9s Goteira presenta \u201cDhogs\u201d en Laboral Cinemateca"},"previousItem":{"@type":"ListItem","@id":"https:\/\/candas365.es\/noticias#listItem","name":"Home"}},{"@type":"ListItem","@id":"https:\/\/candas365.es\/noticias\/andres-goteira-presenta-dhogs-en-laboral-cinemateca\/#listItem","position":3,"name":"Andr\u00e9s Goteira presenta \u201cDhogs\u201d en Laboral Cinemateca","previousItem":{"@type":"ListItem","@id":"https:\/\/candas365.es\/noticias\/category\/agenda\/#listItem","name":"Agenda"}}]},{"@type":"NewsArticle","@id":"https:\/\/candas365.es\/noticias\/andres-goteira-presenta-dhogs-en-laboral-cinemateca\/#newsarticle","name":"Andr\u00e9s Goteira presenta \u201cDhogs\u201d en Laboral Cinemateca | Cand\u00e1s 365","headline":"Andr\u00e9s Goteira presenta \u201cDhogs\u201d en Laboral Cinemateca","author":{"@id":"https:\/\/candas365.es\/noticias\/author\/admin\/#author"},"publisher":{"@id":"https:\/\/candas365.es\/noticias\/#organization"},"image":{"@type":"ImageObject","url":"https:\/\/candas365.es\/noticias\/wp-content\/uploads\/2018\/05\/Andr\u00e9s-Goteira.jpg","width":1280,"height":853},"datePublished":"2018-05-21T13:23:07+02:00","dateModified":"2018-05-21T13:23:07+02:00","inLanguage":"es-ES","mainEntityOfPage":{"@id":"https:\/\/candas365.es\/noticias\/andres-goteira-presenta-dhogs-en-laboral-cinemateca\/#webpage"},"isPartOf":{"@id":"https:\/\/candas365.es\/noticias\/andres-goteira-presenta-dhogs-en-laboral-cinemateca\/#webpage"},"articleSection":"Agenda","dateline":"Publicado el mayo 21, 2018."},{"@type":"Organization","@id":"https:\/\/candas365.es\/noticias\/#organization","name":"Cand\u00e1s 365","description":"Cand\u00e1s 365 es un diario digital independiente, fundado en 2012, con base en Asturias. Informamos con rigor sobre actualidad, sociedad, cultura y ocio, con una mirada local y global.","url":"https:\/\/candas365.es\/noticias\/","email":"info@candas365.es","telephone":"+34652131393","foundingDate":"2012-06-10","logo":{"@type":"ImageObject","url":"https:\/\/candas365.es\/noticias\/wp-content\/uploads\/2024\/09\/Candas-365-Redes.jpg","@id":"https:\/\/candas365.es\/noticias\/andres-goteira-presenta-dhogs-en-laboral-cinemateca\/#organizationLogo","width":1152,"height":864,"caption":"Cand\u00e1s 365 Redes"},"image":{"@id":"https:\/\/candas365.es\/noticias\/andres-goteira-presenta-dhogs-en-laboral-cinemateca\/#organizationLogo"},"sameAs":["https:\/\/www.facebook.com\/Nachofdezber","https:\/\/x.com\/NabercoDigital","https:\/\/www.instagram.com\/nachofdezber\/","https:\/\/www.youtube.com\/channel\/UCZP-2wLEB9Rv6erhFmqVnvg"],"address":{"@id":"https:\/\/candas365.es\/noticias\/#postaladdress","@type":"PostalAddress","streetAddress":"san antonio 4, san antonio 4","postalCode":"33430","addressLocality":"Cand\u00e1s","addressRegion":"Asturias","addressCountry":"ES"}},{"@type":"Person","@id":"https:\/\/candas365.es\/noticias\/author\/admin\/#author","url":"https:\/\/candas365.es\/noticias\/author\/admin\/","name":"Cand\u00e1s 365","image":{"@type":"ImageObject","@id":"https:\/\/candas365.es\/noticias\/andres-goteira-presenta-dhogs-en-laboral-cinemateca\/#authorImage","url":"https:\/\/secure.gravatar.com\/avatar\/496a8e03d0c493ede1718b7934145dbdf8d89be1036b0eec9544e1094c9de390?s=96&d=mm&r=g","width":96,"height":96,"caption":"Cand\u00e1s 365"},"sameAs":["https:\/\/www.facebook.com\/carrenoactualidad","https:\/\/twitter.com\/nbasturias","https:\/\/www.instagram.com\/nachofdezber\/","https:\/\/www.youtube.com\/channel\/UCZP-2wLEB9Rv6erhFmqVnvg"]},{"@type":"WebPage","@id":"https:\/\/candas365.es\/noticias\/andres-goteira-presenta-dhogs-en-laboral-cinemateca\/#webpage","url":"https:\/\/candas365.es\/noticias\/andres-goteira-presenta-dhogs-en-laboral-cinemateca\/","name":"Andr\u00e9s Goteira presenta \u201cDhogs\u201d en Laboral Cinemateca | Cand\u00e1s 365","description":"Laboral Cinemateca recibe esta semana la visita del realizador gallego Andr\u00e9s Goteira que acudir\u00e1 el viernes 25 de mayo, a las 20:00 horas, al Paraninfo de la Laboral para presentar su primer largometraje, Dhogs, un inquietante thriller que acaba de alzarse con el Premio de la Cr\u00edtica en el Festival Internacional de Cine Fant\u00e1stico de","inLanguage":"es-ES","isPartOf":{"@id":"https:\/\/candas365.es\/noticias\/#website"},"breadcrumb":{"@id":"https:\/\/candas365.es\/noticias\/andres-goteira-presenta-dhogs-en-laboral-cinemateca\/#breadcrumblist"},"author":{"@id":"https:\/\/candas365.es\/noticias\/author\/admin\/#author"},"creator":{"@id":"https:\/\/candas365.es\/noticias\/author\/admin\/#author"},"image":{"@type":"ImageObject","url":"https:\/\/candas365.es\/noticias\/wp-content\/uploads\/2018\/05\/Andr\u00e9s-Goteira.jpg","@id":"https:\/\/candas365.es\/noticias\/andres-goteira-presenta-dhogs-en-laboral-cinemateca\/#mainImage","width":1280,"height":853},"primaryImageOfPage":{"@id":"https:\/\/candas365.es\/noticias\/andres-goteira-presenta-dhogs-en-laboral-cinemateca\/#mainImage"},"datePublished":"2018-05-21T13:23:07+02:00","dateModified":"2018-05-21T13:23:07+02:00"},{"@type":"WebSite","@id":"https:\/\/candas365.es\/noticias\/#website","url":"https:\/\/candas365.es\/noticias\/","name":"Cand\u00e1s 365","alternateName":"Cand\u00e1s 365 Noticias","description":"Actualidad desde Carre\u00f1o para el mundo","inLanguage":"es-ES","publisher":{"@id":"https:\/\/candas365.es\/noticias\/#organization"}}]},"og:locale":"es_ES","og:site_name":"Cand\u00e1s 365","og:type":"article","og:title":"Andr\u00e9s Goteira presenta \u201cDhogs\u201d en Laboral Cinemateca | Cand\u00e1s 365","og:description":"Laboral Cinemateca recibe esta semana la visita del realizador gallego Andr\u00e9s Goteira que acudir\u00e1 el viernes 25 de mayo, a las 20:00 horas, al Paraninfo de la Laboral para presentar su primer largometraje, Dhogs, un inquietante thriller que acaba de alzarse con el Premio de la Cr\u00edtica en el Festival Internacional de Cine Fant\u00e1stico de","og:url":"https:\/\/candas365.es\/noticias\/andres-goteira-presenta-dhogs-en-laboral-cinemateca\/","og:image":"https:\/\/candas365.es\/noticias\/wp-content\/uploads\/2018\/05\/Andr\u00e9s-Goteira.jpg","og:image:secure_url":"https:\/\/candas365.es\/noticias\/wp-content\/uploads\/2018\/05\/Andr\u00e9s-Goteira.jpg","og:image:width":1280,"og:image:height":853,"article:published_time":"2018-05-21T13:23:07+00:00","article:modified_time":"2018-05-21T13:23:07+00:00","article:publisher":"https:\/\/www.facebook.com\/Nachofdezber","article:author":"https:\/\/www.facebook.com\/carrenoactualidad","twitter:card":"summary_large_image","twitter:site":"@NabercoDigital","twitter:title":"Andr\u00e9s Goteira presenta \u201cDhogs\u201d en Laboral Cinemateca | Cand\u00e1s 365","twitter:description":"Laboral Cinemateca recibe esta semana la visita del realizador gallego Andr\u00e9s Goteira que acudir\u00e1 el viernes 25 de mayo, a las 20:00 horas, al Paraninfo de la Laboral para presentar su primer largometraje, Dhogs, un inquietante thriller que acaba de alzarse con el Premio de la Cr\u00edtica en el Festival Internacional de Cine Fant\u00e1stico de","twitter:creator":"@nbasturias","twitter:image":"https:\/\/candas365.es\/noticias\/wp-content\/uploads\/2018\/05\/Andr\u00e9s-Goteira.jpg","twitter:label1":"Escrito por","twitter:data1":"Cand\u00e1s 365","twitter:label2":"Tiempo de lectura estimado","twitter:data2":"3 minutos"},"aioseo_meta_data":{"post_id":"96136","title":null,"description":null,"keywords":null,"keyphrases":null,"primary_term":null,"canonical_url":null,"og_title":null,"og_description":null,"og_object_type":"default","og_image_type":"default","og_image_url":null,"og_image_width":null,"og_image_height":null,"og_image_custom_url":null,"og_image_custom_fields":null,"og_video":null,"og_custom_url":null,"og_article_section":null,"og_article_tags":null,"twitter_use_og":false,"twitter_card":"default","twitter_image_type":"default","twitter_image_url":null,"twitter_image_custom_url":null,"twitter_image_custom_fields":null,"twitter_title":null,"twitter_description":null,"schema":{"blockGraphs":[],"customGraphs":[],"default":{"data":{"Article":[],"Course":[],"Dataset":[],"FAQPage":[],"Movie":[],"Person":[],"Product":[],"ProductReview":[],"Car":[],"Recipe":[],"Service":[],"SoftwareApplication":[],"WebPage":[]},"graphName":"","isEnabled":true},"graphs":[],"defaultGraph":"","defaultPostTypeGraph":""},"schema_type":null,"schema_type_options":null,"pillar_content":false,"robots_default":true,"robots_noindex":false,"robots_noarchive":false,"robots_nosnippet":false,"robots_nofollow":false,"robots_noimageindex":false,"robots_noodp":false,"robots_notranslate":false,"robots_max_snippet":null,"robots_max_videopreview":null,"robots_max_imagepreview":"large","priority":null,"frequency":null,"location":null,"local_seo":null,"seo_analyzer_scan_date":"2025-08-26 21:29:16","breadcrumb_settings":null,"limit_modified_date":false,"reviewed_by":null,"open_ai":null,"ai":null,"created":"2020-12-21 11:51:52","updated":"2025-08-26 21:29:16"},"aioseo_breadcrumb":"<div class=\"aioseo-breadcrumbs\"><span class=\"aioseo-breadcrumb\">\n\t<a href=\"https:\/\/candas365.es\/noticias\" title=\"Home\">Home<\/a>\n<\/span><span class=\"aioseo-breadcrumb-separator\">&ndash;<\/span><span class=\"aioseo-breadcrumb\">\n\t<a href=\"https:\/\/candas365.es\/noticias\/category\/agenda\/\" title=\"Agenda\">Agenda<\/a>\n<\/span><span class=\"aioseo-breadcrumb-separator\">&ndash;<\/span><span class=\"aioseo-breadcrumb\">\n\tAndr\u00e9s Goteira presenta \u201cDhogs\u201d en Laboral Cinemateca\n<\/span><\/div>","aioseo_breadcrumb_json":[{"label":"Home","link":"https:\/\/candas365.es\/noticias"},{"label":"Agenda","link":"https:\/\/candas365.es\/noticias\/category\/agenda\/"},{"label":"Andr\u00e9s Goteira presenta \u201cDhogs\u201d en Laboral Cinemateca","link":"https:\/\/candas365.es\/noticias\/andres-goteira-presenta-dhogs-en-laboral-cinemateca\/"}],"_links":{"self":[{"href":"https:\/\/candas365.es\/noticias\/wp-json\/wp\/v2\/posts\/96136","targetHints":{"allow":["GET"]}}],"collection":[{"href":"https:\/\/candas365.es\/noticias\/wp-json\/wp\/v2\/posts"}],"about":[{"href":"https:\/\/candas365.es\/noticias\/wp-json\/wp\/v2\/types\/post"}],"author":[{"embeddable":true,"href":"https:\/\/candas365.es\/noticias\/wp-json\/wp\/v2\/users\/1"}],"replies":[{"embeddable":true,"href":"https:\/\/candas365.es\/noticias\/wp-json\/wp\/v2\/comments?post=96136"}],"version-history":[{"count":0,"href":"https:\/\/candas365.es\/noticias\/wp-json\/wp\/v2\/posts\/96136\/revisions"}],"wp:featuredmedia":[{"embeddable":true,"href":"https:\/\/candas365.es\/noticias\/wp-json\/wp\/v2\/media\/96137"}],"wp:attachment":[{"href":"https:\/\/candas365.es\/noticias\/wp-json\/wp\/v2\/media?parent=96136"}],"wp:term":[{"taxonomy":"category","embeddable":true,"href":"https:\/\/candas365.es\/noticias\/wp-json\/wp\/v2\/categories?post=96136"},{"taxonomy":"post_tag","embeddable":true,"href":"https:\/\/candas365.es\/noticias\/wp-json\/wp\/v2\/tags?post=96136"}],"curies":[{"name":"wp","href":"https:\/\/api.w.org\/{rel}","templated":true}]}}