{"id":96134,"date":"2018-05-21T12:52:21","date_gmt":"2018-05-21T12:52:21","guid":{"rendered":"http:\/\/candas365.es\/noticias\/?p=96134"},"modified":"2018-05-21T12:52:21","modified_gmt":"2018-05-21T12:52:21","slug":"programa-educando-en-valores-orientacion-laboral-en-carreno","status":"publish","type":"post","link":"https:\/\/candas365.es\/noticias\/programa-educando-en-valores-orientacion-laboral-en-carreno\/","title":{"rendered":"Programa \u201cEducando en valores + Orientaci\u00f3n laboral\u201d, en Carre\u00f1o"},"content":{"rendered":"<p><img fetchpriority=\"high\" decoding=\"async\" class=\"alignnone size-medium wp-image-6453 alignleft\" src=\"https:\/\/candas365.es\/noticias\/wp-content\/uploads\/2015\/01\/ayuntamiento-360x270.jpg\" alt=\"\" width=\"360\" height=\"270\" srcset=\"https:\/\/candas365.es\/noticias\/wp-content\/uploads\/2015\/01\/ayuntamiento-360x270.jpg 360w, https:\/\/candas365.es\/noticias\/wp-content\/uploads\/2015\/01\/ayuntamiento-640x480.jpg 640w, https:\/\/candas365.es\/noticias\/wp-content\/uploads\/2015\/01\/ayuntamiento-768x576.jpg 768w, https:\/\/candas365.es\/noticias\/wp-content\/uploads\/2015\/01\/ayuntamiento-150x113.jpg 150w, https:\/\/candas365.es\/noticias\/wp-content\/uploads\/2015\/01\/ayuntamiento-450x338.jpg 450w, https:\/\/candas365.es\/noticias\/wp-content\/uploads\/2015\/01\/ayuntamiento-80x60.jpg 80w, https:\/\/candas365.es\/noticias\/wp-content\/uploads\/2015\/01\/ayuntamiento-265x198.jpg 265w, https:\/\/candas365.es\/noticias\/wp-content\/uploads\/2015\/01\/ayuntamiento-696x522.jpg 696w, https:\/\/candas365.es\/noticias\/wp-content\/uploads\/2015\/01\/ayuntamiento-560x420.jpg 560w, https:\/\/candas365.es\/noticias\/wp-content\/uploads\/2015\/01\/ayuntamiento-90x67.jpg 90w, https:\/\/candas365.es\/noticias\/wp-content\/uploads\/2015\/01\/ayuntamiento.jpg 800w\" sizes=\"(max-width: 360px) 100vw, 360px\" \/>El Ayuntamiento de Carre\u00f1o a trav\u00e9s de la <strong>Concejal\u00eda de Juventud y la Oficina de Informaci\u00f3n Juvenil<\/strong> con la colaboraci\u00f3n del IES de Cand\u00e1s y el AMPA IES Cand\u00e1s pone marcha el programa \u201cEducando en valores + Orientaci\u00f3n laboral\u201d.<\/p>\n<p>Las actividades se desarrollaran entre el 30 de Mayo y el 8 de Junio de 2018 y est\u00e1n destinadas al alumnado de ESO y Bachillerato del IES de Cand\u00e1s.<\/p>\n<p><strong>La actividad esta dividida en dos bloques:<\/strong><\/p>\n<p>\u00b7 talleres Educando en valores, cuyo objetivo es dotar a la juventud de las herramientas necesarias para prevenir el abuso en el uso de las redes sociales en una etapa tan vulnerable en la que empiezan a probar y experimentar cosas nuevas. Es preciso que conozcan los riesgos a los que se exponen con el mal uso de las TIC desarrollando actitudes de responsabilidad, conociendo sus consecuencias<\/p>\n<p>\u00b7 talleres Orientaci\u00f3n Laboral, que tiene como objetivo ir preparando al alumnado en la mejora de las competencias personales para la b\u00fasqueda de empleo haciendo especial hincapi\u00e9 en las posibilidades de aprendizaje y laborales de la movilidad europea<\/p>\n<p>Los talleres ser\u00e1n impartidos por diferentes asociaciones y empresas que colaboran en la actividad:<\/p>\n<p>\u00b7 Asociaci\u00f3n \u201cYe too Ponese\u201d<\/p>\n<p>\u00b7 Europe Direct<\/p>\n<p>\u00b7 M\u00e1s Vida<\/p>\n<p>\u00b7 Fundaci\u00f3n Mujeres<\/p>\n<p>\u201cSe trabajar\u00e1 con grupos reducidos, lo que permitir\u00e1 que la metodolog\u00eda sea participativa y m\u00e1s personalizada. Las explicaciones del equipo de formadores\/as se complementar\u00e1 con din\u00e1micas, ejercicios pr\u00e1cticos y materiales audiovisuales, todo ello con la finalidad de hacer m\u00e1s atractivos y cercanos los contenidos a trabajar\u201d \u2013 coment\u00f3 la edil.<\/p>\n<p>Los talleres que se desarrollaran a lo largo del programa son los siguientes:<\/p>\n<p>\u00b7 Talleres \u201cintimidad y redes sociales, \u00bfD\u00f3nde est\u00e1 el l\u00edmite?, de \u201cFundaci\u00f3n Mujeres\u201d<\/p>\n<p>\u00b7 Talleres \u201cdesarrollo de competencias para la empleabilidad\u201d, de \u201cYe too ponese\u201d.<\/p>\n<p>\u00b7 Talleres \u201cCreatividad aplicada a la b\u00fasqueda de empleo\u201d, de \u201cM\u00e1s vida\u201d.<\/p>\n<p>\u00b7 Talleres \u201dMovilidad y empleo en la UE\u201d, de Europe Direct.<\/p>\n<p>\u201cLos talleres tendr\u00e1n una hora de duraci\u00f3n y estar\u00e1n impartidos por un monitor\/a por grupo, dar\u00e1n comienzo el 30 de mayo y finalizar\u00e1n el 18 de junio, en total ser\u00e1n 355 alumnos y alumnas del IES de Cand\u00e1s los que participar\u00e1n en las distintas actividades\u201d \u2013 Explic\u00f3 <strong>Paula Cuervo<\/strong>.<\/p>\n<p>\u201cEs importante destacar el trabajo realizado por la Oficina Juvenil de la Mancomunidad Cabo Pe\u00f1as y el IES de Cand\u00e1s para llevar a cabo este proyecto, ya que sin su trabajo previo con el alumnado y su implicaci\u00f3n en la elaboraci\u00f3n de un programa acorde con las necesidades de la juventud que en estos momentos se encuentran cursando ESO y Bachillerato en el Instituto ser\u00eda imposible su ejecuci\u00f3n, agradecer adem\u00e1s el trabajo y apoyo del AMPA IES Cand\u00e1s y de todas las organizaciones que trabajan y colaboran en el proyecto\u201d \u2013 concluy\u00f3 la edil.<\/p>\n","protected":false},"excerpt":{"rendered":"<p>El Ayuntamiento de Carre\u00f1o a trav\u00e9s de la Concejal\u00eda de Juventud y la Oficina de Informaci\u00f3n Juvenil con la colaboraci\u00f3n del IES de Cand\u00e1s y el AMPA IES Cand\u00e1s pone marcha el programa \u201cEducando en valores + Orientaci\u00f3n laboral\u201d. Las actividades se desarrollaran entre el 30 de Mayo y el 8 de Junio de 2018<\/p>\n","protected":false},"author":1,"featured_media":6453,"comment_status":"closed","ping_status":"closed","sticky":false,"template":"","format":"standard","meta":{"footnotes":""},"categories":[2],"tags":[],"class_list":{"0":"post-96134","1":"post","2":"type-post","3":"status-publish","4":"format-standard","5":"has-post-thumbnail","7":"category-noticias-carreno"},"aioseo_notices":[],"aioseo_head":"\n\t\t<!-- All in One SEO Pro 4.9.6.2 - aioseo.com -->\n\t<meta name=\"description\" content=\"El Ayuntamiento de Carre\u00f1o a trav\u00e9s de la Concejal\u00eda de Juventud y la Oficina de Informaci\u00f3n Juvenil con la colaboraci\u00f3n del IES de Cand\u00e1s y el AMPA IES Cand\u00e1s pone marcha el programa \u201cEducando en valores + Orientaci\u00f3n laboral\u201d. Las actividades se desarrollaran entre el 30 de Mayo y el 8 de Junio de 2018\" \/>\n\t<meta name=\"robots\" content=\"max-image-preview:large\" \/>\n\t<meta name=\"author\" content=\"Cand\u00e1s 365\"\/>\n\t<meta name=\"google-site-verification\" content=\"UA-32230408-1\" \/>\n\t<meta name=\"msvalidate.01\" content=\"354F3CDFB2DA171B47FBE9ABF1F88D5\" \/>\n\t<meta name=\"keywords\" content=\"noticias carre\u00f1o\" \/>\n\t<link rel=\"canonical\" href=\"https:\/\/candas365.es\/noticias\/programa-educando-en-valores-orientacion-laboral-en-carreno\/\" \/>\n\t<meta name=\"generator\" content=\"All in One SEO Pro (AIOSEO) 4.9.6.2\" \/>\n\t\t<meta property=\"og:locale\" content=\"es_ES\" \/>\n\t\t<meta property=\"og:site_name\" content=\"Cand\u00e1s 365\" \/>\n\t\t<meta property=\"og:type\" content=\"article\" \/>\n\t\t<meta property=\"og:title\" content=\"Programa \u201cEducando en valores + Orientaci\u00f3n laboral\u201d, en Carre\u00f1o | Cand\u00e1s 365\" \/>\n\t\t<meta property=\"og:description\" content=\"El Ayuntamiento de Carre\u00f1o a trav\u00e9s de la Concejal\u00eda de Juventud y la Oficina de Informaci\u00f3n Juvenil con la colaboraci\u00f3n del IES de Cand\u00e1s y el AMPA IES Cand\u00e1s pone marcha el programa \u201cEducando en valores + Orientaci\u00f3n laboral\u201d. Las actividades se desarrollaran entre el 30 de Mayo y el 8 de Junio de 2018\" \/>\n\t\t<meta property=\"og:url\" content=\"https:\/\/candas365.es\/noticias\/programa-educando-en-valores-orientacion-laboral-en-carreno\/\" \/>\n\t\t<meta property=\"og:image\" content=\"https:\/\/candas365.es\/noticias\/wp-content\/uploads\/2015\/01\/ayuntamiento.jpg\" \/>\n\t\t<meta property=\"og:image:secure_url\" content=\"https:\/\/candas365.es\/noticias\/wp-content\/uploads\/2015\/01\/ayuntamiento.jpg\" \/>\n\t\t<meta property=\"og:image:width\" content=\"800\" \/>\n\t\t<meta property=\"og:image:height\" content=\"600\" \/>\n\t\t<meta property=\"article:published_time\" content=\"2018-05-21T12:52:21+00:00\" \/>\n\t\t<meta property=\"article:modified_time\" content=\"2018-05-21T12:52:21+00:00\" \/>\n\t\t<meta property=\"article:publisher\" content=\"https:\/\/www.facebook.com\/Nachofdezber\" \/>\n\t\t<meta property=\"article:author\" content=\"https:\/\/www.facebook.com\/carrenoactualidad\" \/>\n\t\t<meta name=\"twitter:card\" content=\"summary_large_image\" \/>\n\t\t<meta name=\"twitter:site\" content=\"@NabercoDigital\" \/>\n\t\t<meta name=\"twitter:title\" content=\"Programa \u201cEducando en valores + Orientaci\u00f3n laboral\u201d, en Carre\u00f1o | Cand\u00e1s 365\" \/>\n\t\t<meta name=\"twitter:description\" content=\"El Ayuntamiento de Carre\u00f1o a trav\u00e9s de la Concejal\u00eda de Juventud y la Oficina de Informaci\u00f3n Juvenil con la colaboraci\u00f3n del IES de Cand\u00e1s y el AMPA IES Cand\u00e1s pone marcha el programa \u201cEducando en valores + Orientaci\u00f3n laboral\u201d. Las actividades se desarrollaran entre el 30 de Mayo y el 8 de Junio de 2018\" \/>\n\t\t<meta name=\"twitter:creator\" content=\"@nbasturias\" \/>\n\t\t<meta name=\"twitter:image\" content=\"https:\/\/candas365.es\/noticias\/wp-content\/uploads\/2015\/01\/ayuntamiento.jpg\" \/>\n\t\t<meta name=\"twitter:label1\" content=\"Escrito por\" \/>\n\t\t<meta name=\"twitter:data1\" content=\"Cand\u00e1s 365\" \/>\n\t\t<meta name=\"twitter:label2\" content=\"Tiempo de lectura estimado\" \/>\n\t\t<meta name=\"twitter:data2\" content=\"2 minutos\" \/>\n\t\t<script type=\"application\/ld+json\" class=\"aioseo-schema\">\n\t\t\t{\"@context\":\"https:\\\/\\\/schema.org\",\"@graph\":[{\"@type\":\"BreadcrumbList\",\"@id\":\"https:\\\/\\\/candas365.es\\\/noticias\\\/programa-educando-en-valores-orientacion-laboral-en-carreno\\\/#breadcrumblist\",\"itemListElement\":[{\"@type\":\"ListItem\",\"@id\":\"https:\\\/\\\/candas365.es\\\/noticias#listItem\",\"position\":1,\"name\":\"Home\",\"item\":\"https:\\\/\\\/candas365.es\\\/noticias\",\"nextItem\":{\"@type\":\"ListItem\",\"@id\":\"https:\\\/\\\/candas365.es\\\/noticias\\\/category\\\/noticias-carreno\\\/#listItem\",\"name\":\"Noticias Carre\\u00f1o\"}},{\"@type\":\"ListItem\",\"@id\":\"https:\\\/\\\/candas365.es\\\/noticias\\\/category\\\/noticias-carreno\\\/#listItem\",\"position\":2,\"name\":\"Noticias Carre\\u00f1o\",\"item\":\"https:\\\/\\\/candas365.es\\\/noticias\\\/category\\\/noticias-carreno\\\/\",\"nextItem\":{\"@type\":\"ListItem\",\"@id\":\"https:\\\/\\\/candas365.es\\\/noticias\\\/programa-educando-en-valores-orientacion-laboral-en-carreno\\\/#listItem\",\"name\":\"Programa \\u201cEducando en valores + Orientaci\\u00f3n laboral\\u201d, en Carre\\u00f1o\"},\"previousItem\":{\"@type\":\"ListItem\",\"@id\":\"https:\\\/\\\/candas365.es\\\/noticias#listItem\",\"name\":\"Home\"}},{\"@type\":\"ListItem\",\"@id\":\"https:\\\/\\\/candas365.es\\\/noticias\\\/programa-educando-en-valores-orientacion-laboral-en-carreno\\\/#listItem\",\"position\":3,\"name\":\"Programa \\u201cEducando en valores + Orientaci\\u00f3n laboral\\u201d, en Carre\\u00f1o\",\"previousItem\":{\"@type\":\"ListItem\",\"@id\":\"https:\\\/\\\/candas365.es\\\/noticias\\\/category\\\/noticias-carreno\\\/#listItem\",\"name\":\"Noticias Carre\\u00f1o\"}}]},{\"@type\":\"NewsArticle\",\"@id\":\"https:\\\/\\\/candas365.es\\\/noticias\\\/programa-educando-en-valores-orientacion-laboral-en-carreno\\\/#newsarticle\",\"name\":\"Programa \\u201cEducando en valores + Orientaci\\u00f3n laboral\\u201d, en Carre\\u00f1o | Cand\\u00e1s 365\",\"headline\":\"Programa \\u201cEducando en valores + Orientaci\\u00f3n laboral\\u201d, en Carre\\u00f1o\",\"author\":{\"@id\":\"https:\\\/\\\/candas365.es\\\/noticias\\\/author\\\/admin\\\/#author\"},\"publisher\":{\"@id\":\"https:\\\/\\\/candas365.es\\\/noticias\\\/#organization\"},\"image\":{\"@type\":\"ImageObject\",\"url\":\"https:\\\/\\\/candas365.es\\\/noticias\\\/wp-content\\\/uploads\\\/2015\\\/01\\\/ayuntamiento.jpg\",\"width\":800,\"height\":600,\"caption\":\"Carre\\u00f1o\"},\"datePublished\":\"2018-05-21T12:52:21+02:00\",\"dateModified\":\"2018-05-21T12:52:21+02:00\",\"inLanguage\":\"es-ES\",\"mainEntityOfPage\":{\"@id\":\"https:\\\/\\\/candas365.es\\\/noticias\\\/programa-educando-en-valores-orientacion-laboral-en-carreno\\\/#webpage\"},\"isPartOf\":{\"@id\":\"https:\\\/\\\/candas365.es\\\/noticias\\\/programa-educando-en-valores-orientacion-laboral-en-carreno\\\/#webpage\"},\"articleSection\":\"Noticias Carre\\u00f1o\",\"dateline\":\"Publicado el mayo 21, 2018.\"},{\"@type\":\"Organization\",\"@id\":\"https:\\\/\\\/candas365.es\\\/noticias\\\/#organization\",\"name\":\"Cand\\u00e1s 365\",\"description\":\"Cand\\u00e1s 365 es un diario digital independiente, fundado en 2012, con base en Asturias. Informamos con rigor sobre actualidad, sociedad, cultura y ocio, con una mirada local y global.\",\"url\":\"https:\\\/\\\/candas365.es\\\/noticias\\\/\",\"email\":\"info@candas365.es\",\"telephone\":\"+34652131393\",\"foundingDate\":\"2012-06-10\",\"logo\":{\"@type\":\"ImageObject\",\"url\":\"https:\\\/\\\/candas365.es\\\/noticias\\\/wp-content\\\/uploads\\\/2024\\\/09\\\/Candas-365-Redes.jpg\",\"@id\":\"https:\\\/\\\/candas365.es\\\/noticias\\\/programa-educando-en-valores-orientacion-laboral-en-carreno\\\/#organizationLogo\",\"width\":1152,\"height\":864,\"caption\":\"Cand\\u00e1s 365 Redes\"},\"image\":{\"@id\":\"https:\\\/\\\/candas365.es\\\/noticias\\\/programa-educando-en-valores-orientacion-laboral-en-carreno\\\/#organizationLogo\"},\"sameAs\":[\"https:\\\/\\\/www.facebook.com\\\/Nachofdezber\",\"https:\\\/\\\/x.com\\\/NabercoDigital\",\"https:\\\/\\\/www.instagram.com\\\/nachofdezber\\\/\",\"https:\\\/\\\/www.youtube.com\\\/channel\\\/UCZP-2wLEB9Rv6erhFmqVnvg\"],\"address\":{\"@id\":\"https:\\\/\\\/candas365.es\\\/noticias\\\/#postaladdress\",\"@type\":\"PostalAddress\",\"streetAddress\":\"san antonio 4, san antonio 4\",\"postalCode\":\"33430\",\"addressLocality\":\"Cand\\u00e1s\",\"addressRegion\":\"Asturias\",\"addressCountry\":\"ES\"}},{\"@type\":\"Person\",\"@id\":\"https:\\\/\\\/candas365.es\\\/noticias\\\/author\\\/admin\\\/#author\",\"url\":\"https:\\\/\\\/candas365.es\\\/noticias\\\/author\\\/admin\\\/\",\"name\":\"Cand\\u00e1s 365\",\"image\":{\"@type\":\"ImageObject\",\"@id\":\"https:\\\/\\\/candas365.es\\\/noticias\\\/programa-educando-en-valores-orientacion-laboral-en-carreno\\\/#authorImage\",\"url\":\"https:\\\/\\\/secure.gravatar.com\\\/avatar\\\/496a8e03d0c493ede1718b7934145dbdf8d89be1036b0eec9544e1094c9de390?s=96&d=mm&r=g\",\"width\":96,\"height\":96,\"caption\":\"Cand\\u00e1s 365\"},\"sameAs\":[\"https:\\\/\\\/www.facebook.com\\\/carrenoactualidad\",\"https:\\\/\\\/twitter.com\\\/nbasturias\",\"https:\\\/\\\/www.instagram.com\\\/nachofdezber\\\/\",\"https:\\\/\\\/www.youtube.com\\\/channel\\\/UCZP-2wLEB9Rv6erhFmqVnvg\"]},{\"@type\":\"WebPage\",\"@id\":\"https:\\\/\\\/candas365.es\\\/noticias\\\/programa-educando-en-valores-orientacion-laboral-en-carreno\\\/#webpage\",\"url\":\"https:\\\/\\\/candas365.es\\\/noticias\\\/programa-educando-en-valores-orientacion-laboral-en-carreno\\\/\",\"name\":\"Programa \\u201cEducando en valores + Orientaci\\u00f3n laboral\\u201d, en Carre\\u00f1o | Cand\\u00e1s 365\",\"description\":\"El Ayuntamiento de Carre\\u00f1o a trav\\u00e9s de la Concejal\\u00eda de Juventud y la Oficina de Informaci\\u00f3n Juvenil con la colaboraci\\u00f3n del IES de Cand\\u00e1s y el AMPA IES Cand\\u00e1s pone marcha el programa \\u201cEducando en valores + Orientaci\\u00f3n laboral\\u201d. Las actividades se desarrollaran entre el 30 de Mayo y el 8 de Junio de 2018\",\"inLanguage\":\"es-ES\",\"isPartOf\":{\"@id\":\"https:\\\/\\\/candas365.es\\\/noticias\\\/#website\"},\"breadcrumb\":{\"@id\":\"https:\\\/\\\/candas365.es\\\/noticias\\\/programa-educando-en-valores-orientacion-laboral-en-carreno\\\/#breadcrumblist\"},\"author\":{\"@id\":\"https:\\\/\\\/candas365.es\\\/noticias\\\/author\\\/admin\\\/#author\"},\"creator\":{\"@id\":\"https:\\\/\\\/candas365.es\\\/noticias\\\/author\\\/admin\\\/#author\"},\"image\":{\"@type\":\"ImageObject\",\"url\":\"https:\\\/\\\/candas365.es\\\/noticias\\\/wp-content\\\/uploads\\\/2015\\\/01\\\/ayuntamiento.jpg\",\"@id\":\"https:\\\/\\\/candas365.es\\\/noticias\\\/programa-educando-en-valores-orientacion-laboral-en-carreno\\\/#mainImage\",\"width\":800,\"height\":600,\"caption\":\"Carre\\u00f1o\"},\"primaryImageOfPage\":{\"@id\":\"https:\\\/\\\/candas365.es\\\/noticias\\\/programa-educando-en-valores-orientacion-laboral-en-carreno\\\/#mainImage\"},\"datePublished\":\"2018-05-21T12:52:21+02:00\",\"dateModified\":\"2018-05-21T12:52:21+02:00\"},{\"@type\":\"WebSite\",\"@id\":\"https:\\\/\\\/candas365.es\\\/noticias\\\/#website\",\"url\":\"https:\\\/\\\/candas365.es\\\/noticias\\\/\",\"name\":\"Cand\\u00e1s 365\",\"alternateName\":\"Cand\\u00e1s 365 Noticias\",\"description\":\"Actualidad desde Carre\\u00f1o para el mundo\",\"inLanguage\":\"es-ES\",\"publisher\":{\"@id\":\"https:\\\/\\\/candas365.es\\\/noticias\\\/#organization\"}}]}\n\t\t<\/script>\n\t\t<!-- All in One SEO Pro -->\r\n\t\t<title>Programa \u201cEducando en valores + Orientaci\u00f3n laboral\u201d, en Carre\u00f1o | Cand\u00e1s 365<\/title>\n\n","aioseo_head_json":{"title":"Programa \u201cEducando en valores + Orientaci\u00f3n laboral\u201d, en Carre\u00f1o | Cand\u00e1s 365","description":"El Ayuntamiento de Carre\u00f1o a trav\u00e9s de la Concejal\u00eda de Juventud y la Oficina de Informaci\u00f3n Juvenil con la colaboraci\u00f3n del IES de Cand\u00e1s y el AMPA IES Cand\u00e1s pone marcha el programa \u201cEducando en valores + Orientaci\u00f3n laboral\u201d. Las actividades se desarrollaran entre el 30 de Mayo y el 8 de Junio de 2018","canonical_url":"https:\/\/candas365.es\/noticias\/programa-educando-en-valores-orientacion-laboral-en-carreno\/","robots":"max-image-preview:large","keywords":"noticias carre\u00f1o","webmasterTools":{"google-site-verification":"UA-32230408-1","msvalidate.01":"354F3CDFB2DA171B47FBE9ABF1F88D5","miscellaneous":""},"schema":{"@context":"https:\/\/schema.org","@graph":[{"@type":"BreadcrumbList","@id":"https:\/\/candas365.es\/noticias\/programa-educando-en-valores-orientacion-laboral-en-carreno\/#breadcrumblist","itemListElement":[{"@type":"ListItem","@id":"https:\/\/candas365.es\/noticias#listItem","position":1,"name":"Home","item":"https:\/\/candas365.es\/noticias","nextItem":{"@type":"ListItem","@id":"https:\/\/candas365.es\/noticias\/category\/noticias-carreno\/#listItem","name":"Noticias Carre\u00f1o"}},{"@type":"ListItem","@id":"https:\/\/candas365.es\/noticias\/category\/noticias-carreno\/#listItem","position":2,"name":"Noticias Carre\u00f1o","item":"https:\/\/candas365.es\/noticias\/category\/noticias-carreno\/","nextItem":{"@type":"ListItem","@id":"https:\/\/candas365.es\/noticias\/programa-educando-en-valores-orientacion-laboral-en-carreno\/#listItem","name":"Programa \u201cEducando en valores + Orientaci\u00f3n laboral\u201d, en Carre\u00f1o"},"previousItem":{"@type":"ListItem","@id":"https:\/\/candas365.es\/noticias#listItem","name":"Home"}},{"@type":"ListItem","@id":"https:\/\/candas365.es\/noticias\/programa-educando-en-valores-orientacion-laboral-en-carreno\/#listItem","position":3,"name":"Programa \u201cEducando en valores + Orientaci\u00f3n laboral\u201d, en Carre\u00f1o","previousItem":{"@type":"ListItem","@id":"https:\/\/candas365.es\/noticias\/category\/noticias-carreno\/#listItem","name":"Noticias Carre\u00f1o"}}]},{"@type":"NewsArticle","@id":"https:\/\/candas365.es\/noticias\/programa-educando-en-valores-orientacion-laboral-en-carreno\/#newsarticle","name":"Programa \u201cEducando en valores + Orientaci\u00f3n laboral\u201d, en Carre\u00f1o | Cand\u00e1s 365","headline":"Programa \u201cEducando en valores + Orientaci\u00f3n laboral\u201d, en Carre\u00f1o","author":{"@id":"https:\/\/candas365.es\/noticias\/author\/admin\/#author"},"publisher":{"@id":"https:\/\/candas365.es\/noticias\/#organization"},"image":{"@type":"ImageObject","url":"https:\/\/candas365.es\/noticias\/wp-content\/uploads\/2015\/01\/ayuntamiento.jpg","width":800,"height":600,"caption":"Carre\u00f1o"},"datePublished":"2018-05-21T12:52:21+02:00","dateModified":"2018-05-21T12:52:21+02:00","inLanguage":"es-ES","mainEntityOfPage":{"@id":"https:\/\/candas365.es\/noticias\/programa-educando-en-valores-orientacion-laboral-en-carreno\/#webpage"},"isPartOf":{"@id":"https:\/\/candas365.es\/noticias\/programa-educando-en-valores-orientacion-laboral-en-carreno\/#webpage"},"articleSection":"Noticias Carre\u00f1o","dateline":"Publicado el mayo 21, 2018."},{"@type":"Organization","@id":"https:\/\/candas365.es\/noticias\/#organization","name":"Cand\u00e1s 365","description":"Cand\u00e1s 365 es un diario digital independiente, fundado en 2012, con base en Asturias. Informamos con rigor sobre actualidad, sociedad, cultura y ocio, con una mirada local y global.","url":"https:\/\/candas365.es\/noticias\/","email":"info@candas365.es","telephone":"+34652131393","foundingDate":"2012-06-10","logo":{"@type":"ImageObject","url":"https:\/\/candas365.es\/noticias\/wp-content\/uploads\/2024\/09\/Candas-365-Redes.jpg","@id":"https:\/\/candas365.es\/noticias\/programa-educando-en-valores-orientacion-laboral-en-carreno\/#organizationLogo","width":1152,"height":864,"caption":"Cand\u00e1s 365 Redes"},"image":{"@id":"https:\/\/candas365.es\/noticias\/programa-educando-en-valores-orientacion-laboral-en-carreno\/#organizationLogo"},"sameAs":["https:\/\/www.facebook.com\/Nachofdezber","https:\/\/x.com\/NabercoDigital","https:\/\/www.instagram.com\/nachofdezber\/","https:\/\/www.youtube.com\/channel\/UCZP-2wLEB9Rv6erhFmqVnvg"],"address":{"@id":"https:\/\/candas365.es\/noticias\/#postaladdress","@type":"PostalAddress","streetAddress":"san antonio 4, san antonio 4","postalCode":"33430","addressLocality":"Cand\u00e1s","addressRegion":"Asturias","addressCountry":"ES"}},{"@type":"Person","@id":"https:\/\/candas365.es\/noticias\/author\/admin\/#author","url":"https:\/\/candas365.es\/noticias\/author\/admin\/","name":"Cand\u00e1s 365","image":{"@type":"ImageObject","@id":"https:\/\/candas365.es\/noticias\/programa-educando-en-valores-orientacion-laboral-en-carreno\/#authorImage","url":"https:\/\/secure.gravatar.com\/avatar\/496a8e03d0c493ede1718b7934145dbdf8d89be1036b0eec9544e1094c9de390?s=96&d=mm&r=g","width":96,"height":96,"caption":"Cand\u00e1s 365"},"sameAs":["https:\/\/www.facebook.com\/carrenoactualidad","https:\/\/twitter.com\/nbasturias","https:\/\/www.instagram.com\/nachofdezber\/","https:\/\/www.youtube.com\/channel\/UCZP-2wLEB9Rv6erhFmqVnvg"]},{"@type":"WebPage","@id":"https:\/\/candas365.es\/noticias\/programa-educando-en-valores-orientacion-laboral-en-carreno\/#webpage","url":"https:\/\/candas365.es\/noticias\/programa-educando-en-valores-orientacion-laboral-en-carreno\/","name":"Programa \u201cEducando en valores + Orientaci\u00f3n laboral\u201d, en Carre\u00f1o | Cand\u00e1s 365","description":"El Ayuntamiento de Carre\u00f1o a trav\u00e9s de la Concejal\u00eda de Juventud y la Oficina de Informaci\u00f3n Juvenil con la colaboraci\u00f3n del IES de Cand\u00e1s y el AMPA IES Cand\u00e1s pone marcha el programa \u201cEducando en valores + Orientaci\u00f3n laboral\u201d. Las actividades se desarrollaran entre el 30 de Mayo y el 8 de Junio de 2018","inLanguage":"es-ES","isPartOf":{"@id":"https:\/\/candas365.es\/noticias\/#website"},"breadcrumb":{"@id":"https:\/\/candas365.es\/noticias\/programa-educando-en-valores-orientacion-laboral-en-carreno\/#breadcrumblist"},"author":{"@id":"https:\/\/candas365.es\/noticias\/author\/admin\/#author"},"creator":{"@id":"https:\/\/candas365.es\/noticias\/author\/admin\/#author"},"image":{"@type":"ImageObject","url":"https:\/\/candas365.es\/noticias\/wp-content\/uploads\/2015\/01\/ayuntamiento.jpg","@id":"https:\/\/candas365.es\/noticias\/programa-educando-en-valores-orientacion-laboral-en-carreno\/#mainImage","width":800,"height":600,"caption":"Carre\u00f1o"},"primaryImageOfPage":{"@id":"https:\/\/candas365.es\/noticias\/programa-educando-en-valores-orientacion-laboral-en-carreno\/#mainImage"},"datePublished":"2018-05-21T12:52:21+02:00","dateModified":"2018-05-21T12:52:21+02:00"},{"@type":"WebSite","@id":"https:\/\/candas365.es\/noticias\/#website","url":"https:\/\/candas365.es\/noticias\/","name":"Cand\u00e1s 365","alternateName":"Cand\u00e1s 365 Noticias","description":"Actualidad desde Carre\u00f1o para el mundo","inLanguage":"es-ES","publisher":{"@id":"https:\/\/candas365.es\/noticias\/#organization"}}]},"og:locale":"es_ES","og:site_name":"Cand\u00e1s 365","og:type":"article","og:title":"Programa \u201cEducando en valores + Orientaci\u00f3n laboral\u201d, en Carre\u00f1o | Cand\u00e1s 365","og:description":"El Ayuntamiento de Carre\u00f1o a trav\u00e9s de la Concejal\u00eda de Juventud y la Oficina de Informaci\u00f3n Juvenil con la colaboraci\u00f3n del IES de Cand\u00e1s y el AMPA IES Cand\u00e1s pone marcha el programa \u201cEducando en valores + Orientaci\u00f3n laboral\u201d. Las actividades se desarrollaran entre el 30 de Mayo y el 8 de Junio de 2018","og:url":"https:\/\/candas365.es\/noticias\/programa-educando-en-valores-orientacion-laboral-en-carreno\/","og:image":"https:\/\/candas365.es\/noticias\/wp-content\/uploads\/2015\/01\/ayuntamiento.jpg","og:image:secure_url":"https:\/\/candas365.es\/noticias\/wp-content\/uploads\/2015\/01\/ayuntamiento.jpg","og:image:width":800,"og:image:height":600,"article:published_time":"2018-05-21T12:52:21+00:00","article:modified_time":"2018-05-21T12:52:21+00:00","article:publisher":"https:\/\/www.facebook.com\/Nachofdezber","article:author":"https:\/\/www.facebook.com\/carrenoactualidad","twitter:card":"summary_large_image","twitter:site":"@NabercoDigital","twitter:title":"Programa \u201cEducando en valores + Orientaci\u00f3n laboral\u201d, en Carre\u00f1o | Cand\u00e1s 365","twitter:description":"El Ayuntamiento de Carre\u00f1o a trav\u00e9s de la Concejal\u00eda de Juventud y la Oficina de Informaci\u00f3n Juvenil con la colaboraci\u00f3n del IES de Cand\u00e1s y el AMPA IES Cand\u00e1s pone marcha el programa \u201cEducando en valores + Orientaci\u00f3n laboral\u201d. Las actividades se desarrollaran entre el 30 de Mayo y el 8 de Junio de 2018","twitter:creator":"@nbasturias","twitter:image":"https:\/\/candas365.es\/noticias\/wp-content\/uploads\/2015\/01\/ayuntamiento.jpg","twitter:label1":"Escrito por","twitter:data1":"Cand\u00e1s 365","twitter:label2":"Tiempo de lectura estimado","twitter:data2":"2 minutos"},"aioseo_meta_data":{"post_id":"96134","title":null,"description":null,"keywords":null,"keyphrases":null,"primary_term":null,"canonical_url":null,"og_title":null,"og_description":null,"og_object_type":"default","og_image_type":"default","og_image_url":null,"og_image_width":null,"og_image_height":null,"og_image_custom_url":null,"og_image_custom_fields":null,"og_video":null,"og_custom_url":null,"og_article_section":null,"og_article_tags":null,"twitter_use_og":false,"twitter_card":"default","twitter_image_type":"default","twitter_image_url":null,"twitter_image_custom_url":null,"twitter_image_custom_fields":null,"twitter_title":null,"twitter_description":null,"schema":{"blockGraphs":[],"customGraphs":[],"default":{"data":{"Article":[],"Course":[],"Dataset":[],"FAQPage":[],"Movie":[],"Person":[],"Product":[],"ProductReview":[],"Car":[],"Recipe":[],"Service":[],"SoftwareApplication":[],"WebPage":[]},"graphName":"","isEnabled":true},"graphs":[],"defaultGraph":"","defaultPostTypeGraph":""},"schema_type":null,"schema_type_options":null,"pillar_content":false,"robots_default":true,"robots_noindex":false,"robots_noarchive":false,"robots_nosnippet":false,"robots_nofollow":false,"robots_noimageindex":false,"robots_noodp":false,"robots_notranslate":false,"robots_max_snippet":null,"robots_max_videopreview":null,"robots_max_imagepreview":"large","priority":null,"frequency":null,"location":null,"local_seo":null,"seo_analyzer_scan_date":"2025-08-26 21:29:15","breadcrumb_settings":null,"limit_modified_date":false,"reviewed_by":null,"open_ai":null,"ai":null,"created":"2020-12-21 11:51:52","updated":"2025-08-26 21:29:15"},"aioseo_breadcrumb":"<div class=\"aioseo-breadcrumbs\"><span class=\"aioseo-breadcrumb\">\n\t<a href=\"https:\/\/candas365.es\/noticias\" title=\"Home\">Home<\/a>\n<\/span><span class=\"aioseo-breadcrumb-separator\">&ndash;<\/span><span class=\"aioseo-breadcrumb\">\n\t<a href=\"https:\/\/candas365.es\/noticias\/category\/noticias-carreno\/\" title=\"Noticias Carre\u00f1o\">Noticias Carre\u00f1o<\/a>\n<\/span><span class=\"aioseo-breadcrumb-separator\">&ndash;<\/span><span class=\"aioseo-breadcrumb\">\n\tPrograma \u201cEducando en valores + Orientaci\u00f3n laboral\u201d, en Carre\u00f1o\n<\/span><\/div>","aioseo_breadcrumb_json":[{"label":"Home","link":"https:\/\/candas365.es\/noticias"},{"label":"Noticias Carre\u00f1o","link":"https:\/\/candas365.es\/noticias\/category\/noticias-carreno\/"},{"label":"Programa \u201cEducando en valores + Orientaci\u00f3n laboral\u201d, en Carre\u00f1o","link":"https:\/\/candas365.es\/noticias\/programa-educando-en-valores-orientacion-laboral-en-carreno\/"}],"_links":{"self":[{"href":"https:\/\/candas365.es\/noticias\/wp-json\/wp\/v2\/posts\/96134","targetHints":{"allow":["GET"]}}],"collection":[{"href":"https:\/\/candas365.es\/noticias\/wp-json\/wp\/v2\/posts"}],"about":[{"href":"https:\/\/candas365.es\/noticias\/wp-json\/wp\/v2\/types\/post"}],"author":[{"embeddable":true,"href":"https:\/\/candas365.es\/noticias\/wp-json\/wp\/v2\/users\/1"}],"replies":[{"embeddable":true,"href":"https:\/\/candas365.es\/noticias\/wp-json\/wp\/v2\/comments?post=96134"}],"version-history":[{"count":0,"href":"https:\/\/candas365.es\/noticias\/wp-json\/wp\/v2\/posts\/96134\/revisions"}],"wp:featuredmedia":[{"embeddable":true,"href":"https:\/\/candas365.es\/noticias\/wp-json\/wp\/v2\/media\/6453"}],"wp:attachment":[{"href":"https:\/\/candas365.es\/noticias\/wp-json\/wp\/v2\/media?parent=96134"}],"wp:term":[{"taxonomy":"category","embeddable":true,"href":"https:\/\/candas365.es\/noticias\/wp-json\/wp\/v2\/categories?post=96134"},{"taxonomy":"post_tag","embeddable":true,"href":"https:\/\/candas365.es\/noticias\/wp-json\/wp\/v2\/tags?post=96134"}],"curies":[{"name":"wp","href":"https:\/\/api.w.org\/{rel}","templated":true}]}}