{"id":96125,"date":"2018-05-20T19:11:53","date_gmt":"2018-05-20T19:11:53","guid":{"rendered":"http:\/\/candas365.es\/noticias\/?p=96125"},"modified":"2018-05-20T19:11:53","modified_gmt":"2018-05-20T19:11:53","slug":"el-principado-financia-un-proyecto-de-unicef-en-mali","status":"publish","type":"post","link":"https:\/\/candas365.es\/noticias\/el-principado-financia-un-proyecto-de-unicef-en-mali\/","title":{"rendered":"El Principado financia un proyecto de Unicef en Mali"},"content":{"rendered":"<p><img fetchpriority=\"high\" decoding=\"async\" class=\"alignleft size-medium wp-image-90477\" src=\"https:\/\/candas365.es\/noticias\/wp-content\/uploads\/2018\/02\/2018_02_21-RP-Consejo-Gobierno-3-360x240.jpg\" alt=\"\" width=\"360\" height=\"240\" srcset=\"https:\/\/candas365.es\/noticias\/wp-content\/uploads\/2018\/02\/2018_02_21-RP-Consejo-Gobierno-3-360x240.jpg 360w, https:\/\/candas365.es\/noticias\/wp-content\/uploads\/2018\/02\/2018_02_21-RP-Consejo-Gobierno-3-696x464.jpg 696w, https:\/\/candas365.es\/noticias\/wp-content\/uploads\/2018\/02\/2018_02_21-RP-Consejo-Gobierno-3-1068x712.jpg 1068w, https:\/\/candas365.es\/noticias\/wp-content\/uploads\/2018\/02\/2018_02_21-RP-Consejo-Gobierno-3-630x420.jpg 630w, https:\/\/candas365.es\/noticias\/wp-content\/uploads\/2018\/02\/2018_02_21-RP-Consejo-Gobierno-3-768x512.jpg 768w, https:\/\/candas365.es\/noticias\/wp-content\/uploads\/2018\/02\/2018_02_21-RP-Consejo-Gobierno-3-655x436.jpg 655w, https:\/\/candas365.es\/noticias\/wp-content\/uploads\/2018\/02\/2018_02_21-RP-Consejo-Gobierno-3.jpg 1280w\" sizes=\"(max-width: 360px) 100vw, 360px\" \/>El Gobierno del Principado financiar\u00e1 con 165.000 euros un convenio de colaboraci\u00f3n en materia de ayuda al desarrollo con el Comit\u00e9 de Unicef en Asturias para apoyar el programa de prevenci\u00f3n y tratamiento de la desnutrici\u00f3n cr\u00f3nica y el retraso en el crecimiento de menores de cinco a\u00f1os que la oeneg\u00e9 desarrolla en Mali.<\/p>\n<p>Esta iniciativa, para cuya segunda fase se formalizar\u00e1 este convenio, aborda la crisis humanitaria desde dos \u00e1mbitos. Por un lado, promueve buenas pr\u00e1cticas de alimentaci\u00f3n para los beb\u00e9s entre las madres y las familias, con el fin de prevenir la desnutrici\u00f3n, de forma que las mujeres est\u00e9n cada vez m\u00e1s informadas sobre las formas de variar su dieta, los beneficios de la lactancia materna y los h\u00e1bitos que afectan negativamente a la salud y bienestar de la infancia. Por otra parte, se presta atenci\u00f3n a los menores afectados por desnutrici\u00f3n mediante cuatro acciones:<\/p>\n<p>&#8211; La distribuci\u00f3n de medicamentos esenciales y suministros de alimentaci\u00f3n suplementaria adaptados al estado nutricional y la edad de los menores, como alimento terap\u00e9utico listo para su consumo.<\/p>\n<p>&#8211; El apoyo a los equipos sanitarios para el seguimiento y control de la gesti\u00f3n integrada de la desnutrici\u00f3n aguda.<\/p>\n<p>&#8211; La difusi\u00f3n y promoci\u00f3n de las mejores pr\u00e1cticas de lactancia materna para ni\u00f1os de 0 a 6 meses mediante asesoramiento individual, ayuda de grupo y apoyo al D\u00eda Mundial de la Lactancia Materna.<\/p>\n<p>&#8211; La capacitaci\u00f3n de agentes y trabajadores de salud, madres y l\u00edderes de las comunidades tradicionales.<\/p>\n<p><strong>Uno de los pa\u00edses con mayor mortalidad infantil<\/strong><\/p>\n<p>Esta actuaci\u00f3n es la segunda a la que m\u00e1s fondos aporta el Principado en materia de ayuda al desarrollo, tras los programas para la mejora de las condiciones de las familias saharauis refugiadas en Argelia. El proyecto resulta especialmente importante, ya que Mali es uno de los pa\u00edses del mundo con mayor mortalidad infantil y la desnutrici\u00f3n a\u00f1ade un mayor riesgo de fallecimiento por infecciones comunes. Seg\u00fan datos de Unicef, el 30% de los menores de cinco a\u00f1os sufre desnutrici\u00f3n cr\u00f3nica y un 13%, aguda, una situaci\u00f3n a la que se suma el conflicto b\u00e9lico en el norte de esta naci\u00f3n, que afecta a casi tres millones de personas.<\/p>\n<p>El convenio con Unicef se enmarca entre las prioridades de la ley auton\u00f3mica de Cooperaci\u00f3n al Desarrollo de 2006, que cuenta entre sus principios rectores con la acci\u00f3n humanitaria como estrategia para atender necesidades urgentes y situaciones de vulnerabilidad por desastres y crisis.<\/p>\n<p>Esta prioridad tuvo su reflejo en el desarrollo del IV Plan Director de Cooperaci\u00f3n, en el que este tipo de acciones concentr\u00f3 el 24% de la ayuda exterior del Principado, con 4,1 millones. En esta l\u00ednea se enmarcan las actuaciones dirigidas a las familias saharauis en campos de refugiados en Argelia, las subvenciones de emergencia ante cat\u00e1strofes o crisis, como la situaci\u00f3n de los refugiados sirios; la protecci\u00f3n de los derechos humanos y el apoyo a la poblaci\u00f3n palestina asentada en el L\u00edbano y Jordania. Esta orientaci\u00f3n se mantiene en el V Plan Director, cuya vigencia se extiende hasta 2021.<\/p>\n","protected":false},"excerpt":{"rendered":"<p>El Gobierno del Principado financiar\u00e1 con 165.000 euros un convenio de colaboraci\u00f3n en materia de ayuda al desarrollo con el Comit\u00e9 de Unicef en Asturias para apoyar el programa de prevenci\u00f3n y tratamiento de la desnutrici\u00f3n cr\u00f3nica y el retraso en el crecimiento de menores de cinco a\u00f1os que la oeneg\u00e9 desarrolla en Mali. Esta<\/p>\n","protected":false},"author":1,"featured_media":44821,"comment_status":"closed","ping_status":"closed","sticky":false,"template":"","format":"standard","meta":{"footnotes":""},"categories":[7],"tags":[],"class_list":{"0":"post-96125","1":"post","2":"type-post","3":"status-publish","4":"format-standard","5":"has-post-thumbnail","7":"category-asturias"},"aioseo_notices":[],"aioseo_head":"\n\t\t<!-- All in One SEO Pro 4.9.6.2 - aioseo.com -->\n\t<meta name=\"description\" content=\"El Gobierno del Principado financiar\u00e1 con 165.000 euros un convenio de colaboraci\u00f3n en materia de ayuda al desarrollo con el Comit\u00e9 de Unicef en Asturias para apoyar el programa de prevenci\u00f3n y tratamiento de la desnutrici\u00f3n cr\u00f3nica y el retraso en el crecimiento de menores de cinco a\u00f1os que la oeneg\u00e9 desarrolla en Mali. Esta\" \/>\n\t<meta name=\"robots\" content=\"max-image-preview:large\" \/>\n\t<meta name=\"author\" content=\"Cand\u00e1s 365\"\/>\n\t<meta name=\"google-site-verification\" content=\"UA-32230408-1\" \/>\n\t<meta name=\"msvalidate.01\" content=\"354F3CDFB2DA171B47FBE9ABF1F88D5\" \/>\n\t<meta name=\"keywords\" content=\"asturias\" \/>\n\t<link rel=\"canonical\" href=\"https:\/\/candas365.es\/noticias\/el-principado-financia-un-proyecto-de-unicef-en-mali\/\" \/>\n\t<meta name=\"generator\" content=\"All in One SEO Pro (AIOSEO) 4.9.6.2\" \/>\n\t\t<meta property=\"og:locale\" content=\"es_ES\" \/>\n\t\t<meta property=\"og:site_name\" content=\"Cand\u00e1s 365\" \/>\n\t\t<meta property=\"og:type\" content=\"article\" \/>\n\t\t<meta property=\"og:title\" content=\"El Principado financia un proyecto de Unicef en Mali | Cand\u00e1s 365\" \/>\n\t\t<meta property=\"og:description\" content=\"El Gobierno del Principado financiar\u00e1 con 165.000 euros un convenio de colaboraci\u00f3n en materia de ayuda al desarrollo con el Comit\u00e9 de Unicef en Asturias para apoyar el programa de prevenci\u00f3n y tratamiento de la desnutrici\u00f3n cr\u00f3nica y el retraso en el crecimiento de menores de cinco a\u00f1os que la oeneg\u00e9 desarrolla en Mali. Esta\" \/>\n\t\t<meta property=\"og:url\" content=\"https:\/\/candas365.es\/noticias\/el-principado-financia-un-proyecto-de-unicef-en-mali\/\" \/>\n\t\t<meta property=\"og:image\" content=\"https:\/\/candas365.es\/noticias\/wp-content\/uploads\/2017\/03\/Consejo-gobierno15M2.jpg\" \/>\n\t\t<meta property=\"og:image:secure_url\" content=\"https:\/\/candas365.es\/noticias\/wp-content\/uploads\/2017\/03\/Consejo-gobierno15M2.jpg\" \/>\n\t\t<meta property=\"og:image:width\" content=\"1280\" \/>\n\t\t<meta property=\"og:image:height\" content=\"955\" \/>\n\t\t<meta property=\"article:published_time\" content=\"2018-05-20T19:11:53+00:00\" \/>\n\t\t<meta property=\"article:modified_time\" content=\"2018-05-20T19:11:53+00:00\" \/>\n\t\t<meta property=\"article:publisher\" content=\"https:\/\/www.facebook.com\/Nachofdezber\" \/>\n\t\t<meta property=\"article:author\" content=\"https:\/\/www.facebook.com\/carrenoactualidad\" \/>\n\t\t<meta name=\"twitter:card\" content=\"summary_large_image\" \/>\n\t\t<meta name=\"twitter:site\" content=\"@NabercoDigital\" \/>\n\t\t<meta name=\"twitter:title\" content=\"El Principado financia un proyecto de Unicef en Mali | Cand\u00e1s 365\" \/>\n\t\t<meta name=\"twitter:description\" content=\"El Gobierno del Principado financiar\u00e1 con 165.000 euros un convenio de colaboraci\u00f3n en materia de ayuda al desarrollo con el Comit\u00e9 de Unicef en Asturias para apoyar el programa de prevenci\u00f3n y tratamiento de la desnutrici\u00f3n cr\u00f3nica y el retraso en el crecimiento de menores de cinco a\u00f1os que la oeneg\u00e9 desarrolla en Mali. Esta\" \/>\n\t\t<meta name=\"twitter:creator\" content=\"@nbasturias\" \/>\n\t\t<meta name=\"twitter:image\" content=\"https:\/\/candas365.es\/noticias\/wp-content\/uploads\/2017\/03\/Consejo-gobierno15M2.jpg\" \/>\n\t\t<meta name=\"twitter:label1\" content=\"Escrito por\" \/>\n\t\t<meta name=\"twitter:data1\" content=\"Cand\u00e1s 365\" \/>\n\t\t<meta name=\"twitter:label2\" content=\"Tiempo de lectura estimado\" \/>\n\t\t<meta name=\"twitter:data2\" content=\"3 minutos\" \/>\n\t\t<script type=\"application\/ld+json\" class=\"aioseo-schema\">\n\t\t\t{\"@context\":\"https:\\\/\\\/schema.org\",\"@graph\":[{\"@type\":\"BreadcrumbList\",\"@id\":\"https:\\\/\\\/candas365.es\\\/noticias\\\/el-principado-financia-un-proyecto-de-unicef-en-mali\\\/#breadcrumblist\",\"itemListElement\":[{\"@type\":\"ListItem\",\"@id\":\"https:\\\/\\\/candas365.es\\\/noticias#listItem\",\"position\":1,\"name\":\"Home\",\"item\":\"https:\\\/\\\/candas365.es\\\/noticias\",\"nextItem\":{\"@type\":\"ListItem\",\"@id\":\"https:\\\/\\\/candas365.es\\\/noticias\\\/category\\\/asturias\\\/#listItem\",\"name\":\"Asturias\"}},{\"@type\":\"ListItem\",\"@id\":\"https:\\\/\\\/candas365.es\\\/noticias\\\/category\\\/asturias\\\/#listItem\",\"position\":2,\"name\":\"Asturias\",\"item\":\"https:\\\/\\\/candas365.es\\\/noticias\\\/category\\\/asturias\\\/\",\"nextItem\":{\"@type\":\"ListItem\",\"@id\":\"https:\\\/\\\/candas365.es\\\/noticias\\\/el-principado-financia-un-proyecto-de-unicef-en-mali\\\/#listItem\",\"name\":\"El Principado financia un proyecto de Unicef en Mali\"},\"previousItem\":{\"@type\":\"ListItem\",\"@id\":\"https:\\\/\\\/candas365.es\\\/noticias#listItem\",\"name\":\"Home\"}},{\"@type\":\"ListItem\",\"@id\":\"https:\\\/\\\/candas365.es\\\/noticias\\\/el-principado-financia-un-proyecto-de-unicef-en-mali\\\/#listItem\",\"position\":3,\"name\":\"El Principado financia un proyecto de Unicef en Mali\",\"previousItem\":{\"@type\":\"ListItem\",\"@id\":\"https:\\\/\\\/candas365.es\\\/noticias\\\/category\\\/asturias\\\/#listItem\",\"name\":\"Asturias\"}}]},{\"@type\":\"NewsArticle\",\"@id\":\"https:\\\/\\\/candas365.es\\\/noticias\\\/el-principado-financia-un-proyecto-de-unicef-en-mali\\\/#newsarticle\",\"name\":\"El Principado financia un proyecto de Unicef en Mali | Cand\\u00e1s 365\",\"headline\":\"El Principado financia un proyecto de Unicef en Mali\",\"author\":{\"@id\":\"https:\\\/\\\/candas365.es\\\/noticias\\\/author\\\/admin\\\/#author\"},\"publisher\":{\"@id\":\"https:\\\/\\\/candas365.es\\\/noticias\\\/#organization\"},\"image\":{\"@type\":\"ImageObject\",\"url\":\"https:\\\/\\\/candas365.es\\\/noticias\\\/wp-content\\\/uploads\\\/2017\\\/03\\\/Consejo-gobierno15M2.jpg\",\"width\":1280,\"height\":955},\"datePublished\":\"2018-05-20T19:11:53+02:00\",\"dateModified\":\"2018-05-20T19:11:53+02:00\",\"inLanguage\":\"es-ES\",\"mainEntityOfPage\":{\"@id\":\"https:\\\/\\\/candas365.es\\\/noticias\\\/el-principado-financia-un-proyecto-de-unicef-en-mali\\\/#webpage\"},\"isPartOf\":{\"@id\":\"https:\\\/\\\/candas365.es\\\/noticias\\\/el-principado-financia-un-proyecto-de-unicef-en-mali\\\/#webpage\"},\"articleSection\":\"Asturias\",\"dateline\":\"Publicado el mayo 20, 2018.\"},{\"@type\":\"Organization\",\"@id\":\"https:\\\/\\\/candas365.es\\\/noticias\\\/#organization\",\"name\":\"Cand\\u00e1s 365\",\"description\":\"Cand\\u00e1s 365 es un diario digital independiente, fundado en 2012, con base en Asturias. Informamos con rigor sobre actualidad, sociedad, cultura y ocio, con una mirada local y global.\",\"url\":\"https:\\\/\\\/candas365.es\\\/noticias\\\/\",\"email\":\"info@candas365.es\",\"telephone\":\"+34652131393\",\"foundingDate\":\"2012-06-10\",\"logo\":{\"@type\":\"ImageObject\",\"url\":\"https:\\\/\\\/candas365.es\\\/noticias\\\/wp-content\\\/uploads\\\/2024\\\/09\\\/Candas-365-Redes.jpg\",\"@id\":\"https:\\\/\\\/candas365.es\\\/noticias\\\/el-principado-financia-un-proyecto-de-unicef-en-mali\\\/#organizationLogo\",\"width\":1152,\"height\":864,\"caption\":\"Cand\\u00e1s 365 Redes\"},\"image\":{\"@id\":\"https:\\\/\\\/candas365.es\\\/noticias\\\/el-principado-financia-un-proyecto-de-unicef-en-mali\\\/#organizationLogo\"},\"sameAs\":[\"https:\\\/\\\/www.facebook.com\\\/Nachofdezber\",\"https:\\\/\\\/x.com\\\/NabercoDigital\",\"https:\\\/\\\/www.instagram.com\\\/nachofdezber\\\/\",\"https:\\\/\\\/www.youtube.com\\\/channel\\\/UCZP-2wLEB9Rv6erhFmqVnvg\"],\"address\":{\"@id\":\"https:\\\/\\\/candas365.es\\\/noticias\\\/#postaladdress\",\"@type\":\"PostalAddress\",\"streetAddress\":\"san antonio 4, san antonio 4\",\"postalCode\":\"33430\",\"addressLocality\":\"Cand\\u00e1s\",\"addressRegion\":\"Asturias\",\"addressCountry\":\"ES\"}},{\"@type\":\"Person\",\"@id\":\"https:\\\/\\\/candas365.es\\\/noticias\\\/author\\\/admin\\\/#author\",\"url\":\"https:\\\/\\\/candas365.es\\\/noticias\\\/author\\\/admin\\\/\",\"name\":\"Cand\\u00e1s 365\",\"image\":{\"@type\":\"ImageObject\",\"@id\":\"https:\\\/\\\/candas365.es\\\/noticias\\\/el-principado-financia-un-proyecto-de-unicef-en-mali\\\/#authorImage\",\"url\":\"https:\\\/\\\/secure.gravatar.com\\\/avatar\\\/496a8e03d0c493ede1718b7934145dbdf8d89be1036b0eec9544e1094c9de390?s=96&d=mm&r=g\",\"width\":96,\"height\":96,\"caption\":\"Cand\\u00e1s 365\"},\"sameAs\":[\"https:\\\/\\\/www.facebook.com\\\/carrenoactualidad\",\"https:\\\/\\\/twitter.com\\\/nbasturias\",\"https:\\\/\\\/www.instagram.com\\\/nachofdezber\\\/\",\"https:\\\/\\\/www.youtube.com\\\/channel\\\/UCZP-2wLEB9Rv6erhFmqVnvg\"]},{\"@type\":\"WebPage\",\"@id\":\"https:\\\/\\\/candas365.es\\\/noticias\\\/el-principado-financia-un-proyecto-de-unicef-en-mali\\\/#webpage\",\"url\":\"https:\\\/\\\/candas365.es\\\/noticias\\\/el-principado-financia-un-proyecto-de-unicef-en-mali\\\/\",\"name\":\"El Principado financia un proyecto de Unicef en Mali | Cand\\u00e1s 365\",\"description\":\"El Gobierno del Principado financiar\\u00e1 con 165.000 euros un convenio de colaboraci\\u00f3n en materia de ayuda al desarrollo con el Comit\\u00e9 de Unicef en Asturias para apoyar el programa de prevenci\\u00f3n y tratamiento de la desnutrici\\u00f3n cr\\u00f3nica y el retraso en el crecimiento de menores de cinco a\\u00f1os que la oeneg\\u00e9 desarrolla en Mali. Esta\",\"inLanguage\":\"es-ES\",\"isPartOf\":{\"@id\":\"https:\\\/\\\/candas365.es\\\/noticias\\\/#website\"},\"breadcrumb\":{\"@id\":\"https:\\\/\\\/candas365.es\\\/noticias\\\/el-principado-financia-un-proyecto-de-unicef-en-mali\\\/#breadcrumblist\"},\"author\":{\"@id\":\"https:\\\/\\\/candas365.es\\\/noticias\\\/author\\\/admin\\\/#author\"},\"creator\":{\"@id\":\"https:\\\/\\\/candas365.es\\\/noticias\\\/author\\\/admin\\\/#author\"},\"image\":{\"@type\":\"ImageObject\",\"url\":\"https:\\\/\\\/candas365.es\\\/noticias\\\/wp-content\\\/uploads\\\/2017\\\/03\\\/Consejo-gobierno15M2.jpg\",\"@id\":\"https:\\\/\\\/candas365.es\\\/noticias\\\/el-principado-financia-un-proyecto-de-unicef-en-mali\\\/#mainImage\",\"width\":1280,\"height\":955},\"primaryImageOfPage\":{\"@id\":\"https:\\\/\\\/candas365.es\\\/noticias\\\/el-principado-financia-un-proyecto-de-unicef-en-mali\\\/#mainImage\"},\"datePublished\":\"2018-05-20T19:11:53+02:00\",\"dateModified\":\"2018-05-20T19:11:53+02:00\"},{\"@type\":\"WebSite\",\"@id\":\"https:\\\/\\\/candas365.es\\\/noticias\\\/#website\",\"url\":\"https:\\\/\\\/candas365.es\\\/noticias\\\/\",\"name\":\"Cand\\u00e1s 365\",\"alternateName\":\"Cand\\u00e1s 365 Noticias\",\"description\":\"Actualidad desde Carre\\u00f1o para el mundo\",\"inLanguage\":\"es-ES\",\"publisher\":{\"@id\":\"https:\\\/\\\/candas365.es\\\/noticias\\\/#organization\"}}]}\n\t\t<\/script>\n\t\t<!-- All in One SEO Pro -->\r\n\t\t<title>El Principado financia un proyecto de Unicef en Mali | Cand\u00e1s 365<\/title>\n\n","aioseo_head_json":{"title":"El Principado financia un proyecto de Unicef en Mali | Cand\u00e1s 365","description":"El Gobierno del Principado financiar\u00e1 con 165.000 euros un convenio de colaboraci\u00f3n en materia de ayuda al desarrollo con el Comit\u00e9 de Unicef en Asturias para apoyar el programa de prevenci\u00f3n y tratamiento de la desnutrici\u00f3n cr\u00f3nica y el retraso en el crecimiento de menores de cinco a\u00f1os que la oeneg\u00e9 desarrolla en Mali. Esta","canonical_url":"https:\/\/candas365.es\/noticias\/el-principado-financia-un-proyecto-de-unicef-en-mali\/","robots":"max-image-preview:large","keywords":"asturias","webmasterTools":{"google-site-verification":"UA-32230408-1","msvalidate.01":"354F3CDFB2DA171B47FBE9ABF1F88D5","miscellaneous":""},"schema":{"@context":"https:\/\/schema.org","@graph":[{"@type":"BreadcrumbList","@id":"https:\/\/candas365.es\/noticias\/el-principado-financia-un-proyecto-de-unicef-en-mali\/#breadcrumblist","itemListElement":[{"@type":"ListItem","@id":"https:\/\/candas365.es\/noticias#listItem","position":1,"name":"Home","item":"https:\/\/candas365.es\/noticias","nextItem":{"@type":"ListItem","@id":"https:\/\/candas365.es\/noticias\/category\/asturias\/#listItem","name":"Asturias"}},{"@type":"ListItem","@id":"https:\/\/candas365.es\/noticias\/category\/asturias\/#listItem","position":2,"name":"Asturias","item":"https:\/\/candas365.es\/noticias\/category\/asturias\/","nextItem":{"@type":"ListItem","@id":"https:\/\/candas365.es\/noticias\/el-principado-financia-un-proyecto-de-unicef-en-mali\/#listItem","name":"El Principado financia un proyecto de Unicef en Mali"},"previousItem":{"@type":"ListItem","@id":"https:\/\/candas365.es\/noticias#listItem","name":"Home"}},{"@type":"ListItem","@id":"https:\/\/candas365.es\/noticias\/el-principado-financia-un-proyecto-de-unicef-en-mali\/#listItem","position":3,"name":"El Principado financia un proyecto de Unicef en Mali","previousItem":{"@type":"ListItem","@id":"https:\/\/candas365.es\/noticias\/category\/asturias\/#listItem","name":"Asturias"}}]},{"@type":"NewsArticle","@id":"https:\/\/candas365.es\/noticias\/el-principado-financia-un-proyecto-de-unicef-en-mali\/#newsarticle","name":"El Principado financia un proyecto de Unicef en Mali | Cand\u00e1s 365","headline":"El Principado financia un proyecto de Unicef en Mali","author":{"@id":"https:\/\/candas365.es\/noticias\/author\/admin\/#author"},"publisher":{"@id":"https:\/\/candas365.es\/noticias\/#organization"},"image":{"@type":"ImageObject","url":"https:\/\/candas365.es\/noticias\/wp-content\/uploads\/2017\/03\/Consejo-gobierno15M2.jpg","width":1280,"height":955},"datePublished":"2018-05-20T19:11:53+02:00","dateModified":"2018-05-20T19:11:53+02:00","inLanguage":"es-ES","mainEntityOfPage":{"@id":"https:\/\/candas365.es\/noticias\/el-principado-financia-un-proyecto-de-unicef-en-mali\/#webpage"},"isPartOf":{"@id":"https:\/\/candas365.es\/noticias\/el-principado-financia-un-proyecto-de-unicef-en-mali\/#webpage"},"articleSection":"Asturias","dateline":"Publicado el mayo 20, 2018."},{"@type":"Organization","@id":"https:\/\/candas365.es\/noticias\/#organization","name":"Cand\u00e1s 365","description":"Cand\u00e1s 365 es un diario digital independiente, fundado en 2012, con base en Asturias. Informamos con rigor sobre actualidad, sociedad, cultura y ocio, con una mirada local y global.","url":"https:\/\/candas365.es\/noticias\/","email":"info@candas365.es","telephone":"+34652131393","foundingDate":"2012-06-10","logo":{"@type":"ImageObject","url":"https:\/\/candas365.es\/noticias\/wp-content\/uploads\/2024\/09\/Candas-365-Redes.jpg","@id":"https:\/\/candas365.es\/noticias\/el-principado-financia-un-proyecto-de-unicef-en-mali\/#organizationLogo","width":1152,"height":864,"caption":"Cand\u00e1s 365 Redes"},"image":{"@id":"https:\/\/candas365.es\/noticias\/el-principado-financia-un-proyecto-de-unicef-en-mali\/#organizationLogo"},"sameAs":["https:\/\/www.facebook.com\/Nachofdezber","https:\/\/x.com\/NabercoDigital","https:\/\/www.instagram.com\/nachofdezber\/","https:\/\/www.youtube.com\/channel\/UCZP-2wLEB9Rv6erhFmqVnvg"],"address":{"@id":"https:\/\/candas365.es\/noticias\/#postaladdress","@type":"PostalAddress","streetAddress":"san antonio 4, san antonio 4","postalCode":"33430","addressLocality":"Cand\u00e1s","addressRegion":"Asturias","addressCountry":"ES"}},{"@type":"Person","@id":"https:\/\/candas365.es\/noticias\/author\/admin\/#author","url":"https:\/\/candas365.es\/noticias\/author\/admin\/","name":"Cand\u00e1s 365","image":{"@type":"ImageObject","@id":"https:\/\/candas365.es\/noticias\/el-principado-financia-un-proyecto-de-unicef-en-mali\/#authorImage","url":"https:\/\/secure.gravatar.com\/avatar\/496a8e03d0c493ede1718b7934145dbdf8d89be1036b0eec9544e1094c9de390?s=96&d=mm&r=g","width":96,"height":96,"caption":"Cand\u00e1s 365"},"sameAs":["https:\/\/www.facebook.com\/carrenoactualidad","https:\/\/twitter.com\/nbasturias","https:\/\/www.instagram.com\/nachofdezber\/","https:\/\/www.youtube.com\/channel\/UCZP-2wLEB9Rv6erhFmqVnvg"]},{"@type":"WebPage","@id":"https:\/\/candas365.es\/noticias\/el-principado-financia-un-proyecto-de-unicef-en-mali\/#webpage","url":"https:\/\/candas365.es\/noticias\/el-principado-financia-un-proyecto-de-unicef-en-mali\/","name":"El Principado financia un proyecto de Unicef en Mali | Cand\u00e1s 365","description":"El Gobierno del Principado financiar\u00e1 con 165.000 euros un convenio de colaboraci\u00f3n en materia de ayuda al desarrollo con el Comit\u00e9 de Unicef en Asturias para apoyar el programa de prevenci\u00f3n y tratamiento de la desnutrici\u00f3n cr\u00f3nica y el retraso en el crecimiento de menores de cinco a\u00f1os que la oeneg\u00e9 desarrolla en Mali. Esta","inLanguage":"es-ES","isPartOf":{"@id":"https:\/\/candas365.es\/noticias\/#website"},"breadcrumb":{"@id":"https:\/\/candas365.es\/noticias\/el-principado-financia-un-proyecto-de-unicef-en-mali\/#breadcrumblist"},"author":{"@id":"https:\/\/candas365.es\/noticias\/author\/admin\/#author"},"creator":{"@id":"https:\/\/candas365.es\/noticias\/author\/admin\/#author"},"image":{"@type":"ImageObject","url":"https:\/\/candas365.es\/noticias\/wp-content\/uploads\/2017\/03\/Consejo-gobierno15M2.jpg","@id":"https:\/\/candas365.es\/noticias\/el-principado-financia-un-proyecto-de-unicef-en-mali\/#mainImage","width":1280,"height":955},"primaryImageOfPage":{"@id":"https:\/\/candas365.es\/noticias\/el-principado-financia-un-proyecto-de-unicef-en-mali\/#mainImage"},"datePublished":"2018-05-20T19:11:53+02:00","dateModified":"2018-05-20T19:11:53+02:00"},{"@type":"WebSite","@id":"https:\/\/candas365.es\/noticias\/#website","url":"https:\/\/candas365.es\/noticias\/","name":"Cand\u00e1s 365","alternateName":"Cand\u00e1s 365 Noticias","description":"Actualidad desde Carre\u00f1o para el mundo","inLanguage":"es-ES","publisher":{"@id":"https:\/\/candas365.es\/noticias\/#organization"}}]},"og:locale":"es_ES","og:site_name":"Cand\u00e1s 365","og:type":"article","og:title":"El Principado financia un proyecto de Unicef en Mali | Cand\u00e1s 365","og:description":"El Gobierno del Principado financiar\u00e1 con 165.000 euros un convenio de colaboraci\u00f3n en materia de ayuda al desarrollo con el Comit\u00e9 de Unicef en Asturias para apoyar el programa de prevenci\u00f3n y tratamiento de la desnutrici\u00f3n cr\u00f3nica y el retraso en el crecimiento de menores de cinco a\u00f1os que la oeneg\u00e9 desarrolla en Mali. Esta","og:url":"https:\/\/candas365.es\/noticias\/el-principado-financia-un-proyecto-de-unicef-en-mali\/","og:image":"https:\/\/candas365.es\/noticias\/wp-content\/uploads\/2017\/03\/Consejo-gobierno15M2.jpg","og:image:secure_url":"https:\/\/candas365.es\/noticias\/wp-content\/uploads\/2017\/03\/Consejo-gobierno15M2.jpg","og:image:width":1280,"og:image:height":955,"article:published_time":"2018-05-20T19:11:53+00:00","article:modified_time":"2018-05-20T19:11:53+00:00","article:publisher":"https:\/\/www.facebook.com\/Nachofdezber","article:author":"https:\/\/www.facebook.com\/carrenoactualidad","twitter:card":"summary_large_image","twitter:site":"@NabercoDigital","twitter:title":"El Principado financia un proyecto de Unicef en Mali | Cand\u00e1s 365","twitter:description":"El Gobierno del Principado financiar\u00e1 con 165.000 euros un convenio de colaboraci\u00f3n en materia de ayuda al desarrollo con el Comit\u00e9 de Unicef en Asturias para apoyar el programa de prevenci\u00f3n y tratamiento de la desnutrici\u00f3n cr\u00f3nica y el retraso en el crecimiento de menores de cinco a\u00f1os que la oeneg\u00e9 desarrolla en Mali. Esta","twitter:creator":"@nbasturias","twitter:image":"https:\/\/candas365.es\/noticias\/wp-content\/uploads\/2017\/03\/Consejo-gobierno15M2.jpg","twitter:label1":"Escrito por","twitter:data1":"Cand\u00e1s 365","twitter:label2":"Tiempo de lectura estimado","twitter:data2":"3 minutos"},"aioseo_meta_data":{"post_id":"96125","title":null,"description":null,"keywords":null,"keyphrases":null,"primary_term":null,"canonical_url":null,"og_title":null,"og_description":null,"og_object_type":"default","og_image_type":"default","og_image_url":null,"og_image_width":null,"og_image_height":null,"og_image_custom_url":null,"og_image_custom_fields":null,"og_video":null,"og_custom_url":null,"og_article_section":null,"og_article_tags":null,"twitter_use_og":false,"twitter_card":"default","twitter_image_type":"default","twitter_image_url":null,"twitter_image_custom_url":null,"twitter_image_custom_fields":null,"twitter_title":null,"twitter_description":null,"schema":{"blockGraphs":[],"customGraphs":[],"default":{"data":{"Article":[],"Course":[],"Dataset":[],"FAQPage":[],"Movie":[],"Person":[],"Product":[],"ProductReview":[],"Car":[],"Recipe":[],"Service":[],"SoftwareApplication":[],"WebPage":[]},"graphName":"","isEnabled":true},"graphs":[],"defaultGraph":"","defaultPostTypeGraph":""},"schema_type":null,"schema_type_options":null,"pillar_content":false,"robots_default":true,"robots_noindex":false,"robots_noarchive":false,"robots_nosnippet":false,"robots_nofollow":false,"robots_noimageindex":false,"robots_noodp":false,"robots_notranslate":false,"robots_max_snippet":null,"robots_max_videopreview":null,"robots_max_imagepreview":"large","priority":null,"frequency":null,"location":null,"local_seo":null,"seo_analyzer_scan_date":"2025-08-26 21:29:12","breadcrumb_settings":null,"limit_modified_date":false,"reviewed_by":null,"open_ai":null,"ai":null,"created":"2020-12-21 11:51:52","updated":"2025-08-26 21:29:12"},"aioseo_breadcrumb":"<div class=\"aioseo-breadcrumbs\"><span class=\"aioseo-breadcrumb\">\n\t<a href=\"https:\/\/candas365.es\/noticias\" title=\"Home\">Home<\/a>\n<\/span><span class=\"aioseo-breadcrumb-separator\">&ndash;<\/span><span class=\"aioseo-breadcrumb\">\n\t<a href=\"https:\/\/candas365.es\/noticias\/category\/asturias\/\" title=\"Asturias\">Asturias<\/a>\n<\/span><span class=\"aioseo-breadcrumb-separator\">&ndash;<\/span><span class=\"aioseo-breadcrumb\">\n\tEl Principado financia un proyecto de Unicef en Mali\n<\/span><\/div>","aioseo_breadcrumb_json":[{"label":"Home","link":"https:\/\/candas365.es\/noticias"},{"label":"Asturias","link":"https:\/\/candas365.es\/noticias\/category\/asturias\/"},{"label":"El Principado financia un proyecto de Unicef en Mali","link":"https:\/\/candas365.es\/noticias\/el-principado-financia-un-proyecto-de-unicef-en-mali\/"}],"_links":{"self":[{"href":"https:\/\/candas365.es\/noticias\/wp-json\/wp\/v2\/posts\/96125","targetHints":{"allow":["GET"]}}],"collection":[{"href":"https:\/\/candas365.es\/noticias\/wp-json\/wp\/v2\/posts"}],"about":[{"href":"https:\/\/candas365.es\/noticias\/wp-json\/wp\/v2\/types\/post"}],"author":[{"embeddable":true,"href":"https:\/\/candas365.es\/noticias\/wp-json\/wp\/v2\/users\/1"}],"replies":[{"embeddable":true,"href":"https:\/\/candas365.es\/noticias\/wp-json\/wp\/v2\/comments?post=96125"}],"version-history":[{"count":0,"href":"https:\/\/candas365.es\/noticias\/wp-json\/wp\/v2\/posts\/96125\/revisions"}],"wp:featuredmedia":[{"embeddable":true,"href":"https:\/\/candas365.es\/noticias\/wp-json\/wp\/v2\/media\/44821"}],"wp:attachment":[{"href":"https:\/\/candas365.es\/noticias\/wp-json\/wp\/v2\/media?parent=96125"}],"wp:term":[{"taxonomy":"category","embeddable":true,"href":"https:\/\/candas365.es\/noticias\/wp-json\/wp\/v2\/categories?post=96125"},{"taxonomy":"post_tag","embeddable":true,"href":"https:\/\/candas365.es\/noticias\/wp-json\/wp\/v2\/tags?post=96125"}],"curies":[{"name":"wp","href":"https:\/\/api.w.org\/{rel}","templated":true}]}}