{"id":96068,"date":"2018-05-19T16:03:28","date_gmt":"2018-05-19T16:03:28","guid":{"rendered":"http:\/\/candas365.es\/noticias\/?p=96068"},"modified":"2018-05-19T16:03:28","modified_gmt":"2018-05-19T16:03:28","slug":"las-entidades-de-carreno-se-adaptan-a-las-normativas-digitales","status":"publish","type":"post","link":"https:\/\/candas365.es\/noticias\/las-entidades-de-carreno-se-adaptan-a-las-normativas-digitales\/","title":{"rendered":"Las entidades de Carre\u00f1o se adaptan a las normativas digitales"},"content":{"rendered":"<p><img fetchpriority=\"high\" decoding=\"async\" class=\"alignleft size-medium wp-image-96069\" src=\"https:\/\/candas365.es\/noticias\/wp-content\/uploads\/2018\/05\/P1000768-360x270.jpg\" alt=\"\" width=\"360\" height=\"270\" srcset=\"https:\/\/candas365.es\/noticias\/wp-content\/uploads\/2018\/05\/P1000768-360x270.jpg 360w, https:\/\/candas365.es\/noticias\/wp-content\/uploads\/2018\/05\/P1000768-768x575.jpg 768w, https:\/\/candas365.es\/noticias\/wp-content\/uploads\/2018\/05\/P1000768-641x480.jpg 641w, https:\/\/candas365.es\/noticias\/wp-content\/uploads\/2018\/05\/P1000768-80x60.jpg 80w, https:\/\/candas365.es\/noticias\/wp-content\/uploads\/2018\/05\/P1000768-265x198.jpg 265w, https:\/\/candas365.es\/noticias\/wp-content\/uploads\/2018\/05\/P1000768-696x521.jpg 696w, https:\/\/candas365.es\/noticias\/wp-content\/uploads\/2018\/05\/P1000768-1068x800.jpg 1068w, https:\/\/candas365.es\/noticias\/wp-content\/uploads\/2018\/05\/P1000768-561x420.jpg 561w, https:\/\/candas365.es\/noticias\/wp-content\/uploads\/2018\/05\/P1000768.jpg 1280w\" sizes=\"(max-width: 360px) 100vw, 360px\" \/>En las dos primeras jornadas formativas impulsadas por el consistorio, en el Centro de Dinamizaci\u00f3n Tecnol\u00f3gica Local, participaron 26 asociaciones sin \u00e1nimo de lucro de Carre\u00f1o.<\/p>\n<p>En estas acciones formativas gratuitas se les ha familiarizado, a las directivas del movimiento asociativo, en la realizaci\u00f3n de tr\u00e1mites a trav\u00e9s de los nuevos servicios telem\u00e1ticos que ofrece la nueva web el Ayuntamiento. Tambi\u00e9n se ha trabajado el nuevo marco regulatorio estatal de obligado cumplimiento. La Ley 39\/2015, de 1 de octubre, del Procedimiento Administrativo Com\u00fan de las Administraciones P\u00fablicas, establece la obligatoriedad de las personas jur\u00eddicas de relacionarse a trav\u00e9s de medios electr\u00f3nicos con las Administraciones P\u00fablicas para la realizaci\u00f3n de cualquier tr\u00e1mite de un procedimiento administrativo. De ah\u00ed la importancia de formar a las personas que est\u00e1n al frente de las asociaciones locales con la finalidad de que adquieran las competencias necesarias para adaptarse al nuevo marco legal que implica la transformaci\u00f3n en las tramitaciones con todas las administraciones.<\/p>\n<p>La parte m\u00e1s pr\u00e1ctica y que m\u00e1s ayuda a las entidades es conocer los m\u00e9todos de identificaci\u00f3n a trav\u00e9s de m\u00e9dios telem\u00e1ticos, como el certificado digital del representante de presona jur\u00eddica, as\u00ed como los tr\u00e1mites necesarios para su obtenci\u00f3n por parte de las asociaciones del concejo.<\/p>\n<p>Desde el CDTL C@rre\u00f1o Digit@l se facilita a las asociaciones municipales la documentaci\u00f3n necesaria para la obtenci\u00f3n del certificado digital. Se pone a disposici\u00f3n de dichas asociaciones un ordenador del centro municipal para la realizaci\u00f3n de los tr\u00e1mites necesarios, en un primer momento para dicha obtenci\u00f3n y m\u00e1s adelante para la realizaci\u00f3n de tr\u00e1mites por m\u00e9dios electr\u00f3nicos con las diferentes administraciones, tanto local como aut\u00f3nomica o estatal.<\/p>\n","protected":false},"excerpt":{"rendered":"<p>En las dos primeras jornadas formativas impulsadas por el consistorio, en el Centro de Dinamizaci\u00f3n Tecnol\u00f3gica Local, participaron 26 asociaciones sin \u00e1nimo de lucro de Carre\u00f1o. En estas acciones formativas gratuitas se les ha familiarizado, a las directivas del movimiento asociativo, en la realizaci\u00f3n de tr\u00e1mites a trav\u00e9s de los nuevos servicios telem\u00e1ticos que ofrece<\/p>\n","protected":false},"author":1,"featured_media":96069,"comment_status":"closed","ping_status":"closed","sticky":false,"template":"","format":"standard","meta":{"footnotes":""},"categories":[2],"tags":[],"class_list":{"0":"post-96068","1":"post","2":"type-post","3":"status-publish","4":"format-standard","5":"has-post-thumbnail","7":"category-noticias-carreno"},"aioseo_notices":[],"aioseo_head":"\n\t\t<!-- All in One SEO Pro 4.9.6.2 - aioseo.com -->\n\t<meta name=\"description\" content=\"En las dos primeras jornadas formativas impulsadas por el consistorio, en el Centro de Dinamizaci\u00f3n Tecnol\u00f3gica Local, participaron 26 asociaciones sin \u00e1nimo de lucro de Carre\u00f1o. En estas acciones formativas gratuitas se les ha familiarizado, a las directivas del movimiento asociativo, en la realizaci\u00f3n de tr\u00e1mites a trav\u00e9s de los nuevos servicios telem\u00e1ticos que ofrece\" \/>\n\t<meta name=\"robots\" content=\"max-image-preview:large\" \/>\n\t<meta name=\"author\" content=\"Cand\u00e1s 365\"\/>\n\t<meta name=\"google-site-verification\" content=\"UA-32230408-1\" \/>\n\t<meta name=\"msvalidate.01\" content=\"354F3CDFB2DA171B47FBE9ABF1F88D5\" \/>\n\t<meta name=\"keywords\" content=\"noticias carre\u00f1o\" \/>\n\t<link rel=\"canonical\" href=\"https:\/\/candas365.es\/noticias\/las-entidades-de-carreno-se-adaptan-a-las-normativas-digitales\/\" \/>\n\t<meta name=\"generator\" content=\"All in One SEO Pro (AIOSEO) 4.9.6.2\" \/>\n\t\t<meta property=\"og:locale\" content=\"es_ES\" \/>\n\t\t<meta property=\"og:site_name\" content=\"Cand\u00e1s 365\" \/>\n\t\t<meta property=\"og:type\" content=\"article\" \/>\n\t\t<meta property=\"og:title\" content=\"Las entidades de Carre\u00f1o se adaptan a las normativas digitales | Cand\u00e1s 365\" \/>\n\t\t<meta property=\"og:description\" content=\"En las dos primeras jornadas formativas impulsadas por el consistorio, en el Centro de Dinamizaci\u00f3n Tecnol\u00f3gica Local, participaron 26 asociaciones sin \u00e1nimo de lucro de Carre\u00f1o. En estas acciones formativas gratuitas se les ha familiarizado, a las directivas del movimiento asociativo, en la realizaci\u00f3n de tr\u00e1mites a trav\u00e9s de los nuevos servicios telem\u00e1ticos que ofrece\" \/>\n\t\t<meta property=\"og:url\" content=\"https:\/\/candas365.es\/noticias\/las-entidades-de-carreno-se-adaptan-a-las-normativas-digitales\/\" \/>\n\t\t<meta property=\"og:image\" content=\"https:\/\/candas365.es\/noticias\/wp-content\/uploads\/2018\/05\/P1000768.jpg\" \/>\n\t\t<meta property=\"og:image:secure_url\" content=\"https:\/\/candas365.es\/noticias\/wp-content\/uploads\/2018\/05\/P1000768.jpg\" \/>\n\t\t<meta property=\"og:image:width\" content=\"1280\" \/>\n\t\t<meta property=\"og:image:height\" content=\"959\" \/>\n\t\t<meta property=\"article:published_time\" content=\"2018-05-19T16:03:28+00:00\" \/>\n\t\t<meta property=\"article:modified_time\" content=\"2018-05-19T16:03:28+00:00\" \/>\n\t\t<meta property=\"article:publisher\" content=\"https:\/\/www.facebook.com\/Nachofdezber\" \/>\n\t\t<meta property=\"article:author\" content=\"https:\/\/www.facebook.com\/carrenoactualidad\" \/>\n\t\t<meta name=\"twitter:card\" content=\"summary_large_image\" \/>\n\t\t<meta name=\"twitter:site\" content=\"@NabercoDigital\" \/>\n\t\t<meta name=\"twitter:title\" content=\"Las entidades de Carre\u00f1o se adaptan a las normativas digitales | Cand\u00e1s 365\" \/>\n\t\t<meta name=\"twitter:description\" content=\"En las dos primeras jornadas formativas impulsadas por el consistorio, en el Centro de Dinamizaci\u00f3n Tecnol\u00f3gica Local, participaron 26 asociaciones sin \u00e1nimo de lucro de Carre\u00f1o. En estas acciones formativas gratuitas se les ha familiarizado, a las directivas del movimiento asociativo, en la realizaci\u00f3n de tr\u00e1mites a trav\u00e9s de los nuevos servicios telem\u00e1ticos que ofrece\" \/>\n\t\t<meta name=\"twitter:creator\" content=\"@nbasturias\" \/>\n\t\t<meta name=\"twitter:image\" content=\"https:\/\/candas365.es\/noticias\/wp-content\/uploads\/2018\/05\/P1000768.jpg\" \/>\n\t\t<meta name=\"twitter:label1\" content=\"Escrito por\" \/>\n\t\t<meta name=\"twitter:data1\" content=\"Cand\u00e1s 365\" \/>\n\t\t<meta name=\"twitter:label2\" content=\"Tiempo de lectura estimado\" \/>\n\t\t<meta name=\"twitter:data2\" content=\"2 minutos\" \/>\n\t\t<script type=\"application\/ld+json\" class=\"aioseo-schema\">\n\t\t\t{\"@context\":\"https:\\\/\\\/schema.org\",\"@graph\":[{\"@type\":\"BreadcrumbList\",\"@id\":\"https:\\\/\\\/candas365.es\\\/noticias\\\/las-entidades-de-carreno-se-adaptan-a-las-normativas-digitales\\\/#breadcrumblist\",\"itemListElement\":[{\"@type\":\"ListItem\",\"@id\":\"https:\\\/\\\/candas365.es\\\/noticias#listItem\",\"position\":1,\"name\":\"Home\",\"item\":\"https:\\\/\\\/candas365.es\\\/noticias\",\"nextItem\":{\"@type\":\"ListItem\",\"@id\":\"https:\\\/\\\/candas365.es\\\/noticias\\\/category\\\/noticias-carreno\\\/#listItem\",\"name\":\"Noticias Carre\\u00f1o\"}},{\"@type\":\"ListItem\",\"@id\":\"https:\\\/\\\/candas365.es\\\/noticias\\\/category\\\/noticias-carreno\\\/#listItem\",\"position\":2,\"name\":\"Noticias Carre\\u00f1o\",\"item\":\"https:\\\/\\\/candas365.es\\\/noticias\\\/category\\\/noticias-carreno\\\/\",\"nextItem\":{\"@type\":\"ListItem\",\"@id\":\"https:\\\/\\\/candas365.es\\\/noticias\\\/las-entidades-de-carreno-se-adaptan-a-las-normativas-digitales\\\/#listItem\",\"name\":\"Las entidades de Carre\\u00f1o se adaptan a las normativas digitales\"},\"previousItem\":{\"@type\":\"ListItem\",\"@id\":\"https:\\\/\\\/candas365.es\\\/noticias#listItem\",\"name\":\"Home\"}},{\"@type\":\"ListItem\",\"@id\":\"https:\\\/\\\/candas365.es\\\/noticias\\\/las-entidades-de-carreno-se-adaptan-a-las-normativas-digitales\\\/#listItem\",\"position\":3,\"name\":\"Las entidades de Carre\\u00f1o se adaptan a las normativas digitales\",\"previousItem\":{\"@type\":\"ListItem\",\"@id\":\"https:\\\/\\\/candas365.es\\\/noticias\\\/category\\\/noticias-carreno\\\/#listItem\",\"name\":\"Noticias Carre\\u00f1o\"}}]},{\"@type\":\"NewsArticle\",\"@id\":\"https:\\\/\\\/candas365.es\\\/noticias\\\/las-entidades-de-carreno-se-adaptan-a-las-normativas-digitales\\\/#newsarticle\",\"name\":\"Las entidades de Carre\\u00f1o se adaptan a las normativas digitales | Cand\\u00e1s 365\",\"headline\":\"Las entidades de Carre\\u00f1o se adaptan a las normativas digitales\",\"author\":{\"@id\":\"https:\\\/\\\/candas365.es\\\/noticias\\\/author\\\/admin\\\/#author\"},\"publisher\":{\"@id\":\"https:\\\/\\\/candas365.es\\\/noticias\\\/#organization\"},\"image\":{\"@type\":\"ImageObject\",\"url\":\"https:\\\/\\\/candas365.es\\\/noticias\\\/wp-content\\\/uploads\\\/2018\\\/05\\\/P1000768.jpg\",\"width\":1280,\"height\":959},\"datePublished\":\"2018-05-19T16:03:28+02:00\",\"dateModified\":\"2018-05-19T16:03:28+02:00\",\"inLanguage\":\"es-ES\",\"mainEntityOfPage\":{\"@id\":\"https:\\\/\\\/candas365.es\\\/noticias\\\/las-entidades-de-carreno-se-adaptan-a-las-normativas-digitales\\\/#webpage\"},\"isPartOf\":{\"@id\":\"https:\\\/\\\/candas365.es\\\/noticias\\\/las-entidades-de-carreno-se-adaptan-a-las-normativas-digitales\\\/#webpage\"},\"articleSection\":\"Noticias Carre\\u00f1o\",\"dateline\":\"Publicado el mayo 19, 2018.\"},{\"@type\":\"Organization\",\"@id\":\"https:\\\/\\\/candas365.es\\\/noticias\\\/#organization\",\"name\":\"Cand\\u00e1s 365\",\"description\":\"Cand\\u00e1s 365 es un diario digital independiente, fundado en 2012, con base en Asturias. Informamos con rigor sobre actualidad, sociedad, cultura y ocio, con una mirada local y global.\",\"url\":\"https:\\\/\\\/candas365.es\\\/noticias\\\/\",\"email\":\"info@candas365.es\",\"telephone\":\"+34652131393\",\"foundingDate\":\"2012-06-10\",\"logo\":{\"@type\":\"ImageObject\",\"url\":\"https:\\\/\\\/candas365.es\\\/noticias\\\/wp-content\\\/uploads\\\/2024\\\/09\\\/Candas-365-Redes.jpg\",\"@id\":\"https:\\\/\\\/candas365.es\\\/noticias\\\/las-entidades-de-carreno-se-adaptan-a-las-normativas-digitales\\\/#organizationLogo\",\"width\":1152,\"height\":864,\"caption\":\"Cand\\u00e1s 365 Redes\"},\"image\":{\"@id\":\"https:\\\/\\\/candas365.es\\\/noticias\\\/las-entidades-de-carreno-se-adaptan-a-las-normativas-digitales\\\/#organizationLogo\"},\"sameAs\":[\"https:\\\/\\\/www.facebook.com\\\/Nachofdezber\",\"https:\\\/\\\/x.com\\\/NabercoDigital\",\"https:\\\/\\\/www.instagram.com\\\/nachofdezber\\\/\",\"https:\\\/\\\/www.youtube.com\\\/channel\\\/UCZP-2wLEB9Rv6erhFmqVnvg\"],\"address\":{\"@id\":\"https:\\\/\\\/candas365.es\\\/noticias\\\/#postaladdress\",\"@type\":\"PostalAddress\",\"streetAddress\":\"san antonio 4, san antonio 4\",\"postalCode\":\"33430\",\"addressLocality\":\"Cand\\u00e1s\",\"addressRegion\":\"Asturias\",\"addressCountry\":\"ES\"}},{\"@type\":\"Person\",\"@id\":\"https:\\\/\\\/candas365.es\\\/noticias\\\/author\\\/admin\\\/#author\",\"url\":\"https:\\\/\\\/candas365.es\\\/noticias\\\/author\\\/admin\\\/\",\"name\":\"Cand\\u00e1s 365\",\"image\":{\"@type\":\"ImageObject\",\"@id\":\"https:\\\/\\\/candas365.es\\\/noticias\\\/las-entidades-de-carreno-se-adaptan-a-las-normativas-digitales\\\/#authorImage\",\"url\":\"https:\\\/\\\/secure.gravatar.com\\\/avatar\\\/496a8e03d0c493ede1718b7934145dbdf8d89be1036b0eec9544e1094c9de390?s=96&d=mm&r=g\",\"width\":96,\"height\":96,\"caption\":\"Cand\\u00e1s 365\"},\"sameAs\":[\"https:\\\/\\\/www.facebook.com\\\/carrenoactualidad\",\"https:\\\/\\\/twitter.com\\\/nbasturias\",\"https:\\\/\\\/www.instagram.com\\\/nachofdezber\\\/\",\"https:\\\/\\\/www.youtube.com\\\/channel\\\/UCZP-2wLEB9Rv6erhFmqVnvg\"]},{\"@type\":\"WebPage\",\"@id\":\"https:\\\/\\\/candas365.es\\\/noticias\\\/las-entidades-de-carreno-se-adaptan-a-las-normativas-digitales\\\/#webpage\",\"url\":\"https:\\\/\\\/candas365.es\\\/noticias\\\/las-entidades-de-carreno-se-adaptan-a-las-normativas-digitales\\\/\",\"name\":\"Las entidades de Carre\\u00f1o se adaptan a las normativas digitales | Cand\\u00e1s 365\",\"description\":\"En las dos primeras jornadas formativas impulsadas por el consistorio, en el Centro de Dinamizaci\\u00f3n Tecnol\\u00f3gica Local, participaron 26 asociaciones sin \\u00e1nimo de lucro de Carre\\u00f1o. En estas acciones formativas gratuitas se les ha familiarizado, a las directivas del movimiento asociativo, en la realizaci\\u00f3n de tr\\u00e1mites a trav\\u00e9s de los nuevos servicios telem\\u00e1ticos que ofrece\",\"inLanguage\":\"es-ES\",\"isPartOf\":{\"@id\":\"https:\\\/\\\/candas365.es\\\/noticias\\\/#website\"},\"breadcrumb\":{\"@id\":\"https:\\\/\\\/candas365.es\\\/noticias\\\/las-entidades-de-carreno-se-adaptan-a-las-normativas-digitales\\\/#breadcrumblist\"},\"author\":{\"@id\":\"https:\\\/\\\/candas365.es\\\/noticias\\\/author\\\/admin\\\/#author\"},\"creator\":{\"@id\":\"https:\\\/\\\/candas365.es\\\/noticias\\\/author\\\/admin\\\/#author\"},\"image\":{\"@type\":\"ImageObject\",\"url\":\"https:\\\/\\\/candas365.es\\\/noticias\\\/wp-content\\\/uploads\\\/2018\\\/05\\\/P1000768.jpg\",\"@id\":\"https:\\\/\\\/candas365.es\\\/noticias\\\/las-entidades-de-carreno-se-adaptan-a-las-normativas-digitales\\\/#mainImage\",\"width\":1280,\"height\":959},\"primaryImageOfPage\":{\"@id\":\"https:\\\/\\\/candas365.es\\\/noticias\\\/las-entidades-de-carreno-se-adaptan-a-las-normativas-digitales\\\/#mainImage\"},\"datePublished\":\"2018-05-19T16:03:28+02:00\",\"dateModified\":\"2018-05-19T16:03:28+02:00\"},{\"@type\":\"WebSite\",\"@id\":\"https:\\\/\\\/candas365.es\\\/noticias\\\/#website\",\"url\":\"https:\\\/\\\/candas365.es\\\/noticias\\\/\",\"name\":\"Cand\\u00e1s 365\",\"alternateName\":\"Cand\\u00e1s 365 Noticias\",\"description\":\"Actualidad desde Carre\\u00f1o para el mundo\",\"inLanguage\":\"es-ES\",\"publisher\":{\"@id\":\"https:\\\/\\\/candas365.es\\\/noticias\\\/#organization\"}}]}\n\t\t<\/script>\n\t\t<!-- All in One SEO Pro -->\r\n\t\t<title>Las entidades de Carre\u00f1o se adaptan a las normativas digitales | Cand\u00e1s 365<\/title>\n\n","aioseo_head_json":{"title":"Las entidades de Carre\u00f1o se adaptan a las normativas digitales | Cand\u00e1s 365","description":"En las dos primeras jornadas formativas impulsadas por el consistorio, en el Centro de Dinamizaci\u00f3n Tecnol\u00f3gica Local, participaron 26 asociaciones sin \u00e1nimo de lucro de Carre\u00f1o. En estas acciones formativas gratuitas se les ha familiarizado, a las directivas del movimiento asociativo, en la realizaci\u00f3n de tr\u00e1mites a trav\u00e9s de los nuevos servicios telem\u00e1ticos que ofrece","canonical_url":"https:\/\/candas365.es\/noticias\/las-entidades-de-carreno-se-adaptan-a-las-normativas-digitales\/","robots":"max-image-preview:large","keywords":"noticias carre\u00f1o","webmasterTools":{"google-site-verification":"UA-32230408-1","msvalidate.01":"354F3CDFB2DA171B47FBE9ABF1F88D5","miscellaneous":""},"schema":{"@context":"https:\/\/schema.org","@graph":[{"@type":"BreadcrumbList","@id":"https:\/\/candas365.es\/noticias\/las-entidades-de-carreno-se-adaptan-a-las-normativas-digitales\/#breadcrumblist","itemListElement":[{"@type":"ListItem","@id":"https:\/\/candas365.es\/noticias#listItem","position":1,"name":"Home","item":"https:\/\/candas365.es\/noticias","nextItem":{"@type":"ListItem","@id":"https:\/\/candas365.es\/noticias\/category\/noticias-carreno\/#listItem","name":"Noticias Carre\u00f1o"}},{"@type":"ListItem","@id":"https:\/\/candas365.es\/noticias\/category\/noticias-carreno\/#listItem","position":2,"name":"Noticias Carre\u00f1o","item":"https:\/\/candas365.es\/noticias\/category\/noticias-carreno\/","nextItem":{"@type":"ListItem","@id":"https:\/\/candas365.es\/noticias\/las-entidades-de-carreno-se-adaptan-a-las-normativas-digitales\/#listItem","name":"Las entidades de Carre\u00f1o se adaptan a las normativas digitales"},"previousItem":{"@type":"ListItem","@id":"https:\/\/candas365.es\/noticias#listItem","name":"Home"}},{"@type":"ListItem","@id":"https:\/\/candas365.es\/noticias\/las-entidades-de-carreno-se-adaptan-a-las-normativas-digitales\/#listItem","position":3,"name":"Las entidades de Carre\u00f1o se adaptan a las normativas digitales","previousItem":{"@type":"ListItem","@id":"https:\/\/candas365.es\/noticias\/category\/noticias-carreno\/#listItem","name":"Noticias Carre\u00f1o"}}]},{"@type":"NewsArticle","@id":"https:\/\/candas365.es\/noticias\/las-entidades-de-carreno-se-adaptan-a-las-normativas-digitales\/#newsarticle","name":"Las entidades de Carre\u00f1o se adaptan a las normativas digitales | Cand\u00e1s 365","headline":"Las entidades de Carre\u00f1o se adaptan a las normativas digitales","author":{"@id":"https:\/\/candas365.es\/noticias\/author\/admin\/#author"},"publisher":{"@id":"https:\/\/candas365.es\/noticias\/#organization"},"image":{"@type":"ImageObject","url":"https:\/\/candas365.es\/noticias\/wp-content\/uploads\/2018\/05\/P1000768.jpg","width":1280,"height":959},"datePublished":"2018-05-19T16:03:28+02:00","dateModified":"2018-05-19T16:03:28+02:00","inLanguage":"es-ES","mainEntityOfPage":{"@id":"https:\/\/candas365.es\/noticias\/las-entidades-de-carreno-se-adaptan-a-las-normativas-digitales\/#webpage"},"isPartOf":{"@id":"https:\/\/candas365.es\/noticias\/las-entidades-de-carreno-se-adaptan-a-las-normativas-digitales\/#webpage"},"articleSection":"Noticias Carre\u00f1o","dateline":"Publicado el mayo 19, 2018."},{"@type":"Organization","@id":"https:\/\/candas365.es\/noticias\/#organization","name":"Cand\u00e1s 365","description":"Cand\u00e1s 365 es un diario digital independiente, fundado en 2012, con base en Asturias. Informamos con rigor sobre actualidad, sociedad, cultura y ocio, con una mirada local y global.","url":"https:\/\/candas365.es\/noticias\/","email":"info@candas365.es","telephone":"+34652131393","foundingDate":"2012-06-10","logo":{"@type":"ImageObject","url":"https:\/\/candas365.es\/noticias\/wp-content\/uploads\/2024\/09\/Candas-365-Redes.jpg","@id":"https:\/\/candas365.es\/noticias\/las-entidades-de-carreno-se-adaptan-a-las-normativas-digitales\/#organizationLogo","width":1152,"height":864,"caption":"Cand\u00e1s 365 Redes"},"image":{"@id":"https:\/\/candas365.es\/noticias\/las-entidades-de-carreno-se-adaptan-a-las-normativas-digitales\/#organizationLogo"},"sameAs":["https:\/\/www.facebook.com\/Nachofdezber","https:\/\/x.com\/NabercoDigital","https:\/\/www.instagram.com\/nachofdezber\/","https:\/\/www.youtube.com\/channel\/UCZP-2wLEB9Rv6erhFmqVnvg"],"address":{"@id":"https:\/\/candas365.es\/noticias\/#postaladdress","@type":"PostalAddress","streetAddress":"san antonio 4, san antonio 4","postalCode":"33430","addressLocality":"Cand\u00e1s","addressRegion":"Asturias","addressCountry":"ES"}},{"@type":"Person","@id":"https:\/\/candas365.es\/noticias\/author\/admin\/#author","url":"https:\/\/candas365.es\/noticias\/author\/admin\/","name":"Cand\u00e1s 365","image":{"@type":"ImageObject","@id":"https:\/\/candas365.es\/noticias\/las-entidades-de-carreno-se-adaptan-a-las-normativas-digitales\/#authorImage","url":"https:\/\/secure.gravatar.com\/avatar\/496a8e03d0c493ede1718b7934145dbdf8d89be1036b0eec9544e1094c9de390?s=96&d=mm&r=g","width":96,"height":96,"caption":"Cand\u00e1s 365"},"sameAs":["https:\/\/www.facebook.com\/carrenoactualidad","https:\/\/twitter.com\/nbasturias","https:\/\/www.instagram.com\/nachofdezber\/","https:\/\/www.youtube.com\/channel\/UCZP-2wLEB9Rv6erhFmqVnvg"]},{"@type":"WebPage","@id":"https:\/\/candas365.es\/noticias\/las-entidades-de-carreno-se-adaptan-a-las-normativas-digitales\/#webpage","url":"https:\/\/candas365.es\/noticias\/las-entidades-de-carreno-se-adaptan-a-las-normativas-digitales\/","name":"Las entidades de Carre\u00f1o se adaptan a las normativas digitales | Cand\u00e1s 365","description":"En las dos primeras jornadas formativas impulsadas por el consistorio, en el Centro de Dinamizaci\u00f3n Tecnol\u00f3gica Local, participaron 26 asociaciones sin \u00e1nimo de lucro de Carre\u00f1o. En estas acciones formativas gratuitas se les ha familiarizado, a las directivas del movimiento asociativo, en la realizaci\u00f3n de tr\u00e1mites a trav\u00e9s de los nuevos servicios telem\u00e1ticos que ofrece","inLanguage":"es-ES","isPartOf":{"@id":"https:\/\/candas365.es\/noticias\/#website"},"breadcrumb":{"@id":"https:\/\/candas365.es\/noticias\/las-entidades-de-carreno-se-adaptan-a-las-normativas-digitales\/#breadcrumblist"},"author":{"@id":"https:\/\/candas365.es\/noticias\/author\/admin\/#author"},"creator":{"@id":"https:\/\/candas365.es\/noticias\/author\/admin\/#author"},"image":{"@type":"ImageObject","url":"https:\/\/candas365.es\/noticias\/wp-content\/uploads\/2018\/05\/P1000768.jpg","@id":"https:\/\/candas365.es\/noticias\/las-entidades-de-carreno-se-adaptan-a-las-normativas-digitales\/#mainImage","width":1280,"height":959},"primaryImageOfPage":{"@id":"https:\/\/candas365.es\/noticias\/las-entidades-de-carreno-se-adaptan-a-las-normativas-digitales\/#mainImage"},"datePublished":"2018-05-19T16:03:28+02:00","dateModified":"2018-05-19T16:03:28+02:00"},{"@type":"WebSite","@id":"https:\/\/candas365.es\/noticias\/#website","url":"https:\/\/candas365.es\/noticias\/","name":"Cand\u00e1s 365","alternateName":"Cand\u00e1s 365 Noticias","description":"Actualidad desde Carre\u00f1o para el mundo","inLanguage":"es-ES","publisher":{"@id":"https:\/\/candas365.es\/noticias\/#organization"}}]},"og:locale":"es_ES","og:site_name":"Cand\u00e1s 365","og:type":"article","og:title":"Las entidades de Carre\u00f1o se adaptan a las normativas digitales | Cand\u00e1s 365","og:description":"En las dos primeras jornadas formativas impulsadas por el consistorio, en el Centro de Dinamizaci\u00f3n Tecnol\u00f3gica Local, participaron 26 asociaciones sin \u00e1nimo de lucro de Carre\u00f1o. En estas acciones formativas gratuitas se les ha familiarizado, a las directivas del movimiento asociativo, en la realizaci\u00f3n de tr\u00e1mites a trav\u00e9s de los nuevos servicios telem\u00e1ticos que ofrece","og:url":"https:\/\/candas365.es\/noticias\/las-entidades-de-carreno-se-adaptan-a-las-normativas-digitales\/","og:image":"https:\/\/candas365.es\/noticias\/wp-content\/uploads\/2018\/05\/P1000768.jpg","og:image:secure_url":"https:\/\/candas365.es\/noticias\/wp-content\/uploads\/2018\/05\/P1000768.jpg","og:image:width":1280,"og:image:height":959,"article:published_time":"2018-05-19T16:03:28+00:00","article:modified_time":"2018-05-19T16:03:28+00:00","article:publisher":"https:\/\/www.facebook.com\/Nachofdezber","article:author":"https:\/\/www.facebook.com\/carrenoactualidad","twitter:card":"summary_large_image","twitter:site":"@NabercoDigital","twitter:title":"Las entidades de Carre\u00f1o se adaptan a las normativas digitales | Cand\u00e1s 365","twitter:description":"En las dos primeras jornadas formativas impulsadas por el consistorio, en el Centro de Dinamizaci\u00f3n Tecnol\u00f3gica Local, participaron 26 asociaciones sin \u00e1nimo de lucro de Carre\u00f1o. En estas acciones formativas gratuitas se les ha familiarizado, a las directivas del movimiento asociativo, en la realizaci\u00f3n de tr\u00e1mites a trav\u00e9s de los nuevos servicios telem\u00e1ticos que ofrece","twitter:creator":"@nbasturias","twitter:image":"https:\/\/candas365.es\/noticias\/wp-content\/uploads\/2018\/05\/P1000768.jpg","twitter:label1":"Escrito por","twitter:data1":"Cand\u00e1s 365","twitter:label2":"Tiempo de lectura estimado","twitter:data2":"2 minutos"},"aioseo_meta_data":{"post_id":"96068","title":null,"description":null,"keywords":null,"keyphrases":null,"primary_term":null,"canonical_url":null,"og_title":null,"og_description":null,"og_object_type":"default","og_image_type":"default","og_image_url":null,"og_image_width":null,"og_image_height":null,"og_image_custom_url":null,"og_image_custom_fields":null,"og_video":null,"og_custom_url":null,"og_article_section":null,"og_article_tags":null,"twitter_use_og":false,"twitter_card":"default","twitter_image_type":"default","twitter_image_url":null,"twitter_image_custom_url":null,"twitter_image_custom_fields":null,"twitter_title":null,"twitter_description":null,"schema":{"blockGraphs":[],"customGraphs":[],"default":{"data":{"Article":[],"Course":[],"Dataset":[],"FAQPage":[],"Movie":[],"Person":[],"Product":[],"ProductReview":[],"Car":[],"Recipe":[],"Service":[],"SoftwareApplication":[],"WebPage":[]},"graphName":"","isEnabled":true},"graphs":[]},"schema_type":null,"schema_type_options":null,"pillar_content":false,"robots_default":true,"robots_noindex":false,"robots_noarchive":false,"robots_nosnippet":false,"robots_nofollow":false,"robots_noimageindex":false,"robots_noodp":false,"robots_notranslate":false,"robots_max_snippet":null,"robots_max_videopreview":null,"robots_max_imagepreview":"large","priority":null,"frequency":null,"location":null,"local_seo":null,"seo_analyzer_scan_date":"2025-08-26 21:25:12","breadcrumb_settings":null,"limit_modified_date":false,"reviewed_by":null,"open_ai":null,"ai":null,"created":"2020-12-21 11:51:52","updated":"2025-08-26 21:25:12"},"aioseo_breadcrumb":"<div class=\"aioseo-breadcrumbs\"><span class=\"aioseo-breadcrumb\">\n\t<a href=\"https:\/\/candas365.es\/noticias\" title=\"Home\">Home<\/a>\n<\/span><span class=\"aioseo-breadcrumb-separator\">&ndash;<\/span><span class=\"aioseo-breadcrumb\">\n\t<a href=\"https:\/\/candas365.es\/noticias\/category\/noticias-carreno\/\" title=\"Noticias Carre\u00f1o\">Noticias Carre\u00f1o<\/a>\n<\/span><span class=\"aioseo-breadcrumb-separator\">&ndash;<\/span><span class=\"aioseo-breadcrumb\">\n\tLas entidades de Carre\u00f1o se adaptan a las normativas digitales\n<\/span><\/div>","aioseo_breadcrumb_json":[{"label":"Home","link":"https:\/\/candas365.es\/noticias"},{"label":"Noticias Carre\u00f1o","link":"https:\/\/candas365.es\/noticias\/category\/noticias-carreno\/"},{"label":"Las entidades de Carre\u00f1o se adaptan a las normativas digitales","link":"https:\/\/candas365.es\/noticias\/las-entidades-de-carreno-se-adaptan-a-las-normativas-digitales\/"}],"_links":{"self":[{"href":"https:\/\/candas365.es\/noticias\/wp-json\/wp\/v2\/posts\/96068","targetHints":{"allow":["GET"]}}],"collection":[{"href":"https:\/\/candas365.es\/noticias\/wp-json\/wp\/v2\/posts"}],"about":[{"href":"https:\/\/candas365.es\/noticias\/wp-json\/wp\/v2\/types\/post"}],"author":[{"embeddable":true,"href":"https:\/\/candas365.es\/noticias\/wp-json\/wp\/v2\/users\/1"}],"replies":[{"embeddable":true,"href":"https:\/\/candas365.es\/noticias\/wp-json\/wp\/v2\/comments?post=96068"}],"version-history":[{"count":0,"href":"https:\/\/candas365.es\/noticias\/wp-json\/wp\/v2\/posts\/96068\/revisions"}],"wp:featuredmedia":[{"embeddable":true,"href":"https:\/\/candas365.es\/noticias\/wp-json\/wp\/v2\/media\/96069"}],"wp:attachment":[{"href":"https:\/\/candas365.es\/noticias\/wp-json\/wp\/v2\/media?parent=96068"}],"wp:term":[{"taxonomy":"category","embeddable":true,"href":"https:\/\/candas365.es\/noticias\/wp-json\/wp\/v2\/categories?post=96068"},{"taxonomy":"post_tag","embeddable":true,"href":"https:\/\/candas365.es\/noticias\/wp-json\/wp\/v2\/tags?post=96068"}],"curies":[{"name":"wp","href":"https:\/\/api.w.org\/{rel}","templated":true}]}}