{"id":96055,"date":"2018-05-19T12:42:27","date_gmt":"2018-05-19T12:42:27","guid":{"rendered":"http:\/\/candas365.es\/noticias\/?p=96055"},"modified":"2018-05-19T12:42:27","modified_gmt":"2018-05-19T12:42:27","slug":"pilar-varela-visita-las-obras-de-las-viviendas-de-el-campon","status":"publish","type":"post","link":"https:\/\/candas365.es\/noticias\/pilar-varela-visita-las-obras-de-las-viviendas-de-el-campon\/","title":{"rendered":"Pilar Varela visita las obras de las viviendas de El Camp\u00f3n"},"content":{"rendered":"<p><img fetchpriority=\"high\" decoding=\"async\" class=\"alignleft size-medium wp-image-96056\" src=\"https:\/\/candas365.es\/noticias\/wp-content\/uploads\/2018\/05\/Visita-obras-viviendas-Campon-2-360x240.jpg\" alt=\"\" width=\"360\" height=\"240\" srcset=\"https:\/\/candas365.es\/noticias\/wp-content\/uploads\/2018\/05\/Visita-obras-viviendas-Campon-2-360x240.jpg 360w, https:\/\/candas365.es\/noticias\/wp-content\/uploads\/2018\/05\/Visita-obras-viviendas-Campon-2-768x512.jpg 768w, https:\/\/candas365.es\/noticias\/wp-content\/uploads\/2018\/05\/Visita-obras-viviendas-Campon-2-655x436.jpg 655w, https:\/\/candas365.es\/noticias\/wp-content\/uploads\/2018\/05\/Visita-obras-viviendas-Campon-2-696x464.jpg 696w, https:\/\/candas365.es\/noticias\/wp-content\/uploads\/2018\/05\/Visita-obras-viviendas-Campon-2-1068x712.jpg 1068w, https:\/\/candas365.es\/noticias\/wp-content\/uploads\/2018\/05\/Visita-obras-viviendas-Campon-2-630x420.jpg 630w, https:\/\/candas365.es\/noticias\/wp-content\/uploads\/2018\/05\/Visita-obras-viviendas-Campon-2.jpg 1280w\" sizes=\"(max-width: 360px) 100vw, 360px\" \/>La consejera de Servicios y Derechos Sociales, Pilar Varela, ha anunciado hoy que las obras de construcci\u00f3n de 40 viviendas para alquiler que su departamento est\u00e1 llevando a cabo en El Camp\u00f3n, en Oviedo, concluir\u00e1n a finales del verano de 2019.<\/p>\n<p>Varela, que ha visitado el inicio de los trabajos acompa\u00f1ada por el director general de Vivienda, Ferm\u00edn Bravo, y por el alcalde de Oviedo, Wenceslao L\u00f3pez, ha explicado que, tras la cesi\u00f3n por parte de la empresa adjudicataria, Procoin, inmersa en un proceso concursal, Sedes se encarga de la obra desde mediados del mes pasado.<\/p>\n<p>Actualmente se est\u00e1n llevando a cabo excavaciones para alcanzar la cota de profundidad necesaria para la nueva construcci\u00f3n y est\u00e1 previsto que las obras finalicen en agosto de 2019, al mantenerse el plazo de ejecuci\u00f3n de 16 meses presentado en la adjudicaci\u00f3n.<\/p>\n<p>Los trabajos, que cuentan con un presupuesto de 2.455.830 euros, incluyen la ejecuci\u00f3n de 40 viviendas con garaje y trastero, que se edificar\u00e1n en una parcela de 2.260 metros cuadrados, cedida al Principado por el Ayuntamiento. En total, se construir\u00e1n 4.763,80 metros cuadrados.<\/p>\n<p>Se levantar\u00e1n dos bloques, en forma de L, distribuidos en bajo y dos o tres alturas, con 20 pisos en cada uno: 19 de un dormitorio, 14 de dos y cinco de tres, m\u00e1s dos viviendas adaptadas. El s\u00f3tano albergar\u00e1 los garajes, trasteros y una sala centralizada de instalaciones. Adem\u00e1s, los edificios contar\u00e1n con caldera de condensaci\u00f3n de gas e instalaci\u00f3n de paneles solares en cubierta.<\/p>\n<p>En el exterior, la parte baja de la fachada tendr\u00e1 un revestimiento de piedra caliza en tono gris oscuro, mientras que el resto de las plantas quedar\u00e1n cubiertas con un ladrillo cara vista de color blanco.<\/p>\n<p>Para la adjudicaci\u00f3n de la obra se tuvieron en cuenta varios criterios, por lo que adem\u00e1s del precio se valoraron aspectos t\u00e9cnicos y de calidad, as\u00ed como la presentaci\u00f3n de un programa completo de trabajo, con una propuesta pormenorizada del proceso constructivo y los plazos, coherente con las tareas planteadas y con los equipos de trabajo asignados. Tambi\u00e9n se puntuaron mejoras relacionadas con la calidad, tanto en el control de materiales como en actuaciones constructivas. La licitaci\u00f3n exigi\u00f3, adem\u00e1s, que la subcontrataci\u00f3n no superara el 50%.<\/p>\n<p><strong>Inmuebles de calidad y accesibles<\/strong><\/p>\n<p>Varela ha se\u00f1alado que el objetivo de su departamento es avanzar en la ejecuci\u00f3n de viviendas de calidad, accesibles y sostenibles, que permitan un f\u00e1cil mantenimiento e impliquen menor coste para los inquilinos. En este sentido, ha apuntado que el Principado da prioridad a estos aspectos constructivos en los nuevos proyectos y ha recordado que en Muros de Nal\u00f3n se crear\u00e1 el primer bloque de viviendas de Asturias bajo el est\u00e1ndar Passivhaus, de mayor eficiencia energ\u00e9tica.<\/p>\n<p>La consejera ha destacado que los nuevos pisos se sumar\u00e1n al parque p\u00fablico auton\u00f3mico de alquiler, que alcanza ya las 9.587 unidades y es el segundo de Espa\u00f1a por porcentaje de poblaci\u00f3n.<\/p>\n<p>Tambi\u00e9n ha recordado que ning\u00fan inquilino paga m\u00e1s del 20% de sus ingresos por el alquiler de una vivienda p\u00fablica y que en esta legislatura se est\u00e1 haciendo un importante esfuerzo presupuestario en reparaci\u00f3n, con el fin de que las que quedan libres se pongan cuanto antes a disposici\u00f3n de la ciudadan\u00eda. En este sentido, ha destacado que el cr\u00e9dito extraordinario aprobado recientemente en la Junta General incluye 500.000 euros para este fin, que se sumar\u00e1n a los 2,8 millones recogidos en el presupuesto prorrogado para mantenimiento: 1,5 en Vipasa y 1,3 en la Direcci\u00f3n General de Vivienda.<\/p>\n<p>Asimismo, ha valorado la pol\u00edtica de coordinaci\u00f3n con los ayuntamientos, que est\u00e1 permitiendo adjudicar con m\u00e1s rapidez inmuebles que quedan vac\u00edos. En 2017, el Gobierno de Asturias puso a disposici\u00f3n de los concejos 565 viviendas reparadas para su adjudicaci\u00f3n a propuesta municipal.<\/p>\n<p>El Principado dispone de 1.524 viviendas en Oviedo, de las que cuatro est\u00e1n vac\u00edas y pendientes de reparaci\u00f3n.<\/p>\n","protected":false},"excerpt":{"rendered":"<p>La consejera de Servicios y Derechos Sociales, Pilar Varela, ha anunciado hoy que las obras de construcci\u00f3n de 40 viviendas para alquiler que su departamento est\u00e1 llevando a cabo en El Camp\u00f3n, en Oviedo, concluir\u00e1n a finales del verano de 2019. Varela, que ha visitado el inicio de los trabajos acompa\u00f1ada por el director general<\/p>\n","protected":false},"author":1,"featured_media":96056,"comment_status":"closed","ping_status":"closed","sticky":false,"template":"","format":"standard","meta":{"footnotes":""},"categories":[7],"tags":[],"class_list":{"0":"post-96055","1":"post","2":"type-post","3":"status-publish","4":"format-standard","5":"has-post-thumbnail","7":"category-asturias"},"aioseo_notices":[],"aioseo_head":"\n\t\t<!-- All in One SEO Pro 4.9.6.2 - aioseo.com -->\n\t<meta name=\"description\" content=\"La consejera de Servicios y Derechos Sociales, Pilar Varela, ha anunciado hoy que las obras de construcci\u00f3n de 40 viviendas para alquiler que su departamento est\u00e1 llevando a cabo en El Camp\u00f3n, en Oviedo, concluir\u00e1n a finales del verano de 2019. Varela, que ha visitado el inicio de los trabajos acompa\u00f1ada por el director general\" \/>\n\t<meta name=\"robots\" content=\"max-image-preview:large\" \/>\n\t<meta name=\"author\" content=\"Cand\u00e1s 365\"\/>\n\t<meta name=\"google-site-verification\" content=\"UA-32230408-1\" \/>\n\t<meta name=\"msvalidate.01\" content=\"354F3CDFB2DA171B47FBE9ABF1F88D5\" \/>\n\t<meta name=\"keywords\" content=\"asturias\" \/>\n\t<link rel=\"canonical\" href=\"https:\/\/candas365.es\/noticias\/pilar-varela-visita-las-obras-de-las-viviendas-de-el-campon\/\" \/>\n\t<meta name=\"generator\" content=\"All in One SEO Pro (AIOSEO) 4.9.6.2\" \/>\n\t\t<meta property=\"og:locale\" content=\"es_ES\" \/>\n\t\t<meta property=\"og:site_name\" content=\"Cand\u00e1s 365\" \/>\n\t\t<meta property=\"og:type\" content=\"article\" \/>\n\t\t<meta property=\"og:title\" content=\"Pilar Varela visita las obras de las viviendas de El Camp\u00f3n | Cand\u00e1s 365\" \/>\n\t\t<meta property=\"og:description\" content=\"La consejera de Servicios y Derechos Sociales, Pilar Varela, ha anunciado hoy que las obras de construcci\u00f3n de 40 viviendas para alquiler que su departamento est\u00e1 llevando a cabo en El Camp\u00f3n, en Oviedo, concluir\u00e1n a finales del verano de 2019. Varela, que ha visitado el inicio de los trabajos acompa\u00f1ada por el director general\" \/>\n\t\t<meta property=\"og:url\" content=\"https:\/\/candas365.es\/noticias\/pilar-varela-visita-las-obras-de-las-viviendas-de-el-campon\/\" \/>\n\t\t<meta property=\"og:image\" content=\"https:\/\/candas365.es\/noticias\/wp-content\/uploads\/2018\/05\/Visita-obras-viviendas-Campon-2.jpg\" \/>\n\t\t<meta property=\"og:image:secure_url\" content=\"https:\/\/candas365.es\/noticias\/wp-content\/uploads\/2018\/05\/Visita-obras-viviendas-Campon-2.jpg\" \/>\n\t\t<meta property=\"og:image:width\" content=\"1280\" \/>\n\t\t<meta property=\"og:image:height\" content=\"853\" \/>\n\t\t<meta property=\"article:published_time\" content=\"2018-05-19T12:42:27+00:00\" \/>\n\t\t<meta property=\"article:modified_time\" content=\"2018-05-19T12:42:27+00:00\" \/>\n\t\t<meta property=\"article:publisher\" content=\"https:\/\/www.facebook.com\/Nachofdezber\" \/>\n\t\t<meta property=\"article:author\" content=\"https:\/\/www.facebook.com\/carrenoactualidad\" \/>\n\t\t<meta name=\"twitter:card\" content=\"summary_large_image\" \/>\n\t\t<meta name=\"twitter:site\" content=\"@NabercoDigital\" \/>\n\t\t<meta name=\"twitter:title\" content=\"Pilar Varela visita las obras de las viviendas de El Camp\u00f3n | Cand\u00e1s 365\" \/>\n\t\t<meta name=\"twitter:description\" content=\"La consejera de Servicios y Derechos Sociales, Pilar Varela, ha anunciado hoy que las obras de construcci\u00f3n de 40 viviendas para alquiler que su departamento est\u00e1 llevando a cabo en El Camp\u00f3n, en Oviedo, concluir\u00e1n a finales del verano de 2019. Varela, que ha visitado el inicio de los trabajos acompa\u00f1ada por el director general\" \/>\n\t\t<meta name=\"twitter:creator\" content=\"@nbasturias\" \/>\n\t\t<meta name=\"twitter:image\" content=\"https:\/\/candas365.es\/noticias\/wp-content\/uploads\/2018\/05\/Visita-obras-viviendas-Campon-2.jpg\" \/>\n\t\t<meta name=\"twitter:label1\" content=\"Escrito por\" \/>\n\t\t<meta name=\"twitter:data1\" content=\"Cand\u00e1s 365\" \/>\n\t\t<meta name=\"twitter:label2\" content=\"Tiempo de lectura estimado\" \/>\n\t\t<meta name=\"twitter:data2\" content=\"3 minutos\" \/>\n\t\t<script type=\"application\/ld+json\" class=\"aioseo-schema\">\n\t\t\t{\"@context\":\"https:\\\/\\\/schema.org\",\"@graph\":[{\"@type\":\"BreadcrumbList\",\"@id\":\"https:\\\/\\\/candas365.es\\\/noticias\\\/pilar-varela-visita-las-obras-de-las-viviendas-de-el-campon\\\/#breadcrumblist\",\"itemListElement\":[{\"@type\":\"ListItem\",\"@id\":\"https:\\\/\\\/candas365.es\\\/noticias#listItem\",\"position\":1,\"name\":\"Home\",\"item\":\"https:\\\/\\\/candas365.es\\\/noticias\",\"nextItem\":{\"@type\":\"ListItem\",\"@id\":\"https:\\\/\\\/candas365.es\\\/noticias\\\/category\\\/asturias\\\/#listItem\",\"name\":\"Asturias\"}},{\"@type\":\"ListItem\",\"@id\":\"https:\\\/\\\/candas365.es\\\/noticias\\\/category\\\/asturias\\\/#listItem\",\"position\":2,\"name\":\"Asturias\",\"item\":\"https:\\\/\\\/candas365.es\\\/noticias\\\/category\\\/asturias\\\/\",\"nextItem\":{\"@type\":\"ListItem\",\"@id\":\"https:\\\/\\\/candas365.es\\\/noticias\\\/pilar-varela-visita-las-obras-de-las-viviendas-de-el-campon\\\/#listItem\",\"name\":\"Pilar Varela visita las obras de las viviendas de El Camp\\u00f3n\"},\"previousItem\":{\"@type\":\"ListItem\",\"@id\":\"https:\\\/\\\/candas365.es\\\/noticias#listItem\",\"name\":\"Home\"}},{\"@type\":\"ListItem\",\"@id\":\"https:\\\/\\\/candas365.es\\\/noticias\\\/pilar-varela-visita-las-obras-de-las-viviendas-de-el-campon\\\/#listItem\",\"position\":3,\"name\":\"Pilar Varela visita las obras de las viviendas de El Camp\\u00f3n\",\"previousItem\":{\"@type\":\"ListItem\",\"@id\":\"https:\\\/\\\/candas365.es\\\/noticias\\\/category\\\/asturias\\\/#listItem\",\"name\":\"Asturias\"}}]},{\"@type\":\"NewsArticle\",\"@id\":\"https:\\\/\\\/candas365.es\\\/noticias\\\/pilar-varela-visita-las-obras-de-las-viviendas-de-el-campon\\\/#newsarticle\",\"name\":\"Pilar Varela visita las obras de las viviendas de El Camp\\u00f3n | Cand\\u00e1s 365\",\"headline\":\"Pilar Varela visita las obras de las viviendas de El Camp\\u00f3n\",\"author\":{\"@id\":\"https:\\\/\\\/candas365.es\\\/noticias\\\/author\\\/admin\\\/#author\"},\"publisher\":{\"@id\":\"https:\\\/\\\/candas365.es\\\/noticias\\\/#organization\"},\"image\":{\"@type\":\"ImageObject\",\"url\":\"https:\\\/\\\/candas365.es\\\/noticias\\\/wp-content\\\/uploads\\\/2018\\\/05\\\/Visita-obras-viviendas-Campon-2.jpg\",\"width\":1280,\"height\":853},\"datePublished\":\"2018-05-19T12:42:27+02:00\",\"dateModified\":\"2018-05-19T12:42:27+02:00\",\"inLanguage\":\"es-ES\",\"mainEntityOfPage\":{\"@id\":\"https:\\\/\\\/candas365.es\\\/noticias\\\/pilar-varela-visita-las-obras-de-las-viviendas-de-el-campon\\\/#webpage\"},\"isPartOf\":{\"@id\":\"https:\\\/\\\/candas365.es\\\/noticias\\\/pilar-varela-visita-las-obras-de-las-viviendas-de-el-campon\\\/#webpage\"},\"articleSection\":\"Asturias\",\"dateline\":\"Publicado el mayo 19, 2018.\"},{\"@type\":\"Organization\",\"@id\":\"https:\\\/\\\/candas365.es\\\/noticias\\\/#organization\",\"name\":\"Cand\\u00e1s 365\",\"description\":\"Cand\\u00e1s 365 es un diario digital independiente, fundado en 2012, con base en Asturias. Informamos con rigor sobre actualidad, sociedad, cultura y ocio, con una mirada local y global.\",\"url\":\"https:\\\/\\\/candas365.es\\\/noticias\\\/\",\"email\":\"info@candas365.es\",\"telephone\":\"+34652131393\",\"foundingDate\":\"2012-06-10\",\"logo\":{\"@type\":\"ImageObject\",\"url\":\"https:\\\/\\\/candas365.es\\\/noticias\\\/wp-content\\\/uploads\\\/2024\\\/09\\\/Candas-365-Redes.jpg\",\"@id\":\"https:\\\/\\\/candas365.es\\\/noticias\\\/pilar-varela-visita-las-obras-de-las-viviendas-de-el-campon\\\/#organizationLogo\",\"width\":1152,\"height\":864,\"caption\":\"Cand\\u00e1s 365 Redes\"},\"image\":{\"@id\":\"https:\\\/\\\/candas365.es\\\/noticias\\\/pilar-varela-visita-las-obras-de-las-viviendas-de-el-campon\\\/#organizationLogo\"},\"sameAs\":[\"https:\\\/\\\/www.facebook.com\\\/Nachofdezber\",\"https:\\\/\\\/x.com\\\/NabercoDigital\",\"https:\\\/\\\/www.instagram.com\\\/nachofdezber\\\/\",\"https:\\\/\\\/www.youtube.com\\\/channel\\\/UCZP-2wLEB9Rv6erhFmqVnvg\"],\"address\":{\"@id\":\"https:\\\/\\\/candas365.es\\\/noticias\\\/#postaladdress\",\"@type\":\"PostalAddress\",\"streetAddress\":\"san antonio 4, san antonio 4\",\"postalCode\":\"33430\",\"addressLocality\":\"Cand\\u00e1s\",\"addressRegion\":\"Asturias\",\"addressCountry\":\"ES\"}},{\"@type\":\"Person\",\"@id\":\"https:\\\/\\\/candas365.es\\\/noticias\\\/author\\\/admin\\\/#author\",\"url\":\"https:\\\/\\\/candas365.es\\\/noticias\\\/author\\\/admin\\\/\",\"name\":\"Cand\\u00e1s 365\",\"image\":{\"@type\":\"ImageObject\",\"@id\":\"https:\\\/\\\/candas365.es\\\/noticias\\\/pilar-varela-visita-las-obras-de-las-viviendas-de-el-campon\\\/#authorImage\",\"url\":\"https:\\\/\\\/secure.gravatar.com\\\/avatar\\\/496a8e03d0c493ede1718b7934145dbdf8d89be1036b0eec9544e1094c9de390?s=96&d=mm&r=g\",\"width\":96,\"height\":96,\"caption\":\"Cand\\u00e1s 365\"},\"sameAs\":[\"https:\\\/\\\/www.facebook.com\\\/carrenoactualidad\",\"https:\\\/\\\/twitter.com\\\/nbasturias\",\"https:\\\/\\\/www.instagram.com\\\/nachofdezber\\\/\",\"https:\\\/\\\/www.youtube.com\\\/channel\\\/UCZP-2wLEB9Rv6erhFmqVnvg\"]},{\"@type\":\"WebPage\",\"@id\":\"https:\\\/\\\/candas365.es\\\/noticias\\\/pilar-varela-visita-las-obras-de-las-viviendas-de-el-campon\\\/#webpage\",\"url\":\"https:\\\/\\\/candas365.es\\\/noticias\\\/pilar-varela-visita-las-obras-de-las-viviendas-de-el-campon\\\/\",\"name\":\"Pilar Varela visita las obras de las viviendas de El Camp\\u00f3n | Cand\\u00e1s 365\",\"description\":\"La consejera de Servicios y Derechos Sociales, Pilar Varela, ha anunciado hoy que las obras de construcci\\u00f3n de 40 viviendas para alquiler que su departamento est\\u00e1 llevando a cabo en El Camp\\u00f3n, en Oviedo, concluir\\u00e1n a finales del verano de 2019. Varela, que ha visitado el inicio de los trabajos acompa\\u00f1ada por el director general\",\"inLanguage\":\"es-ES\",\"isPartOf\":{\"@id\":\"https:\\\/\\\/candas365.es\\\/noticias\\\/#website\"},\"breadcrumb\":{\"@id\":\"https:\\\/\\\/candas365.es\\\/noticias\\\/pilar-varela-visita-las-obras-de-las-viviendas-de-el-campon\\\/#breadcrumblist\"},\"author\":{\"@id\":\"https:\\\/\\\/candas365.es\\\/noticias\\\/author\\\/admin\\\/#author\"},\"creator\":{\"@id\":\"https:\\\/\\\/candas365.es\\\/noticias\\\/author\\\/admin\\\/#author\"},\"image\":{\"@type\":\"ImageObject\",\"url\":\"https:\\\/\\\/candas365.es\\\/noticias\\\/wp-content\\\/uploads\\\/2018\\\/05\\\/Visita-obras-viviendas-Campon-2.jpg\",\"@id\":\"https:\\\/\\\/candas365.es\\\/noticias\\\/pilar-varela-visita-las-obras-de-las-viviendas-de-el-campon\\\/#mainImage\",\"width\":1280,\"height\":853},\"primaryImageOfPage\":{\"@id\":\"https:\\\/\\\/candas365.es\\\/noticias\\\/pilar-varela-visita-las-obras-de-las-viviendas-de-el-campon\\\/#mainImage\"},\"datePublished\":\"2018-05-19T12:42:27+02:00\",\"dateModified\":\"2018-05-19T12:42:27+02:00\"},{\"@type\":\"WebSite\",\"@id\":\"https:\\\/\\\/candas365.es\\\/noticias\\\/#website\",\"url\":\"https:\\\/\\\/candas365.es\\\/noticias\\\/\",\"name\":\"Cand\\u00e1s 365\",\"alternateName\":\"Cand\\u00e1s 365 Noticias\",\"description\":\"Actualidad desde Carre\\u00f1o para el mundo\",\"inLanguage\":\"es-ES\",\"publisher\":{\"@id\":\"https:\\\/\\\/candas365.es\\\/noticias\\\/#organization\"}}]}\n\t\t<\/script>\n\t\t<!-- All in One SEO Pro -->\r\n\t\t<title>Pilar Varela visita las obras de las viviendas de El Camp\u00f3n | Cand\u00e1s 365<\/title>\n\n","aioseo_head_json":{"title":"Pilar Varela visita las obras de las viviendas de El Camp\u00f3n | Cand\u00e1s 365","description":"La consejera de Servicios y Derechos Sociales, Pilar Varela, ha anunciado hoy que las obras de construcci\u00f3n de 40 viviendas para alquiler que su departamento est\u00e1 llevando a cabo en El Camp\u00f3n, en Oviedo, concluir\u00e1n a finales del verano de 2019. Varela, que ha visitado el inicio de los trabajos acompa\u00f1ada por el director general","canonical_url":"https:\/\/candas365.es\/noticias\/pilar-varela-visita-las-obras-de-las-viviendas-de-el-campon\/","robots":"max-image-preview:large","keywords":"asturias","webmasterTools":{"google-site-verification":"UA-32230408-1","msvalidate.01":"354F3CDFB2DA171B47FBE9ABF1F88D5","miscellaneous":""},"schema":{"@context":"https:\/\/schema.org","@graph":[{"@type":"BreadcrumbList","@id":"https:\/\/candas365.es\/noticias\/pilar-varela-visita-las-obras-de-las-viviendas-de-el-campon\/#breadcrumblist","itemListElement":[{"@type":"ListItem","@id":"https:\/\/candas365.es\/noticias#listItem","position":1,"name":"Home","item":"https:\/\/candas365.es\/noticias","nextItem":{"@type":"ListItem","@id":"https:\/\/candas365.es\/noticias\/category\/asturias\/#listItem","name":"Asturias"}},{"@type":"ListItem","@id":"https:\/\/candas365.es\/noticias\/category\/asturias\/#listItem","position":2,"name":"Asturias","item":"https:\/\/candas365.es\/noticias\/category\/asturias\/","nextItem":{"@type":"ListItem","@id":"https:\/\/candas365.es\/noticias\/pilar-varela-visita-las-obras-de-las-viviendas-de-el-campon\/#listItem","name":"Pilar Varela visita las obras de las viviendas de El Camp\u00f3n"},"previousItem":{"@type":"ListItem","@id":"https:\/\/candas365.es\/noticias#listItem","name":"Home"}},{"@type":"ListItem","@id":"https:\/\/candas365.es\/noticias\/pilar-varela-visita-las-obras-de-las-viviendas-de-el-campon\/#listItem","position":3,"name":"Pilar Varela visita las obras de las viviendas de El Camp\u00f3n","previousItem":{"@type":"ListItem","@id":"https:\/\/candas365.es\/noticias\/category\/asturias\/#listItem","name":"Asturias"}}]},{"@type":"NewsArticle","@id":"https:\/\/candas365.es\/noticias\/pilar-varela-visita-las-obras-de-las-viviendas-de-el-campon\/#newsarticle","name":"Pilar Varela visita las obras de las viviendas de El Camp\u00f3n | Cand\u00e1s 365","headline":"Pilar Varela visita las obras de las viviendas de El Camp\u00f3n","author":{"@id":"https:\/\/candas365.es\/noticias\/author\/admin\/#author"},"publisher":{"@id":"https:\/\/candas365.es\/noticias\/#organization"},"image":{"@type":"ImageObject","url":"https:\/\/candas365.es\/noticias\/wp-content\/uploads\/2018\/05\/Visita-obras-viviendas-Campon-2.jpg","width":1280,"height":853},"datePublished":"2018-05-19T12:42:27+02:00","dateModified":"2018-05-19T12:42:27+02:00","inLanguage":"es-ES","mainEntityOfPage":{"@id":"https:\/\/candas365.es\/noticias\/pilar-varela-visita-las-obras-de-las-viviendas-de-el-campon\/#webpage"},"isPartOf":{"@id":"https:\/\/candas365.es\/noticias\/pilar-varela-visita-las-obras-de-las-viviendas-de-el-campon\/#webpage"},"articleSection":"Asturias","dateline":"Publicado el mayo 19, 2018."},{"@type":"Organization","@id":"https:\/\/candas365.es\/noticias\/#organization","name":"Cand\u00e1s 365","description":"Cand\u00e1s 365 es un diario digital independiente, fundado en 2012, con base en Asturias. Informamos con rigor sobre actualidad, sociedad, cultura y ocio, con una mirada local y global.","url":"https:\/\/candas365.es\/noticias\/","email":"info@candas365.es","telephone":"+34652131393","foundingDate":"2012-06-10","logo":{"@type":"ImageObject","url":"https:\/\/candas365.es\/noticias\/wp-content\/uploads\/2024\/09\/Candas-365-Redes.jpg","@id":"https:\/\/candas365.es\/noticias\/pilar-varela-visita-las-obras-de-las-viviendas-de-el-campon\/#organizationLogo","width":1152,"height":864,"caption":"Cand\u00e1s 365 Redes"},"image":{"@id":"https:\/\/candas365.es\/noticias\/pilar-varela-visita-las-obras-de-las-viviendas-de-el-campon\/#organizationLogo"},"sameAs":["https:\/\/www.facebook.com\/Nachofdezber","https:\/\/x.com\/NabercoDigital","https:\/\/www.instagram.com\/nachofdezber\/","https:\/\/www.youtube.com\/channel\/UCZP-2wLEB9Rv6erhFmqVnvg"],"address":{"@id":"https:\/\/candas365.es\/noticias\/#postaladdress","@type":"PostalAddress","streetAddress":"san antonio 4, san antonio 4","postalCode":"33430","addressLocality":"Cand\u00e1s","addressRegion":"Asturias","addressCountry":"ES"}},{"@type":"Person","@id":"https:\/\/candas365.es\/noticias\/author\/admin\/#author","url":"https:\/\/candas365.es\/noticias\/author\/admin\/","name":"Cand\u00e1s 365","image":{"@type":"ImageObject","@id":"https:\/\/candas365.es\/noticias\/pilar-varela-visita-las-obras-de-las-viviendas-de-el-campon\/#authorImage","url":"https:\/\/secure.gravatar.com\/avatar\/496a8e03d0c493ede1718b7934145dbdf8d89be1036b0eec9544e1094c9de390?s=96&d=mm&r=g","width":96,"height":96,"caption":"Cand\u00e1s 365"},"sameAs":["https:\/\/www.facebook.com\/carrenoactualidad","https:\/\/twitter.com\/nbasturias","https:\/\/www.instagram.com\/nachofdezber\/","https:\/\/www.youtube.com\/channel\/UCZP-2wLEB9Rv6erhFmqVnvg"]},{"@type":"WebPage","@id":"https:\/\/candas365.es\/noticias\/pilar-varela-visita-las-obras-de-las-viviendas-de-el-campon\/#webpage","url":"https:\/\/candas365.es\/noticias\/pilar-varela-visita-las-obras-de-las-viviendas-de-el-campon\/","name":"Pilar Varela visita las obras de las viviendas de El Camp\u00f3n | Cand\u00e1s 365","description":"La consejera de Servicios y Derechos Sociales, Pilar Varela, ha anunciado hoy que las obras de construcci\u00f3n de 40 viviendas para alquiler que su departamento est\u00e1 llevando a cabo en El Camp\u00f3n, en Oviedo, concluir\u00e1n a finales del verano de 2019. Varela, que ha visitado el inicio de los trabajos acompa\u00f1ada por el director general","inLanguage":"es-ES","isPartOf":{"@id":"https:\/\/candas365.es\/noticias\/#website"},"breadcrumb":{"@id":"https:\/\/candas365.es\/noticias\/pilar-varela-visita-las-obras-de-las-viviendas-de-el-campon\/#breadcrumblist"},"author":{"@id":"https:\/\/candas365.es\/noticias\/author\/admin\/#author"},"creator":{"@id":"https:\/\/candas365.es\/noticias\/author\/admin\/#author"},"image":{"@type":"ImageObject","url":"https:\/\/candas365.es\/noticias\/wp-content\/uploads\/2018\/05\/Visita-obras-viviendas-Campon-2.jpg","@id":"https:\/\/candas365.es\/noticias\/pilar-varela-visita-las-obras-de-las-viviendas-de-el-campon\/#mainImage","width":1280,"height":853},"primaryImageOfPage":{"@id":"https:\/\/candas365.es\/noticias\/pilar-varela-visita-las-obras-de-las-viviendas-de-el-campon\/#mainImage"},"datePublished":"2018-05-19T12:42:27+02:00","dateModified":"2018-05-19T12:42:27+02:00"},{"@type":"WebSite","@id":"https:\/\/candas365.es\/noticias\/#website","url":"https:\/\/candas365.es\/noticias\/","name":"Cand\u00e1s 365","alternateName":"Cand\u00e1s 365 Noticias","description":"Actualidad desde Carre\u00f1o para el mundo","inLanguage":"es-ES","publisher":{"@id":"https:\/\/candas365.es\/noticias\/#organization"}}]},"og:locale":"es_ES","og:site_name":"Cand\u00e1s 365","og:type":"article","og:title":"Pilar Varela visita las obras de las viviendas de El Camp\u00f3n | Cand\u00e1s 365","og:description":"La consejera de Servicios y Derechos Sociales, Pilar Varela, ha anunciado hoy que las obras de construcci\u00f3n de 40 viviendas para alquiler que su departamento est\u00e1 llevando a cabo en El Camp\u00f3n, en Oviedo, concluir\u00e1n a finales del verano de 2019. Varela, que ha visitado el inicio de los trabajos acompa\u00f1ada por el director general","og:url":"https:\/\/candas365.es\/noticias\/pilar-varela-visita-las-obras-de-las-viviendas-de-el-campon\/","og:image":"https:\/\/candas365.es\/noticias\/wp-content\/uploads\/2018\/05\/Visita-obras-viviendas-Campon-2.jpg","og:image:secure_url":"https:\/\/candas365.es\/noticias\/wp-content\/uploads\/2018\/05\/Visita-obras-viviendas-Campon-2.jpg","og:image:width":1280,"og:image:height":853,"article:published_time":"2018-05-19T12:42:27+00:00","article:modified_time":"2018-05-19T12:42:27+00:00","article:publisher":"https:\/\/www.facebook.com\/Nachofdezber","article:author":"https:\/\/www.facebook.com\/carrenoactualidad","twitter:card":"summary_large_image","twitter:site":"@NabercoDigital","twitter:title":"Pilar Varela visita las obras de las viviendas de El Camp\u00f3n | Cand\u00e1s 365","twitter:description":"La consejera de Servicios y Derechos Sociales, Pilar Varela, ha anunciado hoy que las obras de construcci\u00f3n de 40 viviendas para alquiler que su departamento est\u00e1 llevando a cabo en El Camp\u00f3n, en Oviedo, concluir\u00e1n a finales del verano de 2019. Varela, que ha visitado el inicio de los trabajos acompa\u00f1ada por el director general","twitter:creator":"@nbasturias","twitter:image":"https:\/\/candas365.es\/noticias\/wp-content\/uploads\/2018\/05\/Visita-obras-viviendas-Campon-2.jpg","twitter:label1":"Escrito por","twitter:data1":"Cand\u00e1s 365","twitter:label2":"Tiempo de lectura estimado","twitter:data2":"3 minutos"},"aioseo_meta_data":{"post_id":"96055","title":null,"description":null,"keywords":null,"keyphrases":null,"primary_term":null,"canonical_url":null,"og_title":null,"og_description":null,"og_object_type":"default","og_image_type":"default","og_image_url":null,"og_image_width":null,"og_image_height":null,"og_image_custom_url":null,"og_image_custom_fields":null,"og_video":null,"og_custom_url":null,"og_article_section":null,"og_article_tags":null,"twitter_use_og":false,"twitter_card":"default","twitter_image_type":"default","twitter_image_url":null,"twitter_image_custom_url":null,"twitter_image_custom_fields":null,"twitter_title":null,"twitter_description":null,"schema":{"blockGraphs":[],"customGraphs":[],"default":{"data":{"Article":[],"Course":[],"Dataset":[],"FAQPage":[],"Movie":[],"Person":[],"Product":[],"ProductReview":[],"Car":[],"Recipe":[],"Service":[],"SoftwareApplication":[],"WebPage":[]},"graphName":"","isEnabled":true},"graphs":[],"defaultGraph":"","defaultPostTypeGraph":""},"schema_type":null,"schema_type_options":null,"pillar_content":false,"robots_default":true,"robots_noindex":false,"robots_noarchive":false,"robots_nosnippet":false,"robots_nofollow":false,"robots_noimageindex":false,"robots_noodp":false,"robots_notranslate":false,"robots_max_snippet":null,"robots_max_videopreview":null,"robots_max_imagepreview":"large","priority":null,"frequency":null,"location":null,"local_seo":null,"seo_analyzer_scan_date":"2025-08-26 21:24:06","breadcrumb_settings":null,"limit_modified_date":false,"reviewed_by":null,"open_ai":null,"ai":null,"created":"2020-12-21 11:51:52","updated":"2025-08-26 21:24:06"},"aioseo_breadcrumb":"<div class=\"aioseo-breadcrumbs\"><span class=\"aioseo-breadcrumb\">\n\t<a href=\"https:\/\/candas365.es\/noticias\" title=\"Home\">Home<\/a>\n<\/span><span class=\"aioseo-breadcrumb-separator\">&ndash;<\/span><span class=\"aioseo-breadcrumb\">\n\t<a href=\"https:\/\/candas365.es\/noticias\/category\/asturias\/\" title=\"Asturias\">Asturias<\/a>\n<\/span><span class=\"aioseo-breadcrumb-separator\">&ndash;<\/span><span class=\"aioseo-breadcrumb\">\n\tPilar Varela visita las obras de las viviendas de El Camp\u00f3n\n<\/span><\/div>","aioseo_breadcrumb_json":[{"label":"Home","link":"https:\/\/candas365.es\/noticias"},{"label":"Asturias","link":"https:\/\/candas365.es\/noticias\/category\/asturias\/"},{"label":"Pilar Varela visita las obras de las viviendas de El Camp\u00f3n","link":"https:\/\/candas365.es\/noticias\/pilar-varela-visita-las-obras-de-las-viviendas-de-el-campon\/"}],"_links":{"self":[{"href":"https:\/\/candas365.es\/noticias\/wp-json\/wp\/v2\/posts\/96055","targetHints":{"allow":["GET"]}}],"collection":[{"href":"https:\/\/candas365.es\/noticias\/wp-json\/wp\/v2\/posts"}],"about":[{"href":"https:\/\/candas365.es\/noticias\/wp-json\/wp\/v2\/types\/post"}],"author":[{"embeddable":true,"href":"https:\/\/candas365.es\/noticias\/wp-json\/wp\/v2\/users\/1"}],"replies":[{"embeddable":true,"href":"https:\/\/candas365.es\/noticias\/wp-json\/wp\/v2\/comments?post=96055"}],"version-history":[{"count":0,"href":"https:\/\/candas365.es\/noticias\/wp-json\/wp\/v2\/posts\/96055\/revisions"}],"wp:featuredmedia":[{"embeddable":true,"href":"https:\/\/candas365.es\/noticias\/wp-json\/wp\/v2\/media\/96056"}],"wp:attachment":[{"href":"https:\/\/candas365.es\/noticias\/wp-json\/wp\/v2\/media?parent=96055"}],"wp:term":[{"taxonomy":"category","embeddable":true,"href":"https:\/\/candas365.es\/noticias\/wp-json\/wp\/v2\/categories?post=96055"},{"taxonomy":"post_tag","embeddable":true,"href":"https:\/\/candas365.es\/noticias\/wp-json\/wp\/v2\/tags?post=96055"}],"curies":[{"name":"wp","href":"https:\/\/api.w.org\/{rel}","templated":true}]}}