{"id":96010,"date":"2018-05-19T08:09:23","date_gmt":"2018-05-19T08:09:23","guid":{"rendered":"http:\/\/candas365.es\/noticias\/?p=96010"},"modified":"2018-05-19T08:09:23","modified_gmt":"2018-05-19T08:09:23","slug":"tribus-viajeras-regresa-a-africa","status":"publish","type":"post","link":"https:\/\/candas365.es\/noticias\/tribus-viajeras-regresa-a-africa\/","title":{"rendered":"\u00abTribus viajeras\u00bb regresa a \u00c1frica"},"content":{"rendered":"<p><img fetchpriority=\"high\" decoding=\"async\" class=\"alignleft size-medium wp-image-96011\" src=\"https:\/\/candas365.es\/noticias\/wp-content\/uploads\/2018\/05\/1526638477619-360x203.jpg\" alt=\"\" width=\"360\" height=\"203\" srcset=\"https:\/\/candas365.es\/noticias\/wp-content\/uploads\/2018\/05\/1526638477619-360x203.jpg 360w, https:\/\/candas365.es\/noticias\/wp-content\/uploads\/2018\/05\/1526638477619-768x432.jpg 768w, https:\/\/candas365.es\/noticias\/wp-content\/uploads\/2018\/05\/1526638477619-655x368.jpg 655w, https:\/\/candas365.es\/noticias\/wp-content\/uploads\/2018\/05\/1526638477619-696x392.jpg 696w, https:\/\/candas365.es\/noticias\/wp-content\/uploads\/2018\/05\/1526638477619-747x420.jpg 747w, https:\/\/candas365.es\/noticias\/wp-content\/uploads\/2018\/05\/1526638477619.jpg 800w\" sizes=\"(max-width: 360px) 100vw, 360px\" \/>\u2018Tribus viajeras\u2019 regresa a \u00c1frica esta semana, en concreto a Marruecos, donde Francine G\u00e1lvez y el equipo acompa\u00f1ar\u00e1n a una \u201ctribu\u201d motera en el desarrollo de un rally en el desierto. Junto a estos intr\u00e9pidos viajeros, Francine tambi\u00e9n se acercar\u00e1 a las costumbres y tradiciones de los bereberes.<\/p>\n<p>En Marruecos, puerta de \u00c1frica, Francine y la tribu motera participar\u00e1n en un rally por el desierto simulando una etapa del legendario rally Par\u00eds-Dakar, que celebr\u00f3 su primera edici\u00f3n en 1978 y es considerada una de las competiciones m\u00e1s duras del mundo. Hasta 2008, la prueba llevaba a los competidores desde alguna ciudad de Europa hasta Dakar, capital de Senegal. A partir de 2009 la organizaci\u00f3n traslad\u00f3 el desarrollo de la prueba a Sudam\u00e9rica. Es la competici\u00f3n con m\u00e1s aficionados no profesionales inscritos.<\/p>\n<p>Jos\u00e9 Miguel, alias \u201cPopo\u201d, Fernando alias \u201cLentejo\u201d y Juan Jos\u00e9 se liberar\u00e1n del estr\u00e9s de la ciudad y viajar\u00e1n a la ciudad de Fez donde da comienzo su aventura. Bajo las \u00f3rdenes del organizador del rally, disfrutar\u00e1n de una experiencia inolvidable, apasionante y que no dejar\u00e1 indiferente a nadie.<\/p>\n<p>Y como no todo van a ser motos, \u2018Tribus viajeras\u2019 y Francine dedicar\u00e1n parte de su tiempo a conocer a los n\u00f3madas bereberes.<\/p>\n","protected":false},"excerpt":{"rendered":"<p>\u2018Tribus viajeras\u2019 regresa a \u00c1frica esta semana, en concreto a Marruecos, donde Francine G\u00e1lvez y el equipo acompa\u00f1ar\u00e1n a una \u201ctribu\u201d motera en el desarrollo de un rally en el desierto. Junto a estos intr\u00e9pidos viajeros, Francine tambi\u00e9n se acercar\u00e1 a las costumbres y tradiciones de los bereberes. En Marruecos, puerta de \u00c1frica, Francine y<\/p>\n","protected":false},"author":1,"featured_media":96011,"comment_status":"closed","ping_status":"closed","sticky":false,"template":"","format":"standard","meta":{"footnotes":""},"categories":[1],"tags":[],"class_list":{"0":"post-96010","1":"post","2":"type-post","3":"status-publish","4":"format-standard","5":"has-post-thumbnail","7":"category-agenda"},"aioseo_notices":[],"aioseo_head":"\n\t\t<!-- All in One SEO Pro 4.9.6.2 - aioseo.com -->\n\t<meta name=\"description\" content=\"\u2018Tribus viajeras\u2019 regresa a \u00c1frica esta semana, en concreto a Marruecos, donde Francine G\u00e1lvez y el equipo acompa\u00f1ar\u00e1n a una \u201ctribu\u201d motera en el desarrollo de un rally en el desierto. Junto a estos intr\u00e9pidos viajeros, Francine tambi\u00e9n se acercar\u00e1 a las costumbres y tradiciones de los bereberes. En Marruecos, puerta de \u00c1frica, Francine y\" \/>\n\t<meta name=\"robots\" content=\"max-image-preview:large\" \/>\n\t<meta name=\"author\" content=\"Cand\u00e1s 365\"\/>\n\t<meta name=\"google-site-verification\" content=\"UA-32230408-1\" \/>\n\t<meta name=\"msvalidate.01\" content=\"354F3CDFB2DA171B47FBE9ABF1F88D5\" \/>\n\t<meta name=\"keywords\" content=\"agenda\" \/>\n\t<link rel=\"canonical\" href=\"https:\/\/candas365.es\/noticias\/tribus-viajeras-regresa-a-africa\/\" \/>\n\t<meta name=\"generator\" content=\"All in One SEO Pro (AIOSEO) 4.9.6.2\" \/>\n\t\t<meta property=\"og:locale\" content=\"es_ES\" \/>\n\t\t<meta property=\"og:site_name\" content=\"Cand\u00e1s 365\" \/>\n\t\t<meta property=\"og:type\" content=\"article\" \/>\n\t\t<meta property=\"og:title\" content=\"\u00abTribus viajeras\u00bb regresa a \u00c1frica | Cand\u00e1s 365\" \/>\n\t\t<meta property=\"og:description\" content=\"\u2018Tribus viajeras\u2019 regresa a \u00c1frica esta semana, en concreto a Marruecos, donde Francine G\u00e1lvez y el equipo acompa\u00f1ar\u00e1n a una \u201ctribu\u201d motera en el desarrollo de un rally en el desierto. Junto a estos intr\u00e9pidos viajeros, Francine tambi\u00e9n se acercar\u00e1 a las costumbres y tradiciones de los bereberes. En Marruecos, puerta de \u00c1frica, Francine y\" \/>\n\t\t<meta property=\"og:url\" content=\"https:\/\/candas365.es\/noticias\/tribus-viajeras-regresa-a-africa\/\" \/>\n\t\t<meta property=\"og:image\" content=\"https:\/\/candas365.es\/noticias\/wp-content\/uploads\/2018\/05\/1526638477619.jpg\" \/>\n\t\t<meta property=\"og:image:secure_url\" content=\"https:\/\/candas365.es\/noticias\/wp-content\/uploads\/2018\/05\/1526638477619.jpg\" \/>\n\t\t<meta property=\"og:image:width\" content=\"800\" \/>\n\t\t<meta property=\"og:image:height\" content=\"450\" \/>\n\t\t<meta property=\"article:published_time\" content=\"2018-05-19T08:09:23+00:00\" \/>\n\t\t<meta property=\"article:modified_time\" content=\"2018-05-19T08:09:23+00:00\" \/>\n\t\t<meta property=\"article:publisher\" content=\"https:\/\/www.facebook.com\/Nachofdezber\" \/>\n\t\t<meta property=\"article:author\" content=\"https:\/\/www.facebook.com\/carrenoactualidad\" \/>\n\t\t<meta name=\"twitter:card\" content=\"summary_large_image\" \/>\n\t\t<meta name=\"twitter:site\" content=\"@NabercoDigital\" \/>\n\t\t<meta name=\"twitter:title\" content=\"\u00abTribus viajeras\u00bb regresa a \u00c1frica | Cand\u00e1s 365\" \/>\n\t\t<meta name=\"twitter:description\" content=\"\u2018Tribus viajeras\u2019 regresa a \u00c1frica esta semana, en concreto a Marruecos, donde Francine G\u00e1lvez y el equipo acompa\u00f1ar\u00e1n a una \u201ctribu\u201d motera en el desarrollo de un rally en el desierto. Junto a estos intr\u00e9pidos viajeros, Francine tambi\u00e9n se acercar\u00e1 a las costumbres y tradiciones de los bereberes. En Marruecos, puerta de \u00c1frica, Francine y\" \/>\n\t\t<meta name=\"twitter:creator\" content=\"@nbasturias\" \/>\n\t\t<meta name=\"twitter:image\" content=\"https:\/\/candas365.es\/noticias\/wp-content\/uploads\/2018\/05\/1526638477619.jpg\" \/>\n\t\t<meta name=\"twitter:label1\" content=\"Escrito por\" \/>\n\t\t<meta name=\"twitter:data1\" content=\"Cand\u00e1s 365\" \/>\n\t\t<meta name=\"twitter:label2\" content=\"Tiempo de lectura estimado\" \/>\n\t\t<meta name=\"twitter:data2\" content=\"1 minuto\" \/>\n\t\t<script type=\"application\/ld+json\" class=\"aioseo-schema\">\n\t\t\t{\"@context\":\"https:\\\/\\\/schema.org\",\"@graph\":[{\"@type\":\"BreadcrumbList\",\"@id\":\"https:\\\/\\\/candas365.es\\\/noticias\\\/tribus-viajeras-regresa-a-africa\\\/#breadcrumblist\",\"itemListElement\":[{\"@type\":\"ListItem\",\"@id\":\"https:\\\/\\\/candas365.es\\\/noticias#listItem\",\"position\":1,\"name\":\"Home\",\"item\":\"https:\\\/\\\/candas365.es\\\/noticias\",\"nextItem\":{\"@type\":\"ListItem\",\"@id\":\"https:\\\/\\\/candas365.es\\\/noticias\\\/category\\\/agenda\\\/#listItem\",\"name\":\"Agenda\"}},{\"@type\":\"ListItem\",\"@id\":\"https:\\\/\\\/candas365.es\\\/noticias\\\/category\\\/agenda\\\/#listItem\",\"position\":2,\"name\":\"Agenda\",\"item\":\"https:\\\/\\\/candas365.es\\\/noticias\\\/category\\\/agenda\\\/\",\"nextItem\":{\"@type\":\"ListItem\",\"@id\":\"https:\\\/\\\/candas365.es\\\/noticias\\\/tribus-viajeras-regresa-a-africa\\\/#listItem\",\"name\":\"\\u00abTribus viajeras\\u00bb regresa a \\u00c1frica\"},\"previousItem\":{\"@type\":\"ListItem\",\"@id\":\"https:\\\/\\\/candas365.es\\\/noticias#listItem\",\"name\":\"Home\"}},{\"@type\":\"ListItem\",\"@id\":\"https:\\\/\\\/candas365.es\\\/noticias\\\/tribus-viajeras-regresa-a-africa\\\/#listItem\",\"position\":3,\"name\":\"\\u00abTribus viajeras\\u00bb regresa a \\u00c1frica\",\"previousItem\":{\"@type\":\"ListItem\",\"@id\":\"https:\\\/\\\/candas365.es\\\/noticias\\\/category\\\/agenda\\\/#listItem\",\"name\":\"Agenda\"}}]},{\"@type\":\"NewsArticle\",\"@id\":\"https:\\\/\\\/candas365.es\\\/noticias\\\/tribus-viajeras-regresa-a-africa\\\/#newsarticle\",\"name\":\"\\u00abTribus viajeras\\u00bb regresa a \\u00c1frica | Cand\\u00e1s 365\",\"headline\":\"\\u00abTribus viajeras\\u00bb regresa a \\u00c1frica\",\"author\":{\"@id\":\"https:\\\/\\\/candas365.es\\\/noticias\\\/author\\\/admin\\\/#author\"},\"publisher\":{\"@id\":\"https:\\\/\\\/candas365.es\\\/noticias\\\/#organization\"},\"image\":{\"@type\":\"ImageObject\",\"url\":\"https:\\\/\\\/candas365.es\\\/noticias\\\/wp-content\\\/uploads\\\/2018\\\/05\\\/1526638477619.jpg\",\"width\":800,\"height\":450},\"datePublished\":\"2018-05-19T08:09:23+02:00\",\"dateModified\":\"2018-05-19T08:09:23+02:00\",\"inLanguage\":\"es-ES\",\"mainEntityOfPage\":{\"@id\":\"https:\\\/\\\/candas365.es\\\/noticias\\\/tribus-viajeras-regresa-a-africa\\\/#webpage\"},\"isPartOf\":{\"@id\":\"https:\\\/\\\/candas365.es\\\/noticias\\\/tribus-viajeras-regresa-a-africa\\\/#webpage\"},\"articleSection\":\"Agenda\",\"dateline\":\"Publicado el mayo 19, 2018.\"},{\"@type\":\"Organization\",\"@id\":\"https:\\\/\\\/candas365.es\\\/noticias\\\/#organization\",\"name\":\"Cand\\u00e1s 365\",\"description\":\"Cand\\u00e1s 365 es un diario digital independiente, fundado en 2012, con base en Asturias. Informamos con rigor sobre actualidad, sociedad, cultura y ocio, con una mirada local y global.\",\"url\":\"https:\\\/\\\/candas365.es\\\/noticias\\\/\",\"email\":\"info@candas365.es\",\"telephone\":\"+34652131393\",\"foundingDate\":\"2012-06-10\",\"logo\":{\"@type\":\"ImageObject\",\"url\":\"https:\\\/\\\/candas365.es\\\/noticias\\\/wp-content\\\/uploads\\\/2024\\\/09\\\/Candas-365-Redes.jpg\",\"@id\":\"https:\\\/\\\/candas365.es\\\/noticias\\\/tribus-viajeras-regresa-a-africa\\\/#organizationLogo\",\"width\":1152,\"height\":864,\"caption\":\"Cand\\u00e1s 365 Redes\"},\"image\":{\"@id\":\"https:\\\/\\\/candas365.es\\\/noticias\\\/tribus-viajeras-regresa-a-africa\\\/#organizationLogo\"},\"sameAs\":[\"https:\\\/\\\/www.facebook.com\\\/Nachofdezber\",\"https:\\\/\\\/x.com\\\/NabercoDigital\",\"https:\\\/\\\/www.instagram.com\\\/nachofdezber\\\/\",\"https:\\\/\\\/www.youtube.com\\\/channel\\\/UCZP-2wLEB9Rv6erhFmqVnvg\"],\"address\":{\"@id\":\"https:\\\/\\\/candas365.es\\\/noticias\\\/#postaladdress\",\"@type\":\"PostalAddress\",\"streetAddress\":\"san antonio 4, san antonio 4\",\"postalCode\":\"33430\",\"addressLocality\":\"Cand\\u00e1s\",\"addressRegion\":\"Asturias\",\"addressCountry\":\"ES\"}},{\"@type\":\"Person\",\"@id\":\"https:\\\/\\\/candas365.es\\\/noticias\\\/author\\\/admin\\\/#author\",\"url\":\"https:\\\/\\\/candas365.es\\\/noticias\\\/author\\\/admin\\\/\",\"name\":\"Cand\\u00e1s 365\",\"image\":{\"@type\":\"ImageObject\",\"@id\":\"https:\\\/\\\/candas365.es\\\/noticias\\\/tribus-viajeras-regresa-a-africa\\\/#authorImage\",\"url\":\"https:\\\/\\\/secure.gravatar.com\\\/avatar\\\/496a8e03d0c493ede1718b7934145dbdf8d89be1036b0eec9544e1094c9de390?s=96&d=mm&r=g\",\"width\":96,\"height\":96,\"caption\":\"Cand\\u00e1s 365\"},\"sameAs\":[\"https:\\\/\\\/www.facebook.com\\\/carrenoactualidad\",\"https:\\\/\\\/twitter.com\\\/nbasturias\",\"https:\\\/\\\/www.instagram.com\\\/nachofdezber\\\/\",\"https:\\\/\\\/www.youtube.com\\\/channel\\\/UCZP-2wLEB9Rv6erhFmqVnvg\"]},{\"@type\":\"WebPage\",\"@id\":\"https:\\\/\\\/candas365.es\\\/noticias\\\/tribus-viajeras-regresa-a-africa\\\/#webpage\",\"url\":\"https:\\\/\\\/candas365.es\\\/noticias\\\/tribus-viajeras-regresa-a-africa\\\/\",\"name\":\"\\u00abTribus viajeras\\u00bb regresa a \\u00c1frica | Cand\\u00e1s 365\",\"description\":\"\\u2018Tribus viajeras\\u2019 regresa a \\u00c1frica esta semana, en concreto a Marruecos, donde Francine G\\u00e1lvez y el equipo acompa\\u00f1ar\\u00e1n a una \\u201ctribu\\u201d motera en el desarrollo de un rally en el desierto. Junto a estos intr\\u00e9pidos viajeros, Francine tambi\\u00e9n se acercar\\u00e1 a las costumbres y tradiciones de los bereberes. En Marruecos, puerta de \\u00c1frica, Francine y\",\"inLanguage\":\"es-ES\",\"isPartOf\":{\"@id\":\"https:\\\/\\\/candas365.es\\\/noticias\\\/#website\"},\"breadcrumb\":{\"@id\":\"https:\\\/\\\/candas365.es\\\/noticias\\\/tribus-viajeras-regresa-a-africa\\\/#breadcrumblist\"},\"author\":{\"@id\":\"https:\\\/\\\/candas365.es\\\/noticias\\\/author\\\/admin\\\/#author\"},\"creator\":{\"@id\":\"https:\\\/\\\/candas365.es\\\/noticias\\\/author\\\/admin\\\/#author\"},\"image\":{\"@type\":\"ImageObject\",\"url\":\"https:\\\/\\\/candas365.es\\\/noticias\\\/wp-content\\\/uploads\\\/2018\\\/05\\\/1526638477619.jpg\",\"@id\":\"https:\\\/\\\/candas365.es\\\/noticias\\\/tribus-viajeras-regresa-a-africa\\\/#mainImage\",\"width\":800,\"height\":450},\"primaryImageOfPage\":{\"@id\":\"https:\\\/\\\/candas365.es\\\/noticias\\\/tribus-viajeras-regresa-a-africa\\\/#mainImage\"},\"datePublished\":\"2018-05-19T08:09:23+02:00\",\"dateModified\":\"2018-05-19T08:09:23+02:00\"},{\"@type\":\"WebSite\",\"@id\":\"https:\\\/\\\/candas365.es\\\/noticias\\\/#website\",\"url\":\"https:\\\/\\\/candas365.es\\\/noticias\\\/\",\"name\":\"Cand\\u00e1s 365\",\"alternateName\":\"Cand\\u00e1s 365 Noticias\",\"description\":\"Actualidad desde Carre\\u00f1o para el mundo\",\"inLanguage\":\"es-ES\",\"publisher\":{\"@id\":\"https:\\\/\\\/candas365.es\\\/noticias\\\/#organization\"}}]}\n\t\t<\/script>\n\t\t<!-- All in One SEO Pro -->\r\n\t\t<title>\u00abTribus viajeras\u00bb regresa a \u00c1frica | Cand\u00e1s 365<\/title>\n\n","aioseo_head_json":{"title":"\u00abTribus viajeras\u00bb regresa a \u00c1frica | Cand\u00e1s 365","description":"\u2018Tribus viajeras\u2019 regresa a \u00c1frica esta semana, en concreto a Marruecos, donde Francine G\u00e1lvez y el equipo acompa\u00f1ar\u00e1n a una \u201ctribu\u201d motera en el desarrollo de un rally en el desierto. Junto a estos intr\u00e9pidos viajeros, Francine tambi\u00e9n se acercar\u00e1 a las costumbres y tradiciones de los bereberes. En Marruecos, puerta de \u00c1frica, Francine y","canonical_url":"https:\/\/candas365.es\/noticias\/tribus-viajeras-regresa-a-africa\/","robots":"max-image-preview:large","keywords":"agenda","webmasterTools":{"google-site-verification":"UA-32230408-1","msvalidate.01":"354F3CDFB2DA171B47FBE9ABF1F88D5","miscellaneous":""},"schema":{"@context":"https:\/\/schema.org","@graph":[{"@type":"BreadcrumbList","@id":"https:\/\/candas365.es\/noticias\/tribus-viajeras-regresa-a-africa\/#breadcrumblist","itemListElement":[{"@type":"ListItem","@id":"https:\/\/candas365.es\/noticias#listItem","position":1,"name":"Home","item":"https:\/\/candas365.es\/noticias","nextItem":{"@type":"ListItem","@id":"https:\/\/candas365.es\/noticias\/category\/agenda\/#listItem","name":"Agenda"}},{"@type":"ListItem","@id":"https:\/\/candas365.es\/noticias\/category\/agenda\/#listItem","position":2,"name":"Agenda","item":"https:\/\/candas365.es\/noticias\/category\/agenda\/","nextItem":{"@type":"ListItem","@id":"https:\/\/candas365.es\/noticias\/tribus-viajeras-regresa-a-africa\/#listItem","name":"\u00abTribus viajeras\u00bb regresa a \u00c1frica"},"previousItem":{"@type":"ListItem","@id":"https:\/\/candas365.es\/noticias#listItem","name":"Home"}},{"@type":"ListItem","@id":"https:\/\/candas365.es\/noticias\/tribus-viajeras-regresa-a-africa\/#listItem","position":3,"name":"\u00abTribus viajeras\u00bb regresa a \u00c1frica","previousItem":{"@type":"ListItem","@id":"https:\/\/candas365.es\/noticias\/category\/agenda\/#listItem","name":"Agenda"}}]},{"@type":"NewsArticle","@id":"https:\/\/candas365.es\/noticias\/tribus-viajeras-regresa-a-africa\/#newsarticle","name":"\u00abTribus viajeras\u00bb regresa a \u00c1frica | Cand\u00e1s 365","headline":"\u00abTribus viajeras\u00bb regresa a \u00c1frica","author":{"@id":"https:\/\/candas365.es\/noticias\/author\/admin\/#author"},"publisher":{"@id":"https:\/\/candas365.es\/noticias\/#organization"},"image":{"@type":"ImageObject","url":"https:\/\/candas365.es\/noticias\/wp-content\/uploads\/2018\/05\/1526638477619.jpg","width":800,"height":450},"datePublished":"2018-05-19T08:09:23+02:00","dateModified":"2018-05-19T08:09:23+02:00","inLanguage":"es-ES","mainEntityOfPage":{"@id":"https:\/\/candas365.es\/noticias\/tribus-viajeras-regresa-a-africa\/#webpage"},"isPartOf":{"@id":"https:\/\/candas365.es\/noticias\/tribus-viajeras-regresa-a-africa\/#webpage"},"articleSection":"Agenda","dateline":"Publicado el mayo 19, 2018."},{"@type":"Organization","@id":"https:\/\/candas365.es\/noticias\/#organization","name":"Cand\u00e1s 365","description":"Cand\u00e1s 365 es un diario digital independiente, fundado en 2012, con base en Asturias. Informamos con rigor sobre actualidad, sociedad, cultura y ocio, con una mirada local y global.","url":"https:\/\/candas365.es\/noticias\/","email":"info@candas365.es","telephone":"+34652131393","foundingDate":"2012-06-10","logo":{"@type":"ImageObject","url":"https:\/\/candas365.es\/noticias\/wp-content\/uploads\/2024\/09\/Candas-365-Redes.jpg","@id":"https:\/\/candas365.es\/noticias\/tribus-viajeras-regresa-a-africa\/#organizationLogo","width":1152,"height":864,"caption":"Cand\u00e1s 365 Redes"},"image":{"@id":"https:\/\/candas365.es\/noticias\/tribus-viajeras-regresa-a-africa\/#organizationLogo"},"sameAs":["https:\/\/www.facebook.com\/Nachofdezber","https:\/\/x.com\/NabercoDigital","https:\/\/www.instagram.com\/nachofdezber\/","https:\/\/www.youtube.com\/channel\/UCZP-2wLEB9Rv6erhFmqVnvg"],"address":{"@id":"https:\/\/candas365.es\/noticias\/#postaladdress","@type":"PostalAddress","streetAddress":"san antonio 4, san antonio 4","postalCode":"33430","addressLocality":"Cand\u00e1s","addressRegion":"Asturias","addressCountry":"ES"}},{"@type":"Person","@id":"https:\/\/candas365.es\/noticias\/author\/admin\/#author","url":"https:\/\/candas365.es\/noticias\/author\/admin\/","name":"Cand\u00e1s 365","image":{"@type":"ImageObject","@id":"https:\/\/candas365.es\/noticias\/tribus-viajeras-regresa-a-africa\/#authorImage","url":"https:\/\/secure.gravatar.com\/avatar\/496a8e03d0c493ede1718b7934145dbdf8d89be1036b0eec9544e1094c9de390?s=96&d=mm&r=g","width":96,"height":96,"caption":"Cand\u00e1s 365"},"sameAs":["https:\/\/www.facebook.com\/carrenoactualidad","https:\/\/twitter.com\/nbasturias","https:\/\/www.instagram.com\/nachofdezber\/","https:\/\/www.youtube.com\/channel\/UCZP-2wLEB9Rv6erhFmqVnvg"]},{"@type":"WebPage","@id":"https:\/\/candas365.es\/noticias\/tribus-viajeras-regresa-a-africa\/#webpage","url":"https:\/\/candas365.es\/noticias\/tribus-viajeras-regresa-a-africa\/","name":"\u00abTribus viajeras\u00bb regresa a \u00c1frica | Cand\u00e1s 365","description":"\u2018Tribus viajeras\u2019 regresa a \u00c1frica esta semana, en concreto a Marruecos, donde Francine G\u00e1lvez y el equipo acompa\u00f1ar\u00e1n a una \u201ctribu\u201d motera en el desarrollo de un rally en el desierto. Junto a estos intr\u00e9pidos viajeros, Francine tambi\u00e9n se acercar\u00e1 a las costumbres y tradiciones de los bereberes. En Marruecos, puerta de \u00c1frica, Francine y","inLanguage":"es-ES","isPartOf":{"@id":"https:\/\/candas365.es\/noticias\/#website"},"breadcrumb":{"@id":"https:\/\/candas365.es\/noticias\/tribus-viajeras-regresa-a-africa\/#breadcrumblist"},"author":{"@id":"https:\/\/candas365.es\/noticias\/author\/admin\/#author"},"creator":{"@id":"https:\/\/candas365.es\/noticias\/author\/admin\/#author"},"image":{"@type":"ImageObject","url":"https:\/\/candas365.es\/noticias\/wp-content\/uploads\/2018\/05\/1526638477619.jpg","@id":"https:\/\/candas365.es\/noticias\/tribus-viajeras-regresa-a-africa\/#mainImage","width":800,"height":450},"primaryImageOfPage":{"@id":"https:\/\/candas365.es\/noticias\/tribus-viajeras-regresa-a-africa\/#mainImage"},"datePublished":"2018-05-19T08:09:23+02:00","dateModified":"2018-05-19T08:09:23+02:00"},{"@type":"WebSite","@id":"https:\/\/candas365.es\/noticias\/#website","url":"https:\/\/candas365.es\/noticias\/","name":"Cand\u00e1s 365","alternateName":"Cand\u00e1s 365 Noticias","description":"Actualidad desde Carre\u00f1o para el mundo","inLanguage":"es-ES","publisher":{"@id":"https:\/\/candas365.es\/noticias\/#organization"}}]},"og:locale":"es_ES","og:site_name":"Cand\u00e1s 365","og:type":"article","og:title":"\u00abTribus viajeras\u00bb regresa a \u00c1frica | Cand\u00e1s 365","og:description":"\u2018Tribus viajeras\u2019 regresa a \u00c1frica esta semana, en concreto a Marruecos, donde Francine G\u00e1lvez y el equipo acompa\u00f1ar\u00e1n a una \u201ctribu\u201d motera en el desarrollo de un rally en el desierto. Junto a estos intr\u00e9pidos viajeros, Francine tambi\u00e9n se acercar\u00e1 a las costumbres y tradiciones de los bereberes. En Marruecos, puerta de \u00c1frica, Francine y","og:url":"https:\/\/candas365.es\/noticias\/tribus-viajeras-regresa-a-africa\/","og:image":"https:\/\/candas365.es\/noticias\/wp-content\/uploads\/2018\/05\/1526638477619.jpg","og:image:secure_url":"https:\/\/candas365.es\/noticias\/wp-content\/uploads\/2018\/05\/1526638477619.jpg","og:image:width":800,"og:image:height":450,"article:published_time":"2018-05-19T08:09:23+00:00","article:modified_time":"2018-05-19T08:09:23+00:00","article:publisher":"https:\/\/www.facebook.com\/Nachofdezber","article:author":"https:\/\/www.facebook.com\/carrenoactualidad","twitter:card":"summary_large_image","twitter:site":"@NabercoDigital","twitter:title":"\u00abTribus viajeras\u00bb regresa a \u00c1frica | Cand\u00e1s 365","twitter:description":"\u2018Tribus viajeras\u2019 regresa a \u00c1frica esta semana, en concreto a Marruecos, donde Francine G\u00e1lvez y el equipo acompa\u00f1ar\u00e1n a una \u201ctribu\u201d motera en el desarrollo de un rally en el desierto. Junto a estos intr\u00e9pidos viajeros, Francine tambi\u00e9n se acercar\u00e1 a las costumbres y tradiciones de los bereberes. En Marruecos, puerta de \u00c1frica, Francine y","twitter:creator":"@nbasturias","twitter:image":"https:\/\/candas365.es\/noticias\/wp-content\/uploads\/2018\/05\/1526638477619.jpg","twitter:label1":"Escrito por","twitter:data1":"Cand\u00e1s 365","twitter:label2":"Tiempo de lectura estimado","twitter:data2":"1 minuto"},"aioseo_meta_data":{"post_id":"96010","title":null,"description":null,"keywords":null,"keyphrases":null,"primary_term":null,"canonical_url":null,"og_title":null,"og_description":null,"og_object_type":"default","og_image_type":"default","og_image_url":null,"og_image_width":null,"og_image_height":null,"og_image_custom_url":null,"og_image_custom_fields":null,"og_video":null,"og_custom_url":null,"og_article_section":null,"og_article_tags":null,"twitter_use_og":false,"twitter_card":"default","twitter_image_type":"default","twitter_image_url":null,"twitter_image_custom_url":null,"twitter_image_custom_fields":null,"twitter_title":null,"twitter_description":null,"schema":{"blockGraphs":[],"customGraphs":[],"default":{"data":{"Article":[],"Course":[],"Dataset":[],"FAQPage":[],"Movie":[],"Person":[],"Product":[],"ProductReview":[],"Car":[],"Recipe":[],"Service":[],"SoftwareApplication":[],"WebPage":[]},"graphName":"","isEnabled":true},"graphs":[]},"schema_type":null,"schema_type_options":null,"pillar_content":false,"robots_default":true,"robots_noindex":false,"robots_noarchive":false,"robots_nosnippet":false,"robots_nofollow":false,"robots_noimageindex":false,"robots_noodp":false,"robots_notranslate":false,"robots_max_snippet":null,"robots_max_videopreview":null,"robots_max_imagepreview":"large","priority":null,"frequency":null,"location":null,"local_seo":null,"seo_analyzer_scan_date":"2025-08-26 21:20:10","breadcrumb_settings":null,"limit_modified_date":false,"reviewed_by":null,"open_ai":null,"ai":null,"created":"2020-12-21 11:51:52","updated":"2025-08-26 21:20:10"},"aioseo_breadcrumb":"<div class=\"aioseo-breadcrumbs\"><span class=\"aioseo-breadcrumb\">\n\t<a href=\"https:\/\/candas365.es\/noticias\" title=\"Home\">Home<\/a>\n<\/span><span class=\"aioseo-breadcrumb-separator\">&ndash;<\/span><span class=\"aioseo-breadcrumb\">\n\t<a href=\"https:\/\/candas365.es\/noticias\/category\/agenda\/\" title=\"Agenda\">Agenda<\/a>\n<\/span><span class=\"aioseo-breadcrumb-separator\">&ndash;<\/span><span class=\"aioseo-breadcrumb\">\n\t\u00abTribus viajeras\u00bb regresa a \u00c1frica\n<\/span><\/div>","aioseo_breadcrumb_json":[{"label":"Home","link":"https:\/\/candas365.es\/noticias"},{"label":"Agenda","link":"https:\/\/candas365.es\/noticias\/category\/agenda\/"},{"label":"\u00abTribus viajeras\u00bb regresa a \u00c1frica","link":"https:\/\/candas365.es\/noticias\/tribus-viajeras-regresa-a-africa\/"}],"_links":{"self":[{"href":"https:\/\/candas365.es\/noticias\/wp-json\/wp\/v2\/posts\/96010","targetHints":{"allow":["GET"]}}],"collection":[{"href":"https:\/\/candas365.es\/noticias\/wp-json\/wp\/v2\/posts"}],"about":[{"href":"https:\/\/candas365.es\/noticias\/wp-json\/wp\/v2\/types\/post"}],"author":[{"embeddable":true,"href":"https:\/\/candas365.es\/noticias\/wp-json\/wp\/v2\/users\/1"}],"replies":[{"embeddable":true,"href":"https:\/\/candas365.es\/noticias\/wp-json\/wp\/v2\/comments?post=96010"}],"version-history":[{"count":0,"href":"https:\/\/candas365.es\/noticias\/wp-json\/wp\/v2\/posts\/96010\/revisions"}],"wp:featuredmedia":[{"embeddable":true,"href":"https:\/\/candas365.es\/noticias\/wp-json\/wp\/v2\/media\/96011"}],"wp:attachment":[{"href":"https:\/\/candas365.es\/noticias\/wp-json\/wp\/v2\/media?parent=96010"}],"wp:term":[{"taxonomy":"category","embeddable":true,"href":"https:\/\/candas365.es\/noticias\/wp-json\/wp\/v2\/categories?post=96010"},{"taxonomy":"post_tag","embeddable":true,"href":"https:\/\/candas365.es\/noticias\/wp-json\/wp\/v2\/tags?post=96010"}],"curies":[{"name":"wp","href":"https:\/\/api.w.org\/{rel}","templated":true}]}}