{"id":96008,"date":"2018-05-19T08:00:47","date_gmt":"2018-05-19T08:00:47","guid":{"rendered":"http:\/\/candas365.es\/noticias\/?p=96008"},"modified":"2018-05-19T08:00:47","modified_gmt":"2018-05-19T08:00:47","slug":"arranca-en-verde-visita-toledo","status":"publish","type":"post","link":"https:\/\/candas365.es\/noticias\/arranca-en-verde-visita-toledo\/","title":{"rendered":"&#8216;Arranca en verde&#8217; visita Toledo"},"content":{"rendered":"<p><img fetchpriority=\"high\" decoding=\"async\" class=\"alignleft size-medium wp-image-76605\" src=\"https:\/\/candas365.es\/noticias\/wp-content\/uploads\/2017\/07\/controls-1527175_960_720-360x270.jpg\" alt=\"\" width=\"360\" height=\"270\" srcset=\"https:\/\/candas365.es\/noticias\/wp-content\/uploads\/2017\/07\/controls-1527175_960_720-360x270.jpg 360w, https:\/\/candas365.es\/noticias\/wp-content\/uploads\/2017\/07\/controls-1527175_960_720-768x576.jpg 768w, https:\/\/candas365.es\/noticias\/wp-content\/uploads\/2017\/07\/controls-1527175_960_720-640x480.jpg 640w, https:\/\/candas365.es\/noticias\/wp-content\/uploads\/2017\/07\/controls-1527175_960_720-80x60.jpg 80w, https:\/\/candas365.es\/noticias\/wp-content\/uploads\/2017\/07\/controls-1527175_960_720-265x198.jpg 265w, https:\/\/candas365.es\/noticias\/wp-content\/uploads\/2017\/07\/controls-1527175_960_720-696x522.jpg 696w, https:\/\/candas365.es\/noticias\/wp-content\/uploads\/2017\/07\/controls-1527175_960_720-560x420.jpg 560w, https:\/\/candas365.es\/noticias\/wp-content\/uploads\/2017\/07\/controls-1527175_960_720-90x67.jpg 90w, https:\/\/candas365.es\/noticias\/wp-content\/uploads\/2017\/07\/controls-1527175_960_720.jpg 960w\" sizes=\"(max-width: 360px) 100vw, 360px\" \/>Sara Escudero, presentadora de &#8216;Arranca en verde&#8217;, empezar\u00e1 el programa de esta semana en el <strong>Hospital de Parapl\u00e9jicos de Toledo<\/strong>. Si hay un lugar de referencia para v\u00edctimas de accidentes de tr\u00e1fico por lesiones medulares graves, es \u00e9ste. El espacio, que recorrer\u00e1 la ciudad de Toledo, hablar\u00e1 de accidentes de tr\u00e1fico y de formas de evitarlos.<\/p>\n<p>Toledo es la pr\u00f3xima parada de &#8216;Arranca en verde&#8217;. El recorrido empezar\u00e1 en el Hospital Nacional de Parapl\u00e9jicos, el centro p\u00fablico de referencia en Espa\u00f1a para el tratamiento integral de la lesi\u00f3n medular. En \u00e9l se registran cada a\u00f1o una media de 300 ingresos agudos, de los cuales el 40% -unos 120 ingresos- es consecuencia de accidentes de tr\u00e1fico.<\/p>\n<p>Un accidente de tr\u00e1fico es una circunstancia imprevisible y sus consecuencias son dif\u00edciles de calcular. Por eso, los heridos deben ser atendidos r\u00e1pidamente por el personal sanitario ya que hay traumas que no presentan heridas externas, pero si en profundidad, que pueden manifestarse con el tiempo, por lo que hay que controlar su evoluci\u00f3n.<\/p>\n<p>&#8216;Arranca en verde&#8217; conocer\u00e1 en primera persona la historia de uno de los pacientes de este hospital, Juan Jos\u00e9 Camacho: \u201cSal\u00ed a dar una vuelta con un amigo a un pueblo cercano a tomar el aperitivo. Sobre las 5 de la tarde volv\u00edamos a mi pueblo, Cuevas de Almanzora y en una curva me sal\u00ed porque iba a mucha velocidad. Me acuerdo estar fuera del coche llorando porque me di cuenta que hab\u00eda sido algo grave; no pod\u00eda mover las piernas\u201d. Juan Jos\u00e9 Camacho contar\u00e1 en primera persona las consecuencias del alcohol y la velocidad excesiva al volante.<\/p>\n<p>El programa hablar\u00e1 de las principales causas de accidentes y de c\u00f3mo evitarlos. Tambi\u00e9n de c\u00f3mo hacer bien los adelantamientos y de las formas m\u00e1s adecuadas de entrar en las rotondas.<\/p>\n","protected":false},"excerpt":{"rendered":"<p>Sara Escudero, presentadora de &#8216;Arranca en verde&#8217;, empezar\u00e1 el programa de esta semana en el Hospital de Parapl\u00e9jicos de Toledo. Si hay un lugar de referencia para v\u00edctimas de accidentes de tr\u00e1fico por lesiones medulares graves, es \u00e9ste. El espacio, que recorrer\u00e1 la ciudad de Toledo, hablar\u00e1 de accidentes de tr\u00e1fico y de formas de<\/p>\n","protected":false},"author":1,"featured_media":76605,"comment_status":"closed","ping_status":"closed","sticky":false,"template":"","format":"standard","meta":{"footnotes":""},"categories":[1],"tags":[],"class_list":{"0":"post-96008","1":"post","2":"type-post","3":"status-publish","4":"format-standard","5":"has-post-thumbnail","7":"category-agenda"},"aioseo_notices":[],"aioseo_head":"\n\t\t<!-- All in One SEO Pro 4.9.6.2 - aioseo.com -->\n\t<meta name=\"description\" content=\"Sara Escudero, presentadora de &#039;Arranca en verde&#039;, empezar\u00e1 el programa de esta semana en el Hospital de Parapl\u00e9jicos de Toledo. Si hay un lugar de referencia para v\u00edctimas de accidentes de tr\u00e1fico por lesiones medulares graves, es \u00e9ste. El espacio, que recorrer\u00e1 la ciudad de Toledo, hablar\u00e1 de accidentes de tr\u00e1fico y de formas de\" \/>\n\t<meta name=\"robots\" content=\"max-image-preview:large\" \/>\n\t<meta name=\"author\" content=\"Cand\u00e1s 365\"\/>\n\t<meta name=\"google-site-verification\" content=\"UA-32230408-1\" \/>\n\t<meta name=\"msvalidate.01\" content=\"354F3CDFB2DA171B47FBE9ABF1F88D5\" \/>\n\t<meta name=\"keywords\" content=\"agenda\" \/>\n\t<link rel=\"canonical\" href=\"https:\/\/candas365.es\/noticias\/arranca-en-verde-visita-toledo\/\" \/>\n\t<meta name=\"generator\" content=\"All in One SEO Pro (AIOSEO) 4.9.6.2\" \/>\n\t\t<meta property=\"og:locale\" content=\"es_ES\" \/>\n\t\t<meta property=\"og:site_name\" content=\"Cand\u00e1s 365\" \/>\n\t\t<meta property=\"og:type\" content=\"article\" \/>\n\t\t<meta property=\"og:title\" content=\"\u2018Arranca en verde\u2019 visita Toledo | Cand\u00e1s 365\" \/>\n\t\t<meta property=\"og:description\" content=\"Sara Escudero, presentadora de &#039;Arranca en verde&#039;, empezar\u00e1 el programa de esta semana en el Hospital de Parapl\u00e9jicos de Toledo. Si hay un lugar de referencia para v\u00edctimas de accidentes de tr\u00e1fico por lesiones medulares graves, es \u00e9ste. El espacio, que recorrer\u00e1 la ciudad de Toledo, hablar\u00e1 de accidentes de tr\u00e1fico y de formas de\" \/>\n\t\t<meta property=\"og:url\" content=\"https:\/\/candas365.es\/noticias\/arranca-en-verde-visita-toledo\/\" \/>\n\t\t<meta property=\"og:image\" content=\"https:\/\/candas365.es\/noticias\/wp-content\/uploads\/2017\/07\/controls-1527175_960_720.jpg\" \/>\n\t\t<meta property=\"og:image:secure_url\" content=\"https:\/\/candas365.es\/noticias\/wp-content\/uploads\/2017\/07\/controls-1527175_960_720.jpg\" \/>\n\t\t<meta property=\"og:image:width\" content=\"960\" \/>\n\t\t<meta property=\"og:image:height\" content=\"720\" \/>\n\t\t<meta property=\"article:published_time\" content=\"2018-05-19T08:00:47+00:00\" \/>\n\t\t<meta property=\"article:modified_time\" content=\"2018-05-19T08:00:47+00:00\" \/>\n\t\t<meta property=\"article:publisher\" content=\"https:\/\/www.facebook.com\/Nachofdezber\" \/>\n\t\t<meta property=\"article:author\" content=\"https:\/\/www.facebook.com\/carrenoactualidad\" \/>\n\t\t<meta name=\"twitter:card\" content=\"summary_large_image\" \/>\n\t\t<meta name=\"twitter:site\" content=\"@NabercoDigital\" \/>\n\t\t<meta name=\"twitter:title\" content=\"\u2018Arranca en verde\u2019 visita Toledo | Cand\u00e1s 365\" \/>\n\t\t<meta name=\"twitter:description\" content=\"Sara Escudero, presentadora de &#039;Arranca en verde&#039;, empezar\u00e1 el programa de esta semana en el Hospital de Parapl\u00e9jicos de Toledo. Si hay un lugar de referencia para v\u00edctimas de accidentes de tr\u00e1fico por lesiones medulares graves, es \u00e9ste. El espacio, que recorrer\u00e1 la ciudad de Toledo, hablar\u00e1 de accidentes de tr\u00e1fico y de formas de\" \/>\n\t\t<meta name=\"twitter:creator\" content=\"@nbasturias\" \/>\n\t\t<meta name=\"twitter:image\" content=\"https:\/\/candas365.es\/noticias\/wp-content\/uploads\/2017\/07\/controls-1527175_960_720.jpg\" \/>\n\t\t<meta name=\"twitter:label1\" content=\"Escrito por\" \/>\n\t\t<meta name=\"twitter:data1\" content=\"Cand\u00e1s 365\" \/>\n\t\t<meta name=\"twitter:label2\" content=\"Tiempo de lectura estimado\" \/>\n\t\t<meta name=\"twitter:data2\" content=\"2 minutos\" \/>\n\t\t<script type=\"application\/ld+json\" class=\"aioseo-schema\">\n\t\t\t{\"@context\":\"https:\\\/\\\/schema.org\",\"@graph\":[{\"@type\":\"BreadcrumbList\",\"@id\":\"https:\\\/\\\/candas365.es\\\/noticias\\\/arranca-en-verde-visita-toledo\\\/#breadcrumblist\",\"itemListElement\":[{\"@type\":\"ListItem\",\"@id\":\"https:\\\/\\\/candas365.es\\\/noticias#listItem\",\"position\":1,\"name\":\"Home\",\"item\":\"https:\\\/\\\/candas365.es\\\/noticias\",\"nextItem\":{\"@type\":\"ListItem\",\"@id\":\"https:\\\/\\\/candas365.es\\\/noticias\\\/category\\\/agenda\\\/#listItem\",\"name\":\"Agenda\"}},{\"@type\":\"ListItem\",\"@id\":\"https:\\\/\\\/candas365.es\\\/noticias\\\/category\\\/agenda\\\/#listItem\",\"position\":2,\"name\":\"Agenda\",\"item\":\"https:\\\/\\\/candas365.es\\\/noticias\\\/category\\\/agenda\\\/\",\"nextItem\":{\"@type\":\"ListItem\",\"@id\":\"https:\\\/\\\/candas365.es\\\/noticias\\\/arranca-en-verde-visita-toledo\\\/#listItem\",\"name\":\"&#8216;Arranca en verde&#8217; visita Toledo\"},\"previousItem\":{\"@type\":\"ListItem\",\"@id\":\"https:\\\/\\\/candas365.es\\\/noticias#listItem\",\"name\":\"Home\"}},{\"@type\":\"ListItem\",\"@id\":\"https:\\\/\\\/candas365.es\\\/noticias\\\/arranca-en-verde-visita-toledo\\\/#listItem\",\"position\":3,\"name\":\"&#8216;Arranca en verde&#8217; visita Toledo\",\"previousItem\":{\"@type\":\"ListItem\",\"@id\":\"https:\\\/\\\/candas365.es\\\/noticias\\\/category\\\/agenda\\\/#listItem\",\"name\":\"Agenda\"}}]},{\"@type\":\"NewsArticle\",\"@id\":\"https:\\\/\\\/candas365.es\\\/noticias\\\/arranca-en-verde-visita-toledo\\\/#newsarticle\",\"name\":\"\\u2018Arranca en verde\\u2019 visita Toledo | Cand\\u00e1s 365\",\"headline\":\"&#8216;Arranca en verde&#8217; visita Toledo\",\"author\":{\"@id\":\"https:\\\/\\\/candas365.es\\\/noticias\\\/author\\\/admin\\\/#author\"},\"publisher\":{\"@id\":\"https:\\\/\\\/candas365.es\\\/noticias\\\/#organization\"},\"image\":{\"@type\":\"ImageObject\",\"url\":\"https:\\\/\\\/candas365.es\\\/noticias\\\/wp-content\\\/uploads\\\/2017\\\/07\\\/controls-1527175_960_720.jpg\",\"width\":960,\"height\":720},\"datePublished\":\"2018-05-19T08:00:47+02:00\",\"dateModified\":\"2018-05-19T08:00:47+02:00\",\"inLanguage\":\"es-ES\",\"mainEntityOfPage\":{\"@id\":\"https:\\\/\\\/candas365.es\\\/noticias\\\/arranca-en-verde-visita-toledo\\\/#webpage\"},\"isPartOf\":{\"@id\":\"https:\\\/\\\/candas365.es\\\/noticias\\\/arranca-en-verde-visita-toledo\\\/#webpage\"},\"articleSection\":\"Agenda\",\"dateline\":\"Publicado el mayo 19, 2018.\"},{\"@type\":\"Organization\",\"@id\":\"https:\\\/\\\/candas365.es\\\/noticias\\\/#organization\",\"name\":\"Cand\\u00e1s 365\",\"description\":\"Cand\\u00e1s 365 es un diario digital independiente, fundado en 2012, con base en Asturias. Informamos con rigor sobre actualidad, sociedad, cultura y ocio, con una mirada local y global.\",\"url\":\"https:\\\/\\\/candas365.es\\\/noticias\\\/\",\"email\":\"info@candas365.es\",\"telephone\":\"+34652131393\",\"foundingDate\":\"2012-06-10\",\"logo\":{\"@type\":\"ImageObject\",\"url\":\"https:\\\/\\\/candas365.es\\\/noticias\\\/wp-content\\\/uploads\\\/2024\\\/09\\\/Candas-365-Redes.jpg\",\"@id\":\"https:\\\/\\\/candas365.es\\\/noticias\\\/arranca-en-verde-visita-toledo\\\/#organizationLogo\",\"width\":1152,\"height\":864,\"caption\":\"Cand\\u00e1s 365 Redes\"},\"image\":{\"@id\":\"https:\\\/\\\/candas365.es\\\/noticias\\\/arranca-en-verde-visita-toledo\\\/#organizationLogo\"},\"sameAs\":[\"https:\\\/\\\/www.facebook.com\\\/Nachofdezber\",\"https:\\\/\\\/x.com\\\/NabercoDigital\",\"https:\\\/\\\/www.instagram.com\\\/nachofdezber\\\/\",\"https:\\\/\\\/www.youtube.com\\\/channel\\\/UCZP-2wLEB9Rv6erhFmqVnvg\"],\"address\":{\"@id\":\"https:\\\/\\\/candas365.es\\\/noticias\\\/#postaladdress\",\"@type\":\"PostalAddress\",\"streetAddress\":\"san antonio 4, san antonio 4\",\"postalCode\":\"33430\",\"addressLocality\":\"Cand\\u00e1s\",\"addressRegion\":\"Asturias\",\"addressCountry\":\"ES\"}},{\"@type\":\"Person\",\"@id\":\"https:\\\/\\\/candas365.es\\\/noticias\\\/author\\\/admin\\\/#author\",\"url\":\"https:\\\/\\\/candas365.es\\\/noticias\\\/author\\\/admin\\\/\",\"name\":\"Cand\\u00e1s 365\",\"image\":{\"@type\":\"ImageObject\",\"@id\":\"https:\\\/\\\/candas365.es\\\/noticias\\\/arranca-en-verde-visita-toledo\\\/#authorImage\",\"url\":\"https:\\\/\\\/secure.gravatar.com\\\/avatar\\\/496a8e03d0c493ede1718b7934145dbdf8d89be1036b0eec9544e1094c9de390?s=96&d=mm&r=g\",\"width\":96,\"height\":96,\"caption\":\"Cand\\u00e1s 365\"},\"sameAs\":[\"https:\\\/\\\/www.facebook.com\\\/carrenoactualidad\",\"https:\\\/\\\/twitter.com\\\/nbasturias\",\"https:\\\/\\\/www.instagram.com\\\/nachofdezber\\\/\",\"https:\\\/\\\/www.youtube.com\\\/channel\\\/UCZP-2wLEB9Rv6erhFmqVnvg\"]},{\"@type\":\"WebPage\",\"@id\":\"https:\\\/\\\/candas365.es\\\/noticias\\\/arranca-en-verde-visita-toledo\\\/#webpage\",\"url\":\"https:\\\/\\\/candas365.es\\\/noticias\\\/arranca-en-verde-visita-toledo\\\/\",\"name\":\"\\u2018Arranca en verde\\u2019 visita Toledo | Cand\\u00e1s 365\",\"description\":\"Sara Escudero, presentadora de 'Arranca en verde', empezar\\u00e1 el programa de esta semana en el Hospital de Parapl\\u00e9jicos de Toledo. Si hay un lugar de referencia para v\\u00edctimas de accidentes de tr\\u00e1fico por lesiones medulares graves, es \\u00e9ste. El espacio, que recorrer\\u00e1 la ciudad de Toledo, hablar\\u00e1 de accidentes de tr\\u00e1fico y de formas de\",\"inLanguage\":\"es-ES\",\"isPartOf\":{\"@id\":\"https:\\\/\\\/candas365.es\\\/noticias\\\/#website\"},\"breadcrumb\":{\"@id\":\"https:\\\/\\\/candas365.es\\\/noticias\\\/arranca-en-verde-visita-toledo\\\/#breadcrumblist\"},\"author\":{\"@id\":\"https:\\\/\\\/candas365.es\\\/noticias\\\/author\\\/admin\\\/#author\"},\"creator\":{\"@id\":\"https:\\\/\\\/candas365.es\\\/noticias\\\/author\\\/admin\\\/#author\"},\"image\":{\"@type\":\"ImageObject\",\"url\":\"https:\\\/\\\/candas365.es\\\/noticias\\\/wp-content\\\/uploads\\\/2017\\\/07\\\/controls-1527175_960_720.jpg\",\"@id\":\"https:\\\/\\\/candas365.es\\\/noticias\\\/arranca-en-verde-visita-toledo\\\/#mainImage\",\"width\":960,\"height\":720},\"primaryImageOfPage\":{\"@id\":\"https:\\\/\\\/candas365.es\\\/noticias\\\/arranca-en-verde-visita-toledo\\\/#mainImage\"},\"datePublished\":\"2018-05-19T08:00:47+02:00\",\"dateModified\":\"2018-05-19T08:00:47+02:00\"},{\"@type\":\"WebSite\",\"@id\":\"https:\\\/\\\/candas365.es\\\/noticias\\\/#website\",\"url\":\"https:\\\/\\\/candas365.es\\\/noticias\\\/\",\"name\":\"Cand\\u00e1s 365\",\"alternateName\":\"Cand\\u00e1s 365 Noticias\",\"description\":\"Actualidad desde Carre\\u00f1o para el mundo\",\"inLanguage\":\"es-ES\",\"publisher\":{\"@id\":\"https:\\\/\\\/candas365.es\\\/noticias\\\/#organization\"}}]}\n\t\t<\/script>\n\t\t<!-- All in One SEO Pro -->\r\n\t\t<title>\u2018Arranca en verde\u2019 visita Toledo | Cand\u00e1s 365<\/title>\n\n","aioseo_head_json":{"title":"\u2018Arranca en verde\u2019 visita Toledo | Cand\u00e1s 365","description":"Sara Escudero, presentadora de 'Arranca en verde', empezar\u00e1 el programa de esta semana en el Hospital de Parapl\u00e9jicos de Toledo. Si hay un lugar de referencia para v\u00edctimas de accidentes de tr\u00e1fico por lesiones medulares graves, es \u00e9ste. El espacio, que recorrer\u00e1 la ciudad de Toledo, hablar\u00e1 de accidentes de tr\u00e1fico y de formas de","canonical_url":"https:\/\/candas365.es\/noticias\/arranca-en-verde-visita-toledo\/","robots":"max-image-preview:large","keywords":"agenda","webmasterTools":{"google-site-verification":"UA-32230408-1","msvalidate.01":"354F3CDFB2DA171B47FBE9ABF1F88D5","miscellaneous":""},"schema":{"@context":"https:\/\/schema.org","@graph":[{"@type":"BreadcrumbList","@id":"https:\/\/candas365.es\/noticias\/arranca-en-verde-visita-toledo\/#breadcrumblist","itemListElement":[{"@type":"ListItem","@id":"https:\/\/candas365.es\/noticias#listItem","position":1,"name":"Home","item":"https:\/\/candas365.es\/noticias","nextItem":{"@type":"ListItem","@id":"https:\/\/candas365.es\/noticias\/category\/agenda\/#listItem","name":"Agenda"}},{"@type":"ListItem","@id":"https:\/\/candas365.es\/noticias\/category\/agenda\/#listItem","position":2,"name":"Agenda","item":"https:\/\/candas365.es\/noticias\/category\/agenda\/","nextItem":{"@type":"ListItem","@id":"https:\/\/candas365.es\/noticias\/arranca-en-verde-visita-toledo\/#listItem","name":"&#8216;Arranca en verde&#8217; visita Toledo"},"previousItem":{"@type":"ListItem","@id":"https:\/\/candas365.es\/noticias#listItem","name":"Home"}},{"@type":"ListItem","@id":"https:\/\/candas365.es\/noticias\/arranca-en-verde-visita-toledo\/#listItem","position":3,"name":"&#8216;Arranca en verde&#8217; visita Toledo","previousItem":{"@type":"ListItem","@id":"https:\/\/candas365.es\/noticias\/category\/agenda\/#listItem","name":"Agenda"}}]},{"@type":"NewsArticle","@id":"https:\/\/candas365.es\/noticias\/arranca-en-verde-visita-toledo\/#newsarticle","name":"\u2018Arranca en verde\u2019 visita Toledo | Cand\u00e1s 365","headline":"&#8216;Arranca en verde&#8217; visita Toledo","author":{"@id":"https:\/\/candas365.es\/noticias\/author\/admin\/#author"},"publisher":{"@id":"https:\/\/candas365.es\/noticias\/#organization"},"image":{"@type":"ImageObject","url":"https:\/\/candas365.es\/noticias\/wp-content\/uploads\/2017\/07\/controls-1527175_960_720.jpg","width":960,"height":720},"datePublished":"2018-05-19T08:00:47+02:00","dateModified":"2018-05-19T08:00:47+02:00","inLanguage":"es-ES","mainEntityOfPage":{"@id":"https:\/\/candas365.es\/noticias\/arranca-en-verde-visita-toledo\/#webpage"},"isPartOf":{"@id":"https:\/\/candas365.es\/noticias\/arranca-en-verde-visita-toledo\/#webpage"},"articleSection":"Agenda","dateline":"Publicado el mayo 19, 2018."},{"@type":"Organization","@id":"https:\/\/candas365.es\/noticias\/#organization","name":"Cand\u00e1s 365","description":"Cand\u00e1s 365 es un diario digital independiente, fundado en 2012, con base en Asturias. Informamos con rigor sobre actualidad, sociedad, cultura y ocio, con una mirada local y global.","url":"https:\/\/candas365.es\/noticias\/","email":"info@candas365.es","telephone":"+34652131393","foundingDate":"2012-06-10","logo":{"@type":"ImageObject","url":"https:\/\/candas365.es\/noticias\/wp-content\/uploads\/2024\/09\/Candas-365-Redes.jpg","@id":"https:\/\/candas365.es\/noticias\/arranca-en-verde-visita-toledo\/#organizationLogo","width":1152,"height":864,"caption":"Cand\u00e1s 365 Redes"},"image":{"@id":"https:\/\/candas365.es\/noticias\/arranca-en-verde-visita-toledo\/#organizationLogo"},"sameAs":["https:\/\/www.facebook.com\/Nachofdezber","https:\/\/x.com\/NabercoDigital","https:\/\/www.instagram.com\/nachofdezber\/","https:\/\/www.youtube.com\/channel\/UCZP-2wLEB9Rv6erhFmqVnvg"],"address":{"@id":"https:\/\/candas365.es\/noticias\/#postaladdress","@type":"PostalAddress","streetAddress":"san antonio 4, san antonio 4","postalCode":"33430","addressLocality":"Cand\u00e1s","addressRegion":"Asturias","addressCountry":"ES"}},{"@type":"Person","@id":"https:\/\/candas365.es\/noticias\/author\/admin\/#author","url":"https:\/\/candas365.es\/noticias\/author\/admin\/","name":"Cand\u00e1s 365","image":{"@type":"ImageObject","@id":"https:\/\/candas365.es\/noticias\/arranca-en-verde-visita-toledo\/#authorImage","url":"https:\/\/secure.gravatar.com\/avatar\/496a8e03d0c493ede1718b7934145dbdf8d89be1036b0eec9544e1094c9de390?s=96&d=mm&r=g","width":96,"height":96,"caption":"Cand\u00e1s 365"},"sameAs":["https:\/\/www.facebook.com\/carrenoactualidad","https:\/\/twitter.com\/nbasturias","https:\/\/www.instagram.com\/nachofdezber\/","https:\/\/www.youtube.com\/channel\/UCZP-2wLEB9Rv6erhFmqVnvg"]},{"@type":"WebPage","@id":"https:\/\/candas365.es\/noticias\/arranca-en-verde-visita-toledo\/#webpage","url":"https:\/\/candas365.es\/noticias\/arranca-en-verde-visita-toledo\/","name":"\u2018Arranca en verde\u2019 visita Toledo | Cand\u00e1s 365","description":"Sara Escudero, presentadora de 'Arranca en verde', empezar\u00e1 el programa de esta semana en el Hospital de Parapl\u00e9jicos de Toledo. Si hay un lugar de referencia para v\u00edctimas de accidentes de tr\u00e1fico por lesiones medulares graves, es \u00e9ste. El espacio, que recorrer\u00e1 la ciudad de Toledo, hablar\u00e1 de accidentes de tr\u00e1fico y de formas de","inLanguage":"es-ES","isPartOf":{"@id":"https:\/\/candas365.es\/noticias\/#website"},"breadcrumb":{"@id":"https:\/\/candas365.es\/noticias\/arranca-en-verde-visita-toledo\/#breadcrumblist"},"author":{"@id":"https:\/\/candas365.es\/noticias\/author\/admin\/#author"},"creator":{"@id":"https:\/\/candas365.es\/noticias\/author\/admin\/#author"},"image":{"@type":"ImageObject","url":"https:\/\/candas365.es\/noticias\/wp-content\/uploads\/2017\/07\/controls-1527175_960_720.jpg","@id":"https:\/\/candas365.es\/noticias\/arranca-en-verde-visita-toledo\/#mainImage","width":960,"height":720},"primaryImageOfPage":{"@id":"https:\/\/candas365.es\/noticias\/arranca-en-verde-visita-toledo\/#mainImage"},"datePublished":"2018-05-19T08:00:47+02:00","dateModified":"2018-05-19T08:00:47+02:00"},{"@type":"WebSite","@id":"https:\/\/candas365.es\/noticias\/#website","url":"https:\/\/candas365.es\/noticias\/","name":"Cand\u00e1s 365","alternateName":"Cand\u00e1s 365 Noticias","description":"Actualidad desde Carre\u00f1o para el mundo","inLanguage":"es-ES","publisher":{"@id":"https:\/\/candas365.es\/noticias\/#organization"}}]},"og:locale":"es_ES","og:site_name":"Cand\u00e1s 365","og:type":"article","og:title":"\u2018Arranca en verde\u2019 visita Toledo | Cand\u00e1s 365","og:description":"Sara Escudero, presentadora de 'Arranca en verde', empezar\u00e1 el programa de esta semana en el Hospital de Parapl\u00e9jicos de Toledo. Si hay un lugar de referencia para v\u00edctimas de accidentes de tr\u00e1fico por lesiones medulares graves, es \u00e9ste. El espacio, que recorrer\u00e1 la ciudad de Toledo, hablar\u00e1 de accidentes de tr\u00e1fico y de formas de","og:url":"https:\/\/candas365.es\/noticias\/arranca-en-verde-visita-toledo\/","og:image":"https:\/\/candas365.es\/noticias\/wp-content\/uploads\/2017\/07\/controls-1527175_960_720.jpg","og:image:secure_url":"https:\/\/candas365.es\/noticias\/wp-content\/uploads\/2017\/07\/controls-1527175_960_720.jpg","og:image:width":960,"og:image:height":720,"article:published_time":"2018-05-19T08:00:47+00:00","article:modified_time":"2018-05-19T08:00:47+00:00","article:publisher":"https:\/\/www.facebook.com\/Nachofdezber","article:author":"https:\/\/www.facebook.com\/carrenoactualidad","twitter:card":"summary_large_image","twitter:site":"@NabercoDigital","twitter:title":"\u2018Arranca en verde\u2019 visita Toledo | Cand\u00e1s 365","twitter:description":"Sara Escudero, presentadora de 'Arranca en verde', empezar\u00e1 el programa de esta semana en el Hospital de Parapl\u00e9jicos de Toledo. Si hay un lugar de referencia para v\u00edctimas de accidentes de tr\u00e1fico por lesiones medulares graves, es \u00e9ste. El espacio, que recorrer\u00e1 la ciudad de Toledo, hablar\u00e1 de accidentes de tr\u00e1fico y de formas de","twitter:creator":"@nbasturias","twitter:image":"https:\/\/candas365.es\/noticias\/wp-content\/uploads\/2017\/07\/controls-1527175_960_720.jpg","twitter:label1":"Escrito por","twitter:data1":"Cand\u00e1s 365","twitter:label2":"Tiempo de lectura estimado","twitter:data2":"2 minutos"},"aioseo_meta_data":{"post_id":"96008","title":null,"description":null,"keywords":null,"keyphrases":null,"primary_term":null,"canonical_url":null,"og_title":null,"og_description":null,"og_object_type":"default","og_image_type":"default","og_image_url":null,"og_image_width":null,"og_image_height":null,"og_image_custom_url":null,"og_image_custom_fields":null,"og_video":null,"og_custom_url":null,"og_article_section":null,"og_article_tags":null,"twitter_use_og":false,"twitter_card":"default","twitter_image_type":"default","twitter_image_url":null,"twitter_image_custom_url":null,"twitter_image_custom_fields":null,"twitter_title":null,"twitter_description":null,"schema":{"blockGraphs":[],"customGraphs":[],"default":{"data":{"Article":[],"Course":[],"Dataset":[],"FAQPage":[],"Movie":[],"Person":[],"Product":[],"ProductReview":[],"Car":[],"Recipe":[],"Service":[],"SoftwareApplication":[],"WebPage":[]},"graphName":"","isEnabled":true},"graphs":[],"defaultGraph":"","defaultPostTypeGraph":""},"schema_type":null,"schema_type_options":null,"pillar_content":false,"robots_default":true,"robots_noindex":false,"robots_noarchive":false,"robots_nosnippet":false,"robots_nofollow":false,"robots_noimageindex":false,"robots_noodp":false,"robots_notranslate":false,"robots_max_snippet":null,"robots_max_videopreview":null,"robots_max_imagepreview":"large","priority":null,"frequency":null,"location":null,"local_seo":null,"seo_analyzer_scan_date":"2025-08-26 21:20:09","breadcrumb_settings":null,"limit_modified_date":false,"reviewed_by":null,"open_ai":null,"ai":null,"created":"2020-12-21 11:51:52","updated":"2025-08-26 21:20:09"},"aioseo_breadcrumb":"<div class=\"aioseo-breadcrumbs\"><span class=\"aioseo-breadcrumb\">\n\t<a href=\"https:\/\/candas365.es\/noticias\" title=\"Home\">Home<\/a>\n<\/span><span class=\"aioseo-breadcrumb-separator\">&ndash;<\/span><span class=\"aioseo-breadcrumb\">\n\t<a href=\"https:\/\/candas365.es\/noticias\/category\/agenda\/\" title=\"Agenda\">Agenda<\/a>\n<\/span><span class=\"aioseo-breadcrumb-separator\">&ndash;<\/span><span class=\"aioseo-breadcrumb\">\n\t\u2018Arranca en verde\u2019 visita Toledo\n<\/span><\/div>","aioseo_breadcrumb_json":[{"label":"Home","link":"https:\/\/candas365.es\/noticias"},{"label":"Agenda","link":"https:\/\/candas365.es\/noticias\/category\/agenda\/"},{"label":"&#8216;Arranca en verde&#8217; visita Toledo","link":"https:\/\/candas365.es\/noticias\/arranca-en-verde-visita-toledo\/"}],"_links":{"self":[{"href":"https:\/\/candas365.es\/noticias\/wp-json\/wp\/v2\/posts\/96008","targetHints":{"allow":["GET"]}}],"collection":[{"href":"https:\/\/candas365.es\/noticias\/wp-json\/wp\/v2\/posts"}],"about":[{"href":"https:\/\/candas365.es\/noticias\/wp-json\/wp\/v2\/types\/post"}],"author":[{"embeddable":true,"href":"https:\/\/candas365.es\/noticias\/wp-json\/wp\/v2\/users\/1"}],"replies":[{"embeddable":true,"href":"https:\/\/candas365.es\/noticias\/wp-json\/wp\/v2\/comments?post=96008"}],"version-history":[{"count":0,"href":"https:\/\/candas365.es\/noticias\/wp-json\/wp\/v2\/posts\/96008\/revisions"}],"wp:featuredmedia":[{"embeddable":true,"href":"https:\/\/candas365.es\/noticias\/wp-json\/wp\/v2\/media\/76605"}],"wp:attachment":[{"href":"https:\/\/candas365.es\/noticias\/wp-json\/wp\/v2\/media?parent=96008"}],"wp:term":[{"taxonomy":"category","embeddable":true,"href":"https:\/\/candas365.es\/noticias\/wp-json\/wp\/v2\/categories?post=96008"},{"taxonomy":"post_tag","embeddable":true,"href":"https:\/\/candas365.es\/noticias\/wp-json\/wp\/v2\/tags?post=96008"}],"curies":[{"name":"wp","href":"https:\/\/api.w.org\/{rel}","templated":true}]}}