{"id":96001,"date":"2018-05-18T20:20:56","date_gmt":"2018-05-18T20:20:56","guid":{"rendered":"http:\/\/candas365.es\/noticias\/?p=96001"},"modified":"2018-05-18T20:20:56","modified_gmt":"2018-05-18T20:20:56","slug":"inauguracion-de-la-37a-edicion-de-la-feria-de-queso-y-vino-de-aviles","status":"publish","type":"post","link":"https:\/\/candas365.es\/noticias\/inauguracion-de-la-37a-edicion-de-la-feria-de-queso-y-vino-de-aviles\/","title":{"rendered":"Inauguraci\u00f3n de la 37\u00aa edici\u00f3n de la Feria de Queso y Vino de Avil\u00e9s"},"content":{"rendered":"<p><img fetchpriority=\"high\" decoding=\"async\" class=\"alignleft size-medium wp-image-96002\" src=\"https:\/\/candas365.es\/noticias\/wp-content\/uploads\/2018\/05\/Inauguraci\u00f3n-feria-queso-y-vino-de-avil\u00e9s-360x240.jpg\" alt=\"\" width=\"360\" height=\"240\" srcset=\"https:\/\/candas365.es\/noticias\/wp-content\/uploads\/2018\/05\/Inauguraci\u00f3n-feria-queso-y-vino-de-avil\u00e9s-360x240.jpg 360w, https:\/\/candas365.es\/noticias\/wp-content\/uploads\/2018\/05\/Inauguraci\u00f3n-feria-queso-y-vino-de-avil\u00e9s-768x512.jpg 768w, https:\/\/candas365.es\/noticias\/wp-content\/uploads\/2018\/05\/Inauguraci\u00f3n-feria-queso-y-vino-de-avil\u00e9s-655x436.jpg 655w, https:\/\/candas365.es\/noticias\/wp-content\/uploads\/2018\/05\/Inauguraci\u00f3n-feria-queso-y-vino-de-avil\u00e9s-696x464.jpg 696w, https:\/\/candas365.es\/noticias\/wp-content\/uploads\/2018\/05\/Inauguraci\u00f3n-feria-queso-y-vino-de-avil\u00e9s-1068x712.jpg 1068w, https:\/\/candas365.es\/noticias\/wp-content\/uploads\/2018\/05\/Inauguraci\u00f3n-feria-queso-y-vino-de-avil\u00e9s-630x420.jpg 630w, https:\/\/candas365.es\/noticias\/wp-content\/uploads\/2018\/05\/Inauguraci\u00f3n-feria-queso-y-vino-de-avil\u00e9s.jpg 1280w\" sizes=\"(max-width: 360px) 100vw, 360px\" \/>Las queser\u00edas asturianas con Denominaci\u00f3n de Origen Protegida (DOP) produjeron en 2017 un total de 714.303 kilos por un valor econ\u00f3mico de 7,9 millones de euros. Las m\u00e1s de 60 empresas que cuentan con este sello de calidad utilizaron casi 7,5 millones de kilos de leche para su elaboraci\u00f3n.<\/p>\n<p>La consejera de Desarrollo Rural y Recursos Naturales, Mar\u00eda Jes\u00fas \u00c1lvarez, ha ofrecido hoy estos datos en la inauguraci\u00f3n de la 37\u00aa edici\u00f3n de la Feria de Queso y Vino de Avil\u00e9s, donde ha destacado que Asturias \u201cconstituye una de las mayores manchas de quesos de Europa, con m\u00e1s de 40 variedades\u201d. Adem\u00e1s, ha agregado que en los \u00faltimos a\u00f1os cada vez m\u00e1s queseros \u201cmiman su producci\u00f3n manteniendo la tradici\u00f3n e incorporando la innovaci\u00f3n para satisfacer a un consumidor cada d\u00eda m\u00e1s exigente\u201d.<\/p>\n<p>De los casi 40 quesos con DOP que se producen actualmente en Espa\u00f1a, cuatro se elaboran exclusivamente en Asturias: Cabrales, Afuega\u2019l pitu, Gamonedo y Cas\u00edn, mientras que un quinto, el de Los Beyos, se comparte con Le\u00f3n.<\/p>\n<p>\u00c1lvarez ha asegurado que la producci\u00f3n de Cabrales est\u00e1 en niveles pr\u00f3ximos a los 500.000 kilos, de los que se exporta un 20%. Tambi\u00e9n ha explicado que estas queser\u00edas dispondr\u00e1n en breve de mayor capacidad gracias a la habilitaci\u00f3n de accesos a nuevas cuevas.<\/p>\n<p>Respecto al Gamonedo, un queso que tiene a\u00fan \u201cmucha capacidad de crecimiento\u201d, a juicio de la consejera, su producci\u00f3n ha aumentado un 40% en cuatro a\u00f1os, hasta alcanzar los 140.000 kilos en 2017.<\/p>\n<p>Por su parte, la producci\u00f3n de Afuega\u2019l pitu se mantiene estable, con 115.000 kilos, mientras que la de Cas\u00edn aument\u00f3 hasta los 9.000 kilos.<\/p>\n<p><strong>Nuevas incorporaciones al sello de calidad<\/strong><\/p>\n<p>El Principado est\u00e1 ultimando el proceso para que puedan incorporarse a la marca de calidad Alimentos del Para\u00edso Natural el resto de queseros artesanos de Asturias que as\u00ed lo decidan. En este sentido, la titular de Desarrollo Rural \u00c1lvarez prev\u00e9 que en un plazo de seis meses se venda bajo este sello la producci\u00f3n de una docena de elaboradores tradicionales. Recientemente se han incorporado a la marca los quesos azules de La Peral y Alcares.<\/p>\n<p>En cuanto a la DOP Vino de Cangas, \u00c1lvarez ha resaltado que este a\u00f1o se han creado dos nuevas bodegas y que en 2017 se embotellaron 100.000 unidades, con un valor comercial que super\u00f3 los 670.000 euros. \u201cSe trata de una bebida singular, vinculada a la tierra, a la viticultura heroica y apreciada por un p\u00fablico que valora los productos con sello de calidad\u201d, ha subrayado.<\/p>\n<p>Seg\u00fan la consejera, es preciso continuar profesionalizando tanto el sector de queso como el del vino, con el objetivo de incrementar la producci\u00f3n, las exportaciones y la presencia en el mercado.<\/p>\n","protected":false},"excerpt":{"rendered":"<p>Las queser\u00edas asturianas con Denominaci\u00f3n de Origen Protegida (DOP) produjeron en 2017 un total de 714.303 kilos por un valor econ\u00f3mico de 7,9 millones de euros. Las m\u00e1s de 60 empresas que cuentan con este sello de calidad utilizaron casi 7,5 millones de kilos de leche para su elaboraci\u00f3n. La consejera de Desarrollo Rural y<\/p>\n","protected":false},"author":1,"featured_media":96002,"comment_status":"closed","ping_status":"closed","sticky":false,"template":"","format":"standard","meta":{"footnotes":""},"categories":[7],"tags":[],"class_list":{"0":"post-96001","1":"post","2":"type-post","3":"status-publish","4":"format-standard","5":"has-post-thumbnail","7":"category-asturias"},"aioseo_notices":[],"aioseo_head":"\n\t\t<!-- All in One SEO Pro 4.9.6.2 - aioseo.com -->\n\t<meta name=\"description\" content=\"Las queser\u00edas asturianas con Denominaci\u00f3n de Origen Protegida (DOP) produjeron en 2017 un total de 714.303 kilos por un valor econ\u00f3mico de 7,9 millones de euros. Las m\u00e1s de 60 empresas que cuentan con este sello de calidad utilizaron casi 7,5 millones de kilos de leche para su elaboraci\u00f3n. La consejera de Desarrollo Rural y\" \/>\n\t<meta name=\"robots\" content=\"max-image-preview:large\" \/>\n\t<meta name=\"author\" content=\"Cand\u00e1s 365\"\/>\n\t<meta name=\"google-site-verification\" content=\"UA-32230408-1\" \/>\n\t<meta name=\"msvalidate.01\" content=\"354F3CDFB2DA171B47FBE9ABF1F88D5\" \/>\n\t<meta name=\"keywords\" content=\"asturias\" \/>\n\t<link rel=\"canonical\" href=\"https:\/\/candas365.es\/noticias\/inauguracion-de-la-37a-edicion-de-la-feria-de-queso-y-vino-de-aviles\/\" \/>\n\t<meta name=\"generator\" content=\"All in One SEO Pro (AIOSEO) 4.9.6.2\" \/>\n\t\t<meta property=\"og:locale\" content=\"es_ES\" \/>\n\t\t<meta property=\"og:site_name\" content=\"Cand\u00e1s 365\" \/>\n\t\t<meta property=\"og:type\" content=\"article\" \/>\n\t\t<meta property=\"og:title\" content=\"Inauguraci\u00f3n de la 37\u00aa edici\u00f3n de la Feria de Queso y Vino de Avil\u00e9s | Cand\u00e1s 365\" \/>\n\t\t<meta property=\"og:description\" content=\"Las queser\u00edas asturianas con Denominaci\u00f3n de Origen Protegida (DOP) produjeron en 2017 un total de 714.303 kilos por un valor econ\u00f3mico de 7,9 millones de euros. Las m\u00e1s de 60 empresas que cuentan con este sello de calidad utilizaron casi 7,5 millones de kilos de leche para su elaboraci\u00f3n. La consejera de Desarrollo Rural y\" \/>\n\t\t<meta property=\"og:url\" content=\"https:\/\/candas365.es\/noticias\/inauguracion-de-la-37a-edicion-de-la-feria-de-queso-y-vino-de-aviles\/\" \/>\n\t\t<meta property=\"og:image\" content=\"https:\/\/candas365.es\/noticias\/wp-content\/uploads\/2018\/05\/Inauguraci\u00f3n-feria-queso-y-vino-de-avil\u00e9s.jpg\" \/>\n\t\t<meta property=\"og:image:secure_url\" content=\"https:\/\/candas365.es\/noticias\/wp-content\/uploads\/2018\/05\/Inauguraci\u00f3n-feria-queso-y-vino-de-avil\u00e9s.jpg\" \/>\n\t\t<meta property=\"og:image:width\" content=\"1280\" \/>\n\t\t<meta property=\"og:image:height\" content=\"853\" \/>\n\t\t<meta property=\"article:published_time\" content=\"2018-05-18T20:20:56+00:00\" \/>\n\t\t<meta property=\"article:modified_time\" content=\"2018-05-18T20:20:56+00:00\" \/>\n\t\t<meta property=\"article:publisher\" content=\"https:\/\/www.facebook.com\/Nachofdezber\" \/>\n\t\t<meta property=\"article:author\" content=\"https:\/\/www.facebook.com\/carrenoactualidad\" \/>\n\t\t<meta name=\"twitter:card\" content=\"summary_large_image\" \/>\n\t\t<meta name=\"twitter:site\" content=\"@NabercoDigital\" \/>\n\t\t<meta name=\"twitter:title\" content=\"Inauguraci\u00f3n de la 37\u00aa edici\u00f3n de la Feria de Queso y Vino de Avil\u00e9s | Cand\u00e1s 365\" \/>\n\t\t<meta name=\"twitter:description\" content=\"Las queser\u00edas asturianas con Denominaci\u00f3n de Origen Protegida (DOP) produjeron en 2017 un total de 714.303 kilos por un valor econ\u00f3mico de 7,9 millones de euros. Las m\u00e1s de 60 empresas que cuentan con este sello de calidad utilizaron casi 7,5 millones de kilos de leche para su elaboraci\u00f3n. La consejera de Desarrollo Rural y\" \/>\n\t\t<meta name=\"twitter:creator\" content=\"@nbasturias\" \/>\n\t\t<meta name=\"twitter:image\" content=\"https:\/\/candas365.es\/noticias\/wp-content\/uploads\/2018\/05\/Inauguraci\u00f3n-feria-queso-y-vino-de-avil\u00e9s.jpg\" \/>\n\t\t<meta name=\"twitter:label1\" content=\"Escrito por\" \/>\n\t\t<meta name=\"twitter:data1\" content=\"Cand\u00e1s 365\" \/>\n\t\t<meta name=\"twitter:label2\" content=\"Tiempo de lectura estimado\" \/>\n\t\t<meta name=\"twitter:data2\" content=\"2 minutos\" \/>\n\t\t<script type=\"application\/ld+json\" class=\"aioseo-schema\">\n\t\t\t{\"@context\":\"https:\\\/\\\/schema.org\",\"@graph\":[{\"@type\":\"BreadcrumbList\",\"@id\":\"https:\\\/\\\/candas365.es\\\/noticias\\\/inauguracion-de-la-37a-edicion-de-la-feria-de-queso-y-vino-de-aviles\\\/#breadcrumblist\",\"itemListElement\":[{\"@type\":\"ListItem\",\"@id\":\"https:\\\/\\\/candas365.es\\\/noticias#listItem\",\"position\":1,\"name\":\"Home\",\"item\":\"https:\\\/\\\/candas365.es\\\/noticias\",\"nextItem\":{\"@type\":\"ListItem\",\"@id\":\"https:\\\/\\\/candas365.es\\\/noticias\\\/category\\\/asturias\\\/#listItem\",\"name\":\"Asturias\"}},{\"@type\":\"ListItem\",\"@id\":\"https:\\\/\\\/candas365.es\\\/noticias\\\/category\\\/asturias\\\/#listItem\",\"position\":2,\"name\":\"Asturias\",\"item\":\"https:\\\/\\\/candas365.es\\\/noticias\\\/category\\\/asturias\\\/\",\"nextItem\":{\"@type\":\"ListItem\",\"@id\":\"https:\\\/\\\/candas365.es\\\/noticias\\\/inauguracion-de-la-37a-edicion-de-la-feria-de-queso-y-vino-de-aviles\\\/#listItem\",\"name\":\"Inauguraci\\u00f3n de la 37\\u00aa edici\\u00f3n de la Feria de Queso y Vino de Avil\\u00e9s\"},\"previousItem\":{\"@type\":\"ListItem\",\"@id\":\"https:\\\/\\\/candas365.es\\\/noticias#listItem\",\"name\":\"Home\"}},{\"@type\":\"ListItem\",\"@id\":\"https:\\\/\\\/candas365.es\\\/noticias\\\/inauguracion-de-la-37a-edicion-de-la-feria-de-queso-y-vino-de-aviles\\\/#listItem\",\"position\":3,\"name\":\"Inauguraci\\u00f3n de la 37\\u00aa edici\\u00f3n de la Feria de Queso y Vino de Avil\\u00e9s\",\"previousItem\":{\"@type\":\"ListItem\",\"@id\":\"https:\\\/\\\/candas365.es\\\/noticias\\\/category\\\/asturias\\\/#listItem\",\"name\":\"Asturias\"}}]},{\"@type\":\"NewsArticle\",\"@id\":\"https:\\\/\\\/candas365.es\\\/noticias\\\/inauguracion-de-la-37a-edicion-de-la-feria-de-queso-y-vino-de-aviles\\\/#newsarticle\",\"name\":\"Inauguraci\\u00f3n de la 37\\u00aa edici\\u00f3n de la Feria de Queso y Vino de Avil\\u00e9s | Cand\\u00e1s 365\",\"headline\":\"Inauguraci\\u00f3n de la 37\\u00aa edici\\u00f3n de la Feria de Queso y Vino de Avil\\u00e9s\",\"author\":{\"@id\":\"https:\\\/\\\/candas365.es\\\/noticias\\\/author\\\/admin\\\/#author\"},\"publisher\":{\"@id\":\"https:\\\/\\\/candas365.es\\\/noticias\\\/#organization\"},\"image\":{\"@type\":\"ImageObject\",\"url\":\"https:\\\/\\\/candas365.es\\\/noticias\\\/wp-content\\\/uploads\\\/2018\\\/05\\\/Inauguraci\\u00f3n-feria-queso-y-vino-de-avil\\u00e9s.jpg\",\"width\":1280,\"height\":853},\"datePublished\":\"2018-05-18T20:20:56+02:00\",\"dateModified\":\"2018-05-18T20:20:56+02:00\",\"inLanguage\":\"es-ES\",\"mainEntityOfPage\":{\"@id\":\"https:\\\/\\\/candas365.es\\\/noticias\\\/inauguracion-de-la-37a-edicion-de-la-feria-de-queso-y-vino-de-aviles\\\/#webpage\"},\"isPartOf\":{\"@id\":\"https:\\\/\\\/candas365.es\\\/noticias\\\/inauguracion-de-la-37a-edicion-de-la-feria-de-queso-y-vino-de-aviles\\\/#webpage\"},\"articleSection\":\"Asturias\",\"dateline\":\"Publicado el mayo 18, 2018.\"},{\"@type\":\"Organization\",\"@id\":\"https:\\\/\\\/candas365.es\\\/noticias\\\/#organization\",\"name\":\"Cand\\u00e1s 365\",\"description\":\"Cand\\u00e1s 365 es un diario digital independiente, fundado en 2012, con base en Asturias. Informamos con rigor sobre actualidad, sociedad, cultura y ocio, con una mirada local y global.\",\"url\":\"https:\\\/\\\/candas365.es\\\/noticias\\\/\",\"email\":\"info@candas365.es\",\"telephone\":\"+34652131393\",\"foundingDate\":\"2012-06-10\",\"logo\":{\"@type\":\"ImageObject\",\"url\":\"https:\\\/\\\/candas365.es\\\/noticias\\\/wp-content\\\/uploads\\\/2024\\\/09\\\/Candas-365-Redes.jpg\",\"@id\":\"https:\\\/\\\/candas365.es\\\/noticias\\\/inauguracion-de-la-37a-edicion-de-la-feria-de-queso-y-vino-de-aviles\\\/#organizationLogo\",\"width\":1152,\"height\":864,\"caption\":\"Cand\\u00e1s 365 Redes\"},\"image\":{\"@id\":\"https:\\\/\\\/candas365.es\\\/noticias\\\/inauguracion-de-la-37a-edicion-de-la-feria-de-queso-y-vino-de-aviles\\\/#organizationLogo\"},\"sameAs\":[\"https:\\\/\\\/www.facebook.com\\\/Nachofdezber\",\"https:\\\/\\\/x.com\\\/NabercoDigital\",\"https:\\\/\\\/www.instagram.com\\\/nachofdezber\\\/\",\"https:\\\/\\\/www.youtube.com\\\/channel\\\/UCZP-2wLEB9Rv6erhFmqVnvg\"],\"address\":{\"@id\":\"https:\\\/\\\/candas365.es\\\/noticias\\\/#postaladdress\",\"@type\":\"PostalAddress\",\"streetAddress\":\"san antonio 4, san antonio 4\",\"postalCode\":\"33430\",\"addressLocality\":\"Cand\\u00e1s\",\"addressRegion\":\"Asturias\",\"addressCountry\":\"ES\"}},{\"@type\":\"Person\",\"@id\":\"https:\\\/\\\/candas365.es\\\/noticias\\\/author\\\/admin\\\/#author\",\"url\":\"https:\\\/\\\/candas365.es\\\/noticias\\\/author\\\/admin\\\/\",\"name\":\"Cand\\u00e1s 365\",\"image\":{\"@type\":\"ImageObject\",\"@id\":\"https:\\\/\\\/candas365.es\\\/noticias\\\/inauguracion-de-la-37a-edicion-de-la-feria-de-queso-y-vino-de-aviles\\\/#authorImage\",\"url\":\"https:\\\/\\\/secure.gravatar.com\\\/avatar\\\/496a8e03d0c493ede1718b7934145dbdf8d89be1036b0eec9544e1094c9de390?s=96&d=mm&r=g\",\"width\":96,\"height\":96,\"caption\":\"Cand\\u00e1s 365\"},\"sameAs\":[\"https:\\\/\\\/www.facebook.com\\\/carrenoactualidad\",\"https:\\\/\\\/twitter.com\\\/nbasturias\",\"https:\\\/\\\/www.instagram.com\\\/nachofdezber\\\/\",\"https:\\\/\\\/www.youtube.com\\\/channel\\\/UCZP-2wLEB9Rv6erhFmqVnvg\"]},{\"@type\":\"WebPage\",\"@id\":\"https:\\\/\\\/candas365.es\\\/noticias\\\/inauguracion-de-la-37a-edicion-de-la-feria-de-queso-y-vino-de-aviles\\\/#webpage\",\"url\":\"https:\\\/\\\/candas365.es\\\/noticias\\\/inauguracion-de-la-37a-edicion-de-la-feria-de-queso-y-vino-de-aviles\\\/\",\"name\":\"Inauguraci\\u00f3n de la 37\\u00aa edici\\u00f3n de la Feria de Queso y Vino de Avil\\u00e9s | Cand\\u00e1s 365\",\"description\":\"Las queser\\u00edas asturianas con Denominaci\\u00f3n de Origen Protegida (DOP) produjeron en 2017 un total de 714.303 kilos por un valor econ\\u00f3mico de 7,9 millones de euros. Las m\\u00e1s de 60 empresas que cuentan con este sello de calidad utilizaron casi 7,5 millones de kilos de leche para su elaboraci\\u00f3n. La consejera de Desarrollo Rural y\",\"inLanguage\":\"es-ES\",\"isPartOf\":{\"@id\":\"https:\\\/\\\/candas365.es\\\/noticias\\\/#website\"},\"breadcrumb\":{\"@id\":\"https:\\\/\\\/candas365.es\\\/noticias\\\/inauguracion-de-la-37a-edicion-de-la-feria-de-queso-y-vino-de-aviles\\\/#breadcrumblist\"},\"author\":{\"@id\":\"https:\\\/\\\/candas365.es\\\/noticias\\\/author\\\/admin\\\/#author\"},\"creator\":{\"@id\":\"https:\\\/\\\/candas365.es\\\/noticias\\\/author\\\/admin\\\/#author\"},\"image\":{\"@type\":\"ImageObject\",\"url\":\"https:\\\/\\\/candas365.es\\\/noticias\\\/wp-content\\\/uploads\\\/2018\\\/05\\\/Inauguraci\\u00f3n-feria-queso-y-vino-de-avil\\u00e9s.jpg\",\"@id\":\"https:\\\/\\\/candas365.es\\\/noticias\\\/inauguracion-de-la-37a-edicion-de-la-feria-de-queso-y-vino-de-aviles\\\/#mainImage\",\"width\":1280,\"height\":853},\"primaryImageOfPage\":{\"@id\":\"https:\\\/\\\/candas365.es\\\/noticias\\\/inauguracion-de-la-37a-edicion-de-la-feria-de-queso-y-vino-de-aviles\\\/#mainImage\"},\"datePublished\":\"2018-05-18T20:20:56+02:00\",\"dateModified\":\"2018-05-18T20:20:56+02:00\"},{\"@type\":\"WebSite\",\"@id\":\"https:\\\/\\\/candas365.es\\\/noticias\\\/#website\",\"url\":\"https:\\\/\\\/candas365.es\\\/noticias\\\/\",\"name\":\"Cand\\u00e1s 365\",\"alternateName\":\"Cand\\u00e1s 365 Noticias\",\"description\":\"Actualidad desde Carre\\u00f1o para el mundo\",\"inLanguage\":\"es-ES\",\"publisher\":{\"@id\":\"https:\\\/\\\/candas365.es\\\/noticias\\\/#organization\"}}]}\n\t\t<\/script>\n\t\t<!-- All in One SEO Pro -->\r\n\t\t<title>Inauguraci\u00f3n de la 37\u00aa edici\u00f3n de la Feria de Queso y Vino de Avil\u00e9s | Cand\u00e1s 365<\/title>\n\n","aioseo_head_json":{"title":"Inauguraci\u00f3n de la 37\u00aa edici\u00f3n de la Feria de Queso y Vino de Avil\u00e9s | Cand\u00e1s 365","description":"Las queser\u00edas asturianas con Denominaci\u00f3n de Origen Protegida (DOP) produjeron en 2017 un total de 714.303 kilos por un valor econ\u00f3mico de 7,9 millones de euros. Las m\u00e1s de 60 empresas que cuentan con este sello de calidad utilizaron casi 7,5 millones de kilos de leche para su elaboraci\u00f3n. La consejera de Desarrollo Rural y","canonical_url":"https:\/\/candas365.es\/noticias\/inauguracion-de-la-37a-edicion-de-la-feria-de-queso-y-vino-de-aviles\/","robots":"max-image-preview:large","keywords":"asturias","webmasterTools":{"google-site-verification":"UA-32230408-1","msvalidate.01":"354F3CDFB2DA171B47FBE9ABF1F88D5","miscellaneous":""},"schema":{"@context":"https:\/\/schema.org","@graph":[{"@type":"BreadcrumbList","@id":"https:\/\/candas365.es\/noticias\/inauguracion-de-la-37a-edicion-de-la-feria-de-queso-y-vino-de-aviles\/#breadcrumblist","itemListElement":[{"@type":"ListItem","@id":"https:\/\/candas365.es\/noticias#listItem","position":1,"name":"Home","item":"https:\/\/candas365.es\/noticias","nextItem":{"@type":"ListItem","@id":"https:\/\/candas365.es\/noticias\/category\/asturias\/#listItem","name":"Asturias"}},{"@type":"ListItem","@id":"https:\/\/candas365.es\/noticias\/category\/asturias\/#listItem","position":2,"name":"Asturias","item":"https:\/\/candas365.es\/noticias\/category\/asturias\/","nextItem":{"@type":"ListItem","@id":"https:\/\/candas365.es\/noticias\/inauguracion-de-la-37a-edicion-de-la-feria-de-queso-y-vino-de-aviles\/#listItem","name":"Inauguraci\u00f3n de la 37\u00aa edici\u00f3n de la Feria de Queso y Vino de Avil\u00e9s"},"previousItem":{"@type":"ListItem","@id":"https:\/\/candas365.es\/noticias#listItem","name":"Home"}},{"@type":"ListItem","@id":"https:\/\/candas365.es\/noticias\/inauguracion-de-la-37a-edicion-de-la-feria-de-queso-y-vino-de-aviles\/#listItem","position":3,"name":"Inauguraci\u00f3n de la 37\u00aa edici\u00f3n de la Feria de Queso y Vino de Avil\u00e9s","previousItem":{"@type":"ListItem","@id":"https:\/\/candas365.es\/noticias\/category\/asturias\/#listItem","name":"Asturias"}}]},{"@type":"NewsArticle","@id":"https:\/\/candas365.es\/noticias\/inauguracion-de-la-37a-edicion-de-la-feria-de-queso-y-vino-de-aviles\/#newsarticle","name":"Inauguraci\u00f3n de la 37\u00aa edici\u00f3n de la Feria de Queso y Vino de Avil\u00e9s | Cand\u00e1s 365","headline":"Inauguraci\u00f3n de la 37\u00aa edici\u00f3n de la Feria de Queso y Vino de Avil\u00e9s","author":{"@id":"https:\/\/candas365.es\/noticias\/author\/admin\/#author"},"publisher":{"@id":"https:\/\/candas365.es\/noticias\/#organization"},"image":{"@type":"ImageObject","url":"https:\/\/candas365.es\/noticias\/wp-content\/uploads\/2018\/05\/Inauguraci\u00f3n-feria-queso-y-vino-de-avil\u00e9s.jpg","width":1280,"height":853},"datePublished":"2018-05-18T20:20:56+02:00","dateModified":"2018-05-18T20:20:56+02:00","inLanguage":"es-ES","mainEntityOfPage":{"@id":"https:\/\/candas365.es\/noticias\/inauguracion-de-la-37a-edicion-de-la-feria-de-queso-y-vino-de-aviles\/#webpage"},"isPartOf":{"@id":"https:\/\/candas365.es\/noticias\/inauguracion-de-la-37a-edicion-de-la-feria-de-queso-y-vino-de-aviles\/#webpage"},"articleSection":"Asturias","dateline":"Publicado el mayo 18, 2018."},{"@type":"Organization","@id":"https:\/\/candas365.es\/noticias\/#organization","name":"Cand\u00e1s 365","description":"Cand\u00e1s 365 es un diario digital independiente, fundado en 2012, con base en Asturias. Informamos con rigor sobre actualidad, sociedad, cultura y ocio, con una mirada local y global.","url":"https:\/\/candas365.es\/noticias\/","email":"info@candas365.es","telephone":"+34652131393","foundingDate":"2012-06-10","logo":{"@type":"ImageObject","url":"https:\/\/candas365.es\/noticias\/wp-content\/uploads\/2024\/09\/Candas-365-Redes.jpg","@id":"https:\/\/candas365.es\/noticias\/inauguracion-de-la-37a-edicion-de-la-feria-de-queso-y-vino-de-aviles\/#organizationLogo","width":1152,"height":864,"caption":"Cand\u00e1s 365 Redes"},"image":{"@id":"https:\/\/candas365.es\/noticias\/inauguracion-de-la-37a-edicion-de-la-feria-de-queso-y-vino-de-aviles\/#organizationLogo"},"sameAs":["https:\/\/www.facebook.com\/Nachofdezber","https:\/\/x.com\/NabercoDigital","https:\/\/www.instagram.com\/nachofdezber\/","https:\/\/www.youtube.com\/channel\/UCZP-2wLEB9Rv6erhFmqVnvg"],"address":{"@id":"https:\/\/candas365.es\/noticias\/#postaladdress","@type":"PostalAddress","streetAddress":"san antonio 4, san antonio 4","postalCode":"33430","addressLocality":"Cand\u00e1s","addressRegion":"Asturias","addressCountry":"ES"}},{"@type":"Person","@id":"https:\/\/candas365.es\/noticias\/author\/admin\/#author","url":"https:\/\/candas365.es\/noticias\/author\/admin\/","name":"Cand\u00e1s 365","image":{"@type":"ImageObject","@id":"https:\/\/candas365.es\/noticias\/inauguracion-de-la-37a-edicion-de-la-feria-de-queso-y-vino-de-aviles\/#authorImage","url":"https:\/\/secure.gravatar.com\/avatar\/496a8e03d0c493ede1718b7934145dbdf8d89be1036b0eec9544e1094c9de390?s=96&d=mm&r=g","width":96,"height":96,"caption":"Cand\u00e1s 365"},"sameAs":["https:\/\/www.facebook.com\/carrenoactualidad","https:\/\/twitter.com\/nbasturias","https:\/\/www.instagram.com\/nachofdezber\/","https:\/\/www.youtube.com\/channel\/UCZP-2wLEB9Rv6erhFmqVnvg"]},{"@type":"WebPage","@id":"https:\/\/candas365.es\/noticias\/inauguracion-de-la-37a-edicion-de-la-feria-de-queso-y-vino-de-aviles\/#webpage","url":"https:\/\/candas365.es\/noticias\/inauguracion-de-la-37a-edicion-de-la-feria-de-queso-y-vino-de-aviles\/","name":"Inauguraci\u00f3n de la 37\u00aa edici\u00f3n de la Feria de Queso y Vino de Avil\u00e9s | Cand\u00e1s 365","description":"Las queser\u00edas asturianas con Denominaci\u00f3n de Origen Protegida (DOP) produjeron en 2017 un total de 714.303 kilos por un valor econ\u00f3mico de 7,9 millones de euros. Las m\u00e1s de 60 empresas que cuentan con este sello de calidad utilizaron casi 7,5 millones de kilos de leche para su elaboraci\u00f3n. La consejera de Desarrollo Rural y","inLanguage":"es-ES","isPartOf":{"@id":"https:\/\/candas365.es\/noticias\/#website"},"breadcrumb":{"@id":"https:\/\/candas365.es\/noticias\/inauguracion-de-la-37a-edicion-de-la-feria-de-queso-y-vino-de-aviles\/#breadcrumblist"},"author":{"@id":"https:\/\/candas365.es\/noticias\/author\/admin\/#author"},"creator":{"@id":"https:\/\/candas365.es\/noticias\/author\/admin\/#author"},"image":{"@type":"ImageObject","url":"https:\/\/candas365.es\/noticias\/wp-content\/uploads\/2018\/05\/Inauguraci\u00f3n-feria-queso-y-vino-de-avil\u00e9s.jpg","@id":"https:\/\/candas365.es\/noticias\/inauguracion-de-la-37a-edicion-de-la-feria-de-queso-y-vino-de-aviles\/#mainImage","width":1280,"height":853},"primaryImageOfPage":{"@id":"https:\/\/candas365.es\/noticias\/inauguracion-de-la-37a-edicion-de-la-feria-de-queso-y-vino-de-aviles\/#mainImage"},"datePublished":"2018-05-18T20:20:56+02:00","dateModified":"2018-05-18T20:20:56+02:00"},{"@type":"WebSite","@id":"https:\/\/candas365.es\/noticias\/#website","url":"https:\/\/candas365.es\/noticias\/","name":"Cand\u00e1s 365","alternateName":"Cand\u00e1s 365 Noticias","description":"Actualidad desde Carre\u00f1o para el mundo","inLanguage":"es-ES","publisher":{"@id":"https:\/\/candas365.es\/noticias\/#organization"}}]},"og:locale":"es_ES","og:site_name":"Cand\u00e1s 365","og:type":"article","og:title":"Inauguraci\u00f3n de la 37\u00aa edici\u00f3n de la Feria de Queso y Vino de Avil\u00e9s | Cand\u00e1s 365","og:description":"Las queser\u00edas asturianas con Denominaci\u00f3n de Origen Protegida (DOP) produjeron en 2017 un total de 714.303 kilos por un valor econ\u00f3mico de 7,9 millones de euros. Las m\u00e1s de 60 empresas que cuentan con este sello de calidad utilizaron casi 7,5 millones de kilos de leche para su elaboraci\u00f3n. La consejera de Desarrollo Rural y","og:url":"https:\/\/candas365.es\/noticias\/inauguracion-de-la-37a-edicion-de-la-feria-de-queso-y-vino-de-aviles\/","og:image":"https:\/\/candas365.es\/noticias\/wp-content\/uploads\/2018\/05\/Inauguraci\u00f3n-feria-queso-y-vino-de-avil\u00e9s.jpg","og:image:secure_url":"https:\/\/candas365.es\/noticias\/wp-content\/uploads\/2018\/05\/Inauguraci\u00f3n-feria-queso-y-vino-de-avil\u00e9s.jpg","og:image:width":1280,"og:image:height":853,"article:published_time":"2018-05-18T20:20:56+00:00","article:modified_time":"2018-05-18T20:20:56+00:00","article:publisher":"https:\/\/www.facebook.com\/Nachofdezber","article:author":"https:\/\/www.facebook.com\/carrenoactualidad","twitter:card":"summary_large_image","twitter:site":"@NabercoDigital","twitter:title":"Inauguraci\u00f3n de la 37\u00aa edici\u00f3n de la Feria de Queso y Vino de Avil\u00e9s | Cand\u00e1s 365","twitter:description":"Las queser\u00edas asturianas con Denominaci\u00f3n de Origen Protegida (DOP) produjeron en 2017 un total de 714.303 kilos por un valor econ\u00f3mico de 7,9 millones de euros. Las m\u00e1s de 60 empresas que cuentan con este sello de calidad utilizaron casi 7,5 millones de kilos de leche para su elaboraci\u00f3n. La consejera de Desarrollo Rural y","twitter:creator":"@nbasturias","twitter:image":"https:\/\/candas365.es\/noticias\/wp-content\/uploads\/2018\/05\/Inauguraci\u00f3n-feria-queso-y-vino-de-avil\u00e9s.jpg","twitter:label1":"Escrito por","twitter:data1":"Cand\u00e1s 365","twitter:label2":"Tiempo de lectura estimado","twitter:data2":"2 minutos"},"aioseo_meta_data":{"post_id":"96001","title":null,"description":null,"keywords":null,"keyphrases":null,"primary_term":null,"canonical_url":null,"og_title":null,"og_description":null,"og_object_type":"default","og_image_type":"default","og_image_url":null,"og_image_width":null,"og_image_height":null,"og_image_custom_url":null,"og_image_custom_fields":null,"og_video":null,"og_custom_url":null,"og_article_section":null,"og_article_tags":null,"twitter_use_og":false,"twitter_card":"default","twitter_image_type":"default","twitter_image_url":null,"twitter_image_custom_url":null,"twitter_image_custom_fields":null,"twitter_title":null,"twitter_description":null,"schema":{"blockGraphs":[],"customGraphs":[],"default":{"data":{"Article":[],"Course":[],"Dataset":[],"FAQPage":[],"Movie":[],"Person":[],"Product":[],"ProductReview":[],"Car":[],"Recipe":[],"Service":[],"SoftwareApplication":[],"WebPage":[]},"graphName":"","isEnabled":true},"graphs":[]},"schema_type":null,"schema_type_options":null,"pillar_content":false,"robots_default":true,"robots_noindex":false,"robots_noarchive":false,"robots_nosnippet":false,"robots_nofollow":false,"robots_noimageindex":false,"robots_noodp":false,"robots_notranslate":false,"robots_max_snippet":null,"robots_max_videopreview":null,"robots_max_imagepreview":"large","priority":null,"frequency":null,"location":null,"local_seo":null,"seo_analyzer_scan_date":"2025-08-26 21:19:01","breadcrumb_settings":null,"limit_modified_date":false,"reviewed_by":null,"open_ai":null,"ai":null,"created":"2020-12-21 11:51:52","updated":"2025-08-26 21:19:01"},"aioseo_breadcrumb":"<div class=\"aioseo-breadcrumbs\"><span class=\"aioseo-breadcrumb\">\n\t<a href=\"https:\/\/candas365.es\/noticias\" title=\"Home\">Home<\/a>\n<\/span><span class=\"aioseo-breadcrumb-separator\">&ndash;<\/span><span class=\"aioseo-breadcrumb\">\n\t<a href=\"https:\/\/candas365.es\/noticias\/category\/asturias\/\" title=\"Asturias\">Asturias<\/a>\n<\/span><span class=\"aioseo-breadcrumb-separator\">&ndash;<\/span><span class=\"aioseo-breadcrumb\">\n\tInauguraci\u00f3n de la 37\u00aa edici\u00f3n de la Feria de Queso y Vino de Avil\u00e9s\n<\/span><\/div>","aioseo_breadcrumb_json":[{"label":"Home","link":"https:\/\/candas365.es\/noticias"},{"label":"Asturias","link":"https:\/\/candas365.es\/noticias\/category\/asturias\/"},{"label":"Inauguraci\u00f3n de la 37\u00aa edici\u00f3n de la Feria de Queso y Vino de Avil\u00e9s","link":"https:\/\/candas365.es\/noticias\/inauguracion-de-la-37a-edicion-de-la-feria-de-queso-y-vino-de-aviles\/"}],"_links":{"self":[{"href":"https:\/\/candas365.es\/noticias\/wp-json\/wp\/v2\/posts\/96001","targetHints":{"allow":["GET"]}}],"collection":[{"href":"https:\/\/candas365.es\/noticias\/wp-json\/wp\/v2\/posts"}],"about":[{"href":"https:\/\/candas365.es\/noticias\/wp-json\/wp\/v2\/types\/post"}],"author":[{"embeddable":true,"href":"https:\/\/candas365.es\/noticias\/wp-json\/wp\/v2\/users\/1"}],"replies":[{"embeddable":true,"href":"https:\/\/candas365.es\/noticias\/wp-json\/wp\/v2\/comments?post=96001"}],"version-history":[{"count":0,"href":"https:\/\/candas365.es\/noticias\/wp-json\/wp\/v2\/posts\/96001\/revisions"}],"wp:featuredmedia":[{"embeddable":true,"href":"https:\/\/candas365.es\/noticias\/wp-json\/wp\/v2\/media\/96002"}],"wp:attachment":[{"href":"https:\/\/candas365.es\/noticias\/wp-json\/wp\/v2\/media?parent=96001"}],"wp:term":[{"taxonomy":"category","embeddable":true,"href":"https:\/\/candas365.es\/noticias\/wp-json\/wp\/v2\/categories?post=96001"},{"taxonomy":"post_tag","embeddable":true,"href":"https:\/\/candas365.es\/noticias\/wp-json\/wp\/v2\/tags?post=96001"}],"curies":[{"name":"wp","href":"https:\/\/api.w.org\/{rel}","templated":true}]}}