{"id":95999,"date":"2018-05-18T20:19:23","date_gmt":"2018-05-18T20:19:23","guid":{"rendered":"http:\/\/candas365.es\/noticias\/?p=95999"},"modified":"2018-05-18T20:19:23","modified_gmt":"2018-05-18T20:19:23","slug":"el-plan-territorial-especial-del-principado-para-proteger-la-costa-recibe-el-premio-de-urbanismo-espanol","status":"publish","type":"post","link":"https:\/\/candas365.es\/noticias\/el-plan-territorial-especial-del-principado-para-proteger-la-costa-recibe-el-premio-de-urbanismo-espanol\/","title":{"rendered":"El plan territorial especial del Principado para proteger la costa recibe el Premio de Urbanismo Espa\u00f1ol"},"content":{"rendered":"<p><img fetchpriority=\"high\" decoding=\"async\" class=\"alignleft size-medium wp-image-89557\" src=\"https:\/\/candas365.es\/noticias\/wp-content\/uploads\/2018\/02\/macbook-577758_1280-360x239.jpg\" alt=\"\" width=\"360\" height=\"239\" srcset=\"https:\/\/candas365.es\/noticias\/wp-content\/uploads\/2018\/02\/macbook-577758_1280-360x239.jpg 360w, https:\/\/candas365.es\/noticias\/wp-content\/uploads\/2018\/02\/macbook-577758_1280-696x462.jpg 696w, https:\/\/candas365.es\/noticias\/wp-content\/uploads\/2018\/02\/macbook-577758_1280-1068x709.jpg 1068w, https:\/\/candas365.es\/noticias\/wp-content\/uploads\/2018\/02\/macbook-577758_1280-632x420.jpg 632w, https:\/\/candas365.es\/noticias\/wp-content\/uploads\/2018\/02\/macbook-577758_1280-768x510.jpg 768w, https:\/\/candas365.es\/noticias\/wp-content\/uploads\/2018\/02\/macbook-577758_1280-655x435.jpg 655w, https:\/\/candas365.es\/noticias\/wp-content\/uploads\/2018\/02\/macbook-577758_1280.jpg 1280w\" sizes=\"(max-width: 360px) 100vw, 360px\" \/>El director general de Ordenaci\u00f3n del Territorio y Urbanismo, Juan Fern\u00e1ndez Pereiro, ha recibido hoy en Madrid el Premio de Urbanismo Espa\u00f1ol que concede el Consejo Superior de Colegios de Arquitectos de Espa\u00f1a con el fin de reconocer la calidad de trabajos de planeamiento o urbanizaci\u00f3n de espacios p\u00fablicos.<\/p>\n<p>El jurado decidi\u00f3 por unanimidad en octubre de 2017 otorgar el galard\u00f3n ex-aequo a las siguientes propuestas:<\/p>\n<p>&#8211; Plan territorial especial del suelo no urbanizable de costas en Asturias (PESC), del arquitecto urbanista Ram\u00f3n Fern\u00e1ndez-Ra\u00f1ada y Men\u00e9ndez de Luarca, presentado por el Colegio Oficial de Arquitectos de Asturias.<\/p>\n<p>&#8211; Plan de protecci\u00f3n y rehabilitaci\u00f3n del conjunto hist\u00f3rico art\u00edstico de Li\u00e9rganes y su entorno municipal en Cantabria, de Carlos de Ria\u00f1o Lozano, Carlos Ferr\u00e1n Alfaro, Fernando Navazo Rivero, Luis Herrero Fern\u00e1ndez y Carlos Ferr\u00e1n Aranaz, presentado por el Colegio Oficial de Arquitectos de Cantabria.<\/p>\n<p>A juicio del jurado, el plan territorial especial de la costa asturiana plantea una estrategia conservacionista de largo recorrido aplicada a un sector del territorio especialmente vulnerable. Tambi\u00e9n hace hincapi\u00e9 en el modo en que se articula este proyecto, a partir de la aplicaci\u00f3n depurada de la metodolog\u00eda cl\u00e1sica de los arquitectos urbanistas a un \u00e1mbito geogr\u00e1fico muy extenso, aunando la versatilidad funcional con el respeto al medio y apoy\u00e1ndose en una gran labor cartogr\u00e1fica e informativa.<\/p>\n","protected":false},"excerpt":{"rendered":"<p>El director general de Ordenaci\u00f3n del Territorio y Urbanismo, Juan Fern\u00e1ndez Pereiro, ha recibido hoy en Madrid el Premio de Urbanismo Espa\u00f1ol que concede el Consejo Superior de Colegios de Arquitectos de Espa\u00f1a con el fin de reconocer la calidad de trabajos de planeamiento o urbanizaci\u00f3n de espacios p\u00fablicos. El jurado decidi\u00f3 por unanimidad en<\/p>\n","protected":false},"author":1,"featured_media":89557,"comment_status":"closed","ping_status":"closed","sticky":false,"template":"","format":"standard","meta":{"footnotes":""},"categories":[7],"tags":[],"class_list":{"0":"post-95999","1":"post","2":"type-post","3":"status-publish","4":"format-standard","5":"has-post-thumbnail","7":"category-asturias"},"aioseo_notices":[],"aioseo_head":"\n\t\t<!-- All in One SEO Pro 4.9.6.2 - aioseo.com -->\n\t<meta name=\"description\" content=\"El director general de Ordenaci\u00f3n del Territorio y Urbanismo, Juan Fern\u00e1ndez Pereiro, ha recibido hoy en Madrid el Premio de Urbanismo Espa\u00f1ol que concede el Consejo Superior de Colegios de Arquitectos de Espa\u00f1a con el fin de reconocer la calidad de trabajos de planeamiento o urbanizaci\u00f3n de espacios p\u00fablicos. El jurado decidi\u00f3 por unanimidad en\" \/>\n\t<meta name=\"robots\" content=\"max-image-preview:large\" \/>\n\t<meta name=\"author\" content=\"Cand\u00e1s 365\"\/>\n\t<meta name=\"google-site-verification\" content=\"UA-32230408-1\" \/>\n\t<meta name=\"msvalidate.01\" content=\"354F3CDFB2DA171B47FBE9ABF1F88D5\" \/>\n\t<meta name=\"keywords\" content=\"asturias\" \/>\n\t<link rel=\"canonical\" href=\"https:\/\/candas365.es\/noticias\/el-plan-territorial-especial-del-principado-para-proteger-la-costa-recibe-el-premio-de-urbanismo-espanol\/\" \/>\n\t<meta name=\"generator\" content=\"All in One SEO Pro (AIOSEO) 4.9.6.2\" \/>\n\t\t<meta property=\"og:locale\" content=\"es_ES\" \/>\n\t\t<meta property=\"og:site_name\" content=\"Cand\u00e1s 365\" \/>\n\t\t<meta property=\"og:type\" content=\"article\" \/>\n\t\t<meta property=\"og:title\" content=\"El plan territorial especial del Principado para proteger la costa recibe el Premio de Urbanismo Espa\u00f1ol | Cand\u00e1s 365\" \/>\n\t\t<meta property=\"og:description\" content=\"El director general de Ordenaci\u00f3n del Territorio y Urbanismo, Juan Fern\u00e1ndez Pereiro, ha recibido hoy en Madrid el Premio de Urbanismo Espa\u00f1ol que concede el Consejo Superior de Colegios de Arquitectos de Espa\u00f1a con el fin de reconocer la calidad de trabajos de planeamiento o urbanizaci\u00f3n de espacios p\u00fablicos. El jurado decidi\u00f3 por unanimidad en\" \/>\n\t\t<meta property=\"og:url\" content=\"https:\/\/candas365.es\/noticias\/el-plan-territorial-especial-del-principado-para-proteger-la-costa-recibe-el-premio-de-urbanismo-espanol\/\" \/>\n\t\t<meta property=\"og:image\" content=\"https:\/\/candas365.es\/noticias\/wp-content\/uploads\/2018\/02\/macbook-577758_1280.jpg\" \/>\n\t\t<meta property=\"og:image:secure_url\" content=\"https:\/\/candas365.es\/noticias\/wp-content\/uploads\/2018\/02\/macbook-577758_1280.jpg\" \/>\n\t\t<meta property=\"og:image:width\" content=\"1280\" \/>\n\t\t<meta property=\"og:image:height\" content=\"850\" \/>\n\t\t<meta property=\"article:published_time\" content=\"2018-05-18T20:19:23+00:00\" \/>\n\t\t<meta property=\"article:modified_time\" content=\"2018-05-18T20:19:23+00:00\" \/>\n\t\t<meta property=\"article:publisher\" content=\"https:\/\/www.facebook.com\/Nachofdezber\" \/>\n\t\t<meta property=\"article:author\" content=\"https:\/\/www.facebook.com\/carrenoactualidad\" \/>\n\t\t<meta name=\"twitter:card\" content=\"summary_large_image\" \/>\n\t\t<meta name=\"twitter:site\" content=\"@NabercoDigital\" \/>\n\t\t<meta name=\"twitter:title\" content=\"El plan territorial especial del Principado para proteger la costa recibe el Premio de Urbanismo Espa\u00f1ol | Cand\u00e1s 365\" \/>\n\t\t<meta name=\"twitter:description\" content=\"El director general de Ordenaci\u00f3n del Territorio y Urbanismo, Juan Fern\u00e1ndez Pereiro, ha recibido hoy en Madrid el Premio de Urbanismo Espa\u00f1ol que concede el Consejo Superior de Colegios de Arquitectos de Espa\u00f1a con el fin de reconocer la calidad de trabajos de planeamiento o urbanizaci\u00f3n de espacios p\u00fablicos. El jurado decidi\u00f3 por unanimidad en\" \/>\n\t\t<meta name=\"twitter:creator\" content=\"@nbasturias\" \/>\n\t\t<meta name=\"twitter:image\" content=\"https:\/\/candas365.es\/noticias\/wp-content\/uploads\/2018\/02\/macbook-577758_1280.jpg\" \/>\n\t\t<meta name=\"twitter:label1\" content=\"Escrito por\" \/>\n\t\t<meta name=\"twitter:data1\" content=\"Cand\u00e1s 365\" \/>\n\t\t<meta name=\"twitter:label2\" content=\"Tiempo de lectura estimado\" \/>\n\t\t<meta name=\"twitter:data2\" content=\"1 minuto\" \/>\n\t\t<script type=\"application\/ld+json\" class=\"aioseo-schema\">\n\t\t\t{\"@context\":\"https:\\\/\\\/schema.org\",\"@graph\":[{\"@type\":\"BreadcrumbList\",\"@id\":\"https:\\\/\\\/candas365.es\\\/noticias\\\/el-plan-territorial-especial-del-principado-para-proteger-la-costa-recibe-el-premio-de-urbanismo-espanol\\\/#breadcrumblist\",\"itemListElement\":[{\"@type\":\"ListItem\",\"@id\":\"https:\\\/\\\/candas365.es\\\/noticias#listItem\",\"position\":1,\"name\":\"Home\",\"item\":\"https:\\\/\\\/candas365.es\\\/noticias\",\"nextItem\":{\"@type\":\"ListItem\",\"@id\":\"https:\\\/\\\/candas365.es\\\/noticias\\\/category\\\/asturias\\\/#listItem\",\"name\":\"Asturias\"}},{\"@type\":\"ListItem\",\"@id\":\"https:\\\/\\\/candas365.es\\\/noticias\\\/category\\\/asturias\\\/#listItem\",\"position\":2,\"name\":\"Asturias\",\"item\":\"https:\\\/\\\/candas365.es\\\/noticias\\\/category\\\/asturias\\\/\",\"nextItem\":{\"@type\":\"ListItem\",\"@id\":\"https:\\\/\\\/candas365.es\\\/noticias\\\/el-plan-territorial-especial-del-principado-para-proteger-la-costa-recibe-el-premio-de-urbanismo-espanol\\\/#listItem\",\"name\":\"El plan territorial especial del Principado para proteger la costa recibe el Premio de Urbanismo Espa\\u00f1ol\"},\"previousItem\":{\"@type\":\"ListItem\",\"@id\":\"https:\\\/\\\/candas365.es\\\/noticias#listItem\",\"name\":\"Home\"}},{\"@type\":\"ListItem\",\"@id\":\"https:\\\/\\\/candas365.es\\\/noticias\\\/el-plan-territorial-especial-del-principado-para-proteger-la-costa-recibe-el-premio-de-urbanismo-espanol\\\/#listItem\",\"position\":3,\"name\":\"El plan territorial especial del Principado para proteger la costa recibe el Premio de Urbanismo Espa\\u00f1ol\",\"previousItem\":{\"@type\":\"ListItem\",\"@id\":\"https:\\\/\\\/candas365.es\\\/noticias\\\/category\\\/asturias\\\/#listItem\",\"name\":\"Asturias\"}}]},{\"@type\":\"NewsArticle\",\"@id\":\"https:\\\/\\\/candas365.es\\\/noticias\\\/el-plan-territorial-especial-del-principado-para-proteger-la-costa-recibe-el-premio-de-urbanismo-espanol\\\/#newsarticle\",\"name\":\"El plan territorial especial del Principado para proteger la costa recibe el Premio de Urbanismo Espa\\u00f1ol | Cand\\u00e1s 365\",\"headline\":\"El plan territorial especial del Principado para proteger la costa recibe el Premio de Urbanismo Espa\\u00f1ol\",\"author\":{\"@id\":\"https:\\\/\\\/candas365.es\\\/noticias\\\/author\\\/admin\\\/#author\"},\"publisher\":{\"@id\":\"https:\\\/\\\/candas365.es\\\/noticias\\\/#organization\"},\"image\":{\"@type\":\"ImageObject\",\"url\":\"https:\\\/\\\/candas365.es\\\/noticias\\\/wp-content\\\/uploads\\\/2018\\\/02\\\/macbook-577758_1280.jpg\",\"width\":1280,\"height\":850},\"datePublished\":\"2018-05-18T20:19:23+02:00\",\"dateModified\":\"2018-05-18T20:19:23+02:00\",\"inLanguage\":\"es-ES\",\"mainEntityOfPage\":{\"@id\":\"https:\\\/\\\/candas365.es\\\/noticias\\\/el-plan-territorial-especial-del-principado-para-proteger-la-costa-recibe-el-premio-de-urbanismo-espanol\\\/#webpage\"},\"isPartOf\":{\"@id\":\"https:\\\/\\\/candas365.es\\\/noticias\\\/el-plan-territorial-especial-del-principado-para-proteger-la-costa-recibe-el-premio-de-urbanismo-espanol\\\/#webpage\"},\"articleSection\":\"Asturias\",\"dateline\":\"Publicado el mayo 18, 2018.\"},{\"@type\":\"Organization\",\"@id\":\"https:\\\/\\\/candas365.es\\\/noticias\\\/#organization\",\"name\":\"Cand\\u00e1s 365\",\"description\":\"Cand\\u00e1s 365 es un diario digital independiente, fundado en 2012, con base en Asturias. Informamos con rigor sobre actualidad, sociedad, cultura y ocio, con una mirada local y global.\",\"url\":\"https:\\\/\\\/candas365.es\\\/noticias\\\/\",\"email\":\"info@candas365.es\",\"telephone\":\"+34652131393\",\"foundingDate\":\"2012-06-10\",\"logo\":{\"@type\":\"ImageObject\",\"url\":\"https:\\\/\\\/candas365.es\\\/noticias\\\/wp-content\\\/uploads\\\/2024\\\/09\\\/Candas-365-Redes.jpg\",\"@id\":\"https:\\\/\\\/candas365.es\\\/noticias\\\/el-plan-territorial-especial-del-principado-para-proteger-la-costa-recibe-el-premio-de-urbanismo-espanol\\\/#organizationLogo\",\"width\":1152,\"height\":864,\"caption\":\"Cand\\u00e1s 365 Redes\"},\"image\":{\"@id\":\"https:\\\/\\\/candas365.es\\\/noticias\\\/el-plan-territorial-especial-del-principado-para-proteger-la-costa-recibe-el-premio-de-urbanismo-espanol\\\/#organizationLogo\"},\"sameAs\":[\"https:\\\/\\\/www.facebook.com\\\/Nachofdezber\",\"https:\\\/\\\/x.com\\\/NabercoDigital\",\"https:\\\/\\\/www.instagram.com\\\/nachofdezber\\\/\",\"https:\\\/\\\/www.youtube.com\\\/channel\\\/UCZP-2wLEB9Rv6erhFmqVnvg\"],\"address\":{\"@id\":\"https:\\\/\\\/candas365.es\\\/noticias\\\/#postaladdress\",\"@type\":\"PostalAddress\",\"streetAddress\":\"san antonio 4, san antonio 4\",\"postalCode\":\"33430\",\"addressLocality\":\"Cand\\u00e1s\",\"addressRegion\":\"Asturias\",\"addressCountry\":\"ES\"}},{\"@type\":\"Person\",\"@id\":\"https:\\\/\\\/candas365.es\\\/noticias\\\/author\\\/admin\\\/#author\",\"url\":\"https:\\\/\\\/candas365.es\\\/noticias\\\/author\\\/admin\\\/\",\"name\":\"Cand\\u00e1s 365\",\"image\":{\"@type\":\"ImageObject\",\"@id\":\"https:\\\/\\\/candas365.es\\\/noticias\\\/el-plan-territorial-especial-del-principado-para-proteger-la-costa-recibe-el-premio-de-urbanismo-espanol\\\/#authorImage\",\"url\":\"https:\\\/\\\/secure.gravatar.com\\\/avatar\\\/496a8e03d0c493ede1718b7934145dbdf8d89be1036b0eec9544e1094c9de390?s=96&d=mm&r=g\",\"width\":96,\"height\":96,\"caption\":\"Cand\\u00e1s 365\"},\"sameAs\":[\"https:\\\/\\\/www.facebook.com\\\/carrenoactualidad\",\"https:\\\/\\\/twitter.com\\\/nbasturias\",\"https:\\\/\\\/www.instagram.com\\\/nachofdezber\\\/\",\"https:\\\/\\\/www.youtube.com\\\/channel\\\/UCZP-2wLEB9Rv6erhFmqVnvg\"]},{\"@type\":\"WebPage\",\"@id\":\"https:\\\/\\\/candas365.es\\\/noticias\\\/el-plan-territorial-especial-del-principado-para-proteger-la-costa-recibe-el-premio-de-urbanismo-espanol\\\/#webpage\",\"url\":\"https:\\\/\\\/candas365.es\\\/noticias\\\/el-plan-territorial-especial-del-principado-para-proteger-la-costa-recibe-el-premio-de-urbanismo-espanol\\\/\",\"name\":\"El plan territorial especial del Principado para proteger la costa recibe el Premio de Urbanismo Espa\\u00f1ol | Cand\\u00e1s 365\",\"description\":\"El director general de Ordenaci\\u00f3n del Territorio y Urbanismo, Juan Fern\\u00e1ndez Pereiro, ha recibido hoy en Madrid el Premio de Urbanismo Espa\\u00f1ol que concede el Consejo Superior de Colegios de Arquitectos de Espa\\u00f1a con el fin de reconocer la calidad de trabajos de planeamiento o urbanizaci\\u00f3n de espacios p\\u00fablicos. El jurado decidi\\u00f3 por unanimidad en\",\"inLanguage\":\"es-ES\",\"isPartOf\":{\"@id\":\"https:\\\/\\\/candas365.es\\\/noticias\\\/#website\"},\"breadcrumb\":{\"@id\":\"https:\\\/\\\/candas365.es\\\/noticias\\\/el-plan-territorial-especial-del-principado-para-proteger-la-costa-recibe-el-premio-de-urbanismo-espanol\\\/#breadcrumblist\"},\"author\":{\"@id\":\"https:\\\/\\\/candas365.es\\\/noticias\\\/author\\\/admin\\\/#author\"},\"creator\":{\"@id\":\"https:\\\/\\\/candas365.es\\\/noticias\\\/author\\\/admin\\\/#author\"},\"image\":{\"@type\":\"ImageObject\",\"url\":\"https:\\\/\\\/candas365.es\\\/noticias\\\/wp-content\\\/uploads\\\/2018\\\/02\\\/macbook-577758_1280.jpg\",\"@id\":\"https:\\\/\\\/candas365.es\\\/noticias\\\/el-plan-territorial-especial-del-principado-para-proteger-la-costa-recibe-el-premio-de-urbanismo-espanol\\\/#mainImage\",\"width\":1280,\"height\":850},\"primaryImageOfPage\":{\"@id\":\"https:\\\/\\\/candas365.es\\\/noticias\\\/el-plan-territorial-especial-del-principado-para-proteger-la-costa-recibe-el-premio-de-urbanismo-espanol\\\/#mainImage\"},\"datePublished\":\"2018-05-18T20:19:23+02:00\",\"dateModified\":\"2018-05-18T20:19:23+02:00\"},{\"@type\":\"WebSite\",\"@id\":\"https:\\\/\\\/candas365.es\\\/noticias\\\/#website\",\"url\":\"https:\\\/\\\/candas365.es\\\/noticias\\\/\",\"name\":\"Cand\\u00e1s 365\",\"alternateName\":\"Cand\\u00e1s 365 Noticias\",\"description\":\"Actualidad desde Carre\\u00f1o para el mundo\",\"inLanguage\":\"es-ES\",\"publisher\":{\"@id\":\"https:\\\/\\\/candas365.es\\\/noticias\\\/#organization\"}}]}\n\t\t<\/script>\n\t\t<!-- All in One SEO Pro -->\r\n\t\t<title>El plan territorial especial del Principado para proteger la costa recibe el Premio de Urbanismo Espa\u00f1ol | Cand\u00e1s 365<\/title>\n\n","aioseo_head_json":{"title":"El plan territorial especial del Principado para proteger la costa recibe el Premio de Urbanismo Espa\u00f1ol | Cand\u00e1s 365","description":"El director general de Ordenaci\u00f3n del Territorio y Urbanismo, Juan Fern\u00e1ndez Pereiro, ha recibido hoy en Madrid el Premio de Urbanismo Espa\u00f1ol que concede el Consejo Superior de Colegios de Arquitectos de Espa\u00f1a con el fin de reconocer la calidad de trabajos de planeamiento o urbanizaci\u00f3n de espacios p\u00fablicos. El jurado decidi\u00f3 por unanimidad en","canonical_url":"https:\/\/candas365.es\/noticias\/el-plan-territorial-especial-del-principado-para-proteger-la-costa-recibe-el-premio-de-urbanismo-espanol\/","robots":"max-image-preview:large","keywords":"asturias","webmasterTools":{"google-site-verification":"UA-32230408-1","msvalidate.01":"354F3CDFB2DA171B47FBE9ABF1F88D5","miscellaneous":""},"schema":{"@context":"https:\/\/schema.org","@graph":[{"@type":"BreadcrumbList","@id":"https:\/\/candas365.es\/noticias\/el-plan-territorial-especial-del-principado-para-proteger-la-costa-recibe-el-premio-de-urbanismo-espanol\/#breadcrumblist","itemListElement":[{"@type":"ListItem","@id":"https:\/\/candas365.es\/noticias#listItem","position":1,"name":"Home","item":"https:\/\/candas365.es\/noticias","nextItem":{"@type":"ListItem","@id":"https:\/\/candas365.es\/noticias\/category\/asturias\/#listItem","name":"Asturias"}},{"@type":"ListItem","@id":"https:\/\/candas365.es\/noticias\/category\/asturias\/#listItem","position":2,"name":"Asturias","item":"https:\/\/candas365.es\/noticias\/category\/asturias\/","nextItem":{"@type":"ListItem","@id":"https:\/\/candas365.es\/noticias\/el-plan-territorial-especial-del-principado-para-proteger-la-costa-recibe-el-premio-de-urbanismo-espanol\/#listItem","name":"El plan territorial especial del Principado para proteger la costa recibe el Premio de Urbanismo Espa\u00f1ol"},"previousItem":{"@type":"ListItem","@id":"https:\/\/candas365.es\/noticias#listItem","name":"Home"}},{"@type":"ListItem","@id":"https:\/\/candas365.es\/noticias\/el-plan-territorial-especial-del-principado-para-proteger-la-costa-recibe-el-premio-de-urbanismo-espanol\/#listItem","position":3,"name":"El plan territorial especial del Principado para proteger la costa recibe el Premio de Urbanismo Espa\u00f1ol","previousItem":{"@type":"ListItem","@id":"https:\/\/candas365.es\/noticias\/category\/asturias\/#listItem","name":"Asturias"}}]},{"@type":"NewsArticle","@id":"https:\/\/candas365.es\/noticias\/el-plan-territorial-especial-del-principado-para-proteger-la-costa-recibe-el-premio-de-urbanismo-espanol\/#newsarticle","name":"El plan territorial especial del Principado para proteger la costa recibe el Premio de Urbanismo Espa\u00f1ol | Cand\u00e1s 365","headline":"El plan territorial especial del Principado para proteger la costa recibe el Premio de Urbanismo Espa\u00f1ol","author":{"@id":"https:\/\/candas365.es\/noticias\/author\/admin\/#author"},"publisher":{"@id":"https:\/\/candas365.es\/noticias\/#organization"},"image":{"@type":"ImageObject","url":"https:\/\/candas365.es\/noticias\/wp-content\/uploads\/2018\/02\/macbook-577758_1280.jpg","width":1280,"height":850},"datePublished":"2018-05-18T20:19:23+02:00","dateModified":"2018-05-18T20:19:23+02:00","inLanguage":"es-ES","mainEntityOfPage":{"@id":"https:\/\/candas365.es\/noticias\/el-plan-territorial-especial-del-principado-para-proteger-la-costa-recibe-el-premio-de-urbanismo-espanol\/#webpage"},"isPartOf":{"@id":"https:\/\/candas365.es\/noticias\/el-plan-territorial-especial-del-principado-para-proteger-la-costa-recibe-el-premio-de-urbanismo-espanol\/#webpage"},"articleSection":"Asturias","dateline":"Publicado el mayo 18, 2018."},{"@type":"Organization","@id":"https:\/\/candas365.es\/noticias\/#organization","name":"Cand\u00e1s 365","description":"Cand\u00e1s 365 es un diario digital independiente, fundado en 2012, con base en Asturias. Informamos con rigor sobre actualidad, sociedad, cultura y ocio, con una mirada local y global.","url":"https:\/\/candas365.es\/noticias\/","email":"info@candas365.es","telephone":"+34652131393","foundingDate":"2012-06-10","logo":{"@type":"ImageObject","url":"https:\/\/candas365.es\/noticias\/wp-content\/uploads\/2024\/09\/Candas-365-Redes.jpg","@id":"https:\/\/candas365.es\/noticias\/el-plan-territorial-especial-del-principado-para-proteger-la-costa-recibe-el-premio-de-urbanismo-espanol\/#organizationLogo","width":1152,"height":864,"caption":"Cand\u00e1s 365 Redes"},"image":{"@id":"https:\/\/candas365.es\/noticias\/el-plan-territorial-especial-del-principado-para-proteger-la-costa-recibe-el-premio-de-urbanismo-espanol\/#organizationLogo"},"sameAs":["https:\/\/www.facebook.com\/Nachofdezber","https:\/\/x.com\/NabercoDigital","https:\/\/www.instagram.com\/nachofdezber\/","https:\/\/www.youtube.com\/channel\/UCZP-2wLEB9Rv6erhFmqVnvg"],"address":{"@id":"https:\/\/candas365.es\/noticias\/#postaladdress","@type":"PostalAddress","streetAddress":"san antonio 4, san antonio 4","postalCode":"33430","addressLocality":"Cand\u00e1s","addressRegion":"Asturias","addressCountry":"ES"}},{"@type":"Person","@id":"https:\/\/candas365.es\/noticias\/author\/admin\/#author","url":"https:\/\/candas365.es\/noticias\/author\/admin\/","name":"Cand\u00e1s 365","image":{"@type":"ImageObject","@id":"https:\/\/candas365.es\/noticias\/el-plan-territorial-especial-del-principado-para-proteger-la-costa-recibe-el-premio-de-urbanismo-espanol\/#authorImage","url":"https:\/\/secure.gravatar.com\/avatar\/496a8e03d0c493ede1718b7934145dbdf8d89be1036b0eec9544e1094c9de390?s=96&d=mm&r=g","width":96,"height":96,"caption":"Cand\u00e1s 365"},"sameAs":["https:\/\/www.facebook.com\/carrenoactualidad","https:\/\/twitter.com\/nbasturias","https:\/\/www.instagram.com\/nachofdezber\/","https:\/\/www.youtube.com\/channel\/UCZP-2wLEB9Rv6erhFmqVnvg"]},{"@type":"WebPage","@id":"https:\/\/candas365.es\/noticias\/el-plan-territorial-especial-del-principado-para-proteger-la-costa-recibe-el-premio-de-urbanismo-espanol\/#webpage","url":"https:\/\/candas365.es\/noticias\/el-plan-territorial-especial-del-principado-para-proteger-la-costa-recibe-el-premio-de-urbanismo-espanol\/","name":"El plan territorial especial del Principado para proteger la costa recibe el Premio de Urbanismo Espa\u00f1ol | Cand\u00e1s 365","description":"El director general de Ordenaci\u00f3n del Territorio y Urbanismo, Juan Fern\u00e1ndez Pereiro, ha recibido hoy en Madrid el Premio de Urbanismo Espa\u00f1ol que concede el Consejo Superior de Colegios de Arquitectos de Espa\u00f1a con el fin de reconocer la calidad de trabajos de planeamiento o urbanizaci\u00f3n de espacios p\u00fablicos. El jurado decidi\u00f3 por unanimidad en","inLanguage":"es-ES","isPartOf":{"@id":"https:\/\/candas365.es\/noticias\/#website"},"breadcrumb":{"@id":"https:\/\/candas365.es\/noticias\/el-plan-territorial-especial-del-principado-para-proteger-la-costa-recibe-el-premio-de-urbanismo-espanol\/#breadcrumblist"},"author":{"@id":"https:\/\/candas365.es\/noticias\/author\/admin\/#author"},"creator":{"@id":"https:\/\/candas365.es\/noticias\/author\/admin\/#author"},"image":{"@type":"ImageObject","url":"https:\/\/candas365.es\/noticias\/wp-content\/uploads\/2018\/02\/macbook-577758_1280.jpg","@id":"https:\/\/candas365.es\/noticias\/el-plan-territorial-especial-del-principado-para-proteger-la-costa-recibe-el-premio-de-urbanismo-espanol\/#mainImage","width":1280,"height":850},"primaryImageOfPage":{"@id":"https:\/\/candas365.es\/noticias\/el-plan-territorial-especial-del-principado-para-proteger-la-costa-recibe-el-premio-de-urbanismo-espanol\/#mainImage"},"datePublished":"2018-05-18T20:19:23+02:00","dateModified":"2018-05-18T20:19:23+02:00"},{"@type":"WebSite","@id":"https:\/\/candas365.es\/noticias\/#website","url":"https:\/\/candas365.es\/noticias\/","name":"Cand\u00e1s 365","alternateName":"Cand\u00e1s 365 Noticias","description":"Actualidad desde Carre\u00f1o para el mundo","inLanguage":"es-ES","publisher":{"@id":"https:\/\/candas365.es\/noticias\/#organization"}}]},"og:locale":"es_ES","og:site_name":"Cand\u00e1s 365","og:type":"article","og:title":"El plan territorial especial del Principado para proteger la costa recibe el Premio de Urbanismo Espa\u00f1ol | Cand\u00e1s 365","og:description":"El director general de Ordenaci\u00f3n del Territorio y Urbanismo, Juan Fern\u00e1ndez Pereiro, ha recibido hoy en Madrid el Premio de Urbanismo Espa\u00f1ol que concede el Consejo Superior de Colegios de Arquitectos de Espa\u00f1a con el fin de reconocer la calidad de trabajos de planeamiento o urbanizaci\u00f3n de espacios p\u00fablicos. El jurado decidi\u00f3 por unanimidad en","og:url":"https:\/\/candas365.es\/noticias\/el-plan-territorial-especial-del-principado-para-proteger-la-costa-recibe-el-premio-de-urbanismo-espanol\/","og:image":"https:\/\/candas365.es\/noticias\/wp-content\/uploads\/2018\/02\/macbook-577758_1280.jpg","og:image:secure_url":"https:\/\/candas365.es\/noticias\/wp-content\/uploads\/2018\/02\/macbook-577758_1280.jpg","og:image:width":1280,"og:image:height":850,"article:published_time":"2018-05-18T20:19:23+00:00","article:modified_time":"2018-05-18T20:19:23+00:00","article:publisher":"https:\/\/www.facebook.com\/Nachofdezber","article:author":"https:\/\/www.facebook.com\/carrenoactualidad","twitter:card":"summary_large_image","twitter:site":"@NabercoDigital","twitter:title":"El plan territorial especial del Principado para proteger la costa recibe el Premio de Urbanismo Espa\u00f1ol | Cand\u00e1s 365","twitter:description":"El director general de Ordenaci\u00f3n del Territorio y Urbanismo, Juan Fern\u00e1ndez Pereiro, ha recibido hoy en Madrid el Premio de Urbanismo Espa\u00f1ol que concede el Consejo Superior de Colegios de Arquitectos de Espa\u00f1a con el fin de reconocer la calidad de trabajos de planeamiento o urbanizaci\u00f3n de espacios p\u00fablicos. El jurado decidi\u00f3 por unanimidad en","twitter:creator":"@nbasturias","twitter:image":"https:\/\/candas365.es\/noticias\/wp-content\/uploads\/2018\/02\/macbook-577758_1280.jpg","twitter:label1":"Escrito por","twitter:data1":"Cand\u00e1s 365","twitter:label2":"Tiempo de lectura estimado","twitter:data2":"1 minuto"},"aioseo_meta_data":{"post_id":"95999","title":null,"description":null,"keywords":null,"keyphrases":null,"primary_term":null,"canonical_url":null,"og_title":null,"og_description":null,"og_object_type":"default","og_image_type":"default","og_image_url":null,"og_image_width":null,"og_image_height":null,"og_image_custom_url":null,"og_image_custom_fields":null,"og_video":null,"og_custom_url":null,"og_article_section":null,"og_article_tags":null,"twitter_use_og":false,"twitter_card":"default","twitter_image_type":"default","twitter_image_url":null,"twitter_image_custom_url":null,"twitter_image_custom_fields":null,"twitter_title":null,"twitter_description":null,"schema":{"blockGraphs":[],"customGraphs":[],"default":{"data":{"Article":[],"Course":[],"Dataset":[],"FAQPage":[],"Movie":[],"Person":[],"Product":[],"ProductReview":[],"Car":[],"Recipe":[],"Service":[],"SoftwareApplication":[],"WebPage":[]},"graphName":"","isEnabled":true},"graphs":[],"defaultGraph":"","defaultPostTypeGraph":""},"schema_type":null,"schema_type_options":null,"pillar_content":false,"robots_default":true,"robots_noindex":false,"robots_noarchive":false,"robots_nosnippet":false,"robots_nofollow":false,"robots_noimageindex":false,"robots_noodp":false,"robots_notranslate":false,"robots_max_snippet":null,"robots_max_videopreview":null,"robots_max_imagepreview":"large","priority":null,"frequency":null,"location":null,"local_seo":null,"seo_analyzer_scan_date":"2025-08-26 21:19:00","breadcrumb_settings":null,"limit_modified_date":false,"reviewed_by":null,"open_ai":null,"ai":null,"created":"2020-12-21 11:28:46","updated":"2025-08-26 21:19:00"},"aioseo_breadcrumb":"<div class=\"aioseo-breadcrumbs\"><span class=\"aioseo-breadcrumb\">\n\t<a href=\"https:\/\/candas365.es\/noticias\" title=\"Home\">Home<\/a>\n<\/span><span class=\"aioseo-breadcrumb-separator\">&ndash;<\/span><span class=\"aioseo-breadcrumb\">\n\t<a href=\"https:\/\/candas365.es\/noticias\/category\/asturias\/\" title=\"Asturias\">Asturias<\/a>\n<\/span><span class=\"aioseo-breadcrumb-separator\">&ndash;<\/span><span class=\"aioseo-breadcrumb\">\n\tEl plan territorial especial del Principado para proteger la costa recibe el Premio de Urbanismo Espa\u00f1ol\n<\/span><\/div>","aioseo_breadcrumb_json":[{"label":"Home","link":"https:\/\/candas365.es\/noticias"},{"label":"Asturias","link":"https:\/\/candas365.es\/noticias\/category\/asturias\/"},{"label":"El plan territorial especial del Principado para proteger la costa recibe el Premio de Urbanismo Espa\u00f1ol","link":"https:\/\/candas365.es\/noticias\/el-plan-territorial-especial-del-principado-para-proteger-la-costa-recibe-el-premio-de-urbanismo-espanol\/"}],"_links":{"self":[{"href":"https:\/\/candas365.es\/noticias\/wp-json\/wp\/v2\/posts\/95999","targetHints":{"allow":["GET"]}}],"collection":[{"href":"https:\/\/candas365.es\/noticias\/wp-json\/wp\/v2\/posts"}],"about":[{"href":"https:\/\/candas365.es\/noticias\/wp-json\/wp\/v2\/types\/post"}],"author":[{"embeddable":true,"href":"https:\/\/candas365.es\/noticias\/wp-json\/wp\/v2\/users\/1"}],"replies":[{"embeddable":true,"href":"https:\/\/candas365.es\/noticias\/wp-json\/wp\/v2\/comments?post=95999"}],"version-history":[{"count":0,"href":"https:\/\/candas365.es\/noticias\/wp-json\/wp\/v2\/posts\/95999\/revisions"}],"wp:featuredmedia":[{"embeddable":true,"href":"https:\/\/candas365.es\/noticias\/wp-json\/wp\/v2\/media\/89557"}],"wp:attachment":[{"href":"https:\/\/candas365.es\/noticias\/wp-json\/wp\/v2\/media?parent=95999"}],"wp:term":[{"taxonomy":"category","embeddable":true,"href":"https:\/\/candas365.es\/noticias\/wp-json\/wp\/v2\/categories?post=95999"},{"taxonomy":"post_tag","embeddable":true,"href":"https:\/\/candas365.es\/noticias\/wp-json\/wp\/v2\/tags?post=95999"}],"curies":[{"name":"wp","href":"https:\/\/api.w.org\/{rel}","templated":true}]}}