{"id":95929,"date":"2018-05-17T22:11:22","date_gmt":"2018-05-17T22:11:22","guid":{"rendered":"http:\/\/candas365.es\/noticias\/?p=95929"},"modified":"2018-05-17T22:11:22","modified_gmt":"2018-05-17T22:11:22","slug":"la-comision-europea-excluye-al-principado-de-su-denuncia-por-emisiones-contaminantes","status":"publish","type":"post","link":"https:\/\/candas365.es\/noticias\/la-comision-europea-excluye-al-principado-de-su-denuncia-por-emisiones-contaminantes\/","title":{"rendered":"La Comisi\u00f3n Europea excluye al Principado de su denuncia por emisiones contaminantes"},"content":{"rendered":"<p><img fetchpriority=\"high\" decoding=\"async\" class=\"alignleft size-medium wp-image-95930\" src=\"https:\/\/candas365.es\/noticias\/wp-content\/uploads\/2018\/05\/industry-1752876_960_720-360x240.png\" alt=\"\" width=\"360\" height=\"240\" srcset=\"https:\/\/candas365.es\/noticias\/wp-content\/uploads\/2018\/05\/industry-1752876_960_720-360x240.png 360w, https:\/\/candas365.es\/noticias\/wp-content\/uploads\/2018\/05\/industry-1752876_960_720-768x511.png 768w, https:\/\/candas365.es\/noticias\/wp-content\/uploads\/2018\/05\/industry-1752876_960_720-655x436.png 655w, https:\/\/candas365.es\/noticias\/wp-content\/uploads\/2018\/05\/industry-1752876_960_720-696x463.png 696w, https:\/\/candas365.es\/noticias\/wp-content\/uploads\/2018\/05\/industry-1752876_960_720-631x420.png 631w, https:\/\/candas365.es\/noticias\/wp-content\/uploads\/2018\/05\/industry-1752876_960_720.png 960w\" sizes=\"(max-width: 360px) 100vw, 360px\" \/>La Comisi\u00f3n Europea ha anunciado hoy que excluir\u00e1 a Espa\u00f1a de los pa\u00edses que denunciar\u00e1 ante el Tribunal de Justicia de la UE por sobrepasar los l\u00edmites en materia de emisiones contaminantes. En el caso de Asturias, ese incumplimiento se refer\u00eda a los datos de part\u00edculas en suspensi\u00f3n registrados en el periodo 2005-2012 en Avil\u00e9s y Gij\u00f3n.<\/p>\n<p>El anuncio del comisario de Medio Ambiente de la UE corrobora as\u00ed la eficacia de los planes de calidad del aire que el Gobierno del Principado aprob\u00f3 por primera vez en 2014 y en los que se incluyen medidas dirigidas a disminuir las emisiones contaminantes de part\u00edculas en suspensi\u00f3n.<\/p>\n<p>Tras el emplazamiento europeo a Espa\u00f1a para la adopci\u00f3n de medidas que contribuyesen a corregir dichos valores, el pasado marzo la directora de Prevenci\u00f3n y Control Ambiental, Elena Mara\u00f1\u00f3n, y el director general de Calidad Ambiental, Manuel Guti\u00e9rrez, junto con representantes del Ministerio de Agricultura y Pesca, Alimentaci\u00f3n y Medio Ambiente, se reunieron en Bruselas con miembros de la Direcci\u00f3n General de Medio Ambiente de la UE.<\/p>\n<p>En dicho encuentro los responsables auton\u00f3micos presentaron el informe en el que se recogen todas las actuaciones llevadas a cabo por el Gobierno de Asturias, en colaboraci\u00f3n con las empresas y los puertos de Gij\u00f3n y Avil\u00e9s, en el marco de los planes de calidad del aire, as\u00ed como las que se est\u00e1n implementando en este momento, tras la revisi\u00f3n de los mismos en 2017.<\/p>\n<p>Desde que en 2014 se aprobaran dichos proyectos de trabajo, toda Asturias ha cumplido con los valores l\u00edmite para la emisi\u00f3n de part\u00edculas que fija la normativa europea, a excepci\u00f3n de la zona industrial de Matadero, en el puerto de Avil\u00e9s.<\/p>\n","protected":false},"excerpt":{"rendered":"<p>La Comisi\u00f3n Europea ha anunciado hoy que excluir\u00e1 a Espa\u00f1a de los pa\u00edses que denunciar\u00e1 ante el Tribunal de Justicia de la UE por sobrepasar los l\u00edmites en materia de emisiones contaminantes. En el caso de Asturias, ese incumplimiento se refer\u00eda a los datos de part\u00edculas en suspensi\u00f3n registrados en el periodo 2005-2012 en Avil\u00e9s<\/p>\n","protected":false},"author":1,"featured_media":29,"comment_status":"closed","ping_status":"closed","sticky":false,"template":"","format":"standard","meta":{"footnotes":""},"categories":[7],"tags":[],"class_list":{"0":"post-95929","1":"post","2":"type-post","3":"status-publish","4":"format-standard","5":"has-post-thumbnail","7":"category-asturias"},"aioseo_notices":[],"aioseo_head":"\n\t\t<!-- All in One SEO Pro 4.9.6.2 - aioseo.com -->\n\t<meta name=\"description\" content=\"La Comisi\u00f3n Europea ha anunciado hoy que excluir\u00e1 a Espa\u00f1a de los pa\u00edses que denunciar\u00e1 ante el Tribunal de Justicia de la UE por sobrepasar los l\u00edmites en materia de emisiones contaminantes. En el caso de Asturias, ese incumplimiento se refer\u00eda a los datos de part\u00edculas en suspensi\u00f3n registrados en el periodo 2005-2012 en Avil\u00e9s\" \/>\n\t<meta name=\"robots\" content=\"max-image-preview:large\" \/>\n\t<meta name=\"author\" content=\"Cand\u00e1s 365\"\/>\n\t<meta name=\"google-site-verification\" content=\"UA-32230408-1\" \/>\n\t<meta name=\"msvalidate.01\" content=\"354F3CDFB2DA171B47FBE9ABF1F88D5\" \/>\n\t<meta name=\"keywords\" content=\"asturias\" \/>\n\t<link rel=\"canonical\" href=\"https:\/\/candas365.es\/noticias\/la-comision-europea-excluye-al-principado-de-su-denuncia-por-emisiones-contaminantes\/\" \/>\n\t<meta name=\"generator\" content=\"All in One SEO Pro (AIOSEO) 4.9.6.2\" \/>\n\t\t<meta property=\"og:locale\" content=\"es_ES\" \/>\n\t\t<meta property=\"og:site_name\" content=\"Cand\u00e1s 365\" \/>\n\t\t<meta property=\"og:type\" content=\"article\" \/>\n\t\t<meta property=\"og:title\" content=\"La Comisi\u00f3n Europea excluye al Principado de su denuncia por emisiones contaminantes | Cand\u00e1s 365\" \/>\n\t\t<meta property=\"og:description\" content=\"La Comisi\u00f3n Europea ha anunciado hoy que excluir\u00e1 a Espa\u00f1a de los pa\u00edses que denunciar\u00e1 ante el Tribunal de Justicia de la UE por sobrepasar los l\u00edmites en materia de emisiones contaminantes. En el caso de Asturias, ese incumplimiento se refer\u00eda a los datos de part\u00edculas en suspensi\u00f3n registrados en el periodo 2005-2012 en Avil\u00e9s\" \/>\n\t\t<meta property=\"og:url\" content=\"https:\/\/candas365.es\/noticias\/la-comision-europea-excluye-al-principado-de-su-denuncia-por-emisiones-contaminantes\/\" \/>\n\t\t<meta property=\"og:image\" content=\"https:\/\/candas365.es\/noticias\/wp-content\/uploads\/2014\/09\/Arcelor-Verina-10.jpg\" \/>\n\t\t<meta property=\"og:image:secure_url\" content=\"https:\/\/candas365.es\/noticias\/wp-content\/uploads\/2014\/09\/Arcelor-Verina-10.jpg\" \/>\n\t\t<meta property=\"og:image:width\" content=\"2048\" \/>\n\t\t<meta property=\"og:image:height\" content=\"1536\" \/>\n\t\t<meta property=\"article:published_time\" content=\"2018-05-17T22:11:22+00:00\" \/>\n\t\t<meta property=\"article:modified_time\" content=\"2018-05-17T22:11:22+00:00\" \/>\n\t\t<meta property=\"article:publisher\" content=\"https:\/\/www.facebook.com\/Nachofdezber\" \/>\n\t\t<meta property=\"article:author\" content=\"https:\/\/www.facebook.com\/carrenoactualidad\" \/>\n\t\t<meta name=\"twitter:card\" content=\"summary_large_image\" \/>\n\t\t<meta name=\"twitter:site\" content=\"@NabercoDigital\" \/>\n\t\t<meta name=\"twitter:title\" content=\"La Comisi\u00f3n Europea excluye al Principado de su denuncia por emisiones contaminantes | Cand\u00e1s 365\" \/>\n\t\t<meta name=\"twitter:description\" content=\"La Comisi\u00f3n Europea ha anunciado hoy que excluir\u00e1 a Espa\u00f1a de los pa\u00edses que denunciar\u00e1 ante el Tribunal de Justicia de la UE por sobrepasar los l\u00edmites en materia de emisiones contaminantes. En el caso de Asturias, ese incumplimiento se refer\u00eda a los datos de part\u00edculas en suspensi\u00f3n registrados en el periodo 2005-2012 en Avil\u00e9s\" \/>\n\t\t<meta name=\"twitter:creator\" content=\"@nbasturias\" \/>\n\t\t<meta name=\"twitter:image\" content=\"https:\/\/candas365.es\/noticias\/wp-content\/uploads\/2014\/09\/Arcelor-Verina-10.jpg\" \/>\n\t\t<meta name=\"twitter:label1\" content=\"Escrito por\" \/>\n\t\t<meta name=\"twitter:data1\" content=\"Cand\u00e1s 365\" \/>\n\t\t<meta name=\"twitter:label2\" content=\"Tiempo de lectura estimado\" \/>\n\t\t<meta name=\"twitter:data2\" content=\"2 minutos\" \/>\n\t\t<script type=\"application\/ld+json\" class=\"aioseo-schema\">\n\t\t\t{\"@context\":\"https:\\\/\\\/schema.org\",\"@graph\":[{\"@type\":\"BreadcrumbList\",\"@id\":\"https:\\\/\\\/candas365.es\\\/noticias\\\/la-comision-europea-excluye-al-principado-de-su-denuncia-por-emisiones-contaminantes\\\/#breadcrumblist\",\"itemListElement\":[{\"@type\":\"ListItem\",\"@id\":\"https:\\\/\\\/candas365.es\\\/noticias#listItem\",\"position\":1,\"name\":\"Home\",\"item\":\"https:\\\/\\\/candas365.es\\\/noticias\",\"nextItem\":{\"@type\":\"ListItem\",\"@id\":\"https:\\\/\\\/candas365.es\\\/noticias\\\/category\\\/asturias\\\/#listItem\",\"name\":\"Asturias\"}},{\"@type\":\"ListItem\",\"@id\":\"https:\\\/\\\/candas365.es\\\/noticias\\\/category\\\/asturias\\\/#listItem\",\"position\":2,\"name\":\"Asturias\",\"item\":\"https:\\\/\\\/candas365.es\\\/noticias\\\/category\\\/asturias\\\/\",\"nextItem\":{\"@type\":\"ListItem\",\"@id\":\"https:\\\/\\\/candas365.es\\\/noticias\\\/la-comision-europea-excluye-al-principado-de-su-denuncia-por-emisiones-contaminantes\\\/#listItem\",\"name\":\"La Comisi\\u00f3n Europea excluye al Principado de su denuncia por emisiones contaminantes\"},\"previousItem\":{\"@type\":\"ListItem\",\"@id\":\"https:\\\/\\\/candas365.es\\\/noticias#listItem\",\"name\":\"Home\"}},{\"@type\":\"ListItem\",\"@id\":\"https:\\\/\\\/candas365.es\\\/noticias\\\/la-comision-europea-excluye-al-principado-de-su-denuncia-por-emisiones-contaminantes\\\/#listItem\",\"position\":3,\"name\":\"La Comisi\\u00f3n Europea excluye al Principado de su denuncia por emisiones contaminantes\",\"previousItem\":{\"@type\":\"ListItem\",\"@id\":\"https:\\\/\\\/candas365.es\\\/noticias\\\/category\\\/asturias\\\/#listItem\",\"name\":\"Asturias\"}}]},{\"@type\":\"NewsArticle\",\"@id\":\"https:\\\/\\\/candas365.es\\\/noticias\\\/la-comision-europea-excluye-al-principado-de-su-denuncia-por-emisiones-contaminantes\\\/#newsarticle\",\"name\":\"La Comisi\\u00f3n Europea excluye al Principado de su denuncia por emisiones contaminantes | Cand\\u00e1s 365\",\"headline\":\"La Comisi\\u00f3n Europea excluye al Principado de su denuncia por emisiones contaminantes\",\"author\":{\"@id\":\"https:\\\/\\\/candas365.es\\\/noticias\\\/author\\\/admin\\\/#author\"},\"publisher\":{\"@id\":\"https:\\\/\\\/candas365.es\\\/noticias\\\/#organization\"},\"image\":{\"@type\":\"ImageObject\",\"url\":\"https:\\\/\\\/candas365.es\\\/noticias\\\/wp-content\\\/uploads\\\/2014\\\/09\\\/Arcelor-Verina-10.jpg\",\"width\":2048,\"height\":1536},\"datePublished\":\"2018-05-17T22:11:22+02:00\",\"dateModified\":\"2018-05-17T22:11:22+02:00\",\"inLanguage\":\"es-ES\",\"mainEntityOfPage\":{\"@id\":\"https:\\\/\\\/candas365.es\\\/noticias\\\/la-comision-europea-excluye-al-principado-de-su-denuncia-por-emisiones-contaminantes\\\/#webpage\"},\"isPartOf\":{\"@id\":\"https:\\\/\\\/candas365.es\\\/noticias\\\/la-comision-europea-excluye-al-principado-de-su-denuncia-por-emisiones-contaminantes\\\/#webpage\"},\"articleSection\":\"Asturias\",\"dateline\":\"Publicado el mayo 17, 2018.\"},{\"@type\":\"Organization\",\"@id\":\"https:\\\/\\\/candas365.es\\\/noticias\\\/#organization\",\"name\":\"Cand\\u00e1s 365\",\"description\":\"Cand\\u00e1s 365 es un diario digital independiente, fundado en 2012, con base en Asturias. Informamos con rigor sobre actualidad, sociedad, cultura y ocio, con una mirada local y global.\",\"url\":\"https:\\\/\\\/candas365.es\\\/noticias\\\/\",\"email\":\"info@candas365.es\",\"telephone\":\"+34652131393\",\"foundingDate\":\"2012-06-10\",\"logo\":{\"@type\":\"ImageObject\",\"url\":\"https:\\\/\\\/candas365.es\\\/noticias\\\/wp-content\\\/uploads\\\/2024\\\/09\\\/Candas-365-Redes.jpg\",\"@id\":\"https:\\\/\\\/candas365.es\\\/noticias\\\/la-comision-europea-excluye-al-principado-de-su-denuncia-por-emisiones-contaminantes\\\/#organizationLogo\",\"width\":1152,\"height\":864,\"caption\":\"Cand\\u00e1s 365 Redes\"},\"image\":{\"@id\":\"https:\\\/\\\/candas365.es\\\/noticias\\\/la-comision-europea-excluye-al-principado-de-su-denuncia-por-emisiones-contaminantes\\\/#organizationLogo\"},\"sameAs\":[\"https:\\\/\\\/www.facebook.com\\\/Nachofdezber\",\"https:\\\/\\\/x.com\\\/NabercoDigital\",\"https:\\\/\\\/www.instagram.com\\\/nachofdezber\\\/\",\"https:\\\/\\\/www.youtube.com\\\/channel\\\/UCZP-2wLEB9Rv6erhFmqVnvg\"],\"address\":{\"@id\":\"https:\\\/\\\/candas365.es\\\/noticias\\\/#postaladdress\",\"@type\":\"PostalAddress\",\"streetAddress\":\"san antonio 4, san antonio 4\",\"postalCode\":\"33430\",\"addressLocality\":\"Cand\\u00e1s\",\"addressRegion\":\"Asturias\",\"addressCountry\":\"ES\"}},{\"@type\":\"Person\",\"@id\":\"https:\\\/\\\/candas365.es\\\/noticias\\\/author\\\/admin\\\/#author\",\"url\":\"https:\\\/\\\/candas365.es\\\/noticias\\\/author\\\/admin\\\/\",\"name\":\"Cand\\u00e1s 365\",\"image\":{\"@type\":\"ImageObject\",\"@id\":\"https:\\\/\\\/candas365.es\\\/noticias\\\/la-comision-europea-excluye-al-principado-de-su-denuncia-por-emisiones-contaminantes\\\/#authorImage\",\"url\":\"https:\\\/\\\/secure.gravatar.com\\\/avatar\\\/496a8e03d0c493ede1718b7934145dbdf8d89be1036b0eec9544e1094c9de390?s=96&d=mm&r=g\",\"width\":96,\"height\":96,\"caption\":\"Cand\\u00e1s 365\"},\"sameAs\":[\"https:\\\/\\\/www.facebook.com\\\/carrenoactualidad\",\"https:\\\/\\\/twitter.com\\\/nbasturias\",\"https:\\\/\\\/www.instagram.com\\\/nachofdezber\\\/\",\"https:\\\/\\\/www.youtube.com\\\/channel\\\/UCZP-2wLEB9Rv6erhFmqVnvg\"]},{\"@type\":\"WebPage\",\"@id\":\"https:\\\/\\\/candas365.es\\\/noticias\\\/la-comision-europea-excluye-al-principado-de-su-denuncia-por-emisiones-contaminantes\\\/#webpage\",\"url\":\"https:\\\/\\\/candas365.es\\\/noticias\\\/la-comision-europea-excluye-al-principado-de-su-denuncia-por-emisiones-contaminantes\\\/\",\"name\":\"La Comisi\\u00f3n Europea excluye al Principado de su denuncia por emisiones contaminantes | Cand\\u00e1s 365\",\"description\":\"La Comisi\\u00f3n Europea ha anunciado hoy que excluir\\u00e1 a Espa\\u00f1a de los pa\\u00edses que denunciar\\u00e1 ante el Tribunal de Justicia de la UE por sobrepasar los l\\u00edmites en materia de emisiones contaminantes. En el caso de Asturias, ese incumplimiento se refer\\u00eda a los datos de part\\u00edculas en suspensi\\u00f3n registrados en el periodo 2005-2012 en Avil\\u00e9s\",\"inLanguage\":\"es-ES\",\"isPartOf\":{\"@id\":\"https:\\\/\\\/candas365.es\\\/noticias\\\/#website\"},\"breadcrumb\":{\"@id\":\"https:\\\/\\\/candas365.es\\\/noticias\\\/la-comision-europea-excluye-al-principado-de-su-denuncia-por-emisiones-contaminantes\\\/#breadcrumblist\"},\"author\":{\"@id\":\"https:\\\/\\\/candas365.es\\\/noticias\\\/author\\\/admin\\\/#author\"},\"creator\":{\"@id\":\"https:\\\/\\\/candas365.es\\\/noticias\\\/author\\\/admin\\\/#author\"},\"image\":{\"@type\":\"ImageObject\",\"url\":\"https:\\\/\\\/candas365.es\\\/noticias\\\/wp-content\\\/uploads\\\/2014\\\/09\\\/Arcelor-Verina-10.jpg\",\"@id\":\"https:\\\/\\\/candas365.es\\\/noticias\\\/la-comision-europea-excluye-al-principado-de-su-denuncia-por-emisiones-contaminantes\\\/#mainImage\",\"width\":2048,\"height\":1536},\"primaryImageOfPage\":{\"@id\":\"https:\\\/\\\/candas365.es\\\/noticias\\\/la-comision-europea-excluye-al-principado-de-su-denuncia-por-emisiones-contaminantes\\\/#mainImage\"},\"datePublished\":\"2018-05-17T22:11:22+02:00\",\"dateModified\":\"2018-05-17T22:11:22+02:00\"},{\"@type\":\"WebSite\",\"@id\":\"https:\\\/\\\/candas365.es\\\/noticias\\\/#website\",\"url\":\"https:\\\/\\\/candas365.es\\\/noticias\\\/\",\"name\":\"Cand\\u00e1s 365\",\"alternateName\":\"Cand\\u00e1s 365 Noticias\",\"description\":\"Actualidad desde Carre\\u00f1o para el mundo\",\"inLanguage\":\"es-ES\",\"publisher\":{\"@id\":\"https:\\\/\\\/candas365.es\\\/noticias\\\/#organization\"}}]}\n\t\t<\/script>\n\t\t<!-- All in One SEO Pro -->\r\n\t\t<title>La Comisi\u00f3n Europea excluye al Principado de su denuncia por emisiones contaminantes | Cand\u00e1s 365<\/title>\n\n","aioseo_head_json":{"title":"La Comisi\u00f3n Europea excluye al Principado de su denuncia por emisiones contaminantes | Cand\u00e1s 365","description":"La Comisi\u00f3n Europea ha anunciado hoy que excluir\u00e1 a Espa\u00f1a de los pa\u00edses que denunciar\u00e1 ante el Tribunal de Justicia de la UE por sobrepasar los l\u00edmites en materia de emisiones contaminantes. En el caso de Asturias, ese incumplimiento se refer\u00eda a los datos de part\u00edculas en suspensi\u00f3n registrados en el periodo 2005-2012 en Avil\u00e9s","canonical_url":"https:\/\/candas365.es\/noticias\/la-comision-europea-excluye-al-principado-de-su-denuncia-por-emisiones-contaminantes\/","robots":"max-image-preview:large","keywords":"asturias","webmasterTools":{"google-site-verification":"UA-32230408-1","msvalidate.01":"354F3CDFB2DA171B47FBE9ABF1F88D5","miscellaneous":""},"schema":{"@context":"https:\/\/schema.org","@graph":[{"@type":"BreadcrumbList","@id":"https:\/\/candas365.es\/noticias\/la-comision-europea-excluye-al-principado-de-su-denuncia-por-emisiones-contaminantes\/#breadcrumblist","itemListElement":[{"@type":"ListItem","@id":"https:\/\/candas365.es\/noticias#listItem","position":1,"name":"Home","item":"https:\/\/candas365.es\/noticias","nextItem":{"@type":"ListItem","@id":"https:\/\/candas365.es\/noticias\/category\/asturias\/#listItem","name":"Asturias"}},{"@type":"ListItem","@id":"https:\/\/candas365.es\/noticias\/category\/asturias\/#listItem","position":2,"name":"Asturias","item":"https:\/\/candas365.es\/noticias\/category\/asturias\/","nextItem":{"@type":"ListItem","@id":"https:\/\/candas365.es\/noticias\/la-comision-europea-excluye-al-principado-de-su-denuncia-por-emisiones-contaminantes\/#listItem","name":"La Comisi\u00f3n Europea excluye al Principado de su denuncia por emisiones contaminantes"},"previousItem":{"@type":"ListItem","@id":"https:\/\/candas365.es\/noticias#listItem","name":"Home"}},{"@type":"ListItem","@id":"https:\/\/candas365.es\/noticias\/la-comision-europea-excluye-al-principado-de-su-denuncia-por-emisiones-contaminantes\/#listItem","position":3,"name":"La Comisi\u00f3n Europea excluye al Principado de su denuncia por emisiones contaminantes","previousItem":{"@type":"ListItem","@id":"https:\/\/candas365.es\/noticias\/category\/asturias\/#listItem","name":"Asturias"}}]},{"@type":"NewsArticle","@id":"https:\/\/candas365.es\/noticias\/la-comision-europea-excluye-al-principado-de-su-denuncia-por-emisiones-contaminantes\/#newsarticle","name":"La Comisi\u00f3n Europea excluye al Principado de su denuncia por emisiones contaminantes | Cand\u00e1s 365","headline":"La Comisi\u00f3n Europea excluye al Principado de su denuncia por emisiones contaminantes","author":{"@id":"https:\/\/candas365.es\/noticias\/author\/admin\/#author"},"publisher":{"@id":"https:\/\/candas365.es\/noticias\/#organization"},"image":{"@type":"ImageObject","url":"https:\/\/candas365.es\/noticias\/wp-content\/uploads\/2014\/09\/Arcelor-Verina-10.jpg","width":2048,"height":1536},"datePublished":"2018-05-17T22:11:22+02:00","dateModified":"2018-05-17T22:11:22+02:00","inLanguage":"es-ES","mainEntityOfPage":{"@id":"https:\/\/candas365.es\/noticias\/la-comision-europea-excluye-al-principado-de-su-denuncia-por-emisiones-contaminantes\/#webpage"},"isPartOf":{"@id":"https:\/\/candas365.es\/noticias\/la-comision-europea-excluye-al-principado-de-su-denuncia-por-emisiones-contaminantes\/#webpage"},"articleSection":"Asturias","dateline":"Publicado el mayo 17, 2018."},{"@type":"Organization","@id":"https:\/\/candas365.es\/noticias\/#organization","name":"Cand\u00e1s 365","description":"Cand\u00e1s 365 es un diario digital independiente, fundado en 2012, con base en Asturias. Informamos con rigor sobre actualidad, sociedad, cultura y ocio, con una mirada local y global.","url":"https:\/\/candas365.es\/noticias\/","email":"info@candas365.es","telephone":"+34652131393","foundingDate":"2012-06-10","logo":{"@type":"ImageObject","url":"https:\/\/candas365.es\/noticias\/wp-content\/uploads\/2024\/09\/Candas-365-Redes.jpg","@id":"https:\/\/candas365.es\/noticias\/la-comision-europea-excluye-al-principado-de-su-denuncia-por-emisiones-contaminantes\/#organizationLogo","width":1152,"height":864,"caption":"Cand\u00e1s 365 Redes"},"image":{"@id":"https:\/\/candas365.es\/noticias\/la-comision-europea-excluye-al-principado-de-su-denuncia-por-emisiones-contaminantes\/#organizationLogo"},"sameAs":["https:\/\/www.facebook.com\/Nachofdezber","https:\/\/x.com\/NabercoDigital","https:\/\/www.instagram.com\/nachofdezber\/","https:\/\/www.youtube.com\/channel\/UCZP-2wLEB9Rv6erhFmqVnvg"],"address":{"@id":"https:\/\/candas365.es\/noticias\/#postaladdress","@type":"PostalAddress","streetAddress":"san antonio 4, san antonio 4","postalCode":"33430","addressLocality":"Cand\u00e1s","addressRegion":"Asturias","addressCountry":"ES"}},{"@type":"Person","@id":"https:\/\/candas365.es\/noticias\/author\/admin\/#author","url":"https:\/\/candas365.es\/noticias\/author\/admin\/","name":"Cand\u00e1s 365","image":{"@type":"ImageObject","@id":"https:\/\/candas365.es\/noticias\/la-comision-europea-excluye-al-principado-de-su-denuncia-por-emisiones-contaminantes\/#authorImage","url":"https:\/\/secure.gravatar.com\/avatar\/496a8e03d0c493ede1718b7934145dbdf8d89be1036b0eec9544e1094c9de390?s=96&d=mm&r=g","width":96,"height":96,"caption":"Cand\u00e1s 365"},"sameAs":["https:\/\/www.facebook.com\/carrenoactualidad","https:\/\/twitter.com\/nbasturias","https:\/\/www.instagram.com\/nachofdezber\/","https:\/\/www.youtube.com\/channel\/UCZP-2wLEB9Rv6erhFmqVnvg"]},{"@type":"WebPage","@id":"https:\/\/candas365.es\/noticias\/la-comision-europea-excluye-al-principado-de-su-denuncia-por-emisiones-contaminantes\/#webpage","url":"https:\/\/candas365.es\/noticias\/la-comision-europea-excluye-al-principado-de-su-denuncia-por-emisiones-contaminantes\/","name":"La Comisi\u00f3n Europea excluye al Principado de su denuncia por emisiones contaminantes | Cand\u00e1s 365","description":"La Comisi\u00f3n Europea ha anunciado hoy que excluir\u00e1 a Espa\u00f1a de los pa\u00edses que denunciar\u00e1 ante el Tribunal de Justicia de la UE por sobrepasar los l\u00edmites en materia de emisiones contaminantes. En el caso de Asturias, ese incumplimiento se refer\u00eda a los datos de part\u00edculas en suspensi\u00f3n registrados en el periodo 2005-2012 en Avil\u00e9s","inLanguage":"es-ES","isPartOf":{"@id":"https:\/\/candas365.es\/noticias\/#website"},"breadcrumb":{"@id":"https:\/\/candas365.es\/noticias\/la-comision-europea-excluye-al-principado-de-su-denuncia-por-emisiones-contaminantes\/#breadcrumblist"},"author":{"@id":"https:\/\/candas365.es\/noticias\/author\/admin\/#author"},"creator":{"@id":"https:\/\/candas365.es\/noticias\/author\/admin\/#author"},"image":{"@type":"ImageObject","url":"https:\/\/candas365.es\/noticias\/wp-content\/uploads\/2014\/09\/Arcelor-Verina-10.jpg","@id":"https:\/\/candas365.es\/noticias\/la-comision-europea-excluye-al-principado-de-su-denuncia-por-emisiones-contaminantes\/#mainImage","width":2048,"height":1536},"primaryImageOfPage":{"@id":"https:\/\/candas365.es\/noticias\/la-comision-europea-excluye-al-principado-de-su-denuncia-por-emisiones-contaminantes\/#mainImage"},"datePublished":"2018-05-17T22:11:22+02:00","dateModified":"2018-05-17T22:11:22+02:00"},{"@type":"WebSite","@id":"https:\/\/candas365.es\/noticias\/#website","url":"https:\/\/candas365.es\/noticias\/","name":"Cand\u00e1s 365","alternateName":"Cand\u00e1s 365 Noticias","description":"Actualidad desde Carre\u00f1o para el mundo","inLanguage":"es-ES","publisher":{"@id":"https:\/\/candas365.es\/noticias\/#organization"}}]},"og:locale":"es_ES","og:site_name":"Cand\u00e1s 365","og:type":"article","og:title":"La Comisi\u00f3n Europea excluye al Principado de su denuncia por emisiones contaminantes | Cand\u00e1s 365","og:description":"La Comisi\u00f3n Europea ha anunciado hoy que excluir\u00e1 a Espa\u00f1a de los pa\u00edses que denunciar\u00e1 ante el Tribunal de Justicia de la UE por sobrepasar los l\u00edmites en materia de emisiones contaminantes. En el caso de Asturias, ese incumplimiento se refer\u00eda a los datos de part\u00edculas en suspensi\u00f3n registrados en el periodo 2005-2012 en Avil\u00e9s","og:url":"https:\/\/candas365.es\/noticias\/la-comision-europea-excluye-al-principado-de-su-denuncia-por-emisiones-contaminantes\/","og:image":"https:\/\/candas365.es\/noticias\/wp-content\/uploads\/2014\/09\/Arcelor-Verina-10.jpg","og:image:secure_url":"https:\/\/candas365.es\/noticias\/wp-content\/uploads\/2014\/09\/Arcelor-Verina-10.jpg","og:image:width":2048,"og:image:height":1536,"article:published_time":"2018-05-17T22:11:22+00:00","article:modified_time":"2018-05-17T22:11:22+00:00","article:publisher":"https:\/\/www.facebook.com\/Nachofdezber","article:author":"https:\/\/www.facebook.com\/carrenoactualidad","twitter:card":"summary_large_image","twitter:site":"@NabercoDigital","twitter:title":"La Comisi\u00f3n Europea excluye al Principado de su denuncia por emisiones contaminantes | Cand\u00e1s 365","twitter:description":"La Comisi\u00f3n Europea ha anunciado hoy que excluir\u00e1 a Espa\u00f1a de los pa\u00edses que denunciar\u00e1 ante el Tribunal de Justicia de la UE por sobrepasar los l\u00edmites en materia de emisiones contaminantes. En el caso de Asturias, ese incumplimiento se refer\u00eda a los datos de part\u00edculas en suspensi\u00f3n registrados en el periodo 2005-2012 en Avil\u00e9s","twitter:creator":"@nbasturias","twitter:image":"https:\/\/candas365.es\/noticias\/wp-content\/uploads\/2014\/09\/Arcelor-Verina-10.jpg","twitter:label1":"Escrito por","twitter:data1":"Cand\u00e1s 365","twitter:label2":"Tiempo de lectura estimado","twitter:data2":"2 minutos"},"aioseo_meta_data":{"post_id":"95929","title":null,"description":null,"keywords":null,"keyphrases":null,"primary_term":null,"canonical_url":null,"og_title":null,"og_description":null,"og_object_type":"default","og_image_type":"default","og_image_url":null,"og_image_width":null,"og_image_height":null,"og_image_custom_url":null,"og_image_custom_fields":null,"og_video":null,"og_custom_url":null,"og_article_section":null,"og_article_tags":null,"twitter_use_og":false,"twitter_card":"default","twitter_image_type":"default","twitter_image_url":null,"twitter_image_custom_url":null,"twitter_image_custom_fields":null,"twitter_title":null,"twitter_description":null,"schema":{"blockGraphs":[],"customGraphs":[],"default":{"data":{"Article":[],"Course":[],"Dataset":[],"FAQPage":[],"Movie":[],"Person":[],"Product":[],"ProductReview":[],"Car":[],"Recipe":[],"Service":[],"SoftwareApplication":[],"WebPage":[]},"graphName":"","isEnabled":true},"graphs":[],"defaultGraph":"","defaultPostTypeGraph":""},"schema_type":null,"schema_type_options":null,"pillar_content":false,"robots_default":true,"robots_noindex":false,"robots_noarchive":false,"robots_nosnippet":false,"robots_nofollow":false,"robots_noimageindex":false,"robots_noodp":false,"robots_notranslate":false,"robots_max_snippet":null,"robots_max_videopreview":null,"robots_max_imagepreview":"large","priority":null,"frequency":null,"location":null,"local_seo":null,"seo_analyzer_scan_date":"2025-08-26 21:12:14","breadcrumb_settings":null,"limit_modified_date":false,"reviewed_by":null,"open_ai":null,"ai":null,"created":"2020-12-21 11:51:58","updated":"2025-08-26 21:12:14"},"aioseo_breadcrumb":"<div class=\"aioseo-breadcrumbs\"><span class=\"aioseo-breadcrumb\">\n\t<a href=\"https:\/\/candas365.es\/noticias\" title=\"Home\">Home<\/a>\n<\/span><span class=\"aioseo-breadcrumb-separator\">&ndash;<\/span><span class=\"aioseo-breadcrumb\">\n\t<a href=\"https:\/\/candas365.es\/noticias\/category\/asturias\/\" title=\"Asturias\">Asturias<\/a>\n<\/span><span class=\"aioseo-breadcrumb-separator\">&ndash;<\/span><span class=\"aioseo-breadcrumb\">\n\tLa Comisi\u00f3n Europea excluye al Principado de su denuncia por emisiones contaminantes\n<\/span><\/div>","aioseo_breadcrumb_json":[{"label":"Home","link":"https:\/\/candas365.es\/noticias"},{"label":"Asturias","link":"https:\/\/candas365.es\/noticias\/category\/asturias\/"},{"label":"La Comisi\u00f3n Europea excluye al Principado de su denuncia por emisiones contaminantes","link":"https:\/\/candas365.es\/noticias\/la-comision-europea-excluye-al-principado-de-su-denuncia-por-emisiones-contaminantes\/"}],"_links":{"self":[{"href":"https:\/\/candas365.es\/noticias\/wp-json\/wp\/v2\/posts\/95929","targetHints":{"allow":["GET"]}}],"collection":[{"href":"https:\/\/candas365.es\/noticias\/wp-json\/wp\/v2\/posts"}],"about":[{"href":"https:\/\/candas365.es\/noticias\/wp-json\/wp\/v2\/types\/post"}],"author":[{"embeddable":true,"href":"https:\/\/candas365.es\/noticias\/wp-json\/wp\/v2\/users\/1"}],"replies":[{"embeddable":true,"href":"https:\/\/candas365.es\/noticias\/wp-json\/wp\/v2\/comments?post=95929"}],"version-history":[{"count":0,"href":"https:\/\/candas365.es\/noticias\/wp-json\/wp\/v2\/posts\/95929\/revisions"}],"wp:featuredmedia":[{"embeddable":true,"href":"https:\/\/candas365.es\/noticias\/wp-json\/wp\/v2\/media\/29"}],"wp:attachment":[{"href":"https:\/\/candas365.es\/noticias\/wp-json\/wp\/v2\/media?parent=95929"}],"wp:term":[{"taxonomy":"category","embeddable":true,"href":"https:\/\/candas365.es\/noticias\/wp-json\/wp\/v2\/categories?post=95929"},{"taxonomy":"post_tag","embeddable":true,"href":"https:\/\/candas365.es\/noticias\/wp-json\/wp\/v2\/tags?post=95929"}],"curies":[{"name":"wp","href":"https:\/\/api.w.org\/{rel}","templated":true}]}}