{"id":95884,"date":"2018-05-17T13:09:55","date_gmt":"2018-05-17T13:09:55","guid":{"rendered":"http:\/\/candas365.es\/noticias\/?p=95884"},"modified":"2018-05-19T06:18:08","modified_gmt":"2018-05-19T06:18:08","slug":"presentado-el-programa-escuelas-conectadas","status":"publish","type":"post","link":"https:\/\/candas365.es\/noticias\/presentado-el-programa-escuelas-conectadas\/","title":{"rendered":"Presentado el programa \u201cEscuelas conectadas\u201d"},"content":{"rendered":"<p><img fetchpriority=\"high\" decoding=\"async\" class=\"alignleft size-medium wp-image-95885\" src=\"https:\/\/candas365.es\/noticias\/wp-content\/uploads\/2018\/05\/pesentacion-proyecto-escuelas-conectadas-360x232.jpg\" alt=\"\" width=\"360\" height=\"232\" srcset=\"https:\/\/candas365.es\/noticias\/wp-content\/uploads\/2018\/05\/pesentacion-proyecto-escuelas-conectadas-360x232.jpg 360w, https:\/\/candas365.es\/noticias\/wp-content\/uploads\/2018\/05\/pesentacion-proyecto-escuelas-conectadas-768x494.jpg 768w, https:\/\/candas365.es\/noticias\/wp-content\/uploads\/2018\/05\/pesentacion-proyecto-escuelas-conectadas-655x422.jpg 655w, https:\/\/candas365.es\/noticias\/wp-content\/uploads\/2018\/05\/pesentacion-proyecto-escuelas-conectadas-696x448.jpg 696w, https:\/\/candas365.es\/noticias\/wp-content\/uploads\/2018\/05\/pesentacion-proyecto-escuelas-conectadas-1068x688.jpg 1068w, https:\/\/candas365.es\/noticias\/wp-content\/uploads\/2018\/05\/pesentacion-proyecto-escuelas-conectadas-652x420.jpg 652w, https:\/\/candas365.es\/noticias\/wp-content\/uploads\/2018\/05\/pesentacion-proyecto-escuelas-conectadas.jpg 1280w\" sizes=\"(max-width: 360px) 100vw, 360px\" \/>Unos 90.000 alumnos de 391 centros educativos p\u00fablicos asturianos tendr\u00e1n conexi\u00f3n a internet mediante tecnolog\u00edas de banda ancha ultrarr\u00e1pida este a\u00f1o. El consejero de Empleo, Industria y Turismo, Isaac Pola, y el ministro de Energ\u00eda, Turismo y Agenda Digital, \u00c1lvaro Nadal, han presentado hoy en el Instituto de Ense\u00f1anza Secundaria (IES) de Infiesto el desarrollo del programa Escuelas conectadas en Asturias, en un acto en el que tambi\u00e9n ha participado el consejero de Educaci\u00f3n y Cultura, Genaro Alonso.<\/p>\n<p>Esta iniciativa es fruto del convenio de colaboraci\u00f3n de diciembre de 2015 entre el Ministerio de Educaci\u00f3n, Cultura y Deporte, el Ejecutivo auton\u00f3mico y la entidad p\u00fablica empresarial Red.es, dependiente del Ministerio de Energ\u00eda, Turismo y Agenda Digital, para dotar a los centros docentes de conexi\u00f3n a internet mediante redes de banda ancha ultrarr\u00e1pida. El desarrollo de esta medida, tambi\u00e9n enmarcada en la estrategia del Principado para potenciar la conectividad en la zona rural y contribuir a fijar poblaci\u00f3n, culminar\u00e1 en diciembre y persigue dotar al sistema educativo de unas capacidades de conectividad ultrarr\u00e1pida que posibilitan el dise\u00f1o de pol\u00edticas de intercambio y de colaboraci\u00f3n del conocimiento de primera l\u00ednea.<\/p>\n<p>En Asturias, el plan Escuelas conectadas se suma, de forma coordinada, a las iniciativas p\u00fablicas que impulsa Gitpa y las privadas.<\/p>\n<p><strong>Comunicaciones avanzadas<\/strong><\/p>\n<p>La iniciativa, que se est\u00e1 ejecutando en la actualidad y supondr\u00e1 una inversi\u00f3n de 6,5 millones, cofinanciada a trav\u00e9s del Fondo Europeo de Desarrollo Regional (Feder), permitir\u00e1 a los centros disponer de las comunicaciones m\u00e1s avanzadas, con accesos de fibra \u00f3ptica y otras tecnolog\u00edas para llegar a velocidades de 1 gigabit por segundo sim\u00e9trico. Tambi\u00e9n contar\u00e1n con un servicio wifi ultrarr\u00e1pido en todos los espacios educativos. Adem\u00e1s, se prev\u00e9 la protecci\u00f3n de la seguridad del acceso a internet de los alumnos.<\/p>\n<p>Actualmente, 122 centros se encuentran en la fase final de implantaci\u00f3n de estas soluciones, uno de ellos el IES de Infiesto, donde esta ma\u00f1ana se ha realizado una demostraci\u00f3n de las posibilidades que ofrece la conectividad de banda ancha ultrarr\u00e1pida en la educaci\u00f3n, al ampliar las posibilidades de las aulas tradicionales y favorecer la interacci\u00f3n directa entre espacios educativos geogr\u00e1ficamente distantes.<\/p>\n<p>La demostraci\u00f3n ha consistido en la creaci\u00f3n de un aula virtual integrada por tres clases de distintos centros (IES de Infiesto, IES Do\u00f1a Jimena, de Gij\u00f3n, e IES Carmen y Severo Ochoa, de Luarca), compartiendo una misma actividad. Se ha mostrado as\u00ed el potencial de la conectividad de banda ancha para la colaboraci\u00f3n entre colegios dispersos y la supresi\u00f3n de las barreras que puede implicar la ubicaci\u00f3n de un centro en la zona rural. Esta iniciativa potencia, por ello, la igualdad de oportunidades en el \u00e1mbito educativo en todo el Principado.<\/p>\n<p><strong>Hasta 1 Gbps de caudal de conectividad por centro<\/strong><\/p>\n<p>Pola ha destacado que esta iniciativa permitir\u00e1 \u201cmultiplicar hasta por diez la capacidad actual de conectividad de los centros educativos y por 50 veces la m\u00ednima\u201d. Hasta ahora, el colegio con mayor ancho de banda dispon\u00eda de 100 Mbps y el que menos, de 1 Mbps. A partir de ahora, la mayor parte tendr\u00e1 entre 500 Mbps y 1 Gbps. \u201cEn el futuro, cada alumno asturiano tendr\u00e1 garantizados 37 Mbps de acceso wifi, lo que supone multiplicar por 30 la capacidad por cada estudiante\u201d, ha a\u00f1adido el titular de Empleo.<\/p>\n<p>En su aplicaci\u00f3n en Asturias, este proyecto beneficiar\u00e1 tambi\u00e9n a entidades p\u00fablicas y peque\u00f1as y medianas empresas (pymes) ubicadas en estas zonas de la regi\u00f3n, ya que dispondr\u00e1n de los servicios de conectividad del operador para cubrir sus necesidades. Por ejemplo, se facilitar\u00e1 el acceso de los ayuntamientos adheridos al Consorcio Asturiano de Servicios Tecnol\u00f3gicos (CAST) a recursos de la Red de Sistemas de Aplicaciones y Redes para las Administraciones (Sara) y al propio Principado.<\/p>\n<p>Al acto celebrado en Infiesto han asistido tambi\u00e9n los directores generales de Tecnolog\u00edas de la Informaci\u00f3n y las Comunicaciones (TIC), V\u00edctor Solla; de Industria y Telecomunicaciones, Manuel Monterrey, y de Ordenaci\u00f3n Acad\u00e9mica e Innovaci\u00f3n Educativa, Francisco Laviana, as\u00ed como el alcalde de Pilo\u00f1a, Iv\u00e1n Allende; el director general de Marketing de Orange, la empresa que ejecuta el proyecto, Samuel Mu\u00f1oz; el director general de Cisco Espa\u00f1a, socio tecnol\u00f3gico de la adjudicataria, Jose Manuel Petisco; y el director de Servicios P\u00fablicos Digitales de la entidad p\u00fablica Red.es, Francisco Javier Garc\u00eda Vieira.<\/p>\n","protected":false},"excerpt":{"rendered":"<p>Unos 90.000 alumnos de 391 centros educativos p\u00fablicos asturianos tendr\u00e1n conexi\u00f3n a internet mediante tecnolog\u00edas de banda ancha ultrarr\u00e1pida este a\u00f1o. El consejero de Empleo, Industria y Turismo, Isaac Pola, y el ministro de Energ\u00eda, Turismo y Agenda Digital, \u00c1lvaro Nadal, han presentado hoy en el Instituto de Ense\u00f1anza Secundaria (IES) de Infiesto el desarrollo<\/p>\n","protected":false},"author":1,"featured_media":95885,"comment_status":"closed","ping_status":"closed","sticky":false,"template":"","format":"standard","meta":{"footnotes":""},"categories":[7],"tags":[],"class_list":{"0":"post-95884","1":"post","2":"type-post","3":"status-publish","4":"format-standard","5":"has-post-thumbnail","7":"category-asturias"},"aioseo_notices":[],"aioseo_head":"\n\t\t<!-- All in One SEO Pro 4.9.6.2 - aioseo.com -->\n\t<meta name=\"description\" content=\"Unos 90.000 alumnos de 391 centros educativos p\u00fablicos asturianos tendr\u00e1n conexi\u00f3n a internet mediante tecnolog\u00edas de banda ancha ultrarr\u00e1pida este a\u00f1o. El consejero de Empleo, Industria y Turismo, Isaac Pola, y el ministro de Energ\u00eda, Turismo y Agenda Digital, \u00c1lvaro Nadal, han presentado hoy en el Instituto de Ense\u00f1anza Secundaria (IES) de Infiesto el desarrollo\" \/>\n\t<meta name=\"robots\" content=\"max-image-preview:large\" \/>\n\t<meta name=\"author\" content=\"Cand\u00e1s 365\"\/>\n\t<meta name=\"google-site-verification\" content=\"UA-32230408-1\" \/>\n\t<meta name=\"msvalidate.01\" content=\"354F3CDFB2DA171B47FBE9ABF1F88D5\" \/>\n\t<meta name=\"keywords\" content=\"asturias\" \/>\n\t<link rel=\"canonical\" href=\"https:\/\/candas365.es\/noticias\/presentado-el-programa-escuelas-conectadas\/\" \/>\n\t<meta name=\"generator\" content=\"All in One SEO Pro (AIOSEO) 4.9.6.2\" \/>\n\t\t<meta property=\"og:locale\" content=\"es_ES\" \/>\n\t\t<meta property=\"og:site_name\" content=\"Cand\u00e1s 365\" \/>\n\t\t<meta property=\"og:type\" content=\"article\" \/>\n\t\t<meta property=\"og:title\" content=\"Presentado el programa \u201cEscuelas conectadas\u201d | Cand\u00e1s 365\" \/>\n\t\t<meta property=\"og:description\" content=\"Unos 90.000 alumnos de 391 centros educativos p\u00fablicos asturianos tendr\u00e1n conexi\u00f3n a internet mediante tecnolog\u00edas de banda ancha ultrarr\u00e1pida este a\u00f1o. El consejero de Empleo, Industria y Turismo, Isaac Pola, y el ministro de Energ\u00eda, Turismo y Agenda Digital, \u00c1lvaro Nadal, han presentado hoy en el Instituto de Ense\u00f1anza Secundaria (IES) de Infiesto el desarrollo\" \/>\n\t\t<meta property=\"og:url\" content=\"https:\/\/candas365.es\/noticias\/presentado-el-programa-escuelas-conectadas\/\" \/>\n\t\t<meta property=\"og:image\" content=\"https:\/\/candas365.es\/noticias\/wp-content\/uploads\/2018\/05\/pesentacion-proyecto-escuelas-conectadas.jpg\" \/>\n\t\t<meta property=\"og:image:secure_url\" content=\"https:\/\/candas365.es\/noticias\/wp-content\/uploads\/2018\/05\/pesentacion-proyecto-escuelas-conectadas.jpg\" \/>\n\t\t<meta property=\"og:image:width\" content=\"1280\" \/>\n\t\t<meta property=\"og:image:height\" content=\"824\" \/>\n\t\t<meta property=\"article:published_time\" content=\"2018-05-17T13:09:55+00:00\" \/>\n\t\t<meta property=\"article:modified_time\" content=\"2018-05-19T06:18:08+00:00\" \/>\n\t\t<meta property=\"article:publisher\" content=\"https:\/\/www.facebook.com\/Nachofdezber\" \/>\n\t\t<meta property=\"article:author\" content=\"https:\/\/www.facebook.com\/carrenoactualidad\" \/>\n\t\t<meta name=\"twitter:card\" content=\"summary_large_image\" \/>\n\t\t<meta name=\"twitter:site\" content=\"@NabercoDigital\" \/>\n\t\t<meta name=\"twitter:title\" content=\"Presentado el programa \u201cEscuelas conectadas\u201d | Cand\u00e1s 365\" \/>\n\t\t<meta name=\"twitter:description\" content=\"Unos 90.000 alumnos de 391 centros educativos p\u00fablicos asturianos tendr\u00e1n conexi\u00f3n a internet mediante tecnolog\u00edas de banda ancha ultrarr\u00e1pida este a\u00f1o. El consejero de Empleo, Industria y Turismo, Isaac Pola, y el ministro de Energ\u00eda, Turismo y Agenda Digital, \u00c1lvaro Nadal, han presentado hoy en el Instituto de Ense\u00f1anza Secundaria (IES) de Infiesto el desarrollo\" \/>\n\t\t<meta name=\"twitter:creator\" content=\"@nbasturias\" \/>\n\t\t<meta name=\"twitter:image\" content=\"https:\/\/candas365.es\/noticias\/wp-content\/uploads\/2018\/05\/pesentacion-proyecto-escuelas-conectadas.jpg\" \/>\n\t\t<meta name=\"twitter:label1\" content=\"Escrito por\" \/>\n\t\t<meta name=\"twitter:data1\" content=\"Cand\u00e1s 365\" \/>\n\t\t<meta name=\"twitter:label2\" content=\"Tiempo de lectura estimado\" \/>\n\t\t<meta name=\"twitter:data2\" content=\"4 minutos\" \/>\n\t\t<script type=\"application\/ld+json\" class=\"aioseo-schema\">\n\t\t\t{\"@context\":\"https:\\\/\\\/schema.org\",\"@graph\":[{\"@type\":\"BreadcrumbList\",\"@id\":\"https:\\\/\\\/candas365.es\\\/noticias\\\/presentado-el-programa-escuelas-conectadas\\\/#breadcrumblist\",\"itemListElement\":[{\"@type\":\"ListItem\",\"@id\":\"https:\\\/\\\/candas365.es\\\/noticias#listItem\",\"position\":1,\"name\":\"Home\",\"item\":\"https:\\\/\\\/candas365.es\\\/noticias\",\"nextItem\":{\"@type\":\"ListItem\",\"@id\":\"https:\\\/\\\/candas365.es\\\/noticias\\\/category\\\/asturias\\\/#listItem\",\"name\":\"Asturias\"}},{\"@type\":\"ListItem\",\"@id\":\"https:\\\/\\\/candas365.es\\\/noticias\\\/category\\\/asturias\\\/#listItem\",\"position\":2,\"name\":\"Asturias\",\"item\":\"https:\\\/\\\/candas365.es\\\/noticias\\\/category\\\/asturias\\\/\",\"nextItem\":{\"@type\":\"ListItem\",\"@id\":\"https:\\\/\\\/candas365.es\\\/noticias\\\/presentado-el-programa-escuelas-conectadas\\\/#listItem\",\"name\":\"Presentado el programa \\u201cEscuelas conectadas\\u201d\"},\"previousItem\":{\"@type\":\"ListItem\",\"@id\":\"https:\\\/\\\/candas365.es\\\/noticias#listItem\",\"name\":\"Home\"}},{\"@type\":\"ListItem\",\"@id\":\"https:\\\/\\\/candas365.es\\\/noticias\\\/presentado-el-programa-escuelas-conectadas\\\/#listItem\",\"position\":3,\"name\":\"Presentado el programa \\u201cEscuelas conectadas\\u201d\",\"previousItem\":{\"@type\":\"ListItem\",\"@id\":\"https:\\\/\\\/candas365.es\\\/noticias\\\/category\\\/asturias\\\/#listItem\",\"name\":\"Asturias\"}}]},{\"@type\":\"NewsArticle\",\"@id\":\"https:\\\/\\\/candas365.es\\\/noticias\\\/presentado-el-programa-escuelas-conectadas\\\/#newsarticle\",\"name\":\"Presentado el programa \\u201cEscuelas conectadas\\u201d | Cand\\u00e1s 365\",\"headline\":\"Presentado el programa \\u201cEscuelas conectadas\\u201d\",\"author\":{\"@id\":\"https:\\\/\\\/candas365.es\\\/noticias\\\/author\\\/admin\\\/#author\"},\"publisher\":{\"@id\":\"https:\\\/\\\/candas365.es\\\/noticias\\\/#organization\"},\"image\":{\"@type\":\"ImageObject\",\"url\":\"https:\\\/\\\/candas365.es\\\/noticias\\\/wp-content\\\/uploads\\\/2018\\\/05\\\/pesentacion-proyecto-escuelas-conectadas.jpg\",\"width\":1280,\"height\":824},\"datePublished\":\"2018-05-17T13:09:55+02:00\",\"dateModified\":\"2018-05-19T06:18:08+02:00\",\"inLanguage\":\"es-ES\",\"mainEntityOfPage\":{\"@id\":\"https:\\\/\\\/candas365.es\\\/noticias\\\/presentado-el-programa-escuelas-conectadas\\\/#webpage\"},\"isPartOf\":{\"@id\":\"https:\\\/\\\/candas365.es\\\/noticias\\\/presentado-el-programa-escuelas-conectadas\\\/#webpage\"},\"articleSection\":\"Asturias\",\"dateline\":\"Publicado el mayo 17, 2018.\"},{\"@type\":\"Organization\",\"@id\":\"https:\\\/\\\/candas365.es\\\/noticias\\\/#organization\",\"name\":\"Cand\\u00e1s 365\",\"description\":\"Cand\\u00e1s 365 es un diario digital independiente, fundado en 2012, con base en Asturias. Informamos con rigor sobre actualidad, sociedad, cultura y ocio, con una mirada local y global.\",\"url\":\"https:\\\/\\\/candas365.es\\\/noticias\\\/\",\"email\":\"info@candas365.es\",\"telephone\":\"+34652131393\",\"foundingDate\":\"2012-06-10\",\"logo\":{\"@type\":\"ImageObject\",\"url\":\"https:\\\/\\\/candas365.es\\\/noticias\\\/wp-content\\\/uploads\\\/2024\\\/09\\\/Candas-365-Redes.jpg\",\"@id\":\"https:\\\/\\\/candas365.es\\\/noticias\\\/presentado-el-programa-escuelas-conectadas\\\/#organizationLogo\",\"width\":1152,\"height\":864,\"caption\":\"Cand\\u00e1s 365 Redes\"},\"image\":{\"@id\":\"https:\\\/\\\/candas365.es\\\/noticias\\\/presentado-el-programa-escuelas-conectadas\\\/#organizationLogo\"},\"sameAs\":[\"https:\\\/\\\/www.facebook.com\\\/Nachofdezber\",\"https:\\\/\\\/x.com\\\/NabercoDigital\",\"https:\\\/\\\/www.instagram.com\\\/nachofdezber\\\/\",\"https:\\\/\\\/www.youtube.com\\\/channel\\\/UCZP-2wLEB9Rv6erhFmqVnvg\"],\"address\":{\"@id\":\"https:\\\/\\\/candas365.es\\\/noticias\\\/#postaladdress\",\"@type\":\"PostalAddress\",\"streetAddress\":\"san antonio 4, san antonio 4\",\"postalCode\":\"33430\",\"addressLocality\":\"Cand\\u00e1s\",\"addressRegion\":\"Asturias\",\"addressCountry\":\"ES\"}},{\"@type\":\"Person\",\"@id\":\"https:\\\/\\\/candas365.es\\\/noticias\\\/author\\\/admin\\\/#author\",\"url\":\"https:\\\/\\\/candas365.es\\\/noticias\\\/author\\\/admin\\\/\",\"name\":\"Cand\\u00e1s 365\",\"image\":{\"@type\":\"ImageObject\",\"@id\":\"https:\\\/\\\/candas365.es\\\/noticias\\\/presentado-el-programa-escuelas-conectadas\\\/#authorImage\",\"url\":\"https:\\\/\\\/secure.gravatar.com\\\/avatar\\\/496a8e03d0c493ede1718b7934145dbdf8d89be1036b0eec9544e1094c9de390?s=96&d=mm&r=g\",\"width\":96,\"height\":96,\"caption\":\"Cand\\u00e1s 365\"},\"sameAs\":[\"https:\\\/\\\/www.facebook.com\\\/carrenoactualidad\",\"https:\\\/\\\/twitter.com\\\/nbasturias\",\"https:\\\/\\\/www.instagram.com\\\/nachofdezber\\\/\",\"https:\\\/\\\/www.youtube.com\\\/channel\\\/UCZP-2wLEB9Rv6erhFmqVnvg\"]},{\"@type\":\"WebPage\",\"@id\":\"https:\\\/\\\/candas365.es\\\/noticias\\\/presentado-el-programa-escuelas-conectadas\\\/#webpage\",\"url\":\"https:\\\/\\\/candas365.es\\\/noticias\\\/presentado-el-programa-escuelas-conectadas\\\/\",\"name\":\"Presentado el programa \\u201cEscuelas conectadas\\u201d | Cand\\u00e1s 365\",\"description\":\"Unos 90.000 alumnos de 391 centros educativos p\\u00fablicos asturianos tendr\\u00e1n conexi\\u00f3n a internet mediante tecnolog\\u00edas de banda ancha ultrarr\\u00e1pida este a\\u00f1o. El consejero de Empleo, Industria y Turismo, Isaac Pola, y el ministro de Energ\\u00eda, Turismo y Agenda Digital, \\u00c1lvaro Nadal, han presentado hoy en el Instituto de Ense\\u00f1anza Secundaria (IES) de Infiesto el desarrollo\",\"inLanguage\":\"es-ES\",\"isPartOf\":{\"@id\":\"https:\\\/\\\/candas365.es\\\/noticias\\\/#website\"},\"breadcrumb\":{\"@id\":\"https:\\\/\\\/candas365.es\\\/noticias\\\/presentado-el-programa-escuelas-conectadas\\\/#breadcrumblist\"},\"author\":{\"@id\":\"https:\\\/\\\/candas365.es\\\/noticias\\\/author\\\/admin\\\/#author\"},\"creator\":{\"@id\":\"https:\\\/\\\/candas365.es\\\/noticias\\\/author\\\/admin\\\/#author\"},\"image\":{\"@type\":\"ImageObject\",\"url\":\"https:\\\/\\\/candas365.es\\\/noticias\\\/wp-content\\\/uploads\\\/2018\\\/05\\\/pesentacion-proyecto-escuelas-conectadas.jpg\",\"@id\":\"https:\\\/\\\/candas365.es\\\/noticias\\\/presentado-el-programa-escuelas-conectadas\\\/#mainImage\",\"width\":1280,\"height\":824},\"primaryImageOfPage\":{\"@id\":\"https:\\\/\\\/candas365.es\\\/noticias\\\/presentado-el-programa-escuelas-conectadas\\\/#mainImage\"},\"datePublished\":\"2018-05-17T13:09:55+02:00\",\"dateModified\":\"2018-05-19T06:18:08+02:00\"},{\"@type\":\"WebSite\",\"@id\":\"https:\\\/\\\/candas365.es\\\/noticias\\\/#website\",\"url\":\"https:\\\/\\\/candas365.es\\\/noticias\\\/\",\"name\":\"Cand\\u00e1s 365\",\"alternateName\":\"Cand\\u00e1s 365 Noticias\",\"description\":\"Actualidad desde Carre\\u00f1o para el mundo\",\"inLanguage\":\"es-ES\",\"publisher\":{\"@id\":\"https:\\\/\\\/candas365.es\\\/noticias\\\/#organization\"}}]}\n\t\t<\/script>\n\t\t<!-- All in One SEO Pro -->\r\n\t\t<title>Presentado el programa \u201cEscuelas conectadas\u201d | Cand\u00e1s 365<\/title>\n\n","aioseo_head_json":{"title":"Presentado el programa \u201cEscuelas conectadas\u201d | Cand\u00e1s 365","description":"Unos 90.000 alumnos de 391 centros educativos p\u00fablicos asturianos tendr\u00e1n conexi\u00f3n a internet mediante tecnolog\u00edas de banda ancha ultrarr\u00e1pida este a\u00f1o. El consejero de Empleo, Industria y Turismo, Isaac Pola, y el ministro de Energ\u00eda, Turismo y Agenda Digital, \u00c1lvaro Nadal, han presentado hoy en el Instituto de Ense\u00f1anza Secundaria (IES) de Infiesto el desarrollo","canonical_url":"https:\/\/candas365.es\/noticias\/presentado-el-programa-escuelas-conectadas\/","robots":"max-image-preview:large","keywords":"asturias","webmasterTools":{"google-site-verification":"UA-32230408-1","msvalidate.01":"354F3CDFB2DA171B47FBE9ABF1F88D5","miscellaneous":""},"schema":{"@context":"https:\/\/schema.org","@graph":[{"@type":"BreadcrumbList","@id":"https:\/\/candas365.es\/noticias\/presentado-el-programa-escuelas-conectadas\/#breadcrumblist","itemListElement":[{"@type":"ListItem","@id":"https:\/\/candas365.es\/noticias#listItem","position":1,"name":"Home","item":"https:\/\/candas365.es\/noticias","nextItem":{"@type":"ListItem","@id":"https:\/\/candas365.es\/noticias\/category\/asturias\/#listItem","name":"Asturias"}},{"@type":"ListItem","@id":"https:\/\/candas365.es\/noticias\/category\/asturias\/#listItem","position":2,"name":"Asturias","item":"https:\/\/candas365.es\/noticias\/category\/asturias\/","nextItem":{"@type":"ListItem","@id":"https:\/\/candas365.es\/noticias\/presentado-el-programa-escuelas-conectadas\/#listItem","name":"Presentado el programa \u201cEscuelas conectadas\u201d"},"previousItem":{"@type":"ListItem","@id":"https:\/\/candas365.es\/noticias#listItem","name":"Home"}},{"@type":"ListItem","@id":"https:\/\/candas365.es\/noticias\/presentado-el-programa-escuelas-conectadas\/#listItem","position":3,"name":"Presentado el programa \u201cEscuelas conectadas\u201d","previousItem":{"@type":"ListItem","@id":"https:\/\/candas365.es\/noticias\/category\/asturias\/#listItem","name":"Asturias"}}]},{"@type":"NewsArticle","@id":"https:\/\/candas365.es\/noticias\/presentado-el-programa-escuelas-conectadas\/#newsarticle","name":"Presentado el programa \u201cEscuelas conectadas\u201d | Cand\u00e1s 365","headline":"Presentado el programa \u201cEscuelas conectadas\u201d","author":{"@id":"https:\/\/candas365.es\/noticias\/author\/admin\/#author"},"publisher":{"@id":"https:\/\/candas365.es\/noticias\/#organization"},"image":{"@type":"ImageObject","url":"https:\/\/candas365.es\/noticias\/wp-content\/uploads\/2018\/05\/pesentacion-proyecto-escuelas-conectadas.jpg","width":1280,"height":824},"datePublished":"2018-05-17T13:09:55+02:00","dateModified":"2018-05-19T06:18:08+02:00","inLanguage":"es-ES","mainEntityOfPage":{"@id":"https:\/\/candas365.es\/noticias\/presentado-el-programa-escuelas-conectadas\/#webpage"},"isPartOf":{"@id":"https:\/\/candas365.es\/noticias\/presentado-el-programa-escuelas-conectadas\/#webpage"},"articleSection":"Asturias","dateline":"Publicado el mayo 17, 2018."},{"@type":"Organization","@id":"https:\/\/candas365.es\/noticias\/#organization","name":"Cand\u00e1s 365","description":"Cand\u00e1s 365 es un diario digital independiente, fundado en 2012, con base en Asturias. Informamos con rigor sobre actualidad, sociedad, cultura y ocio, con una mirada local y global.","url":"https:\/\/candas365.es\/noticias\/","email":"info@candas365.es","telephone":"+34652131393","foundingDate":"2012-06-10","logo":{"@type":"ImageObject","url":"https:\/\/candas365.es\/noticias\/wp-content\/uploads\/2024\/09\/Candas-365-Redes.jpg","@id":"https:\/\/candas365.es\/noticias\/presentado-el-programa-escuelas-conectadas\/#organizationLogo","width":1152,"height":864,"caption":"Cand\u00e1s 365 Redes"},"image":{"@id":"https:\/\/candas365.es\/noticias\/presentado-el-programa-escuelas-conectadas\/#organizationLogo"},"sameAs":["https:\/\/www.facebook.com\/Nachofdezber","https:\/\/x.com\/NabercoDigital","https:\/\/www.instagram.com\/nachofdezber\/","https:\/\/www.youtube.com\/channel\/UCZP-2wLEB9Rv6erhFmqVnvg"],"address":{"@id":"https:\/\/candas365.es\/noticias\/#postaladdress","@type":"PostalAddress","streetAddress":"san antonio 4, san antonio 4","postalCode":"33430","addressLocality":"Cand\u00e1s","addressRegion":"Asturias","addressCountry":"ES"}},{"@type":"Person","@id":"https:\/\/candas365.es\/noticias\/author\/admin\/#author","url":"https:\/\/candas365.es\/noticias\/author\/admin\/","name":"Cand\u00e1s 365","image":{"@type":"ImageObject","@id":"https:\/\/candas365.es\/noticias\/presentado-el-programa-escuelas-conectadas\/#authorImage","url":"https:\/\/secure.gravatar.com\/avatar\/496a8e03d0c493ede1718b7934145dbdf8d89be1036b0eec9544e1094c9de390?s=96&d=mm&r=g","width":96,"height":96,"caption":"Cand\u00e1s 365"},"sameAs":["https:\/\/www.facebook.com\/carrenoactualidad","https:\/\/twitter.com\/nbasturias","https:\/\/www.instagram.com\/nachofdezber\/","https:\/\/www.youtube.com\/channel\/UCZP-2wLEB9Rv6erhFmqVnvg"]},{"@type":"WebPage","@id":"https:\/\/candas365.es\/noticias\/presentado-el-programa-escuelas-conectadas\/#webpage","url":"https:\/\/candas365.es\/noticias\/presentado-el-programa-escuelas-conectadas\/","name":"Presentado el programa \u201cEscuelas conectadas\u201d | Cand\u00e1s 365","description":"Unos 90.000 alumnos de 391 centros educativos p\u00fablicos asturianos tendr\u00e1n conexi\u00f3n a internet mediante tecnolog\u00edas de banda ancha ultrarr\u00e1pida este a\u00f1o. El consejero de Empleo, Industria y Turismo, Isaac Pola, y el ministro de Energ\u00eda, Turismo y Agenda Digital, \u00c1lvaro Nadal, han presentado hoy en el Instituto de Ense\u00f1anza Secundaria (IES) de Infiesto el desarrollo","inLanguage":"es-ES","isPartOf":{"@id":"https:\/\/candas365.es\/noticias\/#website"},"breadcrumb":{"@id":"https:\/\/candas365.es\/noticias\/presentado-el-programa-escuelas-conectadas\/#breadcrumblist"},"author":{"@id":"https:\/\/candas365.es\/noticias\/author\/admin\/#author"},"creator":{"@id":"https:\/\/candas365.es\/noticias\/author\/admin\/#author"},"image":{"@type":"ImageObject","url":"https:\/\/candas365.es\/noticias\/wp-content\/uploads\/2018\/05\/pesentacion-proyecto-escuelas-conectadas.jpg","@id":"https:\/\/candas365.es\/noticias\/presentado-el-programa-escuelas-conectadas\/#mainImage","width":1280,"height":824},"primaryImageOfPage":{"@id":"https:\/\/candas365.es\/noticias\/presentado-el-programa-escuelas-conectadas\/#mainImage"},"datePublished":"2018-05-17T13:09:55+02:00","dateModified":"2018-05-19T06:18:08+02:00"},{"@type":"WebSite","@id":"https:\/\/candas365.es\/noticias\/#website","url":"https:\/\/candas365.es\/noticias\/","name":"Cand\u00e1s 365","alternateName":"Cand\u00e1s 365 Noticias","description":"Actualidad desde Carre\u00f1o para el mundo","inLanguage":"es-ES","publisher":{"@id":"https:\/\/candas365.es\/noticias\/#organization"}}]},"og:locale":"es_ES","og:site_name":"Cand\u00e1s 365","og:type":"article","og:title":"Presentado el programa \u201cEscuelas conectadas\u201d | Cand\u00e1s 365","og:description":"Unos 90.000 alumnos de 391 centros educativos p\u00fablicos asturianos tendr\u00e1n conexi\u00f3n a internet mediante tecnolog\u00edas de banda ancha ultrarr\u00e1pida este a\u00f1o. El consejero de Empleo, Industria y Turismo, Isaac Pola, y el ministro de Energ\u00eda, Turismo y Agenda Digital, \u00c1lvaro Nadal, han presentado hoy en el Instituto de Ense\u00f1anza Secundaria (IES) de Infiesto el desarrollo","og:url":"https:\/\/candas365.es\/noticias\/presentado-el-programa-escuelas-conectadas\/","og:image":"https:\/\/candas365.es\/noticias\/wp-content\/uploads\/2018\/05\/pesentacion-proyecto-escuelas-conectadas.jpg","og:image:secure_url":"https:\/\/candas365.es\/noticias\/wp-content\/uploads\/2018\/05\/pesentacion-proyecto-escuelas-conectadas.jpg","og:image:width":1280,"og:image:height":824,"article:published_time":"2018-05-17T13:09:55+00:00","article:modified_time":"2018-05-19T06:18:08+00:00","article:publisher":"https:\/\/www.facebook.com\/Nachofdezber","article:author":"https:\/\/www.facebook.com\/carrenoactualidad","twitter:card":"summary_large_image","twitter:site":"@NabercoDigital","twitter:title":"Presentado el programa \u201cEscuelas conectadas\u201d | Cand\u00e1s 365","twitter:description":"Unos 90.000 alumnos de 391 centros educativos p\u00fablicos asturianos tendr\u00e1n conexi\u00f3n a internet mediante tecnolog\u00edas de banda ancha ultrarr\u00e1pida este a\u00f1o. El consejero de Empleo, Industria y Turismo, Isaac Pola, y el ministro de Energ\u00eda, Turismo y Agenda Digital, \u00c1lvaro Nadal, han presentado hoy en el Instituto de Ense\u00f1anza Secundaria (IES) de Infiesto el desarrollo","twitter:creator":"@nbasturias","twitter:image":"https:\/\/candas365.es\/noticias\/wp-content\/uploads\/2018\/05\/pesentacion-proyecto-escuelas-conectadas.jpg","twitter:label1":"Escrito por","twitter:data1":"Cand\u00e1s 365","twitter:label2":"Tiempo de lectura estimado","twitter:data2":"4 minutos"},"aioseo_meta_data":{"post_id":"95884","title":null,"description":null,"keywords":null,"keyphrases":null,"primary_term":null,"canonical_url":null,"og_title":null,"og_description":null,"og_object_type":"default","og_image_type":"default","og_image_url":null,"og_image_width":null,"og_image_height":null,"og_image_custom_url":null,"og_image_custom_fields":null,"og_video":null,"og_custom_url":null,"og_article_section":null,"og_article_tags":null,"twitter_use_og":false,"twitter_card":"default","twitter_image_type":"default","twitter_image_url":null,"twitter_image_custom_url":null,"twitter_image_custom_fields":null,"twitter_title":null,"twitter_description":null,"schema":{"blockGraphs":[],"customGraphs":[],"default":{"data":{"Article":[],"Course":[],"Dataset":[],"FAQPage":[],"Movie":[],"Person":[],"Product":[],"ProductReview":[],"Car":[],"Recipe":[],"Service":[],"SoftwareApplication":[],"WebPage":[]},"graphName":"","isEnabled":true},"graphs":[],"defaultGraph":"","defaultPostTypeGraph":""},"schema_type":null,"schema_type_options":null,"pillar_content":false,"robots_default":true,"robots_noindex":false,"robots_noarchive":false,"robots_nosnippet":false,"robots_nofollow":false,"robots_noimageindex":false,"robots_noodp":false,"robots_notranslate":false,"robots_max_snippet":null,"robots_max_videopreview":null,"robots_max_imagepreview":"large","priority":null,"frequency":null,"location":null,"local_seo":null,"seo_analyzer_scan_date":"2025-08-26 21:08:14","breadcrumb_settings":null,"limit_modified_date":false,"reviewed_by":null,"open_ai":null,"ai":null,"created":"2020-12-21 11:51:58","updated":"2025-08-26 21:08:14"},"aioseo_breadcrumb":"<div class=\"aioseo-breadcrumbs\"><span class=\"aioseo-breadcrumb\">\n\t<a href=\"https:\/\/candas365.es\/noticias\" title=\"Home\">Home<\/a>\n<\/span><span class=\"aioseo-breadcrumb-separator\">&ndash;<\/span><span class=\"aioseo-breadcrumb\">\n\t<a href=\"https:\/\/candas365.es\/noticias\/category\/asturias\/\" title=\"Asturias\">Asturias<\/a>\n<\/span><span class=\"aioseo-breadcrumb-separator\">&ndash;<\/span><span class=\"aioseo-breadcrumb\">\n\tPresentado el programa \u201cEscuelas conectadas\u201d\n<\/span><\/div>","aioseo_breadcrumb_json":[{"label":"Home","link":"https:\/\/candas365.es\/noticias"},{"label":"Asturias","link":"https:\/\/candas365.es\/noticias\/category\/asturias\/"},{"label":"Presentado el programa \u201cEscuelas conectadas\u201d","link":"https:\/\/candas365.es\/noticias\/presentado-el-programa-escuelas-conectadas\/"}],"_links":{"self":[{"href":"https:\/\/candas365.es\/noticias\/wp-json\/wp\/v2\/posts\/95884","targetHints":{"allow":["GET"]}}],"collection":[{"href":"https:\/\/candas365.es\/noticias\/wp-json\/wp\/v2\/posts"}],"about":[{"href":"https:\/\/candas365.es\/noticias\/wp-json\/wp\/v2\/types\/post"}],"author":[{"embeddable":true,"href":"https:\/\/candas365.es\/noticias\/wp-json\/wp\/v2\/users\/1"}],"replies":[{"embeddable":true,"href":"https:\/\/candas365.es\/noticias\/wp-json\/wp\/v2\/comments?post=95884"}],"version-history":[{"count":0,"href":"https:\/\/candas365.es\/noticias\/wp-json\/wp\/v2\/posts\/95884\/revisions"}],"wp:featuredmedia":[{"embeddable":true,"href":"https:\/\/candas365.es\/noticias\/wp-json\/wp\/v2\/media\/95885"}],"wp:attachment":[{"href":"https:\/\/candas365.es\/noticias\/wp-json\/wp\/v2\/media?parent=95884"}],"wp:term":[{"taxonomy":"category","embeddable":true,"href":"https:\/\/candas365.es\/noticias\/wp-json\/wp\/v2\/categories?post=95884"},{"taxonomy":"post_tag","embeddable":true,"href":"https:\/\/candas365.es\/noticias\/wp-json\/wp\/v2\/tags?post=95884"}],"curies":[{"name":"wp","href":"https:\/\/api.w.org\/{rel}","templated":true}]}}