{"id":95768,"date":"2018-05-15T12:26:29","date_gmt":"2018-05-15T12:26:29","guid":{"rendered":"http:\/\/candas365.es\/noticias\/?p=95768"},"modified":"2018-05-15T12:26:29","modified_gmt":"2018-05-15T12:26:29","slug":"el-muja-y-el-centro-tito-bustillo-celebran-el-dia-de-los-museos","status":"publish","type":"post","link":"https:\/\/candas365.es\/noticias\/el-muja-y-el-centro-tito-bustillo-celebran-el-dia-de-los-museos\/","title":{"rendered":"El MUJA y el Centro Tito Bustillo celebran el D\u00eda de los Museos"},"content":{"rendered":"<p><img fetchpriority=\"high\" decoding=\"async\" class=\"alignleft size-medium wp-image-94560\" src=\"https:\/\/candas365.es\/noticias\/wp-content\/uploads\/2018\/04\/MUJA-360x240.jpg\" alt=\"\" width=\"360\" height=\"240\" srcset=\"https:\/\/candas365.es\/noticias\/wp-content\/uploads\/2018\/04\/MUJA-360x240.jpg 360w, https:\/\/candas365.es\/noticias\/wp-content\/uploads\/2018\/04\/MUJA-768x512.jpg 768w, https:\/\/candas365.es\/noticias\/wp-content\/uploads\/2018\/04\/MUJA-655x436.jpg 655w, https:\/\/candas365.es\/noticias\/wp-content\/uploads\/2018\/04\/MUJA-696x464.jpg 696w, https:\/\/candas365.es\/noticias\/wp-content\/uploads\/2018\/04\/MUJA-1068x712.jpg 1068w, https:\/\/candas365.es\/noticias\/wp-content\/uploads\/2018\/04\/MUJA-630x420.jpg 630w, https:\/\/candas365.es\/noticias\/wp-content\/uploads\/2018\/04\/MUJA.jpg 1280w\" sizes=\"(max-width: 360px) 100vw, 360px\" \/>El Museo del Jur\u00e1sico de Asturias (MUJA) y el Centro de Arte Rupestre de Tito Bustillo celebran el D\u00eda de los Museos con jornadas de puertas abiertas y actividades gratuitas los d\u00edas 18, 19 y 20 de mayo.<\/p>\n<p>El p\u00fablico podr\u00e1 visitar gratuitamente y de forma libre el MUJA durante estas tres jornadas para conocer el fascinante mundo de los dinosaurios. El fin de semana el p\u00fablico infantil de 4 a 11 a\u00f1os se pondr\u00e1 \u201cEn la piel de un dinosaurio\u201d a las 11:30 horas, se convertir\u00e1 en \u201cPaleont\u00f3logo por un d\u00eda\u201d a las 16:30 h. o descubrir\u00e1 c\u00f3mo se produce una \u201cErupci\u00f3n volc\u00e1nica\u201d a las 17:30 h. en los microtalleres jur\u00e1sicos, de 30 minutos de duraci\u00f3n. El p\u00fablico familiar tendr\u00e1 la oportunidad de observar las huellas que dejaban los diferentes tipos de dinosaurios que vivieron en la Asturias jur\u00e1sica este fin de semana en el microtaller \u201cConociendo la Costa de los Dinosaurios\u201d a las 12:30 h.<\/p>\n<p>El s\u00e1bado y el domingo habr\u00e1 visitas a laboratorios y litotecas con el equipo cient\u00edfico del MUJA a las 11:30 horas, con las plazas ya agotadas, y durante las tres jornadas se proyectar\u00e1 de forma continuada en el Auditorio el programa La aventura del saber que Televisi\u00f3n Espa\u00f1ola realiz\u00f3 sobre el Museo.<\/p>\n<p>El p\u00fablico que se acerque al Centro Tito Bustillo podr\u00e1 disfrutar de visitas y actividades gratuitas del 18 al 20 de mayo. As\u00ed pueden conocer cu\u00e1ndo se produjo el descubrimiento de la cueva de Tito Bustillo o qui\u00e9nes la habitaron en un recorrido por la exposici\u00f3n permanente el 18 de mayo, a las 17:00 horas, y el 19 y 20 de mayo, a las 13:00 y 17:30 horas.<\/p>\n<p>El fin de semana el p\u00fablico infantil de 4 a 11 a\u00f1os experimentar\u00e1 a las 12:00 horas con aer\u00f3grafos, pigmentos y piedras de colores en el taller \u201cPrehistoria para peques\u201d y el p\u00fablico familiar con ni\u00f1os a partir de 6 a\u00f1os analizar\u00e1 los materiales utilizados en el Paleol\u00edtico en el \u201cLaboratorio arqueol\u00f3gico\u201d a las 16:30 h.<\/p>\n<p>La entrada a la exposici\u00f3n permanente del MUJA y del Centro Tito Bustillo y las actividades, con plazas limitadas, son gratuitas y sin reserva previa los d\u00edas 18, 19 y 20 de mayo. Las plazas para los talleres se asignan por riguroso orden de llegada.<\/p>\n","protected":false},"excerpt":{"rendered":"<p>El Museo del Jur\u00e1sico de Asturias (MUJA) y el Centro de Arte Rupestre de Tito Bustillo celebran el D\u00eda de los Museos con jornadas de puertas abiertas y actividades gratuitas los d\u00edas 18, 19 y 20 de mayo. El p\u00fablico podr\u00e1 visitar gratuitamente y de forma libre el MUJA durante estas tres jornadas para conocer<\/p>\n","protected":false},"author":1,"featured_media":94560,"comment_status":"closed","ping_status":"closed","sticky":false,"template":"","format":"standard","meta":{"footnotes":""},"categories":[1],"tags":[],"class_list":{"0":"post-95768","1":"post","2":"type-post","3":"status-publish","4":"format-standard","5":"has-post-thumbnail","7":"category-agenda"},"aioseo_notices":[],"aioseo_head":"\n\t\t<!-- All in One SEO Pro 4.9.6.2 - aioseo.com -->\n\t<meta name=\"description\" content=\"El Museo del Jur\u00e1sico de Asturias (MUJA) y el Centro de Arte Rupestre de Tito Bustillo celebran el D\u00eda de los Museos con jornadas de puertas abiertas y actividades gratuitas los d\u00edas 18, 19 y 20 de mayo. El p\u00fablico podr\u00e1 visitar gratuitamente y de forma libre el MUJA durante estas tres jornadas para conocer\" \/>\n\t<meta name=\"robots\" content=\"max-image-preview:large\" \/>\n\t<meta name=\"author\" content=\"Cand\u00e1s 365\"\/>\n\t<meta name=\"google-site-verification\" content=\"UA-32230408-1\" \/>\n\t<meta name=\"msvalidate.01\" content=\"354F3CDFB2DA171B47FBE9ABF1F88D5\" \/>\n\t<meta name=\"keywords\" content=\"agenda\" \/>\n\t<link rel=\"canonical\" href=\"https:\/\/candas365.es\/noticias\/el-muja-y-el-centro-tito-bustillo-celebran-el-dia-de-los-museos\/\" \/>\n\t<meta name=\"generator\" content=\"All in One SEO Pro (AIOSEO) 4.9.6.2\" \/>\n\t\t<meta property=\"og:locale\" content=\"es_ES\" \/>\n\t\t<meta property=\"og:site_name\" content=\"Cand\u00e1s 365\" \/>\n\t\t<meta property=\"og:type\" content=\"article\" \/>\n\t\t<meta property=\"og:title\" content=\"El MUJA y el Centro Tito Bustillo celebran el D\u00eda de los Museos | Cand\u00e1s 365\" \/>\n\t\t<meta property=\"og:description\" content=\"El Museo del Jur\u00e1sico de Asturias (MUJA) y el Centro de Arte Rupestre de Tito Bustillo celebran el D\u00eda de los Museos con jornadas de puertas abiertas y actividades gratuitas los d\u00edas 18, 19 y 20 de mayo. El p\u00fablico podr\u00e1 visitar gratuitamente y de forma libre el MUJA durante estas tres jornadas para conocer\" \/>\n\t\t<meta property=\"og:url\" content=\"https:\/\/candas365.es\/noticias\/el-muja-y-el-centro-tito-bustillo-celebran-el-dia-de-los-museos\/\" \/>\n\t\t<meta property=\"og:image\" content=\"https:\/\/candas365.es\/noticias\/wp-content\/uploads\/2018\/04\/MUJA.jpg\" \/>\n\t\t<meta property=\"og:image:secure_url\" content=\"https:\/\/candas365.es\/noticias\/wp-content\/uploads\/2018\/04\/MUJA.jpg\" \/>\n\t\t<meta property=\"og:image:width\" content=\"1280\" \/>\n\t\t<meta property=\"og:image:height\" content=\"853\" \/>\n\t\t<meta property=\"article:published_time\" content=\"2018-05-15T12:26:29+00:00\" \/>\n\t\t<meta property=\"article:modified_time\" content=\"2018-05-15T12:26:29+00:00\" \/>\n\t\t<meta property=\"article:publisher\" content=\"https:\/\/www.facebook.com\/Nachofdezber\" \/>\n\t\t<meta property=\"article:author\" content=\"https:\/\/www.facebook.com\/carrenoactualidad\" \/>\n\t\t<meta name=\"twitter:card\" content=\"summary_large_image\" \/>\n\t\t<meta name=\"twitter:site\" content=\"@NabercoDigital\" \/>\n\t\t<meta name=\"twitter:title\" content=\"El MUJA y el Centro Tito Bustillo celebran el D\u00eda de los Museos | Cand\u00e1s 365\" \/>\n\t\t<meta name=\"twitter:description\" content=\"El Museo del Jur\u00e1sico de Asturias (MUJA) y el Centro de Arte Rupestre de Tito Bustillo celebran el D\u00eda de los Museos con jornadas de puertas abiertas y actividades gratuitas los d\u00edas 18, 19 y 20 de mayo. El p\u00fablico podr\u00e1 visitar gratuitamente y de forma libre el MUJA durante estas tres jornadas para conocer\" \/>\n\t\t<meta name=\"twitter:creator\" content=\"@nbasturias\" \/>\n\t\t<meta name=\"twitter:image\" content=\"https:\/\/candas365.es\/noticias\/wp-content\/uploads\/2018\/04\/MUJA.jpg\" \/>\n\t\t<meta name=\"twitter:label1\" content=\"Escrito por\" \/>\n\t\t<meta name=\"twitter:data1\" content=\"Cand\u00e1s 365\" \/>\n\t\t<meta name=\"twitter:label2\" content=\"Tiempo de lectura estimado\" \/>\n\t\t<meta name=\"twitter:data2\" content=\"2 minutos\" \/>\n\t\t<script type=\"application\/ld+json\" class=\"aioseo-schema\">\n\t\t\t{\"@context\":\"https:\\\/\\\/schema.org\",\"@graph\":[{\"@type\":\"BreadcrumbList\",\"@id\":\"https:\\\/\\\/candas365.es\\\/noticias\\\/el-muja-y-el-centro-tito-bustillo-celebran-el-dia-de-los-museos\\\/#breadcrumblist\",\"itemListElement\":[{\"@type\":\"ListItem\",\"@id\":\"https:\\\/\\\/candas365.es\\\/noticias#listItem\",\"position\":1,\"name\":\"Home\",\"item\":\"https:\\\/\\\/candas365.es\\\/noticias\",\"nextItem\":{\"@type\":\"ListItem\",\"@id\":\"https:\\\/\\\/candas365.es\\\/noticias\\\/category\\\/agenda\\\/#listItem\",\"name\":\"Agenda\"}},{\"@type\":\"ListItem\",\"@id\":\"https:\\\/\\\/candas365.es\\\/noticias\\\/category\\\/agenda\\\/#listItem\",\"position\":2,\"name\":\"Agenda\",\"item\":\"https:\\\/\\\/candas365.es\\\/noticias\\\/category\\\/agenda\\\/\",\"nextItem\":{\"@type\":\"ListItem\",\"@id\":\"https:\\\/\\\/candas365.es\\\/noticias\\\/el-muja-y-el-centro-tito-bustillo-celebran-el-dia-de-los-museos\\\/#listItem\",\"name\":\"El MUJA y el Centro Tito Bustillo celebran el D\\u00eda de los Museos\"},\"previousItem\":{\"@type\":\"ListItem\",\"@id\":\"https:\\\/\\\/candas365.es\\\/noticias#listItem\",\"name\":\"Home\"}},{\"@type\":\"ListItem\",\"@id\":\"https:\\\/\\\/candas365.es\\\/noticias\\\/el-muja-y-el-centro-tito-bustillo-celebran-el-dia-de-los-museos\\\/#listItem\",\"position\":3,\"name\":\"El MUJA y el Centro Tito Bustillo celebran el D\\u00eda de los Museos\",\"previousItem\":{\"@type\":\"ListItem\",\"@id\":\"https:\\\/\\\/candas365.es\\\/noticias\\\/category\\\/agenda\\\/#listItem\",\"name\":\"Agenda\"}}]},{\"@type\":\"NewsArticle\",\"@id\":\"https:\\\/\\\/candas365.es\\\/noticias\\\/el-muja-y-el-centro-tito-bustillo-celebran-el-dia-de-los-museos\\\/#newsarticle\",\"name\":\"El MUJA y el Centro Tito Bustillo celebran el D\\u00eda de los Museos | Cand\\u00e1s 365\",\"headline\":\"El MUJA y el Centro Tito Bustillo celebran el D\\u00eda de los Museos\",\"author\":{\"@id\":\"https:\\\/\\\/candas365.es\\\/noticias\\\/author\\\/admin\\\/#author\"},\"publisher\":{\"@id\":\"https:\\\/\\\/candas365.es\\\/noticias\\\/#organization\"},\"image\":{\"@type\":\"ImageObject\",\"url\":\"https:\\\/\\\/candas365.es\\\/noticias\\\/wp-content\\\/uploads\\\/2018\\\/04\\\/MUJA.jpg\",\"width\":1280,\"height\":853},\"datePublished\":\"2018-05-15T12:26:29+02:00\",\"dateModified\":\"2018-05-15T12:26:29+02:00\",\"inLanguage\":\"es-ES\",\"mainEntityOfPage\":{\"@id\":\"https:\\\/\\\/candas365.es\\\/noticias\\\/el-muja-y-el-centro-tito-bustillo-celebran-el-dia-de-los-museos\\\/#webpage\"},\"isPartOf\":{\"@id\":\"https:\\\/\\\/candas365.es\\\/noticias\\\/el-muja-y-el-centro-tito-bustillo-celebran-el-dia-de-los-museos\\\/#webpage\"},\"articleSection\":\"Agenda\",\"dateline\":\"Publicado el mayo 15, 2018.\"},{\"@type\":\"Organization\",\"@id\":\"https:\\\/\\\/candas365.es\\\/noticias\\\/#organization\",\"name\":\"Cand\\u00e1s 365\",\"description\":\"Cand\\u00e1s 365 es un diario digital independiente, fundado en 2012, con base en Asturias. Informamos con rigor sobre actualidad, sociedad, cultura y ocio, con una mirada local y global.\",\"url\":\"https:\\\/\\\/candas365.es\\\/noticias\\\/\",\"email\":\"info@candas365.es\",\"telephone\":\"+34652131393\",\"foundingDate\":\"2012-06-10\",\"logo\":{\"@type\":\"ImageObject\",\"url\":\"https:\\\/\\\/candas365.es\\\/noticias\\\/wp-content\\\/uploads\\\/2024\\\/09\\\/Candas-365-Redes.jpg\",\"@id\":\"https:\\\/\\\/candas365.es\\\/noticias\\\/el-muja-y-el-centro-tito-bustillo-celebran-el-dia-de-los-museos\\\/#organizationLogo\",\"width\":1152,\"height\":864,\"caption\":\"Cand\\u00e1s 365 Redes\"},\"image\":{\"@id\":\"https:\\\/\\\/candas365.es\\\/noticias\\\/el-muja-y-el-centro-tito-bustillo-celebran-el-dia-de-los-museos\\\/#organizationLogo\"},\"sameAs\":[\"https:\\\/\\\/www.facebook.com\\\/Nachofdezber\",\"https:\\\/\\\/x.com\\\/NabercoDigital\",\"https:\\\/\\\/www.instagram.com\\\/nachofdezber\\\/\",\"https:\\\/\\\/www.youtube.com\\\/channel\\\/UCZP-2wLEB9Rv6erhFmqVnvg\"],\"address\":{\"@id\":\"https:\\\/\\\/candas365.es\\\/noticias\\\/#postaladdress\",\"@type\":\"PostalAddress\",\"streetAddress\":\"san antonio 4, san antonio 4\",\"postalCode\":\"33430\",\"addressLocality\":\"Cand\\u00e1s\",\"addressRegion\":\"Asturias\",\"addressCountry\":\"ES\"}},{\"@type\":\"Person\",\"@id\":\"https:\\\/\\\/candas365.es\\\/noticias\\\/author\\\/admin\\\/#author\",\"url\":\"https:\\\/\\\/candas365.es\\\/noticias\\\/author\\\/admin\\\/\",\"name\":\"Cand\\u00e1s 365\",\"image\":{\"@type\":\"ImageObject\",\"@id\":\"https:\\\/\\\/candas365.es\\\/noticias\\\/el-muja-y-el-centro-tito-bustillo-celebran-el-dia-de-los-museos\\\/#authorImage\",\"url\":\"https:\\\/\\\/secure.gravatar.com\\\/avatar\\\/496a8e03d0c493ede1718b7934145dbdf8d89be1036b0eec9544e1094c9de390?s=96&d=mm&r=g\",\"width\":96,\"height\":96,\"caption\":\"Cand\\u00e1s 365\"},\"sameAs\":[\"https:\\\/\\\/www.facebook.com\\\/carrenoactualidad\",\"https:\\\/\\\/twitter.com\\\/nbasturias\",\"https:\\\/\\\/www.instagram.com\\\/nachofdezber\\\/\",\"https:\\\/\\\/www.youtube.com\\\/channel\\\/UCZP-2wLEB9Rv6erhFmqVnvg\"]},{\"@type\":\"WebPage\",\"@id\":\"https:\\\/\\\/candas365.es\\\/noticias\\\/el-muja-y-el-centro-tito-bustillo-celebran-el-dia-de-los-museos\\\/#webpage\",\"url\":\"https:\\\/\\\/candas365.es\\\/noticias\\\/el-muja-y-el-centro-tito-bustillo-celebran-el-dia-de-los-museos\\\/\",\"name\":\"El MUJA y el Centro Tito Bustillo celebran el D\\u00eda de los Museos | Cand\\u00e1s 365\",\"description\":\"El Museo del Jur\\u00e1sico de Asturias (MUJA) y el Centro de Arte Rupestre de Tito Bustillo celebran el D\\u00eda de los Museos con jornadas de puertas abiertas y actividades gratuitas los d\\u00edas 18, 19 y 20 de mayo. El p\\u00fablico podr\\u00e1 visitar gratuitamente y de forma libre el MUJA durante estas tres jornadas para conocer\",\"inLanguage\":\"es-ES\",\"isPartOf\":{\"@id\":\"https:\\\/\\\/candas365.es\\\/noticias\\\/#website\"},\"breadcrumb\":{\"@id\":\"https:\\\/\\\/candas365.es\\\/noticias\\\/el-muja-y-el-centro-tito-bustillo-celebran-el-dia-de-los-museos\\\/#breadcrumblist\"},\"author\":{\"@id\":\"https:\\\/\\\/candas365.es\\\/noticias\\\/author\\\/admin\\\/#author\"},\"creator\":{\"@id\":\"https:\\\/\\\/candas365.es\\\/noticias\\\/author\\\/admin\\\/#author\"},\"image\":{\"@type\":\"ImageObject\",\"url\":\"https:\\\/\\\/candas365.es\\\/noticias\\\/wp-content\\\/uploads\\\/2018\\\/04\\\/MUJA.jpg\",\"@id\":\"https:\\\/\\\/candas365.es\\\/noticias\\\/el-muja-y-el-centro-tito-bustillo-celebran-el-dia-de-los-museos\\\/#mainImage\",\"width\":1280,\"height\":853},\"primaryImageOfPage\":{\"@id\":\"https:\\\/\\\/candas365.es\\\/noticias\\\/el-muja-y-el-centro-tito-bustillo-celebran-el-dia-de-los-museos\\\/#mainImage\"},\"datePublished\":\"2018-05-15T12:26:29+02:00\",\"dateModified\":\"2018-05-15T12:26:29+02:00\"},{\"@type\":\"WebSite\",\"@id\":\"https:\\\/\\\/candas365.es\\\/noticias\\\/#website\",\"url\":\"https:\\\/\\\/candas365.es\\\/noticias\\\/\",\"name\":\"Cand\\u00e1s 365\",\"alternateName\":\"Cand\\u00e1s 365 Noticias\",\"description\":\"Actualidad desde Carre\\u00f1o para el mundo\",\"inLanguage\":\"es-ES\",\"publisher\":{\"@id\":\"https:\\\/\\\/candas365.es\\\/noticias\\\/#organization\"}}]}\n\t\t<\/script>\n\t\t<!-- All in One SEO Pro -->\r\n\t\t<title>El MUJA y el Centro Tito Bustillo celebran el D\u00eda de los Museos | Cand\u00e1s 365<\/title>\n\n","aioseo_head_json":{"title":"El MUJA y el Centro Tito Bustillo celebran el D\u00eda de los Museos | Cand\u00e1s 365","description":"El Museo del Jur\u00e1sico de Asturias (MUJA) y el Centro de Arte Rupestre de Tito Bustillo celebran el D\u00eda de los Museos con jornadas de puertas abiertas y actividades gratuitas los d\u00edas 18, 19 y 20 de mayo. El p\u00fablico podr\u00e1 visitar gratuitamente y de forma libre el MUJA durante estas tres jornadas para conocer","canonical_url":"https:\/\/candas365.es\/noticias\/el-muja-y-el-centro-tito-bustillo-celebran-el-dia-de-los-museos\/","robots":"max-image-preview:large","keywords":"agenda","webmasterTools":{"google-site-verification":"UA-32230408-1","msvalidate.01":"354F3CDFB2DA171B47FBE9ABF1F88D5","miscellaneous":""},"schema":{"@context":"https:\/\/schema.org","@graph":[{"@type":"BreadcrumbList","@id":"https:\/\/candas365.es\/noticias\/el-muja-y-el-centro-tito-bustillo-celebran-el-dia-de-los-museos\/#breadcrumblist","itemListElement":[{"@type":"ListItem","@id":"https:\/\/candas365.es\/noticias#listItem","position":1,"name":"Home","item":"https:\/\/candas365.es\/noticias","nextItem":{"@type":"ListItem","@id":"https:\/\/candas365.es\/noticias\/category\/agenda\/#listItem","name":"Agenda"}},{"@type":"ListItem","@id":"https:\/\/candas365.es\/noticias\/category\/agenda\/#listItem","position":2,"name":"Agenda","item":"https:\/\/candas365.es\/noticias\/category\/agenda\/","nextItem":{"@type":"ListItem","@id":"https:\/\/candas365.es\/noticias\/el-muja-y-el-centro-tito-bustillo-celebran-el-dia-de-los-museos\/#listItem","name":"El MUJA y el Centro Tito Bustillo celebran el D\u00eda de los Museos"},"previousItem":{"@type":"ListItem","@id":"https:\/\/candas365.es\/noticias#listItem","name":"Home"}},{"@type":"ListItem","@id":"https:\/\/candas365.es\/noticias\/el-muja-y-el-centro-tito-bustillo-celebran-el-dia-de-los-museos\/#listItem","position":3,"name":"El MUJA y el Centro Tito Bustillo celebran el D\u00eda de los Museos","previousItem":{"@type":"ListItem","@id":"https:\/\/candas365.es\/noticias\/category\/agenda\/#listItem","name":"Agenda"}}]},{"@type":"NewsArticle","@id":"https:\/\/candas365.es\/noticias\/el-muja-y-el-centro-tito-bustillo-celebran-el-dia-de-los-museos\/#newsarticle","name":"El MUJA y el Centro Tito Bustillo celebran el D\u00eda de los Museos | Cand\u00e1s 365","headline":"El MUJA y el Centro Tito Bustillo celebran el D\u00eda de los Museos","author":{"@id":"https:\/\/candas365.es\/noticias\/author\/admin\/#author"},"publisher":{"@id":"https:\/\/candas365.es\/noticias\/#organization"},"image":{"@type":"ImageObject","url":"https:\/\/candas365.es\/noticias\/wp-content\/uploads\/2018\/04\/MUJA.jpg","width":1280,"height":853},"datePublished":"2018-05-15T12:26:29+02:00","dateModified":"2018-05-15T12:26:29+02:00","inLanguage":"es-ES","mainEntityOfPage":{"@id":"https:\/\/candas365.es\/noticias\/el-muja-y-el-centro-tito-bustillo-celebran-el-dia-de-los-museos\/#webpage"},"isPartOf":{"@id":"https:\/\/candas365.es\/noticias\/el-muja-y-el-centro-tito-bustillo-celebran-el-dia-de-los-museos\/#webpage"},"articleSection":"Agenda","dateline":"Publicado el mayo 15, 2018."},{"@type":"Organization","@id":"https:\/\/candas365.es\/noticias\/#organization","name":"Cand\u00e1s 365","description":"Cand\u00e1s 365 es un diario digital independiente, fundado en 2012, con base en Asturias. Informamos con rigor sobre actualidad, sociedad, cultura y ocio, con una mirada local y global.","url":"https:\/\/candas365.es\/noticias\/","email":"info@candas365.es","telephone":"+34652131393","foundingDate":"2012-06-10","logo":{"@type":"ImageObject","url":"https:\/\/candas365.es\/noticias\/wp-content\/uploads\/2024\/09\/Candas-365-Redes.jpg","@id":"https:\/\/candas365.es\/noticias\/el-muja-y-el-centro-tito-bustillo-celebran-el-dia-de-los-museos\/#organizationLogo","width":1152,"height":864,"caption":"Cand\u00e1s 365 Redes"},"image":{"@id":"https:\/\/candas365.es\/noticias\/el-muja-y-el-centro-tito-bustillo-celebran-el-dia-de-los-museos\/#organizationLogo"},"sameAs":["https:\/\/www.facebook.com\/Nachofdezber","https:\/\/x.com\/NabercoDigital","https:\/\/www.instagram.com\/nachofdezber\/","https:\/\/www.youtube.com\/channel\/UCZP-2wLEB9Rv6erhFmqVnvg"],"address":{"@id":"https:\/\/candas365.es\/noticias\/#postaladdress","@type":"PostalAddress","streetAddress":"san antonio 4, san antonio 4","postalCode":"33430","addressLocality":"Cand\u00e1s","addressRegion":"Asturias","addressCountry":"ES"}},{"@type":"Person","@id":"https:\/\/candas365.es\/noticias\/author\/admin\/#author","url":"https:\/\/candas365.es\/noticias\/author\/admin\/","name":"Cand\u00e1s 365","image":{"@type":"ImageObject","@id":"https:\/\/candas365.es\/noticias\/el-muja-y-el-centro-tito-bustillo-celebran-el-dia-de-los-museos\/#authorImage","url":"https:\/\/secure.gravatar.com\/avatar\/496a8e03d0c493ede1718b7934145dbdf8d89be1036b0eec9544e1094c9de390?s=96&d=mm&r=g","width":96,"height":96,"caption":"Cand\u00e1s 365"},"sameAs":["https:\/\/www.facebook.com\/carrenoactualidad","https:\/\/twitter.com\/nbasturias","https:\/\/www.instagram.com\/nachofdezber\/","https:\/\/www.youtube.com\/channel\/UCZP-2wLEB9Rv6erhFmqVnvg"]},{"@type":"WebPage","@id":"https:\/\/candas365.es\/noticias\/el-muja-y-el-centro-tito-bustillo-celebran-el-dia-de-los-museos\/#webpage","url":"https:\/\/candas365.es\/noticias\/el-muja-y-el-centro-tito-bustillo-celebran-el-dia-de-los-museos\/","name":"El MUJA y el Centro Tito Bustillo celebran el D\u00eda de los Museos | Cand\u00e1s 365","description":"El Museo del Jur\u00e1sico de Asturias (MUJA) y el Centro de Arte Rupestre de Tito Bustillo celebran el D\u00eda de los Museos con jornadas de puertas abiertas y actividades gratuitas los d\u00edas 18, 19 y 20 de mayo. El p\u00fablico podr\u00e1 visitar gratuitamente y de forma libre el MUJA durante estas tres jornadas para conocer","inLanguage":"es-ES","isPartOf":{"@id":"https:\/\/candas365.es\/noticias\/#website"},"breadcrumb":{"@id":"https:\/\/candas365.es\/noticias\/el-muja-y-el-centro-tito-bustillo-celebran-el-dia-de-los-museos\/#breadcrumblist"},"author":{"@id":"https:\/\/candas365.es\/noticias\/author\/admin\/#author"},"creator":{"@id":"https:\/\/candas365.es\/noticias\/author\/admin\/#author"},"image":{"@type":"ImageObject","url":"https:\/\/candas365.es\/noticias\/wp-content\/uploads\/2018\/04\/MUJA.jpg","@id":"https:\/\/candas365.es\/noticias\/el-muja-y-el-centro-tito-bustillo-celebran-el-dia-de-los-museos\/#mainImage","width":1280,"height":853},"primaryImageOfPage":{"@id":"https:\/\/candas365.es\/noticias\/el-muja-y-el-centro-tito-bustillo-celebran-el-dia-de-los-museos\/#mainImage"},"datePublished":"2018-05-15T12:26:29+02:00","dateModified":"2018-05-15T12:26:29+02:00"},{"@type":"WebSite","@id":"https:\/\/candas365.es\/noticias\/#website","url":"https:\/\/candas365.es\/noticias\/","name":"Cand\u00e1s 365","alternateName":"Cand\u00e1s 365 Noticias","description":"Actualidad desde Carre\u00f1o para el mundo","inLanguage":"es-ES","publisher":{"@id":"https:\/\/candas365.es\/noticias\/#organization"}}]},"og:locale":"es_ES","og:site_name":"Cand\u00e1s 365","og:type":"article","og:title":"El MUJA y el Centro Tito Bustillo celebran el D\u00eda de los Museos | Cand\u00e1s 365","og:description":"El Museo del Jur\u00e1sico de Asturias (MUJA) y el Centro de Arte Rupestre de Tito Bustillo celebran el D\u00eda de los Museos con jornadas de puertas abiertas y actividades gratuitas los d\u00edas 18, 19 y 20 de mayo. El p\u00fablico podr\u00e1 visitar gratuitamente y de forma libre el MUJA durante estas tres jornadas para conocer","og:url":"https:\/\/candas365.es\/noticias\/el-muja-y-el-centro-tito-bustillo-celebran-el-dia-de-los-museos\/","og:image":"https:\/\/candas365.es\/noticias\/wp-content\/uploads\/2018\/04\/MUJA.jpg","og:image:secure_url":"https:\/\/candas365.es\/noticias\/wp-content\/uploads\/2018\/04\/MUJA.jpg","og:image:width":1280,"og:image:height":853,"article:published_time":"2018-05-15T12:26:29+00:00","article:modified_time":"2018-05-15T12:26:29+00:00","article:publisher":"https:\/\/www.facebook.com\/Nachofdezber","article:author":"https:\/\/www.facebook.com\/carrenoactualidad","twitter:card":"summary_large_image","twitter:site":"@NabercoDigital","twitter:title":"El MUJA y el Centro Tito Bustillo celebran el D\u00eda de los Museos | Cand\u00e1s 365","twitter:description":"El Museo del Jur\u00e1sico de Asturias (MUJA) y el Centro de Arte Rupestre de Tito Bustillo celebran el D\u00eda de los Museos con jornadas de puertas abiertas y actividades gratuitas los d\u00edas 18, 19 y 20 de mayo. El p\u00fablico podr\u00e1 visitar gratuitamente y de forma libre el MUJA durante estas tres jornadas para conocer","twitter:creator":"@nbasturias","twitter:image":"https:\/\/candas365.es\/noticias\/wp-content\/uploads\/2018\/04\/MUJA.jpg","twitter:label1":"Escrito por","twitter:data1":"Cand\u00e1s 365","twitter:label2":"Tiempo de lectura estimado","twitter:data2":"2 minutos"},"aioseo_meta_data":{"post_id":"95768","title":null,"description":null,"keywords":null,"keyphrases":null,"primary_term":null,"canonical_url":null,"og_title":null,"og_description":null,"og_object_type":"default","og_image_type":"default","og_image_url":null,"og_image_width":null,"og_image_height":null,"og_image_custom_url":null,"og_image_custom_fields":null,"og_video":null,"og_custom_url":null,"og_article_section":null,"og_article_tags":null,"twitter_use_og":false,"twitter_card":"default","twitter_image_type":"default","twitter_image_url":null,"twitter_image_custom_url":null,"twitter_image_custom_fields":null,"twitter_title":null,"twitter_description":null,"schema":{"blockGraphs":[],"customGraphs":[],"default":{"data":{"Article":[],"Course":[],"Dataset":[],"FAQPage":[],"Movie":[],"Person":[],"Product":[],"ProductReview":[],"Car":[],"Recipe":[],"Service":[],"SoftwareApplication":[],"WebPage":[]},"graphName":"","isEnabled":true},"graphs":[],"defaultGraph":"","defaultPostTypeGraph":""},"schema_type":null,"schema_type_options":null,"pillar_content":false,"robots_default":true,"robots_noindex":false,"robots_noarchive":false,"robots_nosnippet":false,"robots_nofollow":false,"robots_noimageindex":false,"robots_noodp":false,"robots_notranslate":false,"robots_max_snippet":null,"robots_max_videopreview":null,"robots_max_imagepreview":"large","priority":null,"frequency":null,"location":null,"local_seo":null,"seo_analyzer_scan_date":"2025-08-26 20:58:14","breadcrumb_settings":null,"limit_modified_date":false,"reviewed_by":null,"open_ai":null,"ai":null,"created":"2020-12-21 11:52:09","updated":"2025-08-26 20:58:14"},"aioseo_breadcrumb":"<div class=\"aioseo-breadcrumbs\"><span class=\"aioseo-breadcrumb\">\n\t<a href=\"https:\/\/candas365.es\/noticias\" title=\"Home\">Home<\/a>\n<\/span><span class=\"aioseo-breadcrumb-separator\">&ndash;<\/span><span class=\"aioseo-breadcrumb\">\n\t<a href=\"https:\/\/candas365.es\/noticias\/category\/agenda\/\" title=\"Agenda\">Agenda<\/a>\n<\/span><span class=\"aioseo-breadcrumb-separator\">&ndash;<\/span><span class=\"aioseo-breadcrumb\">\n\tEl MUJA y el Centro Tito Bustillo celebran el D\u00eda de los Museos\n<\/span><\/div>","aioseo_breadcrumb_json":[{"label":"Home","link":"https:\/\/candas365.es\/noticias"},{"label":"Agenda","link":"https:\/\/candas365.es\/noticias\/category\/agenda\/"},{"label":"El MUJA y el Centro Tito Bustillo celebran el D\u00eda de los Museos","link":"https:\/\/candas365.es\/noticias\/el-muja-y-el-centro-tito-bustillo-celebran-el-dia-de-los-museos\/"}],"_links":{"self":[{"href":"https:\/\/candas365.es\/noticias\/wp-json\/wp\/v2\/posts\/95768","targetHints":{"allow":["GET"]}}],"collection":[{"href":"https:\/\/candas365.es\/noticias\/wp-json\/wp\/v2\/posts"}],"about":[{"href":"https:\/\/candas365.es\/noticias\/wp-json\/wp\/v2\/types\/post"}],"author":[{"embeddable":true,"href":"https:\/\/candas365.es\/noticias\/wp-json\/wp\/v2\/users\/1"}],"replies":[{"embeddable":true,"href":"https:\/\/candas365.es\/noticias\/wp-json\/wp\/v2\/comments?post=95768"}],"version-history":[{"count":0,"href":"https:\/\/candas365.es\/noticias\/wp-json\/wp\/v2\/posts\/95768\/revisions"}],"wp:featuredmedia":[{"embeddable":true,"href":"https:\/\/candas365.es\/noticias\/wp-json\/wp\/v2\/media\/94560"}],"wp:attachment":[{"href":"https:\/\/candas365.es\/noticias\/wp-json\/wp\/v2\/media?parent=95768"}],"wp:term":[{"taxonomy":"category","embeddable":true,"href":"https:\/\/candas365.es\/noticias\/wp-json\/wp\/v2\/categories?post=95768"},{"taxonomy":"post_tag","embeddable":true,"href":"https:\/\/candas365.es\/noticias\/wp-json\/wp\/v2\/tags?post=95768"}],"curies":[{"name":"wp","href":"https:\/\/api.w.org\/{rel}","templated":true}]}}