{"id":95721,"date":"2018-05-14T19:01:58","date_gmt":"2018-05-14T19:01:58","guid":{"rendered":"http:\/\/candas365.es\/noticias\/?p=95721"},"modified":"2018-05-14T19:01:58","modified_gmt":"2018-05-14T19:01:58","slug":"goyo-jimenez-en-el-teatro-de-la-laboral","status":"publish","type":"post","link":"https:\/\/candas365.es\/noticias\/goyo-jimenez-en-el-teatro-de-la-laboral\/","title":{"rendered":"Goyo Jim\u00e9nez en el Teatro de la Laboral"},"content":{"rendered":"<p><img fetchpriority=\"high\" decoding=\"async\" class=\"alignleft size-medium wp-image-95722\" src=\"https:\/\/candas365.es\/noticias\/wp-content\/uploads\/2018\/05\/Goyo-Jim\u00e9nez-360x250.jpg\" alt=\"\" width=\"360\" height=\"250\" srcset=\"https:\/\/candas365.es\/noticias\/wp-content\/uploads\/2018\/05\/Goyo-Jim\u00e9nez-360x250.jpg 360w, https:\/\/candas365.es\/noticias\/wp-content\/uploads\/2018\/05\/Goyo-Jim\u00e9nez-768x534.jpg 768w, https:\/\/candas365.es\/noticias\/wp-content\/uploads\/2018\/05\/Goyo-Jim\u00e9nez-655x455.jpg 655w, https:\/\/candas365.es\/noticias\/wp-content\/uploads\/2018\/05\/Goyo-Jim\u00e9nez-100x70.jpg 100w, https:\/\/candas365.es\/noticias\/wp-content\/uploads\/2018\/05\/Goyo-Jim\u00e9nez-218x150.jpg 218w, https:\/\/candas365.es\/noticias\/wp-content\/uploads\/2018\/05\/Goyo-Jim\u00e9nez-696x484.jpg 696w, https:\/\/candas365.es\/noticias\/wp-content\/uploads\/2018\/05\/Goyo-Jim\u00e9nez-1068x743.jpg 1068w, https:\/\/candas365.es\/noticias\/wp-content\/uploads\/2018\/05\/Goyo-Jim\u00e9nez-604x420.jpg 604w, https:\/\/candas365.es\/noticias\/wp-content\/uploads\/2018\/05\/Goyo-Jim\u00e9nez.jpg 1280w\" sizes=\"(max-width: 360px) 100vw, 360px\" \/>Goyo Jim\u00e9nez trae al Teatro de la Laboral su espect\u00e1culo By the way este s\u00e1bado 19 de mayo, a las 21:00 horas.<\/p>\n<p>El p\u00fablico podr\u00e1 disfrutar de los mejores momentos del c\u00f3mico revisados desde el momento actual de su vida. No se trata de un recopilatorio al uso, ya que los espectadores podr\u00e1n volver a recordar algunos de sus mejores momentos pero desde una visi\u00f3n diferente y, como siempre, con momentos nuevos y desternillantes que no se han visto en televisi\u00f3n ni en otros shows.<\/p>\n<p>Goyo Jim\u00e9nez est\u00e1 considerado por p\u00fablico y cr\u00edtica como uno de los mejores monologuistas del pa\u00eds. Seleccionado para formar parte del programa televisivo El Club de la Comedia, se convirti\u00f3 en una pieza fundamental de los montajes teatrales que se derivaron de \u00e9l y protagoniz\u00f3 la secuela teatral del programa Los irrepetibles de Amstel, de t\u00edtulo hom\u00f3nimo, gracias a su capacidad de improvisaci\u00f3n teatral.<\/p>\n<p>De forma paralela, como autor y director de teatro, ha escrito y\/o dirigido doce producciones, de las que se han realizado m\u00e1s de novecientas representaciones. A estas hay que unir sus seis espect\u00e1culos de stand-up comedy, con los que ha superado la cifra del mill\u00f3n de espectadores. Ha colaborado en varias cadenas radiof\u00f3nicas y ha aparecido en m\u00e1s de 20 programas de televisi\u00f3n, casi siempre relacionados con el humor, como El Club de Flo, Con hache de Eva, Zapeando, La hora Chanante o La hora de Jos\u00e9 Mota. Recientemente ha presentado y colaborado en el guion del programa de divulgaci\u00f3n cient\u00edfica de TVE, \u00d3rbita Laika la nueva generaci\u00f3n.<\/p>\n<p>Para By the way, se ha puesto a disposici\u00f3n del p\u00fablico localidades de visual reducida, con un 40% de descuento sobre el precio de la entrada, disponibles \u00fanicamente en la Recepci\u00f3n de la Laboral, en el CITPA en Oviedo y en el Centro Niemeyer en Avil\u00e9s.<\/p>\n","protected":false},"excerpt":{"rendered":"<p>Goyo Jim\u00e9nez trae al Teatro de la Laboral su espect\u00e1culo By the way este s\u00e1bado 19 de mayo, a las 21:00 horas. El p\u00fablico podr\u00e1 disfrutar de los mejores momentos del c\u00f3mico revisados desde el momento actual de su vida. No se trata de un recopilatorio al uso, ya que los espectadores podr\u00e1n volver a<\/p>\n","protected":false},"author":1,"featured_media":95722,"comment_status":"closed","ping_status":"closed","sticky":false,"template":"","format":"standard","meta":{"footnotes":""},"categories":[1],"tags":[],"class_list":{"0":"post-95721","1":"post","2":"type-post","3":"status-publish","4":"format-standard","5":"has-post-thumbnail","7":"category-agenda"},"aioseo_notices":[],"aioseo_head":"\n\t\t<!-- All in One SEO Pro 4.9.6.2 - aioseo.com -->\n\t<meta name=\"description\" content=\"Goyo Jim\u00e9nez trae al Teatro de la Laboral su espect\u00e1culo By the way este s\u00e1bado 19 de mayo, a las 21:00 horas. El p\u00fablico podr\u00e1 disfrutar de los mejores momentos del c\u00f3mico revisados desde el momento actual de su vida. No se trata de un recopilatorio al uso, ya que los espectadores podr\u00e1n volver a\" \/>\n\t<meta name=\"robots\" content=\"max-image-preview:large\" \/>\n\t<meta name=\"author\" content=\"Cand\u00e1s 365\"\/>\n\t<meta name=\"google-site-verification\" content=\"UA-32230408-1\" \/>\n\t<meta name=\"msvalidate.01\" content=\"354F3CDFB2DA171B47FBE9ABF1F88D5\" \/>\n\t<meta name=\"keywords\" content=\"agenda\" \/>\n\t<link rel=\"canonical\" href=\"https:\/\/candas365.es\/noticias\/goyo-jimenez-en-el-teatro-de-la-laboral\/\" \/>\n\t<meta name=\"generator\" content=\"All in One SEO Pro (AIOSEO) 4.9.6.2\" \/>\n\t\t<meta property=\"og:locale\" content=\"es_ES\" \/>\n\t\t<meta property=\"og:site_name\" content=\"Cand\u00e1s 365\" \/>\n\t\t<meta property=\"og:type\" content=\"article\" \/>\n\t\t<meta property=\"og:title\" content=\"Goyo Jim\u00e9nez en el Teatro de la Laboral | Cand\u00e1s 365\" \/>\n\t\t<meta property=\"og:description\" content=\"Goyo Jim\u00e9nez trae al Teatro de la Laboral su espect\u00e1culo By the way este s\u00e1bado 19 de mayo, a las 21:00 horas. El p\u00fablico podr\u00e1 disfrutar de los mejores momentos del c\u00f3mico revisados desde el momento actual de su vida. No se trata de un recopilatorio al uso, ya que los espectadores podr\u00e1n volver a\" \/>\n\t\t<meta property=\"og:url\" content=\"https:\/\/candas365.es\/noticias\/goyo-jimenez-en-el-teatro-de-la-laboral\/\" \/>\n\t\t<meta property=\"og:image\" content=\"https:\/\/candas365.es\/noticias\/wp-content\/uploads\/2018\/05\/Goyo-Jim\u00e9nez.jpg\" \/>\n\t\t<meta property=\"og:image:secure_url\" content=\"https:\/\/candas365.es\/noticias\/wp-content\/uploads\/2018\/05\/Goyo-Jim\u00e9nez.jpg\" \/>\n\t\t<meta property=\"og:image:width\" content=\"1280\" \/>\n\t\t<meta property=\"og:image:height\" content=\"890\" \/>\n\t\t<meta property=\"article:published_time\" content=\"2018-05-14T19:01:58+00:00\" \/>\n\t\t<meta property=\"article:modified_time\" content=\"2018-05-14T19:01:58+00:00\" \/>\n\t\t<meta property=\"article:publisher\" content=\"https:\/\/www.facebook.com\/Nachofdezber\" \/>\n\t\t<meta property=\"article:author\" content=\"https:\/\/www.facebook.com\/carrenoactualidad\" \/>\n\t\t<meta name=\"twitter:card\" content=\"summary_large_image\" \/>\n\t\t<meta name=\"twitter:site\" content=\"@NabercoDigital\" \/>\n\t\t<meta name=\"twitter:title\" content=\"Goyo Jim\u00e9nez en el Teatro de la Laboral | Cand\u00e1s 365\" \/>\n\t\t<meta name=\"twitter:description\" content=\"Goyo Jim\u00e9nez trae al Teatro de la Laboral su espect\u00e1culo By the way este s\u00e1bado 19 de mayo, a las 21:00 horas. El p\u00fablico podr\u00e1 disfrutar de los mejores momentos del c\u00f3mico revisados desde el momento actual de su vida. No se trata de un recopilatorio al uso, ya que los espectadores podr\u00e1n volver a\" \/>\n\t\t<meta name=\"twitter:creator\" content=\"@nbasturias\" \/>\n\t\t<meta name=\"twitter:image\" content=\"https:\/\/candas365.es\/noticias\/wp-content\/uploads\/2018\/05\/Goyo-Jim\u00e9nez.jpg\" \/>\n\t\t<meta name=\"twitter:label1\" content=\"Escrito por\" \/>\n\t\t<meta name=\"twitter:data1\" content=\"Cand\u00e1s 365\" \/>\n\t\t<meta name=\"twitter:label2\" content=\"Tiempo de lectura estimado\" \/>\n\t\t<meta name=\"twitter:data2\" content=\"2 minutos\" \/>\n\t\t<script type=\"application\/ld+json\" class=\"aioseo-schema\">\n\t\t\t{\"@context\":\"https:\\\/\\\/schema.org\",\"@graph\":[{\"@type\":\"BreadcrumbList\",\"@id\":\"https:\\\/\\\/candas365.es\\\/noticias\\\/goyo-jimenez-en-el-teatro-de-la-laboral\\\/#breadcrumblist\",\"itemListElement\":[{\"@type\":\"ListItem\",\"@id\":\"https:\\\/\\\/candas365.es\\\/noticias#listItem\",\"position\":1,\"name\":\"Home\",\"item\":\"https:\\\/\\\/candas365.es\\\/noticias\",\"nextItem\":{\"@type\":\"ListItem\",\"@id\":\"https:\\\/\\\/candas365.es\\\/noticias\\\/category\\\/agenda\\\/#listItem\",\"name\":\"Agenda\"}},{\"@type\":\"ListItem\",\"@id\":\"https:\\\/\\\/candas365.es\\\/noticias\\\/category\\\/agenda\\\/#listItem\",\"position\":2,\"name\":\"Agenda\",\"item\":\"https:\\\/\\\/candas365.es\\\/noticias\\\/category\\\/agenda\\\/\",\"nextItem\":{\"@type\":\"ListItem\",\"@id\":\"https:\\\/\\\/candas365.es\\\/noticias\\\/goyo-jimenez-en-el-teatro-de-la-laboral\\\/#listItem\",\"name\":\"Goyo Jim\\u00e9nez en el Teatro de la Laboral\"},\"previousItem\":{\"@type\":\"ListItem\",\"@id\":\"https:\\\/\\\/candas365.es\\\/noticias#listItem\",\"name\":\"Home\"}},{\"@type\":\"ListItem\",\"@id\":\"https:\\\/\\\/candas365.es\\\/noticias\\\/goyo-jimenez-en-el-teatro-de-la-laboral\\\/#listItem\",\"position\":3,\"name\":\"Goyo Jim\\u00e9nez en el Teatro de la Laboral\",\"previousItem\":{\"@type\":\"ListItem\",\"@id\":\"https:\\\/\\\/candas365.es\\\/noticias\\\/category\\\/agenda\\\/#listItem\",\"name\":\"Agenda\"}}]},{\"@type\":\"NewsArticle\",\"@id\":\"https:\\\/\\\/candas365.es\\\/noticias\\\/goyo-jimenez-en-el-teatro-de-la-laboral\\\/#newsarticle\",\"name\":\"Goyo Jim\\u00e9nez en el Teatro de la Laboral | Cand\\u00e1s 365\",\"headline\":\"Goyo Jim\\u00e9nez en el Teatro de la Laboral\",\"author\":{\"@id\":\"https:\\\/\\\/candas365.es\\\/noticias\\\/author\\\/admin\\\/#author\"},\"publisher\":{\"@id\":\"https:\\\/\\\/candas365.es\\\/noticias\\\/#organization\"},\"image\":{\"@type\":\"ImageObject\",\"url\":\"https:\\\/\\\/candas365.es\\\/noticias\\\/wp-content\\\/uploads\\\/2018\\\/05\\\/Goyo-Jim\\u00e9nez.jpg\",\"width\":1280,\"height\":890},\"datePublished\":\"2018-05-14T19:01:58+02:00\",\"dateModified\":\"2018-05-14T19:01:58+02:00\",\"inLanguage\":\"es-ES\",\"mainEntityOfPage\":{\"@id\":\"https:\\\/\\\/candas365.es\\\/noticias\\\/goyo-jimenez-en-el-teatro-de-la-laboral\\\/#webpage\"},\"isPartOf\":{\"@id\":\"https:\\\/\\\/candas365.es\\\/noticias\\\/goyo-jimenez-en-el-teatro-de-la-laboral\\\/#webpage\"},\"articleSection\":\"Agenda\",\"dateline\":\"Publicado el mayo 14, 2018.\"},{\"@type\":\"Organization\",\"@id\":\"https:\\\/\\\/candas365.es\\\/noticias\\\/#organization\",\"name\":\"Cand\\u00e1s 365\",\"description\":\"Cand\\u00e1s 365 es un diario digital independiente, fundado en 2012, con base en Asturias. Informamos con rigor sobre actualidad, sociedad, cultura y ocio, con una mirada local y global.\",\"url\":\"https:\\\/\\\/candas365.es\\\/noticias\\\/\",\"email\":\"info@candas365.es\",\"telephone\":\"+34652131393\",\"foundingDate\":\"2012-06-10\",\"logo\":{\"@type\":\"ImageObject\",\"url\":\"https:\\\/\\\/candas365.es\\\/noticias\\\/wp-content\\\/uploads\\\/2024\\\/09\\\/Candas-365-Redes.jpg\",\"@id\":\"https:\\\/\\\/candas365.es\\\/noticias\\\/goyo-jimenez-en-el-teatro-de-la-laboral\\\/#organizationLogo\",\"width\":1152,\"height\":864,\"caption\":\"Cand\\u00e1s 365 Redes\"},\"image\":{\"@id\":\"https:\\\/\\\/candas365.es\\\/noticias\\\/goyo-jimenez-en-el-teatro-de-la-laboral\\\/#organizationLogo\"},\"sameAs\":[\"https:\\\/\\\/www.facebook.com\\\/Nachofdezber\",\"https:\\\/\\\/x.com\\\/NabercoDigital\",\"https:\\\/\\\/www.instagram.com\\\/nachofdezber\\\/\",\"https:\\\/\\\/www.youtube.com\\\/channel\\\/UCZP-2wLEB9Rv6erhFmqVnvg\"],\"address\":{\"@id\":\"https:\\\/\\\/candas365.es\\\/noticias\\\/#postaladdress\",\"@type\":\"PostalAddress\",\"streetAddress\":\"san antonio 4, san antonio 4\",\"postalCode\":\"33430\",\"addressLocality\":\"Cand\\u00e1s\",\"addressRegion\":\"Asturias\",\"addressCountry\":\"ES\"}},{\"@type\":\"Person\",\"@id\":\"https:\\\/\\\/candas365.es\\\/noticias\\\/author\\\/admin\\\/#author\",\"url\":\"https:\\\/\\\/candas365.es\\\/noticias\\\/author\\\/admin\\\/\",\"name\":\"Cand\\u00e1s 365\",\"image\":{\"@type\":\"ImageObject\",\"@id\":\"https:\\\/\\\/candas365.es\\\/noticias\\\/goyo-jimenez-en-el-teatro-de-la-laboral\\\/#authorImage\",\"url\":\"https:\\\/\\\/secure.gravatar.com\\\/avatar\\\/496a8e03d0c493ede1718b7934145dbdf8d89be1036b0eec9544e1094c9de390?s=96&d=mm&r=g\",\"width\":96,\"height\":96,\"caption\":\"Cand\\u00e1s 365\"},\"sameAs\":[\"https:\\\/\\\/www.facebook.com\\\/carrenoactualidad\",\"https:\\\/\\\/twitter.com\\\/nbasturias\",\"https:\\\/\\\/www.instagram.com\\\/nachofdezber\\\/\",\"https:\\\/\\\/www.youtube.com\\\/channel\\\/UCZP-2wLEB9Rv6erhFmqVnvg\"]},{\"@type\":\"WebPage\",\"@id\":\"https:\\\/\\\/candas365.es\\\/noticias\\\/goyo-jimenez-en-el-teatro-de-la-laboral\\\/#webpage\",\"url\":\"https:\\\/\\\/candas365.es\\\/noticias\\\/goyo-jimenez-en-el-teatro-de-la-laboral\\\/\",\"name\":\"Goyo Jim\\u00e9nez en el Teatro de la Laboral | Cand\\u00e1s 365\",\"description\":\"Goyo Jim\\u00e9nez trae al Teatro de la Laboral su espect\\u00e1culo By the way este s\\u00e1bado 19 de mayo, a las 21:00 horas. El p\\u00fablico podr\\u00e1 disfrutar de los mejores momentos del c\\u00f3mico revisados desde el momento actual de su vida. No se trata de un recopilatorio al uso, ya que los espectadores podr\\u00e1n volver a\",\"inLanguage\":\"es-ES\",\"isPartOf\":{\"@id\":\"https:\\\/\\\/candas365.es\\\/noticias\\\/#website\"},\"breadcrumb\":{\"@id\":\"https:\\\/\\\/candas365.es\\\/noticias\\\/goyo-jimenez-en-el-teatro-de-la-laboral\\\/#breadcrumblist\"},\"author\":{\"@id\":\"https:\\\/\\\/candas365.es\\\/noticias\\\/author\\\/admin\\\/#author\"},\"creator\":{\"@id\":\"https:\\\/\\\/candas365.es\\\/noticias\\\/author\\\/admin\\\/#author\"},\"image\":{\"@type\":\"ImageObject\",\"url\":\"https:\\\/\\\/candas365.es\\\/noticias\\\/wp-content\\\/uploads\\\/2018\\\/05\\\/Goyo-Jim\\u00e9nez.jpg\",\"@id\":\"https:\\\/\\\/candas365.es\\\/noticias\\\/goyo-jimenez-en-el-teatro-de-la-laboral\\\/#mainImage\",\"width\":1280,\"height\":890},\"primaryImageOfPage\":{\"@id\":\"https:\\\/\\\/candas365.es\\\/noticias\\\/goyo-jimenez-en-el-teatro-de-la-laboral\\\/#mainImage\"},\"datePublished\":\"2018-05-14T19:01:58+02:00\",\"dateModified\":\"2018-05-14T19:01:58+02:00\"},{\"@type\":\"WebSite\",\"@id\":\"https:\\\/\\\/candas365.es\\\/noticias\\\/#website\",\"url\":\"https:\\\/\\\/candas365.es\\\/noticias\\\/\",\"name\":\"Cand\\u00e1s 365\",\"alternateName\":\"Cand\\u00e1s 365 Noticias\",\"description\":\"Actualidad desde Carre\\u00f1o para el mundo\",\"inLanguage\":\"es-ES\",\"publisher\":{\"@id\":\"https:\\\/\\\/candas365.es\\\/noticias\\\/#organization\"}}]}\n\t\t<\/script>\n\t\t<!-- All in One SEO Pro -->\r\n\t\t<title>Goyo Jim\u00e9nez en el Teatro de la Laboral | Cand\u00e1s 365<\/title>\n\n","aioseo_head_json":{"title":"Goyo Jim\u00e9nez en el Teatro de la Laboral | Cand\u00e1s 365","description":"Goyo Jim\u00e9nez trae al Teatro de la Laboral su espect\u00e1culo By the way este s\u00e1bado 19 de mayo, a las 21:00 horas. El p\u00fablico podr\u00e1 disfrutar de los mejores momentos del c\u00f3mico revisados desde el momento actual de su vida. No se trata de un recopilatorio al uso, ya que los espectadores podr\u00e1n volver a","canonical_url":"https:\/\/candas365.es\/noticias\/goyo-jimenez-en-el-teatro-de-la-laboral\/","robots":"max-image-preview:large","keywords":"agenda","webmasterTools":{"google-site-verification":"UA-32230408-1","msvalidate.01":"354F3CDFB2DA171B47FBE9ABF1F88D5","miscellaneous":""},"schema":{"@context":"https:\/\/schema.org","@graph":[{"@type":"BreadcrumbList","@id":"https:\/\/candas365.es\/noticias\/goyo-jimenez-en-el-teatro-de-la-laboral\/#breadcrumblist","itemListElement":[{"@type":"ListItem","@id":"https:\/\/candas365.es\/noticias#listItem","position":1,"name":"Home","item":"https:\/\/candas365.es\/noticias","nextItem":{"@type":"ListItem","@id":"https:\/\/candas365.es\/noticias\/category\/agenda\/#listItem","name":"Agenda"}},{"@type":"ListItem","@id":"https:\/\/candas365.es\/noticias\/category\/agenda\/#listItem","position":2,"name":"Agenda","item":"https:\/\/candas365.es\/noticias\/category\/agenda\/","nextItem":{"@type":"ListItem","@id":"https:\/\/candas365.es\/noticias\/goyo-jimenez-en-el-teatro-de-la-laboral\/#listItem","name":"Goyo Jim\u00e9nez en el Teatro de la Laboral"},"previousItem":{"@type":"ListItem","@id":"https:\/\/candas365.es\/noticias#listItem","name":"Home"}},{"@type":"ListItem","@id":"https:\/\/candas365.es\/noticias\/goyo-jimenez-en-el-teatro-de-la-laboral\/#listItem","position":3,"name":"Goyo Jim\u00e9nez en el Teatro de la Laboral","previousItem":{"@type":"ListItem","@id":"https:\/\/candas365.es\/noticias\/category\/agenda\/#listItem","name":"Agenda"}}]},{"@type":"NewsArticle","@id":"https:\/\/candas365.es\/noticias\/goyo-jimenez-en-el-teatro-de-la-laboral\/#newsarticle","name":"Goyo Jim\u00e9nez en el Teatro de la Laboral | Cand\u00e1s 365","headline":"Goyo Jim\u00e9nez en el Teatro de la Laboral","author":{"@id":"https:\/\/candas365.es\/noticias\/author\/admin\/#author"},"publisher":{"@id":"https:\/\/candas365.es\/noticias\/#organization"},"image":{"@type":"ImageObject","url":"https:\/\/candas365.es\/noticias\/wp-content\/uploads\/2018\/05\/Goyo-Jim\u00e9nez.jpg","width":1280,"height":890},"datePublished":"2018-05-14T19:01:58+02:00","dateModified":"2018-05-14T19:01:58+02:00","inLanguage":"es-ES","mainEntityOfPage":{"@id":"https:\/\/candas365.es\/noticias\/goyo-jimenez-en-el-teatro-de-la-laboral\/#webpage"},"isPartOf":{"@id":"https:\/\/candas365.es\/noticias\/goyo-jimenez-en-el-teatro-de-la-laboral\/#webpage"},"articleSection":"Agenda","dateline":"Publicado el mayo 14, 2018."},{"@type":"Organization","@id":"https:\/\/candas365.es\/noticias\/#organization","name":"Cand\u00e1s 365","description":"Cand\u00e1s 365 es un diario digital independiente, fundado en 2012, con base en Asturias. Informamos con rigor sobre actualidad, sociedad, cultura y ocio, con una mirada local y global.","url":"https:\/\/candas365.es\/noticias\/","email":"info@candas365.es","telephone":"+34652131393","foundingDate":"2012-06-10","logo":{"@type":"ImageObject","url":"https:\/\/candas365.es\/noticias\/wp-content\/uploads\/2024\/09\/Candas-365-Redes.jpg","@id":"https:\/\/candas365.es\/noticias\/goyo-jimenez-en-el-teatro-de-la-laboral\/#organizationLogo","width":1152,"height":864,"caption":"Cand\u00e1s 365 Redes"},"image":{"@id":"https:\/\/candas365.es\/noticias\/goyo-jimenez-en-el-teatro-de-la-laboral\/#organizationLogo"},"sameAs":["https:\/\/www.facebook.com\/Nachofdezber","https:\/\/x.com\/NabercoDigital","https:\/\/www.instagram.com\/nachofdezber\/","https:\/\/www.youtube.com\/channel\/UCZP-2wLEB9Rv6erhFmqVnvg"],"address":{"@id":"https:\/\/candas365.es\/noticias\/#postaladdress","@type":"PostalAddress","streetAddress":"san antonio 4, san antonio 4","postalCode":"33430","addressLocality":"Cand\u00e1s","addressRegion":"Asturias","addressCountry":"ES"}},{"@type":"Person","@id":"https:\/\/candas365.es\/noticias\/author\/admin\/#author","url":"https:\/\/candas365.es\/noticias\/author\/admin\/","name":"Cand\u00e1s 365","image":{"@type":"ImageObject","@id":"https:\/\/candas365.es\/noticias\/goyo-jimenez-en-el-teatro-de-la-laboral\/#authorImage","url":"https:\/\/secure.gravatar.com\/avatar\/496a8e03d0c493ede1718b7934145dbdf8d89be1036b0eec9544e1094c9de390?s=96&d=mm&r=g","width":96,"height":96,"caption":"Cand\u00e1s 365"},"sameAs":["https:\/\/www.facebook.com\/carrenoactualidad","https:\/\/twitter.com\/nbasturias","https:\/\/www.instagram.com\/nachofdezber\/","https:\/\/www.youtube.com\/channel\/UCZP-2wLEB9Rv6erhFmqVnvg"]},{"@type":"WebPage","@id":"https:\/\/candas365.es\/noticias\/goyo-jimenez-en-el-teatro-de-la-laboral\/#webpage","url":"https:\/\/candas365.es\/noticias\/goyo-jimenez-en-el-teatro-de-la-laboral\/","name":"Goyo Jim\u00e9nez en el Teatro de la Laboral | Cand\u00e1s 365","description":"Goyo Jim\u00e9nez trae al Teatro de la Laboral su espect\u00e1culo By the way este s\u00e1bado 19 de mayo, a las 21:00 horas. El p\u00fablico podr\u00e1 disfrutar de los mejores momentos del c\u00f3mico revisados desde el momento actual de su vida. No se trata de un recopilatorio al uso, ya que los espectadores podr\u00e1n volver a","inLanguage":"es-ES","isPartOf":{"@id":"https:\/\/candas365.es\/noticias\/#website"},"breadcrumb":{"@id":"https:\/\/candas365.es\/noticias\/goyo-jimenez-en-el-teatro-de-la-laboral\/#breadcrumblist"},"author":{"@id":"https:\/\/candas365.es\/noticias\/author\/admin\/#author"},"creator":{"@id":"https:\/\/candas365.es\/noticias\/author\/admin\/#author"},"image":{"@type":"ImageObject","url":"https:\/\/candas365.es\/noticias\/wp-content\/uploads\/2018\/05\/Goyo-Jim\u00e9nez.jpg","@id":"https:\/\/candas365.es\/noticias\/goyo-jimenez-en-el-teatro-de-la-laboral\/#mainImage","width":1280,"height":890},"primaryImageOfPage":{"@id":"https:\/\/candas365.es\/noticias\/goyo-jimenez-en-el-teatro-de-la-laboral\/#mainImage"},"datePublished":"2018-05-14T19:01:58+02:00","dateModified":"2018-05-14T19:01:58+02:00"},{"@type":"WebSite","@id":"https:\/\/candas365.es\/noticias\/#website","url":"https:\/\/candas365.es\/noticias\/","name":"Cand\u00e1s 365","alternateName":"Cand\u00e1s 365 Noticias","description":"Actualidad desde Carre\u00f1o para el mundo","inLanguage":"es-ES","publisher":{"@id":"https:\/\/candas365.es\/noticias\/#organization"}}]},"og:locale":"es_ES","og:site_name":"Cand\u00e1s 365","og:type":"article","og:title":"Goyo Jim\u00e9nez en el Teatro de la Laboral | Cand\u00e1s 365","og:description":"Goyo Jim\u00e9nez trae al Teatro de la Laboral su espect\u00e1culo By the way este s\u00e1bado 19 de mayo, a las 21:00 horas. El p\u00fablico podr\u00e1 disfrutar de los mejores momentos del c\u00f3mico revisados desde el momento actual de su vida. No se trata de un recopilatorio al uso, ya que los espectadores podr\u00e1n volver a","og:url":"https:\/\/candas365.es\/noticias\/goyo-jimenez-en-el-teatro-de-la-laboral\/","og:image":"https:\/\/candas365.es\/noticias\/wp-content\/uploads\/2018\/05\/Goyo-Jim\u00e9nez.jpg","og:image:secure_url":"https:\/\/candas365.es\/noticias\/wp-content\/uploads\/2018\/05\/Goyo-Jim\u00e9nez.jpg","og:image:width":1280,"og:image:height":890,"article:published_time":"2018-05-14T19:01:58+00:00","article:modified_time":"2018-05-14T19:01:58+00:00","article:publisher":"https:\/\/www.facebook.com\/Nachofdezber","article:author":"https:\/\/www.facebook.com\/carrenoactualidad","twitter:card":"summary_large_image","twitter:site":"@NabercoDigital","twitter:title":"Goyo Jim\u00e9nez en el Teatro de la Laboral | Cand\u00e1s 365","twitter:description":"Goyo Jim\u00e9nez trae al Teatro de la Laboral su espect\u00e1culo By the way este s\u00e1bado 19 de mayo, a las 21:00 horas. El p\u00fablico podr\u00e1 disfrutar de los mejores momentos del c\u00f3mico revisados desde el momento actual de su vida. No se trata de un recopilatorio al uso, ya que los espectadores podr\u00e1n volver a","twitter:creator":"@nbasturias","twitter:image":"https:\/\/candas365.es\/noticias\/wp-content\/uploads\/2018\/05\/Goyo-Jim\u00e9nez.jpg","twitter:label1":"Escrito por","twitter:data1":"Cand\u00e1s 365","twitter:label2":"Tiempo de lectura estimado","twitter:data2":"2 minutos"},"aioseo_meta_data":{"post_id":"95721","title":null,"description":null,"keywords":null,"keyphrases":null,"primary_term":null,"canonical_url":null,"og_title":null,"og_description":null,"og_object_type":"default","og_image_type":"default","og_image_url":null,"og_image_width":null,"og_image_height":null,"og_image_custom_url":null,"og_image_custom_fields":null,"og_video":null,"og_custom_url":null,"og_article_section":null,"og_article_tags":null,"twitter_use_og":false,"twitter_card":"default","twitter_image_type":"default","twitter_image_url":null,"twitter_image_custom_url":null,"twitter_image_custom_fields":null,"twitter_title":null,"twitter_description":null,"schema":{"blockGraphs":[],"customGraphs":[],"default":{"data":{"Article":[],"Course":[],"Dataset":[],"FAQPage":[],"Movie":[],"Person":[],"Product":[],"ProductReview":[],"Car":[],"Recipe":[],"Service":[],"SoftwareApplication":[],"WebPage":[]},"graphName":"","isEnabled":true},"graphs":[]},"schema_type":null,"schema_type_options":null,"pillar_content":false,"robots_default":true,"robots_noindex":false,"robots_noarchive":false,"robots_nosnippet":false,"robots_nofollow":false,"robots_noimageindex":false,"robots_noodp":false,"robots_notranslate":false,"robots_max_snippet":null,"robots_max_videopreview":null,"robots_max_imagepreview":"large","priority":null,"frequency":null,"location":null,"local_seo":null,"seo_analyzer_scan_date":"2025-08-26 20:55:09","breadcrumb_settings":null,"limit_modified_date":false,"reviewed_by":null,"open_ai":null,"ai":null,"created":"2020-12-21 11:52:09","updated":"2025-08-26 20:55:09"},"aioseo_breadcrumb":"<div class=\"aioseo-breadcrumbs\"><span class=\"aioseo-breadcrumb\">\n\t<a href=\"https:\/\/candas365.es\/noticias\" title=\"Home\">Home<\/a>\n<\/span><span class=\"aioseo-breadcrumb-separator\">&ndash;<\/span><span class=\"aioseo-breadcrumb\">\n\t<a href=\"https:\/\/candas365.es\/noticias\/category\/agenda\/\" title=\"Agenda\">Agenda<\/a>\n<\/span><span class=\"aioseo-breadcrumb-separator\">&ndash;<\/span><span class=\"aioseo-breadcrumb\">\n\tGoyo Jim\u00e9nez en el Teatro de la Laboral\n<\/span><\/div>","aioseo_breadcrumb_json":[{"label":"Home","link":"https:\/\/candas365.es\/noticias"},{"label":"Agenda","link":"https:\/\/candas365.es\/noticias\/category\/agenda\/"},{"label":"Goyo Jim\u00e9nez en el Teatro de la Laboral","link":"https:\/\/candas365.es\/noticias\/goyo-jimenez-en-el-teatro-de-la-laboral\/"}],"_links":{"self":[{"href":"https:\/\/candas365.es\/noticias\/wp-json\/wp\/v2\/posts\/95721","targetHints":{"allow":["GET"]}}],"collection":[{"href":"https:\/\/candas365.es\/noticias\/wp-json\/wp\/v2\/posts"}],"about":[{"href":"https:\/\/candas365.es\/noticias\/wp-json\/wp\/v2\/types\/post"}],"author":[{"embeddable":true,"href":"https:\/\/candas365.es\/noticias\/wp-json\/wp\/v2\/users\/1"}],"replies":[{"embeddable":true,"href":"https:\/\/candas365.es\/noticias\/wp-json\/wp\/v2\/comments?post=95721"}],"version-history":[{"count":0,"href":"https:\/\/candas365.es\/noticias\/wp-json\/wp\/v2\/posts\/95721\/revisions"}],"wp:featuredmedia":[{"embeddable":true,"href":"https:\/\/candas365.es\/noticias\/wp-json\/wp\/v2\/media\/95722"}],"wp:attachment":[{"href":"https:\/\/candas365.es\/noticias\/wp-json\/wp\/v2\/media?parent=95721"}],"wp:term":[{"taxonomy":"category","embeddable":true,"href":"https:\/\/candas365.es\/noticias\/wp-json\/wp\/v2\/categories?post=95721"},{"taxonomy":"post_tag","embeddable":true,"href":"https:\/\/candas365.es\/noticias\/wp-json\/wp\/v2\/tags?post=95721"}],"curies":[{"name":"wp","href":"https:\/\/api.w.org\/{rel}","templated":true}]}}