{"id":95702,"date":"2018-05-13T15:49:48","date_gmt":"2018-05-13T15:49:48","guid":{"rendered":"http:\/\/candas365.es\/noticias\/?p=95702"},"modified":"2018-05-13T15:49:48","modified_gmt":"2018-05-13T15:49:48","slug":"el-19-de-mayo-vuelve-caleyando-carreno","status":"publish","type":"post","link":"https:\/\/candas365.es\/noticias\/el-19-de-mayo-vuelve-caleyando-carreno\/","title":{"rendered":"El 19 de mayo vuelve \u201cCaleyando Carre\u00f1o\u201d"},"content":{"rendered":"<p><img fetchpriority=\"high\" decoding=\"async\" class=\"alignleft size-medium wp-image-95703\" src=\"https:\/\/candas365.es\/noticias\/wp-content\/uploads\/2018\/05\/455338_960_720-360x216.jpg\" alt=\"\" width=\"360\" height=\"216\" srcset=\"https:\/\/candas365.es\/noticias\/wp-content\/uploads\/2018\/05\/455338_960_720-360x216.jpg 360w, https:\/\/candas365.es\/noticias\/wp-content\/uploads\/2018\/05\/455338_960_720-768x460.jpg 768w, https:\/\/candas365.es\/noticias\/wp-content\/uploads\/2018\/05\/455338_960_720-655x392.jpg 655w, https:\/\/candas365.es\/noticias\/wp-content\/uploads\/2018\/05\/455338_960_720-696x417.jpg 696w, https:\/\/candas365.es\/noticias\/wp-content\/uploads\/2018\/05\/455338_960_720-701x420.jpg 701w, https:\/\/candas365.es\/noticias\/wp-content\/uploads\/2018\/05\/455338_960_720.jpg 960w\" sizes=\"(max-width: 360px) 100vw, 360px\" \/>El s\u00e1bado 19 de mayo los vecinos de Carre\u00f1o podr\u00e1n disfrutar de una excursi\u00f3n, cuya duraci\u00f3n ser\u00e1 de unas diez horas, entra las 09:00 de la ma\u00f1ana y las 19:00 horas, el punto <strong>recogida y llegada<\/strong> del autob\u00fas ser\u00e1 <strong>el Teatro Prendes.<\/strong><\/p>\n<p>La ruta transcurrir\u00e1 por la \u201cV\u00eda verde del R\u00edo Eo\u201d en el concejo de Santirso de Abres. Esta senda discurre por la antigua v\u00eda del ferrocarril minero que hac\u00eda el recorrido Villaodrid-Ribadeo hasta el a\u00f1o 1964, ahora reconvertido en \u201csenda verde\u201d.<\/p>\n<p>La ruta atraviesa seis t\u00faneles del antiguo ferrocarril, algunos de ellos tienen iluminaci\u00f3n pero se recomienda llevar linterna. Se recomienda tambi\u00e9n llevar ropa y calzado de recambio que podr\u00e1 dejarse en el autob\u00fas as\u00ed como el uso de bastones y una mochila donde llevar el pincho y la comida y bebida para el d\u00eda, que se comer\u00e1 en el \u00e1rea recreativa de San tirso de Abres. En el camino de vuelta adem\u00e1s se har\u00e1 una parada en la localidad de Navia<\/p>\n<p><strong>Las plazas<\/strong> disponibles, se adjudicar\u00e1n <strong>por riguroso orden de inscripci\u00f3n<\/strong>, siendo esta gratuita.<\/p>\n<p>La <strong>inscripciones podr\u00e1n realizarse hasta el 16 de mayo<\/strong> en la Casa de Encuentros de las Mujeres de Carre\u00f1o, en horario de ma\u00f1anas de 9 a 14 h, y de tardes de 16:30 a 19 h.<\/p>\n<p>&nbsp;<\/p>\n","protected":false},"excerpt":{"rendered":"<p>El s\u00e1bado 19 de mayo los vecinos de Carre\u00f1o podr\u00e1n disfrutar de una excursi\u00f3n, cuya duraci\u00f3n ser\u00e1 de unas diez horas, entra las 09:00 de la ma\u00f1ana y las 19:00 horas, el punto recogida y llegada del autob\u00fas ser\u00e1 el Teatro Prendes. La ruta transcurrir\u00e1 por la \u201cV\u00eda verde del R\u00edo Eo\u201d en el concejo<\/p>\n","protected":false},"author":1,"featured_media":95703,"comment_status":"closed","ping_status":"closed","sticky":false,"template":"","format":"standard","meta":{"footnotes":""},"categories":[2],"tags":[],"class_list":{"0":"post-95702","1":"post","2":"type-post","3":"status-publish","4":"format-standard","5":"has-post-thumbnail","7":"category-noticias-carreno"},"aioseo_notices":[],"aioseo_head":"\n\t\t<!-- All in One SEO Pro 4.9.6.2 - aioseo.com -->\n\t<meta name=\"description\" content=\"El s\u00e1bado 19 de mayo los vecinos de Carre\u00f1o podr\u00e1n disfrutar de una excursi\u00f3n, cuya duraci\u00f3n ser\u00e1 de unas diez horas, entra las 09:00 de la ma\u00f1ana y las 19:00 horas, el punto recogida y llegada del autob\u00fas ser\u00e1 el Teatro Prendes. La ruta transcurrir\u00e1 por la \u201cV\u00eda verde del R\u00edo Eo\u201d en el concejo\" \/>\n\t<meta name=\"robots\" content=\"max-image-preview:large\" \/>\n\t<meta name=\"author\" content=\"Cand\u00e1s 365\"\/>\n\t<meta name=\"google-site-verification\" content=\"UA-32230408-1\" \/>\n\t<meta name=\"msvalidate.01\" content=\"354F3CDFB2DA171B47FBE9ABF1F88D5\" \/>\n\t<meta name=\"keywords\" content=\"noticias carre\u00f1o\" \/>\n\t<link rel=\"canonical\" href=\"https:\/\/candas365.es\/noticias\/el-19-de-mayo-vuelve-caleyando-carreno\/\" \/>\n\t<meta name=\"generator\" content=\"All in One SEO Pro (AIOSEO) 4.9.6.2\" \/>\n\t\t<meta property=\"og:locale\" content=\"es_ES\" \/>\n\t\t<meta property=\"og:site_name\" content=\"Cand\u00e1s 365\" \/>\n\t\t<meta property=\"og:type\" content=\"article\" \/>\n\t\t<meta property=\"og:title\" content=\"El 19 de mayo vuelve \u201cCaleyando Carre\u00f1o\u201d | Cand\u00e1s 365\" \/>\n\t\t<meta property=\"og:description\" content=\"El s\u00e1bado 19 de mayo los vecinos de Carre\u00f1o podr\u00e1n disfrutar de una excursi\u00f3n, cuya duraci\u00f3n ser\u00e1 de unas diez horas, entra las 09:00 de la ma\u00f1ana y las 19:00 horas, el punto recogida y llegada del autob\u00fas ser\u00e1 el Teatro Prendes. La ruta transcurrir\u00e1 por la \u201cV\u00eda verde del R\u00edo Eo\u201d en el concejo\" \/>\n\t\t<meta property=\"og:url\" content=\"https:\/\/candas365.es\/noticias\/el-19-de-mayo-vuelve-caleyando-carreno\/\" \/>\n\t\t<meta property=\"og:image\" content=\"https:\/\/candas365.es\/noticias\/wp-content\/uploads\/2018\/05\/455338_960_720.jpg\" \/>\n\t\t<meta property=\"og:image:secure_url\" content=\"https:\/\/candas365.es\/noticias\/wp-content\/uploads\/2018\/05\/455338_960_720.jpg\" \/>\n\t\t<meta property=\"og:image:width\" content=\"960\" \/>\n\t\t<meta property=\"og:image:height\" content=\"575\" \/>\n\t\t<meta property=\"article:published_time\" content=\"2018-05-13T15:49:48+00:00\" \/>\n\t\t<meta property=\"article:modified_time\" content=\"2018-05-13T15:49:48+00:00\" \/>\n\t\t<meta property=\"article:publisher\" content=\"https:\/\/www.facebook.com\/Nachofdezber\" \/>\n\t\t<meta property=\"article:author\" content=\"https:\/\/www.facebook.com\/carrenoactualidad\" \/>\n\t\t<meta name=\"twitter:card\" content=\"summary_large_image\" \/>\n\t\t<meta name=\"twitter:site\" content=\"@NabercoDigital\" \/>\n\t\t<meta name=\"twitter:title\" content=\"El 19 de mayo vuelve \u201cCaleyando Carre\u00f1o\u201d | Cand\u00e1s 365\" \/>\n\t\t<meta name=\"twitter:description\" content=\"El s\u00e1bado 19 de mayo los vecinos de Carre\u00f1o podr\u00e1n disfrutar de una excursi\u00f3n, cuya duraci\u00f3n ser\u00e1 de unas diez horas, entra las 09:00 de la ma\u00f1ana y las 19:00 horas, el punto recogida y llegada del autob\u00fas ser\u00e1 el Teatro Prendes. La ruta transcurrir\u00e1 por la \u201cV\u00eda verde del R\u00edo Eo\u201d en el concejo\" \/>\n\t\t<meta name=\"twitter:creator\" content=\"@nbasturias\" \/>\n\t\t<meta name=\"twitter:image\" content=\"https:\/\/candas365.es\/noticias\/wp-content\/uploads\/2018\/05\/455338_960_720.jpg\" \/>\n\t\t<meta name=\"twitter:label1\" content=\"Escrito por\" \/>\n\t\t<meta name=\"twitter:data1\" content=\"Cand\u00e1s 365\" \/>\n\t\t<meta name=\"twitter:label2\" content=\"Tiempo de lectura estimado\" \/>\n\t\t<meta name=\"twitter:data2\" content=\"1 minuto\" \/>\n\t\t<script type=\"application\/ld+json\" class=\"aioseo-schema\">\n\t\t\t{\"@context\":\"https:\\\/\\\/schema.org\",\"@graph\":[{\"@type\":\"BreadcrumbList\",\"@id\":\"https:\\\/\\\/candas365.es\\\/noticias\\\/el-19-de-mayo-vuelve-caleyando-carreno\\\/#breadcrumblist\",\"itemListElement\":[{\"@type\":\"ListItem\",\"@id\":\"https:\\\/\\\/candas365.es\\\/noticias#listItem\",\"position\":1,\"name\":\"Home\",\"item\":\"https:\\\/\\\/candas365.es\\\/noticias\",\"nextItem\":{\"@type\":\"ListItem\",\"@id\":\"https:\\\/\\\/candas365.es\\\/noticias\\\/category\\\/noticias-carreno\\\/#listItem\",\"name\":\"Noticias Carre\\u00f1o\"}},{\"@type\":\"ListItem\",\"@id\":\"https:\\\/\\\/candas365.es\\\/noticias\\\/category\\\/noticias-carreno\\\/#listItem\",\"position\":2,\"name\":\"Noticias Carre\\u00f1o\",\"item\":\"https:\\\/\\\/candas365.es\\\/noticias\\\/category\\\/noticias-carreno\\\/\",\"nextItem\":{\"@type\":\"ListItem\",\"@id\":\"https:\\\/\\\/candas365.es\\\/noticias\\\/el-19-de-mayo-vuelve-caleyando-carreno\\\/#listItem\",\"name\":\"El 19 de mayo vuelve \\u201cCaleyando Carre\\u00f1o\\u201d\"},\"previousItem\":{\"@type\":\"ListItem\",\"@id\":\"https:\\\/\\\/candas365.es\\\/noticias#listItem\",\"name\":\"Home\"}},{\"@type\":\"ListItem\",\"@id\":\"https:\\\/\\\/candas365.es\\\/noticias\\\/el-19-de-mayo-vuelve-caleyando-carreno\\\/#listItem\",\"position\":3,\"name\":\"El 19 de mayo vuelve \\u201cCaleyando Carre\\u00f1o\\u201d\",\"previousItem\":{\"@type\":\"ListItem\",\"@id\":\"https:\\\/\\\/candas365.es\\\/noticias\\\/category\\\/noticias-carreno\\\/#listItem\",\"name\":\"Noticias Carre\\u00f1o\"}}]},{\"@type\":\"NewsArticle\",\"@id\":\"https:\\\/\\\/candas365.es\\\/noticias\\\/el-19-de-mayo-vuelve-caleyando-carreno\\\/#newsarticle\",\"name\":\"El 19 de mayo vuelve \\u201cCaleyando Carre\\u00f1o\\u201d | Cand\\u00e1s 365\",\"headline\":\"El 19 de mayo vuelve \\u201cCaleyando Carre\\u00f1o\\u201d\",\"author\":{\"@id\":\"https:\\\/\\\/candas365.es\\\/noticias\\\/author\\\/admin\\\/#author\"},\"publisher\":{\"@id\":\"https:\\\/\\\/candas365.es\\\/noticias\\\/#organization\"},\"image\":{\"@type\":\"ImageObject\",\"url\":\"https:\\\/\\\/candas365.es\\\/noticias\\\/wp-content\\\/uploads\\\/2018\\\/05\\\/455338_960_720.jpg\",\"width\":960,\"height\":575},\"datePublished\":\"2018-05-13T15:49:48+02:00\",\"dateModified\":\"2018-05-13T15:49:48+02:00\",\"inLanguage\":\"es-ES\",\"mainEntityOfPage\":{\"@id\":\"https:\\\/\\\/candas365.es\\\/noticias\\\/el-19-de-mayo-vuelve-caleyando-carreno\\\/#webpage\"},\"isPartOf\":{\"@id\":\"https:\\\/\\\/candas365.es\\\/noticias\\\/el-19-de-mayo-vuelve-caleyando-carreno\\\/#webpage\"},\"articleSection\":\"Noticias Carre\\u00f1o\",\"dateline\":\"Publicado el mayo 13, 2018.\"},{\"@type\":\"Organization\",\"@id\":\"https:\\\/\\\/candas365.es\\\/noticias\\\/#organization\",\"name\":\"Cand\\u00e1s 365\",\"description\":\"Cand\\u00e1s 365 es un diario digital independiente, fundado en 2012, con base en Asturias. Informamos con rigor sobre actualidad, sociedad, cultura y ocio, con una mirada local y global.\",\"url\":\"https:\\\/\\\/candas365.es\\\/noticias\\\/\",\"email\":\"info@candas365.es\",\"telephone\":\"+34652131393\",\"foundingDate\":\"2012-06-10\",\"logo\":{\"@type\":\"ImageObject\",\"url\":\"https:\\\/\\\/candas365.es\\\/noticias\\\/wp-content\\\/uploads\\\/2024\\\/09\\\/Candas-365-Redes.jpg\",\"@id\":\"https:\\\/\\\/candas365.es\\\/noticias\\\/el-19-de-mayo-vuelve-caleyando-carreno\\\/#organizationLogo\",\"width\":1152,\"height\":864,\"caption\":\"Cand\\u00e1s 365 Redes\"},\"image\":{\"@id\":\"https:\\\/\\\/candas365.es\\\/noticias\\\/el-19-de-mayo-vuelve-caleyando-carreno\\\/#organizationLogo\"},\"sameAs\":[\"https:\\\/\\\/www.facebook.com\\\/Nachofdezber\",\"https:\\\/\\\/x.com\\\/NabercoDigital\",\"https:\\\/\\\/www.instagram.com\\\/nachofdezber\\\/\",\"https:\\\/\\\/www.youtube.com\\\/channel\\\/UCZP-2wLEB9Rv6erhFmqVnvg\"],\"address\":{\"@id\":\"https:\\\/\\\/candas365.es\\\/noticias\\\/#postaladdress\",\"@type\":\"PostalAddress\",\"streetAddress\":\"san antonio 4, san antonio 4\",\"postalCode\":\"33430\",\"addressLocality\":\"Cand\\u00e1s\",\"addressRegion\":\"Asturias\",\"addressCountry\":\"ES\"}},{\"@type\":\"Person\",\"@id\":\"https:\\\/\\\/candas365.es\\\/noticias\\\/author\\\/admin\\\/#author\",\"url\":\"https:\\\/\\\/candas365.es\\\/noticias\\\/author\\\/admin\\\/\",\"name\":\"Cand\\u00e1s 365\",\"image\":{\"@type\":\"ImageObject\",\"@id\":\"https:\\\/\\\/candas365.es\\\/noticias\\\/el-19-de-mayo-vuelve-caleyando-carreno\\\/#authorImage\",\"url\":\"https:\\\/\\\/secure.gravatar.com\\\/avatar\\\/496a8e03d0c493ede1718b7934145dbdf8d89be1036b0eec9544e1094c9de390?s=96&d=mm&r=g\",\"width\":96,\"height\":96,\"caption\":\"Cand\\u00e1s 365\"},\"sameAs\":[\"https:\\\/\\\/www.facebook.com\\\/carrenoactualidad\",\"https:\\\/\\\/twitter.com\\\/nbasturias\",\"https:\\\/\\\/www.instagram.com\\\/nachofdezber\\\/\",\"https:\\\/\\\/www.youtube.com\\\/channel\\\/UCZP-2wLEB9Rv6erhFmqVnvg\"]},{\"@type\":\"WebPage\",\"@id\":\"https:\\\/\\\/candas365.es\\\/noticias\\\/el-19-de-mayo-vuelve-caleyando-carreno\\\/#webpage\",\"url\":\"https:\\\/\\\/candas365.es\\\/noticias\\\/el-19-de-mayo-vuelve-caleyando-carreno\\\/\",\"name\":\"El 19 de mayo vuelve \\u201cCaleyando Carre\\u00f1o\\u201d | Cand\\u00e1s 365\",\"description\":\"El s\\u00e1bado 19 de mayo los vecinos de Carre\\u00f1o podr\\u00e1n disfrutar de una excursi\\u00f3n, cuya duraci\\u00f3n ser\\u00e1 de unas diez horas, entra las 09:00 de la ma\\u00f1ana y las 19:00 horas, el punto recogida y llegada del autob\\u00fas ser\\u00e1 el Teatro Prendes. La ruta transcurrir\\u00e1 por la \\u201cV\\u00eda verde del R\\u00edo Eo\\u201d en el concejo\",\"inLanguage\":\"es-ES\",\"isPartOf\":{\"@id\":\"https:\\\/\\\/candas365.es\\\/noticias\\\/#website\"},\"breadcrumb\":{\"@id\":\"https:\\\/\\\/candas365.es\\\/noticias\\\/el-19-de-mayo-vuelve-caleyando-carreno\\\/#breadcrumblist\"},\"author\":{\"@id\":\"https:\\\/\\\/candas365.es\\\/noticias\\\/author\\\/admin\\\/#author\"},\"creator\":{\"@id\":\"https:\\\/\\\/candas365.es\\\/noticias\\\/author\\\/admin\\\/#author\"},\"image\":{\"@type\":\"ImageObject\",\"url\":\"https:\\\/\\\/candas365.es\\\/noticias\\\/wp-content\\\/uploads\\\/2018\\\/05\\\/455338_960_720.jpg\",\"@id\":\"https:\\\/\\\/candas365.es\\\/noticias\\\/el-19-de-mayo-vuelve-caleyando-carreno\\\/#mainImage\",\"width\":960,\"height\":575},\"primaryImageOfPage\":{\"@id\":\"https:\\\/\\\/candas365.es\\\/noticias\\\/el-19-de-mayo-vuelve-caleyando-carreno\\\/#mainImage\"},\"datePublished\":\"2018-05-13T15:49:48+02:00\",\"dateModified\":\"2018-05-13T15:49:48+02:00\"},{\"@type\":\"WebSite\",\"@id\":\"https:\\\/\\\/candas365.es\\\/noticias\\\/#website\",\"url\":\"https:\\\/\\\/candas365.es\\\/noticias\\\/\",\"name\":\"Cand\\u00e1s 365\",\"alternateName\":\"Cand\\u00e1s 365 Noticias\",\"description\":\"Actualidad desde Carre\\u00f1o para el mundo\",\"inLanguage\":\"es-ES\",\"publisher\":{\"@id\":\"https:\\\/\\\/candas365.es\\\/noticias\\\/#organization\"}}]}\n\t\t<\/script>\n\t\t<!-- All in One SEO Pro -->\r\n\t\t<title>El 19 de mayo vuelve \u201cCaleyando Carre\u00f1o\u201d | Cand\u00e1s 365<\/title>\n\n","aioseo_head_json":{"title":"El 19 de mayo vuelve \u201cCaleyando Carre\u00f1o\u201d | Cand\u00e1s 365","description":"El s\u00e1bado 19 de mayo los vecinos de Carre\u00f1o podr\u00e1n disfrutar de una excursi\u00f3n, cuya duraci\u00f3n ser\u00e1 de unas diez horas, entra las 09:00 de la ma\u00f1ana y las 19:00 horas, el punto recogida y llegada del autob\u00fas ser\u00e1 el Teatro Prendes. La ruta transcurrir\u00e1 por la \u201cV\u00eda verde del R\u00edo Eo\u201d en el concejo","canonical_url":"https:\/\/candas365.es\/noticias\/el-19-de-mayo-vuelve-caleyando-carreno\/","robots":"max-image-preview:large","keywords":"noticias carre\u00f1o","webmasterTools":{"google-site-verification":"UA-32230408-1","msvalidate.01":"354F3CDFB2DA171B47FBE9ABF1F88D5","miscellaneous":""},"schema":{"@context":"https:\/\/schema.org","@graph":[{"@type":"BreadcrumbList","@id":"https:\/\/candas365.es\/noticias\/el-19-de-mayo-vuelve-caleyando-carreno\/#breadcrumblist","itemListElement":[{"@type":"ListItem","@id":"https:\/\/candas365.es\/noticias#listItem","position":1,"name":"Home","item":"https:\/\/candas365.es\/noticias","nextItem":{"@type":"ListItem","@id":"https:\/\/candas365.es\/noticias\/category\/noticias-carreno\/#listItem","name":"Noticias Carre\u00f1o"}},{"@type":"ListItem","@id":"https:\/\/candas365.es\/noticias\/category\/noticias-carreno\/#listItem","position":2,"name":"Noticias Carre\u00f1o","item":"https:\/\/candas365.es\/noticias\/category\/noticias-carreno\/","nextItem":{"@type":"ListItem","@id":"https:\/\/candas365.es\/noticias\/el-19-de-mayo-vuelve-caleyando-carreno\/#listItem","name":"El 19 de mayo vuelve \u201cCaleyando Carre\u00f1o\u201d"},"previousItem":{"@type":"ListItem","@id":"https:\/\/candas365.es\/noticias#listItem","name":"Home"}},{"@type":"ListItem","@id":"https:\/\/candas365.es\/noticias\/el-19-de-mayo-vuelve-caleyando-carreno\/#listItem","position":3,"name":"El 19 de mayo vuelve \u201cCaleyando Carre\u00f1o\u201d","previousItem":{"@type":"ListItem","@id":"https:\/\/candas365.es\/noticias\/category\/noticias-carreno\/#listItem","name":"Noticias Carre\u00f1o"}}]},{"@type":"NewsArticle","@id":"https:\/\/candas365.es\/noticias\/el-19-de-mayo-vuelve-caleyando-carreno\/#newsarticle","name":"El 19 de mayo vuelve \u201cCaleyando Carre\u00f1o\u201d | Cand\u00e1s 365","headline":"El 19 de mayo vuelve \u201cCaleyando Carre\u00f1o\u201d","author":{"@id":"https:\/\/candas365.es\/noticias\/author\/admin\/#author"},"publisher":{"@id":"https:\/\/candas365.es\/noticias\/#organization"},"image":{"@type":"ImageObject","url":"https:\/\/candas365.es\/noticias\/wp-content\/uploads\/2018\/05\/455338_960_720.jpg","width":960,"height":575},"datePublished":"2018-05-13T15:49:48+02:00","dateModified":"2018-05-13T15:49:48+02:00","inLanguage":"es-ES","mainEntityOfPage":{"@id":"https:\/\/candas365.es\/noticias\/el-19-de-mayo-vuelve-caleyando-carreno\/#webpage"},"isPartOf":{"@id":"https:\/\/candas365.es\/noticias\/el-19-de-mayo-vuelve-caleyando-carreno\/#webpage"},"articleSection":"Noticias Carre\u00f1o","dateline":"Publicado el mayo 13, 2018."},{"@type":"Organization","@id":"https:\/\/candas365.es\/noticias\/#organization","name":"Cand\u00e1s 365","description":"Cand\u00e1s 365 es un diario digital independiente, fundado en 2012, con base en Asturias. Informamos con rigor sobre actualidad, sociedad, cultura y ocio, con una mirada local y global.","url":"https:\/\/candas365.es\/noticias\/","email":"info@candas365.es","telephone":"+34652131393","foundingDate":"2012-06-10","logo":{"@type":"ImageObject","url":"https:\/\/candas365.es\/noticias\/wp-content\/uploads\/2024\/09\/Candas-365-Redes.jpg","@id":"https:\/\/candas365.es\/noticias\/el-19-de-mayo-vuelve-caleyando-carreno\/#organizationLogo","width":1152,"height":864,"caption":"Cand\u00e1s 365 Redes"},"image":{"@id":"https:\/\/candas365.es\/noticias\/el-19-de-mayo-vuelve-caleyando-carreno\/#organizationLogo"},"sameAs":["https:\/\/www.facebook.com\/Nachofdezber","https:\/\/x.com\/NabercoDigital","https:\/\/www.instagram.com\/nachofdezber\/","https:\/\/www.youtube.com\/channel\/UCZP-2wLEB9Rv6erhFmqVnvg"],"address":{"@id":"https:\/\/candas365.es\/noticias\/#postaladdress","@type":"PostalAddress","streetAddress":"san antonio 4, san antonio 4","postalCode":"33430","addressLocality":"Cand\u00e1s","addressRegion":"Asturias","addressCountry":"ES"}},{"@type":"Person","@id":"https:\/\/candas365.es\/noticias\/author\/admin\/#author","url":"https:\/\/candas365.es\/noticias\/author\/admin\/","name":"Cand\u00e1s 365","image":{"@type":"ImageObject","@id":"https:\/\/candas365.es\/noticias\/el-19-de-mayo-vuelve-caleyando-carreno\/#authorImage","url":"https:\/\/secure.gravatar.com\/avatar\/496a8e03d0c493ede1718b7934145dbdf8d89be1036b0eec9544e1094c9de390?s=96&d=mm&r=g","width":96,"height":96,"caption":"Cand\u00e1s 365"},"sameAs":["https:\/\/www.facebook.com\/carrenoactualidad","https:\/\/twitter.com\/nbasturias","https:\/\/www.instagram.com\/nachofdezber\/","https:\/\/www.youtube.com\/channel\/UCZP-2wLEB9Rv6erhFmqVnvg"]},{"@type":"WebPage","@id":"https:\/\/candas365.es\/noticias\/el-19-de-mayo-vuelve-caleyando-carreno\/#webpage","url":"https:\/\/candas365.es\/noticias\/el-19-de-mayo-vuelve-caleyando-carreno\/","name":"El 19 de mayo vuelve \u201cCaleyando Carre\u00f1o\u201d | Cand\u00e1s 365","description":"El s\u00e1bado 19 de mayo los vecinos de Carre\u00f1o podr\u00e1n disfrutar de una excursi\u00f3n, cuya duraci\u00f3n ser\u00e1 de unas diez horas, entra las 09:00 de la ma\u00f1ana y las 19:00 horas, el punto recogida y llegada del autob\u00fas ser\u00e1 el Teatro Prendes. La ruta transcurrir\u00e1 por la \u201cV\u00eda verde del R\u00edo Eo\u201d en el concejo","inLanguage":"es-ES","isPartOf":{"@id":"https:\/\/candas365.es\/noticias\/#website"},"breadcrumb":{"@id":"https:\/\/candas365.es\/noticias\/el-19-de-mayo-vuelve-caleyando-carreno\/#breadcrumblist"},"author":{"@id":"https:\/\/candas365.es\/noticias\/author\/admin\/#author"},"creator":{"@id":"https:\/\/candas365.es\/noticias\/author\/admin\/#author"},"image":{"@type":"ImageObject","url":"https:\/\/candas365.es\/noticias\/wp-content\/uploads\/2018\/05\/455338_960_720.jpg","@id":"https:\/\/candas365.es\/noticias\/el-19-de-mayo-vuelve-caleyando-carreno\/#mainImage","width":960,"height":575},"primaryImageOfPage":{"@id":"https:\/\/candas365.es\/noticias\/el-19-de-mayo-vuelve-caleyando-carreno\/#mainImage"},"datePublished":"2018-05-13T15:49:48+02:00","dateModified":"2018-05-13T15:49:48+02:00"},{"@type":"WebSite","@id":"https:\/\/candas365.es\/noticias\/#website","url":"https:\/\/candas365.es\/noticias\/","name":"Cand\u00e1s 365","alternateName":"Cand\u00e1s 365 Noticias","description":"Actualidad desde Carre\u00f1o para el mundo","inLanguage":"es-ES","publisher":{"@id":"https:\/\/candas365.es\/noticias\/#organization"}}]},"og:locale":"es_ES","og:site_name":"Cand\u00e1s 365","og:type":"article","og:title":"El 19 de mayo vuelve \u201cCaleyando Carre\u00f1o\u201d | Cand\u00e1s 365","og:description":"El s\u00e1bado 19 de mayo los vecinos de Carre\u00f1o podr\u00e1n disfrutar de una excursi\u00f3n, cuya duraci\u00f3n ser\u00e1 de unas diez horas, entra las 09:00 de la ma\u00f1ana y las 19:00 horas, el punto recogida y llegada del autob\u00fas ser\u00e1 el Teatro Prendes. La ruta transcurrir\u00e1 por la \u201cV\u00eda verde del R\u00edo Eo\u201d en el concejo","og:url":"https:\/\/candas365.es\/noticias\/el-19-de-mayo-vuelve-caleyando-carreno\/","og:image":"https:\/\/candas365.es\/noticias\/wp-content\/uploads\/2018\/05\/455338_960_720.jpg","og:image:secure_url":"https:\/\/candas365.es\/noticias\/wp-content\/uploads\/2018\/05\/455338_960_720.jpg","og:image:width":960,"og:image:height":575,"article:published_time":"2018-05-13T15:49:48+00:00","article:modified_time":"2018-05-13T15:49:48+00:00","article:publisher":"https:\/\/www.facebook.com\/Nachofdezber","article:author":"https:\/\/www.facebook.com\/carrenoactualidad","twitter:card":"summary_large_image","twitter:site":"@NabercoDigital","twitter:title":"El 19 de mayo vuelve \u201cCaleyando Carre\u00f1o\u201d | Cand\u00e1s 365","twitter:description":"El s\u00e1bado 19 de mayo los vecinos de Carre\u00f1o podr\u00e1n disfrutar de una excursi\u00f3n, cuya duraci\u00f3n ser\u00e1 de unas diez horas, entra las 09:00 de la ma\u00f1ana y las 19:00 horas, el punto recogida y llegada del autob\u00fas ser\u00e1 el Teatro Prendes. La ruta transcurrir\u00e1 por la \u201cV\u00eda verde del R\u00edo Eo\u201d en el concejo","twitter:creator":"@nbasturias","twitter:image":"https:\/\/candas365.es\/noticias\/wp-content\/uploads\/2018\/05\/455338_960_720.jpg","twitter:label1":"Escrito por","twitter:data1":"Cand\u00e1s 365","twitter:label2":"Tiempo de lectura estimado","twitter:data2":"1 minuto"},"aioseo_meta_data":{"post_id":"95702","title":null,"description":null,"keywords":null,"keyphrases":null,"primary_term":null,"canonical_url":null,"og_title":null,"og_description":null,"og_object_type":"default","og_image_type":"default","og_image_url":null,"og_image_width":null,"og_image_height":null,"og_image_custom_url":null,"og_image_custom_fields":null,"og_video":null,"og_custom_url":null,"og_article_section":null,"og_article_tags":null,"twitter_use_og":false,"twitter_card":"default","twitter_image_type":"default","twitter_image_url":null,"twitter_image_custom_url":null,"twitter_image_custom_fields":null,"twitter_title":null,"twitter_description":null,"schema":{"blockGraphs":[],"customGraphs":[],"default":{"data":{"Article":[],"Course":[],"Dataset":[],"FAQPage":[],"Movie":[],"Person":[],"Product":[],"ProductReview":[],"Car":[],"Recipe":[],"Service":[],"SoftwareApplication":[],"WebPage":[]},"graphName":"","isEnabled":true},"graphs":[]},"schema_type":null,"schema_type_options":null,"pillar_content":false,"robots_default":true,"robots_noindex":false,"robots_noarchive":false,"robots_nosnippet":false,"robots_nofollow":false,"robots_noimageindex":false,"robots_noodp":false,"robots_notranslate":false,"robots_max_snippet":null,"robots_max_videopreview":null,"robots_max_imagepreview":"large","priority":null,"frequency":null,"location":null,"local_seo":null,"seo_analyzer_scan_date":"2025-08-26 20:53:14","breadcrumb_settings":null,"limit_modified_date":false,"reviewed_by":null,"open_ai":null,"ai":null,"created":"2020-12-21 11:52:09","updated":"2025-08-26 20:53:14"},"aioseo_breadcrumb":"<div class=\"aioseo-breadcrumbs\"><span class=\"aioseo-breadcrumb\">\n\t<a href=\"https:\/\/candas365.es\/noticias\" title=\"Home\">Home<\/a>\n<\/span><span class=\"aioseo-breadcrumb-separator\">&ndash;<\/span><span class=\"aioseo-breadcrumb\">\n\t<a href=\"https:\/\/candas365.es\/noticias\/category\/noticias-carreno\/\" title=\"Noticias Carre\u00f1o\">Noticias Carre\u00f1o<\/a>\n<\/span><span class=\"aioseo-breadcrumb-separator\">&ndash;<\/span><span class=\"aioseo-breadcrumb\">\n\tEl 19 de mayo vuelve \u201cCaleyando Carre\u00f1o\u201d\n<\/span><\/div>","aioseo_breadcrumb_json":[{"label":"Home","link":"https:\/\/candas365.es\/noticias"},{"label":"Noticias Carre\u00f1o","link":"https:\/\/candas365.es\/noticias\/category\/noticias-carreno\/"},{"label":"El 19 de mayo vuelve \u201cCaleyando Carre\u00f1o\u201d","link":"https:\/\/candas365.es\/noticias\/el-19-de-mayo-vuelve-caleyando-carreno\/"}],"_links":{"self":[{"href":"https:\/\/candas365.es\/noticias\/wp-json\/wp\/v2\/posts\/95702","targetHints":{"allow":["GET"]}}],"collection":[{"href":"https:\/\/candas365.es\/noticias\/wp-json\/wp\/v2\/posts"}],"about":[{"href":"https:\/\/candas365.es\/noticias\/wp-json\/wp\/v2\/types\/post"}],"author":[{"embeddable":true,"href":"https:\/\/candas365.es\/noticias\/wp-json\/wp\/v2\/users\/1"}],"replies":[{"embeddable":true,"href":"https:\/\/candas365.es\/noticias\/wp-json\/wp\/v2\/comments?post=95702"}],"version-history":[{"count":0,"href":"https:\/\/candas365.es\/noticias\/wp-json\/wp\/v2\/posts\/95702\/revisions"}],"wp:featuredmedia":[{"embeddable":true,"href":"https:\/\/candas365.es\/noticias\/wp-json\/wp\/v2\/media\/95703"}],"wp:attachment":[{"href":"https:\/\/candas365.es\/noticias\/wp-json\/wp\/v2\/media?parent=95702"}],"wp:term":[{"taxonomy":"category","embeddable":true,"href":"https:\/\/candas365.es\/noticias\/wp-json\/wp\/v2\/categories?post=95702"},{"taxonomy":"post_tag","embeddable":true,"href":"https:\/\/candas365.es\/noticias\/wp-json\/wp\/v2\/tags?post=95702"}],"curies":[{"name":"wp","href":"https:\/\/api.w.org\/{rel}","templated":true}]}}