{"id":95652,"date":"2018-05-13T09:50:12","date_gmt":"2018-05-13T09:50:12","guid":{"rendered":"http:\/\/candas365.es\/noticias\/?p=95652"},"modified":"2018-05-13T09:50:45","modified_gmt":"2018-05-13T09:50:45","slug":"foro-pide-que-se-elimine-el-impuesto-de-sucesiones","status":"publish","type":"post","link":"https:\/\/candas365.es\/noticias\/foro-pide-que-se-elimine-el-impuesto-de-sucesiones\/","title":{"rendered":"FORO pide que se elimine el impuesto de sucesiones"},"content":{"rendered":"<p><img fetchpriority=\"high\" decoding=\"async\" class=\"alignleft size-medium wp-image-95653\" src=\"https:\/\/candas365.es\/noticias\/wp-content\/uploads\/2018\/05\/Cristina-Coto-360x265.jpg\" alt=\"\" width=\"360\" height=\"265\" srcset=\"https:\/\/candas365.es\/noticias\/wp-content\/uploads\/2018\/05\/Cristina-Coto-360x265.jpg 360w, https:\/\/candas365.es\/noticias\/wp-content\/uploads\/2018\/05\/Cristina-Coto-768x566.jpg 768w, https:\/\/candas365.es\/noticias\/wp-content\/uploads\/2018\/05\/Cristina-Coto-651x480.jpg 651w, https:\/\/candas365.es\/noticias\/wp-content\/uploads\/2018\/05\/Cristina-Coto-80x60.jpg 80w, https:\/\/candas365.es\/noticias\/wp-content\/uploads\/2018\/05\/Cristina-Coto-696x513.jpg 696w, https:\/\/candas365.es\/noticias\/wp-content\/uploads\/2018\/05\/Cristina-Coto-570x420.jpg 570w, https:\/\/candas365.es\/noticias\/wp-content\/uploads\/2018\/05\/Cristina-Coto.jpg 901w\" sizes=\"(max-width: 360px) 100vw, 360px\" \/>La presidenta de FORO, Cristina Coto, compareci\u00f3 ante los medios informativos para denunciar la situaci\u00f3n de Asturias en cuanto al Impuesto de Sucesiones en relaci\u00f3n a otras CC.AA. \u201cSi en enero fueron Andaluc\u00eda y Extremadura las CC.AA. que acordaron importantes rebajas en materia de Impuesto de Sucesiones para los herederos directos, con la elevaci\u00f3n del m\u00ednimo exento hasta el mill\u00f3n de euros en el primer caso, y la bonificaci\u00f3n del 99%, en el segundo, es ahora en Arag\u00f3n donde el PSOE y Ciudadanos ultiman un acuerdo para bonificar en un 99% las herencias de los aragoneses hasta los 500.000 euros\u201d, se\u00f1al\u00f3.<\/p>\n<p>Este \u00faltimo paso que se da en Arag\u00f3n supone que \u201ctras este acuerdo que eleva a 500.000 euros el m\u00ednimo exento en Arag\u00f3n, Asturias vuelve a encabezar el podio estatal en el atraco fiscal que representa el Impuesto de Sucesiones. Los socialistas mueven ficha por tanto tambi\u00e9n en Arag\u00f3n con una reforma que vuelve a empeque\u00f1ecer la modificaci\u00f3n que el Gobierno del PSOE en el Principado acord\u00f3 con el PP el a\u00f1o pasado\u201d.<\/p>\n<p>\u201cLos pasos que van dando el resto de CC.AA. \u2013resalt\u00f3 Cristina Coto- constatan la falta de ambici\u00f3n del PSOE y del PP en su \u00faltimo acuerdo presupuestario, al dejar en 300.000 euros el m\u00ednimo exento, y por ese motivo FORO defender\u00e1 por 12\u00aa ocasi\u00f3n en la Junta General la supresi\u00f3n del impuesto de sucesiones en Asturias, un robo a los patrimonios personales y familiares de consecuencias deslocalizadoras para nuestras empresas. Y ello porque nuestra posici\u00f3n es firme desde nuestro primer programa electoral en 2011 y no pasa por elevar m\u00e1s o menos los m\u00ednimos exentos sino por una supresi\u00f3n de uno de los impuestos m\u00e1s da\u00f1inos e injustificables que existen, cuyos fines son claramente confiscatorios\u201d.<\/p>\n<p>La presidenta de FORO resalt\u00f3 que \u201clo que el Gobierno aragon\u00e9s aprobar\u00e1 pr\u00f3ximamente es una elevaci\u00f3n del m\u00ednimo exento del Impuesto sobre Sucesiones derivada del acuerdo adoptado con su socio Ciudadanos, si bien s\u00f3lo lo hace s\u00f3lo para el primer grado de parentesco y ampl\u00eda las bonificaciones para donaciones de padres a hijos o las transmisiones de empresas. No estar\u00eda de m\u00e1s que Javier Fern\u00e1ndez escuchara a su hom\u00f3logo Lamb\u00e1n que, tras muchos a\u00f1os, ha cedido, seguramente menos por convicci\u00f3n que por necesidad a la hora de reconocer lo sangrante de este impuesto\u201d.<\/p>\n<p>En todo caso, \u201cpara FORO lo que va a hacer Arag\u00f3n sigue siendo insuficiente, por eso reclamamos la supresi\u00f3n total del impuesto, pero no podemos obviar que es m\u00e1s de lo que se ha hecho en Asturias\u201d, a\u00f1adi\u00f3.<\/p>\n<p>Cristina Coto finaliz\u00f3 con dos reflexiones: \u201cLa primera, valorando como profundamente regresiva la posici\u00f3n del gobierno que ayer mismo se reflejaba en los medios de comunicaci\u00f3n, descartando nuevamente cualquier avance en esta materia, y con un matiz: una vez que de facto est\u00e1 operando el tripartito de izquierdas, PSOE, Podemos e IU, todo apunta a la continuidad de la sangr\u00eda fiscal en Asturias. La segunda, hoy hablamos de Sucesiones, pero la carga fiscal en Asturias en sangrante en t\u00e9rminos generales, tambi\u00e9n somos los primeros en presi\u00f3n fiscal, en t\u00e9rminos generales. Y por ello FORO sigue apostando por la eliminaci\u00f3n de este impuesto en el marco de una profunda reforma fiscal, ya que en materia fiscal exigimos una ambiciosa reforma fiscal cuya primera medida es la eliminaci\u00f3n del Impuesto de Sucesiones y Donaciones en Asturias, pero tambi\u00e9n contemplamos la eliminaci\u00f3n del Impuesto sobre el Patrimonio, la sustituci\u00f3n en los tipos impositivos del Impuesto de Transmisiones Patrimoniales y Actos Jur\u00eddicos Documentados de las tarifas auton\u00f3micas actuales del 8%, 9% y 10% por un tipo \u00fanico del 7% o la reducci\u00f3n de la tarifa auton\u00f3mica del Impuesto sobre la Renta de las Personas F\u00edsicas (IRPF) en todos sus tramos y de forma progresiva no superando el \u00faltimo de ellos el tipo del 21%, incluyendo deducciones por gastos sanitarios\u201d.<\/p>\n","protected":false},"excerpt":{"rendered":"<p>La presidenta de FORO, Cristina Coto, compareci\u00f3 ante los medios informativos para denunciar la situaci\u00f3n de Asturias en cuanto al Impuesto de Sucesiones en relaci\u00f3n a otras CC.AA. \u201cSi en enero fueron Andaluc\u00eda y Extremadura las CC.AA. que acordaron importantes rebajas en materia de Impuesto de Sucesiones para los herederos directos, con la elevaci\u00f3n del<\/p>\n","protected":false},"author":1,"featured_media":95653,"comment_status":"closed","ping_status":"closed","sticky":false,"template":"","format":"standard","meta":{"footnotes":""},"categories":[7],"tags":[],"class_list":{"0":"post-95652","1":"post","2":"type-post","3":"status-publish","4":"format-standard","5":"has-post-thumbnail","7":"category-asturias"},"aioseo_notices":[],"aioseo_head":"\n\t\t<!-- All in One SEO Pro 4.9.6.2 - aioseo.com -->\n\t<meta name=\"description\" content=\"La presidenta de FORO, Cristina Coto, compareci\u00f3 ante los medios informativos para denunciar la situaci\u00f3n de Asturias en cuanto al Impuesto de Sucesiones en relaci\u00f3n a otras CC.AA. \u201cSi en enero fueron Andaluc\u00eda y Extremadura las CC.AA. que acordaron importantes rebajas en materia de Impuesto de Sucesiones para los herederos directos, con la elevaci\u00f3n del\" \/>\n\t<meta name=\"robots\" content=\"max-image-preview:large\" \/>\n\t<meta name=\"author\" content=\"Cand\u00e1s 365\"\/>\n\t<meta name=\"google-site-verification\" content=\"UA-32230408-1\" \/>\n\t<meta name=\"msvalidate.01\" content=\"354F3CDFB2DA171B47FBE9ABF1F88D5\" \/>\n\t<meta name=\"keywords\" content=\"asturias\" \/>\n\t<link rel=\"canonical\" href=\"https:\/\/candas365.es\/noticias\/foro-pide-que-se-elimine-el-impuesto-de-sucesiones\/\" \/>\n\t<meta name=\"generator\" content=\"All in One SEO Pro (AIOSEO) 4.9.6.2\" \/>\n\t\t<meta property=\"og:locale\" content=\"es_ES\" \/>\n\t\t<meta property=\"og:site_name\" content=\"Cand\u00e1s 365\" \/>\n\t\t<meta property=\"og:type\" content=\"article\" \/>\n\t\t<meta property=\"og:title\" content=\"FORO pide que se elimine el impuesto de sucesiones | Cand\u00e1s 365\" \/>\n\t\t<meta property=\"og:description\" content=\"La presidenta de FORO, Cristina Coto, compareci\u00f3 ante los medios informativos para denunciar la situaci\u00f3n de Asturias en cuanto al Impuesto de Sucesiones en relaci\u00f3n a otras CC.AA. \u201cSi en enero fueron Andaluc\u00eda y Extremadura las CC.AA. que acordaron importantes rebajas en materia de Impuesto de Sucesiones para los herederos directos, con la elevaci\u00f3n del\" \/>\n\t\t<meta property=\"og:url\" content=\"https:\/\/candas365.es\/noticias\/foro-pide-que-se-elimine-el-impuesto-de-sucesiones\/\" \/>\n\t\t<meta property=\"og:image\" content=\"https:\/\/candas365.es\/noticias\/wp-content\/uploads\/2018\/05\/Cristina-Coto.jpg\" \/>\n\t\t<meta property=\"og:image:secure_url\" content=\"https:\/\/candas365.es\/noticias\/wp-content\/uploads\/2018\/05\/Cristina-Coto.jpg\" \/>\n\t\t<meta property=\"og:image:width\" content=\"901\" \/>\n\t\t<meta property=\"og:image:height\" content=\"664\" \/>\n\t\t<meta property=\"article:published_time\" content=\"2018-05-13T09:50:12+00:00\" \/>\n\t\t<meta property=\"article:modified_time\" content=\"2018-05-13T09:50:45+00:00\" \/>\n\t\t<meta property=\"article:publisher\" content=\"https:\/\/www.facebook.com\/Nachofdezber\" \/>\n\t\t<meta property=\"article:author\" content=\"https:\/\/www.facebook.com\/carrenoactualidad\" \/>\n\t\t<meta name=\"twitter:card\" content=\"summary_large_image\" \/>\n\t\t<meta name=\"twitter:site\" content=\"@NabercoDigital\" \/>\n\t\t<meta name=\"twitter:title\" content=\"FORO pide que se elimine el impuesto de sucesiones | Cand\u00e1s 365\" \/>\n\t\t<meta name=\"twitter:description\" content=\"La presidenta de FORO, Cristina Coto, compareci\u00f3 ante los medios informativos para denunciar la situaci\u00f3n de Asturias en cuanto al Impuesto de Sucesiones en relaci\u00f3n a otras CC.AA. \u201cSi en enero fueron Andaluc\u00eda y Extremadura las CC.AA. que acordaron importantes rebajas en materia de Impuesto de Sucesiones para los herederos directos, con la elevaci\u00f3n del\" \/>\n\t\t<meta name=\"twitter:creator\" content=\"@nbasturias\" \/>\n\t\t<meta name=\"twitter:image\" content=\"https:\/\/candas365.es\/noticias\/wp-content\/uploads\/2018\/05\/Cristina-Coto.jpg\" \/>\n\t\t<meta name=\"twitter:label1\" content=\"Escrito por\" \/>\n\t\t<meta name=\"twitter:data1\" content=\"Cand\u00e1s 365\" \/>\n\t\t<meta name=\"twitter:label2\" content=\"Tiempo de lectura estimado\" \/>\n\t\t<meta name=\"twitter:data2\" content=\"3 minutos\" \/>\n\t\t<script type=\"application\/ld+json\" class=\"aioseo-schema\">\n\t\t\t{\"@context\":\"https:\\\/\\\/schema.org\",\"@graph\":[{\"@type\":\"BreadcrumbList\",\"@id\":\"https:\\\/\\\/candas365.es\\\/noticias\\\/foro-pide-que-se-elimine-el-impuesto-de-sucesiones\\\/#breadcrumblist\",\"itemListElement\":[{\"@type\":\"ListItem\",\"@id\":\"https:\\\/\\\/candas365.es\\\/noticias#listItem\",\"position\":1,\"name\":\"Home\",\"item\":\"https:\\\/\\\/candas365.es\\\/noticias\",\"nextItem\":{\"@type\":\"ListItem\",\"@id\":\"https:\\\/\\\/candas365.es\\\/noticias\\\/category\\\/asturias\\\/#listItem\",\"name\":\"Asturias\"}},{\"@type\":\"ListItem\",\"@id\":\"https:\\\/\\\/candas365.es\\\/noticias\\\/category\\\/asturias\\\/#listItem\",\"position\":2,\"name\":\"Asturias\",\"item\":\"https:\\\/\\\/candas365.es\\\/noticias\\\/category\\\/asturias\\\/\",\"nextItem\":{\"@type\":\"ListItem\",\"@id\":\"https:\\\/\\\/candas365.es\\\/noticias\\\/foro-pide-que-se-elimine-el-impuesto-de-sucesiones\\\/#listItem\",\"name\":\"FORO pide que se elimine el impuesto de sucesiones\"},\"previousItem\":{\"@type\":\"ListItem\",\"@id\":\"https:\\\/\\\/candas365.es\\\/noticias#listItem\",\"name\":\"Home\"}},{\"@type\":\"ListItem\",\"@id\":\"https:\\\/\\\/candas365.es\\\/noticias\\\/foro-pide-que-se-elimine-el-impuesto-de-sucesiones\\\/#listItem\",\"position\":3,\"name\":\"FORO pide que se elimine el impuesto de sucesiones\",\"previousItem\":{\"@type\":\"ListItem\",\"@id\":\"https:\\\/\\\/candas365.es\\\/noticias\\\/category\\\/asturias\\\/#listItem\",\"name\":\"Asturias\"}}]},{\"@type\":\"NewsArticle\",\"@id\":\"https:\\\/\\\/candas365.es\\\/noticias\\\/foro-pide-que-se-elimine-el-impuesto-de-sucesiones\\\/#newsarticle\",\"name\":\"FORO pide que se elimine el impuesto de sucesiones | Cand\\u00e1s 365\",\"headline\":\"FORO pide que se elimine el impuesto de sucesiones\",\"author\":{\"@id\":\"https:\\\/\\\/candas365.es\\\/noticias\\\/author\\\/admin\\\/#author\"},\"publisher\":{\"@id\":\"https:\\\/\\\/candas365.es\\\/noticias\\\/#organization\"},\"image\":{\"@type\":\"ImageObject\",\"url\":\"https:\\\/\\\/candas365.es\\\/noticias\\\/wp-content\\\/uploads\\\/2018\\\/05\\\/Cristina-Coto.jpg\",\"width\":901,\"height\":664},\"datePublished\":\"2018-05-13T09:50:12+02:00\",\"dateModified\":\"2018-05-13T09:50:45+02:00\",\"inLanguage\":\"es-ES\",\"mainEntityOfPage\":{\"@id\":\"https:\\\/\\\/candas365.es\\\/noticias\\\/foro-pide-que-se-elimine-el-impuesto-de-sucesiones\\\/#webpage\"},\"isPartOf\":{\"@id\":\"https:\\\/\\\/candas365.es\\\/noticias\\\/foro-pide-que-se-elimine-el-impuesto-de-sucesiones\\\/#webpage\"},\"articleSection\":\"Asturias\",\"dateline\":\"Publicado el mayo 13, 2018.\"},{\"@type\":\"Organization\",\"@id\":\"https:\\\/\\\/candas365.es\\\/noticias\\\/#organization\",\"name\":\"Cand\\u00e1s 365\",\"description\":\"Cand\\u00e1s 365 es un diario digital independiente, fundado en 2012, con base en Asturias. Informamos con rigor sobre actualidad, sociedad, cultura y ocio, con una mirada local y global.\",\"url\":\"https:\\\/\\\/candas365.es\\\/noticias\\\/\",\"email\":\"info@candas365.es\",\"telephone\":\"+34652131393\",\"foundingDate\":\"2012-06-10\",\"logo\":{\"@type\":\"ImageObject\",\"url\":\"https:\\\/\\\/candas365.es\\\/noticias\\\/wp-content\\\/uploads\\\/2024\\\/09\\\/Candas-365-Redes.jpg\",\"@id\":\"https:\\\/\\\/candas365.es\\\/noticias\\\/foro-pide-que-se-elimine-el-impuesto-de-sucesiones\\\/#organizationLogo\",\"width\":1152,\"height\":864,\"caption\":\"Cand\\u00e1s 365 Redes\"},\"image\":{\"@id\":\"https:\\\/\\\/candas365.es\\\/noticias\\\/foro-pide-que-se-elimine-el-impuesto-de-sucesiones\\\/#organizationLogo\"},\"sameAs\":[\"https:\\\/\\\/www.facebook.com\\\/Nachofdezber\",\"https:\\\/\\\/x.com\\\/NabercoDigital\",\"https:\\\/\\\/www.instagram.com\\\/nachofdezber\\\/\",\"https:\\\/\\\/www.youtube.com\\\/channel\\\/UCZP-2wLEB9Rv6erhFmqVnvg\"],\"address\":{\"@id\":\"https:\\\/\\\/candas365.es\\\/noticias\\\/#postaladdress\",\"@type\":\"PostalAddress\",\"streetAddress\":\"san antonio 4, san antonio 4\",\"postalCode\":\"33430\",\"addressLocality\":\"Cand\\u00e1s\",\"addressRegion\":\"Asturias\",\"addressCountry\":\"ES\"}},{\"@type\":\"Person\",\"@id\":\"https:\\\/\\\/candas365.es\\\/noticias\\\/author\\\/admin\\\/#author\",\"url\":\"https:\\\/\\\/candas365.es\\\/noticias\\\/author\\\/admin\\\/\",\"name\":\"Cand\\u00e1s 365\",\"image\":{\"@type\":\"ImageObject\",\"@id\":\"https:\\\/\\\/candas365.es\\\/noticias\\\/foro-pide-que-se-elimine-el-impuesto-de-sucesiones\\\/#authorImage\",\"url\":\"https:\\\/\\\/secure.gravatar.com\\\/avatar\\\/496a8e03d0c493ede1718b7934145dbdf8d89be1036b0eec9544e1094c9de390?s=96&d=mm&r=g\",\"width\":96,\"height\":96,\"caption\":\"Cand\\u00e1s 365\"},\"sameAs\":[\"https:\\\/\\\/www.facebook.com\\\/carrenoactualidad\",\"https:\\\/\\\/twitter.com\\\/nbasturias\",\"https:\\\/\\\/www.instagram.com\\\/nachofdezber\\\/\",\"https:\\\/\\\/www.youtube.com\\\/channel\\\/UCZP-2wLEB9Rv6erhFmqVnvg\"]},{\"@type\":\"WebPage\",\"@id\":\"https:\\\/\\\/candas365.es\\\/noticias\\\/foro-pide-que-se-elimine-el-impuesto-de-sucesiones\\\/#webpage\",\"url\":\"https:\\\/\\\/candas365.es\\\/noticias\\\/foro-pide-que-se-elimine-el-impuesto-de-sucesiones\\\/\",\"name\":\"FORO pide que se elimine el impuesto de sucesiones | Cand\\u00e1s 365\",\"description\":\"La presidenta de FORO, Cristina Coto, compareci\\u00f3 ante los medios informativos para denunciar la situaci\\u00f3n de Asturias en cuanto al Impuesto de Sucesiones en relaci\\u00f3n a otras CC.AA. \\u201cSi en enero fueron Andaluc\\u00eda y Extremadura las CC.AA. que acordaron importantes rebajas en materia de Impuesto de Sucesiones para los herederos directos, con la elevaci\\u00f3n del\",\"inLanguage\":\"es-ES\",\"isPartOf\":{\"@id\":\"https:\\\/\\\/candas365.es\\\/noticias\\\/#website\"},\"breadcrumb\":{\"@id\":\"https:\\\/\\\/candas365.es\\\/noticias\\\/foro-pide-que-se-elimine-el-impuesto-de-sucesiones\\\/#breadcrumblist\"},\"author\":{\"@id\":\"https:\\\/\\\/candas365.es\\\/noticias\\\/author\\\/admin\\\/#author\"},\"creator\":{\"@id\":\"https:\\\/\\\/candas365.es\\\/noticias\\\/author\\\/admin\\\/#author\"},\"image\":{\"@type\":\"ImageObject\",\"url\":\"https:\\\/\\\/candas365.es\\\/noticias\\\/wp-content\\\/uploads\\\/2018\\\/05\\\/Cristina-Coto.jpg\",\"@id\":\"https:\\\/\\\/candas365.es\\\/noticias\\\/foro-pide-que-se-elimine-el-impuesto-de-sucesiones\\\/#mainImage\",\"width\":901,\"height\":664},\"primaryImageOfPage\":{\"@id\":\"https:\\\/\\\/candas365.es\\\/noticias\\\/foro-pide-que-se-elimine-el-impuesto-de-sucesiones\\\/#mainImage\"},\"datePublished\":\"2018-05-13T09:50:12+02:00\",\"dateModified\":\"2018-05-13T09:50:45+02:00\"},{\"@type\":\"WebSite\",\"@id\":\"https:\\\/\\\/candas365.es\\\/noticias\\\/#website\",\"url\":\"https:\\\/\\\/candas365.es\\\/noticias\\\/\",\"name\":\"Cand\\u00e1s 365\",\"alternateName\":\"Cand\\u00e1s 365 Noticias\",\"description\":\"Actualidad desde Carre\\u00f1o para el mundo\",\"inLanguage\":\"es-ES\",\"publisher\":{\"@id\":\"https:\\\/\\\/candas365.es\\\/noticias\\\/#organization\"}}]}\n\t\t<\/script>\n\t\t<!-- All in One SEO Pro -->\r\n\t\t<title>FORO pide que se elimine el impuesto de sucesiones | Cand\u00e1s 365<\/title>\n\n","aioseo_head_json":{"title":"FORO pide que se elimine el impuesto de sucesiones | Cand\u00e1s 365","description":"La presidenta de FORO, Cristina Coto, compareci\u00f3 ante los medios informativos para denunciar la situaci\u00f3n de Asturias en cuanto al Impuesto de Sucesiones en relaci\u00f3n a otras CC.AA. \u201cSi en enero fueron Andaluc\u00eda y Extremadura las CC.AA. que acordaron importantes rebajas en materia de Impuesto de Sucesiones para los herederos directos, con la elevaci\u00f3n del","canonical_url":"https:\/\/candas365.es\/noticias\/foro-pide-que-se-elimine-el-impuesto-de-sucesiones\/","robots":"max-image-preview:large","keywords":"asturias","webmasterTools":{"google-site-verification":"UA-32230408-1","msvalidate.01":"354F3CDFB2DA171B47FBE9ABF1F88D5","miscellaneous":""},"schema":{"@context":"https:\/\/schema.org","@graph":[{"@type":"BreadcrumbList","@id":"https:\/\/candas365.es\/noticias\/foro-pide-que-se-elimine-el-impuesto-de-sucesiones\/#breadcrumblist","itemListElement":[{"@type":"ListItem","@id":"https:\/\/candas365.es\/noticias#listItem","position":1,"name":"Home","item":"https:\/\/candas365.es\/noticias","nextItem":{"@type":"ListItem","@id":"https:\/\/candas365.es\/noticias\/category\/asturias\/#listItem","name":"Asturias"}},{"@type":"ListItem","@id":"https:\/\/candas365.es\/noticias\/category\/asturias\/#listItem","position":2,"name":"Asturias","item":"https:\/\/candas365.es\/noticias\/category\/asturias\/","nextItem":{"@type":"ListItem","@id":"https:\/\/candas365.es\/noticias\/foro-pide-que-se-elimine-el-impuesto-de-sucesiones\/#listItem","name":"FORO pide que se elimine el impuesto de sucesiones"},"previousItem":{"@type":"ListItem","@id":"https:\/\/candas365.es\/noticias#listItem","name":"Home"}},{"@type":"ListItem","@id":"https:\/\/candas365.es\/noticias\/foro-pide-que-se-elimine-el-impuesto-de-sucesiones\/#listItem","position":3,"name":"FORO pide que se elimine el impuesto de sucesiones","previousItem":{"@type":"ListItem","@id":"https:\/\/candas365.es\/noticias\/category\/asturias\/#listItem","name":"Asturias"}}]},{"@type":"NewsArticle","@id":"https:\/\/candas365.es\/noticias\/foro-pide-que-se-elimine-el-impuesto-de-sucesiones\/#newsarticle","name":"FORO pide que se elimine el impuesto de sucesiones | Cand\u00e1s 365","headline":"FORO pide que se elimine el impuesto de sucesiones","author":{"@id":"https:\/\/candas365.es\/noticias\/author\/admin\/#author"},"publisher":{"@id":"https:\/\/candas365.es\/noticias\/#organization"},"image":{"@type":"ImageObject","url":"https:\/\/candas365.es\/noticias\/wp-content\/uploads\/2018\/05\/Cristina-Coto.jpg","width":901,"height":664},"datePublished":"2018-05-13T09:50:12+02:00","dateModified":"2018-05-13T09:50:45+02:00","inLanguage":"es-ES","mainEntityOfPage":{"@id":"https:\/\/candas365.es\/noticias\/foro-pide-que-se-elimine-el-impuesto-de-sucesiones\/#webpage"},"isPartOf":{"@id":"https:\/\/candas365.es\/noticias\/foro-pide-que-se-elimine-el-impuesto-de-sucesiones\/#webpage"},"articleSection":"Asturias","dateline":"Publicado el mayo 13, 2018."},{"@type":"Organization","@id":"https:\/\/candas365.es\/noticias\/#organization","name":"Cand\u00e1s 365","description":"Cand\u00e1s 365 es un diario digital independiente, fundado en 2012, con base en Asturias. Informamos con rigor sobre actualidad, sociedad, cultura y ocio, con una mirada local y global.","url":"https:\/\/candas365.es\/noticias\/","email":"info@candas365.es","telephone":"+34652131393","foundingDate":"2012-06-10","logo":{"@type":"ImageObject","url":"https:\/\/candas365.es\/noticias\/wp-content\/uploads\/2024\/09\/Candas-365-Redes.jpg","@id":"https:\/\/candas365.es\/noticias\/foro-pide-que-se-elimine-el-impuesto-de-sucesiones\/#organizationLogo","width":1152,"height":864,"caption":"Cand\u00e1s 365 Redes"},"image":{"@id":"https:\/\/candas365.es\/noticias\/foro-pide-que-se-elimine-el-impuesto-de-sucesiones\/#organizationLogo"},"sameAs":["https:\/\/www.facebook.com\/Nachofdezber","https:\/\/x.com\/NabercoDigital","https:\/\/www.instagram.com\/nachofdezber\/","https:\/\/www.youtube.com\/channel\/UCZP-2wLEB9Rv6erhFmqVnvg"],"address":{"@id":"https:\/\/candas365.es\/noticias\/#postaladdress","@type":"PostalAddress","streetAddress":"san antonio 4, san antonio 4","postalCode":"33430","addressLocality":"Cand\u00e1s","addressRegion":"Asturias","addressCountry":"ES"}},{"@type":"Person","@id":"https:\/\/candas365.es\/noticias\/author\/admin\/#author","url":"https:\/\/candas365.es\/noticias\/author\/admin\/","name":"Cand\u00e1s 365","image":{"@type":"ImageObject","@id":"https:\/\/candas365.es\/noticias\/foro-pide-que-se-elimine-el-impuesto-de-sucesiones\/#authorImage","url":"https:\/\/secure.gravatar.com\/avatar\/496a8e03d0c493ede1718b7934145dbdf8d89be1036b0eec9544e1094c9de390?s=96&d=mm&r=g","width":96,"height":96,"caption":"Cand\u00e1s 365"},"sameAs":["https:\/\/www.facebook.com\/carrenoactualidad","https:\/\/twitter.com\/nbasturias","https:\/\/www.instagram.com\/nachofdezber\/","https:\/\/www.youtube.com\/channel\/UCZP-2wLEB9Rv6erhFmqVnvg"]},{"@type":"WebPage","@id":"https:\/\/candas365.es\/noticias\/foro-pide-que-se-elimine-el-impuesto-de-sucesiones\/#webpage","url":"https:\/\/candas365.es\/noticias\/foro-pide-que-se-elimine-el-impuesto-de-sucesiones\/","name":"FORO pide que se elimine el impuesto de sucesiones | Cand\u00e1s 365","description":"La presidenta de FORO, Cristina Coto, compareci\u00f3 ante los medios informativos para denunciar la situaci\u00f3n de Asturias en cuanto al Impuesto de Sucesiones en relaci\u00f3n a otras CC.AA. \u201cSi en enero fueron Andaluc\u00eda y Extremadura las CC.AA. que acordaron importantes rebajas en materia de Impuesto de Sucesiones para los herederos directos, con la elevaci\u00f3n del","inLanguage":"es-ES","isPartOf":{"@id":"https:\/\/candas365.es\/noticias\/#website"},"breadcrumb":{"@id":"https:\/\/candas365.es\/noticias\/foro-pide-que-se-elimine-el-impuesto-de-sucesiones\/#breadcrumblist"},"author":{"@id":"https:\/\/candas365.es\/noticias\/author\/admin\/#author"},"creator":{"@id":"https:\/\/candas365.es\/noticias\/author\/admin\/#author"},"image":{"@type":"ImageObject","url":"https:\/\/candas365.es\/noticias\/wp-content\/uploads\/2018\/05\/Cristina-Coto.jpg","@id":"https:\/\/candas365.es\/noticias\/foro-pide-que-se-elimine-el-impuesto-de-sucesiones\/#mainImage","width":901,"height":664},"primaryImageOfPage":{"@id":"https:\/\/candas365.es\/noticias\/foro-pide-que-se-elimine-el-impuesto-de-sucesiones\/#mainImage"},"datePublished":"2018-05-13T09:50:12+02:00","dateModified":"2018-05-13T09:50:45+02:00"},{"@type":"WebSite","@id":"https:\/\/candas365.es\/noticias\/#website","url":"https:\/\/candas365.es\/noticias\/","name":"Cand\u00e1s 365","alternateName":"Cand\u00e1s 365 Noticias","description":"Actualidad desde Carre\u00f1o para el mundo","inLanguage":"es-ES","publisher":{"@id":"https:\/\/candas365.es\/noticias\/#organization"}}]},"og:locale":"es_ES","og:site_name":"Cand\u00e1s 365","og:type":"article","og:title":"FORO pide que se elimine el impuesto de sucesiones | Cand\u00e1s 365","og:description":"La presidenta de FORO, Cristina Coto, compareci\u00f3 ante los medios informativos para denunciar la situaci\u00f3n de Asturias en cuanto al Impuesto de Sucesiones en relaci\u00f3n a otras CC.AA. \u201cSi en enero fueron Andaluc\u00eda y Extremadura las CC.AA. que acordaron importantes rebajas en materia de Impuesto de Sucesiones para los herederos directos, con la elevaci\u00f3n del","og:url":"https:\/\/candas365.es\/noticias\/foro-pide-que-se-elimine-el-impuesto-de-sucesiones\/","og:image":"https:\/\/candas365.es\/noticias\/wp-content\/uploads\/2018\/05\/Cristina-Coto.jpg","og:image:secure_url":"https:\/\/candas365.es\/noticias\/wp-content\/uploads\/2018\/05\/Cristina-Coto.jpg","og:image:width":901,"og:image:height":664,"article:published_time":"2018-05-13T09:50:12+00:00","article:modified_time":"2018-05-13T09:50:45+00:00","article:publisher":"https:\/\/www.facebook.com\/Nachofdezber","article:author":"https:\/\/www.facebook.com\/carrenoactualidad","twitter:card":"summary_large_image","twitter:site":"@NabercoDigital","twitter:title":"FORO pide que se elimine el impuesto de sucesiones | Cand\u00e1s 365","twitter:description":"La presidenta de FORO, Cristina Coto, compareci\u00f3 ante los medios informativos para denunciar la situaci\u00f3n de Asturias en cuanto al Impuesto de Sucesiones en relaci\u00f3n a otras CC.AA. \u201cSi en enero fueron Andaluc\u00eda y Extremadura las CC.AA. que acordaron importantes rebajas en materia de Impuesto de Sucesiones para los herederos directos, con la elevaci\u00f3n del","twitter:creator":"@nbasturias","twitter:image":"https:\/\/candas365.es\/noticias\/wp-content\/uploads\/2018\/05\/Cristina-Coto.jpg","twitter:label1":"Escrito por","twitter:data1":"Cand\u00e1s 365","twitter:label2":"Tiempo de lectura estimado","twitter:data2":"3 minutos"},"aioseo_meta_data":{"post_id":"95652","title":null,"description":null,"keywords":null,"keyphrases":null,"primary_term":null,"canonical_url":null,"og_title":null,"og_description":null,"og_object_type":"default","og_image_type":"default","og_image_url":null,"og_image_width":null,"og_image_height":null,"og_image_custom_url":null,"og_image_custom_fields":null,"og_video":null,"og_custom_url":null,"og_article_section":null,"og_article_tags":null,"twitter_use_og":false,"twitter_card":"default","twitter_image_type":"default","twitter_image_url":null,"twitter_image_custom_url":null,"twitter_image_custom_fields":null,"twitter_title":null,"twitter_description":null,"schema":{"blockGraphs":[],"customGraphs":[],"default":{"data":{"Article":[],"Course":[],"Dataset":[],"FAQPage":[],"Movie":[],"Person":[],"Product":[],"ProductReview":[],"Car":[],"Recipe":[],"Service":[],"SoftwareApplication":[],"WebPage":[]},"graphName":"","isEnabled":true},"graphs":[]},"schema_type":null,"schema_type_options":null,"pillar_content":false,"robots_default":true,"robots_noindex":false,"robots_noarchive":false,"robots_nosnippet":false,"robots_nofollow":false,"robots_noimageindex":false,"robots_noodp":false,"robots_notranslate":false,"robots_max_snippet":null,"robots_max_videopreview":null,"robots_max_imagepreview":"large","priority":null,"frequency":null,"location":null,"local_seo":null,"seo_analyzer_scan_date":"2025-08-26 20:49:08","breadcrumb_settings":null,"limit_modified_date":false,"reviewed_by":null,"open_ai":null,"ai":null,"created":"2020-12-21 11:52:09","updated":"2025-08-26 20:49:08"},"aioseo_breadcrumb":"<div class=\"aioseo-breadcrumbs\"><span class=\"aioseo-breadcrumb\">\n\t<a href=\"https:\/\/candas365.es\/noticias\" title=\"Home\">Home<\/a>\n<\/span><span class=\"aioseo-breadcrumb-separator\">&ndash;<\/span><span class=\"aioseo-breadcrumb\">\n\t<a href=\"https:\/\/candas365.es\/noticias\/category\/asturias\/\" title=\"Asturias\">Asturias<\/a>\n<\/span><span class=\"aioseo-breadcrumb-separator\">&ndash;<\/span><span class=\"aioseo-breadcrumb\">\n\tFORO pide que se elimine el impuesto de sucesiones\n<\/span><\/div>","aioseo_breadcrumb_json":[{"label":"Home","link":"https:\/\/candas365.es\/noticias"},{"label":"Asturias","link":"https:\/\/candas365.es\/noticias\/category\/asturias\/"},{"label":"FORO pide que se elimine el impuesto de sucesiones","link":"https:\/\/candas365.es\/noticias\/foro-pide-que-se-elimine-el-impuesto-de-sucesiones\/"}],"_links":{"self":[{"href":"https:\/\/candas365.es\/noticias\/wp-json\/wp\/v2\/posts\/95652","targetHints":{"allow":["GET"]}}],"collection":[{"href":"https:\/\/candas365.es\/noticias\/wp-json\/wp\/v2\/posts"}],"about":[{"href":"https:\/\/candas365.es\/noticias\/wp-json\/wp\/v2\/types\/post"}],"author":[{"embeddable":true,"href":"https:\/\/candas365.es\/noticias\/wp-json\/wp\/v2\/users\/1"}],"replies":[{"embeddable":true,"href":"https:\/\/candas365.es\/noticias\/wp-json\/wp\/v2\/comments?post=95652"}],"version-history":[{"count":0,"href":"https:\/\/candas365.es\/noticias\/wp-json\/wp\/v2\/posts\/95652\/revisions"}],"wp:featuredmedia":[{"embeddable":true,"href":"https:\/\/candas365.es\/noticias\/wp-json\/wp\/v2\/media\/95653"}],"wp:attachment":[{"href":"https:\/\/candas365.es\/noticias\/wp-json\/wp\/v2\/media?parent=95652"}],"wp:term":[{"taxonomy":"category","embeddable":true,"href":"https:\/\/candas365.es\/noticias\/wp-json\/wp\/v2\/categories?post=95652"},{"taxonomy":"post_tag","embeddable":true,"href":"https:\/\/candas365.es\/noticias\/wp-json\/wp\/v2\/tags?post=95652"}],"curies":[{"name":"wp","href":"https:\/\/api.w.org\/{rel}","templated":true}]}}