{"id":95478,"date":"2018-05-08T20:53:48","date_gmt":"2018-05-08T20:53:48","guid":{"rendered":"http:\/\/candas365.es\/noticias\/?p=95478"},"modified":"2018-05-08T20:53:48","modified_gmt":"2018-05-08T20:53:48","slug":"becas-de-comedor-en-los-colegios-de-carreno","status":"publish","type":"post","link":"https:\/\/candas365.es\/noticias\/becas-de-comedor-en-los-colegios-de-carreno\/","title":{"rendered":"Becas de Comedor en los colegios de Carre\u00f1o"},"content":{"rendered":"<p><img fetchpriority=\"high\" decoding=\"async\" class=\"alignleft size-medium wp-image-15610\" src=\"https:\/\/candas365.es\/noticias\/wp-content\/uploads\/2015\/09\/aula-360x198.jpg\" alt=\"\" width=\"360\" height=\"198\" srcset=\"https:\/\/candas365.es\/noticias\/wp-content\/uploads\/2015\/09\/aula-360x198.jpg 360w, https:\/\/candas365.es\/noticias\/wp-content\/uploads\/2015\/09\/aula-650x357.jpg 650w, https:\/\/candas365.es\/noticias\/wp-content\/uploads\/2015\/09\/aula-150x82.jpg 150w, https:\/\/candas365.es\/noticias\/wp-content\/uploads\/2015\/09\/aula-450x247.jpg 450w, https:\/\/candas365.es\/noticias\/wp-content\/uploads\/2015\/09\/aula.jpg 655w\" sizes=\"(max-width: 360px) 100vw, 360px\" \/>Por segundo a\u00f1o consecutivo, el Ayuntamiento de Carre\u00f1o, a trav\u00e9s de la Concejal\u00eda de Bienestar Social, convocan las Becas de Comedor para el alumnado de los Centros Educativos de Carre\u00f1o que cursen sus estudios en la segunda etapa de Educaci\u00f3n Infantil y Ense\u00f1anza Primaria durante el curso 2018-2019.<\/p>\n<p>\u201cLa finalidad de estas ayudas es favorecer la conciliaci\u00f3n laboral de los\/as progenitores\/as o tutores\/as que por escasez de recursos no puedan hacer frente al coste de servicio, apoyar a las familias con dificultades econ\u00f3micas u ofrecer una medida de apoyo para menores con carencias en su atenci\u00f3n que implique desprotecci\u00f3n en el marco de la Ley de Protecci\u00f3n del Menor 1\/1995 del Principado de Asturias\u201d coment\u00f3 Cecilia Tasc\u00f3n- Concejala de Bienestar Social y Educaci\u00f3n.<\/p>\n<p>Entre los requisitos necesarios para optar a las Becas de Comedor se encuentran:<\/p>\n<p>&#8211; La unidad familiar debe estar empadronada en Carre\u00f1o.<\/p>\n<p>&#8211; El alumnado que solicite la beca debe cursar sus estudios en alguno de los dos Colegios P\u00fablicos del Municipio que cuentan con servicio de comedor.<\/p>\n<p>&#8211; No tener derecho a servicio de comedor gratuito por residencia en zona rural del Concejo.<\/p>\n<p>&#8211; La unidad familiar deber\u00e1 acreditar unos ingresos familiares que no excedan de 2,75 veces el IMPREN anual (20.678,87\u20ac)<\/p>\n<p>&#8211; Para la obtenci\u00f3n de la beca se deben alcanzar un m\u00ednimo de 10 puntos en la suma de la valoraci\u00f3n total.<\/p>\n<p>El plazo de presentaci\u00f3n de instancias, ser\u00e1 de 10 d\u00edas h\u00e1biles a contar desde el d\u00eda siguiente al de la publicaci\u00f3n de la convocatoria en el Bolet\u00edn Oficial del Principado de Asturias (BOPA). Tras la publicaci\u00f3n de la convocatoria prevista para el 23 Mayo , las personas interesadas podr\u00e1n solicitar las becas en el Ayuntamiento.<\/p>\n<p>Las solicitudes, debidamente cumplimentadas y acompa\u00f1adas de la documentaci\u00f3n preceptiva podr\u00e1n presentarse entre otros:<\/p>\n<p>&#8211; En el Centro de Servicios Sociales de Carre\u00f1o en la C\/ Nicanor Pi\u00f1ole, 1 de Cand\u00e1s, de 9:00 a 14:00 horas de lunes a viernes.<\/p>\n<p>&#8211; O en cualquiera de los lugares previstos en el art\u00edculo 16.4 de la Ley 39\/2915, de 1 de octubre, de Procedimiento Administrativo Com\u00fan de las Administraciones P\u00fablicas.<\/p>\n<p>La Beca Comedor tendr\u00e1 una cuant\u00eda igual al coste del precio establecido en cada Centro para el men\u00fa escolar. Siendo efectiva desde el primer d\u00eda de prestaci\u00f3n del servicio de comedor en cada Colegio.<\/p>\n<p>Las solicitudes presentadas, dentro del plazo establecido, ser\u00e1n instruidas y valoradas por el personal del Centro de Servicios Sociales. Efectu\u00e1ndose la valoraci\u00f3n de acuerdo a las circunstancias socioecon\u00f3micas acreditadas en el momento de efectuar la solicitud. La comisi\u00f3n de Bienestar Social ser\u00e1 la encargada de realizar la propuesta de concesi\u00f3n de las becas, cuya aprobaci\u00f3n definitiva correr\u00e1 a cargo por Resoluci\u00f3n de la Alcald\u00eda.<\/p>\n<p>Para m\u00e1s informaci\u00f3n se puede consultar la web del Ayuntamiento de Carre\u00f1o <span style=\"color: #ff6600;\"><strong>ayto-carreno.es<\/strong><\/span> desde donde se podr\u00e1 descargar la solicitud o consultar las bases de la convocatoria de las Becas Comedor o en el tel\u00e9fono 985-870 535.<\/p>\n","protected":false},"excerpt":{"rendered":"<p>Por segundo a\u00f1o consecutivo, el Ayuntamiento de Carre\u00f1o, a trav\u00e9s de la Concejal\u00eda de Bienestar Social, convocan las Becas de Comedor para el alumnado de los Centros Educativos de Carre\u00f1o que cursen sus estudios en la segunda etapa de Educaci\u00f3n Infantil y Ense\u00f1anza Primaria durante el curso 2018-2019. \u201cLa finalidad de estas ayudas es favorecer<\/p>\n","protected":false},"author":1,"featured_media":6453,"comment_status":"closed","ping_status":"closed","sticky":false,"template":"","format":"standard","meta":{"footnotes":""},"categories":[2],"tags":[],"class_list":{"0":"post-95478","1":"post","2":"type-post","3":"status-publish","4":"format-standard","5":"has-post-thumbnail","7":"category-noticias-carreno"},"aioseo_notices":[],"aioseo_head":"\n\t\t<!-- All in One SEO Pro 4.9.6.2 - aioseo.com -->\n\t<meta name=\"description\" content=\"Por segundo a\u00f1o consecutivo, el Ayuntamiento de Carre\u00f1o, a trav\u00e9s de la Concejal\u00eda de Bienestar Social, convocan las Becas de Comedor para el alumnado de los Centros Educativos de Carre\u00f1o que cursen sus estudios en la segunda etapa de Educaci\u00f3n Infantil y Ense\u00f1anza Primaria durante el curso 2018-2019. \u201cLa finalidad de estas ayudas es favorecer\" \/>\n\t<meta name=\"robots\" content=\"max-image-preview:large\" \/>\n\t<meta name=\"author\" content=\"Cand\u00e1s 365\"\/>\n\t<meta name=\"google-site-verification\" content=\"UA-32230408-1\" \/>\n\t<meta name=\"msvalidate.01\" content=\"354F3CDFB2DA171B47FBE9ABF1F88D5\" \/>\n\t<meta name=\"keywords\" content=\"noticias carre\u00f1o\" \/>\n\t<link rel=\"canonical\" href=\"https:\/\/candas365.es\/noticias\/becas-de-comedor-en-los-colegios-de-carreno\/\" \/>\n\t<meta name=\"generator\" content=\"All in One SEO Pro (AIOSEO) 4.9.6.2\" \/>\n\t\t<meta property=\"og:locale\" content=\"es_ES\" \/>\n\t\t<meta property=\"og:site_name\" content=\"Cand\u00e1s 365\" \/>\n\t\t<meta property=\"og:type\" content=\"article\" \/>\n\t\t<meta property=\"og:title\" content=\"Becas de Comedor en los colegios de Carre\u00f1o | Cand\u00e1s 365\" \/>\n\t\t<meta property=\"og:description\" content=\"Por segundo a\u00f1o consecutivo, el Ayuntamiento de Carre\u00f1o, a trav\u00e9s de la Concejal\u00eda de Bienestar Social, convocan las Becas de Comedor para el alumnado de los Centros Educativos de Carre\u00f1o que cursen sus estudios en la segunda etapa de Educaci\u00f3n Infantil y Ense\u00f1anza Primaria durante el curso 2018-2019. \u201cLa finalidad de estas ayudas es favorecer\" \/>\n\t\t<meta property=\"og:url\" content=\"https:\/\/candas365.es\/noticias\/becas-de-comedor-en-los-colegios-de-carreno\/\" \/>\n\t\t<meta property=\"og:image\" content=\"https:\/\/candas365.es\/noticias\/wp-content\/uploads\/2015\/01\/ayuntamiento.jpg\" \/>\n\t\t<meta property=\"og:image:secure_url\" content=\"https:\/\/candas365.es\/noticias\/wp-content\/uploads\/2015\/01\/ayuntamiento.jpg\" \/>\n\t\t<meta property=\"og:image:width\" content=\"800\" \/>\n\t\t<meta property=\"og:image:height\" content=\"600\" \/>\n\t\t<meta property=\"article:published_time\" content=\"2018-05-08T20:53:48+00:00\" \/>\n\t\t<meta property=\"article:modified_time\" content=\"2018-05-08T20:53:48+00:00\" \/>\n\t\t<meta property=\"article:publisher\" content=\"https:\/\/www.facebook.com\/Nachofdezber\" \/>\n\t\t<meta property=\"article:author\" content=\"https:\/\/www.facebook.com\/carrenoactualidad\" \/>\n\t\t<meta name=\"twitter:card\" content=\"summary_large_image\" \/>\n\t\t<meta name=\"twitter:site\" content=\"@NabercoDigital\" \/>\n\t\t<meta name=\"twitter:title\" content=\"Becas de Comedor en los colegios de Carre\u00f1o | Cand\u00e1s 365\" \/>\n\t\t<meta name=\"twitter:description\" content=\"Por segundo a\u00f1o consecutivo, el Ayuntamiento de Carre\u00f1o, a trav\u00e9s de la Concejal\u00eda de Bienestar Social, convocan las Becas de Comedor para el alumnado de los Centros Educativos de Carre\u00f1o que cursen sus estudios en la segunda etapa de Educaci\u00f3n Infantil y Ense\u00f1anza Primaria durante el curso 2018-2019. \u201cLa finalidad de estas ayudas es favorecer\" \/>\n\t\t<meta name=\"twitter:creator\" content=\"@nbasturias\" \/>\n\t\t<meta name=\"twitter:image\" content=\"https:\/\/candas365.es\/noticias\/wp-content\/uploads\/2015\/01\/ayuntamiento.jpg\" \/>\n\t\t<meta name=\"twitter:label1\" content=\"Escrito por\" \/>\n\t\t<meta name=\"twitter:data1\" content=\"Cand\u00e1s 365\" \/>\n\t\t<meta name=\"twitter:label2\" content=\"Tiempo de lectura estimado\" \/>\n\t\t<meta name=\"twitter:data2\" content=\"3 minutos\" \/>\n\t\t<script type=\"application\/ld+json\" class=\"aioseo-schema\">\n\t\t\t{\"@context\":\"https:\\\/\\\/schema.org\",\"@graph\":[{\"@type\":\"BreadcrumbList\",\"@id\":\"https:\\\/\\\/candas365.es\\\/noticias\\\/becas-de-comedor-en-los-colegios-de-carreno\\\/#breadcrumblist\",\"itemListElement\":[{\"@type\":\"ListItem\",\"@id\":\"https:\\\/\\\/candas365.es\\\/noticias#listItem\",\"position\":1,\"name\":\"Home\",\"item\":\"https:\\\/\\\/candas365.es\\\/noticias\",\"nextItem\":{\"@type\":\"ListItem\",\"@id\":\"https:\\\/\\\/candas365.es\\\/noticias\\\/category\\\/noticias-carreno\\\/#listItem\",\"name\":\"Noticias Carre\\u00f1o\"}},{\"@type\":\"ListItem\",\"@id\":\"https:\\\/\\\/candas365.es\\\/noticias\\\/category\\\/noticias-carreno\\\/#listItem\",\"position\":2,\"name\":\"Noticias Carre\\u00f1o\",\"item\":\"https:\\\/\\\/candas365.es\\\/noticias\\\/category\\\/noticias-carreno\\\/\",\"nextItem\":{\"@type\":\"ListItem\",\"@id\":\"https:\\\/\\\/candas365.es\\\/noticias\\\/becas-de-comedor-en-los-colegios-de-carreno\\\/#listItem\",\"name\":\"Becas de Comedor en los colegios de Carre\\u00f1o\"},\"previousItem\":{\"@type\":\"ListItem\",\"@id\":\"https:\\\/\\\/candas365.es\\\/noticias#listItem\",\"name\":\"Home\"}},{\"@type\":\"ListItem\",\"@id\":\"https:\\\/\\\/candas365.es\\\/noticias\\\/becas-de-comedor-en-los-colegios-de-carreno\\\/#listItem\",\"position\":3,\"name\":\"Becas de Comedor en los colegios de Carre\\u00f1o\",\"previousItem\":{\"@type\":\"ListItem\",\"@id\":\"https:\\\/\\\/candas365.es\\\/noticias\\\/category\\\/noticias-carreno\\\/#listItem\",\"name\":\"Noticias Carre\\u00f1o\"}}]},{\"@type\":\"NewsArticle\",\"@id\":\"https:\\\/\\\/candas365.es\\\/noticias\\\/becas-de-comedor-en-los-colegios-de-carreno\\\/#newsarticle\",\"name\":\"Becas de Comedor en los colegios de Carre\\u00f1o | Cand\\u00e1s 365\",\"headline\":\"Becas de Comedor en los colegios de Carre\\u00f1o\",\"author\":{\"@id\":\"https:\\\/\\\/candas365.es\\\/noticias\\\/author\\\/admin\\\/#author\"},\"publisher\":{\"@id\":\"https:\\\/\\\/candas365.es\\\/noticias\\\/#organization\"},\"image\":{\"@type\":\"ImageObject\",\"url\":\"https:\\\/\\\/candas365.es\\\/noticias\\\/wp-content\\\/uploads\\\/2015\\\/01\\\/ayuntamiento.jpg\",\"width\":800,\"height\":600,\"caption\":\"Carre\\u00f1o\"},\"datePublished\":\"2018-05-08T20:53:48+02:00\",\"dateModified\":\"2018-05-08T20:53:48+02:00\",\"inLanguage\":\"es-ES\",\"mainEntityOfPage\":{\"@id\":\"https:\\\/\\\/candas365.es\\\/noticias\\\/becas-de-comedor-en-los-colegios-de-carreno\\\/#webpage\"},\"isPartOf\":{\"@id\":\"https:\\\/\\\/candas365.es\\\/noticias\\\/becas-de-comedor-en-los-colegios-de-carreno\\\/#webpage\"},\"articleSection\":\"Noticias Carre\\u00f1o\",\"dateline\":\"Publicado el mayo 8, 2018.\"},{\"@type\":\"Organization\",\"@id\":\"https:\\\/\\\/candas365.es\\\/noticias\\\/#organization\",\"name\":\"Cand\\u00e1s 365\",\"description\":\"Cand\\u00e1s 365 es un diario digital independiente, fundado en 2012, con base en Asturias. Informamos con rigor sobre actualidad, sociedad, cultura y ocio, con una mirada local y global.\",\"url\":\"https:\\\/\\\/candas365.es\\\/noticias\\\/\",\"email\":\"info@candas365.es\",\"telephone\":\"+34652131393\",\"foundingDate\":\"2012-06-10\",\"logo\":{\"@type\":\"ImageObject\",\"url\":\"https:\\\/\\\/candas365.es\\\/noticias\\\/wp-content\\\/uploads\\\/2024\\\/09\\\/Candas-365-Redes.jpg\",\"@id\":\"https:\\\/\\\/candas365.es\\\/noticias\\\/becas-de-comedor-en-los-colegios-de-carreno\\\/#organizationLogo\",\"width\":1152,\"height\":864,\"caption\":\"Cand\\u00e1s 365 Redes\"},\"image\":{\"@id\":\"https:\\\/\\\/candas365.es\\\/noticias\\\/becas-de-comedor-en-los-colegios-de-carreno\\\/#organizationLogo\"},\"sameAs\":[\"https:\\\/\\\/www.facebook.com\\\/Nachofdezber\",\"https:\\\/\\\/x.com\\\/NabercoDigital\",\"https:\\\/\\\/www.instagram.com\\\/nachofdezber\\\/\",\"https:\\\/\\\/www.youtube.com\\\/channel\\\/UCZP-2wLEB9Rv6erhFmqVnvg\"],\"address\":{\"@id\":\"https:\\\/\\\/candas365.es\\\/noticias\\\/#postaladdress\",\"@type\":\"PostalAddress\",\"streetAddress\":\"san antonio 4, san antonio 4\",\"postalCode\":\"33430\",\"addressLocality\":\"Cand\\u00e1s\",\"addressRegion\":\"Asturias\",\"addressCountry\":\"ES\"}},{\"@type\":\"Person\",\"@id\":\"https:\\\/\\\/candas365.es\\\/noticias\\\/author\\\/admin\\\/#author\",\"url\":\"https:\\\/\\\/candas365.es\\\/noticias\\\/author\\\/admin\\\/\",\"name\":\"Cand\\u00e1s 365\",\"image\":{\"@type\":\"ImageObject\",\"@id\":\"https:\\\/\\\/candas365.es\\\/noticias\\\/becas-de-comedor-en-los-colegios-de-carreno\\\/#authorImage\",\"url\":\"https:\\\/\\\/secure.gravatar.com\\\/avatar\\\/496a8e03d0c493ede1718b7934145dbdf8d89be1036b0eec9544e1094c9de390?s=96&d=mm&r=g\",\"width\":96,\"height\":96,\"caption\":\"Cand\\u00e1s 365\"},\"sameAs\":[\"https:\\\/\\\/www.facebook.com\\\/carrenoactualidad\",\"https:\\\/\\\/twitter.com\\\/nbasturias\",\"https:\\\/\\\/www.instagram.com\\\/nachofdezber\\\/\",\"https:\\\/\\\/www.youtube.com\\\/channel\\\/UCZP-2wLEB9Rv6erhFmqVnvg\"]},{\"@type\":\"WebPage\",\"@id\":\"https:\\\/\\\/candas365.es\\\/noticias\\\/becas-de-comedor-en-los-colegios-de-carreno\\\/#webpage\",\"url\":\"https:\\\/\\\/candas365.es\\\/noticias\\\/becas-de-comedor-en-los-colegios-de-carreno\\\/\",\"name\":\"Becas de Comedor en los colegios de Carre\\u00f1o | Cand\\u00e1s 365\",\"description\":\"Por segundo a\\u00f1o consecutivo, el Ayuntamiento de Carre\\u00f1o, a trav\\u00e9s de la Concejal\\u00eda de Bienestar Social, convocan las Becas de Comedor para el alumnado de los Centros Educativos de Carre\\u00f1o que cursen sus estudios en la segunda etapa de Educaci\\u00f3n Infantil y Ense\\u00f1anza Primaria durante el curso 2018-2019. \\u201cLa finalidad de estas ayudas es favorecer\",\"inLanguage\":\"es-ES\",\"isPartOf\":{\"@id\":\"https:\\\/\\\/candas365.es\\\/noticias\\\/#website\"},\"breadcrumb\":{\"@id\":\"https:\\\/\\\/candas365.es\\\/noticias\\\/becas-de-comedor-en-los-colegios-de-carreno\\\/#breadcrumblist\"},\"author\":{\"@id\":\"https:\\\/\\\/candas365.es\\\/noticias\\\/author\\\/admin\\\/#author\"},\"creator\":{\"@id\":\"https:\\\/\\\/candas365.es\\\/noticias\\\/author\\\/admin\\\/#author\"},\"image\":{\"@type\":\"ImageObject\",\"url\":\"https:\\\/\\\/candas365.es\\\/noticias\\\/wp-content\\\/uploads\\\/2015\\\/01\\\/ayuntamiento.jpg\",\"@id\":\"https:\\\/\\\/candas365.es\\\/noticias\\\/becas-de-comedor-en-los-colegios-de-carreno\\\/#mainImage\",\"width\":800,\"height\":600,\"caption\":\"Carre\\u00f1o\"},\"primaryImageOfPage\":{\"@id\":\"https:\\\/\\\/candas365.es\\\/noticias\\\/becas-de-comedor-en-los-colegios-de-carreno\\\/#mainImage\"},\"datePublished\":\"2018-05-08T20:53:48+02:00\",\"dateModified\":\"2018-05-08T20:53:48+02:00\"},{\"@type\":\"WebSite\",\"@id\":\"https:\\\/\\\/candas365.es\\\/noticias\\\/#website\",\"url\":\"https:\\\/\\\/candas365.es\\\/noticias\\\/\",\"name\":\"Cand\\u00e1s 365\",\"alternateName\":\"Cand\\u00e1s 365 Noticias\",\"description\":\"Actualidad desde Carre\\u00f1o para el mundo\",\"inLanguage\":\"es-ES\",\"publisher\":{\"@id\":\"https:\\\/\\\/candas365.es\\\/noticias\\\/#organization\"}}]}\n\t\t<\/script>\n\t\t<!-- All in One SEO Pro -->\r\n\t\t<title>Becas de Comedor en los colegios de Carre\u00f1o | Cand\u00e1s 365<\/title>\n\n","aioseo_head_json":{"title":"Becas de Comedor en los colegios de Carre\u00f1o | Cand\u00e1s 365","description":"Por segundo a\u00f1o consecutivo, el Ayuntamiento de Carre\u00f1o, a trav\u00e9s de la Concejal\u00eda de Bienestar Social, convocan las Becas de Comedor para el alumnado de los Centros Educativos de Carre\u00f1o que cursen sus estudios en la segunda etapa de Educaci\u00f3n Infantil y Ense\u00f1anza Primaria durante el curso 2018-2019. \u201cLa finalidad de estas ayudas es favorecer","canonical_url":"https:\/\/candas365.es\/noticias\/becas-de-comedor-en-los-colegios-de-carreno\/","robots":"max-image-preview:large","keywords":"noticias carre\u00f1o","webmasterTools":{"google-site-verification":"UA-32230408-1","msvalidate.01":"354F3CDFB2DA171B47FBE9ABF1F88D5","miscellaneous":""},"schema":{"@context":"https:\/\/schema.org","@graph":[{"@type":"BreadcrumbList","@id":"https:\/\/candas365.es\/noticias\/becas-de-comedor-en-los-colegios-de-carreno\/#breadcrumblist","itemListElement":[{"@type":"ListItem","@id":"https:\/\/candas365.es\/noticias#listItem","position":1,"name":"Home","item":"https:\/\/candas365.es\/noticias","nextItem":{"@type":"ListItem","@id":"https:\/\/candas365.es\/noticias\/category\/noticias-carreno\/#listItem","name":"Noticias Carre\u00f1o"}},{"@type":"ListItem","@id":"https:\/\/candas365.es\/noticias\/category\/noticias-carreno\/#listItem","position":2,"name":"Noticias Carre\u00f1o","item":"https:\/\/candas365.es\/noticias\/category\/noticias-carreno\/","nextItem":{"@type":"ListItem","@id":"https:\/\/candas365.es\/noticias\/becas-de-comedor-en-los-colegios-de-carreno\/#listItem","name":"Becas de Comedor en los colegios de Carre\u00f1o"},"previousItem":{"@type":"ListItem","@id":"https:\/\/candas365.es\/noticias#listItem","name":"Home"}},{"@type":"ListItem","@id":"https:\/\/candas365.es\/noticias\/becas-de-comedor-en-los-colegios-de-carreno\/#listItem","position":3,"name":"Becas de Comedor en los colegios de Carre\u00f1o","previousItem":{"@type":"ListItem","@id":"https:\/\/candas365.es\/noticias\/category\/noticias-carreno\/#listItem","name":"Noticias Carre\u00f1o"}}]},{"@type":"NewsArticle","@id":"https:\/\/candas365.es\/noticias\/becas-de-comedor-en-los-colegios-de-carreno\/#newsarticle","name":"Becas de Comedor en los colegios de Carre\u00f1o | Cand\u00e1s 365","headline":"Becas de Comedor en los colegios de Carre\u00f1o","author":{"@id":"https:\/\/candas365.es\/noticias\/author\/admin\/#author"},"publisher":{"@id":"https:\/\/candas365.es\/noticias\/#organization"},"image":{"@type":"ImageObject","url":"https:\/\/candas365.es\/noticias\/wp-content\/uploads\/2015\/01\/ayuntamiento.jpg","width":800,"height":600,"caption":"Carre\u00f1o"},"datePublished":"2018-05-08T20:53:48+02:00","dateModified":"2018-05-08T20:53:48+02:00","inLanguage":"es-ES","mainEntityOfPage":{"@id":"https:\/\/candas365.es\/noticias\/becas-de-comedor-en-los-colegios-de-carreno\/#webpage"},"isPartOf":{"@id":"https:\/\/candas365.es\/noticias\/becas-de-comedor-en-los-colegios-de-carreno\/#webpage"},"articleSection":"Noticias Carre\u00f1o","dateline":"Publicado el mayo 8, 2018."},{"@type":"Organization","@id":"https:\/\/candas365.es\/noticias\/#organization","name":"Cand\u00e1s 365","description":"Cand\u00e1s 365 es un diario digital independiente, fundado en 2012, con base en Asturias. Informamos con rigor sobre actualidad, sociedad, cultura y ocio, con una mirada local y global.","url":"https:\/\/candas365.es\/noticias\/","email":"info@candas365.es","telephone":"+34652131393","foundingDate":"2012-06-10","logo":{"@type":"ImageObject","url":"https:\/\/candas365.es\/noticias\/wp-content\/uploads\/2024\/09\/Candas-365-Redes.jpg","@id":"https:\/\/candas365.es\/noticias\/becas-de-comedor-en-los-colegios-de-carreno\/#organizationLogo","width":1152,"height":864,"caption":"Cand\u00e1s 365 Redes"},"image":{"@id":"https:\/\/candas365.es\/noticias\/becas-de-comedor-en-los-colegios-de-carreno\/#organizationLogo"},"sameAs":["https:\/\/www.facebook.com\/Nachofdezber","https:\/\/x.com\/NabercoDigital","https:\/\/www.instagram.com\/nachofdezber\/","https:\/\/www.youtube.com\/channel\/UCZP-2wLEB9Rv6erhFmqVnvg"],"address":{"@id":"https:\/\/candas365.es\/noticias\/#postaladdress","@type":"PostalAddress","streetAddress":"san antonio 4, san antonio 4","postalCode":"33430","addressLocality":"Cand\u00e1s","addressRegion":"Asturias","addressCountry":"ES"}},{"@type":"Person","@id":"https:\/\/candas365.es\/noticias\/author\/admin\/#author","url":"https:\/\/candas365.es\/noticias\/author\/admin\/","name":"Cand\u00e1s 365","image":{"@type":"ImageObject","@id":"https:\/\/candas365.es\/noticias\/becas-de-comedor-en-los-colegios-de-carreno\/#authorImage","url":"https:\/\/secure.gravatar.com\/avatar\/496a8e03d0c493ede1718b7934145dbdf8d89be1036b0eec9544e1094c9de390?s=96&d=mm&r=g","width":96,"height":96,"caption":"Cand\u00e1s 365"},"sameAs":["https:\/\/www.facebook.com\/carrenoactualidad","https:\/\/twitter.com\/nbasturias","https:\/\/www.instagram.com\/nachofdezber\/","https:\/\/www.youtube.com\/channel\/UCZP-2wLEB9Rv6erhFmqVnvg"]},{"@type":"WebPage","@id":"https:\/\/candas365.es\/noticias\/becas-de-comedor-en-los-colegios-de-carreno\/#webpage","url":"https:\/\/candas365.es\/noticias\/becas-de-comedor-en-los-colegios-de-carreno\/","name":"Becas de Comedor en los colegios de Carre\u00f1o | Cand\u00e1s 365","description":"Por segundo a\u00f1o consecutivo, el Ayuntamiento de Carre\u00f1o, a trav\u00e9s de la Concejal\u00eda de Bienestar Social, convocan las Becas de Comedor para el alumnado de los Centros Educativos de Carre\u00f1o que cursen sus estudios en la segunda etapa de Educaci\u00f3n Infantil y Ense\u00f1anza Primaria durante el curso 2018-2019. \u201cLa finalidad de estas ayudas es favorecer","inLanguage":"es-ES","isPartOf":{"@id":"https:\/\/candas365.es\/noticias\/#website"},"breadcrumb":{"@id":"https:\/\/candas365.es\/noticias\/becas-de-comedor-en-los-colegios-de-carreno\/#breadcrumblist"},"author":{"@id":"https:\/\/candas365.es\/noticias\/author\/admin\/#author"},"creator":{"@id":"https:\/\/candas365.es\/noticias\/author\/admin\/#author"},"image":{"@type":"ImageObject","url":"https:\/\/candas365.es\/noticias\/wp-content\/uploads\/2015\/01\/ayuntamiento.jpg","@id":"https:\/\/candas365.es\/noticias\/becas-de-comedor-en-los-colegios-de-carreno\/#mainImage","width":800,"height":600,"caption":"Carre\u00f1o"},"primaryImageOfPage":{"@id":"https:\/\/candas365.es\/noticias\/becas-de-comedor-en-los-colegios-de-carreno\/#mainImage"},"datePublished":"2018-05-08T20:53:48+02:00","dateModified":"2018-05-08T20:53:48+02:00"},{"@type":"WebSite","@id":"https:\/\/candas365.es\/noticias\/#website","url":"https:\/\/candas365.es\/noticias\/","name":"Cand\u00e1s 365","alternateName":"Cand\u00e1s 365 Noticias","description":"Actualidad desde Carre\u00f1o para el mundo","inLanguage":"es-ES","publisher":{"@id":"https:\/\/candas365.es\/noticias\/#organization"}}]},"og:locale":"es_ES","og:site_name":"Cand\u00e1s 365","og:type":"article","og:title":"Becas de Comedor en los colegios de Carre\u00f1o | Cand\u00e1s 365","og:description":"Por segundo a\u00f1o consecutivo, el Ayuntamiento de Carre\u00f1o, a trav\u00e9s de la Concejal\u00eda de Bienestar Social, convocan las Becas de Comedor para el alumnado de los Centros Educativos de Carre\u00f1o que cursen sus estudios en la segunda etapa de Educaci\u00f3n Infantil y Ense\u00f1anza Primaria durante el curso 2018-2019. \u201cLa finalidad de estas ayudas es favorecer","og:url":"https:\/\/candas365.es\/noticias\/becas-de-comedor-en-los-colegios-de-carreno\/","og:image":"https:\/\/candas365.es\/noticias\/wp-content\/uploads\/2015\/01\/ayuntamiento.jpg","og:image:secure_url":"https:\/\/candas365.es\/noticias\/wp-content\/uploads\/2015\/01\/ayuntamiento.jpg","og:image:width":800,"og:image:height":600,"article:published_time":"2018-05-08T20:53:48+00:00","article:modified_time":"2018-05-08T20:53:48+00:00","article:publisher":"https:\/\/www.facebook.com\/Nachofdezber","article:author":"https:\/\/www.facebook.com\/carrenoactualidad","twitter:card":"summary_large_image","twitter:site":"@NabercoDigital","twitter:title":"Becas de Comedor en los colegios de Carre\u00f1o | Cand\u00e1s 365","twitter:description":"Por segundo a\u00f1o consecutivo, el Ayuntamiento de Carre\u00f1o, a trav\u00e9s de la Concejal\u00eda de Bienestar Social, convocan las Becas de Comedor para el alumnado de los Centros Educativos de Carre\u00f1o que cursen sus estudios en la segunda etapa de Educaci\u00f3n Infantil y Ense\u00f1anza Primaria durante el curso 2018-2019. \u201cLa finalidad de estas ayudas es favorecer","twitter:creator":"@nbasturias","twitter:image":"https:\/\/candas365.es\/noticias\/wp-content\/uploads\/2015\/01\/ayuntamiento.jpg","twitter:label1":"Escrito por","twitter:data1":"Cand\u00e1s 365","twitter:label2":"Tiempo de lectura estimado","twitter:data2":"3 minutos"},"aioseo_meta_data":{"post_id":"95478","title":null,"description":null,"keywords":null,"keyphrases":null,"primary_term":null,"canonical_url":null,"og_title":null,"og_description":null,"og_object_type":"default","og_image_type":"default","og_image_url":null,"og_image_width":null,"og_image_height":null,"og_image_custom_url":null,"og_image_custom_fields":null,"og_video":null,"og_custom_url":null,"og_article_section":null,"og_article_tags":null,"twitter_use_og":false,"twitter_card":"default","twitter_image_type":"default","twitter_image_url":null,"twitter_image_custom_url":null,"twitter_image_custom_fields":null,"twitter_title":null,"twitter_description":null,"schema":{"blockGraphs":[],"customGraphs":[],"default":{"data":{"Article":[],"Course":[],"Dataset":[],"FAQPage":[],"Movie":[],"Person":[],"Product":[],"ProductReview":[],"Car":[],"Recipe":[],"Service":[],"SoftwareApplication":[],"WebPage":[]},"graphName":"","isEnabled":true},"graphs":[],"defaultGraph":"","defaultPostTypeGraph":""},"schema_type":null,"schema_type_options":null,"pillar_content":false,"robots_default":true,"robots_noindex":false,"robots_noarchive":false,"robots_nosnippet":false,"robots_nofollow":false,"robots_noimageindex":false,"robots_noodp":false,"robots_notranslate":false,"robots_max_snippet":null,"robots_max_videopreview":null,"robots_max_imagepreview":"large","priority":null,"frequency":null,"location":null,"local_seo":null,"seo_analyzer_scan_date":"2025-08-26 20:34:11","breadcrumb_settings":null,"limit_modified_date":false,"reviewed_by":null,"open_ai":null,"ai":null,"created":"2020-12-21 11:39:13","updated":"2025-08-26 20:34:11"},"aioseo_breadcrumb":"<div class=\"aioseo-breadcrumbs\"><span class=\"aioseo-breadcrumb\">\n\t<a href=\"https:\/\/candas365.es\/noticias\" title=\"Home\">Home<\/a>\n<\/span><span class=\"aioseo-breadcrumb-separator\">&ndash;<\/span><span class=\"aioseo-breadcrumb\">\n\t<a href=\"https:\/\/candas365.es\/noticias\/category\/noticias-carreno\/\" title=\"Noticias Carre\u00f1o\">Noticias Carre\u00f1o<\/a>\n<\/span><span class=\"aioseo-breadcrumb-separator\">&ndash;<\/span><span class=\"aioseo-breadcrumb\">\n\tBecas de Comedor en los colegios de Carre\u00f1o\n<\/span><\/div>","aioseo_breadcrumb_json":[{"label":"Home","link":"https:\/\/candas365.es\/noticias"},{"label":"Noticias Carre\u00f1o","link":"https:\/\/candas365.es\/noticias\/category\/noticias-carreno\/"},{"label":"Becas de Comedor en los colegios de Carre\u00f1o","link":"https:\/\/candas365.es\/noticias\/becas-de-comedor-en-los-colegios-de-carreno\/"}],"_links":{"self":[{"href":"https:\/\/candas365.es\/noticias\/wp-json\/wp\/v2\/posts\/95478","targetHints":{"allow":["GET"]}}],"collection":[{"href":"https:\/\/candas365.es\/noticias\/wp-json\/wp\/v2\/posts"}],"about":[{"href":"https:\/\/candas365.es\/noticias\/wp-json\/wp\/v2\/types\/post"}],"author":[{"embeddable":true,"href":"https:\/\/candas365.es\/noticias\/wp-json\/wp\/v2\/users\/1"}],"replies":[{"embeddable":true,"href":"https:\/\/candas365.es\/noticias\/wp-json\/wp\/v2\/comments?post=95478"}],"version-history":[{"count":0,"href":"https:\/\/candas365.es\/noticias\/wp-json\/wp\/v2\/posts\/95478\/revisions"}],"wp:featuredmedia":[{"embeddable":true,"href":"https:\/\/candas365.es\/noticias\/wp-json\/wp\/v2\/media\/6453"}],"wp:attachment":[{"href":"https:\/\/candas365.es\/noticias\/wp-json\/wp\/v2\/media?parent=95478"}],"wp:term":[{"taxonomy":"category","embeddable":true,"href":"https:\/\/candas365.es\/noticias\/wp-json\/wp\/v2\/categories?post=95478"},{"taxonomy":"post_tag","embeddable":true,"href":"https:\/\/candas365.es\/noticias\/wp-json\/wp\/v2\/tags?post=95478"}],"curies":[{"name":"wp","href":"https:\/\/api.w.org\/{rel}","templated":true}]}}