{"id":95467,"date":"2018-05-08T20:31:06","date_gmt":"2018-05-08T20:31:06","guid":{"rendered":"http:\/\/candas365.es\/noticias\/?p=95467"},"modified":"2018-05-08T20:31:06","modified_gmt":"2018-05-08T20:31:06","slug":"el-ayuntamiento-adjudica-las-obras-de-la-visera-del-tranqueru","status":"publish","type":"post","link":"https:\/\/candas365.es\/noticias\/el-ayuntamiento-adjudica-las-obras-de-la-visera-del-tranqueru\/","title":{"rendered":"El Ayuntamiento adjudica las obras de la \u201cvisera\u201d del Tranqueru"},"content":{"rendered":"<p><img fetchpriority=\"high\" decoding=\"async\" class=\"alignleft size-medium wp-image-95468\" src=\"https:\/\/candas365.es\/noticias\/wp-content\/uploads\/2018\/05\/Visera-de-El-Tranqueru-360x270.jpg\" alt=\"\" width=\"360\" height=\"270\" srcset=\"https:\/\/candas365.es\/noticias\/wp-content\/uploads\/2018\/05\/Visera-de-El-Tranqueru-360x270.jpg 360w, https:\/\/candas365.es\/noticias\/wp-content\/uploads\/2018\/05\/Visera-de-El-Tranqueru-768x576.jpg 768w, https:\/\/candas365.es\/noticias\/wp-content\/uploads\/2018\/05\/Visera-de-El-Tranqueru-640x480.jpg 640w, https:\/\/candas365.es\/noticias\/wp-content\/uploads\/2018\/05\/Visera-de-El-Tranqueru-80x60.jpg 80w, https:\/\/candas365.es\/noticias\/wp-content\/uploads\/2018\/05\/Visera-de-El-Tranqueru-265x198.jpg 265w, https:\/\/candas365.es\/noticias\/wp-content\/uploads\/2018\/05\/Visera-de-El-Tranqueru-696x522.jpg 696w, https:\/\/candas365.es\/noticias\/wp-content\/uploads\/2018\/05\/Visera-de-El-Tranqueru-1068x801.jpg 1068w, https:\/\/candas365.es\/noticias\/wp-content\/uploads\/2018\/05\/Visera-de-El-Tranqueru-560x420.jpg 560w, https:\/\/candas365.es\/noticias\/wp-content\/uploads\/2018\/05\/Visera-de-El-Tranqueru.jpg 1280w\" sizes=\"(max-width: 360px) 100vw, 360px\" \/>El Ayuntamiento de Carre\u00f1o, a trav\u00e9s de la Concejal\u00eda de Medio Rural y Pesca, acometer\u00e1 en la parroquia de Albandi, una inversi\u00f3n de m\u00e1s de 70 mil euros, para reparar la visera de protecci\u00f3n que hay en la Senda Norte a la altura de la playa del Tranqueru. Las obras se iniciar\u00e1n con un plazo m\u00e1ximo de mes y medio, periodo en el cu\u00e1l la empresa contratada presentar\u00e1 la documentaci\u00f3n necesaria a la Oficina T\u00e9cnica Municipal.<\/p>\n<p>La visera que protege de desprendimientos y corrimientos de materiales del acantilado por el que discurre a media ladera el camino litoral que recorre el tramo de costa comprendido entre la Ciudad Vacacional de Perlora y la playa de Pe\u00f1a Mar\u00eda est\u00e1 compuesta por una losa nervada de hormig\u00f3n armado y presenta unos 23 ml de longitud y unos 11 ml de ancho, con un espesor de unos 20 cm. Esta visera presenta unas nervaduras que le confieren la resistencia mec\u00e1nica necesaria para soportar su propio peso as\u00ed como el de los materiales que puedan depositarse sobre la cara expuesta a los deslizamientos. Dichos refuerzos tienen unos 40 \u2013 50 cm de canto y se disponen paralelos a su lado m\u00e1s corto.<\/p>\n<p>\u201cActualmente esta visera presenta deterioros en el hormig\u00f3n y las armaduras de acero que lo componen debido a la oxidaci\u00f3n de estas \u00faltimas. Las directiva de la entidad vecinal de El Tranqueru de Xivares fueron los primeros en detectar el deterioro de la visera y trasladar su preocupaci\u00f3n al Ayuntamiento. Es, como se\u00f1alan los t\u00e9cncios, un proceso patol\u00f3gico habitual en estructuras de hormig\u00f3n armado localizadas en ambientes qu\u00edmicamente agresivos como es \u00e9ste al estar tan pr\u00f3ximas al litoral marino. La oxidaci\u00f3n de las armaduras de acero provoca un gran aumento de volumen en las mismas (hasta de 8 veces el original) lo que provoca unas tensiones en el hormig\u00f3n que se traducen en la fisuraci\u00f3n y agrietamiento del mismo. Tanto la losa nervada como el p\u00f3rtico que la soporta se encuentran afectados por este proceso de forma generalizada, si bien en algunas \u00e1reas los desperfectos est\u00e1n concentrados y son m\u00e1s acusados\u201d \u2013 explic\u00f3 Manuel Noceda, edil de Medio Rural.<\/p>\n<p>\u201cCon la intervenci\u00f3n que se propuso desde la Oficina T\u00e9cnica Municipal se pretende solucionar la situaci\u00f3n actual deteniendo el proceso de oxidaci\u00f3n citado recuperando el hormig\u00f3n deteriorado y protegiendo el conjunto con el fin de que se reproduzca o reinicie de nuevo el deterioro del acero\u201d \u2013 avanz\u00f3 el edil.<\/p>\n<p>Inicialmente se proceder\u00e1 a realizar un saneado superficial y la eliminaci\u00f3n del hormig\u00f3n de todos los elementos retirando aquellas zonas que est\u00e9n pr\u00f3ximas a desprenderse o que no tengan una resistencia a tracci\u00f3n m\u00ednima. Para ello se emplear\u00e1 un rascado manual mediante equipo rotativo con abrasivo de diamante y conexi\u00f3n a aspiraci\u00f3n incorporada de los residuos provocados, obteniendo una rugosidad inferior a 2 mm e incrementando la porosidad superficial del hormig\u00f3n, incluso posteriormente se proceder\u00e1 al soplado de toda la superficie o aclarado con agua a presi\u00f3n. As\u00ed mismo, se sanear\u00e1n las armaduras hasta eliminar completamente el \u00f3xido que presenten en todo su contorno, aplicando en caso necesario, cepillado con p\u00faas de acero bien sea manual o mec\u00e1nico. Habr\u00e1 de resultar una superficie tanto en el hormig\u00f3n como en el acero libre de polvo, grasas, aceites, restos de pintura, lechada de cemento, \u00f3xidos, etc. y seca sobre la que se aplicar\u00e1 el producto pasivante de las armaduras mediante brocha. Este producto ser\u00e1 una imprimaci\u00f3n activa para protecci\u00f3n de armaduras y puente de uni\u00f3n par mortero sobre hormig\u00f3n, a base de cementos Portland, \u00e1ridos finos de granulometr\u00eda graduada, aditivos especiales y pol\u00edmeros redispersables en polvo. A continuaci\u00f3n, se recuperar\u00e1 la geometr\u00eda original de los diferentes elementos tratados mediante la aplicaci\u00f3n de un mortero tixotr\u00f3pico de muy alta resistencia. Se aplicar\u00e1 una capa inicial de contacto o lechada para mejorar as\u00ed la adherencia y cohesi\u00f3n del mortero. Una vez aplicado el mortero tixotr\u00f3pico es imprescindible realizar un curado durante al menos 24 horas para lo cual se rociara con agua y se tapar\u00e1 con pl\u00e1sticos. Como elemento final del tratamiento se aplicar\u00e1 como protecci\u00f3n sobre todas las superficies salvo la cara superior de la losa a base de una membrana impermeabilizante.<\/p>\n<p>Para llevar a cabo estas obras se cerrar\u00e1 temporalmente la senda costera durante un mes. El acceso a la playa de El Tranqueru ser\u00e1 desde Xivares y Monte Mor\u00eds.<\/p>\n<p>\u201cConsideran los t\u00e9cnicos municipales que es necesario impermeabilizar la cara superior de la losa para evitar futuras infiltraciones de agua que puedan provocar un nuevo proceso de oxidaci\u00f3n de las armaduras que hasta el momento se encuentran sanas. Para ello aplicaremos en las obras contratadas un material que, adem\u00e1s, sea capaz de resistir las agresiones de los materiales que se puedan continuar desprendiendo de la ladera\u201d \u2013 afirm\u00f3 el concejal.<\/p>\n<p>\u201cPara la ejecuci\u00f3n de estas obras se ha realizado la correspondiente contrataci\u00f3n en la que participaron 4 empresas presentando ofertas. Las obras fueron finalmente adjudicadas a Aplinor Xpraytech System, S.L. por importe de 71.269 \u20ac IVA incluido. Las obras tienen estimado un plazo de ejecuci\u00f3n de un mes, contar a partir del d\u00eda siguiente a la firma del acta de comprobaci\u00f3n del replanteo de dichas obras. Se estima que las mismas se iniciar\u00e1n con un plazo m\u00e1ximo de mes y medio.\u201d \u2013 concluy\u00f3 el concejal.<\/p>\n","protected":false},"excerpt":{"rendered":"<p>El Ayuntamiento de Carre\u00f1o, a trav\u00e9s de la Concejal\u00eda de Medio Rural y Pesca, acometer\u00e1 en la parroquia de Albandi, una inversi\u00f3n de m\u00e1s de 70 mil euros, para reparar la visera de protecci\u00f3n que hay en la Senda Norte a la altura de la playa del Tranqueru. Las obras se iniciar\u00e1n con un plazo<\/p>\n","protected":false},"author":1,"featured_media":95469,"comment_status":"closed","ping_status":"closed","sticky":false,"template":"","format":"standard","meta":{"footnotes":""},"categories":[2],"tags":[],"class_list":{"0":"post-95467","1":"post","2":"type-post","3":"status-publish","4":"format-standard","5":"has-post-thumbnail","7":"category-noticias-carreno"},"aioseo_notices":[],"aioseo_head":"\n\t\t<!-- All in One SEO Pro 4.9.6.2 - aioseo.com -->\n\t<meta name=\"description\" content=\"El Ayuntamiento de Carre\u00f1o, a trav\u00e9s de la Concejal\u00eda de Medio Rural y Pesca, acometer\u00e1 en la parroquia de Albandi, una inversi\u00f3n de m\u00e1s de 70 mil euros, para reparar la visera de protecci\u00f3n que hay en la Senda Norte a la altura de la playa del Tranqueru. Las obras se iniciar\u00e1n con un plazo\" \/>\n\t<meta name=\"robots\" content=\"max-image-preview:large\" \/>\n\t<meta name=\"author\" content=\"Cand\u00e1s 365\"\/>\n\t<meta name=\"google-site-verification\" content=\"UA-32230408-1\" \/>\n\t<meta name=\"msvalidate.01\" content=\"354F3CDFB2DA171B47FBE9ABF1F88D5\" \/>\n\t<meta name=\"keywords\" content=\"noticias carre\u00f1o\" \/>\n\t<link rel=\"canonical\" href=\"https:\/\/candas365.es\/noticias\/el-ayuntamiento-adjudica-las-obras-de-la-visera-del-tranqueru\/\" \/>\n\t<meta name=\"generator\" content=\"All in One SEO Pro (AIOSEO) 4.9.6.2\" \/>\n\t\t<meta property=\"og:locale\" content=\"es_ES\" \/>\n\t\t<meta property=\"og:site_name\" content=\"Cand\u00e1s 365\" \/>\n\t\t<meta property=\"og:type\" content=\"article\" \/>\n\t\t<meta property=\"og:title\" content=\"El Ayuntamiento adjudica las obras de la \u201cvisera\u201d del Tranqueru | Cand\u00e1s 365\" \/>\n\t\t<meta property=\"og:description\" content=\"El Ayuntamiento de Carre\u00f1o, a trav\u00e9s de la Concejal\u00eda de Medio Rural y Pesca, acometer\u00e1 en la parroquia de Albandi, una inversi\u00f3n de m\u00e1s de 70 mil euros, para reparar la visera de protecci\u00f3n que hay en la Senda Norte a la altura de la playa del Tranqueru. Las obras se iniciar\u00e1n con un plazo\" \/>\n\t\t<meta property=\"og:url\" content=\"https:\/\/candas365.es\/noticias\/el-ayuntamiento-adjudica-las-obras-de-la-visera-del-tranqueru\/\" \/>\n\t\t<meta property=\"og:image\" content=\"https:\/\/candas365.es\/noticias\/wp-content\/uploads\/2018\/05\/El-Tranqueru.jpg\" \/>\n\t\t<meta property=\"og:image:secure_url\" content=\"https:\/\/candas365.es\/noticias\/wp-content\/uploads\/2018\/05\/El-Tranqueru.jpg\" \/>\n\t\t<meta property=\"og:image:width\" content=\"960\" \/>\n\t\t<meta property=\"og:image:height\" content=\"1280\" \/>\n\t\t<meta property=\"article:published_time\" content=\"2018-05-08T20:31:06+00:00\" \/>\n\t\t<meta property=\"article:modified_time\" content=\"2018-05-08T20:31:06+00:00\" \/>\n\t\t<meta property=\"article:publisher\" content=\"https:\/\/www.facebook.com\/Nachofdezber\" \/>\n\t\t<meta property=\"article:author\" content=\"https:\/\/www.facebook.com\/carrenoactualidad\" \/>\n\t\t<meta name=\"twitter:card\" content=\"summary_large_image\" \/>\n\t\t<meta name=\"twitter:site\" content=\"@NabercoDigital\" \/>\n\t\t<meta name=\"twitter:title\" content=\"El Ayuntamiento adjudica las obras de la \u201cvisera\u201d del Tranqueru | Cand\u00e1s 365\" \/>\n\t\t<meta name=\"twitter:description\" content=\"El Ayuntamiento de Carre\u00f1o, a trav\u00e9s de la Concejal\u00eda de Medio Rural y Pesca, acometer\u00e1 en la parroquia de Albandi, una inversi\u00f3n de m\u00e1s de 70 mil euros, para reparar la visera de protecci\u00f3n que hay en la Senda Norte a la altura de la playa del Tranqueru. Las obras se iniciar\u00e1n con un plazo\" \/>\n\t\t<meta name=\"twitter:creator\" content=\"@nbasturias\" \/>\n\t\t<meta name=\"twitter:image\" content=\"https:\/\/candas365.es\/noticias\/wp-content\/uploads\/2018\/05\/El-Tranqueru.jpg\" \/>\n\t\t<meta name=\"twitter:label1\" content=\"Escrito por\" \/>\n\t\t<meta name=\"twitter:data1\" content=\"Cand\u00e1s 365\" \/>\n\t\t<meta name=\"twitter:label2\" content=\"Tiempo de lectura estimado\" \/>\n\t\t<meta name=\"twitter:data2\" content=\"5 minutos\" \/>\n\t\t<script type=\"application\/ld+json\" class=\"aioseo-schema\">\n\t\t\t{\"@context\":\"https:\\\/\\\/schema.org\",\"@graph\":[{\"@type\":\"BreadcrumbList\",\"@id\":\"https:\\\/\\\/candas365.es\\\/noticias\\\/el-ayuntamiento-adjudica-las-obras-de-la-visera-del-tranqueru\\\/#breadcrumblist\",\"itemListElement\":[{\"@type\":\"ListItem\",\"@id\":\"https:\\\/\\\/candas365.es\\\/noticias#listItem\",\"position\":1,\"name\":\"Home\",\"item\":\"https:\\\/\\\/candas365.es\\\/noticias\",\"nextItem\":{\"@type\":\"ListItem\",\"@id\":\"https:\\\/\\\/candas365.es\\\/noticias\\\/category\\\/noticias-carreno\\\/#listItem\",\"name\":\"Noticias Carre\\u00f1o\"}},{\"@type\":\"ListItem\",\"@id\":\"https:\\\/\\\/candas365.es\\\/noticias\\\/category\\\/noticias-carreno\\\/#listItem\",\"position\":2,\"name\":\"Noticias Carre\\u00f1o\",\"item\":\"https:\\\/\\\/candas365.es\\\/noticias\\\/category\\\/noticias-carreno\\\/\",\"nextItem\":{\"@type\":\"ListItem\",\"@id\":\"https:\\\/\\\/candas365.es\\\/noticias\\\/el-ayuntamiento-adjudica-las-obras-de-la-visera-del-tranqueru\\\/#listItem\",\"name\":\"El Ayuntamiento adjudica las obras de la \\u201cvisera\\u201d del Tranqueru\"},\"previousItem\":{\"@type\":\"ListItem\",\"@id\":\"https:\\\/\\\/candas365.es\\\/noticias#listItem\",\"name\":\"Home\"}},{\"@type\":\"ListItem\",\"@id\":\"https:\\\/\\\/candas365.es\\\/noticias\\\/el-ayuntamiento-adjudica-las-obras-de-la-visera-del-tranqueru\\\/#listItem\",\"position\":3,\"name\":\"El Ayuntamiento adjudica las obras de la \\u201cvisera\\u201d del Tranqueru\",\"previousItem\":{\"@type\":\"ListItem\",\"@id\":\"https:\\\/\\\/candas365.es\\\/noticias\\\/category\\\/noticias-carreno\\\/#listItem\",\"name\":\"Noticias Carre\\u00f1o\"}}]},{\"@type\":\"NewsArticle\",\"@id\":\"https:\\\/\\\/candas365.es\\\/noticias\\\/el-ayuntamiento-adjudica-las-obras-de-la-visera-del-tranqueru\\\/#newsarticle\",\"name\":\"El Ayuntamiento adjudica las obras de la \\u201cvisera\\u201d del Tranqueru | Cand\\u00e1s 365\",\"headline\":\"El Ayuntamiento adjudica las obras de la \\u201cvisera\\u201d del Tranqueru\",\"author\":{\"@id\":\"https:\\\/\\\/candas365.es\\\/noticias\\\/author\\\/admin\\\/#author\"},\"publisher\":{\"@id\":\"https:\\\/\\\/candas365.es\\\/noticias\\\/#organization\"},\"image\":{\"@type\":\"ImageObject\",\"url\":\"https:\\\/\\\/candas365.es\\\/noticias\\\/wp-content\\\/uploads\\\/2018\\\/05\\\/El-Tranqueru.jpg\",\"width\":960,\"height\":1280},\"datePublished\":\"2018-05-08T20:31:06+02:00\",\"dateModified\":\"2018-05-08T20:31:06+02:00\",\"inLanguage\":\"es-ES\",\"mainEntityOfPage\":{\"@id\":\"https:\\\/\\\/candas365.es\\\/noticias\\\/el-ayuntamiento-adjudica-las-obras-de-la-visera-del-tranqueru\\\/#webpage\"},\"isPartOf\":{\"@id\":\"https:\\\/\\\/candas365.es\\\/noticias\\\/el-ayuntamiento-adjudica-las-obras-de-la-visera-del-tranqueru\\\/#webpage\"},\"articleSection\":\"Noticias Carre\\u00f1o\",\"dateline\":\"Publicado el mayo 8, 2018.\"},{\"@type\":\"Organization\",\"@id\":\"https:\\\/\\\/candas365.es\\\/noticias\\\/#organization\",\"name\":\"Cand\\u00e1s 365\",\"description\":\"Cand\\u00e1s 365 es un diario digital independiente, fundado en 2012, con base en Asturias. Informamos con rigor sobre actualidad, sociedad, cultura y ocio, con una mirada local y global.\",\"url\":\"https:\\\/\\\/candas365.es\\\/noticias\\\/\",\"email\":\"info@candas365.es\",\"telephone\":\"+34652131393\",\"foundingDate\":\"2012-06-10\",\"logo\":{\"@type\":\"ImageObject\",\"url\":\"https:\\\/\\\/candas365.es\\\/noticias\\\/wp-content\\\/uploads\\\/2024\\\/09\\\/Candas-365-Redes.jpg\",\"@id\":\"https:\\\/\\\/candas365.es\\\/noticias\\\/el-ayuntamiento-adjudica-las-obras-de-la-visera-del-tranqueru\\\/#organizationLogo\",\"width\":1152,\"height\":864,\"caption\":\"Cand\\u00e1s 365 Redes\"},\"image\":{\"@id\":\"https:\\\/\\\/candas365.es\\\/noticias\\\/el-ayuntamiento-adjudica-las-obras-de-la-visera-del-tranqueru\\\/#organizationLogo\"},\"sameAs\":[\"https:\\\/\\\/www.facebook.com\\\/Nachofdezber\",\"https:\\\/\\\/x.com\\\/NabercoDigital\",\"https:\\\/\\\/www.instagram.com\\\/nachofdezber\\\/\",\"https:\\\/\\\/www.youtube.com\\\/channel\\\/UCZP-2wLEB9Rv6erhFmqVnvg\"],\"address\":{\"@id\":\"https:\\\/\\\/candas365.es\\\/noticias\\\/#postaladdress\",\"@type\":\"PostalAddress\",\"streetAddress\":\"san antonio 4, san antonio 4\",\"postalCode\":\"33430\",\"addressLocality\":\"Cand\\u00e1s\",\"addressRegion\":\"Asturias\",\"addressCountry\":\"ES\"}},{\"@type\":\"Person\",\"@id\":\"https:\\\/\\\/candas365.es\\\/noticias\\\/author\\\/admin\\\/#author\",\"url\":\"https:\\\/\\\/candas365.es\\\/noticias\\\/author\\\/admin\\\/\",\"name\":\"Cand\\u00e1s 365\",\"image\":{\"@type\":\"ImageObject\",\"@id\":\"https:\\\/\\\/candas365.es\\\/noticias\\\/el-ayuntamiento-adjudica-las-obras-de-la-visera-del-tranqueru\\\/#authorImage\",\"url\":\"https:\\\/\\\/secure.gravatar.com\\\/avatar\\\/496a8e03d0c493ede1718b7934145dbdf8d89be1036b0eec9544e1094c9de390?s=96&d=mm&r=g\",\"width\":96,\"height\":96,\"caption\":\"Cand\\u00e1s 365\"},\"sameAs\":[\"https:\\\/\\\/www.facebook.com\\\/carrenoactualidad\",\"https:\\\/\\\/twitter.com\\\/nbasturias\",\"https:\\\/\\\/www.instagram.com\\\/nachofdezber\\\/\",\"https:\\\/\\\/www.youtube.com\\\/channel\\\/UCZP-2wLEB9Rv6erhFmqVnvg\"]},{\"@type\":\"WebPage\",\"@id\":\"https:\\\/\\\/candas365.es\\\/noticias\\\/el-ayuntamiento-adjudica-las-obras-de-la-visera-del-tranqueru\\\/#webpage\",\"url\":\"https:\\\/\\\/candas365.es\\\/noticias\\\/el-ayuntamiento-adjudica-las-obras-de-la-visera-del-tranqueru\\\/\",\"name\":\"El Ayuntamiento adjudica las obras de la \\u201cvisera\\u201d del Tranqueru | Cand\\u00e1s 365\",\"description\":\"El Ayuntamiento de Carre\\u00f1o, a trav\\u00e9s de la Concejal\\u00eda de Medio Rural y Pesca, acometer\\u00e1 en la parroquia de Albandi, una inversi\\u00f3n de m\\u00e1s de 70 mil euros, para reparar la visera de protecci\\u00f3n que hay en la Senda Norte a la altura de la playa del Tranqueru. Las obras se iniciar\\u00e1n con un plazo\",\"inLanguage\":\"es-ES\",\"isPartOf\":{\"@id\":\"https:\\\/\\\/candas365.es\\\/noticias\\\/#website\"},\"breadcrumb\":{\"@id\":\"https:\\\/\\\/candas365.es\\\/noticias\\\/el-ayuntamiento-adjudica-las-obras-de-la-visera-del-tranqueru\\\/#breadcrumblist\"},\"author\":{\"@id\":\"https:\\\/\\\/candas365.es\\\/noticias\\\/author\\\/admin\\\/#author\"},\"creator\":{\"@id\":\"https:\\\/\\\/candas365.es\\\/noticias\\\/author\\\/admin\\\/#author\"},\"image\":{\"@type\":\"ImageObject\",\"url\":\"https:\\\/\\\/candas365.es\\\/noticias\\\/wp-content\\\/uploads\\\/2018\\\/05\\\/El-Tranqueru.jpg\",\"@id\":\"https:\\\/\\\/candas365.es\\\/noticias\\\/el-ayuntamiento-adjudica-las-obras-de-la-visera-del-tranqueru\\\/#mainImage\",\"width\":960,\"height\":1280},\"primaryImageOfPage\":{\"@id\":\"https:\\\/\\\/candas365.es\\\/noticias\\\/el-ayuntamiento-adjudica-las-obras-de-la-visera-del-tranqueru\\\/#mainImage\"},\"datePublished\":\"2018-05-08T20:31:06+02:00\",\"dateModified\":\"2018-05-08T20:31:06+02:00\"},{\"@type\":\"WebSite\",\"@id\":\"https:\\\/\\\/candas365.es\\\/noticias\\\/#website\",\"url\":\"https:\\\/\\\/candas365.es\\\/noticias\\\/\",\"name\":\"Cand\\u00e1s 365\",\"alternateName\":\"Cand\\u00e1s 365 Noticias\",\"description\":\"Actualidad desde Carre\\u00f1o para el mundo\",\"inLanguage\":\"es-ES\",\"publisher\":{\"@id\":\"https:\\\/\\\/candas365.es\\\/noticias\\\/#organization\"}}]}\n\t\t<\/script>\n\t\t<!-- All in One SEO Pro -->\r\n\t\t<title>El Ayuntamiento adjudica las obras de la \u201cvisera\u201d del Tranqueru | Cand\u00e1s 365<\/title>\n\n","aioseo_head_json":{"title":"El Ayuntamiento adjudica las obras de la \u201cvisera\u201d del Tranqueru | Cand\u00e1s 365","description":"El Ayuntamiento de Carre\u00f1o, a trav\u00e9s de la Concejal\u00eda de Medio Rural y Pesca, acometer\u00e1 en la parroquia de Albandi, una inversi\u00f3n de m\u00e1s de 70 mil euros, para reparar la visera de protecci\u00f3n que hay en la Senda Norte a la altura de la playa del Tranqueru. Las obras se iniciar\u00e1n con un plazo","canonical_url":"https:\/\/candas365.es\/noticias\/el-ayuntamiento-adjudica-las-obras-de-la-visera-del-tranqueru\/","robots":"max-image-preview:large","keywords":"noticias carre\u00f1o","webmasterTools":{"google-site-verification":"UA-32230408-1","msvalidate.01":"354F3CDFB2DA171B47FBE9ABF1F88D5","miscellaneous":""},"schema":{"@context":"https:\/\/schema.org","@graph":[{"@type":"BreadcrumbList","@id":"https:\/\/candas365.es\/noticias\/el-ayuntamiento-adjudica-las-obras-de-la-visera-del-tranqueru\/#breadcrumblist","itemListElement":[{"@type":"ListItem","@id":"https:\/\/candas365.es\/noticias#listItem","position":1,"name":"Home","item":"https:\/\/candas365.es\/noticias","nextItem":{"@type":"ListItem","@id":"https:\/\/candas365.es\/noticias\/category\/noticias-carreno\/#listItem","name":"Noticias Carre\u00f1o"}},{"@type":"ListItem","@id":"https:\/\/candas365.es\/noticias\/category\/noticias-carreno\/#listItem","position":2,"name":"Noticias Carre\u00f1o","item":"https:\/\/candas365.es\/noticias\/category\/noticias-carreno\/","nextItem":{"@type":"ListItem","@id":"https:\/\/candas365.es\/noticias\/el-ayuntamiento-adjudica-las-obras-de-la-visera-del-tranqueru\/#listItem","name":"El Ayuntamiento adjudica las obras de la \u201cvisera\u201d del Tranqueru"},"previousItem":{"@type":"ListItem","@id":"https:\/\/candas365.es\/noticias#listItem","name":"Home"}},{"@type":"ListItem","@id":"https:\/\/candas365.es\/noticias\/el-ayuntamiento-adjudica-las-obras-de-la-visera-del-tranqueru\/#listItem","position":3,"name":"El Ayuntamiento adjudica las obras de la \u201cvisera\u201d del Tranqueru","previousItem":{"@type":"ListItem","@id":"https:\/\/candas365.es\/noticias\/category\/noticias-carreno\/#listItem","name":"Noticias Carre\u00f1o"}}]},{"@type":"NewsArticle","@id":"https:\/\/candas365.es\/noticias\/el-ayuntamiento-adjudica-las-obras-de-la-visera-del-tranqueru\/#newsarticle","name":"El Ayuntamiento adjudica las obras de la \u201cvisera\u201d del Tranqueru | Cand\u00e1s 365","headline":"El Ayuntamiento adjudica las obras de la \u201cvisera\u201d del Tranqueru","author":{"@id":"https:\/\/candas365.es\/noticias\/author\/admin\/#author"},"publisher":{"@id":"https:\/\/candas365.es\/noticias\/#organization"},"image":{"@type":"ImageObject","url":"https:\/\/candas365.es\/noticias\/wp-content\/uploads\/2018\/05\/El-Tranqueru.jpg","width":960,"height":1280},"datePublished":"2018-05-08T20:31:06+02:00","dateModified":"2018-05-08T20:31:06+02:00","inLanguage":"es-ES","mainEntityOfPage":{"@id":"https:\/\/candas365.es\/noticias\/el-ayuntamiento-adjudica-las-obras-de-la-visera-del-tranqueru\/#webpage"},"isPartOf":{"@id":"https:\/\/candas365.es\/noticias\/el-ayuntamiento-adjudica-las-obras-de-la-visera-del-tranqueru\/#webpage"},"articleSection":"Noticias Carre\u00f1o","dateline":"Publicado el mayo 8, 2018."},{"@type":"Organization","@id":"https:\/\/candas365.es\/noticias\/#organization","name":"Cand\u00e1s 365","description":"Cand\u00e1s 365 es un diario digital independiente, fundado en 2012, con base en Asturias. Informamos con rigor sobre actualidad, sociedad, cultura y ocio, con una mirada local y global.","url":"https:\/\/candas365.es\/noticias\/","email":"info@candas365.es","telephone":"+34652131393","foundingDate":"2012-06-10","logo":{"@type":"ImageObject","url":"https:\/\/candas365.es\/noticias\/wp-content\/uploads\/2024\/09\/Candas-365-Redes.jpg","@id":"https:\/\/candas365.es\/noticias\/el-ayuntamiento-adjudica-las-obras-de-la-visera-del-tranqueru\/#organizationLogo","width":1152,"height":864,"caption":"Cand\u00e1s 365 Redes"},"image":{"@id":"https:\/\/candas365.es\/noticias\/el-ayuntamiento-adjudica-las-obras-de-la-visera-del-tranqueru\/#organizationLogo"},"sameAs":["https:\/\/www.facebook.com\/Nachofdezber","https:\/\/x.com\/NabercoDigital","https:\/\/www.instagram.com\/nachofdezber\/","https:\/\/www.youtube.com\/channel\/UCZP-2wLEB9Rv6erhFmqVnvg"],"address":{"@id":"https:\/\/candas365.es\/noticias\/#postaladdress","@type":"PostalAddress","streetAddress":"san antonio 4, san antonio 4","postalCode":"33430","addressLocality":"Cand\u00e1s","addressRegion":"Asturias","addressCountry":"ES"}},{"@type":"Person","@id":"https:\/\/candas365.es\/noticias\/author\/admin\/#author","url":"https:\/\/candas365.es\/noticias\/author\/admin\/","name":"Cand\u00e1s 365","image":{"@type":"ImageObject","@id":"https:\/\/candas365.es\/noticias\/el-ayuntamiento-adjudica-las-obras-de-la-visera-del-tranqueru\/#authorImage","url":"https:\/\/secure.gravatar.com\/avatar\/496a8e03d0c493ede1718b7934145dbdf8d89be1036b0eec9544e1094c9de390?s=96&d=mm&r=g","width":96,"height":96,"caption":"Cand\u00e1s 365"},"sameAs":["https:\/\/www.facebook.com\/carrenoactualidad","https:\/\/twitter.com\/nbasturias","https:\/\/www.instagram.com\/nachofdezber\/","https:\/\/www.youtube.com\/channel\/UCZP-2wLEB9Rv6erhFmqVnvg"]},{"@type":"WebPage","@id":"https:\/\/candas365.es\/noticias\/el-ayuntamiento-adjudica-las-obras-de-la-visera-del-tranqueru\/#webpage","url":"https:\/\/candas365.es\/noticias\/el-ayuntamiento-adjudica-las-obras-de-la-visera-del-tranqueru\/","name":"El Ayuntamiento adjudica las obras de la \u201cvisera\u201d del Tranqueru | Cand\u00e1s 365","description":"El Ayuntamiento de Carre\u00f1o, a trav\u00e9s de la Concejal\u00eda de Medio Rural y Pesca, acometer\u00e1 en la parroquia de Albandi, una inversi\u00f3n de m\u00e1s de 70 mil euros, para reparar la visera de protecci\u00f3n que hay en la Senda Norte a la altura de la playa del Tranqueru. Las obras se iniciar\u00e1n con un plazo","inLanguage":"es-ES","isPartOf":{"@id":"https:\/\/candas365.es\/noticias\/#website"},"breadcrumb":{"@id":"https:\/\/candas365.es\/noticias\/el-ayuntamiento-adjudica-las-obras-de-la-visera-del-tranqueru\/#breadcrumblist"},"author":{"@id":"https:\/\/candas365.es\/noticias\/author\/admin\/#author"},"creator":{"@id":"https:\/\/candas365.es\/noticias\/author\/admin\/#author"},"image":{"@type":"ImageObject","url":"https:\/\/candas365.es\/noticias\/wp-content\/uploads\/2018\/05\/El-Tranqueru.jpg","@id":"https:\/\/candas365.es\/noticias\/el-ayuntamiento-adjudica-las-obras-de-la-visera-del-tranqueru\/#mainImage","width":960,"height":1280},"primaryImageOfPage":{"@id":"https:\/\/candas365.es\/noticias\/el-ayuntamiento-adjudica-las-obras-de-la-visera-del-tranqueru\/#mainImage"},"datePublished":"2018-05-08T20:31:06+02:00","dateModified":"2018-05-08T20:31:06+02:00"},{"@type":"WebSite","@id":"https:\/\/candas365.es\/noticias\/#website","url":"https:\/\/candas365.es\/noticias\/","name":"Cand\u00e1s 365","alternateName":"Cand\u00e1s 365 Noticias","description":"Actualidad desde Carre\u00f1o para el mundo","inLanguage":"es-ES","publisher":{"@id":"https:\/\/candas365.es\/noticias\/#organization"}}]},"og:locale":"es_ES","og:site_name":"Cand\u00e1s 365","og:type":"article","og:title":"El Ayuntamiento adjudica las obras de la \u201cvisera\u201d del Tranqueru | Cand\u00e1s 365","og:description":"El Ayuntamiento de Carre\u00f1o, a trav\u00e9s de la Concejal\u00eda de Medio Rural y Pesca, acometer\u00e1 en la parroquia de Albandi, una inversi\u00f3n de m\u00e1s de 70 mil euros, para reparar la visera de protecci\u00f3n que hay en la Senda Norte a la altura de la playa del Tranqueru. Las obras se iniciar\u00e1n con un plazo","og:url":"https:\/\/candas365.es\/noticias\/el-ayuntamiento-adjudica-las-obras-de-la-visera-del-tranqueru\/","og:image":"https:\/\/candas365.es\/noticias\/wp-content\/uploads\/2018\/05\/El-Tranqueru.jpg","og:image:secure_url":"https:\/\/candas365.es\/noticias\/wp-content\/uploads\/2018\/05\/El-Tranqueru.jpg","og:image:width":960,"og:image:height":1280,"article:published_time":"2018-05-08T20:31:06+00:00","article:modified_time":"2018-05-08T20:31:06+00:00","article:publisher":"https:\/\/www.facebook.com\/Nachofdezber","article:author":"https:\/\/www.facebook.com\/carrenoactualidad","twitter:card":"summary_large_image","twitter:site":"@NabercoDigital","twitter:title":"El Ayuntamiento adjudica las obras de la \u201cvisera\u201d del Tranqueru | Cand\u00e1s 365","twitter:description":"El Ayuntamiento de Carre\u00f1o, a trav\u00e9s de la Concejal\u00eda de Medio Rural y Pesca, acometer\u00e1 en la parroquia de Albandi, una inversi\u00f3n de m\u00e1s de 70 mil euros, para reparar la visera de protecci\u00f3n que hay en la Senda Norte a la altura de la playa del Tranqueru. Las obras se iniciar\u00e1n con un plazo","twitter:creator":"@nbasturias","twitter:image":"https:\/\/candas365.es\/noticias\/wp-content\/uploads\/2018\/05\/El-Tranqueru.jpg","twitter:label1":"Escrito por","twitter:data1":"Cand\u00e1s 365","twitter:label2":"Tiempo de lectura estimado","twitter:data2":"5 minutos"},"aioseo_meta_data":{"post_id":"95467","title":null,"description":null,"keywords":null,"keyphrases":null,"primary_term":null,"canonical_url":null,"og_title":null,"og_description":null,"og_object_type":"default","og_image_type":"default","og_image_url":null,"og_image_width":null,"og_image_height":null,"og_image_custom_url":null,"og_image_custom_fields":null,"og_video":null,"og_custom_url":null,"og_article_section":null,"og_article_tags":null,"twitter_use_og":false,"twitter_card":"default","twitter_image_type":"default","twitter_image_url":null,"twitter_image_custom_url":null,"twitter_image_custom_fields":null,"twitter_title":null,"twitter_description":null,"schema":{"blockGraphs":[],"customGraphs":[],"default":{"data":{"Article":[],"Course":[],"Dataset":[],"FAQPage":[],"Movie":[],"Person":[],"Product":[],"ProductReview":[],"Car":[],"Recipe":[],"Service":[],"SoftwareApplication":[],"WebPage":[]},"graphName":"","isEnabled":true},"graphs":[]},"schema_type":null,"schema_type_options":null,"pillar_content":false,"robots_default":true,"robots_noindex":false,"robots_noarchive":false,"robots_nosnippet":false,"robots_nofollow":false,"robots_noimageindex":false,"robots_noodp":false,"robots_notranslate":false,"robots_max_snippet":null,"robots_max_videopreview":null,"robots_max_imagepreview":"large","priority":null,"frequency":null,"location":null,"local_seo":null,"seo_analyzer_scan_date":"2025-08-26 20:33:10","breadcrumb_settings":null,"limit_modified_date":false,"reviewed_by":null,"open_ai":null,"ai":null,"created":"2020-12-21 11:39:13","updated":"2025-08-26 20:33:10"},"aioseo_breadcrumb":"<div class=\"aioseo-breadcrumbs\"><span class=\"aioseo-breadcrumb\">\n\t<a href=\"https:\/\/candas365.es\/noticias\" title=\"Home\">Home<\/a>\n<\/span><span class=\"aioseo-breadcrumb-separator\">&ndash;<\/span><span class=\"aioseo-breadcrumb\">\n\t<a href=\"https:\/\/candas365.es\/noticias\/category\/noticias-carreno\/\" title=\"Noticias Carre\u00f1o\">Noticias Carre\u00f1o<\/a>\n<\/span><span class=\"aioseo-breadcrumb-separator\">&ndash;<\/span><span class=\"aioseo-breadcrumb\">\n\tEl Ayuntamiento adjudica las obras de la \u201cvisera\u201d del Tranqueru\n<\/span><\/div>","aioseo_breadcrumb_json":[{"label":"Home","link":"https:\/\/candas365.es\/noticias"},{"label":"Noticias Carre\u00f1o","link":"https:\/\/candas365.es\/noticias\/category\/noticias-carreno\/"},{"label":"El Ayuntamiento adjudica las obras de la \u201cvisera\u201d del Tranqueru","link":"https:\/\/candas365.es\/noticias\/el-ayuntamiento-adjudica-las-obras-de-la-visera-del-tranqueru\/"}],"_links":{"self":[{"href":"https:\/\/candas365.es\/noticias\/wp-json\/wp\/v2\/posts\/95467","targetHints":{"allow":["GET"]}}],"collection":[{"href":"https:\/\/candas365.es\/noticias\/wp-json\/wp\/v2\/posts"}],"about":[{"href":"https:\/\/candas365.es\/noticias\/wp-json\/wp\/v2\/types\/post"}],"author":[{"embeddable":true,"href":"https:\/\/candas365.es\/noticias\/wp-json\/wp\/v2\/users\/1"}],"replies":[{"embeddable":true,"href":"https:\/\/candas365.es\/noticias\/wp-json\/wp\/v2\/comments?post=95467"}],"version-history":[{"count":0,"href":"https:\/\/candas365.es\/noticias\/wp-json\/wp\/v2\/posts\/95467\/revisions"}],"wp:featuredmedia":[{"embeddable":true,"href":"https:\/\/candas365.es\/noticias\/wp-json\/wp\/v2\/media\/95469"}],"wp:attachment":[{"href":"https:\/\/candas365.es\/noticias\/wp-json\/wp\/v2\/media?parent=95467"}],"wp:term":[{"taxonomy":"category","embeddable":true,"href":"https:\/\/candas365.es\/noticias\/wp-json\/wp\/v2\/categories?post=95467"},{"taxonomy":"post_tag","embeddable":true,"href":"https:\/\/candas365.es\/noticias\/wp-json\/wp\/v2\/tags?post=95467"}],"curies":[{"name":"wp","href":"https:\/\/api.w.org\/{rel}","templated":true}]}}