{"id":95463,"date":"2018-05-08T00:46:18","date_gmt":"2018-05-08T00:46:18","guid":{"rendered":"http:\/\/candas365.es\/noticias\/?p=95463"},"modified":"2018-05-08T20:29:04","modified_gmt":"2018-05-08T20:29:04","slug":"un-conductor-autobus-da-positivo-en-un-control-en-candas","status":"publish","type":"post","link":"https:\/\/candas365.es\/noticias\/un-conductor-autobus-da-positivo-en-un-control-en-candas\/","title":{"rendered":"Un conductor de autob\u00fas da positivo en un control en Cand\u00e1s"},"content":{"rendered":"<p><img fetchpriority=\"high\" decoding=\"async\" class=\"alignleft size-medium wp-image-18235\" src=\"https:\/\/candas365.es\/noticias\/wp-content\/uploads\/2015\/10\/civil-360x198.jpg\" alt=\"\" width=\"360\" height=\"198\" srcset=\"https:\/\/candas365.es\/noticias\/wp-content\/uploads\/2015\/10\/civil-360x198.jpg 360w, https:\/\/candas365.es\/noticias\/wp-content\/uploads\/2015\/10\/civil-650x357.jpg 650w, https:\/\/candas365.es\/noticias\/wp-content\/uploads\/2015\/10\/civil-150x82.jpg 150w, https:\/\/candas365.es\/noticias\/wp-content\/uploads\/2015\/10\/civil-450x247.jpg 450w, https:\/\/candas365.es\/noticias\/wp-content\/uploads\/2015\/10\/civil.jpg 655w\" sizes=\"(max-width: 360px) 100vw, 360px\" \/>El d\u00eda 5 de mayo, efectivos del Sector\/Subsector de Tr\u00e1fico de la Guardia Civil en el Principado de Asturias, procedieron a la toma de manifestaci\u00f3n en calidad de investigado de una persona por un supuesto delito contra la seguridad vial.<\/p>\n<p>Los hechos ocurr\u00edan en la tarde del d\u00eda 5 de mayo, en el transcurso de un control preventivo de alcohol y drogas que la Guardia Civil ten\u00eda establecido en el punto kilom\u00e9trico 5 de la AS-118 (Luanco-Veri\u00f1a), sentido Veri\u00f1a, m\u00e1s concretamente en la rotonda de acceso a la localidad de Cand\u00e1s, perteneciente al municipio de Carre\u00f1o.<\/p>\n<p>A las 18.20 horas, los agentes daban el alto a un autob\u00fas para someter a la prueba de alcoholemia en aire espirado al conductor del mismo, arrojando un resultado de 0.76 mg\/litro aire espirado en la primera prueba y 0.73 en la segunda, realizada 18 minutos m\u00e1s tarde.<\/p>\n<p>El autob\u00fas, que ven\u00eda de la localidad de Luanco, transportaba un total de 31 pasajeros, los cuales tuvieron que esperar dentro del mismo hasta que la compa\u00f1\u00eda envi\u00f3 un nuevo conductor para poder continuar su ruta. Se trataba de un grupo de turistas procedentes de Galicia, que se encuentran pasando unos d\u00edas por el Principado.<\/p>\n<p>El conductor, que result\u00f3 ser B.G.A., de 54 a\u00f1os y vecino de Llanera, le fue tomado manifestaci\u00f3n en calidad de investigado por un supuesto delito contra la seguridad del tr\u00e1fico, al conducir el autob\u00fas superando las tasas establecidas de bebidas alcoh\u00f3licas.<\/p>\n<p>El resultado arrojado en la prueba de alcoholemia superaba hasta en 5 veces la tasa legal permitida para la conducci\u00f3n de este tipo de transportes, que es la de 0,15 mg\/litro de aire espirado.<\/p>\n<p>Las dirigencias han sido entregadas en el Juzgado de Primera Instancia e Instrucci\u00f3n n\u00famero 2 de Gij\u00f3n.<\/p>\n","protected":false},"excerpt":{"rendered":"<p>El d\u00eda 5 de mayo, efectivos del Sector\/Subsector de Tr\u00e1fico de la Guardia Civil en el Principado de Asturias, procedieron a la toma de manifestaci\u00f3n en calidad de investigado de una persona por un supuesto delito contra la seguridad vial. Los hechos ocurr\u00edan en la tarde del d\u00eda 5 de mayo, en el transcurso de<\/p>\n","protected":false},"author":1,"featured_media":18235,"comment_status":"closed","ping_status":"closed","sticky":false,"template":"","format":"standard","meta":{"footnotes":""},"categories":[2],"tags":[],"class_list":{"0":"post-95463","1":"post","2":"type-post","3":"status-publish","4":"format-standard","5":"has-post-thumbnail","7":"category-noticias-carreno"},"aioseo_notices":[],"aioseo_head":"\n\t\t<!-- All in One SEO Pro 4.9.6.2 - aioseo.com -->\n\t<meta name=\"description\" content=\"El d\u00eda 5 de mayo, efectivos del Sector\/Subsector de Tr\u00e1fico de la Guardia Civil en el Principado de Asturias, procedieron a la toma de manifestaci\u00f3n en calidad de investigado de una persona por un supuesto delito contra la seguridad vial. Los hechos ocurr\u00edan en la tarde del d\u00eda 5 de mayo, en el transcurso de\" \/>\n\t<meta name=\"robots\" content=\"max-image-preview:large\" \/>\n\t<meta name=\"author\" content=\"Cand\u00e1s 365\"\/>\n\t<meta name=\"google-site-verification\" content=\"UA-32230408-1\" \/>\n\t<meta name=\"msvalidate.01\" content=\"354F3CDFB2DA171B47FBE9ABF1F88D5\" \/>\n\t<meta name=\"keywords\" content=\"noticias carre\u00f1o\" \/>\n\t<link rel=\"canonical\" href=\"https:\/\/candas365.es\/noticias\/un-conductor-autobus-da-positivo-en-un-control-en-candas\/\" \/>\n\t<meta name=\"generator\" content=\"All in One SEO Pro (AIOSEO) 4.9.6.2\" \/>\n\t\t<meta property=\"og:locale\" content=\"es_ES\" \/>\n\t\t<meta property=\"og:site_name\" content=\"Cand\u00e1s 365\" \/>\n\t\t<meta property=\"og:type\" content=\"article\" \/>\n\t\t<meta property=\"og:title\" content=\"Un conductor de autob\u00fas da positivo en un control en Cand\u00e1s | Cand\u00e1s 365\" \/>\n\t\t<meta property=\"og:description\" content=\"El d\u00eda 5 de mayo, efectivos del Sector\/Subsector de Tr\u00e1fico de la Guardia Civil en el Principado de Asturias, procedieron a la toma de manifestaci\u00f3n en calidad de investigado de una persona por un supuesto delito contra la seguridad vial. Los hechos ocurr\u00edan en la tarde del d\u00eda 5 de mayo, en el transcurso de\" \/>\n\t\t<meta property=\"og:url\" content=\"https:\/\/candas365.es\/noticias\/un-conductor-autobus-da-positivo-en-un-control-en-candas\/\" \/>\n\t\t<meta property=\"og:image\" content=\"https:\/\/candas365.es\/noticias\/wp-content\/uploads\/2015\/10\/civil.jpg\" \/>\n\t\t<meta property=\"og:image:secure_url\" content=\"https:\/\/candas365.es\/noticias\/wp-content\/uploads\/2015\/10\/civil.jpg\" \/>\n\t\t<meta property=\"og:image:width\" content=\"655\" \/>\n\t\t<meta property=\"og:image:height\" content=\"360\" \/>\n\t\t<meta property=\"article:published_time\" content=\"2018-05-08T00:46:18+00:00\" \/>\n\t\t<meta property=\"article:modified_time\" content=\"2018-05-08T20:29:04+00:00\" \/>\n\t\t<meta property=\"article:publisher\" content=\"https:\/\/www.facebook.com\/Nachofdezber\" \/>\n\t\t<meta property=\"article:author\" content=\"https:\/\/www.facebook.com\/carrenoactualidad\" \/>\n\t\t<meta name=\"twitter:card\" content=\"summary_large_image\" \/>\n\t\t<meta name=\"twitter:site\" content=\"@NabercoDigital\" \/>\n\t\t<meta name=\"twitter:title\" content=\"Un conductor de autob\u00fas da positivo en un control en Cand\u00e1s | Cand\u00e1s 365\" \/>\n\t\t<meta name=\"twitter:description\" content=\"El d\u00eda 5 de mayo, efectivos del Sector\/Subsector de Tr\u00e1fico de la Guardia Civil en el Principado de Asturias, procedieron a la toma de manifestaci\u00f3n en calidad de investigado de una persona por un supuesto delito contra la seguridad vial. Los hechos ocurr\u00edan en la tarde del d\u00eda 5 de mayo, en el transcurso de\" \/>\n\t\t<meta name=\"twitter:creator\" content=\"@nbasturias\" \/>\n\t\t<meta name=\"twitter:image\" content=\"https:\/\/candas365.es\/noticias\/wp-content\/uploads\/2015\/10\/civil.jpg\" \/>\n\t\t<meta name=\"twitter:label1\" content=\"Escrito por\" \/>\n\t\t<meta name=\"twitter:data1\" content=\"Cand\u00e1s 365\" \/>\n\t\t<meta name=\"twitter:label2\" content=\"Tiempo de lectura estimado\" \/>\n\t\t<meta name=\"twitter:data2\" content=\"2 minutos\" \/>\n\t\t<script type=\"application\/ld+json\" class=\"aioseo-schema\">\n\t\t\t{\"@context\":\"https:\\\/\\\/schema.org\",\"@graph\":[{\"@type\":\"BreadcrumbList\",\"@id\":\"https:\\\/\\\/candas365.es\\\/noticias\\\/un-conductor-autobus-da-positivo-en-un-control-en-candas\\\/#breadcrumblist\",\"itemListElement\":[{\"@type\":\"ListItem\",\"@id\":\"https:\\\/\\\/candas365.es\\\/noticias#listItem\",\"position\":1,\"name\":\"Home\",\"item\":\"https:\\\/\\\/candas365.es\\\/noticias\",\"nextItem\":{\"@type\":\"ListItem\",\"@id\":\"https:\\\/\\\/candas365.es\\\/noticias\\\/category\\\/noticias-carreno\\\/#listItem\",\"name\":\"Noticias Carre\\u00f1o\"}},{\"@type\":\"ListItem\",\"@id\":\"https:\\\/\\\/candas365.es\\\/noticias\\\/category\\\/noticias-carreno\\\/#listItem\",\"position\":2,\"name\":\"Noticias Carre\\u00f1o\",\"item\":\"https:\\\/\\\/candas365.es\\\/noticias\\\/category\\\/noticias-carreno\\\/\",\"nextItem\":{\"@type\":\"ListItem\",\"@id\":\"https:\\\/\\\/candas365.es\\\/noticias\\\/un-conductor-autobus-da-positivo-en-un-control-en-candas\\\/#listItem\",\"name\":\"Un conductor de autob\\u00fas da positivo en un control en Cand\\u00e1s\"},\"previousItem\":{\"@type\":\"ListItem\",\"@id\":\"https:\\\/\\\/candas365.es\\\/noticias#listItem\",\"name\":\"Home\"}},{\"@type\":\"ListItem\",\"@id\":\"https:\\\/\\\/candas365.es\\\/noticias\\\/un-conductor-autobus-da-positivo-en-un-control-en-candas\\\/#listItem\",\"position\":3,\"name\":\"Un conductor de autob\\u00fas da positivo en un control en Cand\\u00e1s\",\"previousItem\":{\"@type\":\"ListItem\",\"@id\":\"https:\\\/\\\/candas365.es\\\/noticias\\\/category\\\/noticias-carreno\\\/#listItem\",\"name\":\"Noticias Carre\\u00f1o\"}}]},{\"@type\":\"NewsArticle\",\"@id\":\"https:\\\/\\\/candas365.es\\\/noticias\\\/un-conductor-autobus-da-positivo-en-un-control-en-candas\\\/#newsarticle\",\"name\":\"Un conductor de autob\\u00fas da positivo en un control en Cand\\u00e1s | Cand\\u00e1s 365\",\"headline\":\"Un conductor de autob\\u00fas da positivo en un control en Cand\\u00e1s\",\"author\":{\"@id\":\"https:\\\/\\\/candas365.es\\\/noticias\\\/author\\\/admin\\\/#author\"},\"publisher\":{\"@id\":\"https:\\\/\\\/candas365.es\\\/noticias\\\/#organization\"},\"image\":{\"@type\":\"ImageObject\",\"url\":\"https:\\\/\\\/candas365.es\\\/noticias\\\/wp-content\\\/uploads\\\/2015\\\/10\\\/civil.jpg\",\"width\":655,\"height\":360},\"datePublished\":\"2018-05-08T00:46:18+02:00\",\"dateModified\":\"2018-05-08T20:29:04+02:00\",\"inLanguage\":\"es-ES\",\"mainEntityOfPage\":{\"@id\":\"https:\\\/\\\/candas365.es\\\/noticias\\\/un-conductor-autobus-da-positivo-en-un-control-en-candas\\\/#webpage\"},\"isPartOf\":{\"@id\":\"https:\\\/\\\/candas365.es\\\/noticias\\\/un-conductor-autobus-da-positivo-en-un-control-en-candas\\\/#webpage\"},\"articleSection\":\"Noticias Carre\\u00f1o\",\"dateline\":\"Publicado el mayo 8, 2018.\"},{\"@type\":\"Organization\",\"@id\":\"https:\\\/\\\/candas365.es\\\/noticias\\\/#organization\",\"name\":\"Cand\\u00e1s 365\",\"description\":\"Cand\\u00e1s 365 es un diario digital independiente, fundado en 2012, con base en Asturias. Informamos con rigor sobre actualidad, sociedad, cultura y ocio, con una mirada local y global.\",\"url\":\"https:\\\/\\\/candas365.es\\\/noticias\\\/\",\"email\":\"info@candas365.es\",\"telephone\":\"+34652131393\",\"foundingDate\":\"2012-06-10\",\"logo\":{\"@type\":\"ImageObject\",\"url\":\"https:\\\/\\\/candas365.es\\\/noticias\\\/wp-content\\\/uploads\\\/2024\\\/09\\\/Candas-365-Redes.jpg\",\"@id\":\"https:\\\/\\\/candas365.es\\\/noticias\\\/un-conductor-autobus-da-positivo-en-un-control-en-candas\\\/#organizationLogo\",\"width\":1152,\"height\":864,\"caption\":\"Cand\\u00e1s 365 Redes\"},\"image\":{\"@id\":\"https:\\\/\\\/candas365.es\\\/noticias\\\/un-conductor-autobus-da-positivo-en-un-control-en-candas\\\/#organizationLogo\"},\"sameAs\":[\"https:\\\/\\\/www.facebook.com\\\/Nachofdezber\",\"https:\\\/\\\/x.com\\\/NabercoDigital\",\"https:\\\/\\\/www.instagram.com\\\/nachofdezber\\\/\",\"https:\\\/\\\/www.youtube.com\\\/channel\\\/UCZP-2wLEB9Rv6erhFmqVnvg\"],\"address\":{\"@id\":\"https:\\\/\\\/candas365.es\\\/noticias\\\/#postaladdress\",\"@type\":\"PostalAddress\",\"streetAddress\":\"san antonio 4, san antonio 4\",\"postalCode\":\"33430\",\"addressLocality\":\"Cand\\u00e1s\",\"addressRegion\":\"Asturias\",\"addressCountry\":\"ES\"}},{\"@type\":\"Person\",\"@id\":\"https:\\\/\\\/candas365.es\\\/noticias\\\/author\\\/admin\\\/#author\",\"url\":\"https:\\\/\\\/candas365.es\\\/noticias\\\/author\\\/admin\\\/\",\"name\":\"Cand\\u00e1s 365\",\"image\":{\"@type\":\"ImageObject\",\"@id\":\"https:\\\/\\\/candas365.es\\\/noticias\\\/un-conductor-autobus-da-positivo-en-un-control-en-candas\\\/#authorImage\",\"url\":\"https:\\\/\\\/secure.gravatar.com\\\/avatar\\\/496a8e03d0c493ede1718b7934145dbdf8d89be1036b0eec9544e1094c9de390?s=96&d=mm&r=g\",\"width\":96,\"height\":96,\"caption\":\"Cand\\u00e1s 365\"},\"sameAs\":[\"https:\\\/\\\/www.facebook.com\\\/carrenoactualidad\",\"https:\\\/\\\/twitter.com\\\/nbasturias\",\"https:\\\/\\\/www.instagram.com\\\/nachofdezber\\\/\",\"https:\\\/\\\/www.youtube.com\\\/channel\\\/UCZP-2wLEB9Rv6erhFmqVnvg\"]},{\"@type\":\"WebPage\",\"@id\":\"https:\\\/\\\/candas365.es\\\/noticias\\\/un-conductor-autobus-da-positivo-en-un-control-en-candas\\\/#webpage\",\"url\":\"https:\\\/\\\/candas365.es\\\/noticias\\\/un-conductor-autobus-da-positivo-en-un-control-en-candas\\\/\",\"name\":\"Un conductor de autob\\u00fas da positivo en un control en Cand\\u00e1s | Cand\\u00e1s 365\",\"description\":\"El d\\u00eda 5 de mayo, efectivos del Sector\\\/Subsector de Tr\\u00e1fico de la Guardia Civil en el Principado de Asturias, procedieron a la toma de manifestaci\\u00f3n en calidad de investigado de una persona por un supuesto delito contra la seguridad vial. Los hechos ocurr\\u00edan en la tarde del d\\u00eda 5 de mayo, en el transcurso de\",\"inLanguage\":\"es-ES\",\"isPartOf\":{\"@id\":\"https:\\\/\\\/candas365.es\\\/noticias\\\/#website\"},\"breadcrumb\":{\"@id\":\"https:\\\/\\\/candas365.es\\\/noticias\\\/un-conductor-autobus-da-positivo-en-un-control-en-candas\\\/#breadcrumblist\"},\"author\":{\"@id\":\"https:\\\/\\\/candas365.es\\\/noticias\\\/author\\\/admin\\\/#author\"},\"creator\":{\"@id\":\"https:\\\/\\\/candas365.es\\\/noticias\\\/author\\\/admin\\\/#author\"},\"image\":{\"@type\":\"ImageObject\",\"url\":\"https:\\\/\\\/candas365.es\\\/noticias\\\/wp-content\\\/uploads\\\/2015\\\/10\\\/civil.jpg\",\"@id\":\"https:\\\/\\\/candas365.es\\\/noticias\\\/un-conductor-autobus-da-positivo-en-un-control-en-candas\\\/#mainImage\",\"width\":655,\"height\":360},\"primaryImageOfPage\":{\"@id\":\"https:\\\/\\\/candas365.es\\\/noticias\\\/un-conductor-autobus-da-positivo-en-un-control-en-candas\\\/#mainImage\"},\"datePublished\":\"2018-05-08T00:46:18+02:00\",\"dateModified\":\"2018-05-08T20:29:04+02:00\"},{\"@type\":\"WebSite\",\"@id\":\"https:\\\/\\\/candas365.es\\\/noticias\\\/#website\",\"url\":\"https:\\\/\\\/candas365.es\\\/noticias\\\/\",\"name\":\"Cand\\u00e1s 365\",\"alternateName\":\"Cand\\u00e1s 365 Noticias\",\"description\":\"Actualidad desde Carre\\u00f1o para el mundo\",\"inLanguage\":\"es-ES\",\"publisher\":{\"@id\":\"https:\\\/\\\/candas365.es\\\/noticias\\\/#organization\"}}]}\n\t\t<\/script>\n\t\t<!-- All in One SEO Pro -->\r\n\t\t<title>Un conductor de autob\u00fas da positivo en un control en Cand\u00e1s | Cand\u00e1s 365<\/title>\n\n","aioseo_head_json":{"title":"Un conductor de autob\u00fas da positivo en un control en Cand\u00e1s | Cand\u00e1s 365","description":"El d\u00eda 5 de mayo, efectivos del Sector\/Subsector de Tr\u00e1fico de la Guardia Civil en el Principado de Asturias, procedieron a la toma de manifestaci\u00f3n en calidad de investigado de una persona por un supuesto delito contra la seguridad vial. Los hechos ocurr\u00edan en la tarde del d\u00eda 5 de mayo, en el transcurso de","canonical_url":"https:\/\/candas365.es\/noticias\/un-conductor-autobus-da-positivo-en-un-control-en-candas\/","robots":"max-image-preview:large","keywords":"noticias carre\u00f1o","webmasterTools":{"google-site-verification":"UA-32230408-1","msvalidate.01":"354F3CDFB2DA171B47FBE9ABF1F88D5","miscellaneous":""},"schema":{"@context":"https:\/\/schema.org","@graph":[{"@type":"BreadcrumbList","@id":"https:\/\/candas365.es\/noticias\/un-conductor-autobus-da-positivo-en-un-control-en-candas\/#breadcrumblist","itemListElement":[{"@type":"ListItem","@id":"https:\/\/candas365.es\/noticias#listItem","position":1,"name":"Home","item":"https:\/\/candas365.es\/noticias","nextItem":{"@type":"ListItem","@id":"https:\/\/candas365.es\/noticias\/category\/noticias-carreno\/#listItem","name":"Noticias Carre\u00f1o"}},{"@type":"ListItem","@id":"https:\/\/candas365.es\/noticias\/category\/noticias-carreno\/#listItem","position":2,"name":"Noticias Carre\u00f1o","item":"https:\/\/candas365.es\/noticias\/category\/noticias-carreno\/","nextItem":{"@type":"ListItem","@id":"https:\/\/candas365.es\/noticias\/un-conductor-autobus-da-positivo-en-un-control-en-candas\/#listItem","name":"Un conductor de autob\u00fas da positivo en un control en Cand\u00e1s"},"previousItem":{"@type":"ListItem","@id":"https:\/\/candas365.es\/noticias#listItem","name":"Home"}},{"@type":"ListItem","@id":"https:\/\/candas365.es\/noticias\/un-conductor-autobus-da-positivo-en-un-control-en-candas\/#listItem","position":3,"name":"Un conductor de autob\u00fas da positivo en un control en Cand\u00e1s","previousItem":{"@type":"ListItem","@id":"https:\/\/candas365.es\/noticias\/category\/noticias-carreno\/#listItem","name":"Noticias Carre\u00f1o"}}]},{"@type":"NewsArticle","@id":"https:\/\/candas365.es\/noticias\/un-conductor-autobus-da-positivo-en-un-control-en-candas\/#newsarticle","name":"Un conductor de autob\u00fas da positivo en un control en Cand\u00e1s | Cand\u00e1s 365","headline":"Un conductor de autob\u00fas da positivo en un control en Cand\u00e1s","author":{"@id":"https:\/\/candas365.es\/noticias\/author\/admin\/#author"},"publisher":{"@id":"https:\/\/candas365.es\/noticias\/#organization"},"image":{"@type":"ImageObject","url":"https:\/\/candas365.es\/noticias\/wp-content\/uploads\/2015\/10\/civil.jpg","width":655,"height":360},"datePublished":"2018-05-08T00:46:18+02:00","dateModified":"2018-05-08T20:29:04+02:00","inLanguage":"es-ES","mainEntityOfPage":{"@id":"https:\/\/candas365.es\/noticias\/un-conductor-autobus-da-positivo-en-un-control-en-candas\/#webpage"},"isPartOf":{"@id":"https:\/\/candas365.es\/noticias\/un-conductor-autobus-da-positivo-en-un-control-en-candas\/#webpage"},"articleSection":"Noticias Carre\u00f1o","dateline":"Publicado el mayo 8, 2018."},{"@type":"Organization","@id":"https:\/\/candas365.es\/noticias\/#organization","name":"Cand\u00e1s 365","description":"Cand\u00e1s 365 es un diario digital independiente, fundado en 2012, con base en Asturias. Informamos con rigor sobre actualidad, sociedad, cultura y ocio, con una mirada local y global.","url":"https:\/\/candas365.es\/noticias\/","email":"info@candas365.es","telephone":"+34652131393","foundingDate":"2012-06-10","logo":{"@type":"ImageObject","url":"https:\/\/candas365.es\/noticias\/wp-content\/uploads\/2024\/09\/Candas-365-Redes.jpg","@id":"https:\/\/candas365.es\/noticias\/un-conductor-autobus-da-positivo-en-un-control-en-candas\/#organizationLogo","width":1152,"height":864,"caption":"Cand\u00e1s 365 Redes"},"image":{"@id":"https:\/\/candas365.es\/noticias\/un-conductor-autobus-da-positivo-en-un-control-en-candas\/#organizationLogo"},"sameAs":["https:\/\/www.facebook.com\/Nachofdezber","https:\/\/x.com\/NabercoDigital","https:\/\/www.instagram.com\/nachofdezber\/","https:\/\/www.youtube.com\/channel\/UCZP-2wLEB9Rv6erhFmqVnvg"],"address":{"@id":"https:\/\/candas365.es\/noticias\/#postaladdress","@type":"PostalAddress","streetAddress":"san antonio 4, san antonio 4","postalCode":"33430","addressLocality":"Cand\u00e1s","addressRegion":"Asturias","addressCountry":"ES"}},{"@type":"Person","@id":"https:\/\/candas365.es\/noticias\/author\/admin\/#author","url":"https:\/\/candas365.es\/noticias\/author\/admin\/","name":"Cand\u00e1s 365","image":{"@type":"ImageObject","@id":"https:\/\/candas365.es\/noticias\/un-conductor-autobus-da-positivo-en-un-control-en-candas\/#authorImage","url":"https:\/\/secure.gravatar.com\/avatar\/496a8e03d0c493ede1718b7934145dbdf8d89be1036b0eec9544e1094c9de390?s=96&d=mm&r=g","width":96,"height":96,"caption":"Cand\u00e1s 365"},"sameAs":["https:\/\/www.facebook.com\/carrenoactualidad","https:\/\/twitter.com\/nbasturias","https:\/\/www.instagram.com\/nachofdezber\/","https:\/\/www.youtube.com\/channel\/UCZP-2wLEB9Rv6erhFmqVnvg"]},{"@type":"WebPage","@id":"https:\/\/candas365.es\/noticias\/un-conductor-autobus-da-positivo-en-un-control-en-candas\/#webpage","url":"https:\/\/candas365.es\/noticias\/un-conductor-autobus-da-positivo-en-un-control-en-candas\/","name":"Un conductor de autob\u00fas da positivo en un control en Cand\u00e1s | Cand\u00e1s 365","description":"El d\u00eda 5 de mayo, efectivos del Sector\/Subsector de Tr\u00e1fico de la Guardia Civil en el Principado de Asturias, procedieron a la toma de manifestaci\u00f3n en calidad de investigado de una persona por un supuesto delito contra la seguridad vial. Los hechos ocurr\u00edan en la tarde del d\u00eda 5 de mayo, en el transcurso de","inLanguage":"es-ES","isPartOf":{"@id":"https:\/\/candas365.es\/noticias\/#website"},"breadcrumb":{"@id":"https:\/\/candas365.es\/noticias\/un-conductor-autobus-da-positivo-en-un-control-en-candas\/#breadcrumblist"},"author":{"@id":"https:\/\/candas365.es\/noticias\/author\/admin\/#author"},"creator":{"@id":"https:\/\/candas365.es\/noticias\/author\/admin\/#author"},"image":{"@type":"ImageObject","url":"https:\/\/candas365.es\/noticias\/wp-content\/uploads\/2015\/10\/civil.jpg","@id":"https:\/\/candas365.es\/noticias\/un-conductor-autobus-da-positivo-en-un-control-en-candas\/#mainImage","width":655,"height":360},"primaryImageOfPage":{"@id":"https:\/\/candas365.es\/noticias\/un-conductor-autobus-da-positivo-en-un-control-en-candas\/#mainImage"},"datePublished":"2018-05-08T00:46:18+02:00","dateModified":"2018-05-08T20:29:04+02:00"},{"@type":"WebSite","@id":"https:\/\/candas365.es\/noticias\/#website","url":"https:\/\/candas365.es\/noticias\/","name":"Cand\u00e1s 365","alternateName":"Cand\u00e1s 365 Noticias","description":"Actualidad desde Carre\u00f1o para el mundo","inLanguage":"es-ES","publisher":{"@id":"https:\/\/candas365.es\/noticias\/#organization"}}]},"og:locale":"es_ES","og:site_name":"Cand\u00e1s 365","og:type":"article","og:title":"Un conductor de autob\u00fas da positivo en un control en Cand\u00e1s | Cand\u00e1s 365","og:description":"El d\u00eda 5 de mayo, efectivos del Sector\/Subsector de Tr\u00e1fico de la Guardia Civil en el Principado de Asturias, procedieron a la toma de manifestaci\u00f3n en calidad de investigado de una persona por un supuesto delito contra la seguridad vial. Los hechos ocurr\u00edan en la tarde del d\u00eda 5 de mayo, en el transcurso de","og:url":"https:\/\/candas365.es\/noticias\/un-conductor-autobus-da-positivo-en-un-control-en-candas\/","og:image":"https:\/\/candas365.es\/noticias\/wp-content\/uploads\/2015\/10\/civil.jpg","og:image:secure_url":"https:\/\/candas365.es\/noticias\/wp-content\/uploads\/2015\/10\/civil.jpg","og:image:width":655,"og:image:height":360,"article:published_time":"2018-05-08T00:46:18+00:00","article:modified_time":"2018-05-08T20:29:04+00:00","article:publisher":"https:\/\/www.facebook.com\/Nachofdezber","article:author":"https:\/\/www.facebook.com\/carrenoactualidad","twitter:card":"summary_large_image","twitter:site":"@NabercoDigital","twitter:title":"Un conductor de autob\u00fas da positivo en un control en Cand\u00e1s | Cand\u00e1s 365","twitter:description":"El d\u00eda 5 de mayo, efectivos del Sector\/Subsector de Tr\u00e1fico de la Guardia Civil en el Principado de Asturias, procedieron a la toma de manifestaci\u00f3n en calidad de investigado de una persona por un supuesto delito contra la seguridad vial. Los hechos ocurr\u00edan en la tarde del d\u00eda 5 de mayo, en el transcurso de","twitter:creator":"@nbasturias","twitter:image":"https:\/\/candas365.es\/noticias\/wp-content\/uploads\/2015\/10\/civil.jpg","twitter:label1":"Escrito por","twitter:data1":"Cand\u00e1s 365","twitter:label2":"Tiempo de lectura estimado","twitter:data2":"2 minutos"},"aioseo_meta_data":{"post_id":"95463","title":null,"description":null,"keywords":null,"keyphrases":null,"primary_term":null,"canonical_url":null,"og_title":null,"og_description":null,"og_object_type":"default","og_image_type":"default","og_image_url":null,"og_image_width":null,"og_image_height":null,"og_image_custom_url":null,"og_image_custom_fields":null,"og_video":null,"og_custom_url":null,"og_article_section":null,"og_article_tags":null,"twitter_use_og":false,"twitter_card":"default","twitter_image_type":"default","twitter_image_url":null,"twitter_image_custom_url":null,"twitter_image_custom_fields":null,"twitter_title":null,"twitter_description":null,"schema":{"blockGraphs":[],"customGraphs":[],"default":{"data":{"Article":[],"Course":[],"Dataset":[],"FAQPage":[],"Movie":[],"Person":[],"Product":[],"ProductReview":[],"Car":[],"Recipe":[],"Service":[],"SoftwareApplication":[],"WebPage":[]},"graphName":"","isEnabled":true},"graphs":[]},"schema_type":null,"schema_type_options":null,"pillar_content":false,"robots_default":true,"robots_noindex":false,"robots_noarchive":false,"robots_nosnippet":false,"robots_nofollow":false,"robots_noimageindex":false,"robots_noodp":false,"robots_notranslate":false,"robots_max_snippet":null,"robots_max_videopreview":null,"robots_max_imagepreview":"large","priority":null,"frequency":null,"location":null,"local_seo":null,"seo_analyzer_scan_date":"2025-08-26 20:33:09","breadcrumb_settings":null,"limit_modified_date":false,"reviewed_by":null,"open_ai":null,"ai":null,"created":"2020-12-21 11:39:13","updated":"2025-08-26 20:33:09"},"aioseo_breadcrumb":"<div class=\"aioseo-breadcrumbs\"><span class=\"aioseo-breadcrumb\">\n\t<a href=\"https:\/\/candas365.es\/noticias\" title=\"Home\">Home<\/a>\n<\/span><span class=\"aioseo-breadcrumb-separator\">&ndash;<\/span><span class=\"aioseo-breadcrumb\">\n\t<a href=\"https:\/\/candas365.es\/noticias\/category\/noticias-carreno\/\" title=\"Noticias Carre\u00f1o\">Noticias Carre\u00f1o<\/a>\n<\/span><span class=\"aioseo-breadcrumb-separator\">&ndash;<\/span><span class=\"aioseo-breadcrumb\">\n\tUn conductor de autob\u00fas da positivo en un control en Cand\u00e1s\n<\/span><\/div>","aioseo_breadcrumb_json":[{"label":"Home","link":"https:\/\/candas365.es\/noticias"},{"label":"Noticias Carre\u00f1o","link":"https:\/\/candas365.es\/noticias\/category\/noticias-carreno\/"},{"label":"Un conductor de autob\u00fas da positivo en un control en Cand\u00e1s","link":"https:\/\/candas365.es\/noticias\/un-conductor-autobus-da-positivo-en-un-control-en-candas\/"}],"_links":{"self":[{"href":"https:\/\/candas365.es\/noticias\/wp-json\/wp\/v2\/posts\/95463","targetHints":{"allow":["GET"]}}],"collection":[{"href":"https:\/\/candas365.es\/noticias\/wp-json\/wp\/v2\/posts"}],"about":[{"href":"https:\/\/candas365.es\/noticias\/wp-json\/wp\/v2\/types\/post"}],"author":[{"embeddable":true,"href":"https:\/\/candas365.es\/noticias\/wp-json\/wp\/v2\/users\/1"}],"replies":[{"embeddable":true,"href":"https:\/\/candas365.es\/noticias\/wp-json\/wp\/v2\/comments?post=95463"}],"version-history":[{"count":0,"href":"https:\/\/candas365.es\/noticias\/wp-json\/wp\/v2\/posts\/95463\/revisions"}],"wp:featuredmedia":[{"embeddable":true,"href":"https:\/\/candas365.es\/noticias\/wp-json\/wp\/v2\/media\/18235"}],"wp:attachment":[{"href":"https:\/\/candas365.es\/noticias\/wp-json\/wp\/v2\/media?parent=95463"}],"wp:term":[{"taxonomy":"category","embeddable":true,"href":"https:\/\/candas365.es\/noticias\/wp-json\/wp\/v2\/categories?post=95463"},{"taxonomy":"post_tag","embeddable":true,"href":"https:\/\/candas365.es\/noticias\/wp-json\/wp\/v2\/tags?post=95463"}],"curies":[{"name":"wp","href":"https:\/\/api.w.org\/{rel}","templated":true}]}}