{"id":95426,"date":"2018-05-07T19:57:54","date_gmt":"2018-05-07T19:57:54","guid":{"rendered":"http:\/\/candas365.es\/noticias\/?p=95426"},"modified":"2018-05-07T19:57:54","modified_gmt":"2018-05-07T19:57:54","slug":"espana-celebra-la-fiesta-del-cine-2018","status":"publish","type":"post","link":"https:\/\/candas365.es\/noticias\/espana-celebra-la-fiesta-del-cine-2018\/","title":{"rendered":"Espa\u00f1a celebra la Fiesta del Cine 2018"},"content":{"rendered":"<p><img fetchpriority=\"high\" decoding=\"async\" class=\"alignleft size-medium wp-image-84232\" src=\"https:\/\/candas365.es\/noticias\/wp-content\/uploads\/2017\/11\/film-596009_960_720-360x254.jpg\" alt=\"\" width=\"360\" height=\"254\" srcset=\"https:\/\/candas365.es\/noticias\/wp-content\/uploads\/2017\/11\/film-596009_960_720-360x254.jpg 360w, https:\/\/candas365.es\/noticias\/wp-content\/uploads\/2017\/11\/film-596009_960_720-768x542.jpg 768w, https:\/\/candas365.es\/noticias\/wp-content\/uploads\/2017\/11\/film-596009_960_720-655x463.jpg 655w, https:\/\/candas365.es\/noticias\/wp-content\/uploads\/2017\/11\/film-596009_960_720-100x70.jpg 100w, https:\/\/candas365.es\/noticias\/wp-content\/uploads\/2017\/11\/film-596009_960_720-696x492.jpg 696w, https:\/\/candas365.es\/noticias\/wp-content\/uploads\/2017\/11\/film-596009_960_720-595x420.jpg 595w, https:\/\/candas365.es\/noticias\/wp-content\/uploads\/2017\/11\/film-596009_960_720.jpg 960w\" sizes=\"(max-width: 360px) 100vw, 360px\" \/>M\u00e1s de 342 cines de todo el pa\u00eds se han sumado a la celebraci\u00f3n de la 14\u00ba edici\u00f3n de la Fiesta del Cine, que este a\u00f1o pone el foco en los m\u00e1s j\u00f3venes con la celebraci\u00f3n de diversas actividades cuyo objetivo es que descubran la magia del cine y llenen las salas.<\/p>\n<p>M\u00e1s de 342 cines espa\u00f1oles dan hoy el pistoletazo de salida a la 14\u00aa Fiesta del Cine, que hasta el pr\u00f3ximo mi\u00e9rcoles 9 de mayo permitir\u00e1 que los espectadores puedan disfrutar de los \u00faltimos estrenos cinematogr\u00e1ficos a un precio de 2,90 euros cada entrada.<\/p>\n<p>Hasta el momento, 818.007 se han acreditado ya para participar en la presente edici\u00f3n de uno de los eventos cinematogr\u00e1ficos m\u00e1s esperados del a\u00f1o.<\/p>\n<p>Como ya es habitual, la mec\u00e1nica para adquirir las entradas sigue siendo la misma que en ediciones anteriores. As\u00ed, los espectadores, excepto los menores de 14 a\u00f1os y los mayores de 60, deben acreditarse en la p\u00e1gina web oficial de la Fiesta del Cine. En lo que se refiere a las entradas, estas pueden adquirirse ya por tres canales de venta diferentes: taquilla, cajeros de venta de entradas situados en los halls de los cines y plataformas habituales de venta por Internet.<\/p>\n<p><strong>Los m\u00e1s j\u00f3venes, los protagonistas<\/strong><\/p>\n<p>Organizada por la Federaci\u00f3n de Distribuidores Cinematogr\u00e1ficos (FEDICINE), la Federaci\u00f3n de Cines de Espa\u00f1a (FECE) y el Instituto de la Cinematograf\u00eda y de las Artes Audiovisuales (ICAA), la Fiesta del Cine de este a\u00f1o pone el foco en los m\u00e1s j\u00f3venes con el objetivo de descubrirles la magia del S\u00e9ptimo Arte y que llenen las salas de todo el pa\u00eds.<\/p>\n<p>En l\u00ednea con este objetivo, la organizaci\u00f3n impuls\u00f3 durante la semana pasada diversas iniciativas destinadas al p\u00fablico m\u00e1s joven, como un encuentro el jueves 3 de mayo entre actores y directores, como Alex de la Iglesia, Eduardo Noriega, Antonio Resines y Carlos Santos, con sus fans en el que, bajo la batuta del locutor de Los 40 Tony Aguilar pudieron realizar preguntas y conocerlos as\u00ed un poco m\u00e1s. Un d\u00eda despu\u00e9s, el viernes 4 de mayo, cerca de 400 alumnos de colegios de Madrid y Barcelona, llevaron a cabo visitas guiadas por algunas de las salas m\u00e1s emblem\u00e1ticas del pa\u00eds para descubrir los entresijos del cine y disfrutar de la proyecci\u00f3n del cortometraje ALIKE, un corto educativo cedido por Aulacorto, una iniciativa del Ministerio de Educaci\u00f3n, Cultura y Deporte para potenciar la creaci\u00f3n de nuevos p\u00fablicos y educar en los colegios en el consumo legal de la cultura por parte de los m\u00e1s peque\u00f1os y de los j\u00f3venes, en el que se analizan, entre otros temas, la relaci\u00f3n entre padres e hijos y los nuevos m\u00e9todos de aprendizaje<\/p>\n<p><strong>Una cartelera de lujo<\/strong><\/p>\n<p>Durante los tres d\u00edas de la Fiesta del Cine -7, 8 y 9 de mayo-, los espectadores encontrar\u00e1n en la cartelera opciones para todos los gustos. As\u00ed, entre otros t\u00edtulos, se podr\u00e1 disfrutar de los filmes 12 valientes, 7 d\u00edas en Entebbe, Bailando la vida, Campeones, Custodia Compartida, El buen maestro, Isla de perros, La casa junto al mar, La casa torcida, Las leyes de la termodin\u00e1mica, Lucky, Mi familia del Norte, Mi querida cofrad\u00eda, Noche de juegos, Peter Rabbit, Proyecto Rampage, Ready Player One, Roman J. Israel, Sexpact, Super Maderos 2, Tomb Raidder, Un lugar tranquilo, Un sol interior y Vengadores: Infinity War.<\/p>\n<p>La Fiesta del Cine de este a\u00f1o cuenta con M&amp;M como patrocinador oficial. Adem\u00e1s, Fotogramas, Cinerama, Entradas.com, Ticketmaster, 014DS, Discine y Movierecord son los colaboradores oficiales de esta nueva edici\u00f3n.<\/p>\n<p><strong>Acerca de La Fiesta del Cine<\/strong><\/p>\n<p>La Fiesta del Cine es una iniciativa del sector cinematogr\u00e1fico, organizada por la Federaci\u00f3n de Distribuidores Cinematogr\u00e1ficos (FEDICINE), la Federaci\u00f3n de Cines de Espa\u00f1a (FECE) y el Instituto de la Cinematograf\u00eda y de las Artes Audiovisuales (ICAA). Su objetivo consiste en fomentar la asistencia a salas de cine como un h\u00e1bito social y cultural y, al mismo tiempo, mostrar el agradecimiento de la industria a todos los espectadores que cada a\u00f1o disfrutan de la inigualable experiencia de ver pel\u00edculas en la pantalla grande.<\/p>\n<p>Desde el a\u00f1o 2009, cuando se celebr\u00f3 por primera vez la Fiesta del Cine en Espa\u00f1a, m\u00e1s de 19 millones de espectadores han asistido al evento en las 13 ediciones celebradas hasta la fecha. \u00ab8 Apellidos Vascos\u00bb, \u00abUn Monstruo viene a verme\u00bb y \u00abDr\u00e1cula. La Leyenda jam\u00e1s contada\u00bb son las tres pel\u00edculas mas vistas en las distintas ediciones de la Fiesta del Cine.<\/p>\n","protected":false},"excerpt":{"rendered":"<p>M\u00e1s de 342 cines de todo el pa\u00eds se han sumado a la celebraci\u00f3n de la 14\u00ba edici\u00f3n de la Fiesta del Cine, que este a\u00f1o pone el foco en los m\u00e1s j\u00f3venes con la celebraci\u00f3n de diversas actividades cuyo objetivo es que descubran la magia del cine y llenen las salas. M\u00e1s de 342<\/p>\n","protected":false},"author":1,"featured_media":84232,"comment_status":"closed","ping_status":"closed","sticky":false,"template":"","format":"standard","meta":{"footnotes":""},"categories":[1],"tags":[],"class_list":{"0":"post-95426","1":"post","2":"type-post","3":"status-publish","4":"format-standard","5":"has-post-thumbnail","7":"category-agenda"},"aioseo_notices":[],"aioseo_head":"\n\t\t<!-- All in One SEO Pro 4.9.6.2 - aioseo.com -->\n\t<meta name=\"description\" content=\"M\u00e1s de 342 cines de todo el pa\u00eds se han sumado a la celebraci\u00f3n de la 14\u00ba edici\u00f3n de la Fiesta del Cine, que este a\u00f1o pone el foco en los m\u00e1s j\u00f3venes con la celebraci\u00f3n de diversas actividades cuyo objetivo es que descubran la magia del cine y llenen las salas. M\u00e1s de 342\" \/>\n\t<meta name=\"robots\" content=\"max-image-preview:large\" \/>\n\t<meta name=\"author\" content=\"Cand\u00e1s 365\"\/>\n\t<meta name=\"google-site-verification\" content=\"UA-32230408-1\" \/>\n\t<meta name=\"msvalidate.01\" content=\"354F3CDFB2DA171B47FBE9ABF1F88D5\" \/>\n\t<meta name=\"keywords\" content=\"agenda\" \/>\n\t<link rel=\"canonical\" href=\"https:\/\/candas365.es\/noticias\/espana-celebra-la-fiesta-del-cine-2018\/\" \/>\n\t<meta name=\"generator\" content=\"All in One SEO Pro (AIOSEO) 4.9.6.2\" \/>\n\t\t<meta property=\"og:locale\" content=\"es_ES\" \/>\n\t\t<meta property=\"og:site_name\" content=\"Cand\u00e1s 365\" \/>\n\t\t<meta property=\"og:type\" content=\"article\" \/>\n\t\t<meta property=\"og:title\" content=\"Espa\u00f1a celebra la Fiesta del Cine 2018 | Cand\u00e1s 365\" \/>\n\t\t<meta property=\"og:description\" content=\"M\u00e1s de 342 cines de todo el pa\u00eds se han sumado a la celebraci\u00f3n de la 14\u00ba edici\u00f3n de la Fiesta del Cine, que este a\u00f1o pone el foco en los m\u00e1s j\u00f3venes con la celebraci\u00f3n de diversas actividades cuyo objetivo es que descubran la magia del cine y llenen las salas. M\u00e1s de 342\" \/>\n\t\t<meta property=\"og:url\" content=\"https:\/\/candas365.es\/noticias\/espana-celebra-la-fiesta-del-cine-2018\/\" \/>\n\t\t<meta property=\"og:image\" content=\"https:\/\/candas365.es\/noticias\/wp-content\/uploads\/2017\/11\/film-596009_960_720.jpg\" \/>\n\t\t<meta property=\"og:image:secure_url\" content=\"https:\/\/candas365.es\/noticias\/wp-content\/uploads\/2017\/11\/film-596009_960_720.jpg\" \/>\n\t\t<meta property=\"og:image:width\" content=\"960\" \/>\n\t\t<meta property=\"og:image:height\" content=\"678\" \/>\n\t\t<meta property=\"article:published_time\" content=\"2018-05-07T19:57:54+00:00\" \/>\n\t\t<meta property=\"article:modified_time\" content=\"2018-05-07T19:57:54+00:00\" \/>\n\t\t<meta property=\"article:publisher\" content=\"https:\/\/www.facebook.com\/Nachofdezber\" \/>\n\t\t<meta property=\"article:author\" content=\"https:\/\/www.facebook.com\/carrenoactualidad\" \/>\n\t\t<meta name=\"twitter:card\" content=\"summary_large_image\" \/>\n\t\t<meta name=\"twitter:site\" content=\"@NabercoDigital\" \/>\n\t\t<meta name=\"twitter:title\" content=\"Espa\u00f1a celebra la Fiesta del Cine 2018 | Cand\u00e1s 365\" \/>\n\t\t<meta name=\"twitter:description\" content=\"M\u00e1s de 342 cines de todo el pa\u00eds se han sumado a la celebraci\u00f3n de la 14\u00ba edici\u00f3n de la Fiesta del Cine, que este a\u00f1o pone el foco en los m\u00e1s j\u00f3venes con la celebraci\u00f3n de diversas actividades cuyo objetivo es que descubran la magia del cine y llenen las salas. M\u00e1s de 342\" \/>\n\t\t<meta name=\"twitter:creator\" content=\"@nbasturias\" \/>\n\t\t<meta name=\"twitter:image\" content=\"https:\/\/candas365.es\/noticias\/wp-content\/uploads\/2017\/11\/film-596009_960_720.jpg\" \/>\n\t\t<meta name=\"twitter:label1\" content=\"Escrito por\" \/>\n\t\t<meta name=\"twitter:data1\" content=\"Cand\u00e1s 365\" \/>\n\t\t<meta name=\"twitter:label2\" content=\"Tiempo de lectura estimado\" \/>\n\t\t<meta name=\"twitter:data2\" content=\"4 minutos\" \/>\n\t\t<script type=\"application\/ld+json\" class=\"aioseo-schema\">\n\t\t\t{\"@context\":\"https:\\\/\\\/schema.org\",\"@graph\":[{\"@type\":\"BreadcrumbList\",\"@id\":\"https:\\\/\\\/candas365.es\\\/noticias\\\/espana-celebra-la-fiesta-del-cine-2018\\\/#breadcrumblist\",\"itemListElement\":[{\"@type\":\"ListItem\",\"@id\":\"https:\\\/\\\/candas365.es\\\/noticias#listItem\",\"position\":1,\"name\":\"Home\",\"item\":\"https:\\\/\\\/candas365.es\\\/noticias\",\"nextItem\":{\"@type\":\"ListItem\",\"@id\":\"https:\\\/\\\/candas365.es\\\/noticias\\\/category\\\/agenda\\\/#listItem\",\"name\":\"Agenda\"}},{\"@type\":\"ListItem\",\"@id\":\"https:\\\/\\\/candas365.es\\\/noticias\\\/category\\\/agenda\\\/#listItem\",\"position\":2,\"name\":\"Agenda\",\"item\":\"https:\\\/\\\/candas365.es\\\/noticias\\\/category\\\/agenda\\\/\",\"nextItem\":{\"@type\":\"ListItem\",\"@id\":\"https:\\\/\\\/candas365.es\\\/noticias\\\/espana-celebra-la-fiesta-del-cine-2018\\\/#listItem\",\"name\":\"Espa\\u00f1a celebra la Fiesta del Cine 2018\"},\"previousItem\":{\"@type\":\"ListItem\",\"@id\":\"https:\\\/\\\/candas365.es\\\/noticias#listItem\",\"name\":\"Home\"}},{\"@type\":\"ListItem\",\"@id\":\"https:\\\/\\\/candas365.es\\\/noticias\\\/espana-celebra-la-fiesta-del-cine-2018\\\/#listItem\",\"position\":3,\"name\":\"Espa\\u00f1a celebra la Fiesta del Cine 2018\",\"previousItem\":{\"@type\":\"ListItem\",\"@id\":\"https:\\\/\\\/candas365.es\\\/noticias\\\/category\\\/agenda\\\/#listItem\",\"name\":\"Agenda\"}}]},{\"@type\":\"NewsArticle\",\"@id\":\"https:\\\/\\\/candas365.es\\\/noticias\\\/espana-celebra-la-fiesta-del-cine-2018\\\/#newsarticle\",\"name\":\"Espa\\u00f1a celebra la Fiesta del Cine 2018 | Cand\\u00e1s 365\",\"headline\":\"Espa\\u00f1a celebra la Fiesta del Cine 2018\",\"author\":{\"@id\":\"https:\\\/\\\/candas365.es\\\/noticias\\\/author\\\/admin\\\/#author\"},\"publisher\":{\"@id\":\"https:\\\/\\\/candas365.es\\\/noticias\\\/#organization\"},\"image\":{\"@type\":\"ImageObject\",\"url\":\"https:\\\/\\\/candas365.es\\\/noticias\\\/wp-content\\\/uploads\\\/2017\\\/11\\\/film-596009_960_720.jpg\",\"width\":960,\"height\":678,\"caption\":\"film\"},\"datePublished\":\"2018-05-07T19:57:54+02:00\",\"dateModified\":\"2018-05-07T19:57:54+02:00\",\"inLanguage\":\"es-ES\",\"mainEntityOfPage\":{\"@id\":\"https:\\\/\\\/candas365.es\\\/noticias\\\/espana-celebra-la-fiesta-del-cine-2018\\\/#webpage\"},\"isPartOf\":{\"@id\":\"https:\\\/\\\/candas365.es\\\/noticias\\\/espana-celebra-la-fiesta-del-cine-2018\\\/#webpage\"},\"articleSection\":\"Agenda\",\"dateline\":\"Publicado el mayo 7, 2018.\"},{\"@type\":\"Organization\",\"@id\":\"https:\\\/\\\/candas365.es\\\/noticias\\\/#organization\",\"name\":\"Cand\\u00e1s 365\",\"description\":\"Cand\\u00e1s 365 es un diario digital independiente, fundado en 2012, con base en Asturias. Informamos con rigor sobre actualidad, sociedad, cultura y ocio, con una mirada local y global.\",\"url\":\"https:\\\/\\\/candas365.es\\\/noticias\\\/\",\"email\":\"info@candas365.es\",\"telephone\":\"+34652131393\",\"foundingDate\":\"2012-06-10\",\"logo\":{\"@type\":\"ImageObject\",\"url\":\"https:\\\/\\\/candas365.es\\\/noticias\\\/wp-content\\\/uploads\\\/2024\\\/09\\\/Candas-365-Redes.jpg\",\"@id\":\"https:\\\/\\\/candas365.es\\\/noticias\\\/espana-celebra-la-fiesta-del-cine-2018\\\/#organizationLogo\",\"width\":1152,\"height\":864,\"caption\":\"Cand\\u00e1s 365 Redes\"},\"image\":{\"@id\":\"https:\\\/\\\/candas365.es\\\/noticias\\\/espana-celebra-la-fiesta-del-cine-2018\\\/#organizationLogo\"},\"sameAs\":[\"https:\\\/\\\/www.facebook.com\\\/Nachofdezber\",\"https:\\\/\\\/x.com\\\/NabercoDigital\",\"https:\\\/\\\/www.instagram.com\\\/nachofdezber\\\/\",\"https:\\\/\\\/www.youtube.com\\\/channel\\\/UCZP-2wLEB9Rv6erhFmqVnvg\"],\"address\":{\"@id\":\"https:\\\/\\\/candas365.es\\\/noticias\\\/#postaladdress\",\"@type\":\"PostalAddress\",\"streetAddress\":\"san antonio 4, san antonio 4\",\"postalCode\":\"33430\",\"addressLocality\":\"Cand\\u00e1s\",\"addressRegion\":\"Asturias\",\"addressCountry\":\"ES\"}},{\"@type\":\"Person\",\"@id\":\"https:\\\/\\\/candas365.es\\\/noticias\\\/author\\\/admin\\\/#author\",\"url\":\"https:\\\/\\\/candas365.es\\\/noticias\\\/author\\\/admin\\\/\",\"name\":\"Cand\\u00e1s 365\",\"image\":{\"@type\":\"ImageObject\",\"@id\":\"https:\\\/\\\/candas365.es\\\/noticias\\\/espana-celebra-la-fiesta-del-cine-2018\\\/#authorImage\",\"url\":\"https:\\\/\\\/secure.gravatar.com\\\/avatar\\\/496a8e03d0c493ede1718b7934145dbdf8d89be1036b0eec9544e1094c9de390?s=96&d=mm&r=g\",\"width\":96,\"height\":96,\"caption\":\"Cand\\u00e1s 365\"},\"sameAs\":[\"https:\\\/\\\/www.facebook.com\\\/carrenoactualidad\",\"https:\\\/\\\/twitter.com\\\/nbasturias\",\"https:\\\/\\\/www.instagram.com\\\/nachofdezber\\\/\",\"https:\\\/\\\/www.youtube.com\\\/channel\\\/UCZP-2wLEB9Rv6erhFmqVnvg\"]},{\"@type\":\"WebPage\",\"@id\":\"https:\\\/\\\/candas365.es\\\/noticias\\\/espana-celebra-la-fiesta-del-cine-2018\\\/#webpage\",\"url\":\"https:\\\/\\\/candas365.es\\\/noticias\\\/espana-celebra-la-fiesta-del-cine-2018\\\/\",\"name\":\"Espa\\u00f1a celebra la Fiesta del Cine 2018 | Cand\\u00e1s 365\",\"description\":\"M\\u00e1s de 342 cines de todo el pa\\u00eds se han sumado a la celebraci\\u00f3n de la 14\\u00ba edici\\u00f3n de la Fiesta del Cine, que este a\\u00f1o pone el foco en los m\\u00e1s j\\u00f3venes con la celebraci\\u00f3n de diversas actividades cuyo objetivo es que descubran la magia del cine y llenen las salas. M\\u00e1s de 342\",\"inLanguage\":\"es-ES\",\"isPartOf\":{\"@id\":\"https:\\\/\\\/candas365.es\\\/noticias\\\/#website\"},\"breadcrumb\":{\"@id\":\"https:\\\/\\\/candas365.es\\\/noticias\\\/espana-celebra-la-fiesta-del-cine-2018\\\/#breadcrumblist\"},\"author\":{\"@id\":\"https:\\\/\\\/candas365.es\\\/noticias\\\/author\\\/admin\\\/#author\"},\"creator\":{\"@id\":\"https:\\\/\\\/candas365.es\\\/noticias\\\/author\\\/admin\\\/#author\"},\"image\":{\"@type\":\"ImageObject\",\"url\":\"https:\\\/\\\/candas365.es\\\/noticias\\\/wp-content\\\/uploads\\\/2017\\\/11\\\/film-596009_960_720.jpg\",\"@id\":\"https:\\\/\\\/candas365.es\\\/noticias\\\/espana-celebra-la-fiesta-del-cine-2018\\\/#mainImage\",\"width\":960,\"height\":678,\"caption\":\"film\"},\"primaryImageOfPage\":{\"@id\":\"https:\\\/\\\/candas365.es\\\/noticias\\\/espana-celebra-la-fiesta-del-cine-2018\\\/#mainImage\"},\"datePublished\":\"2018-05-07T19:57:54+02:00\",\"dateModified\":\"2018-05-07T19:57:54+02:00\"},{\"@type\":\"WebSite\",\"@id\":\"https:\\\/\\\/candas365.es\\\/noticias\\\/#website\",\"url\":\"https:\\\/\\\/candas365.es\\\/noticias\\\/\",\"name\":\"Cand\\u00e1s 365\",\"alternateName\":\"Cand\\u00e1s 365 Noticias\",\"description\":\"Actualidad desde Carre\\u00f1o para el mundo\",\"inLanguage\":\"es-ES\",\"publisher\":{\"@id\":\"https:\\\/\\\/candas365.es\\\/noticias\\\/#organization\"}}]}\n\t\t<\/script>\n\t\t<!-- All in One SEO Pro -->\r\n\t\t<title>Espa\u00f1a celebra la Fiesta del Cine 2018 | Cand\u00e1s 365<\/title>\n\n","aioseo_head_json":{"title":"Espa\u00f1a celebra la Fiesta del Cine 2018 | Cand\u00e1s 365","description":"M\u00e1s de 342 cines de todo el pa\u00eds se han sumado a la celebraci\u00f3n de la 14\u00ba edici\u00f3n de la Fiesta del Cine, que este a\u00f1o pone el foco en los m\u00e1s j\u00f3venes con la celebraci\u00f3n de diversas actividades cuyo objetivo es que descubran la magia del cine y llenen las salas. M\u00e1s de 342","canonical_url":"https:\/\/candas365.es\/noticias\/espana-celebra-la-fiesta-del-cine-2018\/","robots":"max-image-preview:large","keywords":"agenda","webmasterTools":{"google-site-verification":"UA-32230408-1","msvalidate.01":"354F3CDFB2DA171B47FBE9ABF1F88D5","miscellaneous":""},"schema":{"@context":"https:\/\/schema.org","@graph":[{"@type":"BreadcrumbList","@id":"https:\/\/candas365.es\/noticias\/espana-celebra-la-fiesta-del-cine-2018\/#breadcrumblist","itemListElement":[{"@type":"ListItem","@id":"https:\/\/candas365.es\/noticias#listItem","position":1,"name":"Home","item":"https:\/\/candas365.es\/noticias","nextItem":{"@type":"ListItem","@id":"https:\/\/candas365.es\/noticias\/category\/agenda\/#listItem","name":"Agenda"}},{"@type":"ListItem","@id":"https:\/\/candas365.es\/noticias\/category\/agenda\/#listItem","position":2,"name":"Agenda","item":"https:\/\/candas365.es\/noticias\/category\/agenda\/","nextItem":{"@type":"ListItem","@id":"https:\/\/candas365.es\/noticias\/espana-celebra-la-fiesta-del-cine-2018\/#listItem","name":"Espa\u00f1a celebra la Fiesta del Cine 2018"},"previousItem":{"@type":"ListItem","@id":"https:\/\/candas365.es\/noticias#listItem","name":"Home"}},{"@type":"ListItem","@id":"https:\/\/candas365.es\/noticias\/espana-celebra-la-fiesta-del-cine-2018\/#listItem","position":3,"name":"Espa\u00f1a celebra la Fiesta del Cine 2018","previousItem":{"@type":"ListItem","@id":"https:\/\/candas365.es\/noticias\/category\/agenda\/#listItem","name":"Agenda"}}]},{"@type":"NewsArticle","@id":"https:\/\/candas365.es\/noticias\/espana-celebra-la-fiesta-del-cine-2018\/#newsarticle","name":"Espa\u00f1a celebra la Fiesta del Cine 2018 | Cand\u00e1s 365","headline":"Espa\u00f1a celebra la Fiesta del Cine 2018","author":{"@id":"https:\/\/candas365.es\/noticias\/author\/admin\/#author"},"publisher":{"@id":"https:\/\/candas365.es\/noticias\/#organization"},"image":{"@type":"ImageObject","url":"https:\/\/candas365.es\/noticias\/wp-content\/uploads\/2017\/11\/film-596009_960_720.jpg","width":960,"height":678,"caption":"film"},"datePublished":"2018-05-07T19:57:54+02:00","dateModified":"2018-05-07T19:57:54+02:00","inLanguage":"es-ES","mainEntityOfPage":{"@id":"https:\/\/candas365.es\/noticias\/espana-celebra-la-fiesta-del-cine-2018\/#webpage"},"isPartOf":{"@id":"https:\/\/candas365.es\/noticias\/espana-celebra-la-fiesta-del-cine-2018\/#webpage"},"articleSection":"Agenda","dateline":"Publicado el mayo 7, 2018."},{"@type":"Organization","@id":"https:\/\/candas365.es\/noticias\/#organization","name":"Cand\u00e1s 365","description":"Cand\u00e1s 365 es un diario digital independiente, fundado en 2012, con base en Asturias. Informamos con rigor sobre actualidad, sociedad, cultura y ocio, con una mirada local y global.","url":"https:\/\/candas365.es\/noticias\/","email":"info@candas365.es","telephone":"+34652131393","foundingDate":"2012-06-10","logo":{"@type":"ImageObject","url":"https:\/\/candas365.es\/noticias\/wp-content\/uploads\/2024\/09\/Candas-365-Redes.jpg","@id":"https:\/\/candas365.es\/noticias\/espana-celebra-la-fiesta-del-cine-2018\/#organizationLogo","width":1152,"height":864,"caption":"Cand\u00e1s 365 Redes"},"image":{"@id":"https:\/\/candas365.es\/noticias\/espana-celebra-la-fiesta-del-cine-2018\/#organizationLogo"},"sameAs":["https:\/\/www.facebook.com\/Nachofdezber","https:\/\/x.com\/NabercoDigital","https:\/\/www.instagram.com\/nachofdezber\/","https:\/\/www.youtube.com\/channel\/UCZP-2wLEB9Rv6erhFmqVnvg"],"address":{"@id":"https:\/\/candas365.es\/noticias\/#postaladdress","@type":"PostalAddress","streetAddress":"san antonio 4, san antonio 4","postalCode":"33430","addressLocality":"Cand\u00e1s","addressRegion":"Asturias","addressCountry":"ES"}},{"@type":"Person","@id":"https:\/\/candas365.es\/noticias\/author\/admin\/#author","url":"https:\/\/candas365.es\/noticias\/author\/admin\/","name":"Cand\u00e1s 365","image":{"@type":"ImageObject","@id":"https:\/\/candas365.es\/noticias\/espana-celebra-la-fiesta-del-cine-2018\/#authorImage","url":"https:\/\/secure.gravatar.com\/avatar\/496a8e03d0c493ede1718b7934145dbdf8d89be1036b0eec9544e1094c9de390?s=96&d=mm&r=g","width":96,"height":96,"caption":"Cand\u00e1s 365"},"sameAs":["https:\/\/www.facebook.com\/carrenoactualidad","https:\/\/twitter.com\/nbasturias","https:\/\/www.instagram.com\/nachofdezber\/","https:\/\/www.youtube.com\/channel\/UCZP-2wLEB9Rv6erhFmqVnvg"]},{"@type":"WebPage","@id":"https:\/\/candas365.es\/noticias\/espana-celebra-la-fiesta-del-cine-2018\/#webpage","url":"https:\/\/candas365.es\/noticias\/espana-celebra-la-fiesta-del-cine-2018\/","name":"Espa\u00f1a celebra la Fiesta del Cine 2018 | Cand\u00e1s 365","description":"M\u00e1s de 342 cines de todo el pa\u00eds se han sumado a la celebraci\u00f3n de la 14\u00ba edici\u00f3n de la Fiesta del Cine, que este a\u00f1o pone el foco en los m\u00e1s j\u00f3venes con la celebraci\u00f3n de diversas actividades cuyo objetivo es que descubran la magia del cine y llenen las salas. M\u00e1s de 342","inLanguage":"es-ES","isPartOf":{"@id":"https:\/\/candas365.es\/noticias\/#website"},"breadcrumb":{"@id":"https:\/\/candas365.es\/noticias\/espana-celebra-la-fiesta-del-cine-2018\/#breadcrumblist"},"author":{"@id":"https:\/\/candas365.es\/noticias\/author\/admin\/#author"},"creator":{"@id":"https:\/\/candas365.es\/noticias\/author\/admin\/#author"},"image":{"@type":"ImageObject","url":"https:\/\/candas365.es\/noticias\/wp-content\/uploads\/2017\/11\/film-596009_960_720.jpg","@id":"https:\/\/candas365.es\/noticias\/espana-celebra-la-fiesta-del-cine-2018\/#mainImage","width":960,"height":678,"caption":"film"},"primaryImageOfPage":{"@id":"https:\/\/candas365.es\/noticias\/espana-celebra-la-fiesta-del-cine-2018\/#mainImage"},"datePublished":"2018-05-07T19:57:54+02:00","dateModified":"2018-05-07T19:57:54+02:00"},{"@type":"WebSite","@id":"https:\/\/candas365.es\/noticias\/#website","url":"https:\/\/candas365.es\/noticias\/","name":"Cand\u00e1s 365","alternateName":"Cand\u00e1s 365 Noticias","description":"Actualidad desde Carre\u00f1o para el mundo","inLanguage":"es-ES","publisher":{"@id":"https:\/\/candas365.es\/noticias\/#organization"}}]},"og:locale":"es_ES","og:site_name":"Cand\u00e1s 365","og:type":"article","og:title":"Espa\u00f1a celebra la Fiesta del Cine 2018 | Cand\u00e1s 365","og:description":"M\u00e1s de 342 cines de todo el pa\u00eds se han sumado a la celebraci\u00f3n de la 14\u00ba edici\u00f3n de la Fiesta del Cine, que este a\u00f1o pone el foco en los m\u00e1s j\u00f3venes con la celebraci\u00f3n de diversas actividades cuyo objetivo es que descubran la magia del cine y llenen las salas. M\u00e1s de 342","og:url":"https:\/\/candas365.es\/noticias\/espana-celebra-la-fiesta-del-cine-2018\/","og:image":"https:\/\/candas365.es\/noticias\/wp-content\/uploads\/2017\/11\/film-596009_960_720.jpg","og:image:secure_url":"https:\/\/candas365.es\/noticias\/wp-content\/uploads\/2017\/11\/film-596009_960_720.jpg","og:image:width":960,"og:image:height":678,"article:published_time":"2018-05-07T19:57:54+00:00","article:modified_time":"2018-05-07T19:57:54+00:00","article:publisher":"https:\/\/www.facebook.com\/Nachofdezber","article:author":"https:\/\/www.facebook.com\/carrenoactualidad","twitter:card":"summary_large_image","twitter:site":"@NabercoDigital","twitter:title":"Espa\u00f1a celebra la Fiesta del Cine 2018 | Cand\u00e1s 365","twitter:description":"M\u00e1s de 342 cines de todo el pa\u00eds se han sumado a la celebraci\u00f3n de la 14\u00ba edici\u00f3n de la Fiesta del Cine, que este a\u00f1o pone el foco en los m\u00e1s j\u00f3venes con la celebraci\u00f3n de diversas actividades cuyo objetivo es que descubran la magia del cine y llenen las salas. M\u00e1s de 342","twitter:creator":"@nbasturias","twitter:image":"https:\/\/candas365.es\/noticias\/wp-content\/uploads\/2017\/11\/film-596009_960_720.jpg","twitter:label1":"Escrito por","twitter:data1":"Cand\u00e1s 365","twitter:label2":"Tiempo de lectura estimado","twitter:data2":"4 minutos"},"aioseo_meta_data":{"post_id":"95426","title":null,"description":null,"keywords":null,"keyphrases":null,"primary_term":null,"canonical_url":null,"og_title":null,"og_description":null,"og_object_type":"default","og_image_type":"default","og_image_url":null,"og_image_width":null,"og_image_height":null,"og_image_custom_url":null,"og_image_custom_fields":null,"og_video":null,"og_custom_url":null,"og_article_section":null,"og_article_tags":null,"twitter_use_og":false,"twitter_card":"default","twitter_image_type":"default","twitter_image_url":null,"twitter_image_custom_url":null,"twitter_image_custom_fields":null,"twitter_title":null,"twitter_description":null,"schema":{"blockGraphs":[],"customGraphs":[],"default":{"data":{"Article":[],"Course":[],"Dataset":[],"FAQPage":[],"Movie":[],"Person":[],"Product":[],"ProductReview":[],"Car":[],"Recipe":[],"Service":[],"SoftwareApplication":[],"WebPage":[]},"graphName":"","isEnabled":true},"graphs":[],"defaultGraph":"","defaultPostTypeGraph":""},"schema_type":null,"schema_type_options":null,"pillar_content":false,"robots_default":true,"robots_noindex":false,"robots_noarchive":false,"robots_nosnippet":false,"robots_nofollow":false,"robots_noimageindex":false,"robots_noodp":false,"robots_notranslate":false,"robots_max_snippet":null,"robots_max_videopreview":null,"robots_max_imagepreview":"large","priority":null,"frequency":null,"location":null,"local_seo":null,"seo_analyzer_scan_date":"2025-08-26 20:29:15","breadcrumb_settings":null,"limit_modified_date":false,"reviewed_by":null,"open_ai":null,"ai":null,"created":"2020-12-21 11:52:15","updated":"2025-08-26 20:29:15"},"aioseo_breadcrumb":"<div class=\"aioseo-breadcrumbs\"><span class=\"aioseo-breadcrumb\">\n\t<a href=\"https:\/\/candas365.es\/noticias\" title=\"Home\">Home<\/a>\n<\/span><span class=\"aioseo-breadcrumb-separator\">&ndash;<\/span><span class=\"aioseo-breadcrumb\">\n\t<a href=\"https:\/\/candas365.es\/noticias\/category\/agenda\/\" title=\"Agenda\">Agenda<\/a>\n<\/span><span class=\"aioseo-breadcrumb-separator\">&ndash;<\/span><span class=\"aioseo-breadcrumb\">\n\tEspa\u00f1a celebra la Fiesta del Cine 2018\n<\/span><\/div>","aioseo_breadcrumb_json":[{"label":"Home","link":"https:\/\/candas365.es\/noticias"},{"label":"Agenda","link":"https:\/\/candas365.es\/noticias\/category\/agenda\/"},{"label":"Espa\u00f1a celebra la Fiesta del Cine 2018","link":"https:\/\/candas365.es\/noticias\/espana-celebra-la-fiesta-del-cine-2018\/"}],"_links":{"self":[{"href":"https:\/\/candas365.es\/noticias\/wp-json\/wp\/v2\/posts\/95426","targetHints":{"allow":["GET"]}}],"collection":[{"href":"https:\/\/candas365.es\/noticias\/wp-json\/wp\/v2\/posts"}],"about":[{"href":"https:\/\/candas365.es\/noticias\/wp-json\/wp\/v2\/types\/post"}],"author":[{"embeddable":true,"href":"https:\/\/candas365.es\/noticias\/wp-json\/wp\/v2\/users\/1"}],"replies":[{"embeddable":true,"href":"https:\/\/candas365.es\/noticias\/wp-json\/wp\/v2\/comments?post=95426"}],"version-history":[{"count":0,"href":"https:\/\/candas365.es\/noticias\/wp-json\/wp\/v2\/posts\/95426\/revisions"}],"wp:featuredmedia":[{"embeddable":true,"href":"https:\/\/candas365.es\/noticias\/wp-json\/wp\/v2\/media\/84232"}],"wp:attachment":[{"href":"https:\/\/candas365.es\/noticias\/wp-json\/wp\/v2\/media?parent=95426"}],"wp:term":[{"taxonomy":"category","embeddable":true,"href":"https:\/\/candas365.es\/noticias\/wp-json\/wp\/v2\/categories?post=95426"},{"taxonomy":"post_tag","embeddable":true,"href":"https:\/\/candas365.es\/noticias\/wp-json\/wp\/v2\/tags?post=95426"}],"curies":[{"name":"wp","href":"https:\/\/api.w.org\/{rel}","templated":true}]}}