{"id":95317,"date":"2018-05-05T12:57:31","date_gmt":"2018-05-05T12:57:31","guid":{"rendered":"http:\/\/candas365.es\/noticias\/?p=95317"},"modified":"2018-05-05T12:58:02","modified_gmt":"2018-05-05T12:58:02","slug":"alvarez-asiste-a-la-subida-de-reses-a-los-pastizales-del-monte-cayon","status":"publish","type":"post","link":"https:\/\/candas365.es\/noticias\/alvarez-asiste-a-la-subida-de-reses-a-los-pastizales-del-monte-cayon\/","title":{"rendered":"\u00c1lvarez asiste a la subida de reses a los pastizales del monte Cay\u00f3n"},"content":{"rendered":"<p><img fetchpriority=\"high\" decoding=\"async\" class=\"alignleft size-medium wp-image-95318\" src=\"https:\/\/candas365.es\/noticias\/wp-content\/uploads\/2018\/05\/Subida-ganado-monte-Cayon-360x270.jpg\" alt=\"\" width=\"360\" height=\"270\" srcset=\"https:\/\/candas365.es\/noticias\/wp-content\/uploads\/2018\/05\/Subida-ganado-monte-Cayon-360x270.jpg 360w, https:\/\/candas365.es\/noticias\/wp-content\/uploads\/2018\/05\/Subida-ganado-monte-Cayon-768x576.jpg 768w, https:\/\/candas365.es\/noticias\/wp-content\/uploads\/2018\/05\/Subida-ganado-monte-Cayon-640x480.jpg 640w, https:\/\/candas365.es\/noticias\/wp-content\/uploads\/2018\/05\/Subida-ganado-monte-Cayon-80x60.jpg 80w, https:\/\/candas365.es\/noticias\/wp-content\/uploads\/2018\/05\/Subida-ganado-monte-Cayon-265x198.jpg 265w, https:\/\/candas365.es\/noticias\/wp-content\/uploads\/2018\/05\/Subida-ganado-monte-Cayon-696x522.jpg 696w, https:\/\/candas365.es\/noticias\/wp-content\/uploads\/2018\/05\/Subida-ganado-monte-Cayon-1068x801.jpg 1068w, https:\/\/candas365.es\/noticias\/wp-content\/uploads\/2018\/05\/Subida-ganado-monte-Cayon-560x420.jpg 560w, https:\/\/candas365.es\/noticias\/wp-content\/uploads\/2018\/05\/Subida-ganado-monte-Cayon.jpg 1280w\" sizes=\"(max-width: 360px) 100vw, 360px\" \/>La Consejer\u00eda de Desarrollo Rural y Recursos Naturales invertir\u00e1 este a\u00f1o 275.365 euros en proyectos de mejora e infraestructuras forestales en Pilo\u00f1a, seg\u00fan ha manifestado hoy en Infiesto la responsable del departamento, Mar\u00eda Jes\u00fas \u00c1lvarez.<\/p>\n<p>La consejera, que ha participado en el acto que simboliza la subida de reses a los pastizales del monte Cay\u00f3n, ha explicado que 180.000 euros se destinar\u00e1n a obras de repoblaci\u00f3n y mejora de infraestructuras en Coya y Ques mientras que 39.000 euros se dedicar\u00e1n a la ejecuci\u00f3n de una pista forestal en Campo la Unquera y otros 45.000 a construir un acceso en Espineres. Desarrollo Rural tambi\u00e9n invertir\u00e1 10.000 euros en la redacci\u00f3n de nuevos proyectos de ordenaci\u00f3n de los montes del concejo y tiene previsto realizar varios tratamientos selv\u00edcolas.<\/p>\n<p>Durante esta legislatura, la consejer\u00eda ha invertido casi 600.000 euros en obras vinculadas a montes, desarrollo forestal e infraestructuras agrarias en el concejo, de los que 82.900 se han destinado al monte Cay\u00f3n en trabajos de repoblaci\u00f3n, desbroces y accesos \u201cpara facilitar la continuidad de una gesti\u00f3n ordenada\u201d ha subrayado \u00c1lvarez.<\/p>\n<p>Por lo que se refiere a los pastos de este monte, la consejera ha se\u00f1alado que los ganaderos \u201cest\u00e1n perfectamente organizados y esta zona es un ejemplo de la compatibilidad y buenas pr\u00e1cticas entre el aprovechamiento forestal y ganadero en los montes de utilidad p\u00fablica\u201d.<\/p>\n<p>Por otra parte, la titular de Desarrollo Rural ha expresado la preocupaci\u00f3n y el desacuerdo del Gobierno del Principado con la reducci\u00f3n de los fondos para la Pol\u00edtica Agr\u00edcola Com\u00fan (PAC) despu\u00e9s de 2020 anunciada esta semana por la Uni\u00f3n Europea que, seg\u00fan la estimaci\u00f3n realizada por la consejer\u00eda, podr\u00eda llegar al 10%.<\/p>\n<p>La consejera ha emplazado al Ejecutivo de Mariano Rajoy a \u201cmantener una posici\u00f3n firme ante la UE para impedir la rebaja de las ayudas porque la producci\u00f3n de alimentos sanos y seguros en un contexto de respeto ambiental, en zonas rurales vivas, no es posible sin fondos\u201d, ha se\u00f1alado.<\/p>\n<p>Ha insistido, adem\u00e1s, en que la pr\u00f3xima PAC debe superar los desequilibrios entre territorios, establecer un techo para las ayudas y tomar en consideraci\u00f3n las zonas de monta\u00f1a, las peque\u00f1as explotaciones, la incorporaci\u00f3n de j\u00f3venes y mujeres y la reducci\u00f3n de la burocracia.<\/p>\n<p>\u201cQueremos una PAC que siga siendo com\u00fan, porque estamos en contra de una renacionalizaci\u00f3n, con una orientaci\u00f3n seria, justa y equitativa, que garantice rentas dignas para los agricultores y ganaderos y tenga en cuenta las singularidades de Asturias\u201d, ha a\u00f1adido. Tambi\u00e9n ha abogado por la supresi\u00f3n del actual sistema de derechos hist\u00f3ricos, que considera \u201cinjusto, poco equitativo y que no contribuye a un sector primario moderno y competitivo\u201d.<\/p>\n","protected":false},"excerpt":{"rendered":"<p>La Consejer\u00eda de Desarrollo Rural y Recursos Naturales invertir\u00e1 este a\u00f1o 275.365 euros en proyectos de mejora e infraestructuras forestales en Pilo\u00f1a, seg\u00fan ha manifestado hoy en Infiesto la responsable del departamento, Mar\u00eda Jes\u00fas \u00c1lvarez. La consejera, que ha participado en el acto que simboliza la subida de reses a los pastizales del monte Cay\u00f3n,<\/p>\n","protected":false},"author":1,"featured_media":95318,"comment_status":"closed","ping_status":"closed","sticky":false,"template":"","format":"standard","meta":{"footnotes":""},"categories":[7],"tags":[],"class_list":{"0":"post-95317","1":"post","2":"type-post","3":"status-publish","4":"format-standard","5":"has-post-thumbnail","7":"category-asturias"},"aioseo_notices":[],"aioseo_head":"\n\t\t<!-- All in One SEO Pro 4.9.6.2 - aioseo.com -->\n\t<meta name=\"description\" content=\"La Consejer\u00eda de Desarrollo Rural y Recursos Naturales invertir\u00e1 este a\u00f1o 275.365 euros en proyectos de mejora e infraestructuras forestales en Pilo\u00f1a, seg\u00fan ha manifestado hoy en Infiesto la responsable del departamento, Mar\u00eda Jes\u00fas \u00c1lvarez. La consejera, que ha participado en el acto que simboliza la subida de reses a los pastizales del monte Cay\u00f3n,\" \/>\n\t<meta name=\"robots\" content=\"max-image-preview:large\" \/>\n\t<meta name=\"author\" content=\"Cand\u00e1s 365\"\/>\n\t<meta name=\"google-site-verification\" content=\"UA-32230408-1\" \/>\n\t<meta name=\"msvalidate.01\" content=\"354F3CDFB2DA171B47FBE9ABF1F88D5\" \/>\n\t<meta name=\"keywords\" content=\"asturias\" \/>\n\t<link rel=\"canonical\" href=\"https:\/\/candas365.es\/noticias\/alvarez-asiste-a-la-subida-de-reses-a-los-pastizales-del-monte-cayon\/\" \/>\n\t<meta name=\"generator\" content=\"All in One SEO Pro (AIOSEO) 4.9.6.2\" \/>\n\t\t<meta property=\"og:locale\" content=\"es_ES\" \/>\n\t\t<meta property=\"og:site_name\" content=\"Cand\u00e1s 365\" \/>\n\t\t<meta property=\"og:type\" content=\"article\" \/>\n\t\t<meta property=\"og:title\" content=\"\u00c1lvarez asiste a la subida de reses a los pastizales del monte Cay\u00f3n | Cand\u00e1s 365\" \/>\n\t\t<meta property=\"og:description\" content=\"La Consejer\u00eda de Desarrollo Rural y Recursos Naturales invertir\u00e1 este a\u00f1o 275.365 euros en proyectos de mejora e infraestructuras forestales en Pilo\u00f1a, seg\u00fan ha manifestado hoy en Infiesto la responsable del departamento, Mar\u00eda Jes\u00fas \u00c1lvarez. La consejera, que ha participado en el acto que simboliza la subida de reses a los pastizales del monte Cay\u00f3n,\" \/>\n\t\t<meta property=\"og:url\" content=\"https:\/\/candas365.es\/noticias\/alvarez-asiste-a-la-subida-de-reses-a-los-pastizales-del-monte-cayon\/\" \/>\n\t\t<meta property=\"og:image\" content=\"https:\/\/candas365.es\/noticias\/wp-content\/uploads\/2018\/05\/Subida-ganado-monte-Cayon.jpg\" \/>\n\t\t<meta property=\"og:image:secure_url\" content=\"https:\/\/candas365.es\/noticias\/wp-content\/uploads\/2018\/05\/Subida-ganado-monte-Cayon.jpg\" \/>\n\t\t<meta property=\"og:image:width\" content=\"1280\" \/>\n\t\t<meta property=\"og:image:height\" content=\"960\" \/>\n\t\t<meta property=\"article:published_time\" content=\"2018-05-05T12:57:31+00:00\" \/>\n\t\t<meta property=\"article:modified_time\" content=\"2018-05-05T12:58:02+00:00\" \/>\n\t\t<meta property=\"article:publisher\" content=\"https:\/\/www.facebook.com\/Nachofdezber\" \/>\n\t\t<meta property=\"article:author\" content=\"https:\/\/www.facebook.com\/carrenoactualidad\" \/>\n\t\t<meta name=\"twitter:card\" content=\"summary_large_image\" \/>\n\t\t<meta name=\"twitter:site\" content=\"@NabercoDigital\" \/>\n\t\t<meta name=\"twitter:title\" content=\"\u00c1lvarez asiste a la subida de reses a los pastizales del monte Cay\u00f3n | Cand\u00e1s 365\" \/>\n\t\t<meta name=\"twitter:description\" content=\"La Consejer\u00eda de Desarrollo Rural y Recursos Naturales invertir\u00e1 este a\u00f1o 275.365 euros en proyectos de mejora e infraestructuras forestales en Pilo\u00f1a, seg\u00fan ha manifestado hoy en Infiesto la responsable del departamento, Mar\u00eda Jes\u00fas \u00c1lvarez. La consejera, que ha participado en el acto que simboliza la subida de reses a los pastizales del monte Cay\u00f3n,\" \/>\n\t\t<meta name=\"twitter:creator\" content=\"@nbasturias\" \/>\n\t\t<meta name=\"twitter:image\" content=\"https:\/\/candas365.es\/noticias\/wp-content\/uploads\/2018\/05\/Subida-ganado-monte-Cayon.jpg\" \/>\n\t\t<meta name=\"twitter:label1\" content=\"Escrito por\" \/>\n\t\t<meta name=\"twitter:data1\" content=\"Cand\u00e1s 365\" \/>\n\t\t<meta name=\"twitter:label2\" content=\"Tiempo de lectura estimado\" \/>\n\t\t<meta name=\"twitter:data2\" content=\"2 minutos\" \/>\n\t\t<script type=\"application\/ld+json\" class=\"aioseo-schema\">\n\t\t\t{\"@context\":\"https:\\\/\\\/schema.org\",\"@graph\":[{\"@type\":\"BreadcrumbList\",\"@id\":\"https:\\\/\\\/candas365.es\\\/noticias\\\/alvarez-asiste-a-la-subida-de-reses-a-los-pastizales-del-monte-cayon\\\/#breadcrumblist\",\"itemListElement\":[{\"@type\":\"ListItem\",\"@id\":\"https:\\\/\\\/candas365.es\\\/noticias#listItem\",\"position\":1,\"name\":\"Home\",\"item\":\"https:\\\/\\\/candas365.es\\\/noticias\",\"nextItem\":{\"@type\":\"ListItem\",\"@id\":\"https:\\\/\\\/candas365.es\\\/noticias\\\/category\\\/asturias\\\/#listItem\",\"name\":\"Asturias\"}},{\"@type\":\"ListItem\",\"@id\":\"https:\\\/\\\/candas365.es\\\/noticias\\\/category\\\/asturias\\\/#listItem\",\"position\":2,\"name\":\"Asturias\",\"item\":\"https:\\\/\\\/candas365.es\\\/noticias\\\/category\\\/asturias\\\/\",\"nextItem\":{\"@type\":\"ListItem\",\"@id\":\"https:\\\/\\\/candas365.es\\\/noticias\\\/alvarez-asiste-a-la-subida-de-reses-a-los-pastizales-del-monte-cayon\\\/#listItem\",\"name\":\"\\u00c1lvarez asiste a la subida de reses a los pastizales del monte Cay\\u00f3n\"},\"previousItem\":{\"@type\":\"ListItem\",\"@id\":\"https:\\\/\\\/candas365.es\\\/noticias#listItem\",\"name\":\"Home\"}},{\"@type\":\"ListItem\",\"@id\":\"https:\\\/\\\/candas365.es\\\/noticias\\\/alvarez-asiste-a-la-subida-de-reses-a-los-pastizales-del-monte-cayon\\\/#listItem\",\"position\":3,\"name\":\"\\u00c1lvarez asiste a la subida de reses a los pastizales del monte Cay\\u00f3n\",\"previousItem\":{\"@type\":\"ListItem\",\"@id\":\"https:\\\/\\\/candas365.es\\\/noticias\\\/category\\\/asturias\\\/#listItem\",\"name\":\"Asturias\"}}]},{\"@type\":\"NewsArticle\",\"@id\":\"https:\\\/\\\/candas365.es\\\/noticias\\\/alvarez-asiste-a-la-subida-de-reses-a-los-pastizales-del-monte-cayon\\\/#newsarticle\",\"name\":\"\\u00c1lvarez asiste a la subida de reses a los pastizales del monte Cay\\u00f3n | Cand\\u00e1s 365\",\"headline\":\"\\u00c1lvarez asiste a la subida de reses a los pastizales del monte Cay\\u00f3n\",\"author\":{\"@id\":\"https:\\\/\\\/candas365.es\\\/noticias\\\/author\\\/admin\\\/#author\"},\"publisher\":{\"@id\":\"https:\\\/\\\/candas365.es\\\/noticias\\\/#organization\"},\"image\":{\"@type\":\"ImageObject\",\"url\":\"https:\\\/\\\/candas365.es\\\/noticias\\\/wp-content\\\/uploads\\\/2018\\\/05\\\/Subida-ganado-monte-Cayon.jpg\",\"width\":1280,\"height\":960},\"datePublished\":\"2018-05-05T12:57:31+02:00\",\"dateModified\":\"2018-05-05T12:58:02+02:00\",\"inLanguage\":\"es-ES\",\"mainEntityOfPage\":{\"@id\":\"https:\\\/\\\/candas365.es\\\/noticias\\\/alvarez-asiste-a-la-subida-de-reses-a-los-pastizales-del-monte-cayon\\\/#webpage\"},\"isPartOf\":{\"@id\":\"https:\\\/\\\/candas365.es\\\/noticias\\\/alvarez-asiste-a-la-subida-de-reses-a-los-pastizales-del-monte-cayon\\\/#webpage\"},\"articleSection\":\"Asturias\",\"dateline\":\"Publicado el mayo 5, 2018.\"},{\"@type\":\"Organization\",\"@id\":\"https:\\\/\\\/candas365.es\\\/noticias\\\/#organization\",\"name\":\"Cand\\u00e1s 365\",\"description\":\"Cand\\u00e1s 365 es un diario digital independiente, fundado en 2012, con base en Asturias. Informamos con rigor sobre actualidad, sociedad, cultura y ocio, con una mirada local y global.\",\"url\":\"https:\\\/\\\/candas365.es\\\/noticias\\\/\",\"email\":\"info@candas365.es\",\"telephone\":\"+34652131393\",\"foundingDate\":\"2012-06-10\",\"logo\":{\"@type\":\"ImageObject\",\"url\":\"https:\\\/\\\/candas365.es\\\/noticias\\\/wp-content\\\/uploads\\\/2024\\\/09\\\/Candas-365-Redes.jpg\",\"@id\":\"https:\\\/\\\/candas365.es\\\/noticias\\\/alvarez-asiste-a-la-subida-de-reses-a-los-pastizales-del-monte-cayon\\\/#organizationLogo\",\"width\":1152,\"height\":864,\"caption\":\"Cand\\u00e1s 365 Redes\"},\"image\":{\"@id\":\"https:\\\/\\\/candas365.es\\\/noticias\\\/alvarez-asiste-a-la-subida-de-reses-a-los-pastizales-del-monte-cayon\\\/#organizationLogo\"},\"sameAs\":[\"https:\\\/\\\/www.facebook.com\\\/Nachofdezber\",\"https:\\\/\\\/x.com\\\/NabercoDigital\",\"https:\\\/\\\/www.instagram.com\\\/nachofdezber\\\/\",\"https:\\\/\\\/www.youtube.com\\\/channel\\\/UCZP-2wLEB9Rv6erhFmqVnvg\"],\"address\":{\"@id\":\"https:\\\/\\\/candas365.es\\\/noticias\\\/#postaladdress\",\"@type\":\"PostalAddress\",\"streetAddress\":\"san antonio 4, san antonio 4\",\"postalCode\":\"33430\",\"addressLocality\":\"Cand\\u00e1s\",\"addressRegion\":\"Asturias\",\"addressCountry\":\"ES\"}},{\"@type\":\"Person\",\"@id\":\"https:\\\/\\\/candas365.es\\\/noticias\\\/author\\\/admin\\\/#author\",\"url\":\"https:\\\/\\\/candas365.es\\\/noticias\\\/author\\\/admin\\\/\",\"name\":\"Cand\\u00e1s 365\",\"image\":{\"@type\":\"ImageObject\",\"@id\":\"https:\\\/\\\/candas365.es\\\/noticias\\\/alvarez-asiste-a-la-subida-de-reses-a-los-pastizales-del-monte-cayon\\\/#authorImage\",\"url\":\"https:\\\/\\\/secure.gravatar.com\\\/avatar\\\/496a8e03d0c493ede1718b7934145dbdf8d89be1036b0eec9544e1094c9de390?s=96&d=mm&r=g\",\"width\":96,\"height\":96,\"caption\":\"Cand\\u00e1s 365\"},\"sameAs\":[\"https:\\\/\\\/www.facebook.com\\\/carrenoactualidad\",\"https:\\\/\\\/twitter.com\\\/nbasturias\",\"https:\\\/\\\/www.instagram.com\\\/nachofdezber\\\/\",\"https:\\\/\\\/www.youtube.com\\\/channel\\\/UCZP-2wLEB9Rv6erhFmqVnvg\"]},{\"@type\":\"WebPage\",\"@id\":\"https:\\\/\\\/candas365.es\\\/noticias\\\/alvarez-asiste-a-la-subida-de-reses-a-los-pastizales-del-monte-cayon\\\/#webpage\",\"url\":\"https:\\\/\\\/candas365.es\\\/noticias\\\/alvarez-asiste-a-la-subida-de-reses-a-los-pastizales-del-monte-cayon\\\/\",\"name\":\"\\u00c1lvarez asiste a la subida de reses a los pastizales del monte Cay\\u00f3n | Cand\\u00e1s 365\",\"description\":\"La Consejer\\u00eda de Desarrollo Rural y Recursos Naturales invertir\\u00e1 este a\\u00f1o 275.365 euros en proyectos de mejora e infraestructuras forestales en Pilo\\u00f1a, seg\\u00fan ha manifestado hoy en Infiesto la responsable del departamento, Mar\\u00eda Jes\\u00fas \\u00c1lvarez. La consejera, que ha participado en el acto que simboliza la subida de reses a los pastizales del monte Cay\\u00f3n,\",\"inLanguage\":\"es-ES\",\"isPartOf\":{\"@id\":\"https:\\\/\\\/candas365.es\\\/noticias\\\/#website\"},\"breadcrumb\":{\"@id\":\"https:\\\/\\\/candas365.es\\\/noticias\\\/alvarez-asiste-a-la-subida-de-reses-a-los-pastizales-del-monte-cayon\\\/#breadcrumblist\"},\"author\":{\"@id\":\"https:\\\/\\\/candas365.es\\\/noticias\\\/author\\\/admin\\\/#author\"},\"creator\":{\"@id\":\"https:\\\/\\\/candas365.es\\\/noticias\\\/author\\\/admin\\\/#author\"},\"image\":{\"@type\":\"ImageObject\",\"url\":\"https:\\\/\\\/candas365.es\\\/noticias\\\/wp-content\\\/uploads\\\/2018\\\/05\\\/Subida-ganado-monte-Cayon.jpg\",\"@id\":\"https:\\\/\\\/candas365.es\\\/noticias\\\/alvarez-asiste-a-la-subida-de-reses-a-los-pastizales-del-monte-cayon\\\/#mainImage\",\"width\":1280,\"height\":960},\"primaryImageOfPage\":{\"@id\":\"https:\\\/\\\/candas365.es\\\/noticias\\\/alvarez-asiste-a-la-subida-de-reses-a-los-pastizales-del-monte-cayon\\\/#mainImage\"},\"datePublished\":\"2018-05-05T12:57:31+02:00\",\"dateModified\":\"2018-05-05T12:58:02+02:00\"},{\"@type\":\"WebSite\",\"@id\":\"https:\\\/\\\/candas365.es\\\/noticias\\\/#website\",\"url\":\"https:\\\/\\\/candas365.es\\\/noticias\\\/\",\"name\":\"Cand\\u00e1s 365\",\"alternateName\":\"Cand\\u00e1s 365 Noticias\",\"description\":\"Actualidad desde Carre\\u00f1o para el mundo\",\"inLanguage\":\"es-ES\",\"publisher\":{\"@id\":\"https:\\\/\\\/candas365.es\\\/noticias\\\/#organization\"}}]}\n\t\t<\/script>\n\t\t<!-- All in One SEO Pro -->\r\n\t\t<title>\u00c1lvarez asiste a la subida de reses a los pastizales del monte Cay\u00f3n | Cand\u00e1s 365<\/title>\n\n","aioseo_head_json":{"title":"\u00c1lvarez asiste a la subida de reses a los pastizales del monte Cay\u00f3n | Cand\u00e1s 365","description":"La Consejer\u00eda de Desarrollo Rural y Recursos Naturales invertir\u00e1 este a\u00f1o 275.365 euros en proyectos de mejora e infraestructuras forestales en Pilo\u00f1a, seg\u00fan ha manifestado hoy en Infiesto la responsable del departamento, Mar\u00eda Jes\u00fas \u00c1lvarez. La consejera, que ha participado en el acto que simboliza la subida de reses a los pastizales del monte Cay\u00f3n,","canonical_url":"https:\/\/candas365.es\/noticias\/alvarez-asiste-a-la-subida-de-reses-a-los-pastizales-del-monte-cayon\/","robots":"max-image-preview:large","keywords":"asturias","webmasterTools":{"google-site-verification":"UA-32230408-1","msvalidate.01":"354F3CDFB2DA171B47FBE9ABF1F88D5","miscellaneous":""},"schema":{"@context":"https:\/\/schema.org","@graph":[{"@type":"BreadcrumbList","@id":"https:\/\/candas365.es\/noticias\/alvarez-asiste-a-la-subida-de-reses-a-los-pastizales-del-monte-cayon\/#breadcrumblist","itemListElement":[{"@type":"ListItem","@id":"https:\/\/candas365.es\/noticias#listItem","position":1,"name":"Home","item":"https:\/\/candas365.es\/noticias","nextItem":{"@type":"ListItem","@id":"https:\/\/candas365.es\/noticias\/category\/asturias\/#listItem","name":"Asturias"}},{"@type":"ListItem","@id":"https:\/\/candas365.es\/noticias\/category\/asturias\/#listItem","position":2,"name":"Asturias","item":"https:\/\/candas365.es\/noticias\/category\/asturias\/","nextItem":{"@type":"ListItem","@id":"https:\/\/candas365.es\/noticias\/alvarez-asiste-a-la-subida-de-reses-a-los-pastizales-del-monte-cayon\/#listItem","name":"\u00c1lvarez asiste a la subida de reses a los pastizales del monte Cay\u00f3n"},"previousItem":{"@type":"ListItem","@id":"https:\/\/candas365.es\/noticias#listItem","name":"Home"}},{"@type":"ListItem","@id":"https:\/\/candas365.es\/noticias\/alvarez-asiste-a-la-subida-de-reses-a-los-pastizales-del-monte-cayon\/#listItem","position":3,"name":"\u00c1lvarez asiste a la subida de reses a los pastizales del monte Cay\u00f3n","previousItem":{"@type":"ListItem","@id":"https:\/\/candas365.es\/noticias\/category\/asturias\/#listItem","name":"Asturias"}}]},{"@type":"NewsArticle","@id":"https:\/\/candas365.es\/noticias\/alvarez-asiste-a-la-subida-de-reses-a-los-pastizales-del-monte-cayon\/#newsarticle","name":"\u00c1lvarez asiste a la subida de reses a los pastizales del monte Cay\u00f3n | Cand\u00e1s 365","headline":"\u00c1lvarez asiste a la subida de reses a los pastizales del monte Cay\u00f3n","author":{"@id":"https:\/\/candas365.es\/noticias\/author\/admin\/#author"},"publisher":{"@id":"https:\/\/candas365.es\/noticias\/#organization"},"image":{"@type":"ImageObject","url":"https:\/\/candas365.es\/noticias\/wp-content\/uploads\/2018\/05\/Subida-ganado-monte-Cayon.jpg","width":1280,"height":960},"datePublished":"2018-05-05T12:57:31+02:00","dateModified":"2018-05-05T12:58:02+02:00","inLanguage":"es-ES","mainEntityOfPage":{"@id":"https:\/\/candas365.es\/noticias\/alvarez-asiste-a-la-subida-de-reses-a-los-pastizales-del-monte-cayon\/#webpage"},"isPartOf":{"@id":"https:\/\/candas365.es\/noticias\/alvarez-asiste-a-la-subida-de-reses-a-los-pastizales-del-monte-cayon\/#webpage"},"articleSection":"Asturias","dateline":"Publicado el mayo 5, 2018."},{"@type":"Organization","@id":"https:\/\/candas365.es\/noticias\/#organization","name":"Cand\u00e1s 365","description":"Cand\u00e1s 365 es un diario digital independiente, fundado en 2012, con base en Asturias. Informamos con rigor sobre actualidad, sociedad, cultura y ocio, con una mirada local y global.","url":"https:\/\/candas365.es\/noticias\/","email":"info@candas365.es","telephone":"+34652131393","foundingDate":"2012-06-10","logo":{"@type":"ImageObject","url":"https:\/\/candas365.es\/noticias\/wp-content\/uploads\/2024\/09\/Candas-365-Redes.jpg","@id":"https:\/\/candas365.es\/noticias\/alvarez-asiste-a-la-subida-de-reses-a-los-pastizales-del-monte-cayon\/#organizationLogo","width":1152,"height":864,"caption":"Cand\u00e1s 365 Redes"},"image":{"@id":"https:\/\/candas365.es\/noticias\/alvarez-asiste-a-la-subida-de-reses-a-los-pastizales-del-monte-cayon\/#organizationLogo"},"sameAs":["https:\/\/www.facebook.com\/Nachofdezber","https:\/\/x.com\/NabercoDigital","https:\/\/www.instagram.com\/nachofdezber\/","https:\/\/www.youtube.com\/channel\/UCZP-2wLEB9Rv6erhFmqVnvg"],"address":{"@id":"https:\/\/candas365.es\/noticias\/#postaladdress","@type":"PostalAddress","streetAddress":"san antonio 4, san antonio 4","postalCode":"33430","addressLocality":"Cand\u00e1s","addressRegion":"Asturias","addressCountry":"ES"}},{"@type":"Person","@id":"https:\/\/candas365.es\/noticias\/author\/admin\/#author","url":"https:\/\/candas365.es\/noticias\/author\/admin\/","name":"Cand\u00e1s 365","image":{"@type":"ImageObject","@id":"https:\/\/candas365.es\/noticias\/alvarez-asiste-a-la-subida-de-reses-a-los-pastizales-del-monte-cayon\/#authorImage","url":"https:\/\/secure.gravatar.com\/avatar\/496a8e03d0c493ede1718b7934145dbdf8d89be1036b0eec9544e1094c9de390?s=96&d=mm&r=g","width":96,"height":96,"caption":"Cand\u00e1s 365"},"sameAs":["https:\/\/www.facebook.com\/carrenoactualidad","https:\/\/twitter.com\/nbasturias","https:\/\/www.instagram.com\/nachofdezber\/","https:\/\/www.youtube.com\/channel\/UCZP-2wLEB9Rv6erhFmqVnvg"]},{"@type":"WebPage","@id":"https:\/\/candas365.es\/noticias\/alvarez-asiste-a-la-subida-de-reses-a-los-pastizales-del-monte-cayon\/#webpage","url":"https:\/\/candas365.es\/noticias\/alvarez-asiste-a-la-subida-de-reses-a-los-pastizales-del-monte-cayon\/","name":"\u00c1lvarez asiste a la subida de reses a los pastizales del monte Cay\u00f3n | Cand\u00e1s 365","description":"La Consejer\u00eda de Desarrollo Rural y Recursos Naturales invertir\u00e1 este a\u00f1o 275.365 euros en proyectos de mejora e infraestructuras forestales en Pilo\u00f1a, seg\u00fan ha manifestado hoy en Infiesto la responsable del departamento, Mar\u00eda Jes\u00fas \u00c1lvarez. La consejera, que ha participado en el acto que simboliza la subida de reses a los pastizales del monte Cay\u00f3n,","inLanguage":"es-ES","isPartOf":{"@id":"https:\/\/candas365.es\/noticias\/#website"},"breadcrumb":{"@id":"https:\/\/candas365.es\/noticias\/alvarez-asiste-a-la-subida-de-reses-a-los-pastizales-del-monte-cayon\/#breadcrumblist"},"author":{"@id":"https:\/\/candas365.es\/noticias\/author\/admin\/#author"},"creator":{"@id":"https:\/\/candas365.es\/noticias\/author\/admin\/#author"},"image":{"@type":"ImageObject","url":"https:\/\/candas365.es\/noticias\/wp-content\/uploads\/2018\/05\/Subida-ganado-monte-Cayon.jpg","@id":"https:\/\/candas365.es\/noticias\/alvarez-asiste-a-la-subida-de-reses-a-los-pastizales-del-monte-cayon\/#mainImage","width":1280,"height":960},"primaryImageOfPage":{"@id":"https:\/\/candas365.es\/noticias\/alvarez-asiste-a-la-subida-de-reses-a-los-pastizales-del-monte-cayon\/#mainImage"},"datePublished":"2018-05-05T12:57:31+02:00","dateModified":"2018-05-05T12:58:02+02:00"},{"@type":"WebSite","@id":"https:\/\/candas365.es\/noticias\/#website","url":"https:\/\/candas365.es\/noticias\/","name":"Cand\u00e1s 365","alternateName":"Cand\u00e1s 365 Noticias","description":"Actualidad desde Carre\u00f1o para el mundo","inLanguage":"es-ES","publisher":{"@id":"https:\/\/candas365.es\/noticias\/#organization"}}]},"og:locale":"es_ES","og:site_name":"Cand\u00e1s 365","og:type":"article","og:title":"\u00c1lvarez asiste a la subida de reses a los pastizales del monte Cay\u00f3n | Cand\u00e1s 365","og:description":"La Consejer\u00eda de Desarrollo Rural y Recursos Naturales invertir\u00e1 este a\u00f1o 275.365 euros en proyectos de mejora e infraestructuras forestales en Pilo\u00f1a, seg\u00fan ha manifestado hoy en Infiesto la responsable del departamento, Mar\u00eda Jes\u00fas \u00c1lvarez. La consejera, que ha participado en el acto que simboliza la subida de reses a los pastizales del monte Cay\u00f3n,","og:url":"https:\/\/candas365.es\/noticias\/alvarez-asiste-a-la-subida-de-reses-a-los-pastizales-del-monte-cayon\/","og:image":"https:\/\/candas365.es\/noticias\/wp-content\/uploads\/2018\/05\/Subida-ganado-monte-Cayon.jpg","og:image:secure_url":"https:\/\/candas365.es\/noticias\/wp-content\/uploads\/2018\/05\/Subida-ganado-monte-Cayon.jpg","og:image:width":1280,"og:image:height":960,"article:published_time":"2018-05-05T12:57:31+00:00","article:modified_time":"2018-05-05T12:58:02+00:00","article:publisher":"https:\/\/www.facebook.com\/Nachofdezber","article:author":"https:\/\/www.facebook.com\/carrenoactualidad","twitter:card":"summary_large_image","twitter:site":"@NabercoDigital","twitter:title":"\u00c1lvarez asiste a la subida de reses a los pastizales del monte Cay\u00f3n | Cand\u00e1s 365","twitter:description":"La Consejer\u00eda de Desarrollo Rural y Recursos Naturales invertir\u00e1 este a\u00f1o 275.365 euros en proyectos de mejora e infraestructuras forestales en Pilo\u00f1a, seg\u00fan ha manifestado hoy en Infiesto la responsable del departamento, Mar\u00eda Jes\u00fas \u00c1lvarez. La consejera, que ha participado en el acto que simboliza la subida de reses a los pastizales del monte Cay\u00f3n,","twitter:creator":"@nbasturias","twitter:image":"https:\/\/candas365.es\/noticias\/wp-content\/uploads\/2018\/05\/Subida-ganado-monte-Cayon.jpg","twitter:label1":"Escrito por","twitter:data1":"Cand\u00e1s 365","twitter:label2":"Tiempo de lectura estimado","twitter:data2":"2 minutos"},"aioseo_meta_data":{"post_id":"95317","title":null,"description":null,"keywords":null,"keyphrases":null,"primary_term":null,"canonical_url":null,"og_title":null,"og_description":null,"og_object_type":"default","og_image_type":"default","og_image_url":null,"og_image_width":null,"og_image_height":null,"og_image_custom_url":null,"og_image_custom_fields":null,"og_video":null,"og_custom_url":null,"og_article_section":null,"og_article_tags":null,"twitter_use_og":false,"twitter_card":"default","twitter_image_type":"default","twitter_image_url":null,"twitter_image_custom_url":null,"twitter_image_custom_fields":null,"twitter_title":null,"twitter_description":null,"schema":{"blockGraphs":[],"customGraphs":[],"default":{"data":{"Article":[],"Course":[],"Dataset":[],"FAQPage":[],"Movie":[],"Person":[],"Product":[],"ProductReview":[],"Car":[],"Recipe":[],"Service":[],"SoftwareApplication":[],"WebPage":[]},"graphName":"","isEnabled":true},"graphs":[],"defaultGraph":"","defaultPostTypeGraph":""},"schema_type":null,"schema_type_options":null,"pillar_content":false,"robots_default":true,"robots_noindex":false,"robots_noarchive":false,"robots_nosnippet":false,"robots_nofollow":false,"robots_noimageindex":false,"robots_noodp":false,"robots_notranslate":false,"robots_max_snippet":null,"robots_max_videopreview":null,"robots_max_imagepreview":"large","priority":null,"frequency":null,"location":null,"local_seo":null,"seo_analyzer_scan_date":"2025-08-26 20:19:15","breadcrumb_settings":null,"limit_modified_date":false,"reviewed_by":null,"open_ai":null,"ai":null,"created":"2020-12-21 11:52:25","updated":"2025-08-26 20:19:15"},"aioseo_breadcrumb":"<div class=\"aioseo-breadcrumbs\"><span class=\"aioseo-breadcrumb\">\n\t<a href=\"https:\/\/candas365.es\/noticias\" title=\"Home\">Home<\/a>\n<\/span><span class=\"aioseo-breadcrumb-separator\">&ndash;<\/span><span class=\"aioseo-breadcrumb\">\n\t<a href=\"https:\/\/candas365.es\/noticias\/category\/asturias\/\" title=\"Asturias\">Asturias<\/a>\n<\/span><span class=\"aioseo-breadcrumb-separator\">&ndash;<\/span><span class=\"aioseo-breadcrumb\">\n\t\u00c1lvarez asiste a la subida de reses a los pastizales del monte Cay\u00f3n\n<\/span><\/div>","aioseo_breadcrumb_json":[{"label":"Home","link":"https:\/\/candas365.es\/noticias"},{"label":"Asturias","link":"https:\/\/candas365.es\/noticias\/category\/asturias\/"},{"label":"\u00c1lvarez asiste a la subida de reses a los pastizales del monte Cay\u00f3n","link":"https:\/\/candas365.es\/noticias\/alvarez-asiste-a-la-subida-de-reses-a-los-pastizales-del-monte-cayon\/"}],"_links":{"self":[{"href":"https:\/\/candas365.es\/noticias\/wp-json\/wp\/v2\/posts\/95317","targetHints":{"allow":["GET"]}}],"collection":[{"href":"https:\/\/candas365.es\/noticias\/wp-json\/wp\/v2\/posts"}],"about":[{"href":"https:\/\/candas365.es\/noticias\/wp-json\/wp\/v2\/types\/post"}],"author":[{"embeddable":true,"href":"https:\/\/candas365.es\/noticias\/wp-json\/wp\/v2\/users\/1"}],"replies":[{"embeddable":true,"href":"https:\/\/candas365.es\/noticias\/wp-json\/wp\/v2\/comments?post=95317"}],"version-history":[{"count":0,"href":"https:\/\/candas365.es\/noticias\/wp-json\/wp\/v2\/posts\/95317\/revisions"}],"wp:featuredmedia":[{"embeddable":true,"href":"https:\/\/candas365.es\/noticias\/wp-json\/wp\/v2\/media\/95318"}],"wp:attachment":[{"href":"https:\/\/candas365.es\/noticias\/wp-json\/wp\/v2\/media?parent=95317"}],"wp:term":[{"taxonomy":"category","embeddable":true,"href":"https:\/\/candas365.es\/noticias\/wp-json\/wp\/v2\/categories?post=95317"},{"taxonomy":"post_tag","embeddable":true,"href":"https:\/\/candas365.es\/noticias\/wp-json\/wp\/v2\/tags?post=95317"}],"curies":[{"name":"wp","href":"https:\/\/api.w.org\/{rel}","templated":true}]}}