{"id":95315,"date":"2018-05-05T12:50:47","date_gmt":"2018-05-05T12:50:47","guid":{"rendered":"http:\/\/candas365.es\/noticias\/?p=95315"},"modified":"2018-05-05T12:50:47","modified_gmt":"2018-05-05T12:50:47","slug":"semana-de-la-administracion-abierta-en-asturias","status":"publish","type":"post","link":"https:\/\/candas365.es\/noticias\/semana-de-la-administracion-abierta-en-asturias\/","title":{"rendered":"Semana de la Administraci\u00f3n Abierta en Asturias"},"content":{"rendered":"<p><img fetchpriority=\"high\" decoding=\"async\" class=\"alignleft size-medium wp-image-95248\" src=\"https:\/\/candas365.es\/noticias\/wp-content\/uploads\/2018\/05\/2018_05_03-RP-Consejo-Gobierno-360x258.jpg\" alt=\"\" width=\"360\" height=\"258\" srcset=\"https:\/\/candas365.es\/noticias\/wp-content\/uploads\/2018\/05\/2018_05_03-RP-Consejo-Gobierno-360x258.jpg 360w, https:\/\/candas365.es\/noticias\/wp-content\/uploads\/2018\/05\/2018_05_03-RP-Consejo-Gobierno-768x551.jpg 768w, https:\/\/candas365.es\/noticias\/wp-content\/uploads\/2018\/05\/2018_05_03-RP-Consejo-Gobierno-655x470.jpg 655w, https:\/\/candas365.es\/noticias\/wp-content\/uploads\/2018\/05\/2018_05_03-RP-Consejo-Gobierno-696x499.jpg 696w, https:\/\/candas365.es\/noticias\/wp-content\/uploads\/2018\/05\/2018_05_03-RP-Consejo-Gobierno-1068x766.jpg 1068w, https:\/\/candas365.es\/noticias\/wp-content\/uploads\/2018\/05\/2018_05_03-RP-Consejo-Gobierno-586x420.jpg 586w, https:\/\/candas365.es\/noticias\/wp-content\/uploads\/2018\/05\/2018_05_03-RP-Consejo-Gobierno.jpg 1280w\" sizes=\"(max-width: 360px) 100vw, 360px\" \/>La Consejer\u00eda de Presidencia y Participaci\u00f3n Ciudadana participar\u00e1 en la Semana de la Administraci\u00f3n Abierta, una iniciativa que incluye jornadas de puertas abiertas y otro tipo de eventos en torno a un mismo hilo conductor, el de los principios del Gobierno Abierto: transparencia, participaci\u00f3n, rendici\u00f3n de cuentas y colaboraci\u00f3n. As\u00ed, el lunes se inaugurar\u00e1n las actividades programadas por el Principado que abarcan visitas de escolares, presentaci\u00f3n de proyectos innovadores y la celebraci\u00f3n de un encuentro municipal.<\/p>\n<p>El estreno de la semana, una iniciativa innovadora impulsada a nivel internacional por la Alianza para el Gobierno Abierto, correr\u00e1 a cargo del proyecto Abriendo puertas\u2026 en el que el alumnado del IES La Er\u00eda conocer\u00e1 el lunes el Servicio de Atenci\u00f3n Ciudadana en el Edificio Administrativo de Servicios M\u00faltiples (Easmu). El centro forma parte del programa de Educaci\u00f3n para el Gobierno Abierto, apoyado por la Direcci\u00f3n General de Ordenaci\u00f3n Acad\u00e9mica e Innovaci\u00f3n Educativa, en el que tambi\u00e9n participan el IES Valle de Aller, el IES Emilio Alarcos, el centro Hijas de la caridad, el Colegio P\u00fablico Veneranda Manzano, el IES Leopoldo Alas Clar\u00edn y el Centro Rural Agrupado de La Marina.<\/p>\n<p>El proyecto educativo, as\u00ed como las actividades de esta semana, se enmarcan dentro de las acciones de formaci\u00f3n, sensibilizaci\u00f3n y educaci\u00f3n del Tercer Plan de Gobierno Abierto de Espa\u00f1a y responde tambi\u00e9n a la alianza que se est\u00e1 impulsando a nivel mundial.<\/p>\n<p>El Centro de Estudios Pol\u00edticos y Constitucionales ha seleccionado el proyecto Construyendo Candamo, que ha contado con el soporte de la Direcci\u00f3n General de Participaci\u00f3n Ciudadana, como propuesta de innovaci\u00f3n participativa, que se presentar\u00e1 el jueves en la Jornada de Innovaciones Participativas en Espa\u00f1a. Experiencias y buenas pr\u00e1cticas, que organiza en Madrid el CEPC.<\/p>\n<p><iframe src=\"https:\/\/www.youtube.com\/embed\/obGwtc42zRI\" width=\"640\" height=\"360\" frameborder=\"0\" allowfullscreen=\"allowfullscreen\"><\/iframe><\/p>\n<p>Construyendo Candamo se puso en marcha durante 2017 y parte de la iniciativa compartida entre el gobierno local y el movimiento asociativo para avanzar en el modelo de relaci\u00f3n entre la administraci\u00f3n local y la ciudadan\u00eda con el objetivo de evolucionar en la cocreaci\u00f3n de pol\u00edticas p\u00fablicas en el \u00e1mbito local y por lo tanto en la corresponsabilidad en la gesti\u00f3n de los asuntos p\u00fablicos.<\/p>\n<p>Por \u00faltimo, el Segundo Encuentro Municipal de Participaci\u00f3n Ciudadana se celebrar\u00e1 en Llanera el pr\u00f3ximo viernes y ser\u00e1 el broche de la Semana de la Administraci\u00f3n Abierta 2018. Con esta edici\u00f3n se consolida un espacio de debate, reflexi\u00f3n y colaboraci\u00f3n entre la administraci\u00f3n auton\u00f3mica y las administraciones locales, que pretende dotar de continuidad a las pol\u00edticas de impulso de la participaci\u00f3n ciudadana en la gesti\u00f3n de los asuntos p\u00fablicos.<\/p>\n<p>El programa se ha dise\u00f1ado teniendo en cuenta la opini\u00f3n y las aportaciones de las entidades locales, que han priorizado elementos pr\u00e1cticos y de utilidad a la hora de abordar el dise\u00f1o y la ejecuci\u00f3n de los planes municipales vinculados a la participaci\u00f3n de la ciudadan\u00eda.<\/p>\n","protected":false},"excerpt":{"rendered":"<p>La Consejer\u00eda de Presidencia y Participaci\u00f3n Ciudadana participar\u00e1 en la Semana de la Administraci\u00f3n Abierta, una iniciativa que incluye jornadas de puertas abiertas y otro tipo de eventos en torno a un mismo hilo conductor, el de los principios del Gobierno Abierto: transparencia, participaci\u00f3n, rendici\u00f3n de cuentas y colaboraci\u00f3n. As\u00ed, el lunes se inaugurar\u00e1n las<\/p>\n","protected":false},"author":1,"featured_media":90477,"comment_status":"closed","ping_status":"closed","sticky":false,"template":"","format":"standard","meta":{"footnotes":""},"categories":[7],"tags":[],"class_list":{"0":"post-95315","1":"post","2":"type-post","3":"status-publish","4":"format-standard","5":"has-post-thumbnail","7":"category-asturias"},"aioseo_notices":[],"aioseo_head":"\n\t\t<!-- All in One SEO Pro 4.9.6.2 - aioseo.com -->\n\t<meta name=\"description\" content=\"La Consejer\u00eda de Presidencia y Participaci\u00f3n Ciudadana participar\u00e1 en la Semana de la Administraci\u00f3n Abierta, una iniciativa que incluye jornadas de puertas abiertas y otro tipo de eventos en torno a un mismo hilo conductor, el de los principios del Gobierno Abierto: transparencia, participaci\u00f3n, rendici\u00f3n de cuentas y colaboraci\u00f3n. As\u00ed, el lunes se inaugurar\u00e1n las\" \/>\n\t<meta name=\"robots\" content=\"max-image-preview:large\" \/>\n\t<meta name=\"author\" content=\"Cand\u00e1s 365\"\/>\n\t<meta name=\"google-site-verification\" content=\"UA-32230408-1\" \/>\n\t<meta name=\"msvalidate.01\" content=\"354F3CDFB2DA171B47FBE9ABF1F88D5\" \/>\n\t<meta name=\"keywords\" content=\"asturias\" \/>\n\t<link rel=\"canonical\" href=\"https:\/\/candas365.es\/noticias\/semana-de-la-administracion-abierta-en-asturias\/\" \/>\n\t<meta name=\"generator\" content=\"All in One SEO Pro (AIOSEO) 4.9.6.2\" \/>\n\t\t<meta property=\"og:locale\" content=\"es_ES\" \/>\n\t\t<meta property=\"og:site_name\" content=\"Cand\u00e1s 365\" \/>\n\t\t<meta property=\"og:type\" content=\"article\" \/>\n\t\t<meta property=\"og:title\" content=\"Semana de la Administraci\u00f3n Abierta en Asturias | Cand\u00e1s 365\" \/>\n\t\t<meta property=\"og:description\" content=\"La Consejer\u00eda de Presidencia y Participaci\u00f3n Ciudadana participar\u00e1 en la Semana de la Administraci\u00f3n Abierta, una iniciativa que incluye jornadas de puertas abiertas y otro tipo de eventos en torno a un mismo hilo conductor, el de los principios del Gobierno Abierto: transparencia, participaci\u00f3n, rendici\u00f3n de cuentas y colaboraci\u00f3n. As\u00ed, el lunes se inaugurar\u00e1n las\" \/>\n\t\t<meta property=\"og:url\" content=\"https:\/\/candas365.es\/noticias\/semana-de-la-administracion-abierta-en-asturias\/\" \/>\n\t\t<meta property=\"og:image\" content=\"https:\/\/candas365.es\/noticias\/wp-content\/uploads\/2018\/02\/2018_02_21-RP-Consejo-Gobierno-3.jpg\" \/>\n\t\t<meta property=\"og:image:secure_url\" content=\"https:\/\/candas365.es\/noticias\/wp-content\/uploads\/2018\/02\/2018_02_21-RP-Consejo-Gobierno-3.jpg\" \/>\n\t\t<meta property=\"og:image:width\" content=\"1280\" \/>\n\t\t<meta property=\"og:image:height\" content=\"853\" \/>\n\t\t<meta property=\"article:published_time\" content=\"2018-05-05T12:50:47+00:00\" \/>\n\t\t<meta property=\"article:modified_time\" content=\"2018-05-05T12:50:47+00:00\" \/>\n\t\t<meta property=\"article:publisher\" content=\"https:\/\/www.facebook.com\/Nachofdezber\" \/>\n\t\t<meta property=\"article:author\" content=\"https:\/\/www.facebook.com\/carrenoactualidad\" \/>\n\t\t<meta name=\"twitter:card\" content=\"summary_large_image\" \/>\n\t\t<meta name=\"twitter:site\" content=\"@NabercoDigital\" \/>\n\t\t<meta name=\"twitter:title\" content=\"Semana de la Administraci\u00f3n Abierta en Asturias | Cand\u00e1s 365\" \/>\n\t\t<meta name=\"twitter:description\" content=\"La Consejer\u00eda de Presidencia y Participaci\u00f3n Ciudadana participar\u00e1 en la Semana de la Administraci\u00f3n Abierta, una iniciativa que incluye jornadas de puertas abiertas y otro tipo de eventos en torno a un mismo hilo conductor, el de los principios del Gobierno Abierto: transparencia, participaci\u00f3n, rendici\u00f3n de cuentas y colaboraci\u00f3n. As\u00ed, el lunes se inaugurar\u00e1n las\" \/>\n\t\t<meta name=\"twitter:creator\" content=\"@nbasturias\" \/>\n\t\t<meta name=\"twitter:image\" content=\"https:\/\/candas365.es\/noticias\/wp-content\/uploads\/2018\/02\/2018_02_21-RP-Consejo-Gobierno-3.jpg\" \/>\n\t\t<meta name=\"twitter:label1\" content=\"Escrito por\" \/>\n\t\t<meta name=\"twitter:data1\" content=\"Cand\u00e1s 365\" \/>\n\t\t<meta name=\"twitter:label2\" content=\"Tiempo de lectura estimado\" \/>\n\t\t<meta name=\"twitter:data2\" content=\"3 minutos\" \/>\n\t\t<script type=\"application\/ld+json\" class=\"aioseo-schema\">\n\t\t\t{\"@context\":\"https:\\\/\\\/schema.org\",\"@graph\":[{\"@type\":\"BreadcrumbList\",\"@id\":\"https:\\\/\\\/candas365.es\\\/noticias\\\/semana-de-la-administracion-abierta-en-asturias\\\/#breadcrumblist\",\"itemListElement\":[{\"@type\":\"ListItem\",\"@id\":\"https:\\\/\\\/candas365.es\\\/noticias#listItem\",\"position\":1,\"name\":\"Home\",\"item\":\"https:\\\/\\\/candas365.es\\\/noticias\",\"nextItem\":{\"@type\":\"ListItem\",\"@id\":\"https:\\\/\\\/candas365.es\\\/noticias\\\/category\\\/asturias\\\/#listItem\",\"name\":\"Asturias\"}},{\"@type\":\"ListItem\",\"@id\":\"https:\\\/\\\/candas365.es\\\/noticias\\\/category\\\/asturias\\\/#listItem\",\"position\":2,\"name\":\"Asturias\",\"item\":\"https:\\\/\\\/candas365.es\\\/noticias\\\/category\\\/asturias\\\/\",\"nextItem\":{\"@type\":\"ListItem\",\"@id\":\"https:\\\/\\\/candas365.es\\\/noticias\\\/semana-de-la-administracion-abierta-en-asturias\\\/#listItem\",\"name\":\"Semana de la Administraci\\u00f3n Abierta en Asturias\"},\"previousItem\":{\"@type\":\"ListItem\",\"@id\":\"https:\\\/\\\/candas365.es\\\/noticias#listItem\",\"name\":\"Home\"}},{\"@type\":\"ListItem\",\"@id\":\"https:\\\/\\\/candas365.es\\\/noticias\\\/semana-de-la-administracion-abierta-en-asturias\\\/#listItem\",\"position\":3,\"name\":\"Semana de la Administraci\\u00f3n Abierta en Asturias\",\"previousItem\":{\"@type\":\"ListItem\",\"@id\":\"https:\\\/\\\/candas365.es\\\/noticias\\\/category\\\/asturias\\\/#listItem\",\"name\":\"Asturias\"}}]},{\"@type\":\"NewsArticle\",\"@id\":\"https:\\\/\\\/candas365.es\\\/noticias\\\/semana-de-la-administracion-abierta-en-asturias\\\/#newsarticle\",\"name\":\"Semana de la Administraci\\u00f3n Abierta en Asturias | Cand\\u00e1s 365\",\"headline\":\"Semana de la Administraci\\u00f3n Abierta en Asturias\",\"author\":{\"@id\":\"https:\\\/\\\/candas365.es\\\/noticias\\\/author\\\/admin\\\/#author\"},\"publisher\":{\"@id\":\"https:\\\/\\\/candas365.es\\\/noticias\\\/#organization\"},\"image\":{\"@type\":\"ImageObject\",\"url\":\"https:\\\/\\\/candas365.es\\\/noticias\\\/wp-content\\\/uploads\\\/2018\\\/02\\\/2018_02_21-RP-Consejo-Gobierno-3.jpg\",\"width\":1280,\"height\":853},\"datePublished\":\"2018-05-05T12:50:47+02:00\",\"dateModified\":\"2018-05-05T12:50:47+02:00\",\"inLanguage\":\"es-ES\",\"mainEntityOfPage\":{\"@id\":\"https:\\\/\\\/candas365.es\\\/noticias\\\/semana-de-la-administracion-abierta-en-asturias\\\/#webpage\"},\"isPartOf\":{\"@id\":\"https:\\\/\\\/candas365.es\\\/noticias\\\/semana-de-la-administracion-abierta-en-asturias\\\/#webpage\"},\"articleSection\":\"Asturias\",\"dateline\":\"Publicado el mayo 5, 2018.\"},{\"@type\":\"Organization\",\"@id\":\"https:\\\/\\\/candas365.es\\\/noticias\\\/#organization\",\"name\":\"Cand\\u00e1s 365\",\"description\":\"Cand\\u00e1s 365 es un diario digital independiente, fundado en 2012, con base en Asturias. Informamos con rigor sobre actualidad, sociedad, cultura y ocio, con una mirada local y global.\",\"url\":\"https:\\\/\\\/candas365.es\\\/noticias\\\/\",\"email\":\"info@candas365.es\",\"telephone\":\"+34652131393\",\"foundingDate\":\"2012-06-10\",\"logo\":{\"@type\":\"ImageObject\",\"url\":\"https:\\\/\\\/candas365.es\\\/noticias\\\/wp-content\\\/uploads\\\/2024\\\/09\\\/Candas-365-Redes.jpg\",\"@id\":\"https:\\\/\\\/candas365.es\\\/noticias\\\/semana-de-la-administracion-abierta-en-asturias\\\/#organizationLogo\",\"width\":1152,\"height\":864,\"caption\":\"Cand\\u00e1s 365 Redes\"},\"image\":{\"@id\":\"https:\\\/\\\/candas365.es\\\/noticias\\\/semana-de-la-administracion-abierta-en-asturias\\\/#organizationLogo\"},\"sameAs\":[\"https:\\\/\\\/www.facebook.com\\\/Nachofdezber\",\"https:\\\/\\\/x.com\\\/NabercoDigital\",\"https:\\\/\\\/www.instagram.com\\\/nachofdezber\\\/\",\"https:\\\/\\\/www.youtube.com\\\/channel\\\/UCZP-2wLEB9Rv6erhFmqVnvg\"],\"address\":{\"@id\":\"https:\\\/\\\/candas365.es\\\/noticias\\\/#postaladdress\",\"@type\":\"PostalAddress\",\"streetAddress\":\"san antonio 4, san antonio 4\",\"postalCode\":\"33430\",\"addressLocality\":\"Cand\\u00e1s\",\"addressRegion\":\"Asturias\",\"addressCountry\":\"ES\"}},{\"@type\":\"Person\",\"@id\":\"https:\\\/\\\/candas365.es\\\/noticias\\\/author\\\/admin\\\/#author\",\"url\":\"https:\\\/\\\/candas365.es\\\/noticias\\\/author\\\/admin\\\/\",\"name\":\"Cand\\u00e1s 365\",\"image\":{\"@type\":\"ImageObject\",\"@id\":\"https:\\\/\\\/candas365.es\\\/noticias\\\/semana-de-la-administracion-abierta-en-asturias\\\/#authorImage\",\"url\":\"https:\\\/\\\/secure.gravatar.com\\\/avatar\\\/496a8e03d0c493ede1718b7934145dbdf8d89be1036b0eec9544e1094c9de390?s=96&d=mm&r=g\",\"width\":96,\"height\":96,\"caption\":\"Cand\\u00e1s 365\"},\"sameAs\":[\"https:\\\/\\\/www.facebook.com\\\/carrenoactualidad\",\"https:\\\/\\\/twitter.com\\\/nbasturias\",\"https:\\\/\\\/www.instagram.com\\\/nachofdezber\\\/\",\"https:\\\/\\\/www.youtube.com\\\/channel\\\/UCZP-2wLEB9Rv6erhFmqVnvg\"]},{\"@type\":\"WebPage\",\"@id\":\"https:\\\/\\\/candas365.es\\\/noticias\\\/semana-de-la-administracion-abierta-en-asturias\\\/#webpage\",\"url\":\"https:\\\/\\\/candas365.es\\\/noticias\\\/semana-de-la-administracion-abierta-en-asturias\\\/\",\"name\":\"Semana de la Administraci\\u00f3n Abierta en Asturias | Cand\\u00e1s 365\",\"description\":\"La Consejer\\u00eda de Presidencia y Participaci\\u00f3n Ciudadana participar\\u00e1 en la Semana de la Administraci\\u00f3n Abierta, una iniciativa que incluye jornadas de puertas abiertas y otro tipo de eventos en torno a un mismo hilo conductor, el de los principios del Gobierno Abierto: transparencia, participaci\\u00f3n, rendici\\u00f3n de cuentas y colaboraci\\u00f3n. As\\u00ed, el lunes se inaugurar\\u00e1n las\",\"inLanguage\":\"es-ES\",\"isPartOf\":{\"@id\":\"https:\\\/\\\/candas365.es\\\/noticias\\\/#website\"},\"breadcrumb\":{\"@id\":\"https:\\\/\\\/candas365.es\\\/noticias\\\/semana-de-la-administracion-abierta-en-asturias\\\/#breadcrumblist\"},\"author\":{\"@id\":\"https:\\\/\\\/candas365.es\\\/noticias\\\/author\\\/admin\\\/#author\"},\"creator\":{\"@id\":\"https:\\\/\\\/candas365.es\\\/noticias\\\/author\\\/admin\\\/#author\"},\"image\":{\"@type\":\"ImageObject\",\"url\":\"https:\\\/\\\/candas365.es\\\/noticias\\\/wp-content\\\/uploads\\\/2018\\\/02\\\/2018_02_21-RP-Consejo-Gobierno-3.jpg\",\"@id\":\"https:\\\/\\\/candas365.es\\\/noticias\\\/semana-de-la-administracion-abierta-en-asturias\\\/#mainImage\",\"width\":1280,\"height\":853},\"primaryImageOfPage\":{\"@id\":\"https:\\\/\\\/candas365.es\\\/noticias\\\/semana-de-la-administracion-abierta-en-asturias\\\/#mainImage\"},\"datePublished\":\"2018-05-05T12:50:47+02:00\",\"dateModified\":\"2018-05-05T12:50:47+02:00\"},{\"@type\":\"WebSite\",\"@id\":\"https:\\\/\\\/candas365.es\\\/noticias\\\/#website\",\"url\":\"https:\\\/\\\/candas365.es\\\/noticias\\\/\",\"name\":\"Cand\\u00e1s 365\",\"alternateName\":\"Cand\\u00e1s 365 Noticias\",\"description\":\"Actualidad desde Carre\\u00f1o para el mundo\",\"inLanguage\":\"es-ES\",\"publisher\":{\"@id\":\"https:\\\/\\\/candas365.es\\\/noticias\\\/#organization\"}}]}\n\t\t<\/script>\n\t\t<!-- All in One SEO Pro -->\r\n\t\t<title>Semana de la Administraci\u00f3n Abierta en Asturias | Cand\u00e1s 365<\/title>\n\n","aioseo_head_json":{"title":"Semana de la Administraci\u00f3n Abierta en Asturias | Cand\u00e1s 365","description":"La Consejer\u00eda de Presidencia y Participaci\u00f3n Ciudadana participar\u00e1 en la Semana de la Administraci\u00f3n Abierta, una iniciativa que incluye jornadas de puertas abiertas y otro tipo de eventos en torno a un mismo hilo conductor, el de los principios del Gobierno Abierto: transparencia, participaci\u00f3n, rendici\u00f3n de cuentas y colaboraci\u00f3n. As\u00ed, el lunes se inaugurar\u00e1n las","canonical_url":"https:\/\/candas365.es\/noticias\/semana-de-la-administracion-abierta-en-asturias\/","robots":"max-image-preview:large","keywords":"asturias","webmasterTools":{"google-site-verification":"UA-32230408-1","msvalidate.01":"354F3CDFB2DA171B47FBE9ABF1F88D5","miscellaneous":""},"schema":{"@context":"https:\/\/schema.org","@graph":[{"@type":"BreadcrumbList","@id":"https:\/\/candas365.es\/noticias\/semana-de-la-administracion-abierta-en-asturias\/#breadcrumblist","itemListElement":[{"@type":"ListItem","@id":"https:\/\/candas365.es\/noticias#listItem","position":1,"name":"Home","item":"https:\/\/candas365.es\/noticias","nextItem":{"@type":"ListItem","@id":"https:\/\/candas365.es\/noticias\/category\/asturias\/#listItem","name":"Asturias"}},{"@type":"ListItem","@id":"https:\/\/candas365.es\/noticias\/category\/asturias\/#listItem","position":2,"name":"Asturias","item":"https:\/\/candas365.es\/noticias\/category\/asturias\/","nextItem":{"@type":"ListItem","@id":"https:\/\/candas365.es\/noticias\/semana-de-la-administracion-abierta-en-asturias\/#listItem","name":"Semana de la Administraci\u00f3n Abierta en Asturias"},"previousItem":{"@type":"ListItem","@id":"https:\/\/candas365.es\/noticias#listItem","name":"Home"}},{"@type":"ListItem","@id":"https:\/\/candas365.es\/noticias\/semana-de-la-administracion-abierta-en-asturias\/#listItem","position":3,"name":"Semana de la Administraci\u00f3n Abierta en Asturias","previousItem":{"@type":"ListItem","@id":"https:\/\/candas365.es\/noticias\/category\/asturias\/#listItem","name":"Asturias"}}]},{"@type":"NewsArticle","@id":"https:\/\/candas365.es\/noticias\/semana-de-la-administracion-abierta-en-asturias\/#newsarticle","name":"Semana de la Administraci\u00f3n Abierta en Asturias | Cand\u00e1s 365","headline":"Semana de la Administraci\u00f3n Abierta en Asturias","author":{"@id":"https:\/\/candas365.es\/noticias\/author\/admin\/#author"},"publisher":{"@id":"https:\/\/candas365.es\/noticias\/#organization"},"image":{"@type":"ImageObject","url":"https:\/\/candas365.es\/noticias\/wp-content\/uploads\/2018\/02\/2018_02_21-RP-Consejo-Gobierno-3.jpg","width":1280,"height":853},"datePublished":"2018-05-05T12:50:47+02:00","dateModified":"2018-05-05T12:50:47+02:00","inLanguage":"es-ES","mainEntityOfPage":{"@id":"https:\/\/candas365.es\/noticias\/semana-de-la-administracion-abierta-en-asturias\/#webpage"},"isPartOf":{"@id":"https:\/\/candas365.es\/noticias\/semana-de-la-administracion-abierta-en-asturias\/#webpage"},"articleSection":"Asturias","dateline":"Publicado el mayo 5, 2018."},{"@type":"Organization","@id":"https:\/\/candas365.es\/noticias\/#organization","name":"Cand\u00e1s 365","description":"Cand\u00e1s 365 es un diario digital independiente, fundado en 2012, con base en Asturias. Informamos con rigor sobre actualidad, sociedad, cultura y ocio, con una mirada local y global.","url":"https:\/\/candas365.es\/noticias\/","email":"info@candas365.es","telephone":"+34652131393","foundingDate":"2012-06-10","logo":{"@type":"ImageObject","url":"https:\/\/candas365.es\/noticias\/wp-content\/uploads\/2024\/09\/Candas-365-Redes.jpg","@id":"https:\/\/candas365.es\/noticias\/semana-de-la-administracion-abierta-en-asturias\/#organizationLogo","width":1152,"height":864,"caption":"Cand\u00e1s 365 Redes"},"image":{"@id":"https:\/\/candas365.es\/noticias\/semana-de-la-administracion-abierta-en-asturias\/#organizationLogo"},"sameAs":["https:\/\/www.facebook.com\/Nachofdezber","https:\/\/x.com\/NabercoDigital","https:\/\/www.instagram.com\/nachofdezber\/","https:\/\/www.youtube.com\/channel\/UCZP-2wLEB9Rv6erhFmqVnvg"],"address":{"@id":"https:\/\/candas365.es\/noticias\/#postaladdress","@type":"PostalAddress","streetAddress":"san antonio 4, san antonio 4","postalCode":"33430","addressLocality":"Cand\u00e1s","addressRegion":"Asturias","addressCountry":"ES"}},{"@type":"Person","@id":"https:\/\/candas365.es\/noticias\/author\/admin\/#author","url":"https:\/\/candas365.es\/noticias\/author\/admin\/","name":"Cand\u00e1s 365","image":{"@type":"ImageObject","@id":"https:\/\/candas365.es\/noticias\/semana-de-la-administracion-abierta-en-asturias\/#authorImage","url":"https:\/\/secure.gravatar.com\/avatar\/496a8e03d0c493ede1718b7934145dbdf8d89be1036b0eec9544e1094c9de390?s=96&d=mm&r=g","width":96,"height":96,"caption":"Cand\u00e1s 365"},"sameAs":["https:\/\/www.facebook.com\/carrenoactualidad","https:\/\/twitter.com\/nbasturias","https:\/\/www.instagram.com\/nachofdezber\/","https:\/\/www.youtube.com\/channel\/UCZP-2wLEB9Rv6erhFmqVnvg"]},{"@type":"WebPage","@id":"https:\/\/candas365.es\/noticias\/semana-de-la-administracion-abierta-en-asturias\/#webpage","url":"https:\/\/candas365.es\/noticias\/semana-de-la-administracion-abierta-en-asturias\/","name":"Semana de la Administraci\u00f3n Abierta en Asturias | Cand\u00e1s 365","description":"La Consejer\u00eda de Presidencia y Participaci\u00f3n Ciudadana participar\u00e1 en la Semana de la Administraci\u00f3n Abierta, una iniciativa que incluye jornadas de puertas abiertas y otro tipo de eventos en torno a un mismo hilo conductor, el de los principios del Gobierno Abierto: transparencia, participaci\u00f3n, rendici\u00f3n de cuentas y colaboraci\u00f3n. As\u00ed, el lunes se inaugurar\u00e1n las","inLanguage":"es-ES","isPartOf":{"@id":"https:\/\/candas365.es\/noticias\/#website"},"breadcrumb":{"@id":"https:\/\/candas365.es\/noticias\/semana-de-la-administracion-abierta-en-asturias\/#breadcrumblist"},"author":{"@id":"https:\/\/candas365.es\/noticias\/author\/admin\/#author"},"creator":{"@id":"https:\/\/candas365.es\/noticias\/author\/admin\/#author"},"image":{"@type":"ImageObject","url":"https:\/\/candas365.es\/noticias\/wp-content\/uploads\/2018\/02\/2018_02_21-RP-Consejo-Gobierno-3.jpg","@id":"https:\/\/candas365.es\/noticias\/semana-de-la-administracion-abierta-en-asturias\/#mainImage","width":1280,"height":853},"primaryImageOfPage":{"@id":"https:\/\/candas365.es\/noticias\/semana-de-la-administracion-abierta-en-asturias\/#mainImage"},"datePublished":"2018-05-05T12:50:47+02:00","dateModified":"2018-05-05T12:50:47+02:00"},{"@type":"WebSite","@id":"https:\/\/candas365.es\/noticias\/#website","url":"https:\/\/candas365.es\/noticias\/","name":"Cand\u00e1s 365","alternateName":"Cand\u00e1s 365 Noticias","description":"Actualidad desde Carre\u00f1o para el mundo","inLanguage":"es-ES","publisher":{"@id":"https:\/\/candas365.es\/noticias\/#organization"}}]},"og:locale":"es_ES","og:site_name":"Cand\u00e1s 365","og:type":"article","og:title":"Semana de la Administraci\u00f3n Abierta en Asturias | Cand\u00e1s 365","og:description":"La Consejer\u00eda de Presidencia y Participaci\u00f3n Ciudadana participar\u00e1 en la Semana de la Administraci\u00f3n Abierta, una iniciativa que incluye jornadas de puertas abiertas y otro tipo de eventos en torno a un mismo hilo conductor, el de los principios del Gobierno Abierto: transparencia, participaci\u00f3n, rendici\u00f3n de cuentas y colaboraci\u00f3n. As\u00ed, el lunes se inaugurar\u00e1n las","og:url":"https:\/\/candas365.es\/noticias\/semana-de-la-administracion-abierta-en-asturias\/","og:image":"https:\/\/candas365.es\/noticias\/wp-content\/uploads\/2018\/02\/2018_02_21-RP-Consejo-Gobierno-3.jpg","og:image:secure_url":"https:\/\/candas365.es\/noticias\/wp-content\/uploads\/2018\/02\/2018_02_21-RP-Consejo-Gobierno-3.jpg","og:image:width":1280,"og:image:height":853,"article:published_time":"2018-05-05T12:50:47+00:00","article:modified_time":"2018-05-05T12:50:47+00:00","article:publisher":"https:\/\/www.facebook.com\/Nachofdezber","article:author":"https:\/\/www.facebook.com\/carrenoactualidad","twitter:card":"summary_large_image","twitter:site":"@NabercoDigital","twitter:title":"Semana de la Administraci\u00f3n Abierta en Asturias | Cand\u00e1s 365","twitter:description":"La Consejer\u00eda de Presidencia y Participaci\u00f3n Ciudadana participar\u00e1 en la Semana de la Administraci\u00f3n Abierta, una iniciativa que incluye jornadas de puertas abiertas y otro tipo de eventos en torno a un mismo hilo conductor, el de los principios del Gobierno Abierto: transparencia, participaci\u00f3n, rendici\u00f3n de cuentas y colaboraci\u00f3n. As\u00ed, el lunes se inaugurar\u00e1n las","twitter:creator":"@nbasturias","twitter:image":"https:\/\/candas365.es\/noticias\/wp-content\/uploads\/2018\/02\/2018_02_21-RP-Consejo-Gobierno-3.jpg","twitter:label1":"Escrito por","twitter:data1":"Cand\u00e1s 365","twitter:label2":"Tiempo de lectura estimado","twitter:data2":"3 minutos"},"aioseo_meta_data":{"post_id":"95315","title":null,"description":null,"keywords":null,"keyphrases":null,"primary_term":null,"canonical_url":null,"og_title":null,"og_description":null,"og_object_type":"default","og_image_type":"default","og_image_url":null,"og_image_width":null,"og_image_height":null,"og_image_custom_url":null,"og_image_custom_fields":null,"og_video":null,"og_custom_url":null,"og_article_section":null,"og_article_tags":null,"twitter_use_og":false,"twitter_card":"default","twitter_image_type":"default","twitter_image_url":null,"twitter_image_custom_url":null,"twitter_image_custom_fields":null,"twitter_title":null,"twitter_description":null,"schema":{"blockGraphs":[],"customGraphs":[],"default":{"data":{"Article":[],"Course":[],"Dataset":[],"FAQPage":[],"Movie":[],"Person":[],"Product":[],"ProductReview":[],"Car":[],"Recipe":[],"Service":[],"SoftwareApplication":[],"WebPage":[]},"graphName":"","isEnabled":true},"graphs":[],"defaultGraph":"","defaultPostTypeGraph":""},"schema_type":null,"schema_type_options":null,"pillar_content":false,"robots_default":true,"robots_noindex":false,"robots_noarchive":false,"robots_nosnippet":false,"robots_nofollow":false,"robots_noimageindex":false,"robots_noodp":false,"robots_notranslate":false,"robots_max_snippet":null,"robots_max_videopreview":null,"robots_max_imagepreview":"large","priority":null,"frequency":null,"location":null,"local_seo":null,"seo_analyzer_scan_date":"2025-08-26 20:19:14","breadcrumb_settings":null,"limit_modified_date":false,"reviewed_by":null,"open_ai":null,"ai":null,"created":"2020-12-21 11:52:25","updated":"2025-08-26 20:19:14"},"aioseo_breadcrumb":"<div class=\"aioseo-breadcrumbs\"><span class=\"aioseo-breadcrumb\">\n\t<a href=\"https:\/\/candas365.es\/noticias\" title=\"Home\">Home<\/a>\n<\/span><span class=\"aioseo-breadcrumb-separator\">&ndash;<\/span><span class=\"aioseo-breadcrumb\">\n\t<a href=\"https:\/\/candas365.es\/noticias\/category\/asturias\/\" title=\"Asturias\">Asturias<\/a>\n<\/span><span class=\"aioseo-breadcrumb-separator\">&ndash;<\/span><span class=\"aioseo-breadcrumb\">\n\tSemana de la Administraci\u00f3n Abierta en Asturias\n<\/span><\/div>","aioseo_breadcrumb_json":[{"label":"Home","link":"https:\/\/candas365.es\/noticias"},{"label":"Asturias","link":"https:\/\/candas365.es\/noticias\/category\/asturias\/"},{"label":"Semana de la Administraci\u00f3n Abierta en Asturias","link":"https:\/\/candas365.es\/noticias\/semana-de-la-administracion-abierta-en-asturias\/"}],"_links":{"self":[{"href":"https:\/\/candas365.es\/noticias\/wp-json\/wp\/v2\/posts\/95315","targetHints":{"allow":["GET"]}}],"collection":[{"href":"https:\/\/candas365.es\/noticias\/wp-json\/wp\/v2\/posts"}],"about":[{"href":"https:\/\/candas365.es\/noticias\/wp-json\/wp\/v2\/types\/post"}],"author":[{"embeddable":true,"href":"https:\/\/candas365.es\/noticias\/wp-json\/wp\/v2\/users\/1"}],"replies":[{"embeddable":true,"href":"https:\/\/candas365.es\/noticias\/wp-json\/wp\/v2\/comments?post=95315"}],"version-history":[{"count":0,"href":"https:\/\/candas365.es\/noticias\/wp-json\/wp\/v2\/posts\/95315\/revisions"}],"wp:featuredmedia":[{"embeddable":true,"href":"https:\/\/candas365.es\/noticias\/wp-json\/wp\/v2\/media\/90477"}],"wp:attachment":[{"href":"https:\/\/candas365.es\/noticias\/wp-json\/wp\/v2\/media?parent=95315"}],"wp:term":[{"taxonomy":"category","embeddable":true,"href":"https:\/\/candas365.es\/noticias\/wp-json\/wp\/v2\/categories?post=95315"},{"taxonomy":"post_tag","embeddable":true,"href":"https:\/\/candas365.es\/noticias\/wp-json\/wp\/v2\/tags?post=95315"}],"curies":[{"name":"wp","href":"https:\/\/api.w.org\/{rel}","templated":true}]}}