{"id":95301,"date":"2018-05-04T21:42:53","date_gmt":"2018-05-04T21:42:53","guid":{"rendered":"http:\/\/candas365.es\/noticias\/?p=95301"},"modified":"2018-05-04T21:42:53","modified_gmt":"2018-05-04T21:42:53","slug":"presentado-el-logotipo-de-cultura-sidrera-asturiana-patrimonio-inmaterial-de-la-humanidad","status":"publish","type":"post","link":"https:\/\/candas365.es\/noticias\/presentado-el-logotipo-de-cultura-sidrera-asturiana-patrimonio-inmaterial-de-la-humanidad\/","title":{"rendered":"Presentado el logotipo de \u201cCultura sidrera asturiana patrimonio inmaterial de la humanidad\u00bb"},"content":{"rendered":"<p><img fetchpriority=\"high\" decoding=\"async\" class=\"alignleft size-medium wp-image-95302\" src=\"https:\/\/candas365.es\/noticias\/wp-content\/uploads\/2018\/05\/Cultura-sidrera-patrimonio-de-la-humanidad-360x261.jpg\" alt=\"\" width=\"360\" height=\"261\" srcset=\"https:\/\/candas365.es\/noticias\/wp-content\/uploads\/2018\/05\/Cultura-sidrera-patrimonio-de-la-humanidad-360x261.jpg 360w, https:\/\/candas365.es\/noticias\/wp-content\/uploads\/2018\/05\/Cultura-sidrera-patrimonio-de-la-humanidad-768x556.jpg 768w, https:\/\/candas365.es\/noticias\/wp-content\/uploads\/2018\/05\/Cultura-sidrera-patrimonio-de-la-humanidad-655x474.jpg 655w, https:\/\/candas365.es\/noticias\/wp-content\/uploads\/2018\/05\/Cultura-sidrera-patrimonio-de-la-humanidad-324x235.jpg 324w, https:\/\/candas365.es\/noticias\/wp-content\/uploads\/2018\/05\/Cultura-sidrera-patrimonio-de-la-humanidad-696x504.jpg 696w, https:\/\/candas365.es\/noticias\/wp-content\/uploads\/2018\/05\/Cultura-sidrera-patrimonio-de-la-humanidad-1068x773.jpg 1068w, https:\/\/candas365.es\/noticias\/wp-content\/uploads\/2018\/05\/Cultura-sidrera-patrimonio-de-la-humanidad-580x420.jpg 580w, https:\/\/candas365.es\/noticias\/wp-content\/uploads\/2018\/05\/Cultura-sidrera-patrimonio-de-la-humanidad.jpg 1280w\" sizes=\"(max-width: 360px) 100vw, 360px\" \/>La consejera de Desarrollo Rural y Recursos Naturales, Mar\u00eda Jes\u00fas \u00c1lvarez, ha presentado hoy el logotipo Cultura sidrera asturiana patrimonio inmaterial de la humanidad que, seg\u00fan ha manifestado, \u201csupone el primer aldabonazo para sumar adhesiones y complicidades a la candidatura que se presentar\u00e1 ante la Unesco en marzo de 2019, una propuesta que queremos fuerte, s\u00f3lida y respaldada por la ciudadan\u00eda\u201d.<\/p>\n<p>Este anagrama de apoyo podr\u00e1 integrarse en las etiquetas de las botellas de sidra y \u201cforma parte de un plan de trabajo para potenciar una producci\u00f3n que integra lo simb\u00f3lico, porque la cultura sidrera de Asturias es m\u00e1s que la bebida e incorpora el escanciado, elemento diferenciador respecto de otras sidras que se producen en diversos territorios\u201d, ha se\u00f1alado la consejera.<\/p>\n<p>En la presentaci\u00f3n del logotipo han participado tambi\u00e9n el presidente de la DOP Sidra de Asturias, Tino Cortina, la directora general de Patrimonio Cultural, Otilia Requejo, y el dise\u00f1ador del distintivo, Juan Hernaz, quien ha pormenorizado sus caracter\u00edsticas. As\u00ed, el anagrama a\u00fana los valores de la cultura de la sidra a trav\u00e9s de sus s\u00edmbolos esenciales: la manzana, el componente humano y el escanciado, la actividad m\u00e1s representativa de esta cultura en Asturias.<\/p>\n<p>Adem\u00e1s, la composici\u00f3n del texto principal se ha realizado a partir de la tipograf\u00eda Asturica, identitaria del Principado, y con predominio visual, que permite una identificaci\u00f3n directa y clara, con un mayor peso de la palabra sidra. La leyenda de la candidatura, sobre tipograf\u00eda human\u00edstica y en composici\u00f3n circular, cierra la forma aportando el car\u00e1cter del sello y, al tiempo, componiendo visualmente la manzana, que contiene todos los elementos.<\/p>\n<p>La titular de Desarrollo Rural ha recordado que la candidatura para que la cultura sidrera asturiana pueda ser declarada patrimonio inmaterial de la humanidad por la Unesco se inici\u00f3 en 2010 y tuvo un paso importante en 2014 cuando logr\u00f3 el reconocimiento de Bien de Inter\u00e9s Cultural. \u201cEste es un camino largo que requiere tiempo y trabajo para que llegue a buen fin\u201d, ha a\u00f1adido \u00c1lvarez<\/p>\n<p>Tambi\u00e9n ha anunciado que en las pr\u00f3ximas semanas se crear\u00e1 un comit\u00e9 director \u201cpara que lidere el proceso de presentaci\u00f3n de la candidatura\u00bb, en el que habr\u00e1 expertos que ayudar\u00e1n a dise\u00f1ar una buena estrategia para singularizar la cultura sidrera, un objetivo en el que se han comprometido el Gobierno del Principado, la DOP Sidra de Asturias y al que se pretende sumar a la sociedad asturiana.<\/p>\n<p>\u201cLa candidatura es un reconocimiento a una cultura propia, antigua, tradicional, que se ha mantenido a lo largo del tiempo con todos sus elementos definidores y no ha perdido esa caracter\u00edstica primigenia de transformaci\u00f3n de la manzana en zumo, fermentaci\u00f3n, elaboraci\u00f3n de un producto y que lleva aparejada una cultura que invita a la participaci\u00f3n, a la amistad, a disfrutar de la tierra\u201d, ha se\u00f1alado la consejera.<\/p>\n<p>A juicio de la responsable de Desarrollo Rural, la declaraci\u00f3n de la cultura sidrera asturiana como bien inmaterial de la humanidad \u201ctendr\u00eda una repercusi\u00f3n inmediata porque se trata de un reconocimiento internacional y una promoci\u00f3n indiscutible\u201d.<\/p>\n<p>La consejera ha se\u00f1alado que si el a\u00f1o 2017 fue muy importante para la sidra de Asturias, 2018 \u201cva a ser definitivo\u00bb. \u00abTenemos que hacer frente al reto de haber crecido y tambi\u00e9n de comercializar una cosecha excepcional, con unas previsiones de unos cuatro millones de botellas de sidra amparadas por la contraetiqueta DOP\u201d, ha agregado.<\/p>\n","protected":false},"excerpt":{"rendered":"<p>La consejera de Desarrollo Rural y Recursos Naturales, Mar\u00eda Jes\u00fas \u00c1lvarez, ha presentado hoy el logotipo Cultura sidrera asturiana patrimonio inmaterial de la humanidad que, seg\u00fan ha manifestado, \u201csupone el primer aldabonazo para sumar adhesiones y complicidades a la candidatura que se presentar\u00e1 ante la Unesco en marzo de 2019, una propuesta que queremos fuerte,<\/p>\n","protected":false},"author":1,"featured_media":95302,"comment_status":"closed","ping_status":"closed","sticky":false,"template":"","format":"standard","meta":{"footnotes":""},"categories":[7],"tags":[],"class_list":{"0":"post-95301","1":"post","2":"type-post","3":"status-publish","4":"format-standard","5":"has-post-thumbnail","7":"category-asturias"},"aioseo_notices":[],"aioseo_head":"\n\t\t<!-- All in One SEO Pro 4.9.6.2 - aioseo.com -->\n\t<meta name=\"description\" content=\"La consejera de Desarrollo Rural y Recursos Naturales, Mar\u00eda Jes\u00fas \u00c1lvarez, ha presentado hoy el logotipo Cultura sidrera asturiana patrimonio inmaterial de la humanidad que, seg\u00fan ha manifestado, \u201csupone el primer aldabonazo para sumar adhesiones y complicidades a la candidatura que se presentar\u00e1 ante la Unesco en marzo de 2019, una propuesta que queremos fuerte,\" \/>\n\t<meta name=\"robots\" content=\"max-image-preview:large\" \/>\n\t<meta name=\"author\" content=\"Cand\u00e1s 365\"\/>\n\t<meta name=\"google-site-verification\" content=\"UA-32230408-1\" \/>\n\t<meta name=\"msvalidate.01\" content=\"354F3CDFB2DA171B47FBE9ABF1F88D5\" \/>\n\t<meta name=\"keywords\" content=\"asturias\" \/>\n\t<link rel=\"canonical\" href=\"https:\/\/candas365.es\/noticias\/presentado-el-logotipo-de-cultura-sidrera-asturiana-patrimonio-inmaterial-de-la-humanidad\/\" \/>\n\t<meta name=\"generator\" content=\"All in One SEO Pro (AIOSEO) 4.9.6.2\" \/>\n\t\t<meta property=\"og:locale\" content=\"es_ES\" \/>\n\t\t<meta property=\"og:site_name\" content=\"Cand\u00e1s 365\" \/>\n\t\t<meta property=\"og:type\" content=\"article\" \/>\n\t\t<meta property=\"og:title\" content=\"Presentado el logotipo de \u201cCultura sidrera asturiana patrimonio inmaterial de la humanidad\u00bb | Cand\u00e1s 365\" \/>\n\t\t<meta property=\"og:description\" content=\"La consejera de Desarrollo Rural y Recursos Naturales, Mar\u00eda Jes\u00fas \u00c1lvarez, ha presentado hoy el logotipo Cultura sidrera asturiana patrimonio inmaterial de la humanidad que, seg\u00fan ha manifestado, \u201csupone el primer aldabonazo para sumar adhesiones y complicidades a la candidatura que se presentar\u00e1 ante la Unesco en marzo de 2019, una propuesta que queremos fuerte,\" \/>\n\t\t<meta property=\"og:url\" content=\"https:\/\/candas365.es\/noticias\/presentado-el-logotipo-de-cultura-sidrera-asturiana-patrimonio-inmaterial-de-la-humanidad\/\" \/>\n\t\t<meta property=\"og:image\" content=\"https:\/\/candas365.es\/noticias\/wp-content\/uploads\/2018\/05\/Cultura-sidrera-patrimonio-de-la-humanidad.jpg\" \/>\n\t\t<meta property=\"og:image:secure_url\" content=\"https:\/\/candas365.es\/noticias\/wp-content\/uploads\/2018\/05\/Cultura-sidrera-patrimonio-de-la-humanidad.jpg\" \/>\n\t\t<meta property=\"og:image:width\" content=\"1280\" \/>\n\t\t<meta property=\"og:image:height\" content=\"927\" \/>\n\t\t<meta property=\"article:published_time\" content=\"2018-05-04T21:42:53+00:00\" \/>\n\t\t<meta property=\"article:modified_time\" content=\"2018-05-04T21:42:53+00:00\" \/>\n\t\t<meta property=\"article:publisher\" content=\"https:\/\/www.facebook.com\/Nachofdezber\" \/>\n\t\t<meta property=\"article:author\" content=\"https:\/\/www.facebook.com\/carrenoactualidad\" \/>\n\t\t<meta name=\"twitter:card\" content=\"summary_large_image\" \/>\n\t\t<meta name=\"twitter:site\" content=\"@NabercoDigital\" \/>\n\t\t<meta name=\"twitter:title\" content=\"Presentado el logotipo de \u201cCultura sidrera asturiana patrimonio inmaterial de la humanidad\u00bb | Cand\u00e1s 365\" \/>\n\t\t<meta name=\"twitter:description\" content=\"La consejera de Desarrollo Rural y Recursos Naturales, Mar\u00eda Jes\u00fas \u00c1lvarez, ha presentado hoy el logotipo Cultura sidrera asturiana patrimonio inmaterial de la humanidad que, seg\u00fan ha manifestado, \u201csupone el primer aldabonazo para sumar adhesiones y complicidades a la candidatura que se presentar\u00e1 ante la Unesco en marzo de 2019, una propuesta que queremos fuerte,\" \/>\n\t\t<meta name=\"twitter:creator\" content=\"@nbasturias\" \/>\n\t\t<meta name=\"twitter:image\" content=\"https:\/\/candas365.es\/noticias\/wp-content\/uploads\/2018\/05\/Cultura-sidrera-patrimonio-de-la-humanidad.jpg\" \/>\n\t\t<meta name=\"twitter:label1\" content=\"Escrito por\" \/>\n\t\t<meta name=\"twitter:data1\" content=\"Cand\u00e1s 365\" \/>\n\t\t<meta name=\"twitter:label2\" content=\"Tiempo de lectura estimado\" \/>\n\t\t<meta name=\"twitter:data2\" content=\"3 minutos\" \/>\n\t\t<script type=\"application\/ld+json\" class=\"aioseo-schema\">\n\t\t\t{\"@context\":\"https:\\\/\\\/schema.org\",\"@graph\":[{\"@type\":\"BreadcrumbList\",\"@id\":\"https:\\\/\\\/candas365.es\\\/noticias\\\/presentado-el-logotipo-de-cultura-sidrera-asturiana-patrimonio-inmaterial-de-la-humanidad\\\/#breadcrumblist\",\"itemListElement\":[{\"@type\":\"ListItem\",\"@id\":\"https:\\\/\\\/candas365.es\\\/noticias#listItem\",\"position\":1,\"name\":\"Home\",\"item\":\"https:\\\/\\\/candas365.es\\\/noticias\",\"nextItem\":{\"@type\":\"ListItem\",\"@id\":\"https:\\\/\\\/candas365.es\\\/noticias\\\/category\\\/asturias\\\/#listItem\",\"name\":\"Asturias\"}},{\"@type\":\"ListItem\",\"@id\":\"https:\\\/\\\/candas365.es\\\/noticias\\\/category\\\/asturias\\\/#listItem\",\"position\":2,\"name\":\"Asturias\",\"item\":\"https:\\\/\\\/candas365.es\\\/noticias\\\/category\\\/asturias\\\/\",\"nextItem\":{\"@type\":\"ListItem\",\"@id\":\"https:\\\/\\\/candas365.es\\\/noticias\\\/presentado-el-logotipo-de-cultura-sidrera-asturiana-patrimonio-inmaterial-de-la-humanidad\\\/#listItem\",\"name\":\"Presentado el logotipo de \\u201cCultura sidrera asturiana patrimonio inmaterial de la humanidad\\u00bb\"},\"previousItem\":{\"@type\":\"ListItem\",\"@id\":\"https:\\\/\\\/candas365.es\\\/noticias#listItem\",\"name\":\"Home\"}},{\"@type\":\"ListItem\",\"@id\":\"https:\\\/\\\/candas365.es\\\/noticias\\\/presentado-el-logotipo-de-cultura-sidrera-asturiana-patrimonio-inmaterial-de-la-humanidad\\\/#listItem\",\"position\":3,\"name\":\"Presentado el logotipo de \\u201cCultura sidrera asturiana patrimonio inmaterial de la humanidad\\u00bb\",\"previousItem\":{\"@type\":\"ListItem\",\"@id\":\"https:\\\/\\\/candas365.es\\\/noticias\\\/category\\\/asturias\\\/#listItem\",\"name\":\"Asturias\"}}]},{\"@type\":\"NewsArticle\",\"@id\":\"https:\\\/\\\/candas365.es\\\/noticias\\\/presentado-el-logotipo-de-cultura-sidrera-asturiana-patrimonio-inmaterial-de-la-humanidad\\\/#newsarticle\",\"name\":\"Presentado el logotipo de \\u201cCultura sidrera asturiana patrimonio inmaterial de la humanidad\\u00bb | Cand\\u00e1s 365\",\"headline\":\"Presentado el logotipo de \\u201cCultura sidrera asturiana patrimonio inmaterial de la humanidad\\u00bb\",\"author\":{\"@id\":\"https:\\\/\\\/candas365.es\\\/noticias\\\/author\\\/admin\\\/#author\"},\"publisher\":{\"@id\":\"https:\\\/\\\/candas365.es\\\/noticias\\\/#organization\"},\"image\":{\"@type\":\"ImageObject\",\"url\":\"https:\\\/\\\/candas365.es\\\/noticias\\\/wp-content\\\/uploads\\\/2018\\\/05\\\/Cultura-sidrera-patrimonio-de-la-humanidad.jpg\",\"width\":1280,\"height\":927},\"datePublished\":\"2018-05-04T21:42:53+02:00\",\"dateModified\":\"2018-05-04T21:42:53+02:00\",\"inLanguage\":\"es-ES\",\"mainEntityOfPage\":{\"@id\":\"https:\\\/\\\/candas365.es\\\/noticias\\\/presentado-el-logotipo-de-cultura-sidrera-asturiana-patrimonio-inmaterial-de-la-humanidad\\\/#webpage\"},\"isPartOf\":{\"@id\":\"https:\\\/\\\/candas365.es\\\/noticias\\\/presentado-el-logotipo-de-cultura-sidrera-asturiana-patrimonio-inmaterial-de-la-humanidad\\\/#webpage\"},\"articleSection\":\"Asturias\",\"dateline\":\"Publicado el mayo 4, 2018.\"},{\"@type\":\"Organization\",\"@id\":\"https:\\\/\\\/candas365.es\\\/noticias\\\/#organization\",\"name\":\"Cand\\u00e1s 365\",\"description\":\"Cand\\u00e1s 365 es un diario digital independiente, fundado en 2012, con base en Asturias. Informamos con rigor sobre actualidad, sociedad, cultura y ocio, con una mirada local y global.\",\"url\":\"https:\\\/\\\/candas365.es\\\/noticias\\\/\",\"email\":\"info@candas365.es\",\"telephone\":\"+34652131393\",\"foundingDate\":\"2012-06-10\",\"logo\":{\"@type\":\"ImageObject\",\"url\":\"https:\\\/\\\/candas365.es\\\/noticias\\\/wp-content\\\/uploads\\\/2024\\\/09\\\/Candas-365-Redes.jpg\",\"@id\":\"https:\\\/\\\/candas365.es\\\/noticias\\\/presentado-el-logotipo-de-cultura-sidrera-asturiana-patrimonio-inmaterial-de-la-humanidad\\\/#organizationLogo\",\"width\":1152,\"height\":864,\"caption\":\"Cand\\u00e1s 365 Redes\"},\"image\":{\"@id\":\"https:\\\/\\\/candas365.es\\\/noticias\\\/presentado-el-logotipo-de-cultura-sidrera-asturiana-patrimonio-inmaterial-de-la-humanidad\\\/#organizationLogo\"},\"sameAs\":[\"https:\\\/\\\/www.facebook.com\\\/Nachofdezber\",\"https:\\\/\\\/x.com\\\/NabercoDigital\",\"https:\\\/\\\/www.instagram.com\\\/nachofdezber\\\/\",\"https:\\\/\\\/www.youtube.com\\\/channel\\\/UCZP-2wLEB9Rv6erhFmqVnvg\"],\"address\":{\"@id\":\"https:\\\/\\\/candas365.es\\\/noticias\\\/#postaladdress\",\"@type\":\"PostalAddress\",\"streetAddress\":\"san antonio 4, san antonio 4\",\"postalCode\":\"33430\",\"addressLocality\":\"Cand\\u00e1s\",\"addressRegion\":\"Asturias\",\"addressCountry\":\"ES\"}},{\"@type\":\"Person\",\"@id\":\"https:\\\/\\\/candas365.es\\\/noticias\\\/author\\\/admin\\\/#author\",\"url\":\"https:\\\/\\\/candas365.es\\\/noticias\\\/author\\\/admin\\\/\",\"name\":\"Cand\\u00e1s 365\",\"image\":{\"@type\":\"ImageObject\",\"@id\":\"https:\\\/\\\/candas365.es\\\/noticias\\\/presentado-el-logotipo-de-cultura-sidrera-asturiana-patrimonio-inmaterial-de-la-humanidad\\\/#authorImage\",\"url\":\"https:\\\/\\\/secure.gravatar.com\\\/avatar\\\/496a8e03d0c493ede1718b7934145dbdf8d89be1036b0eec9544e1094c9de390?s=96&d=mm&r=g\",\"width\":96,\"height\":96,\"caption\":\"Cand\\u00e1s 365\"},\"sameAs\":[\"https:\\\/\\\/www.facebook.com\\\/carrenoactualidad\",\"https:\\\/\\\/twitter.com\\\/nbasturias\",\"https:\\\/\\\/www.instagram.com\\\/nachofdezber\\\/\",\"https:\\\/\\\/www.youtube.com\\\/channel\\\/UCZP-2wLEB9Rv6erhFmqVnvg\"]},{\"@type\":\"WebPage\",\"@id\":\"https:\\\/\\\/candas365.es\\\/noticias\\\/presentado-el-logotipo-de-cultura-sidrera-asturiana-patrimonio-inmaterial-de-la-humanidad\\\/#webpage\",\"url\":\"https:\\\/\\\/candas365.es\\\/noticias\\\/presentado-el-logotipo-de-cultura-sidrera-asturiana-patrimonio-inmaterial-de-la-humanidad\\\/\",\"name\":\"Presentado el logotipo de \\u201cCultura sidrera asturiana patrimonio inmaterial de la humanidad\\u00bb | Cand\\u00e1s 365\",\"description\":\"La consejera de Desarrollo Rural y Recursos Naturales, Mar\\u00eda Jes\\u00fas \\u00c1lvarez, ha presentado hoy el logotipo Cultura sidrera asturiana patrimonio inmaterial de la humanidad que, seg\\u00fan ha manifestado, \\u201csupone el primer aldabonazo para sumar adhesiones y complicidades a la candidatura que se presentar\\u00e1 ante la Unesco en marzo de 2019, una propuesta que queremos fuerte,\",\"inLanguage\":\"es-ES\",\"isPartOf\":{\"@id\":\"https:\\\/\\\/candas365.es\\\/noticias\\\/#website\"},\"breadcrumb\":{\"@id\":\"https:\\\/\\\/candas365.es\\\/noticias\\\/presentado-el-logotipo-de-cultura-sidrera-asturiana-patrimonio-inmaterial-de-la-humanidad\\\/#breadcrumblist\"},\"author\":{\"@id\":\"https:\\\/\\\/candas365.es\\\/noticias\\\/author\\\/admin\\\/#author\"},\"creator\":{\"@id\":\"https:\\\/\\\/candas365.es\\\/noticias\\\/author\\\/admin\\\/#author\"},\"image\":{\"@type\":\"ImageObject\",\"url\":\"https:\\\/\\\/candas365.es\\\/noticias\\\/wp-content\\\/uploads\\\/2018\\\/05\\\/Cultura-sidrera-patrimonio-de-la-humanidad.jpg\",\"@id\":\"https:\\\/\\\/candas365.es\\\/noticias\\\/presentado-el-logotipo-de-cultura-sidrera-asturiana-patrimonio-inmaterial-de-la-humanidad\\\/#mainImage\",\"width\":1280,\"height\":927},\"primaryImageOfPage\":{\"@id\":\"https:\\\/\\\/candas365.es\\\/noticias\\\/presentado-el-logotipo-de-cultura-sidrera-asturiana-patrimonio-inmaterial-de-la-humanidad\\\/#mainImage\"},\"datePublished\":\"2018-05-04T21:42:53+02:00\",\"dateModified\":\"2018-05-04T21:42:53+02:00\"},{\"@type\":\"WebSite\",\"@id\":\"https:\\\/\\\/candas365.es\\\/noticias\\\/#website\",\"url\":\"https:\\\/\\\/candas365.es\\\/noticias\\\/\",\"name\":\"Cand\\u00e1s 365\",\"alternateName\":\"Cand\\u00e1s 365 Noticias\",\"description\":\"Actualidad desde Carre\\u00f1o para el mundo\",\"inLanguage\":\"es-ES\",\"publisher\":{\"@id\":\"https:\\\/\\\/candas365.es\\\/noticias\\\/#organization\"}}]}\n\t\t<\/script>\n\t\t<!-- All in One SEO Pro -->\r\n\t\t<title>Presentado el logotipo de \u201cCultura sidrera asturiana patrimonio inmaterial de la humanidad\u00bb | Cand\u00e1s 365<\/title>\n\n","aioseo_head_json":{"title":"Presentado el logotipo de \u201cCultura sidrera asturiana patrimonio inmaterial de la humanidad\u00bb | Cand\u00e1s 365","description":"La consejera de Desarrollo Rural y Recursos Naturales, Mar\u00eda Jes\u00fas \u00c1lvarez, ha presentado hoy el logotipo Cultura sidrera asturiana patrimonio inmaterial de la humanidad que, seg\u00fan ha manifestado, \u201csupone el primer aldabonazo para sumar adhesiones y complicidades a la candidatura que se presentar\u00e1 ante la Unesco en marzo de 2019, una propuesta que queremos fuerte,","canonical_url":"https:\/\/candas365.es\/noticias\/presentado-el-logotipo-de-cultura-sidrera-asturiana-patrimonio-inmaterial-de-la-humanidad\/","robots":"max-image-preview:large","keywords":"asturias","webmasterTools":{"google-site-verification":"UA-32230408-1","msvalidate.01":"354F3CDFB2DA171B47FBE9ABF1F88D5","miscellaneous":""},"schema":{"@context":"https:\/\/schema.org","@graph":[{"@type":"BreadcrumbList","@id":"https:\/\/candas365.es\/noticias\/presentado-el-logotipo-de-cultura-sidrera-asturiana-patrimonio-inmaterial-de-la-humanidad\/#breadcrumblist","itemListElement":[{"@type":"ListItem","@id":"https:\/\/candas365.es\/noticias#listItem","position":1,"name":"Home","item":"https:\/\/candas365.es\/noticias","nextItem":{"@type":"ListItem","@id":"https:\/\/candas365.es\/noticias\/category\/asturias\/#listItem","name":"Asturias"}},{"@type":"ListItem","@id":"https:\/\/candas365.es\/noticias\/category\/asturias\/#listItem","position":2,"name":"Asturias","item":"https:\/\/candas365.es\/noticias\/category\/asturias\/","nextItem":{"@type":"ListItem","@id":"https:\/\/candas365.es\/noticias\/presentado-el-logotipo-de-cultura-sidrera-asturiana-patrimonio-inmaterial-de-la-humanidad\/#listItem","name":"Presentado el logotipo de \u201cCultura sidrera asturiana patrimonio inmaterial de la humanidad\u00bb"},"previousItem":{"@type":"ListItem","@id":"https:\/\/candas365.es\/noticias#listItem","name":"Home"}},{"@type":"ListItem","@id":"https:\/\/candas365.es\/noticias\/presentado-el-logotipo-de-cultura-sidrera-asturiana-patrimonio-inmaterial-de-la-humanidad\/#listItem","position":3,"name":"Presentado el logotipo de \u201cCultura sidrera asturiana patrimonio inmaterial de la humanidad\u00bb","previousItem":{"@type":"ListItem","@id":"https:\/\/candas365.es\/noticias\/category\/asturias\/#listItem","name":"Asturias"}}]},{"@type":"NewsArticle","@id":"https:\/\/candas365.es\/noticias\/presentado-el-logotipo-de-cultura-sidrera-asturiana-patrimonio-inmaterial-de-la-humanidad\/#newsarticle","name":"Presentado el logotipo de \u201cCultura sidrera asturiana patrimonio inmaterial de la humanidad\u00bb | Cand\u00e1s 365","headline":"Presentado el logotipo de \u201cCultura sidrera asturiana patrimonio inmaterial de la humanidad\u00bb","author":{"@id":"https:\/\/candas365.es\/noticias\/author\/admin\/#author"},"publisher":{"@id":"https:\/\/candas365.es\/noticias\/#organization"},"image":{"@type":"ImageObject","url":"https:\/\/candas365.es\/noticias\/wp-content\/uploads\/2018\/05\/Cultura-sidrera-patrimonio-de-la-humanidad.jpg","width":1280,"height":927},"datePublished":"2018-05-04T21:42:53+02:00","dateModified":"2018-05-04T21:42:53+02:00","inLanguage":"es-ES","mainEntityOfPage":{"@id":"https:\/\/candas365.es\/noticias\/presentado-el-logotipo-de-cultura-sidrera-asturiana-patrimonio-inmaterial-de-la-humanidad\/#webpage"},"isPartOf":{"@id":"https:\/\/candas365.es\/noticias\/presentado-el-logotipo-de-cultura-sidrera-asturiana-patrimonio-inmaterial-de-la-humanidad\/#webpage"},"articleSection":"Asturias","dateline":"Publicado el mayo 4, 2018."},{"@type":"Organization","@id":"https:\/\/candas365.es\/noticias\/#organization","name":"Cand\u00e1s 365","description":"Cand\u00e1s 365 es un diario digital independiente, fundado en 2012, con base en Asturias. Informamos con rigor sobre actualidad, sociedad, cultura y ocio, con una mirada local y global.","url":"https:\/\/candas365.es\/noticias\/","email":"info@candas365.es","telephone":"+34652131393","foundingDate":"2012-06-10","logo":{"@type":"ImageObject","url":"https:\/\/candas365.es\/noticias\/wp-content\/uploads\/2024\/09\/Candas-365-Redes.jpg","@id":"https:\/\/candas365.es\/noticias\/presentado-el-logotipo-de-cultura-sidrera-asturiana-patrimonio-inmaterial-de-la-humanidad\/#organizationLogo","width":1152,"height":864,"caption":"Cand\u00e1s 365 Redes"},"image":{"@id":"https:\/\/candas365.es\/noticias\/presentado-el-logotipo-de-cultura-sidrera-asturiana-patrimonio-inmaterial-de-la-humanidad\/#organizationLogo"},"sameAs":["https:\/\/www.facebook.com\/Nachofdezber","https:\/\/x.com\/NabercoDigital","https:\/\/www.instagram.com\/nachofdezber\/","https:\/\/www.youtube.com\/channel\/UCZP-2wLEB9Rv6erhFmqVnvg"],"address":{"@id":"https:\/\/candas365.es\/noticias\/#postaladdress","@type":"PostalAddress","streetAddress":"san antonio 4, san antonio 4","postalCode":"33430","addressLocality":"Cand\u00e1s","addressRegion":"Asturias","addressCountry":"ES"}},{"@type":"Person","@id":"https:\/\/candas365.es\/noticias\/author\/admin\/#author","url":"https:\/\/candas365.es\/noticias\/author\/admin\/","name":"Cand\u00e1s 365","image":{"@type":"ImageObject","@id":"https:\/\/candas365.es\/noticias\/presentado-el-logotipo-de-cultura-sidrera-asturiana-patrimonio-inmaterial-de-la-humanidad\/#authorImage","url":"https:\/\/secure.gravatar.com\/avatar\/496a8e03d0c493ede1718b7934145dbdf8d89be1036b0eec9544e1094c9de390?s=96&d=mm&r=g","width":96,"height":96,"caption":"Cand\u00e1s 365"},"sameAs":["https:\/\/www.facebook.com\/carrenoactualidad","https:\/\/twitter.com\/nbasturias","https:\/\/www.instagram.com\/nachofdezber\/","https:\/\/www.youtube.com\/channel\/UCZP-2wLEB9Rv6erhFmqVnvg"]},{"@type":"WebPage","@id":"https:\/\/candas365.es\/noticias\/presentado-el-logotipo-de-cultura-sidrera-asturiana-patrimonio-inmaterial-de-la-humanidad\/#webpage","url":"https:\/\/candas365.es\/noticias\/presentado-el-logotipo-de-cultura-sidrera-asturiana-patrimonio-inmaterial-de-la-humanidad\/","name":"Presentado el logotipo de \u201cCultura sidrera asturiana patrimonio inmaterial de la humanidad\u00bb | Cand\u00e1s 365","description":"La consejera de Desarrollo Rural y Recursos Naturales, Mar\u00eda Jes\u00fas \u00c1lvarez, ha presentado hoy el logotipo Cultura sidrera asturiana patrimonio inmaterial de la humanidad que, seg\u00fan ha manifestado, \u201csupone el primer aldabonazo para sumar adhesiones y complicidades a la candidatura que se presentar\u00e1 ante la Unesco en marzo de 2019, una propuesta que queremos fuerte,","inLanguage":"es-ES","isPartOf":{"@id":"https:\/\/candas365.es\/noticias\/#website"},"breadcrumb":{"@id":"https:\/\/candas365.es\/noticias\/presentado-el-logotipo-de-cultura-sidrera-asturiana-patrimonio-inmaterial-de-la-humanidad\/#breadcrumblist"},"author":{"@id":"https:\/\/candas365.es\/noticias\/author\/admin\/#author"},"creator":{"@id":"https:\/\/candas365.es\/noticias\/author\/admin\/#author"},"image":{"@type":"ImageObject","url":"https:\/\/candas365.es\/noticias\/wp-content\/uploads\/2018\/05\/Cultura-sidrera-patrimonio-de-la-humanidad.jpg","@id":"https:\/\/candas365.es\/noticias\/presentado-el-logotipo-de-cultura-sidrera-asturiana-patrimonio-inmaterial-de-la-humanidad\/#mainImage","width":1280,"height":927},"primaryImageOfPage":{"@id":"https:\/\/candas365.es\/noticias\/presentado-el-logotipo-de-cultura-sidrera-asturiana-patrimonio-inmaterial-de-la-humanidad\/#mainImage"},"datePublished":"2018-05-04T21:42:53+02:00","dateModified":"2018-05-04T21:42:53+02:00"},{"@type":"WebSite","@id":"https:\/\/candas365.es\/noticias\/#website","url":"https:\/\/candas365.es\/noticias\/","name":"Cand\u00e1s 365","alternateName":"Cand\u00e1s 365 Noticias","description":"Actualidad desde Carre\u00f1o para el mundo","inLanguage":"es-ES","publisher":{"@id":"https:\/\/candas365.es\/noticias\/#organization"}}]},"og:locale":"es_ES","og:site_name":"Cand\u00e1s 365","og:type":"article","og:title":"Presentado el logotipo de \u201cCultura sidrera asturiana patrimonio inmaterial de la humanidad\u00bb | Cand\u00e1s 365","og:description":"La consejera de Desarrollo Rural y Recursos Naturales, Mar\u00eda Jes\u00fas \u00c1lvarez, ha presentado hoy el logotipo Cultura sidrera asturiana patrimonio inmaterial de la humanidad que, seg\u00fan ha manifestado, \u201csupone el primer aldabonazo para sumar adhesiones y complicidades a la candidatura que se presentar\u00e1 ante la Unesco en marzo de 2019, una propuesta que queremos fuerte,","og:url":"https:\/\/candas365.es\/noticias\/presentado-el-logotipo-de-cultura-sidrera-asturiana-patrimonio-inmaterial-de-la-humanidad\/","og:image":"https:\/\/candas365.es\/noticias\/wp-content\/uploads\/2018\/05\/Cultura-sidrera-patrimonio-de-la-humanidad.jpg","og:image:secure_url":"https:\/\/candas365.es\/noticias\/wp-content\/uploads\/2018\/05\/Cultura-sidrera-patrimonio-de-la-humanidad.jpg","og:image:width":1280,"og:image:height":927,"article:published_time":"2018-05-04T21:42:53+00:00","article:modified_time":"2018-05-04T21:42:53+00:00","article:publisher":"https:\/\/www.facebook.com\/Nachofdezber","article:author":"https:\/\/www.facebook.com\/carrenoactualidad","twitter:card":"summary_large_image","twitter:site":"@NabercoDigital","twitter:title":"Presentado el logotipo de \u201cCultura sidrera asturiana patrimonio inmaterial de la humanidad\u00bb | Cand\u00e1s 365","twitter:description":"La consejera de Desarrollo Rural y Recursos Naturales, Mar\u00eda Jes\u00fas \u00c1lvarez, ha presentado hoy el logotipo Cultura sidrera asturiana patrimonio inmaterial de la humanidad que, seg\u00fan ha manifestado, \u201csupone el primer aldabonazo para sumar adhesiones y complicidades a la candidatura que se presentar\u00e1 ante la Unesco en marzo de 2019, una propuesta que queremos fuerte,","twitter:creator":"@nbasturias","twitter:image":"https:\/\/candas365.es\/noticias\/wp-content\/uploads\/2018\/05\/Cultura-sidrera-patrimonio-de-la-humanidad.jpg","twitter:label1":"Escrito por","twitter:data1":"Cand\u00e1s 365","twitter:label2":"Tiempo de lectura estimado","twitter:data2":"3 minutos"},"aioseo_meta_data":{"post_id":"95301","title":null,"description":null,"keywords":null,"keyphrases":null,"primary_term":null,"canonical_url":null,"og_title":null,"og_description":null,"og_object_type":"default","og_image_type":"default","og_image_url":null,"og_image_width":null,"og_image_height":null,"og_image_custom_url":null,"og_image_custom_fields":null,"og_video":null,"og_custom_url":null,"og_article_section":null,"og_article_tags":null,"twitter_use_og":false,"twitter_card":"default","twitter_image_type":"default","twitter_image_url":null,"twitter_image_custom_url":null,"twitter_image_custom_fields":null,"twitter_title":null,"twitter_description":null,"schema":{"blockGraphs":[],"customGraphs":[],"default":{"data":{"Article":[],"Course":[],"Dataset":[],"FAQPage":[],"Movie":[],"Person":[],"Product":[],"ProductReview":[],"Car":[],"Recipe":[],"Service":[],"SoftwareApplication":[],"WebPage":[]},"graphName":"","isEnabled":true},"graphs":[],"defaultGraph":"","defaultPostTypeGraph":""},"schema_type":null,"schema_type_options":null,"pillar_content":false,"robots_default":true,"robots_noindex":false,"robots_noarchive":false,"robots_nosnippet":false,"robots_nofollow":false,"robots_noimageindex":false,"robots_noodp":false,"robots_notranslate":false,"robots_max_snippet":null,"robots_max_videopreview":null,"robots_max_imagepreview":"large","priority":null,"frequency":null,"location":null,"local_seo":null,"seo_analyzer_scan_date":"2025-08-26 20:19:09","breadcrumb_settings":null,"limit_modified_date":false,"reviewed_by":null,"open_ai":null,"ai":null,"created":"2020-12-21 11:52:25","updated":"2025-08-26 20:19:09"},"aioseo_breadcrumb":"<div class=\"aioseo-breadcrumbs\"><span class=\"aioseo-breadcrumb\">\n\t<a href=\"https:\/\/candas365.es\/noticias\" title=\"Home\">Home<\/a>\n<\/span><span class=\"aioseo-breadcrumb-separator\">&ndash;<\/span><span class=\"aioseo-breadcrumb\">\n\t<a href=\"https:\/\/candas365.es\/noticias\/category\/asturias\/\" title=\"Asturias\">Asturias<\/a>\n<\/span><span class=\"aioseo-breadcrumb-separator\">&ndash;<\/span><span class=\"aioseo-breadcrumb\">\n\tPresentado el logotipo de \u201cCultura sidrera asturiana patrimonio inmaterial de la humanidad\u00bb\n<\/span><\/div>","aioseo_breadcrumb_json":[{"label":"Home","link":"https:\/\/candas365.es\/noticias"},{"label":"Asturias","link":"https:\/\/candas365.es\/noticias\/category\/asturias\/"},{"label":"Presentado el logotipo de \u201cCultura sidrera asturiana patrimonio inmaterial de la humanidad\u00bb","link":"https:\/\/candas365.es\/noticias\/presentado-el-logotipo-de-cultura-sidrera-asturiana-patrimonio-inmaterial-de-la-humanidad\/"}],"_links":{"self":[{"href":"https:\/\/candas365.es\/noticias\/wp-json\/wp\/v2\/posts\/95301","targetHints":{"allow":["GET"]}}],"collection":[{"href":"https:\/\/candas365.es\/noticias\/wp-json\/wp\/v2\/posts"}],"about":[{"href":"https:\/\/candas365.es\/noticias\/wp-json\/wp\/v2\/types\/post"}],"author":[{"embeddable":true,"href":"https:\/\/candas365.es\/noticias\/wp-json\/wp\/v2\/users\/1"}],"replies":[{"embeddable":true,"href":"https:\/\/candas365.es\/noticias\/wp-json\/wp\/v2\/comments?post=95301"}],"version-history":[{"count":0,"href":"https:\/\/candas365.es\/noticias\/wp-json\/wp\/v2\/posts\/95301\/revisions"}],"wp:featuredmedia":[{"embeddable":true,"href":"https:\/\/candas365.es\/noticias\/wp-json\/wp\/v2\/media\/95302"}],"wp:attachment":[{"href":"https:\/\/candas365.es\/noticias\/wp-json\/wp\/v2\/media?parent=95301"}],"wp:term":[{"taxonomy":"category","embeddable":true,"href":"https:\/\/candas365.es\/noticias\/wp-json\/wp\/v2\/categories?post=95301"},{"taxonomy":"post_tag","embeddable":true,"href":"https:\/\/candas365.es\/noticias\/wp-json\/wp\/v2\/tags?post=95301"}],"curies":[{"name":"wp","href":"https:\/\/api.w.org\/{rel}","templated":true}]}}