{"id":9530,"date":"2015-04-01T02:29:02","date_gmt":"2015-04-01T04:29:02","guid":{"rendered":"http:\/\/candas365.es\/noticias\/?p=9530"},"modified":"2015-04-01T02:29:02","modified_gmt":"2015-04-01T04:29:02","slug":"agroganaderia-confia-en-el-futuro-de-las-explotaciones-por-su-alta-profesionalizacion-y-calidad-genetica","status":"publish","type":"post","link":"https:\/\/candas365.es\/noticias\/agroganaderia-confia-en-el-futuro-de-las-explotaciones-por-su-alta-profesionalizacion-y-calidad-genetica\/","title":{"rendered":"Agroganader\u00eda conf\u00eda en el futuro de las explotaciones por su alta profesionalizaci\u00f3n y calidad gen\u00e9tica"},"content":{"rendered":"<p><img fetchpriority=\"high\" decoding=\"async\" class=\"alignleft size-medium wp-image-4695\" src=\"https:\/\/candas365.es\/noticias\/wp-content\/uploads\/2014\/10\/fotonoticia_20141030112155_800-360x270.jpg\" alt=\"vaca\" width=\"360\" height=\"270\" srcset=\"https:\/\/candas365.es\/noticias\/wp-content\/uploads\/2014\/10\/fotonoticia_20141030112155_800-360x270.jpg 360w, https:\/\/candas365.es\/noticias\/wp-content\/uploads\/2014\/10\/fotonoticia_20141030112155_800-640x480.jpg 640w, https:\/\/candas365.es\/noticias\/wp-content\/uploads\/2014\/10\/fotonoticia_20141030112155_800-768x576.jpg 768w, https:\/\/candas365.es\/noticias\/wp-content\/uploads\/2014\/10\/fotonoticia_20141030112155_800-150x113.jpg 150w, https:\/\/candas365.es\/noticias\/wp-content\/uploads\/2014\/10\/fotonoticia_20141030112155_800-450x338.jpg 450w, https:\/\/candas365.es\/noticias\/wp-content\/uploads\/2014\/10\/fotonoticia_20141030112155_800-80x60.jpg 80w, https:\/\/candas365.es\/noticias\/wp-content\/uploads\/2014\/10\/fotonoticia_20141030112155_800-265x198.jpg 265w, https:\/\/candas365.es\/noticias\/wp-content\/uploads\/2014\/10\/fotonoticia_20141030112155_800-696x522.jpg 696w, https:\/\/candas365.es\/noticias\/wp-content\/uploads\/2014\/10\/fotonoticia_20141030112155_800-560x420.jpg 560w, https:\/\/candas365.es\/noticias\/wp-content\/uploads\/2014\/10\/fotonoticia_20141030112155_800-90x67.jpg 90w, https:\/\/candas365.es\/noticias\/wp-content\/uploads\/2014\/10\/fotonoticia_20141030112155_800.jpg 800w\" sizes=\"(max-width: 360px) 100vw, 360px\" \/>La consejera de Agroganader\u00eda y Recursos Aut\u00f3ctonos, Mar\u00eda Jes\u00fas \u00c1lvarez, se ha mostrado convencida de que las ganader\u00edas asturianas sabr\u00e1n adaptarse al fin del sistema de cuotas l\u00e1cteas, implantado por Europa en 1991 y que termina hoy, \u201cporque es un sector con gran profesionalidad, alta calidad gen\u00e9tica y es un objetivo prioritario para el Gobierno del Principado\u201d, ha declarado.<\/p>\n<p>\u00c1lvarez ha realizado estas declaraciones en la jornada sobre ayudas de la PAC 2015-2020 que se ha celebrado hoy en Oviedo, donde ha asegurado que \u201cno hay motivo para que la ganader\u00eda de Asturias tenga problemas al iniciar ma\u00f1ana esta nueva fase de un horizonte sin cuota l\u00e1ctea porque ha hecho un esfuerzo de modernizaci\u00f3n y de profesionalizaci\u00f3n de leche, que las hace tremendamente competitivas en la calidad del producto y en la gen\u00e9tica de los animales que exporta a todo el mundo\u201d.<\/p>\n<p>La consejera tambi\u00e9n ha destacado la vinculaci\u00f3n territorial y de compromiso con la comunidad aut\u00f3noma que tiene la industria l\u00e1ctea, lo que ha permitido que \u201cel precio que reciben los ganaderos por el litro de leche sea notablemente superior al de la media nacional\u201d. \u00c1lvarez ha destacado que para el Gobierno del Principado, \u201cel sector l\u00e1cteo es prioritario\u201d, y ha mostrado el compromiso del Ejecutivo en su apuesta para garantizar actividad y empleo en el medio rural, as\u00ed como por una importante industria agroalimentaria existente en el conjunto de la regi\u00f3n y que es vital para la generaci\u00f3n de riqueza. Como muestra ha citado los documentos como La Estrategia de Competitividad del Medio Rural, de la Consejer\u00eda de Agroganader\u00eda, y la Estrategia de Especializaci\u00f3n Inteligente para Asturias (RIS3) 2014-2020, de la Consejer\u00eda de Econom\u00eda.<\/p>\n<p>Por el contrario, la consejera ha lamentado que el Ministerio de Agricultura no haya sido sensible con el sector l\u00e1cteo de monta\u00f1a, tal como hab\u00eda reclamado Asturias. \u201cSi los pagos vinculados a la producci\u00f3n hubieran tenido un plus, como se hab\u00eda negociado y que el ministerio se desmarc\u00f3 de forma unilateral, esas aportaciones hubiesen sido un bal\u00f3n de ox\u00edgeno para los ganaderos asturianos\u201d, ha denunciado.<\/p>\n","protected":false},"excerpt":{"rendered":"<p>La consejera de Agroganader\u00eda y Recursos Aut\u00f3ctonos, Mar\u00eda Jes\u00fas \u00c1lvarez, se ha mostrado convencida de que las ganader\u00edas asturianas sabr\u00e1n adaptarse al fin del sistema de cuotas l\u00e1cteas, implantado por Europa en 1991 y que termina hoy, \u201cporque es un sector con gran profesionalidad, alta calidad gen\u00e9tica y es un objetivo prioritario para el Gobierno<\/p>\n","protected":false},"author":1,"featured_media":4695,"comment_status":"open","ping_status":"closed","sticky":false,"template":"","format":"standard","meta":{"footnotes":""},"categories":[7],"tags":[],"class_list":{"0":"post-9530","1":"post","2":"type-post","3":"status-publish","4":"format-standard","5":"has-post-thumbnail","7":"category-asturias"},"aioseo_notices":[],"aioseo_head":"\n\t\t<!-- All in One SEO Pro 4.9.6.2 - aioseo.com -->\n\t<meta name=\"description\" content=\"La consejera de Agroganader\u00eda y Recursos Aut\u00f3ctonos, Mar\u00eda Jes\u00fas \u00c1lvarez, se ha mostrado convencida de que las ganader\u00edas asturianas sabr\u00e1n adaptarse al fin del sistema de cuotas l\u00e1cteas, implantado por Europa en 1991 y que termina hoy, \u201cporque es un sector con gran profesionalidad, alta calidad gen\u00e9tica y es un objetivo prioritario para el Gobierno\" \/>\n\t<meta name=\"robots\" content=\"max-image-preview:large\" \/>\n\t<meta name=\"author\" content=\"Cand\u00e1s 365\"\/>\n\t<meta name=\"google-site-verification\" content=\"UA-32230408-1\" \/>\n\t<meta name=\"msvalidate.01\" content=\"354F3CDFB2DA171B47FBE9ABF1F88D5\" \/>\n\t<meta name=\"keywords\" content=\"asturias\" \/>\n\t<link rel=\"canonical\" href=\"https:\/\/candas365.es\/noticias\/agroganaderia-confia-en-el-futuro-de-las-explotaciones-por-su-alta-profesionalizacion-y-calidad-genetica\/\" \/>\n\t<meta name=\"generator\" content=\"All in One SEO Pro (AIOSEO) 4.9.6.2\" \/>\n\t\t<meta property=\"og:locale\" content=\"es_ES\" \/>\n\t\t<meta property=\"og:site_name\" content=\"Cand\u00e1s 365\" \/>\n\t\t<meta property=\"og:type\" content=\"article\" \/>\n\t\t<meta property=\"og:title\" content=\"Agroganader\u00eda conf\u00eda en el futuro de las explotaciones por su alta profesionalizaci\u00f3n y calidad gen\u00e9tica | Cand\u00e1s 365\" \/>\n\t\t<meta property=\"og:description\" content=\"La consejera de Agroganader\u00eda y Recursos Aut\u00f3ctonos, Mar\u00eda Jes\u00fas \u00c1lvarez, se ha mostrado convencida de que las ganader\u00edas asturianas sabr\u00e1n adaptarse al fin del sistema de cuotas l\u00e1cteas, implantado por Europa en 1991 y que termina hoy, \u201cporque es un sector con gran profesionalidad, alta calidad gen\u00e9tica y es un objetivo prioritario para el Gobierno\" \/>\n\t\t<meta property=\"og:url\" content=\"https:\/\/candas365.es\/noticias\/agroganaderia-confia-en-el-futuro-de-las-explotaciones-por-su-alta-profesionalizacion-y-calidad-genetica\/\" \/>\n\t\t<meta property=\"og:image\" content=\"https:\/\/candas365.es\/noticias\/wp-content\/uploads\/2014\/10\/fotonoticia_20141030112155_800.jpg\" \/>\n\t\t<meta property=\"og:image:secure_url\" content=\"https:\/\/candas365.es\/noticias\/wp-content\/uploads\/2014\/10\/fotonoticia_20141030112155_800.jpg\" \/>\n\t\t<meta property=\"og:image:width\" content=\"800\" \/>\n\t\t<meta property=\"og:image:height\" content=\"600\" \/>\n\t\t<meta property=\"article:published_time\" content=\"2015-04-01T04:29:02+00:00\" \/>\n\t\t<meta property=\"article:modified_time\" content=\"2015-04-01T04:29:02+00:00\" \/>\n\t\t<meta property=\"article:publisher\" content=\"https:\/\/www.facebook.com\/Nachofdezber\" \/>\n\t\t<meta property=\"article:author\" content=\"https:\/\/www.facebook.com\/carrenoactualidad\" \/>\n\t\t<meta name=\"twitter:card\" content=\"summary_large_image\" \/>\n\t\t<meta name=\"twitter:site\" content=\"@NabercoDigital\" \/>\n\t\t<meta name=\"twitter:title\" content=\"Agroganader\u00eda conf\u00eda en el futuro de las explotaciones por su alta profesionalizaci\u00f3n y calidad gen\u00e9tica | Cand\u00e1s 365\" \/>\n\t\t<meta name=\"twitter:description\" content=\"La consejera de Agroganader\u00eda y Recursos Aut\u00f3ctonos, Mar\u00eda Jes\u00fas \u00c1lvarez, se ha mostrado convencida de que las ganader\u00edas asturianas sabr\u00e1n adaptarse al fin del sistema de cuotas l\u00e1cteas, implantado por Europa en 1991 y que termina hoy, \u201cporque es un sector con gran profesionalidad, alta calidad gen\u00e9tica y es un objetivo prioritario para el Gobierno\" \/>\n\t\t<meta name=\"twitter:creator\" content=\"@nbasturias\" \/>\n\t\t<meta name=\"twitter:image\" content=\"https:\/\/candas365.es\/noticias\/wp-content\/uploads\/2014\/10\/fotonoticia_20141030112155_800.jpg\" \/>\n\t\t<meta name=\"twitter:label1\" content=\"Escrito por\" \/>\n\t\t<meta name=\"twitter:data1\" content=\"Cand\u00e1s 365\" \/>\n\t\t<meta name=\"twitter:label2\" content=\"Tiempo de lectura estimado\" \/>\n\t\t<meta name=\"twitter:data2\" content=\"2 minutos\" \/>\n\t\t<script type=\"application\/ld+json\" class=\"aioseo-schema\">\n\t\t\t{\"@context\":\"https:\\\/\\\/schema.org\",\"@graph\":[{\"@type\":\"BreadcrumbList\",\"@id\":\"https:\\\/\\\/candas365.es\\\/noticias\\\/agroganaderia-confia-en-el-futuro-de-las-explotaciones-por-su-alta-profesionalizacion-y-calidad-genetica\\\/#breadcrumblist\",\"itemListElement\":[{\"@type\":\"ListItem\",\"@id\":\"https:\\\/\\\/candas365.es\\\/noticias#listItem\",\"position\":1,\"name\":\"Home\",\"item\":\"https:\\\/\\\/candas365.es\\\/noticias\",\"nextItem\":{\"@type\":\"ListItem\",\"@id\":\"https:\\\/\\\/candas365.es\\\/noticias\\\/category\\\/asturias\\\/#listItem\",\"name\":\"Asturias\"}},{\"@type\":\"ListItem\",\"@id\":\"https:\\\/\\\/candas365.es\\\/noticias\\\/category\\\/asturias\\\/#listItem\",\"position\":2,\"name\":\"Asturias\",\"item\":\"https:\\\/\\\/candas365.es\\\/noticias\\\/category\\\/asturias\\\/\",\"nextItem\":{\"@type\":\"ListItem\",\"@id\":\"https:\\\/\\\/candas365.es\\\/noticias\\\/agroganaderia-confia-en-el-futuro-de-las-explotaciones-por-su-alta-profesionalizacion-y-calidad-genetica\\\/#listItem\",\"name\":\"Agroganader\\u00eda conf\\u00eda en el futuro de las explotaciones por su alta profesionalizaci\\u00f3n y calidad gen\\u00e9tica\"},\"previousItem\":{\"@type\":\"ListItem\",\"@id\":\"https:\\\/\\\/candas365.es\\\/noticias#listItem\",\"name\":\"Home\"}},{\"@type\":\"ListItem\",\"@id\":\"https:\\\/\\\/candas365.es\\\/noticias\\\/agroganaderia-confia-en-el-futuro-de-las-explotaciones-por-su-alta-profesionalizacion-y-calidad-genetica\\\/#listItem\",\"position\":3,\"name\":\"Agroganader\\u00eda conf\\u00eda en el futuro de las explotaciones por su alta profesionalizaci\\u00f3n y calidad gen\\u00e9tica\",\"previousItem\":{\"@type\":\"ListItem\",\"@id\":\"https:\\\/\\\/candas365.es\\\/noticias\\\/category\\\/asturias\\\/#listItem\",\"name\":\"Asturias\"}}]},{\"@type\":\"NewsArticle\",\"@id\":\"https:\\\/\\\/candas365.es\\\/noticias\\\/agroganaderia-confia-en-el-futuro-de-las-explotaciones-por-su-alta-profesionalizacion-y-calidad-genetica\\\/#newsarticle\",\"name\":\"Agroganader\\u00eda conf\\u00eda en el futuro de las explotaciones por su alta profesionalizaci\\u00f3n y calidad gen\\u00e9tica | Cand\\u00e1s 365\",\"headline\":\"Agroganader\\u00eda conf\\u00eda en el futuro de las explotaciones por su alta profesionalizaci\\u00f3n y calidad gen\\u00e9tica\",\"author\":{\"@id\":\"https:\\\/\\\/candas365.es\\\/noticias\\\/author\\\/admin\\\/#author\"},\"publisher\":{\"@id\":\"https:\\\/\\\/candas365.es\\\/noticias\\\/#organization\"},\"image\":{\"@type\":\"ImageObject\",\"url\":\"https:\\\/\\\/candas365.es\\\/noticias\\\/wp-content\\\/uploads\\\/2014\\\/10\\\/fotonoticia_20141030112155_800.jpg\",\"width\":800,\"height\":600},\"datePublished\":\"2015-04-01T02:29:02+02:00\",\"dateModified\":\"2015-04-01T02:29:02+02:00\",\"inLanguage\":\"es-ES\",\"mainEntityOfPage\":{\"@id\":\"https:\\\/\\\/candas365.es\\\/noticias\\\/agroganaderia-confia-en-el-futuro-de-las-explotaciones-por-su-alta-profesionalizacion-y-calidad-genetica\\\/#webpage\"},\"isPartOf\":{\"@id\":\"https:\\\/\\\/candas365.es\\\/noticias\\\/agroganaderia-confia-en-el-futuro-de-las-explotaciones-por-su-alta-profesionalizacion-y-calidad-genetica\\\/#webpage\"},\"articleSection\":\"Asturias\",\"dateline\":\"Publicado el abril 1, 2015.\"},{\"@type\":\"Organization\",\"@id\":\"https:\\\/\\\/candas365.es\\\/noticias\\\/#organization\",\"name\":\"Cand\\u00e1s 365\",\"description\":\"Cand\\u00e1s 365 es un diario digital independiente, fundado en 2012, con base en Asturias. Informamos con rigor sobre actualidad, sociedad, cultura y ocio, con una mirada local y global.\",\"url\":\"https:\\\/\\\/candas365.es\\\/noticias\\\/\",\"email\":\"info@candas365.es\",\"telephone\":\"+34652131393\",\"foundingDate\":\"2012-06-10\",\"logo\":{\"@type\":\"ImageObject\",\"url\":\"https:\\\/\\\/candas365.es\\\/noticias\\\/wp-content\\\/uploads\\\/2024\\\/09\\\/Candas-365-Redes.jpg\",\"@id\":\"https:\\\/\\\/candas365.es\\\/noticias\\\/agroganaderia-confia-en-el-futuro-de-las-explotaciones-por-su-alta-profesionalizacion-y-calidad-genetica\\\/#organizationLogo\",\"width\":1152,\"height\":864,\"caption\":\"Cand\\u00e1s 365 Redes\"},\"image\":{\"@id\":\"https:\\\/\\\/candas365.es\\\/noticias\\\/agroganaderia-confia-en-el-futuro-de-las-explotaciones-por-su-alta-profesionalizacion-y-calidad-genetica\\\/#organizationLogo\"},\"sameAs\":[\"https:\\\/\\\/www.facebook.com\\\/Nachofdezber\",\"https:\\\/\\\/x.com\\\/NabercoDigital\",\"https:\\\/\\\/www.instagram.com\\\/nachofdezber\\\/\",\"https:\\\/\\\/www.youtube.com\\\/channel\\\/UCZP-2wLEB9Rv6erhFmqVnvg\"],\"address\":{\"@id\":\"https:\\\/\\\/candas365.es\\\/noticias\\\/#postaladdress\",\"@type\":\"PostalAddress\",\"streetAddress\":\"san antonio 4, san antonio 4\",\"postalCode\":\"33430\",\"addressLocality\":\"Cand\\u00e1s\",\"addressRegion\":\"Asturias\",\"addressCountry\":\"ES\"}},{\"@type\":\"Person\",\"@id\":\"https:\\\/\\\/candas365.es\\\/noticias\\\/author\\\/admin\\\/#author\",\"url\":\"https:\\\/\\\/candas365.es\\\/noticias\\\/author\\\/admin\\\/\",\"name\":\"Cand\\u00e1s 365\",\"image\":{\"@type\":\"ImageObject\",\"@id\":\"https:\\\/\\\/candas365.es\\\/noticias\\\/agroganaderia-confia-en-el-futuro-de-las-explotaciones-por-su-alta-profesionalizacion-y-calidad-genetica\\\/#authorImage\",\"url\":\"https:\\\/\\\/secure.gravatar.com\\\/avatar\\\/496a8e03d0c493ede1718b7934145dbdf8d89be1036b0eec9544e1094c9de390?s=96&d=mm&r=g\",\"width\":96,\"height\":96,\"caption\":\"Cand\\u00e1s 365\"},\"sameAs\":[\"https:\\\/\\\/www.facebook.com\\\/carrenoactualidad\",\"https:\\\/\\\/twitter.com\\\/nbasturias\",\"https:\\\/\\\/www.instagram.com\\\/nachofdezber\\\/\",\"https:\\\/\\\/www.youtube.com\\\/channel\\\/UCZP-2wLEB9Rv6erhFmqVnvg\"]},{\"@type\":\"WebPage\",\"@id\":\"https:\\\/\\\/candas365.es\\\/noticias\\\/agroganaderia-confia-en-el-futuro-de-las-explotaciones-por-su-alta-profesionalizacion-y-calidad-genetica\\\/#webpage\",\"url\":\"https:\\\/\\\/candas365.es\\\/noticias\\\/agroganaderia-confia-en-el-futuro-de-las-explotaciones-por-su-alta-profesionalizacion-y-calidad-genetica\\\/\",\"name\":\"Agroganader\\u00eda conf\\u00eda en el futuro de las explotaciones por su alta profesionalizaci\\u00f3n y calidad gen\\u00e9tica | Cand\\u00e1s 365\",\"description\":\"La consejera de Agroganader\\u00eda y Recursos Aut\\u00f3ctonos, Mar\\u00eda Jes\\u00fas \\u00c1lvarez, se ha mostrado convencida de que las ganader\\u00edas asturianas sabr\\u00e1n adaptarse al fin del sistema de cuotas l\\u00e1cteas, implantado por Europa en 1991 y que termina hoy, \\u201cporque es un sector con gran profesionalidad, alta calidad gen\\u00e9tica y es un objetivo prioritario para el Gobierno\",\"inLanguage\":\"es-ES\",\"isPartOf\":{\"@id\":\"https:\\\/\\\/candas365.es\\\/noticias\\\/#website\"},\"breadcrumb\":{\"@id\":\"https:\\\/\\\/candas365.es\\\/noticias\\\/agroganaderia-confia-en-el-futuro-de-las-explotaciones-por-su-alta-profesionalizacion-y-calidad-genetica\\\/#breadcrumblist\"},\"author\":{\"@id\":\"https:\\\/\\\/candas365.es\\\/noticias\\\/author\\\/admin\\\/#author\"},\"creator\":{\"@id\":\"https:\\\/\\\/candas365.es\\\/noticias\\\/author\\\/admin\\\/#author\"},\"image\":{\"@type\":\"ImageObject\",\"url\":\"https:\\\/\\\/candas365.es\\\/noticias\\\/wp-content\\\/uploads\\\/2014\\\/10\\\/fotonoticia_20141030112155_800.jpg\",\"@id\":\"https:\\\/\\\/candas365.es\\\/noticias\\\/agroganaderia-confia-en-el-futuro-de-las-explotaciones-por-su-alta-profesionalizacion-y-calidad-genetica\\\/#mainImage\",\"width\":800,\"height\":600},\"primaryImageOfPage\":{\"@id\":\"https:\\\/\\\/candas365.es\\\/noticias\\\/agroganaderia-confia-en-el-futuro-de-las-explotaciones-por-su-alta-profesionalizacion-y-calidad-genetica\\\/#mainImage\"},\"datePublished\":\"2015-04-01T02:29:02+02:00\",\"dateModified\":\"2015-04-01T02:29:02+02:00\"},{\"@type\":\"WebSite\",\"@id\":\"https:\\\/\\\/candas365.es\\\/noticias\\\/#website\",\"url\":\"https:\\\/\\\/candas365.es\\\/noticias\\\/\",\"name\":\"Cand\\u00e1s 365\",\"alternateName\":\"Cand\\u00e1s 365 Noticias\",\"description\":\"Actualidad desde Carre\\u00f1o para el mundo\",\"inLanguage\":\"es-ES\",\"publisher\":{\"@id\":\"https:\\\/\\\/candas365.es\\\/noticias\\\/#organization\"}}]}\n\t\t<\/script>\n\t\t<!-- All in One SEO Pro -->\r\n\t\t<title>Agroganader\u00eda conf\u00eda en el futuro de las explotaciones por su alta profesionalizaci\u00f3n y calidad gen\u00e9tica | Cand\u00e1s 365<\/title>\n\n","aioseo_head_json":{"title":"Agroganader\u00eda conf\u00eda en el futuro de las explotaciones por su alta profesionalizaci\u00f3n y calidad gen\u00e9tica | Cand\u00e1s 365","description":"La consejera de Agroganader\u00eda y Recursos Aut\u00f3ctonos, Mar\u00eda Jes\u00fas \u00c1lvarez, se ha mostrado convencida de que las ganader\u00edas asturianas sabr\u00e1n adaptarse al fin del sistema de cuotas l\u00e1cteas, implantado por Europa en 1991 y que termina hoy, \u201cporque es un sector con gran profesionalidad, alta calidad gen\u00e9tica y es un objetivo prioritario para el Gobierno","canonical_url":"https:\/\/candas365.es\/noticias\/agroganaderia-confia-en-el-futuro-de-las-explotaciones-por-su-alta-profesionalizacion-y-calidad-genetica\/","robots":"max-image-preview:large","keywords":"asturias","webmasterTools":{"google-site-verification":"UA-32230408-1","msvalidate.01":"354F3CDFB2DA171B47FBE9ABF1F88D5","miscellaneous":""},"schema":{"@context":"https:\/\/schema.org","@graph":[{"@type":"BreadcrumbList","@id":"https:\/\/candas365.es\/noticias\/agroganaderia-confia-en-el-futuro-de-las-explotaciones-por-su-alta-profesionalizacion-y-calidad-genetica\/#breadcrumblist","itemListElement":[{"@type":"ListItem","@id":"https:\/\/candas365.es\/noticias#listItem","position":1,"name":"Home","item":"https:\/\/candas365.es\/noticias","nextItem":{"@type":"ListItem","@id":"https:\/\/candas365.es\/noticias\/category\/asturias\/#listItem","name":"Asturias"}},{"@type":"ListItem","@id":"https:\/\/candas365.es\/noticias\/category\/asturias\/#listItem","position":2,"name":"Asturias","item":"https:\/\/candas365.es\/noticias\/category\/asturias\/","nextItem":{"@type":"ListItem","@id":"https:\/\/candas365.es\/noticias\/agroganaderia-confia-en-el-futuro-de-las-explotaciones-por-su-alta-profesionalizacion-y-calidad-genetica\/#listItem","name":"Agroganader\u00eda conf\u00eda en el futuro de las explotaciones por su alta profesionalizaci\u00f3n y calidad gen\u00e9tica"},"previousItem":{"@type":"ListItem","@id":"https:\/\/candas365.es\/noticias#listItem","name":"Home"}},{"@type":"ListItem","@id":"https:\/\/candas365.es\/noticias\/agroganaderia-confia-en-el-futuro-de-las-explotaciones-por-su-alta-profesionalizacion-y-calidad-genetica\/#listItem","position":3,"name":"Agroganader\u00eda conf\u00eda en el futuro de las explotaciones por su alta profesionalizaci\u00f3n y calidad gen\u00e9tica","previousItem":{"@type":"ListItem","@id":"https:\/\/candas365.es\/noticias\/category\/asturias\/#listItem","name":"Asturias"}}]},{"@type":"NewsArticle","@id":"https:\/\/candas365.es\/noticias\/agroganaderia-confia-en-el-futuro-de-las-explotaciones-por-su-alta-profesionalizacion-y-calidad-genetica\/#newsarticle","name":"Agroganader\u00eda conf\u00eda en el futuro de las explotaciones por su alta profesionalizaci\u00f3n y calidad gen\u00e9tica | Cand\u00e1s 365","headline":"Agroganader\u00eda conf\u00eda en el futuro de las explotaciones por su alta profesionalizaci\u00f3n y calidad gen\u00e9tica","author":{"@id":"https:\/\/candas365.es\/noticias\/author\/admin\/#author"},"publisher":{"@id":"https:\/\/candas365.es\/noticias\/#organization"},"image":{"@type":"ImageObject","url":"https:\/\/candas365.es\/noticias\/wp-content\/uploads\/2014\/10\/fotonoticia_20141030112155_800.jpg","width":800,"height":600},"datePublished":"2015-04-01T02:29:02+02:00","dateModified":"2015-04-01T02:29:02+02:00","inLanguage":"es-ES","mainEntityOfPage":{"@id":"https:\/\/candas365.es\/noticias\/agroganaderia-confia-en-el-futuro-de-las-explotaciones-por-su-alta-profesionalizacion-y-calidad-genetica\/#webpage"},"isPartOf":{"@id":"https:\/\/candas365.es\/noticias\/agroganaderia-confia-en-el-futuro-de-las-explotaciones-por-su-alta-profesionalizacion-y-calidad-genetica\/#webpage"},"articleSection":"Asturias","dateline":"Publicado el abril 1, 2015."},{"@type":"Organization","@id":"https:\/\/candas365.es\/noticias\/#organization","name":"Cand\u00e1s 365","description":"Cand\u00e1s 365 es un diario digital independiente, fundado en 2012, con base en Asturias. Informamos con rigor sobre actualidad, sociedad, cultura y ocio, con una mirada local y global.","url":"https:\/\/candas365.es\/noticias\/","email":"info@candas365.es","telephone":"+34652131393","foundingDate":"2012-06-10","logo":{"@type":"ImageObject","url":"https:\/\/candas365.es\/noticias\/wp-content\/uploads\/2024\/09\/Candas-365-Redes.jpg","@id":"https:\/\/candas365.es\/noticias\/agroganaderia-confia-en-el-futuro-de-las-explotaciones-por-su-alta-profesionalizacion-y-calidad-genetica\/#organizationLogo","width":1152,"height":864,"caption":"Cand\u00e1s 365 Redes"},"image":{"@id":"https:\/\/candas365.es\/noticias\/agroganaderia-confia-en-el-futuro-de-las-explotaciones-por-su-alta-profesionalizacion-y-calidad-genetica\/#organizationLogo"},"sameAs":["https:\/\/www.facebook.com\/Nachofdezber","https:\/\/x.com\/NabercoDigital","https:\/\/www.instagram.com\/nachofdezber\/","https:\/\/www.youtube.com\/channel\/UCZP-2wLEB9Rv6erhFmqVnvg"],"address":{"@id":"https:\/\/candas365.es\/noticias\/#postaladdress","@type":"PostalAddress","streetAddress":"san antonio 4, san antonio 4","postalCode":"33430","addressLocality":"Cand\u00e1s","addressRegion":"Asturias","addressCountry":"ES"}},{"@type":"Person","@id":"https:\/\/candas365.es\/noticias\/author\/admin\/#author","url":"https:\/\/candas365.es\/noticias\/author\/admin\/","name":"Cand\u00e1s 365","image":{"@type":"ImageObject","@id":"https:\/\/candas365.es\/noticias\/agroganaderia-confia-en-el-futuro-de-las-explotaciones-por-su-alta-profesionalizacion-y-calidad-genetica\/#authorImage","url":"https:\/\/secure.gravatar.com\/avatar\/496a8e03d0c493ede1718b7934145dbdf8d89be1036b0eec9544e1094c9de390?s=96&d=mm&r=g","width":96,"height":96,"caption":"Cand\u00e1s 365"},"sameAs":["https:\/\/www.facebook.com\/carrenoactualidad","https:\/\/twitter.com\/nbasturias","https:\/\/www.instagram.com\/nachofdezber\/","https:\/\/www.youtube.com\/channel\/UCZP-2wLEB9Rv6erhFmqVnvg"]},{"@type":"WebPage","@id":"https:\/\/candas365.es\/noticias\/agroganaderia-confia-en-el-futuro-de-las-explotaciones-por-su-alta-profesionalizacion-y-calidad-genetica\/#webpage","url":"https:\/\/candas365.es\/noticias\/agroganaderia-confia-en-el-futuro-de-las-explotaciones-por-su-alta-profesionalizacion-y-calidad-genetica\/","name":"Agroganader\u00eda conf\u00eda en el futuro de las explotaciones por su alta profesionalizaci\u00f3n y calidad gen\u00e9tica | Cand\u00e1s 365","description":"La consejera de Agroganader\u00eda y Recursos Aut\u00f3ctonos, Mar\u00eda Jes\u00fas \u00c1lvarez, se ha mostrado convencida de que las ganader\u00edas asturianas sabr\u00e1n adaptarse al fin del sistema de cuotas l\u00e1cteas, implantado por Europa en 1991 y que termina hoy, \u201cporque es un sector con gran profesionalidad, alta calidad gen\u00e9tica y es un objetivo prioritario para el Gobierno","inLanguage":"es-ES","isPartOf":{"@id":"https:\/\/candas365.es\/noticias\/#website"},"breadcrumb":{"@id":"https:\/\/candas365.es\/noticias\/agroganaderia-confia-en-el-futuro-de-las-explotaciones-por-su-alta-profesionalizacion-y-calidad-genetica\/#breadcrumblist"},"author":{"@id":"https:\/\/candas365.es\/noticias\/author\/admin\/#author"},"creator":{"@id":"https:\/\/candas365.es\/noticias\/author\/admin\/#author"},"image":{"@type":"ImageObject","url":"https:\/\/candas365.es\/noticias\/wp-content\/uploads\/2014\/10\/fotonoticia_20141030112155_800.jpg","@id":"https:\/\/candas365.es\/noticias\/agroganaderia-confia-en-el-futuro-de-las-explotaciones-por-su-alta-profesionalizacion-y-calidad-genetica\/#mainImage","width":800,"height":600},"primaryImageOfPage":{"@id":"https:\/\/candas365.es\/noticias\/agroganaderia-confia-en-el-futuro-de-las-explotaciones-por-su-alta-profesionalizacion-y-calidad-genetica\/#mainImage"},"datePublished":"2015-04-01T02:29:02+02:00","dateModified":"2015-04-01T02:29:02+02:00"},{"@type":"WebSite","@id":"https:\/\/candas365.es\/noticias\/#website","url":"https:\/\/candas365.es\/noticias\/","name":"Cand\u00e1s 365","alternateName":"Cand\u00e1s 365 Noticias","description":"Actualidad desde Carre\u00f1o para el mundo","inLanguage":"es-ES","publisher":{"@id":"https:\/\/candas365.es\/noticias\/#organization"}}]},"og:locale":"es_ES","og:site_name":"Cand\u00e1s 365","og:type":"article","og:title":"Agroganader\u00eda conf\u00eda en el futuro de las explotaciones por su alta profesionalizaci\u00f3n y calidad gen\u00e9tica | Cand\u00e1s 365","og:description":"La consejera de Agroganader\u00eda y Recursos Aut\u00f3ctonos, Mar\u00eda Jes\u00fas \u00c1lvarez, se ha mostrado convencida de que las ganader\u00edas asturianas sabr\u00e1n adaptarse al fin del sistema de cuotas l\u00e1cteas, implantado por Europa en 1991 y que termina hoy, \u201cporque es un sector con gran profesionalidad, alta calidad gen\u00e9tica y es un objetivo prioritario para el Gobierno","og:url":"https:\/\/candas365.es\/noticias\/agroganaderia-confia-en-el-futuro-de-las-explotaciones-por-su-alta-profesionalizacion-y-calidad-genetica\/","og:image":"https:\/\/candas365.es\/noticias\/wp-content\/uploads\/2014\/10\/fotonoticia_20141030112155_800.jpg","og:image:secure_url":"https:\/\/candas365.es\/noticias\/wp-content\/uploads\/2014\/10\/fotonoticia_20141030112155_800.jpg","og:image:width":800,"og:image:height":600,"article:published_time":"2015-04-01T04:29:02+00:00","article:modified_time":"2015-04-01T04:29:02+00:00","article:publisher":"https:\/\/www.facebook.com\/Nachofdezber","article:author":"https:\/\/www.facebook.com\/carrenoactualidad","twitter:card":"summary_large_image","twitter:site":"@NabercoDigital","twitter:title":"Agroganader\u00eda conf\u00eda en el futuro de las explotaciones por su alta profesionalizaci\u00f3n y calidad gen\u00e9tica | Cand\u00e1s 365","twitter:description":"La consejera de Agroganader\u00eda y Recursos Aut\u00f3ctonos, Mar\u00eda Jes\u00fas \u00c1lvarez, se ha mostrado convencida de que las ganader\u00edas asturianas sabr\u00e1n adaptarse al fin del sistema de cuotas l\u00e1cteas, implantado por Europa en 1991 y que termina hoy, \u201cporque es un sector con gran profesionalidad, alta calidad gen\u00e9tica y es un objetivo prioritario para el Gobierno","twitter:creator":"@nbasturias","twitter:image":"https:\/\/candas365.es\/noticias\/wp-content\/uploads\/2014\/10\/fotonoticia_20141030112155_800.jpg","twitter:label1":"Escrito por","twitter:data1":"Cand\u00e1s 365","twitter:label2":"Tiempo de lectura estimado","twitter:data2":"2 minutos"},"aioseo_meta_data":{"post_id":"9530","title":null,"description":null,"keywords":null,"keyphrases":null,"primary_term":null,"canonical_url":null,"og_title":null,"og_description":null,"og_object_type":"default","og_image_type":"default","og_image_url":null,"og_image_width":null,"og_image_height":null,"og_image_custom_url":null,"og_image_custom_fields":null,"og_video":null,"og_custom_url":null,"og_article_section":null,"og_article_tags":null,"twitter_use_og":false,"twitter_card":"default","twitter_image_type":"default","twitter_image_url":null,"twitter_image_custom_url":null,"twitter_image_custom_fields":null,"twitter_title":null,"twitter_description":null,"schema":{"blockGraphs":[],"customGraphs":[],"default":{"data":{"Article":[],"Course":[],"Dataset":[],"FAQPage":[],"Movie":[],"Person":[],"Product":[],"ProductReview":[],"Car":[],"Recipe":[],"Service":[],"SoftwareApplication":[],"WebPage":[]},"graphName":"","isEnabled":true},"graphs":[],"defaultGraph":"","defaultPostTypeGraph":""},"schema_type":null,"schema_type_options":null,"pillar_content":false,"robots_default":true,"robots_noindex":false,"robots_noarchive":false,"robots_nosnippet":false,"robots_nofollow":false,"robots_noimageindex":false,"robots_noodp":false,"robots_notranslate":false,"robots_max_snippet":null,"robots_max_videopreview":null,"robots_max_imagepreview":"large","priority":null,"frequency":null,"location":null,"local_seo":null,"seo_analyzer_scan_date":"2025-08-23 08:27:15","breadcrumb_settings":null,"limit_modified_date":false,"reviewed_by":null,"open_ai":null,"ai":null,"created":"2020-12-21 11:01:57","updated":"2025-08-23 08:27:15"},"aioseo_breadcrumb":"<div class=\"aioseo-breadcrumbs\"><span class=\"aioseo-breadcrumb\">\n\t<a href=\"https:\/\/candas365.es\/noticias\" title=\"Home\">Home<\/a>\n<\/span><span class=\"aioseo-breadcrumb-separator\">&ndash;<\/span><span class=\"aioseo-breadcrumb\">\n\t<a href=\"https:\/\/candas365.es\/noticias\/category\/asturias\/\" title=\"Asturias\">Asturias<\/a>\n<\/span><span class=\"aioseo-breadcrumb-separator\">&ndash;<\/span><span class=\"aioseo-breadcrumb\">\n\tAgroganader\u00eda conf\u00eda en el futuro de las explotaciones por su alta profesionalizaci\u00f3n y calidad gen\u00e9tica\n<\/span><\/div>","aioseo_breadcrumb_json":[{"label":"Home","link":"https:\/\/candas365.es\/noticias"},{"label":"Asturias","link":"https:\/\/candas365.es\/noticias\/category\/asturias\/"},{"label":"Agroganader\u00eda conf\u00eda en el futuro de las explotaciones por su alta profesionalizaci\u00f3n y calidad gen\u00e9tica","link":"https:\/\/candas365.es\/noticias\/agroganaderia-confia-en-el-futuro-de-las-explotaciones-por-su-alta-profesionalizacion-y-calidad-genetica\/"}],"_links":{"self":[{"href":"https:\/\/candas365.es\/noticias\/wp-json\/wp\/v2\/posts\/9530","targetHints":{"allow":["GET"]}}],"collection":[{"href":"https:\/\/candas365.es\/noticias\/wp-json\/wp\/v2\/posts"}],"about":[{"href":"https:\/\/candas365.es\/noticias\/wp-json\/wp\/v2\/types\/post"}],"author":[{"embeddable":true,"href":"https:\/\/candas365.es\/noticias\/wp-json\/wp\/v2\/users\/1"}],"replies":[{"embeddable":true,"href":"https:\/\/candas365.es\/noticias\/wp-json\/wp\/v2\/comments?post=9530"}],"version-history":[{"count":0,"href":"https:\/\/candas365.es\/noticias\/wp-json\/wp\/v2\/posts\/9530\/revisions"}],"wp:featuredmedia":[{"embeddable":true,"href":"https:\/\/candas365.es\/noticias\/wp-json\/wp\/v2\/media\/4695"}],"wp:attachment":[{"href":"https:\/\/candas365.es\/noticias\/wp-json\/wp\/v2\/media?parent=9530"}],"wp:term":[{"taxonomy":"category","embeddable":true,"href":"https:\/\/candas365.es\/noticias\/wp-json\/wp\/v2\/categories?post=9530"},{"taxonomy":"post_tag","embeddable":true,"href":"https:\/\/candas365.es\/noticias\/wp-json\/wp\/v2\/tags?post=9530"}],"curies":[{"name":"wp","href":"https:\/\/api.w.org\/{rel}","templated":true}]}}