{"id":95255,"date":"2018-05-04T19:33:46","date_gmt":"2018-05-04T19:33:46","guid":{"rendered":"http:\/\/candas365.es\/noticias\/?p=95255"},"modified":"2018-05-04T19:33:46","modified_gmt":"2018-05-04T19:33:46","slug":"mujeres-con-tiempo-propio-en-san-martin-del-rey-aurelio","status":"publish","type":"post","link":"https:\/\/candas365.es\/noticias\/mujeres-con-tiempo-propio-en-san-martin-del-rey-aurelio\/","title":{"rendered":"Mujeres con Tiempo Propio en San Mart\u00edn del Rey Aurelio"},"content":{"rendered":"<p><img fetchpriority=\"high\" decoding=\"async\" class=\"alignleft size-medium wp-image-95257\" src=\"https:\/\/candas365.es\/noticias\/wp-content\/uploads\/2018\/05\/nota-candas365-04051801-360x208.jpg\" alt=\"\" width=\"360\" height=\"208\" srcset=\"https:\/\/candas365.es\/noticias\/wp-content\/uploads\/2018\/05\/nota-candas365-04051801-360x208.jpg 360w, https:\/\/candas365.es\/noticias\/wp-content\/uploads\/2018\/05\/nota-candas365-04051801-655x378.jpg 655w, https:\/\/candas365.es\/noticias\/wp-content\/uploads\/2018\/05\/nota-candas365-04051801.jpg 686w\" sizes=\"(max-width: 360px) 100vw, 360px\" \/>La delegaci\u00f3n carre\u00f1ense de la asociaci\u00f3n regional <strong>Mujeres con Tiempo Propio<\/strong>, que preside Mariv\u00ed Alonso de Piedeloro, particip\u00f3 en la ma\u00f1ana de hoy en el encuentro regional.<\/p>\n<p>Hasta la cuenca minera se desplazaron las de Carre\u00f1o para participar, con otras 12 delegaciones del programa en Asturias, en los actos programados.<\/p>\n<p>La recepci\u00f3n oficial en la que particip\u00f3 la Alcaldesa de Carre\u00f1o se celebr\u00f3 en el Teatro de El Entrego donde se guard\u00f3 un minuto de silencio en recuerdo de las socias fallecidas, as\u00ed como en el de las 13 mujeres fallecidas v\u00edctimas de la violencia de g\u00e9nero en lo que va de este a\u00f1o.<\/p>\n<p>Seguidamente visita cultural por la zona y al Pozo Sot\u00f3n para terminar la velada con un comida de hermandad.<\/p>\n","protected":false},"excerpt":{"rendered":"<p>La delegaci\u00f3n carre\u00f1ense de la asociaci\u00f3n regional Mujeres con Tiempo Propio, que preside Mariv\u00ed Alonso de Piedeloro, particip\u00f3 en la ma\u00f1ana de hoy en el encuentro regional. Hasta la cuenca minera se desplazaron las de Carre\u00f1o para participar, con otras 12 delegaciones del programa en Asturias, en los actos programados. La recepci\u00f3n oficial en la<\/p>\n","protected":false},"author":1,"featured_media":95257,"comment_status":"closed","ping_status":"closed","sticky":false,"template":"","format":"standard","meta":{"footnotes":""},"categories":[2],"tags":[],"class_list":{"0":"post-95255","1":"post","2":"type-post","3":"status-publish","4":"format-standard","5":"has-post-thumbnail","7":"category-noticias-carreno"},"aioseo_notices":[],"aioseo_head":"\n\t\t<!-- All in One SEO Pro 4.9.6.2 - aioseo.com -->\n\t<meta name=\"description\" content=\"La delegaci\u00f3n carre\u00f1ense de la asociaci\u00f3n regional Mujeres con Tiempo Propio, que preside Mariv\u00ed Alonso de Piedeloro, particip\u00f3 en la ma\u00f1ana de hoy en el encuentro regional. Hasta la cuenca minera se desplazaron las de Carre\u00f1o para participar, con otras 12 delegaciones del programa en Asturias, en los actos programados. La recepci\u00f3n oficial en la\" \/>\n\t<meta name=\"robots\" content=\"max-image-preview:large\" \/>\n\t<meta name=\"author\" content=\"Cand\u00e1s 365\"\/>\n\t<meta name=\"google-site-verification\" content=\"UA-32230408-1\" \/>\n\t<meta name=\"msvalidate.01\" content=\"354F3CDFB2DA171B47FBE9ABF1F88D5\" \/>\n\t<meta name=\"keywords\" content=\"noticias carre\u00f1o\" \/>\n\t<link rel=\"canonical\" href=\"https:\/\/candas365.es\/noticias\/mujeres-con-tiempo-propio-en-san-martin-del-rey-aurelio\/\" \/>\n\t<meta name=\"generator\" content=\"All in One SEO Pro (AIOSEO) 4.9.6.2\" \/>\n\t\t<meta property=\"og:locale\" content=\"es_ES\" \/>\n\t\t<meta property=\"og:site_name\" content=\"Cand\u00e1s 365\" \/>\n\t\t<meta property=\"og:type\" content=\"article\" \/>\n\t\t<meta property=\"og:title\" content=\"Mujeres con Tiempo Propio en San Mart\u00edn del Rey Aurelio | Cand\u00e1s 365\" \/>\n\t\t<meta property=\"og:description\" content=\"La delegaci\u00f3n carre\u00f1ense de la asociaci\u00f3n regional Mujeres con Tiempo Propio, que preside Mariv\u00ed Alonso de Piedeloro, particip\u00f3 en la ma\u00f1ana de hoy en el encuentro regional. Hasta la cuenca minera se desplazaron las de Carre\u00f1o para participar, con otras 12 delegaciones del programa en Asturias, en los actos programados. La recepci\u00f3n oficial en la\" \/>\n\t\t<meta property=\"og:url\" content=\"https:\/\/candas365.es\/noticias\/mujeres-con-tiempo-propio-en-san-martin-del-rey-aurelio\/\" \/>\n\t\t<meta property=\"og:image\" content=\"https:\/\/candas365.es\/noticias\/wp-content\/uploads\/2018\/05\/nota-candas365-04051801.jpg\" \/>\n\t\t<meta property=\"og:image:secure_url\" content=\"https:\/\/candas365.es\/noticias\/wp-content\/uploads\/2018\/05\/nota-candas365-04051801.jpg\" \/>\n\t\t<meta property=\"og:image:width\" content=\"686\" \/>\n\t\t<meta property=\"og:image:height\" content=\"396\" \/>\n\t\t<meta property=\"article:published_time\" content=\"2018-05-04T19:33:46+00:00\" \/>\n\t\t<meta property=\"article:modified_time\" content=\"2018-05-04T19:33:46+00:00\" \/>\n\t\t<meta property=\"article:publisher\" content=\"https:\/\/www.facebook.com\/Nachofdezber\" \/>\n\t\t<meta property=\"article:author\" content=\"https:\/\/www.facebook.com\/carrenoactualidad\" \/>\n\t\t<meta name=\"twitter:card\" content=\"summary_large_image\" \/>\n\t\t<meta name=\"twitter:site\" content=\"@NabercoDigital\" \/>\n\t\t<meta name=\"twitter:title\" content=\"Mujeres con Tiempo Propio en San Mart\u00edn del Rey Aurelio | Cand\u00e1s 365\" \/>\n\t\t<meta name=\"twitter:description\" content=\"La delegaci\u00f3n carre\u00f1ense de la asociaci\u00f3n regional Mujeres con Tiempo Propio, que preside Mariv\u00ed Alonso de Piedeloro, particip\u00f3 en la ma\u00f1ana de hoy en el encuentro regional. Hasta la cuenca minera se desplazaron las de Carre\u00f1o para participar, con otras 12 delegaciones del programa en Asturias, en los actos programados. La recepci\u00f3n oficial en la\" \/>\n\t\t<meta name=\"twitter:creator\" content=\"@nbasturias\" \/>\n\t\t<meta name=\"twitter:image\" content=\"https:\/\/candas365.es\/noticias\/wp-content\/uploads\/2018\/05\/nota-candas365-04051801.jpg\" \/>\n\t\t<meta name=\"twitter:label1\" content=\"Escrito por\" \/>\n\t\t<meta name=\"twitter:data1\" content=\"Cand\u00e1s 365\" \/>\n\t\t<meta name=\"twitter:label2\" content=\"Tiempo de lectura estimado\" \/>\n\t\t<meta name=\"twitter:data2\" content=\"1 minuto\" \/>\n\t\t<script type=\"application\/ld+json\" class=\"aioseo-schema\">\n\t\t\t{\"@context\":\"https:\\\/\\\/schema.org\",\"@graph\":[{\"@type\":\"BreadcrumbList\",\"@id\":\"https:\\\/\\\/candas365.es\\\/noticias\\\/mujeres-con-tiempo-propio-en-san-martin-del-rey-aurelio\\\/#breadcrumblist\",\"itemListElement\":[{\"@type\":\"ListItem\",\"@id\":\"https:\\\/\\\/candas365.es\\\/noticias#listItem\",\"position\":1,\"name\":\"Home\",\"item\":\"https:\\\/\\\/candas365.es\\\/noticias\",\"nextItem\":{\"@type\":\"ListItem\",\"@id\":\"https:\\\/\\\/candas365.es\\\/noticias\\\/category\\\/noticias-carreno\\\/#listItem\",\"name\":\"Noticias Carre\\u00f1o\"}},{\"@type\":\"ListItem\",\"@id\":\"https:\\\/\\\/candas365.es\\\/noticias\\\/category\\\/noticias-carreno\\\/#listItem\",\"position\":2,\"name\":\"Noticias Carre\\u00f1o\",\"item\":\"https:\\\/\\\/candas365.es\\\/noticias\\\/category\\\/noticias-carreno\\\/\",\"nextItem\":{\"@type\":\"ListItem\",\"@id\":\"https:\\\/\\\/candas365.es\\\/noticias\\\/mujeres-con-tiempo-propio-en-san-martin-del-rey-aurelio\\\/#listItem\",\"name\":\"Mujeres con Tiempo Propio en San Mart\\u00edn del Rey Aurelio\"},\"previousItem\":{\"@type\":\"ListItem\",\"@id\":\"https:\\\/\\\/candas365.es\\\/noticias#listItem\",\"name\":\"Home\"}},{\"@type\":\"ListItem\",\"@id\":\"https:\\\/\\\/candas365.es\\\/noticias\\\/mujeres-con-tiempo-propio-en-san-martin-del-rey-aurelio\\\/#listItem\",\"position\":3,\"name\":\"Mujeres con Tiempo Propio en San Mart\\u00edn del Rey Aurelio\",\"previousItem\":{\"@type\":\"ListItem\",\"@id\":\"https:\\\/\\\/candas365.es\\\/noticias\\\/category\\\/noticias-carreno\\\/#listItem\",\"name\":\"Noticias Carre\\u00f1o\"}}]},{\"@type\":\"NewsArticle\",\"@id\":\"https:\\\/\\\/candas365.es\\\/noticias\\\/mujeres-con-tiempo-propio-en-san-martin-del-rey-aurelio\\\/#newsarticle\",\"name\":\"Mujeres con Tiempo Propio en San Mart\\u00edn del Rey Aurelio | Cand\\u00e1s 365\",\"headline\":\"Mujeres con Tiempo Propio en San Mart\\u00edn del Rey Aurelio\",\"author\":{\"@id\":\"https:\\\/\\\/candas365.es\\\/noticias\\\/author\\\/admin\\\/#author\"},\"publisher\":{\"@id\":\"https:\\\/\\\/candas365.es\\\/noticias\\\/#organization\"},\"image\":{\"@type\":\"ImageObject\",\"url\":\"https:\\\/\\\/candas365.es\\\/noticias\\\/wp-content\\\/uploads\\\/2018\\\/05\\\/nota-candas365-04051801.jpg\",\"width\":686,\"height\":396},\"datePublished\":\"2018-05-04T19:33:46+02:00\",\"dateModified\":\"2018-05-04T19:33:46+02:00\",\"inLanguage\":\"es-ES\",\"mainEntityOfPage\":{\"@id\":\"https:\\\/\\\/candas365.es\\\/noticias\\\/mujeres-con-tiempo-propio-en-san-martin-del-rey-aurelio\\\/#webpage\"},\"isPartOf\":{\"@id\":\"https:\\\/\\\/candas365.es\\\/noticias\\\/mujeres-con-tiempo-propio-en-san-martin-del-rey-aurelio\\\/#webpage\"},\"articleSection\":\"Noticias Carre\\u00f1o\",\"dateline\":\"Publicado el mayo 4, 2018.\"},{\"@type\":\"Organization\",\"@id\":\"https:\\\/\\\/candas365.es\\\/noticias\\\/#organization\",\"name\":\"Cand\\u00e1s 365\",\"description\":\"Cand\\u00e1s 365 es un diario digital independiente, fundado en 2012, con base en Asturias. Informamos con rigor sobre actualidad, sociedad, cultura y ocio, con una mirada local y global.\",\"url\":\"https:\\\/\\\/candas365.es\\\/noticias\\\/\",\"email\":\"info@candas365.es\",\"telephone\":\"+34652131393\",\"foundingDate\":\"2012-06-10\",\"logo\":{\"@type\":\"ImageObject\",\"url\":\"https:\\\/\\\/candas365.es\\\/noticias\\\/wp-content\\\/uploads\\\/2024\\\/09\\\/Candas-365-Redes.jpg\",\"@id\":\"https:\\\/\\\/candas365.es\\\/noticias\\\/mujeres-con-tiempo-propio-en-san-martin-del-rey-aurelio\\\/#organizationLogo\",\"width\":1152,\"height\":864,\"caption\":\"Cand\\u00e1s 365 Redes\"},\"image\":{\"@id\":\"https:\\\/\\\/candas365.es\\\/noticias\\\/mujeres-con-tiempo-propio-en-san-martin-del-rey-aurelio\\\/#organizationLogo\"},\"sameAs\":[\"https:\\\/\\\/www.facebook.com\\\/Nachofdezber\",\"https:\\\/\\\/x.com\\\/NabercoDigital\",\"https:\\\/\\\/www.instagram.com\\\/nachofdezber\\\/\",\"https:\\\/\\\/www.youtube.com\\\/channel\\\/UCZP-2wLEB9Rv6erhFmqVnvg\"],\"address\":{\"@id\":\"https:\\\/\\\/candas365.es\\\/noticias\\\/#postaladdress\",\"@type\":\"PostalAddress\",\"streetAddress\":\"san antonio 4, san antonio 4\",\"postalCode\":\"33430\",\"addressLocality\":\"Cand\\u00e1s\",\"addressRegion\":\"Asturias\",\"addressCountry\":\"ES\"}},{\"@type\":\"Person\",\"@id\":\"https:\\\/\\\/candas365.es\\\/noticias\\\/author\\\/admin\\\/#author\",\"url\":\"https:\\\/\\\/candas365.es\\\/noticias\\\/author\\\/admin\\\/\",\"name\":\"Cand\\u00e1s 365\",\"image\":{\"@type\":\"ImageObject\",\"@id\":\"https:\\\/\\\/candas365.es\\\/noticias\\\/mujeres-con-tiempo-propio-en-san-martin-del-rey-aurelio\\\/#authorImage\",\"url\":\"https:\\\/\\\/secure.gravatar.com\\\/avatar\\\/496a8e03d0c493ede1718b7934145dbdf8d89be1036b0eec9544e1094c9de390?s=96&d=mm&r=g\",\"width\":96,\"height\":96,\"caption\":\"Cand\\u00e1s 365\"},\"sameAs\":[\"https:\\\/\\\/www.facebook.com\\\/carrenoactualidad\",\"https:\\\/\\\/twitter.com\\\/nbasturias\",\"https:\\\/\\\/www.instagram.com\\\/nachofdezber\\\/\",\"https:\\\/\\\/www.youtube.com\\\/channel\\\/UCZP-2wLEB9Rv6erhFmqVnvg\"]},{\"@type\":\"WebPage\",\"@id\":\"https:\\\/\\\/candas365.es\\\/noticias\\\/mujeres-con-tiempo-propio-en-san-martin-del-rey-aurelio\\\/#webpage\",\"url\":\"https:\\\/\\\/candas365.es\\\/noticias\\\/mujeres-con-tiempo-propio-en-san-martin-del-rey-aurelio\\\/\",\"name\":\"Mujeres con Tiempo Propio en San Mart\\u00edn del Rey Aurelio | Cand\\u00e1s 365\",\"description\":\"La delegaci\\u00f3n carre\\u00f1ense de la asociaci\\u00f3n regional Mujeres con Tiempo Propio, que preside Mariv\\u00ed Alonso de Piedeloro, particip\\u00f3 en la ma\\u00f1ana de hoy en el encuentro regional. Hasta la cuenca minera se desplazaron las de Carre\\u00f1o para participar, con otras 12 delegaciones del programa en Asturias, en los actos programados. La recepci\\u00f3n oficial en la\",\"inLanguage\":\"es-ES\",\"isPartOf\":{\"@id\":\"https:\\\/\\\/candas365.es\\\/noticias\\\/#website\"},\"breadcrumb\":{\"@id\":\"https:\\\/\\\/candas365.es\\\/noticias\\\/mujeres-con-tiempo-propio-en-san-martin-del-rey-aurelio\\\/#breadcrumblist\"},\"author\":{\"@id\":\"https:\\\/\\\/candas365.es\\\/noticias\\\/author\\\/admin\\\/#author\"},\"creator\":{\"@id\":\"https:\\\/\\\/candas365.es\\\/noticias\\\/author\\\/admin\\\/#author\"},\"image\":{\"@type\":\"ImageObject\",\"url\":\"https:\\\/\\\/candas365.es\\\/noticias\\\/wp-content\\\/uploads\\\/2018\\\/05\\\/nota-candas365-04051801.jpg\",\"@id\":\"https:\\\/\\\/candas365.es\\\/noticias\\\/mujeres-con-tiempo-propio-en-san-martin-del-rey-aurelio\\\/#mainImage\",\"width\":686,\"height\":396},\"primaryImageOfPage\":{\"@id\":\"https:\\\/\\\/candas365.es\\\/noticias\\\/mujeres-con-tiempo-propio-en-san-martin-del-rey-aurelio\\\/#mainImage\"},\"datePublished\":\"2018-05-04T19:33:46+02:00\",\"dateModified\":\"2018-05-04T19:33:46+02:00\"},{\"@type\":\"WebSite\",\"@id\":\"https:\\\/\\\/candas365.es\\\/noticias\\\/#website\",\"url\":\"https:\\\/\\\/candas365.es\\\/noticias\\\/\",\"name\":\"Cand\\u00e1s 365\",\"alternateName\":\"Cand\\u00e1s 365 Noticias\",\"description\":\"Actualidad desde Carre\\u00f1o para el mundo\",\"inLanguage\":\"es-ES\",\"publisher\":{\"@id\":\"https:\\\/\\\/candas365.es\\\/noticias\\\/#organization\"}}]}\n\t\t<\/script>\n\t\t<!-- All in One SEO Pro -->\r\n\t\t<title>Mujeres con Tiempo Propio en San Mart\u00edn del Rey Aurelio | Cand\u00e1s 365<\/title>\n\n","aioseo_head_json":{"title":"Mujeres con Tiempo Propio en San Mart\u00edn del Rey Aurelio | Cand\u00e1s 365","description":"La delegaci\u00f3n carre\u00f1ense de la asociaci\u00f3n regional Mujeres con Tiempo Propio, que preside Mariv\u00ed Alonso de Piedeloro, particip\u00f3 en la ma\u00f1ana de hoy en el encuentro regional. Hasta la cuenca minera se desplazaron las de Carre\u00f1o para participar, con otras 12 delegaciones del programa en Asturias, en los actos programados. La recepci\u00f3n oficial en la","canonical_url":"https:\/\/candas365.es\/noticias\/mujeres-con-tiempo-propio-en-san-martin-del-rey-aurelio\/","robots":"max-image-preview:large","keywords":"noticias carre\u00f1o","webmasterTools":{"google-site-verification":"UA-32230408-1","msvalidate.01":"354F3CDFB2DA171B47FBE9ABF1F88D5","miscellaneous":""},"schema":{"@context":"https:\/\/schema.org","@graph":[{"@type":"BreadcrumbList","@id":"https:\/\/candas365.es\/noticias\/mujeres-con-tiempo-propio-en-san-martin-del-rey-aurelio\/#breadcrumblist","itemListElement":[{"@type":"ListItem","@id":"https:\/\/candas365.es\/noticias#listItem","position":1,"name":"Home","item":"https:\/\/candas365.es\/noticias","nextItem":{"@type":"ListItem","@id":"https:\/\/candas365.es\/noticias\/category\/noticias-carreno\/#listItem","name":"Noticias Carre\u00f1o"}},{"@type":"ListItem","@id":"https:\/\/candas365.es\/noticias\/category\/noticias-carreno\/#listItem","position":2,"name":"Noticias Carre\u00f1o","item":"https:\/\/candas365.es\/noticias\/category\/noticias-carreno\/","nextItem":{"@type":"ListItem","@id":"https:\/\/candas365.es\/noticias\/mujeres-con-tiempo-propio-en-san-martin-del-rey-aurelio\/#listItem","name":"Mujeres con Tiempo Propio en San Mart\u00edn del Rey Aurelio"},"previousItem":{"@type":"ListItem","@id":"https:\/\/candas365.es\/noticias#listItem","name":"Home"}},{"@type":"ListItem","@id":"https:\/\/candas365.es\/noticias\/mujeres-con-tiempo-propio-en-san-martin-del-rey-aurelio\/#listItem","position":3,"name":"Mujeres con Tiempo Propio en San Mart\u00edn del Rey Aurelio","previousItem":{"@type":"ListItem","@id":"https:\/\/candas365.es\/noticias\/category\/noticias-carreno\/#listItem","name":"Noticias Carre\u00f1o"}}]},{"@type":"NewsArticle","@id":"https:\/\/candas365.es\/noticias\/mujeres-con-tiempo-propio-en-san-martin-del-rey-aurelio\/#newsarticle","name":"Mujeres con Tiempo Propio en San Mart\u00edn del Rey Aurelio | Cand\u00e1s 365","headline":"Mujeres con Tiempo Propio en San Mart\u00edn del Rey Aurelio","author":{"@id":"https:\/\/candas365.es\/noticias\/author\/admin\/#author"},"publisher":{"@id":"https:\/\/candas365.es\/noticias\/#organization"},"image":{"@type":"ImageObject","url":"https:\/\/candas365.es\/noticias\/wp-content\/uploads\/2018\/05\/nota-candas365-04051801.jpg","width":686,"height":396},"datePublished":"2018-05-04T19:33:46+02:00","dateModified":"2018-05-04T19:33:46+02:00","inLanguage":"es-ES","mainEntityOfPage":{"@id":"https:\/\/candas365.es\/noticias\/mujeres-con-tiempo-propio-en-san-martin-del-rey-aurelio\/#webpage"},"isPartOf":{"@id":"https:\/\/candas365.es\/noticias\/mujeres-con-tiempo-propio-en-san-martin-del-rey-aurelio\/#webpage"},"articleSection":"Noticias Carre\u00f1o","dateline":"Publicado el mayo 4, 2018."},{"@type":"Organization","@id":"https:\/\/candas365.es\/noticias\/#organization","name":"Cand\u00e1s 365","description":"Cand\u00e1s 365 es un diario digital independiente, fundado en 2012, con base en Asturias. Informamos con rigor sobre actualidad, sociedad, cultura y ocio, con una mirada local y global.","url":"https:\/\/candas365.es\/noticias\/","email":"info@candas365.es","telephone":"+34652131393","foundingDate":"2012-06-10","logo":{"@type":"ImageObject","url":"https:\/\/candas365.es\/noticias\/wp-content\/uploads\/2024\/09\/Candas-365-Redes.jpg","@id":"https:\/\/candas365.es\/noticias\/mujeres-con-tiempo-propio-en-san-martin-del-rey-aurelio\/#organizationLogo","width":1152,"height":864,"caption":"Cand\u00e1s 365 Redes"},"image":{"@id":"https:\/\/candas365.es\/noticias\/mujeres-con-tiempo-propio-en-san-martin-del-rey-aurelio\/#organizationLogo"},"sameAs":["https:\/\/www.facebook.com\/Nachofdezber","https:\/\/x.com\/NabercoDigital","https:\/\/www.instagram.com\/nachofdezber\/","https:\/\/www.youtube.com\/channel\/UCZP-2wLEB9Rv6erhFmqVnvg"],"address":{"@id":"https:\/\/candas365.es\/noticias\/#postaladdress","@type":"PostalAddress","streetAddress":"san antonio 4, san antonio 4","postalCode":"33430","addressLocality":"Cand\u00e1s","addressRegion":"Asturias","addressCountry":"ES"}},{"@type":"Person","@id":"https:\/\/candas365.es\/noticias\/author\/admin\/#author","url":"https:\/\/candas365.es\/noticias\/author\/admin\/","name":"Cand\u00e1s 365","image":{"@type":"ImageObject","@id":"https:\/\/candas365.es\/noticias\/mujeres-con-tiempo-propio-en-san-martin-del-rey-aurelio\/#authorImage","url":"https:\/\/secure.gravatar.com\/avatar\/496a8e03d0c493ede1718b7934145dbdf8d89be1036b0eec9544e1094c9de390?s=96&d=mm&r=g","width":96,"height":96,"caption":"Cand\u00e1s 365"},"sameAs":["https:\/\/www.facebook.com\/carrenoactualidad","https:\/\/twitter.com\/nbasturias","https:\/\/www.instagram.com\/nachofdezber\/","https:\/\/www.youtube.com\/channel\/UCZP-2wLEB9Rv6erhFmqVnvg"]},{"@type":"WebPage","@id":"https:\/\/candas365.es\/noticias\/mujeres-con-tiempo-propio-en-san-martin-del-rey-aurelio\/#webpage","url":"https:\/\/candas365.es\/noticias\/mujeres-con-tiempo-propio-en-san-martin-del-rey-aurelio\/","name":"Mujeres con Tiempo Propio en San Mart\u00edn del Rey Aurelio | Cand\u00e1s 365","description":"La delegaci\u00f3n carre\u00f1ense de la asociaci\u00f3n regional Mujeres con Tiempo Propio, que preside Mariv\u00ed Alonso de Piedeloro, particip\u00f3 en la ma\u00f1ana de hoy en el encuentro regional. Hasta la cuenca minera se desplazaron las de Carre\u00f1o para participar, con otras 12 delegaciones del programa en Asturias, en los actos programados. La recepci\u00f3n oficial en la","inLanguage":"es-ES","isPartOf":{"@id":"https:\/\/candas365.es\/noticias\/#website"},"breadcrumb":{"@id":"https:\/\/candas365.es\/noticias\/mujeres-con-tiempo-propio-en-san-martin-del-rey-aurelio\/#breadcrumblist"},"author":{"@id":"https:\/\/candas365.es\/noticias\/author\/admin\/#author"},"creator":{"@id":"https:\/\/candas365.es\/noticias\/author\/admin\/#author"},"image":{"@type":"ImageObject","url":"https:\/\/candas365.es\/noticias\/wp-content\/uploads\/2018\/05\/nota-candas365-04051801.jpg","@id":"https:\/\/candas365.es\/noticias\/mujeres-con-tiempo-propio-en-san-martin-del-rey-aurelio\/#mainImage","width":686,"height":396},"primaryImageOfPage":{"@id":"https:\/\/candas365.es\/noticias\/mujeres-con-tiempo-propio-en-san-martin-del-rey-aurelio\/#mainImage"},"datePublished":"2018-05-04T19:33:46+02:00","dateModified":"2018-05-04T19:33:46+02:00"},{"@type":"WebSite","@id":"https:\/\/candas365.es\/noticias\/#website","url":"https:\/\/candas365.es\/noticias\/","name":"Cand\u00e1s 365","alternateName":"Cand\u00e1s 365 Noticias","description":"Actualidad desde Carre\u00f1o para el mundo","inLanguage":"es-ES","publisher":{"@id":"https:\/\/candas365.es\/noticias\/#organization"}}]},"og:locale":"es_ES","og:site_name":"Cand\u00e1s 365","og:type":"article","og:title":"Mujeres con Tiempo Propio en San Mart\u00edn del Rey Aurelio | Cand\u00e1s 365","og:description":"La delegaci\u00f3n carre\u00f1ense de la asociaci\u00f3n regional Mujeres con Tiempo Propio, que preside Mariv\u00ed Alonso de Piedeloro, particip\u00f3 en la ma\u00f1ana de hoy en el encuentro regional. Hasta la cuenca minera se desplazaron las de Carre\u00f1o para participar, con otras 12 delegaciones del programa en Asturias, en los actos programados. La recepci\u00f3n oficial en la","og:url":"https:\/\/candas365.es\/noticias\/mujeres-con-tiempo-propio-en-san-martin-del-rey-aurelio\/","og:image":"https:\/\/candas365.es\/noticias\/wp-content\/uploads\/2018\/05\/nota-candas365-04051801.jpg","og:image:secure_url":"https:\/\/candas365.es\/noticias\/wp-content\/uploads\/2018\/05\/nota-candas365-04051801.jpg","og:image:width":686,"og:image:height":396,"article:published_time":"2018-05-04T19:33:46+00:00","article:modified_time":"2018-05-04T19:33:46+00:00","article:publisher":"https:\/\/www.facebook.com\/Nachofdezber","article:author":"https:\/\/www.facebook.com\/carrenoactualidad","twitter:card":"summary_large_image","twitter:site":"@NabercoDigital","twitter:title":"Mujeres con Tiempo Propio en San Mart\u00edn del Rey Aurelio | Cand\u00e1s 365","twitter:description":"La delegaci\u00f3n carre\u00f1ense de la asociaci\u00f3n regional Mujeres con Tiempo Propio, que preside Mariv\u00ed Alonso de Piedeloro, particip\u00f3 en la ma\u00f1ana de hoy en el encuentro regional. Hasta la cuenca minera se desplazaron las de Carre\u00f1o para participar, con otras 12 delegaciones del programa en Asturias, en los actos programados. La recepci\u00f3n oficial en la","twitter:creator":"@nbasturias","twitter:image":"https:\/\/candas365.es\/noticias\/wp-content\/uploads\/2018\/05\/nota-candas365-04051801.jpg","twitter:label1":"Escrito por","twitter:data1":"Cand\u00e1s 365","twitter:label2":"Tiempo de lectura estimado","twitter:data2":"1 minuto"},"aioseo_meta_data":{"post_id":"95255","title":null,"description":null,"keywords":null,"keyphrases":null,"primary_term":null,"canonical_url":null,"og_title":null,"og_description":null,"og_object_type":"default","og_image_type":"default","og_image_url":null,"og_image_width":null,"og_image_height":null,"og_image_custom_url":null,"og_image_custom_fields":null,"og_video":null,"og_custom_url":null,"og_article_section":null,"og_article_tags":null,"twitter_use_og":false,"twitter_card":"default","twitter_image_type":"default","twitter_image_url":null,"twitter_image_custom_url":null,"twitter_image_custom_fields":null,"twitter_title":null,"twitter_description":null,"schema":{"blockGraphs":[],"customGraphs":[],"default":{"data":{"Article":[],"Course":[],"Dataset":[],"FAQPage":[],"Movie":[],"Person":[],"Product":[],"ProductReview":[],"Car":[],"Recipe":[],"Service":[],"SoftwareApplication":[],"WebPage":[]},"graphName":"","isEnabled":true},"graphs":[],"defaultGraph":"","defaultPostTypeGraph":""},"schema_type":null,"schema_type_options":null,"pillar_content":false,"robots_default":true,"robots_noindex":false,"robots_noarchive":false,"robots_nosnippet":false,"robots_nofollow":false,"robots_noimageindex":false,"robots_noodp":false,"robots_notranslate":false,"robots_max_snippet":null,"robots_max_videopreview":null,"robots_max_imagepreview":"large","priority":null,"frequency":null,"location":null,"local_seo":null,"seo_analyzer_scan_date":"2025-08-26 20:15:11","breadcrumb_settings":null,"limit_modified_date":false,"reviewed_by":null,"open_ai":null,"ai":null,"created":"2020-12-21 11:39:13","updated":"2025-08-26 20:15:11"},"aioseo_breadcrumb":"<div class=\"aioseo-breadcrumbs\"><span class=\"aioseo-breadcrumb\">\n\t<a href=\"https:\/\/candas365.es\/noticias\" title=\"Home\">Home<\/a>\n<\/span><span class=\"aioseo-breadcrumb-separator\">&ndash;<\/span><span class=\"aioseo-breadcrumb\">\n\t<a href=\"https:\/\/candas365.es\/noticias\/category\/noticias-carreno\/\" title=\"Noticias Carre\u00f1o\">Noticias Carre\u00f1o<\/a>\n<\/span><span class=\"aioseo-breadcrumb-separator\">&ndash;<\/span><span class=\"aioseo-breadcrumb\">\n\tMujeres con Tiempo Propio en San Mart\u00edn del Rey Aurelio\n<\/span><\/div>","aioseo_breadcrumb_json":[{"label":"Home","link":"https:\/\/candas365.es\/noticias"},{"label":"Noticias Carre\u00f1o","link":"https:\/\/candas365.es\/noticias\/category\/noticias-carreno\/"},{"label":"Mujeres con Tiempo Propio en San Mart\u00edn del Rey Aurelio","link":"https:\/\/candas365.es\/noticias\/mujeres-con-tiempo-propio-en-san-martin-del-rey-aurelio\/"}],"_links":{"self":[{"href":"https:\/\/candas365.es\/noticias\/wp-json\/wp\/v2\/posts\/95255","targetHints":{"allow":["GET"]}}],"collection":[{"href":"https:\/\/candas365.es\/noticias\/wp-json\/wp\/v2\/posts"}],"about":[{"href":"https:\/\/candas365.es\/noticias\/wp-json\/wp\/v2\/types\/post"}],"author":[{"embeddable":true,"href":"https:\/\/candas365.es\/noticias\/wp-json\/wp\/v2\/users\/1"}],"replies":[{"embeddable":true,"href":"https:\/\/candas365.es\/noticias\/wp-json\/wp\/v2\/comments?post=95255"}],"version-history":[{"count":0,"href":"https:\/\/candas365.es\/noticias\/wp-json\/wp\/v2\/posts\/95255\/revisions"}],"wp:featuredmedia":[{"embeddable":true,"href":"https:\/\/candas365.es\/noticias\/wp-json\/wp\/v2\/media\/95257"}],"wp:attachment":[{"href":"https:\/\/candas365.es\/noticias\/wp-json\/wp\/v2\/media?parent=95255"}],"wp:term":[{"taxonomy":"category","embeddable":true,"href":"https:\/\/candas365.es\/noticias\/wp-json\/wp\/v2\/categories?post=95255"},{"taxonomy":"post_tag","embeddable":true,"href":"https:\/\/candas365.es\/noticias\/wp-json\/wp\/v2\/tags?post=95255"}],"curies":[{"name":"wp","href":"https:\/\/api.w.org\/{rel}","templated":true}]}}