{"id":9522,"date":"2015-04-01T02:23:44","date_gmt":"2015-04-01T04:23:44","guid":{"rendered":"http:\/\/candas365.es\/noticias\/?p=9522"},"modified":"2015-04-01T02:23:44","modified_gmt":"2015-04-01T04:23:44","slug":"el-juanfersa-pide-el-apoyo-de-la-aficion-para-meterse-en-la-final-four-de-la-copa","status":"publish","type":"post","link":"https:\/\/candas365.es\/noticias\/el-juanfersa-pide-el-apoyo-de-la-aficion-para-meterse-en-la-final-four-de-la-copa\/","title":{"rendered":"El Juanfersa pide el apoyo de la afici\u00f3n para meterse en la Final Four de la Copa"},"content":{"rendered":"<p><img fetchpriority=\"high\" decoding=\"async\" class=\"alignleft size-medium wp-image-9523\" src=\"https:\/\/candas365.es\/noticias\/wp-content\/uploads\/2015\/04\/juanfersa2-360x199.jpg\" alt=\"juanfersa2\" width=\"360\" height=\"199\" srcset=\"https:\/\/candas365.es\/noticias\/wp-content\/uploads\/2015\/04\/juanfersa2-360x199.jpg 360w, https:\/\/candas365.es\/noticias\/wp-content\/uploads\/2015\/04\/juanfersa2-650x360.jpg 650w, https:\/\/candas365.es\/noticias\/wp-content\/uploads\/2015\/04\/juanfersa2-150x83.jpg 150w, https:\/\/candas365.es\/noticias\/wp-content\/uploads\/2015\/04\/juanfersa2-450x249.jpg 450w, https:\/\/candas365.es\/noticias\/wp-content\/uploads\/2015\/04\/juanfersa2-655x363.jpg 655w, https:\/\/candas365.es\/noticias\/wp-content\/uploads\/2015\/04\/juanfersa2.jpg 672w\" sizes=\"(max-width: 360px) 100vw, 360px\" \/>Una oportunidad \u00fanica para el Juanfersa Gij\u00f3n. Despu\u00e9s de una irregular trayectoria en la competici\u00f3n liguera, todas las miradas est\u00e1n puestas en el partido de ma\u00f1ana de la Copa del Rey, donde el conjunto de Alberto Su\u00e1rez s\u00f3lo tiene que remontar un tanto del partido de ida en Huesca para meterse en la \u2018Final Four\u2019. La cita ser\u00e1 en el Palacio de Deportes de la Gu\u00eda a partir de las 20.30 horas.<\/p>\n<p>En manos de los jugadores gijoneses est\u00e1 la posibilidad de hacer historia, ya que ser\u00eda la primera vez que un conjunto de la regi\u00f3n se cuela entre los cuatro mejores en la Copa. Por eso el presidente, Juan de \u00c1lvaro; el t\u00e9cnico, Alberto Su\u00e1rez, y el resto de la plantilla reclamaron el apoyo de la afici\u00f3n para acercarse un poco m\u00e1s hacia el sue\u00f1o de la Copa del Rey. De \u00c1lvaro sabe que no les fallar\u00e1n, ya que lograron reunir a 3.000 personas ante el Zamora y el choque de ma\u00f1ana se presenta como decisivo.<\/p>\n<p>El entrenador espera que la afici\u00f3n gijonesa se encargue de \u201cmeter ese gol que nos lleve a la final four\u201d.<\/p>\n","protected":false},"excerpt":{"rendered":"<p>Una oportunidad \u00fanica para el Juanfersa Gij\u00f3n. Despu\u00e9s de una irregular trayectoria en la competici\u00f3n liguera, todas las miradas est\u00e1n puestas en el partido de ma\u00f1ana de la Copa del Rey, donde el conjunto de Alberto Su\u00e1rez s\u00f3lo tiene que remontar un tanto del partido de ida en Huesca para meterse en la \u2018Final Four\u2019.<\/p>\n","protected":false},"author":1,"featured_media":9523,"comment_status":"open","ping_status":"closed","sticky":false,"template":"","format":"standard","meta":{"footnotes":""},"categories":[7],"tags":[],"class_list":{"0":"post-9522","1":"post","2":"type-post","3":"status-publish","4":"format-standard","5":"has-post-thumbnail","7":"category-asturias"},"aioseo_notices":[],"aioseo_head":"\n\t\t<!-- All in One SEO Pro 4.9.6.2 - aioseo.com -->\n\t<meta name=\"description\" content=\"Una oportunidad \u00fanica para el Juanfersa Gij\u00f3n. Despu\u00e9s de una irregular trayectoria en la competici\u00f3n liguera, todas las miradas est\u00e1n puestas en el partido de ma\u00f1ana de la Copa del Rey, donde el conjunto de Alberto Su\u00e1rez s\u00f3lo tiene que remontar un tanto del partido de ida en Huesca para meterse en la \u2018Final Four\u2019.\" \/>\n\t<meta name=\"robots\" content=\"max-image-preview:large\" \/>\n\t<meta name=\"author\" content=\"Cand\u00e1s 365\"\/>\n\t<meta name=\"google-site-verification\" content=\"UA-32230408-1\" \/>\n\t<meta name=\"msvalidate.01\" content=\"354F3CDFB2DA171B47FBE9ABF1F88D5\" \/>\n\t<meta name=\"keywords\" content=\"asturias\" \/>\n\t<link rel=\"canonical\" href=\"https:\/\/candas365.es\/noticias\/el-juanfersa-pide-el-apoyo-de-la-aficion-para-meterse-en-la-final-four-de-la-copa\/\" \/>\n\t<meta name=\"generator\" content=\"All in One SEO Pro (AIOSEO) 4.9.6.2\" \/>\n\t\t<meta property=\"og:locale\" content=\"es_ES\" \/>\n\t\t<meta property=\"og:site_name\" content=\"Cand\u00e1s 365\" \/>\n\t\t<meta property=\"og:type\" content=\"article\" \/>\n\t\t<meta property=\"og:title\" content=\"El Juanfersa pide el apoyo de la afici\u00f3n para meterse en la Final Four de la Copa | Cand\u00e1s 365\" \/>\n\t\t<meta property=\"og:description\" content=\"Una oportunidad \u00fanica para el Juanfersa Gij\u00f3n. Despu\u00e9s de una irregular trayectoria en la competici\u00f3n liguera, todas las miradas est\u00e1n puestas en el partido de ma\u00f1ana de la Copa del Rey, donde el conjunto de Alberto Su\u00e1rez s\u00f3lo tiene que remontar un tanto del partido de ida en Huesca para meterse en la \u2018Final Four\u2019.\" \/>\n\t\t<meta property=\"og:url\" content=\"https:\/\/candas365.es\/noticias\/el-juanfersa-pide-el-apoyo-de-la-aficion-para-meterse-en-la-final-four-de-la-copa\/\" \/>\n\t\t<meta property=\"og:image\" content=\"https:\/\/candas365.es\/noticias\/wp-content\/uploads\/2015\/04\/juanfersa2.jpg\" \/>\n\t\t<meta property=\"og:image:secure_url\" content=\"https:\/\/candas365.es\/noticias\/wp-content\/uploads\/2015\/04\/juanfersa2.jpg\" \/>\n\t\t<meta property=\"og:image:width\" content=\"672\" \/>\n\t\t<meta property=\"og:image:height\" content=\"372\" \/>\n\t\t<meta property=\"article:published_time\" content=\"2015-04-01T04:23:44+00:00\" \/>\n\t\t<meta property=\"article:modified_time\" content=\"2015-04-01T04:23:44+00:00\" \/>\n\t\t<meta property=\"article:publisher\" content=\"https:\/\/www.facebook.com\/Nachofdezber\" \/>\n\t\t<meta property=\"article:author\" content=\"https:\/\/www.facebook.com\/carrenoactualidad\" \/>\n\t\t<meta name=\"twitter:card\" content=\"summary_large_image\" \/>\n\t\t<meta name=\"twitter:site\" content=\"@NabercoDigital\" \/>\n\t\t<meta name=\"twitter:title\" content=\"El Juanfersa pide el apoyo de la afici\u00f3n para meterse en la Final Four de la Copa | Cand\u00e1s 365\" \/>\n\t\t<meta name=\"twitter:description\" content=\"Una oportunidad \u00fanica para el Juanfersa Gij\u00f3n. Despu\u00e9s de una irregular trayectoria en la competici\u00f3n liguera, todas las miradas est\u00e1n puestas en el partido de ma\u00f1ana de la Copa del Rey, donde el conjunto de Alberto Su\u00e1rez s\u00f3lo tiene que remontar un tanto del partido de ida en Huesca para meterse en la \u2018Final Four\u2019.\" \/>\n\t\t<meta name=\"twitter:creator\" content=\"@nbasturias\" \/>\n\t\t<meta name=\"twitter:image\" content=\"https:\/\/candas365.es\/noticias\/wp-content\/uploads\/2015\/04\/juanfersa2.jpg\" \/>\n\t\t<meta name=\"twitter:label1\" content=\"Escrito por\" \/>\n\t\t<meta name=\"twitter:data1\" content=\"Cand\u00e1s 365\" \/>\n\t\t<meta name=\"twitter:label2\" content=\"Tiempo de lectura estimado\" \/>\n\t\t<meta name=\"twitter:data2\" content=\"1 minuto\" \/>\n\t\t<script type=\"application\/ld+json\" class=\"aioseo-schema\">\n\t\t\t{\"@context\":\"https:\\\/\\\/schema.org\",\"@graph\":[{\"@type\":\"BreadcrumbList\",\"@id\":\"https:\\\/\\\/candas365.es\\\/noticias\\\/el-juanfersa-pide-el-apoyo-de-la-aficion-para-meterse-en-la-final-four-de-la-copa\\\/#breadcrumblist\",\"itemListElement\":[{\"@type\":\"ListItem\",\"@id\":\"https:\\\/\\\/candas365.es\\\/noticias#listItem\",\"position\":1,\"name\":\"Home\",\"item\":\"https:\\\/\\\/candas365.es\\\/noticias\",\"nextItem\":{\"@type\":\"ListItem\",\"@id\":\"https:\\\/\\\/candas365.es\\\/noticias\\\/category\\\/asturias\\\/#listItem\",\"name\":\"Asturias\"}},{\"@type\":\"ListItem\",\"@id\":\"https:\\\/\\\/candas365.es\\\/noticias\\\/category\\\/asturias\\\/#listItem\",\"position\":2,\"name\":\"Asturias\",\"item\":\"https:\\\/\\\/candas365.es\\\/noticias\\\/category\\\/asturias\\\/\",\"nextItem\":{\"@type\":\"ListItem\",\"@id\":\"https:\\\/\\\/candas365.es\\\/noticias\\\/el-juanfersa-pide-el-apoyo-de-la-aficion-para-meterse-en-la-final-four-de-la-copa\\\/#listItem\",\"name\":\"El Juanfersa pide el apoyo de la afici\\u00f3n para meterse en la Final Four de la Copa\"},\"previousItem\":{\"@type\":\"ListItem\",\"@id\":\"https:\\\/\\\/candas365.es\\\/noticias#listItem\",\"name\":\"Home\"}},{\"@type\":\"ListItem\",\"@id\":\"https:\\\/\\\/candas365.es\\\/noticias\\\/el-juanfersa-pide-el-apoyo-de-la-aficion-para-meterse-en-la-final-four-de-la-copa\\\/#listItem\",\"position\":3,\"name\":\"El Juanfersa pide el apoyo de la afici\\u00f3n para meterse en la Final Four de la Copa\",\"previousItem\":{\"@type\":\"ListItem\",\"@id\":\"https:\\\/\\\/candas365.es\\\/noticias\\\/category\\\/asturias\\\/#listItem\",\"name\":\"Asturias\"}}]},{\"@type\":\"NewsArticle\",\"@id\":\"https:\\\/\\\/candas365.es\\\/noticias\\\/el-juanfersa-pide-el-apoyo-de-la-aficion-para-meterse-en-la-final-four-de-la-copa\\\/#newsarticle\",\"name\":\"El Juanfersa pide el apoyo de la afici\\u00f3n para meterse en la Final Four de la Copa | Cand\\u00e1s 365\",\"headline\":\"El Juanfersa pide el apoyo de la afici\\u00f3n para meterse en la Final Four de la Copa\",\"author\":{\"@id\":\"https:\\\/\\\/candas365.es\\\/noticias\\\/author\\\/admin\\\/#author\"},\"publisher\":{\"@id\":\"https:\\\/\\\/candas365.es\\\/noticias\\\/#organization\"},\"image\":{\"@type\":\"ImageObject\",\"url\":\"https:\\\/\\\/candas365.es\\\/noticias\\\/wp-content\\\/uploads\\\/2015\\\/04\\\/juanfersa2.jpg\",\"width\":672,\"height\":372},\"datePublished\":\"2015-04-01T02:23:44+02:00\",\"dateModified\":\"2015-04-01T02:23:44+02:00\",\"inLanguage\":\"es-ES\",\"mainEntityOfPage\":{\"@id\":\"https:\\\/\\\/candas365.es\\\/noticias\\\/el-juanfersa-pide-el-apoyo-de-la-aficion-para-meterse-en-la-final-four-de-la-copa\\\/#webpage\"},\"isPartOf\":{\"@id\":\"https:\\\/\\\/candas365.es\\\/noticias\\\/el-juanfersa-pide-el-apoyo-de-la-aficion-para-meterse-en-la-final-four-de-la-copa\\\/#webpage\"},\"articleSection\":\"Asturias\",\"dateline\":\"Publicado el abril 1, 2015.\"},{\"@type\":\"Organization\",\"@id\":\"https:\\\/\\\/candas365.es\\\/noticias\\\/#organization\",\"name\":\"Cand\\u00e1s 365\",\"description\":\"Cand\\u00e1s 365 es un diario digital independiente, fundado en 2012, con base en Asturias. Informamos con rigor sobre actualidad, sociedad, cultura y ocio, con una mirada local y global.\",\"url\":\"https:\\\/\\\/candas365.es\\\/noticias\\\/\",\"email\":\"info@candas365.es\",\"telephone\":\"+34652131393\",\"foundingDate\":\"2012-06-10\",\"logo\":{\"@type\":\"ImageObject\",\"url\":\"https:\\\/\\\/candas365.es\\\/noticias\\\/wp-content\\\/uploads\\\/2024\\\/09\\\/Candas-365-Redes.jpg\",\"@id\":\"https:\\\/\\\/candas365.es\\\/noticias\\\/el-juanfersa-pide-el-apoyo-de-la-aficion-para-meterse-en-la-final-four-de-la-copa\\\/#organizationLogo\",\"width\":1152,\"height\":864,\"caption\":\"Cand\\u00e1s 365 Redes\"},\"image\":{\"@id\":\"https:\\\/\\\/candas365.es\\\/noticias\\\/el-juanfersa-pide-el-apoyo-de-la-aficion-para-meterse-en-la-final-four-de-la-copa\\\/#organizationLogo\"},\"sameAs\":[\"https:\\\/\\\/www.facebook.com\\\/Nachofdezber\",\"https:\\\/\\\/x.com\\\/NabercoDigital\",\"https:\\\/\\\/www.instagram.com\\\/nachofdezber\\\/\",\"https:\\\/\\\/www.youtube.com\\\/channel\\\/UCZP-2wLEB9Rv6erhFmqVnvg\"],\"address\":{\"@id\":\"https:\\\/\\\/candas365.es\\\/noticias\\\/#postaladdress\",\"@type\":\"PostalAddress\",\"streetAddress\":\"san antonio 4, san antonio 4\",\"postalCode\":\"33430\",\"addressLocality\":\"Cand\\u00e1s\",\"addressRegion\":\"Asturias\",\"addressCountry\":\"ES\"}},{\"@type\":\"Person\",\"@id\":\"https:\\\/\\\/candas365.es\\\/noticias\\\/author\\\/admin\\\/#author\",\"url\":\"https:\\\/\\\/candas365.es\\\/noticias\\\/author\\\/admin\\\/\",\"name\":\"Cand\\u00e1s 365\",\"image\":{\"@type\":\"ImageObject\",\"@id\":\"https:\\\/\\\/candas365.es\\\/noticias\\\/el-juanfersa-pide-el-apoyo-de-la-aficion-para-meterse-en-la-final-four-de-la-copa\\\/#authorImage\",\"url\":\"https:\\\/\\\/secure.gravatar.com\\\/avatar\\\/496a8e03d0c493ede1718b7934145dbdf8d89be1036b0eec9544e1094c9de390?s=96&d=mm&r=g\",\"width\":96,\"height\":96,\"caption\":\"Cand\\u00e1s 365\"},\"sameAs\":[\"https:\\\/\\\/www.facebook.com\\\/carrenoactualidad\",\"https:\\\/\\\/twitter.com\\\/nbasturias\",\"https:\\\/\\\/www.instagram.com\\\/nachofdezber\\\/\",\"https:\\\/\\\/www.youtube.com\\\/channel\\\/UCZP-2wLEB9Rv6erhFmqVnvg\"]},{\"@type\":\"WebPage\",\"@id\":\"https:\\\/\\\/candas365.es\\\/noticias\\\/el-juanfersa-pide-el-apoyo-de-la-aficion-para-meterse-en-la-final-four-de-la-copa\\\/#webpage\",\"url\":\"https:\\\/\\\/candas365.es\\\/noticias\\\/el-juanfersa-pide-el-apoyo-de-la-aficion-para-meterse-en-la-final-four-de-la-copa\\\/\",\"name\":\"El Juanfersa pide el apoyo de la afici\\u00f3n para meterse en la Final Four de la Copa | Cand\\u00e1s 365\",\"description\":\"Una oportunidad \\u00fanica para el Juanfersa Gij\\u00f3n. Despu\\u00e9s de una irregular trayectoria en la competici\\u00f3n liguera, todas las miradas est\\u00e1n puestas en el partido de ma\\u00f1ana de la Copa del Rey, donde el conjunto de Alberto Su\\u00e1rez s\\u00f3lo tiene que remontar un tanto del partido de ida en Huesca para meterse en la \\u2018Final Four\\u2019.\",\"inLanguage\":\"es-ES\",\"isPartOf\":{\"@id\":\"https:\\\/\\\/candas365.es\\\/noticias\\\/#website\"},\"breadcrumb\":{\"@id\":\"https:\\\/\\\/candas365.es\\\/noticias\\\/el-juanfersa-pide-el-apoyo-de-la-aficion-para-meterse-en-la-final-four-de-la-copa\\\/#breadcrumblist\"},\"author\":{\"@id\":\"https:\\\/\\\/candas365.es\\\/noticias\\\/author\\\/admin\\\/#author\"},\"creator\":{\"@id\":\"https:\\\/\\\/candas365.es\\\/noticias\\\/author\\\/admin\\\/#author\"},\"image\":{\"@type\":\"ImageObject\",\"url\":\"https:\\\/\\\/candas365.es\\\/noticias\\\/wp-content\\\/uploads\\\/2015\\\/04\\\/juanfersa2.jpg\",\"@id\":\"https:\\\/\\\/candas365.es\\\/noticias\\\/el-juanfersa-pide-el-apoyo-de-la-aficion-para-meterse-en-la-final-four-de-la-copa\\\/#mainImage\",\"width\":672,\"height\":372},\"primaryImageOfPage\":{\"@id\":\"https:\\\/\\\/candas365.es\\\/noticias\\\/el-juanfersa-pide-el-apoyo-de-la-aficion-para-meterse-en-la-final-four-de-la-copa\\\/#mainImage\"},\"datePublished\":\"2015-04-01T02:23:44+02:00\",\"dateModified\":\"2015-04-01T02:23:44+02:00\"},{\"@type\":\"WebSite\",\"@id\":\"https:\\\/\\\/candas365.es\\\/noticias\\\/#website\",\"url\":\"https:\\\/\\\/candas365.es\\\/noticias\\\/\",\"name\":\"Cand\\u00e1s 365\",\"alternateName\":\"Cand\\u00e1s 365 Noticias\",\"description\":\"Actualidad desde Carre\\u00f1o para el mundo\",\"inLanguage\":\"es-ES\",\"publisher\":{\"@id\":\"https:\\\/\\\/candas365.es\\\/noticias\\\/#organization\"}}]}\n\t\t<\/script>\n\t\t<!-- All in One SEO Pro -->\r\n\t\t<title>El Juanfersa pide el apoyo de la afici\u00f3n para meterse en la Final Four de la Copa | Cand\u00e1s 365<\/title>\n\n","aioseo_head_json":{"title":"El Juanfersa pide el apoyo de la afici\u00f3n para meterse en la Final Four de la Copa | Cand\u00e1s 365","description":"Una oportunidad \u00fanica para el Juanfersa Gij\u00f3n. Despu\u00e9s de una irregular trayectoria en la competici\u00f3n liguera, todas las miradas est\u00e1n puestas en el partido de ma\u00f1ana de la Copa del Rey, donde el conjunto de Alberto Su\u00e1rez s\u00f3lo tiene que remontar un tanto del partido de ida en Huesca para meterse en la \u2018Final Four\u2019.","canonical_url":"https:\/\/candas365.es\/noticias\/el-juanfersa-pide-el-apoyo-de-la-aficion-para-meterse-en-la-final-four-de-la-copa\/","robots":"max-image-preview:large","keywords":"asturias","webmasterTools":{"google-site-verification":"UA-32230408-1","msvalidate.01":"354F3CDFB2DA171B47FBE9ABF1F88D5","miscellaneous":""},"schema":{"@context":"https:\/\/schema.org","@graph":[{"@type":"BreadcrumbList","@id":"https:\/\/candas365.es\/noticias\/el-juanfersa-pide-el-apoyo-de-la-aficion-para-meterse-en-la-final-four-de-la-copa\/#breadcrumblist","itemListElement":[{"@type":"ListItem","@id":"https:\/\/candas365.es\/noticias#listItem","position":1,"name":"Home","item":"https:\/\/candas365.es\/noticias","nextItem":{"@type":"ListItem","@id":"https:\/\/candas365.es\/noticias\/category\/asturias\/#listItem","name":"Asturias"}},{"@type":"ListItem","@id":"https:\/\/candas365.es\/noticias\/category\/asturias\/#listItem","position":2,"name":"Asturias","item":"https:\/\/candas365.es\/noticias\/category\/asturias\/","nextItem":{"@type":"ListItem","@id":"https:\/\/candas365.es\/noticias\/el-juanfersa-pide-el-apoyo-de-la-aficion-para-meterse-en-la-final-four-de-la-copa\/#listItem","name":"El Juanfersa pide el apoyo de la afici\u00f3n para meterse en la Final Four de la Copa"},"previousItem":{"@type":"ListItem","@id":"https:\/\/candas365.es\/noticias#listItem","name":"Home"}},{"@type":"ListItem","@id":"https:\/\/candas365.es\/noticias\/el-juanfersa-pide-el-apoyo-de-la-aficion-para-meterse-en-la-final-four-de-la-copa\/#listItem","position":3,"name":"El Juanfersa pide el apoyo de la afici\u00f3n para meterse en la Final Four de la Copa","previousItem":{"@type":"ListItem","@id":"https:\/\/candas365.es\/noticias\/category\/asturias\/#listItem","name":"Asturias"}}]},{"@type":"NewsArticle","@id":"https:\/\/candas365.es\/noticias\/el-juanfersa-pide-el-apoyo-de-la-aficion-para-meterse-en-la-final-four-de-la-copa\/#newsarticle","name":"El Juanfersa pide el apoyo de la afici\u00f3n para meterse en la Final Four de la Copa | Cand\u00e1s 365","headline":"El Juanfersa pide el apoyo de la afici\u00f3n para meterse en la Final Four de la Copa","author":{"@id":"https:\/\/candas365.es\/noticias\/author\/admin\/#author"},"publisher":{"@id":"https:\/\/candas365.es\/noticias\/#organization"},"image":{"@type":"ImageObject","url":"https:\/\/candas365.es\/noticias\/wp-content\/uploads\/2015\/04\/juanfersa2.jpg","width":672,"height":372},"datePublished":"2015-04-01T02:23:44+02:00","dateModified":"2015-04-01T02:23:44+02:00","inLanguage":"es-ES","mainEntityOfPage":{"@id":"https:\/\/candas365.es\/noticias\/el-juanfersa-pide-el-apoyo-de-la-aficion-para-meterse-en-la-final-four-de-la-copa\/#webpage"},"isPartOf":{"@id":"https:\/\/candas365.es\/noticias\/el-juanfersa-pide-el-apoyo-de-la-aficion-para-meterse-en-la-final-four-de-la-copa\/#webpage"},"articleSection":"Asturias","dateline":"Publicado el abril 1, 2015."},{"@type":"Organization","@id":"https:\/\/candas365.es\/noticias\/#organization","name":"Cand\u00e1s 365","description":"Cand\u00e1s 365 es un diario digital independiente, fundado en 2012, con base en Asturias. Informamos con rigor sobre actualidad, sociedad, cultura y ocio, con una mirada local y global.","url":"https:\/\/candas365.es\/noticias\/","email":"info@candas365.es","telephone":"+34652131393","foundingDate":"2012-06-10","logo":{"@type":"ImageObject","url":"https:\/\/candas365.es\/noticias\/wp-content\/uploads\/2024\/09\/Candas-365-Redes.jpg","@id":"https:\/\/candas365.es\/noticias\/el-juanfersa-pide-el-apoyo-de-la-aficion-para-meterse-en-la-final-four-de-la-copa\/#organizationLogo","width":1152,"height":864,"caption":"Cand\u00e1s 365 Redes"},"image":{"@id":"https:\/\/candas365.es\/noticias\/el-juanfersa-pide-el-apoyo-de-la-aficion-para-meterse-en-la-final-four-de-la-copa\/#organizationLogo"},"sameAs":["https:\/\/www.facebook.com\/Nachofdezber","https:\/\/x.com\/NabercoDigital","https:\/\/www.instagram.com\/nachofdezber\/","https:\/\/www.youtube.com\/channel\/UCZP-2wLEB9Rv6erhFmqVnvg"],"address":{"@id":"https:\/\/candas365.es\/noticias\/#postaladdress","@type":"PostalAddress","streetAddress":"san antonio 4, san antonio 4","postalCode":"33430","addressLocality":"Cand\u00e1s","addressRegion":"Asturias","addressCountry":"ES"}},{"@type":"Person","@id":"https:\/\/candas365.es\/noticias\/author\/admin\/#author","url":"https:\/\/candas365.es\/noticias\/author\/admin\/","name":"Cand\u00e1s 365","image":{"@type":"ImageObject","@id":"https:\/\/candas365.es\/noticias\/el-juanfersa-pide-el-apoyo-de-la-aficion-para-meterse-en-la-final-four-de-la-copa\/#authorImage","url":"https:\/\/secure.gravatar.com\/avatar\/496a8e03d0c493ede1718b7934145dbdf8d89be1036b0eec9544e1094c9de390?s=96&d=mm&r=g","width":96,"height":96,"caption":"Cand\u00e1s 365"},"sameAs":["https:\/\/www.facebook.com\/carrenoactualidad","https:\/\/twitter.com\/nbasturias","https:\/\/www.instagram.com\/nachofdezber\/","https:\/\/www.youtube.com\/channel\/UCZP-2wLEB9Rv6erhFmqVnvg"]},{"@type":"WebPage","@id":"https:\/\/candas365.es\/noticias\/el-juanfersa-pide-el-apoyo-de-la-aficion-para-meterse-en-la-final-four-de-la-copa\/#webpage","url":"https:\/\/candas365.es\/noticias\/el-juanfersa-pide-el-apoyo-de-la-aficion-para-meterse-en-la-final-four-de-la-copa\/","name":"El Juanfersa pide el apoyo de la afici\u00f3n para meterse en la Final Four de la Copa | Cand\u00e1s 365","description":"Una oportunidad \u00fanica para el Juanfersa Gij\u00f3n. Despu\u00e9s de una irregular trayectoria en la competici\u00f3n liguera, todas las miradas est\u00e1n puestas en el partido de ma\u00f1ana de la Copa del Rey, donde el conjunto de Alberto Su\u00e1rez s\u00f3lo tiene que remontar un tanto del partido de ida en Huesca para meterse en la \u2018Final Four\u2019.","inLanguage":"es-ES","isPartOf":{"@id":"https:\/\/candas365.es\/noticias\/#website"},"breadcrumb":{"@id":"https:\/\/candas365.es\/noticias\/el-juanfersa-pide-el-apoyo-de-la-aficion-para-meterse-en-la-final-four-de-la-copa\/#breadcrumblist"},"author":{"@id":"https:\/\/candas365.es\/noticias\/author\/admin\/#author"},"creator":{"@id":"https:\/\/candas365.es\/noticias\/author\/admin\/#author"},"image":{"@type":"ImageObject","url":"https:\/\/candas365.es\/noticias\/wp-content\/uploads\/2015\/04\/juanfersa2.jpg","@id":"https:\/\/candas365.es\/noticias\/el-juanfersa-pide-el-apoyo-de-la-aficion-para-meterse-en-la-final-four-de-la-copa\/#mainImage","width":672,"height":372},"primaryImageOfPage":{"@id":"https:\/\/candas365.es\/noticias\/el-juanfersa-pide-el-apoyo-de-la-aficion-para-meterse-en-la-final-four-de-la-copa\/#mainImage"},"datePublished":"2015-04-01T02:23:44+02:00","dateModified":"2015-04-01T02:23:44+02:00"},{"@type":"WebSite","@id":"https:\/\/candas365.es\/noticias\/#website","url":"https:\/\/candas365.es\/noticias\/","name":"Cand\u00e1s 365","alternateName":"Cand\u00e1s 365 Noticias","description":"Actualidad desde Carre\u00f1o para el mundo","inLanguage":"es-ES","publisher":{"@id":"https:\/\/candas365.es\/noticias\/#organization"}}]},"og:locale":"es_ES","og:site_name":"Cand\u00e1s 365","og:type":"article","og:title":"El Juanfersa pide el apoyo de la afici\u00f3n para meterse en la Final Four de la Copa | Cand\u00e1s 365","og:description":"Una oportunidad \u00fanica para el Juanfersa Gij\u00f3n. Despu\u00e9s de una irregular trayectoria en la competici\u00f3n liguera, todas las miradas est\u00e1n puestas en el partido de ma\u00f1ana de la Copa del Rey, donde el conjunto de Alberto Su\u00e1rez s\u00f3lo tiene que remontar un tanto del partido de ida en Huesca para meterse en la \u2018Final Four\u2019.","og:url":"https:\/\/candas365.es\/noticias\/el-juanfersa-pide-el-apoyo-de-la-aficion-para-meterse-en-la-final-four-de-la-copa\/","og:image":"https:\/\/candas365.es\/noticias\/wp-content\/uploads\/2015\/04\/juanfersa2.jpg","og:image:secure_url":"https:\/\/candas365.es\/noticias\/wp-content\/uploads\/2015\/04\/juanfersa2.jpg","og:image:width":672,"og:image:height":372,"article:published_time":"2015-04-01T04:23:44+00:00","article:modified_time":"2015-04-01T04:23:44+00:00","article:publisher":"https:\/\/www.facebook.com\/Nachofdezber","article:author":"https:\/\/www.facebook.com\/carrenoactualidad","twitter:card":"summary_large_image","twitter:site":"@NabercoDigital","twitter:title":"El Juanfersa pide el apoyo de la afici\u00f3n para meterse en la Final Four de la Copa | Cand\u00e1s 365","twitter:description":"Una oportunidad \u00fanica para el Juanfersa Gij\u00f3n. Despu\u00e9s de una irregular trayectoria en la competici\u00f3n liguera, todas las miradas est\u00e1n puestas en el partido de ma\u00f1ana de la Copa del Rey, donde el conjunto de Alberto Su\u00e1rez s\u00f3lo tiene que remontar un tanto del partido de ida en Huesca para meterse en la \u2018Final Four\u2019.","twitter:creator":"@nbasturias","twitter:image":"https:\/\/candas365.es\/noticias\/wp-content\/uploads\/2015\/04\/juanfersa2.jpg","twitter:label1":"Escrito por","twitter:data1":"Cand\u00e1s 365","twitter:label2":"Tiempo de lectura estimado","twitter:data2":"1 minuto"},"aioseo_meta_data":{"post_id":"9522","title":null,"description":null,"keywords":null,"keyphrases":null,"primary_term":null,"canonical_url":null,"og_title":null,"og_description":null,"og_object_type":"default","og_image_type":"default","og_image_url":null,"og_image_width":null,"og_image_height":null,"og_image_custom_url":null,"og_image_custom_fields":null,"og_video":null,"og_custom_url":null,"og_article_section":null,"og_article_tags":null,"twitter_use_og":false,"twitter_card":"default","twitter_image_type":"default","twitter_image_url":null,"twitter_image_custom_url":null,"twitter_image_custom_fields":null,"twitter_title":null,"twitter_description":null,"schema":{"blockGraphs":[],"customGraphs":[],"default":{"data":{"Article":[],"Course":[],"Dataset":[],"FAQPage":[],"Movie":[],"Person":[],"Product":[],"ProductReview":[],"Car":[],"Recipe":[],"Service":[],"SoftwareApplication":[],"WebPage":[]},"graphName":"","isEnabled":true},"graphs":[]},"schema_type":null,"schema_type_options":null,"pillar_content":false,"robots_default":true,"robots_noindex":false,"robots_noarchive":false,"robots_nosnippet":false,"robots_nofollow":false,"robots_noimageindex":false,"robots_noodp":false,"robots_notranslate":false,"robots_max_snippet":null,"robots_max_videopreview":null,"robots_max_imagepreview":"large","priority":null,"frequency":null,"location":null,"local_seo":null,"seo_analyzer_scan_date":"2025-08-23 08:27:12","breadcrumb_settings":null,"limit_modified_date":false,"reviewed_by":null,"open_ai":null,"ai":null,"created":"2020-12-21 11:01:57","updated":"2025-08-23 08:27:12"},"aioseo_breadcrumb":"<div class=\"aioseo-breadcrumbs\"><span class=\"aioseo-breadcrumb\">\n\t<a href=\"https:\/\/candas365.es\/noticias\" title=\"Home\">Home<\/a>\n<\/span><span class=\"aioseo-breadcrumb-separator\">&ndash;<\/span><span class=\"aioseo-breadcrumb\">\n\t<a href=\"https:\/\/candas365.es\/noticias\/category\/asturias\/\" title=\"Asturias\">Asturias<\/a>\n<\/span><span class=\"aioseo-breadcrumb-separator\">&ndash;<\/span><span class=\"aioseo-breadcrumb\">\n\tEl Juanfersa pide el apoyo de la afici\u00f3n para meterse en la Final Four de la Copa\n<\/span><\/div>","aioseo_breadcrumb_json":[{"label":"Home","link":"https:\/\/candas365.es\/noticias"},{"label":"Asturias","link":"https:\/\/candas365.es\/noticias\/category\/asturias\/"},{"label":"El Juanfersa pide el apoyo de la afici\u00f3n para meterse en la Final Four de la Copa","link":"https:\/\/candas365.es\/noticias\/el-juanfersa-pide-el-apoyo-de-la-aficion-para-meterse-en-la-final-four-de-la-copa\/"}],"_links":{"self":[{"href":"https:\/\/candas365.es\/noticias\/wp-json\/wp\/v2\/posts\/9522","targetHints":{"allow":["GET"]}}],"collection":[{"href":"https:\/\/candas365.es\/noticias\/wp-json\/wp\/v2\/posts"}],"about":[{"href":"https:\/\/candas365.es\/noticias\/wp-json\/wp\/v2\/types\/post"}],"author":[{"embeddable":true,"href":"https:\/\/candas365.es\/noticias\/wp-json\/wp\/v2\/users\/1"}],"replies":[{"embeddable":true,"href":"https:\/\/candas365.es\/noticias\/wp-json\/wp\/v2\/comments?post=9522"}],"version-history":[{"count":0,"href":"https:\/\/candas365.es\/noticias\/wp-json\/wp\/v2\/posts\/9522\/revisions"}],"wp:featuredmedia":[{"embeddable":true,"href":"https:\/\/candas365.es\/noticias\/wp-json\/wp\/v2\/media\/9523"}],"wp:attachment":[{"href":"https:\/\/candas365.es\/noticias\/wp-json\/wp\/v2\/media?parent=9522"}],"wp:term":[{"taxonomy":"category","embeddable":true,"href":"https:\/\/candas365.es\/noticias\/wp-json\/wp\/v2\/categories?post=9522"},{"taxonomy":"post_tag","embeddable":true,"href":"https:\/\/candas365.es\/noticias\/wp-json\/wp\/v2\/tags?post=9522"}],"curies":[{"name":"wp","href":"https:\/\/api.w.org\/{rel}","templated":true}]}}