{"id":95127,"date":"2018-05-02T18:33:46","date_gmt":"2018-05-02T18:33:46","guid":{"rendered":"http:\/\/candas365.es\/noticias\/?p=95127"},"modified":"2018-05-02T18:37:54","modified_gmt":"2018-05-02T18:37:54","slug":"quinto-homenaje-muyeres-y-homes-de-les-fabriques-de-conserva-y-salazon-en-candas","status":"publish","type":"post","link":"https:\/\/candas365.es\/noticias\/quinto-homenaje-muyeres-y-homes-de-les-fabriques-de-conserva-y-salazon-en-candas\/","title":{"rendered":"\u201cQuinto Homenaje Muyeres y Homes de les Fabriques de Conserva y Salaz\u00f3n\u201d, en Cand\u00e1s"},"content":{"rendered":"<p>El s\u00e1bado 5 de mayo tendr\u00e1 lugar en Cand\u00e1s el \u00abV Homenaje a les Muyeres y Homes que trabajaron en las de las f\u00e1bricas de Conserva y salaz\u00f3n. Mancomunidad de la Bodega\u00bb<\/p>\n<p><img fetchpriority=\"high\" decoding=\"async\" class=\"aligncenter size-large wp-image-95130\" src=\"https:\/\/candas365.es\/noticias\/wp-content\/uploads\/2018\/05\/muelle-viejo-655x323.jpg\" alt=\"\" width=\"655\" height=\"323\" srcset=\"https:\/\/candas365.es\/noticias\/wp-content\/uploads\/2018\/05\/muelle-viejo-655x323.jpg 655w, https:\/\/candas365.es\/noticias\/wp-content\/uploads\/2018\/05\/muelle-viejo-360x177.jpg 360w, https:\/\/candas365.es\/noticias\/wp-content\/uploads\/2018\/05\/muelle-viejo-768x378.jpg 768w, https:\/\/candas365.es\/noticias\/wp-content\/uploads\/2018\/05\/muelle-viejo-324x160.jpg 324w, https:\/\/candas365.es\/noticias\/wp-content\/uploads\/2018\/05\/muelle-viejo-696x343.jpg 696w, https:\/\/candas365.es\/noticias\/wp-content\/uploads\/2018\/05\/muelle-viejo-1068x526.jpg 1068w, https:\/\/candas365.es\/noticias\/wp-content\/uploads\/2018\/05\/muelle-viejo-853x420.jpg 853w, https:\/\/candas365.es\/noticias\/wp-content\/uploads\/2018\/05\/muelle-viejo.jpg 1218w\" sizes=\"(max-width: 655px) 100vw, 655px\" \/><\/p>\n<p>La iniciativa parte de la asociaci\u00f3n \u201c<a href=\"https:\/\/es-es.facebook.com\/candasmarinero\/\" target=\"_blank\" rel=\"noopener\"><span style=\"color: #ff6600;\"><strong>Cand\u00e1s Marinero<\/strong><\/span><\/a>\u201d en el a\u00f1o 2014. Esa primera edici\u00f3n fue dedicada a la villa vecina de Luanco, y sucesivamente pasan a engrosar esta lista de homenajes Puerto Vega, en el 2015, Lastres en el 2016, Luarca en el 2017. Colaborando el Ayuntamiento de Carre\u00f1o en este homenaje a trav\u00e9s de la Concejal\u00eda de Cultura.<\/p>\n<p>En esta quinta edici\u00f3n ser\u00e1n los Homes y Muyeres de San Juan de la Arena los que ser\u00e1n homenajeados en varios rincones de la villa candasina.<\/p>\n<p>El acto de presentaci\u00f3n de esta jornada de hermanamiento ha tenido lugar, este mi\u00e9rcoles 2 de mayo, en el Sal\u00f3n de Plenos de la Casa Consistorial, contando con la presencia de Tito Aramendi, presidente de la entidad organizadora \u201cCand\u00e1s Marinero\u201d; Concejala de Cultura Cecilia Tasc\u00f3n; Amelia Fern\u00e1ndez L\u00f3pez, Alcaldesa de Carre\u00f1o, adem\u00e1s de representantes de las entidades y personas que participar\u00e1n en este d\u00eda.<\/p>\n<p>Hasta comienzos de la d\u00e9cada de 1970, en San Juan de la Arena exist\u00eda una importante industria conservera, menguada de forma progresiva por la crisis del sector y por la difusi\u00f3n masiva de productos congelados, con la consiguiente merma de otros sistemas de conservaci\u00f3n de alimentos. En 1962 La Arena contaba con 8 f\u00e1bricas de conservas, escabeche y salaz\u00f3n.<\/p>\n<p>En la actualidad no funciona ninguna, quedando como inter\u00e9s hist\u00f3rico y cultural que presentan los testimonios materiales de su pasado industria. Pero San Juan de la Arena est\u00e1 considerada la capital angulera de Espa\u00f1a, no en vano en su rula entran todos los a\u00f1os miles de kilos de este sabroso pescado, que desde aqu\u00ed sale a los m\u00e1s diversos puntos de Espa\u00f1a y Europa.<\/p>\n<p>La jornada comenzar\u00e1 a las 17:00 horas con la recepci\u00f3n a las autoridades y Coros participantes en la Plaza del Ayuntamiento. A continuaci\u00f3n la comitiva se trasladar\u00e1 hasta el entorno de El Pase\u00edn para proceder al descubrimiento de una placa de azulejo conmemorativa, de la artista local Rita Prendes, en la Antigua F\u00e1brica de Ortiz.<\/p>\n<p>\u201cEs mucho m\u00e1s lo que une a dos concejos como Soto del Barco y Carre\u00f1o, a dos pueblos como San Juan de la Arena y Cand\u00e1s, que lo que los separa. Dos concejos con puertos pesqueros importante, que siempre han tenido la mirada puesta en ese mar, en nuestro mar cant\u00e1brico, hacia la industria conservera. Sin olvidar tampoco a la agricultura y la ganader\u00eda, sectores tambi\u00e9n muy complicados e infravalorados. Dos pueblos que mientras los hombres, mayoritariamente, trabajaban en la mar, las mujeres ayudaban a la econom\u00eda familiar haciendo lo propio en la f\u00e1bricas de conserva y salaz\u00f3n. Dos pueblo que han visto como la industria conservera ha ido desapareciendo debido al progreso y a otras estilos de vida. Con este acto se pretende rendir homenaje a aquella personas que lucharon por el porvenir de sus familias, sus pueblos. Un homenaje para que las generaciones venideras sepan que gracias a ellos y ellas hoy somos lo que somos y podemos disfrutar de una serie de derechos, libertades, privilegios impensables en aquella \u00e9poca\u201d se\u00f1al\u00f3 Cecilia Tasc\u00f3n- Concejala de Cultura.<\/p>\n<p>El acto estar\u00e1 amenizado por la Joven Orquesta Juvenil e Infantil del Principado de Asturias, bajo la direcci\u00f3n de David Colado, cuya sede se encuentra en el municipio de Carre\u00f1o.<\/p>\n<p>Los actos finalizar\u00e1n con un Concierto en el Teatro Prendes a las 20:00 horas. Con la actuaci\u00f3n de los cantautores locales de los dos pueblos hermanados Vicente D\u00edaz y Pipo Prendes; y los coros \u201cSan Pedro de Soto del Barco\u201d y el \u201cCoro de la Bodega\u201d de Cand\u00e1s , bajo la direcci\u00f3n de Salvador Cuervo. Previamente a la actuaci\u00f3n musical se proyectar\u00e1 un v\u00eddeo sobre la dos localidades hermanadas y el escritor candas\u00edn Jos\u00e9 Marcelino Garc\u00eda har\u00e1 una introducci\u00f3n. Todo esto bajo la atenta mirada de Manuel Mu\u00f1iz, el cual har\u00e1 de maestro de ceremonias.<\/p>\n<p>Para ese d\u00eda el cantautor candas\u00edn Pipo Prendes tiene previsto presentar un nuevo tema \u201cLamento de un Marinero\u201d, un poema de Jos\u00e9 Marcelino. Mientras que Vicente D\u00edaz interpretar\u00e1, entre otros, el tema \u201cPescadores\u201d. Por su parte el \u201cCoro de la Bodega\u201d est\u00e1 trabajando en la preparaci\u00f3n de dos Habaneras nuevas para su repertorio que estrenar\u00e1 ese mismo d\u00eda.<\/p>\n<p>\u201cOtras de las novedades de esta edici\u00f3n es el Homenaje que desde Cand\u00e1s Marinero queremos hacer a aquellas personas que trabajaron en las f\u00e1bricas y que a d\u00eda de hoy a\u00fan podemos disfrutar de sus an\u00e9cdotas. En la edici\u00f3n de este a\u00f1o ser\u00e1n 5 mujeres las homenajeadas ser\u00e1n Josefa \u201cLa Cervera\u201d, Cuca \u201cLa \u00f1area\u201d, Maria Esther, Etelvina y Delfina. Cinco mujeres cuya vida laboral transcurri\u00f3 en las f\u00e1bricas de conserva y salaz\u00f3n y que son el reflejo de aquel Cand\u00e1s marinero con sus industrias conserveras y sus canciones\u201d coment\u00f3 Tito Aramendi-Presidente de Cand\u00e1s Marinero-.<\/p>\n<p>En palabras del escritor candas\u00edn Jos\u00e9 Marcelino Garc\u00eda \u201cNi el viento ni las borrascas pueden llevar, como si fuera hojarasca, el ayer que pas\u00f3. Evocando el pasado, las heridas del alma, los d\u00edas lejanos de mar y trabajo, San Juan de la Arena y Cand\u00e1s se unen como dos pueblos que ya fueron, y ahora para siempre lo ser\u00e1n, hermanos en el combate por la vida. Velas, barcos, arena, espuma, lucha y sollozos. Esa fue la verdad de nuestros dos pueblos durante siglos\u201d.<\/p>\n","protected":false},"excerpt":{"rendered":"<p>El s\u00e1bado 5 de mayo tendr\u00e1 lugar en Cand\u00e1s el \u00abV Homenaje a les Muyeres y Homes que trabajaron en las de las f\u00e1bricas de Conserva y salaz\u00f3n. Mancomunidad de la Bodega\u00bb La iniciativa parte de la asociaci\u00f3n \u201cCand\u00e1s Marinero\u201d en el a\u00f1o 2014. Esa primera edici\u00f3n fue dedicada a la villa vecina de Luanco,<\/p>\n","protected":false},"author":1,"featured_media":95129,"comment_status":"closed","ping_status":"closed","sticky":false,"template":"","format":"standard","meta":{"footnotes":""},"categories":[2],"tags":[],"class_list":{"0":"post-95127","1":"post","2":"type-post","3":"status-publish","4":"format-standard","5":"has-post-thumbnail","7":"category-noticias-carreno"},"aioseo_notices":[],"aioseo_head":"\n\t\t<!-- All in One SEO Pro 4.9.6.2 - aioseo.com -->\n\t<meta name=\"description\" content=\"El s\u00e1bado 5 de mayo tendr\u00e1 lugar en Cand\u00e1s el &quot;V Homenaje a les Muyeres y Homes que trabajaron en las de las f\u00e1bricas de Conserva y salaz\u00f3n. Mancomunidad de la Bodega&quot; La iniciativa parte de la asociaci\u00f3n \u201cCand\u00e1s Marinero\u201d en el a\u00f1o 2014. Esa primera edici\u00f3n fue dedicada a la villa vecina de Luanco,\" \/>\n\t<meta name=\"robots\" content=\"max-image-preview:large\" \/>\n\t<meta name=\"author\" content=\"Cand\u00e1s 365\"\/>\n\t<meta name=\"google-site-verification\" content=\"UA-32230408-1\" \/>\n\t<meta name=\"msvalidate.01\" content=\"354F3CDFB2DA171B47FBE9ABF1F88D5\" \/>\n\t<meta name=\"keywords\" content=\"noticias carre\u00f1o\" \/>\n\t<link rel=\"canonical\" href=\"https:\/\/candas365.es\/noticias\/quinto-homenaje-muyeres-y-homes-de-les-fabriques-de-conserva-y-salazon-en-candas\/\" \/>\n\t<meta name=\"generator\" content=\"All in One SEO Pro (AIOSEO) 4.9.6.2\" \/>\n\t\t<meta property=\"og:locale\" content=\"es_ES\" \/>\n\t\t<meta property=\"og:site_name\" content=\"Cand\u00e1s 365\" \/>\n\t\t<meta property=\"og:type\" content=\"article\" \/>\n\t\t<meta property=\"og:title\" content=\"\u201cQuinto Homenaje Muyeres y Homes de les Fabriques de Conserva y Salaz\u00f3n\u201d, en Cand\u00e1s | Cand\u00e1s 365\" \/>\n\t\t<meta property=\"og:description\" content=\"El s\u00e1bado 5 de mayo tendr\u00e1 lugar en Cand\u00e1s el &quot;V Homenaje a les Muyeres y Homes que trabajaron en las de las f\u00e1bricas de Conserva y salaz\u00f3n. Mancomunidad de la Bodega&quot; La iniciativa parte de la asociaci\u00f3n \u201cCand\u00e1s Marinero\u201d en el a\u00f1o 2014. Esa primera edici\u00f3n fue dedicada a la villa vecina de Luanco,\" \/>\n\t\t<meta property=\"og:url\" content=\"https:\/\/candas365.es\/noticias\/quinto-homenaje-muyeres-y-homes-de-les-fabriques-de-conserva-y-salazon-en-candas\/\" \/>\n\t\t<meta property=\"og:image\" content=\"https:\/\/candas365.es\/noticias\/wp-content\/uploads\/2018\/05\/V-Homenaje-en-Cand\u00e1s.jpg\" \/>\n\t\t<meta property=\"og:image:secure_url\" content=\"https:\/\/candas365.es\/noticias\/wp-content\/uploads\/2018\/05\/V-Homenaje-en-Cand\u00e1s.jpg\" \/>\n\t\t<meta property=\"og:image:width\" content=\"663\" \/>\n\t\t<meta property=\"og:image:height\" content=\"377\" \/>\n\t\t<meta property=\"article:published_time\" content=\"2018-05-02T18:33:46+00:00\" \/>\n\t\t<meta property=\"article:modified_time\" content=\"2018-05-02T18:37:54+00:00\" \/>\n\t\t<meta property=\"article:publisher\" content=\"https:\/\/www.facebook.com\/Nachofdezber\" \/>\n\t\t<meta property=\"article:author\" content=\"https:\/\/www.facebook.com\/carrenoactualidad\" \/>\n\t\t<meta name=\"twitter:card\" content=\"summary_large_image\" \/>\n\t\t<meta name=\"twitter:site\" content=\"@NabercoDigital\" \/>\n\t\t<meta name=\"twitter:title\" content=\"\u201cQuinto Homenaje Muyeres y Homes de les Fabriques de Conserva y Salaz\u00f3n\u201d, en Cand\u00e1s | Cand\u00e1s 365\" \/>\n\t\t<meta name=\"twitter:description\" content=\"El s\u00e1bado 5 de mayo tendr\u00e1 lugar en Cand\u00e1s el &quot;V Homenaje a les Muyeres y Homes que trabajaron en las de las f\u00e1bricas de Conserva y salaz\u00f3n. Mancomunidad de la Bodega&quot; La iniciativa parte de la asociaci\u00f3n \u201cCand\u00e1s Marinero\u201d en el a\u00f1o 2014. Esa primera edici\u00f3n fue dedicada a la villa vecina de Luanco,\" \/>\n\t\t<meta name=\"twitter:creator\" content=\"@nbasturias\" \/>\n\t\t<meta name=\"twitter:image\" content=\"https:\/\/candas365.es\/noticias\/wp-content\/uploads\/2018\/05\/V-Homenaje-en-Cand\u00e1s.jpg\" \/>\n\t\t<meta name=\"twitter:label1\" content=\"Escrito por\" \/>\n\t\t<meta name=\"twitter:data1\" content=\"Cand\u00e1s 365\" \/>\n\t\t<meta name=\"twitter:label2\" content=\"Tiempo de lectura estimado\" \/>\n\t\t<meta name=\"twitter:data2\" content=\"5 minutos\" \/>\n\t\t<script type=\"application\/ld+json\" class=\"aioseo-schema\">\n\t\t\t{\"@context\":\"https:\\\/\\\/schema.org\",\"@graph\":[{\"@type\":\"BreadcrumbList\",\"@id\":\"https:\\\/\\\/candas365.es\\\/noticias\\\/quinto-homenaje-muyeres-y-homes-de-les-fabriques-de-conserva-y-salazon-en-candas\\\/#breadcrumblist\",\"itemListElement\":[{\"@type\":\"ListItem\",\"@id\":\"https:\\\/\\\/candas365.es\\\/noticias#listItem\",\"position\":1,\"name\":\"Home\",\"item\":\"https:\\\/\\\/candas365.es\\\/noticias\",\"nextItem\":{\"@type\":\"ListItem\",\"@id\":\"https:\\\/\\\/candas365.es\\\/noticias\\\/category\\\/noticias-carreno\\\/#listItem\",\"name\":\"Noticias Carre\\u00f1o\"}},{\"@type\":\"ListItem\",\"@id\":\"https:\\\/\\\/candas365.es\\\/noticias\\\/category\\\/noticias-carreno\\\/#listItem\",\"position\":2,\"name\":\"Noticias Carre\\u00f1o\",\"item\":\"https:\\\/\\\/candas365.es\\\/noticias\\\/category\\\/noticias-carreno\\\/\",\"nextItem\":{\"@type\":\"ListItem\",\"@id\":\"https:\\\/\\\/candas365.es\\\/noticias\\\/quinto-homenaje-muyeres-y-homes-de-les-fabriques-de-conserva-y-salazon-en-candas\\\/#listItem\",\"name\":\"\\u201cQuinto Homenaje Muyeres y Homes de les Fabriques de Conserva y Salaz\\u00f3n\\u201d, en Cand\\u00e1s\"},\"previousItem\":{\"@type\":\"ListItem\",\"@id\":\"https:\\\/\\\/candas365.es\\\/noticias#listItem\",\"name\":\"Home\"}},{\"@type\":\"ListItem\",\"@id\":\"https:\\\/\\\/candas365.es\\\/noticias\\\/quinto-homenaje-muyeres-y-homes-de-les-fabriques-de-conserva-y-salazon-en-candas\\\/#listItem\",\"position\":3,\"name\":\"\\u201cQuinto Homenaje Muyeres y Homes de les Fabriques de Conserva y Salaz\\u00f3n\\u201d, en Cand\\u00e1s\",\"previousItem\":{\"@type\":\"ListItem\",\"@id\":\"https:\\\/\\\/candas365.es\\\/noticias\\\/category\\\/noticias-carreno\\\/#listItem\",\"name\":\"Noticias Carre\\u00f1o\"}}]},{\"@type\":\"NewsArticle\",\"@id\":\"https:\\\/\\\/candas365.es\\\/noticias\\\/quinto-homenaje-muyeres-y-homes-de-les-fabriques-de-conserva-y-salazon-en-candas\\\/#newsarticle\",\"name\":\"\\u201cQuinto Homenaje Muyeres y Homes de les Fabriques de Conserva y Salaz\\u00f3n\\u201d, en Cand\\u00e1s | Cand\\u00e1s 365\",\"headline\":\"\\u201cQuinto Homenaje Muyeres y Homes de les Fabriques de Conserva y Salaz\\u00f3n\\u201d, en Cand\\u00e1s\",\"author\":{\"@id\":\"https:\\\/\\\/candas365.es\\\/noticias\\\/author\\\/admin\\\/#author\"},\"publisher\":{\"@id\":\"https:\\\/\\\/candas365.es\\\/noticias\\\/#organization\"},\"image\":{\"@type\":\"ImageObject\",\"url\":\"https:\\\/\\\/candas365.es\\\/noticias\\\/wp-content\\\/uploads\\\/2018\\\/05\\\/V-Homenaje-en-Cand\\u00e1s.jpg\",\"width\":663,\"height\":377},\"datePublished\":\"2018-05-02T18:33:46+02:00\",\"dateModified\":\"2018-05-02T18:37:54+02:00\",\"inLanguage\":\"es-ES\",\"mainEntityOfPage\":{\"@id\":\"https:\\\/\\\/candas365.es\\\/noticias\\\/quinto-homenaje-muyeres-y-homes-de-les-fabriques-de-conserva-y-salazon-en-candas\\\/#webpage\"},\"isPartOf\":{\"@id\":\"https:\\\/\\\/candas365.es\\\/noticias\\\/quinto-homenaje-muyeres-y-homes-de-les-fabriques-de-conserva-y-salazon-en-candas\\\/#webpage\"},\"articleSection\":\"Noticias Carre\\u00f1o\",\"dateline\":\"Publicado el mayo 2, 2018.\"},{\"@type\":\"Organization\",\"@id\":\"https:\\\/\\\/candas365.es\\\/noticias\\\/#organization\",\"name\":\"Cand\\u00e1s 365\",\"description\":\"Cand\\u00e1s 365 es un diario digital independiente, fundado en 2012, con base en Asturias. Informamos con rigor sobre actualidad, sociedad, cultura y ocio, con una mirada local y global.\",\"url\":\"https:\\\/\\\/candas365.es\\\/noticias\\\/\",\"email\":\"info@candas365.es\",\"telephone\":\"+34652131393\",\"foundingDate\":\"2012-06-10\",\"logo\":{\"@type\":\"ImageObject\",\"url\":\"https:\\\/\\\/candas365.es\\\/noticias\\\/wp-content\\\/uploads\\\/2024\\\/09\\\/Candas-365-Redes.jpg\",\"@id\":\"https:\\\/\\\/candas365.es\\\/noticias\\\/quinto-homenaje-muyeres-y-homes-de-les-fabriques-de-conserva-y-salazon-en-candas\\\/#organizationLogo\",\"width\":1152,\"height\":864,\"caption\":\"Cand\\u00e1s 365 Redes\"},\"image\":{\"@id\":\"https:\\\/\\\/candas365.es\\\/noticias\\\/quinto-homenaje-muyeres-y-homes-de-les-fabriques-de-conserva-y-salazon-en-candas\\\/#organizationLogo\"},\"sameAs\":[\"https:\\\/\\\/www.facebook.com\\\/Nachofdezber\",\"https:\\\/\\\/x.com\\\/NabercoDigital\",\"https:\\\/\\\/www.instagram.com\\\/nachofdezber\\\/\",\"https:\\\/\\\/www.youtube.com\\\/channel\\\/UCZP-2wLEB9Rv6erhFmqVnvg\"],\"address\":{\"@id\":\"https:\\\/\\\/candas365.es\\\/noticias\\\/#postaladdress\",\"@type\":\"PostalAddress\",\"streetAddress\":\"san antonio 4, san antonio 4\",\"postalCode\":\"33430\",\"addressLocality\":\"Cand\\u00e1s\",\"addressRegion\":\"Asturias\",\"addressCountry\":\"ES\"}},{\"@type\":\"Person\",\"@id\":\"https:\\\/\\\/candas365.es\\\/noticias\\\/author\\\/admin\\\/#author\",\"url\":\"https:\\\/\\\/candas365.es\\\/noticias\\\/author\\\/admin\\\/\",\"name\":\"Cand\\u00e1s 365\",\"image\":{\"@type\":\"ImageObject\",\"@id\":\"https:\\\/\\\/candas365.es\\\/noticias\\\/quinto-homenaje-muyeres-y-homes-de-les-fabriques-de-conserva-y-salazon-en-candas\\\/#authorImage\",\"url\":\"https:\\\/\\\/secure.gravatar.com\\\/avatar\\\/496a8e03d0c493ede1718b7934145dbdf8d89be1036b0eec9544e1094c9de390?s=96&d=mm&r=g\",\"width\":96,\"height\":96,\"caption\":\"Cand\\u00e1s 365\"},\"sameAs\":[\"https:\\\/\\\/www.facebook.com\\\/carrenoactualidad\",\"https:\\\/\\\/twitter.com\\\/nbasturias\",\"https:\\\/\\\/www.instagram.com\\\/nachofdezber\\\/\",\"https:\\\/\\\/www.youtube.com\\\/channel\\\/UCZP-2wLEB9Rv6erhFmqVnvg\"]},{\"@type\":\"WebPage\",\"@id\":\"https:\\\/\\\/candas365.es\\\/noticias\\\/quinto-homenaje-muyeres-y-homes-de-les-fabriques-de-conserva-y-salazon-en-candas\\\/#webpage\",\"url\":\"https:\\\/\\\/candas365.es\\\/noticias\\\/quinto-homenaje-muyeres-y-homes-de-les-fabriques-de-conserva-y-salazon-en-candas\\\/\",\"name\":\"\\u201cQuinto Homenaje Muyeres y Homes de les Fabriques de Conserva y Salaz\\u00f3n\\u201d, en Cand\\u00e1s | Cand\\u00e1s 365\",\"description\":\"El s\\u00e1bado 5 de mayo tendr\\u00e1 lugar en Cand\\u00e1s el \\\"V Homenaje a les Muyeres y Homes que trabajaron en las de las f\\u00e1bricas de Conserva y salaz\\u00f3n. Mancomunidad de la Bodega\\\" La iniciativa parte de la asociaci\\u00f3n \\u201cCand\\u00e1s Marinero\\u201d en el a\\u00f1o 2014. Esa primera edici\\u00f3n fue dedicada a la villa vecina de Luanco,\",\"inLanguage\":\"es-ES\",\"isPartOf\":{\"@id\":\"https:\\\/\\\/candas365.es\\\/noticias\\\/#website\"},\"breadcrumb\":{\"@id\":\"https:\\\/\\\/candas365.es\\\/noticias\\\/quinto-homenaje-muyeres-y-homes-de-les-fabriques-de-conserva-y-salazon-en-candas\\\/#breadcrumblist\"},\"author\":{\"@id\":\"https:\\\/\\\/candas365.es\\\/noticias\\\/author\\\/admin\\\/#author\"},\"creator\":{\"@id\":\"https:\\\/\\\/candas365.es\\\/noticias\\\/author\\\/admin\\\/#author\"},\"image\":{\"@type\":\"ImageObject\",\"url\":\"https:\\\/\\\/candas365.es\\\/noticias\\\/wp-content\\\/uploads\\\/2018\\\/05\\\/V-Homenaje-en-Cand\\u00e1s.jpg\",\"@id\":\"https:\\\/\\\/candas365.es\\\/noticias\\\/quinto-homenaje-muyeres-y-homes-de-les-fabriques-de-conserva-y-salazon-en-candas\\\/#mainImage\",\"width\":663,\"height\":377},\"primaryImageOfPage\":{\"@id\":\"https:\\\/\\\/candas365.es\\\/noticias\\\/quinto-homenaje-muyeres-y-homes-de-les-fabriques-de-conserva-y-salazon-en-candas\\\/#mainImage\"},\"datePublished\":\"2018-05-02T18:33:46+02:00\",\"dateModified\":\"2018-05-02T18:37:54+02:00\"},{\"@type\":\"WebSite\",\"@id\":\"https:\\\/\\\/candas365.es\\\/noticias\\\/#website\",\"url\":\"https:\\\/\\\/candas365.es\\\/noticias\\\/\",\"name\":\"Cand\\u00e1s 365\",\"alternateName\":\"Cand\\u00e1s 365 Noticias\",\"description\":\"Actualidad desde Carre\\u00f1o para el mundo\",\"inLanguage\":\"es-ES\",\"publisher\":{\"@id\":\"https:\\\/\\\/candas365.es\\\/noticias\\\/#organization\"}}]}\n\t\t<\/script>\n\t\t<!-- All in One SEO Pro -->\r\n\t\t<title>\u201cQuinto Homenaje Muyeres y Homes de les Fabriques de Conserva y Salaz\u00f3n\u201d, en Cand\u00e1s | Cand\u00e1s 365<\/title>\n\n","aioseo_head_json":{"title":"\u201cQuinto Homenaje Muyeres y Homes de les Fabriques de Conserva y Salaz\u00f3n\u201d, en Cand\u00e1s | Cand\u00e1s 365","description":"El s\u00e1bado 5 de mayo tendr\u00e1 lugar en Cand\u00e1s el \"V Homenaje a les Muyeres y Homes que trabajaron en las de las f\u00e1bricas de Conserva y salaz\u00f3n. Mancomunidad de la Bodega\" La iniciativa parte de la asociaci\u00f3n \u201cCand\u00e1s Marinero\u201d en el a\u00f1o 2014. Esa primera edici\u00f3n fue dedicada a la villa vecina de Luanco,","canonical_url":"https:\/\/candas365.es\/noticias\/quinto-homenaje-muyeres-y-homes-de-les-fabriques-de-conserva-y-salazon-en-candas\/","robots":"max-image-preview:large","keywords":"noticias carre\u00f1o","webmasterTools":{"google-site-verification":"UA-32230408-1","msvalidate.01":"354F3CDFB2DA171B47FBE9ABF1F88D5","miscellaneous":""},"schema":{"@context":"https:\/\/schema.org","@graph":[{"@type":"BreadcrumbList","@id":"https:\/\/candas365.es\/noticias\/quinto-homenaje-muyeres-y-homes-de-les-fabriques-de-conserva-y-salazon-en-candas\/#breadcrumblist","itemListElement":[{"@type":"ListItem","@id":"https:\/\/candas365.es\/noticias#listItem","position":1,"name":"Home","item":"https:\/\/candas365.es\/noticias","nextItem":{"@type":"ListItem","@id":"https:\/\/candas365.es\/noticias\/category\/noticias-carreno\/#listItem","name":"Noticias Carre\u00f1o"}},{"@type":"ListItem","@id":"https:\/\/candas365.es\/noticias\/category\/noticias-carreno\/#listItem","position":2,"name":"Noticias Carre\u00f1o","item":"https:\/\/candas365.es\/noticias\/category\/noticias-carreno\/","nextItem":{"@type":"ListItem","@id":"https:\/\/candas365.es\/noticias\/quinto-homenaje-muyeres-y-homes-de-les-fabriques-de-conserva-y-salazon-en-candas\/#listItem","name":"\u201cQuinto Homenaje Muyeres y Homes de les Fabriques de Conserva y Salaz\u00f3n\u201d, en Cand\u00e1s"},"previousItem":{"@type":"ListItem","@id":"https:\/\/candas365.es\/noticias#listItem","name":"Home"}},{"@type":"ListItem","@id":"https:\/\/candas365.es\/noticias\/quinto-homenaje-muyeres-y-homes-de-les-fabriques-de-conserva-y-salazon-en-candas\/#listItem","position":3,"name":"\u201cQuinto Homenaje Muyeres y Homes de les Fabriques de Conserva y Salaz\u00f3n\u201d, en Cand\u00e1s","previousItem":{"@type":"ListItem","@id":"https:\/\/candas365.es\/noticias\/category\/noticias-carreno\/#listItem","name":"Noticias Carre\u00f1o"}}]},{"@type":"NewsArticle","@id":"https:\/\/candas365.es\/noticias\/quinto-homenaje-muyeres-y-homes-de-les-fabriques-de-conserva-y-salazon-en-candas\/#newsarticle","name":"\u201cQuinto Homenaje Muyeres y Homes de les Fabriques de Conserva y Salaz\u00f3n\u201d, en Cand\u00e1s | Cand\u00e1s 365","headline":"\u201cQuinto Homenaje Muyeres y Homes de les Fabriques de Conserva y Salaz\u00f3n\u201d, en Cand\u00e1s","author":{"@id":"https:\/\/candas365.es\/noticias\/author\/admin\/#author"},"publisher":{"@id":"https:\/\/candas365.es\/noticias\/#organization"},"image":{"@type":"ImageObject","url":"https:\/\/candas365.es\/noticias\/wp-content\/uploads\/2018\/05\/V-Homenaje-en-Cand\u00e1s.jpg","width":663,"height":377},"datePublished":"2018-05-02T18:33:46+02:00","dateModified":"2018-05-02T18:37:54+02:00","inLanguage":"es-ES","mainEntityOfPage":{"@id":"https:\/\/candas365.es\/noticias\/quinto-homenaje-muyeres-y-homes-de-les-fabriques-de-conserva-y-salazon-en-candas\/#webpage"},"isPartOf":{"@id":"https:\/\/candas365.es\/noticias\/quinto-homenaje-muyeres-y-homes-de-les-fabriques-de-conserva-y-salazon-en-candas\/#webpage"},"articleSection":"Noticias Carre\u00f1o","dateline":"Publicado el mayo 2, 2018."},{"@type":"Organization","@id":"https:\/\/candas365.es\/noticias\/#organization","name":"Cand\u00e1s 365","description":"Cand\u00e1s 365 es un diario digital independiente, fundado en 2012, con base en Asturias. Informamos con rigor sobre actualidad, sociedad, cultura y ocio, con una mirada local y global.","url":"https:\/\/candas365.es\/noticias\/","email":"info@candas365.es","telephone":"+34652131393","foundingDate":"2012-06-10","logo":{"@type":"ImageObject","url":"https:\/\/candas365.es\/noticias\/wp-content\/uploads\/2024\/09\/Candas-365-Redes.jpg","@id":"https:\/\/candas365.es\/noticias\/quinto-homenaje-muyeres-y-homes-de-les-fabriques-de-conserva-y-salazon-en-candas\/#organizationLogo","width":1152,"height":864,"caption":"Cand\u00e1s 365 Redes"},"image":{"@id":"https:\/\/candas365.es\/noticias\/quinto-homenaje-muyeres-y-homes-de-les-fabriques-de-conserva-y-salazon-en-candas\/#organizationLogo"},"sameAs":["https:\/\/www.facebook.com\/Nachofdezber","https:\/\/x.com\/NabercoDigital","https:\/\/www.instagram.com\/nachofdezber\/","https:\/\/www.youtube.com\/channel\/UCZP-2wLEB9Rv6erhFmqVnvg"],"address":{"@id":"https:\/\/candas365.es\/noticias\/#postaladdress","@type":"PostalAddress","streetAddress":"san antonio 4, san antonio 4","postalCode":"33430","addressLocality":"Cand\u00e1s","addressRegion":"Asturias","addressCountry":"ES"}},{"@type":"Person","@id":"https:\/\/candas365.es\/noticias\/author\/admin\/#author","url":"https:\/\/candas365.es\/noticias\/author\/admin\/","name":"Cand\u00e1s 365","image":{"@type":"ImageObject","@id":"https:\/\/candas365.es\/noticias\/quinto-homenaje-muyeres-y-homes-de-les-fabriques-de-conserva-y-salazon-en-candas\/#authorImage","url":"https:\/\/secure.gravatar.com\/avatar\/496a8e03d0c493ede1718b7934145dbdf8d89be1036b0eec9544e1094c9de390?s=96&d=mm&r=g","width":96,"height":96,"caption":"Cand\u00e1s 365"},"sameAs":["https:\/\/www.facebook.com\/carrenoactualidad","https:\/\/twitter.com\/nbasturias","https:\/\/www.instagram.com\/nachofdezber\/","https:\/\/www.youtube.com\/channel\/UCZP-2wLEB9Rv6erhFmqVnvg"]},{"@type":"WebPage","@id":"https:\/\/candas365.es\/noticias\/quinto-homenaje-muyeres-y-homes-de-les-fabriques-de-conserva-y-salazon-en-candas\/#webpage","url":"https:\/\/candas365.es\/noticias\/quinto-homenaje-muyeres-y-homes-de-les-fabriques-de-conserva-y-salazon-en-candas\/","name":"\u201cQuinto Homenaje Muyeres y Homes de les Fabriques de Conserva y Salaz\u00f3n\u201d, en Cand\u00e1s | Cand\u00e1s 365","description":"El s\u00e1bado 5 de mayo tendr\u00e1 lugar en Cand\u00e1s el \"V Homenaje a les Muyeres y Homes que trabajaron en las de las f\u00e1bricas de Conserva y salaz\u00f3n. Mancomunidad de la Bodega\" La iniciativa parte de la asociaci\u00f3n \u201cCand\u00e1s Marinero\u201d en el a\u00f1o 2014. Esa primera edici\u00f3n fue dedicada a la villa vecina de Luanco,","inLanguage":"es-ES","isPartOf":{"@id":"https:\/\/candas365.es\/noticias\/#website"},"breadcrumb":{"@id":"https:\/\/candas365.es\/noticias\/quinto-homenaje-muyeres-y-homes-de-les-fabriques-de-conserva-y-salazon-en-candas\/#breadcrumblist"},"author":{"@id":"https:\/\/candas365.es\/noticias\/author\/admin\/#author"},"creator":{"@id":"https:\/\/candas365.es\/noticias\/author\/admin\/#author"},"image":{"@type":"ImageObject","url":"https:\/\/candas365.es\/noticias\/wp-content\/uploads\/2018\/05\/V-Homenaje-en-Cand\u00e1s.jpg","@id":"https:\/\/candas365.es\/noticias\/quinto-homenaje-muyeres-y-homes-de-les-fabriques-de-conserva-y-salazon-en-candas\/#mainImage","width":663,"height":377},"primaryImageOfPage":{"@id":"https:\/\/candas365.es\/noticias\/quinto-homenaje-muyeres-y-homes-de-les-fabriques-de-conserva-y-salazon-en-candas\/#mainImage"},"datePublished":"2018-05-02T18:33:46+02:00","dateModified":"2018-05-02T18:37:54+02:00"},{"@type":"WebSite","@id":"https:\/\/candas365.es\/noticias\/#website","url":"https:\/\/candas365.es\/noticias\/","name":"Cand\u00e1s 365","alternateName":"Cand\u00e1s 365 Noticias","description":"Actualidad desde Carre\u00f1o para el mundo","inLanguage":"es-ES","publisher":{"@id":"https:\/\/candas365.es\/noticias\/#organization"}}]},"og:locale":"es_ES","og:site_name":"Cand\u00e1s 365","og:type":"article","og:title":"\u201cQuinto Homenaje Muyeres y Homes de les Fabriques de Conserva y Salaz\u00f3n\u201d, en Cand\u00e1s | Cand\u00e1s 365","og:description":"El s\u00e1bado 5 de mayo tendr\u00e1 lugar en Cand\u00e1s el &quot;V Homenaje a les Muyeres y Homes que trabajaron en las de las f\u00e1bricas de Conserva y salaz\u00f3n. Mancomunidad de la Bodega&quot; La iniciativa parte de la asociaci\u00f3n \u201cCand\u00e1s Marinero\u201d en el a\u00f1o 2014. Esa primera edici\u00f3n fue dedicada a la villa vecina de Luanco,","og:url":"https:\/\/candas365.es\/noticias\/quinto-homenaje-muyeres-y-homes-de-les-fabriques-de-conserva-y-salazon-en-candas\/","og:image":"https:\/\/candas365.es\/noticias\/wp-content\/uploads\/2018\/05\/V-Homenaje-en-Cand\u00e1s.jpg","og:image:secure_url":"https:\/\/candas365.es\/noticias\/wp-content\/uploads\/2018\/05\/V-Homenaje-en-Cand\u00e1s.jpg","og:image:width":663,"og:image:height":377,"article:published_time":"2018-05-02T18:33:46+00:00","article:modified_time":"2018-05-02T18:37:54+00:00","article:publisher":"https:\/\/www.facebook.com\/Nachofdezber","article:author":"https:\/\/www.facebook.com\/carrenoactualidad","twitter:card":"summary_large_image","twitter:site":"@NabercoDigital","twitter:title":"\u201cQuinto Homenaje Muyeres y Homes de les Fabriques de Conserva y Salaz\u00f3n\u201d, en Cand\u00e1s | Cand\u00e1s 365","twitter:description":"El s\u00e1bado 5 de mayo tendr\u00e1 lugar en Cand\u00e1s el &quot;V Homenaje a les Muyeres y Homes que trabajaron en las de las f\u00e1bricas de Conserva y salaz\u00f3n. Mancomunidad de la Bodega&quot; La iniciativa parte de la asociaci\u00f3n \u201cCand\u00e1s Marinero\u201d en el a\u00f1o 2014. Esa primera edici\u00f3n fue dedicada a la villa vecina de Luanco,","twitter:creator":"@nbasturias","twitter:image":"https:\/\/candas365.es\/noticias\/wp-content\/uploads\/2018\/05\/V-Homenaje-en-Cand\u00e1s.jpg","twitter:label1":"Escrito por","twitter:data1":"Cand\u00e1s 365","twitter:label2":"Tiempo de lectura estimado","twitter:data2":"5 minutos"},"aioseo_meta_data":{"post_id":"95127","title":null,"description":null,"keywords":null,"keyphrases":null,"primary_term":null,"canonical_url":null,"og_title":null,"og_description":null,"og_object_type":"default","og_image_type":"default","og_image_url":null,"og_image_width":null,"og_image_height":null,"og_image_custom_url":null,"og_image_custom_fields":null,"og_video":null,"og_custom_url":null,"og_article_section":null,"og_article_tags":null,"twitter_use_og":false,"twitter_card":"default","twitter_image_type":"default","twitter_image_url":null,"twitter_image_custom_url":null,"twitter_image_custom_fields":null,"twitter_title":null,"twitter_description":null,"schema":{"blockGraphs":[],"customGraphs":[],"default":{"data":{"Article":[],"Course":[],"Dataset":[],"FAQPage":[],"Movie":[],"Person":[],"Product":[],"ProductReview":[],"Car":[],"Recipe":[],"Service":[],"SoftwareApplication":[],"WebPage":[]},"graphName":"","isEnabled":true},"graphs":[]},"schema_type":null,"schema_type_options":null,"pillar_content":false,"robots_default":true,"robots_noindex":false,"robots_noarchive":false,"robots_nosnippet":false,"robots_nofollow":false,"robots_noimageindex":false,"robots_noodp":false,"robots_notranslate":false,"robots_max_snippet":null,"robots_max_videopreview":null,"robots_max_imagepreview":"large","priority":null,"frequency":null,"location":null,"local_seo":null,"seo_analyzer_scan_date":"2025-08-26 20:03:17","breadcrumb_settings":null,"limit_modified_date":false,"reviewed_by":null,"open_ai":null,"ai":null,"created":"2020-12-21 11:39:13","updated":"2025-08-26 20:03:17"},"aioseo_breadcrumb":"<div class=\"aioseo-breadcrumbs\"><span class=\"aioseo-breadcrumb\">\n\t<a href=\"https:\/\/candas365.es\/noticias\" title=\"Home\">Home<\/a>\n<\/span><span class=\"aioseo-breadcrumb-separator\">&ndash;<\/span><span class=\"aioseo-breadcrumb\">\n\t<a href=\"https:\/\/candas365.es\/noticias\/category\/noticias-carreno\/\" title=\"Noticias Carre\u00f1o\">Noticias Carre\u00f1o<\/a>\n<\/span><span class=\"aioseo-breadcrumb-separator\">&ndash;<\/span><span class=\"aioseo-breadcrumb\">\n\t\u201cQuinto Homenaje Muyeres y Homes de les Fabriques de Conserva y Salaz\u00f3n\u201d, en Cand\u00e1s\n<\/span><\/div>","aioseo_breadcrumb_json":[{"label":"Home","link":"https:\/\/candas365.es\/noticias"},{"label":"Noticias Carre\u00f1o","link":"https:\/\/candas365.es\/noticias\/category\/noticias-carreno\/"},{"label":"\u201cQuinto Homenaje Muyeres y Homes de les Fabriques de Conserva y Salaz\u00f3n\u201d, en Cand\u00e1s","link":"https:\/\/candas365.es\/noticias\/quinto-homenaje-muyeres-y-homes-de-les-fabriques-de-conserva-y-salazon-en-candas\/"}],"_links":{"self":[{"href":"https:\/\/candas365.es\/noticias\/wp-json\/wp\/v2\/posts\/95127","targetHints":{"allow":["GET"]}}],"collection":[{"href":"https:\/\/candas365.es\/noticias\/wp-json\/wp\/v2\/posts"}],"about":[{"href":"https:\/\/candas365.es\/noticias\/wp-json\/wp\/v2\/types\/post"}],"author":[{"embeddable":true,"href":"https:\/\/candas365.es\/noticias\/wp-json\/wp\/v2\/users\/1"}],"replies":[{"embeddable":true,"href":"https:\/\/candas365.es\/noticias\/wp-json\/wp\/v2\/comments?post=95127"}],"version-history":[{"count":0,"href":"https:\/\/candas365.es\/noticias\/wp-json\/wp\/v2\/posts\/95127\/revisions"}],"wp:featuredmedia":[{"embeddable":true,"href":"https:\/\/candas365.es\/noticias\/wp-json\/wp\/v2\/media\/95129"}],"wp:attachment":[{"href":"https:\/\/candas365.es\/noticias\/wp-json\/wp\/v2\/media?parent=95127"}],"wp:term":[{"taxonomy":"category","embeddable":true,"href":"https:\/\/candas365.es\/noticias\/wp-json\/wp\/v2\/categories?post=95127"},{"taxonomy":"post_tag","embeddable":true,"href":"https:\/\/candas365.es\/noticias\/wp-json\/wp\/v2\/tags?post=95127"}],"curies":[{"name":"wp","href":"https:\/\/api.w.org\/{rel}","templated":true}]}}