{"id":95076,"date":"2018-05-01T17:54:01","date_gmt":"2018-05-01T17:54:01","guid":{"rendered":"http:\/\/candas365.es\/noticias\/?p=95076"},"modified":"2018-05-01T17:54:01","modified_gmt":"2018-05-01T17:54:01","slug":"raices-candasinas-en-eustory","status":"publish","type":"post","link":"https:\/\/candas365.es\/noticias\/raices-candasinas-en-eustory\/","title":{"rendered":"Ra\u00edces candasinas en Eustory"},"content":{"rendered":"<p><img fetchpriority=\"high\" decoding=\"async\" class=\"alignleft size-medium wp-image-95077\" src=\"https:\/\/candas365.es\/noticias\/wp-content\/uploads\/2018\/05\/Alumnas-de-Bachillerato-con-la-Alcaldesa-360x271.jpg\" alt=\"\" width=\"360\" height=\"271\" srcset=\"https:\/\/candas365.es\/noticias\/wp-content\/uploads\/2018\/05\/Alumnas-de-Bachillerato-con-la-Alcaldesa-360x271.jpg 360w, https:\/\/candas365.es\/noticias\/wp-content\/uploads\/2018\/05\/Alumnas-de-Bachillerato-con-la-Alcaldesa-768x578.jpg 768w, https:\/\/candas365.es\/noticias\/wp-content\/uploads\/2018\/05\/Alumnas-de-Bachillerato-con-la-Alcaldesa-638x480.jpg 638w, https:\/\/candas365.es\/noticias\/wp-content\/uploads\/2018\/05\/Alumnas-de-Bachillerato-con-la-Alcaldesa-80x60.jpg 80w, https:\/\/candas365.es\/noticias\/wp-content\/uploads\/2018\/05\/Alumnas-de-Bachillerato-con-la-Alcaldesa-265x198.jpg 265w, https:\/\/candas365.es\/noticias\/wp-content\/uploads\/2018\/05\/Alumnas-de-Bachillerato-con-la-Alcaldesa-696x524.jpg 696w, https:\/\/candas365.es\/noticias\/wp-content\/uploads\/2018\/05\/Alumnas-de-Bachillerato-con-la-Alcaldesa-1068x804.jpg 1068w, https:\/\/candas365.es\/noticias\/wp-content\/uploads\/2018\/05\/Alumnas-de-Bachillerato-con-la-Alcaldesa-558x420.jpg 558w, https:\/\/candas365.es\/noticias\/wp-content\/uploads\/2018\/05\/Alumnas-de-Bachillerato-con-la-Alcaldesa.jpg 1280w\" sizes=\"(max-width: 360px) 100vw, 360px\" \/>Tres alumnas de 1\u00ba de Bachillerato del Colegio San Fernando de Avil\u00e9s, Elena Prendes Breban, con ra\u00edces candasinas de la familia pirag\u00fcista de los Prendes, y sus compa\u00f1eras Sof\u00eda Rodr\u00edguez Joglar e Irene L\u00f3pez Garc\u00eda ultiman su trabajo escolar que presentar\u00e1n antes de mediados de Agosto.<\/p>\n<p>\u201cEstas j\u00f3venes participar\u00e1n en un concurso internacional sobre \u00abPatrimonio Hist\u00f3rico\u00bb, organizado por la red europea Eustory. Este concurso de historia va dirigido a j\u00f3venes espa\u00f1oles o con residencia en Espa\u00f1a, portugueses o con residencia en Portugal de los niveles equivalentes a 4\u00ba de ESO, 1\u00ba y 2\u00ba de Bachillerato, FP reglada y ESPA menores de 21 a\u00f1os. Tambi\u00e9n podr\u00e1n participar estudiantes de 14 a 21 a\u00f1os de centros escolares no universitarios nacidos o residentes en cualquier Estado del continente americano. Tiene como concepto b\u00e1sico aprender investigando. Es una propuesta educativa para preuniversitarios\/as donde se les piden trabajos distintos a los que, muy posiblemente, hacen en clase. Se trata de investigar, y en el formato que elijan que planifiquen, busquen, analicen y cuenten lo que han aprendido\u201d \u2013 se\u00f1al\u00f3 Amelia Fern\u00e1ndez, Alcaldesa de Carre\u00f1o.<\/p>\n<p>\u201cEs una satisfacci\u00f3n que la juventud asturiana aprenda, con iniciativas como \u00e9sta a investigar, m\u00e1xime cuando la tem\u00e1tica seleccionada es la figura de nuestro escultor. A tal fin, se estuvieron documentando ampliamente en el Museo Ant\u00f3n. Mantuvieron encuentros con su directora Dolores Villameriel experta en su obra, tambi\u00e9n visitaron el Ayuntamiento para interesarse in situ por la repercusi\u00f3n de la obra del escultor en el municipio, en el entorno regional, nacional e internacional y contactaron con el m\u00fasico candas\u00edn Pipo Prendes, para conocer la melod\u00eda que le dedic\u00f3 Ant\u00f3n\u201d \u2013 prosigui\u00f3 la Alcaldesa.<\/p>\n<p>\u201cEn el encuentro que mantuvimos en el consistorio les expliqu\u00e9 que el Museo centra sus esfuerzos en establecer continuas v\u00edas de enlace con la sociedad, programando diferentes actividades en las que el p\u00fablico se convierta en el verdadero protagonista del Museo. Las estudiantes de interesaron por conocer qu\u00e9 supone el Museo Ant\u00f3n para la actividad tur\u00edstica y cultural del concejo de Carre\u00f1o. Dado que el mismo se configura como un espacio p\u00fablico, abierto e interactivo; es un espacio a trav\u00e9s del que ofrecemos a la sociedad instrumentos de participaci\u00f3n e interpretaci\u00f3n, capaz de integrar al p\u00fablico y potenciar el debate cr\u00edtico en torno a sus colecciones y a la propia instituci\u00f3n. Tambi\u00e9n analizamos las diferentes acciones culturales que en \u00e9l se realizan: visitas guiadas, exposiciones temporales, exposiciones permanentes, conferencias, conciertos, talleres did\u00e1cticos&#8230;\u201d \u2013 a\u00f1adi\u00f3 la regidora.<\/p>\n<p>\u201cEl pr\u00f3ximo a\u00f1o, en 2019, se cumplen los treinta a\u00f1os de inauguraci\u00f3n del Museo, desde los \u00f3rganos de gobierno del Patronato que rige el Museo elaboraremos un programa de actividades que conmemore esta fecha para hacer m\u00e1s visible, si cabe, nuestro Museo y la obra del escultor candas\u00edn\u201d \u2013 se\u00f1al\u00f3 Fern\u00e1ndez.<\/p>\n<p>\u201cOtra cuesti\u00f3n que suscit\u00f3 el inter\u00e9s de las estudiantes fue el estimulo de la vocaci\u00f3n art\u00edstica que supone el ejemplo de Ant\u00f3n. No s\u00f3lo el ejemplo de Ant\u00f3n permite estimular la vocaci\u00f3n art\u00edstica de los j\u00f3venes de Carre\u00f1o, sino que tambi\u00e9n contribuye a promover este inter\u00e9s por la creaci\u00f3n pl\u00e1stica todos los talleres did\u00e1cticos que desde el Museo Ant\u00f3n se programan para diferentes colectivos, tanto de escolares como para p\u00fablico infantil fuera ya de periodo lectivo. Por otra parte, las diferentes exposiciones temporales que se realizan durante el a\u00f1o y dirigidas a todo tipo de p\u00fablico sirven tambi\u00e9n descubrir otras formas de expresi\u00f3n art\u00edstica. Y contamos con patrocinadores como EDP que cada a\u00f1o permiten convocar una beca a la creaci\u00f3n art\u00edstica \u201c \u2013 afirm\u00f3 la Alcaldesa.<\/p>\n<p>\u201cConcursar en Eustory puede darles a oportunidad de, adem\u00e1s de obtener premios en met\u00e1lico, participar en los Campus de Historia -foros de encuentro y debate sobre temas de la historia europea- junto a j\u00f3venes de m\u00e1s de veinte pa\u00edses del continente. Desearles a Elena, Sof\u00eda e Irene mucha suerte en este certamen y agradecerles el inter\u00e9s por la figura de Antonio Rodr\u00edguez Garc\u00eda, escultor y pintor autodidacta cuya carrera se vio truncada por la Guerra Civil. Ant\u00f3n fue asesinado en plena actividad creadora, y nos queda la inc\u00f3gnita, ya para siempre, de saber hasta d\u00f3nde podr\u00edan haber evolucionado las excepcionales dotes art\u00edsticas de este candas\u00edn\u201d \u2013 concluy\u00f3 Amelia Fern\u00e1ndez.<\/p>\n","protected":false},"excerpt":{"rendered":"<p>Tres alumnas de 1\u00ba de Bachillerato del Colegio San Fernando de Avil\u00e9s, Elena Prendes Breban, con ra\u00edces candasinas de la familia pirag\u00fcista de los Prendes, y sus compa\u00f1eras Sof\u00eda Rodr\u00edguez Joglar e Irene L\u00f3pez Garc\u00eda ultiman su trabajo escolar que presentar\u00e1n antes de mediados de Agosto. \u201cEstas j\u00f3venes participar\u00e1n en un concurso internacional sobre \u00abPatrimonio<\/p>\n","protected":false},"author":1,"featured_media":95077,"comment_status":"closed","ping_status":"closed","sticky":false,"template":"","format":"standard","meta":{"footnotes":""},"categories":[2],"tags":[],"class_list":{"0":"post-95076","1":"post","2":"type-post","3":"status-publish","4":"format-standard","5":"has-post-thumbnail","7":"category-noticias-carreno"},"aioseo_notices":[],"aioseo_head":"\n\t\t<!-- All in One SEO Pro 4.9.6.2 - aioseo.com -->\n\t<meta name=\"description\" content=\"Tres alumnas de 1\u00ba de Bachillerato del Colegio San Fernando de Avil\u00e9s, Elena Prendes Breban, con ra\u00edces candasinas de la familia pirag\u00fcista de los Prendes, y sus compa\u00f1eras Sof\u00eda Rodr\u00edguez Joglar e Irene L\u00f3pez Garc\u00eda ultiman su trabajo escolar que presentar\u00e1n antes de mediados de Agosto. \u201cEstas j\u00f3venes participar\u00e1n en un concurso internacional sobre &quot;Patrimonio\" \/>\n\t<meta name=\"robots\" content=\"max-image-preview:large\" \/>\n\t<meta name=\"author\" content=\"Cand\u00e1s 365\"\/>\n\t<meta name=\"google-site-verification\" content=\"UA-32230408-1\" \/>\n\t<meta name=\"msvalidate.01\" content=\"354F3CDFB2DA171B47FBE9ABF1F88D5\" \/>\n\t<meta name=\"keywords\" content=\"noticias carre\u00f1o\" \/>\n\t<link rel=\"canonical\" href=\"https:\/\/candas365.es\/noticias\/raices-candasinas-en-eustory\/\" \/>\n\t<meta name=\"generator\" content=\"All in One SEO Pro (AIOSEO) 4.9.6.2\" \/>\n\t\t<meta property=\"og:locale\" content=\"es_ES\" \/>\n\t\t<meta property=\"og:site_name\" content=\"Cand\u00e1s 365\" \/>\n\t\t<meta property=\"og:type\" content=\"article\" \/>\n\t\t<meta property=\"og:title\" content=\"Ra\u00edces candasinas en Eustory | Cand\u00e1s 365\" \/>\n\t\t<meta property=\"og:description\" content=\"Tres alumnas de 1\u00ba de Bachillerato del Colegio San Fernando de Avil\u00e9s, Elena Prendes Breban, con ra\u00edces candasinas de la familia pirag\u00fcista de los Prendes, y sus compa\u00f1eras Sof\u00eda Rodr\u00edguez Joglar e Irene L\u00f3pez Garc\u00eda ultiman su trabajo escolar que presentar\u00e1n antes de mediados de Agosto. \u201cEstas j\u00f3venes participar\u00e1n en un concurso internacional sobre &quot;Patrimonio\" \/>\n\t\t<meta property=\"og:url\" content=\"https:\/\/candas365.es\/noticias\/raices-candasinas-en-eustory\/\" \/>\n\t\t<meta property=\"og:image\" content=\"https:\/\/candas365.es\/noticias\/wp-content\/uploads\/2018\/05\/Alumnas-de-Bachillerato-con-la-Alcaldesa.jpg\" \/>\n\t\t<meta property=\"og:image:secure_url\" content=\"https:\/\/candas365.es\/noticias\/wp-content\/uploads\/2018\/05\/Alumnas-de-Bachillerato-con-la-Alcaldesa.jpg\" \/>\n\t\t<meta property=\"og:image:width\" content=\"1280\" \/>\n\t\t<meta property=\"og:image:height\" content=\"963\" \/>\n\t\t<meta property=\"article:published_time\" content=\"2018-05-01T17:54:01+00:00\" \/>\n\t\t<meta property=\"article:modified_time\" content=\"2018-05-01T17:54:01+00:00\" \/>\n\t\t<meta property=\"article:publisher\" content=\"https:\/\/www.facebook.com\/Nachofdezber\" \/>\n\t\t<meta property=\"article:author\" content=\"https:\/\/www.facebook.com\/carrenoactualidad\" \/>\n\t\t<meta name=\"twitter:card\" content=\"summary_large_image\" \/>\n\t\t<meta name=\"twitter:site\" content=\"@NabercoDigital\" \/>\n\t\t<meta name=\"twitter:title\" content=\"Ra\u00edces candasinas en Eustory | Cand\u00e1s 365\" \/>\n\t\t<meta name=\"twitter:description\" content=\"Tres alumnas de 1\u00ba de Bachillerato del Colegio San Fernando de Avil\u00e9s, Elena Prendes Breban, con ra\u00edces candasinas de la familia pirag\u00fcista de los Prendes, y sus compa\u00f1eras Sof\u00eda Rodr\u00edguez Joglar e Irene L\u00f3pez Garc\u00eda ultiman su trabajo escolar que presentar\u00e1n antes de mediados de Agosto. \u201cEstas j\u00f3venes participar\u00e1n en un concurso internacional sobre &quot;Patrimonio\" \/>\n\t\t<meta name=\"twitter:creator\" content=\"@nbasturias\" \/>\n\t\t<meta name=\"twitter:image\" content=\"https:\/\/candas365.es\/noticias\/wp-content\/uploads\/2018\/05\/Alumnas-de-Bachillerato-con-la-Alcaldesa.jpg\" \/>\n\t\t<meta name=\"twitter:label1\" content=\"Escrito por\" \/>\n\t\t<meta name=\"twitter:data1\" content=\"Cand\u00e1s 365\" \/>\n\t\t<meta name=\"twitter:label2\" content=\"Tiempo de lectura estimado\" \/>\n\t\t<meta name=\"twitter:data2\" content=\"4 minutos\" \/>\n\t\t<script type=\"application\/ld+json\" class=\"aioseo-schema\">\n\t\t\t{\"@context\":\"https:\\\/\\\/schema.org\",\"@graph\":[{\"@type\":\"BreadcrumbList\",\"@id\":\"https:\\\/\\\/candas365.es\\\/noticias\\\/raices-candasinas-en-eustory\\\/#breadcrumblist\",\"itemListElement\":[{\"@type\":\"ListItem\",\"@id\":\"https:\\\/\\\/candas365.es\\\/noticias#listItem\",\"position\":1,\"name\":\"Home\",\"item\":\"https:\\\/\\\/candas365.es\\\/noticias\",\"nextItem\":{\"@type\":\"ListItem\",\"@id\":\"https:\\\/\\\/candas365.es\\\/noticias\\\/category\\\/noticias-carreno\\\/#listItem\",\"name\":\"Noticias Carre\\u00f1o\"}},{\"@type\":\"ListItem\",\"@id\":\"https:\\\/\\\/candas365.es\\\/noticias\\\/category\\\/noticias-carreno\\\/#listItem\",\"position\":2,\"name\":\"Noticias Carre\\u00f1o\",\"item\":\"https:\\\/\\\/candas365.es\\\/noticias\\\/category\\\/noticias-carreno\\\/\",\"nextItem\":{\"@type\":\"ListItem\",\"@id\":\"https:\\\/\\\/candas365.es\\\/noticias\\\/raices-candasinas-en-eustory\\\/#listItem\",\"name\":\"Ra\\u00edces candasinas en Eustory\"},\"previousItem\":{\"@type\":\"ListItem\",\"@id\":\"https:\\\/\\\/candas365.es\\\/noticias#listItem\",\"name\":\"Home\"}},{\"@type\":\"ListItem\",\"@id\":\"https:\\\/\\\/candas365.es\\\/noticias\\\/raices-candasinas-en-eustory\\\/#listItem\",\"position\":3,\"name\":\"Ra\\u00edces candasinas en Eustory\",\"previousItem\":{\"@type\":\"ListItem\",\"@id\":\"https:\\\/\\\/candas365.es\\\/noticias\\\/category\\\/noticias-carreno\\\/#listItem\",\"name\":\"Noticias Carre\\u00f1o\"}}]},{\"@type\":\"NewsArticle\",\"@id\":\"https:\\\/\\\/candas365.es\\\/noticias\\\/raices-candasinas-en-eustory\\\/#newsarticle\",\"name\":\"Ra\\u00edces candasinas en Eustory | Cand\\u00e1s 365\",\"headline\":\"Ra\\u00edces candasinas en Eustory\",\"author\":{\"@id\":\"https:\\\/\\\/candas365.es\\\/noticias\\\/author\\\/admin\\\/#author\"},\"publisher\":{\"@id\":\"https:\\\/\\\/candas365.es\\\/noticias\\\/#organization\"},\"image\":{\"@type\":\"ImageObject\",\"url\":\"https:\\\/\\\/candas365.es\\\/noticias\\\/wp-content\\\/uploads\\\/2018\\\/05\\\/Alumnas-de-Bachillerato-con-la-Alcaldesa.jpg\",\"width\":1280,\"height\":963},\"datePublished\":\"2018-05-01T17:54:01+02:00\",\"dateModified\":\"2018-05-01T17:54:01+02:00\",\"inLanguage\":\"es-ES\",\"mainEntityOfPage\":{\"@id\":\"https:\\\/\\\/candas365.es\\\/noticias\\\/raices-candasinas-en-eustory\\\/#webpage\"},\"isPartOf\":{\"@id\":\"https:\\\/\\\/candas365.es\\\/noticias\\\/raices-candasinas-en-eustory\\\/#webpage\"},\"articleSection\":\"Noticias Carre\\u00f1o\",\"dateline\":\"Publicado el mayo 1, 2018.\"},{\"@type\":\"Organization\",\"@id\":\"https:\\\/\\\/candas365.es\\\/noticias\\\/#organization\",\"name\":\"Cand\\u00e1s 365\",\"description\":\"Cand\\u00e1s 365 es un diario digital independiente, fundado en 2012, con base en Asturias. Informamos con rigor sobre actualidad, sociedad, cultura y ocio, con una mirada local y global.\",\"url\":\"https:\\\/\\\/candas365.es\\\/noticias\\\/\",\"email\":\"info@candas365.es\",\"telephone\":\"+34652131393\",\"foundingDate\":\"2012-06-10\",\"logo\":{\"@type\":\"ImageObject\",\"url\":\"https:\\\/\\\/candas365.es\\\/noticias\\\/wp-content\\\/uploads\\\/2024\\\/09\\\/Candas-365-Redes.jpg\",\"@id\":\"https:\\\/\\\/candas365.es\\\/noticias\\\/raices-candasinas-en-eustory\\\/#organizationLogo\",\"width\":1152,\"height\":864,\"caption\":\"Cand\\u00e1s 365 Redes\"},\"image\":{\"@id\":\"https:\\\/\\\/candas365.es\\\/noticias\\\/raices-candasinas-en-eustory\\\/#organizationLogo\"},\"sameAs\":[\"https:\\\/\\\/www.facebook.com\\\/Nachofdezber\",\"https:\\\/\\\/x.com\\\/NabercoDigital\",\"https:\\\/\\\/www.instagram.com\\\/nachofdezber\\\/\",\"https:\\\/\\\/www.youtube.com\\\/channel\\\/UCZP-2wLEB9Rv6erhFmqVnvg\"],\"address\":{\"@id\":\"https:\\\/\\\/candas365.es\\\/noticias\\\/#postaladdress\",\"@type\":\"PostalAddress\",\"streetAddress\":\"san antonio 4, san antonio 4\",\"postalCode\":\"33430\",\"addressLocality\":\"Cand\\u00e1s\",\"addressRegion\":\"Asturias\",\"addressCountry\":\"ES\"}},{\"@type\":\"Person\",\"@id\":\"https:\\\/\\\/candas365.es\\\/noticias\\\/author\\\/admin\\\/#author\",\"url\":\"https:\\\/\\\/candas365.es\\\/noticias\\\/author\\\/admin\\\/\",\"name\":\"Cand\\u00e1s 365\",\"image\":{\"@type\":\"ImageObject\",\"@id\":\"https:\\\/\\\/candas365.es\\\/noticias\\\/raices-candasinas-en-eustory\\\/#authorImage\",\"url\":\"https:\\\/\\\/secure.gravatar.com\\\/avatar\\\/496a8e03d0c493ede1718b7934145dbdf8d89be1036b0eec9544e1094c9de390?s=96&d=mm&r=g\",\"width\":96,\"height\":96,\"caption\":\"Cand\\u00e1s 365\"},\"sameAs\":[\"https:\\\/\\\/www.facebook.com\\\/carrenoactualidad\",\"https:\\\/\\\/twitter.com\\\/nbasturias\",\"https:\\\/\\\/www.instagram.com\\\/nachofdezber\\\/\",\"https:\\\/\\\/www.youtube.com\\\/channel\\\/UCZP-2wLEB9Rv6erhFmqVnvg\"]},{\"@type\":\"WebPage\",\"@id\":\"https:\\\/\\\/candas365.es\\\/noticias\\\/raices-candasinas-en-eustory\\\/#webpage\",\"url\":\"https:\\\/\\\/candas365.es\\\/noticias\\\/raices-candasinas-en-eustory\\\/\",\"name\":\"Ra\\u00edces candasinas en Eustory | Cand\\u00e1s 365\",\"description\":\"Tres alumnas de 1\\u00ba de Bachillerato del Colegio San Fernando de Avil\\u00e9s, Elena Prendes Breban, con ra\\u00edces candasinas de la familia pirag\\u00fcista de los Prendes, y sus compa\\u00f1eras Sof\\u00eda Rodr\\u00edguez Joglar e Irene L\\u00f3pez Garc\\u00eda ultiman su trabajo escolar que presentar\\u00e1n antes de mediados de Agosto. \\u201cEstas j\\u00f3venes participar\\u00e1n en un concurso internacional sobre \\\"Patrimonio\",\"inLanguage\":\"es-ES\",\"isPartOf\":{\"@id\":\"https:\\\/\\\/candas365.es\\\/noticias\\\/#website\"},\"breadcrumb\":{\"@id\":\"https:\\\/\\\/candas365.es\\\/noticias\\\/raices-candasinas-en-eustory\\\/#breadcrumblist\"},\"author\":{\"@id\":\"https:\\\/\\\/candas365.es\\\/noticias\\\/author\\\/admin\\\/#author\"},\"creator\":{\"@id\":\"https:\\\/\\\/candas365.es\\\/noticias\\\/author\\\/admin\\\/#author\"},\"image\":{\"@type\":\"ImageObject\",\"url\":\"https:\\\/\\\/candas365.es\\\/noticias\\\/wp-content\\\/uploads\\\/2018\\\/05\\\/Alumnas-de-Bachillerato-con-la-Alcaldesa.jpg\",\"@id\":\"https:\\\/\\\/candas365.es\\\/noticias\\\/raices-candasinas-en-eustory\\\/#mainImage\",\"width\":1280,\"height\":963},\"primaryImageOfPage\":{\"@id\":\"https:\\\/\\\/candas365.es\\\/noticias\\\/raices-candasinas-en-eustory\\\/#mainImage\"},\"datePublished\":\"2018-05-01T17:54:01+02:00\",\"dateModified\":\"2018-05-01T17:54:01+02:00\"},{\"@type\":\"WebSite\",\"@id\":\"https:\\\/\\\/candas365.es\\\/noticias\\\/#website\",\"url\":\"https:\\\/\\\/candas365.es\\\/noticias\\\/\",\"name\":\"Cand\\u00e1s 365\",\"alternateName\":\"Cand\\u00e1s 365 Noticias\",\"description\":\"Actualidad desde Carre\\u00f1o para el mundo\",\"inLanguage\":\"es-ES\",\"publisher\":{\"@id\":\"https:\\\/\\\/candas365.es\\\/noticias\\\/#organization\"}}]}\n\t\t<\/script>\n\t\t<!-- All in One SEO Pro -->\r\n\t\t<title>Ra\u00edces candasinas en Eustory | Cand\u00e1s 365<\/title>\n\n","aioseo_head_json":{"title":"Ra\u00edces candasinas en Eustory | Cand\u00e1s 365","description":"Tres alumnas de 1\u00ba de Bachillerato del Colegio San Fernando de Avil\u00e9s, Elena Prendes Breban, con ra\u00edces candasinas de la familia pirag\u00fcista de los Prendes, y sus compa\u00f1eras Sof\u00eda Rodr\u00edguez Joglar e Irene L\u00f3pez Garc\u00eda ultiman su trabajo escolar que presentar\u00e1n antes de mediados de Agosto. \u201cEstas j\u00f3venes participar\u00e1n en un concurso internacional sobre \"Patrimonio","canonical_url":"https:\/\/candas365.es\/noticias\/raices-candasinas-en-eustory\/","robots":"max-image-preview:large","keywords":"noticias carre\u00f1o","webmasterTools":{"google-site-verification":"UA-32230408-1","msvalidate.01":"354F3CDFB2DA171B47FBE9ABF1F88D5","miscellaneous":""},"schema":{"@context":"https:\/\/schema.org","@graph":[{"@type":"BreadcrumbList","@id":"https:\/\/candas365.es\/noticias\/raices-candasinas-en-eustory\/#breadcrumblist","itemListElement":[{"@type":"ListItem","@id":"https:\/\/candas365.es\/noticias#listItem","position":1,"name":"Home","item":"https:\/\/candas365.es\/noticias","nextItem":{"@type":"ListItem","@id":"https:\/\/candas365.es\/noticias\/category\/noticias-carreno\/#listItem","name":"Noticias Carre\u00f1o"}},{"@type":"ListItem","@id":"https:\/\/candas365.es\/noticias\/category\/noticias-carreno\/#listItem","position":2,"name":"Noticias Carre\u00f1o","item":"https:\/\/candas365.es\/noticias\/category\/noticias-carreno\/","nextItem":{"@type":"ListItem","@id":"https:\/\/candas365.es\/noticias\/raices-candasinas-en-eustory\/#listItem","name":"Ra\u00edces candasinas en Eustory"},"previousItem":{"@type":"ListItem","@id":"https:\/\/candas365.es\/noticias#listItem","name":"Home"}},{"@type":"ListItem","@id":"https:\/\/candas365.es\/noticias\/raices-candasinas-en-eustory\/#listItem","position":3,"name":"Ra\u00edces candasinas en Eustory","previousItem":{"@type":"ListItem","@id":"https:\/\/candas365.es\/noticias\/category\/noticias-carreno\/#listItem","name":"Noticias Carre\u00f1o"}}]},{"@type":"NewsArticle","@id":"https:\/\/candas365.es\/noticias\/raices-candasinas-en-eustory\/#newsarticle","name":"Ra\u00edces candasinas en Eustory | Cand\u00e1s 365","headline":"Ra\u00edces candasinas en Eustory","author":{"@id":"https:\/\/candas365.es\/noticias\/author\/admin\/#author"},"publisher":{"@id":"https:\/\/candas365.es\/noticias\/#organization"},"image":{"@type":"ImageObject","url":"https:\/\/candas365.es\/noticias\/wp-content\/uploads\/2018\/05\/Alumnas-de-Bachillerato-con-la-Alcaldesa.jpg","width":1280,"height":963},"datePublished":"2018-05-01T17:54:01+02:00","dateModified":"2018-05-01T17:54:01+02:00","inLanguage":"es-ES","mainEntityOfPage":{"@id":"https:\/\/candas365.es\/noticias\/raices-candasinas-en-eustory\/#webpage"},"isPartOf":{"@id":"https:\/\/candas365.es\/noticias\/raices-candasinas-en-eustory\/#webpage"},"articleSection":"Noticias Carre\u00f1o","dateline":"Publicado el mayo 1, 2018."},{"@type":"Organization","@id":"https:\/\/candas365.es\/noticias\/#organization","name":"Cand\u00e1s 365","description":"Cand\u00e1s 365 es un diario digital independiente, fundado en 2012, con base en Asturias. Informamos con rigor sobre actualidad, sociedad, cultura y ocio, con una mirada local y global.","url":"https:\/\/candas365.es\/noticias\/","email":"info@candas365.es","telephone":"+34652131393","foundingDate":"2012-06-10","logo":{"@type":"ImageObject","url":"https:\/\/candas365.es\/noticias\/wp-content\/uploads\/2024\/09\/Candas-365-Redes.jpg","@id":"https:\/\/candas365.es\/noticias\/raices-candasinas-en-eustory\/#organizationLogo","width":1152,"height":864,"caption":"Cand\u00e1s 365 Redes"},"image":{"@id":"https:\/\/candas365.es\/noticias\/raices-candasinas-en-eustory\/#organizationLogo"},"sameAs":["https:\/\/www.facebook.com\/Nachofdezber","https:\/\/x.com\/NabercoDigital","https:\/\/www.instagram.com\/nachofdezber\/","https:\/\/www.youtube.com\/channel\/UCZP-2wLEB9Rv6erhFmqVnvg"],"address":{"@id":"https:\/\/candas365.es\/noticias\/#postaladdress","@type":"PostalAddress","streetAddress":"san antonio 4, san antonio 4","postalCode":"33430","addressLocality":"Cand\u00e1s","addressRegion":"Asturias","addressCountry":"ES"}},{"@type":"Person","@id":"https:\/\/candas365.es\/noticias\/author\/admin\/#author","url":"https:\/\/candas365.es\/noticias\/author\/admin\/","name":"Cand\u00e1s 365","image":{"@type":"ImageObject","@id":"https:\/\/candas365.es\/noticias\/raices-candasinas-en-eustory\/#authorImage","url":"https:\/\/secure.gravatar.com\/avatar\/496a8e03d0c493ede1718b7934145dbdf8d89be1036b0eec9544e1094c9de390?s=96&d=mm&r=g","width":96,"height":96,"caption":"Cand\u00e1s 365"},"sameAs":["https:\/\/www.facebook.com\/carrenoactualidad","https:\/\/twitter.com\/nbasturias","https:\/\/www.instagram.com\/nachofdezber\/","https:\/\/www.youtube.com\/channel\/UCZP-2wLEB9Rv6erhFmqVnvg"]},{"@type":"WebPage","@id":"https:\/\/candas365.es\/noticias\/raices-candasinas-en-eustory\/#webpage","url":"https:\/\/candas365.es\/noticias\/raices-candasinas-en-eustory\/","name":"Ra\u00edces candasinas en Eustory | Cand\u00e1s 365","description":"Tres alumnas de 1\u00ba de Bachillerato del Colegio San Fernando de Avil\u00e9s, Elena Prendes Breban, con ra\u00edces candasinas de la familia pirag\u00fcista de los Prendes, y sus compa\u00f1eras Sof\u00eda Rodr\u00edguez Joglar e Irene L\u00f3pez Garc\u00eda ultiman su trabajo escolar que presentar\u00e1n antes de mediados de Agosto. \u201cEstas j\u00f3venes participar\u00e1n en un concurso internacional sobre \"Patrimonio","inLanguage":"es-ES","isPartOf":{"@id":"https:\/\/candas365.es\/noticias\/#website"},"breadcrumb":{"@id":"https:\/\/candas365.es\/noticias\/raices-candasinas-en-eustory\/#breadcrumblist"},"author":{"@id":"https:\/\/candas365.es\/noticias\/author\/admin\/#author"},"creator":{"@id":"https:\/\/candas365.es\/noticias\/author\/admin\/#author"},"image":{"@type":"ImageObject","url":"https:\/\/candas365.es\/noticias\/wp-content\/uploads\/2018\/05\/Alumnas-de-Bachillerato-con-la-Alcaldesa.jpg","@id":"https:\/\/candas365.es\/noticias\/raices-candasinas-en-eustory\/#mainImage","width":1280,"height":963},"primaryImageOfPage":{"@id":"https:\/\/candas365.es\/noticias\/raices-candasinas-en-eustory\/#mainImage"},"datePublished":"2018-05-01T17:54:01+02:00","dateModified":"2018-05-01T17:54:01+02:00"},{"@type":"WebSite","@id":"https:\/\/candas365.es\/noticias\/#website","url":"https:\/\/candas365.es\/noticias\/","name":"Cand\u00e1s 365","alternateName":"Cand\u00e1s 365 Noticias","description":"Actualidad desde Carre\u00f1o para el mundo","inLanguage":"es-ES","publisher":{"@id":"https:\/\/candas365.es\/noticias\/#organization"}}]},"og:locale":"es_ES","og:site_name":"Cand\u00e1s 365","og:type":"article","og:title":"Ra\u00edces candasinas en Eustory | Cand\u00e1s 365","og:description":"Tres alumnas de 1\u00ba de Bachillerato del Colegio San Fernando de Avil\u00e9s, Elena Prendes Breban, con ra\u00edces candasinas de la familia pirag\u00fcista de los Prendes, y sus compa\u00f1eras Sof\u00eda Rodr\u00edguez Joglar e Irene L\u00f3pez Garc\u00eda ultiman su trabajo escolar que presentar\u00e1n antes de mediados de Agosto. \u201cEstas j\u00f3venes participar\u00e1n en un concurso internacional sobre &quot;Patrimonio","og:url":"https:\/\/candas365.es\/noticias\/raices-candasinas-en-eustory\/","og:image":"https:\/\/candas365.es\/noticias\/wp-content\/uploads\/2018\/05\/Alumnas-de-Bachillerato-con-la-Alcaldesa.jpg","og:image:secure_url":"https:\/\/candas365.es\/noticias\/wp-content\/uploads\/2018\/05\/Alumnas-de-Bachillerato-con-la-Alcaldesa.jpg","og:image:width":1280,"og:image:height":963,"article:published_time":"2018-05-01T17:54:01+00:00","article:modified_time":"2018-05-01T17:54:01+00:00","article:publisher":"https:\/\/www.facebook.com\/Nachofdezber","article:author":"https:\/\/www.facebook.com\/carrenoactualidad","twitter:card":"summary_large_image","twitter:site":"@NabercoDigital","twitter:title":"Ra\u00edces candasinas en Eustory | Cand\u00e1s 365","twitter:description":"Tres alumnas de 1\u00ba de Bachillerato del Colegio San Fernando de Avil\u00e9s, Elena Prendes Breban, con ra\u00edces candasinas de la familia pirag\u00fcista de los Prendes, y sus compa\u00f1eras Sof\u00eda Rodr\u00edguez Joglar e Irene L\u00f3pez Garc\u00eda ultiman su trabajo escolar que presentar\u00e1n antes de mediados de Agosto. \u201cEstas j\u00f3venes participar\u00e1n en un concurso internacional sobre &quot;Patrimonio","twitter:creator":"@nbasturias","twitter:image":"https:\/\/candas365.es\/noticias\/wp-content\/uploads\/2018\/05\/Alumnas-de-Bachillerato-con-la-Alcaldesa.jpg","twitter:label1":"Escrito por","twitter:data1":"Cand\u00e1s 365","twitter:label2":"Tiempo de lectura estimado","twitter:data2":"4 minutos"},"aioseo_meta_data":{"post_id":"95076","title":null,"description":null,"keywords":null,"keyphrases":null,"primary_term":null,"canonical_url":null,"og_title":null,"og_description":null,"og_object_type":"default","og_image_type":"default","og_image_url":null,"og_image_width":null,"og_image_height":null,"og_image_custom_url":null,"og_image_custom_fields":null,"og_video":null,"og_custom_url":null,"og_article_section":null,"og_article_tags":null,"twitter_use_og":false,"twitter_card":"default","twitter_image_type":"default","twitter_image_url":null,"twitter_image_custom_url":null,"twitter_image_custom_fields":null,"twitter_title":null,"twitter_description":null,"schema":{"blockGraphs":[],"customGraphs":[],"default":{"data":{"Article":[],"Course":[],"Dataset":[],"FAQPage":[],"Movie":[],"Person":[],"Product":[],"ProductReview":[],"Car":[],"Recipe":[],"Service":[],"SoftwareApplication":[],"WebPage":[]},"graphName":"","isEnabled":true},"graphs":[],"defaultGraph":"","defaultPostTypeGraph":""},"schema_type":null,"schema_type_options":null,"pillar_content":false,"robots_default":true,"robots_noindex":false,"robots_noarchive":false,"robots_nosnippet":false,"robots_nofollow":false,"robots_noimageindex":false,"robots_noodp":false,"robots_notranslate":false,"robots_max_snippet":null,"robots_max_videopreview":null,"robots_max_imagepreview":"large","priority":null,"frequency":null,"location":null,"local_seo":null,"seo_analyzer_scan_date":"2025-08-26 20:00:09","breadcrumb_settings":null,"limit_modified_date":false,"reviewed_by":null,"open_ai":null,"ai":null,"created":"2020-12-21 11:39:13","updated":"2025-08-26 20:00:09"},"aioseo_breadcrumb":"<div class=\"aioseo-breadcrumbs\"><span class=\"aioseo-breadcrumb\">\n\t<a href=\"https:\/\/candas365.es\/noticias\" title=\"Home\">Home<\/a>\n<\/span><span class=\"aioseo-breadcrumb-separator\">&ndash;<\/span><span class=\"aioseo-breadcrumb\">\n\t<a href=\"https:\/\/candas365.es\/noticias\/category\/noticias-carreno\/\" title=\"Noticias Carre\u00f1o\">Noticias Carre\u00f1o<\/a>\n<\/span><span class=\"aioseo-breadcrumb-separator\">&ndash;<\/span><span class=\"aioseo-breadcrumb\">\n\tRa\u00edces candasinas en Eustory\n<\/span><\/div>","aioseo_breadcrumb_json":[{"label":"Home","link":"https:\/\/candas365.es\/noticias"},{"label":"Noticias Carre\u00f1o","link":"https:\/\/candas365.es\/noticias\/category\/noticias-carreno\/"},{"label":"Ra\u00edces candasinas en Eustory","link":"https:\/\/candas365.es\/noticias\/raices-candasinas-en-eustory\/"}],"_links":{"self":[{"href":"https:\/\/candas365.es\/noticias\/wp-json\/wp\/v2\/posts\/95076","targetHints":{"allow":["GET"]}}],"collection":[{"href":"https:\/\/candas365.es\/noticias\/wp-json\/wp\/v2\/posts"}],"about":[{"href":"https:\/\/candas365.es\/noticias\/wp-json\/wp\/v2\/types\/post"}],"author":[{"embeddable":true,"href":"https:\/\/candas365.es\/noticias\/wp-json\/wp\/v2\/users\/1"}],"replies":[{"embeddable":true,"href":"https:\/\/candas365.es\/noticias\/wp-json\/wp\/v2\/comments?post=95076"}],"version-history":[{"count":0,"href":"https:\/\/candas365.es\/noticias\/wp-json\/wp\/v2\/posts\/95076\/revisions"}],"wp:featuredmedia":[{"embeddable":true,"href":"https:\/\/candas365.es\/noticias\/wp-json\/wp\/v2\/media\/95077"}],"wp:attachment":[{"href":"https:\/\/candas365.es\/noticias\/wp-json\/wp\/v2\/media?parent=95076"}],"wp:term":[{"taxonomy":"category","embeddable":true,"href":"https:\/\/candas365.es\/noticias\/wp-json\/wp\/v2\/categories?post=95076"},{"taxonomy":"post_tag","embeddable":true,"href":"https:\/\/candas365.es\/noticias\/wp-json\/wp\/v2\/tags?post=95076"}],"curies":[{"name":"wp","href":"https:\/\/api.w.org\/{rel}","templated":true}]}}