{"id":95073,"date":"2018-05-01T16:45:02","date_gmt":"2018-05-01T16:45:02","guid":{"rendered":"http:\/\/candas365.es\/noticias\/?p=95073"},"modified":"2018-05-01T16:45:02","modified_gmt":"2018-05-01T16:45:02","slug":"xiii-ronda-por-carreno-jueves-3-de-mayo-en-la-piedra","status":"publish","type":"post","link":"https:\/\/candas365.es\/noticias\/xiii-ronda-por-carreno-jueves-3-de-mayo-en-la-piedra\/","title":{"rendered":"XIII Ronda por Carre\u00f1o: Jueves 3 de mayo en La Piedra"},"content":{"rendered":"<p><img fetchpriority=\"high\" decoding=\"async\" class=\"alignleft size-medium wp-image-95074\" src=\"https:\/\/candas365.es\/noticias\/wp-content\/uploads\/2018\/05\/Les-Ayalgues-360x270.jpg\" alt=\"\" width=\"360\" height=\"270\" srcset=\"https:\/\/candas365.es\/noticias\/wp-content\/uploads\/2018\/05\/Les-Ayalgues-360x270.jpg 360w, https:\/\/candas365.es\/noticias\/wp-content\/uploads\/2018\/05\/Les-Ayalgues-768x576.jpg 768w, https:\/\/candas365.es\/noticias\/wp-content\/uploads\/2018\/05\/Les-Ayalgues-640x480.jpg 640w, https:\/\/candas365.es\/noticias\/wp-content\/uploads\/2018\/05\/Les-Ayalgues-80x60.jpg 80w, https:\/\/candas365.es\/noticias\/wp-content\/uploads\/2018\/05\/Les-Ayalgues-265x198.jpg 265w, https:\/\/candas365.es\/noticias\/wp-content\/uploads\/2018\/05\/Les-Ayalgues-696x522.jpg 696w, https:\/\/candas365.es\/noticias\/wp-content\/uploads\/2018\/05\/Les-Ayalgues-1068x801.jpg 1068w, https:\/\/candas365.es\/noticias\/wp-content\/uploads\/2018\/05\/Les-Ayalgues-560x420.jpg 560w, https:\/\/candas365.es\/noticias\/wp-content\/uploads\/2018\/05\/Les-Ayalgues.jpg 1280w\" sizes=\"(max-width: 360px) 100vw, 360px\" \/>La comunidad Terap\u00e9utica de \u201cProyecto Hombre\u201d situada en el barrio candas\u00edn de La Piedra acoger\u00e1 este jueves 3 de mayo, a las 19:00 horas, la \u00faltima funci\u00f3n de la XIII Ronda por Carre\u00f1o.<\/p>\n<p>Han sido 10 de tardes de teatro en las que 10 Compa\u00f1\u00edas Asturianas, junto con los y las monologuistas y los y las int\u00e9rpretes de la Canci\u00f3n Asturiana han puesto el color, las sonrisas, los aplausos sobre los escenarios de las diferentes parroquias.<\/p>\n<p>Para esa tarde son dos las actuaciones programadas. El Grupo de Teatro \u201cRefaxu\u201d de San Mart\u00edn del Rey Aurelio representar\u00e1 la obra \u201cDivorciu de Grupu\u201d, pero primero \u201cLes Ayalgues\u201d de Carre\u00f1o nos har\u00e1n disfrutar con sus mon\u00f3logos.<\/p>\n<p>El Grupo de Teatro \u201cRefaxu\u201d lleva veintid\u00f3s a\u00f1os por los escenarios de toda Asturias representando obras del Teatro Asturiano Costumbrista y obras medievales basadas en las figura del Rey Aurelio.<\/p>\n<p>Han representado obras de los autores contempor\u00e1neos como Jos\u00e9 Ram\u00f3n Oliva, Cristina Mu\u00f1iz, Xulio Arbes\u00fa,\u2026 pero tambi\u00e9n de los cl\u00e1sicos como Pach\u00edn de Mel\u00e1s, Eladio Verde, Pepe Rivero,\u2026<\/p>\n<p>En la tarde del jueves, representar\u00e1n una obra de Jos\u00e9 Ram\u00f3n Oliva \u201cDivorciu de Grupu\u201d bajo la direcci\u00f3n de Aurora S\u00e1nchez Carri\u00f3. La sinopsis de la misma versa entorno a la aprobaci\u00f3n de la Ley de Divorcio en el a\u00f1o 1981 y en una aldea asturiana, esa Ley revoluciona de tal forma las costumbres del pueblo que las mujeres casadas tienen que ir a la psic\u00f3loga.<\/p>\n<p>Por su parte, \u201cLes Ayalgues\u201d de Carre\u00f1o son un grupo de mujeres del Concejo de Carre\u00f1o que tras participar en un taller de iniciaci\u00f3n al teatro dentro del programa regional \u201cTiempo Propio\u201d, descubrieron su inter\u00e9s por las artes esc\u00e9nicas. Solicitando a la Concejal\u00eda de Igualdad el impulsar una actividad teatral para ellas en el Concejo. As\u00ed comenzaron un taller de teatro con la profesional asturiana Gema de Luis. De ah\u00ed surgi\u00f3 la creaci\u00f3n de su grupo de teatro.<\/p>\n<p>En la actualidad siguen ensayando en la Casa de Encuentro de Cand\u00e1s y est\u00e1n inmersas en la preparaci\u00f3n de una nueva obra teatral \u201cEl secreto de les Mara\u00f1ueles\u201d obra tambi\u00e9n de Jos\u00e9 Ram\u00f3n Oliva que estrenar\u00e1n el pr\u00f3ximo verano en el Sal\u00f3n de Teatro Costumbrista de Cand\u00e1s. En la tarde del s\u00e1bado representar\u00e1n los sketches \u201c Clases de Franc\u00e9s\u201d y \u201cLa Buena Obra\u201d.<\/p>\n","protected":false},"excerpt":{"rendered":"<p>La comunidad Terap\u00e9utica de \u201cProyecto Hombre\u201d situada en el barrio candas\u00edn de La Piedra acoger\u00e1 este jueves 3 de mayo, a las 19:00 horas, la \u00faltima funci\u00f3n de la XIII Ronda por Carre\u00f1o. Han sido 10 de tardes de teatro en las que 10 Compa\u00f1\u00edas Asturianas, junto con los y las monologuistas y los y<\/p>\n","protected":false},"author":1,"featured_media":95074,"comment_status":"closed","ping_status":"closed","sticky":false,"template":"","format":"standard","meta":{"footnotes":""},"categories":[1,2],"tags":[],"class_list":{"0":"post-95073","1":"post","2":"type-post","3":"status-publish","4":"format-standard","5":"has-post-thumbnail","7":"category-agenda","8":"category-noticias-carreno"},"aioseo_notices":[],"aioseo_head":"\n\t\t<!-- All in One SEO Pro 4.9.6.2 - aioseo.com -->\n\t<meta name=\"description\" content=\"La comunidad Terap\u00e9utica de \u201cProyecto Hombre\u201d situada en el barrio candas\u00edn de La Piedra acoger\u00e1 este jueves 3 de mayo, a las 19:00 horas, la \u00faltima funci\u00f3n de la XIII Ronda por Carre\u00f1o. Han sido 10 de tardes de teatro en las que 10 Compa\u00f1\u00edas Asturianas, junto con los y las monologuistas y los y\" \/>\n\t<meta name=\"robots\" content=\"max-image-preview:large\" \/>\n\t<meta name=\"author\" content=\"Cand\u00e1s 365\"\/>\n\t<meta name=\"google-site-verification\" content=\"UA-32230408-1\" \/>\n\t<meta name=\"msvalidate.01\" content=\"354F3CDFB2DA171B47FBE9ABF1F88D5\" \/>\n\t<meta name=\"keywords\" content=\"agenda,noticias carre\u00f1o\" \/>\n\t<link rel=\"canonical\" href=\"https:\/\/candas365.es\/noticias\/xiii-ronda-por-carreno-jueves-3-de-mayo-en-la-piedra\/\" \/>\n\t<meta name=\"generator\" content=\"All in One SEO Pro (AIOSEO) 4.9.6.2\" \/>\n\t\t<meta property=\"og:locale\" content=\"es_ES\" \/>\n\t\t<meta property=\"og:site_name\" content=\"Cand\u00e1s 365\" \/>\n\t\t<meta property=\"og:type\" content=\"article\" \/>\n\t\t<meta property=\"og:title\" content=\"XIII Ronda por Carre\u00f1o: Jueves 3 de mayo en La Piedra | Cand\u00e1s 365\" \/>\n\t\t<meta property=\"og:description\" content=\"La comunidad Terap\u00e9utica de \u201cProyecto Hombre\u201d situada en el barrio candas\u00edn de La Piedra acoger\u00e1 este jueves 3 de mayo, a las 19:00 horas, la \u00faltima funci\u00f3n de la XIII Ronda por Carre\u00f1o. Han sido 10 de tardes de teatro en las que 10 Compa\u00f1\u00edas Asturianas, junto con los y las monologuistas y los y\" \/>\n\t\t<meta property=\"og:url\" content=\"https:\/\/candas365.es\/noticias\/xiii-ronda-por-carreno-jueves-3-de-mayo-en-la-piedra\/\" \/>\n\t\t<meta property=\"og:image\" content=\"https:\/\/candas365.es\/noticias\/wp-content\/uploads\/2018\/05\/Les-Ayalgues.jpg\" \/>\n\t\t<meta property=\"og:image:secure_url\" content=\"https:\/\/candas365.es\/noticias\/wp-content\/uploads\/2018\/05\/Les-Ayalgues.jpg\" \/>\n\t\t<meta property=\"og:image:width\" content=\"1280\" \/>\n\t\t<meta property=\"og:image:height\" content=\"960\" \/>\n\t\t<meta property=\"article:published_time\" content=\"2018-05-01T16:45:02+00:00\" \/>\n\t\t<meta property=\"article:modified_time\" content=\"2018-05-01T16:45:02+00:00\" \/>\n\t\t<meta property=\"article:publisher\" content=\"https:\/\/www.facebook.com\/Nachofdezber\" \/>\n\t\t<meta property=\"article:author\" content=\"https:\/\/www.facebook.com\/carrenoactualidad\" \/>\n\t\t<meta name=\"twitter:card\" content=\"summary_large_image\" \/>\n\t\t<meta name=\"twitter:site\" content=\"@NabercoDigital\" \/>\n\t\t<meta name=\"twitter:title\" content=\"XIII Ronda por Carre\u00f1o: Jueves 3 de mayo en La Piedra | Cand\u00e1s 365\" \/>\n\t\t<meta name=\"twitter:description\" content=\"La comunidad Terap\u00e9utica de \u201cProyecto Hombre\u201d situada en el barrio candas\u00edn de La Piedra acoger\u00e1 este jueves 3 de mayo, a las 19:00 horas, la \u00faltima funci\u00f3n de la XIII Ronda por Carre\u00f1o. Han sido 10 de tardes de teatro en las que 10 Compa\u00f1\u00edas Asturianas, junto con los y las monologuistas y los y\" \/>\n\t\t<meta name=\"twitter:creator\" content=\"@nbasturias\" \/>\n\t\t<meta name=\"twitter:image\" content=\"https:\/\/candas365.es\/noticias\/wp-content\/uploads\/2018\/05\/Les-Ayalgues.jpg\" \/>\n\t\t<meta name=\"twitter:label1\" content=\"Escrito por\" \/>\n\t\t<meta name=\"twitter:data1\" content=\"Cand\u00e1s 365\" \/>\n\t\t<meta name=\"twitter:label2\" content=\"Tiempo de lectura estimado\" \/>\n\t\t<meta name=\"twitter:data2\" content=\"2 minutos\" \/>\n\t\t<script type=\"application\/ld+json\" class=\"aioseo-schema\">\n\t\t\t{\"@context\":\"https:\\\/\\\/schema.org\",\"@graph\":[{\"@type\":\"BreadcrumbList\",\"@id\":\"https:\\\/\\\/candas365.es\\\/noticias\\\/xiii-ronda-por-carreno-jueves-3-de-mayo-en-la-piedra\\\/#breadcrumblist\",\"itemListElement\":[{\"@type\":\"ListItem\",\"@id\":\"https:\\\/\\\/candas365.es\\\/noticias#listItem\",\"position\":1,\"name\":\"Home\",\"item\":\"https:\\\/\\\/candas365.es\\\/noticias\",\"nextItem\":{\"@type\":\"ListItem\",\"@id\":\"https:\\\/\\\/candas365.es\\\/noticias\\\/category\\\/agenda\\\/#listItem\",\"name\":\"Agenda\"}},{\"@type\":\"ListItem\",\"@id\":\"https:\\\/\\\/candas365.es\\\/noticias\\\/category\\\/agenda\\\/#listItem\",\"position\":2,\"name\":\"Agenda\",\"item\":\"https:\\\/\\\/candas365.es\\\/noticias\\\/category\\\/agenda\\\/\",\"nextItem\":{\"@type\":\"ListItem\",\"@id\":\"https:\\\/\\\/candas365.es\\\/noticias\\\/xiii-ronda-por-carreno-jueves-3-de-mayo-en-la-piedra\\\/#listItem\",\"name\":\"XIII Ronda por Carre\\u00f1o: Jueves 3 de mayo en La Piedra\"},\"previousItem\":{\"@type\":\"ListItem\",\"@id\":\"https:\\\/\\\/candas365.es\\\/noticias#listItem\",\"name\":\"Home\"}},{\"@type\":\"ListItem\",\"@id\":\"https:\\\/\\\/candas365.es\\\/noticias\\\/xiii-ronda-por-carreno-jueves-3-de-mayo-en-la-piedra\\\/#listItem\",\"position\":3,\"name\":\"XIII Ronda por Carre\\u00f1o: Jueves 3 de mayo en La Piedra\",\"previousItem\":{\"@type\":\"ListItem\",\"@id\":\"https:\\\/\\\/candas365.es\\\/noticias\\\/category\\\/agenda\\\/#listItem\",\"name\":\"Agenda\"}}]},{\"@type\":\"NewsArticle\",\"@id\":\"https:\\\/\\\/candas365.es\\\/noticias\\\/xiii-ronda-por-carreno-jueves-3-de-mayo-en-la-piedra\\\/#newsarticle\",\"name\":\"XIII Ronda por Carre\\u00f1o: Jueves 3 de mayo en La Piedra | Cand\\u00e1s 365\",\"headline\":\"XIII Ronda por Carre\\u00f1o: Jueves 3 de mayo en La Piedra\",\"author\":{\"@id\":\"https:\\\/\\\/candas365.es\\\/noticias\\\/author\\\/admin\\\/#author\"},\"publisher\":{\"@id\":\"https:\\\/\\\/candas365.es\\\/noticias\\\/#organization\"},\"image\":{\"@type\":\"ImageObject\",\"url\":\"https:\\\/\\\/candas365.es\\\/noticias\\\/wp-content\\\/uploads\\\/2018\\\/05\\\/Les-Ayalgues.jpg\",\"width\":1280,\"height\":960},\"datePublished\":\"2018-05-01T16:45:02+02:00\",\"dateModified\":\"2018-05-01T16:45:02+02:00\",\"inLanguage\":\"es-ES\",\"mainEntityOfPage\":{\"@id\":\"https:\\\/\\\/candas365.es\\\/noticias\\\/xiii-ronda-por-carreno-jueves-3-de-mayo-en-la-piedra\\\/#webpage\"},\"isPartOf\":{\"@id\":\"https:\\\/\\\/candas365.es\\\/noticias\\\/xiii-ronda-por-carreno-jueves-3-de-mayo-en-la-piedra\\\/#webpage\"},\"articleSection\":\"Agenda, Noticias Carre\\u00f1o\",\"dateline\":\"Publicado el mayo 1, 2018.\"},{\"@type\":\"Organization\",\"@id\":\"https:\\\/\\\/candas365.es\\\/noticias\\\/#organization\",\"name\":\"Cand\\u00e1s 365\",\"description\":\"Cand\\u00e1s 365 es un diario digital independiente, fundado en 2012, con base en Asturias. Informamos con rigor sobre actualidad, sociedad, cultura y ocio, con una mirada local y global.\",\"url\":\"https:\\\/\\\/candas365.es\\\/noticias\\\/\",\"email\":\"info@candas365.es\",\"telephone\":\"+34652131393\",\"foundingDate\":\"2012-06-10\",\"logo\":{\"@type\":\"ImageObject\",\"url\":\"https:\\\/\\\/candas365.es\\\/noticias\\\/wp-content\\\/uploads\\\/2024\\\/09\\\/Candas-365-Redes.jpg\",\"@id\":\"https:\\\/\\\/candas365.es\\\/noticias\\\/xiii-ronda-por-carreno-jueves-3-de-mayo-en-la-piedra\\\/#organizationLogo\",\"width\":1152,\"height\":864,\"caption\":\"Cand\\u00e1s 365 Redes\"},\"image\":{\"@id\":\"https:\\\/\\\/candas365.es\\\/noticias\\\/xiii-ronda-por-carreno-jueves-3-de-mayo-en-la-piedra\\\/#organizationLogo\"},\"sameAs\":[\"https:\\\/\\\/www.facebook.com\\\/Nachofdezber\",\"https:\\\/\\\/x.com\\\/NabercoDigital\",\"https:\\\/\\\/www.instagram.com\\\/nachofdezber\\\/\",\"https:\\\/\\\/www.youtube.com\\\/channel\\\/UCZP-2wLEB9Rv6erhFmqVnvg\"],\"address\":{\"@id\":\"https:\\\/\\\/candas365.es\\\/noticias\\\/#postaladdress\",\"@type\":\"PostalAddress\",\"streetAddress\":\"san antonio 4, san antonio 4\",\"postalCode\":\"33430\",\"addressLocality\":\"Cand\\u00e1s\",\"addressRegion\":\"Asturias\",\"addressCountry\":\"ES\"}},{\"@type\":\"Person\",\"@id\":\"https:\\\/\\\/candas365.es\\\/noticias\\\/author\\\/admin\\\/#author\",\"url\":\"https:\\\/\\\/candas365.es\\\/noticias\\\/author\\\/admin\\\/\",\"name\":\"Cand\\u00e1s 365\",\"image\":{\"@type\":\"ImageObject\",\"@id\":\"https:\\\/\\\/candas365.es\\\/noticias\\\/xiii-ronda-por-carreno-jueves-3-de-mayo-en-la-piedra\\\/#authorImage\",\"url\":\"https:\\\/\\\/secure.gravatar.com\\\/avatar\\\/496a8e03d0c493ede1718b7934145dbdf8d89be1036b0eec9544e1094c9de390?s=96&d=mm&r=g\",\"width\":96,\"height\":96,\"caption\":\"Cand\\u00e1s 365\"},\"sameAs\":[\"https:\\\/\\\/www.facebook.com\\\/carrenoactualidad\",\"https:\\\/\\\/twitter.com\\\/nbasturias\",\"https:\\\/\\\/www.instagram.com\\\/nachofdezber\\\/\",\"https:\\\/\\\/www.youtube.com\\\/channel\\\/UCZP-2wLEB9Rv6erhFmqVnvg\"]},{\"@type\":\"WebPage\",\"@id\":\"https:\\\/\\\/candas365.es\\\/noticias\\\/xiii-ronda-por-carreno-jueves-3-de-mayo-en-la-piedra\\\/#webpage\",\"url\":\"https:\\\/\\\/candas365.es\\\/noticias\\\/xiii-ronda-por-carreno-jueves-3-de-mayo-en-la-piedra\\\/\",\"name\":\"XIII Ronda por Carre\\u00f1o: Jueves 3 de mayo en La Piedra | Cand\\u00e1s 365\",\"description\":\"La comunidad Terap\\u00e9utica de \\u201cProyecto Hombre\\u201d situada en el barrio candas\\u00edn de La Piedra acoger\\u00e1 este jueves 3 de mayo, a las 19:00 horas, la \\u00faltima funci\\u00f3n de la XIII Ronda por Carre\\u00f1o. Han sido 10 de tardes de teatro en las que 10 Compa\\u00f1\\u00edas Asturianas, junto con los y las monologuistas y los y\",\"inLanguage\":\"es-ES\",\"isPartOf\":{\"@id\":\"https:\\\/\\\/candas365.es\\\/noticias\\\/#website\"},\"breadcrumb\":{\"@id\":\"https:\\\/\\\/candas365.es\\\/noticias\\\/xiii-ronda-por-carreno-jueves-3-de-mayo-en-la-piedra\\\/#breadcrumblist\"},\"author\":{\"@id\":\"https:\\\/\\\/candas365.es\\\/noticias\\\/author\\\/admin\\\/#author\"},\"creator\":{\"@id\":\"https:\\\/\\\/candas365.es\\\/noticias\\\/author\\\/admin\\\/#author\"},\"image\":{\"@type\":\"ImageObject\",\"url\":\"https:\\\/\\\/candas365.es\\\/noticias\\\/wp-content\\\/uploads\\\/2018\\\/05\\\/Les-Ayalgues.jpg\",\"@id\":\"https:\\\/\\\/candas365.es\\\/noticias\\\/xiii-ronda-por-carreno-jueves-3-de-mayo-en-la-piedra\\\/#mainImage\",\"width\":1280,\"height\":960},\"primaryImageOfPage\":{\"@id\":\"https:\\\/\\\/candas365.es\\\/noticias\\\/xiii-ronda-por-carreno-jueves-3-de-mayo-en-la-piedra\\\/#mainImage\"},\"datePublished\":\"2018-05-01T16:45:02+02:00\",\"dateModified\":\"2018-05-01T16:45:02+02:00\"},{\"@type\":\"WebSite\",\"@id\":\"https:\\\/\\\/candas365.es\\\/noticias\\\/#website\",\"url\":\"https:\\\/\\\/candas365.es\\\/noticias\\\/\",\"name\":\"Cand\\u00e1s 365\",\"alternateName\":\"Cand\\u00e1s 365 Noticias\",\"description\":\"Actualidad desde Carre\\u00f1o para el mundo\",\"inLanguage\":\"es-ES\",\"publisher\":{\"@id\":\"https:\\\/\\\/candas365.es\\\/noticias\\\/#organization\"}}]}\n\t\t<\/script>\n\t\t<!-- All in One SEO Pro -->\r\n\t\t<title>XIII Ronda por Carre\u00f1o: Jueves 3 de mayo en La Piedra | Cand\u00e1s 365<\/title>\n\n","aioseo_head_json":{"title":"XIII Ronda por Carre\u00f1o: Jueves 3 de mayo en La Piedra | Cand\u00e1s 365","description":"La comunidad Terap\u00e9utica de \u201cProyecto Hombre\u201d situada en el barrio candas\u00edn de La Piedra acoger\u00e1 este jueves 3 de mayo, a las 19:00 horas, la \u00faltima funci\u00f3n de la XIII Ronda por Carre\u00f1o. Han sido 10 de tardes de teatro en las que 10 Compa\u00f1\u00edas Asturianas, junto con los y las monologuistas y los y","canonical_url":"https:\/\/candas365.es\/noticias\/xiii-ronda-por-carreno-jueves-3-de-mayo-en-la-piedra\/","robots":"max-image-preview:large","keywords":"agenda,noticias carre\u00f1o","webmasterTools":{"google-site-verification":"UA-32230408-1","msvalidate.01":"354F3CDFB2DA171B47FBE9ABF1F88D5","miscellaneous":""},"schema":{"@context":"https:\/\/schema.org","@graph":[{"@type":"BreadcrumbList","@id":"https:\/\/candas365.es\/noticias\/xiii-ronda-por-carreno-jueves-3-de-mayo-en-la-piedra\/#breadcrumblist","itemListElement":[{"@type":"ListItem","@id":"https:\/\/candas365.es\/noticias#listItem","position":1,"name":"Home","item":"https:\/\/candas365.es\/noticias","nextItem":{"@type":"ListItem","@id":"https:\/\/candas365.es\/noticias\/category\/agenda\/#listItem","name":"Agenda"}},{"@type":"ListItem","@id":"https:\/\/candas365.es\/noticias\/category\/agenda\/#listItem","position":2,"name":"Agenda","item":"https:\/\/candas365.es\/noticias\/category\/agenda\/","nextItem":{"@type":"ListItem","@id":"https:\/\/candas365.es\/noticias\/xiii-ronda-por-carreno-jueves-3-de-mayo-en-la-piedra\/#listItem","name":"XIII Ronda por Carre\u00f1o: Jueves 3 de mayo en La Piedra"},"previousItem":{"@type":"ListItem","@id":"https:\/\/candas365.es\/noticias#listItem","name":"Home"}},{"@type":"ListItem","@id":"https:\/\/candas365.es\/noticias\/xiii-ronda-por-carreno-jueves-3-de-mayo-en-la-piedra\/#listItem","position":3,"name":"XIII Ronda por Carre\u00f1o: Jueves 3 de mayo en La Piedra","previousItem":{"@type":"ListItem","@id":"https:\/\/candas365.es\/noticias\/category\/agenda\/#listItem","name":"Agenda"}}]},{"@type":"NewsArticle","@id":"https:\/\/candas365.es\/noticias\/xiii-ronda-por-carreno-jueves-3-de-mayo-en-la-piedra\/#newsarticle","name":"XIII Ronda por Carre\u00f1o: Jueves 3 de mayo en La Piedra | Cand\u00e1s 365","headline":"XIII Ronda por Carre\u00f1o: Jueves 3 de mayo en La Piedra","author":{"@id":"https:\/\/candas365.es\/noticias\/author\/admin\/#author"},"publisher":{"@id":"https:\/\/candas365.es\/noticias\/#organization"},"image":{"@type":"ImageObject","url":"https:\/\/candas365.es\/noticias\/wp-content\/uploads\/2018\/05\/Les-Ayalgues.jpg","width":1280,"height":960},"datePublished":"2018-05-01T16:45:02+02:00","dateModified":"2018-05-01T16:45:02+02:00","inLanguage":"es-ES","mainEntityOfPage":{"@id":"https:\/\/candas365.es\/noticias\/xiii-ronda-por-carreno-jueves-3-de-mayo-en-la-piedra\/#webpage"},"isPartOf":{"@id":"https:\/\/candas365.es\/noticias\/xiii-ronda-por-carreno-jueves-3-de-mayo-en-la-piedra\/#webpage"},"articleSection":"Agenda, Noticias Carre\u00f1o","dateline":"Publicado el mayo 1, 2018."},{"@type":"Organization","@id":"https:\/\/candas365.es\/noticias\/#organization","name":"Cand\u00e1s 365","description":"Cand\u00e1s 365 es un diario digital independiente, fundado en 2012, con base en Asturias. Informamos con rigor sobre actualidad, sociedad, cultura y ocio, con una mirada local y global.","url":"https:\/\/candas365.es\/noticias\/","email":"info@candas365.es","telephone":"+34652131393","foundingDate":"2012-06-10","logo":{"@type":"ImageObject","url":"https:\/\/candas365.es\/noticias\/wp-content\/uploads\/2024\/09\/Candas-365-Redes.jpg","@id":"https:\/\/candas365.es\/noticias\/xiii-ronda-por-carreno-jueves-3-de-mayo-en-la-piedra\/#organizationLogo","width":1152,"height":864,"caption":"Cand\u00e1s 365 Redes"},"image":{"@id":"https:\/\/candas365.es\/noticias\/xiii-ronda-por-carreno-jueves-3-de-mayo-en-la-piedra\/#organizationLogo"},"sameAs":["https:\/\/www.facebook.com\/Nachofdezber","https:\/\/x.com\/NabercoDigital","https:\/\/www.instagram.com\/nachofdezber\/","https:\/\/www.youtube.com\/channel\/UCZP-2wLEB9Rv6erhFmqVnvg"],"address":{"@id":"https:\/\/candas365.es\/noticias\/#postaladdress","@type":"PostalAddress","streetAddress":"san antonio 4, san antonio 4","postalCode":"33430","addressLocality":"Cand\u00e1s","addressRegion":"Asturias","addressCountry":"ES"}},{"@type":"Person","@id":"https:\/\/candas365.es\/noticias\/author\/admin\/#author","url":"https:\/\/candas365.es\/noticias\/author\/admin\/","name":"Cand\u00e1s 365","image":{"@type":"ImageObject","@id":"https:\/\/candas365.es\/noticias\/xiii-ronda-por-carreno-jueves-3-de-mayo-en-la-piedra\/#authorImage","url":"https:\/\/secure.gravatar.com\/avatar\/496a8e03d0c493ede1718b7934145dbdf8d89be1036b0eec9544e1094c9de390?s=96&d=mm&r=g","width":96,"height":96,"caption":"Cand\u00e1s 365"},"sameAs":["https:\/\/www.facebook.com\/carrenoactualidad","https:\/\/twitter.com\/nbasturias","https:\/\/www.instagram.com\/nachofdezber\/","https:\/\/www.youtube.com\/channel\/UCZP-2wLEB9Rv6erhFmqVnvg"]},{"@type":"WebPage","@id":"https:\/\/candas365.es\/noticias\/xiii-ronda-por-carreno-jueves-3-de-mayo-en-la-piedra\/#webpage","url":"https:\/\/candas365.es\/noticias\/xiii-ronda-por-carreno-jueves-3-de-mayo-en-la-piedra\/","name":"XIII Ronda por Carre\u00f1o: Jueves 3 de mayo en La Piedra | Cand\u00e1s 365","description":"La comunidad Terap\u00e9utica de \u201cProyecto Hombre\u201d situada en el barrio candas\u00edn de La Piedra acoger\u00e1 este jueves 3 de mayo, a las 19:00 horas, la \u00faltima funci\u00f3n de la XIII Ronda por Carre\u00f1o. Han sido 10 de tardes de teatro en las que 10 Compa\u00f1\u00edas Asturianas, junto con los y las monologuistas y los y","inLanguage":"es-ES","isPartOf":{"@id":"https:\/\/candas365.es\/noticias\/#website"},"breadcrumb":{"@id":"https:\/\/candas365.es\/noticias\/xiii-ronda-por-carreno-jueves-3-de-mayo-en-la-piedra\/#breadcrumblist"},"author":{"@id":"https:\/\/candas365.es\/noticias\/author\/admin\/#author"},"creator":{"@id":"https:\/\/candas365.es\/noticias\/author\/admin\/#author"},"image":{"@type":"ImageObject","url":"https:\/\/candas365.es\/noticias\/wp-content\/uploads\/2018\/05\/Les-Ayalgues.jpg","@id":"https:\/\/candas365.es\/noticias\/xiii-ronda-por-carreno-jueves-3-de-mayo-en-la-piedra\/#mainImage","width":1280,"height":960},"primaryImageOfPage":{"@id":"https:\/\/candas365.es\/noticias\/xiii-ronda-por-carreno-jueves-3-de-mayo-en-la-piedra\/#mainImage"},"datePublished":"2018-05-01T16:45:02+02:00","dateModified":"2018-05-01T16:45:02+02:00"},{"@type":"WebSite","@id":"https:\/\/candas365.es\/noticias\/#website","url":"https:\/\/candas365.es\/noticias\/","name":"Cand\u00e1s 365","alternateName":"Cand\u00e1s 365 Noticias","description":"Actualidad desde Carre\u00f1o para el mundo","inLanguage":"es-ES","publisher":{"@id":"https:\/\/candas365.es\/noticias\/#organization"}}]},"og:locale":"es_ES","og:site_name":"Cand\u00e1s 365","og:type":"article","og:title":"XIII Ronda por Carre\u00f1o: Jueves 3 de mayo en La Piedra | Cand\u00e1s 365","og:description":"La comunidad Terap\u00e9utica de \u201cProyecto Hombre\u201d situada en el barrio candas\u00edn de La Piedra acoger\u00e1 este jueves 3 de mayo, a las 19:00 horas, la \u00faltima funci\u00f3n de la XIII Ronda por Carre\u00f1o. Han sido 10 de tardes de teatro en las que 10 Compa\u00f1\u00edas Asturianas, junto con los y las monologuistas y los y","og:url":"https:\/\/candas365.es\/noticias\/xiii-ronda-por-carreno-jueves-3-de-mayo-en-la-piedra\/","og:image":"https:\/\/candas365.es\/noticias\/wp-content\/uploads\/2018\/05\/Les-Ayalgues.jpg","og:image:secure_url":"https:\/\/candas365.es\/noticias\/wp-content\/uploads\/2018\/05\/Les-Ayalgues.jpg","og:image:width":1280,"og:image:height":960,"article:published_time":"2018-05-01T16:45:02+00:00","article:modified_time":"2018-05-01T16:45:02+00:00","article:publisher":"https:\/\/www.facebook.com\/Nachofdezber","article:author":"https:\/\/www.facebook.com\/carrenoactualidad","twitter:card":"summary_large_image","twitter:site":"@NabercoDigital","twitter:title":"XIII Ronda por Carre\u00f1o: Jueves 3 de mayo en La Piedra | Cand\u00e1s 365","twitter:description":"La comunidad Terap\u00e9utica de \u201cProyecto Hombre\u201d situada en el barrio candas\u00edn de La Piedra acoger\u00e1 este jueves 3 de mayo, a las 19:00 horas, la \u00faltima funci\u00f3n de la XIII Ronda por Carre\u00f1o. Han sido 10 de tardes de teatro en las que 10 Compa\u00f1\u00edas Asturianas, junto con los y las monologuistas y los y","twitter:creator":"@nbasturias","twitter:image":"https:\/\/candas365.es\/noticias\/wp-content\/uploads\/2018\/05\/Les-Ayalgues.jpg","twitter:label1":"Escrito por","twitter:data1":"Cand\u00e1s 365","twitter:label2":"Tiempo de lectura estimado","twitter:data2":"2 minutos"},"aioseo_meta_data":{"post_id":"95073","title":null,"description":null,"keywords":null,"keyphrases":null,"primary_term":null,"canonical_url":null,"og_title":null,"og_description":null,"og_object_type":"default","og_image_type":"default","og_image_url":null,"og_image_width":null,"og_image_height":null,"og_image_custom_url":null,"og_image_custom_fields":null,"og_video":null,"og_custom_url":null,"og_article_section":null,"og_article_tags":null,"twitter_use_og":false,"twitter_card":"default","twitter_image_type":"default","twitter_image_url":null,"twitter_image_custom_url":null,"twitter_image_custom_fields":null,"twitter_title":null,"twitter_description":null,"schema":{"blockGraphs":[],"customGraphs":[],"default":{"data":{"Article":[],"Course":[],"Dataset":[],"FAQPage":[],"Movie":[],"Person":[],"Product":[],"ProductReview":[],"Car":[],"Recipe":[],"Service":[],"SoftwareApplication":[],"WebPage":[]},"graphName":"","isEnabled":true},"graphs":[],"defaultGraph":"","defaultPostTypeGraph":""},"schema_type":null,"schema_type_options":null,"pillar_content":false,"robots_default":true,"robots_noindex":false,"robots_noarchive":false,"robots_nosnippet":false,"robots_nofollow":false,"robots_noimageindex":false,"robots_noodp":false,"robots_notranslate":false,"robots_max_snippet":null,"robots_max_videopreview":null,"robots_max_imagepreview":"large","priority":null,"frequency":null,"location":null,"local_seo":null,"seo_analyzer_scan_date":"2025-08-26 20:00:07","breadcrumb_settings":null,"limit_modified_date":false,"reviewed_by":null,"open_ai":null,"ai":null,"created":"2020-12-21 11:39:13","updated":"2025-08-26 20:00:07"},"aioseo_breadcrumb":"<div class=\"aioseo-breadcrumbs\"><span class=\"aioseo-breadcrumb\">\n\t<a href=\"https:\/\/candas365.es\/noticias\" title=\"Home\">Home<\/a>\n<\/span><span class=\"aioseo-breadcrumb-separator\">&ndash;<\/span><span class=\"aioseo-breadcrumb\">\n\t<a href=\"https:\/\/candas365.es\/noticias\/category\/agenda\/\" title=\"Agenda\">Agenda<\/a>\n<\/span><span class=\"aioseo-breadcrumb-separator\">&ndash;<\/span><span class=\"aioseo-breadcrumb\">\n\tXIII Ronda por Carre\u00f1o: Jueves 3 de mayo en La Piedra\n<\/span><\/div>","aioseo_breadcrumb_json":[{"label":"Home","link":"https:\/\/candas365.es\/noticias"},{"label":"Agenda","link":"https:\/\/candas365.es\/noticias\/category\/agenda\/"},{"label":"XIII Ronda por Carre\u00f1o: Jueves 3 de mayo en La Piedra","link":"https:\/\/candas365.es\/noticias\/xiii-ronda-por-carreno-jueves-3-de-mayo-en-la-piedra\/"}],"_links":{"self":[{"href":"https:\/\/candas365.es\/noticias\/wp-json\/wp\/v2\/posts\/95073","targetHints":{"allow":["GET"]}}],"collection":[{"href":"https:\/\/candas365.es\/noticias\/wp-json\/wp\/v2\/posts"}],"about":[{"href":"https:\/\/candas365.es\/noticias\/wp-json\/wp\/v2\/types\/post"}],"author":[{"embeddable":true,"href":"https:\/\/candas365.es\/noticias\/wp-json\/wp\/v2\/users\/1"}],"replies":[{"embeddable":true,"href":"https:\/\/candas365.es\/noticias\/wp-json\/wp\/v2\/comments?post=95073"}],"version-history":[{"count":0,"href":"https:\/\/candas365.es\/noticias\/wp-json\/wp\/v2\/posts\/95073\/revisions"}],"wp:featuredmedia":[{"embeddable":true,"href":"https:\/\/candas365.es\/noticias\/wp-json\/wp\/v2\/media\/95074"}],"wp:attachment":[{"href":"https:\/\/candas365.es\/noticias\/wp-json\/wp\/v2\/media?parent=95073"}],"wp:term":[{"taxonomy":"category","embeddable":true,"href":"https:\/\/candas365.es\/noticias\/wp-json\/wp\/v2\/categories?post=95073"},{"taxonomy":"post_tag","embeddable":true,"href":"https:\/\/candas365.es\/noticias\/wp-json\/wp\/v2\/tags?post=95073"}],"curies":[{"name":"wp","href":"https:\/\/api.w.org\/{rel}","templated":true}]}}